{"id":2350,"date":"2010-04-24T08:49:17","date_gmt":"2010-04-24T07:49:17","guid":{"rendered":"http:\/\/fjala.shkoder.net\/?p=2350"},"modified":"2010-04-24T08:49:17","modified_gmt":"2010-04-24T07:49:17","slug":"perseri-per-intelektualin-deshtak","status":"publish","type":"post","link":"https:\/\/fjala.info\/2009-2015\/perseri-per-intelektualin-deshtak\/","title":{"rendered":"P\u00ebrs\u00ebri p\u00ebr Intelektualin D\u00ebshtak"},"content":{"rendered":"<p><img decoding=\"async\" style=\"margin-left: 10px; margin-right: 10px; border: 0px;\" src=\"http:\/\/www.shkoder.net\/images\/fjala\/bledar_prifti.jpg\" border=\"0\" alt=\"Bledar Prifti\" width=\"150\" align=\"left\" \/><\/p>\n<p><strong>Bledar Prifti<\/strong>, (Gazeta &#8220;Shekulli&#8221;, <em>23.04.2010<\/em>)<\/p>\n<p>A \u00ebsht\u00eb shoq\u00ebria Shqiptare p\u00ebrgjegj\u00ebse p\u00ebr gjendjen n\u00eb t\u00eb cil\u00ebn ajo \u00ebsht\u00eb katandisur prej vitesh, apo mund t&#8217;i dedikojm\u00eb k\u00ebt\u00eb gjendje paaft\u00ebsis\u00eb s\u00eb klas\u00ebs s\u00eb saj intelektuale? A ka, apo ka pasur, shoq\u00ebria Shqiptare nj\u00eb klas\u00eb t\u00eb v\u00ebrtet\u00eb intelektuale q\u00eb t&#8217;i sh\u00ebrbej\u00eb interesave t\u00eb k\u00ebsaj shoq\u00ebrie?<\/p>\n<p>Nuk \u00ebsht\u00eb e leht\u00eb t&#8217;i jap\u00ebsh p\u00ebrgjigje k\u00ebsaj pyetjeje, sepse p\u00ebrgjith\u00ebsimi gjithmon\u00eb mbart me vete rrezikun q\u00eb nj\u00eb rast i vet\u00ebm mund t\u00eb hedh posht\u00eb \u00e7do pretendim. Ndaj, ky shkrim do t\u00eb bazohet n\u00eb nj\u00eb argument probabilistik, ku shanset p\u00ebr t\u00eb mbrojtur nj\u00eb argument jan\u00eb m\u00eb t\u00eb larta. Me pak fjal\u00eb, p\u00ebrgjigjja nuk inkludon \u00e7do intelektual, por nj\u00eb num\u00ebr t\u00eb konsideruesh\u00ebm intelektual\u00ebsh q\u00eb dominojn\u00eb aferat e shoq\u00ebris\u00eb.<\/p>\n<p>Dikush mund t\u00eb tregoj\u00eb nj\u00eb intelektual\u00eb t\u00eb v\u00ebrtet\u00eb, por un\u00eb mund t\u00eb tregoj\u00eb nj\u00eb mori intelektual\u00ebsh fals, t\u00eb cil\u00ebt, fatkeq\u00ebsisht, kondicionojn\u00eb dhe dominojn\u00eb aferat shoq\u00ebrore, ekonomike dhe politike t\u00eb shoq\u00ebris\u00eb. Besoj se intelektual\u00ebt e v\u00ebrtet\u00eb nuk ekzistojn\u00eb ose jan\u00eb &#8220;specie&#8221; n\u00eb zhdukje e sip\u00ebr; ata ose jan\u00eb t\u00eb izoluar n\u00eb aktivitetin e tyre, ose n\u00eb rastin m\u00eb t\u00eb keq, jan\u00eb asgj\u00ebsuar nga regjimet dhe pushtetet.<\/p>\n<p>Nuk flas k\u00ebtu p\u00ebr intelektual\u00eb q\u00eb flasin, lexojn\u00eb, dhe shkruajn\u00eb p\u00ebr t\u00eb justifikuar t\u00eb qenit intelektual, por p\u00ebr ata intelektual\u00eb q\u00eb kan\u00eb ndikim direkt n\u00eb aferat sociale dhe politike t\u00eb vendit.<\/p>\n<p>Dikush mund t\u00eb argumentoj\u00eb dhe pretendoj\u00eb se intelektual\u00ebt nuk jan\u00eb gj\u00eb tjet\u00ebr, por ve\u00e7 pjella t\u00eb shoq\u00ebris\u00eb son\u00eb dhe ndaj problemin duhet ta shohim tek shoq\u00ebria dhe jo tek klasa intelektuale. K\u00ebtu futet edhe argumenti q\u00eb gjendja politike e nj\u00eb shoq\u00ebrie, apo sistemi saj politik, pasqyron shp\u00ebrndarjen autoritative t\u00eb vlerave t\u00eb nj\u00eb shoq\u00ebrie.<\/p>\n<p>Dhe kjo mund t\u00eb jet\u00eb arsyeja primare se p\u00ebrse n\u00eb shoq\u00ebri t\u00eb ndryshme n\u00eb mund t\u00eb gjejm\u00eb sisteme t\u00eb ndryshme politike. P.sh., kjo tregon se p\u00ebrse politika n\u00eb vendet e Europ\u00ebs Lindore ka tendenca p\u00ebr t\u00eb qen\u00eb komuniste dhe totalitariste, kurse ajo n\u00eb vendet e Europ\u00ebs Per\u00ebndimore ka tendenca demokratike dhe gjith\u00ebp\u00ebrfshir\u00ebse, apo p\u00ebrse \u00ebsht\u00eb e v\u00ebshtir\u00eb t\u00eb promovosh demokraci n\u00eb Lindjen e Mesme dhe Amerik\u00ebn Latine n\u00eb nj\u00eb koh\u00eb kur ajo \u00ebsht\u00eb shum\u00eb e thjesht\u00eb t\u00eb promovohet n\u00eb Amerik\u00eb dhe Kanada.<\/p>\n<p>Ndaj, mund t\u00eb themi se kur nj\u00eb shoq\u00ebrie i mungon potenciali p\u00ebr t\u00eb prodhuar nj\u00eb klas\u00eb t\u00eb mir\u00ebfillt\u00eb intelektual\u00ebsh dhe drejtuesish, at\u00ebher\u00eb kjo shoq\u00ebri \u00ebsht\u00eb e destinuar t\u00eb jet\u00eb n\u00eb gjendje t\u00eb p\u00ebrhershme anomalie, krize, \u00e7ekuilibrimi, dhe regresi social dhe politik.<\/p>\n<p>Dikush tjet\u00ebr mund t\u00eb argumentoj dhe pretendoj se klasa intelektuale \u00ebsht\u00eb truri i nj\u00eb shoq\u00ebrie q\u00eb b\u00ebn t\u00eb mundur drejtimin, mobilizimin, dhe evoluimin e nj\u00eb shoq\u00ebrie, dhe ndaj kjo klas\u00eb \u00ebsht\u00eb p\u00ebrgjegj\u00ebse p\u00ebr gjendjen n\u00eb t\u00eb cil\u00ebn ndodhet shoq\u00ebria. Sa m\u00eb i mpreht\u00eb, i sh\u00ebndetsh\u00ebm, dhe funksional t\u00eb jet\u00eb ky tru aq edhe m\u00eb e konsoliduar, e fuqishme, dhe e p\u00ebrparuar \u00ebsht\u00eb ajo shoq\u00ebri t\u00eb cil\u00ebs ai tru i p\u00ebrket.<\/p>\n<p>Ky argument bazohet n\u00eb pretendimin q\u00eb klasa intelektuale g\u00ebzon kredibilitet dhe posedon potencialin p\u00ebr t\u00eb manipuluar dhe drejtuar shoq\u00ebrin\u00eb. K\u00ebt\u00eb argument e gjejm\u00eb t\u00eb mish\u00ebruar edhe tek teoria e &#8220;ligjit t\u00eb hekurt t\u00eb oligarkis\u00eb&#8221;, e cila thekson se nevoja teknike p\u00ebr lidership, aft\u00ebsia e lider\u00ebve p\u00ebr tu organizuar dhe konsoliduar interesat e tyre, adhurimi q\u00eb populli ka p\u00ebr k\u00ebta lider\u00eb, ngurt\u00ebsia, pasiviteti, dhe paaft\u00ebsia e masave p\u00ebr tu organizuar, gjithmon\u00eb do t\u00eb b\u00ebjn\u00eb t\u00eb mundur q\u00eb t\u00eb gjitha format e organizimit, qofshin demokratike apo autokratike, t\u00eb shnd\u00ebrrohen n\u00eb oligarki.<\/p>\n<p>Kjo oligarki nuk \u00ebsht\u00eb gj\u00eb tjet\u00ebr, por pjesa m\u00eb dominuese e klas\u00ebs intelektuale, apo e quajtur ndryshe &#8220;inteligjencia&#8221; apo klasa politike.<\/p>\n<p>Ndaj, p\u00ebrs\u00ebri mund t\u00eb shprehemi se kur nj\u00eb shoq\u00ebrie i mungon nj\u00eb klas\u00eb e mir\u00ebfillt\u00eb intelektual\u00ebsh, at\u00ebher\u00eb ajo shoq\u00ebri \u00ebsht\u00eb e destinuar t\u00eb jet\u00eb n\u00eb gjendje t\u00eb p\u00ebrhershme anomalie, krize, \u00e7ekuilibrimi, dhe regresi social dhe politik.<\/p>\n<p>Kjo gjendje kurrsesi nuk do t\u00eb thot\u00eb munges\u00eb oligarkie, &#8220;inteligjencie&#8221;, apo klase politike; ajo do t\u00eb thot\u00eb (mos)p\u00ebrfaq\u00ebsim t\u00eb interesave t\u00eb nj\u00eb shoq\u00ebrie, dhe udh\u00ebheqje t\u00eb k\u00ebsaj t\u00eb fundit, nga pseudo-intelektual\u00eb dhe nj\u00eb klas\u00eb politike antidemokratike.<\/p>\n<p>Le t\u00eb shkojm\u00eb pas n\u00eb historin\u00eb e shtetit Shqiptar\u00eb dhe t\u00eb shikojm\u00eb n\u00eb m\u00ebnyr\u00eb sip\u00ebrfaq\u00ebsore gjendjen dhe karakteristikat e elit\u00ebs intelektuale.<\/p>\n<p>Si fillim, dy dekadat q\u00eb pasuan pavar\u00ebsin\u00eb komb\u00ebtare tregojn\u00eb se vendi yn\u00eb nuk ka pasur nj\u00eb klas\u00eb t\u00eb mir\u00ebfillt\u00eb dhe t\u00eb konsoliduar intelektual\u00ebsh, por nj\u00eb ndarje t\u00eb tyre n\u00eb dy apo m\u00eb shum\u00eb kampe armiq\u00ebsore dhe vendosje t\u00eb tyre n\u00eb sh\u00ebrbim t\u00eb pushtetit t\u00eb t\u00eb gjitha sojeve dhe flamur\u00ebsh.<\/p>\n<p>Fatkeq\u00ebsia m\u00eb e madhe ka qen\u00eb se nga k\u00ebto p\u00ebrplasje kan\u00eb dal\u00eb fitimtar\u00eb pseudo-intelektual\u00ebt, autokrat\u00eb dhe sharlatan\u00eb t\u00eb tipit haxhiqamilist, t\u00eb cil\u00ebt shkat\u00ebrruan dhe internuan intelektual\u00ebt e v\u00ebrtet\u00eb Shqiptar\u00eb.<\/p>\n<p>Dekada tjet\u00ebr q\u00eb inkludon koh\u00ebn e fillimit dhe t\u00eb mbarimit t\u00eb pushtimit fashist, na paraqet t\u00eb nj\u00ebjt\u00ebn panoram\u00eb; p\u00ebrplasje dhe luft\u00eb t\u00eb p\u00ebrgjakshme midis klas\u00ebs intelektuale t\u00eb vendit p\u00ebr t\u00eb marr\u00eb dhe mbajtur pushtetin shum\u00ebngjyr\u00ebsh. Dhe p\u00ebrs\u00ebri fitimtar\u00eb nuk ishin ata intelektual\u00eb me m\u00ebndje t\u00eb ndritur dhe ide t\u00eb d\u00eblira, por ata pseudo-intelektual\u00eb sa finok\u00eb dhe sharlatan\u00eb aq edhe mizor\u00eb dhe diktatorial.<\/p>\n<p>N\u00eb vazhdim, dekadat q\u00eb do t\u00eb pasonin \u00e7lirimin fashist t\u00eb vendit do t\u00eb na paraqisnin nj\u00eb panoram\u00eb edhe m\u00eb t\u00eb zymt\u00eb dhe t\u00eb diabolizuar t\u00eb intelektualit Shqiptar\u00eb. P\u00ebrs\u00ebri kishte triumfuar ajo q\u00eb Lenini e quante &#8220;inteligjencia&#8221;, ajo klas\u00eb intelektual\u00ebsh e vendosur n\u00eb sh\u00ebrbim t\u00eb pushtetit diktatorial dhe q\u00eb do t\u00eb udh\u00ebhiqte proletariatin Shqiptar\u00eb &#8220;nga fitorja n\u00eb fitore&#8221;.<\/p>\n<p>Nuk mund t\u00eb injorohet fakti se gjat\u00eb k\u00ebsaj kohe, intelektual\u00ebt e v\u00ebrtet u eliminuan, internuan, apo u izoluan n\u00eb m\u00ebnyra hermetike. Inteligjencia, apo (pseudo)intelektuali Shqiptar, ishte n\u00eb krye t\u00eb partis\u00eb duke i dh\u00ebn\u00eb jet\u00eb dita dit\u00ebs, p\u00ebr m\u00eb shum\u00eb se 45 vjet, sistemit t\u00eb eg\u00ebr komunist. Asnj\u00eb sistem nuk mund t\u00eb jetonte kaq gjat\u00eb pa mb\u00ebshtetjen e &#8220;inteligjenc\u00ebs&#8221; dhe pasivitetin (dhe mb\u00ebshtetjen) e mbar\u00eb shoq\u00ebris\u00eb.<\/p>\n<p>T\u00eb vetmit antikomunist mund t\u00eb quhen ata q\u00eb pat\u00ebn kuraj\u00ebn t\u00eb p\u00ebrballeshin m\u00eb komunizmin. T\u00eb gjith\u00eb t\u00eb tjer\u00ebt, n\u00eb ve\u00e7anti intelektual\u00ebt e at\u00ebhersh\u00ebm, sot i detyrohen nj\u00eb apologji t\u00eb madhe t\u00eb gjith\u00eb t\u00eb persekutuarve politik p\u00ebr ato duartrokitje (dhe mb\u00ebshtetje direkte apo indirekte) q\u00eb i jepnin &#8220;partis\u00eb dhe shokut Enver&#8221;.<\/p>\n<p>Dhe ja ku vijm\u00eb tek dy dekadat post-komuniste. Intelektuali Shqiptar\u00eb p\u00ebrs\u00ebri n\u00eb ball\u00eb t\u00eb shoq\u00ebris\u00eb p\u00ebr ta drejtuar at\u00eb &#8220;nga fitorja n\u00eb fitore&#8221;. Por p\u00ebr k\u00eb t\u00eb flas m\u00eb par\u00eb, p\u00ebr intelektual\u00ebt n\u00eb politik, at\u00eb n\u00eb administrat\u00eb, apo at\u00eb n\u00eb shoq\u00ebri, q\u00eb n\u00eb pjes\u00eb dominuese i p\u00ebrulen dhe i sh\u00ebrbejn\u00eb pushtetit si q\u00ebmoti?<\/p>\n<p>T\u00eb flas p\u00ebr deputet\u00ebt dhe kryetar\u00ebt q\u00eb nuk din\u00eb t\u00eb lexojn\u00eb e flasin por q\u00eb din\u00eb mir\u00eb t\u00eb num\u00ebrojn\u00eb parat\u00eb e korrupsionit, p\u00ebr ata drejtor\u00eb dhe shefa q\u00eb pun\u00ebsojn\u00eb n\u00eb k\u00ebmbim t\u00eb zarfit me para, p\u00ebr ata profesor-doktor\u00eb q\u00eb marrin leket n\u00eb zarf nga student\u00ebt dhe kopjojn\u00eb pun\u00ebt e t\u00eb tjer\u00ebve, p\u00ebr ata doktor\u00eb q\u00eb t\u00eb shikojn\u00eb nga duart, p\u00ebr ata historian\u00eb me shum\u00eb histori, p\u00ebr ata m\u00ebsues q\u00eb nuk t\u00eb m\u00ebsojn\u00eb, p\u00ebr ata shefa dhe polica q\u00eb m\u00eb shum\u00eb thyejn\u00eb sesa zbatojn\u00eb ligjin, p\u00ebr ata studiues pa studime, apo p\u00ebr t\u00eb gjith\u00eb ata intelektual\u00eb q\u00eb dalin e krekosen n\u00ebp\u00ebr ekranet e televizioneve dhe n\u00eb jet\u00ebn publike, por q\u00eb nga ana tjet\u00ebr gjithmon\u00eb gjen dik\u00eb q\u00eb tregon me gisht se i ka bler\u00eb k\u00ebta intelektual\u00eb duke u dh\u00ebn\u00eb zarfin me paret e korrupsionit?<\/p>\n<p>Por pjesa m\u00eb impresionuese jan\u00eb ata intelektual\u00eb q\u00eb b\u00ebjn\u00eb analiz\u00ebn e politik\u00ebs Shqiptare. Arsyeja q\u00eb i ndaj analist\u00ebt politik nga t\u00eb tjer\u00ebt, nuk \u00ebsht\u00eb se jan\u00eb m\u00eb t\u00eb mir\u00eb apo m\u00eb t\u00eb k\u00ebqij nga intelektual\u00ebt e tjer\u00eb, por, sepse ata jan\u00eb nj\u00eb konglomerat intelektual\u00ebsh t\u00eb t\u00eb gjitha fushave t\u00eb jet\u00ebs q\u00eb kan\u00eb influenc\u00eb direkte mbi politik\u00ebn Shqiptare.<\/p>\n<p>Analisti politik mund t\u00eb jet\u00eb si inxhinier ashtu edhe gazetar\u00eb ose si biznesmen ashtu edhe politolog\u00eb. N\u00eb fund, t\u00eb gjith\u00eb do t\u00eb jen\u00eb duke dh\u00ebn\u00eb &#8220;leksione&#8221; politike mbi demokracin\u00eb dhe mir\u00ebqeverisjen.<\/p>\n<p>Por, duhet pasur parasysh se edhe t\u00eb qenit politolog\u00eb apo njoh\u00ebs i politik\u00ebs nuk e b\u00ebn dik\u00eb domosdoshm\u00ebrisht nj\u00eb analist t\u00eb v\u00ebrtet politik. N\u00eb media kemi par\u00eb politolog\u00eb dhe pedagog\u00eb t\u00eb shkencave politike (madje edhe drejtues t\u00eb institucioneve t\u00eb arsimit) t\u00eb cil\u00ebt, n\u00eb kohezion, b\u00ebjn\u00eb analiza politike absurde, duke injoruar problemet reale edhe principet m\u00eb baz\u00eb t\u00eb demokracis\u00eb dhe shtetit ligjor.<\/p>\n<p>P\u00ebr sa i p\u00ebrket situat\u00ebs aktuale t\u00eb politik\u00ebs, shum\u00eb nga k\u00ebta politolog\u00eb dhe analist\u00eb nuk shqet\u00ebsohen p\u00ebr vjedhjen dhe manipulimin e vot\u00ebs s\u00eb lir\u00eb dhe drejtimin autoritar t\u00eb pushtetit nga ana e Sali Berish\u00ebs, por fillojn\u00eb ligj\u00ebrojn\u00eb p\u00ebr m\u00ebnyr\u00ebn e drejtimit t\u00eb opozit\u00ebs nga Edi Rama. K\u00ebta analist\u00eb dhe politolog\u00eb nuk shikojn\u00eb nga drejt\u00ebsia dhe demokracia, por nga hakmarrja dhe autokracia.<\/p>\n<p>K\u00ebta analist\u00eb nuk shqet\u00ebsohen p\u00ebr b\u00ebrjen e transparenc\u00ebs s\u00eb zgjedhjeve dhe fenomenin &#8220;Ruzhdije&#8221; t\u00eb demokracis\u00eb Shqiptare, por si grat\u00eb e liga shkojn\u00eb nga nj\u00eb televizion n\u00eb tjetrin dhe nga nj\u00eb gazet\u00eb n\u00eb tjetr\u00ebn p\u00ebr t\u00eb rr\u00ebfyer fjal\u00ebt e filxhanit t\u00eb kafes\u00eb apo profecit\u00eb e tyre Nostradamusiane n\u00eb lidhje me hipotezat se si do t\u00eb sillej Rama nes\u00ebr si kryeminist\u00ebr.<\/p>\n<p>Po k\u00ebta politolog\u00eb e analist\u00eb nuk flasin p\u00ebr zgjidhjen e kriz\u00ebs ekonomike dhe politike t\u00eb Shqiptar\u00ebve, por merren me hallet e hamenduara partiake dhe familjare t\u00eb Ram\u00ebs.<\/p>\n<p>Dhe p\u00ebrfundimi \u00ebsht\u00eb krijimi dhe gjenerimi i nj\u00eb shteti diktatorial dhe autoritar, ku shtetit uzurpohet nga pushteti q\u00eb se ka p\u00ebr gj\u00eb t\u00eb shes\u00eb sovranitetin dhe uj\u00ebrat territoriale komb\u00ebtare p\u00ebr interesa t\u00eb pushtetit, ku popullit i tjet\u00ebrsohet vullneti, i mohohet transparenca e vullnetit t\u00eb tij, i vidhet buka, i vidhet toka, i prishet sht\u00ebpia, i merret jeta dhe katandia, ku njer\u00ebzia m\u00ebrm\u00ebrit dhe nuk guxon t\u00eb shaj\u00eb mbretin Berish\u00eb nga frika e nd\u00ebshkimit, ku opozita dhe mb\u00ebshtet\u00ebsit e saj persekutohen dhe u mohohet e drejta kushtetuese e transparenc\u00ebs, ku opozita &#8220;de facto&#8221; privohet e drejta p\u00ebr t\u00eb folur n\u00eb parlament, ku p\u00ebrfaq\u00ebsuesit t\u00eb popullit i mbyllet goja si n\u00eb koh\u00ebn e komunizmit, ku t\u00eb marr\u00ebsh nj\u00eb pun\u00eb n\u00eb administrat\u00eb duhet t\u00eb jesh an\u00ebtar i partis\u00eb Berishiste, ku teknokrati nuk i betohet shtetit, por Berish\u00ebs, ku t\u00eb hap\u00ebsh biznes duhet t\u00eb jesh i lidhur dhe t&#8217;i sh\u00ebrbesh familjes s\u00eb pushtetit, ku t\u00eb rinjt\u00eb dhe t\u00eb rejat t\u00eb dal\u00eb nga bankat e shkoll\u00ebs nuk mund t\u00eb fillojn\u00eb nj\u00eb karrier\u00eb po nuk u an\u00ebtar\u00ebsuan n\u00eb familjen neofashiste ata ose familjar\u00ebt e tyre, dhe ku e ardhmja nuk premton asgj\u00eb tjet\u00ebr, por ve\u00e7 nj\u00eb t\u00eb shkuar t\u00eb zez\u00eb.<\/p>\n<p>Dhe brenda k\u00ebsaj vorbulle t\u00eb frikshme gjenden t\u00eb p\u00ebrfshir\u00eb mij\u00ebra e mij\u00ebra (pseudo)intelektual\u00eb. Aty jan\u00eb politikan\u00ebt, deputet\u00ebt, drejtor\u00ebt, shefat, analist\u00ebt, politolog\u00ebt, media, biznesmen\u00ebt, administrator\u00ebt, zyrtar\u00ebt, teknokrat\u00ebt, doktor\u00ebt, shkenc\u00ebtar\u00ebt, studiuesit, oficer\u00ebt, m\u00ebsuesit, bile edhe historian\u00ebt. Gjenden aty p\u00ebr t\u00eb vazhduar ritualet e tyre n\u00eb sh\u00ebrbim t\u00eb pushtetit (jo shtetit) ashtu si q\u00ebmoti.<\/p>\n<p>Ashtu si brezat e tyre paraardh\u00ebs, k\u00ebta intelektual\u00eb kontribuojn\u00eb n\u00eb mbajtjen e k\u00ebsaj shoq\u00ebrie n\u00eb kriz\u00eb dhe regres social dhe politik t\u00eb vazhduesh\u00ebm. Kjo kriz\u00eb dhe ky regres social, ekonomik dhe politik v\u00ebrteton d\u00ebshtimin e radh\u00ebs s\u00eb intelektualit shqiptar p\u00ebr t\u00eb mbrojtur dhe t&#8217;i sh\u00ebrbyer interesave t\u00eb shoq\u00ebris\u00eb shqiptare.<\/p>\n","protected":false},"excerpt":{"rendered":"<p>Bledar Prifti, (Gazeta &#8220;Shekulli&#8221;, 23.04.2010) A \u00ebsht\u00eb shoq\u00ebria Shqiptare p\u00ebrgjegj\u00ebse p\u00ebr gjendjen n\u00eb t\u00eb cil\u00ebn ajo \u00ebsht\u00eb katandisur prej vitesh, apo mund t&#8217;i dedikojm\u00eb k\u00ebt\u00eb gjendje paaft\u00ebsis\u00eb s\u00eb klas\u00ebs s\u00eb saj intelektuale? A ka, apo ka pasur, shoq\u00ebria Shqiptare nj\u00eb klas\u00eb t\u00eb v\u00ebrtet\u00eb intelektuale q\u00eb t&#8217;i sh\u00ebrbej\u00eb interesave t\u00eb k\u00ebsaj shoq\u00ebrie? Nuk \u00ebsht\u00eb e leht\u00eb [&hellip;]<\/p>\n","protected":false},"author":1,"featured_media":0,"comment_status":"open","ping_status":"closed","sticky":false,"template":"","format":"standard","meta":{"footnotes":""},"categories":[2],"tags":[],"class_list":{"0":"post-2350","1":"post","2":"type-post","3":"status-publish","4":"format-standard","6":"category-artikuj"},"yoast_head":"<!-- This site is optimized with the Yoast SEO plugin v27.4 - https:\/\/yoast.com\/product\/yoast-seo-wordpress\/ -->\n<title>P\u00ebrs\u00ebri p\u00ebr Intelektualin D\u00ebshtak - FjALA e LIR\u00cb - Arkivi<\/title>\n<meta name=\"robots\" content=\"index, follow, max-snippet:-1, max-image-preview:large, max-video-preview:-1\" \/>\n<link rel=\"canonical\" href=\"https:\/\/fjala.info\/2009-2015\/perseri-per-intelektualin-deshtak\/\" \/>\n<meta property=\"og:locale\" content=\"sq_AL\" \/>\n<meta property=\"og:type\" content=\"article\" \/>\n<meta property=\"og:title\" content=\"P\u00ebrs\u00ebri p\u00ebr Intelektualin D\u00ebshtak - FjALA e LIR\u00cb - Arkivi\" \/>\n<meta property=\"og:description\" content=\"Bledar Prifti, (Gazeta &#8220;Shekulli&#8221;, 23.04.2010) A \u00ebsht\u00eb shoq\u00ebria Shqiptare p\u00ebrgjegj\u00ebse p\u00ebr gjendjen n\u00eb t\u00eb cil\u00ebn ajo \u00ebsht\u00eb katandisur prej vitesh, apo mund t&#8217;i dedikojm\u00eb k\u00ebt\u00eb gjendje paaft\u00ebsis\u00eb s\u00eb klas\u00ebs s\u00eb saj intelektuale? A ka, apo ka pasur, shoq\u00ebria Shqiptare nj\u00eb klas\u00eb t\u00eb v\u00ebrtet\u00eb intelektuale q\u00eb t&#8217;i sh\u00ebrbej\u00eb interesave t\u00eb k\u00ebsaj shoq\u00ebrie? Nuk \u00ebsht\u00eb e leht\u00eb [&hellip;]\" \/>\n<meta property=\"og:url\" content=\"https:\/\/fjala.info\/2009-2015\/perseri-per-intelektualin-deshtak\/\" \/>\n<meta property=\"og:site_name\" content=\"FjALA e LIR\u00cb - Arkivi\" \/>\n<meta property=\"article:published_time\" content=\"2010-04-24T07:49:17+00:00\" \/>\n<meta property=\"og:image\" content=\"http:\/\/www.shkoder.net\/images\/fjala\/bledar_prifti.jpg\" \/>\n<meta name=\"author\" content=\"admin\" \/>\n<meta name=\"twitter:card\" content=\"summary_large_image\" \/>\n<meta name=\"twitter:label1\" content=\"Written by\" \/>\n\t<meta name=\"twitter:data1\" content=\"admin\" \/>\n\t<meta name=\"twitter:label2\" content=\"Est. reading time\" \/>\n\t<meta name=\"twitter:data2\" content=\"10 minutes\" \/>\n<script type=\"application\/ld+json\" class=\"yoast-schema-graph\">{\"@context\":\"https:\\\/\\\/schema.org\",\"@graph\":[{\"@type\":\"Article\",\"@id\":\"https:\\\/\\\/fjala.info\\\/2009-2015\\\/perseri-per-intelektualin-deshtak\\\/#article\",\"isPartOf\":{\"@id\":\"https:\\\/\\\/fjala.info\\\/2009-2015\\\/perseri-per-intelektualin-deshtak\\\/\"},\"author\":{\"name\":\"admin\",\"@id\":\"https:\\\/\\\/fjala.info\\\/2009-2015\\\/#\\\/schema\\\/person\\\/3aa1163ef05469c496fc94e77611ada2\"},\"headline\":\"P\u00ebrs\u00ebri p\u00ebr Intelektualin D\u00ebshtak\",\"datePublished\":\"2010-04-24T07:49:17+00:00\",\"mainEntityOfPage\":{\"@id\":\"https:\\\/\\\/fjala.info\\\/2009-2015\\\/perseri-per-intelektualin-deshtak\\\/\"},\"wordCount\":2087,\"commentCount\":3,\"publisher\":{\"@id\":\"https:\\\/\\\/fjala.info\\\/2009-2015\\\/#organization\"},\"image\":{\"@id\":\"https:\\\/\\\/fjala.info\\\/2009-2015\\\/perseri-per-intelektualin-deshtak\\\/#primaryimage\"},\"thumbnailUrl\":\"http:\\\/\\\/www.shkoder.net\\\/images\\\/fjala\\\/bledar_prifti.jpg\",\"articleSection\":[\"Artikuj\"],\"inLanguage\":\"sq-AL\",\"potentialAction\":[{\"@type\":\"CommentAction\",\"name\":\"Comment\",\"target\":[\"https:\\\/\\\/fjala.info\\\/2009-2015\\\/perseri-per-intelektualin-deshtak\\\/#respond\"]}]},{\"@type\":\"WebPage\",\"@id\":\"https:\\\/\\\/fjala.info\\\/2009-2015\\\/perseri-per-intelektualin-deshtak\\\/\",\"url\":\"https:\\\/\\\/fjala.info\\\/2009-2015\\\/perseri-per-intelektualin-deshtak\\\/\",\"name\":\"P\u00ebrs\u00ebri p\u00ebr Intelektualin D\u00ebshtak - FjALA e LIR\u00cb - Arkivi\",\"isPartOf\":{\"@id\":\"https:\\\/\\\/fjala.info\\\/2009-2015\\\/#website\"},\"primaryImageOfPage\":{\"@id\":\"https:\\\/\\\/fjala.info\\\/2009-2015\\\/perseri-per-intelektualin-deshtak\\\/#primaryimage\"},\"image\":{\"@id\":\"https:\\\/\\\/fjala.info\\\/2009-2015\\\/perseri-per-intelektualin-deshtak\\\/#primaryimage\"},\"thumbnailUrl\":\"http:\\\/\\\/www.shkoder.net\\\/images\\\/fjala\\\/bledar_prifti.jpg\",\"datePublished\":\"2010-04-24T07:49:17+00:00\",\"breadcrumb\":{\"@id\":\"https:\\\/\\\/fjala.info\\\/2009-2015\\\/perseri-per-intelektualin-deshtak\\\/#breadcrumb\"},\"inLanguage\":\"sq-AL\",\"potentialAction\":[{\"@type\":\"ReadAction\",\"target\":[\"https:\\\/\\\/fjala.info\\\/2009-2015\\\/perseri-per-intelektualin-deshtak\\\/\"]}]},{\"@type\":\"ImageObject\",\"inLanguage\":\"sq-AL\",\"@id\":\"https:\\\/\\\/fjala.info\\\/2009-2015\\\/perseri-per-intelektualin-deshtak\\\/#primaryimage\",\"url\":\"http:\\\/\\\/www.shkoder.net\\\/images\\\/fjala\\\/bledar_prifti.jpg\",\"contentUrl\":\"http:\\\/\\\/www.shkoder.net\\\/images\\\/fjala\\\/bledar_prifti.jpg\"},{\"@type\":\"BreadcrumbList\",\"@id\":\"https:\\\/\\\/fjala.info\\\/2009-2015\\\/perseri-per-intelektualin-deshtak\\\/#breadcrumb\",\"itemListElement\":[{\"@type\":\"ListItem\",\"position\":1,\"name\":\"Home\",\"item\":\"https:\\\/\\\/fjala.info\\\/2009-2015\\\/\"},{\"@type\":\"ListItem\",\"position\":2,\"name\":\"P\u00ebrs\u00ebri p\u00ebr Intelektualin D\u00ebshtak\"}]},{\"@type\":\"WebSite\",\"@id\":\"https:\\\/\\\/fjala.info\\\/2009-2015\\\/#website\",\"url\":\"https:\\\/\\\/fjala.info\\\/2009-2015\\\/\",\"name\":\"FjALA e LIR\u00cb - Arkivi\",\"description\":\"Arkivi 2009-2015\",\"publisher\":{\"@id\":\"https:\\\/\\\/fjala.info\\\/2009-2015\\\/#organization\"},\"potentialAction\":[{\"@type\":\"SearchAction\",\"target\":{\"@type\":\"EntryPoint\",\"urlTemplate\":\"https:\\\/\\\/fjala.info\\\/2009-2015\\\/?s={search_term_string}\"},\"query-input\":{\"@type\":\"PropertyValueSpecification\",\"valueRequired\":true,\"valueName\":\"search_term_string\"}}],\"inLanguage\":\"sq-AL\"},{\"@type\":\"Organization\",\"@id\":\"https:\\\/\\\/fjala.info\\\/2009-2015\\\/#organization\",\"name\":\"FjALA e LIR\u00cb - Arkivi\",\"url\":\"https:\\\/\\\/fjala.info\\\/2009-2015\\\/\",\"logo\":{\"@type\":\"ImageObject\",\"inLanguage\":\"sq-AL\",\"@id\":\"https:\\\/\\\/fjala.info\\\/2009-2015\\\/#\\\/schema\\\/logo\\\/image\\\/\",\"url\":\"\",\"contentUrl\":\"\",\"caption\":\"FjALA e LIR\u00cb - Arkivi\"},\"image\":{\"@id\":\"https:\\\/\\\/fjala.info\\\/2009-2015\\\/#\\\/schema\\\/logo\\\/image\\\/\"}},{\"@type\":\"Person\",\"@id\":\"https:\\\/\\\/fjala.info\\\/2009-2015\\\/#\\\/schema\\\/person\\\/3aa1163ef05469c496fc94e77611ada2\",\"name\":\"admin\",\"image\":{\"@type\":\"ImageObject\",\"inLanguage\":\"sq-AL\",\"@id\":\"https:\\\/\\\/fjala.info\\\/2009-2015\\\/wp-content\\\/uploads\\\/2012\\\/02\\\/arben_cokaj-120x150.jpg\",\"url\":\"https:\\\/\\\/fjala.info\\\/2009-2015\\\/wp-content\\\/uploads\\\/2012\\\/02\\\/arben_cokaj-120x150.jpg\",\"contentUrl\":\"https:\\\/\\\/fjala.info\\\/2009-2015\\\/wp-content\\\/uploads\\\/2012\\\/02\\\/arben_cokaj-120x150.jpg\",\"caption\":\"admin\"},\"description\":\"Admin, Fjala e Lir\u00eb\",\"sameAs\":[\"https:\\\/\\\/fjala.info\\\/\"],\"url\":\"https:\\\/\\\/fjala.info\\\/2009-2015\\\/author\\\/admin\\\/\"}]}<\/script>\n<!-- \/ Yoast SEO plugin. -->","yoast_head_json":{"title":"P\u00ebrs\u00ebri p\u00ebr Intelektualin D\u00ebshtak - FjALA e LIR\u00cb - Arkivi","robots":{"index":"index","follow":"follow","max-snippet":"max-snippet:-1","max-image-preview":"max-image-preview:large","max-video-preview":"max-video-preview:-1"},"canonical":"https:\/\/fjala.info\/2009-2015\/perseri-per-intelektualin-deshtak\/","og_locale":"sq_AL","og_type":"article","og_title":"P\u00ebrs\u00ebri p\u00ebr Intelektualin D\u00ebshtak - FjALA e LIR\u00cb - Arkivi","og_description":"Bledar Prifti, (Gazeta &#8220;Shekulli&#8221;, 23.04.2010) A \u00ebsht\u00eb shoq\u00ebria Shqiptare p\u00ebrgjegj\u00ebse p\u00ebr gjendjen n\u00eb t\u00eb cil\u00ebn ajo \u00ebsht\u00eb katandisur prej vitesh, apo mund t&#8217;i dedikojm\u00eb k\u00ebt\u00eb gjendje paaft\u00ebsis\u00eb s\u00eb klas\u00ebs s\u00eb saj intelektuale? A ka, apo ka pasur, shoq\u00ebria Shqiptare nj\u00eb klas\u00eb t\u00eb v\u00ebrtet\u00eb intelektuale q\u00eb t&#8217;i sh\u00ebrbej\u00eb interesave t\u00eb k\u00ebsaj shoq\u00ebrie? Nuk \u00ebsht\u00eb e leht\u00eb [&hellip;]","og_url":"https:\/\/fjala.info\/2009-2015\/perseri-per-intelektualin-deshtak\/","og_site_name":"FjALA e LIR\u00cb - Arkivi","article_published_time":"2010-04-24T07:49:17+00:00","og_image":[{"url":"http:\/\/www.shkoder.net\/images\/fjala\/bledar_prifti.jpg","type":"","width":"","height":""}],"author":"admin","twitter_card":"summary_large_image","twitter_misc":{"Written by":"admin","Est. reading time":"10 minutes"},"schema":{"@context":"https:\/\/schema.org","@graph":[{"@type":"Article","@id":"https:\/\/fjala.info\/2009-2015\/perseri-per-intelektualin-deshtak\/#article","isPartOf":{"@id":"https:\/\/fjala.info\/2009-2015\/perseri-per-intelektualin-deshtak\/"},"author":{"name":"admin","@id":"https:\/\/fjala.info\/2009-2015\/#\/schema\/person\/3aa1163ef05469c496fc94e77611ada2"},"headline":"P\u00ebrs\u00ebri p\u00ebr Intelektualin D\u00ebshtak","datePublished":"2010-04-24T07:49:17+00:00","mainEntityOfPage":{"@id":"https:\/\/fjala.info\/2009-2015\/perseri-per-intelektualin-deshtak\/"},"wordCount":2087,"commentCount":3,"publisher":{"@id":"https:\/\/fjala.info\/2009-2015\/#organization"},"image":{"@id":"https:\/\/fjala.info\/2009-2015\/perseri-per-intelektualin-deshtak\/#primaryimage"},"thumbnailUrl":"http:\/\/www.shkoder.net\/images\/fjala\/bledar_prifti.jpg","articleSection":["Artikuj"],"inLanguage":"sq-AL","potentialAction":[{"@type":"CommentAction","name":"Comment","target":["https:\/\/fjala.info\/2009-2015\/perseri-per-intelektualin-deshtak\/#respond"]}]},{"@type":"WebPage","@id":"https:\/\/fjala.info\/2009-2015\/perseri-per-intelektualin-deshtak\/","url":"https:\/\/fjala.info\/2009-2015\/perseri-per-intelektualin-deshtak\/","name":"P\u00ebrs\u00ebri p\u00ebr Intelektualin D\u00ebshtak - FjALA e LIR\u00cb - Arkivi","isPartOf":{"@id":"https:\/\/fjala.info\/2009-2015\/#website"},"primaryImageOfPage":{"@id":"https:\/\/fjala.info\/2009-2015\/perseri-per-intelektualin-deshtak\/#primaryimage"},"image":{"@id":"https:\/\/fjala.info\/2009-2015\/perseri-per-intelektualin-deshtak\/#primaryimage"},"thumbnailUrl":"http:\/\/www.shkoder.net\/images\/fjala\/bledar_prifti.jpg","datePublished":"2010-04-24T07:49:17+00:00","breadcrumb":{"@id":"https:\/\/fjala.info\/2009-2015\/perseri-per-intelektualin-deshtak\/#breadcrumb"},"inLanguage":"sq-AL","potentialAction":[{"@type":"ReadAction","target":["https:\/\/fjala.info\/2009-2015\/perseri-per-intelektualin-deshtak\/"]}]},{"@type":"ImageObject","inLanguage":"sq-AL","@id":"https:\/\/fjala.info\/2009-2015\/perseri-per-intelektualin-deshtak\/#primaryimage","url":"http:\/\/www.shkoder.net\/images\/fjala\/bledar_prifti.jpg","contentUrl":"http:\/\/www.shkoder.net\/images\/fjala\/bledar_prifti.jpg"},{"@type":"BreadcrumbList","@id":"https:\/\/fjala.info\/2009-2015\/perseri-per-intelektualin-deshtak\/#breadcrumb","itemListElement":[{"@type":"ListItem","position":1,"name":"Home","item":"https:\/\/fjala.info\/2009-2015\/"},{"@type":"ListItem","position":2,"name":"P\u00ebrs\u00ebri p\u00ebr Intelektualin D\u00ebshtak"}]},{"@type":"WebSite","@id":"https:\/\/fjala.info\/2009-2015\/#website","url":"https:\/\/fjala.info\/2009-2015\/","name":"FjALA e LIR\u00cb - Arkivi","description":"Arkivi 2009-2015","publisher":{"@id":"https:\/\/fjala.info\/2009-2015\/#organization"},"potentialAction":[{"@type":"SearchAction","target":{"@type":"EntryPoint","urlTemplate":"https:\/\/fjala.info\/2009-2015\/?s={search_term_string}"},"query-input":{"@type":"PropertyValueSpecification","valueRequired":true,"valueName":"search_term_string"}}],"inLanguage":"sq-AL"},{"@type":"Organization","@id":"https:\/\/fjala.info\/2009-2015\/#organization","name":"FjALA e LIR\u00cb - Arkivi","url":"https:\/\/fjala.info\/2009-2015\/","logo":{"@type":"ImageObject","inLanguage":"sq-AL","@id":"https:\/\/fjala.info\/2009-2015\/#\/schema\/logo\/image\/","url":"","contentUrl":"","caption":"FjALA e LIR\u00cb - Arkivi"},"image":{"@id":"https:\/\/fjala.info\/2009-2015\/#\/schema\/logo\/image\/"}},{"@type":"Person","@id":"https:\/\/fjala.info\/2009-2015\/#\/schema\/person\/3aa1163ef05469c496fc94e77611ada2","name":"admin","image":{"@type":"ImageObject","inLanguage":"sq-AL","@id":"https:\/\/fjala.info\/2009-2015\/wp-content\/uploads\/2012\/02\/arben_cokaj-120x150.jpg","url":"https:\/\/fjala.info\/2009-2015\/wp-content\/uploads\/2012\/02\/arben_cokaj-120x150.jpg","contentUrl":"https:\/\/fjala.info\/2009-2015\/wp-content\/uploads\/2012\/02\/arben_cokaj-120x150.jpg","caption":"admin"},"description":"Admin, Fjala e Lir\u00eb","sameAs":["https:\/\/fjala.info\/"],"url":"https:\/\/fjala.info\/2009-2015\/author\/admin\/"}]}},"_links":{"self":[{"href":"https:\/\/fjala.info\/2009-2015\/wp-json\/wp\/v2\/posts\/2350","targetHints":{"allow":["GET"]}}],"collection":[{"href":"https:\/\/fjala.info\/2009-2015\/wp-json\/wp\/v2\/posts"}],"about":[{"href":"https:\/\/fjala.info\/2009-2015\/wp-json\/wp\/v2\/types\/post"}],"author":[{"embeddable":true,"href":"https:\/\/fjala.info\/2009-2015\/wp-json\/wp\/v2\/users\/1"}],"replies":[{"embeddable":true,"href":"https:\/\/fjala.info\/2009-2015\/wp-json\/wp\/v2\/comments?post=2350"}],"version-history":[{"count":0,"href":"https:\/\/fjala.info\/2009-2015\/wp-json\/wp\/v2\/posts\/2350\/revisions"}],"wp:attachment":[{"href":"https:\/\/fjala.info\/2009-2015\/wp-json\/wp\/v2\/media?parent=2350"}],"wp:term":[{"taxonomy":"category","embeddable":true,"href":"https:\/\/fjala.info\/2009-2015\/wp-json\/wp\/v2\/categories?post=2350"},{"taxonomy":"post_tag","embeddable":true,"href":"https:\/\/fjala.info\/2009-2015\/wp-json\/wp\/v2\/tags?post=2350"}],"curies":[{"name":"wp","href":"https:\/\/api.w.org\/{rel}","templated":true}]}}