{"id":2348,"date":"2010-04-23T06:45:54","date_gmt":"2010-04-23T05:45:54","guid":{"rendered":"http:\/\/fjala.shkoder.net\/?p=2348"},"modified":"2010-04-23T06:45:54","modified_gmt":"2010-04-23T05:45:54","slug":"kleriku-ambasador","status":"publish","type":"post","link":"https:\/\/fjala.info\/2009-2015\/kleriku-ambasador\/","title":{"rendered":"Kleriku ambasador"},"content":{"rendered":"<p><img decoding=\"async\" style=\"margin-left: 10px; margin-right: 10px; border: 0px;\" src=\"http:\/\/www.shkoder.net\/images\/fjala\/ndue_ukaj.jpg\" border=\"0\" alt=\"Ndue Ukaj\" width=\"100\" align=\"left\" \/><\/p>\n<p><strong>Ndue Ukaj<\/strong><\/p>\n<p>Em\u00ebrimi i Rexhep Boj\u00ebs, si i ngarkuari me pune i Kosov\u00ebs n\u00eb Arabin\u00eb Saudite, \u00ebsht\u00eb nj\u00eb lajm shum\u00eb i keq p\u00ebr Kosov\u00ebn. P\u00ebrve\u00e7 se \u00ebsht\u00eb nj\u00eb lajm i keq, ai \u00ebsht\u00eb edhe lajm krejt\u00ebsisht i pazakont\u00eb n\u00eb bot\u00ebn politike demokratike dhe si i till\u00eb \u00ebsht\u00eb nj\u00eb sinjal jasht\u00ebzakonisht negativ, i cili trondit themelet e shtetit sekular t\u00eb Kosov\u00ebs, mu nga njer\u00ebzit q\u00eb jan\u00eb t\u00eb zotuar e obliguar t\u00eb mbrojn\u00eb kushtetut\u00ebn e Kosov\u00ebs, e cila garanton sekularitetin n\u00eb \u00e7do pore t\u00eb jet\u00ebs, si nj\u00eb nga parimet themelore t\u00eb shtet\u00ebsis\u00eb s\u00eb Kosov\u00ebs. <\/p>\n<p>Kjo p\u00ebr faktin e thjesht\u00eb, sepse personi n\u00eb fjal\u00eb, me gjith\u00eb respektin q\u00eb g\u00ebzon n\u00eb opinionin shqiptar, \u00ebsht\u00eb njeri klerik, prij\u00ebs fetar dhe em\u00ebrimi i tij n\u00eb postin e ambasadorit, \u00ebsht\u00eb nj\u00eb shkelje flagrante e Kushtetut\u00ebs s\u00eb Kosov\u00ebs, e parimeve themelore t\u00eb demokracis\u00eb dhe nd\u00ebrtimit t\u00eb shtetit sekular, si nj\u00eb nga premisat qen\u00ebsore p\u00ebr shtet modern, t\u00eb prosperuar dhe t\u00eb integruar. N\u00eb nenin 8, t\u00eb Kushtetut\u00ebs s\u00eb Kosov\u00ebs, \u00ebsht\u00eb e deklaruar qart\u00eb se \u201dRepublika e Kosov\u00ebs \u00ebsht\u00eb shtet laik dhe neutral n\u00eb \u00e7\u00ebshtje t\u00eb besimeve fetare\u201d. <\/p>\n<p>Duke qen\u00eb Kosova shtet sekular, institucionet e Kosov\u00ebs nuk guxojn\u00eb n\u00eb asnj\u00eb m\u00ebnyr\u00eb q\u00eb n\u00eb pozicione shtet\u00ebrore, t\u00eb em\u00ebrojn\u00eb klerik, p\u00ebrfaq\u00ebsues t\u00eb asnj\u00eb besimi, sepse k\u00ebshtu sekularizimi mbetet vet\u00ebm nj\u00eb nocion i keqp\u00ebrdorshim p\u00ebr q\u00ebllime t\u00eb pista, nga nj\u00eb politik\u00eb e deformuar, e cila s\u2019njeh mjete p\u00ebr t\u00eb arritur q\u00ebllimet e veta.<\/p>\n<p>Jam thell\u00ebsisht i bindur se \u00e7do mendje racionale e kupton se Kosov\u00ebs nuk i duhet asnj\u00eb lloj p\u00ebrfaq\u00ebsimi nga njer\u00ebz klerik\u00eb, nga prij\u00ebs fetare, kudo qoft\u00eb n\u00eb bot\u00eb, mir\u00ebpo nga politikaj t\u00eb aft\u00eb dhe diplomat t\u00eb zot\u00eb. Q\u00eb t\u00eb besojm\u00eb se z. Boja i posedon k\u00ebto dhunti, duhet t\u00eb jemi totalisht naiv, ashtu si\u00e7 duket se kan\u00eb qen\u00eb totalisht naiv krer\u00ebt shtet\u00ebror kur kan\u00eb marr k\u00ebt\u00eb vendim absurd.<\/p>\n<p>Nuk arrij\u00eb dot ta parafytyroj nj\u00eb klerik\u00eb, t\u00eb veshur brenda nat\u00ebs me petkun e politik\u00ebs, se si transformohet, me nj\u00eb vendim absurd dhe t\u00eb lej\u00eb m\u00ebnjana moralin religjioz e t\u2019i kthehet zanatit t\u00eb politik\u00ebs, q\u00eb \u00ebsht\u00eb antipod i saj?<\/p>\n<p>Madje, nuk ma thot\u00eb mendja se ekziston ndonj\u00eb arsyetim logjik\u00eb q\u00eb do t\u00eb justifikonte k\u00ebt\u00eb p\u00ebrzgjedhje \u201cgjeniale\u201d, nga njer\u00ebzit q\u00eb drejtojn\u00eb vendin ton\u00eb p\u00ebr t\u00eb em\u00ebruar n\u00eb sh\u00ebrbimin diplomatik nj\u00eb njeri me kapel\u00ebn (qall\u00ebmen) islame n\u00eb kok\u00eb. Madje, jam i bindur se edhe vet\u00eb z. Boja e kupton se ky em\u00ebrim, m\u00eb shum\u00eb ka konotime tjera sesa politike e diplomatike, pozicion p\u00ebr t\u00eb cilin \u00ebsht\u00eb i thirru tani e tutje t\u00eb punoj dhe p\u00ebr t\u00eb cilin do t\u00eb paguhet nga tatimpaguesit kosovar\u00eb. <\/p>\n<p>Ndon\u00ebse k\u00ebto konotime jan\u00eb t\u00eb \u201cmotivueshme\u201d nga nj\u00eb kontekst specifik, ato ting\u00ebllojn\u00eb si tejet jonormale p\u00ebr bot\u00ebn moderne, sepse krijojn\u00eb precedent t\u00eb rrezikshme, q\u00eb mund t\u00eb p\u00ebrcillen me cikle tjera t\u00eb infiltrimit t\u00eb religjionit n\u00eb jet\u00ebn politike. Dhe kjo do t\u00eb ishte fatkeq\u00ebsia m\u00eb e madhe q\u00eb mund ta godet Kosov\u00ebn.<\/p>\n<p>N\u00ebse shteti i Kosov\u00ebs duhet t\u00eb fitoi simpatin\u00eb nga bota islame, vet\u00ebm e vet\u00ebm pse \u00ebsht\u00eb me \u201cp\u00ebrkat\u00ebsi shumic\u00eb islame\u201d, kjo simpati nuk vlen asnj\u00eb grosh. Madje, edhe n\u00ebse njohjet jan\u00eb t\u00eb kusht\u00ebzuar me thellimin e shoq\u00ebris\u00eb son\u00eb n\u00eb fe, q\u00eb po t\u00eb p\u00ebrkthehej qart\u00eb, dometh\u00ebn\u00eb rr\u00ebnimin e sekularizimit, demokracis\u00eb dhe kthimin nga feja islame, k\u00ebto njohje nuk jan\u00eb aspak t\u00eb frytshme. Kosova ka nevoj\u00eb p\u00ebr mb\u00ebshtet\u00ebn e bot\u00ebs arabe e islame, vet\u00ebm mbi parime universale, e jo sipas preferencave religjioze dhe selektimeve primitive.<\/p>\n<p>Se politika kosovare tani nj\u00eb koh\u00eb t\u00eb gjat\u00eb shquhet p\u00ebr nj\u00eb lloj herezi \u00e7orodit\u00ebse, \u00ebsht\u00eb leht\u00eb e kuptueshme. Madje, ka edhe aso lloj \u201cbarsoletash\u201d q\u00eb tregohen kafeve t\u00eb Prishtin\u00ebs sesi lider\u00ebt tan\u00eb, p\u00ebrfaq\u00ebsues t\u00eb institucioneve, kur kan\u00eb takime me bot\u00ebn islame n\u00eb Kombet e Bashkuara apo diku tjet\u00ebr, st\u00ebrtheksojn\u00eb islamin, mburren me prejardhjen islame, nd\u00ebrsa vet\u00ebm pas pak minutash, n\u00eb takime me bot\u00ebn e krishter\u00eb, e thon\u00eb t\u00eb kund\u00ebrt\u00ebn, st\u00ebrtheksojn\u00eb p\u00ebrcaktime p\u00ebr sekularizi\u00ebm, p\u00ebr rikthim nga vlerat per\u00ebndimore. Nj\u00eb herezie t\u00eb k\u00ebtill\u00eb, nuk i beson askush, as bota islame dhe as bota per\u00ebndimore. Prandaj, politik\u00ebs son\u00eb i duhet nj\u00eb identiteti i qart\u00eb, nj\u00eb p\u00ebrcaktim pa ekuivok\u00eb e pa herezi.<\/p>\n<p>Ne jemi ata q\u00eb jemi dhe as nuk mund t\u00eb na ndryshoi politika dhe as t\u00eb na zhb\u00ebj\u00eb at\u00eb q\u00eb e kemi.<\/p>\n<p>Mbase, me k\u00ebt\u00eb em\u00ebrim, krer\u00ebt institucional duket se kan\u00eb sajuar k\u00ebshtjell\u00ebn e iluzioneve se, n\u00ebp\u00ebrmjet k\u00ebtij njeriu t\u00eb identifikuesh\u00ebm fetarisht, do t\u2019iu hidhet hi syve t\u00eb bot\u00ebs islame, q\u00eb t\u00eb njohin shtet\u00ebsin\u00eb e Kosov\u00ebs, mir\u00ebpo gjasat p\u00ebr k\u00ebt\u00eb, jan\u00eb m\u00eb t\u00eb vogla se nj\u00eb zero e madhe. Ndon\u00ebse, as ky arsyetim dhe asnj\u00eb tjet\u00ebr s\u2019mund ta justifikoi shkeljen e kushtetues, mu n\u00eb parimet themelore t\u00eb barazis\u00eb, q\u00eb nj\u00ebher\u00ebsh rrezikon n\u00eb esenc\u00eb demokracin\u00eb dhe lirin\u00eb e Kosov\u00ebs<br \/>\nInstitucionet e Kosov\u00ebs me k\u00ebt\u00eb vendim kan\u00eb d\u00ebshmuar kat\u00ebr\u00e7ip\u00ebrisht nj\u00eb herezi politike, nj\u00eb maskim t\u00eb pashembullt, konsekuencat e s\u00eb cil\u00ebs do t\u00eb bart\u00ebn n\u00eb shum\u00eb dimensione.<\/p>\n<p>Koh\u00ebve t\u00eb fundit, n\u00eb opinionin publik ka pasur shqet\u00ebsime t\u00eb vazhdueshme p\u00ebr sekularitetin n\u00eb Kosov\u00eb. Ky vendim, i thellon edhe m\u00eb tej k\u00ebto dilema.<br \/>\nDuke e rr\u00ebnuar sekularitetin dhe duke i dh\u00ebn\u00eb ngjyr\u00eb religjioze sh\u00ebrbimit diplomatik t\u00eb Kosov\u00ebs, krer\u00ebt tan\u00eb shtet\u00ebror\u00eb i b\u00ebjn\u00eb d\u00ebmin m\u00eb t\u00eb madh Kosov\u00ebs, sepse hedhin gur\u00eb n\u00eb shpirtin e demokracis\u00eb, n\u00eb themelet e shtetit liberal dhe p\u00ebrbuzin trash\u00ebgimin ton\u00eb t\u00eb lasht\u00eb, toleranc\u00ebn dhe harmonin\u00eb.<\/p>\n<p>Andaj ky em\u00ebrim \u00ebsht\u00eb nj\u00eb veprim tejet jonormal dhe si i till\u00eb duhet gjykuar nga gjith\u00eb ata q\u00eb duan nj\u00eb Kosov\u00eb t\u00eb lir\u00eb, demokratike dhe t\u00eb integruar n\u00eb bot\u00ebn e kombeve t\u00eb lira.<\/p>\n<p>Kosova nuk ka nevoj\u00eb t\u00eb p\u00ebrfaq\u00ebsohet nga hoxhallar\u00eb, prift\u00ebrinj, pastor\u00eb apo njer\u00ebz t\u00eb veshur n\u00ebn petkun fetare, por p\u00ebr politikaj e diplomat t\u00eb zot\u00eb.<\/p>\n","protected":false},"excerpt":{"rendered":"<p>Ndue Ukaj Em\u00ebrimi i Rexhep Boj\u00ebs, si i ngarkuari me pune i Kosov\u00ebs n\u00eb Arabin\u00eb Saudite, \u00ebsht\u00eb nj\u00eb lajm shum\u00eb i keq p\u00ebr Kosov\u00ebn. P\u00ebrve\u00e7 se \u00ebsht\u00eb nj\u00eb lajm i keq, ai \u00ebsht\u00eb edhe lajm krejt\u00ebsisht i pazakont\u00eb n\u00eb bot\u00ebn politike demokratike dhe si i till\u00eb \u00ebsht\u00eb nj\u00eb sinjal jasht\u00ebzakonisht negativ, i cili trondit themelet [&hellip;]<\/p>\n","protected":false},"author":1,"featured_media":0,"comment_status":"open","ping_status":"closed","sticky":false,"template":"","format":"standard","meta":{"footnotes":""},"categories":[2],"tags":[],"class_list":{"0":"post-2348","1":"post","2":"type-post","3":"status-publish","4":"format-standard","6":"category-artikuj"},"yoast_head":"<!-- This site is optimized with the Yoast SEO plugin v27.4 - https:\/\/yoast.com\/product\/yoast-seo-wordpress\/ -->\n<title>Kleriku ambasador - FjALA e LIR\u00cb - Arkivi<\/title>\n<meta name=\"robots\" content=\"index, follow, max-snippet:-1, max-image-preview:large, max-video-preview:-1\" \/>\n<link rel=\"canonical\" href=\"https:\/\/fjala.info\/2009-2015\/kleriku-ambasador\/\" \/>\n<meta property=\"og:locale\" content=\"sq_AL\" \/>\n<meta property=\"og:type\" content=\"article\" \/>\n<meta property=\"og:title\" content=\"Kleriku ambasador - FjALA e LIR\u00cb - Arkivi\" \/>\n<meta property=\"og:description\" content=\"Ndue Ukaj Em\u00ebrimi i Rexhep Boj\u00ebs, si i ngarkuari me pune i Kosov\u00ebs n\u00eb Arabin\u00eb Saudite, \u00ebsht\u00eb nj\u00eb lajm shum\u00eb i keq p\u00ebr Kosov\u00ebn. P\u00ebrve\u00e7 se \u00ebsht\u00eb nj\u00eb lajm i keq, ai \u00ebsht\u00eb edhe lajm krejt\u00ebsisht i pazakont\u00eb n\u00eb bot\u00ebn politike demokratike dhe si i till\u00eb \u00ebsht\u00eb nj\u00eb sinjal jasht\u00ebzakonisht negativ, i cili trondit themelet [&hellip;]\" \/>\n<meta property=\"og:url\" content=\"https:\/\/fjala.info\/2009-2015\/kleriku-ambasador\/\" \/>\n<meta property=\"og:site_name\" content=\"FjALA e LIR\u00cb - Arkivi\" \/>\n<meta property=\"article:published_time\" content=\"2010-04-23T05:45:54+00:00\" \/>\n<meta property=\"og:image\" content=\"http:\/\/www.shkoder.net\/images\/fjala\/ndue_ukaj.jpg\" \/>\n<meta name=\"author\" content=\"admin\" \/>\n<meta name=\"twitter:card\" content=\"summary_large_image\" \/>\n<meta name=\"twitter:label1\" content=\"Written by\" \/>\n\t<meta name=\"twitter:data1\" content=\"admin\" \/>\n\t<meta name=\"twitter:label2\" content=\"Est. reading time\" \/>\n\t<meta name=\"twitter:data2\" content=\"5 minutes\" \/>\n<script type=\"application\/ld+json\" class=\"yoast-schema-graph\">{\"@context\":\"https:\\\/\\\/schema.org\",\"@graph\":[{\"@type\":\"Article\",\"@id\":\"https:\\\/\\\/fjala.info\\\/2009-2015\\\/kleriku-ambasador\\\/#article\",\"isPartOf\":{\"@id\":\"https:\\\/\\\/fjala.info\\\/2009-2015\\\/kleriku-ambasador\\\/\"},\"author\":{\"name\":\"admin\",\"@id\":\"https:\\\/\\\/fjala.info\\\/2009-2015\\\/#\\\/schema\\\/person\\\/3aa1163ef05469c496fc94e77611ada2\"},\"headline\":\"Kleriku ambasador\",\"datePublished\":\"2010-04-23T05:45:54+00:00\",\"mainEntityOfPage\":{\"@id\":\"https:\\\/\\\/fjala.info\\\/2009-2015\\\/kleriku-ambasador\\\/\"},\"wordCount\":1089,\"commentCount\":0,\"publisher\":{\"@id\":\"https:\\\/\\\/fjala.info\\\/2009-2015\\\/#organization\"},\"image\":{\"@id\":\"https:\\\/\\\/fjala.info\\\/2009-2015\\\/kleriku-ambasador\\\/#primaryimage\"},\"thumbnailUrl\":\"http:\\\/\\\/www.shkoder.net\\\/images\\\/fjala\\\/ndue_ukaj.jpg\",\"articleSection\":[\"Artikuj\"],\"inLanguage\":\"sq-AL\",\"potentialAction\":[{\"@type\":\"CommentAction\",\"name\":\"Comment\",\"target\":[\"https:\\\/\\\/fjala.info\\\/2009-2015\\\/kleriku-ambasador\\\/#respond\"]}]},{\"@type\":\"WebPage\",\"@id\":\"https:\\\/\\\/fjala.info\\\/2009-2015\\\/kleriku-ambasador\\\/\",\"url\":\"https:\\\/\\\/fjala.info\\\/2009-2015\\\/kleriku-ambasador\\\/\",\"name\":\"Kleriku ambasador - FjALA e LIR\u00cb - Arkivi\",\"isPartOf\":{\"@id\":\"https:\\\/\\\/fjala.info\\\/2009-2015\\\/#website\"},\"primaryImageOfPage\":{\"@id\":\"https:\\\/\\\/fjala.info\\\/2009-2015\\\/kleriku-ambasador\\\/#primaryimage\"},\"image\":{\"@id\":\"https:\\\/\\\/fjala.info\\\/2009-2015\\\/kleriku-ambasador\\\/#primaryimage\"},\"thumbnailUrl\":\"http:\\\/\\\/www.shkoder.net\\\/images\\\/fjala\\\/ndue_ukaj.jpg\",\"datePublished\":\"2010-04-23T05:45:54+00:00\",\"breadcrumb\":{\"@id\":\"https:\\\/\\\/fjala.info\\\/2009-2015\\\/kleriku-ambasador\\\/#breadcrumb\"},\"inLanguage\":\"sq-AL\",\"potentialAction\":[{\"@type\":\"ReadAction\",\"target\":[\"https:\\\/\\\/fjala.info\\\/2009-2015\\\/kleriku-ambasador\\\/\"]}]},{\"@type\":\"ImageObject\",\"inLanguage\":\"sq-AL\",\"@id\":\"https:\\\/\\\/fjala.info\\\/2009-2015\\\/kleriku-ambasador\\\/#primaryimage\",\"url\":\"http:\\\/\\\/www.shkoder.net\\\/images\\\/fjala\\\/ndue_ukaj.jpg\",\"contentUrl\":\"http:\\\/\\\/www.shkoder.net\\\/images\\\/fjala\\\/ndue_ukaj.jpg\"},{\"@type\":\"BreadcrumbList\",\"@id\":\"https:\\\/\\\/fjala.info\\\/2009-2015\\\/kleriku-ambasador\\\/#breadcrumb\",\"itemListElement\":[{\"@type\":\"ListItem\",\"position\":1,\"name\":\"Home\",\"item\":\"https:\\\/\\\/fjala.info\\\/2009-2015\\\/\"},{\"@type\":\"ListItem\",\"position\":2,\"name\":\"Kleriku ambasador\"}]},{\"@type\":\"WebSite\",\"@id\":\"https:\\\/\\\/fjala.info\\\/2009-2015\\\/#website\",\"url\":\"https:\\\/\\\/fjala.info\\\/2009-2015\\\/\",\"name\":\"FjALA e LIR\u00cb - Arkivi\",\"description\":\"Arkivi 2009-2015\",\"publisher\":{\"@id\":\"https:\\\/\\\/fjala.info\\\/2009-2015\\\/#organization\"},\"potentialAction\":[{\"@type\":\"SearchAction\",\"target\":{\"@type\":\"EntryPoint\",\"urlTemplate\":\"https:\\\/\\\/fjala.info\\\/2009-2015\\\/?s={search_term_string}\"},\"query-input\":{\"@type\":\"PropertyValueSpecification\",\"valueRequired\":true,\"valueName\":\"search_term_string\"}}],\"inLanguage\":\"sq-AL\"},{\"@type\":\"Organization\",\"@id\":\"https:\\\/\\\/fjala.info\\\/2009-2015\\\/#organization\",\"name\":\"FjALA e LIR\u00cb - Arkivi\",\"url\":\"https:\\\/\\\/fjala.info\\\/2009-2015\\\/\",\"logo\":{\"@type\":\"ImageObject\",\"inLanguage\":\"sq-AL\",\"@id\":\"https:\\\/\\\/fjala.info\\\/2009-2015\\\/#\\\/schema\\\/logo\\\/image\\\/\",\"url\":\"\",\"contentUrl\":\"\",\"caption\":\"FjALA e LIR\u00cb - Arkivi\"},\"image\":{\"@id\":\"https:\\\/\\\/fjala.info\\\/2009-2015\\\/#\\\/schema\\\/logo\\\/image\\\/\"}},{\"@type\":\"Person\",\"@id\":\"https:\\\/\\\/fjala.info\\\/2009-2015\\\/#\\\/schema\\\/person\\\/3aa1163ef05469c496fc94e77611ada2\",\"name\":\"admin\",\"image\":{\"@type\":\"ImageObject\",\"inLanguage\":\"sq-AL\",\"@id\":\"https:\\\/\\\/fjala.info\\\/2009-2015\\\/wp-content\\\/uploads\\\/2012\\\/02\\\/arben_cokaj-120x150.jpg\",\"url\":\"https:\\\/\\\/fjala.info\\\/2009-2015\\\/wp-content\\\/uploads\\\/2012\\\/02\\\/arben_cokaj-120x150.jpg\",\"contentUrl\":\"https:\\\/\\\/fjala.info\\\/2009-2015\\\/wp-content\\\/uploads\\\/2012\\\/02\\\/arben_cokaj-120x150.jpg\",\"caption\":\"admin\"},\"description\":\"Admin, Fjala e Lir\u00eb\",\"sameAs\":[\"https:\\\/\\\/fjala.info\\\/\"],\"url\":\"https:\\\/\\\/fjala.info\\\/2009-2015\\\/author\\\/admin\\\/\"}]}<\/script>\n<!-- \/ Yoast SEO plugin. -->","yoast_head_json":{"title":"Kleriku ambasador - FjALA e LIR\u00cb - Arkivi","robots":{"index":"index","follow":"follow","max-snippet":"max-snippet:-1","max-image-preview":"max-image-preview:large","max-video-preview":"max-video-preview:-1"},"canonical":"https:\/\/fjala.info\/2009-2015\/kleriku-ambasador\/","og_locale":"sq_AL","og_type":"article","og_title":"Kleriku ambasador - FjALA e LIR\u00cb - Arkivi","og_description":"Ndue Ukaj Em\u00ebrimi i Rexhep Boj\u00ebs, si i ngarkuari me pune i Kosov\u00ebs n\u00eb Arabin\u00eb Saudite, \u00ebsht\u00eb nj\u00eb lajm shum\u00eb i keq p\u00ebr Kosov\u00ebn. P\u00ebrve\u00e7 se \u00ebsht\u00eb nj\u00eb lajm i keq, ai \u00ebsht\u00eb edhe lajm krejt\u00ebsisht i pazakont\u00eb n\u00eb bot\u00ebn politike demokratike dhe si i till\u00eb \u00ebsht\u00eb nj\u00eb sinjal jasht\u00ebzakonisht negativ, i cili trondit themelet [&hellip;]","og_url":"https:\/\/fjala.info\/2009-2015\/kleriku-ambasador\/","og_site_name":"FjALA e LIR\u00cb - Arkivi","article_published_time":"2010-04-23T05:45:54+00:00","og_image":[{"url":"http:\/\/www.shkoder.net\/images\/fjala\/ndue_ukaj.jpg","type":"","width":"","height":""}],"author":"admin","twitter_card":"summary_large_image","twitter_misc":{"Written by":"admin","Est. reading time":"5 minutes"},"schema":{"@context":"https:\/\/schema.org","@graph":[{"@type":"Article","@id":"https:\/\/fjala.info\/2009-2015\/kleriku-ambasador\/#article","isPartOf":{"@id":"https:\/\/fjala.info\/2009-2015\/kleriku-ambasador\/"},"author":{"name":"admin","@id":"https:\/\/fjala.info\/2009-2015\/#\/schema\/person\/3aa1163ef05469c496fc94e77611ada2"},"headline":"Kleriku ambasador","datePublished":"2010-04-23T05:45:54+00:00","mainEntityOfPage":{"@id":"https:\/\/fjala.info\/2009-2015\/kleriku-ambasador\/"},"wordCount":1089,"commentCount":0,"publisher":{"@id":"https:\/\/fjala.info\/2009-2015\/#organization"},"image":{"@id":"https:\/\/fjala.info\/2009-2015\/kleriku-ambasador\/#primaryimage"},"thumbnailUrl":"http:\/\/www.shkoder.net\/images\/fjala\/ndue_ukaj.jpg","articleSection":["Artikuj"],"inLanguage":"sq-AL","potentialAction":[{"@type":"CommentAction","name":"Comment","target":["https:\/\/fjala.info\/2009-2015\/kleriku-ambasador\/#respond"]}]},{"@type":"WebPage","@id":"https:\/\/fjala.info\/2009-2015\/kleriku-ambasador\/","url":"https:\/\/fjala.info\/2009-2015\/kleriku-ambasador\/","name":"Kleriku ambasador - FjALA e LIR\u00cb - Arkivi","isPartOf":{"@id":"https:\/\/fjala.info\/2009-2015\/#website"},"primaryImageOfPage":{"@id":"https:\/\/fjala.info\/2009-2015\/kleriku-ambasador\/#primaryimage"},"image":{"@id":"https:\/\/fjala.info\/2009-2015\/kleriku-ambasador\/#primaryimage"},"thumbnailUrl":"http:\/\/www.shkoder.net\/images\/fjala\/ndue_ukaj.jpg","datePublished":"2010-04-23T05:45:54+00:00","breadcrumb":{"@id":"https:\/\/fjala.info\/2009-2015\/kleriku-ambasador\/#breadcrumb"},"inLanguage":"sq-AL","potentialAction":[{"@type":"ReadAction","target":["https:\/\/fjala.info\/2009-2015\/kleriku-ambasador\/"]}]},{"@type":"ImageObject","inLanguage":"sq-AL","@id":"https:\/\/fjala.info\/2009-2015\/kleriku-ambasador\/#primaryimage","url":"http:\/\/www.shkoder.net\/images\/fjala\/ndue_ukaj.jpg","contentUrl":"http:\/\/www.shkoder.net\/images\/fjala\/ndue_ukaj.jpg"},{"@type":"BreadcrumbList","@id":"https:\/\/fjala.info\/2009-2015\/kleriku-ambasador\/#breadcrumb","itemListElement":[{"@type":"ListItem","position":1,"name":"Home","item":"https:\/\/fjala.info\/2009-2015\/"},{"@type":"ListItem","position":2,"name":"Kleriku ambasador"}]},{"@type":"WebSite","@id":"https:\/\/fjala.info\/2009-2015\/#website","url":"https:\/\/fjala.info\/2009-2015\/","name":"FjALA e LIR\u00cb - Arkivi","description":"Arkivi 2009-2015","publisher":{"@id":"https:\/\/fjala.info\/2009-2015\/#organization"},"potentialAction":[{"@type":"SearchAction","target":{"@type":"EntryPoint","urlTemplate":"https:\/\/fjala.info\/2009-2015\/?s={search_term_string}"},"query-input":{"@type":"PropertyValueSpecification","valueRequired":true,"valueName":"search_term_string"}}],"inLanguage":"sq-AL"},{"@type":"Organization","@id":"https:\/\/fjala.info\/2009-2015\/#organization","name":"FjALA e LIR\u00cb - Arkivi","url":"https:\/\/fjala.info\/2009-2015\/","logo":{"@type":"ImageObject","inLanguage":"sq-AL","@id":"https:\/\/fjala.info\/2009-2015\/#\/schema\/logo\/image\/","url":"","contentUrl":"","caption":"FjALA e LIR\u00cb - Arkivi"},"image":{"@id":"https:\/\/fjala.info\/2009-2015\/#\/schema\/logo\/image\/"}},{"@type":"Person","@id":"https:\/\/fjala.info\/2009-2015\/#\/schema\/person\/3aa1163ef05469c496fc94e77611ada2","name":"admin","image":{"@type":"ImageObject","inLanguage":"sq-AL","@id":"https:\/\/fjala.info\/2009-2015\/wp-content\/uploads\/2012\/02\/arben_cokaj-120x150.jpg","url":"https:\/\/fjala.info\/2009-2015\/wp-content\/uploads\/2012\/02\/arben_cokaj-120x150.jpg","contentUrl":"https:\/\/fjala.info\/2009-2015\/wp-content\/uploads\/2012\/02\/arben_cokaj-120x150.jpg","caption":"admin"},"description":"Admin, Fjala e Lir\u00eb","sameAs":["https:\/\/fjala.info\/"],"url":"https:\/\/fjala.info\/2009-2015\/author\/admin\/"}]}},"_links":{"self":[{"href":"https:\/\/fjala.info\/2009-2015\/wp-json\/wp\/v2\/posts\/2348","targetHints":{"allow":["GET"]}}],"collection":[{"href":"https:\/\/fjala.info\/2009-2015\/wp-json\/wp\/v2\/posts"}],"about":[{"href":"https:\/\/fjala.info\/2009-2015\/wp-json\/wp\/v2\/types\/post"}],"author":[{"embeddable":true,"href":"https:\/\/fjala.info\/2009-2015\/wp-json\/wp\/v2\/users\/1"}],"replies":[{"embeddable":true,"href":"https:\/\/fjala.info\/2009-2015\/wp-json\/wp\/v2\/comments?post=2348"}],"version-history":[{"count":0,"href":"https:\/\/fjala.info\/2009-2015\/wp-json\/wp\/v2\/posts\/2348\/revisions"}],"wp:attachment":[{"href":"https:\/\/fjala.info\/2009-2015\/wp-json\/wp\/v2\/media?parent=2348"}],"wp:term":[{"taxonomy":"category","embeddable":true,"href":"https:\/\/fjala.info\/2009-2015\/wp-json\/wp\/v2\/categories?post=2348"},{"taxonomy":"post_tag","embeddable":true,"href":"https:\/\/fjala.info\/2009-2015\/wp-json\/wp\/v2\/tags?post=2348"}],"curies":[{"name":"wp","href":"https:\/\/api.w.org\/{rel}","templated":true}]}}