{"id":2347,"date":"2010-04-22T22:22:35","date_gmt":"2010-04-22T21:22:35","guid":{"rendered":"http:\/\/fjala.shkoder.net\/?p=2347"},"modified":"2010-04-22T22:22:35","modified_gmt":"2010-04-22T21:22:35","slug":"genjeshtra-si-mekanizem-i-mbijeteses","status":"publish","type":"post","link":"https:\/\/fjala.info\/2009-2015\/genjeshtra-si-mekanizem-i-mbijeteses\/","title":{"rendered":"G\u00ebnjeshtra, si mekaniz\u00ebm i mbijetes\u00ebs"},"content":{"rendered":"<p><img decoding=\"async\" style=\"margin-left: 10px; margin-right: 10px; border: 0px;\" src=\"http:\/\/www.shkoder.net\/images\/fjala\/mero_baze1.jpg\" border=\"0\" alt=\"Mero Baze\" width=\"100\" align=\"right\" \/><\/p>\n<p><strong>Mero Baze<\/strong>, <em>22.04.2010<\/em><\/p>\n<p>Opinioni publik n\u00eb Shqip\u00ebri po p\u00ebrballet p\u00ebrdit\u00eb me munges\u00ebn e p\u00ebrgjegj\u00ebsis\u00eb ndaj g\u00ebnjeshtrave publike t\u00eb kryeministrit dhe njer\u00ebzve af\u00ebr tij, p\u00ebr t\u00eb cilat po krijohet nj\u00eb tradit\u00eb e mosnd\u00ebshkueshm\u00ebris\u00eb.<\/p>\n<p>N\u00ebse ju referohemi vet\u00ebm disa zhvillimeve t\u00eb dit\u00ebs s\u00eb djeshme, do t\u00eb duhej q\u00eb n\u00eb \u00e7do vend t\u00eb bot\u00ebs, kryeministri t\u00eb dilte dhe t\u00eb k\u00ebrkonte ndjes\u00eb ose dor\u00ebheqje. Fakti i par\u00eb ka t\u00eb b\u00ebj\u00eb me sekserin e djalit t\u00eb kryeministrit, Rrahman Selmanllari.<\/p>\n<p>Dokumentet e publikuara dje provojn\u00eb se Rrahman Selmanllari, pas t\u00eb cilit n\u00ebnkuptojm\u00eb gjithmon\u00eb Shk\u00eblzen Berish\u00ebn, \u00ebsht\u00eb ortak zyrtar me letra me Mihal Delijorgjin dhe disa investitor\u00eb italian\u00eb, t\u00eb cil\u00ebt Berisha i ka pritur ne zyr\u00ebn e vet. Berisha dhe Selmanllari kan\u00eb deklaruar publikisht t\u00eb kund\u00ebrt\u00ebn.<\/p>\n<p>Shkodra u p\u00ebrmbyt p\u00ebr her\u00eb t\u00eb tret\u00eb brenda tre muajve, nd\u00ebrsa kryeministri ka deklaruar publikisht se kjo ndodh nj\u00eb her\u00eb n\u00eb m\u00eb shum\u00eb se 100 vjet.<\/p>\n<p>Kryeministri doli publikisht n\u00eb Kuvend dhe akuzoi median se ka shpikur qendra votimi me zero vota. Nd\u00ebrkoh\u00eb, u provua se ka pasur dhjet\u00ebra t\u00eb tilla gjat\u00eb zgjedhjeve t\u00eb fundit. Me gjith\u00eb k\u00ebt\u00eb intensitet t\u00eb madh mashtrimesh publike, nga ana e kryeministrit dhe njer\u00ebzve t\u00eb vet, duket g\u00ebnjeshtra \u00ebsht\u00eb kthyer n\u00eb mekaniz\u00ebm t\u00eb vet\u00ebm p\u00ebr mbijetes\u00eb politike p\u00ebr kryeministrin.<\/p>\n<p>Po lexoja dje nj\u00eb shkrim plot g\u00ebnjeshtra t\u00eb Blendi Fevziut. Besoj se e ka lexuar edhe Sali Berisha. Gazetari shkruante se ishte njoftuar nga Tirana p\u00ebr nj\u00eb takim mes Fatos Nanos dhe Sali Berish\u00ebs n\u00eb Hotel Grand n\u00eb Vjen\u00eb dhe kur kishte zbritur nuk i kishte par\u00eb se ku ishin.<\/p>\n<p>N\u00eb t\u00eb v\u00ebrtet\u00eb ka disa d\u00ebshmitar\u00eb n\u00eb hollin e Hotel Grandit q\u00eb provojn\u00eb se kronikani n\u00eb fjal\u00eb, ka qen\u00eb s\u00eb bashku me Berish\u00ebn kur aty ka ardhur edhe Fatos Nano. Ky detaj nuk do t&#8217;ia vlente t\u00eb komentohej, n\u00ebse nuk kishte t\u00eb b\u00ebnte me nj\u00eb kryeminist\u00ebr dhe nj\u00eb ish-kryeminist\u00ebr.<\/p>\n<p>Nj\u00eb gazetar q\u00eb tenton t\u00eb b\u00ebj\u00eb kronik\u00ebn e k\u00ebsaj ngjarjeje, g\u00ebnjen pa pik\u00eb turpi dhe t\u00eb dy kryeministrat ia pranojn\u00eb. Ky fenomen i t\u00eb m\u00ebsuarit me t\u00eb lexuar nj\u00eb g\u00ebnjesht\u00ebr gati-gati pa shkak, \u00ebsht\u00eb nj\u00eb dimension i turpsh\u00ebm i k\u00ebsaj klase politike.<\/p>\n<p><em>S\u00eb pari<\/em>, dua t\u00eb sqaroj se g\u00ebnjeshtra e gazetarit Blendi Fevziu \u00ebsht\u00eb krejt e panevojshme dhe krejt e pad\u00ebmshme. Askush nuk \u00ebsht\u00eb shum\u00eb i interesuar n\u00ebse ishte aty Blendi Fevziu apo jo, dhe n\u00ebse e mori vesh nga Tirana apo e pa me syt\u00eb e tij.<\/p>\n<p>Ngjarja \u00ebsht\u00eb krejt e par\u00ebnd\u00ebsishme. E r\u00ebnd\u00ebsishme, madje e frikshme k\u00ebtu \u00ebsht\u00eb q\u00eb nj\u00eb gazetar g\u00ebnjen p\u00ebr nj\u00eb gj\u00eb krejt t\u00eb par\u00ebnd\u00ebsishme dhe p\u00ebrdor k\u00ebtu dy kryeministra dhe kjo duket normale. Un\u00eb dhe koleg\u00eb t\u00eb mi, q\u00eb e njohim gjat\u00eb Fevziun, jemi m\u00ebsuar me g\u00ebnjeshtrat e tij pa shkak dhe nuk na b\u00ebn shum\u00eb p\u00ebrshtypje g\u00ebnjeshtra e radh\u00ebs.<\/p>\n<p>Por, kryeministrat tan\u00eb, ai q\u00eb ka qeverisur dje dhe ky q\u00eb qeveris sot, duhet t\u00eb ken\u00eb s\u00eb paku nj\u00eb raport moral me t\u00eb v\u00ebrtet\u00ebn.<\/p>\n<p>Dhe kur ata tolerojn\u00eb g\u00ebnjeshtra t\u00eb tilla pa shkak, vet\u00ebm q\u00eb t\u00eb provohet se nj\u00eb gazetar ishte n\u00eb sedilien e pasme t\u00eb tyre, po jo aq af\u00ebr me ta, do t\u00eb thot\u00eb se ata jan\u00eb t\u00eb gatsh\u00ebm t\u00eb g\u00ebnjejn\u00eb p\u00ebr \u00e7do gj\u00eb tjet\u00ebr.<\/p>\n<p>Pas k\u00ebsaj, un\u00eb e kuptoj se sa leht\u00eb Sali Berisha ka deklaruar publikisht se miku i djalit t\u00eb tij Selmanllari nuk ka biznese me Delijorgjin, nd\u00ebrkoh\u00eb q\u00eb i ka pritur ne zyr\u00ebn e tij dhe u ka dh\u00ebn\u00eb mb\u00ebshtetje politike.<\/p>\n<p>Pas k\u00ebsaj un\u00eb e kuptoj se nj\u00eb kryeminist\u00ebr p\u00ebr t\u00eb justifikuar d\u00ebshtimin e tij n\u00eb menaxhimin e kaskad\u00ebs s\u00eb Drinit i g\u00ebnjente shkodran\u00ebt n\u00eb janar, duke u th\u00ebn\u00eb se kjo gj\u00eb p\u00ebrs\u00ebritet nj\u00eb her\u00eb n\u00eb 100 vjet, por n\u00eb fakt po p\u00ebrs\u00ebritet \u00e7do muaj.<\/p>\n<p>Pas k\u00ebsaj e kuptoj se si ai tund letra false n\u00eb dor\u00eb n\u00eb Kuvend p\u00ebr qendra votimi q\u00eb nuk kan\u00eb dal\u00eb me zero dhe n\u00eb faqen zyrtare t\u00eb KQZ ka dhjet\u00ebra t\u00eb tilla.<\/p>\n<p>Pas k\u00ebtij detaji t\u00eb vog\u00ebl diskreditues, kur ata tolerojn\u00eb nj\u00eb g\u00ebnjesht\u00ebr p\u00ebr nj\u00eb kafe t\u00eb zakonshme pune mes dy ish-kryeministrash, vet\u00ebm p\u00ebr ta b\u00ebr\u00eb t\u00eb ndjehet i vet\u00ebk\u00ebnaqur nj\u00eb kronikan i tyre, e kupton fare qart\u00eb se ata nuk kan\u00eb asnj\u00eb mekaniz\u00ebm tjet\u00ebr p\u00ebr t\u00eb mbijetuar n\u00eb politik\u00eb p\u00ebrve\u00e7 g\u00ebnjeshtr\u00ebs.<\/p>\n","protected":false},"excerpt":{"rendered":"<p>Mero Baze, 22.04.2010 Opinioni publik n\u00eb Shqip\u00ebri po p\u00ebrballet p\u00ebrdit\u00eb me munges\u00ebn e p\u00ebrgjegj\u00ebsis\u00eb ndaj g\u00ebnjeshtrave publike t\u00eb kryeministrit dhe njer\u00ebzve af\u00ebr tij, p\u00ebr t\u00eb cilat po krijohet nj\u00eb tradit\u00eb e mosnd\u00ebshkueshm\u00ebris\u00eb. N\u00ebse ju referohemi vet\u00ebm disa zhvillimeve t\u00eb dit\u00ebs s\u00eb djeshme, do t\u00eb duhej q\u00eb n\u00eb \u00e7do vend t\u00eb bot\u00ebs, kryeministri t\u00eb dilte dhe [&hellip;]<\/p>\n","protected":false},"author":1,"featured_media":0,"comment_status":"open","ping_status":"closed","sticky":false,"template":"","format":"standard","meta":{"footnotes":""},"categories":[2],"tags":[],"class_list":{"0":"post-2347","1":"post","2":"type-post","3":"status-publish","4":"format-standard","6":"category-artikuj"},"yoast_head":"<!-- This site is optimized with the Yoast SEO plugin v27.4 - https:\/\/yoast.com\/product\/yoast-seo-wordpress\/ -->\n<title>G\u00ebnjeshtra, si mekaniz\u00ebm i mbijetes\u00ebs - FjALA e LIR\u00cb - Arkivi<\/title>\n<meta name=\"robots\" content=\"index, follow, max-snippet:-1, max-image-preview:large, max-video-preview:-1\" \/>\n<link rel=\"canonical\" href=\"https:\/\/fjala.info\/2009-2015\/genjeshtra-si-mekanizem-i-mbijeteses\/\" \/>\n<meta property=\"og:locale\" content=\"sq_AL\" \/>\n<meta property=\"og:type\" content=\"article\" \/>\n<meta property=\"og:title\" content=\"G\u00ebnjeshtra, si mekaniz\u00ebm i mbijetes\u00ebs - FjALA e LIR\u00cb - Arkivi\" \/>\n<meta property=\"og:description\" content=\"Mero Baze, 22.04.2010 Opinioni publik n\u00eb Shqip\u00ebri po p\u00ebrballet p\u00ebrdit\u00eb me munges\u00ebn e p\u00ebrgjegj\u00ebsis\u00eb ndaj g\u00ebnjeshtrave publike t\u00eb kryeministrit dhe njer\u00ebzve af\u00ebr tij, p\u00ebr t\u00eb cilat po krijohet nj\u00eb tradit\u00eb e mosnd\u00ebshkueshm\u00ebris\u00eb. N\u00ebse ju referohemi vet\u00ebm disa zhvillimeve t\u00eb dit\u00ebs s\u00eb djeshme, do t\u00eb duhej q\u00eb n\u00eb \u00e7do vend t\u00eb bot\u00ebs, kryeministri t\u00eb dilte dhe [&hellip;]\" \/>\n<meta property=\"og:url\" content=\"https:\/\/fjala.info\/2009-2015\/genjeshtra-si-mekanizem-i-mbijeteses\/\" \/>\n<meta property=\"og:site_name\" content=\"FjALA e LIR\u00cb - Arkivi\" \/>\n<meta property=\"article:published_time\" content=\"2010-04-22T21:22:35+00:00\" \/>\n<meta property=\"og:image\" content=\"http:\/\/www.shkoder.net\/images\/fjala\/mero_baze1.jpg\" \/>\n<meta name=\"author\" content=\"admin\" \/>\n<meta name=\"twitter:card\" content=\"summary_large_image\" \/>\n<meta name=\"twitter:label1\" content=\"Written by\" \/>\n\t<meta name=\"twitter:data1\" content=\"admin\" \/>\n\t<meta name=\"twitter:label2\" content=\"Est. reading time\" \/>\n\t<meta name=\"twitter:data2\" content=\"4 minutes\" \/>\n<script type=\"application\/ld+json\" class=\"yoast-schema-graph\">{\"@context\":\"https:\\\/\\\/schema.org\",\"@graph\":[{\"@type\":\"Article\",\"@id\":\"https:\\\/\\\/fjala.info\\\/2009-2015\\\/genjeshtra-si-mekanizem-i-mbijeteses\\\/#article\",\"isPartOf\":{\"@id\":\"https:\\\/\\\/fjala.info\\\/2009-2015\\\/genjeshtra-si-mekanizem-i-mbijeteses\\\/\"},\"author\":{\"name\":\"admin\",\"@id\":\"https:\\\/\\\/fjala.info\\\/2009-2015\\\/#\\\/schema\\\/person\\\/3aa1163ef05469c496fc94e77611ada2\"},\"headline\":\"G\u00ebnjeshtra, si mekaniz\u00ebm i mbijetes\u00ebs\",\"datePublished\":\"2010-04-22T21:22:35+00:00\",\"mainEntityOfPage\":{\"@id\":\"https:\\\/\\\/fjala.info\\\/2009-2015\\\/genjeshtra-si-mekanizem-i-mbijeteses\\\/\"},\"wordCount\":811,\"commentCount\":0,\"publisher\":{\"@id\":\"https:\\\/\\\/fjala.info\\\/2009-2015\\\/#organization\"},\"image\":{\"@id\":\"https:\\\/\\\/fjala.info\\\/2009-2015\\\/genjeshtra-si-mekanizem-i-mbijeteses\\\/#primaryimage\"},\"thumbnailUrl\":\"http:\\\/\\\/www.shkoder.net\\\/images\\\/fjala\\\/mero_baze1.jpg\",\"articleSection\":[\"Artikuj\"],\"inLanguage\":\"sq-AL\",\"potentialAction\":[{\"@type\":\"CommentAction\",\"name\":\"Comment\",\"target\":[\"https:\\\/\\\/fjala.info\\\/2009-2015\\\/genjeshtra-si-mekanizem-i-mbijeteses\\\/#respond\"]}]},{\"@type\":\"WebPage\",\"@id\":\"https:\\\/\\\/fjala.info\\\/2009-2015\\\/genjeshtra-si-mekanizem-i-mbijeteses\\\/\",\"url\":\"https:\\\/\\\/fjala.info\\\/2009-2015\\\/genjeshtra-si-mekanizem-i-mbijeteses\\\/\",\"name\":\"G\u00ebnjeshtra, si mekaniz\u00ebm i mbijetes\u00ebs - FjALA e LIR\u00cb - Arkivi\",\"isPartOf\":{\"@id\":\"https:\\\/\\\/fjala.info\\\/2009-2015\\\/#website\"},\"primaryImageOfPage\":{\"@id\":\"https:\\\/\\\/fjala.info\\\/2009-2015\\\/genjeshtra-si-mekanizem-i-mbijeteses\\\/#primaryimage\"},\"image\":{\"@id\":\"https:\\\/\\\/fjala.info\\\/2009-2015\\\/genjeshtra-si-mekanizem-i-mbijeteses\\\/#primaryimage\"},\"thumbnailUrl\":\"http:\\\/\\\/www.shkoder.net\\\/images\\\/fjala\\\/mero_baze1.jpg\",\"datePublished\":\"2010-04-22T21:22:35+00:00\",\"breadcrumb\":{\"@id\":\"https:\\\/\\\/fjala.info\\\/2009-2015\\\/genjeshtra-si-mekanizem-i-mbijeteses\\\/#breadcrumb\"},\"inLanguage\":\"sq-AL\",\"potentialAction\":[{\"@type\":\"ReadAction\",\"target\":[\"https:\\\/\\\/fjala.info\\\/2009-2015\\\/genjeshtra-si-mekanizem-i-mbijeteses\\\/\"]}]},{\"@type\":\"ImageObject\",\"inLanguage\":\"sq-AL\",\"@id\":\"https:\\\/\\\/fjala.info\\\/2009-2015\\\/genjeshtra-si-mekanizem-i-mbijeteses\\\/#primaryimage\",\"url\":\"http:\\\/\\\/www.shkoder.net\\\/images\\\/fjala\\\/mero_baze1.jpg\",\"contentUrl\":\"http:\\\/\\\/www.shkoder.net\\\/images\\\/fjala\\\/mero_baze1.jpg\"},{\"@type\":\"BreadcrumbList\",\"@id\":\"https:\\\/\\\/fjala.info\\\/2009-2015\\\/genjeshtra-si-mekanizem-i-mbijeteses\\\/#breadcrumb\",\"itemListElement\":[{\"@type\":\"ListItem\",\"position\":1,\"name\":\"Home\",\"item\":\"https:\\\/\\\/fjala.info\\\/2009-2015\\\/\"},{\"@type\":\"ListItem\",\"position\":2,\"name\":\"G\u00ebnjeshtra, si mekaniz\u00ebm i mbijetes\u00ebs\"}]},{\"@type\":\"WebSite\",\"@id\":\"https:\\\/\\\/fjala.info\\\/2009-2015\\\/#website\",\"url\":\"https:\\\/\\\/fjala.info\\\/2009-2015\\\/\",\"name\":\"FjALA e LIR\u00cb - Arkivi\",\"description\":\"Arkivi 2009-2015\",\"publisher\":{\"@id\":\"https:\\\/\\\/fjala.info\\\/2009-2015\\\/#organization\"},\"potentialAction\":[{\"@type\":\"SearchAction\",\"target\":{\"@type\":\"EntryPoint\",\"urlTemplate\":\"https:\\\/\\\/fjala.info\\\/2009-2015\\\/?s={search_term_string}\"},\"query-input\":{\"@type\":\"PropertyValueSpecification\",\"valueRequired\":true,\"valueName\":\"search_term_string\"}}],\"inLanguage\":\"sq-AL\"},{\"@type\":\"Organization\",\"@id\":\"https:\\\/\\\/fjala.info\\\/2009-2015\\\/#organization\",\"name\":\"FjALA e LIR\u00cb - Arkivi\",\"url\":\"https:\\\/\\\/fjala.info\\\/2009-2015\\\/\",\"logo\":{\"@type\":\"ImageObject\",\"inLanguage\":\"sq-AL\",\"@id\":\"https:\\\/\\\/fjala.info\\\/2009-2015\\\/#\\\/schema\\\/logo\\\/image\\\/\",\"url\":\"\",\"contentUrl\":\"\",\"caption\":\"FjALA e LIR\u00cb - Arkivi\"},\"image\":{\"@id\":\"https:\\\/\\\/fjala.info\\\/2009-2015\\\/#\\\/schema\\\/logo\\\/image\\\/\"}},{\"@type\":\"Person\",\"@id\":\"https:\\\/\\\/fjala.info\\\/2009-2015\\\/#\\\/schema\\\/person\\\/3aa1163ef05469c496fc94e77611ada2\",\"name\":\"admin\",\"image\":{\"@type\":\"ImageObject\",\"inLanguage\":\"sq-AL\",\"@id\":\"https:\\\/\\\/fjala.info\\\/2009-2015\\\/wp-content\\\/uploads\\\/2012\\\/02\\\/arben_cokaj-120x150.jpg\",\"url\":\"https:\\\/\\\/fjala.info\\\/2009-2015\\\/wp-content\\\/uploads\\\/2012\\\/02\\\/arben_cokaj-120x150.jpg\",\"contentUrl\":\"https:\\\/\\\/fjala.info\\\/2009-2015\\\/wp-content\\\/uploads\\\/2012\\\/02\\\/arben_cokaj-120x150.jpg\",\"caption\":\"admin\"},\"description\":\"Admin, Fjala e Lir\u00eb\",\"sameAs\":[\"https:\\\/\\\/fjala.info\\\/\"],\"url\":\"https:\\\/\\\/fjala.info\\\/2009-2015\\\/author\\\/admin\\\/\"}]}<\/script>\n<!-- \/ Yoast SEO plugin. -->","yoast_head_json":{"title":"G\u00ebnjeshtra, si mekaniz\u00ebm i mbijetes\u00ebs - FjALA e LIR\u00cb - Arkivi","robots":{"index":"index","follow":"follow","max-snippet":"max-snippet:-1","max-image-preview":"max-image-preview:large","max-video-preview":"max-video-preview:-1"},"canonical":"https:\/\/fjala.info\/2009-2015\/genjeshtra-si-mekanizem-i-mbijeteses\/","og_locale":"sq_AL","og_type":"article","og_title":"G\u00ebnjeshtra, si mekaniz\u00ebm i mbijetes\u00ebs - FjALA e LIR\u00cb - Arkivi","og_description":"Mero Baze, 22.04.2010 Opinioni publik n\u00eb Shqip\u00ebri po p\u00ebrballet p\u00ebrdit\u00eb me munges\u00ebn e p\u00ebrgjegj\u00ebsis\u00eb ndaj g\u00ebnjeshtrave publike t\u00eb kryeministrit dhe njer\u00ebzve af\u00ebr tij, p\u00ebr t\u00eb cilat po krijohet nj\u00eb tradit\u00eb e mosnd\u00ebshkueshm\u00ebris\u00eb. N\u00ebse ju referohemi vet\u00ebm disa zhvillimeve t\u00eb dit\u00ebs s\u00eb djeshme, do t\u00eb duhej q\u00eb n\u00eb \u00e7do vend t\u00eb bot\u00ebs, kryeministri t\u00eb dilte dhe [&hellip;]","og_url":"https:\/\/fjala.info\/2009-2015\/genjeshtra-si-mekanizem-i-mbijeteses\/","og_site_name":"FjALA e LIR\u00cb - Arkivi","article_published_time":"2010-04-22T21:22:35+00:00","og_image":[{"url":"http:\/\/www.shkoder.net\/images\/fjala\/mero_baze1.jpg","type":"","width":"","height":""}],"author":"admin","twitter_card":"summary_large_image","twitter_misc":{"Written by":"admin","Est. reading time":"4 minutes"},"schema":{"@context":"https:\/\/schema.org","@graph":[{"@type":"Article","@id":"https:\/\/fjala.info\/2009-2015\/genjeshtra-si-mekanizem-i-mbijeteses\/#article","isPartOf":{"@id":"https:\/\/fjala.info\/2009-2015\/genjeshtra-si-mekanizem-i-mbijeteses\/"},"author":{"name":"admin","@id":"https:\/\/fjala.info\/2009-2015\/#\/schema\/person\/3aa1163ef05469c496fc94e77611ada2"},"headline":"G\u00ebnjeshtra, si mekaniz\u00ebm i mbijetes\u00ebs","datePublished":"2010-04-22T21:22:35+00:00","mainEntityOfPage":{"@id":"https:\/\/fjala.info\/2009-2015\/genjeshtra-si-mekanizem-i-mbijeteses\/"},"wordCount":811,"commentCount":0,"publisher":{"@id":"https:\/\/fjala.info\/2009-2015\/#organization"},"image":{"@id":"https:\/\/fjala.info\/2009-2015\/genjeshtra-si-mekanizem-i-mbijeteses\/#primaryimage"},"thumbnailUrl":"http:\/\/www.shkoder.net\/images\/fjala\/mero_baze1.jpg","articleSection":["Artikuj"],"inLanguage":"sq-AL","potentialAction":[{"@type":"CommentAction","name":"Comment","target":["https:\/\/fjala.info\/2009-2015\/genjeshtra-si-mekanizem-i-mbijeteses\/#respond"]}]},{"@type":"WebPage","@id":"https:\/\/fjala.info\/2009-2015\/genjeshtra-si-mekanizem-i-mbijeteses\/","url":"https:\/\/fjala.info\/2009-2015\/genjeshtra-si-mekanizem-i-mbijeteses\/","name":"G\u00ebnjeshtra, si mekaniz\u00ebm i mbijetes\u00ebs - FjALA e LIR\u00cb - Arkivi","isPartOf":{"@id":"https:\/\/fjala.info\/2009-2015\/#website"},"primaryImageOfPage":{"@id":"https:\/\/fjala.info\/2009-2015\/genjeshtra-si-mekanizem-i-mbijeteses\/#primaryimage"},"image":{"@id":"https:\/\/fjala.info\/2009-2015\/genjeshtra-si-mekanizem-i-mbijeteses\/#primaryimage"},"thumbnailUrl":"http:\/\/www.shkoder.net\/images\/fjala\/mero_baze1.jpg","datePublished":"2010-04-22T21:22:35+00:00","breadcrumb":{"@id":"https:\/\/fjala.info\/2009-2015\/genjeshtra-si-mekanizem-i-mbijeteses\/#breadcrumb"},"inLanguage":"sq-AL","potentialAction":[{"@type":"ReadAction","target":["https:\/\/fjala.info\/2009-2015\/genjeshtra-si-mekanizem-i-mbijeteses\/"]}]},{"@type":"ImageObject","inLanguage":"sq-AL","@id":"https:\/\/fjala.info\/2009-2015\/genjeshtra-si-mekanizem-i-mbijeteses\/#primaryimage","url":"http:\/\/www.shkoder.net\/images\/fjala\/mero_baze1.jpg","contentUrl":"http:\/\/www.shkoder.net\/images\/fjala\/mero_baze1.jpg"},{"@type":"BreadcrumbList","@id":"https:\/\/fjala.info\/2009-2015\/genjeshtra-si-mekanizem-i-mbijeteses\/#breadcrumb","itemListElement":[{"@type":"ListItem","position":1,"name":"Home","item":"https:\/\/fjala.info\/2009-2015\/"},{"@type":"ListItem","position":2,"name":"G\u00ebnjeshtra, si mekaniz\u00ebm i mbijetes\u00ebs"}]},{"@type":"WebSite","@id":"https:\/\/fjala.info\/2009-2015\/#website","url":"https:\/\/fjala.info\/2009-2015\/","name":"FjALA e LIR\u00cb - Arkivi","description":"Arkivi 2009-2015","publisher":{"@id":"https:\/\/fjala.info\/2009-2015\/#organization"},"potentialAction":[{"@type":"SearchAction","target":{"@type":"EntryPoint","urlTemplate":"https:\/\/fjala.info\/2009-2015\/?s={search_term_string}"},"query-input":{"@type":"PropertyValueSpecification","valueRequired":true,"valueName":"search_term_string"}}],"inLanguage":"sq-AL"},{"@type":"Organization","@id":"https:\/\/fjala.info\/2009-2015\/#organization","name":"FjALA e LIR\u00cb - Arkivi","url":"https:\/\/fjala.info\/2009-2015\/","logo":{"@type":"ImageObject","inLanguage":"sq-AL","@id":"https:\/\/fjala.info\/2009-2015\/#\/schema\/logo\/image\/","url":"","contentUrl":"","caption":"FjALA e LIR\u00cb - Arkivi"},"image":{"@id":"https:\/\/fjala.info\/2009-2015\/#\/schema\/logo\/image\/"}},{"@type":"Person","@id":"https:\/\/fjala.info\/2009-2015\/#\/schema\/person\/3aa1163ef05469c496fc94e77611ada2","name":"admin","image":{"@type":"ImageObject","inLanguage":"sq-AL","@id":"https:\/\/fjala.info\/2009-2015\/wp-content\/uploads\/2012\/02\/arben_cokaj-120x150.jpg","url":"https:\/\/fjala.info\/2009-2015\/wp-content\/uploads\/2012\/02\/arben_cokaj-120x150.jpg","contentUrl":"https:\/\/fjala.info\/2009-2015\/wp-content\/uploads\/2012\/02\/arben_cokaj-120x150.jpg","caption":"admin"},"description":"Admin, Fjala e Lir\u00eb","sameAs":["https:\/\/fjala.info\/"],"url":"https:\/\/fjala.info\/2009-2015\/author\/admin\/"}]}},"_links":{"self":[{"href":"https:\/\/fjala.info\/2009-2015\/wp-json\/wp\/v2\/posts\/2347","targetHints":{"allow":["GET"]}}],"collection":[{"href":"https:\/\/fjala.info\/2009-2015\/wp-json\/wp\/v2\/posts"}],"about":[{"href":"https:\/\/fjala.info\/2009-2015\/wp-json\/wp\/v2\/types\/post"}],"author":[{"embeddable":true,"href":"https:\/\/fjala.info\/2009-2015\/wp-json\/wp\/v2\/users\/1"}],"replies":[{"embeddable":true,"href":"https:\/\/fjala.info\/2009-2015\/wp-json\/wp\/v2\/comments?post=2347"}],"version-history":[{"count":0,"href":"https:\/\/fjala.info\/2009-2015\/wp-json\/wp\/v2\/posts\/2347\/revisions"}],"wp:attachment":[{"href":"https:\/\/fjala.info\/2009-2015\/wp-json\/wp\/v2\/media?parent=2347"}],"wp:term":[{"taxonomy":"category","embeddable":true,"href":"https:\/\/fjala.info\/2009-2015\/wp-json\/wp\/v2\/categories?post=2347"},{"taxonomy":"post_tag","embeddable":true,"href":"https:\/\/fjala.info\/2009-2015\/wp-json\/wp\/v2\/tags?post=2347"}],"curies":[{"name":"wp","href":"https:\/\/api.w.org\/{rel}","templated":true}]}}