{"id":2345,"date":"2010-04-22T22:14:49","date_gmt":"2010-04-22T21:14:49","guid":{"rendered":"http:\/\/fjala.shkoder.net\/?p=2345"},"modified":"2010-04-22T22:14:49","modified_gmt":"2010-04-22T21:14:49","slug":"permbytjet-qeveria-sakrifion-shkodranet-per-borxhin-publik","status":"publish","type":"post","link":"https:\/\/fjala.info\/2009-2015\/permbytjet-qeveria-sakrifion-shkodranet-per-borxhin-publik\/","title":{"rendered":"PERMBYTJET, QEVERIA SAKRIFION SHKODRANET PER BORXHIN PUBLIK"},"content":{"rendered":"<p>><img decoding=\"async\" style=\"margin-left: 10px; margin-right: 10px; border: 0px;\" src=\"http:\/\/www.shkoder.net\/images\/fjala\/andrea_stefani.jpg\" border=\"0\" alt=\"Andrea Stefani\" width=\"100\" align=\"left\" \/><\/p>\n<p><strong>Andrea Stefani<\/strong><\/p>\n<p>Disa hektar\u00eb me t\u00eb mbjella t\u00eb Ult\u00ebsir\u00ebs s\u00eb Shkodr\u00ebs u p\u00ebrmbyt\u00ebn p\u00ebrs\u00ebri, si prov\u00eb e nj\u00eb cinizmi dhe pap\u00ebrgjegjshm\u00ebrie qeveris\u00ebse q\u00eb ka arritur kulme t\u00eb papara. \u00cbsht\u00eb nj\u00eb ciniz\u00ebm faraonik sipas t\u00eb cilit, p\u00ebr interesat e \u201cAtdheut\u201d (n\u00eb fakt t\u00eb Faraonit n\u00eb pushtet) ia vlen t\u00eb sakrifikohet, puna dhe prona e njer\u00ebzve q\u00eb \u00ebsht\u00eb, n\u00eb fakt, djersa dhe mundi i jet\u00ebve t\u00eb tyre. Skenari po p\u00ebrs\u00ebritet pa m\u00ebshir\u00eb pa as m\u00eb t\u00eb voglin ndryshim. Mjaftojn\u00eb ca dit\u00eb me shi t\u00eb pand\u00ebrprer\u00eb (dhe \u00e7do dim\u00ebr i ka ca dit\u00eb shi rresht) q\u00eb qeveria t\u00eb hap\u00eb portat e digave t\u00eb kaskad\u00ebs s\u00eb Drinit, duke gjetur shp\u00ebtim te p\u00ebrmbytja e popullit t\u00eb Shkodr\u00ebs. <\/p>\n<p>Dhe nuk mund t\u00eb mos pyes\u00ebsh: \u00e7far\u00eb e pengon qeverin\u00eb dhe KESH-in t\u00eb b\u00ebj\u00eb nj\u00eb menaxhim m\u00eb t\u00eb kujdessh\u00ebm t\u00eb kaskad\u00ebs, n\u00eb m\u00ebnyr\u00eb q\u00eb edhe po t\u00eb bjer\u00eb shi disa dit\u00eb me radh\u00eb, shp\u00ebtimi i vet\u00ebm t\u00eb mos jet\u00eb derdhja e digave mbi kokat e shkodran\u00ebve? \u00c7far\u00eb e pengon qeverin\u00eb q\u00eb t\u00eb zbraz\u00eb me koh\u00eb dhe gradualisht digat pa shkaktuar p\u00ebrmbytje, \u00e7far\u00eb e pengon ta mbaj\u00eb ujin n\u00eb nivele t\u00eb tilla q\u00eb nuk do ta b\u00ebnin t\u00eb domosdoshme n\u00eb nj\u00eb moment t\u00eb caktuar, p\u00ebrmbytjen e popullit p\u00ebr t\u00eb shp\u00ebtuar digat? P\u00ebrgjigjja \u00ebsht\u00eb e thjesht\u00eb: asgj\u00eb m\u00eb shum\u00eb sesa pap\u00ebrgjegjshm\u00ebria dhe aventurizmi financiar i vet\u00eb asaj. <\/p>\n<p>Shkodra u p\u00ebrmbyt p\u00ebrs\u00ebri, sepse aventurizmi financiar ka b\u00ebr\u00eb q\u00eb qeveria t\u00eb thelloj\u00eb rreziksh\u00ebm borxhin publik. Dhe nj\u00eb nga m\u00ebnyrat p\u00ebr t\u00eb zbutur pasojat e k\u00ebtij aventurizmi t\u00eb vet, e gjen tek eksportimi i energjis\u00eb elektrike. Dhe sa m\u00eb shum\u00eb uj\u00eb n\u00eb diga, aq m\u00eb shum\u00eb eksport energjie, aq m\u00eb shum\u00eb miliona euro t\u00eb inkasuara n\u00eb buxhet. Kjo \u00ebsht\u00eb politika e mbajtjes s\u00eb digave t\u00eb mbushura n\u00eb maksimum, ashtu sikund\u00ebr nj\u00eb got\u00eb mbahet aq plot sa edhe nj\u00eb pik\u00eb po t\u00eb shtosh n\u00eb t\u00eb, uji do t\u00eb derdhet. <\/p>\n<p>Prandaj nj\u00eb politik\u00eb e till\u00eb, ka edhe rreziqe p\u00ebrmbytjesh q\u00eb vijn\u00eb nga vet\u00ebm disa dit\u00eb shi. Si k\u00ebto q\u00eb sapo ndodh\u00ebn dhe ndoshta q\u00eb nuk kan\u00eb mbaruar, edhe pse vendi ka hyr\u00eb n\u00eb pranver\u00eb. E \u00e7\u2019r\u00ebnd\u00ebsi kan\u00eb p\u00ebr qeverin\u00eb d\u00ebmtimi i pronave apo t\u00eb mbjellave t\u00eb disa fshatar\u00ebve, p\u00ebrpara nevoj\u00ebs s\u00eb qeveris\u00eb p\u00ebr t\u00eb zbutur n\u00eb buxhet pasojat e disa investimeve t\u00eb saj, jo vet\u00ebm aventuroze, por edhe duksh\u00ebm t\u00eb korruptuara? Cinizmi dhe pap\u00ebrgjegjshm\u00ebria qeveris\u00ebse p\u00ebr fatin e publikut ka arritur nivele faraonike, pik\u00ebrisht edhe p\u00ebr shkak t\u00eb borxhit publik q\u00eb ajo vet\u00eb e ka thelluar aventurisht.<\/p>\n<p>* * *<\/p>\n<p>Mos thoni p\u00ebrs\u00ebri se edhe k\u00ebt\u00eb her\u00eb, p\u00ebrmbytjet e ndodhura n\u00eb Ult\u00ebsir\u00ebn e Shkodr\u00ebs jan\u00eb faji i Zotit. P\u00ebr hir t\u00eb Zotit mos faj\u00ebsoni Zotin! Sepse n\u00eb fakt, vet\u00ebm nd\u00ebrhyrja e Zotit qe shp\u00ebtimtare n\u00eb gjith\u00eb k\u00ebt\u00eb mesele. Desh Zoti q\u00eb t\u00eb m\u00ebrkur\u00ebn nuk ra m\u00eb shi, q\u00eb p\u00ebrmbytjet nuk u b\u00ebn\u00eb edhe m\u00eb tragjike. Se p\u00ebr sa i takon qeveris\u00eb, uji do t\u2019i kish shkuar p\u00ebrs\u00ebri shkodran\u00ebve deri n\u00eb brez, si dy her\u00ebt e tjera. Zoti mund t\u00eb gaboj\u00eb 1 her\u00eb n\u00eb 100 vjet, duke d\u00ebrguar rrebeshe t\u00eb papara. Por Zoti nuk mund t\u00eb gaboj\u00eb, duke e p\u00ebrmbytur nj\u00eb zon\u00eb thuajse nj\u00eb her\u00eb n\u00eb muaj, sikund\u00ebr po ndodh n\u00eb Shkod\u00ebr. <\/p>\n<p>N\u00eb k\u00ebt\u00eb rast nuk \u00ebsht\u00eb faji i Zotit, por i qeveris\u00eb q\u00eb sillet me fatin e njer\u00ebzve sikur t\u00eb ishte nj\u00eb Zot i keq dhe i pam\u00ebshirsh\u00ebm. Zoti thot\u00eb ruaju t\u00eb t\u00eb ruaj. Qeveris\u00eb i ndodhi si n\u00eb fabul\u00ebn e njeriut q\u00eb po mbytej, por nuk u kap te varka q\u00eb i kaloi aty pari, sepse priste ndihm\u00ebn e premtuar nga Zoti. Dhe u mbyt se nuk e kuptoi q\u00eb ndihma e Zotit kish qen\u00eb pik\u00ebrisht ajo varka q\u00eb i kaloi pran\u00eb. N\u00eb rastin e qeveris\u00eb, ndihma e Zotit duhet t\u00eb ishte p\u00ebrvoja, duhet t\u00eb qe m\u00ebsimi nga p\u00ebsimi i reshjeve t\u00eb para. <\/p>\n<p>Kryeministri Berisha ndoshta mund t\u00eb justifikohet disi (madje edhe kjo \u00ebsht\u00eb e dyshimt\u00eb) p\u00ebr p\u00ebrmbytjet e janarit. Por ama jo p\u00ebr p\u00ebrmbytjet e dyta dhe p\u00ebr m\u00eb tep\u00ebr k\u00ebto t\u00eb tretat. Qeveria dhe fanatik\u00ebt e saj mund t\u00eb faj\u00ebsojn\u00eb sa t\u00eb duan Zotin, por ky i fundit, mund t\u2019u thot\u00eb: Me reshjet e para iu dhash\u00eb sinjal q\u00eb t\u00eb ruheshit, por n\u00eb t\u00eb dytat dhe t\u00eb tretat, duket t\u00eb kishit nxjerr\u00eb m\u00ebsim dhe t\u2019i kishit shmangur p\u00ebrmbytjet.<\/p>\n<p>* * *<\/p>\n<p>Po p\u00ebrse qeveria dhe Kryeministri i saj Berisha k\u00ebmb\u00ebngulin t\u00eb mos m\u00ebsojn\u00eb nga p\u00ebsimi i p\u00ebrmbytjeve t\u00eb janarit, duke u b\u00ebr\u00eb k\u00ebshtu fajtor\u00eb p\u00ebr p\u00ebrmbytjen e shkodran\u00ebve si kurr\u00eb ndonj\u00ebher\u00eb, tre her\u00eb n\u00eb m\u00eb pak se kat\u00ebr muaj? I gjith\u00eb \u201csekreti\u201d i k\u00ebsaj pap\u00ebrgjegjshm\u00ebrie gjendet n\u00eb nj\u00eb raport t\u00eb FMN t\u00eb marsit t\u00eb k\u00ebtij viti, ku thuhet se: \u201cN\u00eb dekad\u00ebn e fundit politika fiskale e Shqip\u00ebris\u00eb ka qen\u00eb mjaft e matur sikund\u00ebr edhe provohet p\u00ebrgjith\u00ebsisht nga r\u00ebnia e borxhit n\u00eb raport me Prodhimin e Brendsh\u00ebm Bruto (PBB). Por koh\u00ebt e fundit, rritja e beft\u00eb e huamarrjes p\u00ebr t\u00eb financuar projekte investimesh t\u00eb m\u00ebdha, si dhe r\u00ebnia e ritmeve t\u00eb rritjes s\u00eb prodhimit, i ka dh\u00ebn\u00eb ritmeve t\u00eb borxhit nj\u00eb tendenc\u00eb rrit\u00ebse\u201d. <\/p>\n<p>Dhe meqen\u00ebse ritmet e borxhit jan\u00eb projektuar t\u00eb mbeten p\u00ebrs\u00ebri t\u00eb larta, gj\u00eb q\u00eb do t\u00eb b\u00ebnte q\u00eb financat e Shqip\u00ebris\u00eb t\u2019i ekspozoheshin goditjeve t\u00eb pad\u00ebshirueshme \u2013konkludon dokumenti i FMN, \u201creduktimi i ritmeve t\u00eb borxhit duket t\u00eb jet\u00eb nj\u00eb objektiv i d\u00ebshiruesh\u00ebm\u201d. N\u00eb fakt, sipas t\u00eb dh\u00ebnave edhe t\u00eb FMN, borxhi publik \u00ebsht\u00eb rritur n\u00eb dy vitet e fundit, p\u00ebr t\u00eb arritur n\u00eb rreth 60 p\u00ebr qind t\u00eb PBB ose rreth 6 miliard\u00eb euro. \u00cbsht\u00eb nj\u00eb kuot\u00eb tep\u00ebr e lart\u00eb dhe me rreziqe e kosto jo vet\u00ebm p\u00ebr shtete q\u00eb klasifikohen si me t\u00eb ardhura t\u00eb ul\u00ebta, por edhe p\u00ebr ato q\u00eb klasifikohen si \u201ctregje n\u00eb zhvillim\u201d, si Hungaria p\u00ebr shembull, dhe t\u00eb cilave i \u00ebsht\u00eb bashkuar s\u00eb fundi edhe Shqip\u00ebria. <\/p>\n<p>Duke neglizhuar pasojat e pritshme t\u00eb r\u00ebnies s\u00eb prodhimit, prandaj edhe t\u00eb t\u00eb ardhurave n\u00eb buxhet, qeveria \u201cBerisha\u201d ka nd\u00ebrmarr\u00eb, dy vitet e fundit, investime mjaft t\u00eb kushtueshme sikund\u00ebr \u00ebsht\u00eb rruga Rr\u00ebshen-Kalimash. Ky i fundit, nj\u00eb projekt q\u00eb n\u00eb fillim u tha se do t\u00eb kushtonte vet\u00ebm 500 milion\u00eb euro por q\u00eb tani, \u00ebsht\u00eb konfirmuar zyrtarisht se do t\u00eb kushtoj\u00eb 820 milion\u00eb euro. Opozita akuzon se kostoja do t\u00eb rritet edhe m\u00eb shum\u00eb. Investime t\u00eb tilla si dhe r\u00ebnia e t\u00eb ardhurave n\u00eb buxhet, duket e kan\u00eb detyruar qeverin\u00eb q\u00eb t\u00eb k\u00ebrkoj\u00eb shtimin e t\u00eb ardhurave nga burime, t\u00eb tilla sikund\u00ebr \u00ebsht\u00eb edhe eksporti i energjis\u00eb elektrike. <\/p>\n<p>Gj\u00eb fort e p\u00ebrligjur dhe n\u00eb favor t\u00eb publikut, p\u00ebr sa koh\u00eb q\u00eb nuk b\u00ebhet shkak p\u00ebr p\u00ebrmbytjen e sht\u00ebpive t\u00eb qytetar\u00ebve dhe t\u00eb t\u00eb mbjellave t\u00eb fermer\u00ebve. Sepse edhe n\u00ebse qeveria ark\u00ebton disa miliona m\u00eb shum\u00eb nga eksporti i disa kilovat\u00ebve m\u00eb shum\u00eb energji, p\u00ebrmbytjet e sht\u00ebpive dhe tokave tre her\u00eb vet\u00ebm n\u00eb pak muaj, do t\u00eb ken\u00eb nj\u00eb kosto p\u00ebr qytetar\u00ebt ndoshta shum\u00eb m\u00eb t\u00eb madhe se ajo shum\u00eb q\u00eb do fitoj\u00eb qeveria. E n\u00eb rast se qeveris\u00eb aq i b\u00ebn p\u00ebr parat\u00eb dhe pronat e qytetar\u00ebve, \u00ebsht\u00eb budallall\u00ebk q\u00eb qytetar\u00ebt ta mb\u00ebshtesin dhe votojn\u00eb nj\u00eb qeveri t\u00eb till\u00eb, q\u00eb i p\u00ebrmbyt dhe sakrifikon n\u00eb em\u00ebr t\u00eb \u201cAtdheut\u201d, buxhetit apo interesit \u201cpublik\u201d. A nuk vepronin edhe Faraon\u00ebt k\u00ebshtu?<\/p>\n","protected":false},"excerpt":{"rendered":"<p>> Andrea Stefani Disa hektar\u00eb me t\u00eb mbjella t\u00eb Ult\u00ebsir\u00ebs s\u00eb Shkodr\u00ebs u p\u00ebrmbyt\u00ebn p\u00ebrs\u00ebri, si prov\u00eb e nj\u00eb cinizmi dhe pap\u00ebrgjegjshm\u00ebrie qeveris\u00ebse q\u00eb ka arritur kulme t\u00eb papara. \u00cbsht\u00eb nj\u00eb ciniz\u00ebm faraonik sipas t\u00eb cilit, p\u00ebr interesat e \u201cAtdheut\u201d (n\u00eb fakt t\u00eb Faraonit n\u00eb pushtet) ia vlen t\u00eb sakrifikohet, puna dhe prona e njer\u00ebzve [&hellip;]<\/p>\n","protected":false},"author":1,"featured_media":0,"comment_status":"open","ping_status":"closed","sticky":false,"template":"","format":"standard","meta":{"footnotes":""},"categories":[2],"tags":[],"class_list":{"0":"post-2345","1":"post","2":"type-post","3":"status-publish","4":"format-standard","6":"category-artikuj"},"yoast_head":"<!-- This site is optimized with the Yoast SEO plugin v27.4 - https:\/\/yoast.com\/product\/yoast-seo-wordpress\/ -->\n<title>PERMBYTJET, QEVERIA SAKRIFION SHKODRANET PER BORXHIN PUBLIK - FjALA e LIR\u00cb - Arkivi<\/title>\n<meta name=\"robots\" content=\"index, follow, max-snippet:-1, max-image-preview:large, max-video-preview:-1\" \/>\n<link rel=\"canonical\" href=\"https:\/\/fjala.info\/2009-2015\/permbytjet-qeveria-sakrifion-shkodranet-per-borxhin-publik\/\" \/>\n<meta property=\"og:locale\" content=\"sq_AL\" \/>\n<meta property=\"og:type\" content=\"article\" \/>\n<meta property=\"og:title\" content=\"PERMBYTJET, QEVERIA SAKRIFION SHKODRANET PER BORXHIN PUBLIK - FjALA e LIR\u00cb - Arkivi\" \/>\n<meta property=\"og:description\" content=\"&gt; Andrea Stefani Disa hektar\u00eb me t\u00eb mbjella t\u00eb Ult\u00ebsir\u00ebs s\u00eb Shkodr\u00ebs u p\u00ebrmbyt\u00ebn p\u00ebrs\u00ebri, si prov\u00eb e nj\u00eb cinizmi dhe pap\u00ebrgjegjshm\u00ebrie qeveris\u00ebse q\u00eb ka arritur kulme t\u00eb papara. \u00cbsht\u00eb nj\u00eb ciniz\u00ebm faraonik sipas t\u00eb cilit, p\u00ebr interesat e \u201cAtdheut\u201d (n\u00eb fakt t\u00eb Faraonit n\u00eb pushtet) ia vlen t\u00eb sakrifikohet, puna dhe prona e njer\u00ebzve [&hellip;]\" \/>\n<meta property=\"og:url\" content=\"https:\/\/fjala.info\/2009-2015\/permbytjet-qeveria-sakrifion-shkodranet-per-borxhin-publik\/\" \/>\n<meta property=\"og:site_name\" content=\"FjALA e LIR\u00cb - Arkivi\" \/>\n<meta property=\"article:published_time\" content=\"2010-04-22T21:14:49+00:00\" \/>\n<meta property=\"og:image\" content=\"http:\/\/www.shkoder.net\/images\/fjala\/andrea_stefani.jpg\" \/>\n<meta name=\"author\" content=\"admin\" \/>\n<meta name=\"twitter:card\" content=\"summary_large_image\" \/>\n<meta name=\"twitter:label1\" content=\"Written by\" \/>\n\t<meta name=\"twitter:data1\" content=\"admin\" \/>\n\t<meta name=\"twitter:label2\" content=\"Est. reading time\" \/>\n\t<meta name=\"twitter:data2\" content=\"7 minutes\" \/>\n<script type=\"application\/ld+json\" class=\"yoast-schema-graph\">{\"@context\":\"https:\\\/\\\/schema.org\",\"@graph\":[{\"@type\":\"Article\",\"@id\":\"https:\\\/\\\/fjala.info\\\/2009-2015\\\/permbytjet-qeveria-sakrifion-shkodranet-per-borxhin-publik\\\/#article\",\"isPartOf\":{\"@id\":\"https:\\\/\\\/fjala.info\\\/2009-2015\\\/permbytjet-qeveria-sakrifion-shkodranet-per-borxhin-publik\\\/\"},\"author\":{\"name\":\"admin\",\"@id\":\"https:\\\/\\\/fjala.info\\\/2009-2015\\\/#\\\/schema\\\/person\\\/3aa1163ef05469c496fc94e77611ada2\"},\"headline\":\"PERMBYTJET, QEVERIA SAKRIFION SHKODRANET PER BORXHIN PUBLIK\",\"datePublished\":\"2010-04-22T21:14:49+00:00\",\"mainEntityOfPage\":{\"@id\":\"https:\\\/\\\/fjala.info\\\/2009-2015\\\/permbytjet-qeveria-sakrifion-shkodranet-per-borxhin-publik\\\/\"},\"wordCount\":1364,\"commentCount\":0,\"publisher\":{\"@id\":\"https:\\\/\\\/fjala.info\\\/2009-2015\\\/#organization\"},\"image\":{\"@id\":\"https:\\\/\\\/fjala.info\\\/2009-2015\\\/permbytjet-qeveria-sakrifion-shkodranet-per-borxhin-publik\\\/#primaryimage\"},\"thumbnailUrl\":\"http:\\\/\\\/www.shkoder.net\\\/images\\\/fjala\\\/andrea_stefani.jpg\",\"articleSection\":[\"Artikuj\"],\"inLanguage\":\"sq-AL\",\"potentialAction\":[{\"@type\":\"CommentAction\",\"name\":\"Comment\",\"target\":[\"https:\\\/\\\/fjala.info\\\/2009-2015\\\/permbytjet-qeveria-sakrifion-shkodranet-per-borxhin-publik\\\/#respond\"]}]},{\"@type\":\"WebPage\",\"@id\":\"https:\\\/\\\/fjala.info\\\/2009-2015\\\/permbytjet-qeveria-sakrifion-shkodranet-per-borxhin-publik\\\/\",\"url\":\"https:\\\/\\\/fjala.info\\\/2009-2015\\\/permbytjet-qeveria-sakrifion-shkodranet-per-borxhin-publik\\\/\",\"name\":\"PERMBYTJET, QEVERIA SAKRIFION SHKODRANET PER BORXHIN PUBLIK - FjALA e LIR\u00cb - Arkivi\",\"isPartOf\":{\"@id\":\"https:\\\/\\\/fjala.info\\\/2009-2015\\\/#website\"},\"primaryImageOfPage\":{\"@id\":\"https:\\\/\\\/fjala.info\\\/2009-2015\\\/permbytjet-qeveria-sakrifion-shkodranet-per-borxhin-publik\\\/#primaryimage\"},\"image\":{\"@id\":\"https:\\\/\\\/fjala.info\\\/2009-2015\\\/permbytjet-qeveria-sakrifion-shkodranet-per-borxhin-publik\\\/#primaryimage\"},\"thumbnailUrl\":\"http:\\\/\\\/www.shkoder.net\\\/images\\\/fjala\\\/andrea_stefani.jpg\",\"datePublished\":\"2010-04-22T21:14:49+00:00\",\"breadcrumb\":{\"@id\":\"https:\\\/\\\/fjala.info\\\/2009-2015\\\/permbytjet-qeveria-sakrifion-shkodranet-per-borxhin-publik\\\/#breadcrumb\"},\"inLanguage\":\"sq-AL\",\"potentialAction\":[{\"@type\":\"ReadAction\",\"target\":[\"https:\\\/\\\/fjala.info\\\/2009-2015\\\/permbytjet-qeveria-sakrifion-shkodranet-per-borxhin-publik\\\/\"]}]},{\"@type\":\"ImageObject\",\"inLanguage\":\"sq-AL\",\"@id\":\"https:\\\/\\\/fjala.info\\\/2009-2015\\\/permbytjet-qeveria-sakrifion-shkodranet-per-borxhin-publik\\\/#primaryimage\",\"url\":\"http:\\\/\\\/www.shkoder.net\\\/images\\\/fjala\\\/andrea_stefani.jpg\",\"contentUrl\":\"http:\\\/\\\/www.shkoder.net\\\/images\\\/fjala\\\/andrea_stefani.jpg\"},{\"@type\":\"BreadcrumbList\",\"@id\":\"https:\\\/\\\/fjala.info\\\/2009-2015\\\/permbytjet-qeveria-sakrifion-shkodranet-per-borxhin-publik\\\/#breadcrumb\",\"itemListElement\":[{\"@type\":\"ListItem\",\"position\":1,\"name\":\"Home\",\"item\":\"https:\\\/\\\/fjala.info\\\/2009-2015\\\/\"},{\"@type\":\"ListItem\",\"position\":2,\"name\":\"PERMBYTJET, QEVERIA SAKRIFION SHKODRANET PER BORXHIN PUBLIK\"}]},{\"@type\":\"WebSite\",\"@id\":\"https:\\\/\\\/fjala.info\\\/2009-2015\\\/#website\",\"url\":\"https:\\\/\\\/fjala.info\\\/2009-2015\\\/\",\"name\":\"FjALA e LIR\u00cb - Arkivi\",\"description\":\"Arkivi 2009-2015\",\"publisher\":{\"@id\":\"https:\\\/\\\/fjala.info\\\/2009-2015\\\/#organization\"},\"potentialAction\":[{\"@type\":\"SearchAction\",\"target\":{\"@type\":\"EntryPoint\",\"urlTemplate\":\"https:\\\/\\\/fjala.info\\\/2009-2015\\\/?s={search_term_string}\"},\"query-input\":{\"@type\":\"PropertyValueSpecification\",\"valueRequired\":true,\"valueName\":\"search_term_string\"}}],\"inLanguage\":\"sq-AL\"},{\"@type\":\"Organization\",\"@id\":\"https:\\\/\\\/fjala.info\\\/2009-2015\\\/#organization\",\"name\":\"FjALA e LIR\u00cb - Arkivi\",\"url\":\"https:\\\/\\\/fjala.info\\\/2009-2015\\\/\",\"logo\":{\"@type\":\"ImageObject\",\"inLanguage\":\"sq-AL\",\"@id\":\"https:\\\/\\\/fjala.info\\\/2009-2015\\\/#\\\/schema\\\/logo\\\/image\\\/\",\"url\":\"\",\"contentUrl\":\"\",\"caption\":\"FjALA e LIR\u00cb - Arkivi\"},\"image\":{\"@id\":\"https:\\\/\\\/fjala.info\\\/2009-2015\\\/#\\\/schema\\\/logo\\\/image\\\/\"}},{\"@type\":\"Person\",\"@id\":\"https:\\\/\\\/fjala.info\\\/2009-2015\\\/#\\\/schema\\\/person\\\/3aa1163ef05469c496fc94e77611ada2\",\"name\":\"admin\",\"image\":{\"@type\":\"ImageObject\",\"inLanguage\":\"sq-AL\",\"@id\":\"https:\\\/\\\/fjala.info\\\/2009-2015\\\/wp-content\\\/uploads\\\/2012\\\/02\\\/arben_cokaj-120x150.jpg\",\"url\":\"https:\\\/\\\/fjala.info\\\/2009-2015\\\/wp-content\\\/uploads\\\/2012\\\/02\\\/arben_cokaj-120x150.jpg\",\"contentUrl\":\"https:\\\/\\\/fjala.info\\\/2009-2015\\\/wp-content\\\/uploads\\\/2012\\\/02\\\/arben_cokaj-120x150.jpg\",\"caption\":\"admin\"},\"description\":\"Admin, Fjala e Lir\u00eb\",\"sameAs\":[\"https:\\\/\\\/fjala.info\\\/\"],\"url\":\"https:\\\/\\\/fjala.info\\\/2009-2015\\\/author\\\/admin\\\/\"}]}<\/script>\n<!-- \/ Yoast SEO plugin. -->","yoast_head_json":{"title":"PERMBYTJET, QEVERIA SAKRIFION SHKODRANET PER BORXHIN PUBLIK - FjALA e LIR\u00cb - Arkivi","robots":{"index":"index","follow":"follow","max-snippet":"max-snippet:-1","max-image-preview":"max-image-preview:large","max-video-preview":"max-video-preview:-1"},"canonical":"https:\/\/fjala.info\/2009-2015\/permbytjet-qeveria-sakrifion-shkodranet-per-borxhin-publik\/","og_locale":"sq_AL","og_type":"article","og_title":"PERMBYTJET, QEVERIA SAKRIFION SHKODRANET PER BORXHIN PUBLIK - FjALA e LIR\u00cb - Arkivi","og_description":"> Andrea Stefani Disa hektar\u00eb me t\u00eb mbjella t\u00eb Ult\u00ebsir\u00ebs s\u00eb Shkodr\u00ebs u p\u00ebrmbyt\u00ebn p\u00ebrs\u00ebri, si prov\u00eb e nj\u00eb cinizmi dhe pap\u00ebrgjegjshm\u00ebrie qeveris\u00ebse q\u00eb ka arritur kulme t\u00eb papara. \u00cbsht\u00eb nj\u00eb ciniz\u00ebm faraonik sipas t\u00eb cilit, p\u00ebr interesat e \u201cAtdheut\u201d (n\u00eb fakt t\u00eb Faraonit n\u00eb pushtet) ia vlen t\u00eb sakrifikohet, puna dhe prona e njer\u00ebzve [&hellip;]","og_url":"https:\/\/fjala.info\/2009-2015\/permbytjet-qeveria-sakrifion-shkodranet-per-borxhin-publik\/","og_site_name":"FjALA e LIR\u00cb - Arkivi","article_published_time":"2010-04-22T21:14:49+00:00","og_image":[{"url":"http:\/\/www.shkoder.net\/images\/fjala\/andrea_stefani.jpg","type":"","width":"","height":""}],"author":"admin","twitter_card":"summary_large_image","twitter_misc":{"Written by":"admin","Est. reading time":"7 minutes"},"schema":{"@context":"https:\/\/schema.org","@graph":[{"@type":"Article","@id":"https:\/\/fjala.info\/2009-2015\/permbytjet-qeveria-sakrifion-shkodranet-per-borxhin-publik\/#article","isPartOf":{"@id":"https:\/\/fjala.info\/2009-2015\/permbytjet-qeveria-sakrifion-shkodranet-per-borxhin-publik\/"},"author":{"name":"admin","@id":"https:\/\/fjala.info\/2009-2015\/#\/schema\/person\/3aa1163ef05469c496fc94e77611ada2"},"headline":"PERMBYTJET, QEVERIA SAKRIFION SHKODRANET PER BORXHIN PUBLIK","datePublished":"2010-04-22T21:14:49+00:00","mainEntityOfPage":{"@id":"https:\/\/fjala.info\/2009-2015\/permbytjet-qeveria-sakrifion-shkodranet-per-borxhin-publik\/"},"wordCount":1364,"commentCount":0,"publisher":{"@id":"https:\/\/fjala.info\/2009-2015\/#organization"},"image":{"@id":"https:\/\/fjala.info\/2009-2015\/permbytjet-qeveria-sakrifion-shkodranet-per-borxhin-publik\/#primaryimage"},"thumbnailUrl":"http:\/\/www.shkoder.net\/images\/fjala\/andrea_stefani.jpg","articleSection":["Artikuj"],"inLanguage":"sq-AL","potentialAction":[{"@type":"CommentAction","name":"Comment","target":["https:\/\/fjala.info\/2009-2015\/permbytjet-qeveria-sakrifion-shkodranet-per-borxhin-publik\/#respond"]}]},{"@type":"WebPage","@id":"https:\/\/fjala.info\/2009-2015\/permbytjet-qeveria-sakrifion-shkodranet-per-borxhin-publik\/","url":"https:\/\/fjala.info\/2009-2015\/permbytjet-qeveria-sakrifion-shkodranet-per-borxhin-publik\/","name":"PERMBYTJET, QEVERIA SAKRIFION SHKODRANET PER BORXHIN PUBLIK - FjALA e LIR\u00cb - Arkivi","isPartOf":{"@id":"https:\/\/fjala.info\/2009-2015\/#website"},"primaryImageOfPage":{"@id":"https:\/\/fjala.info\/2009-2015\/permbytjet-qeveria-sakrifion-shkodranet-per-borxhin-publik\/#primaryimage"},"image":{"@id":"https:\/\/fjala.info\/2009-2015\/permbytjet-qeveria-sakrifion-shkodranet-per-borxhin-publik\/#primaryimage"},"thumbnailUrl":"http:\/\/www.shkoder.net\/images\/fjala\/andrea_stefani.jpg","datePublished":"2010-04-22T21:14:49+00:00","breadcrumb":{"@id":"https:\/\/fjala.info\/2009-2015\/permbytjet-qeveria-sakrifion-shkodranet-per-borxhin-publik\/#breadcrumb"},"inLanguage":"sq-AL","potentialAction":[{"@type":"ReadAction","target":["https:\/\/fjala.info\/2009-2015\/permbytjet-qeveria-sakrifion-shkodranet-per-borxhin-publik\/"]}]},{"@type":"ImageObject","inLanguage":"sq-AL","@id":"https:\/\/fjala.info\/2009-2015\/permbytjet-qeveria-sakrifion-shkodranet-per-borxhin-publik\/#primaryimage","url":"http:\/\/www.shkoder.net\/images\/fjala\/andrea_stefani.jpg","contentUrl":"http:\/\/www.shkoder.net\/images\/fjala\/andrea_stefani.jpg"},{"@type":"BreadcrumbList","@id":"https:\/\/fjala.info\/2009-2015\/permbytjet-qeveria-sakrifion-shkodranet-per-borxhin-publik\/#breadcrumb","itemListElement":[{"@type":"ListItem","position":1,"name":"Home","item":"https:\/\/fjala.info\/2009-2015\/"},{"@type":"ListItem","position":2,"name":"PERMBYTJET, QEVERIA SAKRIFION SHKODRANET PER BORXHIN PUBLIK"}]},{"@type":"WebSite","@id":"https:\/\/fjala.info\/2009-2015\/#website","url":"https:\/\/fjala.info\/2009-2015\/","name":"FjALA e LIR\u00cb - Arkivi","description":"Arkivi 2009-2015","publisher":{"@id":"https:\/\/fjala.info\/2009-2015\/#organization"},"potentialAction":[{"@type":"SearchAction","target":{"@type":"EntryPoint","urlTemplate":"https:\/\/fjala.info\/2009-2015\/?s={search_term_string}"},"query-input":{"@type":"PropertyValueSpecification","valueRequired":true,"valueName":"search_term_string"}}],"inLanguage":"sq-AL"},{"@type":"Organization","@id":"https:\/\/fjala.info\/2009-2015\/#organization","name":"FjALA e LIR\u00cb - Arkivi","url":"https:\/\/fjala.info\/2009-2015\/","logo":{"@type":"ImageObject","inLanguage":"sq-AL","@id":"https:\/\/fjala.info\/2009-2015\/#\/schema\/logo\/image\/","url":"","contentUrl":"","caption":"FjALA e LIR\u00cb - Arkivi"},"image":{"@id":"https:\/\/fjala.info\/2009-2015\/#\/schema\/logo\/image\/"}},{"@type":"Person","@id":"https:\/\/fjala.info\/2009-2015\/#\/schema\/person\/3aa1163ef05469c496fc94e77611ada2","name":"admin","image":{"@type":"ImageObject","inLanguage":"sq-AL","@id":"https:\/\/fjala.info\/2009-2015\/wp-content\/uploads\/2012\/02\/arben_cokaj-120x150.jpg","url":"https:\/\/fjala.info\/2009-2015\/wp-content\/uploads\/2012\/02\/arben_cokaj-120x150.jpg","contentUrl":"https:\/\/fjala.info\/2009-2015\/wp-content\/uploads\/2012\/02\/arben_cokaj-120x150.jpg","caption":"admin"},"description":"Admin, Fjala e Lir\u00eb","sameAs":["https:\/\/fjala.info\/"],"url":"https:\/\/fjala.info\/2009-2015\/author\/admin\/"}]}},"_links":{"self":[{"href":"https:\/\/fjala.info\/2009-2015\/wp-json\/wp\/v2\/posts\/2345","targetHints":{"allow":["GET"]}}],"collection":[{"href":"https:\/\/fjala.info\/2009-2015\/wp-json\/wp\/v2\/posts"}],"about":[{"href":"https:\/\/fjala.info\/2009-2015\/wp-json\/wp\/v2\/types\/post"}],"author":[{"embeddable":true,"href":"https:\/\/fjala.info\/2009-2015\/wp-json\/wp\/v2\/users\/1"}],"replies":[{"embeddable":true,"href":"https:\/\/fjala.info\/2009-2015\/wp-json\/wp\/v2\/comments?post=2345"}],"version-history":[{"count":0,"href":"https:\/\/fjala.info\/2009-2015\/wp-json\/wp\/v2\/posts\/2345\/revisions"}],"wp:attachment":[{"href":"https:\/\/fjala.info\/2009-2015\/wp-json\/wp\/v2\/media?parent=2345"}],"wp:term":[{"taxonomy":"category","embeddable":true,"href":"https:\/\/fjala.info\/2009-2015\/wp-json\/wp\/v2\/categories?post=2345"},{"taxonomy":"post_tag","embeddable":true,"href":"https:\/\/fjala.info\/2009-2015\/wp-json\/wp\/v2\/tags?post=2345"}],"curies":[{"name":"wp","href":"https:\/\/api.w.org\/{rel}","templated":true}]}}