{"id":2328,"date":"2012-04-02T08:53:28","date_gmt":"2012-04-02T07:53:28","guid":{"rendered":"http:\/\/fjala.shkoder.net\/?p=2328"},"modified":"2012-04-02T08:53:28","modified_gmt":"2012-04-02T07:53:28","slug":"kishat-xhamijat-pushtuesit-shqiptaret","status":"publish","type":"post","link":"https:\/\/fjala.info\/2009-2015\/kishat-xhamijat-pushtuesit-shqiptaret\/","title":{"rendered":"KISHAT- XHAMIJAT- PUSHTUESIT \u2013 SHQIPTAR\u00cbT"},"content":{"rendered":"<p><img decoding=\"async\" class=\"alignright size-thumbnail wp-image-7236\" title=\"Xhevat Rexhaj\" src=\"http:\/\/www.shkoder.net\/2012\/xhevat_rexhaj.jpg\" alt=\"\" width=\"200\" \/> <strong>Xhevat Rexhaj<\/strong><\/p>\n<p>T\u00eb merresh me historin\u00eb v\u00ebrtet \u00ebsht\u00eb sikur njeriu t\u00eb thot\u00eb: \u201cPaj u \u00e7menda dhe po shkruaj edhe une, pasi q\u00eb ata q\u00eb duhet ta b\u00ebjn\u00eb kete nuk po duan dhe nuk po kan\u00eb p\u00ebrfitime materiale?\u201d.<\/p>\n<p>V\u00ebrtet jeta e njeriut n\u00eb momente t\u00eb caktuara detyron q\u00eb t\u00eb merresh edhe me tema t\u00eb cilat as nuk jan\u00eb n\u00eb domenin e njohurive, por as nuk jan\u00eb n\u00eb rendin e duhur, duke mos pasur njohuri t\u00eb mjaftuara p\u00ebr at\u00eb tem\u00eb apo q\u00ebshtje p\u00ebr t\u00eb cil\u00ebn m\u00ebton t\u00eb thuash apo t\u00eb shkruash di\u00e7. Po pasi q\u00eb jetohet n\u00eb kohen e ndryshimeve t\u00eb m\u00ebdha q\u00eb ndodhin\u00eb n\u00eb p\u00ebrditshm\u00ebrin ton\u00eb, q\u00eb ndodhin n\u00eb bot\u00eb dhe edhe n\u00eb bot\u00ebn ton\u00eb shqiptare, athere \u00ebsht\u00eb e udh\u00ebs q\u00eb njeriu edhe i thjesht\u00eb t\u00eb i jap vetes t\u00eb drejt\u00eb q\u00eb t\u00eb trajtoi temen apo q\u00ebshtjen q\u00eb i duket se meriton t\u00eb jet\u00eb n\u00eb fokus t\u00eb opinionit ton\u00eb.<\/p>\n<p>Ne shqiptar\u00ebt, e dijm\u00eb t\u00eb gjith\u00eb fatmir\u00ebsisht\u00eb nga historia e jon\u00eb e bujshme, se ishim nji nd\u00ebr popujt\u00eb e par\u00eb dhe me civlizim t\u00eb hershem n\u00eb token e Evrop\u00ebs. Nga historia e njohur bot\u00ebrisht\u00eb \u00ebsht\u00eb e ditur se ky popull, pra populli shqip\u00ebtar\u00eb ka gjenezen e lasht\u00eb, dhe sipas d\u00ebshmive t\u00eb fundit t\u00eb historianit ton\u00eb t\u00eb njohur Jusuf Buxhovi dokumentohet se ne jemi pasardh\u00ebs t\u00eb pellazg\u00ebve t\u00eb vjeter, q\u00eb do t\u00eb thot\u00eb edhe para helenve, apo ndoshta ne ishim ata q\u00eb krijuam edhe historin\u00eb me t\u00eb cil\u00ebn sot mburren kaq shum\u00eb grek\u00ebt.<\/p>\n<p>Ne ishim edhe Ilir\u00eb, ne ishim edhe perandori me shekuj edhe para Krishtit, ne ishim me territor\u00eb t\u00eb madh n\u00eb Siujdhesen Ballkanike, pra thjesht\u00eb ne ishim k\u00ebtu ku jemi, por tani m\u00eb t\u00eb coptuar n\u00eb shum\u00eb shtete t\u00eb paqena dikur, edhe pse ishim t\u00eb par\u00ebt dhe t\u00eb medhenj\u00ebt dikur. Po athua pse na ndodhi q\u00eb ne t\u00eb tkurremi aq shum\u00eb, t\u00eb humbim aq shum\u00eb dhe t\u00eb mbesim gati t\u00eb fundit n\u00eb Evrop\u00eb q\u00eb krijuam shtetin ton\u00eb me 1912, dhe k\u00ebte tjetrin Dardan\u00eb me 1992 e q\u00eb u formaliozua me ndihmen amerikane dhe demokracive evropiane me 2008?<\/p>\n<p>Se historia, jo vetem e jona, q\u00eb mos t\u00eb jemi subjektiv, tregon se ishim ata q\u00eb ishim dhe jemi pasardh\u00ebs t\u00eb civilizimit t\u00eb Evrop\u00ebs, mundet t\u00eb jet\u00eb edhe e pam\u00ebshirshme sidomos me disa popuj q\u00eb dikur ishin v\u00ebrtet t\u00eb zot\u00ebt, ne duhet gjet\u00eb fajet edhe te vet\u00eb mang\u00ebsit tona q\u00eb na p\u00ebrcollen me shekuj t\u00eb ter\u00eb e sidomos n\u00eb shekujt\u00eb kobzi dhe fatkeq n\u00ebne sundimin e eg\u00ebr osman, ku si\u00e7 dihet mir\u00ebfilli ne shqiptar\u00ebve na solli d\u00ebme t\u00eb pariparueshme n\u00eb trungun dhe ecjen ton\u00eb.<\/p>\n<p>Po ku ishim ne shqiptar\u00ebt para ardhjes\u00eb fatkeqe t\u00eb sulltan\u00ebve anadollak\u00eb n\u00eb trojet tona?Shqiptar\u00ebt aso kohe ishin t\u00eb shperndar\u00eb n\u00eb shum\u00eb principata, n\u00eb shum\u00eb territore dhe mbullonin gati gjysm\u00ebn e ballkanit, shqiptar\u00ebt aso kohe sipas historian\u00ebve ishin edhe mir\u00eb t\u00eb organizuar dhe t\u00eb vyer n\u00eb mbajtjen gjall\u00eb t\u00eb identitetit t\u00eb tyre, kishin p\u00ebrfaqsues edhe deri n\u00eb Rom\u00eb n\u00eb shekujt e koh\u00ebs s\u00eb Krishtit dhe pas Krishtit, trojet tona ishin me qytete t\u00eb vjetra, me civilizim t\u00eb asaj kohe q\u00eb ishte p\u00ebr lakmi, ishte popull me rrenj\u00eb t\u00eb forta t\u00eb futura n\u00eb trollin, pra tok\u00ebn arbnore.<\/p>\n<p>Gjith\u00eb ata shekuj rol t\u00eb veqant luante edhe feja, pasi q\u00eb ishte edhe e shtrir\u00eb n\u00eb gjith\u00eb Evrop\u00ebn e asaj kohe krishterizmi, ishte krishterimi ai q\u00eb edhe ndikonte ne zhvillimin dhe evoluimin pozitiv t\u00eb kombeve t\u00eb ndryshme q\u00eb p\u00ebrparonin me shpejt\u00ebsi si n\u00eb arsim, kultur\u00eb dhe sfera t\u00eb tjara jet\u00ebsore duke pasuruar historit\u00eb e atyre kombeve ku b\u00ebnim pjes\u00eb edhe ne shqiptar\u00ebt. Ata shekuj t\u00eb caktuar ne shqiptar\u00ebt ishim njer\u00ebz t\u00eb besimit t\u00eb krishter\u00eb, pra atij orthodox por edhe atij katolik romak, dhe kjo ska se pse t\u00eb fshehet e as t\u00eb mohohet ngase nuk guxojm\u00eb ta b\u00ebjm\u00eb nj\u00eb gj\u00eb t\u00eb till\u00eb, se p\u00ebrndryshe e dredhojm\u00eb dhe e shtremb\u00ebrojm\u00eb historin\u00eb dhe pasurin\u00eb ton\u00eb kombtare.<\/p>\n<p>Kur kihet e gjith\u00eb kjo parasysh athere leht\u00eb vijm\u00eb n\u00eb p\u00ebrfundim dhe nxjerrim fakte t\u00eb m\u00ebdha se ata shekuj ishin shekuj kur n\u00eb trojet e Arbrit, Dardanis\u00eb, Ilirides e viseve tjera t\u00eb banuara me shqiptar\u00eb u nd\u00ebrtuan edhe kisha t\u00eb shumta, koha dhe rrethanat ishin t\u00eb tilla dhe shqipatr\u00ebt si popull evropian ishte normale q\u00eb ishte pjes\u00eb e k\u00ebtij realiteti. Pa asnji m\u00ebdyshje t\u00eb gjitha kishat e vjetra t\u00eb Dardanis\u00eb s\u00eb sotme duke filluar nga ajo e Deqanit ( n\u00eb vitet 1305) dhe e Pejes ( 1300)ishin kisha t\u00eb nd\u00ebrtuara nga shqiptar\u00ebt, ishin objekte fetare shqiptare, q\u00eb dikur m\u00eb von\u00eb me ardhjen e turqve ato sh\u00ebndrrohen n\u00eb kisha kinse serbe.<\/p>\n<p>Sikur hstoria dhe historian\u00ebt tan\u00eb t\u00eb ishin m\u00eb t\u00ebr nagazhuar, m\u00eb t\u00eb arsimuar dhe m\u00eb t\u00eb vendosur sigurisht\u00eb se edhe sot e k\u00ebsaj dite do t\u00eb gjenin fakte dhe dokumente t\u00eb shumta q\u00eb do e p\u00ebrligjnin dhe do e tregonin t\u00eb v\u00ebrteten p\u00ebr to, por mjerisht\u00eb ne ende edhe sot e k\u00ebsaj dite kemi, apo th\u00ebn\u00eb m\u00eb mir\u00eb skemi, historian t\u00eb till\u00eb, po nj\u00eb Jusuf Buxhovi i cili m\u00eb shum\u00eb punon she shkruan sesa e t\u00ebr\u00eb nj\u00eb akademi apo Institut\u00eb Historie, mjerim dhe fatalitet p\u00ebr nji shtet dhe shoq\u00ebri q\u00eb m\u00ebton\u00eb t\u00eb jet\u00eb me vlera t\u00eb sotme evropiane. Po t\u00eb ndalemi p\u00ebrseri t\u00eb kishat me t\u00eb cilata sot e gjith\u00eb diten Serbia na nxjerr telashe, na krijon rrethana dhe situata t\u00eb pakap\u00ebrcyeshme duke luajtur loj\u00ebn e f\u00eblliqur se k\u00ebto kisha jan\u00eb histori e tyre, jan\u00eb pasuri e tyre dhe duhet t\u00eb mbesin pasuri e Serbis\u00eb?<\/p>\n<p>Ky \u00ebsht\u00eb m\u00eb shum\u00eb se absurditet dhe \u00ebsht\u00eb m\u00eb shum\u00eb se fatalitet p\u00ebr ne shqiptar\u00ebt dhe p\u00ebr shtetin ton\u00eb Kosov\u00ebn, ngase gjithnji edhe n\u00eb t\u00eb ardhm\u00ebn ne do t\u00eb kemi probleme m\u00eb k\u00ebt\u00eb tretman q\u00eb Serbia iu b\u00ebn\u00eb kishave t\u00eb Kosov\u00ebs, pra kishat e Kosov\u00ebs nuk ishin dhe nuk do jen\u00eb kurr\u00eb t\u00eb Serbis\u00eb. por duhet dhe do jen\u00eb kisha t\u00eb Kosov\u00ebs, pra pasuri e patundshme dhe pasuri kombtare e shtet\u00ebrore e jona ngase ishin dhe jan\u00eb n\u00eb territorin ton\u00eb, jan\u00eb n\u00eb trungun ton\u00eb dhe se jan\u00eb edhe tonat, jan\u00eb p\u00ebr njer\u00ebz t\u00eb besimit orthodox, e kjo kurr\u00eb nuk guxon t\u00eb kuptohet se jan\u00eb vet\u00ebm t\u00eb serb\u00ebve t\u00eb besimit orthodox.<\/p>\n<p>N\u00eb shekulline XIV kur Turqia pushtoi ter\u00eb tokat tona, sigurisht\u00eb se filloi edhe ndryshimi i konfiguarcionit dhe i q\u00ebshtjes\u00eb s\u00eb kishave shqiptare t\u00eb besimit katolik dhe atij orthodox, besiohet se me futjen e islamizmit osman, anadollaket e sullatnit ishin t\u00eb predisponuar q\u00eb t\u00eb nderronin \u00e7do gj\u00eb kur b\u00ebhej fjal\u00eb p\u00ebr \u201cArrnautet\u201d, ata q\u00ebllim kryesor dhe par\u00ebsor e kan\u00eb patur q\u00eb shqiptar\u00ebve tua mohojn\u00eb t\u00eb gjitha t\u00eb drejtat, tua shk\u00ebpusin rr\u00ebnjet e s\u00eb kaluar\u00ebs dhe tua impononin fen\u00eb dhe traditat anadollake, me k\u00ebt\u00eb n\u00eb an\u00ebn tjeter turqit iu dhan\u00eb t\u00eb gjitha t\u00eb drejtat shkieve, maqedon\u00ebve dhe grek\u00ebve e malazez\u00ebve, atyre as ua nd\u00ebrrojke fen\u00eb as as nuk u ndertojke xhamija, atyre ua lejonte shkollat e deri te univerziteti, ndersa shqiptar\u00ebv u nd\u00ebrtonte Hamame dhe Mejtepe p\u00ebr t\u00eb m\u00ebsuar faljet dhe islamin\u2026 shkurt p\u00ebr t\u00eb degjenerue dhe largue nga identiteti komb\u00ebtar\u00eb gjith\u00eb shqiptarin\u00eb.<\/p>\n<p>N\u00eb k\u00ebte q\u00ebshtje turqit sipas historis\u00eb s\u00eb shkruar dhe treguar brez pas brezi, ishin tep\u00ebr gjenocidial kunder shqiptar\u00ebve, ata q\u00eb nuk pranonin t\u00eb nd\u00ebrronin gjith\u00e7ka n\u00eb favor t\u00eb turqve u preheshin kokat, u vareshin familjet, u merreshin t\u00eb gjitha t\u00eb mirat shtepiake e deri te perndjekja larg trojeve stergjyshore, ndersa n\u00eb an\u00ebn tjeter serb\u00ebve ua lejonte t\u00eb gjitha ose edhe i shtynte t\u00eb vrisnin shqiptar\u00eb dhe tu merrnin tokat e shqiptar\u00ebve. Me ardhjen e turqve ndodhi edhe sh\u00ebnd\u00ebrrimi i kishave tona n\u00eb ato serbe, dhe k\u00ebtu thjesht\u00eb lind pyetja, por si \u00ebsht\u00eb e mundur q\u00eb n\u00eb ato koh\u00eb Turqia me besim islam u lejonte serb\u00ebve p\u00ebrdorimin e kishave dhe lejimin e lir\u00eb t\u00eb mbajtjes\u00eb s\u00eb fes\u00eb s\u00eb krishter\u00eb?<\/p>\n<p>P\u00ebrgjigja mund\u00eb t\u00eb jet\u00eb v\u00ebrtet e leht\u00eb; po Turqia lejonte t\u00eb gjitha q\u00eb k\u00ebrkonin serbet \u201c qafira\u201d ngase i donte serbet, i ledhatonte dhe i shp\u00ebrblente ata, ndersa vriste dhe nuk lejonte asgj\u00eb shqiptare, mbyllte kishat tjera shqiptare dhe kleriket i vriste, i ngulte nep\u00ebr hunj\u00eb shqiptar\u00ebt e fort\u00eb dhe patriota, serb\u00ebve u lejonte Kishen e Deqanit at\u00eb t\u00eb Pejes dhe shum\u00eb t\u00eb tjera duke ua marr\u00eb shqiptar\u00ebve, serbet nuk i luftonte por i lejonte t\u00eb ndertonin, t\u00eb p\u00ebrparonin dhe t\u00eb jetonin si m\u00eb s\u00eb miri, ndersa gjith\u00eb \u00e7ka ishte shqiptare e p\u00ebrdhosi me shekuj e zhduku kudo mundi edhe at\u00eb pak trash\u00ebgimi q\u00eb kishim, nuk investoi asgj\u00eb n\u00eb t\u00eb mir\u00eb t\u00eb shqiptar\u00ebve por ua mori dhe i eksportoi me shekuj t\u00eb mirat dhe taksat e shqiptar\u00ebve p\u00ebr Turqi thjesht\u00eb me shekuj shkat\u00ebrroi gati b\u00ebrthamen ton\u00eb kombtare.<\/p>\n<p><strong>Po ne si sillemi sot karshi kishave dhe xhamijave?<\/strong><br \/>\nMjerisht\u00eb q\u00eb pas lufte p\u00ebrseri ka filluar t\u00eb duket nji deformitet i madh n\u00eb trungun dhe mendjen shqiptare, ne sot nuk kemi forc\u00eb q\u00eb haptazi dhe me plot\u00eb goj\u00ebn t\u00eb themi se kishat e besimit orthodox n\u00eb Kosov\u00eb jan\u00eb prona t\u00eb Kosov\u00ebs, me k\u00ebte mendohet pron\u00eb e popullit t\u00eb Kosov\u00ebs, e t\u00eb gjitha etnive pra edhe e ne shqiptar\u00ebve. Ne shqiptar\u00ebt nuk duhet t\u00eb ngurrojm\u00eb t\u00eb vizitojm\u00eb k\u00ebto objekte, ngase largimi apo alergjia \u201c patriotike\u201d e budallakavt\u00eb ndaj kishave tona qon\u00eb uji n\u00eb mullirin e armikut ton\u00eb Serbis\u00eb, ne duhet edhe t\u00eb shkojm\u00eb n\u00eb mesha ( mendoi s\u00eb pari p\u00ebr besimtar\u00ebt tan\u00eb t\u00eb besimit orthodox por pse jo edhe t\u00eb t\u00eb gjith\u00eb shqiptar\u00ebve) q\u00eb t\u00eb shofin edhe vet se k\u00ebto kisha ishin t\u00eb ndertuara nga shqiptar\u00ebt, dhe t\u00eb ruajtura n\u00eb koh\u00eb t\u00eb ndryshme po nga shqiptar\u00ebt, e q\u00eb dokumnetohet edhe me fakte dhe fotografi t\u00eb ndryshme.<\/p>\n<p><em>Shqiptar\u00ebt me plisa t\u00eb bardh\u00eb por q\u00eb sigurisht m\u00eb von\u00eb serb\u00ebt ua kan\u00eb nd\u00ebrrue emrat e tyre, foto e vitit 1885.<\/em><\/p>\n<p><img decoding=\"async\" class=\"aligncenter size-thumbnail wp-image-7236\" title=\"Shqip\u00ebtar\u00eb m\u00eb 1885\" src=\"http:\/\/www.shkoder.net\/2012\/shqipetare_1885.jpg\" alt=\"\" width=\"450\" \/><\/p>\n<p>\u201cSe \u00ebsht\u00eb e njohur, n\u00eb serbizimin e shqiptar\u00ebve ortodoks, katolik e mysliman dhe t\u00eb vllehve edhe me dhun\u00eb, dallohej n\u00eb ve\u00e7anti veprimi i \u201cPatrarkan\u00ebs s\u00eb Pej\u00ebs\u201d, q\u00eb si e privilegjuar nga turqit u themelua m\u00eb 1557 nga Makario Sekulloviqi (v\u00ebllai i Vezirit t\u00eb Madh, Mehmet Pash Sokullua \u2013\u201cacemi oglan\u201d), me lejen e Sulltan Sulejmanit, n\u00eb t\u00eb nj\u00ebjt\u00ebn koh\u00eb kur ky Sulltan shkat\u00ebrroi Butrintin dhe qytetet tjera shqiptare bregdetare etj. N\u00ebn veprimin e k\u00ebtill\u00eb t\u00eb konvertimit dhe t\u00eb asimilimit t\u00eb detyruesh\u00ebm t\u00eb shqiptar\u00ebve ortodoks e katolik n\u00eb serb, erdhi deri t\u00eb serbizimi i vllehve (ilir\u00ebve krishter\u00eb t\u00eb romanizuar) dhe t\u00eb pjes\u00ebtar\u00ebve t\u00eb fiseve m\u00eb t\u00eb njohura shqiptare, si Hoti, Kelmendi, Gruda, Kastrati, Kuqi, Palabardhi, Vasojeviqi, Piperi, Shoshi, Shala, Gashi etj..<\/p>\n<p>P\u00ebr k\u00ebt\u00eb na d\u00ebshmon edhe vet\u00eb historia e malazez\u00ebve, q\u00eb thot\u00eb se nga tri v\u00ebllaz\u00ebri shqiptare rrjedhin k\u00ebto tri fise: Krasniq\u00ebt nga Krasa, Vasojeviq\u00ebt nga Vasa dhe Piper\u00ebt nga Pipo, si dhe Bellop\u00e7avljiq\u00ebt nga Bjelli Pavlje, alias Palbardhi i Lek\u00eb Dukagjinit, etj. Po k\u00ebt\u00eb veprim t\u00eb konvertimit t\u00eb dhunsh\u00ebm edhe t\u00eb shqiptar\u00ebve mysliman n\u00eb fen\u00eb ortodokse dhe serbizimin e tyre e vazhdoi \u201cPatriarkana e Pejes\u201d edhe gjat\u00eb Luft\u00ebrave Ballkanike dhe Luft\u00ebs s\u00eb Par\u00eb Bot\u00ebrore, me q\u00ebllim q\u00eb duke i konvertuar shqiptar\u00ebt n\u00eb serb\u00eb, t\u00eb ndryshojn\u00eb struktur\u00ebn komb\u00ebtare t\u00eb popullsis\u00eb s\u00eb Kosov\u00ebs dhe t\u00eb trevave tjera shqiptare p\u00ebr t\u00eb krijuar nj\u00eb Serbi t\u00eb Madhe, t\u00eb banuar vet\u00ebm nga serb\u00ebt. P\u00ebr \u00e7udi, po kjo platform\u00eb serbomadhe ishte dhe mbeti strategji e tyre edhe n\u00eb fillim t\u00eb mileniumit t\u00eb tret\u00eb. \u201cTucoviqi v\u00ebrteton se edhe vet\u00eb Karagjorgje ishte me prejardhje shqiptare nga fisi Hoti, q\u00eb \u00ebsht\u00eb mjaft\u00eb bind\u00ebse kur dihet fare mir\u00eb se Vasojeviq\u00ebt, bashk\u00eb me fiset fqinje shqiptare Hoti dhe Krasniqi kan\u00eb t\u00eb nj\u00ebjtin paraardh\u00ebs\u201d \u201c citat nga shkrimi i Prof. Dr. N. Bashotes.<\/p>\n<p>Pra siq e cekin njer\u00ebzit tan\u00eb t\u00eb dijes dhe shkenc\u00ebs kuptohet kjart\u00eb se turqit lejuan serbet q\u00eb t\u00eb \u00e7kombtarizojn\u00eb shqiptarin\u00eb me lloj lloj metodash fashizoide dhe gjenocidiale.<br \/>\nV\u00ebrtet serb\u00ebt kurr\u00eb nuk do t\u00eb d\u00ebshirojn\u00eb q\u00eb edhe shqiptar\u00ebt t\u00eb vizitojn\u00eb dhe ti trajtojn\u00eb kishat orthodoxe si pasuri t\u00eb tyre shtet\u00ebrore, pra pasuri kulturore kosovare, por ata d\u00ebshirojn\u00eb q\u00eb ne shqiptar\u00ebt t\u00eb rrijm\u00eb sa m\u00eb larg k\u00ebtyre objekteve duke i konsideruar si t\u00eb huaja dhe serb\u00ebt t\u00eb ken\u00eb gjithmon\u00eb primatin mbi to, mir\u00ebpo me kohen e p\u00ebrshtatshme edhe ne do t\u00eb nd\u00ebrrojm\u00eb q\u00ebndrimin dhe do i p\u00ebrqafojm\u00eb k\u00ebto objekte t\u00eb nji r\u00ebnd\u00ebsie t\u00eb vecant p\u00ebr trash\u00ebgimin ton\u00eb dhe hiostorin\u00eb ton\u00eb, pse jo t\u00eb ket\u00eb edhe vizitor\u00eb nga bota n\u00eb k\u00ebto objekte dhe me koh\u00eb t\u00eb p\u00ebrpilohen edhe broshura dhe dokumente me t\u00eb gjturat dhe faktimet rreth t\u00eb s\u00eb kaluar\u00ebs s\u00eb k\u00ebtyre munumenteve.<\/p>\n<p>Ne nuk guxojm\u00eb q\u00eb t\u00eb imunizohemi me ndjenjat e t\u00eb themi se pasi q\u00eb jan\u00eb kisha t\u00eb orthodoxeve serbe athere sna interesojn\u00eb apo nuk i duam, ngase do gabojm\u00eb shum\u00eb dhe do jemi d\u00ebmtues t\u00eb historis\u00eb son\u00eb, te e fundit ishin n\u00eb trojet tona qysh pa ardhur pushtuesi turk dhe kuptohet se ne i nd\u00ebrtuam dhe i mbajtem gjall\u00eb e n\u00eb k\u00ebmb\u00eb edhe pse t\u00eb tjetersuara p\u00ebr serbet me ndihmen e turq\u00ebve.<\/p>\n<p>E kund\u00ebrta ndodh me xhamijat dhe hamamet turke e anadollake q\u00eb na i lan\u00eb pas pushtimit turqit\u00eb, dhe pas nd\u00ebrrimit t\u00eb fes\u00eb, apo pas imponimit t\u00eb fes\u00eb islame. Shum\u00eb shqiptar\u00eb mjerisht\u00eb shkojn\u00eb dhe falen n\u00eb xhamijat q\u00eb mbajn\u00eb emrat e xhelat\u00ebve turq q\u00eb pren e masakruan me miliona shqiptar\u00eb, q\u00eb asimiluan ashtu miliona shqiptar\u00eb, falemi n\u00eb xhamija t\u00eb sulltan\u00ebve, t\u00eb atyre q\u00eb na pushtuan 500 vite, xhamija q\u00eb deri me ardhjen e turqve ishin t\u00eb huaja p\u00ebr neve, ishin larg civilizimit dhe identitetit ton\u00eb. Ne sot mjerisht\u00eb kemi marr\u00eb turrin drejt\u00eb islamizimit total, ne sot p\u00ebrqafojm\u00eb pa kurrfar\u00eb kriteresh lloj lloj sektesh islame q\u00eb p\u00ebrfaq\u00ebsojn\u00eb nji rrezik t\u00eb madh p\u00ebr identitetin shqiptar\u00eb, p\u00ebr t\u00eb ardhm\u00ebn shqiptare dhe gjeneratat e reja q\u00eb do duhej t\u00eb paiseshin me dije, me vlera dhe me ecje demokratike p\u00ebrpara.<\/p>\n<p>Sot n\u00eb trojet tona nd\u00ebrtohen me qindra e mij\u00ebra xhamija pa kurrfar\u00eb nevoje dhe pa kurrfar\u00eb paramendimesh se sa ecje mbrapa na sjellin k\u00ebto veprime, ne n\u00eb vend se t\u00eb orientohemi drejt\u00eb shkollimit dhe profesionalizimit t\u00eb mir\u00eb p\u00ebr tu bashkuar me bot\u00ebn demokratike marrim turr drejt\u00eb err\u00ebsir\u00ebs dhe bythprapjes\u00eb son\u00eb, pra shkurt\u00eb ne nuk i \u00e7mojm\u00eb vlerat q\u00eb i pat\u00ebm, por p\u00ebrkulemi para sullatn\u00ebve dhe arabistan\u00ebve, me k\u00ebto veprime humbim edhe miq\u00ebt tan\u00eb q\u00eb na shpetuan nga shfarosja sllave e p\u00ebrkrahur nga shum\u00eb shtete islame e arabe.<\/p>\n<p>Shqiptar\u00ebt sot p\u00ebr sot mbeten n\u00eb nji udh\u00ebkryq fatal, a ecje drejt\u00eb mir\u00ebqenjes dhe ardhm\u00ebris\u00eb prosperuese apo ecje mbrapa drejt\u00eb lindjes\u00eb dhe drejt\u00eb prapambetjes\u00eb cullake q\u00eb na ofrohet p\u00ebrmes emisar\u00ebve t\u00eb ndrysh\u00ebm q\u00eb kooperojn\u00eb me turlifar\u00eb politikan\u00ebsh dhe biznismen\u00ebsh, q\u00eb mbushin xhepat dhe kontot e tyre me qindra miliona p\u00ebr t\u00eb na ofruar investues arab n\u00eb ndertime xhamijash dhe hamamesh?, ky \u00ebsht\u00eb v\u00ebrtet udh\u00ebkryq q\u00eb me v\u00ebshtiresi do t\u00eb tejkalohet, duke pas parasysh rrjedhat e momentit.<\/p>\n<p>Populli shqiptar\u00eb duhet t\u00eb vet\u00ebdij\u00ebsihet dhe t\u00eb kapet shum\u00eb p\u00ebr identitetin dhe shtetin, sot kemi dy shtete t\u00eb kombit, kemi dy shtete q\u00eb duhet t\u00eb jen\u00a8baz\u00eb e fort\u00eb p\u00ebr nd\u00ebrtim kulture dhe rregulli shoq\u00ebror p\u00ebr tmir\u00ebn e qytetar\u00ebve t\u00eb tyre. Ne sot kemi hap\u00ebsir\u00eb t\u00eb mir\u00eb p\u00ebr t\u00eb rregulluar q\u00ebshtjen ton\u00eb kombtare, t\u00eb marrim shembull nga izraelitet e jo nga palestinezet, ngase izraelitet p\u00ebr kombin dhe shtetin shkrihen si individ\u00eb, familje, grup dhe rreth i t\u00ebr\u00eb, ndersa palestinezet jan\u00eb ashembulli m\u00eb i keq se si nuk duhet t\u00eb veprohet me budallaki p\u00ebr t\u00eb krijuar shtet ngase vllaznit e tyre arab dhe islam nuk i ndihmojn\u00eb, pra k\u00ebtu shifet se kend duhet ne ta marrim shembull.<\/p>\n<p>Ne sot kemi miq\u00eb dhe kemi kombete m\u00eb t\u00eb forta t\u00eb bot\u00ebs n\u00eb an\u00ebn ton\u00eb, andaj duhet t\u00eb i shfryt\u00ebzojm\u00eb me veprimet tona t\u00eb menqura, nuk jemi as kund\u00ebr xhamijave por athere ti respektojm\u00eb m\u00eb shum\u00eb edhe kishat tona t\u00eb shenjta, t\u00eb ndodhura brenda kufinj\u00ebve tan\u00eb shtet\u00ebror, brenda trungut ton\u00eb, t\u00eb kuptojm\u00eb dhe t\u00eb realizojm\u00eb historin\u00eb ton\u00eb se kisha e Pejes ajo e Deqanit, dhe t\u00eb tjerat jan\u00eb kisha tonat, pasuri e shtetit dhe kombit, dhe se ato kisha jan\u00eb t\u00eb t\u00eb gjith\u00eb besimtar\u00ebve t\u00eb etnive t\u00eb ndryshme e jo vet\u00ebm t\u00eb serb\u00ebve.<\/p>\n<p>Ne nuk guxojm\u00eb ti hudhim dhe ti shperfillim objektet q\u00eb me shekuj pa ardhur turqit pushtues, ishin t\u00eb ndertuara n\u00eb truallin ton\u00eb, ne duhet t\u00eb bejm\u00eb broshura, fletushka dhe material tjet\u00ebr p\u00ebr turizmin, p\u00ebr t\u00eb huajt dhe t\u00eb tregojm\u00eb se k\u00ebto jan\u00eb objekte fetare kombtare t\u00eb shtetit t\u00eb Republik\u00ebs s\u00eb Kosov\u00ebs. Ne n\u00ebse shkojm\u00eb dhe \u201c knaqemi \u201c n\u00eb xhamijat \u00a8qe na i ndertoi me zor turku, nese i \u00e7mojm\u00eb ato me emrat e pushtuesve tan\u00eb t\u00eb ndryshem sulltaneza athere duhet t\u00eb kujdesemi edhe p\u00ebr kishat tona edhe pse p\u00ebr momnetin serb\u00ebt k\u00ebmb\u00ebngulin se jan\u00eb t\u00eb tyre dhe pron\u00eb e Serbis\u00eb???<\/p>\n<p>Jo jo ishin dhe mbesin n\u00eb trollin Dardana\u00eb dhe n\u00eb sfondin e histroris\u00eb ton\u00eb. Serb\u00ebt dhe truqit na soll\u00ebn shum\u00eb d\u00ebme, serb\u00ebt dhe truqit na nd\u00ebrruan shum\u00eb n\u00eb trungun ton\u00eb por jo ne megjithat\u00eb mbetem shqip\u00ebtar\u00eb, pra v\u00ebrtet shqip\u00ebtar\u00eb me tri besime, mund edhe t\u00eb shtohen por kryesore ne duhet t\u00eb ruajm\u00eb identitetin ton\u00eb komb\u00ebtar\u00eb dhe gjithmon\u00eb e kudo t\u00eb themi se jemi shqiptar\u00eb dhe mbesim shqiptar\u00eb po ashtu si\u00e7 e ka th\u00ebn\u00eb V. P. Shkodrani i madh\u2026<\/p>\n<p>Keto te dh\u00ebna jan\u00eb marr\u00eb te libri :shqipetar\u00ebt dhe serb\u00ebt ne Kosov\u00eb: autor Skender Rizaj.<br \/>\nTani do i japi do mbiemra familjeje qe jan\u00eb asimiluar ne Serb ,Malazez e Boshnjak.<\/p>\n<p>\u201cSM=serbo malazez<br \/>\nB=boshnjak<br \/>\nT=Turk<br \/>\nKada-Kadiq i kisha komshi te par.<br \/>\nGjuka-Gjukiq-Gjukanoviq(SM)<br \/>\nBoja-Bojiq-Bojoviq(SM)<br \/>\nBojku-Bojkoviq(SM)<br \/>\nGashi-Gashiq(SM)-Gashanin(B)GASH(T)<br \/>\nIshte nje mjek injoftur n<br \/>\nne Peje, Gashiq<br \/>\nBerisha-Berishiq(SM)<br \/>\nBuri -Buriq(SM)<br \/>\nShoshi-Shoshkiq(SM) dhe(B)<br \/>\nShala-Shaliq(SM)-shalanin(B)-Shalunoviq(B)<br \/>\nNe nje fshat te Plaves<br \/>\nbashkjetojn te tri palet<br \/>\nShqiptar-Serb-Bosh<br \/>\nnjak te kesaj familj<br \/>\ne nga kjo familje es<br \/>\nhte Millan Shaliqi i ci<br \/>\nli ka qen me post te<br \/>\nlarte ne ish jugoslla<br \/>\nvi.<br \/>\nGjurka-Gjurkoviq(SM) dhe(B)<br \/>\nGjoka-Gjokiq(SM)-Gjogovoq(B)<br \/>\nGjeli-Gjeloviq(SM)<br \/>\nHoti-Hot(B)-Hotoviq(B)-Otoviq(B)<br \/>\nGruda-Grudiq(SM)<br \/>\nGruja-Grujiq(SM)<br \/>\nAgolli-Agoviq(B)<br \/>\nAgani-Aganiq(B)<br \/>\nRegjepaga-Regjepagiq(B)<br \/>\nZogu-Zogoviq(SM) Nje fshat i ter ne Peje Ku nje plak i tyre ne bised me ka pranuer vet se jan me prejaredhje shqiptere.<br \/>\nLulaj-Luliq(SM)<br \/>\nBala-Baliq(B) Numan baliq deputet nekuvendin e Kosoves eshte nga kjo familje.<br \/>\nPeshku -Peshkoviq(B)<br \/>\nHusaj-Huskoviq(B)<br \/>\nMartinaj-Martinoviq(SM)<br \/>\nShabi-Shaboviq(B)<br \/>\nBasha-BAsha(T)-Bashoviq(B)-Bashiq(B)<br \/>\nGusija-Gusinac(B)<br \/>\nRugova-Rugovac(B)<br \/>\nNikqi-Nikqeviq(SM)-Nikiq(SM)<br \/>\nShkreli-Shkriel(B)<br \/>\nBrala-Braliq(B) nje pjes jeton ne Peje tjetra ne Rozhaj e para Shqiptare keta te dytit Boshnjak kan hyrje dalje edhe sod dmth ndiqen ne dasma e dek.<br \/>\nDaci -Daciq keto i njohe personalisht pasi gjyshen e kam nga kjo familje \u2018jetojne ne Peje nje pjes ne Rozhaj dhe nje ne Turqi e Maqedoni perveqe ketyre ne Pej te tjeret mbahen si Boshnjak edhe pse gati te gjith e din shqipen ende.<br \/>\nKelmendi-Kelmenta(B)<br \/>\nKola-Koliq(B)-Kojiq(B)<br \/>\nPeja-Pejanoviq(SM)<br \/>\nBardhi-Bardiq(SM)<br \/>\nNura-Nurkoviq(B) e njoh nje Uka nurkoviq ai ithot vetit boshnjak po un se kuptoj si kur edhe emri i tregon se eshte Shqipetar se ne SLLAVISHTE ujki(uka) eshte VUK e jo UK.<\/p>\n<p>Kapedani-Kapetanoviq(B) jan dajat e nje shokut tim thon vet qe kan qen Shqipetar.<br \/>\nPela-Peleviq(SM)<br \/>\nPreni-Preniq(B)<br \/>\nFeri-Feroviq(B)<br \/>\nSeferi-Seferoviq(B)<br \/>\nKryeziu-kryeziu(T)-Crnoglaviq(SM) e kan perkthy mbiemrin njejte si Palabardhet ne bjellopavliq.<br \/>\nBajrami-Bajramoviq(B)<br \/>\nLajqi-Laiq(B) Rasim Laiq minister i minoriteteve ne qeverin serbe sod,kusheri i afert i dajeve te mi e mban veten si boshnjak edhe pse e din prejardhjen e vet Shqiptare.<br \/>\nKuku-kukiq(SM)-Kukal(SM) ket familje e kam njoft personalisht se kan punu bashk m\\ne ni ndermarje baba ime me kryefamiljarin ,dhe aj thoshte vet se jan me prejardhje shqiptare dhe se kusherinjet i ka nga ana e Deqanit Kukalaj thiren.<br \/>\nCucaj-Cucinjanin(B) jan dajet e nje shokut tim nena e tij tregon qe pleqet ne familje kan fol shqip ndersa tashi keta te rite nuk dine.<br \/>\nMyezini-Muezinoviq(B) nga kjo familje eshte gjyshja e ni shokut tim(naser berlajolli) ajo thot se jav shqipetar,kam pes rastin ti shoh ca foto te tyre te gjith ishin me teshe kombtare tonat dhe njeri kishte emrin Macan dmth shqip.<br \/>\nDreka -Drekalloviq(SM)<br \/>\nBabaj-Baboviq(SM)-Babiq(SM)<br \/>\nJashari-Jasharoviq(B)<br \/>\nDamjani-Damjanoviq(SM)<br \/>\nShahmani-Shahmanoviq(B)<br \/>\nDashi-Dashiq k\u00ebto te dy par\u00ebt kan\u00eb jetuar ne Pej\u00eb.\u201c<\/p>\n<p>Une vendosa ti fus n\u00eb shkrimin tim\u00eb k\u00ebto foto t\u00eb marra n\u00eb portale shqiptare, ku v\u00ebrehet se v\u00ebrtet mbrojtjen e kishave e b\u00ebn\u00eb edhe vet shqiptar\u00ebt ngase me ket\u00eb ruajten t\u00eb kaluaren ton\u00eb, ndersa p\u00ebr q\u00ebshtjen e nd\u00ebrrimit t\u00eb emrave p\u00ebrzgjodha pjes\u00eb nga studimet e Z. S. Riza studiues i njohur shqiptar\u00eb, ndersa p\u00ebrshkrimet dhe t\u00eb dh\u00ebnat tjera pas emrave dhe mbiemrave jan\u00eb t\u00eb nj\u00eb shqiptari me emrin A. Alijaj.<\/p>\n<p>T\u00eb nderuar lexues nuk b\u00ebra tentim t\u00eb marr detyren e historianit, por v\u00ebrtet mendova t\u00eb qespak t\u00eb dh\u00ebna t\u00eb d\u00ebshmuara nga njer\u00ebz t\u00eb profesionit, p\u00ebr t\u00eb treguar deri dikund t\u00eb kaluaren dhe q\u00ebshtjen e kishave dhe xhamijave q\u00eb edhe sot po na perballin me identitetin ton\u00eb, duke u frugua nga nj\u00ebra e duke p\u00ebrqafuar tjetren, e q\u00eb mjerishte \u00ebsht\u00eb gabim ngase q\u00eb t\u00eb dyjat kishat dhe xhamijat tan\u00eb m\u00eb jan\u00eb pjes\u00eb e historis\u00eb son\u00eb edhe pse nj\u00ebra ishte me shekuj k\u00ebtu n\u00eb trojet shqiptare ndersa tjetra na erdhi nga pushtuesi osmanllinj\u00eb\u2026<\/p>\n<p>T\u00eb mbesim shqiptar\u00eb e fen\u00eb ta praktiokojn\u00eb me maturi dhe menquri ata q\u00eb duan, por gjithmon\u00eb t\u00eb mendohet p\u00ebr identitetin dhe kombin\u2026<\/p>\n<p><strong>Xhevat Rexhaj<\/strong><\/p>\n<p>Marre nga <a href=\"http:\/\/tribunashqiptare.net\/?p=5924\">http:\/\/tribunashqiptare.net\/?p=5924<\/a><\/p>\n","protected":false},"excerpt":{"rendered":"<p>Xhevat Rexhaj T\u00eb merresh me historin\u00eb v\u00ebrtet \u00ebsht\u00eb sikur njeriu t\u00eb thot\u00eb: \u201cPaj u \u00e7menda dhe po shkruaj edhe une, pasi q\u00eb ata q\u00eb duhet ta b\u00ebjn\u00eb kete nuk po duan dhe nuk po kan\u00eb p\u00ebrfitime materiale?\u201d. V\u00ebrtet jeta e njeriut n\u00eb momente t\u00eb caktuara detyron q\u00eb t\u00eb merresh edhe me tema t\u00eb cilat as [&hellip;]<\/p>\n","protected":false},"author":1,"featured_media":0,"comment_status":"open","ping_status":"closed","sticky":false,"template":"","format":"standard","meta":{"footnotes":""},"categories":[2],"tags":[],"class_list":{"0":"post-2328","1":"post","2":"type-post","3":"status-publish","4":"format-standard","6":"category-artikuj"},"yoast_head":"<!-- This site is optimized with the Yoast SEO plugin v27.4 - https:\/\/yoast.com\/product\/yoast-seo-wordpress\/ -->\n<title>KISHAT- XHAMIJAT- PUSHTUESIT \u2013 SHQIPTAR\u00cbT - FjALA e LIR\u00cb - Arkivi<\/title>\n<meta name=\"robots\" content=\"index, follow, max-snippet:-1, max-image-preview:large, max-video-preview:-1\" \/>\n<link rel=\"canonical\" href=\"https:\/\/fjala.info\/2009-2015\/kishat-xhamijat-pushtuesit-shqiptaret\/\" \/>\n<meta property=\"og:locale\" content=\"sq_AL\" \/>\n<meta property=\"og:type\" content=\"article\" \/>\n<meta property=\"og:title\" content=\"KISHAT- XHAMIJAT- PUSHTUESIT \u2013 SHQIPTAR\u00cbT - FjALA e LIR\u00cb - Arkivi\" \/>\n<meta property=\"og:description\" content=\"Xhevat Rexhaj T\u00eb merresh me historin\u00eb v\u00ebrtet \u00ebsht\u00eb sikur njeriu t\u00eb thot\u00eb: \u201cPaj u \u00e7menda dhe po shkruaj edhe une, pasi q\u00eb ata q\u00eb duhet ta b\u00ebjn\u00eb kete nuk po duan dhe nuk po kan\u00eb p\u00ebrfitime materiale?\u201d. V\u00ebrtet jeta e njeriut n\u00eb momente t\u00eb caktuara detyron q\u00eb t\u00eb merresh edhe me tema t\u00eb cilat as [&hellip;]\" \/>\n<meta property=\"og:url\" content=\"https:\/\/fjala.info\/2009-2015\/kishat-xhamijat-pushtuesit-shqiptaret\/\" \/>\n<meta property=\"og:site_name\" content=\"FjALA e LIR\u00cb - Arkivi\" \/>\n<meta property=\"article:published_time\" content=\"2012-04-02T07:53:28+00:00\" \/>\n<meta property=\"og:image\" content=\"http:\/\/www.shkoder.net\/2012\/xhevat_rexhaj.jpg\" \/>\n<meta name=\"author\" content=\"admin\" \/>\n<meta name=\"twitter:card\" content=\"summary_large_image\" \/>\n<meta name=\"twitter:label1\" content=\"Written by\" \/>\n\t<meta name=\"twitter:data1\" content=\"admin\" \/>\n\t<meta name=\"twitter:label2\" content=\"Est. reading time\" \/>\n\t<meta name=\"twitter:data2\" content=\"19 minutes\" \/>\n<script type=\"application\/ld+json\" class=\"yoast-schema-graph\">{\"@context\":\"https:\\\/\\\/schema.org\",\"@graph\":[{\"@type\":\"Article\",\"@id\":\"https:\\\/\\\/fjala.info\\\/2009-2015\\\/kishat-xhamijat-pushtuesit-shqiptaret\\\/#article\",\"isPartOf\":{\"@id\":\"https:\\\/\\\/fjala.info\\\/2009-2015\\\/kishat-xhamijat-pushtuesit-shqiptaret\\\/\"},\"author\":{\"name\":\"admin\",\"@id\":\"https:\\\/\\\/fjala.info\\\/2009-2015\\\/#\\\/schema\\\/person\\\/3aa1163ef05469c496fc94e77611ada2\"},\"headline\":\"KISHAT- XHAMIJAT- PUSHTUESIT \u2013 SHQIPTAR\u00cbT\",\"datePublished\":\"2012-04-02T07:53:28+00:00\",\"mainEntityOfPage\":{\"@id\":\"https:\\\/\\\/fjala.info\\\/2009-2015\\\/kishat-xhamijat-pushtuesit-shqiptaret\\\/\"},\"wordCount\":3816,\"commentCount\":0,\"publisher\":{\"@id\":\"https:\\\/\\\/fjala.info\\\/2009-2015\\\/#organization\"},\"image\":{\"@id\":\"https:\\\/\\\/fjala.info\\\/2009-2015\\\/kishat-xhamijat-pushtuesit-shqiptaret\\\/#primaryimage\"},\"thumbnailUrl\":\"http:\\\/\\\/www.shkoder.net\\\/2012\\\/xhevat_rexhaj.jpg\",\"articleSection\":[\"Artikuj\"],\"inLanguage\":\"sq-AL\",\"potentialAction\":[{\"@type\":\"CommentAction\",\"name\":\"Comment\",\"target\":[\"https:\\\/\\\/fjala.info\\\/2009-2015\\\/kishat-xhamijat-pushtuesit-shqiptaret\\\/#respond\"]}]},{\"@type\":\"WebPage\",\"@id\":\"https:\\\/\\\/fjala.info\\\/2009-2015\\\/kishat-xhamijat-pushtuesit-shqiptaret\\\/\",\"url\":\"https:\\\/\\\/fjala.info\\\/2009-2015\\\/kishat-xhamijat-pushtuesit-shqiptaret\\\/\",\"name\":\"KISHAT- XHAMIJAT- PUSHTUESIT \u2013 SHQIPTAR\u00cbT - FjALA e LIR\u00cb - Arkivi\",\"isPartOf\":{\"@id\":\"https:\\\/\\\/fjala.info\\\/2009-2015\\\/#website\"},\"primaryImageOfPage\":{\"@id\":\"https:\\\/\\\/fjala.info\\\/2009-2015\\\/kishat-xhamijat-pushtuesit-shqiptaret\\\/#primaryimage\"},\"image\":{\"@id\":\"https:\\\/\\\/fjala.info\\\/2009-2015\\\/kishat-xhamijat-pushtuesit-shqiptaret\\\/#primaryimage\"},\"thumbnailUrl\":\"http:\\\/\\\/www.shkoder.net\\\/2012\\\/xhevat_rexhaj.jpg\",\"datePublished\":\"2012-04-02T07:53:28+00:00\",\"breadcrumb\":{\"@id\":\"https:\\\/\\\/fjala.info\\\/2009-2015\\\/kishat-xhamijat-pushtuesit-shqiptaret\\\/#breadcrumb\"},\"inLanguage\":\"sq-AL\",\"potentialAction\":[{\"@type\":\"ReadAction\",\"target\":[\"https:\\\/\\\/fjala.info\\\/2009-2015\\\/kishat-xhamijat-pushtuesit-shqiptaret\\\/\"]}]},{\"@type\":\"ImageObject\",\"inLanguage\":\"sq-AL\",\"@id\":\"https:\\\/\\\/fjala.info\\\/2009-2015\\\/kishat-xhamijat-pushtuesit-shqiptaret\\\/#primaryimage\",\"url\":\"http:\\\/\\\/www.shkoder.net\\\/2012\\\/xhevat_rexhaj.jpg\",\"contentUrl\":\"http:\\\/\\\/www.shkoder.net\\\/2012\\\/xhevat_rexhaj.jpg\"},{\"@type\":\"BreadcrumbList\",\"@id\":\"https:\\\/\\\/fjala.info\\\/2009-2015\\\/kishat-xhamijat-pushtuesit-shqiptaret\\\/#breadcrumb\",\"itemListElement\":[{\"@type\":\"ListItem\",\"position\":1,\"name\":\"Home\",\"item\":\"https:\\\/\\\/fjala.info\\\/2009-2015\\\/\"},{\"@type\":\"ListItem\",\"position\":2,\"name\":\"KISHAT- XHAMIJAT- PUSHTUESIT \u2013 SHQIPTAR\u00cbT\"}]},{\"@type\":\"WebSite\",\"@id\":\"https:\\\/\\\/fjala.info\\\/2009-2015\\\/#website\",\"url\":\"https:\\\/\\\/fjala.info\\\/2009-2015\\\/\",\"name\":\"FjALA e LIR\u00cb - Arkivi\",\"description\":\"Arkivi 2009-2015\",\"publisher\":{\"@id\":\"https:\\\/\\\/fjala.info\\\/2009-2015\\\/#organization\"},\"potentialAction\":[{\"@type\":\"SearchAction\",\"target\":{\"@type\":\"EntryPoint\",\"urlTemplate\":\"https:\\\/\\\/fjala.info\\\/2009-2015\\\/?s={search_term_string}\"},\"query-input\":{\"@type\":\"PropertyValueSpecification\",\"valueRequired\":true,\"valueName\":\"search_term_string\"}}],\"inLanguage\":\"sq-AL\"},{\"@type\":\"Organization\",\"@id\":\"https:\\\/\\\/fjala.info\\\/2009-2015\\\/#organization\",\"name\":\"FjALA e LIR\u00cb - Arkivi\",\"url\":\"https:\\\/\\\/fjala.info\\\/2009-2015\\\/\",\"logo\":{\"@type\":\"ImageObject\",\"inLanguage\":\"sq-AL\",\"@id\":\"https:\\\/\\\/fjala.info\\\/2009-2015\\\/#\\\/schema\\\/logo\\\/image\\\/\",\"url\":\"\",\"contentUrl\":\"\",\"caption\":\"FjALA e LIR\u00cb - Arkivi\"},\"image\":{\"@id\":\"https:\\\/\\\/fjala.info\\\/2009-2015\\\/#\\\/schema\\\/logo\\\/image\\\/\"}},{\"@type\":\"Person\",\"@id\":\"https:\\\/\\\/fjala.info\\\/2009-2015\\\/#\\\/schema\\\/person\\\/3aa1163ef05469c496fc94e77611ada2\",\"name\":\"admin\",\"image\":{\"@type\":\"ImageObject\",\"inLanguage\":\"sq-AL\",\"@id\":\"https:\\\/\\\/fjala.info\\\/2009-2015\\\/wp-content\\\/uploads\\\/2012\\\/02\\\/arben_cokaj-120x150.jpg\",\"url\":\"https:\\\/\\\/fjala.info\\\/2009-2015\\\/wp-content\\\/uploads\\\/2012\\\/02\\\/arben_cokaj-120x150.jpg\",\"contentUrl\":\"https:\\\/\\\/fjala.info\\\/2009-2015\\\/wp-content\\\/uploads\\\/2012\\\/02\\\/arben_cokaj-120x150.jpg\",\"caption\":\"admin\"},\"description\":\"Admin, Fjala e Lir\u00eb\",\"sameAs\":[\"https:\\\/\\\/fjala.info\\\/\"],\"url\":\"https:\\\/\\\/fjala.info\\\/2009-2015\\\/author\\\/admin\\\/\"}]}<\/script>\n<!-- \/ Yoast SEO plugin. -->","yoast_head_json":{"title":"KISHAT- XHAMIJAT- PUSHTUESIT \u2013 SHQIPTAR\u00cbT - FjALA e LIR\u00cb - Arkivi","robots":{"index":"index","follow":"follow","max-snippet":"max-snippet:-1","max-image-preview":"max-image-preview:large","max-video-preview":"max-video-preview:-1"},"canonical":"https:\/\/fjala.info\/2009-2015\/kishat-xhamijat-pushtuesit-shqiptaret\/","og_locale":"sq_AL","og_type":"article","og_title":"KISHAT- XHAMIJAT- PUSHTUESIT \u2013 SHQIPTAR\u00cbT - FjALA e LIR\u00cb - Arkivi","og_description":"Xhevat Rexhaj T\u00eb merresh me historin\u00eb v\u00ebrtet \u00ebsht\u00eb sikur njeriu t\u00eb thot\u00eb: \u201cPaj u \u00e7menda dhe po shkruaj edhe une, pasi q\u00eb ata q\u00eb duhet ta b\u00ebjn\u00eb kete nuk po duan dhe nuk po kan\u00eb p\u00ebrfitime materiale?\u201d. V\u00ebrtet jeta e njeriut n\u00eb momente t\u00eb caktuara detyron q\u00eb t\u00eb merresh edhe me tema t\u00eb cilat as [&hellip;]","og_url":"https:\/\/fjala.info\/2009-2015\/kishat-xhamijat-pushtuesit-shqiptaret\/","og_site_name":"FjALA e LIR\u00cb - Arkivi","article_published_time":"2012-04-02T07:53:28+00:00","og_image":[{"url":"http:\/\/www.shkoder.net\/2012\/xhevat_rexhaj.jpg","type":"","width":"","height":""}],"author":"admin","twitter_card":"summary_large_image","twitter_misc":{"Written by":"admin","Est. reading time":"19 minutes"},"schema":{"@context":"https:\/\/schema.org","@graph":[{"@type":"Article","@id":"https:\/\/fjala.info\/2009-2015\/kishat-xhamijat-pushtuesit-shqiptaret\/#article","isPartOf":{"@id":"https:\/\/fjala.info\/2009-2015\/kishat-xhamijat-pushtuesit-shqiptaret\/"},"author":{"name":"admin","@id":"https:\/\/fjala.info\/2009-2015\/#\/schema\/person\/3aa1163ef05469c496fc94e77611ada2"},"headline":"KISHAT- XHAMIJAT- PUSHTUESIT \u2013 SHQIPTAR\u00cbT","datePublished":"2012-04-02T07:53:28+00:00","mainEntityOfPage":{"@id":"https:\/\/fjala.info\/2009-2015\/kishat-xhamijat-pushtuesit-shqiptaret\/"},"wordCount":3816,"commentCount":0,"publisher":{"@id":"https:\/\/fjala.info\/2009-2015\/#organization"},"image":{"@id":"https:\/\/fjala.info\/2009-2015\/kishat-xhamijat-pushtuesit-shqiptaret\/#primaryimage"},"thumbnailUrl":"http:\/\/www.shkoder.net\/2012\/xhevat_rexhaj.jpg","articleSection":["Artikuj"],"inLanguage":"sq-AL","potentialAction":[{"@type":"CommentAction","name":"Comment","target":["https:\/\/fjala.info\/2009-2015\/kishat-xhamijat-pushtuesit-shqiptaret\/#respond"]}]},{"@type":"WebPage","@id":"https:\/\/fjala.info\/2009-2015\/kishat-xhamijat-pushtuesit-shqiptaret\/","url":"https:\/\/fjala.info\/2009-2015\/kishat-xhamijat-pushtuesit-shqiptaret\/","name":"KISHAT- XHAMIJAT- PUSHTUESIT \u2013 SHQIPTAR\u00cbT - FjALA e LIR\u00cb - Arkivi","isPartOf":{"@id":"https:\/\/fjala.info\/2009-2015\/#website"},"primaryImageOfPage":{"@id":"https:\/\/fjala.info\/2009-2015\/kishat-xhamijat-pushtuesit-shqiptaret\/#primaryimage"},"image":{"@id":"https:\/\/fjala.info\/2009-2015\/kishat-xhamijat-pushtuesit-shqiptaret\/#primaryimage"},"thumbnailUrl":"http:\/\/www.shkoder.net\/2012\/xhevat_rexhaj.jpg","datePublished":"2012-04-02T07:53:28+00:00","breadcrumb":{"@id":"https:\/\/fjala.info\/2009-2015\/kishat-xhamijat-pushtuesit-shqiptaret\/#breadcrumb"},"inLanguage":"sq-AL","potentialAction":[{"@type":"ReadAction","target":["https:\/\/fjala.info\/2009-2015\/kishat-xhamijat-pushtuesit-shqiptaret\/"]}]},{"@type":"ImageObject","inLanguage":"sq-AL","@id":"https:\/\/fjala.info\/2009-2015\/kishat-xhamijat-pushtuesit-shqiptaret\/#primaryimage","url":"http:\/\/www.shkoder.net\/2012\/xhevat_rexhaj.jpg","contentUrl":"http:\/\/www.shkoder.net\/2012\/xhevat_rexhaj.jpg"},{"@type":"BreadcrumbList","@id":"https:\/\/fjala.info\/2009-2015\/kishat-xhamijat-pushtuesit-shqiptaret\/#breadcrumb","itemListElement":[{"@type":"ListItem","position":1,"name":"Home","item":"https:\/\/fjala.info\/2009-2015\/"},{"@type":"ListItem","position":2,"name":"KISHAT- XHAMIJAT- PUSHTUESIT \u2013 SHQIPTAR\u00cbT"}]},{"@type":"WebSite","@id":"https:\/\/fjala.info\/2009-2015\/#website","url":"https:\/\/fjala.info\/2009-2015\/","name":"FjALA e LIR\u00cb - Arkivi","description":"Arkivi 2009-2015","publisher":{"@id":"https:\/\/fjala.info\/2009-2015\/#organization"},"potentialAction":[{"@type":"SearchAction","target":{"@type":"EntryPoint","urlTemplate":"https:\/\/fjala.info\/2009-2015\/?s={search_term_string}"},"query-input":{"@type":"PropertyValueSpecification","valueRequired":true,"valueName":"search_term_string"}}],"inLanguage":"sq-AL"},{"@type":"Organization","@id":"https:\/\/fjala.info\/2009-2015\/#organization","name":"FjALA e LIR\u00cb - Arkivi","url":"https:\/\/fjala.info\/2009-2015\/","logo":{"@type":"ImageObject","inLanguage":"sq-AL","@id":"https:\/\/fjala.info\/2009-2015\/#\/schema\/logo\/image\/","url":"","contentUrl":"","caption":"FjALA e LIR\u00cb - Arkivi"},"image":{"@id":"https:\/\/fjala.info\/2009-2015\/#\/schema\/logo\/image\/"}},{"@type":"Person","@id":"https:\/\/fjala.info\/2009-2015\/#\/schema\/person\/3aa1163ef05469c496fc94e77611ada2","name":"admin","image":{"@type":"ImageObject","inLanguage":"sq-AL","@id":"https:\/\/fjala.info\/2009-2015\/wp-content\/uploads\/2012\/02\/arben_cokaj-120x150.jpg","url":"https:\/\/fjala.info\/2009-2015\/wp-content\/uploads\/2012\/02\/arben_cokaj-120x150.jpg","contentUrl":"https:\/\/fjala.info\/2009-2015\/wp-content\/uploads\/2012\/02\/arben_cokaj-120x150.jpg","caption":"admin"},"description":"Admin, Fjala e Lir\u00eb","sameAs":["https:\/\/fjala.info\/"],"url":"https:\/\/fjala.info\/2009-2015\/author\/admin\/"}]}},"_links":{"self":[{"href":"https:\/\/fjala.info\/2009-2015\/wp-json\/wp\/v2\/posts\/2328","targetHints":{"allow":["GET"]}}],"collection":[{"href":"https:\/\/fjala.info\/2009-2015\/wp-json\/wp\/v2\/posts"}],"about":[{"href":"https:\/\/fjala.info\/2009-2015\/wp-json\/wp\/v2\/types\/post"}],"author":[{"embeddable":true,"href":"https:\/\/fjala.info\/2009-2015\/wp-json\/wp\/v2\/users\/1"}],"replies":[{"embeddable":true,"href":"https:\/\/fjala.info\/2009-2015\/wp-json\/wp\/v2\/comments?post=2328"}],"version-history":[{"count":0,"href":"https:\/\/fjala.info\/2009-2015\/wp-json\/wp\/v2\/posts\/2328\/revisions"}],"wp:attachment":[{"href":"https:\/\/fjala.info\/2009-2015\/wp-json\/wp\/v2\/media?parent=2328"}],"wp:term":[{"taxonomy":"category","embeddable":true,"href":"https:\/\/fjala.info\/2009-2015\/wp-json\/wp\/v2\/categories?post=2328"},{"taxonomy":"post_tag","embeddable":true,"href":"https:\/\/fjala.info\/2009-2015\/wp-json\/wp\/v2\/tags?post=2328"}],"curies":[{"name":"wp","href":"https:\/\/api.w.org\/{rel}","templated":true}]}}