{"id":2325,"date":"2012-04-03T08:52:05","date_gmt":"2012-04-03T07:52:05","guid":{"rendered":"http:\/\/fjala.shkoder.net\/?p=2325"},"modified":"2012-04-03T08:52:05","modified_gmt":"2012-04-03T07:52:05","slug":"lek-pervizi-kurbinit-poeme","status":"publish","type":"post","link":"https:\/\/fjala.info\/2009-2015\/lek-pervizi-kurbinit-poeme\/","title":{"rendered":"Lek Pervizi: \u201cKURBINIT\u201d ( Poem\u00eb)"},"content":{"rendered":"<blockquote><p>\u201c<strong>KURBINIT<\/strong>\u201d ( <em>Poem\u00eb<\/em>)<br \/>\n<img decoding=\"async\" class=\"alignright size-thumbnail wp-image-7236\" title=\"Gjergj Kastrioti\" src=\"http:\/\/www.shkoder.net\/2012\/scanderbeg.jpg\" alt=\"\" width=\"300\" \/><br \/>\nNga thell\u00ebsia e kohnave t\u00eb kalueme<br \/>\nemni yt<br \/>\nkrenarisht u ruejt nd\u00ebr shekujt<br \/>\nKurbin<br \/>\ntok\u00eb e Ilir\u00ebve Arban\u00eb<br \/>\nnd\u00ebrthurun me ngjarje historike<br \/>\nt\u00eb madh\u00ebrishme<br \/>\nme gojdhana<br \/>\nlegjendare<br \/>\ne kang\u00ebt e bukura t\u00eb trimnis\u00eb<br \/>\nt\u00eb k\u00ebndueme nga belhollat zana<br \/>\nme lahut\u00ebn e malsis\u00eb.<br \/>\nAkoma<br \/>\nnd\u00ebr malet e fushat e tua<br \/>\njehojn\u00eb luftat e alban\u00ebve ilirian\u00eb<br \/>\nkund\u00ebr legjioneve romake<br \/>\nndigjohet trokitja e kalorsis\u00eb kurbine<br \/>\nushton kushtrimi i rrebt\u00eb i Kastriotit<br \/>\ndhe i princave Skuraj<br \/>\nq\u00eb p\u00ebrhap\u00ebt an\u00ebmban\u00eb.<br \/>\nNdigjohet vring\u00ebllima e shpat\u00ebs fitimtare<br \/>\nt\u00eb Gjergjit t\u00eb Madh<br \/>\nt\u00eb Skend\u00ebrbeut<br \/>\nkryezotit<br \/>\nq\u00eb me burrat e Kurbinit dhe Kruetan\u00eb<br \/>\nmburoj\u00eb iu ban\u00eb Kombit Shqiptar<br \/>\nEurop\u00ebs<br \/>\nKrisht\u00ebnimit mbar\u00eb!.<br \/>\nGjokset e bijve t\u00eb tu<br \/>\nKurbin<br \/>\nnuk iu tremben shigjetave tartare<br \/>\nt\u00eb jani\u00e7\u00ebr\u00ebve t\u00eb Stambollit<br \/>\nnuk iu p\u00ebrkul\u00ebn dhun\u00ebs dh\u2019eg\u00ebrsis\u00eb<br \/>\nt\u00eb hordhive gjakatare t\u00eb Anadollit<br \/>\nkryelart\u00eb p\u00ebrher\u00eb<br \/>\nkala e pamposhtun e shqiptarizmit<br \/>\nq\u00ebndrove<br \/>\nkrahinat e tjera<br \/>\npate pran\u00eb<br \/>\nmirditor\u00eb trima<br \/>\ne burrat kruetan\u00eb.<br \/>\nI bane ball\u00eb me guxim vetmohues<br \/>\ndiktatur\u00ebs mizore<br \/>\nq\u00eb t\u00eb pllakosi n\u00eb koh\u00ebn e gurit<br \/>\ne deshi t\u00eb njollos\u00eb<br \/>\nlavdin\u00eb e Flamurit<br \/>\nq\u00eb madh\u00ebrisht u shpalos<br \/>\nprej bijv\u00eb t\u00eb tu luft\u00ebtar\u00eb<br \/>\nprej burrave t\u00eb Kurbinit<br \/>\nme Gjin Pjet\u00ebr e Skurajt<br \/>\nn\u00eb Milot<br \/>\nku<br \/>\n<img decoding=\"async\" class=\"alignright size-thumbnail wp-image-7236\" title=\"Lek Pervizi\" src=\"http:\/\/www.shkoder.net\/2012\/lek_pervizi.jpg\" alt=\"\" width=\"300\" \/><br \/>\nme germa t\u2019arta<br \/>\nshkruhej historia jote<br \/>\np\u00ebr jet\u00eb e mot !<br \/>\nMbi truellin tand mijavje\u00e7ar<br \/>\nu ngrit\u00ebn kishat e para kristiane<br \/>\nu derdh gjaku i d\u00ebshmorve t\u00eb par\u00eb t\u00eb fes\u00eb<br \/>\nSh\u00ebn Vlashi p\u00ebshkop<br \/>\nu flijue martir<br \/>\nq\u00eb n\u00eb Sebaste kish selin\u00eb<br \/>\ne n\u00eb shpellat e maleve la\u00e7iane<br \/>\ngjeti strehim<br \/>\nnga persekutimi i romakut mizor<br \/>\nish shekulli i kat\u00ebrt<br \/>\npas lindjes s\u00eb Krishtit hyjnor!<br \/>\nNd\u00ebr vite u ngrite n\u00eb kryengritje<br \/>\ne gjithmon\u00eb n\u00eb ball\u00eb t\u00eb ka pri<br \/>\najo dera e Skurajve fisnike<br \/>\nme kala e kulla t\u00eb rr\u00ebnueme<br \/>\nprej taborreve t\u00eb turkut t\u00eb zi<br \/>\ne nuk u dor\u00ebzue kurr\u00eb<br \/>\ntuj luftue p\u00ebr atdhe e p\u00ebr liri.<br \/>\nN\u00eb malin e La\u00e7it ngrihej<br \/>\nhyjnore<br \/>\nkisha e Shna Ndout t\u00eb mrekullis\u00eb<br \/>\ndhe lart n\u00eb malin e Skurajt n\u00eb Shna Premte<br \/>\nmbahej e ndezun e gjall\u00eb<br \/>\ngjuha shqipe<br \/>\nme shkoll\u00ebn e pare<br \/>\nn\u00ebn sundimin barbar t\u2019osmanllis\u00eb.<br \/>\nNga Sebaste te La\u00e7it pati origjin\u00eb<br \/>\nKlementi i nj\u00ebmb\u00ebdhjet\u00eb<br \/>\npapa i madh reformator<br \/>\nq\u00eb p\u00ebr atdhe quente Shqipnin\u00eb<br \/>\ndhe iu p\u00ebrkushtue Kombit Arbnor<br \/>\nme mish e me shpirt<br \/>\nkur ish koha e territ kobnor<br \/>\nt\u00eb pushtimit t\u2019eg\u00ebr t\u00eb Turkis\u00eb<br \/>\nkur n\u00eb k\u00ebt\u00eb trev\u00eb t\u00eb Kurbinin,<br \/>\nndizej lufta e liris\u00eb<br \/>\ne Skuraj printe si gjithmon\u00eb<br \/>\nn\u00eb ball\u00eb t\u00eb luftimit<br \/>\nme burrat e fisit t\u00eb madh t\u00eb Pervizit<br \/>\nq\u00eb gjoksin i vun\u00eb Liris\u00eb<br \/>\nq\u00eb u gjet\u00ebn atje n\u00eb Lidhjen e Prizrenit<br \/>\nme Abdyl Frash\u00ebrin e shum\u00eb patriot\u00eb<br \/>\np\u00ebr t\u2019i dal\u00eb Shqiptaris\u00eb zot.<br \/>\nPushka an\u00ebmban\u00eb krisi<br \/>\nu sul\u00ebn hordhit\u00eb turke t\u00eb Dervish Pash\u00ebs<br \/>\ndhe kullave t\u00eb Skurajve u vun\u00eb flak\u00eb p\u00ebrs\u00ebri<br \/>\ne gjith\u00eb veriut me shpi p\u00ebr shpi<br \/>\npor nuk mposhtej zogu i shqip\u00ebs<br \/>\nas nuk mposhtejshin bijt e Kurbinit kurr\u00eb<br \/>\nn\u00eb luft\u00ebn e vendosun p\u00ebr liri!<br \/>\nGju p\u00ebr gju me Gjin Pjetrin<br \/>\nPlakut ligj\u00ebven\u00ebs<br \/>\nat Shtjef\u00ebn Gje\u00e7ovi<br \/>\nradhiste Kanunin e Lek Dukagjinit<br \/>\nKanunin e maleve shqiptare<br \/>\ndhe Pat\u00ebr Klement Milaj<br \/>\nshkruente historin\u00eb e Kurbinit<br \/>\nshkruente p\u00ebr Gjin Pjetrin<br \/>\np\u00ebr burra luft\u00ebtar\u00eb<br \/>\np\u00ebr lufta e beteja<br \/>\nqysh nga Pllana e Zheja<br \/>\nderi te Skuraj e Tallajbeja<br \/>\np\u00ebr burrat la\u00e7ian\u00eb milotas<br \/>\nzhenjan\u00eb lesteras e shllaznian\u00eb<br \/>\nmalbardhas shkopetas gallatas<br \/>\ngurrzak\u00eb e bregamatas<br \/>\nq\u00eb n\u00eb t\u2019aguem t\u00eb 28 nandorit mes Milotit<br \/>\nt\u2019ati viti vitit t\u00eb \u2018dymb\u00ebdhjet\u00eb<br \/>\nmbi vidhin e madh t\u00eb Kokajve<br \/>\nshpalosnin Flamurin e Kastriotit<br \/>\nme fjal\u00ebn e rrebt\u00eb trimnore<br \/>\nt\u00eb Gjin Pjetrit<br \/>\ndhe me krismen e gjasht\u00ebs s\u00eb tij mizore<br \/>\ne t\u00eb treqint pushk\u00ebve bresh\u00ebri<br \/>\nt\u00eb treqint burrave luft\u00ebtar\u00eb<br \/>\nt\u00eb Kurbinit e Kruj\u00ebs mbar\u00eb<br \/>\nRroft\u00eb Liria<br \/>\nRroft\u00eb flamuri kuq e zi !<br \/>\nKurbin<br \/>\nt\u00eb jesh\u00eb kurdoher\u00eb krenar<br \/>\nse ke nxierr\u00eb princa e luft\u00ebtar\u00eb<br \/>\nnjer\u00ebz t\u00eb ditun e shejtor\u00eb<br \/>\nprijsa dhe udh\u00ebheq\u00ebs popullor\u00eb<br \/>\nshkollar\u00eb<br \/>\nburra shteti e gjeneral\u00eb<br \/>\nluft\u00ebtar\u00eb e trima t\u00eb rrall\u00eb<br \/>\nq\u00eb p\u00ebrball\u00eb v\u00ebshtir\u00ebsis\u00eb<br \/>\ngjithmon\u00eb<br \/>\ni dol\u00ebn zot Shqipnis\u00eb.<br \/>\nT\u00eb jesh\u00eb kryenalt\u00eb Kurbin<br \/>\nkurdoher\u00eb<br \/>\nkohna t\u00eb tjera kan\u00eb me ardh\u00eb<br \/>\ndo t\u00eb lart\u00ebsohet historia jote<br \/>\ndo t\u00eb kumboj\u00eb e parreshtun<br \/>\nfrym\u00ebzuese<br \/>\ne pap\u00ebrmbajtun<br \/>\nfjala e bijve t\u00eb tu mendimtar<br \/>\nheroizmi tyne i pap\u00ebrmbajtun<br \/>\nn\u00eb vitet e ardhshme<br \/>\nlavdi \u2013 plote !<\/p>\n<p><strong>Lek Pervizi<\/strong>, <em>Bruksel 2012<\/em><\/p><\/blockquote>\n<p>Publikue ne <a href=\"http:\/\/kosova.albemigrant.com\/?p=6722\">http:\/\/kosova.albemigrant.com\/?p=6722<\/a><\/p>\n","protected":false},"excerpt":{"rendered":"<p>\u201cKURBINIT\u201d ( Poem\u00eb) Nga thell\u00ebsia e kohnave t\u00eb kalueme emni yt krenarisht u ruejt nd\u00ebr shekujt Kurbin tok\u00eb e Ilir\u00ebve Arban\u00eb nd\u00ebrthurun me ngjarje historike t\u00eb madh\u00ebrishme me gojdhana legjendare e kang\u00ebt e bukura t\u00eb trimnis\u00eb t\u00eb k\u00ebndueme nga belhollat zana me lahut\u00ebn e malsis\u00eb. Akoma nd\u00ebr malet e fushat e tua jehojn\u00eb luftat e [&hellip;]<\/p>\n","protected":false},"author":1,"featured_media":0,"comment_status":"open","ping_status":"closed","sticky":false,"template":"","format":"standard","meta":{"footnotes":""},"categories":[7,9],"tags":[],"class_list":{"0":"post-2325","1":"post","2":"type-post","3":"status-publish","4":"format-standard","6":"category-letersi","7":"category-poezi"},"yoast_head":"<!-- This site is optimized with the Yoast SEO plugin v27.4 - https:\/\/yoast.com\/product\/yoast-seo-wordpress\/ -->\n<title>Lek Pervizi: \u201cKURBINIT\u201d ( Poem\u00eb) - FjALA e LIR\u00cb - Arkivi<\/title>\n<meta name=\"robots\" content=\"index, follow, max-snippet:-1, max-image-preview:large, max-video-preview:-1\" \/>\n<link rel=\"canonical\" href=\"https:\/\/fjala.info\/2009-2015\/lek-pervizi-kurbinit-poeme\/\" \/>\n<meta property=\"og:locale\" content=\"sq_AL\" \/>\n<meta property=\"og:type\" content=\"article\" \/>\n<meta property=\"og:title\" content=\"Lek Pervizi: \u201cKURBINIT\u201d ( Poem\u00eb) - FjALA e LIR\u00cb - Arkivi\" \/>\n<meta property=\"og:description\" content=\"\u201cKURBINIT\u201d ( Poem\u00eb) Nga thell\u00ebsia e kohnave t\u00eb kalueme emni yt krenarisht u ruejt nd\u00ebr shekujt Kurbin tok\u00eb e Ilir\u00ebve Arban\u00eb nd\u00ebrthurun me ngjarje historike t\u00eb madh\u00ebrishme me gojdhana legjendare e kang\u00ebt e bukura t\u00eb trimnis\u00eb t\u00eb k\u00ebndueme nga belhollat zana me lahut\u00ebn e malsis\u00eb. Akoma nd\u00ebr malet e fushat e tua jehojn\u00eb luftat e [&hellip;]\" \/>\n<meta property=\"og:url\" content=\"https:\/\/fjala.info\/2009-2015\/lek-pervizi-kurbinit-poeme\/\" \/>\n<meta property=\"og:site_name\" content=\"FjALA e LIR\u00cb - Arkivi\" \/>\n<meta property=\"article:published_time\" content=\"2012-04-03T07:52:05+00:00\" \/>\n<meta property=\"og:image\" content=\"http:\/\/www.shkoder.net\/2012\/scanderbeg.jpg\" \/>\n<meta name=\"author\" content=\"admin\" \/>\n<meta name=\"twitter:card\" content=\"summary_large_image\" \/>\n<meta name=\"twitter:label1\" content=\"Written by\" \/>\n\t<meta name=\"twitter:data1\" content=\"admin\" \/>\n\t<meta name=\"twitter:label2\" content=\"Est. reading time\" \/>\n\t<meta name=\"twitter:data2\" content=\"4 minutes\" \/>\n<script type=\"application\/ld+json\" class=\"yoast-schema-graph\">{\"@context\":\"https:\\\/\\\/schema.org\",\"@graph\":[{\"@type\":\"Article\",\"@id\":\"https:\\\/\\\/fjala.info\\\/2009-2015\\\/lek-pervizi-kurbinit-poeme\\\/#article\",\"isPartOf\":{\"@id\":\"https:\\\/\\\/fjala.info\\\/2009-2015\\\/lek-pervizi-kurbinit-poeme\\\/\"},\"author\":{\"name\":\"admin\",\"@id\":\"https:\\\/\\\/fjala.info\\\/2009-2015\\\/#\\\/schema\\\/person\\\/3aa1163ef05469c496fc94e77611ada2\"},\"headline\":\"Lek Pervizi: \u201cKURBINIT\u201d ( Poem\u00eb)\",\"datePublished\":\"2012-04-03T07:52:05+00:00\",\"mainEntityOfPage\":{\"@id\":\"https:\\\/\\\/fjala.info\\\/2009-2015\\\/lek-pervizi-kurbinit-poeme\\\/\"},\"wordCount\":784,\"commentCount\":0,\"publisher\":{\"@id\":\"https:\\\/\\\/fjala.info\\\/2009-2015\\\/#organization\"},\"image\":{\"@id\":\"https:\\\/\\\/fjala.info\\\/2009-2015\\\/lek-pervizi-kurbinit-poeme\\\/#primaryimage\"},\"thumbnailUrl\":\"http:\\\/\\\/www.shkoder.net\\\/2012\\\/scanderbeg.jpg\",\"articleSection\":[\"Let\u00ebrsi\",\"Poezi\"],\"inLanguage\":\"sq-AL\",\"potentialAction\":[{\"@type\":\"CommentAction\",\"name\":\"Comment\",\"target\":[\"https:\\\/\\\/fjala.info\\\/2009-2015\\\/lek-pervizi-kurbinit-poeme\\\/#respond\"]}]},{\"@type\":\"WebPage\",\"@id\":\"https:\\\/\\\/fjala.info\\\/2009-2015\\\/lek-pervizi-kurbinit-poeme\\\/\",\"url\":\"https:\\\/\\\/fjala.info\\\/2009-2015\\\/lek-pervizi-kurbinit-poeme\\\/\",\"name\":\"Lek Pervizi: \u201cKURBINIT\u201d ( Poem\u00eb) - FjALA e LIR\u00cb - Arkivi\",\"isPartOf\":{\"@id\":\"https:\\\/\\\/fjala.info\\\/2009-2015\\\/#website\"},\"primaryImageOfPage\":{\"@id\":\"https:\\\/\\\/fjala.info\\\/2009-2015\\\/lek-pervizi-kurbinit-poeme\\\/#primaryimage\"},\"image\":{\"@id\":\"https:\\\/\\\/fjala.info\\\/2009-2015\\\/lek-pervizi-kurbinit-poeme\\\/#primaryimage\"},\"thumbnailUrl\":\"http:\\\/\\\/www.shkoder.net\\\/2012\\\/scanderbeg.jpg\",\"datePublished\":\"2012-04-03T07:52:05+00:00\",\"breadcrumb\":{\"@id\":\"https:\\\/\\\/fjala.info\\\/2009-2015\\\/lek-pervizi-kurbinit-poeme\\\/#breadcrumb\"},\"inLanguage\":\"sq-AL\",\"potentialAction\":[{\"@type\":\"ReadAction\",\"target\":[\"https:\\\/\\\/fjala.info\\\/2009-2015\\\/lek-pervizi-kurbinit-poeme\\\/\"]}]},{\"@type\":\"ImageObject\",\"inLanguage\":\"sq-AL\",\"@id\":\"https:\\\/\\\/fjala.info\\\/2009-2015\\\/lek-pervizi-kurbinit-poeme\\\/#primaryimage\",\"url\":\"http:\\\/\\\/www.shkoder.net\\\/2012\\\/scanderbeg.jpg\",\"contentUrl\":\"http:\\\/\\\/www.shkoder.net\\\/2012\\\/scanderbeg.jpg\"},{\"@type\":\"BreadcrumbList\",\"@id\":\"https:\\\/\\\/fjala.info\\\/2009-2015\\\/lek-pervizi-kurbinit-poeme\\\/#breadcrumb\",\"itemListElement\":[{\"@type\":\"ListItem\",\"position\":1,\"name\":\"Home\",\"item\":\"https:\\\/\\\/fjala.info\\\/2009-2015\\\/\"},{\"@type\":\"ListItem\",\"position\":2,\"name\":\"Lek Pervizi: \u201cKURBINIT\u201d ( Poem\u00eb)\"}]},{\"@type\":\"WebSite\",\"@id\":\"https:\\\/\\\/fjala.info\\\/2009-2015\\\/#website\",\"url\":\"https:\\\/\\\/fjala.info\\\/2009-2015\\\/\",\"name\":\"FjALA e LIR\u00cb - Arkivi\",\"description\":\"Arkivi 2009-2015\",\"publisher\":{\"@id\":\"https:\\\/\\\/fjala.info\\\/2009-2015\\\/#organization\"},\"potentialAction\":[{\"@type\":\"SearchAction\",\"target\":{\"@type\":\"EntryPoint\",\"urlTemplate\":\"https:\\\/\\\/fjala.info\\\/2009-2015\\\/?s={search_term_string}\"},\"query-input\":{\"@type\":\"PropertyValueSpecification\",\"valueRequired\":true,\"valueName\":\"search_term_string\"}}],\"inLanguage\":\"sq-AL\"},{\"@type\":\"Organization\",\"@id\":\"https:\\\/\\\/fjala.info\\\/2009-2015\\\/#organization\",\"name\":\"FjALA e LIR\u00cb - Arkivi\",\"url\":\"https:\\\/\\\/fjala.info\\\/2009-2015\\\/\",\"logo\":{\"@type\":\"ImageObject\",\"inLanguage\":\"sq-AL\",\"@id\":\"https:\\\/\\\/fjala.info\\\/2009-2015\\\/#\\\/schema\\\/logo\\\/image\\\/\",\"url\":\"\",\"contentUrl\":\"\",\"caption\":\"FjALA e LIR\u00cb - Arkivi\"},\"image\":{\"@id\":\"https:\\\/\\\/fjala.info\\\/2009-2015\\\/#\\\/schema\\\/logo\\\/image\\\/\"}},{\"@type\":\"Person\",\"@id\":\"https:\\\/\\\/fjala.info\\\/2009-2015\\\/#\\\/schema\\\/person\\\/3aa1163ef05469c496fc94e77611ada2\",\"name\":\"admin\",\"image\":{\"@type\":\"ImageObject\",\"inLanguage\":\"sq-AL\",\"@id\":\"https:\\\/\\\/fjala.info\\\/2009-2015\\\/wp-content\\\/uploads\\\/2012\\\/02\\\/arben_cokaj-120x150.jpg\",\"url\":\"https:\\\/\\\/fjala.info\\\/2009-2015\\\/wp-content\\\/uploads\\\/2012\\\/02\\\/arben_cokaj-120x150.jpg\",\"contentUrl\":\"https:\\\/\\\/fjala.info\\\/2009-2015\\\/wp-content\\\/uploads\\\/2012\\\/02\\\/arben_cokaj-120x150.jpg\",\"caption\":\"admin\"},\"description\":\"Admin, Fjala e Lir\u00eb\",\"sameAs\":[\"https:\\\/\\\/fjala.info\\\/\"],\"url\":\"https:\\\/\\\/fjala.info\\\/2009-2015\\\/author\\\/admin\\\/\"}]}<\/script>\n<!-- \/ Yoast SEO plugin. -->","yoast_head_json":{"title":"Lek Pervizi: \u201cKURBINIT\u201d ( Poem\u00eb) - FjALA e LIR\u00cb - Arkivi","robots":{"index":"index","follow":"follow","max-snippet":"max-snippet:-1","max-image-preview":"max-image-preview:large","max-video-preview":"max-video-preview:-1"},"canonical":"https:\/\/fjala.info\/2009-2015\/lek-pervizi-kurbinit-poeme\/","og_locale":"sq_AL","og_type":"article","og_title":"Lek Pervizi: \u201cKURBINIT\u201d ( Poem\u00eb) - FjALA e LIR\u00cb - Arkivi","og_description":"\u201cKURBINIT\u201d ( Poem\u00eb) Nga thell\u00ebsia e kohnave t\u00eb kalueme emni yt krenarisht u ruejt nd\u00ebr shekujt Kurbin tok\u00eb e Ilir\u00ebve Arban\u00eb nd\u00ebrthurun me ngjarje historike t\u00eb madh\u00ebrishme me gojdhana legjendare e kang\u00ebt e bukura t\u00eb trimnis\u00eb t\u00eb k\u00ebndueme nga belhollat zana me lahut\u00ebn e malsis\u00eb. Akoma nd\u00ebr malet e fushat e tua jehojn\u00eb luftat e [&hellip;]","og_url":"https:\/\/fjala.info\/2009-2015\/lek-pervizi-kurbinit-poeme\/","og_site_name":"FjALA e LIR\u00cb - Arkivi","article_published_time":"2012-04-03T07:52:05+00:00","og_image":[{"url":"http:\/\/www.shkoder.net\/2012\/scanderbeg.jpg","type":"","width":"","height":""}],"author":"admin","twitter_card":"summary_large_image","twitter_misc":{"Written by":"admin","Est. reading time":"4 minutes"},"schema":{"@context":"https:\/\/schema.org","@graph":[{"@type":"Article","@id":"https:\/\/fjala.info\/2009-2015\/lek-pervizi-kurbinit-poeme\/#article","isPartOf":{"@id":"https:\/\/fjala.info\/2009-2015\/lek-pervizi-kurbinit-poeme\/"},"author":{"name":"admin","@id":"https:\/\/fjala.info\/2009-2015\/#\/schema\/person\/3aa1163ef05469c496fc94e77611ada2"},"headline":"Lek Pervizi: \u201cKURBINIT\u201d ( Poem\u00eb)","datePublished":"2012-04-03T07:52:05+00:00","mainEntityOfPage":{"@id":"https:\/\/fjala.info\/2009-2015\/lek-pervizi-kurbinit-poeme\/"},"wordCount":784,"commentCount":0,"publisher":{"@id":"https:\/\/fjala.info\/2009-2015\/#organization"},"image":{"@id":"https:\/\/fjala.info\/2009-2015\/lek-pervizi-kurbinit-poeme\/#primaryimage"},"thumbnailUrl":"http:\/\/www.shkoder.net\/2012\/scanderbeg.jpg","articleSection":["Let\u00ebrsi","Poezi"],"inLanguage":"sq-AL","potentialAction":[{"@type":"CommentAction","name":"Comment","target":["https:\/\/fjala.info\/2009-2015\/lek-pervizi-kurbinit-poeme\/#respond"]}]},{"@type":"WebPage","@id":"https:\/\/fjala.info\/2009-2015\/lek-pervizi-kurbinit-poeme\/","url":"https:\/\/fjala.info\/2009-2015\/lek-pervizi-kurbinit-poeme\/","name":"Lek Pervizi: \u201cKURBINIT\u201d ( Poem\u00eb) - FjALA e LIR\u00cb - Arkivi","isPartOf":{"@id":"https:\/\/fjala.info\/2009-2015\/#website"},"primaryImageOfPage":{"@id":"https:\/\/fjala.info\/2009-2015\/lek-pervizi-kurbinit-poeme\/#primaryimage"},"image":{"@id":"https:\/\/fjala.info\/2009-2015\/lek-pervizi-kurbinit-poeme\/#primaryimage"},"thumbnailUrl":"http:\/\/www.shkoder.net\/2012\/scanderbeg.jpg","datePublished":"2012-04-03T07:52:05+00:00","breadcrumb":{"@id":"https:\/\/fjala.info\/2009-2015\/lek-pervizi-kurbinit-poeme\/#breadcrumb"},"inLanguage":"sq-AL","potentialAction":[{"@type":"ReadAction","target":["https:\/\/fjala.info\/2009-2015\/lek-pervizi-kurbinit-poeme\/"]}]},{"@type":"ImageObject","inLanguage":"sq-AL","@id":"https:\/\/fjala.info\/2009-2015\/lek-pervizi-kurbinit-poeme\/#primaryimage","url":"http:\/\/www.shkoder.net\/2012\/scanderbeg.jpg","contentUrl":"http:\/\/www.shkoder.net\/2012\/scanderbeg.jpg"},{"@type":"BreadcrumbList","@id":"https:\/\/fjala.info\/2009-2015\/lek-pervizi-kurbinit-poeme\/#breadcrumb","itemListElement":[{"@type":"ListItem","position":1,"name":"Home","item":"https:\/\/fjala.info\/2009-2015\/"},{"@type":"ListItem","position":2,"name":"Lek Pervizi: \u201cKURBINIT\u201d ( Poem\u00eb)"}]},{"@type":"WebSite","@id":"https:\/\/fjala.info\/2009-2015\/#website","url":"https:\/\/fjala.info\/2009-2015\/","name":"FjALA e LIR\u00cb - Arkivi","description":"Arkivi 2009-2015","publisher":{"@id":"https:\/\/fjala.info\/2009-2015\/#organization"},"potentialAction":[{"@type":"SearchAction","target":{"@type":"EntryPoint","urlTemplate":"https:\/\/fjala.info\/2009-2015\/?s={search_term_string}"},"query-input":{"@type":"PropertyValueSpecification","valueRequired":true,"valueName":"search_term_string"}}],"inLanguage":"sq-AL"},{"@type":"Organization","@id":"https:\/\/fjala.info\/2009-2015\/#organization","name":"FjALA e LIR\u00cb - Arkivi","url":"https:\/\/fjala.info\/2009-2015\/","logo":{"@type":"ImageObject","inLanguage":"sq-AL","@id":"https:\/\/fjala.info\/2009-2015\/#\/schema\/logo\/image\/","url":"","contentUrl":"","caption":"FjALA e LIR\u00cb - Arkivi"},"image":{"@id":"https:\/\/fjala.info\/2009-2015\/#\/schema\/logo\/image\/"}},{"@type":"Person","@id":"https:\/\/fjala.info\/2009-2015\/#\/schema\/person\/3aa1163ef05469c496fc94e77611ada2","name":"admin","image":{"@type":"ImageObject","inLanguage":"sq-AL","@id":"https:\/\/fjala.info\/2009-2015\/wp-content\/uploads\/2012\/02\/arben_cokaj-120x150.jpg","url":"https:\/\/fjala.info\/2009-2015\/wp-content\/uploads\/2012\/02\/arben_cokaj-120x150.jpg","contentUrl":"https:\/\/fjala.info\/2009-2015\/wp-content\/uploads\/2012\/02\/arben_cokaj-120x150.jpg","caption":"admin"},"description":"Admin, Fjala e Lir\u00eb","sameAs":["https:\/\/fjala.info\/"],"url":"https:\/\/fjala.info\/2009-2015\/author\/admin\/"}]}},"_links":{"self":[{"href":"https:\/\/fjala.info\/2009-2015\/wp-json\/wp\/v2\/posts\/2325","targetHints":{"allow":["GET"]}}],"collection":[{"href":"https:\/\/fjala.info\/2009-2015\/wp-json\/wp\/v2\/posts"}],"about":[{"href":"https:\/\/fjala.info\/2009-2015\/wp-json\/wp\/v2\/types\/post"}],"author":[{"embeddable":true,"href":"https:\/\/fjala.info\/2009-2015\/wp-json\/wp\/v2\/users\/1"}],"replies":[{"embeddable":true,"href":"https:\/\/fjala.info\/2009-2015\/wp-json\/wp\/v2\/comments?post=2325"}],"version-history":[{"count":0,"href":"https:\/\/fjala.info\/2009-2015\/wp-json\/wp\/v2\/posts\/2325\/revisions"}],"wp:attachment":[{"href":"https:\/\/fjala.info\/2009-2015\/wp-json\/wp\/v2\/media?parent=2325"}],"wp:term":[{"taxonomy":"category","embeddable":true,"href":"https:\/\/fjala.info\/2009-2015\/wp-json\/wp\/v2\/categories?post=2325"},{"taxonomy":"post_tag","embeddable":true,"href":"https:\/\/fjala.info\/2009-2015\/wp-json\/wp\/v2\/tags?post=2325"}],"curies":[{"name":"wp","href":"https:\/\/api.w.org\/{rel}","templated":true}]}}