{"id":2322,"date":"2012-04-03T08:30:38","date_gmt":"2012-04-03T07:30:38","guid":{"rendered":"http:\/\/fjala.shkoder.net\/?p=2322"},"modified":"2012-04-03T08:30:38","modified_gmt":"2012-04-03T07:30:38","slug":"gezim-llojdia-shenjtori-nga-vlora-nje-fshate-me-emrin-prej-tij-ne-itali","status":"publish","type":"post","link":"https:\/\/fjala.info\/2009-2015\/gezim-llojdia-shenjtori-nga-vlora-nje-fshate-me-emrin-prej-tij-ne-itali\/","title":{"rendered":"G\u00cbZIM LLOJDIA: SHENJTORI NGA VLORA NJ\u00cb FSHAT\u00cb ME EMRIN PREJ TIJ NE ITALI"},"content":{"rendered":"<p><img decoding=\"async\" class=\"alignleft size-thumbnail wp-image-7236\" title=\"San Dana nga Vlora\" src=\"http:\/\/www.shkoder.net\/2012\/san_dana.jpg\" alt=\"\" width=\"200\" \/> San Dana \u00ebsht\u00eb nj\u00eb em\u00ebr shenjtori me origjin\u00eb nga Vlora. Duke kap\u00ebrcyer mjegull\u00ebn e hijshme shekullore arrijn\u00eb k\u00ebto koordinata orientuese. Pik\u00eb s\u00eb pari :Vlora vend i lindjes. Koha lindjes mendohet shekulli i n\u00ebnt\u00eb. Kap\u00ebrcimi nga kjo jet\u00eb, pra e njohur shqip si Vdekja e konfirmuar n\u00eb San Dana. Nderuar nga Kisha katolike Sh\u00ebn mbrojt\u00ebs Dana. Shenjtori nga Vlora San Dana g\u00ebzoi prej koh\u00ebsh statusin shpirt\u00ebror shenjtor mbrojt\u00ebs nd\u00ebrsa emri i tij \u00ebsht\u00eb n\u00eb nj\u00eb fshat\u00eb italian, ende atje q\u00ebndron nj\u00eb shtyll\u00eb n\u00eb kujtes\u00ebn e tij.<\/p>\n<p><strong>Legjenda e par\u00eb<\/strong><br \/>\nJetoi n\u00eb shekullin e n\u00ebnt\u00eb, nj\u00eb shtetas i Vlor\u00ebs (Shqip\u00ebri), S. Dana zbriti n\u00eb Cape Leucas\u00eb bashku me disa nga bashkatdhetar\u00ebt e tij. Ai sh\u00ebrbeu si dhjak n\u00eb Mauzoleun e Sh\u00ebn Maria di Leuca pas nj\u00eb inkursion t\u00eb maureve, nd\u00ebrsa i afrohet anijet sara\u00e7en\u00ebve, dhjaku i rimori me vete ark\u00ebn e mostrave t\u00eb monedhave me Eukaristin\u00eb dhe iku n\u00eb Montesardo, i sigurt dhe t\u00eb mbrojtur. Por, gjat\u00eb rrug\u00ebs deri n\u00eb 5 km nga Leuca, n\u00eb \u201cLa Mora\u201d u vra n\u00eb urrejtje t\u00eb besimit t\u00eb krishter\u00eb. Vendi i martirizimit t\u00eb tij sot q\u00ebndron nj\u00eb pllak\u00eb mermeri, e cila \u00ebsht\u00eb rreth 200 metra nga fshati q\u00eb mban emrin e tij.<\/p>\n<p>L\u00ebviz i nj\u00ebjti variant p\u00ebr sh\u00ebrbimin e k\u00ebtij kleriku edhe n\u00eb k\u00ebt\u00eb rast si:Gjat\u00eb nj\u00eb persekutimi t\u00eb dhunshme t\u00eb pagane (shp\u00ebrthyer n\u00eb nj\u00eb dat\u00eb t\u00eb panjohur), Dana (Danacto),u p\u00ebrpoq p\u00ebr t\u00eb shp\u00ebtuar mobilie e kish\u00ebs duke u strehuar n\u00eb nj\u00eb vend t\u00eb sigurt, pes\u00eb kilometra nga qyteti n\u00eb drejtim t\u00eb detit. \u00cbsht\u00eb ndjekur dhe e arritur nga pagan\u00ebt, vendosi t\u00eb sakrifikoj\u00eb p\u00ebr t\u00eb (Dionisi), si zot i pun\u00ebdh\u00ebn\u00ebsit t\u00eb ver\u00ebs, haptazi deklaroi besimin e tij n\u00eb Krishtin si Ai q\u00eb krijoi bot\u00ebn dhe \u00e7do gj\u00eb n\u00eb bot\u00eb. E b\u00ebn\u00eb cop\u00eb e \u00e7ik\u00eb me shpata dhe hidhet n\u00eb det .N\u00eb San Dana (Dioqeza e Le\u00e7es, Puglia) shenjtori nga Vlora ,Dana \u00ebsht\u00eb i nderuar n\u00eb kish\u00eb famullitare, Iliri Shenjt\u00eb q\u00eb t\u00eb identifikohen me at\u00eb t\u00eb Puglia, p\u00ebrve\u00e7 emrit (e pazakont\u00eb n\u00eb per\u00ebndim), p\u00ebr fest\u00ebn, e cila bie m\u00eb 16 janar.<br \/>\n<img decoding=\"async\" class=\"alignright size-thumbnail wp-image-7236\" title=\"Harta - Santa Maria\" src=\"http:\/\/www.shkoder.net\/2012\/santa_maria.png\" alt=\"\" width=\"300\" \/><br \/>\n<strong>Nj\u00eb e v\u00ebrtet\u00eb<\/strong><br \/>\nSan Dana i njohur edhe me emrat e San Danatte apo San Dano ( \u00ebsht\u00eb nga Vlora, mendohet se vitlindja e tij \u00ebsht\u00eb n\u00eb shekullin e n\u00ebnt\u00eb) arriti n\u00eb Salento, ku ai sh\u00ebrbeu si dhjak n\u00eb streh\u00ebn SantaMaria di Leuca. Santa Maria di Leuca (Levich n\u00eb dialektin Salento) \u00ebsht\u00eb nj\u00eb fshat i 1.062 banor\u00eb n\u00eb qytetin t\u00eb Castrignano Cape, t\u00eb krahin\u00ebn e Le\u00e7es. Qytet i njohur turistik, \u00ebsht\u00eb ult\u00ebsir\u00eb jugor ideale mes Salentos, me Tarantos .Qyteti n\u00eb jug t\u00eb provinc\u00ebs, \u00ebsht\u00eb 69 km nga kryeqyteti i saj, leht\u00ebsisht t\u00eb arritshme nga autostrada 274 dhe ajo e Salento jug t\u00eb Santa Maria di Leuca.<\/p>\n<p>Santa Maria di Leuca \u00ebsht\u00eb zon\u00eb mbi kep n\u00eb t\u00eb cil\u00ebn \u00ebsht\u00eb bazilika dhe fari (me lart\u00ebsi 48,60 metra, dhe vendndodhjen e saj n\u00eb 102 metra mbi nivelin e detit \u00ebsht\u00eb nj\u00eb nga m\u00eb t\u00eb r\u00ebnd\u00ebsishme t\u00eb Italis\u00eb), nd\u00ebrsa Marina di Leuca \u00ebsht\u00eb vendosur m\u00eb posht\u00eb.<\/p>\n<p>Legjenda thot\u00eb se Santa Maria di Leuca (ose ndoshta Porto Badisco) ishte ulje e par\u00eb e Enea. At\u00ebher\u00eb ai quhej ose do t\u00eb jet\u00eb Peter Apostulli u ul k\u00ebtu, ardhur nga Palestina, ai filloi pun\u00ebn e tij t\u00eb ungjill\u00ebzimit, dhe pastaj t\u00eb shkoi n\u00eb Rom\u00eb, ku ai themeloi Kish\u00ebn.<\/p>\n<p>Nj\u00eb shkall\u00eb e 284 hapa lidhin bazilik\u00ebn e portit themelor nga Puglie e cila rrethohet nga uj\u00ebsjell\u00ebsi.<br \/>\n<img decoding=\"async\" class=\"alignleft size-thumbnail wp-image-7236\" title=\"G\u00ebzim Llojdia\" src=\"http:\/\/www.shkoder.net\/2012\/gezim_llojdia.jpg\" alt=\"\" width=\"150\" \/><br \/>\n<strong>Biografia<\/strong><br \/>\nGjat\u00eb nj\u00eb sulmi t\u00eb sara\u00e7en\u00ebve( Sara\u00e7en\u00ebt \u00ebsht\u00eb term q\u00eb, n\u00eb kontekstin mesjetar t\u00eb krishter\u00eb, \u00ebsht\u00eb p\u00ebrdorur p\u00ebr t\u00eb thirrur mysliman\u00ebt nga Afrika e Veriut, apo edhe nga vendet m\u00eb t\u00eb larg\u00ebta t\u00eb Mashriq Orientit islamik ) n\u00eb drejtim t\u00eb shenjt\u00ebrores dhe q\u00eb p\u00ebrmbante Eukaristin\u00eb dhe e mbrojti mir\u00eb ik\u00ebn p\u00ebr sigurin\u00eb n\u00eb sht\u00ebpin\u00eb e Montesardo flet legjenda per San Danen.<\/p>\n<p>Por, pak kilometra nga vendi n\u00eb qyteti, u godit dhe u plagos\u00eb. Para vdekjes s\u00eb tij, p\u00ebr t\u00eb parandaluar p\u00ebrdhosjen e Eukaristis\u00eb, megjithat\u00eb, kishte koh\u00eb t\u00eb konsumojn\u00eb mbrojtjen e shenjt\u00eb. N\u00eb vendin e vrasjes s\u00eb tij, 200 metra jasht\u00eb fshatit t\u00eb San Dana, i cili mori emrin prej tij, tani q\u00ebndron nj\u00eb shtyll\u00eb n\u00eb kujtes\u00ebn e tij.<\/p>\n<p><strong>Kisha<\/strong><br \/>\nKisha N\u00ebna \u00ebsht\u00eb i dedikuar p\u00ebr mbrojt\u00ebs Sh\u00ebn Dana. E nd\u00ebrtuar n\u00eb shekullin e gjasht\u00ebmb\u00ebdhjet\u00eb, ka nj\u00eb arkitektur\u00eb t\u00eb thjesht\u00eb, ndryshuar ndjesh\u00ebm n\u00eb vitin 1982. N\u00eb pjes\u00ebt e brendshme ka nj\u00eb kryq latin, ruan si koh\u00eb shekullin XIX. Piktura e konceptimit Pap\u00ebrlyer dhe Saint Lucia, veprat e piktorit Francis Gagliano, Xavier Mercaldi, ka edhe nj\u00eb piktur\u00eb te Sh\u00ebn Nikoll\u00ebs s\u00eb Barit dhe statuja e shenjtorit t\u00eb cilit i \u00ebsht\u00eb dedikuar.<\/p>\n<p><strong>Ngjarjet<\/strong><br \/>\nFestivali i Flavors Salento i bie t\u00eb zhvillohet n\u00eb muajin gusht dhe festivali n\u00eb kujtim t\u00eb Sh\u00ebn Dana d\u00ebshmorit p\u00ebrkon me datat 16 Janar.<\/p>\n<p>Referenc-Martirologio Romano: A Valona nell\u2019Illirico, nell\u2019odierna Albania, san Danacte, martire. Autore: Raffaele De Simone<\/p>\n<p><a href=\"http:\/\/gezimllojdia.blogspot.it\/\">http:\/\/gezimllojdia.blogspot.it\/<\/a><\/p>\n<p>( <a href=\"http:\/\/spigolaturesalentine.wordpress.com\/2011\/01\/03\/salento-terra-di-santita-san-dana\/\">http:\/\/spigolaturesalentine.wordpress.com\/2011\/01\/03\/salento-terra-di-santita-san-dana\/<\/a> \u00a0)<\/p>\n","protected":false},"excerpt":{"rendered":"<p>San Dana \u00ebsht\u00eb nj\u00eb em\u00ebr shenjtori me origjin\u00eb nga Vlora. Duke kap\u00ebrcyer mjegull\u00ebn e hijshme shekullore arrijn\u00eb k\u00ebto koordinata orientuese. Pik\u00eb s\u00eb pari :Vlora vend i lindjes. Koha lindjes mendohet shekulli i n\u00ebnt\u00eb. Kap\u00ebrcimi nga kjo jet\u00eb, pra e njohur shqip si Vdekja e konfirmuar n\u00eb San Dana. Nderuar nga Kisha katolike Sh\u00ebn mbrojt\u00ebs Dana. [&hellip;]<\/p>\n","protected":false},"author":1,"featured_media":0,"comment_status":"open","ping_status":"closed","sticky":false,"template":"","format":"standard","meta":{"footnotes":""},"categories":[2],"tags":[],"class_list":{"0":"post-2322","1":"post","2":"type-post","3":"status-publish","4":"format-standard","6":"category-artikuj"},"yoast_head":"<!-- This site is optimized with the Yoast SEO plugin v27.4 - https:\/\/yoast.com\/product\/yoast-seo-wordpress\/ -->\n<title>G\u00cbZIM LLOJDIA: SHENJTORI NGA VLORA NJ\u00cb FSHAT\u00cb ME EMRIN PREJ TIJ NE ITALI - FjALA e LIR\u00cb - Arkivi<\/title>\n<meta name=\"robots\" content=\"index, follow, max-snippet:-1, max-image-preview:large, max-video-preview:-1\" \/>\n<link rel=\"canonical\" href=\"https:\/\/fjala.info\/2009-2015\/gezim-llojdia-shenjtori-nga-vlora-nje-fshate-me-emrin-prej-tij-ne-itali\/\" \/>\n<meta property=\"og:locale\" content=\"sq_AL\" \/>\n<meta property=\"og:type\" content=\"article\" \/>\n<meta property=\"og:title\" content=\"G\u00cbZIM LLOJDIA: SHENJTORI NGA VLORA NJ\u00cb FSHAT\u00cb ME EMRIN PREJ TIJ NE ITALI - FjALA e LIR\u00cb - Arkivi\" \/>\n<meta property=\"og:description\" content=\"San Dana \u00ebsht\u00eb nj\u00eb em\u00ebr shenjtori me origjin\u00eb nga Vlora. Duke kap\u00ebrcyer mjegull\u00ebn e hijshme shekullore arrijn\u00eb k\u00ebto koordinata orientuese. Pik\u00eb s\u00eb pari :Vlora vend i lindjes. Koha lindjes mendohet shekulli i n\u00ebnt\u00eb. Kap\u00ebrcimi nga kjo jet\u00eb, pra e njohur shqip si Vdekja e konfirmuar n\u00eb San Dana. Nderuar nga Kisha katolike Sh\u00ebn mbrojt\u00ebs Dana. [&hellip;]\" \/>\n<meta property=\"og:url\" content=\"https:\/\/fjala.info\/2009-2015\/gezim-llojdia-shenjtori-nga-vlora-nje-fshate-me-emrin-prej-tij-ne-itali\/\" \/>\n<meta property=\"og:site_name\" content=\"FjALA e LIR\u00cb - Arkivi\" \/>\n<meta property=\"article:published_time\" content=\"2012-04-03T07:30:38+00:00\" \/>\n<meta property=\"og:image\" content=\"http:\/\/www.shkoder.net\/2012\/san_dana.jpg\" \/>\n<meta name=\"author\" content=\"admin\" \/>\n<meta name=\"twitter:card\" content=\"summary_large_image\" \/>\n<meta name=\"twitter:label1\" content=\"Written by\" \/>\n\t<meta name=\"twitter:data1\" content=\"admin\" \/>\n\t<meta name=\"twitter:label2\" content=\"Est. reading time\" \/>\n\t<meta name=\"twitter:data2\" content=\"4 minutes\" \/>\n<script type=\"application\/ld+json\" class=\"yoast-schema-graph\">{\"@context\":\"https:\\\/\\\/schema.org\",\"@graph\":[{\"@type\":\"Article\",\"@id\":\"https:\\\/\\\/fjala.info\\\/2009-2015\\\/gezim-llojdia-shenjtori-nga-vlora-nje-fshate-me-emrin-prej-tij-ne-itali\\\/#article\",\"isPartOf\":{\"@id\":\"https:\\\/\\\/fjala.info\\\/2009-2015\\\/gezim-llojdia-shenjtori-nga-vlora-nje-fshate-me-emrin-prej-tij-ne-itali\\\/\"},\"author\":{\"name\":\"admin\",\"@id\":\"https:\\\/\\\/fjala.info\\\/2009-2015\\\/#\\\/schema\\\/person\\\/3aa1163ef05469c496fc94e77611ada2\"},\"headline\":\"G\u00cbZIM LLOJDIA: SHENJTORI NGA VLORA NJ\u00cb FSHAT\u00cb ME EMRIN PREJ TIJ NE ITALI\",\"datePublished\":\"2012-04-03T07:30:38+00:00\",\"mainEntityOfPage\":{\"@id\":\"https:\\\/\\\/fjala.info\\\/2009-2015\\\/gezim-llojdia-shenjtori-nga-vlora-nje-fshate-me-emrin-prej-tij-ne-itali\\\/\"},\"wordCount\":898,\"commentCount\":0,\"publisher\":{\"@id\":\"https:\\\/\\\/fjala.info\\\/2009-2015\\\/#organization\"},\"image\":{\"@id\":\"https:\\\/\\\/fjala.info\\\/2009-2015\\\/gezim-llojdia-shenjtori-nga-vlora-nje-fshate-me-emrin-prej-tij-ne-itali\\\/#primaryimage\"},\"thumbnailUrl\":\"http:\\\/\\\/www.shkoder.net\\\/2012\\\/san_dana.jpg\",\"articleSection\":[\"Artikuj\"],\"inLanguage\":\"sq-AL\",\"potentialAction\":[{\"@type\":\"CommentAction\",\"name\":\"Comment\",\"target\":[\"https:\\\/\\\/fjala.info\\\/2009-2015\\\/gezim-llojdia-shenjtori-nga-vlora-nje-fshate-me-emrin-prej-tij-ne-itali\\\/#respond\"]}]},{\"@type\":\"WebPage\",\"@id\":\"https:\\\/\\\/fjala.info\\\/2009-2015\\\/gezim-llojdia-shenjtori-nga-vlora-nje-fshate-me-emrin-prej-tij-ne-itali\\\/\",\"url\":\"https:\\\/\\\/fjala.info\\\/2009-2015\\\/gezim-llojdia-shenjtori-nga-vlora-nje-fshate-me-emrin-prej-tij-ne-itali\\\/\",\"name\":\"G\u00cbZIM LLOJDIA: SHENJTORI NGA VLORA NJ\u00cb FSHAT\u00cb ME EMRIN PREJ TIJ NE ITALI - FjALA e LIR\u00cb - Arkivi\",\"isPartOf\":{\"@id\":\"https:\\\/\\\/fjala.info\\\/2009-2015\\\/#website\"},\"primaryImageOfPage\":{\"@id\":\"https:\\\/\\\/fjala.info\\\/2009-2015\\\/gezim-llojdia-shenjtori-nga-vlora-nje-fshate-me-emrin-prej-tij-ne-itali\\\/#primaryimage\"},\"image\":{\"@id\":\"https:\\\/\\\/fjala.info\\\/2009-2015\\\/gezim-llojdia-shenjtori-nga-vlora-nje-fshate-me-emrin-prej-tij-ne-itali\\\/#primaryimage\"},\"thumbnailUrl\":\"http:\\\/\\\/www.shkoder.net\\\/2012\\\/san_dana.jpg\",\"datePublished\":\"2012-04-03T07:30:38+00:00\",\"breadcrumb\":{\"@id\":\"https:\\\/\\\/fjala.info\\\/2009-2015\\\/gezim-llojdia-shenjtori-nga-vlora-nje-fshate-me-emrin-prej-tij-ne-itali\\\/#breadcrumb\"},\"inLanguage\":\"sq-AL\",\"potentialAction\":[{\"@type\":\"ReadAction\",\"target\":[\"https:\\\/\\\/fjala.info\\\/2009-2015\\\/gezim-llojdia-shenjtori-nga-vlora-nje-fshate-me-emrin-prej-tij-ne-itali\\\/\"]}]},{\"@type\":\"ImageObject\",\"inLanguage\":\"sq-AL\",\"@id\":\"https:\\\/\\\/fjala.info\\\/2009-2015\\\/gezim-llojdia-shenjtori-nga-vlora-nje-fshate-me-emrin-prej-tij-ne-itali\\\/#primaryimage\",\"url\":\"http:\\\/\\\/www.shkoder.net\\\/2012\\\/san_dana.jpg\",\"contentUrl\":\"http:\\\/\\\/www.shkoder.net\\\/2012\\\/san_dana.jpg\"},{\"@type\":\"BreadcrumbList\",\"@id\":\"https:\\\/\\\/fjala.info\\\/2009-2015\\\/gezim-llojdia-shenjtori-nga-vlora-nje-fshate-me-emrin-prej-tij-ne-itali\\\/#breadcrumb\",\"itemListElement\":[{\"@type\":\"ListItem\",\"position\":1,\"name\":\"Home\",\"item\":\"https:\\\/\\\/fjala.info\\\/2009-2015\\\/\"},{\"@type\":\"ListItem\",\"position\":2,\"name\":\"G\u00cbZIM LLOJDIA: SHENJTORI NGA VLORA NJ\u00cb FSHAT\u00cb ME EMRIN PREJ TIJ NE ITALI\"}]},{\"@type\":\"WebSite\",\"@id\":\"https:\\\/\\\/fjala.info\\\/2009-2015\\\/#website\",\"url\":\"https:\\\/\\\/fjala.info\\\/2009-2015\\\/\",\"name\":\"FjALA e LIR\u00cb - Arkivi\",\"description\":\"Arkivi 2009-2015\",\"publisher\":{\"@id\":\"https:\\\/\\\/fjala.info\\\/2009-2015\\\/#organization\"},\"potentialAction\":[{\"@type\":\"SearchAction\",\"target\":{\"@type\":\"EntryPoint\",\"urlTemplate\":\"https:\\\/\\\/fjala.info\\\/2009-2015\\\/?s={search_term_string}\"},\"query-input\":{\"@type\":\"PropertyValueSpecification\",\"valueRequired\":true,\"valueName\":\"search_term_string\"}}],\"inLanguage\":\"sq-AL\"},{\"@type\":\"Organization\",\"@id\":\"https:\\\/\\\/fjala.info\\\/2009-2015\\\/#organization\",\"name\":\"FjALA e LIR\u00cb - Arkivi\",\"url\":\"https:\\\/\\\/fjala.info\\\/2009-2015\\\/\",\"logo\":{\"@type\":\"ImageObject\",\"inLanguage\":\"sq-AL\",\"@id\":\"https:\\\/\\\/fjala.info\\\/2009-2015\\\/#\\\/schema\\\/logo\\\/image\\\/\",\"url\":\"\",\"contentUrl\":\"\",\"caption\":\"FjALA e LIR\u00cb - Arkivi\"},\"image\":{\"@id\":\"https:\\\/\\\/fjala.info\\\/2009-2015\\\/#\\\/schema\\\/logo\\\/image\\\/\"}},{\"@type\":\"Person\",\"@id\":\"https:\\\/\\\/fjala.info\\\/2009-2015\\\/#\\\/schema\\\/person\\\/3aa1163ef05469c496fc94e77611ada2\",\"name\":\"admin\",\"image\":{\"@type\":\"ImageObject\",\"inLanguage\":\"sq-AL\",\"@id\":\"https:\\\/\\\/fjala.info\\\/2009-2015\\\/wp-content\\\/uploads\\\/2012\\\/02\\\/arben_cokaj-120x150.jpg\",\"url\":\"https:\\\/\\\/fjala.info\\\/2009-2015\\\/wp-content\\\/uploads\\\/2012\\\/02\\\/arben_cokaj-120x150.jpg\",\"contentUrl\":\"https:\\\/\\\/fjala.info\\\/2009-2015\\\/wp-content\\\/uploads\\\/2012\\\/02\\\/arben_cokaj-120x150.jpg\",\"caption\":\"admin\"},\"description\":\"Admin, Fjala e Lir\u00eb\",\"sameAs\":[\"https:\\\/\\\/fjala.info\\\/\"],\"url\":\"https:\\\/\\\/fjala.info\\\/2009-2015\\\/author\\\/admin\\\/\"}]}<\/script>\n<!-- \/ Yoast SEO plugin. -->","yoast_head_json":{"title":"G\u00cbZIM LLOJDIA: SHENJTORI NGA VLORA NJ\u00cb FSHAT\u00cb ME EMRIN PREJ TIJ NE ITALI - FjALA e LIR\u00cb - Arkivi","robots":{"index":"index","follow":"follow","max-snippet":"max-snippet:-1","max-image-preview":"max-image-preview:large","max-video-preview":"max-video-preview:-1"},"canonical":"https:\/\/fjala.info\/2009-2015\/gezim-llojdia-shenjtori-nga-vlora-nje-fshate-me-emrin-prej-tij-ne-itali\/","og_locale":"sq_AL","og_type":"article","og_title":"G\u00cbZIM LLOJDIA: SHENJTORI NGA VLORA NJ\u00cb FSHAT\u00cb ME EMRIN PREJ TIJ NE ITALI - FjALA e LIR\u00cb - Arkivi","og_description":"San Dana \u00ebsht\u00eb nj\u00eb em\u00ebr shenjtori me origjin\u00eb nga Vlora. Duke kap\u00ebrcyer mjegull\u00ebn e hijshme shekullore arrijn\u00eb k\u00ebto koordinata orientuese. Pik\u00eb s\u00eb pari :Vlora vend i lindjes. Koha lindjes mendohet shekulli i n\u00ebnt\u00eb. Kap\u00ebrcimi nga kjo jet\u00eb, pra e njohur shqip si Vdekja e konfirmuar n\u00eb San Dana. Nderuar nga Kisha katolike Sh\u00ebn mbrojt\u00ebs Dana. [&hellip;]","og_url":"https:\/\/fjala.info\/2009-2015\/gezim-llojdia-shenjtori-nga-vlora-nje-fshate-me-emrin-prej-tij-ne-itali\/","og_site_name":"FjALA e LIR\u00cb - Arkivi","article_published_time":"2012-04-03T07:30:38+00:00","og_image":[{"url":"http:\/\/www.shkoder.net\/2012\/san_dana.jpg","type":"","width":"","height":""}],"author":"admin","twitter_card":"summary_large_image","twitter_misc":{"Written by":"admin","Est. reading time":"4 minutes"},"schema":{"@context":"https:\/\/schema.org","@graph":[{"@type":"Article","@id":"https:\/\/fjala.info\/2009-2015\/gezim-llojdia-shenjtori-nga-vlora-nje-fshate-me-emrin-prej-tij-ne-itali\/#article","isPartOf":{"@id":"https:\/\/fjala.info\/2009-2015\/gezim-llojdia-shenjtori-nga-vlora-nje-fshate-me-emrin-prej-tij-ne-itali\/"},"author":{"name":"admin","@id":"https:\/\/fjala.info\/2009-2015\/#\/schema\/person\/3aa1163ef05469c496fc94e77611ada2"},"headline":"G\u00cbZIM LLOJDIA: SHENJTORI NGA VLORA NJ\u00cb FSHAT\u00cb ME EMRIN PREJ TIJ NE ITALI","datePublished":"2012-04-03T07:30:38+00:00","mainEntityOfPage":{"@id":"https:\/\/fjala.info\/2009-2015\/gezim-llojdia-shenjtori-nga-vlora-nje-fshate-me-emrin-prej-tij-ne-itali\/"},"wordCount":898,"commentCount":0,"publisher":{"@id":"https:\/\/fjala.info\/2009-2015\/#organization"},"image":{"@id":"https:\/\/fjala.info\/2009-2015\/gezim-llojdia-shenjtori-nga-vlora-nje-fshate-me-emrin-prej-tij-ne-itali\/#primaryimage"},"thumbnailUrl":"http:\/\/www.shkoder.net\/2012\/san_dana.jpg","articleSection":["Artikuj"],"inLanguage":"sq-AL","potentialAction":[{"@type":"CommentAction","name":"Comment","target":["https:\/\/fjala.info\/2009-2015\/gezim-llojdia-shenjtori-nga-vlora-nje-fshate-me-emrin-prej-tij-ne-itali\/#respond"]}]},{"@type":"WebPage","@id":"https:\/\/fjala.info\/2009-2015\/gezim-llojdia-shenjtori-nga-vlora-nje-fshate-me-emrin-prej-tij-ne-itali\/","url":"https:\/\/fjala.info\/2009-2015\/gezim-llojdia-shenjtori-nga-vlora-nje-fshate-me-emrin-prej-tij-ne-itali\/","name":"G\u00cbZIM LLOJDIA: SHENJTORI NGA VLORA NJ\u00cb FSHAT\u00cb ME EMRIN PREJ TIJ NE ITALI - FjALA e LIR\u00cb - Arkivi","isPartOf":{"@id":"https:\/\/fjala.info\/2009-2015\/#website"},"primaryImageOfPage":{"@id":"https:\/\/fjala.info\/2009-2015\/gezim-llojdia-shenjtori-nga-vlora-nje-fshate-me-emrin-prej-tij-ne-itali\/#primaryimage"},"image":{"@id":"https:\/\/fjala.info\/2009-2015\/gezim-llojdia-shenjtori-nga-vlora-nje-fshate-me-emrin-prej-tij-ne-itali\/#primaryimage"},"thumbnailUrl":"http:\/\/www.shkoder.net\/2012\/san_dana.jpg","datePublished":"2012-04-03T07:30:38+00:00","breadcrumb":{"@id":"https:\/\/fjala.info\/2009-2015\/gezim-llojdia-shenjtori-nga-vlora-nje-fshate-me-emrin-prej-tij-ne-itali\/#breadcrumb"},"inLanguage":"sq-AL","potentialAction":[{"@type":"ReadAction","target":["https:\/\/fjala.info\/2009-2015\/gezim-llojdia-shenjtori-nga-vlora-nje-fshate-me-emrin-prej-tij-ne-itali\/"]}]},{"@type":"ImageObject","inLanguage":"sq-AL","@id":"https:\/\/fjala.info\/2009-2015\/gezim-llojdia-shenjtori-nga-vlora-nje-fshate-me-emrin-prej-tij-ne-itali\/#primaryimage","url":"http:\/\/www.shkoder.net\/2012\/san_dana.jpg","contentUrl":"http:\/\/www.shkoder.net\/2012\/san_dana.jpg"},{"@type":"BreadcrumbList","@id":"https:\/\/fjala.info\/2009-2015\/gezim-llojdia-shenjtori-nga-vlora-nje-fshate-me-emrin-prej-tij-ne-itali\/#breadcrumb","itemListElement":[{"@type":"ListItem","position":1,"name":"Home","item":"https:\/\/fjala.info\/2009-2015\/"},{"@type":"ListItem","position":2,"name":"G\u00cbZIM LLOJDIA: SHENJTORI NGA VLORA NJ\u00cb FSHAT\u00cb ME EMRIN PREJ TIJ NE ITALI"}]},{"@type":"WebSite","@id":"https:\/\/fjala.info\/2009-2015\/#website","url":"https:\/\/fjala.info\/2009-2015\/","name":"FjALA e LIR\u00cb - Arkivi","description":"Arkivi 2009-2015","publisher":{"@id":"https:\/\/fjala.info\/2009-2015\/#organization"},"potentialAction":[{"@type":"SearchAction","target":{"@type":"EntryPoint","urlTemplate":"https:\/\/fjala.info\/2009-2015\/?s={search_term_string}"},"query-input":{"@type":"PropertyValueSpecification","valueRequired":true,"valueName":"search_term_string"}}],"inLanguage":"sq-AL"},{"@type":"Organization","@id":"https:\/\/fjala.info\/2009-2015\/#organization","name":"FjALA e LIR\u00cb - Arkivi","url":"https:\/\/fjala.info\/2009-2015\/","logo":{"@type":"ImageObject","inLanguage":"sq-AL","@id":"https:\/\/fjala.info\/2009-2015\/#\/schema\/logo\/image\/","url":"","contentUrl":"","caption":"FjALA e LIR\u00cb - Arkivi"},"image":{"@id":"https:\/\/fjala.info\/2009-2015\/#\/schema\/logo\/image\/"}},{"@type":"Person","@id":"https:\/\/fjala.info\/2009-2015\/#\/schema\/person\/3aa1163ef05469c496fc94e77611ada2","name":"admin","image":{"@type":"ImageObject","inLanguage":"sq-AL","@id":"https:\/\/fjala.info\/2009-2015\/wp-content\/uploads\/2012\/02\/arben_cokaj-120x150.jpg","url":"https:\/\/fjala.info\/2009-2015\/wp-content\/uploads\/2012\/02\/arben_cokaj-120x150.jpg","contentUrl":"https:\/\/fjala.info\/2009-2015\/wp-content\/uploads\/2012\/02\/arben_cokaj-120x150.jpg","caption":"admin"},"description":"Admin, Fjala e Lir\u00eb","sameAs":["https:\/\/fjala.info\/"],"url":"https:\/\/fjala.info\/2009-2015\/author\/admin\/"}]}},"_links":{"self":[{"href":"https:\/\/fjala.info\/2009-2015\/wp-json\/wp\/v2\/posts\/2322","targetHints":{"allow":["GET"]}}],"collection":[{"href":"https:\/\/fjala.info\/2009-2015\/wp-json\/wp\/v2\/posts"}],"about":[{"href":"https:\/\/fjala.info\/2009-2015\/wp-json\/wp\/v2\/types\/post"}],"author":[{"embeddable":true,"href":"https:\/\/fjala.info\/2009-2015\/wp-json\/wp\/v2\/users\/1"}],"replies":[{"embeddable":true,"href":"https:\/\/fjala.info\/2009-2015\/wp-json\/wp\/v2\/comments?post=2322"}],"version-history":[{"count":0,"href":"https:\/\/fjala.info\/2009-2015\/wp-json\/wp\/v2\/posts\/2322\/revisions"}],"wp:attachment":[{"href":"https:\/\/fjala.info\/2009-2015\/wp-json\/wp\/v2\/media?parent=2322"}],"wp:term":[{"taxonomy":"category","embeddable":true,"href":"https:\/\/fjala.info\/2009-2015\/wp-json\/wp\/v2\/categories?post=2322"},{"taxonomy":"post_tag","embeddable":true,"href":"https:\/\/fjala.info\/2009-2015\/wp-json\/wp\/v2\/tags?post=2322"}],"curies":[{"name":"wp","href":"https:\/\/api.w.org\/{rel}","templated":true}]}}