{"id":2320,"date":"2012-04-03T08:22:44","date_gmt":"2012-04-03T07:22:44","guid":{"rendered":"http:\/\/fjala.shkoder.net\/?p=2320"},"modified":"2012-04-03T08:22:44","modified_gmt":"2012-04-03T07:22:44","slug":"financial-times-turqia-e-erdoganit-nje-regjim-me-i-pameshirshem","status":"publish","type":"post","link":"https:\/\/fjala.info\/2009-2015\/financial-times-turqia-e-erdoganit-nje-regjim-me-i-pameshirshem\/","title":{"rendered":"\u201cFinancial Times\u201d: Turqia e Erdoganit, nj\u00eb regjim m\u00eb i pam\u00ebshirsh\u00ebm"},"content":{"rendered":"<p><img decoding=\"async\" class=\"alignright size-thumbnail wp-image-7236\" title=\"Recep Erdogan\" src=\"http:\/\/www.shkoder.net\/2012\/erdogan_recep.jpg\" alt=\"\" width=\"300\" \/><em>Fotografi dhe poster\u00eb t\u00eb tij jan\u00eb t\u00eb pranish\u00ebm k\u00ebto dit\u00eb, pothuajse sa edhe ato t\u00eb Mustafa Kemal Ataturkut, themeluesit t\u00eb kombit modern turk.<\/em><\/p>\n<p>Rexhep Tajip Erdogan \u00ebsht\u00eb vu n\u00eb krye t\u00eb peizazhit politik t\u00eb vendit. I zgjedhur n\u00eb qershor t\u00eb kaluar p\u00ebr her\u00eb t\u00eb tret\u00eb, q\u00eb nga 2002, Erdogan vazhdon t\u00eb rris\u00eb fuqin\u00eb, nd\u00ebrsa votat p\u00ebr t\u00eb vazhdimisht rriten.<br \/>\nN\u00eb dekad\u00ebn e zotit Erdogan, Turiqa u rishfaq si fuqi rajonale. Ekonomia e saj \u00ebsht\u00eb rritur pothuajse me shpejt\u00ebsin\u00eb e asaj kineze, duke p\u00ebrhapur mir\u00ebqenie dhe kujdes sh\u00ebndet\u00ebsor, shkolla dhe rrug\u00eb, nd\u00ebrsa nj\u00eb lloj i ri i \u201ctigrit anatolian\u201d \u00ebsht\u00eb rritur kund\u00ebr nj\u00eb grushti konglomeratesh biznesore aktuale.<br \/>\nPartia n\u00eb pushtet, Partia p\u00ebr Drejt\u00ebsi dhe Zhvillim(AKP), e dal\u00eb nga mbetjet e dy partive islamike t\u00eb ndaluara, shnd\u00ebrruar n\u00eb nj\u00eb version mysliman t\u00eb demokracis\u00eb s\u00eb krishter\u00eb, i ka margjinalizuar elitat sekulare q\u00eb udh\u00ebhoq\u00ebn vendin q\u00eb nga krijimi i republik\u00ebs nga Ataturku.<\/p>\n<p>Zoti Erdogan ia ka kushtuar mandatin e par\u00eb vones\u00ebs s\u00eb reformave politike dhe fuqizimit t\u00eb t\u00eb drejtave civile dhe atyre t\u00eb minoriteteve. Ai p\u00ebrdori popullaritetin e tij, q\u00eb t\u00eb nxjerr\u00eb jasht\u00eb sken\u00ebs gjeneral\u00ebt e fuqish\u00ebm t\u00eb Turqis\u00eb gjat\u00eb mandatit t\u00eb dyt\u00eb. Tash, ai m\u00eb nuk ka rival\u00eb ndaj pushtetit t\u00eb tij dhe toleranca ndaj \u00e7do sfide ndaj tij, po ulet.<\/p>\n<p>S\u00eb bashku me grumbullimin e er\u00ebs s\u00eb autoritarizmit, shum\u00eb ndjejn\u00eb edhe arom\u00ebn e arroganc\u00ebs. P\u00ebrndjekja e gazetar\u00ebve e shkeljet p\u00ebr n\u00eb proceset kund\u00ebr armiqve politik\u00eb v\u00ebrtetojn\u00eb k\u00ebt\u00eb trend.<\/p>\n<p>Po qe se revolucioni kushtetues ka nisur me AKP-n\u00eb, pas disa dekadash t\u00eb demokracis\u00eb s\u00eb menaxhuar nga armata dhe establishmenti kemalist \u2013 po sh\u00ebnon kthim prapa. \u00cbsht\u00eb ky nj\u00eb zhvillim q\u00eb mund t\u00eb ket\u00eb implikime p\u00ebr nj\u00eb shtet q\u00eb ka ndikim n\u00eb rritje n\u00eb sken\u00ebn bot\u00ebrore.<\/p>\n<p>P\u00ebrderisa nuk ka ndonj\u00eb arsye p\u00ebr k\u00ebt\u00eb l\u00ebvizje, temperamenti i eg\u00ebr i Erdoganit duket t\u00eb jet\u00eb nj\u00eb faktor i qart\u00eb. Edhe pse disa v\u00ebzhgues besojn\u00eb se shp\u00ebrthimet e tij jan\u00eb t\u00eb kalkuluara, nj\u00eb komentator i Stambollit thot\u00eb se ai e ka \u201cp\u00ebrqafuar me qejf vetmin\u00eb e pushtetit\u201d.<\/p>\n<p>Hakan Altinei, kryesues i Fondacionin p\u00ebr Shoq\u00ebri t\u00eb Hapur n\u00eb Stamboll, nj\u00eb deg\u00eb e organizat\u00ebs s\u00eb Xhorxh Sorosit, thot\u00eb se \u201ci vetmi reagim q\u00eb atij i intereson \u00ebsht\u00eb miratimi i asaj q\u00eb b\u00ebn dhe lojaliteti\u201d. Madje edhe nj\u00eb an\u00ebtar besnik i AKP-s\u00eb pranon k\u00ebt\u00eb problem.<\/p>\n<p>\u201cAi d\u00ebgjon, por mendon se tashm\u00eb i di t\u00eb gjitha dhe se \u2018\u00e7ka do q\u00eb ai vendos, funksionon\u2019\u201d.<br \/>\nHeqja e ndikimit t\u00eb ushtris\u00eb nga ana e kryeministrit- m\u00eb shum\u00eb se 10 gjeneral\u00eb gjendet prapa grilave n\u00ebn akuzat p\u00ebr komplot kund\u00ebr qeveris\u00eb s\u00eb tij- e kan\u00eb hequr kontrollin ndaj pushtetit ekzekutiv.<br \/>\nP\u00ebr t\u00eb p\u00ebsuar m\u00eb shum\u00eb d\u00ebm, nj\u00eb paraliz\u00eb n\u00eb negociatat e an\u00ebtar\u00ebsimit n\u00eb BE, e ka shuar makin\u00ebn e ringjalljes demokratike.<\/p>\n<p>Vitin e kaluar, Turqia ia ka kaluar Rusis\u00eb s\u00eb Vlladimir Putinit p\u00ebr numrin e rasteve q\u00eb jan\u00eb \u00e7uar para Gjykat\u00ebs Evropiane p\u00ebr t\u00eb Drejtat e Njeriut n\u00eb Strasburg, 159, nd\u00ebrsa p\u00ebr Rusin\u00eb ishin 121.<br \/>\nN\u00eb munges\u00eb t\u00eb Brukselit, Strasburgu ka nj\u00eb lloj ndikimi. K\u00ebt\u00eb muaj, gazetar\u00ebt Nedim Sener dhe Ahmet Shik, q\u00eb qendruan p\u00ebr m\u00eb shum\u00eb se nj\u00eb vit n\u00eb paraburgim p\u00ebr shkak se kishin shkruar p\u00ebr ndikimet brenda shtetit turk t\u00eb l\u00ebvizjes islamike n\u00eb hije t\u00eb motivuar nga Fetullah Gylen, nj\u00eb imam me seli n\u00eb SHBA- jan\u00eb liruar vet\u00ebm disa dit\u00eb para se gjykata t\u00eb d\u00ebgjonte ankes\u00ebn e tyre.<\/p>\n<p>Megjithat\u00eb, edhe m\u00eb tej n\u00eb burg mbeten 104 gazetar\u00eb, 69 nga ata t\u00eb minoritetit kurd, q\u00eb i bie m\u00eb shum\u00eb sesa n\u00eb Iran(42) dhe Kin\u00eb(27) s\u00eb bashku.<\/p>\n<p>N\u00eb prillin e kaluar, Erdogani e pat krahasuar librin e papublikuar t\u00eb Shikut mbi gylenist\u00ebt me nj\u00eb bomb\u00eb.<br \/>\nP\u00ebrndjekjet politike<\/p>\n<p>K\u00ebt\u00eb muaj, prokuror\u00ebt turq k\u00ebrkuan d\u00ebnim prej 7.5 vjet deri n\u00eb 15 vjet p\u00ebr tre student\u00eb q\u00eb shfaq\u00ebn nj\u00eb pano n\u00eb t\u00eb cil\u00ebn k\u00ebrkohej edukim i lir\u00eb n\u00eb nj\u00eb ngjarje n\u00eb t\u00eb cil\u00ebn merrte pjes\u00eb Rexhep Tajip Erdogan. Dy nga ta kan\u00eb kaluar 18 muaj n\u00eb paraburgim, para se t\u00eb liroheshin n\u00eb tetor. N\u00eb nj\u00eb rast t\u00eb ndar\u00eb, nj\u00eb student, po q\u00eb se shpallet fajtor, p\u00ebrballet me 11 vjet burg, p\u00ebr shkak se kishte marre tri ve n\u00eb nj\u00eb ngjarje ku merrte pjes\u00eb presidenti Abdulalh Gyl.<\/p>\n<p>Student\u00ebt q\u00eb k\u00ebrkonin arsimim t\u00eb lir\u00eb n\u00eb Turqi jan\u00eb akuzuar me ligjet kund\u00ebr terrorizmit, studenti me ve, p\u00ebr shkak se i ka rezistuar arrestimit dhe ka fyer policin\u00eb.<\/p>\n<p>V\u00ebzhguesit thon\u00eb se k\u00ebto jan\u00eb shembuj ekstrem\u00eb t\u00eb fenomenit n\u00eb rritje- nj\u00eb sistemi t\u00eb drejt\u00ebsis\u00eb, q\u00eb pak kujdeset p\u00ebr t\u00eb drejtat e individit.<\/p>\n<p>Nj\u00eb raport i fundit i K\u00ebshillit t\u00eb Evrop\u00ebs, argumenton se praktika turke \u00ebsht\u00eb form\u00ebsuar nga e kaluara autoritare dhe n\u00eb ve\u00e7anti nga pu\u00e7i ushtarak i vitit 1980.<\/p>\n<p>P\u00ebrderisa,Erdogan premton reformat n\u00eb drejt\u00ebsi, ka shqet\u00ebsime se sundimi i ligjit \u00ebsht\u00eb m\u00eb i dob\u00ebt n\u00eb terren sesa disa vjet m\u00eb par\u00eb. Nj\u00eb nga \u00e7\u00ebshtjet \u00ebsht\u00eb aktivizimi i gjykatave speciale q\u00eb fokusohen n\u00eb akzuat p\u00ebr terroriz\u00ebm.<\/p>\n<p>Disa turq argumentojn\u00eb se aktivizimi i till\u00eb i drejt\u00ebsis\u00eb p\u00ebrmir\u00ebson gabimet e s\u00eb kaluar\u00ebs, nd\u00ebrsa ruan t\u00eb tashmen nga rreziqet. T\u00eb tjer\u00ebt thon\u00eb se ligji p\u00ebrdoret p\u00ebr t\u00eb frik\u00ebsuar kund\u00ebrshtar\u00ebt politik\u00eb, jo vet\u00ebm n\u00eb Partin\u00eb p\u00ebr Drejt\u00ebsi dhe Zhvillim por n\u00eb ve\u00e7anti l\u00ebvizjen gyleniste me ndikim islamik, p\u00ebr t\u00eb cil\u00ebn besohet se n\u00eb mas\u00eb t\u00eb madhe ka dep\u00ebrtuar n\u00eb sistemin e drejt\u00ebsis\u00eb.<\/p>\n<p>\u201cTa them t\u00eb drejt\u00ebn nuk shkruaj m\u00eb p\u00ebr gylenist\u00ebt. \u00cbsht\u00eb tep\u00ebr e rrezikshme\u201d, thot\u00eb nj\u00eb kolumnist.<br \/>\nNd\u00ebrsa disa kemalist\u00eb t\u00eb vij\u00ebs m\u00eb t\u00eb ashp\u00ebr thon\u00eb se rr\u00ebshqitja drejt autoritarizmit \u00ebsht\u00eb pasoj\u00eb e agjend\u00ebs sekrete t\u00eb AKP-s\u00eb p\u00ebr ta \u00e7uar Turqin\u00eb kah sudnimi islamik.<\/p>\n<p>Megjithat\u00eb, kjo \u00ebsht\u00eb nj\u00eb pik\u00ebpamje q\u00eb mb\u00ebshtetet nga nj\u00eb grup i vog\u00ebl dhe bie n\u00eb kund\u00ebrshtim me politik\u00ebn e Erdoganit, q\u00eb publikisht ka mbrojtur sistemin sekular t\u00eb Turqis\u00eb si mburoj\u00eb e t\u00eb mirave shtet\u00ebrore \u2013 p\u00ebrfshir\u00eb edhe ato islamike. (a.i.)<\/p>\n<p>Marre nga http:\/\/www.evropaelire.org\/content\/article\/24531323.html<\/p>\n","protected":false},"excerpt":{"rendered":"<p>Fotografi dhe poster\u00eb t\u00eb tij jan\u00eb t\u00eb pranish\u00ebm k\u00ebto dit\u00eb, pothuajse sa edhe ato t\u00eb Mustafa Kemal Ataturkut, themeluesit t\u00eb kombit modern turk. Rexhep Tajip Erdogan \u00ebsht\u00eb vu n\u00eb krye t\u00eb peizazhit politik t\u00eb vendit. I zgjedhur n\u00eb qershor t\u00eb kaluar p\u00ebr her\u00eb t\u00eb tret\u00eb, q\u00eb nga 2002, Erdogan vazhdon t\u00eb rris\u00eb fuqin\u00eb, nd\u00ebrsa votat [&hellip;]<\/p>\n","protected":false},"author":1,"featured_media":0,"comment_status":"open","ping_status":"closed","sticky":false,"template":"","format":"standard","meta":{"footnotes":""},"categories":[2],"tags":[],"class_list":{"0":"post-2320","1":"post","2":"type-post","3":"status-publish","4":"format-standard","6":"category-artikuj"},"yoast_head":"<!-- This site is optimized with the Yoast SEO plugin v27.4 - https:\/\/yoast.com\/product\/yoast-seo-wordpress\/ -->\n<title>\u201cFinancial Times\u201d: Turqia e Erdoganit, nj\u00eb regjim m\u00eb i pam\u00ebshirsh\u00ebm - FjALA e LIR\u00cb - Arkivi<\/title>\n<meta name=\"robots\" content=\"index, follow, max-snippet:-1, max-image-preview:large, max-video-preview:-1\" \/>\n<link rel=\"canonical\" href=\"https:\/\/fjala.info\/2009-2015\/financial-times-turqia-e-erdoganit-nje-regjim-me-i-pameshirshem\/\" \/>\n<meta property=\"og:locale\" content=\"sq_AL\" \/>\n<meta property=\"og:type\" content=\"article\" \/>\n<meta property=\"og:title\" content=\"\u201cFinancial Times\u201d: Turqia e Erdoganit, nj\u00eb regjim m\u00eb i pam\u00ebshirsh\u00ebm - FjALA e LIR\u00cb - Arkivi\" \/>\n<meta property=\"og:description\" content=\"Fotografi dhe poster\u00eb t\u00eb tij jan\u00eb t\u00eb pranish\u00ebm k\u00ebto dit\u00eb, pothuajse sa edhe ato t\u00eb Mustafa Kemal Ataturkut, themeluesit t\u00eb kombit modern turk. Rexhep Tajip Erdogan \u00ebsht\u00eb vu n\u00eb krye t\u00eb peizazhit politik t\u00eb vendit. I zgjedhur n\u00eb qershor t\u00eb kaluar p\u00ebr her\u00eb t\u00eb tret\u00eb, q\u00eb nga 2002, Erdogan vazhdon t\u00eb rris\u00eb fuqin\u00eb, nd\u00ebrsa votat [&hellip;]\" \/>\n<meta property=\"og:url\" content=\"https:\/\/fjala.info\/2009-2015\/financial-times-turqia-e-erdoganit-nje-regjim-me-i-pameshirshem\/\" \/>\n<meta property=\"og:site_name\" content=\"FjALA e LIR\u00cb - Arkivi\" \/>\n<meta property=\"article:published_time\" content=\"2012-04-03T07:22:44+00:00\" \/>\n<meta property=\"og:image\" content=\"http:\/\/www.shkoder.net\/2012\/erdogan_recep.jpg\" \/>\n<meta name=\"author\" content=\"admin\" \/>\n<meta name=\"twitter:card\" content=\"summary_large_image\" \/>\n<meta name=\"twitter:label1\" content=\"Written by\" \/>\n\t<meta name=\"twitter:data1\" content=\"admin\" \/>\n\t<meta name=\"twitter:label2\" content=\"Est. reading time\" \/>\n\t<meta name=\"twitter:data2\" content=\"5 minutes\" \/>\n<script type=\"application\/ld+json\" class=\"yoast-schema-graph\">{\"@context\":\"https:\\\/\\\/schema.org\",\"@graph\":[{\"@type\":\"Article\",\"@id\":\"https:\\\/\\\/fjala.info\\\/2009-2015\\\/financial-times-turqia-e-erdoganit-nje-regjim-me-i-pameshirshem\\\/#article\",\"isPartOf\":{\"@id\":\"https:\\\/\\\/fjala.info\\\/2009-2015\\\/financial-times-turqia-e-erdoganit-nje-regjim-me-i-pameshirshem\\\/\"},\"author\":{\"name\":\"admin\",\"@id\":\"https:\\\/\\\/fjala.info\\\/2009-2015\\\/#\\\/schema\\\/person\\\/3aa1163ef05469c496fc94e77611ada2\"},\"headline\":\"\u201cFinancial Times\u201d: Turqia e Erdoganit, nj\u00eb regjim m\u00eb i pam\u00ebshirsh\u00ebm\",\"datePublished\":\"2012-04-03T07:22:44+00:00\",\"mainEntityOfPage\":{\"@id\":\"https:\\\/\\\/fjala.info\\\/2009-2015\\\/financial-times-turqia-e-erdoganit-nje-regjim-me-i-pameshirshem\\\/\"},\"wordCount\":1092,\"commentCount\":0,\"publisher\":{\"@id\":\"https:\\\/\\\/fjala.info\\\/2009-2015\\\/#organization\"},\"image\":{\"@id\":\"https:\\\/\\\/fjala.info\\\/2009-2015\\\/financial-times-turqia-e-erdoganit-nje-regjim-me-i-pameshirshem\\\/#primaryimage\"},\"thumbnailUrl\":\"http:\\\/\\\/www.shkoder.net\\\/2012\\\/erdogan_recep.jpg\",\"articleSection\":[\"Artikuj\"],\"inLanguage\":\"sq-AL\",\"potentialAction\":[{\"@type\":\"CommentAction\",\"name\":\"Comment\",\"target\":[\"https:\\\/\\\/fjala.info\\\/2009-2015\\\/financial-times-turqia-e-erdoganit-nje-regjim-me-i-pameshirshem\\\/#respond\"]}]},{\"@type\":\"WebPage\",\"@id\":\"https:\\\/\\\/fjala.info\\\/2009-2015\\\/financial-times-turqia-e-erdoganit-nje-regjim-me-i-pameshirshem\\\/\",\"url\":\"https:\\\/\\\/fjala.info\\\/2009-2015\\\/financial-times-turqia-e-erdoganit-nje-regjim-me-i-pameshirshem\\\/\",\"name\":\"\u201cFinancial Times\u201d: Turqia e Erdoganit, nj\u00eb regjim m\u00eb i pam\u00ebshirsh\u00ebm - FjALA e LIR\u00cb - Arkivi\",\"isPartOf\":{\"@id\":\"https:\\\/\\\/fjala.info\\\/2009-2015\\\/#website\"},\"primaryImageOfPage\":{\"@id\":\"https:\\\/\\\/fjala.info\\\/2009-2015\\\/financial-times-turqia-e-erdoganit-nje-regjim-me-i-pameshirshem\\\/#primaryimage\"},\"image\":{\"@id\":\"https:\\\/\\\/fjala.info\\\/2009-2015\\\/financial-times-turqia-e-erdoganit-nje-regjim-me-i-pameshirshem\\\/#primaryimage\"},\"thumbnailUrl\":\"http:\\\/\\\/www.shkoder.net\\\/2012\\\/erdogan_recep.jpg\",\"datePublished\":\"2012-04-03T07:22:44+00:00\",\"breadcrumb\":{\"@id\":\"https:\\\/\\\/fjala.info\\\/2009-2015\\\/financial-times-turqia-e-erdoganit-nje-regjim-me-i-pameshirshem\\\/#breadcrumb\"},\"inLanguage\":\"sq-AL\",\"potentialAction\":[{\"@type\":\"ReadAction\",\"target\":[\"https:\\\/\\\/fjala.info\\\/2009-2015\\\/financial-times-turqia-e-erdoganit-nje-regjim-me-i-pameshirshem\\\/\"]}]},{\"@type\":\"ImageObject\",\"inLanguage\":\"sq-AL\",\"@id\":\"https:\\\/\\\/fjala.info\\\/2009-2015\\\/financial-times-turqia-e-erdoganit-nje-regjim-me-i-pameshirshem\\\/#primaryimage\",\"url\":\"http:\\\/\\\/www.shkoder.net\\\/2012\\\/erdogan_recep.jpg\",\"contentUrl\":\"http:\\\/\\\/www.shkoder.net\\\/2012\\\/erdogan_recep.jpg\"},{\"@type\":\"BreadcrumbList\",\"@id\":\"https:\\\/\\\/fjala.info\\\/2009-2015\\\/financial-times-turqia-e-erdoganit-nje-regjim-me-i-pameshirshem\\\/#breadcrumb\",\"itemListElement\":[{\"@type\":\"ListItem\",\"position\":1,\"name\":\"Home\",\"item\":\"https:\\\/\\\/fjala.info\\\/2009-2015\\\/\"},{\"@type\":\"ListItem\",\"position\":2,\"name\":\"\u201cFinancial Times\u201d: Turqia e Erdoganit, nj\u00eb regjim m\u00eb i pam\u00ebshirsh\u00ebm\"}]},{\"@type\":\"WebSite\",\"@id\":\"https:\\\/\\\/fjala.info\\\/2009-2015\\\/#website\",\"url\":\"https:\\\/\\\/fjala.info\\\/2009-2015\\\/\",\"name\":\"FjALA e LIR\u00cb - Arkivi\",\"description\":\"Arkivi 2009-2015\",\"publisher\":{\"@id\":\"https:\\\/\\\/fjala.info\\\/2009-2015\\\/#organization\"},\"potentialAction\":[{\"@type\":\"SearchAction\",\"target\":{\"@type\":\"EntryPoint\",\"urlTemplate\":\"https:\\\/\\\/fjala.info\\\/2009-2015\\\/?s={search_term_string}\"},\"query-input\":{\"@type\":\"PropertyValueSpecification\",\"valueRequired\":true,\"valueName\":\"search_term_string\"}}],\"inLanguage\":\"sq-AL\"},{\"@type\":\"Organization\",\"@id\":\"https:\\\/\\\/fjala.info\\\/2009-2015\\\/#organization\",\"name\":\"FjALA e LIR\u00cb - Arkivi\",\"url\":\"https:\\\/\\\/fjala.info\\\/2009-2015\\\/\",\"logo\":{\"@type\":\"ImageObject\",\"inLanguage\":\"sq-AL\",\"@id\":\"https:\\\/\\\/fjala.info\\\/2009-2015\\\/#\\\/schema\\\/logo\\\/image\\\/\",\"url\":\"\",\"contentUrl\":\"\",\"caption\":\"FjALA e LIR\u00cb - Arkivi\"},\"image\":{\"@id\":\"https:\\\/\\\/fjala.info\\\/2009-2015\\\/#\\\/schema\\\/logo\\\/image\\\/\"}},{\"@type\":\"Person\",\"@id\":\"https:\\\/\\\/fjala.info\\\/2009-2015\\\/#\\\/schema\\\/person\\\/3aa1163ef05469c496fc94e77611ada2\",\"name\":\"admin\",\"image\":{\"@type\":\"ImageObject\",\"inLanguage\":\"sq-AL\",\"@id\":\"https:\\\/\\\/fjala.info\\\/2009-2015\\\/wp-content\\\/uploads\\\/2012\\\/02\\\/arben_cokaj-120x150.jpg\",\"url\":\"https:\\\/\\\/fjala.info\\\/2009-2015\\\/wp-content\\\/uploads\\\/2012\\\/02\\\/arben_cokaj-120x150.jpg\",\"contentUrl\":\"https:\\\/\\\/fjala.info\\\/2009-2015\\\/wp-content\\\/uploads\\\/2012\\\/02\\\/arben_cokaj-120x150.jpg\",\"caption\":\"admin\"},\"description\":\"Admin, Fjala e Lir\u00eb\",\"sameAs\":[\"https:\\\/\\\/fjala.info\\\/\"],\"url\":\"https:\\\/\\\/fjala.info\\\/2009-2015\\\/author\\\/admin\\\/\"}]}<\/script>\n<!-- \/ Yoast SEO plugin. -->","yoast_head_json":{"title":"\u201cFinancial Times\u201d: Turqia e Erdoganit, nj\u00eb regjim m\u00eb i pam\u00ebshirsh\u00ebm - FjALA e LIR\u00cb - Arkivi","robots":{"index":"index","follow":"follow","max-snippet":"max-snippet:-1","max-image-preview":"max-image-preview:large","max-video-preview":"max-video-preview:-1"},"canonical":"https:\/\/fjala.info\/2009-2015\/financial-times-turqia-e-erdoganit-nje-regjim-me-i-pameshirshem\/","og_locale":"sq_AL","og_type":"article","og_title":"\u201cFinancial Times\u201d: Turqia e Erdoganit, nj\u00eb regjim m\u00eb i pam\u00ebshirsh\u00ebm - FjALA e LIR\u00cb - Arkivi","og_description":"Fotografi dhe poster\u00eb t\u00eb tij jan\u00eb t\u00eb pranish\u00ebm k\u00ebto dit\u00eb, pothuajse sa edhe ato t\u00eb Mustafa Kemal Ataturkut, themeluesit t\u00eb kombit modern turk. Rexhep Tajip Erdogan \u00ebsht\u00eb vu n\u00eb krye t\u00eb peizazhit politik t\u00eb vendit. I zgjedhur n\u00eb qershor t\u00eb kaluar p\u00ebr her\u00eb t\u00eb tret\u00eb, q\u00eb nga 2002, Erdogan vazhdon t\u00eb rris\u00eb fuqin\u00eb, nd\u00ebrsa votat [&hellip;]","og_url":"https:\/\/fjala.info\/2009-2015\/financial-times-turqia-e-erdoganit-nje-regjim-me-i-pameshirshem\/","og_site_name":"FjALA e LIR\u00cb - Arkivi","article_published_time":"2012-04-03T07:22:44+00:00","og_image":[{"url":"http:\/\/www.shkoder.net\/2012\/erdogan_recep.jpg","type":"","width":"","height":""}],"author":"admin","twitter_card":"summary_large_image","twitter_misc":{"Written by":"admin","Est. reading time":"5 minutes"},"schema":{"@context":"https:\/\/schema.org","@graph":[{"@type":"Article","@id":"https:\/\/fjala.info\/2009-2015\/financial-times-turqia-e-erdoganit-nje-regjim-me-i-pameshirshem\/#article","isPartOf":{"@id":"https:\/\/fjala.info\/2009-2015\/financial-times-turqia-e-erdoganit-nje-regjim-me-i-pameshirshem\/"},"author":{"name":"admin","@id":"https:\/\/fjala.info\/2009-2015\/#\/schema\/person\/3aa1163ef05469c496fc94e77611ada2"},"headline":"\u201cFinancial Times\u201d: Turqia e Erdoganit, nj\u00eb regjim m\u00eb i pam\u00ebshirsh\u00ebm","datePublished":"2012-04-03T07:22:44+00:00","mainEntityOfPage":{"@id":"https:\/\/fjala.info\/2009-2015\/financial-times-turqia-e-erdoganit-nje-regjim-me-i-pameshirshem\/"},"wordCount":1092,"commentCount":0,"publisher":{"@id":"https:\/\/fjala.info\/2009-2015\/#organization"},"image":{"@id":"https:\/\/fjala.info\/2009-2015\/financial-times-turqia-e-erdoganit-nje-regjim-me-i-pameshirshem\/#primaryimage"},"thumbnailUrl":"http:\/\/www.shkoder.net\/2012\/erdogan_recep.jpg","articleSection":["Artikuj"],"inLanguage":"sq-AL","potentialAction":[{"@type":"CommentAction","name":"Comment","target":["https:\/\/fjala.info\/2009-2015\/financial-times-turqia-e-erdoganit-nje-regjim-me-i-pameshirshem\/#respond"]}]},{"@type":"WebPage","@id":"https:\/\/fjala.info\/2009-2015\/financial-times-turqia-e-erdoganit-nje-regjim-me-i-pameshirshem\/","url":"https:\/\/fjala.info\/2009-2015\/financial-times-turqia-e-erdoganit-nje-regjim-me-i-pameshirshem\/","name":"\u201cFinancial Times\u201d: Turqia e Erdoganit, nj\u00eb regjim m\u00eb i pam\u00ebshirsh\u00ebm - FjALA e LIR\u00cb - Arkivi","isPartOf":{"@id":"https:\/\/fjala.info\/2009-2015\/#website"},"primaryImageOfPage":{"@id":"https:\/\/fjala.info\/2009-2015\/financial-times-turqia-e-erdoganit-nje-regjim-me-i-pameshirshem\/#primaryimage"},"image":{"@id":"https:\/\/fjala.info\/2009-2015\/financial-times-turqia-e-erdoganit-nje-regjim-me-i-pameshirshem\/#primaryimage"},"thumbnailUrl":"http:\/\/www.shkoder.net\/2012\/erdogan_recep.jpg","datePublished":"2012-04-03T07:22:44+00:00","breadcrumb":{"@id":"https:\/\/fjala.info\/2009-2015\/financial-times-turqia-e-erdoganit-nje-regjim-me-i-pameshirshem\/#breadcrumb"},"inLanguage":"sq-AL","potentialAction":[{"@type":"ReadAction","target":["https:\/\/fjala.info\/2009-2015\/financial-times-turqia-e-erdoganit-nje-regjim-me-i-pameshirshem\/"]}]},{"@type":"ImageObject","inLanguage":"sq-AL","@id":"https:\/\/fjala.info\/2009-2015\/financial-times-turqia-e-erdoganit-nje-regjim-me-i-pameshirshem\/#primaryimage","url":"http:\/\/www.shkoder.net\/2012\/erdogan_recep.jpg","contentUrl":"http:\/\/www.shkoder.net\/2012\/erdogan_recep.jpg"},{"@type":"BreadcrumbList","@id":"https:\/\/fjala.info\/2009-2015\/financial-times-turqia-e-erdoganit-nje-regjim-me-i-pameshirshem\/#breadcrumb","itemListElement":[{"@type":"ListItem","position":1,"name":"Home","item":"https:\/\/fjala.info\/2009-2015\/"},{"@type":"ListItem","position":2,"name":"\u201cFinancial Times\u201d: Turqia e Erdoganit, nj\u00eb regjim m\u00eb i pam\u00ebshirsh\u00ebm"}]},{"@type":"WebSite","@id":"https:\/\/fjala.info\/2009-2015\/#website","url":"https:\/\/fjala.info\/2009-2015\/","name":"FjALA e LIR\u00cb - Arkivi","description":"Arkivi 2009-2015","publisher":{"@id":"https:\/\/fjala.info\/2009-2015\/#organization"},"potentialAction":[{"@type":"SearchAction","target":{"@type":"EntryPoint","urlTemplate":"https:\/\/fjala.info\/2009-2015\/?s={search_term_string}"},"query-input":{"@type":"PropertyValueSpecification","valueRequired":true,"valueName":"search_term_string"}}],"inLanguage":"sq-AL"},{"@type":"Organization","@id":"https:\/\/fjala.info\/2009-2015\/#organization","name":"FjALA e LIR\u00cb - Arkivi","url":"https:\/\/fjala.info\/2009-2015\/","logo":{"@type":"ImageObject","inLanguage":"sq-AL","@id":"https:\/\/fjala.info\/2009-2015\/#\/schema\/logo\/image\/","url":"","contentUrl":"","caption":"FjALA e LIR\u00cb - Arkivi"},"image":{"@id":"https:\/\/fjala.info\/2009-2015\/#\/schema\/logo\/image\/"}},{"@type":"Person","@id":"https:\/\/fjala.info\/2009-2015\/#\/schema\/person\/3aa1163ef05469c496fc94e77611ada2","name":"admin","image":{"@type":"ImageObject","inLanguage":"sq-AL","@id":"https:\/\/fjala.info\/2009-2015\/wp-content\/uploads\/2012\/02\/arben_cokaj-120x150.jpg","url":"https:\/\/fjala.info\/2009-2015\/wp-content\/uploads\/2012\/02\/arben_cokaj-120x150.jpg","contentUrl":"https:\/\/fjala.info\/2009-2015\/wp-content\/uploads\/2012\/02\/arben_cokaj-120x150.jpg","caption":"admin"},"description":"Admin, Fjala e Lir\u00eb","sameAs":["https:\/\/fjala.info\/"],"url":"https:\/\/fjala.info\/2009-2015\/author\/admin\/"}]}},"_links":{"self":[{"href":"https:\/\/fjala.info\/2009-2015\/wp-json\/wp\/v2\/posts\/2320","targetHints":{"allow":["GET"]}}],"collection":[{"href":"https:\/\/fjala.info\/2009-2015\/wp-json\/wp\/v2\/posts"}],"about":[{"href":"https:\/\/fjala.info\/2009-2015\/wp-json\/wp\/v2\/types\/post"}],"author":[{"embeddable":true,"href":"https:\/\/fjala.info\/2009-2015\/wp-json\/wp\/v2\/users\/1"}],"replies":[{"embeddable":true,"href":"https:\/\/fjala.info\/2009-2015\/wp-json\/wp\/v2\/comments?post=2320"}],"version-history":[{"count":0,"href":"https:\/\/fjala.info\/2009-2015\/wp-json\/wp\/v2\/posts\/2320\/revisions"}],"wp:attachment":[{"href":"https:\/\/fjala.info\/2009-2015\/wp-json\/wp\/v2\/media?parent=2320"}],"wp:term":[{"taxonomy":"category","embeddable":true,"href":"https:\/\/fjala.info\/2009-2015\/wp-json\/wp\/v2\/categories?post=2320"},{"taxonomy":"post_tag","embeddable":true,"href":"https:\/\/fjala.info\/2009-2015\/wp-json\/wp\/v2\/tags?post=2320"}],"curies":[{"name":"wp","href":"https:\/\/api.w.org\/{rel}","templated":true}]}}