{"id":2318,"date":"2010-04-19T23:26:00","date_gmt":"2010-04-19T22:26:00","guid":{"rendered":"http:\/\/fjala.shkoder.net\/?p=2318"},"modified":"2010-04-19T23:26:00","modified_gmt":"2010-04-19T22:26:00","slug":"shpresa-e-berishes-per-te-blere-zgjidhjen-e-krizes","status":"publish","type":"post","link":"https:\/\/fjala.info\/2009-2015\/shpresa-e-berishes-per-te-blere-zgjidhjen-e-krizes\/","title":{"rendered":"Shpresa e Berish\u00ebs p\u00ebr t\u00eb bler\u00eb zgjidhjen e kriz\u00ebs"},"content":{"rendered":"<p><img decoding=\"async\" style=\"margin-left: 10px; margin-right: 10px; border: 0px;\" src=\"http:\/\/www.shkoder.net\/images\/fjala\/mero_baze1.jpg\" border=\"0\" alt=\"Mero Baze\" width=\"100\" align=\"right\" \/><\/p>\n<p>Nga <strong>Mero Baze<\/strong>, &#8220;<em>Faktori Plus<\/em>&#8221;<\/p>\n<p>E vetmja gj\u00eb p\u00ebr t\u00eb cil\u00ebn vlen sot Fatos Nano, \u00ebsht\u00eb t\u00eb kuptojm\u00eb se deri ku ka degraduar Sali Berisha. Takimi n\u00eb Hotel Grand n\u00eb Vjen\u00eb n\u00eb fundjav\u00ebn q\u00eb shkoi, nd\u00ebrmjet\u00ebsuar nga biznesmen\u00eb dhe sekser\u00eb t\u00eb politik\u00ebs, vlen p\u00ebr t\u00eb kuptuar mentalitetin antidemokratik t\u00eb kryeministrit dhe m\u00ebnyr\u00ebn se si ai k\u00ebrkon t\u00eb ballafaqohet me problemet n\u00eb Shqip\u00ebri.<\/p>\n<p>K\u00ebto jan\u00eb t\u00eb vetmet p\u00ebrfundime q\u00eb mund t\u00eb prodhoj\u00eb takimi mes dy rivaleve t\u00eb 20 viteve t\u00eb para t\u00eb pluralizmit n\u00eb Shqip\u00ebri, q\u00eb me etjen e tyre p\u00ebr pushtet dhe revanshin ndaj shtetit ligjor kan\u00eb b\u00ebr\u00eb q\u00eb Shqip\u00ebria t\u00eb mbetet vendi i fundit evropian pa liri l\u00ebvizjeje, pa status t\u00eb vendit kandidat p\u00ebr BE dhe vend me kredenciale t\u00eb dyshimta demokratike. Por \u00ebsht\u00eb e tep\u00ebrt t\u00eb prek\u00ebsh n\u00eb sed\u00ebr dy p\u00ebrgjegj\u00ebsit kryesor\u00eb t\u00eb k\u00ebsaj situate, p\u00ebr statusin e sot\u00ebm t\u00eb Shqip\u00ebris\u00eb.<\/p>\n<p>Ajo q\u00eb \u00ebsht\u00eb shqet\u00ebsuese n\u00eb gjith\u00eb at\u00eb \u00e7far\u00eb Berisha citon nga takimi me Fatos Nanon \u00ebsht\u00eb ideja se kryeministri shqiptar ka menduar ta zgjidh\u00eb kriz\u00ebn politike n\u00eb Shqip\u00ebri duke mos u ballafaquar me t\u00eb. Koncepti shantazhues i kryeministrit, q\u00eb deklaron se ka gjetur partnerin p\u00ebr 20 vitet e ardhshme n\u00eb politik\u00ebn shqiptare, \u00ebsht\u00eb institucionalizim i antiopozitarizmit n\u00eb Shqip\u00ebri. Realisht askush nuk \u00ebsht\u00eb i shqet\u00ebsuar se pse takohet Sali Berisha me Fatos Nanon, pse i nd\u00ebrmjet\u00ebson takimet nj\u00eb biznesmen sekser i gjith\u00eb regjimeve dhe pse t\u00eb dy k\u00ebta lider\u00eb kan\u00eb institucionalizuar munges\u00ebn e moralit n\u00eb politik\u00eb.<\/p>\n<p>Kjo nuk shqet\u00ebson m\u00eb ask\u00ebnd, pasi ky \u00ebsht\u00eb nj\u00eb standard q\u00eb pritet nga Berisha dhe Nano. E reja k\u00ebtu \u00ebsht\u00eb se kryeministri i Shqip\u00ebris\u00eb ka hequr dor\u00eb nga ballafaqimi demokratik me opozit\u00ebn, ka hequr dor\u00eb nga zgjidhja e kriz\u00ebs politike me t\u00eb dhe po mendon t\u00eb em\u00ebroj\u00eb nj\u00eb opozit\u00eb t\u00eb vet\u00ebn, me t\u00eb cil\u00ebn paraprakisht ka b\u00ebr\u00eb nj\u00eb pakt 20-vje\u00e7ar.<\/p>\n<p>I lodhur nga opozita e Edi Ram\u00ebs dhe i pashpres\u00eb t\u00eb gjej\u00eb rrug\u00eb p\u00ebr t\u00eb fituar mbi t\u00eb, duket se Sali Berisha ka vendosur t\u00eb nd\u00ebrroj\u00eb opozit\u00ebn si rrug\u00ebn m\u00eb t\u00eb thjesht\u00eb, duke injoruar 600 mij\u00eb socialist\u00eb q\u00eb votojn\u00eb kund\u00ebr tij dhe duke konsideruar popull opozitar nj\u00eb ish-kryeminist\u00ebr q\u00eb jeton n\u00eb Vjen\u00eb me biznese, t\u00eb cilat i kan\u00eb rr\u00ebnj\u00ebt te pushteti i tij i dikursh\u00ebm n\u00eb k\u00ebt\u00eb vend.<\/p>\n<p>E gjitha kjo sjellje e Sali Berish\u00ebs nuk vlen p\u00ebr t\u00eb trembur ask\u00ebnd n\u00eb Shqip\u00ebri. Kjo sjellje jo vet\u00ebm q\u00eb nuk e tremb opozit\u00ebn shqiptare, por forcon artificialisht m\u00eb shum\u00eb se sa e meriton liderin aktual t\u00eb opozit\u00ebs Edi Rama, pasi p\u00ebrforcon tez\u00ebn e tij p\u00ebr nj\u00eb koalicion mes Berish\u00ebs, Nanos dhe Met\u00ebs kund\u00ebr tij edhe n\u00eb zgjedhjet e shkuara. Kjo tez\u00eb nuk tremb, por vet\u00ebm irriton socialist\u00ebt, t\u00eb cil\u00ebt kan\u00eb besuar gjat\u00eb se lideri i tyre ka vlera bazale n\u00eb luft\u00ebn politike kund\u00ebr Berish\u00ebs.<\/p>\n<p>Mbi t\u00eb gjitha kjo sjellje e Berish\u00ebs, nuk trim\u00ebron dot as t\u00eb vet\u00ebt, t\u00eb cil\u00ebt e kan\u00eb t\u00eb af\u00ebrt kujtimin e hidhur t\u00eb vitit 2007, ku sipas gjith\u00eb sondazheve, nj\u00eb nga arsyet p\u00ebrse e djathta u godit n\u00eb Tiran\u00eb dhe gjith\u00eb qytetet kryesore t\u00eb Shqip\u00ebris\u00eb, ishte koalicioni \u201cNano-Berisha\u201d kund\u00ebr Ram\u00ebs n\u00eb Pallatin e Brigadave. Kjo sjellje e Berish\u00ebs tremb tanim\u00eb vet\u00ebm studiuesit e profilit t\u00eb tij politik, t\u00eb cil\u00ebt e lexojn\u00eb k\u00ebt\u00eb sjellje si humbje qet\u00ebsie dhe dor\u00ebzim para kriz\u00ebs.<\/p>\n<p>Duke humbur qet\u00ebsin\u00eb si kryeminist\u00ebr dhe duke mos qen\u00eb i aft\u00eb t\u00eb ballafaqohet me kund\u00ebrshtarin e tij real n\u00eb Tiran\u00eb, zoti Berisha i \u00ebsht\u00eb dor\u00ebzuar kast\u00ebs s\u00eb biznesmen\u00ebve q\u00eb jan\u00eb b\u00ebr\u00eb milioner\u00eb duke paguar hotele politikan\u00ebsh dhe u p\u00ebrfshir\u00eb n\u00eb loj\u00ebrat e pista t\u00eb politik\u00ebs.<\/p>\n<p>Ai shpreson se k\u00ebta do ta shp\u00ebtojn\u00eb nga kriza dhe do t\u2019i blejn\u00eb pushtetin duke shpikur nj\u00eb opozit\u00eb tjet\u00ebr nga ajo q\u00eb e pret n\u00eb rrug\u00eb m\u00eb 30 prill. E gjith\u00eb kjo \u00ebsht\u00eb nj\u00eb \u00ebnd\u00ebrr, nga e cila Berisha duhet t\u00eb zgjohet sa m\u00eb shpejt. Ai ka vet\u00ebm nj\u00eb rrug\u00eb t\u00eb ballafaqohet me kriz\u00ebn dhe ta zgjidh\u00eb at\u00eb, duke marr\u00eb p\u00ebrgjegj\u00ebsit\u00eb e veta. Shpresa e tij se do ta blej\u00eb zgjidhjen e kriz\u00ebs duke p\u00ebrdorur sekser\u00ebt dhe milioner\u00ebt e tij, q\u00eb i rrin\u00eb nga pas shoq\u00ebruar nga djali i tij, \u00ebsht\u00eb e kot\u00eb.<\/p>\n<p>Shqip\u00ebria sot \u00ebsht\u00eb m\u00eb shum\u00eb e fyer, nga ideja se Berisha nuk respekton shqet\u00ebsimet e shoq\u00ebris\u00eb shqiptare, se sa nga puthjet e tij gjith\u00eb mall me Fatos Nanon. 20 vjet pas shpalljes s\u00eb pluralizmit n\u00eb Shqip\u00ebri, \u00ebsht\u00eb e tep\u00ebrt t\u00eb kemi ende nj\u00eb kryeminist\u00ebr q\u00eb mendon se si t\u00eb prodhoj\u00eb nj\u00eb opozit\u00eb me parat\u00eb e pista t\u00eb biznesit qeveritar. Aq m\u00eb qesharake kur k\u00ebt\u00eb e shpall dhe si prioritet t\u00eb 20 viteve t\u00eb ardhshme, t\u00eb cilat shqiptar\u00ebt mezi presin t\u00eb jen\u00eb pa Berish\u00ebn dhe Nanon, t\u00eb cil\u00ebt ua kan\u00eb \u00e7uar nd\u00ebrkoh\u00eb 20 vite d\u00ebm.<\/p>\n","protected":false},"excerpt":{"rendered":"<p>Nga Mero Baze, &#8220;Faktori Plus&#8221; E vetmja gj\u00eb p\u00ebr t\u00eb cil\u00ebn vlen sot Fatos Nano, \u00ebsht\u00eb t\u00eb kuptojm\u00eb se deri ku ka degraduar Sali Berisha. Takimi n\u00eb Hotel Grand n\u00eb Vjen\u00eb n\u00eb fundjav\u00ebn q\u00eb shkoi, nd\u00ebrmjet\u00ebsuar nga biznesmen\u00eb dhe sekser\u00eb t\u00eb politik\u00ebs, vlen p\u00ebr t\u00eb kuptuar mentalitetin antidemokratik t\u00eb kryeministrit dhe m\u00ebnyr\u00ebn se si ai [&hellip;]<\/p>\n","protected":false},"author":1,"featured_media":0,"comment_status":"open","ping_status":"closed","sticky":false,"template":"","format":"standard","meta":{"footnotes":""},"categories":[2],"tags":[],"class_list":{"0":"post-2318","1":"post","2":"type-post","3":"status-publish","4":"format-standard","6":"category-artikuj"},"yoast_head":"<!-- This site is optimized with the Yoast SEO plugin v27.4 - https:\/\/yoast.com\/product\/yoast-seo-wordpress\/ -->\n<title>Shpresa e Berish\u00ebs p\u00ebr t\u00eb bler\u00eb zgjidhjen e kriz\u00ebs - FjALA e LIR\u00cb - Arkivi<\/title>\n<meta name=\"robots\" content=\"index, follow, max-snippet:-1, max-image-preview:large, max-video-preview:-1\" \/>\n<link rel=\"canonical\" href=\"https:\/\/fjala.info\/2009-2015\/shpresa-e-berishes-per-te-blere-zgjidhjen-e-krizes\/\" \/>\n<meta property=\"og:locale\" content=\"sq_AL\" \/>\n<meta property=\"og:type\" content=\"article\" \/>\n<meta property=\"og:title\" content=\"Shpresa e Berish\u00ebs p\u00ebr t\u00eb bler\u00eb zgjidhjen e kriz\u00ebs - FjALA e LIR\u00cb - Arkivi\" \/>\n<meta property=\"og:description\" content=\"Nga Mero Baze, &#8220;Faktori Plus&#8221; E vetmja gj\u00eb p\u00ebr t\u00eb cil\u00ebn vlen sot Fatos Nano, \u00ebsht\u00eb t\u00eb kuptojm\u00eb se deri ku ka degraduar Sali Berisha. Takimi n\u00eb Hotel Grand n\u00eb Vjen\u00eb n\u00eb fundjav\u00ebn q\u00eb shkoi, nd\u00ebrmjet\u00ebsuar nga biznesmen\u00eb dhe sekser\u00eb t\u00eb politik\u00ebs, vlen p\u00ebr t\u00eb kuptuar mentalitetin antidemokratik t\u00eb kryeministrit dhe m\u00ebnyr\u00ebn se si ai [&hellip;]\" \/>\n<meta property=\"og:url\" content=\"https:\/\/fjala.info\/2009-2015\/shpresa-e-berishes-per-te-blere-zgjidhjen-e-krizes\/\" \/>\n<meta property=\"og:site_name\" content=\"FjALA e LIR\u00cb - Arkivi\" \/>\n<meta property=\"article:published_time\" content=\"2010-04-19T22:26:00+00:00\" \/>\n<meta property=\"og:image\" content=\"http:\/\/www.shkoder.net\/images\/fjala\/mero_baze1.jpg\" \/>\n<meta name=\"author\" content=\"admin\" \/>\n<meta name=\"twitter:card\" content=\"summary_large_image\" \/>\n<meta name=\"twitter:label1\" content=\"Written by\" \/>\n\t<meta name=\"twitter:data1\" content=\"admin\" \/>\n\t<meta name=\"twitter:label2\" content=\"Est. reading time\" \/>\n\t<meta name=\"twitter:data2\" content=\"4 minutes\" \/>\n<script type=\"application\/ld+json\" class=\"yoast-schema-graph\">{\"@context\":\"https:\\\/\\\/schema.org\",\"@graph\":[{\"@type\":\"Article\",\"@id\":\"https:\\\/\\\/fjala.info\\\/2009-2015\\\/shpresa-e-berishes-per-te-blere-zgjidhjen-e-krizes\\\/#article\",\"isPartOf\":{\"@id\":\"https:\\\/\\\/fjala.info\\\/2009-2015\\\/shpresa-e-berishes-per-te-blere-zgjidhjen-e-krizes\\\/\"},\"author\":{\"name\":\"admin\",\"@id\":\"https:\\\/\\\/fjala.info\\\/2009-2015\\\/#\\\/schema\\\/person\\\/3aa1163ef05469c496fc94e77611ada2\"},\"headline\":\"Shpresa e Berish\u00ebs p\u00ebr t\u00eb bler\u00eb zgjidhjen e kriz\u00ebs\",\"datePublished\":\"2010-04-19T22:26:00+00:00\",\"mainEntityOfPage\":{\"@id\":\"https:\\\/\\\/fjala.info\\\/2009-2015\\\/shpresa-e-berishes-per-te-blere-zgjidhjen-e-krizes\\\/\"},\"wordCount\":900,\"commentCount\":1,\"publisher\":{\"@id\":\"https:\\\/\\\/fjala.info\\\/2009-2015\\\/#organization\"},\"image\":{\"@id\":\"https:\\\/\\\/fjala.info\\\/2009-2015\\\/shpresa-e-berishes-per-te-blere-zgjidhjen-e-krizes\\\/#primaryimage\"},\"thumbnailUrl\":\"http:\\\/\\\/www.shkoder.net\\\/images\\\/fjala\\\/mero_baze1.jpg\",\"articleSection\":[\"Artikuj\"],\"inLanguage\":\"sq-AL\",\"potentialAction\":[{\"@type\":\"CommentAction\",\"name\":\"Comment\",\"target\":[\"https:\\\/\\\/fjala.info\\\/2009-2015\\\/shpresa-e-berishes-per-te-blere-zgjidhjen-e-krizes\\\/#respond\"]}]},{\"@type\":\"WebPage\",\"@id\":\"https:\\\/\\\/fjala.info\\\/2009-2015\\\/shpresa-e-berishes-per-te-blere-zgjidhjen-e-krizes\\\/\",\"url\":\"https:\\\/\\\/fjala.info\\\/2009-2015\\\/shpresa-e-berishes-per-te-blere-zgjidhjen-e-krizes\\\/\",\"name\":\"Shpresa e Berish\u00ebs p\u00ebr t\u00eb bler\u00eb zgjidhjen e kriz\u00ebs - FjALA e LIR\u00cb - Arkivi\",\"isPartOf\":{\"@id\":\"https:\\\/\\\/fjala.info\\\/2009-2015\\\/#website\"},\"primaryImageOfPage\":{\"@id\":\"https:\\\/\\\/fjala.info\\\/2009-2015\\\/shpresa-e-berishes-per-te-blere-zgjidhjen-e-krizes\\\/#primaryimage\"},\"image\":{\"@id\":\"https:\\\/\\\/fjala.info\\\/2009-2015\\\/shpresa-e-berishes-per-te-blere-zgjidhjen-e-krizes\\\/#primaryimage\"},\"thumbnailUrl\":\"http:\\\/\\\/www.shkoder.net\\\/images\\\/fjala\\\/mero_baze1.jpg\",\"datePublished\":\"2010-04-19T22:26:00+00:00\",\"breadcrumb\":{\"@id\":\"https:\\\/\\\/fjala.info\\\/2009-2015\\\/shpresa-e-berishes-per-te-blere-zgjidhjen-e-krizes\\\/#breadcrumb\"},\"inLanguage\":\"sq-AL\",\"potentialAction\":[{\"@type\":\"ReadAction\",\"target\":[\"https:\\\/\\\/fjala.info\\\/2009-2015\\\/shpresa-e-berishes-per-te-blere-zgjidhjen-e-krizes\\\/\"]}]},{\"@type\":\"ImageObject\",\"inLanguage\":\"sq-AL\",\"@id\":\"https:\\\/\\\/fjala.info\\\/2009-2015\\\/shpresa-e-berishes-per-te-blere-zgjidhjen-e-krizes\\\/#primaryimage\",\"url\":\"http:\\\/\\\/www.shkoder.net\\\/images\\\/fjala\\\/mero_baze1.jpg\",\"contentUrl\":\"http:\\\/\\\/www.shkoder.net\\\/images\\\/fjala\\\/mero_baze1.jpg\"},{\"@type\":\"BreadcrumbList\",\"@id\":\"https:\\\/\\\/fjala.info\\\/2009-2015\\\/shpresa-e-berishes-per-te-blere-zgjidhjen-e-krizes\\\/#breadcrumb\",\"itemListElement\":[{\"@type\":\"ListItem\",\"position\":1,\"name\":\"Home\",\"item\":\"https:\\\/\\\/fjala.info\\\/2009-2015\\\/\"},{\"@type\":\"ListItem\",\"position\":2,\"name\":\"Shpresa e Berish\u00ebs p\u00ebr t\u00eb bler\u00eb zgjidhjen e kriz\u00ebs\"}]},{\"@type\":\"WebSite\",\"@id\":\"https:\\\/\\\/fjala.info\\\/2009-2015\\\/#website\",\"url\":\"https:\\\/\\\/fjala.info\\\/2009-2015\\\/\",\"name\":\"FjALA e LIR\u00cb - Arkivi\",\"description\":\"Arkivi 2009-2015\",\"publisher\":{\"@id\":\"https:\\\/\\\/fjala.info\\\/2009-2015\\\/#organization\"},\"potentialAction\":[{\"@type\":\"SearchAction\",\"target\":{\"@type\":\"EntryPoint\",\"urlTemplate\":\"https:\\\/\\\/fjala.info\\\/2009-2015\\\/?s={search_term_string}\"},\"query-input\":{\"@type\":\"PropertyValueSpecification\",\"valueRequired\":true,\"valueName\":\"search_term_string\"}}],\"inLanguage\":\"sq-AL\"},{\"@type\":\"Organization\",\"@id\":\"https:\\\/\\\/fjala.info\\\/2009-2015\\\/#organization\",\"name\":\"FjALA e LIR\u00cb - Arkivi\",\"url\":\"https:\\\/\\\/fjala.info\\\/2009-2015\\\/\",\"logo\":{\"@type\":\"ImageObject\",\"inLanguage\":\"sq-AL\",\"@id\":\"https:\\\/\\\/fjala.info\\\/2009-2015\\\/#\\\/schema\\\/logo\\\/image\\\/\",\"url\":\"\",\"contentUrl\":\"\",\"caption\":\"FjALA e LIR\u00cb - Arkivi\"},\"image\":{\"@id\":\"https:\\\/\\\/fjala.info\\\/2009-2015\\\/#\\\/schema\\\/logo\\\/image\\\/\"}},{\"@type\":\"Person\",\"@id\":\"https:\\\/\\\/fjala.info\\\/2009-2015\\\/#\\\/schema\\\/person\\\/3aa1163ef05469c496fc94e77611ada2\",\"name\":\"admin\",\"image\":{\"@type\":\"ImageObject\",\"inLanguage\":\"sq-AL\",\"@id\":\"https:\\\/\\\/fjala.info\\\/2009-2015\\\/wp-content\\\/uploads\\\/2012\\\/02\\\/arben_cokaj-120x150.jpg\",\"url\":\"https:\\\/\\\/fjala.info\\\/2009-2015\\\/wp-content\\\/uploads\\\/2012\\\/02\\\/arben_cokaj-120x150.jpg\",\"contentUrl\":\"https:\\\/\\\/fjala.info\\\/2009-2015\\\/wp-content\\\/uploads\\\/2012\\\/02\\\/arben_cokaj-120x150.jpg\",\"caption\":\"admin\"},\"description\":\"Admin, Fjala e Lir\u00eb\",\"sameAs\":[\"https:\\\/\\\/fjala.info\\\/\"],\"url\":\"https:\\\/\\\/fjala.info\\\/2009-2015\\\/author\\\/admin\\\/\"}]}<\/script>\n<!-- \/ Yoast SEO plugin. -->","yoast_head_json":{"title":"Shpresa e Berish\u00ebs p\u00ebr t\u00eb bler\u00eb zgjidhjen e kriz\u00ebs - FjALA e LIR\u00cb - Arkivi","robots":{"index":"index","follow":"follow","max-snippet":"max-snippet:-1","max-image-preview":"max-image-preview:large","max-video-preview":"max-video-preview:-1"},"canonical":"https:\/\/fjala.info\/2009-2015\/shpresa-e-berishes-per-te-blere-zgjidhjen-e-krizes\/","og_locale":"sq_AL","og_type":"article","og_title":"Shpresa e Berish\u00ebs p\u00ebr t\u00eb bler\u00eb zgjidhjen e kriz\u00ebs - FjALA e LIR\u00cb - Arkivi","og_description":"Nga Mero Baze, &#8220;Faktori Plus&#8221; E vetmja gj\u00eb p\u00ebr t\u00eb cil\u00ebn vlen sot Fatos Nano, \u00ebsht\u00eb t\u00eb kuptojm\u00eb se deri ku ka degraduar Sali Berisha. Takimi n\u00eb Hotel Grand n\u00eb Vjen\u00eb n\u00eb fundjav\u00ebn q\u00eb shkoi, nd\u00ebrmjet\u00ebsuar nga biznesmen\u00eb dhe sekser\u00eb t\u00eb politik\u00ebs, vlen p\u00ebr t\u00eb kuptuar mentalitetin antidemokratik t\u00eb kryeministrit dhe m\u00ebnyr\u00ebn se si ai [&hellip;]","og_url":"https:\/\/fjala.info\/2009-2015\/shpresa-e-berishes-per-te-blere-zgjidhjen-e-krizes\/","og_site_name":"FjALA e LIR\u00cb - Arkivi","article_published_time":"2010-04-19T22:26:00+00:00","og_image":[{"url":"http:\/\/www.shkoder.net\/images\/fjala\/mero_baze1.jpg","type":"","width":"","height":""}],"author":"admin","twitter_card":"summary_large_image","twitter_misc":{"Written by":"admin","Est. reading time":"4 minutes"},"schema":{"@context":"https:\/\/schema.org","@graph":[{"@type":"Article","@id":"https:\/\/fjala.info\/2009-2015\/shpresa-e-berishes-per-te-blere-zgjidhjen-e-krizes\/#article","isPartOf":{"@id":"https:\/\/fjala.info\/2009-2015\/shpresa-e-berishes-per-te-blere-zgjidhjen-e-krizes\/"},"author":{"name":"admin","@id":"https:\/\/fjala.info\/2009-2015\/#\/schema\/person\/3aa1163ef05469c496fc94e77611ada2"},"headline":"Shpresa e Berish\u00ebs p\u00ebr t\u00eb bler\u00eb zgjidhjen e kriz\u00ebs","datePublished":"2010-04-19T22:26:00+00:00","mainEntityOfPage":{"@id":"https:\/\/fjala.info\/2009-2015\/shpresa-e-berishes-per-te-blere-zgjidhjen-e-krizes\/"},"wordCount":900,"commentCount":1,"publisher":{"@id":"https:\/\/fjala.info\/2009-2015\/#organization"},"image":{"@id":"https:\/\/fjala.info\/2009-2015\/shpresa-e-berishes-per-te-blere-zgjidhjen-e-krizes\/#primaryimage"},"thumbnailUrl":"http:\/\/www.shkoder.net\/images\/fjala\/mero_baze1.jpg","articleSection":["Artikuj"],"inLanguage":"sq-AL","potentialAction":[{"@type":"CommentAction","name":"Comment","target":["https:\/\/fjala.info\/2009-2015\/shpresa-e-berishes-per-te-blere-zgjidhjen-e-krizes\/#respond"]}]},{"@type":"WebPage","@id":"https:\/\/fjala.info\/2009-2015\/shpresa-e-berishes-per-te-blere-zgjidhjen-e-krizes\/","url":"https:\/\/fjala.info\/2009-2015\/shpresa-e-berishes-per-te-blere-zgjidhjen-e-krizes\/","name":"Shpresa e Berish\u00ebs p\u00ebr t\u00eb bler\u00eb zgjidhjen e kriz\u00ebs - FjALA e LIR\u00cb - Arkivi","isPartOf":{"@id":"https:\/\/fjala.info\/2009-2015\/#website"},"primaryImageOfPage":{"@id":"https:\/\/fjala.info\/2009-2015\/shpresa-e-berishes-per-te-blere-zgjidhjen-e-krizes\/#primaryimage"},"image":{"@id":"https:\/\/fjala.info\/2009-2015\/shpresa-e-berishes-per-te-blere-zgjidhjen-e-krizes\/#primaryimage"},"thumbnailUrl":"http:\/\/www.shkoder.net\/images\/fjala\/mero_baze1.jpg","datePublished":"2010-04-19T22:26:00+00:00","breadcrumb":{"@id":"https:\/\/fjala.info\/2009-2015\/shpresa-e-berishes-per-te-blere-zgjidhjen-e-krizes\/#breadcrumb"},"inLanguage":"sq-AL","potentialAction":[{"@type":"ReadAction","target":["https:\/\/fjala.info\/2009-2015\/shpresa-e-berishes-per-te-blere-zgjidhjen-e-krizes\/"]}]},{"@type":"ImageObject","inLanguage":"sq-AL","@id":"https:\/\/fjala.info\/2009-2015\/shpresa-e-berishes-per-te-blere-zgjidhjen-e-krizes\/#primaryimage","url":"http:\/\/www.shkoder.net\/images\/fjala\/mero_baze1.jpg","contentUrl":"http:\/\/www.shkoder.net\/images\/fjala\/mero_baze1.jpg"},{"@type":"BreadcrumbList","@id":"https:\/\/fjala.info\/2009-2015\/shpresa-e-berishes-per-te-blere-zgjidhjen-e-krizes\/#breadcrumb","itemListElement":[{"@type":"ListItem","position":1,"name":"Home","item":"https:\/\/fjala.info\/2009-2015\/"},{"@type":"ListItem","position":2,"name":"Shpresa e Berish\u00ebs p\u00ebr t\u00eb bler\u00eb zgjidhjen e kriz\u00ebs"}]},{"@type":"WebSite","@id":"https:\/\/fjala.info\/2009-2015\/#website","url":"https:\/\/fjala.info\/2009-2015\/","name":"FjALA e LIR\u00cb - Arkivi","description":"Arkivi 2009-2015","publisher":{"@id":"https:\/\/fjala.info\/2009-2015\/#organization"},"potentialAction":[{"@type":"SearchAction","target":{"@type":"EntryPoint","urlTemplate":"https:\/\/fjala.info\/2009-2015\/?s={search_term_string}"},"query-input":{"@type":"PropertyValueSpecification","valueRequired":true,"valueName":"search_term_string"}}],"inLanguage":"sq-AL"},{"@type":"Organization","@id":"https:\/\/fjala.info\/2009-2015\/#organization","name":"FjALA e LIR\u00cb - Arkivi","url":"https:\/\/fjala.info\/2009-2015\/","logo":{"@type":"ImageObject","inLanguage":"sq-AL","@id":"https:\/\/fjala.info\/2009-2015\/#\/schema\/logo\/image\/","url":"","contentUrl":"","caption":"FjALA e LIR\u00cb - Arkivi"},"image":{"@id":"https:\/\/fjala.info\/2009-2015\/#\/schema\/logo\/image\/"}},{"@type":"Person","@id":"https:\/\/fjala.info\/2009-2015\/#\/schema\/person\/3aa1163ef05469c496fc94e77611ada2","name":"admin","image":{"@type":"ImageObject","inLanguage":"sq-AL","@id":"https:\/\/fjala.info\/2009-2015\/wp-content\/uploads\/2012\/02\/arben_cokaj-120x150.jpg","url":"https:\/\/fjala.info\/2009-2015\/wp-content\/uploads\/2012\/02\/arben_cokaj-120x150.jpg","contentUrl":"https:\/\/fjala.info\/2009-2015\/wp-content\/uploads\/2012\/02\/arben_cokaj-120x150.jpg","caption":"admin"},"description":"Admin, Fjala e Lir\u00eb","sameAs":["https:\/\/fjala.info\/"],"url":"https:\/\/fjala.info\/2009-2015\/author\/admin\/"}]}},"_links":{"self":[{"href":"https:\/\/fjala.info\/2009-2015\/wp-json\/wp\/v2\/posts\/2318","targetHints":{"allow":["GET"]}}],"collection":[{"href":"https:\/\/fjala.info\/2009-2015\/wp-json\/wp\/v2\/posts"}],"about":[{"href":"https:\/\/fjala.info\/2009-2015\/wp-json\/wp\/v2\/types\/post"}],"author":[{"embeddable":true,"href":"https:\/\/fjala.info\/2009-2015\/wp-json\/wp\/v2\/users\/1"}],"replies":[{"embeddable":true,"href":"https:\/\/fjala.info\/2009-2015\/wp-json\/wp\/v2\/comments?post=2318"}],"version-history":[{"count":0,"href":"https:\/\/fjala.info\/2009-2015\/wp-json\/wp\/v2\/posts\/2318\/revisions"}],"wp:attachment":[{"href":"https:\/\/fjala.info\/2009-2015\/wp-json\/wp\/v2\/media?parent=2318"}],"wp:term":[{"taxonomy":"category","embeddable":true,"href":"https:\/\/fjala.info\/2009-2015\/wp-json\/wp\/v2\/categories?post=2318"},{"taxonomy":"post_tag","embeddable":true,"href":"https:\/\/fjala.info\/2009-2015\/wp-json\/wp\/v2\/tags?post=2318"}],"curies":[{"name":"wp","href":"https:\/\/api.w.org\/{rel}","templated":true}]}}