{"id":2313,"date":"2010-04-19T23:22:29","date_gmt":"2010-04-19T22:22:29","guid":{"rendered":"http:\/\/fjala.shkoder.net\/?p=2313"},"modified":"2010-04-19T23:22:29","modified_gmt":"2010-04-19T22:22:29","slug":"rama-1-maji-dite-e-betejes-qytetare","status":"publish","type":"post","link":"https:\/\/fjala.info\/2009-2015\/rama-1-maji-dite-e-betejes-qytetare\/","title":{"rendered":"Rama: 1 Maji, dit\u00eb e betej\u00ebs qytetare"},"content":{"rendered":"<p><strong>Shekulli<\/strong>, <em>19.04.2010<\/em><\/p>\n<p>Kryetari i PS-s\u00eb, Edi Rama, deklaroi dje se nuk ka afat p\u00ebr mbylljen e protestave:<br \/>\n&#8220;Mbaron me fitoren e njer\u00ebzve, q\u00eb nuk k\u00ebrkojn\u00eb privilegje&#8221;<\/p>\n<p><em>TIRAN\u00cb <\/em>&#8211; Edi Rama e ka nisur fjal\u00ebn n\u00eb kongresin e jasht\u00ebzakonsh\u00ebm t\u00eb partis\u00eb s\u00eb tij, me citimin e rilindasit t\u00eb madh Fan Noli. &#8220;<em>Kabineti yn\u00eb i sot\u00ebm \u00ebsht\u00eb n\u00eb kuptimin e plot\u00eb t\u00eb fjal\u00ebs Kabineti i Pykave. Se ca jan\u00eb pyka nga dituria e ca jan\u00eb pyka nga vlera civile. Dhe \u00ebsht\u00eb n\u00eb natyr\u00eb t\u00eb pykave t\u00eb jen\u00eb t\u00eb rrethuar me pyka e me dallkauk\u00eb. Ideali i tyre nuk \u00ebsht\u00eb t\u00eb organizojn\u00eb shtetin, se as ata vet\u00eb s&#8217;din\u00eb t\u00eb organizojn\u00eb, as organizator\u00ebt nuk i len\u00eb t\u00eb lir\u00eb. Ideali i tyre \u00ebsht\u00eb t\u00eb mbajn\u00eb kolltuk\u00ebt me \u00e7far\u00ebdo \u00e7mimi. Mjetet e tyre p\u00ebr t\u00eb arrir\u00eb k\u00ebt\u00eb ideal jan\u00eb druri dhe ryshfeti<\/em>&#8220;, &#8211; citoi dje nga Fjala e Nolit, Edi Rama.<\/p>\n<p>Kryetari i opozit\u00ebs theksoi se ngulmimi i pushtetit p\u00ebr t&#8217;i mbajtur kutit\u00eb e mbyllura \u00ebsht\u00eb prova m\u00eb e mir\u00eb se n\u00eb kuti fshihet jo vet\u00ebm fitorja PS-s\u00eb, por sipas tij, edhe arma e korruptimit t\u00eb zgjedhjeve. &#8220;Me at\u00eb arm\u00eb Sali Berisha k\u00ebrkon t\u00eb vras\u00eb edhe zgjedhjet e ardhshme pasi vrau ato q\u00eb shkuan. Pa e nxjerr\u00eb q\u00eb aty dhe \u00e7montuar nj\u00ebher\u00eb e mir\u00eb at\u00eb arm\u00eb vrastare p\u00ebr lirin\u00eb e zgjedhjeve, n\u00eb k\u00ebt\u00eb vend nuk ka shanse reale p\u00ebr asnj\u00eb liri zgjedhjeje&#8221;, &#8211; tha ai.<\/p>\n<p>Rikthimi n\u00eb PS<\/p>\n<p>Kryetari i PS-s\u00eb, Edi Rama, ka p\u00ebrsh\u00ebndetur dje rikthimin n\u00eb &#8220;sht\u00ebpin\u00eb&#8221; e tyre t\u00eb ish drejtuesve t\u00eb LSI-s\u00eb. &#8220;Sabit Brokajt, P\u00ebllumb Xhufit, Ndre Legisit, Fatos Klosit, Mustafa Mu\u00e7it e plot t\u00eb tjer\u00ebve q\u00eb e refuzuan p\u00ebrfshirjen n\u00eb pun\u00ebt e qeveris\u00eb s\u00eb pykave dhe u q\u00ebndruan besnik\u00eb atyre dhjet\u00ebra mij\u00ebra socialist\u00ebve t\u00eb g\u00ebnjyer nga shpresa se do ta nxirrnin pyk\u00ebn Sali me pyk\u00ebn Ilir&#8221;,- tha Rama.<\/p>\n<p>Nj\u00eb p\u00ebrsh\u00ebndetje i \u00ebsht\u00eb drejtuar edhe aleat\u00ebve tradicionale Sk\u00ebnder Gjinushi, Vangjel Dule e Paskal Milo, apo edhe t\u00eb rinjve si Spartak Ngjela, Pre\u00e7 Zogaj e Nard Ndoka. &#8220;Erion Veliaj na ka mbetur n\u00ebn ren\u00eb vullkanike n\u00eb Bruksel, urojm\u00eb kthim t\u00eb mbar\u00eb. Jemi t\u00eb gjith\u00eb bashk\u00eb n\u00eb k\u00ebt\u00eb betej\u00eb sepse duam q\u00eb \u00e7do shqiptar, i majt\u00eb ose i djatht\u00eb, burr\u00eb apo grua, nga jugu a nga veriu, pavar\u00ebsisht \u00e7do dallimi, t\u00eb fitoj\u00eb lirin\u00eb e t\u00eb drejt\u00ebn e t\u00eb qenit i barabart\u00eb p\u00ebrpara ligjit e shanseve p\u00ebr shkoll\u00eb, pun\u00ebsim, mir\u00ebqenie q\u00eb jep nj\u00eb demokraci reale&#8221;,- tha ai.<\/p>\n<p>Kriza ekonomike<\/p>\n<p>Kryetari i PS-s\u00eb ka sqaruar dje se kriza e ekonomis\u00eb shqiptare nuk \u00ebsht\u00eb pjes\u00eb e kriz\u00ebs financiare globale. &#8220;Ajo \u00ebsht\u00eb pjell\u00eb e politik\u00ebs shkat\u00ebrruese ekonomike t\u00eb qeveris\u00eb s\u00eb pykave q\u00eb, si\u00e7 thot\u00eb Noli i madh, shoq\u00ebrohen vet\u00ebm me pyka e me dallkauk\u00eb, dhe padyshim, n\u00eb radh\u00ebn m\u00eb t\u00eb par\u00eb, e kryeministrit pyk\u00eb&#8221;, &#8211; shtoi ai.<\/p>\n<p>Njer\u00ebzit, sipas tij, duhet ta din\u00eb se n\u00eb fund t\u00eb vitit 2009 borxhi i Shqip\u00ebris\u00eb kapi 60 % t\u00eb prodhimit dhe pasuris\u00eb komb\u00ebtare t\u00eb vendit. &#8220;N\u00eb vler\u00eb t\u00eb plot\u00eb borxhi yn\u00eb ka arritur 6.6 miliard\u00eb dollar\u00eb. Nd\u00ebrsa vet\u00ebm n\u00eb vitin 2009 dhe vet\u00ebm p\u00ebr hesapet e pushtetit n\u00eb kurriz t\u00eb \u00e7do qytetari ky borxh \u00ebsht\u00eb shtuar me m\u00eb shum\u00eb se 630 milion\u00eb dollar\u00eb.<\/p>\n<p>T\u00eb gjitha k\u00ebto para t\u00eb marra borxh nuk r\u00ebndojn\u00eb gjetk\u00eb, po drejtp\u00ebrdrejt mbi \u00e7do familje shqiptare. Dhe shqiptar\u00ebt duhet ta m\u00ebsojn\u00eb se 1 janari i vitit 2010 e gjeti \u00e7do familje me nj\u00eb borxh 8,700 dollar\u00eb, nd\u00ebrsa secilin me nj\u00eb borxh 2,060 dollar\u00eb. P\u00ebrfshir\u00eb k\u00ebtu edhe 38 mij\u00eb f\u00ebmij\u00ebt e lindur n\u00eb vitin 2009, kur p\u00ebr llogarit\u00eb elektorale t\u00eb pushtetit borxhi i \u00e7do familje u rrit me 750 dollar\u00eb, nd\u00ebrsa borxhi i \u00e7do shqiptari u shtua me 180 dollar\u00eb.<\/p>\n<p>Kjo do t\u00eb thot\u00eb me nj\u00eb fjal\u00eb t\u00eb vetme se m\u00eb shum\u00eb lek\u00eb q\u00eb mund t\u00eb p\u00ebrdoreshin p\u00ebr t\u00eb rritur rrogat, pensionet e mir\u00ebqenien e njer\u00ebzve, do t\u00eb shpenzohen p\u00ebr t\u00eb lar\u00eb borxhin e p\u00ebrbashk\u00ebt q\u00eb na e rrit p\u00ebrdit\u00eb nj\u00eb pushtet q\u00eb mendon e punon vet\u00ebm p\u00ebr vete&#8221;,- tha ai.<\/p>\n<p>Protestat<\/p>\n<p>Ka vet\u00ebm nj\u00eb rrug\u00eb, sipas Edi Ram\u00ebs, p\u00ebr t\u00eb dal\u00eb nga situata aktuale. &#8220;&#8230; Ne jo vet\u00ebm do t\u00eb protestojm\u00eb \u00e7do dit\u00eb, jo vet\u00ebm do t\u00eb mblidhemi m\u00eb t\u00eb shumt\u00eb se asnj\u00ebher\u00eb m\u00eb par\u00eb n\u00eb 30 prill n\u00eb Tiran\u00eb p\u00ebr t\u00eb k\u00ebrkuar transparenc\u00ebn e zgjedhjeve t\u00eb shkuara q\u00eb t\u00eb shp\u00ebtojm\u00eb zgjedhjet e ardhshme, jo vet\u00ebm do ta kthejm\u00eb 1 majin n\u00eb dit\u00ebn e nj\u00eb beteje demokratike n\u00eb rrug\u00eb kund\u00ebr pushtetit t\u00eb papun\u00ebsis\u00eb e t\u00eb varf\u00ebrimit t\u00eb p\u00ebrditsh\u00ebm t\u00eb shqiptar\u00ebve, por nuk do t\u00eb ndalemi deri n\u00eb largimin e qeveris\u00eb n\u00eb rast se qeveria nuk do t\u00eb largoj\u00eb publikisht duart nga kutit\u00eb ku mban mbyllur zgjedhjet dhe zgjidhjet p\u00ebr demokracin\u00eb, drejt\u00ebsin\u00eb, ekonomin\u00eb e k\u00ebtij vendi&#8221;, -tha Rama. Kryetari i PS-s\u00eb nuk dha afat p\u00ebr mbylljen e protestave<\/p>\n<p>&#8220;Dashamir\u00ebsve u them mos k\u00ebrkoni t&#8217;jua themi ne kur e ku mbaron kjo betej\u00eb n\u00eb rrug\u00ebn e protest\u00ebs, sepse po t\u00eb dinim k\u00ebt\u00eb at\u00ebher\u00eb kjo nuk do t\u00eb qe betej\u00eb po fush\u00eb p\u00ebr t&#8217;u mbjell\u00eb me lule. Prandaj n\u00ebse e ndjeni dhimbjen e njer\u00ebzve, n\u00ebse ju dhemb ku vend si\u00e7 na dhemb neve, ejani n\u00eb rrug\u00ebn e protest\u00ebs p\u00ebr ta p\u00ebrshpejtuar fundin e betej\u00ebs.<\/p>\n<p>E cila s&#8217;dihet kur e s&#8217;dihet ku, po dihet me siguri si mbaron: Me fitoren e njer\u00ebzve q\u00eb nuk k\u00ebrkojn\u00eb privilegje, po vet\u00ebm lirin\u00eb p\u00ebr t\u00eb zgjedhur dhe t\u00eb drejt\u00ebn p\u00ebr t\u00eb jetuar e punuar si t\u00eb barabart\u00eb p\u00ebrpara ligjit e mund\u00ebsive q\u00eb ofron demokracia, pavar\u00ebsisht ngjyr\u00ebs s\u00eb qeveris\u00eb&#8221;, &#8211; tha ai. P\u00ebr k\u00ebt\u00eb arsye, Rama u ka b\u00ebr\u00eb thirrje qytetar\u00ebve q\u00eb me 30 Prill t\u00eb mblidhen n\u00eb bulevardin e Tiran\u00ebs, me njer\u00ebzit dhe p\u00ebr njer\u00ebzit.<\/p>\n<p>Xhufi: Kontribut n\u00eb PS, por jo pjes\u00eb e saj<\/p>\n<p>TIRAN\u00cb- P\u00ebllumb Xhufi, nj\u00eb nga ish- drejtuesit e LSI-s\u00eb, q\u00eb u b\u00eb pjes\u00eb e kongresit t\u00eb Partis\u00eb Socialiste, deklaroi dje se do t\u00eb kontribuoj\u00eb p\u00ebr Partine Socialiste, pa u b\u00ebr\u00eb pjes\u00eb e strukturave t\u00eb saj.<\/p>\n<p>N\u00eb nj\u00eb prononcim p\u00ebr mediat, Xhufi sqaroi se aktualisht nuk do t\u00eb an\u00ebtar\u00ebsohet n\u00eb PS. N\u00eb kongresin e djesh\u00ebm t\u00eb PS-s\u00eb ishin edhe figura t\u00eb tjera t\u00eb njohura q\u00eb dikur kan\u00eb kontribuar n\u00eb l\u00ebvizjet politike t\u00eb LSI-s\u00eb, si Sabit Brokaj, Ndre Legisi, Fatos Klosi dhe Mustafa Mu\u00e7i. &#8220;Ne p\u00ebrb\u00ebjm\u00eb nj\u00eb grup individ\u00ebsh, q\u00eb kemi qen\u00eb me funksione n\u00eb LSI dhe u larguam nga kjo parti p\u00ebr \u00e7\u00ebshtje parimore.<\/p>\n<p>Sot un\u00eb jam nj\u00eb i ftuar dhe kam qen\u00eb i nderuar q\u00eb mora pjes\u00eb, pavar\u00ebsisht se un\u00eb kam marr\u00eb pjes\u00eb n\u00eb shum\u00eb tubime, q\u00eb nga viti 1990, vazhdimisht, t\u00eb \u00e7do krahu. K\u00ebtu mora pjes\u00eb me k\u00ebnaq\u00ebsi sepse gjykoj q\u00eb PS-ja si partia m\u00eb e madhe e opozit\u00ebs ka potencialin, motivimin, p\u00ebr t\u00eb rregulluar gj\u00ebra n\u00eb k\u00ebt\u00eb vend i cili realisht po shkon n\u00eb nj\u00eb rrug\u00eb pa krye. Un\u00eb kam pasur ftes\u00eb edhe p\u00ebr t\u00eb marr\u00eb teser\u00ebn e PS-s\u00eb dhe p\u00ebr tu b\u00ebr\u00eb pjes\u00eb edhe n\u00eb forumet t\u00eb nj\u00eb niveli n\u00eb PS, por nuk kam nd\u00ebrmend t\u00eb angazhohem n\u00eb k\u00ebt\u00eb sens&#8221;,- tha Xhufi.<\/p>\n","protected":false},"excerpt":{"rendered":"<p>Shekulli, 19.04.2010 Kryetari i PS-s\u00eb, Edi Rama, deklaroi dje se nuk ka afat p\u00ebr mbylljen e protestave: &#8220;Mbaron me fitoren e njer\u00ebzve, q\u00eb nuk k\u00ebrkojn\u00eb privilegje&#8221; TIRAN\u00cb &#8211; Edi Rama e ka nisur fjal\u00ebn n\u00eb kongresin e jasht\u00ebzakonsh\u00ebm t\u00eb partis\u00eb s\u00eb tij, me citimin e rilindasit t\u00eb madh Fan Noli. &#8220;Kabineti yn\u00eb i sot\u00ebm \u00ebsht\u00eb [&hellip;]<\/p>\n","protected":false},"author":1,"featured_media":0,"comment_status":"open","ping_status":"closed","sticky":false,"template":"","format":"standard","meta":{"footnotes":""},"categories":[2],"tags":[],"class_list":{"0":"post-2313","1":"post","2":"type-post","3":"status-publish","4":"format-standard","6":"category-artikuj"},"yoast_head":"<!-- This site is optimized with the Yoast SEO plugin v27.4 - https:\/\/yoast.com\/product\/yoast-seo-wordpress\/ -->\n<title>Rama: 1 Maji, dit\u00eb e betej\u00ebs qytetare - FjALA e LIR\u00cb - Arkivi<\/title>\n<meta name=\"robots\" content=\"index, follow, max-snippet:-1, max-image-preview:large, max-video-preview:-1\" \/>\n<link rel=\"canonical\" href=\"https:\/\/fjala.info\/2009-2015\/rama-1-maji-dite-e-betejes-qytetare\/\" \/>\n<meta property=\"og:locale\" content=\"sq_AL\" \/>\n<meta property=\"og:type\" content=\"article\" \/>\n<meta property=\"og:title\" content=\"Rama: 1 Maji, dit\u00eb e betej\u00ebs qytetare - FjALA e LIR\u00cb - Arkivi\" \/>\n<meta property=\"og:description\" content=\"Shekulli, 19.04.2010 Kryetari i PS-s\u00eb, Edi Rama, deklaroi dje se nuk ka afat p\u00ebr mbylljen e protestave: &#8220;Mbaron me fitoren e njer\u00ebzve, q\u00eb nuk k\u00ebrkojn\u00eb privilegje&#8221; TIRAN\u00cb &#8211; Edi Rama e ka nisur fjal\u00ebn n\u00eb kongresin e jasht\u00ebzakonsh\u00ebm t\u00eb partis\u00eb s\u00eb tij, me citimin e rilindasit t\u00eb madh Fan Noli. &#8220;Kabineti yn\u00eb i sot\u00ebm \u00ebsht\u00eb [&hellip;]\" \/>\n<meta property=\"og:url\" content=\"https:\/\/fjala.info\/2009-2015\/rama-1-maji-dite-e-betejes-qytetare\/\" \/>\n<meta property=\"og:site_name\" content=\"FjALA e LIR\u00cb - Arkivi\" \/>\n<meta property=\"article:published_time\" content=\"2010-04-19T22:22:29+00:00\" \/>\n<meta name=\"author\" content=\"admin\" \/>\n<meta name=\"twitter:card\" content=\"summary_large_image\" \/>\n<meta name=\"twitter:label1\" content=\"Written by\" \/>\n\t<meta name=\"twitter:data1\" content=\"admin\" \/>\n\t<meta name=\"twitter:label2\" content=\"Est. reading time\" \/>\n\t<meta name=\"twitter:data2\" content=\"6 minutes\" \/>\n<script type=\"application\/ld+json\" class=\"yoast-schema-graph\">{\"@context\":\"https:\\\/\\\/schema.org\",\"@graph\":[{\"@type\":\"Article\",\"@id\":\"https:\\\/\\\/fjala.info\\\/2009-2015\\\/rama-1-maji-dite-e-betejes-qytetare\\\/#article\",\"isPartOf\":{\"@id\":\"https:\\\/\\\/fjala.info\\\/2009-2015\\\/rama-1-maji-dite-e-betejes-qytetare\\\/\"},\"author\":{\"name\":\"admin\",\"@id\":\"https:\\\/\\\/fjala.info\\\/2009-2015\\\/#\\\/schema\\\/person\\\/3aa1163ef05469c496fc94e77611ada2\"},\"headline\":\"Rama: 1 Maji, dit\u00eb e betej\u00ebs qytetare\",\"datePublished\":\"2010-04-19T22:22:29+00:00\",\"mainEntityOfPage\":{\"@id\":\"https:\\\/\\\/fjala.info\\\/2009-2015\\\/rama-1-maji-dite-e-betejes-qytetare\\\/\"},\"wordCount\":1286,\"commentCount\":0,\"publisher\":{\"@id\":\"https:\\\/\\\/fjala.info\\\/2009-2015\\\/#organization\"},\"articleSection\":[\"Artikuj\"],\"inLanguage\":\"sq-AL\",\"potentialAction\":[{\"@type\":\"CommentAction\",\"name\":\"Comment\",\"target\":[\"https:\\\/\\\/fjala.info\\\/2009-2015\\\/rama-1-maji-dite-e-betejes-qytetare\\\/#respond\"]}]},{\"@type\":\"WebPage\",\"@id\":\"https:\\\/\\\/fjala.info\\\/2009-2015\\\/rama-1-maji-dite-e-betejes-qytetare\\\/\",\"url\":\"https:\\\/\\\/fjala.info\\\/2009-2015\\\/rama-1-maji-dite-e-betejes-qytetare\\\/\",\"name\":\"Rama: 1 Maji, dit\u00eb e betej\u00ebs qytetare - FjALA e LIR\u00cb - Arkivi\",\"isPartOf\":{\"@id\":\"https:\\\/\\\/fjala.info\\\/2009-2015\\\/#website\"},\"datePublished\":\"2010-04-19T22:22:29+00:00\",\"breadcrumb\":{\"@id\":\"https:\\\/\\\/fjala.info\\\/2009-2015\\\/rama-1-maji-dite-e-betejes-qytetare\\\/#breadcrumb\"},\"inLanguage\":\"sq-AL\",\"potentialAction\":[{\"@type\":\"ReadAction\",\"target\":[\"https:\\\/\\\/fjala.info\\\/2009-2015\\\/rama-1-maji-dite-e-betejes-qytetare\\\/\"]}]},{\"@type\":\"BreadcrumbList\",\"@id\":\"https:\\\/\\\/fjala.info\\\/2009-2015\\\/rama-1-maji-dite-e-betejes-qytetare\\\/#breadcrumb\",\"itemListElement\":[{\"@type\":\"ListItem\",\"position\":1,\"name\":\"Home\",\"item\":\"https:\\\/\\\/fjala.info\\\/2009-2015\\\/\"},{\"@type\":\"ListItem\",\"position\":2,\"name\":\"Rama: 1 Maji, dit\u00eb e betej\u00ebs qytetare\"}]},{\"@type\":\"WebSite\",\"@id\":\"https:\\\/\\\/fjala.info\\\/2009-2015\\\/#website\",\"url\":\"https:\\\/\\\/fjala.info\\\/2009-2015\\\/\",\"name\":\"FjALA e LIR\u00cb - Arkivi\",\"description\":\"Arkivi 2009-2015\",\"publisher\":{\"@id\":\"https:\\\/\\\/fjala.info\\\/2009-2015\\\/#organization\"},\"potentialAction\":[{\"@type\":\"SearchAction\",\"target\":{\"@type\":\"EntryPoint\",\"urlTemplate\":\"https:\\\/\\\/fjala.info\\\/2009-2015\\\/?s={search_term_string}\"},\"query-input\":{\"@type\":\"PropertyValueSpecification\",\"valueRequired\":true,\"valueName\":\"search_term_string\"}}],\"inLanguage\":\"sq-AL\"},{\"@type\":\"Organization\",\"@id\":\"https:\\\/\\\/fjala.info\\\/2009-2015\\\/#organization\",\"name\":\"FjALA e LIR\u00cb - Arkivi\",\"url\":\"https:\\\/\\\/fjala.info\\\/2009-2015\\\/\",\"logo\":{\"@type\":\"ImageObject\",\"inLanguage\":\"sq-AL\",\"@id\":\"https:\\\/\\\/fjala.info\\\/2009-2015\\\/#\\\/schema\\\/logo\\\/image\\\/\",\"url\":\"\",\"contentUrl\":\"\",\"caption\":\"FjALA e LIR\u00cb - Arkivi\"},\"image\":{\"@id\":\"https:\\\/\\\/fjala.info\\\/2009-2015\\\/#\\\/schema\\\/logo\\\/image\\\/\"}},{\"@type\":\"Person\",\"@id\":\"https:\\\/\\\/fjala.info\\\/2009-2015\\\/#\\\/schema\\\/person\\\/3aa1163ef05469c496fc94e77611ada2\",\"name\":\"admin\",\"image\":{\"@type\":\"ImageObject\",\"inLanguage\":\"sq-AL\",\"@id\":\"https:\\\/\\\/fjala.info\\\/2009-2015\\\/wp-content\\\/uploads\\\/2012\\\/02\\\/arben_cokaj-120x150.jpg\",\"url\":\"https:\\\/\\\/fjala.info\\\/2009-2015\\\/wp-content\\\/uploads\\\/2012\\\/02\\\/arben_cokaj-120x150.jpg\",\"contentUrl\":\"https:\\\/\\\/fjala.info\\\/2009-2015\\\/wp-content\\\/uploads\\\/2012\\\/02\\\/arben_cokaj-120x150.jpg\",\"caption\":\"admin\"},\"description\":\"Admin, Fjala e Lir\u00eb\",\"sameAs\":[\"https:\\\/\\\/fjala.info\\\/\"],\"url\":\"https:\\\/\\\/fjala.info\\\/2009-2015\\\/author\\\/admin\\\/\"}]}<\/script>\n<!-- \/ Yoast SEO plugin. -->","yoast_head_json":{"title":"Rama: 1 Maji, dit\u00eb e betej\u00ebs qytetare - FjALA e LIR\u00cb - Arkivi","robots":{"index":"index","follow":"follow","max-snippet":"max-snippet:-1","max-image-preview":"max-image-preview:large","max-video-preview":"max-video-preview:-1"},"canonical":"https:\/\/fjala.info\/2009-2015\/rama-1-maji-dite-e-betejes-qytetare\/","og_locale":"sq_AL","og_type":"article","og_title":"Rama: 1 Maji, dit\u00eb e betej\u00ebs qytetare - FjALA e LIR\u00cb - Arkivi","og_description":"Shekulli, 19.04.2010 Kryetari i PS-s\u00eb, Edi Rama, deklaroi dje se nuk ka afat p\u00ebr mbylljen e protestave: &#8220;Mbaron me fitoren e njer\u00ebzve, q\u00eb nuk k\u00ebrkojn\u00eb privilegje&#8221; TIRAN\u00cb &#8211; Edi Rama e ka nisur fjal\u00ebn n\u00eb kongresin e jasht\u00ebzakonsh\u00ebm t\u00eb partis\u00eb s\u00eb tij, me citimin e rilindasit t\u00eb madh Fan Noli. &#8220;Kabineti yn\u00eb i sot\u00ebm \u00ebsht\u00eb [&hellip;]","og_url":"https:\/\/fjala.info\/2009-2015\/rama-1-maji-dite-e-betejes-qytetare\/","og_site_name":"FjALA e LIR\u00cb - Arkivi","article_published_time":"2010-04-19T22:22:29+00:00","author":"admin","twitter_card":"summary_large_image","twitter_misc":{"Written by":"admin","Est. reading time":"6 minutes"},"schema":{"@context":"https:\/\/schema.org","@graph":[{"@type":"Article","@id":"https:\/\/fjala.info\/2009-2015\/rama-1-maji-dite-e-betejes-qytetare\/#article","isPartOf":{"@id":"https:\/\/fjala.info\/2009-2015\/rama-1-maji-dite-e-betejes-qytetare\/"},"author":{"name":"admin","@id":"https:\/\/fjala.info\/2009-2015\/#\/schema\/person\/3aa1163ef05469c496fc94e77611ada2"},"headline":"Rama: 1 Maji, dit\u00eb e betej\u00ebs qytetare","datePublished":"2010-04-19T22:22:29+00:00","mainEntityOfPage":{"@id":"https:\/\/fjala.info\/2009-2015\/rama-1-maji-dite-e-betejes-qytetare\/"},"wordCount":1286,"commentCount":0,"publisher":{"@id":"https:\/\/fjala.info\/2009-2015\/#organization"},"articleSection":["Artikuj"],"inLanguage":"sq-AL","potentialAction":[{"@type":"CommentAction","name":"Comment","target":["https:\/\/fjala.info\/2009-2015\/rama-1-maji-dite-e-betejes-qytetare\/#respond"]}]},{"@type":"WebPage","@id":"https:\/\/fjala.info\/2009-2015\/rama-1-maji-dite-e-betejes-qytetare\/","url":"https:\/\/fjala.info\/2009-2015\/rama-1-maji-dite-e-betejes-qytetare\/","name":"Rama: 1 Maji, dit\u00eb e betej\u00ebs qytetare - FjALA e LIR\u00cb - Arkivi","isPartOf":{"@id":"https:\/\/fjala.info\/2009-2015\/#website"},"datePublished":"2010-04-19T22:22:29+00:00","breadcrumb":{"@id":"https:\/\/fjala.info\/2009-2015\/rama-1-maji-dite-e-betejes-qytetare\/#breadcrumb"},"inLanguage":"sq-AL","potentialAction":[{"@type":"ReadAction","target":["https:\/\/fjala.info\/2009-2015\/rama-1-maji-dite-e-betejes-qytetare\/"]}]},{"@type":"BreadcrumbList","@id":"https:\/\/fjala.info\/2009-2015\/rama-1-maji-dite-e-betejes-qytetare\/#breadcrumb","itemListElement":[{"@type":"ListItem","position":1,"name":"Home","item":"https:\/\/fjala.info\/2009-2015\/"},{"@type":"ListItem","position":2,"name":"Rama: 1 Maji, dit\u00eb e betej\u00ebs qytetare"}]},{"@type":"WebSite","@id":"https:\/\/fjala.info\/2009-2015\/#website","url":"https:\/\/fjala.info\/2009-2015\/","name":"FjALA e LIR\u00cb - Arkivi","description":"Arkivi 2009-2015","publisher":{"@id":"https:\/\/fjala.info\/2009-2015\/#organization"},"potentialAction":[{"@type":"SearchAction","target":{"@type":"EntryPoint","urlTemplate":"https:\/\/fjala.info\/2009-2015\/?s={search_term_string}"},"query-input":{"@type":"PropertyValueSpecification","valueRequired":true,"valueName":"search_term_string"}}],"inLanguage":"sq-AL"},{"@type":"Organization","@id":"https:\/\/fjala.info\/2009-2015\/#organization","name":"FjALA e LIR\u00cb - Arkivi","url":"https:\/\/fjala.info\/2009-2015\/","logo":{"@type":"ImageObject","inLanguage":"sq-AL","@id":"https:\/\/fjala.info\/2009-2015\/#\/schema\/logo\/image\/","url":"","contentUrl":"","caption":"FjALA e LIR\u00cb - Arkivi"},"image":{"@id":"https:\/\/fjala.info\/2009-2015\/#\/schema\/logo\/image\/"}},{"@type":"Person","@id":"https:\/\/fjala.info\/2009-2015\/#\/schema\/person\/3aa1163ef05469c496fc94e77611ada2","name":"admin","image":{"@type":"ImageObject","inLanguage":"sq-AL","@id":"https:\/\/fjala.info\/2009-2015\/wp-content\/uploads\/2012\/02\/arben_cokaj-120x150.jpg","url":"https:\/\/fjala.info\/2009-2015\/wp-content\/uploads\/2012\/02\/arben_cokaj-120x150.jpg","contentUrl":"https:\/\/fjala.info\/2009-2015\/wp-content\/uploads\/2012\/02\/arben_cokaj-120x150.jpg","caption":"admin"},"description":"Admin, Fjala e Lir\u00eb","sameAs":["https:\/\/fjala.info\/"],"url":"https:\/\/fjala.info\/2009-2015\/author\/admin\/"}]}},"_links":{"self":[{"href":"https:\/\/fjala.info\/2009-2015\/wp-json\/wp\/v2\/posts\/2313","targetHints":{"allow":["GET"]}}],"collection":[{"href":"https:\/\/fjala.info\/2009-2015\/wp-json\/wp\/v2\/posts"}],"about":[{"href":"https:\/\/fjala.info\/2009-2015\/wp-json\/wp\/v2\/types\/post"}],"author":[{"embeddable":true,"href":"https:\/\/fjala.info\/2009-2015\/wp-json\/wp\/v2\/users\/1"}],"replies":[{"embeddable":true,"href":"https:\/\/fjala.info\/2009-2015\/wp-json\/wp\/v2\/comments?post=2313"}],"version-history":[{"count":0,"href":"https:\/\/fjala.info\/2009-2015\/wp-json\/wp\/v2\/posts\/2313\/revisions"}],"wp:attachment":[{"href":"https:\/\/fjala.info\/2009-2015\/wp-json\/wp\/v2\/media?parent=2313"}],"wp:term":[{"taxonomy":"category","embeddable":true,"href":"https:\/\/fjala.info\/2009-2015\/wp-json\/wp\/v2\/categories?post=2313"},{"taxonomy":"post_tag","embeddable":true,"href":"https:\/\/fjala.info\/2009-2015\/wp-json\/wp\/v2\/tags?post=2313"}],"curies":[{"name":"wp","href":"https:\/\/api.w.org\/{rel}","templated":true}]}}