{"id":2311,"date":"2010-04-19T23:13:12","date_gmt":"2010-04-19T22:13:12","guid":{"rendered":"http:\/\/fjala.shkoder.net\/?p=2311"},"modified":"2010-04-19T23:13:12","modified_gmt":"2010-04-19T22:13:12","slug":"kostoja-qe-shkakton-keqqeverisja","status":"publish","type":"post","link":"https:\/\/fjala.info\/2009-2015\/kostoja-qe-shkakton-keqqeverisja\/","title":{"rendered":"Kostoja q\u00eb shkakton keqqeverisja"},"content":{"rendered":"<p><strong>Ermelinda Meksi<\/strong><\/p>\n<p>Tashm\u00eb \u00ebsht\u00eb e qart\u00eb p\u00ebr k\u00ebdo kostoja q\u00eb po i shkaktohet popullit si pasoj\u00eb e keqqeverisjes s\u00eb nj\u00eb pushteti t\u00eb rrjedhur nga votat e grabitura.<\/p>\n<p>N\u00eb k\u00ebt\u00eb situat\u00eb, Partia Socialiste, rritjen e mb\u00ebshtetjes publike dhe politike t\u00eb saj duhet ta bazoj\u00eb n\u00eb avantazhet e saj. \u00cbsht\u00eb koha t\u00eb drejtojm\u00eb kapacitetet tona intelektuale dhe politike n\u00eb oponenc\u00ebn ndaj qeverisjes.<\/p>\n<p>Disa nga avantazhet tona n\u00eb betej\u00ebn politike, t\u00eb cilat na vendosin n\u00eb pozicion superior ndaj mazhoranc\u00ebs dhe mbi t\u00eb cilat duhet t\u00eb mb\u00ebshtetet veprimi yn\u00eb opozitar jan\u00eb:<br \/>\nArgumenti, institucionalizmi, dialogu, debati, si dhe uniteti n\u00eb diversitet.<\/p>\n<p>Nuk po ndalem n\u00eb realizimin e tyre brenda partis\u00eb son\u00eb, por n\u00eb realizimin e tyre n\u00eb raport me mazhoranc\u00ebn.<\/p>\n<p>Kujtoj me k\u00ebt\u00eb rast, q\u00eb s\u00eb bashku me Shk\u00eblqim Canin, si ekspert i ekonomis\u00eb, apo Arben Malaj si deputet dhe ekspert nj\u00ebkoh\u00ebsisht, por dhe koleg\u00eb t\u00eb tjer\u00eb, kemi shpalosur alternativ\u00ebn ton\u00eb t\u00eb ndryshme nga ajo e mazhoranc\u00ebs, p\u00ebr q\u00ebndrimin q\u00eb duhej mbajtur ndaj efekteve t\u00eb kriz\u00ebs financiare globale n\u00eb ekonomin\u00eb ton\u00eb q\u00eb n\u00eb vitin 2008. M\u00eb von\u00eb, n\u00eb Kongresin paraelektoral u shpalos qart\u00eb alternativa jon\u00eb; se me ardhjen n\u00eb pushtet do t\u00eb rishikonim buxhetin dhe do t\u00eb zbatonim paket\u00ebn antikriz\u00eb dhe do t\u00eb p\u00ebrpunonim strategjin\u00eb p\u00ebr nj\u00eb zhvillim afatgjat\u00eb dhe t\u00eb q\u00ebndruesh\u00ebm.<\/p>\n<p>Ne, me koh\u00eb, konsideruam t\u00eb gabuar euforin\u00eb qeveritare se Shqip\u00ebria nuk preket nga kriza dhe kritikuam n\u00eb vazhdim\u00ebsi gjat\u00eb 2009-s, si t\u00eb pamundur dhe jorealist entuziazmin qeveritar p\u00ebr rritje ekonomike 6.5%. Po ashtu parashtruam argumentet tona p\u00ebr buxhetin jorealist, po elektoral t\u00eb 2009-s. N\u00eb k\u00ebto kushte paralajm\u00ebruam se kjo rritje ekonomike programohej djall\u00ebzisht q\u00eb t\u00eb kamuflonte rritjen e shpenzimeve n\u00eb nj\u00eb vit elektoral, t\u00eb gjitha k\u00ebto n\u00eb kurriz t\u00eb ekuilibrave makroekonomik\u00eb t\u00eb nj\u00eb ekonomie t\u00eb brisht\u00eb si kjo e jona. Rritja e deficitit buxhetor dhe e borxheve q\u00eb vijn\u00eb si rrjedhoj\u00eb e nj\u00eb politike t\u00eb till\u00eb t\u00eb gabuar jan\u00eb fenomene q\u00eb sjellin dhe po sjellin pasoja negative n\u00eb ekonomi. P\u00ebr k\u00ebt\u00eb, ne kritikuam praktik\u00ebn qeveritare mbi transparenc\u00ebn ekonomike qysh n\u00eb tremujorin e par\u00eb t\u00eb 2009-s, kur me t\u00eb dh\u00ebna pjesore, qeveria reklamonte rritjen e t\u00eb ardhurave dhe nuk shihte n\u00eb t\u00eb nj\u00ebjt\u00ebn koh\u00eb shenjat e efekteve t\u00eb kriz\u00ebs n\u00eb Shqip\u00ebri, q\u00eb u shfaq\u00ebn me r\u00ebnien e depozitave, r\u00ebnien e kreditimit p\u00ebr biznesin etj.<\/p>\n<p>Kur analizonim faktor\u00ebt dhe paralajm\u00ebronim se rritja e t\u00eb ardhurave t\u00eb tremujorit t\u00eb par\u00eb ishte jorealiste dhe do t\u00eb vinte n\u00eb r\u00ebnie, duke i k\u00ebrkuar qeveris\u00eb t\u00eb tregohej e matur me shpenzimet elektorale q\u00eb do t\u00eb r\u00ebndonin ekonomin\u00eb m\u00eb shum\u00eb, mazhoranca na anatemoi se po ngjyenim realitetin me boj\u00eb t\u00eb zez\u00eb dhe e zhvendosi debatin n\u00eb opinionin publik, mbi faktin n\u00ebse ishim prekur apo jo nga kriza, duke vazhduar t\u00eb trumbetonte me entuziaz\u00ebm grotesk, se ne ishim nj\u00eb vend i ve\u00e7ant\u00eb nga t\u00eb gjith\u00eb vendet e tjera, nj\u00eb yll ndri\u00e7ues jo vet\u00ebm n\u00eb Europ\u00eb.<\/p>\n<p>Euforia qeveritare vazhdonte e vazhdon,me gjith\u00eb r\u00ebnien e rritjes s\u00eb t\u00eb ardhurave buxhetore, nga 13% n\u00eb tremujorin e par\u00eb n\u00eb 8% n\u00eb gjasht\u00ebmujorin e dyt\u00eb, q\u00eb shpuri deri n\u00eb r\u00ebnien e ndjeshme n\u00eb -5% n\u00eb tremujorin e fundit (si ne e pat\u00ebm paralajm\u00ebruar). Nd\u00ebrkaq, tregues t\u00eb tjer\u00eb paralajm\u00ebronin k\u00ebt\u00eb r\u00ebnie si: r\u00ebnia e nivelit t\u00eb kredidh\u00ebnies t\u00eb biznesit, r\u00ebnia e v\u00ebllimit t\u00eb tregtis\u00eb me pakic\u00eb, apo investimet publike. K\u00ebto do t\u00eb sillnin, si\u00e7 soll\u00ebn s\u00eb fundi, dhe pranimin e detyruar zyrtar t\u00eb r\u00ebnies s\u00eb rritjes ekonomike. Ne mendojm\u00eb se kjo situat\u00eb \u00ebsht\u00eb pasoj\u00eb e faktit se p\u00ebr q\u00ebllime<br \/>\nElektorale, shpenzimet dhe investimet publike ndoq\u00ebn nj\u00eb cik\u00ebl politik, gj\u00eb q\u00eb nuk ndodh n\u00eb asnj\u00eb vend t\u00eb zhvilluar. Ato u realizuan n\u00eb gjasht\u00ebmujorin e par\u00eb t\u00eb vitit 2009, sa 166% t\u00eb atyre t\u00eb vitit paraardh\u00ebs, nd\u00ebrsa n\u00eb tremujorin e fundit u realizuan vet\u00ebm 56%. I ashtuquajturi argument qeveritar p\u00ebr stimul ekonomik, p\u00ebrg\u00ebnjeshtrohet nga zvog\u00eblimi drastik i tyre n\u00eb gjasht\u00ebmujorin e dyt\u00eb dhe sidomos tremujorin e fundit. P\u00ebrvoja nd\u00ebrkomb\u00ebtare e stimulit ekonomik \u00e7oi n\u00eb daljen e tyre nga kriza dhe ruajtje t\u00eb pun\u00ebsimit, kurse rasti i ekonomis\u00eb son\u00eb v\u00ebrteton t\u00eb kund\u00ebrt\u00ebn. K\u00ebt\u00eb e tregon qartazi fakti se pas r\u00ebnies s\u00eb investimeve n\u00eb 56% n\u00eb tremujorin e fundit, v\u00ebrehet r\u00ebnia e t\u00eb ardhurave dhe r\u00ebnia ekonomike qe evidente. Prandaj me koh\u00eb, qysh n\u00eb Asamblen\u00eb e 16 dhjetorit, parashikuam r\u00ebnien e PPB n\u00eb tremujorin e fundit dhe ngrit\u00ebm nevoj\u00ebn e programit antikriz\u00eb, duke b\u00ebr\u00eb dhe rekomandimet p\u00ebrkat\u00ebse p\u00ebr buxhetin e 2010 n\u00eb m\u00ebnyr\u00eb q\u00eb t\u00eb mos binim n\u00eb recesion m\u00eb pas. Mazhoranca jo vet\u00ebm nuk reflektoi, por t\u00eb nes\u00ebrmen e k\u00ebtij aktiviteti, n\u00eb Parlament anatemoi eg\u00ebrsisht q\u00ebndrimin ton\u00eb antikriz\u00eb. Ajo duke p\u00ebrdorur avantazhet e pushtetit, duke kufizuar lirin\u00eb e medias, nuk mungoi t\u00eb gjej\u00eb fajtorin tek opozita, q\u00eb sipas saj nxin realitetin. Megjith\u00ebse tashm\u00eb disa p\u00ebrfaq\u00ebsues t\u00eb saj flasin p\u00ebr kriz\u00ebn si di\u00e7ka normale n\u00eb kapitaliz\u00ebm etj. K\u00ebt\u00eb fenomen ne e pohuam me koh\u00eb, at\u00ebher\u00eb kur qeveria as pranonte t\u00eb p\u00ebrmendej fjala kriz\u00eb, por n\u00eb dallim me ta, ne mendonim se pasojat e efekteve t\u00eb kriz\u00ebs zvog\u00eblohen kur parashikohen n\u00eb koh\u00eb dhe si duhen nga qeveria. Kjo gj\u00eb nuk ndodhi n\u00eb Shqip\u00ebri, sikurse n\u00eb vendet rreth nesh, ku u mor\u00ebn masat p\u00ebrkat\u00ebse t\u00eb sugjeruara dhe nga institucionet nd\u00ebrkomb\u00ebtare financiare.<\/p>\n<p>Tashm\u00eb \u00ebsht\u00eb e qart\u00eb se argumenti yn\u00eb ka fituar mbi demagogjin\u00eb qeveritare. Nuk ka dyshim se r\u00ebnia e ekonomis\u00eb n\u00eb vendin ton\u00eb erdhi m\u00eb shum\u00eb se nga efektet e kriz\u00ebs globale, nga keqqeverisja e mazhoranc\u00ebs. Shantazhi i mazhoranc\u00ebs dhe sulmi i personalizuar ndaj kujtdo, i cili nuk pajtohet me keqqeverisjen, pushimet nga puna p\u00ebr efekte politike, denigrimet ndaj koleg\u00ebve tan\u00eb \u00ebsht\u00eb b\u00ebr\u00eb metoda kryesore e mazhoranc\u00ebs dhe Kryeministrit. Ne mendojm\u00eb se zgjidhja nuk \u00ebsht\u00eb shantazhi ndaj opozit\u00ebs, por reflektimi. N\u00eb rast t\u00eb kund\u00ebrt, ky q\u00ebndrim arrogant do t\u00eb thelloj\u00eb r\u00ebnien. Por nd\u00ebrsa kostoja e qeverisjes po b\u00ebhet gjithnj\u00eb e m\u00eb evidente, mazhoranca po e shton eg\u00ebrsin\u00eb e reagimeve t\u00eb saj dhe ngushton mund\u00ebsit\u00eb p\u00ebr informacion.<\/p>\n<p>Bllokimi i informacionit ekonomik edhe p\u00ebr tremujorin e par\u00eb t\u00eb 2010-s, si filozofi e k\u00ebsaj mazhorance, \u00ebsht\u00eb forma m\u00eb brutale p\u00ebr manipulim, duke tentuar t\u00eb propagandoje d\u00ebshtimet si sukses. Kjo sepse edhe t\u00eb dh\u00ebnat p\u00ebr muajin janar e shkurt t\u00eb k\u00ebtij viti flasin p\u00ebr t\u00eb nj\u00ebjt\u00ebn situat\u00eb n\u00eb r\u00ebnie t\u00eb ekonomis\u00eb, q\u00eb do t\u00eb detyronte qeverin\u00eb t\u00eb pranonte recesionin e mohuar deri m\u00eb sot me kok\u00ebfort\u00ebsi. Kjo \u00ebsht\u00eb arsyeja q\u00eb qeveria nuk publikon informacionin. Ironikisht, Kryetarja e Parlamentit na sugjeroi t\u00eb k\u00ebrkojm\u00eb informacion, megjith\u00ebse gjat\u00eb debatit ton\u00eb politik publik n\u00eb Parlament, k\u00ebt\u00eb kemi k\u00ebrkuar.<\/p>\n<p>Po le t\u00eb shohim konkretisht ku shprehet kostoja e keqqeverisjes q\u00eb po paguajn\u00eb sot shqiptar\u00ebt.<br \/>\nPretendohet se jan\u00eb realizuar investime t\u00eb m\u00ebdha, rritje pagash e pensionesh. Por nd\u00ebrsa t\u00eb ardhurat buxhetore n\u00eb 2009 nuk u rrit\u00ebn 36 miliard\u00eb sa u parashikuan me eufori n\u00eb buxhetin fillestar, por 5 her\u00eb m\u00eb pak ose 7 miliard\u00eb lek\u00eb, sh\u00ebrbimi i borxhit u rrit 6 miliard\u00eb lek\u00eb dhe parashikohet t\u00eb arrij\u00eb mbi 10 miliard\u00eb sivjet, p\u00ebr t\u00eb arritur shifra t\u00eb frikshme n\u00eb vitin 2012. Ne k\u00ebt\u00eb situat\u00eb, ne socialist\u00ebt, me shqet\u00ebsim pyesim se: me k\u00ebt\u00eb nivel t\u00eb ardhurash sa do jemi n\u00eb gjendje t\u00eb shlyejm\u00eb borxhet dhe n\u00eb k\u00ebt\u00eb logjik\u00eb ku do gjenden parat\u00eb e tjera p\u00ebr t\u00eb financuar rritjen pagave aq t\u00eb nevojshme p\u00ebr t\u00eb kompensuar t\u00eb pakt\u00ebn inflacionin dhe me se do financohen investimet p\u00ebr t\u00eb garantuar rritjen ekonomike? Nga analiza p\u00ebr 2009-n, rezulton se t\u00eb ardhurat buxhetore neto jan\u00eb rritur vet\u00ebm 1 miliard lek\u00eb. Pra financimi i shtes\u00ebs s\u00eb shpenzimeve 27 miliard\u00eb lek\u00eb me t\u00eb cilat mburret qeveria, u realizua n\u00ebp\u00ebrmjet parave nga privatizimi i nxituar dhe marrja e borxhit t\u00eb ri shtes\u00eb nga qeveria.<\/p>\n<p>Por \u00e7far\u00eb rezulton nga dy privatizimet e nxituara t\u00eb OSSH-s\u00eb dhe t\u00eb ARMO-s? Shitja e tyre e shpejt\u00eb n\u00eb koh\u00eb krize i p\u00ebrngjan, atij djalit plangprish\u00ebs q\u00eb p\u00ebr t\u2019u zbavitur n\u00eb pub, shet orendit\u00eb e sht\u00ebpis\u00eb. Rezultati? Asnj\u00ebri prej privatizimeve nuk mund t\u00eb vler\u00ebsohet sot i suksessh\u00ebm.<\/p>\n<p>I pari, ai i privatizimit t\u00eb OSSH-s\u00eb, u shoq\u00ebrua me rritje t\u00eb \u00e7mimit t\u00eb energjis\u00eb elektrike. Dhe kjo, kur viti 2009 dhe fillimi i vitit 2010 ka pasur nj\u00eb nivel t\u00eb till\u00eb reshjesh q\u00eb jo vet\u00ebm nuk impononte rritjen e \u00e7mimit, por mund t\u00eb sillte uljen e tij. Por abuzimi me pozit\u00ebn monopol n\u00eb sektorin e energjis\u00eb elektrike, \u00e7oi n\u00eb p\u00ebrmbytje t\u00eb vazhdueshme, q\u00eb nuk rezultuan 1 her\u00eb n\u00eb 100 vjet, por 3 her\u00eb n\u00eb 3 muaj.<\/p>\n<p>Pra privatizimi i reklamuar si i suksessh\u00ebm i OSSH u shnd\u00ebrrua n\u00eb barr\u00eb p\u00ebr popullin dhe n\u00eb p\u00ebrfitime t\u00eb pamerituara nga qeveria dhe monopolet n\u00eb sektorin energjetik.<\/p>\n<p>I dyti, ARMO, \u00ebsht\u00eb shoq\u00ebruar me rritjen e papun\u00ebsis\u00eb, zvarritje e mosdh\u00ebnie t\u00eb pagesave t\u00eb premtuara t\u00eb t\u00eb prekurve nga reforma apo vonesa t\u00eb tjera n\u00eb pagesa pun\u00ebtor\u00ebve, si dhe v\u00ebshtir\u00ebsit\u00eb financiare p\u00ebr \u201cAlbpetrolin\u201d.<\/p>\n<p>Po k\u00ebshtu, p\u00ebr t\u00eb mbuluar rritjen e shpenzimeve t\u00eb tjera, u mor borxh i ri me interesa t\u00eb larta, q\u00eb do t\u00eb paguhen n\u00eb vitin 2010, 2011, 2012. Nd\u00ebrkaq, t\u00eb tjera borxhe t\u00eb reja do t\u00eb merren p\u00ebr t\u00eb mbuluar mosrealizimet n\u00eb t\u00eb ardhurat buxhetore n\u00eb disa qindra miliona euro, p\u00ebr t\u00eb cilat qeveria hesht, nd\u00ebrsa PS k\u00ebrkon p\u00ebrgjegj\u00ebsit\u00eb te keqqeverisja n\u00eb vend t\u00eb mburrjeve t\u00eb saj. Opozita ka theksuar se borxhet p\u00ebrtej normave g\u00ebrryejn\u00eb ekonomin\u00eb dhe depozitat bankare, t\u00eb cilat n\u00eb vend q\u00eb t\u00eb shkojn\u00eb n\u00eb rritje t\u00eb kredive p\u00ebr ekonomin\u00eb, jan\u00eb ulur jo pak, sepse po financojn\u00eb borxhin publik n\u00ebp\u00ebrmjet bonove t\u00eb thesarit, interesat e t\u00eb cilave mbajn\u00eb t\u00eb larta dhe interesat e kredive. Kjo situat\u00eb \u00ebsht\u00eb reflektuar n\u00eb zhvler\u00ebsimin e lekut, q\u00eb solli nj\u00eb rritje t\u00eb lart\u00eb \u00e7mimesh t\u00eb t\u00eb gjitha produkteve; ve\u00e7an\u00ebrisht rritje t\u00eb lart\u00eb t\u00eb produkteve ushqimore, n\u00eb nj\u00eb koh\u00eb kur n\u00eb bot\u00eb ka pasur ulje t\u00eb \u00e7mimeve t\u00eb k\u00ebtyre produkteve, krahas rritjes s\u00eb \u00e7mimit t\u00eb ujit, t\u00eb energjis\u00eb, pa p\u00ebrmendur faturat aforfe, t\u00eb cilat duhet t\u00eb hiqeshin vite m\u00eb par\u00eb. Kjo rritje \u00e7mimesh, pasoj\u00eb e borxheve nga keqqeverisja, \u00ebsht\u00eb nj\u00eb barr\u00eb t\u00eb r\u00ebnd\u00eb dhe e drejtp\u00ebrdrejt\u00eb te qytetar\u00ebt, q\u00eb ka sjell\u00eb r\u00ebnien e fuqis\u00eb s\u00eb tyre bler\u00ebse. PS, p\u00ebr k\u00ebt\u00eb arsye, k\u00ebrkon indeksimin e pag\u00ebs s\u00eb tyre nga k\u00ebto efekte, jo si bamir\u00ebsi t\u00eb qeveris\u00eb, por detyrim p\u00ebr t\u00eb mos cenuar nivelin e jetes\u00ebs s\u00eb qytetar\u00ebve tan\u00eb.<\/p>\n<p>Prandaj alternativa jon\u00eb e ravij\u00ebzuar n\u00eb rezolut\u00ebn e aprovuar t\u00eb Asambles\u00eb ton\u00eb t\u00eb 16 dhjetorit \u00ebsht\u00eb m\u00eb publike se kurr\u00eb, m\u00eb i qart\u00eb dhe i drejt\u00eb p\u00ebr vendin, si dhe parakusht i fitores son\u00eb elektorale.<br \/>\nJa pse solidariteti yn\u00eb, argumenti dhe lufta e men\u00e7ur politike p\u00ebrkundrejt demagogjis\u00eb, hipokrizis\u00eb, por dhe protestat, i sh\u00ebrbejn\u00eb sensibilizimit p\u00ebr situat\u00ebn e krijuar nga pap\u00ebrgjegjshm\u00ebria dhe zgjidhjet q\u00eb ofrojm\u00eb ne si opozit\u00eb.<\/p>\n<p>Ne nuk kemi luksin t\u00eb harxhojm\u00eb energji t\u00eb vyera, duke u p\u00ebrpjekur t\u00eb arrijm\u00eb perfekten dhe t\u00eb humbim shansin p\u00ebr t\u00eb b\u00ebr\u00eb t\u00eb domosdoshmen. E domosdoshme p\u00ebr ne dhe p\u00ebr Shqip\u00ebrin\u00eb, n\u00eb k\u00ebt\u00eb moment, \u00ebsht\u00eb ndalimi i keqqeverisjes s\u00eb vendit nga mazhoranca aktuale.<\/p>\n","protected":false},"excerpt":{"rendered":"<p>Ermelinda Meksi Tashm\u00eb \u00ebsht\u00eb e qart\u00eb p\u00ebr k\u00ebdo kostoja q\u00eb po i shkaktohet popullit si pasoj\u00eb e keqqeverisjes s\u00eb nj\u00eb pushteti t\u00eb rrjedhur nga votat e grabitura. N\u00eb k\u00ebt\u00eb situat\u00eb, Partia Socialiste, rritjen e mb\u00ebshtetjes publike dhe politike t\u00eb saj duhet ta bazoj\u00eb n\u00eb avantazhet e saj. \u00cbsht\u00eb koha t\u00eb drejtojm\u00eb kapacitetet tona intelektuale dhe [&hellip;]<\/p>\n","protected":false},"author":1,"featured_media":0,"comment_status":"open","ping_status":"closed","sticky":false,"template":"","format":"standard","meta":{"footnotes":""},"categories":[2],"tags":[],"class_list":{"0":"post-2311","1":"post","2":"type-post","3":"status-publish","4":"format-standard","6":"category-artikuj"},"yoast_head":"<!-- This site is optimized with the Yoast SEO plugin v27.4 - https:\/\/yoast.com\/product\/yoast-seo-wordpress\/ -->\n<title>Kostoja q\u00eb shkakton keqqeverisja - FjALA e LIR\u00cb - Arkivi<\/title>\n<meta name=\"robots\" content=\"index, follow, max-snippet:-1, max-image-preview:large, max-video-preview:-1\" \/>\n<link rel=\"canonical\" href=\"https:\/\/fjala.info\/2009-2015\/kostoja-qe-shkakton-keqqeverisja\/\" \/>\n<meta property=\"og:locale\" content=\"sq_AL\" \/>\n<meta property=\"og:type\" content=\"article\" \/>\n<meta property=\"og:title\" content=\"Kostoja q\u00eb shkakton keqqeverisja - FjALA e LIR\u00cb - Arkivi\" \/>\n<meta property=\"og:description\" content=\"Ermelinda Meksi Tashm\u00eb \u00ebsht\u00eb e qart\u00eb p\u00ebr k\u00ebdo kostoja q\u00eb po i shkaktohet popullit si pasoj\u00eb e keqqeverisjes s\u00eb nj\u00eb pushteti t\u00eb rrjedhur nga votat e grabitura. N\u00eb k\u00ebt\u00eb situat\u00eb, Partia Socialiste, rritjen e mb\u00ebshtetjes publike dhe politike t\u00eb saj duhet ta bazoj\u00eb n\u00eb avantazhet e saj. \u00cbsht\u00eb koha t\u00eb drejtojm\u00eb kapacitetet tona intelektuale dhe [&hellip;]\" \/>\n<meta property=\"og:url\" content=\"https:\/\/fjala.info\/2009-2015\/kostoja-qe-shkakton-keqqeverisja\/\" \/>\n<meta property=\"og:site_name\" content=\"FjALA e LIR\u00cb - Arkivi\" \/>\n<meta property=\"article:published_time\" content=\"2010-04-19T22:13:12+00:00\" \/>\n<meta name=\"author\" content=\"admin\" \/>\n<meta name=\"twitter:card\" content=\"summary_large_image\" \/>\n<meta name=\"twitter:label1\" content=\"Written by\" \/>\n\t<meta name=\"twitter:data1\" content=\"admin\" \/>\n\t<meta name=\"twitter:label2\" content=\"Est. reading time\" \/>\n\t<meta name=\"twitter:data2\" content=\"10 minutes\" \/>\n<script type=\"application\/ld+json\" class=\"yoast-schema-graph\">{\"@context\":\"https:\\\/\\\/schema.org\",\"@graph\":[{\"@type\":\"Article\",\"@id\":\"https:\\\/\\\/fjala.info\\\/2009-2015\\\/kostoja-qe-shkakton-keqqeverisja\\\/#article\",\"isPartOf\":{\"@id\":\"https:\\\/\\\/fjala.info\\\/2009-2015\\\/kostoja-qe-shkakton-keqqeverisja\\\/\"},\"author\":{\"name\":\"admin\",\"@id\":\"https:\\\/\\\/fjala.info\\\/2009-2015\\\/#\\\/schema\\\/person\\\/3aa1163ef05469c496fc94e77611ada2\"},\"headline\":\"Kostoja q\u00eb shkakton keqqeverisja\",\"datePublished\":\"2010-04-19T22:13:12+00:00\",\"mainEntityOfPage\":{\"@id\":\"https:\\\/\\\/fjala.info\\\/2009-2015\\\/kostoja-qe-shkakton-keqqeverisja\\\/\"},\"wordCount\":1990,\"commentCount\":0,\"publisher\":{\"@id\":\"https:\\\/\\\/fjala.info\\\/2009-2015\\\/#organization\"},\"articleSection\":[\"Artikuj\"],\"inLanguage\":\"sq-AL\",\"potentialAction\":[{\"@type\":\"CommentAction\",\"name\":\"Comment\",\"target\":[\"https:\\\/\\\/fjala.info\\\/2009-2015\\\/kostoja-qe-shkakton-keqqeverisja\\\/#respond\"]}]},{\"@type\":\"WebPage\",\"@id\":\"https:\\\/\\\/fjala.info\\\/2009-2015\\\/kostoja-qe-shkakton-keqqeverisja\\\/\",\"url\":\"https:\\\/\\\/fjala.info\\\/2009-2015\\\/kostoja-qe-shkakton-keqqeverisja\\\/\",\"name\":\"Kostoja q\u00eb shkakton keqqeverisja - FjALA e LIR\u00cb - Arkivi\",\"isPartOf\":{\"@id\":\"https:\\\/\\\/fjala.info\\\/2009-2015\\\/#website\"},\"datePublished\":\"2010-04-19T22:13:12+00:00\",\"breadcrumb\":{\"@id\":\"https:\\\/\\\/fjala.info\\\/2009-2015\\\/kostoja-qe-shkakton-keqqeverisja\\\/#breadcrumb\"},\"inLanguage\":\"sq-AL\",\"potentialAction\":[{\"@type\":\"ReadAction\",\"target\":[\"https:\\\/\\\/fjala.info\\\/2009-2015\\\/kostoja-qe-shkakton-keqqeverisja\\\/\"]}]},{\"@type\":\"BreadcrumbList\",\"@id\":\"https:\\\/\\\/fjala.info\\\/2009-2015\\\/kostoja-qe-shkakton-keqqeverisja\\\/#breadcrumb\",\"itemListElement\":[{\"@type\":\"ListItem\",\"position\":1,\"name\":\"Home\",\"item\":\"https:\\\/\\\/fjala.info\\\/2009-2015\\\/\"},{\"@type\":\"ListItem\",\"position\":2,\"name\":\"Kostoja q\u00eb shkakton keqqeverisja\"}]},{\"@type\":\"WebSite\",\"@id\":\"https:\\\/\\\/fjala.info\\\/2009-2015\\\/#website\",\"url\":\"https:\\\/\\\/fjala.info\\\/2009-2015\\\/\",\"name\":\"FjALA e LIR\u00cb - Arkivi\",\"description\":\"Arkivi 2009-2015\",\"publisher\":{\"@id\":\"https:\\\/\\\/fjala.info\\\/2009-2015\\\/#organization\"},\"potentialAction\":[{\"@type\":\"SearchAction\",\"target\":{\"@type\":\"EntryPoint\",\"urlTemplate\":\"https:\\\/\\\/fjala.info\\\/2009-2015\\\/?s={search_term_string}\"},\"query-input\":{\"@type\":\"PropertyValueSpecification\",\"valueRequired\":true,\"valueName\":\"search_term_string\"}}],\"inLanguage\":\"sq-AL\"},{\"@type\":\"Organization\",\"@id\":\"https:\\\/\\\/fjala.info\\\/2009-2015\\\/#organization\",\"name\":\"FjALA e LIR\u00cb - Arkivi\",\"url\":\"https:\\\/\\\/fjala.info\\\/2009-2015\\\/\",\"logo\":{\"@type\":\"ImageObject\",\"inLanguage\":\"sq-AL\",\"@id\":\"https:\\\/\\\/fjala.info\\\/2009-2015\\\/#\\\/schema\\\/logo\\\/image\\\/\",\"url\":\"\",\"contentUrl\":\"\",\"caption\":\"FjALA e LIR\u00cb - Arkivi\"},\"image\":{\"@id\":\"https:\\\/\\\/fjala.info\\\/2009-2015\\\/#\\\/schema\\\/logo\\\/image\\\/\"}},{\"@type\":\"Person\",\"@id\":\"https:\\\/\\\/fjala.info\\\/2009-2015\\\/#\\\/schema\\\/person\\\/3aa1163ef05469c496fc94e77611ada2\",\"name\":\"admin\",\"image\":{\"@type\":\"ImageObject\",\"inLanguage\":\"sq-AL\",\"@id\":\"https:\\\/\\\/fjala.info\\\/2009-2015\\\/wp-content\\\/uploads\\\/2012\\\/02\\\/arben_cokaj-120x150.jpg\",\"url\":\"https:\\\/\\\/fjala.info\\\/2009-2015\\\/wp-content\\\/uploads\\\/2012\\\/02\\\/arben_cokaj-120x150.jpg\",\"contentUrl\":\"https:\\\/\\\/fjala.info\\\/2009-2015\\\/wp-content\\\/uploads\\\/2012\\\/02\\\/arben_cokaj-120x150.jpg\",\"caption\":\"admin\"},\"description\":\"Admin, Fjala e Lir\u00eb\",\"sameAs\":[\"https:\\\/\\\/fjala.info\\\/\"],\"url\":\"https:\\\/\\\/fjala.info\\\/2009-2015\\\/author\\\/admin\\\/\"}]}<\/script>\n<!-- \/ Yoast SEO plugin. -->","yoast_head_json":{"title":"Kostoja q\u00eb shkakton keqqeverisja - FjALA e LIR\u00cb - Arkivi","robots":{"index":"index","follow":"follow","max-snippet":"max-snippet:-1","max-image-preview":"max-image-preview:large","max-video-preview":"max-video-preview:-1"},"canonical":"https:\/\/fjala.info\/2009-2015\/kostoja-qe-shkakton-keqqeverisja\/","og_locale":"sq_AL","og_type":"article","og_title":"Kostoja q\u00eb shkakton keqqeverisja - FjALA e LIR\u00cb - Arkivi","og_description":"Ermelinda Meksi Tashm\u00eb \u00ebsht\u00eb e qart\u00eb p\u00ebr k\u00ebdo kostoja q\u00eb po i shkaktohet popullit si pasoj\u00eb e keqqeverisjes s\u00eb nj\u00eb pushteti t\u00eb rrjedhur nga votat e grabitura. N\u00eb k\u00ebt\u00eb situat\u00eb, Partia Socialiste, rritjen e mb\u00ebshtetjes publike dhe politike t\u00eb saj duhet ta bazoj\u00eb n\u00eb avantazhet e saj. \u00cbsht\u00eb koha t\u00eb drejtojm\u00eb kapacitetet tona intelektuale dhe [&hellip;]","og_url":"https:\/\/fjala.info\/2009-2015\/kostoja-qe-shkakton-keqqeverisja\/","og_site_name":"FjALA e LIR\u00cb - Arkivi","article_published_time":"2010-04-19T22:13:12+00:00","author":"admin","twitter_card":"summary_large_image","twitter_misc":{"Written by":"admin","Est. reading time":"10 minutes"},"schema":{"@context":"https:\/\/schema.org","@graph":[{"@type":"Article","@id":"https:\/\/fjala.info\/2009-2015\/kostoja-qe-shkakton-keqqeverisja\/#article","isPartOf":{"@id":"https:\/\/fjala.info\/2009-2015\/kostoja-qe-shkakton-keqqeverisja\/"},"author":{"name":"admin","@id":"https:\/\/fjala.info\/2009-2015\/#\/schema\/person\/3aa1163ef05469c496fc94e77611ada2"},"headline":"Kostoja q\u00eb shkakton keqqeverisja","datePublished":"2010-04-19T22:13:12+00:00","mainEntityOfPage":{"@id":"https:\/\/fjala.info\/2009-2015\/kostoja-qe-shkakton-keqqeverisja\/"},"wordCount":1990,"commentCount":0,"publisher":{"@id":"https:\/\/fjala.info\/2009-2015\/#organization"},"articleSection":["Artikuj"],"inLanguage":"sq-AL","potentialAction":[{"@type":"CommentAction","name":"Comment","target":["https:\/\/fjala.info\/2009-2015\/kostoja-qe-shkakton-keqqeverisja\/#respond"]}]},{"@type":"WebPage","@id":"https:\/\/fjala.info\/2009-2015\/kostoja-qe-shkakton-keqqeverisja\/","url":"https:\/\/fjala.info\/2009-2015\/kostoja-qe-shkakton-keqqeverisja\/","name":"Kostoja q\u00eb shkakton keqqeverisja - FjALA e LIR\u00cb - Arkivi","isPartOf":{"@id":"https:\/\/fjala.info\/2009-2015\/#website"},"datePublished":"2010-04-19T22:13:12+00:00","breadcrumb":{"@id":"https:\/\/fjala.info\/2009-2015\/kostoja-qe-shkakton-keqqeverisja\/#breadcrumb"},"inLanguage":"sq-AL","potentialAction":[{"@type":"ReadAction","target":["https:\/\/fjala.info\/2009-2015\/kostoja-qe-shkakton-keqqeverisja\/"]}]},{"@type":"BreadcrumbList","@id":"https:\/\/fjala.info\/2009-2015\/kostoja-qe-shkakton-keqqeverisja\/#breadcrumb","itemListElement":[{"@type":"ListItem","position":1,"name":"Home","item":"https:\/\/fjala.info\/2009-2015\/"},{"@type":"ListItem","position":2,"name":"Kostoja q\u00eb shkakton keqqeverisja"}]},{"@type":"WebSite","@id":"https:\/\/fjala.info\/2009-2015\/#website","url":"https:\/\/fjala.info\/2009-2015\/","name":"FjALA e LIR\u00cb - Arkivi","description":"Arkivi 2009-2015","publisher":{"@id":"https:\/\/fjala.info\/2009-2015\/#organization"},"potentialAction":[{"@type":"SearchAction","target":{"@type":"EntryPoint","urlTemplate":"https:\/\/fjala.info\/2009-2015\/?s={search_term_string}"},"query-input":{"@type":"PropertyValueSpecification","valueRequired":true,"valueName":"search_term_string"}}],"inLanguage":"sq-AL"},{"@type":"Organization","@id":"https:\/\/fjala.info\/2009-2015\/#organization","name":"FjALA e LIR\u00cb - Arkivi","url":"https:\/\/fjala.info\/2009-2015\/","logo":{"@type":"ImageObject","inLanguage":"sq-AL","@id":"https:\/\/fjala.info\/2009-2015\/#\/schema\/logo\/image\/","url":"","contentUrl":"","caption":"FjALA e LIR\u00cb - Arkivi"},"image":{"@id":"https:\/\/fjala.info\/2009-2015\/#\/schema\/logo\/image\/"}},{"@type":"Person","@id":"https:\/\/fjala.info\/2009-2015\/#\/schema\/person\/3aa1163ef05469c496fc94e77611ada2","name":"admin","image":{"@type":"ImageObject","inLanguage":"sq-AL","@id":"https:\/\/fjala.info\/2009-2015\/wp-content\/uploads\/2012\/02\/arben_cokaj-120x150.jpg","url":"https:\/\/fjala.info\/2009-2015\/wp-content\/uploads\/2012\/02\/arben_cokaj-120x150.jpg","contentUrl":"https:\/\/fjala.info\/2009-2015\/wp-content\/uploads\/2012\/02\/arben_cokaj-120x150.jpg","caption":"admin"},"description":"Admin, Fjala e Lir\u00eb","sameAs":["https:\/\/fjala.info\/"],"url":"https:\/\/fjala.info\/2009-2015\/author\/admin\/"}]}},"_links":{"self":[{"href":"https:\/\/fjala.info\/2009-2015\/wp-json\/wp\/v2\/posts\/2311","targetHints":{"allow":["GET"]}}],"collection":[{"href":"https:\/\/fjala.info\/2009-2015\/wp-json\/wp\/v2\/posts"}],"about":[{"href":"https:\/\/fjala.info\/2009-2015\/wp-json\/wp\/v2\/types\/post"}],"author":[{"embeddable":true,"href":"https:\/\/fjala.info\/2009-2015\/wp-json\/wp\/v2\/users\/1"}],"replies":[{"embeddable":true,"href":"https:\/\/fjala.info\/2009-2015\/wp-json\/wp\/v2\/comments?post=2311"}],"version-history":[{"count":0,"href":"https:\/\/fjala.info\/2009-2015\/wp-json\/wp\/v2\/posts\/2311\/revisions"}],"wp:attachment":[{"href":"https:\/\/fjala.info\/2009-2015\/wp-json\/wp\/v2\/media?parent=2311"}],"wp:term":[{"taxonomy":"category","embeddable":true,"href":"https:\/\/fjala.info\/2009-2015\/wp-json\/wp\/v2\/categories?post=2311"},{"taxonomy":"post_tag","embeddable":true,"href":"https:\/\/fjala.info\/2009-2015\/wp-json\/wp\/v2\/tags?post=2311"}],"curies":[{"name":"wp","href":"https:\/\/api.w.org\/{rel}","templated":true}]}}