{"id":2307,"date":"2010-04-19T23:08:25","date_gmt":"2010-04-19T22:08:25","guid":{"rendered":"http:\/\/fjala.shkoder.net\/?p=2307"},"modified":"2010-04-19T23:08:25","modified_gmt":"2010-04-19T22:08:25","slug":"kur-osbe-del-bosch","status":"publish","type":"post","link":"https:\/\/fjala.info\/2009-2015\/kur-osbe-del-bosch\/","title":{"rendered":"KUR OSBE DEL BOSCH"},"content":{"rendered":"<p><img decoding=\"async\" style=\"margin-left: 10px; margin-right: 10px; border: 0px;\" src=\"http:\/\/www.shkoder.net\/images\/fjala\/andrea_stefani.jpg\" border=\"0\" alt=\"Andrea Stefani\" width=\"100\" align=\"left\" \/><\/p>\n<p><strong>Andrea Stefani<\/strong><\/p>\n<p>K\u00ebto dit\u00eb mediat mb\u00ebshtet\u00ebse t\u00eb qeveris\u00eb nxituan t\u00eb p\u00ebrhapin nj\u00eb deklarat\u00eb t\u00eb Robert Bosch, ambasador i OSBE-s\u00eb n\u00eb Tiran\u00eb, me an\u00eb t\u00eb s\u00eb cil\u00ebs i k\u00ebrkohet opozit\u00ebs t\u00eb reflektoj\u00eb p\u00ebr veprimet e veta, t\u00eb cilat \u201cpo d\u00ebmtojn\u00eb procesin drejt nj\u00eb sistemi demokratik modern\u201d. N\u00eb qoft\u00eb se kjo \u00ebsht\u00eb v\u00ebrtet deklarata e ambasadorit t\u00eb OSBE-s\u00eb, at\u00ebher\u00eb mund t\u00eb themi vet\u00ebm se ai nuk ka goditur n\u00eb shenj\u00eb dhe se Bosch ka dal\u00eb bosh. Sepse n\u00eb fakt \u00ebsht\u00eb krejt e kund\u00ebrta.<\/p>\n<p>Nuk jan\u00eb veprimet e opozit\u00ebs, por ato t\u00eb qeveris\u00eb dhe shumic\u00ebs, refuzimi kategorik prej tyre i transparenc\u00ebs edhe m\u00eb minimale p\u00ebr m\u00ebnyr\u00ebn si u zhvillua procesi i num\u00ebrimit t\u00eb votave m\u00eb 28 qershor, q\u00eb \u201cpo d\u00ebmtojn\u00eb procesin e kalimit t\u00eb Shqip\u00ebris\u00eb drejt nj\u00eb sistemi demokratik modern\u201d. Dhe \u00ebsht\u00eb e habitshme sesi nj\u00eb deklarat\u00eb e till\u00eb krejt e gabuar b\u00ebhet nga kreu i OSBE-s\u00eb n\u00eb Tiran\u00eb, kur tashm\u00eb dihet se nj\u00eb nga tezat m\u00eb t\u00eb forta t\u00eb opozit\u00ebs p\u00ebr kontestimin e votimeve si t\u00eb vjedhura, \u00ebsht\u00eb marr\u00eb pik\u00ebrisht nga raporti i OSBE-s\u00eb p\u00ebr zgjedhjet e 28 qershorit ku, nd\u00ebr t\u00eb tjera, \u00ebsht\u00eb e shkruar e zez\u00eb mbi t\u00eb bardh\u00eb, se n\u00eb 1\/3 e qendrave t\u00eb num\u00ebrimit votat jan\u00eb num\u00ebruar keq, ose shum\u00eb keq. Dhe \u00e7do t\u00eb thot\u00eb t\u00eb num\u00ebrosh keq ose shum\u00eb keq, p\u00ebrve\u00e7se q\u00eb vota t\u00eb mos i shkoj\u00eb forc\u00ebs politike q\u00eb i takon?<\/p>\n<p>* * *<\/p>\n<p>A e meriton krimi kronik i vjedhjes s\u00eb vot\u00ebs nj\u00eb minimum transparence p\u00ebr t\u2019i dh\u00ebn\u00eb fund, edhe me an\u00eb t\u00eb nd\u00ebshkimit nga ligji t\u00eb vjedh\u00ebsve, k\u00ebtij kanceri 20-vje\u00e7ar dhe p\u00ebr t\u00eb mund\u00ebsuar k\u00ebshtu kalimin e Shqip\u00ebris\u00eb \u201cdrejt nj\u00eb sistemi demokratik modern\u201d? Apo duhet ta lem\u00eb mekanizmin e grabitjes s\u00eb vot\u00ebs t\u00eb maskuar n\u00eb em\u00ebr \u201ct\u00eb drejt\u00ebsis\u00eb\u201d (sikund\u00ebr po vepron qeveria), duke p\u00ebrgatitur premisat e krizave t\u00eb ardhshme, ndoshta edhe m\u00eb shkat\u00ebrruese p\u00ebr Shqip\u00ebrin\u00eb? Themeli i nj\u00eb demokracie moderne \u00ebsht\u00eb vota e lir\u00eb. T\u00eb gjitha t\u00eb tjerat vijn\u00eb m\u00eb pas.<\/p>\n<p>Aty ku nuk ka vot\u00eb t\u00eb lir\u00eb, nuk ka realisht demokraci. Prandaj, t\u00eb tolerosh vjedhjen e vot\u00ebs, sikund\u00ebr sugjeron p\u00ebr fat t\u00eb keq ambasadori Bosch, n\u00eb em\u00ebr t\u00eb nj\u00eb \u201csistemi demokratik modern\u201d, \u00ebsht\u00eb nj\u00eb kontradikt\u00eb n\u00eb p\u00ebrkufizim. Aksioni i opozit\u00ebs ka t\u00eb b\u00ebj\u00eb, n\u00eb k\u00ebt\u00eb kuptim, me themelin e demokracis\u00eb s\u00eb v\u00ebrtet\u00eb moderne dhe ta injorosh at\u00eb, ose t\u00eb sugjerosh q\u00eb ai t\u00eb ndalet, \u00ebsht\u00eb si t\u00eb sugjerosh ta l\u00ebsh demokracin\u00eb pa themel. Kjo do t\u00eb thot\u00eb se pa vot\u00ebn e lir\u00eb, pa themelin e demokracis\u00eb, nuk mund t\u00eb ken\u00eb kuptim dhe as vler\u00eb t\u00eb mir\u00ebfillt\u00eb politike n\u00eb favor t\u00eb saj, as reformat e vonuara dhe as ligjet, aprovimi i t\u00eb cilave sot ka ngecur p\u00ebr shkak t\u00eb munges\u00ebs s\u00eb opozit\u00ebs n\u00eb seancat parlamentare.<\/p>\n<p>Sepse edhe reformat, edhe ligjet, do t\u00eb shtremb\u00ebroheshin jo vet\u00ebm n\u00eb p\u00ebrmbajtje, por edhe n\u00eb zbatim nga shumica tiranike dhe arroganca qeveris\u00ebse e nj\u00eb pushteti q\u00eb nuk i trembet nd\u00ebshkimit nga vota e lir\u00eb, sepse ka gjetur mjetin p\u00ebr ta nd\u00ebshkuar vot\u00ebn e lir\u00eb duke e grabitur at\u00eb. Ecja p\u00ebrpara me \u201creforma\u201d dhe ligje pa nd\u00ebshkuar mekanizmin kanceroz t\u00eb vjedhjes s\u00eb vot\u00ebs, nuk do t\u00eb na \u00e7onte drejt nj\u00eb sistemi demokratik modern, por drejt modernizimit dhe maskimit t\u00eb m\u00ebtejsh\u00ebm \u201cme demokraci\u201d t\u00eb nj\u00eb sistemi grabitjeje, arrogance dhe padrejt\u00ebsie. Dhe jemi t\u00eb sigurt q\u00eb kjo nuk \u00ebsht\u00eb ajo q\u00eb d\u00ebshiron ambasadori Bosch dhe aq m\u00eb tep\u00ebr OSBE.<\/p>\n<p>* * *<\/p>\n<p>Prandaj themi se Bosch ka dal\u00eb bosh kur i sugjeron opozit\u00ebs t\u00eb mendohet thell\u00eb p\u00ebr veprimet e saj, sepse n\u00eb fakt duhet t\u00eb jet\u00eb ai vet\u00eb q\u00eb duhet t\u00eb mendohet m\u00eb thell\u00eb kur l\u00ebshon deklarata q\u00eb nuk jan\u00eb n\u00eb t\u00eb mir\u00eb t\u00eb nd\u00ebrtimit t\u00eb nj\u00eb \u201csistemi demokratik modern\u201d. Themi se Bosch ka dal\u00eb bosh edhe p\u00ebr faktin se \u201cantiopozitarizmi\u201d i tij nuk p\u00ebrligjet edhe nga faktet. E v\u00ebrteta \u00ebsht\u00eb se n\u00eb gjith\u00eb k\u00ebta muaj q\u00eb vazhdon kriza politike, ka qen\u00eb vet\u00ebm opozita q\u00eb ka b\u00ebr\u00eb l\u00ebshime, nd\u00ebrkoh\u00eb q\u00eb qeveria dhe shumica e saj kan\u00eb q\u00ebndruar t\u00eb patundur, arrogant\u00eb dhe ekstremisht intolerant\u00eb n\u00eb alibit\u00eb e tyre kund\u00ebr transparenc\u00ebs.<\/p>\n<p>Ishte opozita q\u00eb iu bind k\u00ebrkes\u00ebs s\u00eb nd\u00ebrkomb\u00ebtar\u00ebve (edhe t\u00eb Bosch) q\u00eb ajo t\u00eb hyj\u00eb n\u00eb Parlament dhe ta zgjidh\u00eb kriz\u00ebn atje. Opozita \u00ebsht\u00eb sot n\u00eb Parlament p\u00ebr t\u00eb zgjidhur kriz\u00ebn e vot\u00ebs me an\u00eb t\u00eb transparenc\u00ebs dhe nuk \u00ebsht\u00eb faji i saj q\u00eb shumica dhe pushteti i shmangen s\u00eb v\u00ebrtet\u00ebs s\u00eb fshehur n\u00eb kuti si hajduti hetimit nga policia t\u00eb vjedhjes q\u00eb sapo ka b\u00ebr\u00eb. Dhe opozita nuk mund t\u00eb braktis\u00eb nj\u00eb transparenc\u00eb q\u00eb ka t\u00eb b\u00ebj\u00eb me themelin e demokracis\u00eb, vet\u00ebm pse kjo nuk i leverdis nj\u00eb pushteti q\u00eb, si\u00e7 po duket p\u00ebrdit\u00eb e m\u00eb qart\u00eb, \u00ebsht\u00eb ngritur mbi shkat\u00ebrrimin e k\u00ebtij themeli.<\/p>\n<p>Opozita nuk mund ta braktis\u00eb aksionin e saj t\u00eb drejt\u00eb vet\u00ebm sepse ambasadori Bosch thot\u00eb se ajo po vonon reformat, n\u00eb nj\u00eb koh\u00eb q\u00eb \u00ebsht\u00eb pik\u00ebrisht qeveria dhe shumica q\u00eb po vonojn\u00eb reformat, duke refuzuar transparenc\u00ebn q\u00eb na \u00e7on tek e v\u00ebrteta dhe kjo e fundit te drejt\u00ebsia, te vota e lir\u00eb dhe e ndershme, te themeli i nj\u00eb \u201csistemi demokratik modern\u201d. Opozita sugjeroi m\u00eb pas q\u00eb t\u00eb hapeshin vet\u00ebm kutit\u00eb e dokumentacionit t\u00eb qendrave t\u00eb votimit dhe jo kutit\u00eb e votave p\u00ebr rinum\u00ebrim.<\/p>\n<p>Dhe kjo ofert\u00eb u b\u00eb duke toleruar edhe \u201cekzigjencat\u201d e Kryeministrit p\u00ebr t\u00eb respektuar Kushtetut\u00ebn dhe vendimin e Kolegjit Zgjedhor (pavar\u00ebsisht se faktet e shumta p\u00ebr projektligje e vendime antikushtetuese t\u00eb qeveris\u00eb Berisha e b\u00ebjn\u00eb k\u00ebt\u00eb ekzigjenc\u00eb nj\u00eb tallje groteske me publikun dhe nd\u00ebrkomb\u00ebtar\u00ebt), por pa braktisur parimin e transparenc\u00ebs. Iniciativa u nxit edhe nga faktet skandaloze q\u00eb zbuloi hetimi n\u00eb fshatin Ruzhdie. Por p\u00ebrs\u00ebri qeveria e refuzoi k\u00ebt\u00eb ofert\u00eb konsensusi. Dhe tani s\u00eb fundi \u00ebsht\u00eb p\u00ebrs\u00ebri opozita q\u00eb, p\u00ebrs\u00ebri n\u00eb respekt t\u00eb parimit t\u00eb ndarjes s\u00eb pushteteve, t\u00eb pavar\u00ebsis\u00eb s\u00eb gjykatave, po qarkullon iden\u00eb e hapjes s\u00eb kutive jo n\u00eb zonat e p\u00ebrfshira n\u00eb vendimin e Kolegjit Zgjedhor, por n\u00eb disa zona t\u00eb tjera zgjedhore.<\/p>\n<p>Ky \u00ebsht\u00eb nj\u00eb opsion q\u00eb respekton edhe Kushtetut\u00ebn edhe transparenc\u00ebn, dy \u00e7\u00ebshtje t\u00eb r\u00ebnd\u00ebsishme k\u00ebto p\u00ebr demokracin\u00eb edhe sipas komisionerit t\u00eb BE-s\u00eb p\u00ebr zgjerimin, Stefan Fule. \u00cbsht\u00eb gjithashtu edhe nj\u00eb opsion q\u00eb i jep mund\u00ebsi Kryeministrit Berisha, q\u00eb t\u00eb pranoj\u00eb transparenc\u00ebn p\u00ebr zgjedhjet pa dhunuar as Kushtetut\u00ebn dhe as vendimin e Kolegjit Zgjedhor, pra t\u00eb zbatoj\u00eb angazhimin e sapo b\u00ebr\u00eb n\u00eb Bruksel, se ai dhe shumica do t\u00eb jen\u00eb t\u00eb hapur t\u00eb kryejn\u00eb \u00e7do hetim q\u00eb nuk cenon Kushtetut\u00ebn e vendit. Por, si p\u00ebrher\u00eb, Berisha t\u00eb tjera thot\u00eb n\u00eb Bruksel dhe t\u00eb tjera b\u00ebn n\u00eb Tiran\u00eb.<\/p>\n<p>Nd\u00ebrsa ky refuzim konstant i pushtetit p\u00ebr transparenc\u00ebn ka forcuar shum\u00eb dyshimet p\u00ebr vjedhjen e votave, ne d\u00ebgjojm\u00eb kreun e OSBE-s\u00eb, Bosch, q\u00eb n\u00eb vend t\u2019i k\u00ebrkoj\u00eb Kryeministrit t\u00eb respektoj\u00eb angazhimin p\u00ebr t\u00eb qen\u00eb i hapur p\u00ebr hetime q\u00eb nuk cenoj\u00eb Kushtetut\u00ebn, e gjen fajin p\u00ebr vones\u00ebn e reformave p\u00ebrs\u00ebri te vendosm\u00ebria e opozit\u00ebs p\u00ebr transparenc\u00eb dhe jo te kok\u00ebfort\u00ebsia e dyshimt\u00eb e pushtetit p\u00ebr antitransparenc\u00eb. Dhe nd\u00ebrsa shkaqet e v\u00ebrteta t\u00eb kund\u00ebrshtimit t\u00eb vendosur t\u00eb Berish\u00ebs p\u00ebr t\u00eb mos pranuar asnj\u00eb grim\u00eb transparence b\u00ebhen gjithnj\u00eb edhe m\u00eb t\u00eb kuptueshme, mbetet mister se p\u00ebrse kreu i OSBE-s\u00eb shfaqet kund\u00ebr saj.<\/p>\n<p>Mos vall\u00eb se transparenca do t\u00eb hidhte posht\u00eb jo vet\u00ebm mitin berishian p\u00ebr zgjedhjet m\u00eb t\u00eb mira t\u00eb tranzicionit, por edhe nj\u00eb pjes\u00eb t\u00eb mir\u00eb t\u00eb raportit t\u00eb OSBE-s\u00eb p\u00ebr to? Por edhe sikur t\u00eb jet\u00eb k\u00ebshtu, a ka m\u00eb vler\u00eb ruajtja e \u201c\u00e7mimit\u201d t\u00eb pamerituar t\u00eb nj\u00eb organizate prestigjioze si OSBE p\u00ebr nj\u00eb pal\u00eb zgjedhje, apo hedhja e themeleve t\u00eb vot\u00ebs s\u00eb lir\u00eb q\u00eb do ta \u00e7onin Shqip\u00ebrin\u00eb drejt nj\u00eb \u201csistemi demokratik modern\u201d? Sipas vet\u00eb deklarat\u00ebs s\u00eb Bosch, ky i fundit \u00ebsht\u00eb m\u00eb i r\u00ebnd\u00ebsishmi. Prandaj na duket se edhe n\u00eb vler\u00ebsimin e r\u00ebnd\u00ebsis\u00eb s\u00eb ekstremeve t\u00eb k\u00ebsaj balance, ambasadori Bosch ka gabuar, duke dal\u00eb bosh.<\/p>\n","protected":false},"excerpt":{"rendered":"<p>Andrea Stefani K\u00ebto dit\u00eb mediat mb\u00ebshtet\u00ebse t\u00eb qeveris\u00eb nxituan t\u00eb p\u00ebrhapin nj\u00eb deklarat\u00eb t\u00eb Robert Bosch, ambasador i OSBE-s\u00eb n\u00eb Tiran\u00eb, me an\u00eb t\u00eb s\u00eb cil\u00ebs i k\u00ebrkohet opozit\u00ebs t\u00eb reflektoj\u00eb p\u00ebr veprimet e veta, t\u00eb cilat \u201cpo d\u00ebmtojn\u00eb procesin drejt nj\u00eb sistemi demokratik modern\u201d. N\u00eb qoft\u00eb se kjo \u00ebsht\u00eb v\u00ebrtet deklarata e ambasadorit t\u00eb [&hellip;]<\/p>\n","protected":false},"author":1,"featured_media":0,"comment_status":"open","ping_status":"closed","sticky":false,"template":"","format":"standard","meta":{"footnotes":""},"categories":[2],"tags":[],"class_list":{"0":"post-2307","1":"post","2":"type-post","3":"status-publish","4":"format-standard","6":"category-artikuj"},"yoast_head":"<!-- This site is optimized with the Yoast SEO plugin v27.4 - https:\/\/yoast.com\/product\/yoast-seo-wordpress\/ -->\n<title>KUR OSBE DEL BOSCH - FjALA e LIR\u00cb - Arkivi<\/title>\n<meta name=\"robots\" content=\"index, follow, max-snippet:-1, max-image-preview:large, max-video-preview:-1\" \/>\n<link rel=\"canonical\" href=\"https:\/\/fjala.info\/2009-2015\/kur-osbe-del-bosch\/\" \/>\n<meta property=\"og:locale\" content=\"sq_AL\" \/>\n<meta property=\"og:type\" content=\"article\" \/>\n<meta property=\"og:title\" content=\"KUR OSBE DEL BOSCH - FjALA e LIR\u00cb - Arkivi\" \/>\n<meta property=\"og:description\" content=\"Andrea Stefani K\u00ebto dit\u00eb mediat mb\u00ebshtet\u00ebse t\u00eb qeveris\u00eb nxituan t\u00eb p\u00ebrhapin nj\u00eb deklarat\u00eb t\u00eb Robert Bosch, ambasador i OSBE-s\u00eb n\u00eb Tiran\u00eb, me an\u00eb t\u00eb s\u00eb cil\u00ebs i k\u00ebrkohet opozit\u00ebs t\u00eb reflektoj\u00eb p\u00ebr veprimet e veta, t\u00eb cilat \u201cpo d\u00ebmtojn\u00eb procesin drejt nj\u00eb sistemi demokratik modern\u201d. N\u00eb qoft\u00eb se kjo \u00ebsht\u00eb v\u00ebrtet deklarata e ambasadorit t\u00eb [&hellip;]\" \/>\n<meta property=\"og:url\" content=\"https:\/\/fjala.info\/2009-2015\/kur-osbe-del-bosch\/\" \/>\n<meta property=\"og:site_name\" content=\"FjALA e LIR\u00cb - Arkivi\" \/>\n<meta property=\"article:published_time\" content=\"2010-04-19T22:08:25+00:00\" \/>\n<meta property=\"og:image\" content=\"http:\/\/www.shkoder.net\/images\/fjala\/andrea_stefani.jpg\" \/>\n<meta name=\"author\" content=\"admin\" \/>\n<meta name=\"twitter:card\" content=\"summary_large_image\" \/>\n<meta name=\"twitter:label1\" content=\"Written by\" \/>\n\t<meta name=\"twitter:data1\" content=\"admin\" \/>\n\t<meta name=\"twitter:label2\" content=\"Est. reading time\" \/>\n\t<meta name=\"twitter:data2\" content=\"7 minutes\" \/>\n<script type=\"application\/ld+json\" class=\"yoast-schema-graph\">{\"@context\":\"https:\\\/\\\/schema.org\",\"@graph\":[{\"@type\":\"Article\",\"@id\":\"https:\\\/\\\/fjala.info\\\/2009-2015\\\/kur-osbe-del-bosch\\\/#article\",\"isPartOf\":{\"@id\":\"https:\\\/\\\/fjala.info\\\/2009-2015\\\/kur-osbe-del-bosch\\\/\"},\"author\":{\"name\":\"admin\",\"@id\":\"https:\\\/\\\/fjala.info\\\/2009-2015\\\/#\\\/schema\\\/person\\\/3aa1163ef05469c496fc94e77611ada2\"},\"headline\":\"KUR OSBE DEL BOSCH\",\"datePublished\":\"2010-04-19T22:08:25+00:00\",\"mainEntityOfPage\":{\"@id\":\"https:\\\/\\\/fjala.info\\\/2009-2015\\\/kur-osbe-del-bosch\\\/\"},\"wordCount\":1462,\"commentCount\":0,\"publisher\":{\"@id\":\"https:\\\/\\\/fjala.info\\\/2009-2015\\\/#organization\"},\"image\":{\"@id\":\"https:\\\/\\\/fjala.info\\\/2009-2015\\\/kur-osbe-del-bosch\\\/#primaryimage\"},\"thumbnailUrl\":\"http:\\\/\\\/www.shkoder.net\\\/images\\\/fjala\\\/andrea_stefani.jpg\",\"articleSection\":[\"Artikuj\"],\"inLanguage\":\"sq-AL\",\"potentialAction\":[{\"@type\":\"CommentAction\",\"name\":\"Comment\",\"target\":[\"https:\\\/\\\/fjala.info\\\/2009-2015\\\/kur-osbe-del-bosch\\\/#respond\"]}]},{\"@type\":\"WebPage\",\"@id\":\"https:\\\/\\\/fjala.info\\\/2009-2015\\\/kur-osbe-del-bosch\\\/\",\"url\":\"https:\\\/\\\/fjala.info\\\/2009-2015\\\/kur-osbe-del-bosch\\\/\",\"name\":\"KUR OSBE DEL BOSCH - FjALA e LIR\u00cb - Arkivi\",\"isPartOf\":{\"@id\":\"https:\\\/\\\/fjala.info\\\/2009-2015\\\/#website\"},\"primaryImageOfPage\":{\"@id\":\"https:\\\/\\\/fjala.info\\\/2009-2015\\\/kur-osbe-del-bosch\\\/#primaryimage\"},\"image\":{\"@id\":\"https:\\\/\\\/fjala.info\\\/2009-2015\\\/kur-osbe-del-bosch\\\/#primaryimage\"},\"thumbnailUrl\":\"http:\\\/\\\/www.shkoder.net\\\/images\\\/fjala\\\/andrea_stefani.jpg\",\"datePublished\":\"2010-04-19T22:08:25+00:00\",\"breadcrumb\":{\"@id\":\"https:\\\/\\\/fjala.info\\\/2009-2015\\\/kur-osbe-del-bosch\\\/#breadcrumb\"},\"inLanguage\":\"sq-AL\",\"potentialAction\":[{\"@type\":\"ReadAction\",\"target\":[\"https:\\\/\\\/fjala.info\\\/2009-2015\\\/kur-osbe-del-bosch\\\/\"]}]},{\"@type\":\"ImageObject\",\"inLanguage\":\"sq-AL\",\"@id\":\"https:\\\/\\\/fjala.info\\\/2009-2015\\\/kur-osbe-del-bosch\\\/#primaryimage\",\"url\":\"http:\\\/\\\/www.shkoder.net\\\/images\\\/fjala\\\/andrea_stefani.jpg\",\"contentUrl\":\"http:\\\/\\\/www.shkoder.net\\\/images\\\/fjala\\\/andrea_stefani.jpg\"},{\"@type\":\"BreadcrumbList\",\"@id\":\"https:\\\/\\\/fjala.info\\\/2009-2015\\\/kur-osbe-del-bosch\\\/#breadcrumb\",\"itemListElement\":[{\"@type\":\"ListItem\",\"position\":1,\"name\":\"Home\",\"item\":\"https:\\\/\\\/fjala.info\\\/2009-2015\\\/\"},{\"@type\":\"ListItem\",\"position\":2,\"name\":\"KUR OSBE DEL BOSCH\"}]},{\"@type\":\"WebSite\",\"@id\":\"https:\\\/\\\/fjala.info\\\/2009-2015\\\/#website\",\"url\":\"https:\\\/\\\/fjala.info\\\/2009-2015\\\/\",\"name\":\"FjALA e LIR\u00cb - Arkivi\",\"description\":\"Arkivi 2009-2015\",\"publisher\":{\"@id\":\"https:\\\/\\\/fjala.info\\\/2009-2015\\\/#organization\"},\"potentialAction\":[{\"@type\":\"SearchAction\",\"target\":{\"@type\":\"EntryPoint\",\"urlTemplate\":\"https:\\\/\\\/fjala.info\\\/2009-2015\\\/?s={search_term_string}\"},\"query-input\":{\"@type\":\"PropertyValueSpecification\",\"valueRequired\":true,\"valueName\":\"search_term_string\"}}],\"inLanguage\":\"sq-AL\"},{\"@type\":\"Organization\",\"@id\":\"https:\\\/\\\/fjala.info\\\/2009-2015\\\/#organization\",\"name\":\"FjALA e LIR\u00cb - Arkivi\",\"url\":\"https:\\\/\\\/fjala.info\\\/2009-2015\\\/\",\"logo\":{\"@type\":\"ImageObject\",\"inLanguage\":\"sq-AL\",\"@id\":\"https:\\\/\\\/fjala.info\\\/2009-2015\\\/#\\\/schema\\\/logo\\\/image\\\/\",\"url\":\"\",\"contentUrl\":\"\",\"caption\":\"FjALA e LIR\u00cb - Arkivi\"},\"image\":{\"@id\":\"https:\\\/\\\/fjala.info\\\/2009-2015\\\/#\\\/schema\\\/logo\\\/image\\\/\"}},{\"@type\":\"Person\",\"@id\":\"https:\\\/\\\/fjala.info\\\/2009-2015\\\/#\\\/schema\\\/person\\\/3aa1163ef05469c496fc94e77611ada2\",\"name\":\"admin\",\"image\":{\"@type\":\"ImageObject\",\"inLanguage\":\"sq-AL\",\"@id\":\"https:\\\/\\\/fjala.info\\\/2009-2015\\\/wp-content\\\/uploads\\\/2012\\\/02\\\/arben_cokaj-120x150.jpg\",\"url\":\"https:\\\/\\\/fjala.info\\\/2009-2015\\\/wp-content\\\/uploads\\\/2012\\\/02\\\/arben_cokaj-120x150.jpg\",\"contentUrl\":\"https:\\\/\\\/fjala.info\\\/2009-2015\\\/wp-content\\\/uploads\\\/2012\\\/02\\\/arben_cokaj-120x150.jpg\",\"caption\":\"admin\"},\"description\":\"Admin, Fjala e Lir\u00eb\",\"sameAs\":[\"https:\\\/\\\/fjala.info\\\/\"],\"url\":\"https:\\\/\\\/fjala.info\\\/2009-2015\\\/author\\\/admin\\\/\"}]}<\/script>\n<!-- \/ Yoast SEO plugin. -->","yoast_head_json":{"title":"KUR OSBE DEL BOSCH - FjALA e LIR\u00cb - Arkivi","robots":{"index":"index","follow":"follow","max-snippet":"max-snippet:-1","max-image-preview":"max-image-preview:large","max-video-preview":"max-video-preview:-1"},"canonical":"https:\/\/fjala.info\/2009-2015\/kur-osbe-del-bosch\/","og_locale":"sq_AL","og_type":"article","og_title":"KUR OSBE DEL BOSCH - FjALA e LIR\u00cb - Arkivi","og_description":"Andrea Stefani K\u00ebto dit\u00eb mediat mb\u00ebshtet\u00ebse t\u00eb qeveris\u00eb nxituan t\u00eb p\u00ebrhapin nj\u00eb deklarat\u00eb t\u00eb Robert Bosch, ambasador i OSBE-s\u00eb n\u00eb Tiran\u00eb, me an\u00eb t\u00eb s\u00eb cil\u00ebs i k\u00ebrkohet opozit\u00ebs t\u00eb reflektoj\u00eb p\u00ebr veprimet e veta, t\u00eb cilat \u201cpo d\u00ebmtojn\u00eb procesin drejt nj\u00eb sistemi demokratik modern\u201d. N\u00eb qoft\u00eb se kjo \u00ebsht\u00eb v\u00ebrtet deklarata e ambasadorit t\u00eb [&hellip;]","og_url":"https:\/\/fjala.info\/2009-2015\/kur-osbe-del-bosch\/","og_site_name":"FjALA e LIR\u00cb - Arkivi","article_published_time":"2010-04-19T22:08:25+00:00","og_image":[{"url":"http:\/\/www.shkoder.net\/images\/fjala\/andrea_stefani.jpg","type":"","width":"","height":""}],"author":"admin","twitter_card":"summary_large_image","twitter_misc":{"Written by":"admin","Est. reading time":"7 minutes"},"schema":{"@context":"https:\/\/schema.org","@graph":[{"@type":"Article","@id":"https:\/\/fjala.info\/2009-2015\/kur-osbe-del-bosch\/#article","isPartOf":{"@id":"https:\/\/fjala.info\/2009-2015\/kur-osbe-del-bosch\/"},"author":{"name":"admin","@id":"https:\/\/fjala.info\/2009-2015\/#\/schema\/person\/3aa1163ef05469c496fc94e77611ada2"},"headline":"KUR OSBE DEL BOSCH","datePublished":"2010-04-19T22:08:25+00:00","mainEntityOfPage":{"@id":"https:\/\/fjala.info\/2009-2015\/kur-osbe-del-bosch\/"},"wordCount":1462,"commentCount":0,"publisher":{"@id":"https:\/\/fjala.info\/2009-2015\/#organization"},"image":{"@id":"https:\/\/fjala.info\/2009-2015\/kur-osbe-del-bosch\/#primaryimage"},"thumbnailUrl":"http:\/\/www.shkoder.net\/images\/fjala\/andrea_stefani.jpg","articleSection":["Artikuj"],"inLanguage":"sq-AL","potentialAction":[{"@type":"CommentAction","name":"Comment","target":["https:\/\/fjala.info\/2009-2015\/kur-osbe-del-bosch\/#respond"]}]},{"@type":"WebPage","@id":"https:\/\/fjala.info\/2009-2015\/kur-osbe-del-bosch\/","url":"https:\/\/fjala.info\/2009-2015\/kur-osbe-del-bosch\/","name":"KUR OSBE DEL BOSCH - FjALA e LIR\u00cb - Arkivi","isPartOf":{"@id":"https:\/\/fjala.info\/2009-2015\/#website"},"primaryImageOfPage":{"@id":"https:\/\/fjala.info\/2009-2015\/kur-osbe-del-bosch\/#primaryimage"},"image":{"@id":"https:\/\/fjala.info\/2009-2015\/kur-osbe-del-bosch\/#primaryimage"},"thumbnailUrl":"http:\/\/www.shkoder.net\/images\/fjala\/andrea_stefani.jpg","datePublished":"2010-04-19T22:08:25+00:00","breadcrumb":{"@id":"https:\/\/fjala.info\/2009-2015\/kur-osbe-del-bosch\/#breadcrumb"},"inLanguage":"sq-AL","potentialAction":[{"@type":"ReadAction","target":["https:\/\/fjala.info\/2009-2015\/kur-osbe-del-bosch\/"]}]},{"@type":"ImageObject","inLanguage":"sq-AL","@id":"https:\/\/fjala.info\/2009-2015\/kur-osbe-del-bosch\/#primaryimage","url":"http:\/\/www.shkoder.net\/images\/fjala\/andrea_stefani.jpg","contentUrl":"http:\/\/www.shkoder.net\/images\/fjala\/andrea_stefani.jpg"},{"@type":"BreadcrumbList","@id":"https:\/\/fjala.info\/2009-2015\/kur-osbe-del-bosch\/#breadcrumb","itemListElement":[{"@type":"ListItem","position":1,"name":"Home","item":"https:\/\/fjala.info\/2009-2015\/"},{"@type":"ListItem","position":2,"name":"KUR OSBE DEL BOSCH"}]},{"@type":"WebSite","@id":"https:\/\/fjala.info\/2009-2015\/#website","url":"https:\/\/fjala.info\/2009-2015\/","name":"FjALA e LIR\u00cb - Arkivi","description":"Arkivi 2009-2015","publisher":{"@id":"https:\/\/fjala.info\/2009-2015\/#organization"},"potentialAction":[{"@type":"SearchAction","target":{"@type":"EntryPoint","urlTemplate":"https:\/\/fjala.info\/2009-2015\/?s={search_term_string}"},"query-input":{"@type":"PropertyValueSpecification","valueRequired":true,"valueName":"search_term_string"}}],"inLanguage":"sq-AL"},{"@type":"Organization","@id":"https:\/\/fjala.info\/2009-2015\/#organization","name":"FjALA e LIR\u00cb - Arkivi","url":"https:\/\/fjala.info\/2009-2015\/","logo":{"@type":"ImageObject","inLanguage":"sq-AL","@id":"https:\/\/fjala.info\/2009-2015\/#\/schema\/logo\/image\/","url":"","contentUrl":"","caption":"FjALA e LIR\u00cb - Arkivi"},"image":{"@id":"https:\/\/fjala.info\/2009-2015\/#\/schema\/logo\/image\/"}},{"@type":"Person","@id":"https:\/\/fjala.info\/2009-2015\/#\/schema\/person\/3aa1163ef05469c496fc94e77611ada2","name":"admin","image":{"@type":"ImageObject","inLanguage":"sq-AL","@id":"https:\/\/fjala.info\/2009-2015\/wp-content\/uploads\/2012\/02\/arben_cokaj-120x150.jpg","url":"https:\/\/fjala.info\/2009-2015\/wp-content\/uploads\/2012\/02\/arben_cokaj-120x150.jpg","contentUrl":"https:\/\/fjala.info\/2009-2015\/wp-content\/uploads\/2012\/02\/arben_cokaj-120x150.jpg","caption":"admin"},"description":"Admin, Fjala e Lir\u00eb","sameAs":["https:\/\/fjala.info\/"],"url":"https:\/\/fjala.info\/2009-2015\/author\/admin\/"}]}},"_links":{"self":[{"href":"https:\/\/fjala.info\/2009-2015\/wp-json\/wp\/v2\/posts\/2307","targetHints":{"allow":["GET"]}}],"collection":[{"href":"https:\/\/fjala.info\/2009-2015\/wp-json\/wp\/v2\/posts"}],"about":[{"href":"https:\/\/fjala.info\/2009-2015\/wp-json\/wp\/v2\/types\/post"}],"author":[{"embeddable":true,"href":"https:\/\/fjala.info\/2009-2015\/wp-json\/wp\/v2\/users\/1"}],"replies":[{"embeddable":true,"href":"https:\/\/fjala.info\/2009-2015\/wp-json\/wp\/v2\/comments?post=2307"}],"version-history":[{"count":0,"href":"https:\/\/fjala.info\/2009-2015\/wp-json\/wp\/v2\/posts\/2307\/revisions"}],"wp:attachment":[{"href":"https:\/\/fjala.info\/2009-2015\/wp-json\/wp\/v2\/media?parent=2307"}],"wp:term":[{"taxonomy":"category","embeddable":true,"href":"https:\/\/fjala.info\/2009-2015\/wp-json\/wp\/v2\/categories?post=2307"},{"taxonomy":"post_tag","embeddable":true,"href":"https:\/\/fjala.info\/2009-2015\/wp-json\/wp\/v2\/tags?post=2307"}],"curies":[{"name":"wp","href":"https:\/\/api.w.org\/{rel}","templated":true}]}}