{"id":2304,"date":"2012-03-30T22:48:04","date_gmt":"2012-03-30T21:48:04","guid":{"rendered":"http:\/\/fjala.shkoder.net\/?p=2304"},"modified":"2012-03-30T22:48:04","modified_gmt":"2012-03-30T21:48:04","slug":"albin-kurti-bashkimi-kombetar-i-domosdoshem","status":"publish","type":"post","link":"https:\/\/fjala.info\/2009-2015\/albin-kurti-bashkimi-kombetar-i-domosdoshem\/","title":{"rendered":"Albin Kurti: Bashkimi komb\u00ebtar, i domosdosh\u00ebm"},"content":{"rendered":"<p><img decoding=\"async\" class=\"alignright size-thumbnail wp-image-7236\" title=\"Albin Kurti\" src=\"http:\/\/www.shkoder.net\/2012\/albin_kurti_bashke.jpg\" alt=\"\" width=\"250\" \/> <strong>TemA Online<\/strong>, <em>30 Mars 2012<\/em><\/p>\n<p>Hapi i par\u00eb p\u00ebr bashkimin komb\u00ebtar t\u00eb shqiptar\u00ebve duhet t\u00eb filloj\u00eb me Kosov\u00ebn e Shqip\u00ebrin\u00eb dhe m\u00eb pas, t\u00eb ndihmohen edhe shqiptar\u00ebt q\u00eb u cop\u00ebtuan n\u00eb konferenc\u00ebn e Londr\u00ebs m\u00eb 1913. K\u00ebshtu vler\u00ebson lideri i l\u00ebvizjes Vet\u00ebvendosje Albin Kurti, n\u00eb nj\u00eb intervist\u00eb p\u00ebr televizionin Alsat-M.<\/p>\n<p>\u201cLe t\u00eb fillojm\u00eb prej hapit m\u00eb t\u00eb domosdosh\u00ebm dhe m\u00eb t\u00eb r\u00ebnd\u00ebsish\u00ebm tash p\u00ebr tash, Bashkimi i Kosov\u00ebs me Shqip\u00ebrin\u00eb, m\u00eb pastaj duhet t\u00eb ndihmohen shqiptar\u00ebt n\u00eb Mal t\u00eb Zi, Lugin\u00eb t\u00eb Preshev\u00ebs dhe n\u00eb Maqedonin\u00eb Per\u00ebndimore n\u00eb Ilirid\u00eb, duhet t\u00eb ndihmohen q\u00eb t\u00eb organizohen sa m\u00eb mir\u00eb, ty mund t\u00eb t\u00eb takoj\u00eb e drejta, por e drejta nuk realizohet n\u00ebse s\u2019ke organizim. Nuk po mendoj shqiptar\u00ebt n\u00eb Maqedoni pa Shkupin, deri para 30 vjet\u00ebve \u00ebsht\u00eb konsideruar q\u00eb qyteti me m\u00eb s\u00eb shumti shqiptar ka qen\u00eb Shkupi\u201d, deklaroi Kurti.<\/p>\n<p>Duke folur p\u00ebr pozit\u00ebn e shqiptar\u00ebve n\u00eb Maqedoni, Kurti tha se shqiptar\u00ebt n\u00eb Maqedoni duhet t\u00eb bashkohen dhe t\u00eb organizohen, si n\u00eb aspektin kulturor, arsimor, politik, e po ashtu n\u00eb at\u00eb socio-ekonomik, pasi pa organizim, sipas Kurtit nuk ka t\u00eb drejta t\u00eb realizuara dhe ato mbeten formale dhe nuk aktualizohen. Kurti tha se Kosova dhe Shqip\u00ebria kan\u00eb p\u00ebr obligim t\u2019u dalin n\u00eb ndihm\u00eb shqiptar\u00ebve n\u00eb Maqedoni.<\/p>\n<p>\u201cN\u00ebse ne lejojm\u00eb q\u00eb shqiptar\u00ebt n\u00eb Maqedoni t\u00eb ballafaqohen me Qeverin\u00eb Gruevski ndaras prej Kosov\u00ebs e Shqip\u00ebris\u00eb at\u00ebher\u00eb do t\u00eb prodhohen Brodeca t\u00eb ri. Ne kemi nevoj\u00eb q\u00eb t\u00eb kemi sa m\u00eb shum\u00eb organizim dhe aktivitete i cili edhe ndihmohet dhe mb\u00ebshtetet prej Tiran\u00ebs dhe Prishtin\u00ebs, k\u00ebt\u00eb gj\u00eb duhet ta k\u00ebrkojn\u00eb shqiptar\u00ebt e Maqedonis\u00eb edhe m\u00eb shum\u00eb\u201d, tha Kurti.<\/p>\n<p>Albin Kurti tha se Marr\u00ebveshja e Ohrit n\u00eb Maqedoni m\u00eb shum\u00eb ka pasur efekte p\u00ebr t\u00eb \u00e7armatosur shqiptar\u00ebt se sa realizimin e t\u00eb drejtave.<\/p>\n<p>\u201cKur do t\u00eb shkruhet historia se \u00e7far\u00eb b\u00ebri kjo Marr\u00ebveshje e Ohrit, do t\u00eb dal\u00eb q\u00eb efekti kryesor ka qen\u00eb demilitarizimi i U\u00c7K-s\u00eb, nuk do t\u00eb dal\u00eb se fituam k\u00ebt\u00eb apo at\u00eb t\u00eb drejt\u00eb sepse shqiptar\u00ebt atje mbeten t\u00eb diskriminuar n\u00eb p\u00ebrfaq\u00ebsim, konkretisht n\u00eb gjykata, administrat\u00eb, sh\u00ebrbyesit civil n\u00ebp\u00ebr ministri, polici, n\u00ebp\u00ebr nd\u00ebrmarrje t\u00eb ndryshme, n\u00eb p\u00ebrgjith\u00ebsi shqiptar\u00ebt mezi mb\u00ebrrin n\u00eb 10 p\u00ebr qind, nd\u00ebrkoh\u00eb n\u00eb baz\u00eb t\u00eb regjistrimit t\u00eb fundit t\u00eb popullsis\u00eb jan\u00eb m\u00eb shum\u00eb se \u00e7ereku i popullsis\u00eb\u201d, u shpreh ai.<\/p>\n<p>Kurti tha se ajo \u00e7far\u00eb duhet t\u00eb zhvillohet tek shqiptar\u00ebt n\u00eb Maqedoni, \u00ebsht\u00eb sofistikimi dhe afirmimi i kritik\u00ebs. Qytetar\u00ebt shqiptar\u00eb sipas tij, me mendje kritike duhet t\u00eb kund\u00ebrshtojn\u00eb dimensionin nacional shovinist t\u00eb shtetit maqedonas, i cili po i shfryt\u00ebzon dhe po i shtyp shqiptar\u00ebt.<\/p>\n<p>\u201cNuk duhet t\u00eb kemi iluzione q\u00eb Qeveria Gruevski do t\u00eb jet\u00eb ndonj\u00ebher\u00eb fal\u00ebnderuese p\u00ebr shqiptar\u00ebt q\u00eb po rrin\u00eb urt\u00eb, p\u00ebr shqiptar\u00ebt q\u00eb nuk po organizohen, p\u00ebr shqiptar\u00ebt q\u00eb nuk po i k\u00ebrkojn\u00eb t\u00eb drejtat e tyre, p\u00ebr shqiptar\u00ebt t\u00eb cil\u00ebt nuk po punojn\u00eb e angazhohen n\u00eb p\u00ebrgjith\u00ebsi. Ne n\u00eb k\u00ebt\u00eb rast nuk e fitojm\u00eb as fal\u00ebnderimin e tjetrit, por vet\u00ebm d\u00ebmtimin e vetes ton\u00eb dhe sa m\u00eb her\u00ebt vet\u00ebdijesohemi, emancipohemi p\u00ebr k\u00ebt\u00eb do t\u00eb jet\u00eb m\u00eb mir\u00eb\u201d, theksoi Kurti.<\/p>\n<p>Lideri i l\u00ebvizjes \u2018Vet\u00ebvendosje\u2019 n\u00eb emisionin \u2018Rruga Drejt\u2019 tha mbr\u00ebm\u00eb se n\u00ebse Greqia ka arsye nj\u00eb her\u00eb q\u00eb mos t\u2019ia njoh\u00eb shtetit t\u00eb Maqedonis\u00eb emrin, shqiptar\u00ebt kan\u00eb dyfish apo trefish m\u00eb shum\u00eb arsye q\u00eb mos t\u2019ia pranojn\u00eb emrin Maqedonis\u00eb. Ai tha se shqiptar\u00ebt duhet t\u2019i b\u00ebjn\u00eb t\u00eb qarta kompromiset q\u00eb kan\u00eb b\u00ebr\u00eb, dhe se n\u00eb \u00e7do koh\u00eb t\u2019i t\u00ebrheqin mbrapsht ato, gjithmon\u00eb p\u00ebrmes gjuh\u00ebs s\u00eb t\u00eb drejtave politike civile dhe socio-ekonomike n\u00eb rrafshin universal t\u00eb konventave evropiane dhe nd\u00ebrkomb\u00ebtare.<\/p>\n","protected":false},"excerpt":{"rendered":"<p>TemA Online, 30 Mars 2012 Hapi i par\u00eb p\u00ebr bashkimin komb\u00ebtar t\u00eb shqiptar\u00ebve duhet t\u00eb filloj\u00eb me Kosov\u00ebn e Shqip\u00ebrin\u00eb dhe m\u00eb pas, t\u00eb ndihmohen edhe shqiptar\u00ebt q\u00eb u cop\u00ebtuan n\u00eb konferenc\u00ebn e Londr\u00ebs m\u00eb 1913. K\u00ebshtu vler\u00ebson lideri i l\u00ebvizjes Vet\u00ebvendosje Albin Kurti, n\u00eb nj\u00eb intervist\u00eb p\u00ebr televizionin Alsat-M. \u201cLe t\u00eb fillojm\u00eb prej hapit [&hellip;]<\/p>\n","protected":false},"author":1,"featured_media":0,"comment_status":"open","ping_status":"closed","sticky":false,"template":"","format":"standard","meta":{"footnotes":""},"categories":[2],"tags":[],"class_list":{"0":"post-2304","1":"post","2":"type-post","3":"status-publish","4":"format-standard","6":"category-artikuj"},"yoast_head":"<!-- This site is optimized with the Yoast SEO plugin v27.4 - https:\/\/yoast.com\/product\/yoast-seo-wordpress\/ -->\n<title>Albin Kurti: Bashkimi komb\u00ebtar, i domosdosh\u00ebm - FjALA e LIR\u00cb - Arkivi<\/title>\n<meta name=\"robots\" content=\"index, follow, max-snippet:-1, max-image-preview:large, max-video-preview:-1\" \/>\n<link rel=\"canonical\" href=\"https:\/\/fjala.info\/2009-2015\/albin-kurti-bashkimi-kombetar-i-domosdoshem\/\" \/>\n<meta property=\"og:locale\" content=\"sq_AL\" \/>\n<meta property=\"og:type\" content=\"article\" \/>\n<meta property=\"og:title\" content=\"Albin Kurti: Bashkimi komb\u00ebtar, i domosdosh\u00ebm - FjALA e LIR\u00cb - Arkivi\" \/>\n<meta property=\"og:description\" content=\"TemA Online, 30 Mars 2012 Hapi i par\u00eb p\u00ebr bashkimin komb\u00ebtar t\u00eb shqiptar\u00ebve duhet t\u00eb filloj\u00eb me Kosov\u00ebn e Shqip\u00ebrin\u00eb dhe m\u00eb pas, t\u00eb ndihmohen edhe shqiptar\u00ebt q\u00eb u cop\u00ebtuan n\u00eb konferenc\u00ebn e Londr\u00ebs m\u00eb 1913. K\u00ebshtu vler\u00ebson lideri i l\u00ebvizjes Vet\u00ebvendosje Albin Kurti, n\u00eb nj\u00eb intervist\u00eb p\u00ebr televizionin Alsat-M. \u201cLe t\u00eb fillojm\u00eb prej hapit [&hellip;]\" \/>\n<meta property=\"og:url\" content=\"https:\/\/fjala.info\/2009-2015\/albin-kurti-bashkimi-kombetar-i-domosdoshem\/\" \/>\n<meta property=\"og:site_name\" content=\"FjALA e LIR\u00cb - Arkivi\" \/>\n<meta property=\"article:published_time\" content=\"2012-03-30T21:48:04+00:00\" \/>\n<meta property=\"og:image\" content=\"http:\/\/www.shkoder.net\/2012\/albin_kurti_bashke.jpg\" \/>\n<meta name=\"author\" content=\"admin\" \/>\n<meta name=\"twitter:card\" content=\"summary_large_image\" \/>\n<meta name=\"twitter:label1\" content=\"Written by\" \/>\n\t<meta name=\"twitter:data1\" content=\"admin\" \/>\n\t<meta name=\"twitter:label2\" content=\"Est. reading time\" \/>\n\t<meta name=\"twitter:data2\" content=\"3 minutes\" \/>\n<script type=\"application\/ld+json\" class=\"yoast-schema-graph\">{\"@context\":\"https:\\\/\\\/schema.org\",\"@graph\":[{\"@type\":\"Article\",\"@id\":\"https:\\\/\\\/fjala.info\\\/2009-2015\\\/albin-kurti-bashkimi-kombetar-i-domosdoshem\\\/#article\",\"isPartOf\":{\"@id\":\"https:\\\/\\\/fjala.info\\\/2009-2015\\\/albin-kurti-bashkimi-kombetar-i-domosdoshem\\\/\"},\"author\":{\"name\":\"admin\",\"@id\":\"https:\\\/\\\/fjala.info\\\/2009-2015\\\/#\\\/schema\\\/person\\\/3aa1163ef05469c496fc94e77611ada2\"},\"headline\":\"Albin Kurti: Bashkimi komb\u00ebtar, i domosdosh\u00ebm\",\"datePublished\":\"2012-03-30T21:48:04+00:00\",\"mainEntityOfPage\":{\"@id\":\"https:\\\/\\\/fjala.info\\\/2009-2015\\\/albin-kurti-bashkimi-kombetar-i-domosdoshem\\\/\"},\"wordCount\":690,\"commentCount\":0,\"publisher\":{\"@id\":\"https:\\\/\\\/fjala.info\\\/2009-2015\\\/#organization\"},\"image\":{\"@id\":\"https:\\\/\\\/fjala.info\\\/2009-2015\\\/albin-kurti-bashkimi-kombetar-i-domosdoshem\\\/#primaryimage\"},\"thumbnailUrl\":\"http:\\\/\\\/www.shkoder.net\\\/2012\\\/albin_kurti_bashke.jpg\",\"articleSection\":[\"Artikuj\"],\"inLanguage\":\"sq-AL\",\"potentialAction\":[{\"@type\":\"CommentAction\",\"name\":\"Comment\",\"target\":[\"https:\\\/\\\/fjala.info\\\/2009-2015\\\/albin-kurti-bashkimi-kombetar-i-domosdoshem\\\/#respond\"]}]},{\"@type\":\"WebPage\",\"@id\":\"https:\\\/\\\/fjala.info\\\/2009-2015\\\/albin-kurti-bashkimi-kombetar-i-domosdoshem\\\/\",\"url\":\"https:\\\/\\\/fjala.info\\\/2009-2015\\\/albin-kurti-bashkimi-kombetar-i-domosdoshem\\\/\",\"name\":\"Albin Kurti: Bashkimi komb\u00ebtar, i domosdosh\u00ebm - FjALA e LIR\u00cb - Arkivi\",\"isPartOf\":{\"@id\":\"https:\\\/\\\/fjala.info\\\/2009-2015\\\/#website\"},\"primaryImageOfPage\":{\"@id\":\"https:\\\/\\\/fjala.info\\\/2009-2015\\\/albin-kurti-bashkimi-kombetar-i-domosdoshem\\\/#primaryimage\"},\"image\":{\"@id\":\"https:\\\/\\\/fjala.info\\\/2009-2015\\\/albin-kurti-bashkimi-kombetar-i-domosdoshem\\\/#primaryimage\"},\"thumbnailUrl\":\"http:\\\/\\\/www.shkoder.net\\\/2012\\\/albin_kurti_bashke.jpg\",\"datePublished\":\"2012-03-30T21:48:04+00:00\",\"breadcrumb\":{\"@id\":\"https:\\\/\\\/fjala.info\\\/2009-2015\\\/albin-kurti-bashkimi-kombetar-i-domosdoshem\\\/#breadcrumb\"},\"inLanguage\":\"sq-AL\",\"potentialAction\":[{\"@type\":\"ReadAction\",\"target\":[\"https:\\\/\\\/fjala.info\\\/2009-2015\\\/albin-kurti-bashkimi-kombetar-i-domosdoshem\\\/\"]}]},{\"@type\":\"ImageObject\",\"inLanguage\":\"sq-AL\",\"@id\":\"https:\\\/\\\/fjala.info\\\/2009-2015\\\/albin-kurti-bashkimi-kombetar-i-domosdoshem\\\/#primaryimage\",\"url\":\"http:\\\/\\\/www.shkoder.net\\\/2012\\\/albin_kurti_bashke.jpg\",\"contentUrl\":\"http:\\\/\\\/www.shkoder.net\\\/2012\\\/albin_kurti_bashke.jpg\"},{\"@type\":\"BreadcrumbList\",\"@id\":\"https:\\\/\\\/fjala.info\\\/2009-2015\\\/albin-kurti-bashkimi-kombetar-i-domosdoshem\\\/#breadcrumb\",\"itemListElement\":[{\"@type\":\"ListItem\",\"position\":1,\"name\":\"Home\",\"item\":\"https:\\\/\\\/fjala.info\\\/2009-2015\\\/\"},{\"@type\":\"ListItem\",\"position\":2,\"name\":\"Albin Kurti: Bashkimi komb\u00ebtar, i domosdosh\u00ebm\"}]},{\"@type\":\"WebSite\",\"@id\":\"https:\\\/\\\/fjala.info\\\/2009-2015\\\/#website\",\"url\":\"https:\\\/\\\/fjala.info\\\/2009-2015\\\/\",\"name\":\"FjALA e LIR\u00cb - Arkivi\",\"description\":\"Arkivi 2009-2015\",\"publisher\":{\"@id\":\"https:\\\/\\\/fjala.info\\\/2009-2015\\\/#organization\"},\"potentialAction\":[{\"@type\":\"SearchAction\",\"target\":{\"@type\":\"EntryPoint\",\"urlTemplate\":\"https:\\\/\\\/fjala.info\\\/2009-2015\\\/?s={search_term_string}\"},\"query-input\":{\"@type\":\"PropertyValueSpecification\",\"valueRequired\":true,\"valueName\":\"search_term_string\"}}],\"inLanguage\":\"sq-AL\"},{\"@type\":\"Organization\",\"@id\":\"https:\\\/\\\/fjala.info\\\/2009-2015\\\/#organization\",\"name\":\"FjALA e LIR\u00cb - Arkivi\",\"url\":\"https:\\\/\\\/fjala.info\\\/2009-2015\\\/\",\"logo\":{\"@type\":\"ImageObject\",\"inLanguage\":\"sq-AL\",\"@id\":\"https:\\\/\\\/fjala.info\\\/2009-2015\\\/#\\\/schema\\\/logo\\\/image\\\/\",\"url\":\"\",\"contentUrl\":\"\",\"caption\":\"FjALA e LIR\u00cb - Arkivi\"},\"image\":{\"@id\":\"https:\\\/\\\/fjala.info\\\/2009-2015\\\/#\\\/schema\\\/logo\\\/image\\\/\"}},{\"@type\":\"Person\",\"@id\":\"https:\\\/\\\/fjala.info\\\/2009-2015\\\/#\\\/schema\\\/person\\\/3aa1163ef05469c496fc94e77611ada2\",\"name\":\"admin\",\"image\":{\"@type\":\"ImageObject\",\"inLanguage\":\"sq-AL\",\"@id\":\"https:\\\/\\\/fjala.info\\\/2009-2015\\\/wp-content\\\/uploads\\\/2012\\\/02\\\/arben_cokaj-120x150.jpg\",\"url\":\"https:\\\/\\\/fjala.info\\\/2009-2015\\\/wp-content\\\/uploads\\\/2012\\\/02\\\/arben_cokaj-120x150.jpg\",\"contentUrl\":\"https:\\\/\\\/fjala.info\\\/2009-2015\\\/wp-content\\\/uploads\\\/2012\\\/02\\\/arben_cokaj-120x150.jpg\",\"caption\":\"admin\"},\"description\":\"Admin, Fjala e Lir\u00eb\",\"sameAs\":[\"https:\\\/\\\/fjala.info\\\/\"],\"url\":\"https:\\\/\\\/fjala.info\\\/2009-2015\\\/author\\\/admin\\\/\"}]}<\/script>\n<!-- \/ Yoast SEO plugin. -->","yoast_head_json":{"title":"Albin Kurti: Bashkimi komb\u00ebtar, i domosdosh\u00ebm - FjALA e LIR\u00cb - Arkivi","robots":{"index":"index","follow":"follow","max-snippet":"max-snippet:-1","max-image-preview":"max-image-preview:large","max-video-preview":"max-video-preview:-1"},"canonical":"https:\/\/fjala.info\/2009-2015\/albin-kurti-bashkimi-kombetar-i-domosdoshem\/","og_locale":"sq_AL","og_type":"article","og_title":"Albin Kurti: Bashkimi komb\u00ebtar, i domosdosh\u00ebm - FjALA e LIR\u00cb - Arkivi","og_description":"TemA Online, 30 Mars 2012 Hapi i par\u00eb p\u00ebr bashkimin komb\u00ebtar t\u00eb shqiptar\u00ebve duhet t\u00eb filloj\u00eb me Kosov\u00ebn e Shqip\u00ebrin\u00eb dhe m\u00eb pas, t\u00eb ndihmohen edhe shqiptar\u00ebt q\u00eb u cop\u00ebtuan n\u00eb konferenc\u00ebn e Londr\u00ebs m\u00eb 1913. K\u00ebshtu vler\u00ebson lideri i l\u00ebvizjes Vet\u00ebvendosje Albin Kurti, n\u00eb nj\u00eb intervist\u00eb p\u00ebr televizionin Alsat-M. \u201cLe t\u00eb fillojm\u00eb prej hapit [&hellip;]","og_url":"https:\/\/fjala.info\/2009-2015\/albin-kurti-bashkimi-kombetar-i-domosdoshem\/","og_site_name":"FjALA e LIR\u00cb - Arkivi","article_published_time":"2012-03-30T21:48:04+00:00","og_image":[{"url":"http:\/\/www.shkoder.net\/2012\/albin_kurti_bashke.jpg","type":"","width":"","height":""}],"author":"admin","twitter_card":"summary_large_image","twitter_misc":{"Written by":"admin","Est. reading time":"3 minutes"},"schema":{"@context":"https:\/\/schema.org","@graph":[{"@type":"Article","@id":"https:\/\/fjala.info\/2009-2015\/albin-kurti-bashkimi-kombetar-i-domosdoshem\/#article","isPartOf":{"@id":"https:\/\/fjala.info\/2009-2015\/albin-kurti-bashkimi-kombetar-i-domosdoshem\/"},"author":{"name":"admin","@id":"https:\/\/fjala.info\/2009-2015\/#\/schema\/person\/3aa1163ef05469c496fc94e77611ada2"},"headline":"Albin Kurti: Bashkimi komb\u00ebtar, i domosdosh\u00ebm","datePublished":"2012-03-30T21:48:04+00:00","mainEntityOfPage":{"@id":"https:\/\/fjala.info\/2009-2015\/albin-kurti-bashkimi-kombetar-i-domosdoshem\/"},"wordCount":690,"commentCount":0,"publisher":{"@id":"https:\/\/fjala.info\/2009-2015\/#organization"},"image":{"@id":"https:\/\/fjala.info\/2009-2015\/albin-kurti-bashkimi-kombetar-i-domosdoshem\/#primaryimage"},"thumbnailUrl":"http:\/\/www.shkoder.net\/2012\/albin_kurti_bashke.jpg","articleSection":["Artikuj"],"inLanguage":"sq-AL","potentialAction":[{"@type":"CommentAction","name":"Comment","target":["https:\/\/fjala.info\/2009-2015\/albin-kurti-bashkimi-kombetar-i-domosdoshem\/#respond"]}]},{"@type":"WebPage","@id":"https:\/\/fjala.info\/2009-2015\/albin-kurti-bashkimi-kombetar-i-domosdoshem\/","url":"https:\/\/fjala.info\/2009-2015\/albin-kurti-bashkimi-kombetar-i-domosdoshem\/","name":"Albin Kurti: Bashkimi komb\u00ebtar, i domosdosh\u00ebm - FjALA e LIR\u00cb - Arkivi","isPartOf":{"@id":"https:\/\/fjala.info\/2009-2015\/#website"},"primaryImageOfPage":{"@id":"https:\/\/fjala.info\/2009-2015\/albin-kurti-bashkimi-kombetar-i-domosdoshem\/#primaryimage"},"image":{"@id":"https:\/\/fjala.info\/2009-2015\/albin-kurti-bashkimi-kombetar-i-domosdoshem\/#primaryimage"},"thumbnailUrl":"http:\/\/www.shkoder.net\/2012\/albin_kurti_bashke.jpg","datePublished":"2012-03-30T21:48:04+00:00","breadcrumb":{"@id":"https:\/\/fjala.info\/2009-2015\/albin-kurti-bashkimi-kombetar-i-domosdoshem\/#breadcrumb"},"inLanguage":"sq-AL","potentialAction":[{"@type":"ReadAction","target":["https:\/\/fjala.info\/2009-2015\/albin-kurti-bashkimi-kombetar-i-domosdoshem\/"]}]},{"@type":"ImageObject","inLanguage":"sq-AL","@id":"https:\/\/fjala.info\/2009-2015\/albin-kurti-bashkimi-kombetar-i-domosdoshem\/#primaryimage","url":"http:\/\/www.shkoder.net\/2012\/albin_kurti_bashke.jpg","contentUrl":"http:\/\/www.shkoder.net\/2012\/albin_kurti_bashke.jpg"},{"@type":"BreadcrumbList","@id":"https:\/\/fjala.info\/2009-2015\/albin-kurti-bashkimi-kombetar-i-domosdoshem\/#breadcrumb","itemListElement":[{"@type":"ListItem","position":1,"name":"Home","item":"https:\/\/fjala.info\/2009-2015\/"},{"@type":"ListItem","position":2,"name":"Albin Kurti: Bashkimi komb\u00ebtar, i domosdosh\u00ebm"}]},{"@type":"WebSite","@id":"https:\/\/fjala.info\/2009-2015\/#website","url":"https:\/\/fjala.info\/2009-2015\/","name":"FjALA e LIR\u00cb - Arkivi","description":"Arkivi 2009-2015","publisher":{"@id":"https:\/\/fjala.info\/2009-2015\/#organization"},"potentialAction":[{"@type":"SearchAction","target":{"@type":"EntryPoint","urlTemplate":"https:\/\/fjala.info\/2009-2015\/?s={search_term_string}"},"query-input":{"@type":"PropertyValueSpecification","valueRequired":true,"valueName":"search_term_string"}}],"inLanguage":"sq-AL"},{"@type":"Organization","@id":"https:\/\/fjala.info\/2009-2015\/#organization","name":"FjALA e LIR\u00cb - Arkivi","url":"https:\/\/fjala.info\/2009-2015\/","logo":{"@type":"ImageObject","inLanguage":"sq-AL","@id":"https:\/\/fjala.info\/2009-2015\/#\/schema\/logo\/image\/","url":"","contentUrl":"","caption":"FjALA e LIR\u00cb - Arkivi"},"image":{"@id":"https:\/\/fjala.info\/2009-2015\/#\/schema\/logo\/image\/"}},{"@type":"Person","@id":"https:\/\/fjala.info\/2009-2015\/#\/schema\/person\/3aa1163ef05469c496fc94e77611ada2","name":"admin","image":{"@type":"ImageObject","inLanguage":"sq-AL","@id":"https:\/\/fjala.info\/2009-2015\/wp-content\/uploads\/2012\/02\/arben_cokaj-120x150.jpg","url":"https:\/\/fjala.info\/2009-2015\/wp-content\/uploads\/2012\/02\/arben_cokaj-120x150.jpg","contentUrl":"https:\/\/fjala.info\/2009-2015\/wp-content\/uploads\/2012\/02\/arben_cokaj-120x150.jpg","caption":"admin"},"description":"Admin, Fjala e Lir\u00eb","sameAs":["https:\/\/fjala.info\/"],"url":"https:\/\/fjala.info\/2009-2015\/author\/admin\/"}]}},"_links":{"self":[{"href":"https:\/\/fjala.info\/2009-2015\/wp-json\/wp\/v2\/posts\/2304","targetHints":{"allow":["GET"]}}],"collection":[{"href":"https:\/\/fjala.info\/2009-2015\/wp-json\/wp\/v2\/posts"}],"about":[{"href":"https:\/\/fjala.info\/2009-2015\/wp-json\/wp\/v2\/types\/post"}],"author":[{"embeddable":true,"href":"https:\/\/fjala.info\/2009-2015\/wp-json\/wp\/v2\/users\/1"}],"replies":[{"embeddable":true,"href":"https:\/\/fjala.info\/2009-2015\/wp-json\/wp\/v2\/comments?post=2304"}],"version-history":[{"count":0,"href":"https:\/\/fjala.info\/2009-2015\/wp-json\/wp\/v2\/posts\/2304\/revisions"}],"wp:attachment":[{"href":"https:\/\/fjala.info\/2009-2015\/wp-json\/wp\/v2\/media?parent=2304"}],"wp:term":[{"taxonomy":"category","embeddable":true,"href":"https:\/\/fjala.info\/2009-2015\/wp-json\/wp\/v2\/categories?post=2304"},{"taxonomy":"post_tag","embeddable":true,"href":"https:\/\/fjala.info\/2009-2015\/wp-json\/wp\/v2\/tags?post=2304"}],"curies":[{"name":"wp","href":"https:\/\/api.w.org\/{rel}","templated":true}]}}