{"id":2303,"date":"2010-04-19T23:02:03","date_gmt":"2010-04-19T22:02:03","guid":{"rendered":"http:\/\/fjala.shkoder.net\/?p=2303"},"modified":"2010-04-19T23:02:03","modified_gmt":"2010-04-19T22:02:03","slug":"idealistet-i-bashkon-ideali-i-ribashkimit-kombetar","status":"publish","type":"post","link":"https:\/\/fjala.info\/2009-2015\/idealistet-i-bashkon-ideali-i-ribashkimit-kombetar\/","title":{"rendered":"IDEALIST\u00cbT I BASHKON IDEALI I RIBASHKIMIT KOMB\u00cbTAR"},"content":{"rendered":"<p><strong>GAFURR ADILI: TRADHETARET I BASHKON TRADHETIA<\/strong><\/p>\n<p>Shum\u00eb i dashur v\u00ebllau e shoku im i idealit <strong>Prof. Dr. Mehdi HYSENI <\/strong>!<\/p>\n<p>Uroj qe ti dhe familja yte te jeni mire dhe te keni shume fat e suksese ne cdo sfere te jetes.<\/p>\n<p>Gjithashtu, dua qe permes kesaj letre (me e-mail), fillimisht te te kerkoj falje (publikisht) per gabimet e mia te paradokshme, si dhe me pas edhe te te sqaroj per sa me poshte vijon:<\/p>\n<p>1. Qe ta lexojsh me vemendje, jo vetem ate listen me ato emrat e keqperdorur, ku figuron edhe emri yt,<br \/>\npor edhe web-faqen zyrtare te Frontit demokratik te Bashkimit Kombetar (FDBK): www.fdbk.eu<br \/>\npermes se ciles do te njoftohesh edhe per shume poshtersi te tjera te bandes: Hulusi Hako, Genc Llakaj<br \/>\ndhe Ibush Hetemi.<\/p>\n<p>2. Ai far Kastriot Bujupi, babai i te cilit (sipas informacioneve te grumbulluara nga ish SKSH) ka qene<br \/>\ndrejtor i dhunshem ne shkollen 8 vjecare &#8220;Emin Duraku&#8221; ne Arllat te Drenasit dhe edhe ne listen e<br \/>\nUCK-se per likudim, por i mbrojtur nga Azem Syla, sepse nena e Kastriotit (gruaja e spiunit te Serbise)<br \/>\nka qene dhe eshte kusherina e Azem Syles, do te zgjidhet Kryetar i FBKSH-se te bandes:<br \/>\nHulusi Hako, Genc Lllakaj dhe Ibush Hetemi.<\/p>\n<p>3. Kjo bande, ne ate liste te keqperdorur per gjoja delegate te &#8220;Kuvendit te Trete te FBKSH-se&#8221;,<br \/>\nqe planifikojne ta mbajne ne Fier, me 24 prill 2004, kane futur edhe shume anetare te<br \/>\nKeshillit Mbare-Kombetar (37 anetaresh) te Frontit Demokratik te Bashkimit Kombetar (FDBK),<br \/>\nnder te cilet eshte edhe Deputeti i Kuvendit te Kosoves, Zoti Ali LAJQI. Bile kane shkuar edhe me lart se kaq dhe<br \/>\nne kete liste e kane futur edhe anetarin e Kryesise Qendrore (11 anetareshe) te FDBK-se,<br \/>\nProf. Dr. Selaudin KUCAJ nga Tepelena ne Tirane, si dhe shume anetare te Keshillit Organizativ te Kuvnedit Mbare-Kombetar,<br \/>\nnder te cilet edhe Kryetarin e ketij Keshilli Organizativ Mbare-Kombetar, Gjeneral Kudusi LAMA.<\/p>\n<p>Vellau e shoku im i idealit t&#8217;im te hershem, te ribashkimit kombetar, Prof. Dr. Mehdi HYSENI !<\/p>\n<p>Besoj se, permes PARALAJMERIMIT PUBLIK, te publikuar permse web-faqes zyrtare te FDBK-se: www.fdbk.eu<br \/>\ndo te kuptojsh se une personalisht dhe fillkat i vetem, me 24 prill 2010, do te shkoj ne Fier, ne ate &#8220;kuvdendin e famshem,<br \/>\nsepse perfundimisht dhe njehere e pergjithemone duhet qe ketyre banditeve t&#8217;ua tregoj vendin e merituar,<br \/>\ndhe mbi te gjitha edhe t&#8217;i sqaroj te gjithe te manipuluarit e manipuluar nga banda: Hulusi HAKO, Genc LLAKAJ dhe Ibush HETEMI me kompani.<\/p>\n<p>Ngelet ne nderin Tuaj dhe te gjithe atyre qe, kjo bande hajdutesh e spiunesh te sllavo-grekeve, ka manipuluar me emrat tuaje,<br \/>\nqe te reagoni publikisht, nese vertete nuk keni qene dhe nuk jeni pjese e manipuluar nga kjo bande hajdutesh dhe tradhetaresh ordinere.<\/p>\n<p>Shqiptarisht;<br \/>\nPresidenti i Frontit Demokartik te Bashkimit Kombetar (FDBK),<br \/>\nMr. <strong>Gafurr ADILI<\/strong> nga Kercova ne Tirane.<\/p>\n<p><em>Tiran\u00eb, 19 prill 2010 <\/em><\/p>\n","protected":false},"excerpt":{"rendered":"<p>GAFURR ADILI: TRADHETARET I BASHKON TRADHETIA Shum\u00eb i dashur v\u00ebllau e shoku im i idealit Prof. Dr. Mehdi HYSENI ! Uroj qe ti dhe familja yte te jeni mire dhe te keni shume fat e suksese ne cdo sfere te jetes. Gjithashtu, dua qe permes kesaj letre (me e-mail), fillimisht te te kerkoj falje (publikisht) [&hellip;]<\/p>\n","protected":false},"author":1,"featured_media":0,"comment_status":"open","ping_status":"closed","sticky":false,"template":"","format":"standard","meta":{"footnotes":""},"categories":[2],"tags":[],"class_list":{"0":"post-2303","1":"post","2":"type-post","3":"status-publish","4":"format-standard","6":"category-artikuj"},"yoast_head":"<!-- This site is optimized with the Yoast SEO plugin v27.4 - https:\/\/yoast.com\/product\/yoast-seo-wordpress\/ -->\n<title>IDEALIST\u00cbT I BASHKON IDEALI I RIBASHKIMIT KOMB\u00cbTAR - FjALA e LIR\u00cb - Arkivi<\/title>\n<meta name=\"robots\" content=\"index, follow, max-snippet:-1, max-image-preview:large, max-video-preview:-1\" \/>\n<link rel=\"canonical\" href=\"https:\/\/fjala.info\/2009-2015\/idealistet-i-bashkon-ideali-i-ribashkimit-kombetar\/\" \/>\n<meta property=\"og:locale\" content=\"sq_AL\" \/>\n<meta property=\"og:type\" content=\"article\" \/>\n<meta property=\"og:title\" content=\"IDEALIST\u00cbT I BASHKON IDEALI I RIBASHKIMIT KOMB\u00cbTAR - FjALA e LIR\u00cb - Arkivi\" \/>\n<meta property=\"og:description\" content=\"GAFURR ADILI: TRADHETARET I BASHKON TRADHETIA Shum\u00eb i dashur v\u00ebllau e shoku im i idealit Prof. Dr. Mehdi HYSENI ! Uroj qe ti dhe familja yte te jeni mire dhe te keni shume fat e suksese ne cdo sfere te jetes. Gjithashtu, dua qe permes kesaj letre (me e-mail), fillimisht te te kerkoj falje (publikisht) [&hellip;]\" \/>\n<meta property=\"og:url\" content=\"https:\/\/fjala.info\/2009-2015\/idealistet-i-bashkon-ideali-i-ribashkimit-kombetar\/\" \/>\n<meta property=\"og:site_name\" content=\"FjALA e LIR\u00cb - Arkivi\" \/>\n<meta property=\"article:published_time\" content=\"2010-04-19T22:02:03+00:00\" \/>\n<meta name=\"author\" content=\"admin\" \/>\n<meta name=\"twitter:card\" content=\"summary_large_image\" \/>\n<meta name=\"twitter:label1\" content=\"Written by\" \/>\n\t<meta name=\"twitter:data1\" content=\"admin\" \/>\n\t<meta name=\"twitter:label2\" content=\"Est. reading time\" \/>\n\t<meta name=\"twitter:data2\" content=\"2 minutes\" \/>\n<script type=\"application\/ld+json\" class=\"yoast-schema-graph\">{\"@context\":\"https:\\\/\\\/schema.org\",\"@graph\":[{\"@type\":\"Article\",\"@id\":\"https:\\\/\\\/fjala.info\\\/2009-2015\\\/idealistet-i-bashkon-ideali-i-ribashkimit-kombetar\\\/#article\",\"isPartOf\":{\"@id\":\"https:\\\/\\\/fjala.info\\\/2009-2015\\\/idealistet-i-bashkon-ideali-i-ribashkimit-kombetar\\\/\"},\"author\":{\"name\":\"admin\",\"@id\":\"https:\\\/\\\/fjala.info\\\/2009-2015\\\/#\\\/schema\\\/person\\\/3aa1163ef05469c496fc94e77611ada2\"},\"headline\":\"IDEALIST\u00cbT I BASHKON IDEALI I RIBASHKIMIT KOMB\u00cbTAR\",\"datePublished\":\"2010-04-19T22:02:03+00:00\",\"mainEntityOfPage\":{\"@id\":\"https:\\\/\\\/fjala.info\\\/2009-2015\\\/idealistet-i-bashkon-ideali-i-ribashkimit-kombetar\\\/\"},\"wordCount\":475,\"commentCount\":3,\"publisher\":{\"@id\":\"https:\\\/\\\/fjala.info\\\/2009-2015\\\/#organization\"},\"articleSection\":[\"Artikuj\"],\"inLanguage\":\"sq-AL\",\"potentialAction\":[{\"@type\":\"CommentAction\",\"name\":\"Comment\",\"target\":[\"https:\\\/\\\/fjala.info\\\/2009-2015\\\/idealistet-i-bashkon-ideali-i-ribashkimit-kombetar\\\/#respond\"]}]},{\"@type\":\"WebPage\",\"@id\":\"https:\\\/\\\/fjala.info\\\/2009-2015\\\/idealistet-i-bashkon-ideali-i-ribashkimit-kombetar\\\/\",\"url\":\"https:\\\/\\\/fjala.info\\\/2009-2015\\\/idealistet-i-bashkon-ideali-i-ribashkimit-kombetar\\\/\",\"name\":\"IDEALIST\u00cbT I BASHKON IDEALI I RIBASHKIMIT KOMB\u00cbTAR - FjALA e LIR\u00cb - Arkivi\",\"isPartOf\":{\"@id\":\"https:\\\/\\\/fjala.info\\\/2009-2015\\\/#website\"},\"datePublished\":\"2010-04-19T22:02:03+00:00\",\"breadcrumb\":{\"@id\":\"https:\\\/\\\/fjala.info\\\/2009-2015\\\/idealistet-i-bashkon-ideali-i-ribashkimit-kombetar\\\/#breadcrumb\"},\"inLanguage\":\"sq-AL\",\"potentialAction\":[{\"@type\":\"ReadAction\",\"target\":[\"https:\\\/\\\/fjala.info\\\/2009-2015\\\/idealistet-i-bashkon-ideali-i-ribashkimit-kombetar\\\/\"]}]},{\"@type\":\"BreadcrumbList\",\"@id\":\"https:\\\/\\\/fjala.info\\\/2009-2015\\\/idealistet-i-bashkon-ideali-i-ribashkimit-kombetar\\\/#breadcrumb\",\"itemListElement\":[{\"@type\":\"ListItem\",\"position\":1,\"name\":\"Home\",\"item\":\"https:\\\/\\\/fjala.info\\\/2009-2015\\\/\"},{\"@type\":\"ListItem\",\"position\":2,\"name\":\"IDEALIST\u00cbT I BASHKON IDEALI I RIBASHKIMIT KOMB\u00cbTAR\"}]},{\"@type\":\"WebSite\",\"@id\":\"https:\\\/\\\/fjala.info\\\/2009-2015\\\/#website\",\"url\":\"https:\\\/\\\/fjala.info\\\/2009-2015\\\/\",\"name\":\"FjALA e LIR\u00cb - Arkivi\",\"description\":\"Arkivi 2009-2015\",\"publisher\":{\"@id\":\"https:\\\/\\\/fjala.info\\\/2009-2015\\\/#organization\"},\"potentialAction\":[{\"@type\":\"SearchAction\",\"target\":{\"@type\":\"EntryPoint\",\"urlTemplate\":\"https:\\\/\\\/fjala.info\\\/2009-2015\\\/?s={search_term_string}\"},\"query-input\":{\"@type\":\"PropertyValueSpecification\",\"valueRequired\":true,\"valueName\":\"search_term_string\"}}],\"inLanguage\":\"sq-AL\"},{\"@type\":\"Organization\",\"@id\":\"https:\\\/\\\/fjala.info\\\/2009-2015\\\/#organization\",\"name\":\"FjALA e LIR\u00cb - Arkivi\",\"url\":\"https:\\\/\\\/fjala.info\\\/2009-2015\\\/\",\"logo\":{\"@type\":\"ImageObject\",\"inLanguage\":\"sq-AL\",\"@id\":\"https:\\\/\\\/fjala.info\\\/2009-2015\\\/#\\\/schema\\\/logo\\\/image\\\/\",\"url\":\"\",\"contentUrl\":\"\",\"caption\":\"FjALA e LIR\u00cb - Arkivi\"},\"image\":{\"@id\":\"https:\\\/\\\/fjala.info\\\/2009-2015\\\/#\\\/schema\\\/logo\\\/image\\\/\"}},{\"@type\":\"Person\",\"@id\":\"https:\\\/\\\/fjala.info\\\/2009-2015\\\/#\\\/schema\\\/person\\\/3aa1163ef05469c496fc94e77611ada2\",\"name\":\"admin\",\"image\":{\"@type\":\"ImageObject\",\"inLanguage\":\"sq-AL\",\"@id\":\"https:\\\/\\\/fjala.info\\\/2009-2015\\\/wp-content\\\/uploads\\\/2012\\\/02\\\/arben_cokaj-120x150.jpg\",\"url\":\"https:\\\/\\\/fjala.info\\\/2009-2015\\\/wp-content\\\/uploads\\\/2012\\\/02\\\/arben_cokaj-120x150.jpg\",\"contentUrl\":\"https:\\\/\\\/fjala.info\\\/2009-2015\\\/wp-content\\\/uploads\\\/2012\\\/02\\\/arben_cokaj-120x150.jpg\",\"caption\":\"admin\"},\"description\":\"Admin, Fjala e Lir\u00eb\",\"sameAs\":[\"https:\\\/\\\/fjala.info\\\/\"],\"url\":\"https:\\\/\\\/fjala.info\\\/2009-2015\\\/author\\\/admin\\\/\"}]}<\/script>\n<!-- \/ Yoast SEO plugin. -->","yoast_head_json":{"title":"IDEALIST\u00cbT I BASHKON IDEALI I RIBASHKIMIT KOMB\u00cbTAR - FjALA e LIR\u00cb - Arkivi","robots":{"index":"index","follow":"follow","max-snippet":"max-snippet:-1","max-image-preview":"max-image-preview:large","max-video-preview":"max-video-preview:-1"},"canonical":"https:\/\/fjala.info\/2009-2015\/idealistet-i-bashkon-ideali-i-ribashkimit-kombetar\/","og_locale":"sq_AL","og_type":"article","og_title":"IDEALIST\u00cbT I BASHKON IDEALI I RIBASHKIMIT KOMB\u00cbTAR - FjALA e LIR\u00cb - Arkivi","og_description":"GAFURR ADILI: TRADHETARET I BASHKON TRADHETIA Shum\u00eb i dashur v\u00ebllau e shoku im i idealit Prof. Dr. Mehdi HYSENI ! Uroj qe ti dhe familja yte te jeni mire dhe te keni shume fat e suksese ne cdo sfere te jetes. Gjithashtu, dua qe permes kesaj letre (me e-mail), fillimisht te te kerkoj falje (publikisht) [&hellip;]","og_url":"https:\/\/fjala.info\/2009-2015\/idealistet-i-bashkon-ideali-i-ribashkimit-kombetar\/","og_site_name":"FjALA e LIR\u00cb - Arkivi","article_published_time":"2010-04-19T22:02:03+00:00","author":"admin","twitter_card":"summary_large_image","twitter_misc":{"Written by":"admin","Est. reading time":"2 minutes"},"schema":{"@context":"https:\/\/schema.org","@graph":[{"@type":"Article","@id":"https:\/\/fjala.info\/2009-2015\/idealistet-i-bashkon-ideali-i-ribashkimit-kombetar\/#article","isPartOf":{"@id":"https:\/\/fjala.info\/2009-2015\/idealistet-i-bashkon-ideali-i-ribashkimit-kombetar\/"},"author":{"name":"admin","@id":"https:\/\/fjala.info\/2009-2015\/#\/schema\/person\/3aa1163ef05469c496fc94e77611ada2"},"headline":"IDEALIST\u00cbT I BASHKON IDEALI I RIBASHKIMIT KOMB\u00cbTAR","datePublished":"2010-04-19T22:02:03+00:00","mainEntityOfPage":{"@id":"https:\/\/fjala.info\/2009-2015\/idealistet-i-bashkon-ideali-i-ribashkimit-kombetar\/"},"wordCount":475,"commentCount":3,"publisher":{"@id":"https:\/\/fjala.info\/2009-2015\/#organization"},"articleSection":["Artikuj"],"inLanguage":"sq-AL","potentialAction":[{"@type":"CommentAction","name":"Comment","target":["https:\/\/fjala.info\/2009-2015\/idealistet-i-bashkon-ideali-i-ribashkimit-kombetar\/#respond"]}]},{"@type":"WebPage","@id":"https:\/\/fjala.info\/2009-2015\/idealistet-i-bashkon-ideali-i-ribashkimit-kombetar\/","url":"https:\/\/fjala.info\/2009-2015\/idealistet-i-bashkon-ideali-i-ribashkimit-kombetar\/","name":"IDEALIST\u00cbT I BASHKON IDEALI I RIBASHKIMIT KOMB\u00cbTAR - FjALA e LIR\u00cb - Arkivi","isPartOf":{"@id":"https:\/\/fjala.info\/2009-2015\/#website"},"datePublished":"2010-04-19T22:02:03+00:00","breadcrumb":{"@id":"https:\/\/fjala.info\/2009-2015\/idealistet-i-bashkon-ideali-i-ribashkimit-kombetar\/#breadcrumb"},"inLanguage":"sq-AL","potentialAction":[{"@type":"ReadAction","target":["https:\/\/fjala.info\/2009-2015\/idealistet-i-bashkon-ideali-i-ribashkimit-kombetar\/"]}]},{"@type":"BreadcrumbList","@id":"https:\/\/fjala.info\/2009-2015\/idealistet-i-bashkon-ideali-i-ribashkimit-kombetar\/#breadcrumb","itemListElement":[{"@type":"ListItem","position":1,"name":"Home","item":"https:\/\/fjala.info\/2009-2015\/"},{"@type":"ListItem","position":2,"name":"IDEALIST\u00cbT I BASHKON IDEALI I RIBASHKIMIT KOMB\u00cbTAR"}]},{"@type":"WebSite","@id":"https:\/\/fjala.info\/2009-2015\/#website","url":"https:\/\/fjala.info\/2009-2015\/","name":"FjALA e LIR\u00cb - Arkivi","description":"Arkivi 2009-2015","publisher":{"@id":"https:\/\/fjala.info\/2009-2015\/#organization"},"potentialAction":[{"@type":"SearchAction","target":{"@type":"EntryPoint","urlTemplate":"https:\/\/fjala.info\/2009-2015\/?s={search_term_string}"},"query-input":{"@type":"PropertyValueSpecification","valueRequired":true,"valueName":"search_term_string"}}],"inLanguage":"sq-AL"},{"@type":"Organization","@id":"https:\/\/fjala.info\/2009-2015\/#organization","name":"FjALA e LIR\u00cb - Arkivi","url":"https:\/\/fjala.info\/2009-2015\/","logo":{"@type":"ImageObject","inLanguage":"sq-AL","@id":"https:\/\/fjala.info\/2009-2015\/#\/schema\/logo\/image\/","url":"","contentUrl":"","caption":"FjALA e LIR\u00cb - Arkivi"},"image":{"@id":"https:\/\/fjala.info\/2009-2015\/#\/schema\/logo\/image\/"}},{"@type":"Person","@id":"https:\/\/fjala.info\/2009-2015\/#\/schema\/person\/3aa1163ef05469c496fc94e77611ada2","name":"admin","image":{"@type":"ImageObject","inLanguage":"sq-AL","@id":"https:\/\/fjala.info\/2009-2015\/wp-content\/uploads\/2012\/02\/arben_cokaj-120x150.jpg","url":"https:\/\/fjala.info\/2009-2015\/wp-content\/uploads\/2012\/02\/arben_cokaj-120x150.jpg","contentUrl":"https:\/\/fjala.info\/2009-2015\/wp-content\/uploads\/2012\/02\/arben_cokaj-120x150.jpg","caption":"admin"},"description":"Admin, Fjala e Lir\u00eb","sameAs":["https:\/\/fjala.info\/"],"url":"https:\/\/fjala.info\/2009-2015\/author\/admin\/"}]}},"_links":{"self":[{"href":"https:\/\/fjala.info\/2009-2015\/wp-json\/wp\/v2\/posts\/2303","targetHints":{"allow":["GET"]}}],"collection":[{"href":"https:\/\/fjala.info\/2009-2015\/wp-json\/wp\/v2\/posts"}],"about":[{"href":"https:\/\/fjala.info\/2009-2015\/wp-json\/wp\/v2\/types\/post"}],"author":[{"embeddable":true,"href":"https:\/\/fjala.info\/2009-2015\/wp-json\/wp\/v2\/users\/1"}],"replies":[{"embeddable":true,"href":"https:\/\/fjala.info\/2009-2015\/wp-json\/wp\/v2\/comments?post=2303"}],"version-history":[{"count":0,"href":"https:\/\/fjala.info\/2009-2015\/wp-json\/wp\/v2\/posts\/2303\/revisions"}],"wp:attachment":[{"href":"https:\/\/fjala.info\/2009-2015\/wp-json\/wp\/v2\/media?parent=2303"}],"wp:term":[{"taxonomy":"category","embeddable":true,"href":"https:\/\/fjala.info\/2009-2015\/wp-json\/wp\/v2\/categories?post=2303"},{"taxonomy":"post_tag","embeddable":true,"href":"https:\/\/fjala.info\/2009-2015\/wp-json\/wp\/v2\/tags?post=2303"}],"curies":[{"name":"wp","href":"https:\/\/api.w.org\/{rel}","templated":true}]}}