{"id":2298,"date":"2010-04-19T22:48:27","date_gmt":"2010-04-19T21:48:27","guid":{"rendered":"http:\/\/fjala.shkoder.net\/?p=2298"},"modified":"2010-04-19T22:48:27","modified_gmt":"2010-04-19T21:48:27","slug":"ps-se-i-duhet-identitet-jo-te-kopjoje-berishen","status":"publish","type":"post","link":"https:\/\/fjala.info\/2009-2015\/ps-se-i-duhet-identitet-jo-te-kopjoje-berishen\/","title":{"rendered":"PS-s\u00eb i duhet identitet, jo t\u00eb kopjoj\u00eb Berish\u00ebn"},"content":{"rendered":"<p><img decoding=\"async\" style=\"margin-left: 10px; margin-right: 10px; border: 0px;\" src=\"http:\/\/www.shkoder.net\/images\/fjala\/2010\/erjon_brace.jpg\" border=\"0\" alt=\"Erjon Bra\u00e7e\" width=\"150\" align=\"left\" \/><\/p>\n<p>Nga: <strong>ERJON BRACE<\/strong><\/p>\n<p>Jemi mbledhur shpesh n\u00eb harkun e k\u00ebtij viti, por nuk kemi qen\u00eb m\u00eb pran\u00eb. Kemi folur m\u00eb shum\u00eb me nj\u00ebri-tjetrin, por shpesh nuk jemi marr\u00eb vesh. Kemi debatuar m\u00eb shum\u00eb, individualisht apo n\u00eb grup, por vendimi nuk ka qen\u00eb i p\u00ebrbashk\u00ebt. Kemi votuar m\u00eb shum\u00eb e m\u00eb t\u00eb shumt\u00eb, por zgjedhja e zgjidhja nuk ka qen\u00eb e t\u00eb gjith\u00ebve. Kemi nisur e jemi n\u00eb mes t\u00eb nj\u00eb beteje, por shoku n\u00eb krah ka qen\u00eb edhe kund\u00ebrshtar! Sot, secili ka kuptuar se po hyjm\u00eb n\u00eb nj\u00eb faz\u00eb t\u00eb re! T\u00eb d\u00ebnuar ta kalojm\u00eb bashk\u00eb! Pa kushte q\u00eb na largojn\u00eb, pa merita q\u00eb na diferencojn\u00eb, me nj\u00eb q\u00ebllim: t\u00eb b\u00ebjm\u00eb m\u00eb t\u00eb mir\u00eb, t\u00eb fort\u00eb e demokratike PS, p\u00ebrmes saj t\u00eb shp\u00ebtojm\u00eb t\u00eb ardhmen, gjithnj\u00eb e m\u00eb shum\u00eb n\u00eb shitje, t\u00eb Shqip\u00ebris\u00eb!<\/p>\n<p>PS-ja \u00ebsht\u00eb sot e vetmja mund\u00ebsi p\u00ebr t\u00eb luftuar Regjimin dhe shp\u00ebtuar Demokracin\u00eb, p\u00ebr t\u00eb rr\u00ebzuar Qeverin\u00eb dhe shp\u00ebtuar Ekonomin\u00eb. Pra, \u00ebsht\u00eb e vetmja mund\u00ebsi p\u00ebr \u00e7do shqiptar t\u00eb dhunuar e shtypur politikisht, t\u00eb vjedhur e rr\u00ebnuar ekonomikisht!<\/p>\n<p>Roli yn\u00eb n\u00eb k\u00ebt\u00eb aspekt \u00ebsht\u00eb jetik. Un\u00eb e shoh at\u00eb, s\u00eb pari, n\u00eb forcimin organizativ t\u00eb PS; s\u00eb dyti, n\u00eb forcimin e identitetit t\u00eb saj p\u00ebrmes nj\u00eb Programi p\u00ebrfaq\u00ebsues, nga buron nj\u00eb ofert\u00eb politike dhe ekonomike p\u00ebr t\u00eb dal\u00eb nga kriza!<\/p>\n<p>T\u00eb nderuar koleg\u00eb,<br \/>\nN\u00eb 20 vitet e shkuara kemi rr\u00ebzuar nj\u00eb regjim diktatorial, kemi rr\u00ebzuar nj\u00eb regjim autokratik, por nuk kemi arritur t\u00eb b\u00ebjm\u00eb demokracin\u00eb t\u00eb funksionoj\u00eb. Beteja e sotme \u00ebsht\u00eb p\u00ebr t\u00eb. N\u00eb thelb t\u00eb saj q\u00ebndron Liria, lirit\u00eb politike dhe ato civile. Testi p\u00ebr nj\u00eb demokraci funksionale jan\u00eb zgjedhjet e lira, liria e kund\u00ebrshtimit dhe e shprehjes. Tashm\u00eb \u00ebsht\u00eb komb\u00ebtar dhe nd\u00ebrkomb\u00ebtar fakti se Qeveria nuk organizoi zgjedhje, por vjedhje.<\/p>\n<p>Vjedhjet ishin t\u00eb lira!! Por, ato nuk p\u00ebrmbush?n standardet m\u00eb t\u00eb larta afrikane!! Liria e shprehjes ka njohur r\u00ebnie t\u00eb fort\u00eb n\u00eb indeksin mat\u00ebs t\u00eb saj p\u00ebr median e shkruar dhe elektronike. Por, m\u00eb i fort\u00eb \u00ebsht\u00eb kufizimi i liris\u00eb s\u00eb shprehjes si e drejt\u00eb themelore e individit, n\u00eb trajektoren nga qytetari tek deputeti.<\/p>\n<p>Njer\u00ebzit kan\u00eb frik\u00eb t\u00eb flasin! M\u00eb keq, institucionet nuk kan\u00eb m\u00eb n\u00eb themel t\u00eb tyre vullnetin e popullit. Ato funksionuan p\u00ebr ta dhunuar popullin! Un\u00eb besoj se kaq duhet t\u00eb mjaftoj\u00eb p\u00ebr t\u00eb organizuar dhe udh\u00ebhequr nj\u00eb kund\u00ebrshti t\u00eb madhe dhe demokratike, popullore ndaj Qeveris\u00eb dhe Parlamentit. E kemi ende lirin\u00eb p\u00ebr ta b\u00ebr\u00eb k\u00ebt\u00eb! Ka mbetur e vetmja mund\u00ebsi p\u00ebr ta b\u00ebr\u00eb demokracin\u00eb t\u00eb funksionoj\u00eb!<\/p>\n<p>Nuk duhet ta kursejm\u00eb m\u00eb k\u00ebt\u00eb qeveri e at\u00eb Parlament! Demokracia \u00ebsht\u00eb m\u00eb e r\u00ebnd\u00ebsishme se \u00e7do qeveri dhe se \u00e7do Parlament! P\u00ebr m\u00eb tep\u00ebr kur referenca \u00ebsht\u00eb nj\u00eb qeveri e posht\u00ebr, nj\u00eb Parlament topall, produkt i nj\u00eb sistemi t\u00eb korrupsionit politik, ekonomik, n\u00eb fund, elektoral. Dua t\u00eb theksoj: ne duam t\u00eb b\u00ebjm\u00eb demokracin\u00eb t\u00eb funksionoj\u00eb, nuk duam pushtetin e Sali Berish\u00ebs! Pushtete t\u00eb till\u00eb kan\u00eb treguar q\u00eb jan\u00eb t\u00eb p\u00ebrkohsh\u00ebm.<\/p>\n<p>Ata nuk garantojn\u00eb demokracin\u00eb, kufizojn\u00eb lirit\u00eb politike e civile. Kjo ishte gj\u00ebja m\u00eb e keqe q\u00eb mund t\u00eb na ndodhte, kjo po konsumohet. Ndaj, largimi i qeveris\u00eb, praktikisht \u00ebsht\u00eb \u00e7lirim! Ne nuk po k\u00ebrkojm\u00eb zgjidhje simetrike, mobilizim t\u00eb fort\u00ebsh, gangster\u00eb gjithfar\u00ebsh dhe parash t\u00eb pista, p\u00ebr t\u00eb &#8220;garuar&#8221; n\u00eb nj\u00eb pal\u00eb e palo zgjedhje t\u00eb radh\u00ebs. Jo! Ky pushtet \u00ebsht\u00eb edhe m\u00eb i p\u00ebrkohsh\u00ebm! \u00cbsht\u00eb pushteti i gangster\u00ebve q\u00eb na qeverisin, q\u00eb han\u00eb e pin\u00eb, vjedhin e pasurohen duke u paguar nga taksat tona! Nuk kan\u00eb turp nga korrupsioni i tyre, jan\u00eb krenar\u00eb q\u00eb na vjedhin, posht\u00ebrojn\u00eb e vrasin! Ky \u00ebsht\u00eb sistemi i tyre!<\/p>\n<p>Ky sistem rr\u00ebzohet me forc\u00ebn e njer\u00ebzve q\u00eb \u00e7do dark\u00eb num\u00ebrojn\u00eb qindarkat e pun\u00ebs s\u00eb ndershme, asistenc\u00ebs l\u00ebmosh\u00eb, pensioneve t\u00eb shkurtuara, shp\u00ebrblimeve t\u00eb jet\u00ebs t\u00eb mohuara, rrogave t\u00eb mbitaksuara, pagesave t\u00eb mezimbledhura, p\u00ebr t\u00eb paguar faturat e shtuara 2-3 fish t\u00eb energjis\u00eb q\u00eb nuk ndri\u00e7on, ujit q\u00eb nuk t\u00eb lan, ushqimeve q\u00eb kequshqejn\u00eb, sh\u00ebndet\u00ebsis\u00eb q\u00eb jet\u00ebshkurton, arsimit q\u00eb profesion nuk t\u00eb m\u00ebson! Arroganca e k\u00ebtij Sistemi po kufizon lirit\u00eb dhe mund\u00ebsit\u00eb e mbi 3 milion shqiptar\u00ebve!<\/p>\n<p>Sali Berisha, Kryeministri q\u00eb me vet\u00ebdije po kufizon lirit\u00eb politike e civile, po mundohet t\u00eb bind\u00eb shqiptar\u00ebt se rritja ekonomike m\u00eb e lart\u00eb n\u00eb Europ\u00eb (e propaganduar, por e konfirmuar shtet\u00ebrisht si r\u00ebnie dramatike ekonomike), rritja e pagave dhe pensioneve (e th\u00ebn\u00eb, por e pandodhur p\u00ebr shkak t\u00eb rritjes s\u00eb frikshme jo t\u00eb \u00e7mimeve, por faturave), heqja e vizave p\u00ebr q\u00ebllime turistike dhe afatshkurtra (premtuar \u00e7do 6 muaj dhe e pandodhur prej 2 vitesh); i b\u00ebjn\u00eb t\u00eb padobishme lirit\u00eb politike e civile. N\u00eb fakt, nuk \u00ebsht\u00eb k\u00ebshtu.<\/p>\n<p>R\u00ebnia e fort\u00eb ekonomike q\u00eb t\u00eb gjith\u00eb po e ndiejn\u00eb n\u00eb l\u00ebkur\u00eb t\u00eb tyre deri f\u00ebmij\u00ebve, pasiguria ekonomike e shprehur hapur p\u00ebr t\u00eb tashmen dhe si projeksion p\u00ebr t\u00eb ardhmen afatshkurt\u00ebr, ka lidhje me munges\u00ebn e t\u00eb drejtave dhe lirive demokratike. \u00cbsht\u00eb momenti kur qeveria nuk ka m\u00eb frik\u00eb nga populli! Qeveria \u00ebsht\u00eb n\u00eb kushtet kur drejtimi i saj \u00ebsht\u00eb ndar\u00eb duksh\u00ebm nga procesi i kontrollit dhe kund\u00ebrshtimit demokratik! Zgjedhjet e lira, liria e shprehjes dhe kund\u00ebrshtimit, jan\u00eb instrumentet q\u00eb e b\u00ebjn\u00eb nj\u00eb Qeveri t\u00eb jet\u00eb e p\u00ebrgjegjshme p\u00ebr politikat ekonomike e sociale t\u00eb saj, por edhe t\u00eb mbetet e ndershme n\u00eb administrimin e t\u00eb mirave publike. Njer\u00ebzit gjykojn\u00eb me vot\u00eb.<\/p>\n<p>Kur Qeveria k\u00ebt\u00eb hall e zgjidh duke vjedhur votat, at\u00ebher\u00eb interesi i saj p\u00ebr mir\u00ebqeverisjen nuk ekziston m\u00eb! Tamam k\u00ebshtu, kufizimi i lirive politike prodhon keqqeverisjen, pasojat e s\u00eb cil\u00ebs tani jan\u00eb thelbi i kriz\u00ebs s\u00eb ekonomis\u00eb. Kriza po d\u00ebmton r\u00ebnd\u00eb ekonomin\u00eb komb\u00ebtare, m\u00eb ngusht\u00eb, ekonomin\u00eb familjare! Por, po na kthen me k\u00ebmb\u00eb n\u00eb tok\u00eb. Sa here q\u00eb Sali Berisha \u00ebsht\u00eb n\u00eb pushtet, m\u00ebnyra jon\u00eb e jetes\u00ebs ndryshon, mir\u00ebqenia nuk vjen nga puna, por vjen prej borxheve. Kriza po ndryshon s\u00ebrish m\u00ebnyr\u00ebn e jetes\u00ebs, mir\u00ebqenia tani \u00ebsht\u00eb kthyer n\u00eb vuajtje dhe mungesa t\u00eb m\u00ebdha, rroga e pensione q\u00eb humbin vler\u00ebn e tyre reale p\u00ebr t\u00eb lar\u00eb borxhet e Qeveris\u00eb! Kjo \u00ebsht\u00eb jeta e g\u00ebnjesht\u00ebrt q\u00eb Sali Berisha nd\u00ebrton n\u00eb k\u00ebt\u00eb vend prej shum\u00eb vitesh! Kjo po ndodh!<\/p>\n<p>T\u00eb nderuar koleg\u00eb,<br \/>\nBeteja jon\u00eb p\u00ebr Liri duhet t\u00eb p\u00ebrfshij\u00eb \u00e7do shqiptar, nuk duhet t\u00eb zhg\u00ebnjej\u00eb qoft\u00eb edhe nj\u00ebrin prej tyre! Kjo betej\u00eb k\u00ebrkon t\u00eb jemi t\u00eb mir\u00eborganizuar, funksional\u00eb dhe efikas\u00eb n\u00eb \u00e7do struktur\u00eb. Por, edhe p\u00ebrfaq\u00ebsues t\u00eb interesave t\u00eb shqiptar\u00ebve t\u00eb zakonsh\u00ebm si forca themelore e zhvillimit t\u00eb k\u00ebtij vendi.<\/p>\n<p><strong>1<\/strong>.<br \/>\nSot, kurimi i \u00e7do qelize partiake, p\u00ebr ta b\u00ebr\u00eb t\u00eb q\u00ebndrueshme dhe demokratike \u00ebsht\u00eb jetik. Besoj se ky \u00ebsht\u00eb shqet\u00ebsimi i t\u00eb gjith\u00eb socialist\u00ebve q\u00eb duan nj\u00eb parti m\u00eb t\u00eb mir\u00eb, demokratike, t\u00eb hapur, t\u00eb lir\u00eb, institucionale, funksionale, por edhe me rregulla e fituese. Un\u00eb jam rritur n\u00eb k\u00ebt\u00eb parti, kam marr\u00eb k\u00ebtu shum\u00eb mb\u00ebshtetje, shum\u00eb respekt e shum\u00eb dashuri! Ndaj, kam detyrimin e t\u00eb folurit ndershm\u00ebrisht. Kam folur n\u00eb Asamble dhe do doja ta b\u00ebja dhe k\u00ebtu. Jo p\u00ebr t\u00eb sfiduar ndok\u00ebnd, por p\u00ebr t&#8217;u fokusuar tek puna! Un\u00eb mendoj q\u00eb Partia jon\u00eb ka probleme!<\/p>\n<p>I mendoj ato parimore! N\u00eb k\u00ebt\u00eb mes beteje n\u00eb t\u00eb cil\u00ebn ndodhemi, edhe un\u00eb besoj q\u00eb mesazhi duhet t\u00eb jete ai i betej\u00ebs me regjimin, dhe jo i nj\u00eb beteje me nj\u00ebri-tjetrin, k\u00ebtu apo kudo tjet\u00ebr, publikisht. N\u00eb an\u00eb tjet\u00ebr, kjo nuk mund t\u00eb jet\u00eb arsye q\u00eb t\u00eb na pengoj\u00eb t\u00eb korrigjojm\u00eb seriozisht funksionimin ton\u00eb, n\u00eb \u00e7do struktur\u00eb, pra funksionimin institucional. K\u00ebto muaj, p\u00ebrball\u00eb nesh, ka pasur shok\u00eb q\u00eb na kan\u00eb treguar pa institucione, pa rregulla, pa vendimmarrje, duke e ngat\u00ebrruar keq k\u00ebt\u00eb me arsyen e v\u00ebrtet\u00eb se p\u00ebrse pas 28 qershorit ne nuk jemi n\u00eb pushtet! \u00cbsht\u00eb koha t\u00eb themi p\u00ebrfundimisht: ka shum\u00eb prova t\u00eb tregojm\u00eb se m\u00eb 28 qershor ne na vodh\u00ebn!<\/p>\n<p>Por, ka edhe prova q\u00eb burojn\u00eb nga funksionimi yn\u00eb kaotik\/jo institucional, vendimmarrja formale\/ jo p\u00ebrfshir\u00ebse, struktura organizative e paq\u00ebndrueshme\/ jo efikase e jo militante, q\u00eb d\u00ebshmojn\u00eb se ne vet\u00eb, p\u00ebr t\u00eb gjitha arsyet e m\u00ebsip\u00ebrme b\u00ebm\u00eb harakiri duke i hequr vetes \u00e7do mund\u00ebsi t\u00eb ishim t\u00eb p\u00ebrgatitur dhe t\u00eb motivuar p\u00ebr t&#8217;u mbrojtur nga vjedhja! Korrigjimi sa m\u00eb par\u00eb i k\u00ebtyre gabimeve duhet t\u00eb jet\u00eb avantazhi yn\u00eb p\u00ebr t\u00eb fituar betej\u00ebn q\u00eb po udh\u00ebheqim! Po hyj pak m\u00eb thell\u00eb!<\/p>\n<p>Prej 6 muajsh \u00ebsht\u00eb e pamundur t\u00eb kuptosh ku nis e ku mbaron institucioni, kush lexon e respekton rregullat, si nis e ku merret vendimi, kush e zbaton e cili vepron kund\u00ebr k\u00ebtij vendimi.<\/p>\n<p>Kjo nuk \u00ebsht\u00eb \u00e7\u00ebshtje personale apo sfid\u00eb p\u00ebr k\u00eb mendon ndryshe! Por, \u00e7\u00ebshtje e s\u00eb sotmes dhe e s\u00eb ardhmes s\u00eb PS, natyrisht q\u00eb ka t\u00eb b\u00ebj\u00eb me individin dhe nj\u00ebr\u00ebn prej arsyeve se p\u00ebrse ai duhet t\u00eb jet\u00eb apo mb\u00ebshtes\u00eb PS. Por, ka t\u00eb b\u00ebj\u00eb edhe me at\u00eb q\u00eb PS-ja ofron p\u00ebr cilindo q\u00eb do t\u00eb rritet duke kontribuar n\u00eb PS. Vakumi institucional n\u00eb t\u00eb cilin ndodhemi prej muajsh, duksh\u00ebm, ka zbehur fuqin\u00eb organizative e funksionale t\u00eb partis\u00eb, n\u00eb momentin m\u00eb t\u00eb r\u00ebnd\u00ebsish\u00ebm p\u00ebr ne.<\/p>\n<p>Ky vakum, nga baza n\u00eb qend\u00ebr, ka qen\u00eb nj\u00eb hap\u00ebsir\u00eb e mjaftueshme p\u00ebr ambicien dhe delirin e kujtdo q\u00eb b\u00ebn analiz\u00ebn q\u00eb i duhet, por pa fakte, q\u00ebllimin personal sh\u00ebrbyer si strategji partiake, karrier\u00ebn e pamerituar duke shkelur \u00e7do rregull t\u00eb p\u00ebrbashk\u00ebt. P\u00ebr fat t\u00eb keq, secili prej k\u00ebtyre faktor\u00ebve nuk \u00ebsht\u00eb korrigjuar ende! P\u00ebr t\u00eb folur p\u00ebr to, b\u00ebn mir\u00eb, nuk b\u00ebn d\u00ebm!<\/p>\n<p>S\u00eb pari: Organizimi n\u00eb nivelin baz\u00eb<\/p>\n<p>-Pranimi n\u00eb parti \u00ebsht\u00eb n\u00eb kaos: nuk merr vesh kush hyn, ku militon, si funksionon, \u00e7&#8217;rregulla zbaton, si kontribuon, \u00e7&#8217;rezultate arrin, si del dhe si rihyn p\u00ebrs\u00ebri; fiktiv, ndikohet nga q\u00ebllimi personal (karriera apo p\u00ebrfitimi personal) dhe instrumentalizimi i zgjedhjeve n\u00eb \u00e7do nivel;<\/p>\n<p>-Rregullat e p\u00ebrbashk\u00ebta q\u00eb garantojn\u00eb e administrojn\u00eb lirin\u00eb dhe q\u00ebllimet e secilit, n\u00eb liri institucionale e q\u00ebllime t\u00eb p\u00ebrbashk\u00ebta, shp\u00ebrfillen;<br \/>\nS\u00eb dyti: Struktura, q\u00ebndrueshm\u00ebria dhe funksionaliteti<\/p>\n<p>-Organizatat baz\u00eb jan\u00eb n\u00eb nj\u00eb proces zgjedhor prej 6 muajsh, ende i pap\u00ebrfunduar, duke ndikuar n\u00eb paq\u00ebndrueshm\u00ebrin\u00eb e tyre; zgjedhjet n\u00eb shumic\u00eb u keqp\u00ebrdoren nga q\u00ebllimi personal, inspiruar nga kandidimet brenda partie p\u00ebr zgjedhjet lokale, shmang\u00ebn gar\u00ebn, konkurrenc\u00ebn, alternativ\u00ebn n\u00eb votim;<\/p>\n<p>-Asamblet\u00eb, ngritur mbi k\u00ebto zgjedhje jan\u00eb fiktive, jo funksionale dhe n\u00eb sh\u00ebrbim t\u00eb q\u00ebllimit personal t\u00eb atij q\u00eb do t\u00eb b\u00ebhet kandidat;<\/p>\n<p>-Koordinimi, p\u00ebr shkak t\u00eb nj\u00eb autonomie shp\u00ebrndar\u00eb dhe vet\u00ebmarr\u00eb nga drejtuesit kandidat\u00eb, n\u00ebp\u00ebr e mes nj\u00ebsive vendore \u00ebsht\u00eb i pamundur;<\/p>\n<p>-Funksionimi statutor dhe i programuar i partis\u00eb po z\u00ebvend\u00ebsohet nga spontaniteti, m\u00eb keq partia po vihet n\u00eb l\u00ebvizje nga q\u00ebllime personale p\u00ebr ta sunduar, jo p\u00ebr ta drejtuar at\u00eb;<\/p>\n<p>S\u00eb treti: Institucionet dhe vendimmarrja<\/p>\n<p>-Kryesia e Partis\u00eb nuk funksionon; p\u00ebr shkak se \u00ebsht\u00eb b\u00ebr\u00eb e pamundur q\u00eb kryesia aktuale t\u00eb funksionoj\u00eb larg interesave personale dhe n\u00eb sh\u00ebrbim t\u00eb Partis\u00eb, duke pasur qoft\u00eb edhe nj\u00eb produkt minimal: t\u00eb mos i b\u00ebj\u00eb d\u00ebm kauz\u00ebs s\u00eb p\u00ebrbashk\u00ebt p\u00ebr vot\u00ebn e lir\u00eb;<\/p>\n<p>-Sekretariati Ekzekutiv funksionon personalisht apo nuk funksionon n\u00eb sektor\u00ebt m\u00eb ky\u00e7, at\u00eb politik e t\u00eb strategjis\u00eb, programor, zgjedhor, organizativ, ligjor etj; p\u00ebr shkak se objektivat e disa prej shok\u00ebve drejtues jan\u00eb duksh\u00ebm n\u00eb kund\u00ebrshti serioze, deri n\u00eb veprim kund\u00ebr e kalim p\u00ebrtej hendekut parimor e kushtetues q\u00eb na ndan me Sali Berish\u00ebn, pra kund\u00ebr me at\u00eb q\u00eb deri tani \u00ebsht\u00eb aksioni politik i PS n\u00eb mb\u00ebshtetje t\u00eb kauz\u00ebs p\u00ebr zgjedhje t\u00eb lira e t\u00eb ndershme n\u00eb Shqip\u00ebri;<\/p>\n<p>-Asambleja Komb\u00ebtare shpesh bie n\u00eb formaliz\u00ebm, nd\u00ebrsa prej muajsh \u00ebsht\u00eb braktisur nga an\u00ebtar\u00eb, p\u00ebr k\u00ebt\u00eb shkak mbetet e paplot\u00eb;<\/p>\n<p>-Grupi Parlamentar ende \u00ebsht\u00eb larg rolit natyral t\u00eb kontrollit sistematik, t\u00eb p\u00ebrditsh\u00ebm, politik e profesional, t\u00eb Qeveris\u00eb e qeverisjes;<\/p>\n<p>-Vendimmarrja pothuajse gjithnj\u00eb \u00ebsht\u00eb emergjente dhe e paprogramuar, spontane dhe e kufizuar, diktuese dhe formale, shpesh nga jasht\u00eb forumeve statutore, aq sa &#8220;vendimin&#8221;, &#8220;vendin&#8221; dhe &#8220;koh\u00ebn e duhur&#8221; e lajm\u00ebron nj\u00eb aleat, jo nj\u00eb drejtues i k\u00ebsaj Partie, pra e ngusht\u00eb dhe pa fuqin\u00eb e v\u00ebrtet\u00eb q\u00eb t\u00eb japin strukturat legjitime e funksionale;<\/p>\n<p>T\u00eb nderuar koleg\u00eb,<br \/>\nSh\u00ebrbimi i par\u00eb q\u00eb shqiptar\u00ebt k\u00ebrkojn\u00eb nga ne socialist\u00ebt, \u00ebsht\u00eb nj\u00eb parti e fort\u00eb, e organizuar, socialiste; p\u00ebr t\u00eb kund\u00ebrshtuar regjimin antipopullor n\u00eb pushtet, por edhe si alternativ\u00eb e tij! T\u00eb nd\u00ebrtojm\u00eb nj\u00eb shoq\u00ebri t\u00eb vog\u00ebl, t\u00eb organizuar, institucionale, ligjore, t\u00eb hapur, demokratike, t\u00eb ndershme, funksionale n\u00eb PS, si modeli m\u00eb i mir\u00eb p\u00ebrball\u00eb sistemit t\u00eb korrupsionit politik, ekonomik dhe elektoral t\u00eb Sali Berish\u00ebs, duhet t\u00eb jet\u00eb q\u00ebllimi yn\u00eb. Ndaj, duhet q\u00eb tani, rregullat e reja statutore t&#8217;i japin fund vakumit institucional ku jemi, jo p\u00ebr t\u00eb p\u00ebrjashtuar, por p\u00ebr t\u00eb funksionuar:<\/p>\n<p>-midis kryetarit dhe an\u00ebtar\u00ebsis\u00eb t\u00eb jen\u00eb institucionet (jo nj\u00eb grusht njer\u00ebzish, respekti p\u00ebr t\u00eb cil\u00ebt nuk mund t&#8217;i kthej\u00eb n\u00eb oligark\u00eb, nuk mund t\u00eb z\u00ebvend\u00ebsoj\u00eb institucionet, vendimmarrjen institucionale), pra institucionale jo oligarkike;<\/p>\n<p>-institucionet t\u00eb nd\u00ebrtohen p\u00ebrmes konkurrimit, alternativave, votimit (jo em\u00ebrimit; n\u00eb parti nj\u00ebher\u00eb zgjedh, dit\u00ebn kur b\u00ebhesh an\u00ebtar, \u00e7do her\u00eb zgjidhesh), pra p\u00ebrfaq\u00ebsuese jo t\u00eb em\u00ebruara;<\/p>\n<p>-vendimmarrja t\u00eb buroj\u00eb nga institucionet, nga debati dhe votimi, t\u00eb jet\u00eb e t\u00eb gjith\u00ebve dhe e detyrueshme p\u00ebr zbatim (opozita e opozit\u00ebs nuk \u00ebsht\u00eb vler\u00eb, nuk garanton bashk\u00ebjetes\u00ebn por ndarjen), pra kolegjiale jo e ndar\u00eb;<\/p>\n<p>-funksionaliteti i \u00e7do strukture partiake t\u00eb buroj\u00eb nga q\u00ebllimet e p\u00ebrbashk\u00ebta t\u00eb administruara nga rregullat statutore (nj\u00eb organizat\u00eb demokratike nuk mund t\u00eb vihet n\u00eb l\u00ebvizje nga paraja, as nga q\u00ebllimet e parashum\u00ebve; paraja e korrupton partin\u00eb, zhb\u00ebn demokracin\u00eb, \u00e7do norm\u00eb e rregull, n\u00eb fund dhe vet\u00eb partin\u00eb), pra parimore jo personale; n\u00eb fund, PS t\u00eb udh\u00ebheq\u00eb nj\u00eb koalicion real ku partit\u00eb mbajn\u00eb dhe shtojn\u00eb veten, interesat q\u00eb p\u00ebrfaq\u00ebsojn\u00eb, duke maksimizuar fuqin\u00eb politike dhe elektorale (ne jemi Partia Socialiste, jo nj\u00eb nga partit\u00eb e radh\u00ebs n\u00eb koalicionin e radh\u00ebs).<\/p>\n<p><strong>2<\/strong>.<br \/>\nBeteja n\u00eb mes t\u00eb s\u00eb cil\u00ebs jemi duhet t\u00eb jet\u00eb e drejt\u00eb dhe e v\u00ebrtet\u00eb, p\u00ebrfshir\u00ebse dhe masive, p\u00ebrfaq\u00ebsuese dhe bind\u00ebse! Demokracia duhet t\u00eb funksionoj\u00eb p\u00ebr njer\u00ebzit e zakonsh\u00ebm t\u00eb k\u00ebtij vendi, jo vet\u00ebm p\u00ebr pushtetar\u00ebt. Njer\u00ebzit e zakonsh\u00ebm, lirit\u00eb, t\u00eb drejtat, mund\u00ebsit\u00eb, jeta e tyre, duhet t\u00eb jen\u00eb thelbi i betej\u00ebs son\u00eb. Arroganca, k\u00ebrc\u00ebnimi, kufizimi i lirive, t\u00eb drejtave, mund\u00ebsive, si aksion i qeveris\u00eb, nuk duhet t\u00eb zbeh\u00eb forc\u00ebn e betej\u00ebs son\u00eb. Ne pame t\u00eb provuar m\u00eb 28 qershor se njer\u00ebzit e dhunuar priren t\u00eb pranojn\u00eb gjendjen e tyre p\u00ebr shkak t\u00eb nevoj\u00ebs p\u00ebr mbijetes\u00eb, ndaj ata mund t\u00eb mos ken\u00eb kuraj\u00ebn t\u00eb k\u00ebrkojn\u00eb ndryshim, m\u00eb keq, si zgjidhje gjejn\u00eb t\u00eb p\u00ebrshtatin mund\u00ebsit\u00eb dhe k\u00ebrkesat e tyre me at\u00eb q\u00eb e konsiderojn\u00eb t\u00eb mundshme mes d\u00ebshp\u00ebrimit!<\/p>\n<p>&#8220;<strong>PS, jo m\u00eb parti biznesmen\u00ebsh<\/strong>&#8221;<br \/>\nT\u00eb nderuar koleg\u00eb,<br \/>\nPrej nj\u00eb viti po vuajm\u00eb efektet e nj\u00eb kompleksi t\u00eb madh, t\u00eb ndar\u00eb n\u00eb dysh, n\u00eb: &#8220;t\u00eb qenit t\u00eb moderuar&#8221; dhe &#8220;t\u00eb qenit t\u00eb majt\u00eb apo liberal\u00eb&#8221;. T\u00eb dyja kan\u00eb t\u00eb b\u00ebjn\u00eb me identitetin ton\u00eb. N\u00ebse beteja jon\u00eb p\u00ebr Liri po kuron t\u00eb par\u00ebn, duke b\u00ebr\u00eb t\u00eb qart\u00eb se moderacioni nuk \u00ebsht\u00eb but\u00ebsi hyjnore, p\u00ebrmes nj\u00eb aksioni t\u00eb fort\u00eb politik q\u00eb po na largon namin se &#8220;jemi partia q\u00eb as t\u00eb mban, as t\u00eb rrezon&#8221;, sot kemi mund\u00ebsin\u00eb dhe instrumentin t\u00eb kurojm\u00eb t\u00eb dyt\u00ebn.<\/p>\n<p>Programi \u00ebsht\u00eb instrumenti q\u00eb kuron identitetin dhe u jep shqiptar\u00ebve ofert\u00ebn ton\u00eb politike. Programi yn\u00eb u shkrua n\u00eb vitin 1992. Sh\u00ebrbeu p\u00ebr transformimin e PS n\u00eb nj\u00eb parti t\u00eb majt\u00eb socialdemokrate dhe mir\u00ebvendosjen, funksionimin dhe pjes\u00ebmarrjen e saj, tani n\u00eb nj\u00eb shoq\u00ebri q\u00eb jetonte, funksiononte dhe zhvillohej n\u00eb e prej Liris\u00eb. At\u00eb koh\u00eb kjo ishte jetike p\u00ebr partin\u00eb, por edhe p\u00ebr Shqip\u00ebrin\u00eb. Ky Program \u00ebsht\u00eb revizionuar shpesh, jan\u00eb mbartur p\u00ebrmir\u00ebsime! Ndryshimet k\u00ebsaj here nuk duhet t\u00eb jen\u00eb nj\u00eb revizionim i radh\u00ebs. P\u00ebr m\u00eb tep\u00ebr, nj\u00eb revizionim i keq q\u00eb na heq edhe at\u00eb \u00e7ik identitet q\u00eb na ka mbetur.<\/p>\n<p>Po e them q\u00eb n\u00eb fillim se, &#8220;formulimi i ri&#8221; sipas t\u00eb cilit, &#8220;PS \u00ebsht\u00eb parti politike p\u00ebrfaq\u00ebsuese e spektrit t\u00eb qendr\u00ebs s\u00eb majt\u00eb dhe liberale&#8221;, \u00ebsht\u00eb i papranuesh\u00ebm. N\u00eb 18 vite secili prej nesh ka ndryshuar, partia ka ndryshuar, konceptet mbi t\u00eb majt\u00ebn, interesat e p\u00ebrfaq\u00ebsuara prej saj kan\u00eb ndryshuar. Mbi t\u00eb gjitha, po ndryshon koncepti p\u00ebr Lirin\u00eb. Liria po shihet sot jo vet\u00ebm si mjeti kryesor i zhvillimit shoq\u00ebror. Zgjerimi i lirive po vler\u00ebsohet gjithnj\u00eb e m\u00eb shum\u00eb si q\u00ebllimi themelor i zhvillimit! Gjith\u00e7ka n\u00eb funksion t\u00eb p\u00ebrmir\u00ebsimit t\u00eb cil\u00ebsis\u00eb s\u00eb jet\u00ebs.<\/p>\n<p>Prej k\u00ebtej ka lindur nj\u00eb model i qart\u00eb dhe bind\u00ebs i zhvillimit shoq\u00ebror dhe ekonomik, q\u00eb e sheh &#8220;Zhvillimin si Liri&#8221;. Nj\u00eb program q\u00eb mb\u00ebshtetet n\u00eb 5 llojet e lirive instrumentale q\u00eb ndikojn\u00eb drejtp\u00ebrdrejt n\u00eb lirin\u00eb q\u00eb kan\u00eb njer\u00ebzit p\u00ebr t\u00eb nd\u00ebrtuar jet\u00ebn si\u00e7 ata d\u00ebshirojn\u00eb. Pra, n\u00eb:<\/p>\n<p>-lirit\u00eb politike; mund\u00ebsit\u00eb q\u00eb kan\u00eb njer\u00ebzit p\u00ebr t\u00eb p\u00ebrcaktuar se kush do t\u00eb qeveris\u00eb dhe mbi \u00e7&#8217;parime; duke p\u00ebrfshir\u00eb t\u00eb drejtat p\u00ebr t&#8217;u informuar, kritikuar e kund\u00ebrshtuar Qeverin\u00eb, p\u00ebr t\u00eb pasur lirin\u00eb e shprehjes politike dhe t\u00eb shtypit t\u00eb pa censuruar;<\/p>\n<p>-leht\u00ebsit\u00eb ekonomike; mund\u00ebsit\u00eb q\u00eb kan\u00eb njer\u00ebzit p\u00ebr t\u00eb p\u00ebrdorur burimet ekonomike, komb\u00ebtare e lokale, p\u00ebr q\u00ebllime konsumi, prodhimi, shk\u00ebmbimi, pra tregtie; p\u00ebrfitimet ekonomike q\u00eb nj\u00eb njeri ka, do t\u00eb varen gjithnj\u00eb e m\u00eb tep\u00ebr nga burimet q\u00eb ai zot\u00ebron apo disponon, mund\u00ebsit\u00eb q\u00eb ai ka p\u00ebr t&#8217;i p\u00ebrdorur si dhe nga kushtet e shk\u00ebmbimit ku funksionimi konkurrues i tregjeve \u00ebsht\u00eb jetik;<\/p>\n<p>-mund\u00ebsit\u00eb shoq\u00ebrore; rregullimet q\u00eb shoq\u00ebria b\u00ebn p\u00ebr arsimin, kujdesin sh\u00ebndet\u00ebsor kryesisht, etj., t\u00eb cilat ndikojn\u00eb n\u00eb lirin\u00eb substanciale t\u00eb tij p\u00ebr t\u00eb jetuar m\u00eb mir\u00eb; krijojn\u00eb mund\u00ebsi jo vet\u00ebm p\u00ebr nj\u00eb jet\u00eb me sh\u00ebndet t\u00eb mir\u00eb, por edhe p\u00ebr nj\u00eb pjes\u00ebmarrje m\u00eb t\u00eb efektshme n\u00eb veprimtarin\u00eb ekonomike e politike;<\/p>\n<p>-garancit\u00eb e transparenc\u00ebs; t\u00eb cilat kan\u00eb nj\u00eb rol p\u00ebr parandalimin e korrupsionit, munges\u00ebs s\u00eb p\u00ebrgjegjshm\u00ebris\u00eb financiare dhe t\u00eb marr\u00ebveshjeve t\u00eb ndaluara<\/p>\n<p>-sigurin\u00eb mbrojt\u00ebse; nevoj\u00ebn p\u00ebr t\u00eb pasur nj\u00eb rrjet sigurie shoq\u00ebrore p\u00ebr t\u00eb parandaluar r\u00ebnien e popullsis\u00eb n\u00eb mjerim; p\u00ebrfshir\u00eb rregullimet e caktuara institucionale, si\u00e7 jan\u00eb p\u00ebrfitimet nga papun\u00ebsia, p\u00ebrfitimet n\u00eb pagesa p\u00ebr t\u00eb varfrit e t\u00eb pamundurit fizikisht etj.<\/p>\n<p>Si\u00e7 e shihni, nj\u00eb model q\u00eb nuk p\u00ebrqendrohet n\u00eb efektivitetin e shtresave t\u00eb larta t\u00eb shoq\u00ebris\u00eb, por n\u00eb mir\u00ebqenien e atyre q\u00eb q\u00ebndrojn\u00eb n\u00eb shtresat e ul\u00ebta e t\u00eb mesme t\u00eb shoq\u00ebris\u00eb. Nj\u00eb model q\u00eb po trondit parimet e derisotme t\u00eb zhvillimit njer\u00ebzor, nj\u00eb model q\u00eb ka nj\u00eb vler\u00ebsim me \u00e7mim &#8216;Nobel&#8217;, t\u00eb cilin e mban profesor Amartya Sen. Un\u00eb mendoj se na duhet nj\u00eb debat mbi k\u00ebt\u00eb model. Duke b\u00ebr\u00eb pak m\u00ebnjan\u00eb nga p\u00ebrqendrimi ekskluziv mbi rritjen ekonomike dhe t\u00eb ardhurat p\u00ebr frym\u00eb, pra nga p\u00ebrfitimi, rishp\u00ebrndarja e tij, m\u00eb tej p\u00ebrfitimi nga disa t\u00eb drejta q\u00eb kan\u00eb p\u00ebrpar\u00ebsi absolute, duke p\u00ebrfshir\u00eb dhe t\u00eb drejt\u00ebn e pron\u00ebs, drejt lirive substanciale, heqjen e kufizimeve mbi k\u00ebto liri dhe n\u00eb cil\u00ebsin\u00eb e jet\u00ebs! N\u00eb fund t\u00eb fundit, \u00e7do parti, p\u00ebrmir\u00ebsimin e cil\u00ebsis\u00eb s\u00eb jet\u00ebs ka si q\u00ebllim fundor t\u00eb saj. N\u00ebse n\u00eb 1992-shin na duhej t\u00eb pranonim, p\u00ebrshtateshim dhe t\u00eb rriteshim me Lirin\u00eb, sot na duhet nj\u00eb Program i Liris\u00eb!<\/p>\n<p>N\u00eb kushtet e nj\u00eb krize t\u00eb thell\u00eb e t\u00eb gjat\u00eb q\u00eb ka n\u00eb baz\u00eb kufizimet dramatike t\u00eb Liris\u00eb n\u00eb m\u00ebnyr\u00eb t\u00eb p\u00ebrs\u00ebritur, kjo \u00ebsht\u00eb gj\u00ebja e duhur p\u00ebr t\u00eb p\u00ebrfaq\u00ebsuar interesat e nj\u00eb populli t\u00eb t\u00ebr\u00eb, t\u00eb dhunuar n\u00eb lirit\u00eb e tij e mbetur pas, shum\u00eb pas, n\u00eb zhvillim p\u00ebr k\u00ebt\u00eb shkak. Ky model p\u00ebrfshin t\u00eb gjith\u00eb ata q\u00eb ende dyshojn\u00eb n\u00eb at\u00eb q\u00eb ne p\u00ebrfaq\u00ebsojm\u00eb, mbrojm\u00eb e ofrojm\u00eb p\u00ebr ta e Shqip\u00ebrin\u00eb. Ndaj, mendoj se duhet t\u00eb ridimensionohet marr\u00ebdh\u00ebnia jon\u00eb me:<\/p>\n<p>-S\u00eb pari; lirin\u00eb politike dhe lirin\u00eb e shprehjes; beteja jon\u00eb p\u00ebr zgjedhje t\u00eb lira nuk duhet t\u00eb ket\u00eb kthim apo t\u00eb k\u00ebmbehet me \u00e7do gj\u00eb tjet\u00ebr, t\u00eb p\u00ebrfshij\u00eb modernizimin e sistemeve p\u00ebr t&#8217;i larguar nga ndikimi kriminal i qeverive dhe t\u00eb kthej\u00eb n\u00eb votues \u00e7do shqiptar t\u00eb emigrimit; liria e shprehjes t\u00eb kap\u00ebrcej\u00eb kufizimin n\u00eb lirin\u00eb editoriale t\u00eb medias p\u00ebr t&#8217;u p\u00ebrqendruar tek liria e shprehjes, legjitimiteti i saj dhe lufta kund\u00ebr betej\u00ebs qeveritare q\u00eb delegjitimon fjal\u00ebn e kujtdo p\u00ebrmes presionit qeveritar dhe sulmit kriminal, personal, mbi \u00e7do shtetas.<\/p>\n<p>-S\u00eb dyti, leht\u00ebsit\u00eb ekonomike p\u00ebr t\u00eb hequr kufizimet ndaj qytetar\u00ebve n\u00eb p\u00ebrdorimin e burimeve ekonomike p\u00ebr t\u00eb prodhuar e tregtuar; ngritur sip\u00ebrmarrje t\u00eb vogla e t\u00eb mesme, hyr\u00eb n\u00eb treg e konkurruar ndershm\u00ebrisht; pun\u00ebsimi t\u00eb sh\u00ebnjohet si e drejt\u00eb themelore e qytetarit, jo si nj\u00eb fenomen ekonomik q\u00eb matet me p\u00ebrqindje t\u00eb pa v\u00ebrteta.<\/p>\n<p>-S\u00eb treti, pron\u00ebn, duke dal\u00eb nga vet\u00ebkufizimi n\u00eb \u00e7\u00ebshtjen e ish- pronar\u00ebve, n\u00eb t\u00eb drejtat pron\u00ebsore t\u00eb cilitdo, v\u00ebn\u00eb n\u00eb rrezik nga nj\u00eb pushtet i korruptuar q\u00eb grabit cilindo, me ligj e me vul\u00eb, \u00e7do muaj, por edhe n\u00eb krijimin dhe zhvillimin e tregut t\u00eb pasurive t\u00eb paluajtshme, p\u00ebr t\u00eb krijuar mund\u00ebsin\u00eb e patjet\u00ebrsueshme q\u00eb zot\u00ebruesi i pron\u00ebs, ta shoh\u00eb e p\u00ebrdor pron\u00ebn si e mir\u00eb, si mund\u00ebsi ekonomike p\u00ebr vete e familjen e tij, jo si hall q\u00eb i merr jet\u00ebn.<\/p>\n<p>-S\u00eb kat\u00ebrti, sistemin fiskal, pra taksimin, p\u00ebr t\u00eb b\u00ebr\u00eb drejt\u00ebsi n\u00eb radh\u00eb t\u00eb par\u00eb; sot, t\u00eb ardhurat nga puna taksohen nj\u00ebsoj me fitimet nga sip\u00ebrmarrja, m\u00eb keq, taksohen nj\u00ebsoj me pasurin\u00eb e paligjshme dhe t\u00eb ardhurat nga krimi! T\u00eb gjitha 10%! Ky nuk mund t\u00eb jet\u00eb sistemi yn\u00eb, p\u00ebr ne nuk mundet q\u00eb pun\u00ebtori t\u00eb taksohet nj\u00ebsoj me sip\u00ebrmarr\u00ebsin, me kompanit\u00eb e korporatat, m\u00eb keq me keqb\u00ebr\u00ebsin e krimb\u00ebr\u00ebsin!<\/p>\n<p>-S\u00eb pesti, fshatin dhe zhvillimin bujq\u00ebsor, mbetur n\u00eb feudaliz\u00ebm; sot, n\u00eb fshat nuk ka asnj\u00eb marr\u00ebdh\u00ebnie q\u00eb t\u00eb tregoj\u00eb se ekonomia e tregut ekziston; t&#8217;i garantojm\u00eb bujqve t\u00eb drejt\u00ebn mbi pron\u00ebn, mund\u00ebsit\u00eb p\u00ebr t\u00eb p\u00ebrfituar nga prona, p\u00ebrdorimin e saj si garanci financimi dhe nj\u00ebsi ekonomike prodhuese, mund\u00ebsin\u00eb p\u00ebr t\u00eb marr\u00eb pjes\u00eb n\u00eb treg; mbi t\u00eb gjitha krijimin e tregut t\u00eb pun\u00ebs, pra punonj\u00ebsve t\u00eb bujq\u00ebsis\u00eb me kontrat\u00eb; kushte k\u00ebto p\u00ebr futjen e kapitalit n\u00eb bujq\u00ebsi.<\/p>\n<p>-S\u00eb gjashti, arsimin e sh\u00ebndet\u00ebsin\u00eb, dy element\u00ebt themelore t\u00eb mund\u00ebsive shoq\u00ebrore, liris\u00eb substanciale t\u00eb njeriut p\u00ebr t\u00eb jetuar m\u00eb mir\u00eb; duke krijuar mund\u00ebsi p\u00ebr sh\u00ebndet t\u00eb mir\u00eb dhe pjes\u00ebmarrje n\u00eb pun\u00ebsim; burra e gra po jetojn\u00eb m\u00eb pak, sepse humbin jet\u00ebn nga s\u00ebmundje leht\u00ebsisht t\u00eb kurueshme, q\u00eb nuk kurohen p\u00ebr shkak t\u00eb sh\u00ebrbimit q\u00eb mohohet apo \u00ebsht\u00eb i paarritsh\u00ebm p\u00ebr shkak t\u00eb shtrenjt\u00ebsis\u00eb s\u00eb tij.<\/p>\n<p>-S\u00eb shtati, sip\u00ebrmarrjen, duke marr\u00eb pozicionin e qart\u00eb si nj\u00eb parti q\u00eb krijon mund\u00ebsi, me rregulla ligjore, t\u00eb drejta e t\u00eb barabarta, t\u00eb taksimit e konkurrenc\u00ebs, ndarjes s\u00eb kontratave qeveritare, pasuris\u00eb apo lejeve e koncesioneve publike; pra nj\u00eb parti q\u00eb nuk e b\u00ebn klient sip\u00ebrmarrjen apo m\u00eb keq, tregton, shet vendimmarrjen politike e administrative tek sip\u00ebrmarrja kliente, me q\u00ebllim t\u00eb ardhura t\u00eb paligjshme; p\u00ebrfaq\u00ebsimi politik me sip\u00ebrmarrjen nuk duhet t\u00eb kap\u00ebrcej\u00eb n\u00eb asnj\u00eb rast konfliktin e interesave,<\/p>\n<p>-S\u00eb teti; korrupsionin e transparenc\u00ebn; nd\u00ebshkimi i zyrtar\u00ebve si detyrim politik e ligjor duhet t\u00eb rithemeloj\u00eb kultur\u00ebn e nd\u00ebshkueshm\u00ebris\u00eb administrative e penale, k\u00ebsaj here edhe p\u00ebr p\u00ebrfituesin nga korrupsioni, pa i ndar\u00eb n\u00eb klient\u00eb tan\u00ebt, t\u00eb kund\u00ebrshtarit apo dy pal\u00ebve bashk\u00eb! Ka nj\u00eb dyshim t\u00eb madh nd\u00ebr njer\u00ebz: ky vend drejtohet nga nj\u00eb grusht politikan\u00ebsh dhe klientela e tyre ekonomike, ndaj nuk nd\u00ebshkohet kush! Sot n\u00eb gazeta keni shembullin tipik: nj\u00eb biznesmen q\u00eb i ka marr\u00eb \u00e7do gj\u00eb politik\u00ebs, ul n\u00eb tavolin\u00eb Kryeministrin dhe ish-Kryeministrin p\u00ebr t&#8217;i b\u00ebr\u00eb grop\u00ebn PS dhe Shqip\u00ebris\u00eb. Sepse, k\u00ebshtu p\u00ebrfiton m\u00eb shum\u00eb. Ne duhet t&#8217;i bindim se do t\u00eb b\u00ebjm\u00eb drejt\u00ebsi p\u00ebr t\u00eb gjith\u00eb p\u00ebrfituesit politik\u00eb, familjar\u00ebt e klient\u00ebt e tyre, nga korrupsioni i begate i k\u00ebtyre viteve. Pa dallim.<\/p>\n<p>T\u00eb nderuar koleg\u00eb,<br \/>\nProgrami i qeveris\u00eb mund t\u00eb sh\u00ebrbej\u00eb p\u00ebr t\u00eb t\u00ebr\u00eb, Programi i Partis\u00eb duhet t\u00eb jet\u00eb p\u00ebr socialist\u00ebt dhe p\u00ebr cilindo q\u00eb k\u00ebrkon t\u00eb bashkohet me ne. Nj\u00eb program i mire kuron dhe identitetin e politikanit p\u00ebrfaq\u00ebsues, kriz\u00ebn e identitetit n\u00eb p\u00ebrfaq\u00ebsim q\u00eb ne po e vuajm\u00eb. Njer\u00ebzit besojn\u00eb n\u00eb ofert\u00ebn politike, por kultura tradicionale e nd\u00ebrvar besimin dhe tek p\u00ebrfaq\u00ebsuesi politik. Nj\u00eb kok\u00eb me brilantin\u00eb, duar zbukuruar me unaza diamanti e ora 10 mij\u00eb euro, nj\u00eb makine 50-60 mij\u00eb euro, nj\u00eb sht\u00ebpi 200 mij\u00eb euro, m\u00eb tej pallate 5-6 milion\u00eb euro b\u00ebr\u00eb pa djers\u00ebn e ballit, por me leht\u00ebsin\u00eb e ndereve e favore politike e administrative, parat\u00eb e korrupsionit, nuk jan\u00eb sende, por m\u00ebnyr\u00eb jetese.<\/p>\n<p>Ajo p\u00ebrfaq\u00ebson interesin, por jo kauz\u00ebn, aq m\u00eb pak pun\u00ebtor\u00ebt, t\u00eb papun\u00ebt, bujqit, mjek\u00ebt, m\u00ebsuesit, sh\u00ebrb\u00ebtor\u00ebt e shtetit, student\u00ebt, emigrant\u00ebt. Aksioma se duhen n\u00eb krye njer\u00ebz t\u00eb pasur se nuk vjedhin, doli e pav\u00ebrtet\u00eb dhe banale. Ndaj, na duhet nj\u00eb qasje e re etike, n\u00eb thelb t\u00eb identitetit ton\u00eb p\u00ebrfaq\u00ebsues!<\/p>\n<p>T\u00eb nderuar koleg\u00eb,<br \/>\nUn\u00eb besoj tek Liria, ndaj besoj te kauza e p\u00ebrbashk\u00ebt! Un\u00eb besoj tek e Majta, ndaj besoj tek fitorja! Tek nj\u00eb e Majt\u00eb p\u00ebrfaq\u00ebsuese, jo sip\u00ebrmarr\u00ebse! Ne nuk e mundim dot Berish\u00ebn duke b\u00ebr\u00eb apo duke u b\u00ebr\u00eb si Ai, duke i marr\u00eb apo duke i bler\u00eb klient\u00ebt, politik\u00eb apo ekonomik\u00eb! Ne e mundim Berish\u00ebn si t\u00eb majt\u00eb! Duke p\u00ebrfaq\u00ebsuar interesat e shumic\u00ebs s\u00eb majt\u00eb n\u00eb k\u00ebt\u00eb vend dhe duke i sh\u00ebrbyer \u00e7do shqiptari q\u00eb k\u00ebrkon t\u00eb jetoj\u00eb ndershm\u00ebrisht k\u00ebtu!<\/p>\n<p>Kongresin e shkuar dikush shkroi se, &#8220;ora e t\u00eb majt\u00ebs ka ngelur&#8221;, duke parashikuar shp\u00ebrb\u00ebrjen dhe panevojshm\u00ebrin\u00eb ton\u00eb! Por, ne jemi k\u00ebtu! Gjall\u00eb e t\u00eb fort\u00eb! N\u00eb krye t\u00eb nj\u00eb beteje p\u00ebr t\u00eb sotmen dhe t\u00eb ardhmen, t\u00eb cil\u00ebn duhet ta fitojm\u00eb me popullin dhe p\u00ebr popullin! Nga sot, nuk ka r\u00ebnd\u00ebsi ku do t\u00eb jem un\u00eb nes\u00ebr, r\u00ebnd\u00ebsi ka t\u00eb fitojm\u00eb!!!<\/p>\n","protected":false},"excerpt":{"rendered":"<p>Nga: ERJON BRACE Jemi mbledhur shpesh n\u00eb harkun e k\u00ebtij viti, por nuk kemi qen\u00eb m\u00eb pran\u00eb. Kemi folur m\u00eb shum\u00eb me nj\u00ebri-tjetrin, por shpesh nuk jemi marr\u00eb vesh. Kemi debatuar m\u00eb shum\u00eb, individualisht apo n\u00eb grup, por vendimi nuk ka qen\u00eb i p\u00ebrbashk\u00ebt. Kemi votuar m\u00eb shum\u00eb e m\u00eb t\u00eb shumt\u00eb, por zgjedhja e [&hellip;]<\/p>\n","protected":false},"author":1,"featured_media":0,"comment_status":"open","ping_status":"closed","sticky":false,"template":"","format":"standard","meta":{"footnotes":""},"categories":[2],"tags":[],"class_list":{"0":"post-2298","1":"post","2":"type-post","3":"status-publish","4":"format-standard","6":"category-artikuj"},"yoast_head":"<!-- This site is optimized with the Yoast SEO plugin v27.4 - https:\/\/yoast.com\/product\/yoast-seo-wordpress\/ -->\n<title>PS-s\u00eb i duhet identitet, jo t\u00eb kopjoj\u00eb Berish\u00ebn - FjALA e LIR\u00cb - Arkivi<\/title>\n<meta name=\"robots\" content=\"index, follow, max-snippet:-1, max-image-preview:large, max-video-preview:-1\" \/>\n<link rel=\"canonical\" href=\"https:\/\/fjala.info\/2009-2015\/ps-se-i-duhet-identitet-jo-te-kopjoje-berishen\/\" \/>\n<meta property=\"og:locale\" content=\"sq_AL\" \/>\n<meta property=\"og:type\" content=\"article\" \/>\n<meta property=\"og:title\" content=\"PS-s\u00eb i duhet identitet, jo t\u00eb kopjoj\u00eb Berish\u00ebn - FjALA e LIR\u00cb - Arkivi\" \/>\n<meta property=\"og:description\" content=\"Nga: ERJON BRACE Jemi mbledhur shpesh n\u00eb harkun e k\u00ebtij viti, por nuk kemi qen\u00eb m\u00eb pran\u00eb. Kemi folur m\u00eb shum\u00eb me nj\u00ebri-tjetrin, por shpesh nuk jemi marr\u00eb vesh. Kemi debatuar m\u00eb shum\u00eb, individualisht apo n\u00eb grup, por vendimi nuk ka qen\u00eb i p\u00ebrbashk\u00ebt. Kemi votuar m\u00eb shum\u00eb e m\u00eb t\u00eb shumt\u00eb, por zgjedhja e [&hellip;]\" \/>\n<meta property=\"og:url\" content=\"https:\/\/fjala.info\/2009-2015\/ps-se-i-duhet-identitet-jo-te-kopjoje-berishen\/\" \/>\n<meta property=\"og:site_name\" content=\"FjALA e LIR\u00cb - Arkivi\" \/>\n<meta property=\"article:published_time\" content=\"2010-04-19T21:48:27+00:00\" \/>\n<meta property=\"og:image\" content=\"http:\/\/www.shkoder.net\/images\/fjala\/2010\/erjon_brace.jpg\" \/>\n<meta name=\"author\" content=\"admin\" \/>\n<meta name=\"twitter:card\" content=\"summary_large_image\" \/>\n<meta name=\"twitter:label1\" content=\"Written by\" \/>\n\t<meta name=\"twitter:data1\" content=\"admin\" \/>\n\t<meta name=\"twitter:label2\" content=\"Est. reading time\" \/>\n\t<meta name=\"twitter:data2\" content=\"24 minutes\" \/>\n<script type=\"application\/ld+json\" class=\"yoast-schema-graph\">{\"@context\":\"https:\\\/\\\/schema.org\",\"@graph\":[{\"@type\":\"Article\",\"@id\":\"https:\\\/\\\/fjala.info\\\/2009-2015\\\/ps-se-i-duhet-identitet-jo-te-kopjoje-berishen\\\/#article\",\"isPartOf\":{\"@id\":\"https:\\\/\\\/fjala.info\\\/2009-2015\\\/ps-se-i-duhet-identitet-jo-te-kopjoje-berishen\\\/\"},\"author\":{\"name\":\"admin\",\"@id\":\"https:\\\/\\\/fjala.info\\\/2009-2015\\\/#\\\/schema\\\/person\\\/3aa1163ef05469c496fc94e77611ada2\"},\"headline\":\"PS-s\u00eb i duhet identitet, jo t\u00eb kopjoj\u00eb Berish\u00ebn\",\"datePublished\":\"2010-04-19T21:48:27+00:00\",\"mainEntityOfPage\":{\"@id\":\"https:\\\/\\\/fjala.info\\\/2009-2015\\\/ps-se-i-duhet-identitet-jo-te-kopjoje-berishen\\\/\"},\"wordCount\":4798,\"commentCount\":0,\"publisher\":{\"@id\":\"https:\\\/\\\/fjala.info\\\/2009-2015\\\/#organization\"},\"image\":{\"@id\":\"https:\\\/\\\/fjala.info\\\/2009-2015\\\/ps-se-i-duhet-identitet-jo-te-kopjoje-berishen\\\/#primaryimage\"},\"thumbnailUrl\":\"http:\\\/\\\/www.shkoder.net\\\/images\\\/fjala\\\/2010\\\/erjon_brace.jpg\",\"articleSection\":[\"Artikuj\"],\"inLanguage\":\"sq-AL\",\"potentialAction\":[{\"@type\":\"CommentAction\",\"name\":\"Comment\",\"target\":[\"https:\\\/\\\/fjala.info\\\/2009-2015\\\/ps-se-i-duhet-identitet-jo-te-kopjoje-berishen\\\/#respond\"]}]},{\"@type\":\"WebPage\",\"@id\":\"https:\\\/\\\/fjala.info\\\/2009-2015\\\/ps-se-i-duhet-identitet-jo-te-kopjoje-berishen\\\/\",\"url\":\"https:\\\/\\\/fjala.info\\\/2009-2015\\\/ps-se-i-duhet-identitet-jo-te-kopjoje-berishen\\\/\",\"name\":\"PS-s\u00eb i duhet identitet, jo t\u00eb kopjoj\u00eb Berish\u00ebn - FjALA e LIR\u00cb - Arkivi\",\"isPartOf\":{\"@id\":\"https:\\\/\\\/fjala.info\\\/2009-2015\\\/#website\"},\"primaryImageOfPage\":{\"@id\":\"https:\\\/\\\/fjala.info\\\/2009-2015\\\/ps-se-i-duhet-identitet-jo-te-kopjoje-berishen\\\/#primaryimage\"},\"image\":{\"@id\":\"https:\\\/\\\/fjala.info\\\/2009-2015\\\/ps-se-i-duhet-identitet-jo-te-kopjoje-berishen\\\/#primaryimage\"},\"thumbnailUrl\":\"http:\\\/\\\/www.shkoder.net\\\/images\\\/fjala\\\/2010\\\/erjon_brace.jpg\",\"datePublished\":\"2010-04-19T21:48:27+00:00\",\"breadcrumb\":{\"@id\":\"https:\\\/\\\/fjala.info\\\/2009-2015\\\/ps-se-i-duhet-identitet-jo-te-kopjoje-berishen\\\/#breadcrumb\"},\"inLanguage\":\"sq-AL\",\"potentialAction\":[{\"@type\":\"ReadAction\",\"target\":[\"https:\\\/\\\/fjala.info\\\/2009-2015\\\/ps-se-i-duhet-identitet-jo-te-kopjoje-berishen\\\/\"]}]},{\"@type\":\"ImageObject\",\"inLanguage\":\"sq-AL\",\"@id\":\"https:\\\/\\\/fjala.info\\\/2009-2015\\\/ps-se-i-duhet-identitet-jo-te-kopjoje-berishen\\\/#primaryimage\",\"url\":\"http:\\\/\\\/www.shkoder.net\\\/images\\\/fjala\\\/2010\\\/erjon_brace.jpg\",\"contentUrl\":\"http:\\\/\\\/www.shkoder.net\\\/images\\\/fjala\\\/2010\\\/erjon_brace.jpg\"},{\"@type\":\"BreadcrumbList\",\"@id\":\"https:\\\/\\\/fjala.info\\\/2009-2015\\\/ps-se-i-duhet-identitet-jo-te-kopjoje-berishen\\\/#breadcrumb\",\"itemListElement\":[{\"@type\":\"ListItem\",\"position\":1,\"name\":\"Home\",\"item\":\"https:\\\/\\\/fjala.info\\\/2009-2015\\\/\"},{\"@type\":\"ListItem\",\"position\":2,\"name\":\"PS-s\u00eb i duhet identitet, jo t\u00eb kopjoj\u00eb Berish\u00ebn\"}]},{\"@type\":\"WebSite\",\"@id\":\"https:\\\/\\\/fjala.info\\\/2009-2015\\\/#website\",\"url\":\"https:\\\/\\\/fjala.info\\\/2009-2015\\\/\",\"name\":\"FjALA e LIR\u00cb - Arkivi\",\"description\":\"Arkivi 2009-2015\",\"publisher\":{\"@id\":\"https:\\\/\\\/fjala.info\\\/2009-2015\\\/#organization\"},\"potentialAction\":[{\"@type\":\"SearchAction\",\"target\":{\"@type\":\"EntryPoint\",\"urlTemplate\":\"https:\\\/\\\/fjala.info\\\/2009-2015\\\/?s={search_term_string}\"},\"query-input\":{\"@type\":\"PropertyValueSpecification\",\"valueRequired\":true,\"valueName\":\"search_term_string\"}}],\"inLanguage\":\"sq-AL\"},{\"@type\":\"Organization\",\"@id\":\"https:\\\/\\\/fjala.info\\\/2009-2015\\\/#organization\",\"name\":\"FjALA e LIR\u00cb - Arkivi\",\"url\":\"https:\\\/\\\/fjala.info\\\/2009-2015\\\/\",\"logo\":{\"@type\":\"ImageObject\",\"inLanguage\":\"sq-AL\",\"@id\":\"https:\\\/\\\/fjala.info\\\/2009-2015\\\/#\\\/schema\\\/logo\\\/image\\\/\",\"url\":\"\",\"contentUrl\":\"\",\"caption\":\"FjALA e LIR\u00cb - Arkivi\"},\"image\":{\"@id\":\"https:\\\/\\\/fjala.info\\\/2009-2015\\\/#\\\/schema\\\/logo\\\/image\\\/\"}},{\"@type\":\"Person\",\"@id\":\"https:\\\/\\\/fjala.info\\\/2009-2015\\\/#\\\/schema\\\/person\\\/3aa1163ef05469c496fc94e77611ada2\",\"name\":\"admin\",\"image\":{\"@type\":\"ImageObject\",\"inLanguage\":\"sq-AL\",\"@id\":\"https:\\\/\\\/fjala.info\\\/2009-2015\\\/wp-content\\\/uploads\\\/2012\\\/02\\\/arben_cokaj-120x150.jpg\",\"url\":\"https:\\\/\\\/fjala.info\\\/2009-2015\\\/wp-content\\\/uploads\\\/2012\\\/02\\\/arben_cokaj-120x150.jpg\",\"contentUrl\":\"https:\\\/\\\/fjala.info\\\/2009-2015\\\/wp-content\\\/uploads\\\/2012\\\/02\\\/arben_cokaj-120x150.jpg\",\"caption\":\"admin\"},\"description\":\"Admin, Fjala e Lir\u00eb\",\"sameAs\":[\"https:\\\/\\\/fjala.info\\\/\"],\"url\":\"https:\\\/\\\/fjala.info\\\/2009-2015\\\/author\\\/admin\\\/\"}]}<\/script>\n<!-- \/ Yoast SEO plugin. -->","yoast_head_json":{"title":"PS-s\u00eb i duhet identitet, jo t\u00eb kopjoj\u00eb Berish\u00ebn - FjALA e LIR\u00cb - Arkivi","robots":{"index":"index","follow":"follow","max-snippet":"max-snippet:-1","max-image-preview":"max-image-preview:large","max-video-preview":"max-video-preview:-1"},"canonical":"https:\/\/fjala.info\/2009-2015\/ps-se-i-duhet-identitet-jo-te-kopjoje-berishen\/","og_locale":"sq_AL","og_type":"article","og_title":"PS-s\u00eb i duhet identitet, jo t\u00eb kopjoj\u00eb Berish\u00ebn - FjALA e LIR\u00cb - Arkivi","og_description":"Nga: ERJON BRACE Jemi mbledhur shpesh n\u00eb harkun e k\u00ebtij viti, por nuk kemi qen\u00eb m\u00eb pran\u00eb. Kemi folur m\u00eb shum\u00eb me nj\u00ebri-tjetrin, por shpesh nuk jemi marr\u00eb vesh. Kemi debatuar m\u00eb shum\u00eb, individualisht apo n\u00eb grup, por vendimi nuk ka qen\u00eb i p\u00ebrbashk\u00ebt. Kemi votuar m\u00eb shum\u00eb e m\u00eb t\u00eb shumt\u00eb, por zgjedhja e [&hellip;]","og_url":"https:\/\/fjala.info\/2009-2015\/ps-se-i-duhet-identitet-jo-te-kopjoje-berishen\/","og_site_name":"FjALA e LIR\u00cb - Arkivi","article_published_time":"2010-04-19T21:48:27+00:00","og_image":[{"url":"http:\/\/www.shkoder.net\/images\/fjala\/2010\/erjon_brace.jpg","type":"","width":"","height":""}],"author":"admin","twitter_card":"summary_large_image","twitter_misc":{"Written by":"admin","Est. reading time":"24 minutes"},"schema":{"@context":"https:\/\/schema.org","@graph":[{"@type":"Article","@id":"https:\/\/fjala.info\/2009-2015\/ps-se-i-duhet-identitet-jo-te-kopjoje-berishen\/#article","isPartOf":{"@id":"https:\/\/fjala.info\/2009-2015\/ps-se-i-duhet-identitet-jo-te-kopjoje-berishen\/"},"author":{"name":"admin","@id":"https:\/\/fjala.info\/2009-2015\/#\/schema\/person\/3aa1163ef05469c496fc94e77611ada2"},"headline":"PS-s\u00eb i duhet identitet, jo t\u00eb kopjoj\u00eb Berish\u00ebn","datePublished":"2010-04-19T21:48:27+00:00","mainEntityOfPage":{"@id":"https:\/\/fjala.info\/2009-2015\/ps-se-i-duhet-identitet-jo-te-kopjoje-berishen\/"},"wordCount":4798,"commentCount":0,"publisher":{"@id":"https:\/\/fjala.info\/2009-2015\/#organization"},"image":{"@id":"https:\/\/fjala.info\/2009-2015\/ps-se-i-duhet-identitet-jo-te-kopjoje-berishen\/#primaryimage"},"thumbnailUrl":"http:\/\/www.shkoder.net\/images\/fjala\/2010\/erjon_brace.jpg","articleSection":["Artikuj"],"inLanguage":"sq-AL","potentialAction":[{"@type":"CommentAction","name":"Comment","target":["https:\/\/fjala.info\/2009-2015\/ps-se-i-duhet-identitet-jo-te-kopjoje-berishen\/#respond"]}]},{"@type":"WebPage","@id":"https:\/\/fjala.info\/2009-2015\/ps-se-i-duhet-identitet-jo-te-kopjoje-berishen\/","url":"https:\/\/fjala.info\/2009-2015\/ps-se-i-duhet-identitet-jo-te-kopjoje-berishen\/","name":"PS-s\u00eb i duhet identitet, jo t\u00eb kopjoj\u00eb Berish\u00ebn - FjALA e LIR\u00cb - Arkivi","isPartOf":{"@id":"https:\/\/fjala.info\/2009-2015\/#website"},"primaryImageOfPage":{"@id":"https:\/\/fjala.info\/2009-2015\/ps-se-i-duhet-identitet-jo-te-kopjoje-berishen\/#primaryimage"},"image":{"@id":"https:\/\/fjala.info\/2009-2015\/ps-se-i-duhet-identitet-jo-te-kopjoje-berishen\/#primaryimage"},"thumbnailUrl":"http:\/\/www.shkoder.net\/images\/fjala\/2010\/erjon_brace.jpg","datePublished":"2010-04-19T21:48:27+00:00","breadcrumb":{"@id":"https:\/\/fjala.info\/2009-2015\/ps-se-i-duhet-identitet-jo-te-kopjoje-berishen\/#breadcrumb"},"inLanguage":"sq-AL","potentialAction":[{"@type":"ReadAction","target":["https:\/\/fjala.info\/2009-2015\/ps-se-i-duhet-identitet-jo-te-kopjoje-berishen\/"]}]},{"@type":"ImageObject","inLanguage":"sq-AL","@id":"https:\/\/fjala.info\/2009-2015\/ps-se-i-duhet-identitet-jo-te-kopjoje-berishen\/#primaryimage","url":"http:\/\/www.shkoder.net\/images\/fjala\/2010\/erjon_brace.jpg","contentUrl":"http:\/\/www.shkoder.net\/images\/fjala\/2010\/erjon_brace.jpg"},{"@type":"BreadcrumbList","@id":"https:\/\/fjala.info\/2009-2015\/ps-se-i-duhet-identitet-jo-te-kopjoje-berishen\/#breadcrumb","itemListElement":[{"@type":"ListItem","position":1,"name":"Home","item":"https:\/\/fjala.info\/2009-2015\/"},{"@type":"ListItem","position":2,"name":"PS-s\u00eb i duhet identitet, jo t\u00eb kopjoj\u00eb Berish\u00ebn"}]},{"@type":"WebSite","@id":"https:\/\/fjala.info\/2009-2015\/#website","url":"https:\/\/fjala.info\/2009-2015\/","name":"FjALA e LIR\u00cb - Arkivi","description":"Arkivi 2009-2015","publisher":{"@id":"https:\/\/fjala.info\/2009-2015\/#organization"},"potentialAction":[{"@type":"SearchAction","target":{"@type":"EntryPoint","urlTemplate":"https:\/\/fjala.info\/2009-2015\/?s={search_term_string}"},"query-input":{"@type":"PropertyValueSpecification","valueRequired":true,"valueName":"search_term_string"}}],"inLanguage":"sq-AL"},{"@type":"Organization","@id":"https:\/\/fjala.info\/2009-2015\/#organization","name":"FjALA e LIR\u00cb - Arkivi","url":"https:\/\/fjala.info\/2009-2015\/","logo":{"@type":"ImageObject","inLanguage":"sq-AL","@id":"https:\/\/fjala.info\/2009-2015\/#\/schema\/logo\/image\/","url":"","contentUrl":"","caption":"FjALA e LIR\u00cb - Arkivi"},"image":{"@id":"https:\/\/fjala.info\/2009-2015\/#\/schema\/logo\/image\/"}},{"@type":"Person","@id":"https:\/\/fjala.info\/2009-2015\/#\/schema\/person\/3aa1163ef05469c496fc94e77611ada2","name":"admin","image":{"@type":"ImageObject","inLanguage":"sq-AL","@id":"https:\/\/fjala.info\/2009-2015\/wp-content\/uploads\/2012\/02\/arben_cokaj-120x150.jpg","url":"https:\/\/fjala.info\/2009-2015\/wp-content\/uploads\/2012\/02\/arben_cokaj-120x150.jpg","contentUrl":"https:\/\/fjala.info\/2009-2015\/wp-content\/uploads\/2012\/02\/arben_cokaj-120x150.jpg","caption":"admin"},"description":"Admin, Fjala e Lir\u00eb","sameAs":["https:\/\/fjala.info\/"],"url":"https:\/\/fjala.info\/2009-2015\/author\/admin\/"}]}},"_links":{"self":[{"href":"https:\/\/fjala.info\/2009-2015\/wp-json\/wp\/v2\/posts\/2298","targetHints":{"allow":["GET"]}}],"collection":[{"href":"https:\/\/fjala.info\/2009-2015\/wp-json\/wp\/v2\/posts"}],"about":[{"href":"https:\/\/fjala.info\/2009-2015\/wp-json\/wp\/v2\/types\/post"}],"author":[{"embeddable":true,"href":"https:\/\/fjala.info\/2009-2015\/wp-json\/wp\/v2\/users\/1"}],"replies":[{"embeddable":true,"href":"https:\/\/fjala.info\/2009-2015\/wp-json\/wp\/v2\/comments?post=2298"}],"version-history":[{"count":0,"href":"https:\/\/fjala.info\/2009-2015\/wp-json\/wp\/v2\/posts\/2298\/revisions"}],"wp:attachment":[{"href":"https:\/\/fjala.info\/2009-2015\/wp-json\/wp\/v2\/media?parent=2298"}],"wp:term":[{"taxonomy":"category","embeddable":true,"href":"https:\/\/fjala.info\/2009-2015\/wp-json\/wp\/v2\/categories?post=2298"},{"taxonomy":"post_tag","embeddable":true,"href":"https:\/\/fjala.info\/2009-2015\/wp-json\/wp\/v2\/tags?post=2298"}],"curies":[{"name":"wp","href":"https:\/\/api.w.org\/{rel}","templated":true}]}}