{"id":2294,"date":"2010-04-19T21:59:10","date_gmt":"2010-04-19T20:59:10","guid":{"rendered":"http:\/\/fjala.shkoder.net\/?p=2294"},"modified":"2010-04-19T21:59:10","modified_gmt":"2010-04-19T20:59:10","slug":"kur-tolerojme-te-keqen","status":"publish","type":"post","link":"https:\/\/fjala.info\/2009-2015\/kur-tolerojme-te-keqen\/","title":{"rendered":"Kur tolerojm\u00eb t\u00eb keqen"},"content":{"rendered":"<p><img decoding=\"async\" style=\"margin-left: 10px; margin-right: 10px; border: 0px;\" src=\"http:\/\/www.shkoder.net\/images\/fjala\/naser_aliu.jpg\" border=\"0\" alt=\"Naser Aliu\" width=\"150\" align=\"right\" \/><\/p>\n<p><strong>Naser Aliu<\/strong>, <em>19.04.2010<\/em><\/p>\n<p>D\u00ebgjo gjykat\u00eb! N\u00ebse v\u00ebrtet\u00eb je e pavarur, at\u00ebher\u00eb respekto ligjin! Mjafton t\u00eb rishikohen skenat nga Kuvendi dhe aty i gjen provat. Nuk mund t\u00eb besohet se nuk i ke par\u00eb dhe nuk ke mbetur goj\u00ebhapur!<\/p>\n<p>T\u00eb d\u00ebmtuarit mund t\u00b4i falin sharjet t\u00eb b\u00ebra nga tempulli i popullit, por gjykata duhet ta nd\u00ebshkoj\u00eb thyerjen e ligjit. N\u00ebse je parimore, at\u00ebher\u00eb do t\u00eb kemi nj\u00eb kryeminist\u00ebr t\u00eb d\u00ebnuar apo m\u00eb mir\u00eb t\u00eb gjobitur. Nj\u00eb milion euro do t\u00b4ishte korrekte. N\u00ebse mendon se nuk i ka, i gj\u00ebn\u00eb n\u00eb rrethin e vet! Ata i kan\u00eb!<\/p>\n<p>Dhuratat e Muskatorit*: P\u00ebr ta fituar mb\u00ebshtetjen dhe simpatin\u00eb greke, vendosi n\u00eb krye t\u00eb Kish\u00ebs s\u00eb Nolit nj\u00eb grek. P\u00ebr ta fituar simpatin\u00eb dhe mb\u00ebshtetjen e arab\u00ebve, an\u00ebtar\u00ebsoi Shqip\u00ebrin\u00eb n\u00eb Konferenc\u00ebn Islamike, ku nuk ka asnj\u00eb ndikim dhe ku shumica e an\u00ebtar\u00ebve t\u00eb saj tregohen pro-serb. P\u00ebr ta fituar simpatin\u00eb e Pap\u00ebs, u gjunj\u00ebzua para tij. Grek\u00ebve nuk u mjaftoi dhurata e par\u00eb, n\u00ebnshkroi dhurat\u00ebn e dyt\u00eb: faljen e detit.<\/p>\n<p>Nuk i k\u00ebrkoi falje as popullit, as zotit Myslim Pasha, q\u00eb me fakte e denoncoi. Vendeve islamike nuk u mjafton an\u00ebtar\u00ebsimi, nuk dim\u00eb se \u00e7ka ka nd\u00ebrmend t\u00eb b\u00ebj\u00eb p\u00ebr ta. P\u00ebr ta fituar simpatin\u00eb e shqiptar\u00ebve nuk b\u00ebn gj\u00eb. Shqiptar\u00ebt mund t\u00eb votojn\u00eb k\u00eb t\u00eb duan dhe si t\u00eb duan, por ai do t\u00eb fitoj\u00eb&#8230;<\/p>\n<p>E dini \u00e7&#8217;ndodh kur themi t\u00eb gjith\u00eb: &#8220;Hapni rrug\u00ebn&#8221;! Kur themi: &#8220;Mos u merr me t\u00eb se \u00ebsht\u00eb i rreziksh\u00ebm!&#8221; apo &#8220;L\u00ebshoja rrug\u00ebn se \u00ebsht\u00eb i \u00e7mendur!&#8221;. Ne e dim\u00eb se \u00e7&#8217;ndodh, sepse dikur e prodhuam nj\u00eb diktator. Kur t\u00eb gjith\u00eb disiplinohemi, vet\u00eb-sugjestionohemi dhe vet\u00eb-censurohemi, at\u00ebher\u00eb do t\u00eb ikim si turm\u00eb e pakrye n\u00eb trotuar.<\/p>\n<p>Ai n\u00eb rrug\u00ebn e hapur do t\u00eb nis\u00eb marshin kryelart\u00eb dhe do t\u00eb shfryt\u00ebzoj\u00eb mund\u00ebsin\u00eb ideale p\u00ebr t\u00eb marr\u00eb pushtetin! Dhe, e merr! N\u00ebse e lejojm\u00eb akoma, ne nuk do t\u00eb kemi m\u00eb guxim t\u00eb merremi me t\u00eb, por m\u00eb pas do t\u00eb jet\u00eb ai q\u00eb do t\u00eb ket\u00eb guxim e fytyr\u00eb t\u00eb merret me ne! Dhe, do t\u00eb merret, sepse na imponoi frik\u00eb, na imponoi disiplin\u00ebn dhe ne nuk kund\u00ebrshtuam! E merituam, e kishim fat!<\/p>\n<p>Obama i ftoi p\u00ebr dark\u00eb n\u00eb Prag\u00eb p\u00ebrfaq\u00ebsuesit e nj\u00ebmb\u00ebdhjet\u00eb vende ish-komuniste. Shqip\u00ebrin\u00eb e Sali Berish\u00ebs, jo. Shqip\u00ebria e gjor\u00eb, e vetmja prej 11 vendeve ish-komuniste qeveriset ende nga nj\u00eb bashkan\u00ebtar i Enver Hoxh\u00ebs!<\/p>\n<p>D\u00ebgjo Europ\u00eb! Gati pes\u00eb dekada na mbylli der\u00ebn nga brenda diktatura staliniste. Gati dy dekada na mbylli der\u00ebn nga jasht\u00eb demokracia europiane. Nuk na d\u00ebshp\u00ebroi kjo, ishim m\u00ebsuar me dyer t\u00eb mbyllura, por na habiti \u00e7el\u00ebsi, q\u00eb p\u00ebrdori demokracia. Ishte gati po ai \u00e7el\u00ebs me efekte dhe rezultate t\u00eb nj\u00ebjta denigruese. Mir\u00ebpo, megjith\u00ebk\u00ebt\u00eb, t\u00eb duam m\u00eb shum\u00eb se diktatur\u00ebn.<\/p>\n<p>Sidoqoft\u00eb n\u00eb Ballkan p\u00ebrs\u00ebri dol\u00ebn fitimtar ata q\u00eb vran\u00eb m\u00eb shum\u00eb. Bosnja dhe Kosova po humbin edhe nj\u00eb her\u00eb. N\u00eb koh\u00ebn e komunizmit ju kritikonit vizat, sot po d\u00ebnoni kombe, q\u00eb kan\u00eb aq banor\u00eb sa nj\u00eb qytet n\u00eb Per\u00ebndim! Ata nuk po pretendojn\u00eb pjat\u00ebn tuaj, por lirin\u00eb e l\u00ebvizjes, sepse europian jan\u00eb!<\/p>\n<p>Dhe n\u00eb fund i japim fjal\u00ebn Alber Einstein-it: &#8220;Bota nuk rrezikohet nga njer\u00ebzit e k\u00ebqij, por nga ata, q\u00eb tolerojn\u00eb t\u00eb keqen!<\/p>\n<p>*( <em>Muskator, shkurtese nga Mus-liman, kat-olik, or-todoks<\/em>)<\/p>\n","protected":false},"excerpt":{"rendered":"<p>Naser Aliu, 19.04.2010 D\u00ebgjo gjykat\u00eb! N\u00ebse v\u00ebrtet\u00eb je e pavarur, at\u00ebher\u00eb respekto ligjin! Mjafton t\u00eb rishikohen skenat nga Kuvendi dhe aty i gjen provat. Nuk mund t\u00eb besohet se nuk i ke par\u00eb dhe nuk ke mbetur goj\u00ebhapur! T\u00eb d\u00ebmtuarit mund t\u00b4i falin sharjet t\u00eb b\u00ebra nga tempulli i popullit, por gjykata duhet ta nd\u00ebshkoj\u00eb [&hellip;]<\/p>\n","protected":false},"author":1,"featured_media":0,"comment_status":"open","ping_status":"closed","sticky":false,"template":"","format":"standard","meta":{"footnotes":""},"categories":[2],"tags":[],"class_list":{"0":"post-2294","1":"post","2":"type-post","3":"status-publish","4":"format-standard","6":"category-artikuj"},"yoast_head":"<!-- This site is optimized with the Yoast SEO plugin v27.4 - https:\/\/yoast.com\/product\/yoast-seo-wordpress\/ -->\n<title>Kur tolerojm\u00eb t\u00eb keqen - FjALA e LIR\u00cb - Arkivi<\/title>\n<meta name=\"robots\" content=\"index, follow, max-snippet:-1, max-image-preview:large, max-video-preview:-1\" \/>\n<link rel=\"canonical\" href=\"https:\/\/fjala.info\/2009-2015\/kur-tolerojme-te-keqen\/\" \/>\n<meta property=\"og:locale\" content=\"sq_AL\" \/>\n<meta property=\"og:type\" content=\"article\" \/>\n<meta property=\"og:title\" content=\"Kur tolerojm\u00eb t\u00eb keqen - FjALA e LIR\u00cb - Arkivi\" \/>\n<meta property=\"og:description\" content=\"Naser Aliu, 19.04.2010 D\u00ebgjo gjykat\u00eb! N\u00ebse v\u00ebrtet\u00eb je e pavarur, at\u00ebher\u00eb respekto ligjin! Mjafton t\u00eb rishikohen skenat nga Kuvendi dhe aty i gjen provat. Nuk mund t\u00eb besohet se nuk i ke par\u00eb dhe nuk ke mbetur goj\u00ebhapur! T\u00eb d\u00ebmtuarit mund t\u00b4i falin sharjet t\u00eb b\u00ebra nga tempulli i popullit, por gjykata duhet ta nd\u00ebshkoj\u00eb [&hellip;]\" \/>\n<meta property=\"og:url\" content=\"https:\/\/fjala.info\/2009-2015\/kur-tolerojme-te-keqen\/\" \/>\n<meta property=\"og:site_name\" content=\"FjALA e LIR\u00cb - Arkivi\" \/>\n<meta property=\"article:published_time\" content=\"2010-04-19T20:59:10+00:00\" \/>\n<meta property=\"og:image\" content=\"http:\/\/www.shkoder.net\/images\/fjala\/naser_aliu.jpg\" \/>\n<meta name=\"author\" content=\"admin\" \/>\n<meta name=\"twitter:card\" content=\"summary_large_image\" \/>\n<meta name=\"twitter:label1\" content=\"Written by\" \/>\n\t<meta name=\"twitter:data1\" content=\"admin\" \/>\n\t<meta name=\"twitter:label2\" content=\"Est. reading time\" \/>\n\t<meta name=\"twitter:data2\" content=\"3 minutes\" \/>\n<script type=\"application\/ld+json\" class=\"yoast-schema-graph\">{\"@context\":\"https:\\\/\\\/schema.org\",\"@graph\":[{\"@type\":\"Article\",\"@id\":\"https:\\\/\\\/fjala.info\\\/2009-2015\\\/kur-tolerojme-te-keqen\\\/#article\",\"isPartOf\":{\"@id\":\"https:\\\/\\\/fjala.info\\\/2009-2015\\\/kur-tolerojme-te-keqen\\\/\"},\"author\":{\"name\":\"admin\",\"@id\":\"https:\\\/\\\/fjala.info\\\/2009-2015\\\/#\\\/schema\\\/person\\\/3aa1163ef05469c496fc94e77611ada2\"},\"headline\":\"Kur tolerojm\u00eb t\u00eb keqen\",\"datePublished\":\"2010-04-19T20:59:10+00:00\",\"mainEntityOfPage\":{\"@id\":\"https:\\\/\\\/fjala.info\\\/2009-2015\\\/kur-tolerojme-te-keqen\\\/\"},\"wordCount\":620,\"commentCount\":0,\"publisher\":{\"@id\":\"https:\\\/\\\/fjala.info\\\/2009-2015\\\/#organization\"},\"image\":{\"@id\":\"https:\\\/\\\/fjala.info\\\/2009-2015\\\/kur-tolerojme-te-keqen\\\/#primaryimage\"},\"thumbnailUrl\":\"http:\\\/\\\/www.shkoder.net\\\/images\\\/fjala\\\/naser_aliu.jpg\",\"articleSection\":[\"Artikuj\"],\"inLanguage\":\"sq-AL\",\"potentialAction\":[{\"@type\":\"CommentAction\",\"name\":\"Comment\",\"target\":[\"https:\\\/\\\/fjala.info\\\/2009-2015\\\/kur-tolerojme-te-keqen\\\/#respond\"]}]},{\"@type\":\"WebPage\",\"@id\":\"https:\\\/\\\/fjala.info\\\/2009-2015\\\/kur-tolerojme-te-keqen\\\/\",\"url\":\"https:\\\/\\\/fjala.info\\\/2009-2015\\\/kur-tolerojme-te-keqen\\\/\",\"name\":\"Kur tolerojm\u00eb t\u00eb keqen - FjALA e LIR\u00cb - Arkivi\",\"isPartOf\":{\"@id\":\"https:\\\/\\\/fjala.info\\\/2009-2015\\\/#website\"},\"primaryImageOfPage\":{\"@id\":\"https:\\\/\\\/fjala.info\\\/2009-2015\\\/kur-tolerojme-te-keqen\\\/#primaryimage\"},\"image\":{\"@id\":\"https:\\\/\\\/fjala.info\\\/2009-2015\\\/kur-tolerojme-te-keqen\\\/#primaryimage\"},\"thumbnailUrl\":\"http:\\\/\\\/www.shkoder.net\\\/images\\\/fjala\\\/naser_aliu.jpg\",\"datePublished\":\"2010-04-19T20:59:10+00:00\",\"breadcrumb\":{\"@id\":\"https:\\\/\\\/fjala.info\\\/2009-2015\\\/kur-tolerojme-te-keqen\\\/#breadcrumb\"},\"inLanguage\":\"sq-AL\",\"potentialAction\":[{\"@type\":\"ReadAction\",\"target\":[\"https:\\\/\\\/fjala.info\\\/2009-2015\\\/kur-tolerojme-te-keqen\\\/\"]}]},{\"@type\":\"ImageObject\",\"inLanguage\":\"sq-AL\",\"@id\":\"https:\\\/\\\/fjala.info\\\/2009-2015\\\/kur-tolerojme-te-keqen\\\/#primaryimage\",\"url\":\"http:\\\/\\\/www.shkoder.net\\\/images\\\/fjala\\\/naser_aliu.jpg\",\"contentUrl\":\"http:\\\/\\\/www.shkoder.net\\\/images\\\/fjala\\\/naser_aliu.jpg\"},{\"@type\":\"BreadcrumbList\",\"@id\":\"https:\\\/\\\/fjala.info\\\/2009-2015\\\/kur-tolerojme-te-keqen\\\/#breadcrumb\",\"itemListElement\":[{\"@type\":\"ListItem\",\"position\":1,\"name\":\"Home\",\"item\":\"https:\\\/\\\/fjala.info\\\/2009-2015\\\/\"},{\"@type\":\"ListItem\",\"position\":2,\"name\":\"Kur tolerojm\u00eb t\u00eb keqen\"}]},{\"@type\":\"WebSite\",\"@id\":\"https:\\\/\\\/fjala.info\\\/2009-2015\\\/#website\",\"url\":\"https:\\\/\\\/fjala.info\\\/2009-2015\\\/\",\"name\":\"FjALA e LIR\u00cb - Arkivi\",\"description\":\"Arkivi 2009-2015\",\"publisher\":{\"@id\":\"https:\\\/\\\/fjala.info\\\/2009-2015\\\/#organization\"},\"potentialAction\":[{\"@type\":\"SearchAction\",\"target\":{\"@type\":\"EntryPoint\",\"urlTemplate\":\"https:\\\/\\\/fjala.info\\\/2009-2015\\\/?s={search_term_string}\"},\"query-input\":{\"@type\":\"PropertyValueSpecification\",\"valueRequired\":true,\"valueName\":\"search_term_string\"}}],\"inLanguage\":\"sq-AL\"},{\"@type\":\"Organization\",\"@id\":\"https:\\\/\\\/fjala.info\\\/2009-2015\\\/#organization\",\"name\":\"FjALA e LIR\u00cb - Arkivi\",\"url\":\"https:\\\/\\\/fjala.info\\\/2009-2015\\\/\",\"logo\":{\"@type\":\"ImageObject\",\"inLanguage\":\"sq-AL\",\"@id\":\"https:\\\/\\\/fjala.info\\\/2009-2015\\\/#\\\/schema\\\/logo\\\/image\\\/\",\"url\":\"\",\"contentUrl\":\"\",\"caption\":\"FjALA e LIR\u00cb - Arkivi\"},\"image\":{\"@id\":\"https:\\\/\\\/fjala.info\\\/2009-2015\\\/#\\\/schema\\\/logo\\\/image\\\/\"}},{\"@type\":\"Person\",\"@id\":\"https:\\\/\\\/fjala.info\\\/2009-2015\\\/#\\\/schema\\\/person\\\/3aa1163ef05469c496fc94e77611ada2\",\"name\":\"admin\",\"image\":{\"@type\":\"ImageObject\",\"inLanguage\":\"sq-AL\",\"@id\":\"https:\\\/\\\/fjala.info\\\/2009-2015\\\/wp-content\\\/uploads\\\/2012\\\/02\\\/arben_cokaj-120x150.jpg\",\"url\":\"https:\\\/\\\/fjala.info\\\/2009-2015\\\/wp-content\\\/uploads\\\/2012\\\/02\\\/arben_cokaj-120x150.jpg\",\"contentUrl\":\"https:\\\/\\\/fjala.info\\\/2009-2015\\\/wp-content\\\/uploads\\\/2012\\\/02\\\/arben_cokaj-120x150.jpg\",\"caption\":\"admin\"},\"description\":\"Admin, Fjala e Lir\u00eb\",\"sameAs\":[\"https:\\\/\\\/fjala.info\\\/\"],\"url\":\"https:\\\/\\\/fjala.info\\\/2009-2015\\\/author\\\/admin\\\/\"}]}<\/script>\n<!-- \/ Yoast SEO plugin. -->","yoast_head_json":{"title":"Kur tolerojm\u00eb t\u00eb keqen - FjALA e LIR\u00cb - Arkivi","robots":{"index":"index","follow":"follow","max-snippet":"max-snippet:-1","max-image-preview":"max-image-preview:large","max-video-preview":"max-video-preview:-1"},"canonical":"https:\/\/fjala.info\/2009-2015\/kur-tolerojme-te-keqen\/","og_locale":"sq_AL","og_type":"article","og_title":"Kur tolerojm\u00eb t\u00eb keqen - FjALA e LIR\u00cb - Arkivi","og_description":"Naser Aliu, 19.04.2010 D\u00ebgjo gjykat\u00eb! N\u00ebse v\u00ebrtet\u00eb je e pavarur, at\u00ebher\u00eb respekto ligjin! Mjafton t\u00eb rishikohen skenat nga Kuvendi dhe aty i gjen provat. Nuk mund t\u00eb besohet se nuk i ke par\u00eb dhe nuk ke mbetur goj\u00ebhapur! T\u00eb d\u00ebmtuarit mund t\u00b4i falin sharjet t\u00eb b\u00ebra nga tempulli i popullit, por gjykata duhet ta nd\u00ebshkoj\u00eb [&hellip;]","og_url":"https:\/\/fjala.info\/2009-2015\/kur-tolerojme-te-keqen\/","og_site_name":"FjALA e LIR\u00cb - Arkivi","article_published_time":"2010-04-19T20:59:10+00:00","og_image":[{"url":"http:\/\/www.shkoder.net\/images\/fjala\/naser_aliu.jpg","type":"","width":"","height":""}],"author":"admin","twitter_card":"summary_large_image","twitter_misc":{"Written by":"admin","Est. reading time":"3 minutes"},"schema":{"@context":"https:\/\/schema.org","@graph":[{"@type":"Article","@id":"https:\/\/fjala.info\/2009-2015\/kur-tolerojme-te-keqen\/#article","isPartOf":{"@id":"https:\/\/fjala.info\/2009-2015\/kur-tolerojme-te-keqen\/"},"author":{"name":"admin","@id":"https:\/\/fjala.info\/2009-2015\/#\/schema\/person\/3aa1163ef05469c496fc94e77611ada2"},"headline":"Kur tolerojm\u00eb t\u00eb keqen","datePublished":"2010-04-19T20:59:10+00:00","mainEntityOfPage":{"@id":"https:\/\/fjala.info\/2009-2015\/kur-tolerojme-te-keqen\/"},"wordCount":620,"commentCount":0,"publisher":{"@id":"https:\/\/fjala.info\/2009-2015\/#organization"},"image":{"@id":"https:\/\/fjala.info\/2009-2015\/kur-tolerojme-te-keqen\/#primaryimage"},"thumbnailUrl":"http:\/\/www.shkoder.net\/images\/fjala\/naser_aliu.jpg","articleSection":["Artikuj"],"inLanguage":"sq-AL","potentialAction":[{"@type":"CommentAction","name":"Comment","target":["https:\/\/fjala.info\/2009-2015\/kur-tolerojme-te-keqen\/#respond"]}]},{"@type":"WebPage","@id":"https:\/\/fjala.info\/2009-2015\/kur-tolerojme-te-keqen\/","url":"https:\/\/fjala.info\/2009-2015\/kur-tolerojme-te-keqen\/","name":"Kur tolerojm\u00eb t\u00eb keqen - FjALA e LIR\u00cb - Arkivi","isPartOf":{"@id":"https:\/\/fjala.info\/2009-2015\/#website"},"primaryImageOfPage":{"@id":"https:\/\/fjala.info\/2009-2015\/kur-tolerojme-te-keqen\/#primaryimage"},"image":{"@id":"https:\/\/fjala.info\/2009-2015\/kur-tolerojme-te-keqen\/#primaryimage"},"thumbnailUrl":"http:\/\/www.shkoder.net\/images\/fjala\/naser_aliu.jpg","datePublished":"2010-04-19T20:59:10+00:00","breadcrumb":{"@id":"https:\/\/fjala.info\/2009-2015\/kur-tolerojme-te-keqen\/#breadcrumb"},"inLanguage":"sq-AL","potentialAction":[{"@type":"ReadAction","target":["https:\/\/fjala.info\/2009-2015\/kur-tolerojme-te-keqen\/"]}]},{"@type":"ImageObject","inLanguage":"sq-AL","@id":"https:\/\/fjala.info\/2009-2015\/kur-tolerojme-te-keqen\/#primaryimage","url":"http:\/\/www.shkoder.net\/images\/fjala\/naser_aliu.jpg","contentUrl":"http:\/\/www.shkoder.net\/images\/fjala\/naser_aliu.jpg"},{"@type":"BreadcrumbList","@id":"https:\/\/fjala.info\/2009-2015\/kur-tolerojme-te-keqen\/#breadcrumb","itemListElement":[{"@type":"ListItem","position":1,"name":"Home","item":"https:\/\/fjala.info\/2009-2015\/"},{"@type":"ListItem","position":2,"name":"Kur tolerojm\u00eb t\u00eb keqen"}]},{"@type":"WebSite","@id":"https:\/\/fjala.info\/2009-2015\/#website","url":"https:\/\/fjala.info\/2009-2015\/","name":"FjALA e LIR\u00cb - Arkivi","description":"Arkivi 2009-2015","publisher":{"@id":"https:\/\/fjala.info\/2009-2015\/#organization"},"potentialAction":[{"@type":"SearchAction","target":{"@type":"EntryPoint","urlTemplate":"https:\/\/fjala.info\/2009-2015\/?s={search_term_string}"},"query-input":{"@type":"PropertyValueSpecification","valueRequired":true,"valueName":"search_term_string"}}],"inLanguage":"sq-AL"},{"@type":"Organization","@id":"https:\/\/fjala.info\/2009-2015\/#organization","name":"FjALA e LIR\u00cb - Arkivi","url":"https:\/\/fjala.info\/2009-2015\/","logo":{"@type":"ImageObject","inLanguage":"sq-AL","@id":"https:\/\/fjala.info\/2009-2015\/#\/schema\/logo\/image\/","url":"","contentUrl":"","caption":"FjALA e LIR\u00cb - Arkivi"},"image":{"@id":"https:\/\/fjala.info\/2009-2015\/#\/schema\/logo\/image\/"}},{"@type":"Person","@id":"https:\/\/fjala.info\/2009-2015\/#\/schema\/person\/3aa1163ef05469c496fc94e77611ada2","name":"admin","image":{"@type":"ImageObject","inLanguage":"sq-AL","@id":"https:\/\/fjala.info\/2009-2015\/wp-content\/uploads\/2012\/02\/arben_cokaj-120x150.jpg","url":"https:\/\/fjala.info\/2009-2015\/wp-content\/uploads\/2012\/02\/arben_cokaj-120x150.jpg","contentUrl":"https:\/\/fjala.info\/2009-2015\/wp-content\/uploads\/2012\/02\/arben_cokaj-120x150.jpg","caption":"admin"},"description":"Admin, Fjala e Lir\u00eb","sameAs":["https:\/\/fjala.info\/"],"url":"https:\/\/fjala.info\/2009-2015\/author\/admin\/"}]}},"_links":{"self":[{"href":"https:\/\/fjala.info\/2009-2015\/wp-json\/wp\/v2\/posts\/2294","targetHints":{"allow":["GET"]}}],"collection":[{"href":"https:\/\/fjala.info\/2009-2015\/wp-json\/wp\/v2\/posts"}],"about":[{"href":"https:\/\/fjala.info\/2009-2015\/wp-json\/wp\/v2\/types\/post"}],"author":[{"embeddable":true,"href":"https:\/\/fjala.info\/2009-2015\/wp-json\/wp\/v2\/users\/1"}],"replies":[{"embeddable":true,"href":"https:\/\/fjala.info\/2009-2015\/wp-json\/wp\/v2\/comments?post=2294"}],"version-history":[{"count":0,"href":"https:\/\/fjala.info\/2009-2015\/wp-json\/wp\/v2\/posts\/2294\/revisions"}],"wp:attachment":[{"href":"https:\/\/fjala.info\/2009-2015\/wp-json\/wp\/v2\/media?parent=2294"}],"wp:term":[{"taxonomy":"category","embeddable":true,"href":"https:\/\/fjala.info\/2009-2015\/wp-json\/wp\/v2\/categories?post=2294"},{"taxonomy":"post_tag","embeddable":true,"href":"https:\/\/fjala.info\/2009-2015\/wp-json\/wp\/v2\/tags?post=2294"}],"curies":[{"name":"wp","href":"https:\/\/api.w.org\/{rel}","templated":true}]}}