{"id":2293,"date":"2012-03-29T21:40:06","date_gmt":"2012-03-29T20:40:06","guid":{"rendered":"http:\/\/fjala.shkoder.net\/?p=2293"},"modified":"2012-03-29T21:40:06","modified_gmt":"2012-03-29T20:40:06","slug":"te-rrezikuarit-nga-koalicioni-berisha-3","status":"publish","type":"post","link":"https:\/\/fjala.info\/2009-2015\/te-rrezikuarit-nga-koalicioni-berisha-3\/","title":{"rendered":"T\u00eb rrezikuarit nga koalicioni \u201cBerisha 3\u201d"},"content":{"rendered":"<p><img decoding=\"async\" class=\"alignright size-thumbnail wp-image-7236\" title=\"Mero Baze\" src=\"http:\/\/www.shkoder.net\/images\/fjala\/mero_baze1.jpg\" alt=\"\" width=\"150\" \/> Nga <strong>Mero Baze<\/strong>, <em>29 Mars 2012<\/em><\/p>\n<p>P\u00ebrpjekja e Berish\u00ebs p\u00ebr nj\u00eb mandat t\u00eb tret\u00eb p\u00ebrmes nj\u00eb koalicioni t\u00eb gjer\u00eb me premtime p\u00ebr poste administrative v\u00eb seriozisht n\u00eb pik\u00ebpyetje t\u00eb ardhmen e kreut t\u00eb republikan\u00ebve Fatmir Mediu si dhe aft\u00ebsin\u00eb e partis\u00eb s\u00eb \u00e7am\u00ebve p\u00ebr t\u2019u p\u00ebrfshir\u00eb n\u00eb parlament. Po ashtu aktor\u00eb t\u00eb tjer\u00eb t\u00eb r\u00ebnd\u00ebsish\u00ebm t\u00eb koalicionit si legalist\u00ebt ose ballist\u00ebt, duket se nuk kan\u00eb m\u00eb asgj\u00eb t\u00eb re p\u00ebr tu p\u00ebrt\u00ebrir\u00eb politikisht n\u00ebn nj\u00eb koalicion ku votat e dyta i merr t\u00eb gjitha L\u00ebvizja Socialiste p\u00ebr Integrim.<\/p>\n<p>N\u00eb k\u00ebto kushte Berisha duhet t\u00eb gjej\u00eb nj\u00eb formul\u00eb t\u00eb re zgjedhore p\u00ebr t\u00eb k\u00ebnaqur partner\u00ebt e koalicionit ose do t\u00eb gjendet para rrezikut q\u00eb partit\u00eb aleate t\u00eb tij t\u00eb spektrit t\u00eb djatht\u00eb t\u00eb shkojn\u00eb drejt koalicionit t\u00eb tret\u00eb q\u00eb mund t\u00eb formohet nga partia e zotit Topi. Duke qen\u00eb se ato jan\u00eb parti t\u00eb barabarta n\u00eb num\u00ebr, shanset e tyre p\u00ebr tu kualifikuar si t\u00eb dyta jan\u00eb m\u00eb t\u00eb m\u00ebdha brenda atij koalicioni se brenda koalicionit me LSI si pjes\u00eb p\u00ebrb\u00ebr\u00ebse ku ajo ka diferenc\u00eb t\u00eb madhe n\u00eb raport me ta.<\/p>\n<p>Por m\u00eb i rrezikuari nga aleanca me Berish\u00ebn mbetet kryetari i Partis\u00eb Republikane, Fatmir Mehdiu. Mediu, p\u00ebrve\u00e7se e ka t\u00eb sigurt q\u00eb nuk rizgjidhet m\u00eb deputet me LSI brenda koalicionit, ka shum\u00eb serioze \u00e7\u00ebshtjen e imunitetit t\u00eb tij. Fatmir Mediu shkon automatikisht para gjykat\u00ebs n\u00ebse nuk rifiton imunitetin me t\u00eb cilin ka shtyr\u00eb gjyqin. Ai ndryshe nga Ilir Meta hezitoi t\u00eb shkonte para gjykat\u00ebs, me t\u00eb cil\u00ebn mund ta kishte mbyllur gjyqin pa shum\u00eb kosto. Tashm\u00eb ai e ka gjyqin e hapur n\u00ebse nuk zgjidhet deputet dhe precedenti i gjykimit p\u00ebr Shefin e Shtabit t\u00eb P\u00ebrgjithsh\u00ebm e detyron at\u00eb t\u00eb d\u00ebnohet s\u00eb paku me gjasht\u00eb vite burg.<\/p>\n<p>N\u00eb k\u00ebto kushte Fatmir Mediu ose duhet t\u00eb k\u00ebrkoj\u00eb prej Berish\u00ebs t\u00eb hyj\u00eb n\u00eb list\u00ebn e Partis\u00eb Demokratike si deputet i sigurt, ose duhet t\u00eb marr\u00eb nj\u00eb vendim p\u00ebr aleancat e tij paraelektorale, pasi brenda koalicionit t\u00eb Berish\u00ebs gjith\u00eb deputet\u00ebt e partive t\u00eb vogla i mbledh sipas k\u00ebsaj formule partia e Ilir Met\u00ebs. Sikur Mediu t\u00eb mos kishte \u00e7\u00ebshtjen e imunitetit, ai mund t\u00eb rrinte i qet\u00eb, por ai e ka serioze mbijetes\u00ebn pa u gjykuar p\u00ebr shkak t\u00eb imunitetit dhe kjo ia rrit shum\u00eb pasigurin\u00eb.<\/p>\n<p>Nj\u00eb tjet\u00ebr parti e rrezikuar brenda koalicionit me Berish\u00ebn \u00ebsht\u00eb fraksioni \u00e7am i Shp\u00ebtim Idrizit. Deputeti i vet\u00ebm q\u00eb ata fituan si parti, Dashamir Tahiri, \u00ebsht\u00eb shk\u00ebputur prej tyre. Idrizi \u00ebsht\u00eb nj\u00eb deputet socialist q\u00eb ka tradhtuar votat e socialist\u00ebve p\u00ebr t\u2019iu p\u00ebrkushtuar besnik\u00ebris\u00eb ndaj \u00e7\u00ebshtjes \u00e7ame. N\u00ebse Tahiri kandidon vet\u00eb n\u00eb Vlor\u00eb, s\u00ebrish me nj\u00eb koalicion, qoft\u00eb ky i Berish\u00ebs, i Topit apo Ram\u00ebs, fraksioni \u00e7am i Idrizit b\u00ebhet i par\u00ebnd\u00ebsish\u00ebm dhe nuk p\u00ebrfaq\u00ebsohet dot n\u00eb Kuvend. Fuqia e deritanishme e partis\u00eb \u00e7ame ishte se ata kishin nj\u00eb mandat p\u00ebrmes formul\u00ebs s\u00eb koalicionit, por jan\u00eb partia q\u00eb kan\u00eb m\u00eb pak vota se t\u00eb tjer\u00ebt brenda koalicionit. K\u00ebshtu q\u00eb ata rrezikojn\u00eb t\u00eb p\u00ebrfundojn\u00eb me dhjet\u00eb mij\u00eb vota, pa marr\u00eb dot as deputet dhe as poste administrative.<\/p>\n<p>I nj\u00ebjti fat pret dhe fraksionin e minoritetit grek brenda qeveris\u00eb. Reputacioni i tyre ka marr fund, fillimisht nga p\u00ebrpjekja e Berish\u00ebs p\u00ebr t\u00eb p\u00ebr\u00e7ar\u00eb faktorin grek n\u00eb Shqip\u00ebri dhe p\u00ebr t\u00eb b\u00ebr\u00eb \u201cpartin\u00eb e tij greke\u201d. Fraksioni i Spiro Kser\u00ebs, i cili ka disa ndikime lokale n\u00eb Dervician dhe Sarand\u00eb, p\u00ebrfaq\u00ebson linj\u00ebn e grek\u00ebve t\u00eb moderuar q\u00eb jan\u00eb p\u00ebr bashk\u00ebjetes\u00eb dhe bashk\u00ebqeverisje dhe me fraksionin e partis\u00eb \u00e7ame. Kjo linj\u00eb n\u00eb t\u00eb v\u00ebrtet\u00eb i nxjerr ata nga ndikimi mbi pakic\u00ebn greke n\u00eb Shqip\u00ebri, pasi grek\u00ebt e moderuar t\u00eb Shqip\u00ebris\u00eb me leht\u00eb votojn\u00eb Partin\u00eb Socialiste se sa Berish\u00ebn.<\/p>\n<p>K\u00ebshtu q\u00eb ata si fraksion jan\u00eb n\u00eb vendin e gabuar, n\u00ebse llogarisim se pakica greke n\u00eb Shqip\u00ebri voton ose Partin\u00eb Socialiste ose partin\u00eb e t\u00eb drejtave t\u00eb njeriut. Grek\u00ebt m\u00eb nacionalist\u00eb jan\u00eb me Dulen, nd\u00ebrsa ata t\u00eb moderuarit, edhe pse duket sikur jan\u00eb n\u00eb qeveri me Berish\u00ebn, m\u00eb leht\u00eb votojn\u00eb socialist\u00ebt. Kjo u pa m\u00eb s\u00eb miri n\u00eb zgjedhjet e fundit lokale n\u00eb Sarand\u00eb, ku pavar\u00ebsisht aleancave, MEGA, parti e minoritetit grek, ishte n\u00eb koalicion me Berish\u00ebn dhe votoi m\u00eb shum\u00eb Stefan \u00c7ip\u00ebn, nd\u00ebrsa shum\u00eb krer\u00eb t\u00eb partis\u00eb s\u00eb Dules dhe an\u00ebtar\u00eb t\u00eb tij votuan Edmond Gjok\u00ebn, edhe pse ishin n\u00eb marr\u00ebveshje elektorale me Partin\u00eb Socialiste t\u00eb Ram\u00ebs.<\/p>\n<p>I paqart\u00eb mbetet fati i dy fraksioneve t\u00eb partis\u00eb s\u00eb Ballit dhe asaj t\u00eb Legalitetit. Dy partit\u00eb e Ballit, ku ajo e drejtuar nga Artur Rroshi \u00ebsht\u00eb pak m\u00eb e stabilizuar s\u00eb fundmi, jan\u00eb t\u00eb pashpresa p\u00ebr tu p\u00ebrfaq\u00ebsuar n\u00eb parlament dhe Berisha i mban t\u00eb p\u00ebr\u00e7ara pik\u00ebrisht q\u00eb t\u00eb mos ken\u00eb shanse t\u00eb marrin nj\u00eb deputet. Ata mund t\u00eb q\u00ebndrojn\u00eb brenda koalicionit me Berish\u00ebn pasi nuk humbasin gj\u00eb, por n\u00ebse arrijn\u00eb nj\u00eb marr\u00ebveshje p\u00ebr nj\u00eb list\u00eb t\u00eb p\u00ebrbashk\u00ebt, kan\u00eb shanse t\u00eb kapin ndonj\u00eb deputet dhe jasht\u00eb k\u00ebtij koalicioni.<\/p>\n<p>Partia e Legalitetit e Ekrem Spahis\u00eb do t\u00eb ishte harruar fare sikur Spahia t\u00eb mos b\u00ebhej i gjall\u00eb duke rr\u00ebmbyer hurin ndaj homoseksual\u00ebve. Edhe pse i shum\u00ebkritikuar, ai n\u00eb t\u00eb v\u00ebrtet\u00eb \u00ebsht\u00eb n\u00eb nj\u00eb pozicion t\u00eb qart\u00eb konservator, si\u00e7 jan\u00eb shum\u00eb konservator\u00eb n\u00eb bot\u00eb. Gjuha e tij e ashp\u00ebr ndaj homoseksual\u00ebve ka t\u00eb b\u00ebj\u00eb m\u00eb shum\u00eb me kufizimet n\u00eb fjalor se sa kufizimet e pozicionit politik q\u00eb i takojn\u00eb t\u00eb ket\u00eb. Por dhe ai \u00ebsht\u00eb ende i pashpres\u00eb p\u00ebr tu p\u00ebrfaq\u00ebsuar n\u00eb Kuvend. N\u00eb m\u00ebnyr\u00eb paradoksale, votat e legalist\u00ebve, ballist\u00ebve, republikan\u00ebve, \u00e7am\u00ebve e grek\u00ebve do t\u00eb shkojn\u00eb p\u00ebr deputet\u00ebt e Ilir Met\u00ebs, i cili mes t\u00eb tjerash ka shp\u00ebtuar p\u00ebrkoh\u00ebsisht dhe nga procesi penal q\u00eb \u00ebsht\u00eb hapur ndaj tij.<\/p>\n<p>Dhe \u00e7far\u00eb \u00ebsht\u00eb m\u00eb e pasigurt, ka t\u00eb b\u00ebj\u00eb me faktin se ku mund t\u2019i \u00e7oj\u00eb Ilir Meta k\u00ebto vota pas zgjedhjeve, n\u00ebse koalicioni i Edi Ram\u00ebs del i pari? Askush nuk v\u00eb dot bast p\u00ebr besnik\u00ebrin\u00eb e tij. I vetmi bast \u00ebsht\u00eb q\u00eb ai brenda koalicionit t\u00eb Berish\u00ebs i d\u00ebrrmon p\u00ebrfundimisht aleat\u00ebt e vegj\u00ebl t\u00eb Berish\u00ebs dhe \u00e7on para drejt\u00ebsis\u00eb Fatmir Mediun. Jasht\u00eb koalicionit, ai ul thuajse drejt zeros shanset t\u00eb p\u00ebrfaq\u00ebsohet n\u00eb parlament dhe rrit shanset q\u00eb dosjet e tij t\u00eb rihapen. P\u00ebr gjith\u00eb k\u00ebto arsye, ai po sillet si nj\u00eb partner i zem\u00ebruar me koalicionin aktual, n\u00eb pritje t\u00eb pazarit q\u00eb do t\u2019i japin p\u00ebr zgjedhjet e reja. Dhe deri at\u00ebher\u00eb vazhdon t\u00eb punoj me bllokun e vjet\u00ebr.<\/p>\n","protected":false},"excerpt":{"rendered":"<p>Nga Mero Baze, 29 Mars 2012 P\u00ebrpjekja e Berish\u00ebs p\u00ebr nj\u00eb mandat t\u00eb tret\u00eb p\u00ebrmes nj\u00eb koalicioni t\u00eb gjer\u00eb me premtime p\u00ebr poste administrative v\u00eb seriozisht n\u00eb pik\u00ebpyetje t\u00eb ardhmen e kreut t\u00eb republikan\u00ebve Fatmir Mediu si dhe aft\u00ebsin\u00eb e partis\u00eb s\u00eb \u00e7am\u00ebve p\u00ebr t\u2019u p\u00ebrfshir\u00eb n\u00eb parlament. Po ashtu aktor\u00eb t\u00eb tjer\u00eb t\u00eb r\u00ebnd\u00ebsish\u00ebm [&hellip;]<\/p>\n","protected":false},"author":1,"featured_media":0,"comment_status":"open","ping_status":"closed","sticky":false,"template":"","format":"standard","meta":{"footnotes":""},"categories":[2],"tags":[],"class_list":{"0":"post-2293","1":"post","2":"type-post","3":"status-publish","4":"format-standard","6":"category-artikuj"},"yoast_head":"<!-- This site is optimized with the Yoast SEO plugin v27.4 - https:\/\/yoast.com\/product\/yoast-seo-wordpress\/ -->\n<title>T\u00eb rrezikuarit nga koalicioni \u201cBerisha 3\u201d - FjALA e LIR\u00cb - Arkivi<\/title>\n<meta name=\"robots\" content=\"index, follow, max-snippet:-1, max-image-preview:large, max-video-preview:-1\" \/>\n<link rel=\"canonical\" href=\"https:\/\/fjala.info\/2009-2015\/te-rrezikuarit-nga-koalicioni-berisha-3\/\" \/>\n<meta property=\"og:locale\" content=\"sq_AL\" \/>\n<meta property=\"og:type\" content=\"article\" \/>\n<meta property=\"og:title\" content=\"T\u00eb rrezikuarit nga koalicioni \u201cBerisha 3\u201d - FjALA e LIR\u00cb - Arkivi\" \/>\n<meta property=\"og:description\" content=\"Nga Mero Baze, 29 Mars 2012 P\u00ebrpjekja e Berish\u00ebs p\u00ebr nj\u00eb mandat t\u00eb tret\u00eb p\u00ebrmes nj\u00eb koalicioni t\u00eb gjer\u00eb me premtime p\u00ebr poste administrative v\u00eb seriozisht n\u00eb pik\u00ebpyetje t\u00eb ardhmen e kreut t\u00eb republikan\u00ebve Fatmir Mediu si dhe aft\u00ebsin\u00eb e partis\u00eb s\u00eb \u00e7am\u00ebve p\u00ebr t\u2019u p\u00ebrfshir\u00eb n\u00eb parlament. Po ashtu aktor\u00eb t\u00eb tjer\u00eb t\u00eb r\u00ebnd\u00ebsish\u00ebm [&hellip;]\" \/>\n<meta property=\"og:url\" content=\"https:\/\/fjala.info\/2009-2015\/te-rrezikuarit-nga-koalicioni-berisha-3\/\" \/>\n<meta property=\"og:site_name\" content=\"FjALA e LIR\u00cb - Arkivi\" \/>\n<meta property=\"article:published_time\" content=\"2012-03-29T20:40:06+00:00\" \/>\n<meta property=\"og:image\" content=\"http:\/\/www.shkoder.net\/images\/fjala\/mero_baze1.jpg\" \/>\n<meta name=\"author\" content=\"admin\" \/>\n<meta name=\"twitter:card\" content=\"summary_large_image\" \/>\n<meta name=\"twitter:label1\" content=\"Written by\" \/>\n\t<meta name=\"twitter:data1\" content=\"admin\" \/>\n\t<meta name=\"twitter:label2\" content=\"Est. reading time\" \/>\n\t<meta name=\"twitter:data2\" content=\"6 minutes\" \/>\n<script type=\"application\/ld+json\" class=\"yoast-schema-graph\">{\"@context\":\"https:\\\/\\\/schema.org\",\"@graph\":[{\"@type\":\"Article\",\"@id\":\"https:\\\/\\\/fjala.info\\\/2009-2015\\\/te-rrezikuarit-nga-koalicioni-berisha-3\\\/#article\",\"isPartOf\":{\"@id\":\"https:\\\/\\\/fjala.info\\\/2009-2015\\\/te-rrezikuarit-nga-koalicioni-berisha-3\\\/\"},\"author\":{\"name\":\"admin\",\"@id\":\"https:\\\/\\\/fjala.info\\\/2009-2015\\\/#\\\/schema\\\/person\\\/3aa1163ef05469c496fc94e77611ada2\"},\"headline\":\"T\u00eb rrezikuarit nga koalicioni \u201cBerisha 3\u201d\",\"datePublished\":\"2012-03-29T20:40:06+00:00\",\"mainEntityOfPage\":{\"@id\":\"https:\\\/\\\/fjala.info\\\/2009-2015\\\/te-rrezikuarit-nga-koalicioni-berisha-3\\\/\"},\"wordCount\":1216,\"commentCount\":0,\"publisher\":{\"@id\":\"https:\\\/\\\/fjala.info\\\/2009-2015\\\/#organization\"},\"image\":{\"@id\":\"https:\\\/\\\/fjala.info\\\/2009-2015\\\/te-rrezikuarit-nga-koalicioni-berisha-3\\\/#primaryimage\"},\"thumbnailUrl\":\"http:\\\/\\\/www.shkoder.net\\\/images\\\/fjala\\\/mero_baze1.jpg\",\"articleSection\":[\"Artikuj\"],\"inLanguage\":\"sq-AL\",\"potentialAction\":[{\"@type\":\"CommentAction\",\"name\":\"Comment\",\"target\":[\"https:\\\/\\\/fjala.info\\\/2009-2015\\\/te-rrezikuarit-nga-koalicioni-berisha-3\\\/#respond\"]}]},{\"@type\":\"WebPage\",\"@id\":\"https:\\\/\\\/fjala.info\\\/2009-2015\\\/te-rrezikuarit-nga-koalicioni-berisha-3\\\/\",\"url\":\"https:\\\/\\\/fjala.info\\\/2009-2015\\\/te-rrezikuarit-nga-koalicioni-berisha-3\\\/\",\"name\":\"T\u00eb rrezikuarit nga koalicioni \u201cBerisha 3\u201d - FjALA e LIR\u00cb - Arkivi\",\"isPartOf\":{\"@id\":\"https:\\\/\\\/fjala.info\\\/2009-2015\\\/#website\"},\"primaryImageOfPage\":{\"@id\":\"https:\\\/\\\/fjala.info\\\/2009-2015\\\/te-rrezikuarit-nga-koalicioni-berisha-3\\\/#primaryimage\"},\"image\":{\"@id\":\"https:\\\/\\\/fjala.info\\\/2009-2015\\\/te-rrezikuarit-nga-koalicioni-berisha-3\\\/#primaryimage\"},\"thumbnailUrl\":\"http:\\\/\\\/www.shkoder.net\\\/images\\\/fjala\\\/mero_baze1.jpg\",\"datePublished\":\"2012-03-29T20:40:06+00:00\",\"breadcrumb\":{\"@id\":\"https:\\\/\\\/fjala.info\\\/2009-2015\\\/te-rrezikuarit-nga-koalicioni-berisha-3\\\/#breadcrumb\"},\"inLanguage\":\"sq-AL\",\"potentialAction\":[{\"@type\":\"ReadAction\",\"target\":[\"https:\\\/\\\/fjala.info\\\/2009-2015\\\/te-rrezikuarit-nga-koalicioni-berisha-3\\\/\"]}]},{\"@type\":\"ImageObject\",\"inLanguage\":\"sq-AL\",\"@id\":\"https:\\\/\\\/fjala.info\\\/2009-2015\\\/te-rrezikuarit-nga-koalicioni-berisha-3\\\/#primaryimage\",\"url\":\"http:\\\/\\\/www.shkoder.net\\\/images\\\/fjala\\\/mero_baze1.jpg\",\"contentUrl\":\"http:\\\/\\\/www.shkoder.net\\\/images\\\/fjala\\\/mero_baze1.jpg\"},{\"@type\":\"BreadcrumbList\",\"@id\":\"https:\\\/\\\/fjala.info\\\/2009-2015\\\/te-rrezikuarit-nga-koalicioni-berisha-3\\\/#breadcrumb\",\"itemListElement\":[{\"@type\":\"ListItem\",\"position\":1,\"name\":\"Home\",\"item\":\"https:\\\/\\\/fjala.info\\\/2009-2015\\\/\"},{\"@type\":\"ListItem\",\"position\":2,\"name\":\"T\u00eb rrezikuarit nga koalicioni \u201cBerisha 3\u201d\"}]},{\"@type\":\"WebSite\",\"@id\":\"https:\\\/\\\/fjala.info\\\/2009-2015\\\/#website\",\"url\":\"https:\\\/\\\/fjala.info\\\/2009-2015\\\/\",\"name\":\"FjALA e LIR\u00cb - Arkivi\",\"description\":\"Arkivi 2009-2015\",\"publisher\":{\"@id\":\"https:\\\/\\\/fjala.info\\\/2009-2015\\\/#organization\"},\"potentialAction\":[{\"@type\":\"SearchAction\",\"target\":{\"@type\":\"EntryPoint\",\"urlTemplate\":\"https:\\\/\\\/fjala.info\\\/2009-2015\\\/?s={search_term_string}\"},\"query-input\":{\"@type\":\"PropertyValueSpecification\",\"valueRequired\":true,\"valueName\":\"search_term_string\"}}],\"inLanguage\":\"sq-AL\"},{\"@type\":\"Organization\",\"@id\":\"https:\\\/\\\/fjala.info\\\/2009-2015\\\/#organization\",\"name\":\"FjALA e LIR\u00cb - Arkivi\",\"url\":\"https:\\\/\\\/fjala.info\\\/2009-2015\\\/\",\"logo\":{\"@type\":\"ImageObject\",\"inLanguage\":\"sq-AL\",\"@id\":\"https:\\\/\\\/fjala.info\\\/2009-2015\\\/#\\\/schema\\\/logo\\\/image\\\/\",\"url\":\"\",\"contentUrl\":\"\",\"caption\":\"FjALA e LIR\u00cb - Arkivi\"},\"image\":{\"@id\":\"https:\\\/\\\/fjala.info\\\/2009-2015\\\/#\\\/schema\\\/logo\\\/image\\\/\"}},{\"@type\":\"Person\",\"@id\":\"https:\\\/\\\/fjala.info\\\/2009-2015\\\/#\\\/schema\\\/person\\\/3aa1163ef05469c496fc94e77611ada2\",\"name\":\"admin\",\"image\":{\"@type\":\"ImageObject\",\"inLanguage\":\"sq-AL\",\"@id\":\"https:\\\/\\\/fjala.info\\\/2009-2015\\\/wp-content\\\/uploads\\\/2012\\\/02\\\/arben_cokaj-120x150.jpg\",\"url\":\"https:\\\/\\\/fjala.info\\\/2009-2015\\\/wp-content\\\/uploads\\\/2012\\\/02\\\/arben_cokaj-120x150.jpg\",\"contentUrl\":\"https:\\\/\\\/fjala.info\\\/2009-2015\\\/wp-content\\\/uploads\\\/2012\\\/02\\\/arben_cokaj-120x150.jpg\",\"caption\":\"admin\"},\"description\":\"Admin, Fjala e Lir\u00eb\",\"sameAs\":[\"https:\\\/\\\/fjala.info\\\/\"],\"url\":\"https:\\\/\\\/fjala.info\\\/2009-2015\\\/author\\\/admin\\\/\"}]}<\/script>\n<!-- \/ Yoast SEO plugin. -->","yoast_head_json":{"title":"T\u00eb rrezikuarit nga koalicioni \u201cBerisha 3\u201d - FjALA e LIR\u00cb - Arkivi","robots":{"index":"index","follow":"follow","max-snippet":"max-snippet:-1","max-image-preview":"max-image-preview:large","max-video-preview":"max-video-preview:-1"},"canonical":"https:\/\/fjala.info\/2009-2015\/te-rrezikuarit-nga-koalicioni-berisha-3\/","og_locale":"sq_AL","og_type":"article","og_title":"T\u00eb rrezikuarit nga koalicioni \u201cBerisha 3\u201d - FjALA e LIR\u00cb - Arkivi","og_description":"Nga Mero Baze, 29 Mars 2012 P\u00ebrpjekja e Berish\u00ebs p\u00ebr nj\u00eb mandat t\u00eb tret\u00eb p\u00ebrmes nj\u00eb koalicioni t\u00eb gjer\u00eb me premtime p\u00ebr poste administrative v\u00eb seriozisht n\u00eb pik\u00ebpyetje t\u00eb ardhmen e kreut t\u00eb republikan\u00ebve Fatmir Mediu si dhe aft\u00ebsin\u00eb e partis\u00eb s\u00eb \u00e7am\u00ebve p\u00ebr t\u2019u p\u00ebrfshir\u00eb n\u00eb parlament. Po ashtu aktor\u00eb t\u00eb tjer\u00eb t\u00eb r\u00ebnd\u00ebsish\u00ebm [&hellip;]","og_url":"https:\/\/fjala.info\/2009-2015\/te-rrezikuarit-nga-koalicioni-berisha-3\/","og_site_name":"FjALA e LIR\u00cb - Arkivi","article_published_time":"2012-03-29T20:40:06+00:00","og_image":[{"url":"http:\/\/www.shkoder.net\/images\/fjala\/mero_baze1.jpg","type":"","width":"","height":""}],"author":"admin","twitter_card":"summary_large_image","twitter_misc":{"Written by":"admin","Est. reading time":"6 minutes"},"schema":{"@context":"https:\/\/schema.org","@graph":[{"@type":"Article","@id":"https:\/\/fjala.info\/2009-2015\/te-rrezikuarit-nga-koalicioni-berisha-3\/#article","isPartOf":{"@id":"https:\/\/fjala.info\/2009-2015\/te-rrezikuarit-nga-koalicioni-berisha-3\/"},"author":{"name":"admin","@id":"https:\/\/fjala.info\/2009-2015\/#\/schema\/person\/3aa1163ef05469c496fc94e77611ada2"},"headline":"T\u00eb rrezikuarit nga koalicioni \u201cBerisha 3\u201d","datePublished":"2012-03-29T20:40:06+00:00","mainEntityOfPage":{"@id":"https:\/\/fjala.info\/2009-2015\/te-rrezikuarit-nga-koalicioni-berisha-3\/"},"wordCount":1216,"commentCount":0,"publisher":{"@id":"https:\/\/fjala.info\/2009-2015\/#organization"},"image":{"@id":"https:\/\/fjala.info\/2009-2015\/te-rrezikuarit-nga-koalicioni-berisha-3\/#primaryimage"},"thumbnailUrl":"http:\/\/www.shkoder.net\/images\/fjala\/mero_baze1.jpg","articleSection":["Artikuj"],"inLanguage":"sq-AL","potentialAction":[{"@type":"CommentAction","name":"Comment","target":["https:\/\/fjala.info\/2009-2015\/te-rrezikuarit-nga-koalicioni-berisha-3\/#respond"]}]},{"@type":"WebPage","@id":"https:\/\/fjala.info\/2009-2015\/te-rrezikuarit-nga-koalicioni-berisha-3\/","url":"https:\/\/fjala.info\/2009-2015\/te-rrezikuarit-nga-koalicioni-berisha-3\/","name":"T\u00eb rrezikuarit nga koalicioni \u201cBerisha 3\u201d - FjALA e LIR\u00cb - Arkivi","isPartOf":{"@id":"https:\/\/fjala.info\/2009-2015\/#website"},"primaryImageOfPage":{"@id":"https:\/\/fjala.info\/2009-2015\/te-rrezikuarit-nga-koalicioni-berisha-3\/#primaryimage"},"image":{"@id":"https:\/\/fjala.info\/2009-2015\/te-rrezikuarit-nga-koalicioni-berisha-3\/#primaryimage"},"thumbnailUrl":"http:\/\/www.shkoder.net\/images\/fjala\/mero_baze1.jpg","datePublished":"2012-03-29T20:40:06+00:00","breadcrumb":{"@id":"https:\/\/fjala.info\/2009-2015\/te-rrezikuarit-nga-koalicioni-berisha-3\/#breadcrumb"},"inLanguage":"sq-AL","potentialAction":[{"@type":"ReadAction","target":["https:\/\/fjala.info\/2009-2015\/te-rrezikuarit-nga-koalicioni-berisha-3\/"]}]},{"@type":"ImageObject","inLanguage":"sq-AL","@id":"https:\/\/fjala.info\/2009-2015\/te-rrezikuarit-nga-koalicioni-berisha-3\/#primaryimage","url":"http:\/\/www.shkoder.net\/images\/fjala\/mero_baze1.jpg","contentUrl":"http:\/\/www.shkoder.net\/images\/fjala\/mero_baze1.jpg"},{"@type":"BreadcrumbList","@id":"https:\/\/fjala.info\/2009-2015\/te-rrezikuarit-nga-koalicioni-berisha-3\/#breadcrumb","itemListElement":[{"@type":"ListItem","position":1,"name":"Home","item":"https:\/\/fjala.info\/2009-2015\/"},{"@type":"ListItem","position":2,"name":"T\u00eb rrezikuarit nga koalicioni \u201cBerisha 3\u201d"}]},{"@type":"WebSite","@id":"https:\/\/fjala.info\/2009-2015\/#website","url":"https:\/\/fjala.info\/2009-2015\/","name":"FjALA e LIR\u00cb - Arkivi","description":"Arkivi 2009-2015","publisher":{"@id":"https:\/\/fjala.info\/2009-2015\/#organization"},"potentialAction":[{"@type":"SearchAction","target":{"@type":"EntryPoint","urlTemplate":"https:\/\/fjala.info\/2009-2015\/?s={search_term_string}"},"query-input":{"@type":"PropertyValueSpecification","valueRequired":true,"valueName":"search_term_string"}}],"inLanguage":"sq-AL"},{"@type":"Organization","@id":"https:\/\/fjala.info\/2009-2015\/#organization","name":"FjALA e LIR\u00cb - Arkivi","url":"https:\/\/fjala.info\/2009-2015\/","logo":{"@type":"ImageObject","inLanguage":"sq-AL","@id":"https:\/\/fjala.info\/2009-2015\/#\/schema\/logo\/image\/","url":"","contentUrl":"","caption":"FjALA e LIR\u00cb - Arkivi"},"image":{"@id":"https:\/\/fjala.info\/2009-2015\/#\/schema\/logo\/image\/"}},{"@type":"Person","@id":"https:\/\/fjala.info\/2009-2015\/#\/schema\/person\/3aa1163ef05469c496fc94e77611ada2","name":"admin","image":{"@type":"ImageObject","inLanguage":"sq-AL","@id":"https:\/\/fjala.info\/2009-2015\/wp-content\/uploads\/2012\/02\/arben_cokaj-120x150.jpg","url":"https:\/\/fjala.info\/2009-2015\/wp-content\/uploads\/2012\/02\/arben_cokaj-120x150.jpg","contentUrl":"https:\/\/fjala.info\/2009-2015\/wp-content\/uploads\/2012\/02\/arben_cokaj-120x150.jpg","caption":"admin"},"description":"Admin, Fjala e Lir\u00eb","sameAs":["https:\/\/fjala.info\/"],"url":"https:\/\/fjala.info\/2009-2015\/author\/admin\/"}]}},"_links":{"self":[{"href":"https:\/\/fjala.info\/2009-2015\/wp-json\/wp\/v2\/posts\/2293","targetHints":{"allow":["GET"]}}],"collection":[{"href":"https:\/\/fjala.info\/2009-2015\/wp-json\/wp\/v2\/posts"}],"about":[{"href":"https:\/\/fjala.info\/2009-2015\/wp-json\/wp\/v2\/types\/post"}],"author":[{"embeddable":true,"href":"https:\/\/fjala.info\/2009-2015\/wp-json\/wp\/v2\/users\/1"}],"replies":[{"embeddable":true,"href":"https:\/\/fjala.info\/2009-2015\/wp-json\/wp\/v2\/comments?post=2293"}],"version-history":[{"count":0,"href":"https:\/\/fjala.info\/2009-2015\/wp-json\/wp\/v2\/posts\/2293\/revisions"}],"wp:attachment":[{"href":"https:\/\/fjala.info\/2009-2015\/wp-json\/wp\/v2\/media?parent=2293"}],"wp:term":[{"taxonomy":"category","embeddable":true,"href":"https:\/\/fjala.info\/2009-2015\/wp-json\/wp\/v2\/categories?post=2293"},{"taxonomy":"post_tag","embeddable":true,"href":"https:\/\/fjala.info\/2009-2015\/wp-json\/wp\/v2\/tags?post=2293"}],"curies":[{"name":"wp","href":"https:\/\/api.w.org\/{rel}","templated":true}]}}