{"id":2292,"date":"2010-04-18T23:11:06","date_gmt":"2010-04-18T22:11:06","guid":{"rendered":"http:\/\/fjala.shkoder.net\/?p=2292"},"modified":"2010-04-18T23:11:06","modified_gmt":"2010-04-18T22:11:06","slug":"keshilla-per-kirgistanin","status":"publish","type":"post","link":"https:\/\/fjala.info\/2009-2015\/keshilla-per-kirgistanin\/","title":{"rendered":"K\u00ebshilla p\u00ebr Kirgistanin"},"content":{"rendered":"<p>Nga <strong>Enton Palushi<\/strong><\/p>\n<p>Protestat e dhunshme n\u00eb Kirgistan, q\u00eb soll\u00ebn dhe rr\u00ebzimin e presidentit Bakijev, jan\u00eb nj\u00eb nxitje p\u00ebr t\u00eb b\u00ebr\u00eb nj\u00eb krahasim me qeverisjen n\u00eb Shqip\u00ebri.<\/p>\n<p>Edhe presidenti i Kirgistanit e ka emrin e mes\u00ebm Sali.<\/p>\n<p>Edhe djali i tij \u00ebsht\u00eb mpleksur n\u00eb afera korruptive.<\/p>\n<p>Edhe Bakijev erdhi n\u00eb pushtet n\u00eb vitin 2005, p\u00ebrmes atij q\u00eb u quajt \u201crevolucion portokalli\u201d, duke luajtur kart\u00ebn e antikorrupsionit.<\/p>\n<p>Edhe Bakijev akuzohet se ka d\u00ebshtuar n\u00eb luft\u00ebn kund\u00ebr krimit t\u00eb organizuar e korrupsionit.<\/p>\n<p>Edhe Bakijev akuzohet p\u00ebr vjedhje votash n\u00eb zgjedhjet e vitit 2009.<\/p>\n<p>Edhe Bakijev \u00ebsht\u00eb nj\u00eb njeri q\u00eb i p\u00eblqen t\u00eb jet\u00eb konstruktiv, t\u00eb punoj\u00eb nj\u00ebsoj si me rus\u00ebt, si me kinez\u00ebt, e pastaj t\u00eb prehet n\u00eb krah\u00ebt e amerikan\u00ebve, t\u00eb cil\u00ebt kan\u00eb nj\u00eb baz\u00eb t\u00eb r\u00ebnd\u00ebsishme ushtarake n\u00eb k\u00ebt\u00eb vend.<\/p>\n<p>Edhe Bakijev kishte rr\u00ebzuar nga pushteti nj\u00eb t\u00eb korruptuar, q\u00eb nuk e kishte pasur dhe aq \u201carmik\u201d.<\/p>\n<p>Protestat n\u00eb Kirgistan e mor\u00ebn nj\u00eb shk\u00ebndij\u00eb nga rritja e \u00e7mimit t\u00eb energjis\u00eb, nj\u00eb problem q\u00eb \u00ebsht\u00eb n\u00eb krye t\u00eb axhend\u00ebs s\u00eb protestave t\u00eb opozit\u00ebs son\u00eb.<\/p>\n<p>Por protestat n\u00eb Kirgistan kan\u00eb nxitur aktivist\u00ebt e t\u00eb drejtave t\u00eb njeriut, t\u00eb k\u00ebrkojn\u00eb nga mediat dhe qeverit\u00eb per\u00ebndimore, sidomos nga Shtetet e Bashkuara, q\u00eb t\u00eb ken\u00eb parasysh disa gj\u00ebra kur t\u00eb p\u00ebrballen me t\u00eb tilla raste. K\u00ebto k\u00ebrkesa vlejn\u00eb m\u00eb s\u00eb miri dhe n\u00eb rastin e Shqip\u00ebris\u00eb.<\/p>\n<p>Ata kan\u00eb k\u00ebrkuar q\u00eb n\u00eb asnj\u00eb rast k\u00ebto l\u00ebvizje t\u00eb mos etiketohen m\u00eb si revolucione. N\u00ebse do t\u00eb quheshin revolucione, kjo do i nxiste udh\u00ebheq\u00ebsit q\u00eb do vijn\u00eb pas ndryshimit t\u00eb pushtetit, ta ken\u00eb \u201cdor\u00ebn\u201d m\u00eb t\u00eb r\u00ebnd\u00eb kur vjedhin, p\u00ebr shkak se e kan\u00eb t\u00eb \u201cp\u00ebrligjur\u201d korrupsionin, pasi kan\u00eb b\u00ebr\u00eb revolucion.<\/p>\n<p>S\u00eb dyti, ata kan\u00eb k\u00ebrkuar q\u00eb t\u00eb \u201cqenurit\u201d konstruktiv, t\u00eb mos jet\u00eb nj\u00eb motiv p\u00ebr t\u00eb lejuar qeverisjen e liderve t\u00eb till\u00eb t\u00eb korruptuar. Sipas aktivist\u00ebve, korrupsioni i tyre \u00ebsht\u00eb m\u00eb i rreziksh\u00ebm se tolerimi i disa bazave ushtarake dhe fjal\u00ebt e mira me fqinjt\u00eb.<\/p>\n<p>S\u00eb fundmi, dhe \u00e7ka \u00ebsht\u00eb m\u00eb e r\u00ebnd\u00ebsishme, ata kan\u00eb k\u00ebrkuar q\u00eb kur b\u00ebhet fjal\u00eb p\u00ebr standardet zgjedhore, t\u00eb mos ket\u00eb asnj\u00eb tolerim.<\/p>\n","protected":false},"excerpt":{"rendered":"<p>Nga Enton Palushi Protestat e dhunshme n\u00eb Kirgistan, q\u00eb soll\u00ebn dhe rr\u00ebzimin e presidentit Bakijev, jan\u00eb nj\u00eb nxitje p\u00ebr t\u00eb b\u00ebr\u00eb nj\u00eb krahasim me qeverisjen n\u00eb Shqip\u00ebri. Edhe presidenti i Kirgistanit e ka emrin e mes\u00ebm Sali. Edhe djali i tij \u00ebsht\u00eb mpleksur n\u00eb afera korruptive. Edhe Bakijev erdhi n\u00eb pushtet n\u00eb vitin 2005, p\u00ebrmes [&hellip;]<\/p>\n","protected":false},"author":1,"featured_media":0,"comment_status":"open","ping_status":"closed","sticky":false,"template":"","format":"standard","meta":{"footnotes":""},"categories":[2],"tags":[],"class_list":{"0":"post-2292","1":"post","2":"type-post","3":"status-publish","4":"format-standard","6":"category-artikuj"},"yoast_head":"<!-- This site is optimized with the Yoast SEO plugin v27.4 - https:\/\/yoast.com\/product\/yoast-seo-wordpress\/ -->\n<title>K\u00ebshilla p\u00ebr Kirgistanin - FjALA e LIR\u00cb - Arkivi<\/title>\n<meta name=\"robots\" content=\"index, follow, max-snippet:-1, max-image-preview:large, max-video-preview:-1\" \/>\n<link rel=\"canonical\" href=\"https:\/\/fjala.info\/2009-2015\/keshilla-per-kirgistanin\/\" \/>\n<meta property=\"og:locale\" content=\"sq_AL\" \/>\n<meta property=\"og:type\" content=\"article\" \/>\n<meta property=\"og:title\" content=\"K\u00ebshilla p\u00ebr Kirgistanin - FjALA e LIR\u00cb - Arkivi\" \/>\n<meta property=\"og:description\" content=\"Nga Enton Palushi Protestat e dhunshme n\u00eb Kirgistan, q\u00eb soll\u00ebn dhe rr\u00ebzimin e presidentit Bakijev, jan\u00eb nj\u00eb nxitje p\u00ebr t\u00eb b\u00ebr\u00eb nj\u00eb krahasim me qeverisjen n\u00eb Shqip\u00ebri. Edhe presidenti i Kirgistanit e ka emrin e mes\u00ebm Sali. Edhe djali i tij \u00ebsht\u00eb mpleksur n\u00eb afera korruptive. Edhe Bakijev erdhi n\u00eb pushtet n\u00eb vitin 2005, p\u00ebrmes [&hellip;]\" \/>\n<meta property=\"og:url\" content=\"https:\/\/fjala.info\/2009-2015\/keshilla-per-kirgistanin\/\" \/>\n<meta property=\"og:site_name\" content=\"FjALA e LIR\u00cb - Arkivi\" \/>\n<meta property=\"article:published_time\" content=\"2010-04-18T22:11:06+00:00\" \/>\n<meta name=\"author\" content=\"admin\" \/>\n<meta name=\"twitter:card\" content=\"summary_large_image\" \/>\n<meta name=\"twitter:label1\" content=\"Written by\" \/>\n\t<meta name=\"twitter:data1\" content=\"admin\" \/>\n\t<meta name=\"twitter:label2\" content=\"Est. reading time\" \/>\n\t<meta name=\"twitter:data2\" content=\"2 minutes\" \/>\n<script type=\"application\/ld+json\" class=\"yoast-schema-graph\">{\"@context\":\"https:\\\/\\\/schema.org\",\"@graph\":[{\"@type\":\"Article\",\"@id\":\"https:\\\/\\\/fjala.info\\\/2009-2015\\\/keshilla-per-kirgistanin\\\/#article\",\"isPartOf\":{\"@id\":\"https:\\\/\\\/fjala.info\\\/2009-2015\\\/keshilla-per-kirgistanin\\\/\"},\"author\":{\"name\":\"admin\",\"@id\":\"https:\\\/\\\/fjala.info\\\/2009-2015\\\/#\\\/schema\\\/person\\\/3aa1163ef05469c496fc94e77611ada2\"},\"headline\":\"K\u00ebshilla p\u00ebr Kirgistanin\",\"datePublished\":\"2010-04-18T22:11:06+00:00\",\"mainEntityOfPage\":{\"@id\":\"https:\\\/\\\/fjala.info\\\/2009-2015\\\/keshilla-per-kirgistanin\\\/\"},\"wordCount\":400,\"commentCount\":0,\"publisher\":{\"@id\":\"https:\\\/\\\/fjala.info\\\/2009-2015\\\/#organization\"},\"articleSection\":[\"Artikuj\"],\"inLanguage\":\"sq-AL\",\"potentialAction\":[{\"@type\":\"CommentAction\",\"name\":\"Comment\",\"target\":[\"https:\\\/\\\/fjala.info\\\/2009-2015\\\/keshilla-per-kirgistanin\\\/#respond\"]}]},{\"@type\":\"WebPage\",\"@id\":\"https:\\\/\\\/fjala.info\\\/2009-2015\\\/keshilla-per-kirgistanin\\\/\",\"url\":\"https:\\\/\\\/fjala.info\\\/2009-2015\\\/keshilla-per-kirgistanin\\\/\",\"name\":\"K\u00ebshilla p\u00ebr Kirgistanin - FjALA e LIR\u00cb - Arkivi\",\"isPartOf\":{\"@id\":\"https:\\\/\\\/fjala.info\\\/2009-2015\\\/#website\"},\"datePublished\":\"2010-04-18T22:11:06+00:00\",\"breadcrumb\":{\"@id\":\"https:\\\/\\\/fjala.info\\\/2009-2015\\\/keshilla-per-kirgistanin\\\/#breadcrumb\"},\"inLanguage\":\"sq-AL\",\"potentialAction\":[{\"@type\":\"ReadAction\",\"target\":[\"https:\\\/\\\/fjala.info\\\/2009-2015\\\/keshilla-per-kirgistanin\\\/\"]}]},{\"@type\":\"BreadcrumbList\",\"@id\":\"https:\\\/\\\/fjala.info\\\/2009-2015\\\/keshilla-per-kirgistanin\\\/#breadcrumb\",\"itemListElement\":[{\"@type\":\"ListItem\",\"position\":1,\"name\":\"Home\",\"item\":\"https:\\\/\\\/fjala.info\\\/2009-2015\\\/\"},{\"@type\":\"ListItem\",\"position\":2,\"name\":\"K\u00ebshilla p\u00ebr Kirgistanin\"}]},{\"@type\":\"WebSite\",\"@id\":\"https:\\\/\\\/fjala.info\\\/2009-2015\\\/#website\",\"url\":\"https:\\\/\\\/fjala.info\\\/2009-2015\\\/\",\"name\":\"FjALA e LIR\u00cb - Arkivi\",\"description\":\"Arkivi 2009-2015\",\"publisher\":{\"@id\":\"https:\\\/\\\/fjala.info\\\/2009-2015\\\/#organization\"},\"potentialAction\":[{\"@type\":\"SearchAction\",\"target\":{\"@type\":\"EntryPoint\",\"urlTemplate\":\"https:\\\/\\\/fjala.info\\\/2009-2015\\\/?s={search_term_string}\"},\"query-input\":{\"@type\":\"PropertyValueSpecification\",\"valueRequired\":true,\"valueName\":\"search_term_string\"}}],\"inLanguage\":\"sq-AL\"},{\"@type\":\"Organization\",\"@id\":\"https:\\\/\\\/fjala.info\\\/2009-2015\\\/#organization\",\"name\":\"FjALA e LIR\u00cb - Arkivi\",\"url\":\"https:\\\/\\\/fjala.info\\\/2009-2015\\\/\",\"logo\":{\"@type\":\"ImageObject\",\"inLanguage\":\"sq-AL\",\"@id\":\"https:\\\/\\\/fjala.info\\\/2009-2015\\\/#\\\/schema\\\/logo\\\/image\\\/\",\"url\":\"\",\"contentUrl\":\"\",\"caption\":\"FjALA e LIR\u00cb - Arkivi\"},\"image\":{\"@id\":\"https:\\\/\\\/fjala.info\\\/2009-2015\\\/#\\\/schema\\\/logo\\\/image\\\/\"}},{\"@type\":\"Person\",\"@id\":\"https:\\\/\\\/fjala.info\\\/2009-2015\\\/#\\\/schema\\\/person\\\/3aa1163ef05469c496fc94e77611ada2\",\"name\":\"admin\",\"image\":{\"@type\":\"ImageObject\",\"inLanguage\":\"sq-AL\",\"@id\":\"https:\\\/\\\/fjala.info\\\/2009-2015\\\/wp-content\\\/uploads\\\/2012\\\/02\\\/arben_cokaj-120x150.jpg\",\"url\":\"https:\\\/\\\/fjala.info\\\/2009-2015\\\/wp-content\\\/uploads\\\/2012\\\/02\\\/arben_cokaj-120x150.jpg\",\"contentUrl\":\"https:\\\/\\\/fjala.info\\\/2009-2015\\\/wp-content\\\/uploads\\\/2012\\\/02\\\/arben_cokaj-120x150.jpg\",\"caption\":\"admin\"},\"description\":\"Admin, Fjala e Lir\u00eb\",\"sameAs\":[\"https:\\\/\\\/fjala.info\\\/\"],\"url\":\"https:\\\/\\\/fjala.info\\\/2009-2015\\\/author\\\/admin\\\/\"}]}<\/script>\n<!-- \/ Yoast SEO plugin. -->","yoast_head_json":{"title":"K\u00ebshilla p\u00ebr Kirgistanin - FjALA e LIR\u00cb - Arkivi","robots":{"index":"index","follow":"follow","max-snippet":"max-snippet:-1","max-image-preview":"max-image-preview:large","max-video-preview":"max-video-preview:-1"},"canonical":"https:\/\/fjala.info\/2009-2015\/keshilla-per-kirgistanin\/","og_locale":"sq_AL","og_type":"article","og_title":"K\u00ebshilla p\u00ebr Kirgistanin - FjALA e LIR\u00cb - Arkivi","og_description":"Nga Enton Palushi Protestat e dhunshme n\u00eb Kirgistan, q\u00eb soll\u00ebn dhe rr\u00ebzimin e presidentit Bakijev, jan\u00eb nj\u00eb nxitje p\u00ebr t\u00eb b\u00ebr\u00eb nj\u00eb krahasim me qeverisjen n\u00eb Shqip\u00ebri. Edhe presidenti i Kirgistanit e ka emrin e mes\u00ebm Sali. Edhe djali i tij \u00ebsht\u00eb mpleksur n\u00eb afera korruptive. Edhe Bakijev erdhi n\u00eb pushtet n\u00eb vitin 2005, p\u00ebrmes [&hellip;]","og_url":"https:\/\/fjala.info\/2009-2015\/keshilla-per-kirgistanin\/","og_site_name":"FjALA e LIR\u00cb - Arkivi","article_published_time":"2010-04-18T22:11:06+00:00","author":"admin","twitter_card":"summary_large_image","twitter_misc":{"Written by":"admin","Est. reading time":"2 minutes"},"schema":{"@context":"https:\/\/schema.org","@graph":[{"@type":"Article","@id":"https:\/\/fjala.info\/2009-2015\/keshilla-per-kirgistanin\/#article","isPartOf":{"@id":"https:\/\/fjala.info\/2009-2015\/keshilla-per-kirgistanin\/"},"author":{"name":"admin","@id":"https:\/\/fjala.info\/2009-2015\/#\/schema\/person\/3aa1163ef05469c496fc94e77611ada2"},"headline":"K\u00ebshilla p\u00ebr Kirgistanin","datePublished":"2010-04-18T22:11:06+00:00","mainEntityOfPage":{"@id":"https:\/\/fjala.info\/2009-2015\/keshilla-per-kirgistanin\/"},"wordCount":400,"commentCount":0,"publisher":{"@id":"https:\/\/fjala.info\/2009-2015\/#organization"},"articleSection":["Artikuj"],"inLanguage":"sq-AL","potentialAction":[{"@type":"CommentAction","name":"Comment","target":["https:\/\/fjala.info\/2009-2015\/keshilla-per-kirgistanin\/#respond"]}]},{"@type":"WebPage","@id":"https:\/\/fjala.info\/2009-2015\/keshilla-per-kirgistanin\/","url":"https:\/\/fjala.info\/2009-2015\/keshilla-per-kirgistanin\/","name":"K\u00ebshilla p\u00ebr Kirgistanin - FjALA e LIR\u00cb - Arkivi","isPartOf":{"@id":"https:\/\/fjala.info\/2009-2015\/#website"},"datePublished":"2010-04-18T22:11:06+00:00","breadcrumb":{"@id":"https:\/\/fjala.info\/2009-2015\/keshilla-per-kirgistanin\/#breadcrumb"},"inLanguage":"sq-AL","potentialAction":[{"@type":"ReadAction","target":["https:\/\/fjala.info\/2009-2015\/keshilla-per-kirgistanin\/"]}]},{"@type":"BreadcrumbList","@id":"https:\/\/fjala.info\/2009-2015\/keshilla-per-kirgistanin\/#breadcrumb","itemListElement":[{"@type":"ListItem","position":1,"name":"Home","item":"https:\/\/fjala.info\/2009-2015\/"},{"@type":"ListItem","position":2,"name":"K\u00ebshilla p\u00ebr Kirgistanin"}]},{"@type":"WebSite","@id":"https:\/\/fjala.info\/2009-2015\/#website","url":"https:\/\/fjala.info\/2009-2015\/","name":"FjALA e LIR\u00cb - Arkivi","description":"Arkivi 2009-2015","publisher":{"@id":"https:\/\/fjala.info\/2009-2015\/#organization"},"potentialAction":[{"@type":"SearchAction","target":{"@type":"EntryPoint","urlTemplate":"https:\/\/fjala.info\/2009-2015\/?s={search_term_string}"},"query-input":{"@type":"PropertyValueSpecification","valueRequired":true,"valueName":"search_term_string"}}],"inLanguage":"sq-AL"},{"@type":"Organization","@id":"https:\/\/fjala.info\/2009-2015\/#organization","name":"FjALA e LIR\u00cb - Arkivi","url":"https:\/\/fjala.info\/2009-2015\/","logo":{"@type":"ImageObject","inLanguage":"sq-AL","@id":"https:\/\/fjala.info\/2009-2015\/#\/schema\/logo\/image\/","url":"","contentUrl":"","caption":"FjALA e LIR\u00cb - Arkivi"},"image":{"@id":"https:\/\/fjala.info\/2009-2015\/#\/schema\/logo\/image\/"}},{"@type":"Person","@id":"https:\/\/fjala.info\/2009-2015\/#\/schema\/person\/3aa1163ef05469c496fc94e77611ada2","name":"admin","image":{"@type":"ImageObject","inLanguage":"sq-AL","@id":"https:\/\/fjala.info\/2009-2015\/wp-content\/uploads\/2012\/02\/arben_cokaj-120x150.jpg","url":"https:\/\/fjala.info\/2009-2015\/wp-content\/uploads\/2012\/02\/arben_cokaj-120x150.jpg","contentUrl":"https:\/\/fjala.info\/2009-2015\/wp-content\/uploads\/2012\/02\/arben_cokaj-120x150.jpg","caption":"admin"},"description":"Admin, Fjala e Lir\u00eb","sameAs":["https:\/\/fjala.info\/"],"url":"https:\/\/fjala.info\/2009-2015\/author\/admin\/"}]}},"_links":{"self":[{"href":"https:\/\/fjala.info\/2009-2015\/wp-json\/wp\/v2\/posts\/2292","targetHints":{"allow":["GET"]}}],"collection":[{"href":"https:\/\/fjala.info\/2009-2015\/wp-json\/wp\/v2\/posts"}],"about":[{"href":"https:\/\/fjala.info\/2009-2015\/wp-json\/wp\/v2\/types\/post"}],"author":[{"embeddable":true,"href":"https:\/\/fjala.info\/2009-2015\/wp-json\/wp\/v2\/users\/1"}],"replies":[{"embeddable":true,"href":"https:\/\/fjala.info\/2009-2015\/wp-json\/wp\/v2\/comments?post=2292"}],"version-history":[{"count":0,"href":"https:\/\/fjala.info\/2009-2015\/wp-json\/wp\/v2\/posts\/2292\/revisions"}],"wp:attachment":[{"href":"https:\/\/fjala.info\/2009-2015\/wp-json\/wp\/v2\/media?parent=2292"}],"wp:term":[{"taxonomy":"category","embeddable":true,"href":"https:\/\/fjala.info\/2009-2015\/wp-json\/wp\/v2\/categories?post=2292"},{"taxonomy":"post_tag","embeddable":true,"href":"https:\/\/fjala.info\/2009-2015\/wp-json\/wp\/v2\/tags?post=2292"}],"curies":[{"name":"wp","href":"https:\/\/api.w.org\/{rel}","templated":true}]}}