{"id":2290,"date":"2010-04-18T23:04:08","date_gmt":"2010-04-18T22:04:08","guid":{"rendered":"http:\/\/fjala.shkoder.net\/?p=2290"},"modified":"2010-04-18T23:04:08","modified_gmt":"2010-04-18T22:04:08","slug":"kriteri-politik-dhe-kriza-politike-nuk-jane-e-njejta-gje","status":"publish","type":"post","link":"https:\/\/fjala.info\/2009-2015\/kriteri-politik-dhe-kriza-politike-nuk-jane-e-njejta-gje\/","title":{"rendered":"Kriteri politik dhe kriza politike nuk jan\u00eb e nj\u00ebjta gj\u00eb"},"content":{"rendered":"<p><img decoding=\"async\" style=\"margin-left: 10px; margin-right: 10px; border: 0px;\" src=\"http:\/\/www.shkoder.net\/images\/fjala\/prec_zogaj.jpg\" border=\"0\" alt=\"Pre\u00e7 Zogaj\" width=\"150\" align=\"left\" \/><\/p>\n<p><strong>Pre\u00e7 Zogaj<\/strong>, <em>18.04.2010<\/em><\/p>\n<p>Teknik\u00ebt thon\u00eb t\u00eb v\u00ebrtet\u00ebn. Politikan\u00ebt e rrumbullakosin, pa e fshehur at\u00eb. Ky zakon i pashkruar i kancelarive europiane n\u00eb marr\u00ebdh\u00ebniet me jasht\u00eb provohet qart\u00eb edhe n\u00eb komunikimin intensiv t\u00eb k\u00ebtyre muajve t\u00eb fundit midis Brukselit dhe Shqip\u00ebris\u00eb. Drejtori p\u00ebr Zgjerimin n\u00eb Komisionin Europian, zoti Pier Mirel, p\u00ebr shembull, \u00ebsht\u00eb gjithnj\u00eb m\u00eb i drejtp\u00ebrdrejt\u00eb dhe m\u00eb eksplicit se ministri i tij, Komisioneri p\u00ebr Zgjerimin, zoti Stefan Fule. N\u00eb thelb, ata shprehin t\u00eb nj\u00ebjtin q\u00ebndrim dhe nuk mund t\u00eb ndodh\u00eb ndryshe. <\/p>\n<p>Por, si n\u00eb nj\u00eb ndarje t\u00eb n\u00ebnkuptuar apo edhe t\u00eb konsultuar rolesh, drejtori e plot\u00ebson dhe e zhvillon ministrin e tij. E kemi konstatuar k\u00ebt\u00eb n\u00eb prag te seanc\u00ebs s\u00eb d\u00ebshtuar parlamentare t\u00eb l8 marsit, kur do t\u00eb diskutohej projektligji i PS-s\u00eb p\u00ebr hetimin e zgjedhjeve. Zoti Mirel erdhi n\u00eb Tiran\u00eb dy- tre dit\u00eb para shefit t\u00eb tij p\u00ebr t\u00eb shtyr\u00eb pal\u00ebt drejt nj\u00eb marr\u00ebveshjeje. Duke kuptuar se shkaku i ng\u00ebr\u00e7it n\u00eb kushtet e reja t\u00eb pjes\u00ebmarrjes s\u00eb PS-s\u00eb n\u00eb Kuvend ishte intrasigjenca e qeveris\u00eb, ai adresoi k\u00ebrkesa t\u00eb drejtp\u00ebrdrejta p\u00ebr zyrtar\u00ebt e shumic\u00ebs. <\/p>\n<p>N\u00eb nj\u00eb takim q\u00eb nisi me dyert t\u00eb hapura dhe vazhdoi me dyer t\u00eb mbyllura, ai madje k\u00ebrkoi t\u00eb njihej me nenin e kushtetut\u00ebs q\u00eb ndalonte hetimin parlamentar t\u00eb zgjedhjeve. Nuk ishte nj\u00eb k\u00ebrkes\u00eb, sa koh\u00eb q\u00eb nj\u00eb nen i till\u00eb nuk ekziston e s&#8217;mund t\u00eb ekzistoj\u00eb n\u00eb kushtetut\u00ebn e nj\u00eb vendi demokratik. Ishte nj\u00eb replik\u00eb kuptimplote me p\u00ebrfaq\u00ebsuesit e qeveris\u00eb. \u00c7&#8217;vend europian qenkeni ju kur nuk e lejoni opozit\u00ebn t\u00eb shoh\u00eb kutit\u00eb e votimit? N\u00eb fakt, seanca e shansit t\u00eb humbur t\u00eb 18 marsit u paralajm\u00ebrua si e till\u00eb n\u00eb injorimin paraprak t\u00eb drejtorit p\u00ebr zgjerimin, q\u00eb ishte nj\u00ebkoh\u00ebsisht edhe kasneci i Komisionerit p\u00ebr Zgjerimin. N\u00eb k\u00ebto kushte, KE-s\u00eb i mbeti t&#8217;i kthente reston qeveris\u00eb shqiptare, duke ia quajtur t\u00eb pavlefshme &#8220;zgjidhjen&#8221; tall\u00ebse p\u00ebr t\u00eb hetuar vetveten.<\/p>\n<p>N\u00eb nj\u00eb form\u00eb t\u00eb ngjashme, historia u p\u00ebrs\u00ebrit k\u00ebsaj jave n\u00eb Bruksel, gjat\u00eb vizit\u00ebs s\u00eb kryeministrit Berisha p\u00ebr t\u00eb dor\u00ebzuar Pyet\u00ebsorin. Komisioneri p\u00ebr Zgjerimin, Fule, u pa kryesisht n\u00eb solemnitetin e aktit. Puna e Shqip\u00ebris\u00eb p\u00ebr integrimin n\u00eb BE \u00ebsht\u00eb nj\u00ebkoh\u00ebsisht edhe puna e tij p\u00ebr zgjerimin e BE-s\u00eb. Nd\u00ebrkoh\u00eb, drejtori p\u00ebr zgjerimin, zoti Mirel, u paraqit n\u00eb or\u00ebn e p\u00ebrpikt\u00eb n\u00eb portalin e komunikimit me mediat p\u00ebr t\u00eb v\u00ebn\u00eb disa pika mbi &#8220;i&#8221;. <\/p>\n<p>Sipas tij, pika ky\u00e7e rreth s\u00eb cil\u00ebs Komisioni Europian do t\u00eb p\u00ebrgatis\u00eb opinionin p\u00ebr Shqip\u00ebrin\u00eb \u00ebsht\u00eb kriteri politik. Urraa! brohorit\u00ebn z\u00ebdh\u00ebn\u00ebsit dhe puthador\u00ebt e qeveris\u00eb, duke e konsideruar kriterin politik di\u00e7ka t\u00eb ngjashme me shkopinjt\u00eb n\u00eb rrota nga ana e opozit\u00ebs! &#8220;Kriteri politik paraqet demokracin\u00eb, m\u00ebnyr\u00ebn e funksionimit t\u00eb institucioneve, rregullat e shtetit ligjor dhe mbrojtjen e minoriteteve&#8221;, replikoi dhe sqaroi zoti Mirel, besoj me t\u00eb nj\u00ebjt\u00ebn bezdi q\u00eb p\u00ebrjetojm\u00eb edhe n\u00eb k\u00ebt\u00eb \u00e7ast, duke cituar k\u00ebtu gj\u00ebra kaq t\u00eb njohura, por q\u00eb nevoja e dikujt p\u00ebr t&#8217;i d\u00ebgjuar e st\u00ebrd\u00ebgjuar t\u00eb detyron t&#8217;i p\u00ebrs\u00ebris\u00ebsh e st\u00ebrp\u00ebrs\u00ebris\u00ebsh.<\/p>\n<p>Sqarimet didaktike t\u00eb drejtorit p\u00ebr zgjerimin kan\u00eb p\u00ebr q\u00ebllim t\u00eb v\u00ebn\u00eb n\u00eb dukje dallimin q\u00eb ekziston midis kriterit politik q\u00eb duhet t\u00eb p\u00ebrmbush\u00eb Shqip\u00ebria p\u00ebr tu kualifikuar si vend kandidat p\u00ebr n\u00eb BE dhe ng\u00ebr\u00e7it politik aktual q\u00eb po kalon vendi. Kriteri politik \u00ebsht\u00eb nj\u00eb nocion shum\u00eb i gjer\u00eb, nd\u00ebrkoh\u00eb q\u00eb ng\u00ebr\u00e7i politik \u00ebsht\u00eb nj\u00eb dukuri e periudh\u00ebs. Vendi mund t\u00eb bjer\u00eb n\u00eb ng\u00ebr\u00e7 apo n\u00eb kriz\u00eb edhe kur t\u00eb jet\u00eb b\u00ebr\u00eb an\u00ebtar me t\u00eb drejta t\u00eb plota n\u00eb BE. Por vendi nuk mund t\u00eb pranohet n\u00eb BE n\u00ebse demokracia nuk \u00ebsht\u00eb e v\u00ebrtet\u00eb dhe funksionale. <\/p>\n<p>Ja pse kriteri politik dhe kriza politike, nd\u00ebrsa kan\u00eb pika takimi, nuk jan\u00eb e nj\u00ebjta gj\u00eb, nuk mund t\u00eb nj\u00ebsohen. Aty ku ngat\u00ebrrimi i tyre nuk \u00ebsht\u00eb i q\u00ebllimt\u00eb shohim kryesisht t\u00eb paditur, injorant\u00eb. Nd\u00ebrsa aty ku ngat\u00ebrrimi \u00ebsht\u00eb i q\u00ebllimsh\u00ebm shohim nj\u00eb p\u00ebrpjekje spekulative dhe populiste p\u00ebr t&#8217;i faturuar opozit\u00ebs vonesat dhe d\u00ebshtimet n\u00eb procesin e integrimit. Qeveria ka b\u00ebr\u00eb e b\u00ebn \u00e7mos p\u00ebr t\u00eb ngulur n\u00eb publik iden\u00eb se \u00ebsht\u00eb sjellja e opozit\u00ebs q\u00eb ka krijuar kriz\u00ebn dhe jo e kund\u00ebrta, se \u00ebsht\u00eb kriza q\u00eb i ka krijuar problemet dhe jo e kund\u00ebrta, se po t\u00eb mos k\u00ebrkonte opozita hetimin e zgjedhjeve, do t\u00eb ishim m\u00eb mir\u00eb me vizat, me imazhin, me integrimin! <\/p>\n<p>Po t\u00eb ishte k\u00ebshtu e v\u00ebrteta, do na duhej t\u00eb mbanim sh\u00ebnim si nj\u00eb \u00e7udi fuqin\u00eb e madhe q\u00eb paska opozita shqiptare p\u00ebr t\u00eb b\u00ebr\u00eb diellin dhe shiun n\u00eb \u00e7\u00ebshtjet e integrimit! Pas k\u00ebsaj, e para gj\u00eb q\u00eb do t\u00eb na shkonte nd\u00ebrmend do t\u00eb ishte pyetja se p\u00ebrse qeveria nuk e p\u00ebrdor me zgjuarsi fuqin\u00eb e opozit\u00ebs se saj? N\u00eb fakt e din\u00eb t\u00eb gjith\u00eb profesionist\u00ebt se ng\u00ebr\u00e7i politik i muajve t\u00eb fundit ka ridimensionuar imazhin dhe vler\u00ebsimin nd\u00ebrkomb\u00ebtar p\u00ebr institucionet demokratike t\u00eb Shqip\u00ebris\u00eb, kurse agjenda e liberalizimit t\u00eb vizave dhe e integrimit n\u00eb p\u00ebrgjith\u00ebsi po ndjek rrug\u00ebn e vet t\u00eb pavarur nga kriza. E kemi humbur para zgjedhjeve t\u00eb 28 qershorit trenin e Serbis\u00eb, Malit t\u00eb Zi dhe Maqedonis\u00eb p\u00ebr vizat. \u00c7\u00ebshtja \u00ebsht\u00eb t\u00eb mos humbim k\u00ebt\u00eb vit trenin ton\u00eb.<\/p>\n<p>Por le ta shtrojm\u00eb pyetjen pa parti pris, ashtu si\u00e7 d\u00ebgjova ta shtronte nj\u00eb qytetar n\u00eb nj\u00eb radio. A do t\u00eb ishim v\u00ebrtet\u00eb m\u00eb mir\u00eb pa ng\u00ebr\u00e7in politik shumic\u00eb-opozit\u00eb? Sipas mendimit tim, kjo pyetje, si\u00e7 b\u00ebhet p\u00ebr integrimin, mund t\u00eb b\u00ebhet edhe p\u00ebr \u00e7\u00ebshtje me konkrete e m\u00eb t\u00eb prekshme p\u00ebr qytetar\u00ebt, si\u00e7 jan\u00eb \u00e7mimet, pun\u00ebsimi, rrogat, zhvillimi e te tjera. <\/p>\n<p>Nuk ka dyshim se \u00e7mimet, papun\u00ebsia dhe stanjacioni do t\u00eb ishin k\u00ebto q\u00eb jan\u00eb edhe po t\u00eb kishim nj\u00eb opozit\u00eb q\u00eb i jep kuraj\u00eb qeveris\u00eb. P\u00ebr analogji, \u00e7\u00ebshtjet e integrimit, megjith\u00ebse t\u00eb pamatshme n\u00eb krahasim me treguesit e zhvillimit n\u00eb vend, do t\u00eb ishin k\u00ebtu ku jan\u00eb. Sepse &#8220;kriteri politik paraqet demokracin\u00eb, m\u00ebnyr\u00ebn e funksionimit t\u00eb institucioneve, rregullat e shtetit ligjor&#8230;&#8221;, thot\u00eb abetarja e Europ\u00ebs s\u00eb Bashkuar. <\/p>\n<p>P\u00ebr \u00e7\u00ebshtjet e funksionimit t\u00eb demokracis\u00eb, shtetit ligjor, drejt\u00ebsis\u00eb, mediave e t\u00eb tjera Shqip\u00ebria \u00ebsht\u00eb monitoruar e monitorohet nga BE sipas nj\u00eb programi t\u00eb caktuar. Progres raporti i fundit ishte m\u00eb kritik se her\u00eb t\u00eb tjera. Me pak fjal\u00eb, me l\u00ebvizjen e saj p\u00ebr transparenc\u00ebn e zgjedhjeve t\u00eb 28 qershorit, opozita thjesht vendosi t\u00eb mos hidhte vellon e harres\u00ebs mbi \u00e7far\u00eb ndodhi n\u00eb ato zgjedhje dhe t\u00eb kontribuonte p\u00ebr zgjedhje t\u00eb standardeve per\u00ebndimore n\u00eb t\u00eb ardhmen. <\/p>\n<p>Opozita hapi nj\u00eb front t\u00eb ri t\u00eb impenjimit t\u00eb klas\u00ebs politike dhe opinionit publik qytetar. Kriza nuk lindi dhe s&#8217;mund t\u00eb lindte nga l\u00ebvizja p\u00ebr transparenc\u00eb, por nga refuzimi i qeveris\u00eb dhe paaft\u00ebsia e institucioneve t\u00eb tjera p\u00ebr ta trajtuar. N\u00eb sprov\u00ebn e k\u00ebrkes\u00ebs p\u00ebr hetimin e zgjedhjeve, kriza zbuloi dob\u00ebsin\u00eb e demokracis\u00eb shqiptare, e cila dha p\u00ebr gjith\u00eb Europ\u00ebn dhe SHBA-n\u00eb shfaqjen e &#8220;pamund\u00ebsis\u00eb ligjore&#8221; p\u00ebr t\u00eb b\u00ebr\u00eb transparenc\u00ebn e zgjedhjeve. Kjo ishte me keq se vet\u00eb refuzimi kok\u00ebfort\u00eb p\u00ebr t\u00eb mos hapur kutit\u00eb. <\/p>\n<p>Ishte demaskimi distanc\u00ebs s\u00eb madhe midis nj\u00eb demokracie liberale normale dhe Shqip\u00ebris\u00eb s\u00eb sotme politike. Si n\u00eb nj\u00eb shpagim t\u00eb ep\u00ebrm, kriza q\u00eb u provokua nga mungesa e transparenc\u00ebs p\u00ebr zgjedhjet, sh\u00ebrbeu dhe po sh\u00ebrben vetvetiu p\u00ebr t\u00eb b\u00ebr\u00eb skanerin apo transparenc\u00ebn e demokracis\u00eb shqiptare. Kjo s&#8217;mund t\u00eb mos jet\u00eb nj\u00eb gj\u00eb e mir\u00eb. Vijm\u00eb edhe nj\u00ebher\u00eb te nj\u00eb p\u00ebrcaktim i ish-presidentit francez, Zhak Shirak, p\u00ebr an\u00ebn pozitive q\u00eb kan\u00eb krizat, t\u00eb cilat vin\u00eb p\u00ebr t&#8217;i dh\u00ebn\u00eb fund nj\u00eb p\u00ebrkeq\u00ebsimi apo degradimi duke i kthyer zhvillimet n\u00eb rrug\u00ebn e mbar\u00eb.<\/p>\n<p>Sot n\u00eb rendin e dit\u00ebs n\u00eb Shqip\u00ebri \u00ebsht\u00eb zgjidhja e ng\u00ebr\u00e7it politik me nj\u00eb formul\u00eb t\u00eb baraspeshuar. Por nuk duhet t\u00eb kemi iluzione. Ashtu si kriza nuk \u00ebsht\u00eb shkaku i vonesave dhe stanjacionit aktual, edhe zgjidhja e kriz\u00ebs nuk do t\u00eb jet\u00eb nj\u00eb deux ex macina p\u00ebr situat\u00ebn ku ndeshemi. Por \u00ebsht\u00eb nj\u00eb shenj\u00eb, nj\u00eb rifillim, pa t\u00eb cilin nuk ka vazhdim.<\/p>\n","protected":false},"excerpt":{"rendered":"<p>Pre\u00e7 Zogaj, 18.04.2010 Teknik\u00ebt thon\u00eb t\u00eb v\u00ebrtet\u00ebn. Politikan\u00ebt e rrumbullakosin, pa e fshehur at\u00eb. Ky zakon i pashkruar i kancelarive europiane n\u00eb marr\u00ebdh\u00ebniet me jasht\u00eb provohet qart\u00eb edhe n\u00eb komunikimin intensiv t\u00eb k\u00ebtyre muajve t\u00eb fundit midis Brukselit dhe Shqip\u00ebris\u00eb. Drejtori p\u00ebr Zgjerimin n\u00eb Komisionin Europian, zoti Pier Mirel, p\u00ebr shembull, \u00ebsht\u00eb gjithnj\u00eb m\u00eb i [&hellip;]<\/p>\n","protected":false},"author":1,"featured_media":0,"comment_status":"open","ping_status":"closed","sticky":false,"template":"","format":"standard","meta":{"footnotes":""},"categories":[2],"tags":[],"class_list":{"0":"post-2290","1":"post","2":"type-post","3":"status-publish","4":"format-standard","6":"category-artikuj"},"yoast_head":"<!-- This site is optimized with the Yoast SEO plugin v27.4 - https:\/\/yoast.com\/product\/yoast-seo-wordpress\/ -->\n<title>Kriteri politik dhe kriza politike nuk jan\u00eb e nj\u00ebjta gj\u00eb - FjALA e LIR\u00cb - Arkivi<\/title>\n<meta name=\"robots\" content=\"index, follow, max-snippet:-1, max-image-preview:large, max-video-preview:-1\" \/>\n<link rel=\"canonical\" href=\"https:\/\/fjala.info\/2009-2015\/kriteri-politik-dhe-kriza-politike-nuk-jane-e-njejta-gje\/\" \/>\n<meta property=\"og:locale\" content=\"sq_AL\" \/>\n<meta property=\"og:type\" content=\"article\" \/>\n<meta property=\"og:title\" content=\"Kriteri politik dhe kriza politike nuk jan\u00eb e nj\u00ebjta gj\u00eb - FjALA e LIR\u00cb - Arkivi\" \/>\n<meta property=\"og:description\" content=\"Pre\u00e7 Zogaj, 18.04.2010 Teknik\u00ebt thon\u00eb t\u00eb v\u00ebrtet\u00ebn. Politikan\u00ebt e rrumbullakosin, pa e fshehur at\u00eb. Ky zakon i pashkruar i kancelarive europiane n\u00eb marr\u00ebdh\u00ebniet me jasht\u00eb provohet qart\u00eb edhe n\u00eb komunikimin intensiv t\u00eb k\u00ebtyre muajve t\u00eb fundit midis Brukselit dhe Shqip\u00ebris\u00eb. Drejtori p\u00ebr Zgjerimin n\u00eb Komisionin Europian, zoti Pier Mirel, p\u00ebr shembull, \u00ebsht\u00eb gjithnj\u00eb m\u00eb i [&hellip;]\" \/>\n<meta property=\"og:url\" content=\"https:\/\/fjala.info\/2009-2015\/kriteri-politik-dhe-kriza-politike-nuk-jane-e-njejta-gje\/\" \/>\n<meta property=\"og:site_name\" content=\"FjALA e LIR\u00cb - Arkivi\" \/>\n<meta property=\"article:published_time\" content=\"2010-04-18T22:04:08+00:00\" \/>\n<meta property=\"og:image\" content=\"http:\/\/www.shkoder.net\/images\/fjala\/prec_zogaj.jpg\" \/>\n<meta name=\"author\" content=\"admin\" \/>\n<meta name=\"twitter:card\" content=\"summary_large_image\" \/>\n<meta name=\"twitter:label1\" content=\"Written by\" \/>\n\t<meta name=\"twitter:data1\" content=\"admin\" \/>\n\t<meta name=\"twitter:label2\" content=\"Est. reading time\" \/>\n\t<meta name=\"twitter:data2\" content=\"7 minutes\" \/>\n<script type=\"application\/ld+json\" class=\"yoast-schema-graph\">{\"@context\":\"https:\\\/\\\/schema.org\",\"@graph\":[{\"@type\":\"Article\",\"@id\":\"https:\\\/\\\/fjala.info\\\/2009-2015\\\/kriteri-politik-dhe-kriza-politike-nuk-jane-e-njejta-gje\\\/#article\",\"isPartOf\":{\"@id\":\"https:\\\/\\\/fjala.info\\\/2009-2015\\\/kriteri-politik-dhe-kriza-politike-nuk-jane-e-njejta-gje\\\/\"},\"author\":{\"name\":\"admin\",\"@id\":\"https:\\\/\\\/fjala.info\\\/2009-2015\\\/#\\\/schema\\\/person\\\/3aa1163ef05469c496fc94e77611ada2\"},\"headline\":\"Kriteri politik dhe kriza politike nuk jan\u00eb e nj\u00ebjta gj\u00eb\",\"datePublished\":\"2010-04-18T22:04:08+00:00\",\"mainEntityOfPage\":{\"@id\":\"https:\\\/\\\/fjala.info\\\/2009-2015\\\/kriteri-politik-dhe-kriza-politike-nuk-jane-e-njejta-gje\\\/\"},\"wordCount\":1506,\"commentCount\":0,\"publisher\":{\"@id\":\"https:\\\/\\\/fjala.info\\\/2009-2015\\\/#organization\"},\"image\":{\"@id\":\"https:\\\/\\\/fjala.info\\\/2009-2015\\\/kriteri-politik-dhe-kriza-politike-nuk-jane-e-njejta-gje\\\/#primaryimage\"},\"thumbnailUrl\":\"http:\\\/\\\/www.shkoder.net\\\/images\\\/fjala\\\/prec_zogaj.jpg\",\"articleSection\":[\"Artikuj\"],\"inLanguage\":\"sq-AL\",\"potentialAction\":[{\"@type\":\"CommentAction\",\"name\":\"Comment\",\"target\":[\"https:\\\/\\\/fjala.info\\\/2009-2015\\\/kriteri-politik-dhe-kriza-politike-nuk-jane-e-njejta-gje\\\/#respond\"]}]},{\"@type\":\"WebPage\",\"@id\":\"https:\\\/\\\/fjala.info\\\/2009-2015\\\/kriteri-politik-dhe-kriza-politike-nuk-jane-e-njejta-gje\\\/\",\"url\":\"https:\\\/\\\/fjala.info\\\/2009-2015\\\/kriteri-politik-dhe-kriza-politike-nuk-jane-e-njejta-gje\\\/\",\"name\":\"Kriteri politik dhe kriza politike nuk jan\u00eb e nj\u00ebjta gj\u00eb - FjALA e LIR\u00cb - Arkivi\",\"isPartOf\":{\"@id\":\"https:\\\/\\\/fjala.info\\\/2009-2015\\\/#website\"},\"primaryImageOfPage\":{\"@id\":\"https:\\\/\\\/fjala.info\\\/2009-2015\\\/kriteri-politik-dhe-kriza-politike-nuk-jane-e-njejta-gje\\\/#primaryimage\"},\"image\":{\"@id\":\"https:\\\/\\\/fjala.info\\\/2009-2015\\\/kriteri-politik-dhe-kriza-politike-nuk-jane-e-njejta-gje\\\/#primaryimage\"},\"thumbnailUrl\":\"http:\\\/\\\/www.shkoder.net\\\/images\\\/fjala\\\/prec_zogaj.jpg\",\"datePublished\":\"2010-04-18T22:04:08+00:00\",\"breadcrumb\":{\"@id\":\"https:\\\/\\\/fjala.info\\\/2009-2015\\\/kriteri-politik-dhe-kriza-politike-nuk-jane-e-njejta-gje\\\/#breadcrumb\"},\"inLanguage\":\"sq-AL\",\"potentialAction\":[{\"@type\":\"ReadAction\",\"target\":[\"https:\\\/\\\/fjala.info\\\/2009-2015\\\/kriteri-politik-dhe-kriza-politike-nuk-jane-e-njejta-gje\\\/\"]}]},{\"@type\":\"ImageObject\",\"inLanguage\":\"sq-AL\",\"@id\":\"https:\\\/\\\/fjala.info\\\/2009-2015\\\/kriteri-politik-dhe-kriza-politike-nuk-jane-e-njejta-gje\\\/#primaryimage\",\"url\":\"http:\\\/\\\/www.shkoder.net\\\/images\\\/fjala\\\/prec_zogaj.jpg\",\"contentUrl\":\"http:\\\/\\\/www.shkoder.net\\\/images\\\/fjala\\\/prec_zogaj.jpg\"},{\"@type\":\"BreadcrumbList\",\"@id\":\"https:\\\/\\\/fjala.info\\\/2009-2015\\\/kriteri-politik-dhe-kriza-politike-nuk-jane-e-njejta-gje\\\/#breadcrumb\",\"itemListElement\":[{\"@type\":\"ListItem\",\"position\":1,\"name\":\"Home\",\"item\":\"https:\\\/\\\/fjala.info\\\/2009-2015\\\/\"},{\"@type\":\"ListItem\",\"position\":2,\"name\":\"Kriteri politik dhe kriza politike nuk jan\u00eb e nj\u00ebjta gj\u00eb\"}]},{\"@type\":\"WebSite\",\"@id\":\"https:\\\/\\\/fjala.info\\\/2009-2015\\\/#website\",\"url\":\"https:\\\/\\\/fjala.info\\\/2009-2015\\\/\",\"name\":\"FjALA e LIR\u00cb - Arkivi\",\"description\":\"Arkivi 2009-2015\",\"publisher\":{\"@id\":\"https:\\\/\\\/fjala.info\\\/2009-2015\\\/#organization\"},\"potentialAction\":[{\"@type\":\"SearchAction\",\"target\":{\"@type\":\"EntryPoint\",\"urlTemplate\":\"https:\\\/\\\/fjala.info\\\/2009-2015\\\/?s={search_term_string}\"},\"query-input\":{\"@type\":\"PropertyValueSpecification\",\"valueRequired\":true,\"valueName\":\"search_term_string\"}}],\"inLanguage\":\"sq-AL\"},{\"@type\":\"Organization\",\"@id\":\"https:\\\/\\\/fjala.info\\\/2009-2015\\\/#organization\",\"name\":\"FjALA e LIR\u00cb - Arkivi\",\"url\":\"https:\\\/\\\/fjala.info\\\/2009-2015\\\/\",\"logo\":{\"@type\":\"ImageObject\",\"inLanguage\":\"sq-AL\",\"@id\":\"https:\\\/\\\/fjala.info\\\/2009-2015\\\/#\\\/schema\\\/logo\\\/image\\\/\",\"url\":\"\",\"contentUrl\":\"\",\"caption\":\"FjALA e LIR\u00cb - Arkivi\"},\"image\":{\"@id\":\"https:\\\/\\\/fjala.info\\\/2009-2015\\\/#\\\/schema\\\/logo\\\/image\\\/\"}},{\"@type\":\"Person\",\"@id\":\"https:\\\/\\\/fjala.info\\\/2009-2015\\\/#\\\/schema\\\/person\\\/3aa1163ef05469c496fc94e77611ada2\",\"name\":\"admin\",\"image\":{\"@type\":\"ImageObject\",\"inLanguage\":\"sq-AL\",\"@id\":\"https:\\\/\\\/fjala.info\\\/2009-2015\\\/wp-content\\\/uploads\\\/2012\\\/02\\\/arben_cokaj-120x150.jpg\",\"url\":\"https:\\\/\\\/fjala.info\\\/2009-2015\\\/wp-content\\\/uploads\\\/2012\\\/02\\\/arben_cokaj-120x150.jpg\",\"contentUrl\":\"https:\\\/\\\/fjala.info\\\/2009-2015\\\/wp-content\\\/uploads\\\/2012\\\/02\\\/arben_cokaj-120x150.jpg\",\"caption\":\"admin\"},\"description\":\"Admin, Fjala e Lir\u00eb\",\"sameAs\":[\"https:\\\/\\\/fjala.info\\\/\"],\"url\":\"https:\\\/\\\/fjala.info\\\/2009-2015\\\/author\\\/admin\\\/\"}]}<\/script>\n<!-- \/ Yoast SEO plugin. -->","yoast_head_json":{"title":"Kriteri politik dhe kriza politike nuk jan\u00eb e nj\u00ebjta gj\u00eb - FjALA e LIR\u00cb - Arkivi","robots":{"index":"index","follow":"follow","max-snippet":"max-snippet:-1","max-image-preview":"max-image-preview:large","max-video-preview":"max-video-preview:-1"},"canonical":"https:\/\/fjala.info\/2009-2015\/kriteri-politik-dhe-kriza-politike-nuk-jane-e-njejta-gje\/","og_locale":"sq_AL","og_type":"article","og_title":"Kriteri politik dhe kriza politike nuk jan\u00eb e nj\u00ebjta gj\u00eb - FjALA e LIR\u00cb - Arkivi","og_description":"Pre\u00e7 Zogaj, 18.04.2010 Teknik\u00ebt thon\u00eb t\u00eb v\u00ebrtet\u00ebn. Politikan\u00ebt e rrumbullakosin, pa e fshehur at\u00eb. Ky zakon i pashkruar i kancelarive europiane n\u00eb marr\u00ebdh\u00ebniet me jasht\u00eb provohet qart\u00eb edhe n\u00eb komunikimin intensiv t\u00eb k\u00ebtyre muajve t\u00eb fundit midis Brukselit dhe Shqip\u00ebris\u00eb. Drejtori p\u00ebr Zgjerimin n\u00eb Komisionin Europian, zoti Pier Mirel, p\u00ebr shembull, \u00ebsht\u00eb gjithnj\u00eb m\u00eb i [&hellip;]","og_url":"https:\/\/fjala.info\/2009-2015\/kriteri-politik-dhe-kriza-politike-nuk-jane-e-njejta-gje\/","og_site_name":"FjALA e LIR\u00cb - Arkivi","article_published_time":"2010-04-18T22:04:08+00:00","og_image":[{"url":"http:\/\/www.shkoder.net\/images\/fjala\/prec_zogaj.jpg","type":"","width":"","height":""}],"author":"admin","twitter_card":"summary_large_image","twitter_misc":{"Written by":"admin","Est. reading time":"7 minutes"},"schema":{"@context":"https:\/\/schema.org","@graph":[{"@type":"Article","@id":"https:\/\/fjala.info\/2009-2015\/kriteri-politik-dhe-kriza-politike-nuk-jane-e-njejta-gje\/#article","isPartOf":{"@id":"https:\/\/fjala.info\/2009-2015\/kriteri-politik-dhe-kriza-politike-nuk-jane-e-njejta-gje\/"},"author":{"name":"admin","@id":"https:\/\/fjala.info\/2009-2015\/#\/schema\/person\/3aa1163ef05469c496fc94e77611ada2"},"headline":"Kriteri politik dhe kriza politike nuk jan\u00eb e nj\u00ebjta gj\u00eb","datePublished":"2010-04-18T22:04:08+00:00","mainEntityOfPage":{"@id":"https:\/\/fjala.info\/2009-2015\/kriteri-politik-dhe-kriza-politike-nuk-jane-e-njejta-gje\/"},"wordCount":1506,"commentCount":0,"publisher":{"@id":"https:\/\/fjala.info\/2009-2015\/#organization"},"image":{"@id":"https:\/\/fjala.info\/2009-2015\/kriteri-politik-dhe-kriza-politike-nuk-jane-e-njejta-gje\/#primaryimage"},"thumbnailUrl":"http:\/\/www.shkoder.net\/images\/fjala\/prec_zogaj.jpg","articleSection":["Artikuj"],"inLanguage":"sq-AL","potentialAction":[{"@type":"CommentAction","name":"Comment","target":["https:\/\/fjala.info\/2009-2015\/kriteri-politik-dhe-kriza-politike-nuk-jane-e-njejta-gje\/#respond"]}]},{"@type":"WebPage","@id":"https:\/\/fjala.info\/2009-2015\/kriteri-politik-dhe-kriza-politike-nuk-jane-e-njejta-gje\/","url":"https:\/\/fjala.info\/2009-2015\/kriteri-politik-dhe-kriza-politike-nuk-jane-e-njejta-gje\/","name":"Kriteri politik dhe kriza politike nuk jan\u00eb e nj\u00ebjta gj\u00eb - FjALA e LIR\u00cb - Arkivi","isPartOf":{"@id":"https:\/\/fjala.info\/2009-2015\/#website"},"primaryImageOfPage":{"@id":"https:\/\/fjala.info\/2009-2015\/kriteri-politik-dhe-kriza-politike-nuk-jane-e-njejta-gje\/#primaryimage"},"image":{"@id":"https:\/\/fjala.info\/2009-2015\/kriteri-politik-dhe-kriza-politike-nuk-jane-e-njejta-gje\/#primaryimage"},"thumbnailUrl":"http:\/\/www.shkoder.net\/images\/fjala\/prec_zogaj.jpg","datePublished":"2010-04-18T22:04:08+00:00","breadcrumb":{"@id":"https:\/\/fjala.info\/2009-2015\/kriteri-politik-dhe-kriza-politike-nuk-jane-e-njejta-gje\/#breadcrumb"},"inLanguage":"sq-AL","potentialAction":[{"@type":"ReadAction","target":["https:\/\/fjala.info\/2009-2015\/kriteri-politik-dhe-kriza-politike-nuk-jane-e-njejta-gje\/"]}]},{"@type":"ImageObject","inLanguage":"sq-AL","@id":"https:\/\/fjala.info\/2009-2015\/kriteri-politik-dhe-kriza-politike-nuk-jane-e-njejta-gje\/#primaryimage","url":"http:\/\/www.shkoder.net\/images\/fjala\/prec_zogaj.jpg","contentUrl":"http:\/\/www.shkoder.net\/images\/fjala\/prec_zogaj.jpg"},{"@type":"BreadcrumbList","@id":"https:\/\/fjala.info\/2009-2015\/kriteri-politik-dhe-kriza-politike-nuk-jane-e-njejta-gje\/#breadcrumb","itemListElement":[{"@type":"ListItem","position":1,"name":"Home","item":"https:\/\/fjala.info\/2009-2015\/"},{"@type":"ListItem","position":2,"name":"Kriteri politik dhe kriza politike nuk jan\u00eb e nj\u00ebjta gj\u00eb"}]},{"@type":"WebSite","@id":"https:\/\/fjala.info\/2009-2015\/#website","url":"https:\/\/fjala.info\/2009-2015\/","name":"FjALA e LIR\u00cb - Arkivi","description":"Arkivi 2009-2015","publisher":{"@id":"https:\/\/fjala.info\/2009-2015\/#organization"},"potentialAction":[{"@type":"SearchAction","target":{"@type":"EntryPoint","urlTemplate":"https:\/\/fjala.info\/2009-2015\/?s={search_term_string}"},"query-input":{"@type":"PropertyValueSpecification","valueRequired":true,"valueName":"search_term_string"}}],"inLanguage":"sq-AL"},{"@type":"Organization","@id":"https:\/\/fjala.info\/2009-2015\/#organization","name":"FjALA e LIR\u00cb - Arkivi","url":"https:\/\/fjala.info\/2009-2015\/","logo":{"@type":"ImageObject","inLanguage":"sq-AL","@id":"https:\/\/fjala.info\/2009-2015\/#\/schema\/logo\/image\/","url":"","contentUrl":"","caption":"FjALA e LIR\u00cb - Arkivi"},"image":{"@id":"https:\/\/fjala.info\/2009-2015\/#\/schema\/logo\/image\/"}},{"@type":"Person","@id":"https:\/\/fjala.info\/2009-2015\/#\/schema\/person\/3aa1163ef05469c496fc94e77611ada2","name":"admin","image":{"@type":"ImageObject","inLanguage":"sq-AL","@id":"https:\/\/fjala.info\/2009-2015\/wp-content\/uploads\/2012\/02\/arben_cokaj-120x150.jpg","url":"https:\/\/fjala.info\/2009-2015\/wp-content\/uploads\/2012\/02\/arben_cokaj-120x150.jpg","contentUrl":"https:\/\/fjala.info\/2009-2015\/wp-content\/uploads\/2012\/02\/arben_cokaj-120x150.jpg","caption":"admin"},"description":"Admin, Fjala e Lir\u00eb","sameAs":["https:\/\/fjala.info\/"],"url":"https:\/\/fjala.info\/2009-2015\/author\/admin\/"}]}},"_links":{"self":[{"href":"https:\/\/fjala.info\/2009-2015\/wp-json\/wp\/v2\/posts\/2290","targetHints":{"allow":["GET"]}}],"collection":[{"href":"https:\/\/fjala.info\/2009-2015\/wp-json\/wp\/v2\/posts"}],"about":[{"href":"https:\/\/fjala.info\/2009-2015\/wp-json\/wp\/v2\/types\/post"}],"author":[{"embeddable":true,"href":"https:\/\/fjala.info\/2009-2015\/wp-json\/wp\/v2\/users\/1"}],"replies":[{"embeddable":true,"href":"https:\/\/fjala.info\/2009-2015\/wp-json\/wp\/v2\/comments?post=2290"}],"version-history":[{"count":0,"href":"https:\/\/fjala.info\/2009-2015\/wp-json\/wp\/v2\/posts\/2290\/revisions"}],"wp:attachment":[{"href":"https:\/\/fjala.info\/2009-2015\/wp-json\/wp\/v2\/media?parent=2290"}],"wp:term":[{"taxonomy":"category","embeddable":true,"href":"https:\/\/fjala.info\/2009-2015\/wp-json\/wp\/v2\/categories?post=2290"},{"taxonomy":"post_tag","embeddable":true,"href":"https:\/\/fjala.info\/2009-2015\/wp-json\/wp\/v2\/tags?post=2290"}],"curies":[{"name":"wp","href":"https:\/\/api.w.org\/{rel}","templated":true}]}}