{"id":2288,"date":"2010-04-18T23:01:10","date_gmt":"2010-04-18T22:01:10","guid":{"rendered":"http:\/\/fjala.shkoder.net\/?p=2288"},"modified":"2010-04-18T23:01:10","modified_gmt":"2010-04-18T22:01:10","slug":"nje-mashtrues-ne-bruksel","status":"publish","type":"post","link":"https:\/\/fjala.info\/2009-2015\/nje-mashtrues-ne-bruksel\/","title":{"rendered":"Nj\u00eb mashtrues n\u00eb Bruksel"},"content":{"rendered":"<p><img decoding=\"async\" style=\"margin-left: 10px; margin-right: 10px; border: 0px;\" src=\"http:\/\/www.shkoder.net\/images\/fjala\/arben_rrozhani.jpg\" border=\"0\" alt=\"Arben Rrozhani\" width=\"150\" align=\"right\" \/><\/p>\n<p><strong>Arben Rrozhani<\/strong>, <em>18.04.2010<\/em><\/p>\n<p>Kryeministri Sali Berisha b\u00ebri tentativ\u00ebn e dyt\u00eb t\u00eb trokitjes n\u00eb dyert e bllokut t\u00eb 25 vendeve an\u00ebtare t\u00eb BE-s\u00eb. Nj\u00eb vit pasi ia ngeci n\u00eb dor\u00eb, zarfin e aplikimit p\u00ebr an\u00ebtar\u00ebsimin n\u00eb BE, ish-kryeministrit \u00e7ek, Topolanek, nd\u00ebrsa Shqip\u00ebria ishte zhytur kok\u00eb e k\u00ebmb\u00eb n\u00eb fushat\u00ebn elektorale, i nj\u00ebjti zyrtar i lart\u00eb nga Shqip\u00ebria la n\u00eb duart e eurokomisionerit p\u00ebr zgjerimin, Shtefan Fyle, p\u00ebrgjigjet e pyet\u00ebsorit t\u00eb dh\u00ebn\u00eb nga Komisioni Europian kat\u00ebr muaj m\u00eb par\u00eb.<\/p>\n<p>\u00cbsht\u00eb p\u00ebr t&#8217;u lavd\u00ebruar vrulli dhe gatishm\u00ebria e shefit t\u00eb qeveris\u00eb shqiptare q\u00eb personalisht t\u00eb jet\u00eb n\u00eb krye t\u00eb \u00e7do hapi t\u00eb Shqip\u00ebris\u00eb n\u00eb iniciativat euroatlantike dhe ai me shum\u00eb d\u00ebshir\u00eb dhe ego e ka kryer k\u00ebt\u00eb m\u00eb s\u00eb miri, duke marr\u00eb p\u00ebrsip\u00ebr edhe meritat, por jo rrisqet.<\/p>\n<p>N\u00eb duart e z. Fyle dhe zyrtar\u00ebve t\u00eb tjer\u00eb t\u00eb BE-s\u00eb jan\u00eb p\u00ebrgjigjet e 2283 pyetjeve, nga t\u00eb cilat do t\u00eb varet edhe vendimi i Komisionit Europian p\u00ebr t\u00eb klasifikuar apo jo Shqip\u00ebrin\u00eb p\u00ebr marrjen e statusit t\u00eb vendit kandidat. Nj\u00eb dit\u00eb para fluturimit p\u00ebr n\u00eb Bruksel, duke prezantuar dosjen me 3854 faqe, z. Berisha shprehu besimin n\u00eb objektivitetin e zyrtar\u00ebve t\u00eb Komisionit Europian p\u00ebr vler\u00ebsimin e reformave t\u00eb Shqip\u00ebris\u00eb, duke shprehur besimin se qeveria e tij do t\u00eb marr\u00eb vler\u00ebsimin objektiv dhe t\u00eb merituar.<\/p>\n<p>Kur e dor\u00ebzoi pyet\u00ebsorin m\u00eb 16 dhjetor 2009, shefi i KE-s\u00eb n\u00eb Tiran\u00eb, Helmut Lohan, Brukseli kishte dh\u00ebn\u00eb nj\u00eb mesazh t\u00eb qart\u00eb: &#8220;Qeveria shqiptare \u00ebsht\u00eb e ftuar t&#8217;u jap\u00eb p\u00ebrgjigje \u00e7\u00ebshtjeve esenciale n\u00eb m\u00ebnyr\u00eb t\u00eb qart\u00eb dhe transparente&#8221;. Pra, &#8220;nx\u00ebn\u00ebsi&#8221; (qeveria shqiptare) nuk duhej t\u00eb b\u00ebnte hile dhe p\u00ebr ta ndihmuar edhe p\u00ebr m\u00eb tej, Komisioni Europian shprehej se mbetej i gatsh\u00ebm q\u00eb t&#8217;i jap\u00eb qeveris\u00eb \u00e7do shpjegim p\u00ebr paqart\u00ebsit\u00eb q\u00eb mund t\u00eb ket\u00eb p\u00ebr pyetje t\u00eb caktuara. Prej dhjetorit t\u00eb kaluar nuk dihet nj\u00eb rast i vet\u00ebm q\u00eb qeveria e z. Berisha t\u00eb ket\u00eb k\u00ebrkuar sqarime apo nd\u00ebrhyrje te burokrat\u00ebt e Brukselit dhe kushti i vet\u00ebm ka qen\u00eb mbyllja e dosjes sa m\u00eb shpejt t\u00eb ishte e mundur.<\/p>\n<p>Pa hyr\u00eb n\u00eb detajet e im\u00ebta q\u00eb lidhen me pyetjet e Europ\u00ebs p\u00ebr mjedisin, mbrojtjen e konsumatorit etj., etj., pjesa m\u00eb e r\u00ebnd\u00ebsishme e pyet\u00ebsorit ishte politika dhe drejtuesit e Brukselit kan\u00eb dashur t\u00eb zez\u00ebn mbi t\u00eb bardh\u00eb se n\u00eb \u00e7far\u00eb niveli \u00ebsht\u00eb demokracia n\u00eb vend, cili \u00ebsht\u00eb roli i institucioneve, sa respektohen t\u00eb drejtat e njeriut, \u00e7far\u00eb ka b\u00ebr\u00eb qeveria shqiptare n\u00eb luft\u00ebn kund\u00ebr korrupsionit, sa respektohet kushtetuta e vendit, sa \u00ebsht\u00eb p\u00ebrfaq\u00ebsuar vullneti i popullit n\u00eb parlament, cili \u00ebsht\u00eb programi i qeveris\u00eb, sa garantohet pavar\u00ebsia e gjyq\u00ebsorit n\u00eb vend, cilat jan\u00eb masat e marra n\u00eb luft\u00ebn antikorrupsion, apo sa mbrohen dhe respektohen t\u00eb drejtat e njeriut, si dhe t\u00eb drejtat civile e politike.<\/p>\n<p>P\u00ebr \u00e7do shqiptar \u00ebsht\u00eb e qart\u00eb se \u00e7far\u00eb p\u00ebrgjigjesh ka dh\u00ebn\u00eb qeveria e z. Berisha. P\u00ebr pes\u00eb vite, ai ka zbatuar parimin &#8220;b\u00ebni si them un\u00eb dhe mos b\u00ebni si b\u00ebj un\u00eb&#8221;, duke i th\u00ebn\u00eb t\u00eb zez\u00ebs t\u00eb bardh\u00eb dhe t\u00eb bardh\u00ebs t\u00eb zez\u00eb, si\u00e7 ka d\u00ebshiruar prej shtatorit 2005, n\u00eb rolin e kryeministrit.<\/p>\n<p>Sepse demokracia n\u00eb vend \u00ebsht\u00eb n\u00eb nivelin m\u00eb t\u00eb ul\u00ebt, ose krahasuar me at\u00eb mesit t\u00eb viteve &#8217;90-t\u00eb, ku s\u00ebrish n\u00eb pushtet ishte presidenti Sali Berisha, p\u00ebrball\u00eb nj\u00eb opozite t\u00eb dhunuar dhe me kryetarin t\u00eb lin\u00e7uar; se qeveria p\u00ebr pes\u00eb vite \u00ebsht\u00eb munduar t\u00eb zhb\u00ebj\u00eb ritmet e k\u00ebnaqshme t\u00eb marr\u00ebdh\u00ebnieve t\u00eb Ekzekutivit me institucionet e pavarura kushtetuese, duke k\u00ebrkuar v\u00ebnien n\u00eb kontroll t\u00eb k\u00ebtyre institucioneve; se t\u00eb drejtat e njeriut shkelen me k\u00ebmb\u00eb fillimisht nga kryeministri i vendit dhe n\u00ebn shembullin e tij k\u00ebshtu b\u00ebjn\u00eb t\u00eb gjith\u00eb zyrtar\u00ebt e \u00e7do rangu, duke ia l\u00ebn\u00eb zgjidhjen vet\u00ebm ryshfetit dhe parimit &#8220;fiton m\u00eb i forti&#8221;; se qeveria shqiptare \u00ebsht\u00eb avokatja e krimit dhe korrupsionit shtet\u00ebror dhe se mjafton fakti q\u00eb n\u00eb kabinetin e z. Berisha jan\u00eb t\u00eb pakt\u00ebn dy ministra q\u00eb sot duhet t\u00eb ishin mbrapa hekurave t\u00eb burgut me akuza p\u00ebr vrasje masive abuzime skandaloze me parat\u00eb e taksapaguesve dhe donator\u00ebve; se ka pasur me dhjet\u00ebra tentativa antikushtetuese t\u00eb nisura nga qeveria, shumica e saj parlamentare dhe jan\u00eb t\u00eb pakt\u00ebn 20 vendime t\u00eb gjykat\u00ebs Kushtetuese, q\u00eb i kan\u00eb th\u00ebn\u00eb ndal revanshit antikushtetues t\u00eb qeveris\u00eb s\u00eb z. Berisha; se p\u00ebr t\u00eb dyt\u00ebn legjislatur\u00eb rresht, si n\u00eb 2005 edhe n\u00eb 2009, populli nuk \u00ebsht\u00eb p\u00ebrfaq\u00ebsuar n\u00eb Kuvend, se vota e tij u deformua me procese t\u00eb turpshme p\u00ebr nj\u00eb vend aspirant p\u00ebr n\u00eb BE, se zgjedhjet e 28 qershorit 2009 ishin nj\u00eb njoll\u00eb turpi q\u00eb nuk mund t\u00eb hiqet me komisione qesharake parlamentare, ku hetimet i kryen ai q\u00eb vjedh; se programi i qeveris\u00eb shqiptare \u00ebsht\u00eb asocial dhe antipopullor dhe bazohet n\u00eb rritjen e skem\u00ebs s\u00eb tatimit dhe t\u00eb taksimit p\u00ebr t\u00eb mbledhur sa m\u00eb shum\u00eb t\u00eb ardhura, apo n\u00eb shtrenjtimin e \u00e7mimeve p\u00ebr sh\u00ebrbimet jetike, jo p\u00ebr rritur investimet publike n\u00eb sektor\u00ebt m\u00eb jetik\u00eb, por p\u00ebr investimet elektorale dhe t\u00eb lidhura me interesat klienteliste t\u00eb nj\u00eb grushti njer\u00ebzish n\u00eb pushtet; se qeveria shqiptare vazhdon t\u00eb mbaj\u00eb lart flamurin e antikorrupsionit, por \u00ebsht\u00eb zhytur keqazi n\u00eb llumin e parave t\u00eb pista, duke nxir\u00eb raportet e huaja, por dhe ato t\u00eb agjencive vendase, si\u00e7 \u00ebsht\u00eb Kontrolli i Lart\u00eb i Shtetit. <\/p>\n<p>N\u00eb Bruksel, tre dit\u00eb m\u00eb par\u00eb duhej t\u00eb ishte nj\u00eb dit\u00eb e madhe p\u00ebr Shqip\u00ebrin\u00eb dhe p\u00ebr \u00e7do politikan q\u00eb p\u00ebrfaq\u00ebson at\u00eb n\u00eb \u00ebndrr\u00ebn drejt BE-s\u00eb. Por, nuk ka asnj\u00eb arsye t\u00eb g\u00ebzohemi. Shqip\u00ebria, \u00ebsht\u00eb s\u00ebrish e turp\u00ebruar n\u00eb dyert e BE-s\u00eb, me nj\u00eb kryeminist\u00ebr q\u00eb shkon atje me 3854 faqe mashtrimesh p\u00ebr Shqip\u00ebrin\u00eb q\u00eb nuk \u00ebsht\u00eb.<\/p>\n","protected":false},"excerpt":{"rendered":"<p>Arben Rrozhani, 18.04.2010 Kryeministri Sali Berisha b\u00ebri tentativ\u00ebn e dyt\u00eb t\u00eb trokitjes n\u00eb dyert e bllokut t\u00eb 25 vendeve an\u00ebtare t\u00eb BE-s\u00eb. Nj\u00eb vit pasi ia ngeci n\u00eb dor\u00eb, zarfin e aplikimit p\u00ebr an\u00ebtar\u00ebsimin n\u00eb BE, ish-kryeministrit \u00e7ek, Topolanek, nd\u00ebrsa Shqip\u00ebria ishte zhytur kok\u00eb e k\u00ebmb\u00eb n\u00eb fushat\u00ebn elektorale, i nj\u00ebjti zyrtar i lart\u00eb nga [&hellip;]<\/p>\n","protected":false},"author":1,"featured_media":0,"comment_status":"open","ping_status":"closed","sticky":false,"template":"","format":"standard","meta":{"footnotes":""},"categories":[2],"tags":[],"class_list":{"0":"post-2288","1":"post","2":"type-post","3":"status-publish","4":"format-standard","6":"category-artikuj"},"yoast_head":"<!-- This site is optimized with the Yoast SEO plugin v27.4 - https:\/\/yoast.com\/product\/yoast-seo-wordpress\/ -->\n<title>Nj\u00eb mashtrues n\u00eb Bruksel - FjALA e LIR\u00cb - Arkivi<\/title>\n<meta name=\"robots\" content=\"index, follow, max-snippet:-1, max-image-preview:large, max-video-preview:-1\" \/>\n<link rel=\"canonical\" href=\"https:\/\/fjala.info\/2009-2015\/nje-mashtrues-ne-bruksel\/\" \/>\n<meta property=\"og:locale\" content=\"sq_AL\" \/>\n<meta property=\"og:type\" content=\"article\" \/>\n<meta property=\"og:title\" content=\"Nj\u00eb mashtrues n\u00eb Bruksel - FjALA e LIR\u00cb - Arkivi\" \/>\n<meta property=\"og:description\" content=\"Arben Rrozhani, 18.04.2010 Kryeministri Sali Berisha b\u00ebri tentativ\u00ebn e dyt\u00eb t\u00eb trokitjes n\u00eb dyert e bllokut t\u00eb 25 vendeve an\u00ebtare t\u00eb BE-s\u00eb. Nj\u00eb vit pasi ia ngeci n\u00eb dor\u00eb, zarfin e aplikimit p\u00ebr an\u00ebtar\u00ebsimin n\u00eb BE, ish-kryeministrit \u00e7ek, Topolanek, nd\u00ebrsa Shqip\u00ebria ishte zhytur kok\u00eb e k\u00ebmb\u00eb n\u00eb fushat\u00ebn elektorale, i nj\u00ebjti zyrtar i lart\u00eb nga [&hellip;]\" \/>\n<meta property=\"og:url\" content=\"https:\/\/fjala.info\/2009-2015\/nje-mashtrues-ne-bruksel\/\" \/>\n<meta property=\"og:site_name\" content=\"FjALA e LIR\u00cb - Arkivi\" \/>\n<meta property=\"article:published_time\" content=\"2010-04-18T22:01:10+00:00\" \/>\n<meta property=\"og:image\" content=\"http:\/\/www.shkoder.net\/images\/fjala\/arben_rrozhani.jpg\" \/>\n<meta name=\"author\" content=\"admin\" \/>\n<meta name=\"twitter:card\" content=\"summary_large_image\" \/>\n<meta name=\"twitter:label1\" content=\"Written by\" \/>\n\t<meta name=\"twitter:data1\" content=\"admin\" \/>\n\t<meta name=\"twitter:label2\" content=\"Est. reading time\" \/>\n\t<meta name=\"twitter:data2\" content=\"5 minutes\" \/>\n<script type=\"application\/ld+json\" class=\"yoast-schema-graph\">{\"@context\":\"https:\\\/\\\/schema.org\",\"@graph\":[{\"@type\":\"Article\",\"@id\":\"https:\\\/\\\/fjala.info\\\/2009-2015\\\/nje-mashtrues-ne-bruksel\\\/#article\",\"isPartOf\":{\"@id\":\"https:\\\/\\\/fjala.info\\\/2009-2015\\\/nje-mashtrues-ne-bruksel\\\/\"},\"author\":{\"name\":\"admin\",\"@id\":\"https:\\\/\\\/fjala.info\\\/2009-2015\\\/#\\\/schema\\\/person\\\/3aa1163ef05469c496fc94e77611ada2\"},\"headline\":\"Nj\u00eb mashtrues n\u00eb Bruksel\",\"datePublished\":\"2010-04-18T22:01:10+00:00\",\"mainEntityOfPage\":{\"@id\":\"https:\\\/\\\/fjala.info\\\/2009-2015\\\/nje-mashtrues-ne-bruksel\\\/\"},\"wordCount\":1030,\"commentCount\":0,\"publisher\":{\"@id\":\"https:\\\/\\\/fjala.info\\\/2009-2015\\\/#organization\"},\"image\":{\"@id\":\"https:\\\/\\\/fjala.info\\\/2009-2015\\\/nje-mashtrues-ne-bruksel\\\/#primaryimage\"},\"thumbnailUrl\":\"http:\\\/\\\/www.shkoder.net\\\/images\\\/fjala\\\/arben_rrozhani.jpg\",\"articleSection\":[\"Artikuj\"],\"inLanguage\":\"sq-AL\",\"potentialAction\":[{\"@type\":\"CommentAction\",\"name\":\"Comment\",\"target\":[\"https:\\\/\\\/fjala.info\\\/2009-2015\\\/nje-mashtrues-ne-bruksel\\\/#respond\"]}]},{\"@type\":\"WebPage\",\"@id\":\"https:\\\/\\\/fjala.info\\\/2009-2015\\\/nje-mashtrues-ne-bruksel\\\/\",\"url\":\"https:\\\/\\\/fjala.info\\\/2009-2015\\\/nje-mashtrues-ne-bruksel\\\/\",\"name\":\"Nj\u00eb mashtrues n\u00eb Bruksel - FjALA e LIR\u00cb - Arkivi\",\"isPartOf\":{\"@id\":\"https:\\\/\\\/fjala.info\\\/2009-2015\\\/#website\"},\"primaryImageOfPage\":{\"@id\":\"https:\\\/\\\/fjala.info\\\/2009-2015\\\/nje-mashtrues-ne-bruksel\\\/#primaryimage\"},\"image\":{\"@id\":\"https:\\\/\\\/fjala.info\\\/2009-2015\\\/nje-mashtrues-ne-bruksel\\\/#primaryimage\"},\"thumbnailUrl\":\"http:\\\/\\\/www.shkoder.net\\\/images\\\/fjala\\\/arben_rrozhani.jpg\",\"datePublished\":\"2010-04-18T22:01:10+00:00\",\"breadcrumb\":{\"@id\":\"https:\\\/\\\/fjala.info\\\/2009-2015\\\/nje-mashtrues-ne-bruksel\\\/#breadcrumb\"},\"inLanguage\":\"sq-AL\",\"potentialAction\":[{\"@type\":\"ReadAction\",\"target\":[\"https:\\\/\\\/fjala.info\\\/2009-2015\\\/nje-mashtrues-ne-bruksel\\\/\"]}]},{\"@type\":\"ImageObject\",\"inLanguage\":\"sq-AL\",\"@id\":\"https:\\\/\\\/fjala.info\\\/2009-2015\\\/nje-mashtrues-ne-bruksel\\\/#primaryimage\",\"url\":\"http:\\\/\\\/www.shkoder.net\\\/images\\\/fjala\\\/arben_rrozhani.jpg\",\"contentUrl\":\"http:\\\/\\\/www.shkoder.net\\\/images\\\/fjala\\\/arben_rrozhani.jpg\"},{\"@type\":\"BreadcrumbList\",\"@id\":\"https:\\\/\\\/fjala.info\\\/2009-2015\\\/nje-mashtrues-ne-bruksel\\\/#breadcrumb\",\"itemListElement\":[{\"@type\":\"ListItem\",\"position\":1,\"name\":\"Home\",\"item\":\"https:\\\/\\\/fjala.info\\\/2009-2015\\\/\"},{\"@type\":\"ListItem\",\"position\":2,\"name\":\"Nj\u00eb mashtrues n\u00eb Bruksel\"}]},{\"@type\":\"WebSite\",\"@id\":\"https:\\\/\\\/fjala.info\\\/2009-2015\\\/#website\",\"url\":\"https:\\\/\\\/fjala.info\\\/2009-2015\\\/\",\"name\":\"FjALA e LIR\u00cb - Arkivi\",\"description\":\"Arkivi 2009-2015\",\"publisher\":{\"@id\":\"https:\\\/\\\/fjala.info\\\/2009-2015\\\/#organization\"},\"potentialAction\":[{\"@type\":\"SearchAction\",\"target\":{\"@type\":\"EntryPoint\",\"urlTemplate\":\"https:\\\/\\\/fjala.info\\\/2009-2015\\\/?s={search_term_string}\"},\"query-input\":{\"@type\":\"PropertyValueSpecification\",\"valueRequired\":true,\"valueName\":\"search_term_string\"}}],\"inLanguage\":\"sq-AL\"},{\"@type\":\"Organization\",\"@id\":\"https:\\\/\\\/fjala.info\\\/2009-2015\\\/#organization\",\"name\":\"FjALA e LIR\u00cb - Arkivi\",\"url\":\"https:\\\/\\\/fjala.info\\\/2009-2015\\\/\",\"logo\":{\"@type\":\"ImageObject\",\"inLanguage\":\"sq-AL\",\"@id\":\"https:\\\/\\\/fjala.info\\\/2009-2015\\\/#\\\/schema\\\/logo\\\/image\\\/\",\"url\":\"\",\"contentUrl\":\"\",\"caption\":\"FjALA e LIR\u00cb - Arkivi\"},\"image\":{\"@id\":\"https:\\\/\\\/fjala.info\\\/2009-2015\\\/#\\\/schema\\\/logo\\\/image\\\/\"}},{\"@type\":\"Person\",\"@id\":\"https:\\\/\\\/fjala.info\\\/2009-2015\\\/#\\\/schema\\\/person\\\/3aa1163ef05469c496fc94e77611ada2\",\"name\":\"admin\",\"image\":{\"@type\":\"ImageObject\",\"inLanguage\":\"sq-AL\",\"@id\":\"https:\\\/\\\/fjala.info\\\/2009-2015\\\/wp-content\\\/uploads\\\/2012\\\/02\\\/arben_cokaj-120x150.jpg\",\"url\":\"https:\\\/\\\/fjala.info\\\/2009-2015\\\/wp-content\\\/uploads\\\/2012\\\/02\\\/arben_cokaj-120x150.jpg\",\"contentUrl\":\"https:\\\/\\\/fjala.info\\\/2009-2015\\\/wp-content\\\/uploads\\\/2012\\\/02\\\/arben_cokaj-120x150.jpg\",\"caption\":\"admin\"},\"description\":\"Admin, Fjala e Lir\u00eb\",\"sameAs\":[\"https:\\\/\\\/fjala.info\\\/\"],\"url\":\"https:\\\/\\\/fjala.info\\\/2009-2015\\\/author\\\/admin\\\/\"}]}<\/script>\n<!-- \/ Yoast SEO plugin. -->","yoast_head_json":{"title":"Nj\u00eb mashtrues n\u00eb Bruksel - FjALA e LIR\u00cb - Arkivi","robots":{"index":"index","follow":"follow","max-snippet":"max-snippet:-1","max-image-preview":"max-image-preview:large","max-video-preview":"max-video-preview:-1"},"canonical":"https:\/\/fjala.info\/2009-2015\/nje-mashtrues-ne-bruksel\/","og_locale":"sq_AL","og_type":"article","og_title":"Nj\u00eb mashtrues n\u00eb Bruksel - FjALA e LIR\u00cb - Arkivi","og_description":"Arben Rrozhani, 18.04.2010 Kryeministri Sali Berisha b\u00ebri tentativ\u00ebn e dyt\u00eb t\u00eb trokitjes n\u00eb dyert e bllokut t\u00eb 25 vendeve an\u00ebtare t\u00eb BE-s\u00eb. Nj\u00eb vit pasi ia ngeci n\u00eb dor\u00eb, zarfin e aplikimit p\u00ebr an\u00ebtar\u00ebsimin n\u00eb BE, ish-kryeministrit \u00e7ek, Topolanek, nd\u00ebrsa Shqip\u00ebria ishte zhytur kok\u00eb e k\u00ebmb\u00eb n\u00eb fushat\u00ebn elektorale, i nj\u00ebjti zyrtar i lart\u00eb nga [&hellip;]","og_url":"https:\/\/fjala.info\/2009-2015\/nje-mashtrues-ne-bruksel\/","og_site_name":"FjALA e LIR\u00cb - Arkivi","article_published_time":"2010-04-18T22:01:10+00:00","og_image":[{"url":"http:\/\/www.shkoder.net\/images\/fjala\/arben_rrozhani.jpg","type":"","width":"","height":""}],"author":"admin","twitter_card":"summary_large_image","twitter_misc":{"Written by":"admin","Est. reading time":"5 minutes"},"schema":{"@context":"https:\/\/schema.org","@graph":[{"@type":"Article","@id":"https:\/\/fjala.info\/2009-2015\/nje-mashtrues-ne-bruksel\/#article","isPartOf":{"@id":"https:\/\/fjala.info\/2009-2015\/nje-mashtrues-ne-bruksel\/"},"author":{"name":"admin","@id":"https:\/\/fjala.info\/2009-2015\/#\/schema\/person\/3aa1163ef05469c496fc94e77611ada2"},"headline":"Nj\u00eb mashtrues n\u00eb Bruksel","datePublished":"2010-04-18T22:01:10+00:00","mainEntityOfPage":{"@id":"https:\/\/fjala.info\/2009-2015\/nje-mashtrues-ne-bruksel\/"},"wordCount":1030,"commentCount":0,"publisher":{"@id":"https:\/\/fjala.info\/2009-2015\/#organization"},"image":{"@id":"https:\/\/fjala.info\/2009-2015\/nje-mashtrues-ne-bruksel\/#primaryimage"},"thumbnailUrl":"http:\/\/www.shkoder.net\/images\/fjala\/arben_rrozhani.jpg","articleSection":["Artikuj"],"inLanguage":"sq-AL","potentialAction":[{"@type":"CommentAction","name":"Comment","target":["https:\/\/fjala.info\/2009-2015\/nje-mashtrues-ne-bruksel\/#respond"]}]},{"@type":"WebPage","@id":"https:\/\/fjala.info\/2009-2015\/nje-mashtrues-ne-bruksel\/","url":"https:\/\/fjala.info\/2009-2015\/nje-mashtrues-ne-bruksel\/","name":"Nj\u00eb mashtrues n\u00eb Bruksel - FjALA e LIR\u00cb - Arkivi","isPartOf":{"@id":"https:\/\/fjala.info\/2009-2015\/#website"},"primaryImageOfPage":{"@id":"https:\/\/fjala.info\/2009-2015\/nje-mashtrues-ne-bruksel\/#primaryimage"},"image":{"@id":"https:\/\/fjala.info\/2009-2015\/nje-mashtrues-ne-bruksel\/#primaryimage"},"thumbnailUrl":"http:\/\/www.shkoder.net\/images\/fjala\/arben_rrozhani.jpg","datePublished":"2010-04-18T22:01:10+00:00","breadcrumb":{"@id":"https:\/\/fjala.info\/2009-2015\/nje-mashtrues-ne-bruksel\/#breadcrumb"},"inLanguage":"sq-AL","potentialAction":[{"@type":"ReadAction","target":["https:\/\/fjala.info\/2009-2015\/nje-mashtrues-ne-bruksel\/"]}]},{"@type":"ImageObject","inLanguage":"sq-AL","@id":"https:\/\/fjala.info\/2009-2015\/nje-mashtrues-ne-bruksel\/#primaryimage","url":"http:\/\/www.shkoder.net\/images\/fjala\/arben_rrozhani.jpg","contentUrl":"http:\/\/www.shkoder.net\/images\/fjala\/arben_rrozhani.jpg"},{"@type":"BreadcrumbList","@id":"https:\/\/fjala.info\/2009-2015\/nje-mashtrues-ne-bruksel\/#breadcrumb","itemListElement":[{"@type":"ListItem","position":1,"name":"Home","item":"https:\/\/fjala.info\/2009-2015\/"},{"@type":"ListItem","position":2,"name":"Nj\u00eb mashtrues n\u00eb Bruksel"}]},{"@type":"WebSite","@id":"https:\/\/fjala.info\/2009-2015\/#website","url":"https:\/\/fjala.info\/2009-2015\/","name":"FjALA e LIR\u00cb - Arkivi","description":"Arkivi 2009-2015","publisher":{"@id":"https:\/\/fjala.info\/2009-2015\/#organization"},"potentialAction":[{"@type":"SearchAction","target":{"@type":"EntryPoint","urlTemplate":"https:\/\/fjala.info\/2009-2015\/?s={search_term_string}"},"query-input":{"@type":"PropertyValueSpecification","valueRequired":true,"valueName":"search_term_string"}}],"inLanguage":"sq-AL"},{"@type":"Organization","@id":"https:\/\/fjala.info\/2009-2015\/#organization","name":"FjALA e LIR\u00cb - Arkivi","url":"https:\/\/fjala.info\/2009-2015\/","logo":{"@type":"ImageObject","inLanguage":"sq-AL","@id":"https:\/\/fjala.info\/2009-2015\/#\/schema\/logo\/image\/","url":"","contentUrl":"","caption":"FjALA e LIR\u00cb - Arkivi"},"image":{"@id":"https:\/\/fjala.info\/2009-2015\/#\/schema\/logo\/image\/"}},{"@type":"Person","@id":"https:\/\/fjala.info\/2009-2015\/#\/schema\/person\/3aa1163ef05469c496fc94e77611ada2","name":"admin","image":{"@type":"ImageObject","inLanguage":"sq-AL","@id":"https:\/\/fjala.info\/2009-2015\/wp-content\/uploads\/2012\/02\/arben_cokaj-120x150.jpg","url":"https:\/\/fjala.info\/2009-2015\/wp-content\/uploads\/2012\/02\/arben_cokaj-120x150.jpg","contentUrl":"https:\/\/fjala.info\/2009-2015\/wp-content\/uploads\/2012\/02\/arben_cokaj-120x150.jpg","caption":"admin"},"description":"Admin, Fjala e Lir\u00eb","sameAs":["https:\/\/fjala.info\/"],"url":"https:\/\/fjala.info\/2009-2015\/author\/admin\/"}]}},"_links":{"self":[{"href":"https:\/\/fjala.info\/2009-2015\/wp-json\/wp\/v2\/posts\/2288","targetHints":{"allow":["GET"]}}],"collection":[{"href":"https:\/\/fjala.info\/2009-2015\/wp-json\/wp\/v2\/posts"}],"about":[{"href":"https:\/\/fjala.info\/2009-2015\/wp-json\/wp\/v2\/types\/post"}],"author":[{"embeddable":true,"href":"https:\/\/fjala.info\/2009-2015\/wp-json\/wp\/v2\/users\/1"}],"replies":[{"embeddable":true,"href":"https:\/\/fjala.info\/2009-2015\/wp-json\/wp\/v2\/comments?post=2288"}],"version-history":[{"count":0,"href":"https:\/\/fjala.info\/2009-2015\/wp-json\/wp\/v2\/posts\/2288\/revisions"}],"wp:attachment":[{"href":"https:\/\/fjala.info\/2009-2015\/wp-json\/wp\/v2\/media?parent=2288"}],"wp:term":[{"taxonomy":"category","embeddable":true,"href":"https:\/\/fjala.info\/2009-2015\/wp-json\/wp\/v2\/categories?post=2288"},{"taxonomy":"post_tag","embeddable":true,"href":"https:\/\/fjala.info\/2009-2015\/wp-json\/wp\/v2\/tags?post=2288"}],"curies":[{"name":"wp","href":"https:\/\/api.w.org\/{rel}","templated":true}]}}