{"id":2286,"date":"2010-04-18T22:38:55","date_gmt":"2010-04-18T21:38:55","guid":{"rendered":"http:\/\/fjala.shkoder.net\/?p=2286"},"modified":"2010-04-18T22:38:55","modified_gmt":"2010-04-18T21:38:55","slug":"700-milion-per-rrugen-apo-fabrikat","status":"publish","type":"post","link":"https:\/\/fjala.info\/2009-2015\/700-milion-per-rrugen-apo-fabrikat\/","title":{"rendered":"700 milion p\u00ebr rrug\u00ebn apo fabrikat!"},"content":{"rendered":"<p><em>M\u00eb k\u00ebt\u00eb gjendje padrejt\u00ebsie duhet t\u00eb kishte reagime m\u00eb t\u00eb forta politike nga t\u00eb gjitha an\u00ebt, sepse sovraniteti nuk falet, e n\u00ebse kemi b\u00ebr\u00eb sadopak sakrific\u00eb p\u00ebr vete, at\u00ebher\u00eb ta mbrojm\u00eb t\u00eb drejt\u00ebn q\u00eb na takon t\u00eb vet\u00ebvendosim p\u00ebr vet\u00ebn. N\u00ebse vendet mike na ndihmuan duke e mbrojtur vet\u00ebn e tyre n\u00eb Kosov\u00eb, at\u00ebher\u00eb le t\u00eb lirohen nga mos liria jon\u00eb p\u00ebr t\u00eb mos vet\u00ebvendosur ne p\u00ebr vet\u00ebn ton\u00eb. <\/em><\/p>\n<p><img decoding=\"async\" style=\"margin-left: 10px; margin-right: 10px; border: 0px;\" src=\"http:\/\/www.shkoder.net\/images\/fjala\/bekim_rexhepi.jpg\" border=\"0\" alt=\"Bekim REXHEPI\" width=\"100\" align=\"right\" \/><\/p>\n<p>Nga <strong>Bekim REXHEPI<\/strong><\/p>\n<p>Mbase k\u00ebt\u00eb lloj pyetje nuk e b\u00ebm\u00eb publike, dosido nuk e justifikon verb\u00ebrin\u00eb e element\u00ebve institucionale q\u00eb t\u00eb tregoheshin kaq t\u00eb pap\u00ebrgjegjshme, duke vendosur nj\u00eb shum\u00eb t\u00eb lart\u00eb t\u00eb hollash, qe padyshim se do t\u00eb varf\u00ebrojn\u00eb t\u00eb ardhmen e t\u00eb gjith\u00eb qytetar\u00ebve t\u00eb Kosov\u00eb. Rrug\u00ebt jan\u00eb t\u00eb nevojshme, p\u00ebr k\u00ebt\u00eb nuk ka m\u00ebdyshje, por se gjithashtu nuk ka ken\u00eb rruga prioritet p\u00ebr Kosov\u00ebn se sa mund t\u00eb ket\u00eb ken\u00eb nj\u00eb num\u00ebr i madh fabrikash q\u00eb do t\u00eb mund t\u00eb nd\u00ebrtoheshin apo mund t\u00eb rikonstruktoheshin tani p\u00ebr tani.<br \/>\nKatalogimi i ekonomis\u00eb Kosovare as qe mund t\u00eb mendohet m\u00eb k\u00ebt\u00eb politik\u00eb, e cila sikur mban iluzione t\u00eb thella, se gj\u00ebrat e mira p\u00ebr ekonomin vetvetiu do t\u00eb vijn\u00eb n\u00eb vendin e duhur. Ankorimi politik dhe sensasiv\u00eb \u00ebsht\u00eb dhe mbetet sip\u00ebrfaqe e qullt\u00eb e \u00ebndrrave n\u00eb nj\u00eb sistem t\u00eb pa definuar si\u00e7 ka aktualisht Kosova. Kompleksitet sa vije dhe shtohet, kur politika aktuale e p\u00ebrvet\u00ebson edhe mendimin altruist t\u00eb gjendjes iluzioniste n\u00eb Kosov\u00eb. 700 milion epen p\u00ebr nj\u00eb autostrad\u00eb n\u00eb mes t\u00eb Kosov\u00ebs, qe lidh\u00eb Shqip\u00ebrin\u00eb me Serbin\u00eb. Nd\u00ebrsa qytetar\u00ebve n\u00eb Kosov\u00eb m\u00eb k\u00ebta miliona euro, do t\u00eb mund ti kthehej nj\u00eb ngroht\u00ebsi m\u00eb direkt nga vendit dhe pushteti, sikur ky i fundit do ta kishte interesin e qytetarit n\u00eb plan\u00eb. Pushteti m\u00eb k\u00ebt\u00eb rrug\u00eb prej 700 milion\u00ebsh, padyshim se ja leht\u00ebson dhe mund\u00ebson vetvetes m\u00eb shum\u00eb interesin, madje duke i hapur shtegun dhe lidhjen m\u00eb t\u00eb mir\u00eb me Serbin\u00eb dhe Greqin\u00eb te cilat mbeten akoma vende antishqiptare.<\/p>\n<p>Politika e diktatit<\/p>\n<p>Duhet pranuar qe qytetari \u00ebsht\u00eb ngopur tashm\u00eb me ngarkesa afektive t\u00eb ideve simbolike, dhe strukturat e (pu)shtetit duhet t\u00eb krijojn\u00eb se paku at\u00eb ngrohje t\u00eb domosdoshme tek t\u00eb gjith\u00eb qytetaret, sepse ndryshe shteti p\u00ebr ta nuk do t\u00eb duket nj\u00eb krijes\u00eb reale po vet\u00ebm nj\u00eb shtet popanz*. N\u00ebse atdheu fillon me lirin\u00eb, at\u00ebher\u00eb mund t\u00eb konstatojm\u00eb se ne akoma nuk kemi liri t\u00eb v\u00ebrtet\u00eb dhe gjithashtu as dhe shtet t\u00eb v\u00ebrtet\u00eb. Largimi i forcave ushtarake serbe nga Kosova dhe i gjith\u00eb pushtetit okupues serb, krijuan nj\u00eb pamje lirie p\u00ebr shqiptaret, madje kjo liri edhe pas nj\u00ebmb\u00ebdhjet\u00eb viteve duket e brisht\u00eb, e pasigurit\u00eb. Pse duket k\u00ebshtu? Duke larguar forcat okupuese serbe, u instaluan ato t\u00eb KFOR-it, me nj\u00eb administrat\u00eb shum\u00eb arbitrare dhe t\u00eb padrejt\u00eb, pik\u00ebrisht duke ushtruar trysni mbi shumic\u00ebn shqiptare, e cila e ka t\u00eb drejt\u00ebn absolute p\u00ebr t\u00eb qeverisur me territorin n\u00eb ve\u00e7anti sa lirsh\u00ebm dhe aq pavarur. Po ta b\u00ebnim nj\u00eb pyetje t\u00eb till\u00eb do t\u00eb dukej e pakuptimt\u00eb! A qeverisin institucionet e Kosov\u00ebs lirsh\u00ebm dhe pavarur? Jo vet\u00ebm intelektuali, por edhe nj\u00eb qytetar i thjesht\u00eb, do ta konstatonte me pak fjal\u00eb se institucionet e Kosov\u00ebs jan\u00eb popanz* Sovraniteti n\u00eb Kosov\u00eb padrejt\u00ebsisht i takon EULX-it, dhe jo kombit shqiptar n\u00eb Kosov\u00eb. M\u00eb k\u00ebt\u00eb gjendje padrejt\u00ebsie duhet t\u00eb kishte reagime m\u00eb t\u00eb forta politike nga t\u00eb gjitha an\u00ebt, sepse sovraniteti nuk falet, e n\u00ebse kemi b\u00ebr\u00eb sadopak sakrific\u00eb p\u00ebr vete, at\u00ebher\u00eb ta mbrojm\u00eb t\u00eb drejt\u00ebn q\u00eb na takon t\u00eb vet\u00ebvendosim p\u00ebr vet\u00ebn. N\u00ebse vendet mike na ndihmuan duke e mbrojtur vet\u00ebn e tyre n\u00eb Kosov\u00eb, at\u00ebher\u00eb le t\u00eb lirohen nga mos liria jon\u00eb p\u00ebr t\u00eb mos vet\u00ebvendosur ne p\u00ebr vet\u00ebn ton\u00eb.<br \/>\nProblemi me p\u00ebrcaktimin e pushtetit ka qen\u00eb dhe do t\u00eb mbetet kushti themelor i vet\u00ebvendosjes politike, mes centralizimit t\u00eb territorit n\u00eb sh\u00ebrbim t\u00eb kombit dhe t\u00eb atdheut, ka edhe deformim i cili e klasifikon politik\u00ebn ton\u00eb si nj\u00eb politik\u00eb popanz, e cila synon n\u00eb nj\u00ebfar\u00eb m\u00ebnyre t\u00eb \u201cdecentralizoj\u201d territorin, i cili edhe k\u00ebshtu si\u00e7 funksionon \u00ebsht\u00eb decentralizues, ngase nga politika popanz nuk centralizohen dot; as territori dhe as politika. N\u00eb fakt centralizohen vet\u00ebm t\u00eb drejtat e shqiptaret q\u00eb jan\u00eb t\u00eb drejta t\u00eb tyre sublime. Beteja komb\u00ebtare po p\u00ebrplaset me nj\u00eb betej\u00eb t\u00eb pakuptimt\u00eb politike, dhe k\u00ebshtu si\u00e7 e kemi duket qart\u00eb se kemi vet\u00ebm nj\u00eb politik\u00eb fund e krye popanz. Mbase nj\u00eb politik\u00eb t\u00eb till\u00eb e k\u00ebrkonin dhe\/ose t\u00eb gjitha strukturat okupuese t\u00eb Serbis\u00eb n\u00eb Kosov\u00eb. Ajo politik\u00eb p\u00ebr t\u00eb ken\u00eb popanz u sfidua deri n\u00eb nj\u00eb sakrific\u00eb t\u00eb r\u00ebnd\u00eb, dhe mbase duhet sfiduar edhe EULX-in, qe dallon disi vet\u00ebm nga m\u00ebnyra represive e politik\u00ebs n\u00ebnshtruese. Nuk duam qe ata t\u00eb cil\u00ebt nga interesi i tyre, madje m\u00eb shum\u00eb i tyre, q\u00eb mbi fatkeq\u00ebsin\u00eb ton\u00eb, ruajt\u00ebn dhe fytyr\u00ebn e tyre, t\u00eb kthehen pam\u00ebshirsh\u00ebm edhe me nj\u00eb jo dashuri e jon\u00eb n\u00eb p\u00ebr\u00e7mues, n\u00eb armiq\u00ebsor, dhe t\u00eb fyhen deri n\u00eb at\u00eb pamje si jan\u00eb armiq t\u00eb radh\u00ebs mbi lirin\u00eb dhe mbi atdheun ton\u00eb. Sikur t\u00eb mos ishte k\u00ebshtu, nga politika aktuale nuk do ta kuptonim me kaq leht\u00ebsi tendenc\u00ebn e luhatjes s\u00eb ides\u00eb s\u00eb kombit, kur vlerat degradohen dhe kur p\u00ebrqafimi i idealit \u00e7do dit\u00eb zbehet p\u00ebrball\u00eb qytetarit shqiptar. Ndofta Kosov\u00ebs po i ndodh\u00eb nj\u00eb kolonizim m\u00eb modern imperialist.<\/p>\n<p>18.04.2010<br \/>\n___________________<br \/>\n<em>popanz*- kukull<\/em><\/p>\n","protected":false},"excerpt":{"rendered":"<p>M\u00eb k\u00ebt\u00eb gjendje padrejt\u00ebsie duhet t\u00eb kishte reagime m\u00eb t\u00eb forta politike nga t\u00eb gjitha an\u00ebt, sepse sovraniteti nuk falet, e n\u00ebse kemi b\u00ebr\u00eb sadopak sakrific\u00eb p\u00ebr vete, at\u00ebher\u00eb ta mbrojm\u00eb t\u00eb drejt\u00ebn q\u00eb na takon t\u00eb vet\u00ebvendosim p\u00ebr vet\u00ebn. N\u00ebse vendet mike na ndihmuan duke e mbrojtur vet\u00ebn e tyre n\u00eb Kosov\u00eb, at\u00ebher\u00eb le [&hellip;]<\/p>\n","protected":false},"author":1,"featured_media":0,"comment_status":"open","ping_status":"closed","sticky":false,"template":"","format":"standard","meta":{"footnotes":""},"categories":[2],"tags":[],"class_list":{"0":"post-2286","1":"post","2":"type-post","3":"status-publish","4":"format-standard","6":"category-artikuj"},"yoast_head":"<!-- This site is optimized with the Yoast SEO plugin v27.4 - https:\/\/yoast.com\/product\/yoast-seo-wordpress\/ -->\n<title>700 milion p\u00ebr rrug\u00ebn apo fabrikat! - FjALA e LIR\u00cb - Arkivi<\/title>\n<meta name=\"robots\" content=\"index, follow, max-snippet:-1, max-image-preview:large, max-video-preview:-1\" \/>\n<link rel=\"canonical\" href=\"https:\/\/fjala.info\/2009-2015\/700-milion-per-rrugen-apo-fabrikat\/\" \/>\n<meta property=\"og:locale\" content=\"sq_AL\" \/>\n<meta property=\"og:type\" content=\"article\" \/>\n<meta property=\"og:title\" content=\"700 milion p\u00ebr rrug\u00ebn apo fabrikat! - FjALA e LIR\u00cb - Arkivi\" \/>\n<meta property=\"og:description\" content=\"M\u00eb k\u00ebt\u00eb gjendje padrejt\u00ebsie duhet t\u00eb kishte reagime m\u00eb t\u00eb forta politike nga t\u00eb gjitha an\u00ebt, sepse sovraniteti nuk falet, e n\u00ebse kemi b\u00ebr\u00eb sadopak sakrific\u00eb p\u00ebr vete, at\u00ebher\u00eb ta mbrojm\u00eb t\u00eb drejt\u00ebn q\u00eb na takon t\u00eb vet\u00ebvendosim p\u00ebr vet\u00ebn. N\u00ebse vendet mike na ndihmuan duke e mbrojtur vet\u00ebn e tyre n\u00eb Kosov\u00eb, at\u00ebher\u00eb le [&hellip;]\" \/>\n<meta property=\"og:url\" content=\"https:\/\/fjala.info\/2009-2015\/700-milion-per-rrugen-apo-fabrikat\/\" \/>\n<meta property=\"og:site_name\" content=\"FjALA e LIR\u00cb - Arkivi\" \/>\n<meta property=\"article:published_time\" content=\"2010-04-18T21:38:55+00:00\" \/>\n<meta property=\"og:image\" content=\"http:\/\/www.shkoder.net\/images\/fjala\/bekim_rexhepi.jpg\" \/>\n<meta name=\"author\" content=\"admin\" \/>\n<meta name=\"twitter:card\" content=\"summary_large_image\" \/>\n<meta name=\"twitter:label1\" content=\"Written by\" \/>\n\t<meta name=\"twitter:data1\" content=\"admin\" \/>\n\t<meta name=\"twitter:label2\" content=\"Est. reading time\" \/>\n\t<meta name=\"twitter:data2\" content=\"5 minutes\" \/>\n<script type=\"application\/ld+json\" class=\"yoast-schema-graph\">{\"@context\":\"https:\\\/\\\/schema.org\",\"@graph\":[{\"@type\":\"Article\",\"@id\":\"https:\\\/\\\/fjala.info\\\/2009-2015\\\/700-milion-per-rrugen-apo-fabrikat\\\/#article\",\"isPartOf\":{\"@id\":\"https:\\\/\\\/fjala.info\\\/2009-2015\\\/700-milion-per-rrugen-apo-fabrikat\\\/\"},\"author\":{\"name\":\"admin\",\"@id\":\"https:\\\/\\\/fjala.info\\\/2009-2015\\\/#\\\/schema\\\/person\\\/3aa1163ef05469c496fc94e77611ada2\"},\"headline\":\"700 milion p\u00ebr rrug\u00ebn apo fabrikat!\",\"datePublished\":\"2010-04-18T21:38:55+00:00\",\"mainEntityOfPage\":{\"@id\":\"https:\\\/\\\/fjala.info\\\/2009-2015\\\/700-milion-per-rrugen-apo-fabrikat\\\/\"},\"wordCount\":986,\"commentCount\":0,\"publisher\":{\"@id\":\"https:\\\/\\\/fjala.info\\\/2009-2015\\\/#organization\"},\"image\":{\"@id\":\"https:\\\/\\\/fjala.info\\\/2009-2015\\\/700-milion-per-rrugen-apo-fabrikat\\\/#primaryimage\"},\"thumbnailUrl\":\"http:\\\/\\\/www.shkoder.net\\\/images\\\/fjala\\\/bekim_rexhepi.jpg\",\"articleSection\":[\"Artikuj\"],\"inLanguage\":\"sq-AL\",\"potentialAction\":[{\"@type\":\"CommentAction\",\"name\":\"Comment\",\"target\":[\"https:\\\/\\\/fjala.info\\\/2009-2015\\\/700-milion-per-rrugen-apo-fabrikat\\\/#respond\"]}]},{\"@type\":\"WebPage\",\"@id\":\"https:\\\/\\\/fjala.info\\\/2009-2015\\\/700-milion-per-rrugen-apo-fabrikat\\\/\",\"url\":\"https:\\\/\\\/fjala.info\\\/2009-2015\\\/700-milion-per-rrugen-apo-fabrikat\\\/\",\"name\":\"700 milion p\u00ebr rrug\u00ebn apo fabrikat! - FjALA e LIR\u00cb - Arkivi\",\"isPartOf\":{\"@id\":\"https:\\\/\\\/fjala.info\\\/2009-2015\\\/#website\"},\"primaryImageOfPage\":{\"@id\":\"https:\\\/\\\/fjala.info\\\/2009-2015\\\/700-milion-per-rrugen-apo-fabrikat\\\/#primaryimage\"},\"image\":{\"@id\":\"https:\\\/\\\/fjala.info\\\/2009-2015\\\/700-milion-per-rrugen-apo-fabrikat\\\/#primaryimage\"},\"thumbnailUrl\":\"http:\\\/\\\/www.shkoder.net\\\/images\\\/fjala\\\/bekim_rexhepi.jpg\",\"datePublished\":\"2010-04-18T21:38:55+00:00\",\"breadcrumb\":{\"@id\":\"https:\\\/\\\/fjala.info\\\/2009-2015\\\/700-milion-per-rrugen-apo-fabrikat\\\/#breadcrumb\"},\"inLanguage\":\"sq-AL\",\"potentialAction\":[{\"@type\":\"ReadAction\",\"target\":[\"https:\\\/\\\/fjala.info\\\/2009-2015\\\/700-milion-per-rrugen-apo-fabrikat\\\/\"]}]},{\"@type\":\"ImageObject\",\"inLanguage\":\"sq-AL\",\"@id\":\"https:\\\/\\\/fjala.info\\\/2009-2015\\\/700-milion-per-rrugen-apo-fabrikat\\\/#primaryimage\",\"url\":\"http:\\\/\\\/www.shkoder.net\\\/images\\\/fjala\\\/bekim_rexhepi.jpg\",\"contentUrl\":\"http:\\\/\\\/www.shkoder.net\\\/images\\\/fjala\\\/bekim_rexhepi.jpg\"},{\"@type\":\"BreadcrumbList\",\"@id\":\"https:\\\/\\\/fjala.info\\\/2009-2015\\\/700-milion-per-rrugen-apo-fabrikat\\\/#breadcrumb\",\"itemListElement\":[{\"@type\":\"ListItem\",\"position\":1,\"name\":\"Home\",\"item\":\"https:\\\/\\\/fjala.info\\\/2009-2015\\\/\"},{\"@type\":\"ListItem\",\"position\":2,\"name\":\"700 milion p\u00ebr rrug\u00ebn apo fabrikat!\"}]},{\"@type\":\"WebSite\",\"@id\":\"https:\\\/\\\/fjala.info\\\/2009-2015\\\/#website\",\"url\":\"https:\\\/\\\/fjala.info\\\/2009-2015\\\/\",\"name\":\"FjALA e LIR\u00cb - Arkivi\",\"description\":\"Arkivi 2009-2015\",\"publisher\":{\"@id\":\"https:\\\/\\\/fjala.info\\\/2009-2015\\\/#organization\"},\"potentialAction\":[{\"@type\":\"SearchAction\",\"target\":{\"@type\":\"EntryPoint\",\"urlTemplate\":\"https:\\\/\\\/fjala.info\\\/2009-2015\\\/?s={search_term_string}\"},\"query-input\":{\"@type\":\"PropertyValueSpecification\",\"valueRequired\":true,\"valueName\":\"search_term_string\"}}],\"inLanguage\":\"sq-AL\"},{\"@type\":\"Organization\",\"@id\":\"https:\\\/\\\/fjala.info\\\/2009-2015\\\/#organization\",\"name\":\"FjALA e LIR\u00cb - Arkivi\",\"url\":\"https:\\\/\\\/fjala.info\\\/2009-2015\\\/\",\"logo\":{\"@type\":\"ImageObject\",\"inLanguage\":\"sq-AL\",\"@id\":\"https:\\\/\\\/fjala.info\\\/2009-2015\\\/#\\\/schema\\\/logo\\\/image\\\/\",\"url\":\"\",\"contentUrl\":\"\",\"caption\":\"FjALA e LIR\u00cb - Arkivi\"},\"image\":{\"@id\":\"https:\\\/\\\/fjala.info\\\/2009-2015\\\/#\\\/schema\\\/logo\\\/image\\\/\"}},{\"@type\":\"Person\",\"@id\":\"https:\\\/\\\/fjala.info\\\/2009-2015\\\/#\\\/schema\\\/person\\\/3aa1163ef05469c496fc94e77611ada2\",\"name\":\"admin\",\"image\":{\"@type\":\"ImageObject\",\"inLanguage\":\"sq-AL\",\"@id\":\"https:\\\/\\\/fjala.info\\\/2009-2015\\\/wp-content\\\/uploads\\\/2012\\\/02\\\/arben_cokaj-120x150.jpg\",\"url\":\"https:\\\/\\\/fjala.info\\\/2009-2015\\\/wp-content\\\/uploads\\\/2012\\\/02\\\/arben_cokaj-120x150.jpg\",\"contentUrl\":\"https:\\\/\\\/fjala.info\\\/2009-2015\\\/wp-content\\\/uploads\\\/2012\\\/02\\\/arben_cokaj-120x150.jpg\",\"caption\":\"admin\"},\"description\":\"Admin, Fjala e Lir\u00eb\",\"sameAs\":[\"https:\\\/\\\/fjala.info\\\/\"],\"url\":\"https:\\\/\\\/fjala.info\\\/2009-2015\\\/author\\\/admin\\\/\"}]}<\/script>\n<!-- \/ Yoast SEO plugin. -->","yoast_head_json":{"title":"700 milion p\u00ebr rrug\u00ebn apo fabrikat! - FjALA e LIR\u00cb - Arkivi","robots":{"index":"index","follow":"follow","max-snippet":"max-snippet:-1","max-image-preview":"max-image-preview:large","max-video-preview":"max-video-preview:-1"},"canonical":"https:\/\/fjala.info\/2009-2015\/700-milion-per-rrugen-apo-fabrikat\/","og_locale":"sq_AL","og_type":"article","og_title":"700 milion p\u00ebr rrug\u00ebn apo fabrikat! - FjALA e LIR\u00cb - Arkivi","og_description":"M\u00eb k\u00ebt\u00eb gjendje padrejt\u00ebsie duhet t\u00eb kishte reagime m\u00eb t\u00eb forta politike nga t\u00eb gjitha an\u00ebt, sepse sovraniteti nuk falet, e n\u00ebse kemi b\u00ebr\u00eb sadopak sakrific\u00eb p\u00ebr vete, at\u00ebher\u00eb ta mbrojm\u00eb t\u00eb drejt\u00ebn q\u00eb na takon t\u00eb vet\u00ebvendosim p\u00ebr vet\u00ebn. N\u00ebse vendet mike na ndihmuan duke e mbrojtur vet\u00ebn e tyre n\u00eb Kosov\u00eb, at\u00ebher\u00eb le [&hellip;]","og_url":"https:\/\/fjala.info\/2009-2015\/700-milion-per-rrugen-apo-fabrikat\/","og_site_name":"FjALA e LIR\u00cb - Arkivi","article_published_time":"2010-04-18T21:38:55+00:00","og_image":[{"url":"http:\/\/www.shkoder.net\/images\/fjala\/bekim_rexhepi.jpg","type":"","width":"","height":""}],"author":"admin","twitter_card":"summary_large_image","twitter_misc":{"Written by":"admin","Est. reading time":"5 minutes"},"schema":{"@context":"https:\/\/schema.org","@graph":[{"@type":"Article","@id":"https:\/\/fjala.info\/2009-2015\/700-milion-per-rrugen-apo-fabrikat\/#article","isPartOf":{"@id":"https:\/\/fjala.info\/2009-2015\/700-milion-per-rrugen-apo-fabrikat\/"},"author":{"name":"admin","@id":"https:\/\/fjala.info\/2009-2015\/#\/schema\/person\/3aa1163ef05469c496fc94e77611ada2"},"headline":"700 milion p\u00ebr rrug\u00ebn apo fabrikat!","datePublished":"2010-04-18T21:38:55+00:00","mainEntityOfPage":{"@id":"https:\/\/fjala.info\/2009-2015\/700-milion-per-rrugen-apo-fabrikat\/"},"wordCount":986,"commentCount":0,"publisher":{"@id":"https:\/\/fjala.info\/2009-2015\/#organization"},"image":{"@id":"https:\/\/fjala.info\/2009-2015\/700-milion-per-rrugen-apo-fabrikat\/#primaryimage"},"thumbnailUrl":"http:\/\/www.shkoder.net\/images\/fjala\/bekim_rexhepi.jpg","articleSection":["Artikuj"],"inLanguage":"sq-AL","potentialAction":[{"@type":"CommentAction","name":"Comment","target":["https:\/\/fjala.info\/2009-2015\/700-milion-per-rrugen-apo-fabrikat\/#respond"]}]},{"@type":"WebPage","@id":"https:\/\/fjala.info\/2009-2015\/700-milion-per-rrugen-apo-fabrikat\/","url":"https:\/\/fjala.info\/2009-2015\/700-milion-per-rrugen-apo-fabrikat\/","name":"700 milion p\u00ebr rrug\u00ebn apo fabrikat! - FjALA e LIR\u00cb - Arkivi","isPartOf":{"@id":"https:\/\/fjala.info\/2009-2015\/#website"},"primaryImageOfPage":{"@id":"https:\/\/fjala.info\/2009-2015\/700-milion-per-rrugen-apo-fabrikat\/#primaryimage"},"image":{"@id":"https:\/\/fjala.info\/2009-2015\/700-milion-per-rrugen-apo-fabrikat\/#primaryimage"},"thumbnailUrl":"http:\/\/www.shkoder.net\/images\/fjala\/bekim_rexhepi.jpg","datePublished":"2010-04-18T21:38:55+00:00","breadcrumb":{"@id":"https:\/\/fjala.info\/2009-2015\/700-milion-per-rrugen-apo-fabrikat\/#breadcrumb"},"inLanguage":"sq-AL","potentialAction":[{"@type":"ReadAction","target":["https:\/\/fjala.info\/2009-2015\/700-milion-per-rrugen-apo-fabrikat\/"]}]},{"@type":"ImageObject","inLanguage":"sq-AL","@id":"https:\/\/fjala.info\/2009-2015\/700-milion-per-rrugen-apo-fabrikat\/#primaryimage","url":"http:\/\/www.shkoder.net\/images\/fjala\/bekim_rexhepi.jpg","contentUrl":"http:\/\/www.shkoder.net\/images\/fjala\/bekim_rexhepi.jpg"},{"@type":"BreadcrumbList","@id":"https:\/\/fjala.info\/2009-2015\/700-milion-per-rrugen-apo-fabrikat\/#breadcrumb","itemListElement":[{"@type":"ListItem","position":1,"name":"Home","item":"https:\/\/fjala.info\/2009-2015\/"},{"@type":"ListItem","position":2,"name":"700 milion p\u00ebr rrug\u00ebn apo fabrikat!"}]},{"@type":"WebSite","@id":"https:\/\/fjala.info\/2009-2015\/#website","url":"https:\/\/fjala.info\/2009-2015\/","name":"FjALA e LIR\u00cb - Arkivi","description":"Arkivi 2009-2015","publisher":{"@id":"https:\/\/fjala.info\/2009-2015\/#organization"},"potentialAction":[{"@type":"SearchAction","target":{"@type":"EntryPoint","urlTemplate":"https:\/\/fjala.info\/2009-2015\/?s={search_term_string}"},"query-input":{"@type":"PropertyValueSpecification","valueRequired":true,"valueName":"search_term_string"}}],"inLanguage":"sq-AL"},{"@type":"Organization","@id":"https:\/\/fjala.info\/2009-2015\/#organization","name":"FjALA e LIR\u00cb - Arkivi","url":"https:\/\/fjala.info\/2009-2015\/","logo":{"@type":"ImageObject","inLanguage":"sq-AL","@id":"https:\/\/fjala.info\/2009-2015\/#\/schema\/logo\/image\/","url":"","contentUrl":"","caption":"FjALA e LIR\u00cb - Arkivi"},"image":{"@id":"https:\/\/fjala.info\/2009-2015\/#\/schema\/logo\/image\/"}},{"@type":"Person","@id":"https:\/\/fjala.info\/2009-2015\/#\/schema\/person\/3aa1163ef05469c496fc94e77611ada2","name":"admin","image":{"@type":"ImageObject","inLanguage":"sq-AL","@id":"https:\/\/fjala.info\/2009-2015\/wp-content\/uploads\/2012\/02\/arben_cokaj-120x150.jpg","url":"https:\/\/fjala.info\/2009-2015\/wp-content\/uploads\/2012\/02\/arben_cokaj-120x150.jpg","contentUrl":"https:\/\/fjala.info\/2009-2015\/wp-content\/uploads\/2012\/02\/arben_cokaj-120x150.jpg","caption":"admin"},"description":"Admin, Fjala e Lir\u00eb","sameAs":["https:\/\/fjala.info\/"],"url":"https:\/\/fjala.info\/2009-2015\/author\/admin\/"}]}},"_links":{"self":[{"href":"https:\/\/fjala.info\/2009-2015\/wp-json\/wp\/v2\/posts\/2286","targetHints":{"allow":["GET"]}}],"collection":[{"href":"https:\/\/fjala.info\/2009-2015\/wp-json\/wp\/v2\/posts"}],"about":[{"href":"https:\/\/fjala.info\/2009-2015\/wp-json\/wp\/v2\/types\/post"}],"author":[{"embeddable":true,"href":"https:\/\/fjala.info\/2009-2015\/wp-json\/wp\/v2\/users\/1"}],"replies":[{"embeddable":true,"href":"https:\/\/fjala.info\/2009-2015\/wp-json\/wp\/v2\/comments?post=2286"}],"version-history":[{"count":0,"href":"https:\/\/fjala.info\/2009-2015\/wp-json\/wp\/v2\/posts\/2286\/revisions"}],"wp:attachment":[{"href":"https:\/\/fjala.info\/2009-2015\/wp-json\/wp\/v2\/media?parent=2286"}],"wp:term":[{"taxonomy":"category","embeddable":true,"href":"https:\/\/fjala.info\/2009-2015\/wp-json\/wp\/v2\/categories?post=2286"},{"taxonomy":"post_tag","embeddable":true,"href":"https:\/\/fjala.info\/2009-2015\/wp-json\/wp\/v2\/tags?post=2286"}],"curies":[{"name":"wp","href":"https:\/\/api.w.org\/{rel}","templated":true}]}}