{"id":2285,"date":"2012-03-28T20:27:27","date_gmt":"2012-03-28T19:27:27","guid":{"rendered":"http:\/\/fjala.shkoder.net\/?p=2285"},"modified":"2012-03-28T20:27:27","modified_gmt":"2012-03-28T19:27:27","slug":"lamtumire-shkrimtarit-te-shqetesuar-italian-antonio-tabukit","status":"publish","type":"post","link":"https:\/\/fjala.info\/2009-2015\/lamtumire-shkrimtarit-te-shqetesuar-italian-antonio-tabukit\/","title":{"rendered":"Lamtumir\u00eb shkrimtarit t\u00eb shqet\u00ebsuar italian &#8211; Antonio Tabukit"},"content":{"rendered":"<p><img decoding=\"async\" class=\"alignright size-thumbnail wp-image-7236\" title=\"Arjan Th. Kall\u00e7o\" src=\"http:\/\/www.shkoder.net\/images\/fjala\/2011\/arjan_kallco.jpg\" alt=\"\" width=\"150\" \/> <strong>Arjan Th. Kall\u00e7o<\/strong><\/p>\n<p>(<em>Let\u00ebrsia \u00ebsht\u00eb nj\u00eb e v\u00ebrtet\u00eb simbolike<\/em>)<\/p>\n<p>Gati dy vjet m\u00eb par\u00eb n\u00eb Selanik pata fatin q\u00eb ta njihja nga af\u00ebr shkrimtarin, mikun dhe kolegun ton\u00eb Antonio Tabuki. Ishin dit\u00eb t\u00eb paharruara jo vet\u00ebm p\u00ebr mua, por p\u00ebr t\u00eb gjith\u00eb ata q\u00eb pat\u00ebn mund\u00ebsi t\u00eb shk\u00ebmbenin disa fjal\u00eb me shkrimtarin e madh. Lajmi i dhimbsh\u00ebm i vdekjes trokiti pas dy dit\u00ebsh, pasditen e s\u00eb h\u00ebn\u00ebs n\u00eb emailin tim, p\u00ebrs\u00ebri nga qyteti ku u takuam p\u00ebr her\u00eb t\u00eb par\u00eb dhe t\u00eb fundit. Nuk i p\u00ebrmbajta dot lot\u00ebt dhe nj\u00eb lloj trishtimi m\u00eb shoq\u00ebroi gjith\u00eb pasditen deri nat\u00ebn von\u00eb. <\/p>\n<p>Nd\u00ebrroi jet\u00eb shkrimtari q\u00eb shqet\u00ebsimin e tij t\u00eb koh\u00ebs, shqet\u00ebsim universal, nuk e mbajti p\u00ebr vete n\u00eb shpirt si di\u00e7ka q\u00eb duhej fshehur me \u00e7do kusht, por e b\u00ebri t\u00eb njohur me vepr\u00ebn e tij, pas nj\u00eb analize tep\u00ebr t\u00eb gjer\u00eb, duke synuar nd\u00ebrgjegj\u00ebsimin e opinionit. Ishte nj\u00eb shqet\u00ebsim p\u00ebr fatet e bot\u00ebs q\u00eb e kishte lexuar n\u00eb mendjen dhe syt\u00eb e gati 15 paraardh\u00ebsve t\u00eb vet, shkrimtar\u00eb t\u00eb shquar t\u00eb gjith\u00eb dhe q\u00eb i lidhi pik\u00ebrisht tronditja e fort\u00eb intelektuale ndaj nj\u00eb realiteti t\u00eb ashp\u00ebr dhe plot probleme t\u00eb mprehta.<\/p>\n<blockquote>\n<p><strong>N\u00eb madh\u00ebshtin\u00eb t\u00ebnde\u2026<\/strong><\/p>\n<p><em>Vdekja kishte koh\u00eb q\u00eb p\u00ebrs\u00ebriste<\/p>\n<p>Apelet e saj qesharake, po, po, vet\u00eb ajo shushunja<\/p>\n<p>Me ferrin marr\u00ebzisht dashuruar.  E ka t\u00eb gjithin n\u00eb dor\u00eb,<\/p>\n<p>Mjafton nj\u00eb sh\u00ebnj\u00eb e vog\u00ebl pabesie, t\u00eb vret, t\u00eb gjunj\u00ebzon<\/p>\n<p>Si xhelate e v\u00ebrtet\u00eb mizore me frik\u00ebn ka flirtuar.<\/p>\n<p>N\u00eb parajs\u00eb askush nuk e mir\u00ebpret m\u00eb, \u00ebndrrat e saj<\/p>\n<p>Shtyhen tytje, n\u00eb pritje t\u00eb nj\u00eb ferri gjigand unik dhe t\u00eb lul\u00ebzuar.<\/p>\n<p>Ajo nuk k\u00ebrkon njer\u00ebz dosido, por emra t\u00eb m\u00ebdhenj, konformist\u00eb q\u00eb<\/p>\n<p>Ngutsh\u00ebm zhyten n\u00eb kull\u00ebn e vet n\u00eb pritje t\u00eb lavdis\u00eb s\u00eb p\u00ebrdal\u00eb<\/p>\n<p>Nga p\u00ebrulja fituar. Nuk ka zot tjet\u00ebr mbi dhe\u2019 t\u00eb cilit t\u2019i thurren k\u00ebng\u00eb,<\/p>\n<p>Vet\u00ebm ajo duhet lajkatuar.<\/p>\n<p>Ti, Promete\u2019, i injoroje apelet, joshjet e ethshme i bindur se nuk e<\/p>\n<p>Meritonte asnj\u00eb p\u00ebrgjigje, ve\u00e7 heshjes dhe dhimbjes s\u00eb saj<\/p>\n<p>Tek ndihej keq dhe e sfiduar.<\/p>\n<p>Vdekjes i shkove p\u00ebrball\u00eb, ia mbylle goj\u00ebn e lig\u00eb q\u00eb kurr\u00eb s\u2019pushoi<\/p>\n<p>Por n\u00eb madh\u00ebshtin\u00eb t\u00ebnde mbeti e vetme, mbeti e paftuar. <\/em><\/p>\n<p><strong>Arjan Th. Kall\u00e7o<\/strong><\/p>\n<p><em>Kor\u00e7\u00eb, 27 mars 2012<\/em><\/p>\n<\/blockquote>\n<p>Shkrimtari Tabuki nd\u00ebrroi jet\u00eb n\u00eb mosh\u00ebn 68 vje\u00e7are n\u00eb Lisbon\u00eb pas nj\u00eb s\u00ebmundje t\u00eb r\u00ebnd\u00eb. Lindi n\u00eb Piza n\u00eb vitin 1943 dhe n\u00eb vitet \u201960, kur ishte student, udh\u00ebtoi shum\u00eb n\u00ebp\u00ebr Europ\u00eb dhe gjat\u00eb asaj periudhe i lindi pasioni p\u00ebr Portugalin\u00eb dhe kultur\u00ebn e saj, nj\u00eb pasion q\u00eb e b\u00ebri kritikun dhe p\u00ebrkthyesin m\u00eb t\u00eb madh t\u00eb Fernando Pesoas, t\u00eb poetin brazilian De Andrade. Libri i tij i par\u00eb Sheshi i Italis\u00eb u botua n\u00eb vitin 1975, nj\u00eb lloj sage familiare q\u00eb flet p\u00ebr jet\u00ebn 90 vje\u00e7are n\u00eb nj\u00eb lagje toskane, nd\u00ebrsa i fundit doli vitin e kaluar me titull Tregime me figura. Tek libri i tij i par\u00eb Sheshi i Italis\u00eb autori thot\u00eb se m\u00ebsoi t\u00eb shkruante tregimtari nga poezia: Aty nga viti 1974 Lu\u00e7iana Pikio m\u00eb dha p\u00ebr t\u00eb lexuar boc\u00ebn e nj\u00eb nx\u00ebn\u00ebsi t\u00eb saj luzitan, duke m\u00eb propozuar q\u00eb t\u00eb shkruaja hyrjen. M\u00eb b\u00ebri p\u00ebrshtypje t\u00eb menj\u00ebher\u00ebshme vepra, sepse evokonte nj\u00eb mjedis i vendlindjes dhe autobiografik, apuan, me pasione t\u00eb fuqishme dhe me nj\u00eb fabul po aq t\u00eb fuqishme. M\u00eb pas mori rrug\u00eb t\u00eb tjera, duke kaluar nga si kozmopolit me rrug\u00ebtime nga Europa n\u00eb Azi, duke ndjekur itineraret e lundruesve portugez\u00eb, pushtues t\u00eb m\u00ebdhenj t\u00eb epok\u00ebs s\u00eb arit. <\/p>\n<p>Romanet dhe eset\u00eb e tij jan\u00eb p\u00ebrkthyer n\u00eb 40 gjuh\u00eb t\u00eb bot\u00ebs. Gjat\u00eb karrier\u00ebs s\u00eb tij t\u00eb gjat\u00eb ka marr\u00eb shum\u00eb \u00e7mime letrare n\u00eb Franc\u00eb, Itali, Portugali dhe disa prej romaneve t\u00eb tij u b\u00ebn\u00eb filma nga regjizor\u00eb italian\u00eb dhe t\u00eb huaj. Por ai nuk ishte vet\u00ebm letrar, sepse ishte i apasionuar pas politik\u00ebs dhe ishte nj\u00eb polemist i shk\u00eblqyer, duke mos u t\u00ebrhequr p\u00ebrball\u00eb ballafaqimeve t\u00eb ideve dhe pozicioneve edhe tek gazeta italiane La Repubblica. Emri i tij u b\u00eb i njohur me romanin Flet Pereira n\u00eb vitin 1994 q\u00eb ambientohet n\u00eb Lisbon\u00eb gjat\u00eb diktatur\u00ebs dhe tregon p\u00ebr ngjarjet e nj\u00eb gazetari obez dhe katolik q\u00eb pas aventurave q\u00eb pati me nj\u00eb revolucionar me origjin\u00eb italiane, b\u00ebhet antifashist. Kur Berluskoni hyri n\u00eb politik\u00eb personazhi i Tabukit ishte simbol i opozit\u00ebs ndaj Kavalierit dhe i luft\u00ebs p\u00ebr lirin\u00eb e shtypit. Klima e shqet\u00ebsimit p\u00ebr provat e m\u00ebparshme i mbivendoset nj\u00eb dimensioni me gjurm\u00eb t\u00eb fort\u00eb etiko-politike, si nj\u00eb protagonist i jasht\u00ebzakonsh\u00ebm, ish gazetari Pereira, d\u00ebshmimtari i vet\u00ebm i hipjes n\u00eb fuqi t\u00eb fashizmit europian. <\/p>\n<p>P\u00ebr shum\u00eb koh\u00eb q\u00eb nga 1973 dha m\u00ebsim gjuhe dhe let\u00ebrsie portugeze n\u00eb Siena. I p\u00eblqente ta quanin nj\u00eb profesor universiteti, duke theksuar se shkrimi nuk ishte profesioni i tij, por di\u00e7ka q\u00eb p\u00ebrfshin d\u00ebshirat, \u00ebndrrat dhe fantazit\u00eb. Me tregimet e tij Loja e p\u00ebrmbysjes n\u00eb vitin 1981 personaliteti i tij si shkrimtar afirmohet n\u00eb ve\u00e7antin\u00eb e vet, duke iu referuar m\u00ebsimit t\u00eb pasionit t\u00eb tij, Pesoas, dhe duke tematizuar iden\u00eb e p\u00ebrmbysjes si fill drejtues i ekzistenc\u00ebs, unitet kontradiktor q\u00eb shqet\u00ebson, josh dhe alarmon, por t\u00eb \u00e7on n\u00eb nj\u00eb njohje m\u00eb t\u00eb thell\u00eb t\u00eb bot\u00ebs, p\u00ebrmes nj\u00eb loje t\u00eb holl\u00eb midis finksionit pirandelian, memories letrare, kinematografike dhe figurative. Shfaqet p\u00ebr her\u00eb t\u00eb par\u00eb n\u00eb Lisbon\u00ebn fantastike dhe reale fantazma e Pesoas si frym\u00ebzuesi pas kuintave.<\/p>\n<p>Gjinia q\u00eb ishte m\u00eb e preferuar p\u00ebr t\u00eb ishte romani i shkurt\u00ebr q\u00eb i solli suksese dhe fam\u00eb n\u00eb Itali dhe jasht\u00eb saj. Romani i par\u00eb q\u00eb pati fat n\u00eb aren\u00ebn nd\u00ebrkomb\u00ebtare \u00ebsht\u00eb Rekuiem shkruar n\u00eb portugalisht dhe q\u00eb u p\u00ebrkthye m\u00eb von\u00eb n\u00eb italisht. Presidenti Italian Napolitano e quajti nj\u00eb shkrimtar t\u00eb impenjuar qytetarisht q\u00eb me v\u00ebmendjen e vet ndaj traditave dhe ngjarjeve, jo vet\u00ebm n\u00eb vendin e vet, diti t\u00eb interpretoj\u00eb shpirtin europian. Roberto Saviano u shpreh se po t\u00eb shkruante me pen\u00eb k\u00ebto fjal\u00eb, do t\u00eb ishin g\u00ebrma q\u00eb dridheshin dhe t\u00eb thyera. Salman Ruzhdie n\u00eb shenj\u00eb respekti dhe kujtimi k\u00ebshillon leximin e librit t\u00eb Tabukit Net\u00eb indiane, i bukur dhe i ngjash\u00ebm me nj\u00eb \u00ebnd\u00ebrr. <\/p>\n","protected":false},"excerpt":{"rendered":"<p>Arjan Th. Kall\u00e7o (Let\u00ebrsia \u00ebsht\u00eb nj\u00eb e v\u00ebrtet\u00eb simbolike) Gati dy vjet m\u00eb par\u00eb n\u00eb Selanik pata fatin q\u00eb ta njihja nga af\u00ebr shkrimtarin, mikun dhe kolegun ton\u00eb Antonio Tabuki. Ishin dit\u00eb t\u00eb paharruara jo vet\u00ebm p\u00ebr mua, por p\u00ebr t\u00eb gjith\u00eb ata q\u00eb pat\u00ebn mund\u00ebsi t\u00eb shk\u00ebmbenin disa fjal\u00eb me shkrimtarin e madh. Lajmi [&hellip;]<\/p>\n","protected":false},"author":1,"featured_media":0,"comment_status":"open","ping_status":"closed","sticky":false,"template":"","format":"standard","meta":{"footnotes":""},"categories":[2,7],"tags":[],"class_list":{"0":"post-2285","1":"post","2":"type-post","3":"status-publish","4":"format-standard","6":"category-artikuj","7":"category-letersi"},"yoast_head":"<!-- This site is optimized with the Yoast SEO plugin v27.4 - https:\/\/yoast.com\/product\/yoast-seo-wordpress\/ -->\n<title>Lamtumir\u00eb shkrimtarit t\u00eb shqet\u00ebsuar italian - Antonio Tabukit - FjALA e LIR\u00cb - Arkivi<\/title>\n<meta name=\"robots\" content=\"index, follow, max-snippet:-1, max-image-preview:large, max-video-preview:-1\" \/>\n<link rel=\"canonical\" href=\"https:\/\/fjala.info\/2009-2015\/lamtumire-shkrimtarit-te-shqetesuar-italian-antonio-tabukit\/\" \/>\n<meta property=\"og:locale\" content=\"sq_AL\" \/>\n<meta property=\"og:type\" content=\"article\" \/>\n<meta property=\"og:title\" content=\"Lamtumir\u00eb shkrimtarit t\u00eb shqet\u00ebsuar italian - Antonio Tabukit - FjALA e LIR\u00cb - Arkivi\" \/>\n<meta property=\"og:description\" content=\"Arjan Th. Kall\u00e7o (Let\u00ebrsia \u00ebsht\u00eb nj\u00eb e v\u00ebrtet\u00eb simbolike) Gati dy vjet m\u00eb par\u00eb n\u00eb Selanik pata fatin q\u00eb ta njihja nga af\u00ebr shkrimtarin, mikun dhe kolegun ton\u00eb Antonio Tabuki. Ishin dit\u00eb t\u00eb paharruara jo vet\u00ebm p\u00ebr mua, por p\u00ebr t\u00eb gjith\u00eb ata q\u00eb pat\u00ebn mund\u00ebsi t\u00eb shk\u00ebmbenin disa fjal\u00eb me shkrimtarin e madh. Lajmi [&hellip;]\" \/>\n<meta property=\"og:url\" content=\"https:\/\/fjala.info\/2009-2015\/lamtumire-shkrimtarit-te-shqetesuar-italian-antonio-tabukit\/\" \/>\n<meta property=\"og:site_name\" content=\"FjALA e LIR\u00cb - Arkivi\" \/>\n<meta property=\"article:published_time\" content=\"2012-03-28T19:27:27+00:00\" \/>\n<meta property=\"og:image\" content=\"http:\/\/www.shkoder.net\/images\/fjala\/2011\/arjan_kallco.jpg\" \/>\n<meta name=\"author\" content=\"admin\" \/>\n<meta name=\"twitter:card\" content=\"summary_large_image\" \/>\n<meta name=\"twitter:label1\" content=\"Written by\" \/>\n\t<meta name=\"twitter:data1\" content=\"admin\" \/>\n\t<meta name=\"twitter:label2\" content=\"Est. reading time\" \/>\n\t<meta name=\"twitter:data2\" content=\"6 minutes\" \/>\n<script type=\"application\/ld+json\" class=\"yoast-schema-graph\">{\"@context\":\"https:\\\/\\\/schema.org\",\"@graph\":[{\"@type\":\"Article\",\"@id\":\"https:\\\/\\\/fjala.info\\\/2009-2015\\\/lamtumire-shkrimtarit-te-shqetesuar-italian-antonio-tabukit\\\/#article\",\"isPartOf\":{\"@id\":\"https:\\\/\\\/fjala.info\\\/2009-2015\\\/lamtumire-shkrimtarit-te-shqetesuar-italian-antonio-tabukit\\\/\"},\"author\":{\"name\":\"admin\",\"@id\":\"https:\\\/\\\/fjala.info\\\/2009-2015\\\/#\\\/schema\\\/person\\\/3aa1163ef05469c496fc94e77611ada2\"},\"headline\":\"Lamtumir\u00eb shkrimtarit t\u00eb shqet\u00ebsuar italian &#8211; Antonio Tabukit\",\"datePublished\":\"2012-03-28T19:27:27+00:00\",\"mainEntityOfPage\":{\"@id\":\"https:\\\/\\\/fjala.info\\\/2009-2015\\\/lamtumire-shkrimtarit-te-shqetesuar-italian-antonio-tabukit\\\/\"},\"wordCount\":1124,\"commentCount\":0,\"publisher\":{\"@id\":\"https:\\\/\\\/fjala.info\\\/2009-2015\\\/#organization\"},\"image\":{\"@id\":\"https:\\\/\\\/fjala.info\\\/2009-2015\\\/lamtumire-shkrimtarit-te-shqetesuar-italian-antonio-tabukit\\\/#primaryimage\"},\"thumbnailUrl\":\"http:\\\/\\\/www.shkoder.net\\\/images\\\/fjala\\\/2011\\\/arjan_kallco.jpg\",\"articleSection\":[\"Artikuj\",\"Let\u00ebrsi\"],\"inLanguage\":\"sq-AL\",\"potentialAction\":[{\"@type\":\"CommentAction\",\"name\":\"Comment\",\"target\":[\"https:\\\/\\\/fjala.info\\\/2009-2015\\\/lamtumire-shkrimtarit-te-shqetesuar-italian-antonio-tabukit\\\/#respond\"]}]},{\"@type\":\"WebPage\",\"@id\":\"https:\\\/\\\/fjala.info\\\/2009-2015\\\/lamtumire-shkrimtarit-te-shqetesuar-italian-antonio-tabukit\\\/\",\"url\":\"https:\\\/\\\/fjala.info\\\/2009-2015\\\/lamtumire-shkrimtarit-te-shqetesuar-italian-antonio-tabukit\\\/\",\"name\":\"Lamtumir\u00eb shkrimtarit t\u00eb shqet\u00ebsuar italian - Antonio Tabukit - FjALA e LIR\u00cb - Arkivi\",\"isPartOf\":{\"@id\":\"https:\\\/\\\/fjala.info\\\/2009-2015\\\/#website\"},\"primaryImageOfPage\":{\"@id\":\"https:\\\/\\\/fjala.info\\\/2009-2015\\\/lamtumire-shkrimtarit-te-shqetesuar-italian-antonio-tabukit\\\/#primaryimage\"},\"image\":{\"@id\":\"https:\\\/\\\/fjala.info\\\/2009-2015\\\/lamtumire-shkrimtarit-te-shqetesuar-italian-antonio-tabukit\\\/#primaryimage\"},\"thumbnailUrl\":\"http:\\\/\\\/www.shkoder.net\\\/images\\\/fjala\\\/2011\\\/arjan_kallco.jpg\",\"datePublished\":\"2012-03-28T19:27:27+00:00\",\"breadcrumb\":{\"@id\":\"https:\\\/\\\/fjala.info\\\/2009-2015\\\/lamtumire-shkrimtarit-te-shqetesuar-italian-antonio-tabukit\\\/#breadcrumb\"},\"inLanguage\":\"sq-AL\",\"potentialAction\":[{\"@type\":\"ReadAction\",\"target\":[\"https:\\\/\\\/fjala.info\\\/2009-2015\\\/lamtumire-shkrimtarit-te-shqetesuar-italian-antonio-tabukit\\\/\"]}]},{\"@type\":\"ImageObject\",\"inLanguage\":\"sq-AL\",\"@id\":\"https:\\\/\\\/fjala.info\\\/2009-2015\\\/lamtumire-shkrimtarit-te-shqetesuar-italian-antonio-tabukit\\\/#primaryimage\",\"url\":\"http:\\\/\\\/www.shkoder.net\\\/images\\\/fjala\\\/2011\\\/arjan_kallco.jpg\",\"contentUrl\":\"http:\\\/\\\/www.shkoder.net\\\/images\\\/fjala\\\/2011\\\/arjan_kallco.jpg\"},{\"@type\":\"BreadcrumbList\",\"@id\":\"https:\\\/\\\/fjala.info\\\/2009-2015\\\/lamtumire-shkrimtarit-te-shqetesuar-italian-antonio-tabukit\\\/#breadcrumb\",\"itemListElement\":[{\"@type\":\"ListItem\",\"position\":1,\"name\":\"Home\",\"item\":\"https:\\\/\\\/fjala.info\\\/2009-2015\\\/\"},{\"@type\":\"ListItem\",\"position\":2,\"name\":\"Lamtumir\u00eb shkrimtarit t\u00eb shqet\u00ebsuar italian &#8211; Antonio Tabukit\"}]},{\"@type\":\"WebSite\",\"@id\":\"https:\\\/\\\/fjala.info\\\/2009-2015\\\/#website\",\"url\":\"https:\\\/\\\/fjala.info\\\/2009-2015\\\/\",\"name\":\"FjALA e LIR\u00cb - Arkivi\",\"description\":\"Arkivi 2009-2015\",\"publisher\":{\"@id\":\"https:\\\/\\\/fjala.info\\\/2009-2015\\\/#organization\"},\"potentialAction\":[{\"@type\":\"SearchAction\",\"target\":{\"@type\":\"EntryPoint\",\"urlTemplate\":\"https:\\\/\\\/fjala.info\\\/2009-2015\\\/?s={search_term_string}\"},\"query-input\":{\"@type\":\"PropertyValueSpecification\",\"valueRequired\":true,\"valueName\":\"search_term_string\"}}],\"inLanguage\":\"sq-AL\"},{\"@type\":\"Organization\",\"@id\":\"https:\\\/\\\/fjala.info\\\/2009-2015\\\/#organization\",\"name\":\"FjALA e LIR\u00cb - Arkivi\",\"url\":\"https:\\\/\\\/fjala.info\\\/2009-2015\\\/\",\"logo\":{\"@type\":\"ImageObject\",\"inLanguage\":\"sq-AL\",\"@id\":\"https:\\\/\\\/fjala.info\\\/2009-2015\\\/#\\\/schema\\\/logo\\\/image\\\/\",\"url\":\"\",\"contentUrl\":\"\",\"caption\":\"FjALA e LIR\u00cb - Arkivi\"},\"image\":{\"@id\":\"https:\\\/\\\/fjala.info\\\/2009-2015\\\/#\\\/schema\\\/logo\\\/image\\\/\"}},{\"@type\":\"Person\",\"@id\":\"https:\\\/\\\/fjala.info\\\/2009-2015\\\/#\\\/schema\\\/person\\\/3aa1163ef05469c496fc94e77611ada2\",\"name\":\"admin\",\"image\":{\"@type\":\"ImageObject\",\"inLanguage\":\"sq-AL\",\"@id\":\"https:\\\/\\\/fjala.info\\\/2009-2015\\\/wp-content\\\/uploads\\\/2012\\\/02\\\/arben_cokaj-120x150.jpg\",\"url\":\"https:\\\/\\\/fjala.info\\\/2009-2015\\\/wp-content\\\/uploads\\\/2012\\\/02\\\/arben_cokaj-120x150.jpg\",\"contentUrl\":\"https:\\\/\\\/fjala.info\\\/2009-2015\\\/wp-content\\\/uploads\\\/2012\\\/02\\\/arben_cokaj-120x150.jpg\",\"caption\":\"admin\"},\"description\":\"Admin, Fjala e Lir\u00eb\",\"sameAs\":[\"https:\\\/\\\/fjala.info\\\/\"],\"url\":\"https:\\\/\\\/fjala.info\\\/2009-2015\\\/author\\\/admin\\\/\"}]}<\/script>\n<!-- \/ Yoast SEO plugin. -->","yoast_head_json":{"title":"Lamtumir\u00eb shkrimtarit t\u00eb shqet\u00ebsuar italian - Antonio Tabukit - FjALA e LIR\u00cb - Arkivi","robots":{"index":"index","follow":"follow","max-snippet":"max-snippet:-1","max-image-preview":"max-image-preview:large","max-video-preview":"max-video-preview:-1"},"canonical":"https:\/\/fjala.info\/2009-2015\/lamtumire-shkrimtarit-te-shqetesuar-italian-antonio-tabukit\/","og_locale":"sq_AL","og_type":"article","og_title":"Lamtumir\u00eb shkrimtarit t\u00eb shqet\u00ebsuar italian - Antonio Tabukit - FjALA e LIR\u00cb - Arkivi","og_description":"Arjan Th. Kall\u00e7o (Let\u00ebrsia \u00ebsht\u00eb nj\u00eb e v\u00ebrtet\u00eb simbolike) Gati dy vjet m\u00eb par\u00eb n\u00eb Selanik pata fatin q\u00eb ta njihja nga af\u00ebr shkrimtarin, mikun dhe kolegun ton\u00eb Antonio Tabuki. Ishin dit\u00eb t\u00eb paharruara jo vet\u00ebm p\u00ebr mua, por p\u00ebr t\u00eb gjith\u00eb ata q\u00eb pat\u00ebn mund\u00ebsi t\u00eb shk\u00ebmbenin disa fjal\u00eb me shkrimtarin e madh. Lajmi [&hellip;]","og_url":"https:\/\/fjala.info\/2009-2015\/lamtumire-shkrimtarit-te-shqetesuar-italian-antonio-tabukit\/","og_site_name":"FjALA e LIR\u00cb - Arkivi","article_published_time":"2012-03-28T19:27:27+00:00","og_image":[{"url":"http:\/\/www.shkoder.net\/images\/fjala\/2011\/arjan_kallco.jpg","type":"","width":"","height":""}],"author":"admin","twitter_card":"summary_large_image","twitter_misc":{"Written by":"admin","Est. reading time":"6 minutes"},"schema":{"@context":"https:\/\/schema.org","@graph":[{"@type":"Article","@id":"https:\/\/fjala.info\/2009-2015\/lamtumire-shkrimtarit-te-shqetesuar-italian-antonio-tabukit\/#article","isPartOf":{"@id":"https:\/\/fjala.info\/2009-2015\/lamtumire-shkrimtarit-te-shqetesuar-italian-antonio-tabukit\/"},"author":{"name":"admin","@id":"https:\/\/fjala.info\/2009-2015\/#\/schema\/person\/3aa1163ef05469c496fc94e77611ada2"},"headline":"Lamtumir\u00eb shkrimtarit t\u00eb shqet\u00ebsuar italian &#8211; Antonio Tabukit","datePublished":"2012-03-28T19:27:27+00:00","mainEntityOfPage":{"@id":"https:\/\/fjala.info\/2009-2015\/lamtumire-shkrimtarit-te-shqetesuar-italian-antonio-tabukit\/"},"wordCount":1124,"commentCount":0,"publisher":{"@id":"https:\/\/fjala.info\/2009-2015\/#organization"},"image":{"@id":"https:\/\/fjala.info\/2009-2015\/lamtumire-shkrimtarit-te-shqetesuar-italian-antonio-tabukit\/#primaryimage"},"thumbnailUrl":"http:\/\/www.shkoder.net\/images\/fjala\/2011\/arjan_kallco.jpg","articleSection":["Artikuj","Let\u00ebrsi"],"inLanguage":"sq-AL","potentialAction":[{"@type":"CommentAction","name":"Comment","target":["https:\/\/fjala.info\/2009-2015\/lamtumire-shkrimtarit-te-shqetesuar-italian-antonio-tabukit\/#respond"]}]},{"@type":"WebPage","@id":"https:\/\/fjala.info\/2009-2015\/lamtumire-shkrimtarit-te-shqetesuar-italian-antonio-tabukit\/","url":"https:\/\/fjala.info\/2009-2015\/lamtumire-shkrimtarit-te-shqetesuar-italian-antonio-tabukit\/","name":"Lamtumir\u00eb shkrimtarit t\u00eb shqet\u00ebsuar italian - Antonio Tabukit - FjALA e LIR\u00cb - Arkivi","isPartOf":{"@id":"https:\/\/fjala.info\/2009-2015\/#website"},"primaryImageOfPage":{"@id":"https:\/\/fjala.info\/2009-2015\/lamtumire-shkrimtarit-te-shqetesuar-italian-antonio-tabukit\/#primaryimage"},"image":{"@id":"https:\/\/fjala.info\/2009-2015\/lamtumire-shkrimtarit-te-shqetesuar-italian-antonio-tabukit\/#primaryimage"},"thumbnailUrl":"http:\/\/www.shkoder.net\/images\/fjala\/2011\/arjan_kallco.jpg","datePublished":"2012-03-28T19:27:27+00:00","breadcrumb":{"@id":"https:\/\/fjala.info\/2009-2015\/lamtumire-shkrimtarit-te-shqetesuar-italian-antonio-tabukit\/#breadcrumb"},"inLanguage":"sq-AL","potentialAction":[{"@type":"ReadAction","target":["https:\/\/fjala.info\/2009-2015\/lamtumire-shkrimtarit-te-shqetesuar-italian-antonio-tabukit\/"]}]},{"@type":"ImageObject","inLanguage":"sq-AL","@id":"https:\/\/fjala.info\/2009-2015\/lamtumire-shkrimtarit-te-shqetesuar-italian-antonio-tabukit\/#primaryimage","url":"http:\/\/www.shkoder.net\/images\/fjala\/2011\/arjan_kallco.jpg","contentUrl":"http:\/\/www.shkoder.net\/images\/fjala\/2011\/arjan_kallco.jpg"},{"@type":"BreadcrumbList","@id":"https:\/\/fjala.info\/2009-2015\/lamtumire-shkrimtarit-te-shqetesuar-italian-antonio-tabukit\/#breadcrumb","itemListElement":[{"@type":"ListItem","position":1,"name":"Home","item":"https:\/\/fjala.info\/2009-2015\/"},{"@type":"ListItem","position":2,"name":"Lamtumir\u00eb shkrimtarit t\u00eb shqet\u00ebsuar italian &#8211; Antonio Tabukit"}]},{"@type":"WebSite","@id":"https:\/\/fjala.info\/2009-2015\/#website","url":"https:\/\/fjala.info\/2009-2015\/","name":"FjALA e LIR\u00cb - Arkivi","description":"Arkivi 2009-2015","publisher":{"@id":"https:\/\/fjala.info\/2009-2015\/#organization"},"potentialAction":[{"@type":"SearchAction","target":{"@type":"EntryPoint","urlTemplate":"https:\/\/fjala.info\/2009-2015\/?s={search_term_string}"},"query-input":{"@type":"PropertyValueSpecification","valueRequired":true,"valueName":"search_term_string"}}],"inLanguage":"sq-AL"},{"@type":"Organization","@id":"https:\/\/fjala.info\/2009-2015\/#organization","name":"FjALA e LIR\u00cb - Arkivi","url":"https:\/\/fjala.info\/2009-2015\/","logo":{"@type":"ImageObject","inLanguage":"sq-AL","@id":"https:\/\/fjala.info\/2009-2015\/#\/schema\/logo\/image\/","url":"","contentUrl":"","caption":"FjALA e LIR\u00cb - Arkivi"},"image":{"@id":"https:\/\/fjala.info\/2009-2015\/#\/schema\/logo\/image\/"}},{"@type":"Person","@id":"https:\/\/fjala.info\/2009-2015\/#\/schema\/person\/3aa1163ef05469c496fc94e77611ada2","name":"admin","image":{"@type":"ImageObject","inLanguage":"sq-AL","@id":"https:\/\/fjala.info\/2009-2015\/wp-content\/uploads\/2012\/02\/arben_cokaj-120x150.jpg","url":"https:\/\/fjala.info\/2009-2015\/wp-content\/uploads\/2012\/02\/arben_cokaj-120x150.jpg","contentUrl":"https:\/\/fjala.info\/2009-2015\/wp-content\/uploads\/2012\/02\/arben_cokaj-120x150.jpg","caption":"admin"},"description":"Admin, Fjala e Lir\u00eb","sameAs":["https:\/\/fjala.info\/"],"url":"https:\/\/fjala.info\/2009-2015\/author\/admin\/"}]}},"_links":{"self":[{"href":"https:\/\/fjala.info\/2009-2015\/wp-json\/wp\/v2\/posts\/2285","targetHints":{"allow":["GET"]}}],"collection":[{"href":"https:\/\/fjala.info\/2009-2015\/wp-json\/wp\/v2\/posts"}],"about":[{"href":"https:\/\/fjala.info\/2009-2015\/wp-json\/wp\/v2\/types\/post"}],"author":[{"embeddable":true,"href":"https:\/\/fjala.info\/2009-2015\/wp-json\/wp\/v2\/users\/1"}],"replies":[{"embeddable":true,"href":"https:\/\/fjala.info\/2009-2015\/wp-json\/wp\/v2\/comments?post=2285"}],"version-history":[{"count":0,"href":"https:\/\/fjala.info\/2009-2015\/wp-json\/wp\/v2\/posts\/2285\/revisions"}],"wp:attachment":[{"href":"https:\/\/fjala.info\/2009-2015\/wp-json\/wp\/v2\/media?parent=2285"}],"wp:term":[{"taxonomy":"category","embeddable":true,"href":"https:\/\/fjala.info\/2009-2015\/wp-json\/wp\/v2\/categories?post=2285"},{"taxonomy":"post_tag","embeddable":true,"href":"https:\/\/fjala.info\/2009-2015\/wp-json\/wp\/v2\/tags?post=2285"}],"curies":[{"name":"wp","href":"https:\/\/api.w.org\/{rel}","templated":true}]}}