{"id":2283,"date":"2010-04-17T23:04:09","date_gmt":"2010-04-17T22:04:09","guid":{"rendered":"http:\/\/fjala.shkoder.net\/?p=2283"},"modified":"2010-04-17T23:04:09","modified_gmt":"2010-04-17T22:04:09","slug":"kuti-me-zero-vota","status":"publish","type":"post","link":"https:\/\/fjala.info\/2009-2015\/kuti-me-zero-vota\/","title":{"rendered":"Kuti me zero vota !"},"content":{"rendered":"<p><img decoding=\"async\" style=\"margin-left: 10px; margin-right: 10px; border: 0px;\" src=\"http:\/\/www.shkoder.net\/images\/fjala\/lorenc_vangjeli.jpg\" border=\"0\" alt=\"Lorenc Vangjeli\" width=\"100\" align=\"right\" \/><\/p>\n<p><strong>Lorenc Vangjeli<\/strong>, <em>17.04.2010<\/em><\/p>\n<p>T\u00eb dy partit\u00eb e m\u00ebdha t\u00eb vendit, PD e PS kan\u00eb arritur t\u00b4ja hedhin nj\u00ebra-tjetr\u00ebs aty ku kan\u00eb mundur. Kuti me zero vota p\u00ebr rivalin nga PD-ja n\u00eb veri t\u00eb vendit, e nj\u00ebjta monedh\u00eb e \u00e7uditshme k\u00ebmbimi n\u00eb jug t\u00eb vendit nga PS p\u00ebr kund\u00ebrshtarin e saj. MAPO liston nj\u00eb num\u00ebr kutish votimi me rezultate q\u00eb ngjallin dyshim, por dhe japin prov\u00ebn indirekte se edhe k\u00ebsaj here, partit\u00eb politike arrit\u00ebn sh\u00ebnojn\u00eb nj\u00eb &#8220;fitore&#8221; t\u00eb padiskutueshme: fitoren mbi standartet e zgjedhjeve. Standarti evropian i hedhjes dhe num\u00ebrimit t\u00eb vot\u00ebs, \u00ebsht\u00eb humb\u00ebsi i natyrsh\u00ebm i 28 qershorit<\/p>\n<p>N\u00eb Shqip\u00ebrin\u00eb &#8220;dixhitale&#8221; t\u00eb v\u00ebrtetat shpesh fshihen edhe aty ku mund t\u00b4i gjej\u00eb gjithkush. Me pak vullnet n\u00eb dispozicion dhe me predispozit\u00eb p\u00ebr t\u00eb v\u00ebrtet\u00ebn e fshehur mund t\u00eb t\u00ebrhiqen p\u00ebrfundime &#8220;interesante&#8221; dhe jo vet\u00ebm mund t\u00eb hamend\u00ebsohet p\u00ebr at\u00eb q\u00eb ka ndodhur n\u00eb 28 qershor, n\u00eb zgjedhjet e p\u00ebrgjithshme q\u00eb prodhuan qeverin\u00eb Berisha 2. P\u00ebr shembull, n\u00eb site-n www.cec.org.al, mund t\u00eb zbulohen jo befasisht nj\u00eb pjes\u00eb e mistereve t\u00eb mbajtura mbyllur n\u00eb kutit\u00eb e votimit.<\/p>\n<p>Mistere t\u00eb cilat mund t\u00eb turp\u00ebrojn\u00eb t\u00eb dy forcat kryesore politike n\u00eb vend PD dhe PS gjithmon\u00eb n\u00eb raport me t\u00eb v\u00ebrtet\u00ebn. Ato jan\u00eb nj\u00eb d\u00ebshmi dhe prov\u00eb indirekte se t\u00eb dy pal\u00ebt kan\u00eb p\u00ebrdorur hilen n\u00eb vend t\u00eb vot\u00ebs, num\u00ebrimin e keq dhe shum\u00eb t\u00eb keq, si\u00e7 tashm\u00eb \u00ebsht\u00eb b\u00ebr\u00eb zakon t\u00eb thuhet, mbas p\u00ebrkthimit nga anglishtja n\u00eb shqip t\u00eb k\u00ebsaj fraze.<\/p>\n<p>T\u00eb dy pal\u00ebt jan\u00eb t\u00eb d\u00ebmtuara nga k\u00ebto hile, por n\u00eb thelb, i d\u00ebmtuari kryesor \u00ebsht\u00eb gjith\u00eb procesi elektoral i shkuar, t\u00eb cilit gjithmon\u00eb e m\u00eb tep\u00ebr, po i humbet edhe cipa e parafundit q\u00eb i mbulon lakuriq\u00ebsin\u00eb. Si cip\u00eb e fundit, mbeten muret e holl\u00eb t\u00eb magazinave t\u00eb KQZ-s\u00eb n\u00eb Lund\u00ebr dhe plastika n\u00eb dukje transparente e kutive t\u00eb votimit. T\u00eb mjafta p\u00ebr t\u00eb kuptuar se vota e djeshme, edhe n\u00eb 28 qershor 2009 ishte nj\u00eb biznes i falimentuar, q\u00eb p\u00ebr m\u00eb shum\u00eb, nuk jep asnj\u00eb garanci p\u00ebr t\u00eb qen\u00eb ndryshe, edhe n\u00eb t\u00eb nes\u00ebrmen.<\/p>\n<p><strong>KQZ-ja si shpell\u00eb &#8220;hajdut\u00ebsh&#8221;<\/strong><\/p>\n<p>Koncepti i shpell\u00ebs si vend p\u00ebr t\u00eb fshehur di\u00e7ka nga syt\u00eb e bot\u00ebs, ka evolucion interesant. Nga vendet e humbura dhe larg banimeve njer\u00ebzore, sot, n\u00eb Shqip\u00ebrin\u00eb dixhitale si\u00e7 \u00ebsht\u00eb b\u00ebr\u00eb e udh\u00ebs t\u00eb quhet tashm\u00eb Atdheu, shpella mund t\u00eb jet\u00eb dhe nj\u00eb adres\u00eb zyrtare e nj\u00eb institucioni. P\u00ebr shembull, www.cec.org.al \u00ebsht\u00eb site zyrtar i Komisionit Q\u00ebndror t\u00eb Zgjedhjeve dhe n\u00eb k\u00ebt\u00eb rast, ai \u00ebsht\u00eb shpella ku me ngulm po k\u00ebrkohet t\u00eb mbahen fshehur t\u00eb dh\u00ebna jasht\u00ebzakonisht t\u00eb r\u00ebnd\u00ebsishme p\u00ebr t\u00eb shkuar\u00ebn e sidomos, p\u00ebr t\u00eb ardhmen e vendit.<\/p>\n<p>&#8220;Sekretet m\u00eb t\u00eb r\u00ebnd\u00ebsishme, q\u00eb t\u00eb ruhen mir\u00eb, duhet t\u00eb mbahen aty ku nuk i shkon mendja njeriu. Dometh\u00ebn\u00eb, n\u00eb vende t\u00eb dukshme&#8221;: nj\u00eb aksiom\u00eb e till\u00eb e vjet\u00ebr e nj\u00eb libri gjithashtu t\u00eb vjet\u00ebr me histori agjent\u00ebsh gjerman\u00eb e sovjetik\u00eb t\u00eb Luft\u00ebs s\u00eb Dyt\u00eb Bot\u00ebrore jep nj\u00eb k\u00ebshill\u00eb t\u00eb mir\u00eb p\u00ebr KQZ-n\u00eb e sotme shqiptare. Edhe pse k\u00ebt\u00eb t\u00eb fundit, e detyron ligji t\u00eb b\u00ebj\u00eb publikime p\u00ebr t\u00eb cilat pakkush interesohet. Por mjaftojn\u00eb pak or\u00eb n\u00eb dispozicion, e natyrisht edhe vullnet dhe \u00e7udit\u00eb nuk kan\u00eb t\u00eb sosur. &#8220;Shpella&#8221; n\u00eb Pallatin e Kongreseve, n\u00eb krah t\u00eb stadiumit komb\u00ebtar Qemal Stafa, t\u00eb habit me &#8220;xhevahiret&#8221; q\u00eb mban brenda.<\/p>\n<p><strong>PD, PS, zerot n\u00eb mes<\/strong><\/p>\n<p>N\u00eb kapitullin Zgjedhjet p\u00ebr Kuvend 2009, n\u00eb site-n e KQZ-s\u00eb, mund t\u00eb konsultohen t\u00eb gjitha rezultatet e dala nga votimi (sipas numurimit zyrtar dhe sh\u00ebnimit t\u00eb tyre n\u00eb procesverbalet p\u00ebrfundimtare), por q\u00eb n\u00eb nj\u00eb v\u00ebshtrim asnjan\u00ebs e t\u00eb ftoht\u00eb hedhin dyshime t\u00eb nxehta p\u00ebr v\u00ebrtet\u00ebsin\u00eb e tyre. Kuti t\u00eb ve\u00e7anta zgjedhore mbajn\u00eb rezultate t\u00eb cilat llogjika normale nuk i pranon dot. N\u00eb k\u00ebto kuti, her\u00eb Partia Demokratike dhe her\u00eb Partia Socialiste nuk kan\u00eb mundur t\u00eb sigurojn\u00eb dot as vot\u00ebn e komisioner\u00ebve t\u00eb tyre. Dometh\u00ebn\u00eb jan\u00eb kuti me zero vota p\u00ebr to.<\/p>\n<p>Kryesisht n\u00eb veri t\u00eb vendit, ka kuti n\u00eb t\u00eb cilat PS nuk ka mundur t\u00eb marr\u00eb asnj\u00eb vot\u00eb, kryesisht n\u00eb jug t\u00eb vendit, k\u00ebt\u00eb fat e ka pasur PD-ja. T\u00eb tjera kuti mbajn\u00eb rezultate gjithashtu t\u00eb \u00e7uditshme, gjithmon\u00eb sipas procesverbaleve zyrtare. Her\u00eb PD e her\u00eb PS kan\u00eb mundur t\u00eb marrin nj\u00eb, dy apo dhe vet\u00ebm tre vota kundrejt disa dhjetra votave t\u00eb kund\u00ebrshtarit direkt.<\/p>\n<p>N\u00eb faqen zyrtare t\u00eb KQZ-s\u00eb, faqe leht\u00ebsisht e kontrollueshme nga \u00e7dokush, rezulton se:<\/p>\n<p>N\u00eb Shkod\u00ebr, n\u00eb ZAZ 40, n\u00eb qendr\u00ebn e votimit 0196, PD ka marr\u00eb 96 vota, kurse PS zero t\u00eb tilla, n\u00eb QV 0187, PD 17 vota, PS zero, n\u00eb QV 0075, PD 111 vota, PS zero, e pastaj me rradh\u00eb, n\u00eb QV 0257 PD 143 vota, PS vet\u00ebm nj\u00eb, n\u00eb QV 0046, PD 26 vota, PS nj\u00eb, n\u00eb QV 0074 PD 208 vota, PS 6, n\u00eb QV 0190, PD 107 vota, PS 4, n\u00eb QV 0188 PD 211 vota, PS 9, n\u00eb QV 0191 PD 116, PS 2.<\/p>\n<p>Edhe Partia Socialiste nuk mbetet pas. Ajo kthen reston me t\u00eb nj\u00ebjt\u00ebn monedh\u00eb n\u00eb ZAZ 2 dhe ZAZ 4 n\u00eb Berat, ku n\u00eb QV 3374 merr 31 vota dhe PD asnj\u00eb vot\u00eb dhe n\u00eb QV 3569, n\u00eb t\u00eb cil\u00ebn merr 60 vota dhe PD s\u00ebrish zero. N\u00eb Vlor\u00eb, n\u00eb ZAZ 62, n\u00eb QV 4586 merr 21 vota PS, kurse PD vet\u00ebm 1 t\u00eb till\u00eb apo n\u00eb Gjirokast\u00ebr ku n\u00eb ZAZ 25 merr gjasht\u00eb vota PS dhe vet\u00ebm zero PD-ja.<\/p>\n<p>Ka dhe zona n\u00eb t\u00eb cilat, n\u00eb t\u00eb gjith\u00eb kutin\u00eb jan\u00eb gjetur vet\u00ebm dy vota t\u00eb vlefshme, ku PD e PS i kan\u00eb ndar\u00eb mes nj\u00ebra &#8211; tjetr\u00ebs n\u00eb m\u00ebnyr\u00eb t\u00eb barabart\u00eb si n\u00eb ZAZ 27, QV 4131; n\u00eb t\u00eb nj\u00ebjt\u00ebn ZAZ, n\u00eb QV 3411, gjithashtu n\u00eb Gjirokast\u00ebr, gjasht\u00eb votat e vetme t\u00eb vlefshme jan\u00eb ndar\u00eb tre me tre mes dy partive t\u00eb m\u00ebdha. Nj\u00eb tjet\u00ebr rezultat i \u00e7uditsh\u00ebm \u00ebsht\u00eb dhe ai n\u00eb nj\u00eb qend\u00ebr votimi n\u00eb Kuk\u00ebs, n\u00eb t\u00eb cil\u00ebn PSD-ja ka marr\u00eb 300 vota, kurse partit\u00eb e tjera i num\u00ebrojn\u00eb flet\u00ebt e tyre me gishta.<\/p>\n<p>Nj\u00eb tabel\u00eb e pjesshme e k\u00ebtyre rezultateve po botohet n\u00eb k\u00ebt\u00eb num\u00ebr t\u00eb MAPO-s. Mjaftojn\u00eb dhe vet\u00ebm k\u00ebto shifra p\u00ebr t\u00eb krijuar dyshimin, q\u00eb t\u00eb pakt\u00ebn n\u00eb kutit\u00eb e \u201ehapura&#8221; nga KQZ-ja n\u00eb faqen e saj n\u00eb internet, kan\u00eb ndodhur \u00e7udira. Dy partit\u00eb e m\u00ebdha, me nj\u00eb shtrirje kapilare n\u00eb t\u00eb gjith\u00eb territorin, n\u00eb k\u00ebto kuti nuk kan\u00eb mundur t\u00eb garantojn\u00eb as votat e komisioner\u00ebve t\u00eb tyre. Ose t\u00eb pakt\u00ebn dhe m\u00eb sakt\u00eb, nuk kan\u00eb mundur t\u00eb num\u00ebrojn\u00eb as votat e komisioner\u00ebve t\u00eb tyre. Si p\u00ebr t\u00eb dh\u00ebn\u00eb dhe nj\u00eb arsye m\u00eb shum\u00eb p\u00ebr t\u00eb besuar n\u00eb &#8220;syren&#8221; p\u00ebrkat\u00ebse t\u00eb raportit t\u00eb OSBE\/ODIHR-it, se n\u00eb nj\u00eb t\u00eb tret\u00ebn e qendrave t\u00eb numurimit, votat jan\u00eb numuruar keq ose shum\u00eb keq.<\/p>\n<p><strong>Diferenca<\/strong><\/p>\n<p>Dy partit\u00eb e m\u00ebdha q\u00eb kan\u00eb ndar\u00eb n\u00eb k\u00ebt\u00eb m\u00ebnyr\u00eb votat e tyre, ndahen nga nj\u00ebra-tjetra edhe n\u00eb q\u00ebndrimin e tyre final p\u00ebr cil\u00ebsin\u00eb e procesit elektoral t\u00eb 28 qershorit. PD-ja, q\u00eb n\u00eb baz\u00eb t\u00eb k\u00ebtyre rezultateve rikonfirmoi veten n\u00eb pushtet, e konsideron procesin m\u00eb t\u00eb mirin e deritanish\u00ebm n\u00eb Shqip\u00ebri, PS e konsideron at\u00eb si nj\u00eb krim elektoral q\u00eb ka deformuar vullnetin e votuesit shqiptar. Dy partit\u00eb ndahen edhe n\u00eb iden\u00eb e hetimit t\u00eb asaj \u00e7far\u00eb ka brenda kutive ende t\u00eb mbyllura t\u00eb votimit: PD e konsideron \u00e7\u00ebshtjen nj\u00eb kapitull t\u00eb s\u00eb shkuar\u00ebs, PS proteston dhe k\u00ebrkon garanci p\u00ebr t\u00eb ardhmen. Por t\u00eb dyja partit\u00eb, t\u00eb pakt\u00ebn n\u00eb shembujt e dh\u00ebn\u00eb nga revista MAPO, ngjan se kan\u00eb arsye t\u00eb gjejn\u00eb me faj nj\u00ebra-tjetr\u00ebn pik\u00ebrisht p\u00ebr k\u00ebto rezultate t\u00eb \u00e7uditshme.<\/p>\n<p>Ta gjejn\u00eb me faj nj\u00ebra-tjetr\u00ebn p\u00ebr d\u00ebshtimin e sistemit q\u00eb n\u00ebp\u00ebrmjet vot\u00ebs, cakton ngjyr\u00ebn e qeverisjes. E th\u00ebn\u00eb ndryshe, t\u00eb dyja, aty ku kan\u00eb mundur, kan\u00eb dashur ta shohin t\u00eb mundur deri n\u00eb &#8220;zero&#8221; rivalin. N\u00eb fakt, t\u00eb pakt\u00ebn p\u00ebr momentin mund t\u00eb thuhet vet\u00ebm nj\u00eb gj\u00eb me siguri: partit\u00eb politike n\u00eb vend, edhe n\u00eb 28 qershor kan\u00eb mundur bindsh\u00ebm standartet e zgjedhjeve t\u00eb djeshme. \u00c7ka vazhdon t\u00eb jet\u00eb garancia m\u00eb e keqe e mundshme p\u00ebr zgjedhjet e nes\u00ebrme. Pavar\u00ebsisht se nj\u00eb pal\u00eb nuk e pranon k\u00ebt\u00eb t\u00eb v\u00ebrtet\u00eb t\u00eb hidhur, kurse pala tjet\u00ebr nuk rresht s\u00eb protestuari p\u00ebr t\u00eb marr\u00eb garancit\u00eb p\u00ebr t\u00eb nes\u00ebrmen ndryshe.<\/p>\n","protected":false},"excerpt":{"rendered":"<p>Lorenc Vangjeli, 17.04.2010 T\u00eb dy partit\u00eb e m\u00ebdha t\u00eb vendit, PD e PS kan\u00eb arritur t\u00b4ja hedhin nj\u00ebra-tjetr\u00ebs aty ku kan\u00eb mundur. Kuti me zero vota p\u00ebr rivalin nga PD-ja n\u00eb veri t\u00eb vendit, e nj\u00ebjta monedh\u00eb e \u00e7uditshme k\u00ebmbimi n\u00eb jug t\u00eb vendit nga PS p\u00ebr kund\u00ebrshtarin e saj. MAPO liston nj\u00eb num\u00ebr kutish [&hellip;]<\/p>\n","protected":false},"author":1,"featured_media":0,"comment_status":"open","ping_status":"closed","sticky":false,"template":"","format":"standard","meta":{"footnotes":""},"categories":[2],"tags":[],"class_list":{"0":"post-2283","1":"post","2":"type-post","3":"status-publish","4":"format-standard","6":"category-artikuj"},"yoast_head":"<!-- This site is optimized with the Yoast SEO plugin v27.4 - https:\/\/yoast.com\/product\/yoast-seo-wordpress\/ -->\n<title>Kuti me zero vota ! - FjALA e LIR\u00cb - Arkivi<\/title>\n<meta name=\"robots\" content=\"index, follow, max-snippet:-1, max-image-preview:large, max-video-preview:-1\" \/>\n<link rel=\"canonical\" href=\"https:\/\/fjala.info\/2009-2015\/kuti-me-zero-vota\/\" \/>\n<meta property=\"og:locale\" content=\"sq_AL\" \/>\n<meta property=\"og:type\" content=\"article\" \/>\n<meta property=\"og:title\" content=\"Kuti me zero vota ! - FjALA e LIR\u00cb - Arkivi\" \/>\n<meta property=\"og:description\" content=\"Lorenc Vangjeli, 17.04.2010 T\u00eb dy partit\u00eb e m\u00ebdha t\u00eb vendit, PD e PS kan\u00eb arritur t\u00b4ja hedhin nj\u00ebra-tjetr\u00ebs aty ku kan\u00eb mundur. Kuti me zero vota p\u00ebr rivalin nga PD-ja n\u00eb veri t\u00eb vendit, e nj\u00ebjta monedh\u00eb e \u00e7uditshme k\u00ebmbimi n\u00eb jug t\u00eb vendit nga PS p\u00ebr kund\u00ebrshtarin e saj. MAPO liston nj\u00eb num\u00ebr kutish [&hellip;]\" \/>\n<meta property=\"og:url\" content=\"https:\/\/fjala.info\/2009-2015\/kuti-me-zero-vota\/\" \/>\n<meta property=\"og:site_name\" content=\"FjALA e LIR\u00cb - Arkivi\" \/>\n<meta property=\"article:published_time\" content=\"2010-04-17T22:04:09+00:00\" \/>\n<meta property=\"og:image\" content=\"http:\/\/www.shkoder.net\/images\/fjala\/lorenc_vangjeli.jpg\" \/>\n<meta name=\"author\" content=\"admin\" \/>\n<meta name=\"twitter:card\" content=\"summary_large_image\" \/>\n<meta name=\"twitter:label1\" content=\"Written by\" \/>\n\t<meta name=\"twitter:data1\" content=\"admin\" \/>\n\t<meta name=\"twitter:label2\" content=\"Est. reading time\" \/>\n\t<meta name=\"twitter:data2\" content=\"7 minutes\" \/>\n<script type=\"application\/ld+json\" class=\"yoast-schema-graph\">{\"@context\":\"https:\\\/\\\/schema.org\",\"@graph\":[{\"@type\":\"Article\",\"@id\":\"https:\\\/\\\/fjala.info\\\/2009-2015\\\/kuti-me-zero-vota\\\/#article\",\"isPartOf\":{\"@id\":\"https:\\\/\\\/fjala.info\\\/2009-2015\\\/kuti-me-zero-vota\\\/\"},\"author\":{\"name\":\"admin\",\"@id\":\"https:\\\/\\\/fjala.info\\\/2009-2015\\\/#\\\/schema\\\/person\\\/3aa1163ef05469c496fc94e77611ada2\"},\"headline\":\"Kuti me zero vota !\",\"datePublished\":\"2010-04-17T22:04:09+00:00\",\"mainEntityOfPage\":{\"@id\":\"https:\\\/\\\/fjala.info\\\/2009-2015\\\/kuti-me-zero-vota\\\/\"},\"wordCount\":1481,\"commentCount\":0,\"publisher\":{\"@id\":\"https:\\\/\\\/fjala.info\\\/2009-2015\\\/#organization\"},\"image\":{\"@id\":\"https:\\\/\\\/fjala.info\\\/2009-2015\\\/kuti-me-zero-vota\\\/#primaryimage\"},\"thumbnailUrl\":\"http:\\\/\\\/www.shkoder.net\\\/images\\\/fjala\\\/lorenc_vangjeli.jpg\",\"articleSection\":[\"Artikuj\"],\"inLanguage\":\"sq-AL\",\"potentialAction\":[{\"@type\":\"CommentAction\",\"name\":\"Comment\",\"target\":[\"https:\\\/\\\/fjala.info\\\/2009-2015\\\/kuti-me-zero-vota\\\/#respond\"]}]},{\"@type\":\"WebPage\",\"@id\":\"https:\\\/\\\/fjala.info\\\/2009-2015\\\/kuti-me-zero-vota\\\/\",\"url\":\"https:\\\/\\\/fjala.info\\\/2009-2015\\\/kuti-me-zero-vota\\\/\",\"name\":\"Kuti me zero vota ! - FjALA e LIR\u00cb - Arkivi\",\"isPartOf\":{\"@id\":\"https:\\\/\\\/fjala.info\\\/2009-2015\\\/#website\"},\"primaryImageOfPage\":{\"@id\":\"https:\\\/\\\/fjala.info\\\/2009-2015\\\/kuti-me-zero-vota\\\/#primaryimage\"},\"image\":{\"@id\":\"https:\\\/\\\/fjala.info\\\/2009-2015\\\/kuti-me-zero-vota\\\/#primaryimage\"},\"thumbnailUrl\":\"http:\\\/\\\/www.shkoder.net\\\/images\\\/fjala\\\/lorenc_vangjeli.jpg\",\"datePublished\":\"2010-04-17T22:04:09+00:00\",\"breadcrumb\":{\"@id\":\"https:\\\/\\\/fjala.info\\\/2009-2015\\\/kuti-me-zero-vota\\\/#breadcrumb\"},\"inLanguage\":\"sq-AL\",\"potentialAction\":[{\"@type\":\"ReadAction\",\"target\":[\"https:\\\/\\\/fjala.info\\\/2009-2015\\\/kuti-me-zero-vota\\\/\"]}]},{\"@type\":\"ImageObject\",\"inLanguage\":\"sq-AL\",\"@id\":\"https:\\\/\\\/fjala.info\\\/2009-2015\\\/kuti-me-zero-vota\\\/#primaryimage\",\"url\":\"http:\\\/\\\/www.shkoder.net\\\/images\\\/fjala\\\/lorenc_vangjeli.jpg\",\"contentUrl\":\"http:\\\/\\\/www.shkoder.net\\\/images\\\/fjala\\\/lorenc_vangjeli.jpg\"},{\"@type\":\"BreadcrumbList\",\"@id\":\"https:\\\/\\\/fjala.info\\\/2009-2015\\\/kuti-me-zero-vota\\\/#breadcrumb\",\"itemListElement\":[{\"@type\":\"ListItem\",\"position\":1,\"name\":\"Home\",\"item\":\"https:\\\/\\\/fjala.info\\\/2009-2015\\\/\"},{\"@type\":\"ListItem\",\"position\":2,\"name\":\"Kuti me zero vota !\"}]},{\"@type\":\"WebSite\",\"@id\":\"https:\\\/\\\/fjala.info\\\/2009-2015\\\/#website\",\"url\":\"https:\\\/\\\/fjala.info\\\/2009-2015\\\/\",\"name\":\"FjALA e LIR\u00cb - Arkivi\",\"description\":\"Arkivi 2009-2015\",\"publisher\":{\"@id\":\"https:\\\/\\\/fjala.info\\\/2009-2015\\\/#organization\"},\"potentialAction\":[{\"@type\":\"SearchAction\",\"target\":{\"@type\":\"EntryPoint\",\"urlTemplate\":\"https:\\\/\\\/fjala.info\\\/2009-2015\\\/?s={search_term_string}\"},\"query-input\":{\"@type\":\"PropertyValueSpecification\",\"valueRequired\":true,\"valueName\":\"search_term_string\"}}],\"inLanguage\":\"sq-AL\"},{\"@type\":\"Organization\",\"@id\":\"https:\\\/\\\/fjala.info\\\/2009-2015\\\/#organization\",\"name\":\"FjALA e LIR\u00cb - Arkivi\",\"url\":\"https:\\\/\\\/fjala.info\\\/2009-2015\\\/\",\"logo\":{\"@type\":\"ImageObject\",\"inLanguage\":\"sq-AL\",\"@id\":\"https:\\\/\\\/fjala.info\\\/2009-2015\\\/#\\\/schema\\\/logo\\\/image\\\/\",\"url\":\"\",\"contentUrl\":\"\",\"caption\":\"FjALA e LIR\u00cb - Arkivi\"},\"image\":{\"@id\":\"https:\\\/\\\/fjala.info\\\/2009-2015\\\/#\\\/schema\\\/logo\\\/image\\\/\"}},{\"@type\":\"Person\",\"@id\":\"https:\\\/\\\/fjala.info\\\/2009-2015\\\/#\\\/schema\\\/person\\\/3aa1163ef05469c496fc94e77611ada2\",\"name\":\"admin\",\"image\":{\"@type\":\"ImageObject\",\"inLanguage\":\"sq-AL\",\"@id\":\"https:\\\/\\\/fjala.info\\\/2009-2015\\\/wp-content\\\/uploads\\\/2012\\\/02\\\/arben_cokaj-120x150.jpg\",\"url\":\"https:\\\/\\\/fjala.info\\\/2009-2015\\\/wp-content\\\/uploads\\\/2012\\\/02\\\/arben_cokaj-120x150.jpg\",\"contentUrl\":\"https:\\\/\\\/fjala.info\\\/2009-2015\\\/wp-content\\\/uploads\\\/2012\\\/02\\\/arben_cokaj-120x150.jpg\",\"caption\":\"admin\"},\"description\":\"Admin, Fjala e Lir\u00eb\",\"sameAs\":[\"https:\\\/\\\/fjala.info\\\/\"],\"url\":\"https:\\\/\\\/fjala.info\\\/2009-2015\\\/author\\\/admin\\\/\"}]}<\/script>\n<!-- \/ Yoast SEO plugin. -->","yoast_head_json":{"title":"Kuti me zero vota ! - FjALA e LIR\u00cb - Arkivi","robots":{"index":"index","follow":"follow","max-snippet":"max-snippet:-1","max-image-preview":"max-image-preview:large","max-video-preview":"max-video-preview:-1"},"canonical":"https:\/\/fjala.info\/2009-2015\/kuti-me-zero-vota\/","og_locale":"sq_AL","og_type":"article","og_title":"Kuti me zero vota ! - FjALA e LIR\u00cb - Arkivi","og_description":"Lorenc Vangjeli, 17.04.2010 T\u00eb dy partit\u00eb e m\u00ebdha t\u00eb vendit, PD e PS kan\u00eb arritur t\u00b4ja hedhin nj\u00ebra-tjetr\u00ebs aty ku kan\u00eb mundur. Kuti me zero vota p\u00ebr rivalin nga PD-ja n\u00eb veri t\u00eb vendit, e nj\u00ebjta monedh\u00eb e \u00e7uditshme k\u00ebmbimi n\u00eb jug t\u00eb vendit nga PS p\u00ebr kund\u00ebrshtarin e saj. MAPO liston nj\u00eb num\u00ebr kutish [&hellip;]","og_url":"https:\/\/fjala.info\/2009-2015\/kuti-me-zero-vota\/","og_site_name":"FjALA e LIR\u00cb - Arkivi","article_published_time":"2010-04-17T22:04:09+00:00","og_image":[{"url":"http:\/\/www.shkoder.net\/images\/fjala\/lorenc_vangjeli.jpg","type":"","width":"","height":""}],"author":"admin","twitter_card":"summary_large_image","twitter_misc":{"Written by":"admin","Est. reading time":"7 minutes"},"schema":{"@context":"https:\/\/schema.org","@graph":[{"@type":"Article","@id":"https:\/\/fjala.info\/2009-2015\/kuti-me-zero-vota\/#article","isPartOf":{"@id":"https:\/\/fjala.info\/2009-2015\/kuti-me-zero-vota\/"},"author":{"name":"admin","@id":"https:\/\/fjala.info\/2009-2015\/#\/schema\/person\/3aa1163ef05469c496fc94e77611ada2"},"headline":"Kuti me zero vota !","datePublished":"2010-04-17T22:04:09+00:00","mainEntityOfPage":{"@id":"https:\/\/fjala.info\/2009-2015\/kuti-me-zero-vota\/"},"wordCount":1481,"commentCount":0,"publisher":{"@id":"https:\/\/fjala.info\/2009-2015\/#organization"},"image":{"@id":"https:\/\/fjala.info\/2009-2015\/kuti-me-zero-vota\/#primaryimage"},"thumbnailUrl":"http:\/\/www.shkoder.net\/images\/fjala\/lorenc_vangjeli.jpg","articleSection":["Artikuj"],"inLanguage":"sq-AL","potentialAction":[{"@type":"CommentAction","name":"Comment","target":["https:\/\/fjala.info\/2009-2015\/kuti-me-zero-vota\/#respond"]}]},{"@type":"WebPage","@id":"https:\/\/fjala.info\/2009-2015\/kuti-me-zero-vota\/","url":"https:\/\/fjala.info\/2009-2015\/kuti-me-zero-vota\/","name":"Kuti me zero vota ! - FjALA e LIR\u00cb - Arkivi","isPartOf":{"@id":"https:\/\/fjala.info\/2009-2015\/#website"},"primaryImageOfPage":{"@id":"https:\/\/fjala.info\/2009-2015\/kuti-me-zero-vota\/#primaryimage"},"image":{"@id":"https:\/\/fjala.info\/2009-2015\/kuti-me-zero-vota\/#primaryimage"},"thumbnailUrl":"http:\/\/www.shkoder.net\/images\/fjala\/lorenc_vangjeli.jpg","datePublished":"2010-04-17T22:04:09+00:00","breadcrumb":{"@id":"https:\/\/fjala.info\/2009-2015\/kuti-me-zero-vota\/#breadcrumb"},"inLanguage":"sq-AL","potentialAction":[{"@type":"ReadAction","target":["https:\/\/fjala.info\/2009-2015\/kuti-me-zero-vota\/"]}]},{"@type":"ImageObject","inLanguage":"sq-AL","@id":"https:\/\/fjala.info\/2009-2015\/kuti-me-zero-vota\/#primaryimage","url":"http:\/\/www.shkoder.net\/images\/fjala\/lorenc_vangjeli.jpg","contentUrl":"http:\/\/www.shkoder.net\/images\/fjala\/lorenc_vangjeli.jpg"},{"@type":"BreadcrumbList","@id":"https:\/\/fjala.info\/2009-2015\/kuti-me-zero-vota\/#breadcrumb","itemListElement":[{"@type":"ListItem","position":1,"name":"Home","item":"https:\/\/fjala.info\/2009-2015\/"},{"@type":"ListItem","position":2,"name":"Kuti me zero vota !"}]},{"@type":"WebSite","@id":"https:\/\/fjala.info\/2009-2015\/#website","url":"https:\/\/fjala.info\/2009-2015\/","name":"FjALA e LIR\u00cb - Arkivi","description":"Arkivi 2009-2015","publisher":{"@id":"https:\/\/fjala.info\/2009-2015\/#organization"},"potentialAction":[{"@type":"SearchAction","target":{"@type":"EntryPoint","urlTemplate":"https:\/\/fjala.info\/2009-2015\/?s={search_term_string}"},"query-input":{"@type":"PropertyValueSpecification","valueRequired":true,"valueName":"search_term_string"}}],"inLanguage":"sq-AL"},{"@type":"Organization","@id":"https:\/\/fjala.info\/2009-2015\/#organization","name":"FjALA e LIR\u00cb - Arkivi","url":"https:\/\/fjala.info\/2009-2015\/","logo":{"@type":"ImageObject","inLanguage":"sq-AL","@id":"https:\/\/fjala.info\/2009-2015\/#\/schema\/logo\/image\/","url":"","contentUrl":"","caption":"FjALA e LIR\u00cb - Arkivi"},"image":{"@id":"https:\/\/fjala.info\/2009-2015\/#\/schema\/logo\/image\/"}},{"@type":"Person","@id":"https:\/\/fjala.info\/2009-2015\/#\/schema\/person\/3aa1163ef05469c496fc94e77611ada2","name":"admin","image":{"@type":"ImageObject","inLanguage":"sq-AL","@id":"https:\/\/fjala.info\/2009-2015\/wp-content\/uploads\/2012\/02\/arben_cokaj-120x150.jpg","url":"https:\/\/fjala.info\/2009-2015\/wp-content\/uploads\/2012\/02\/arben_cokaj-120x150.jpg","contentUrl":"https:\/\/fjala.info\/2009-2015\/wp-content\/uploads\/2012\/02\/arben_cokaj-120x150.jpg","caption":"admin"},"description":"Admin, Fjala e Lir\u00eb","sameAs":["https:\/\/fjala.info\/"],"url":"https:\/\/fjala.info\/2009-2015\/author\/admin\/"}]}},"_links":{"self":[{"href":"https:\/\/fjala.info\/2009-2015\/wp-json\/wp\/v2\/posts\/2283","targetHints":{"allow":["GET"]}}],"collection":[{"href":"https:\/\/fjala.info\/2009-2015\/wp-json\/wp\/v2\/posts"}],"about":[{"href":"https:\/\/fjala.info\/2009-2015\/wp-json\/wp\/v2\/types\/post"}],"author":[{"embeddable":true,"href":"https:\/\/fjala.info\/2009-2015\/wp-json\/wp\/v2\/users\/1"}],"replies":[{"embeddable":true,"href":"https:\/\/fjala.info\/2009-2015\/wp-json\/wp\/v2\/comments?post=2283"}],"version-history":[{"count":0,"href":"https:\/\/fjala.info\/2009-2015\/wp-json\/wp\/v2\/posts\/2283\/revisions"}],"wp:attachment":[{"href":"https:\/\/fjala.info\/2009-2015\/wp-json\/wp\/v2\/media?parent=2283"}],"wp:term":[{"taxonomy":"category","embeddable":true,"href":"https:\/\/fjala.info\/2009-2015\/wp-json\/wp\/v2\/categories?post=2283"},{"taxonomy":"post_tag","embeddable":true,"href":"https:\/\/fjala.info\/2009-2015\/wp-json\/wp\/v2\/tags?post=2283"}],"curies":[{"name":"wp","href":"https:\/\/api.w.org\/{rel}","templated":true}]}}