{"id":2281,"date":"2010-04-17T22:47:40","date_gmt":"2010-04-17T21:47:40","guid":{"rendered":"http:\/\/fjala.shkoder.net\/?p=2281"},"modified":"2010-04-17T22:47:40","modified_gmt":"2010-04-17T21:47:40","slug":"vendi-po-rend-qorrazi-drejt-humneres-ekonomike","status":"publish","type":"post","link":"https:\/\/fjala.info\/2009-2015\/vendi-po-rend-qorrazi-drejt-humneres-ekonomike\/","title":{"rendered":"Vendi po rend qorrazi drejt humner\u00ebs ekonomike"},"content":{"rendered":"<p><img decoding=\"async\" style=\"margin-left: 10px; margin-right: 10px; border: 0px;\" src=\"http:\/\/www.shkoder.net\/images\/fjala\/2010\/Edi_Rama.jpg\" border=\"0\" alt=\"Edi Rama\" width=\"150\" align=\"left\" \/><\/p>\n<p><strong>Edi Rama<\/strong>, <em>17.04.2010<\/em><\/p>\n<p>Ekonomia e vendit jo vet\u00ebm nuk po trajtohet me mjetet e domosdoshme p\u00ebr nj\u00eb ekonomi n\u00eb kriz\u00eb, por po vazhdon t\u00eb degradoj\u00eb n\u00eb t\u00eb nj\u00ebjtin drejtim t\u00eb gabuar.<\/p>\n<p>S\u00eb pari, dua ta riv\u00eb theksin tek spekulimi i p\u00ebrditsh\u00ebm, i p\u00ebrjavsh\u00ebm, i p\u00ebrmuajsh\u00ebm, i p\u00ebrvitsh\u00ebm me shifrat n\u00eb funksion t\u00eb mbulimit t\u00eb kriz\u00ebs.<\/p>\n<p>Po i referohem edhe k\u00ebt\u00eb her\u00eb jo shifrave tona, &#8211; jo shifrave t\u00eb dala nga analiza q\u00eb ne i b\u00ebjm\u00eb t\u00eb gjitha kund\u00ebrshtive t\u00eb brendshme t\u00eb materialeve q\u00eb i vihen publikut n\u00eb dispozicion nga Instituti i Statistikave t\u00eb Manipuluara, &#8211; por, duke iu referuar drejtp\u00ebrdrejt shifrave zyrtare, k\u00ebt\u00eb her\u00eb nga Banka e Shqip\u00ebris\u00eb.<\/p>\n<p>Sipas saj, jemi sot praktikisht n\u00eb kushtet kur mund t\u00eb themi me plot goj\u00ebn se ajo q\u00eb tha opozita n\u00eb fund t\u00eb vitit t\u00eb shkuar \u00ebsht\u00eb plot\u00ebsisht korrekte: Rritja ekonomike n\u00eb vitin 2009, praktikisht ka qen\u00eb 0 dhe po ashtu q\u00eb i gjith\u00eb trendi i grafikut t\u00eb rritjes vazhdon t\u00eb shkoj\u00eb drejt p\u00ebrkeq\u00ebsimit n\u00eb r\u00ebnie.<\/p>\n<p>Faktikisht, n\u00eb t\u00eb dh\u00ebnat zyrtare t\u00eb Bank\u00ebs s\u00eb Shqip\u00ebris\u00eb kemi leht\u00ebsisht t\u00eb analizuesh\u00ebm raportin mes vitit 2008, si tremujor i fundit dhe vitit 2009, si tremujor i fundit.<\/p>\n<p>Nd\u00ebrkoh\u00eb q\u00eb po n\u00eb referenc\u00eb t\u00eb Bank\u00ebs s\u00eb Shqip\u00ebris\u00eb (duke trajtuar deficitin buxhetor, ku banka jep t\u00eb nj\u00ebjt\u00ebn shif\u00ebr q\u00eb jep edhe Ministria e Financave p\u00ebr vitin 2009 &#8211; shif\u00ebr q\u00eb pa e kund\u00ebrshtuar, ne e marrim si pik\u00eb referimi) arrihet leht\u00ebsisht n\u00eb konkluzionin: v\u00ebn\u00eb n\u00eb raport me inflacionin p\u00ebr vitin 2009, rritja ekonomike reale n\u00eb vitin e shkuar \u00ebsht\u00eb 0 dhe nd\u00ebrkoh\u00eb jo vet\u00ebm \u00ebsht\u00eb 0 si rritje e p\u00ebrgjithshme ekonomike e nj\u00eb viti, por ka nj\u00eb tendenc\u00eb r\u00ebnieje n\u00ebn zero. Pra, ka nj\u00eb tendenc\u00eb drejt kalimit n\u00eb nj\u00eb rritje ekonomike negative t\u00eb v\u00ebrtetuar n\u00eb tremujorin e fundit t\u00eb vitit 2009 q\u00eb tanim\u00eb \u00ebsht\u00eb zyrtar me &#8211; 0.8%.<\/p>\n<p>S\u00eb dyti, dua t&#8217;i referohem p\u00ebrs\u00ebri nj\u00eb shifre zyrtare t\u00eb dh\u00ebn\u00eb k\u00ebt\u00eb her\u00eb jo m\u00eb larg se dje nga nj\u00eb burim i pavarur, studim i financuar prej USAID q\u00eb konfirmon at\u00eb q\u00eb ne kemi p\u00ebrs\u00ebritur n\u00eb m\u00ebnyr\u00eb k\u00ebmb\u00ebngul\u00ebse: se nuk ka rritje t\u00eb eksporteve dhe t\u00eb importeve n\u00eb 2009, por p\u00ebrkundrazi ka r\u00ebnie t\u00eb tyre dhe se kjo \u00ebsht\u00eb nj\u00eb r\u00ebnie q\u00eb vazhdon edhe gjat\u00eb periudh\u00ebs q\u00eb ne po flasim n\u00eb rast se i referohemi vler\u00ebs nominale, pra n\u00eb lek\u00eb.<\/p>\n<p>Kjo b\u00ebhet nj\u00eb r\u00ebnie edhe m\u00eb e dukshme, edhe m\u00eb shqet\u00ebsuese, madje dramatike n\u00eb raport me t\u00eb shkuar\u00ebn e af\u00ebrt, n\u00eb rast se si nj\u00ebsi baz\u00eb krahasimi marrim euron. (gj\u00eb q\u00eb duhet ta b\u00ebjm\u00eb duke pasur parasysh zhvler\u00ebsimin e lekut).<\/p>\n<p>Dhe, s\u00eb treti, p\u00ebrs\u00ebri referuar shifrave zyrtare t\u00eb analizuara pa asnj\u00eb interpretim tjet\u00ebr, p\u00ebrve\u00e7 rrug\u00ebs aritmetike: fatura e ujit n\u00eb kryeqytet e verifikuar jav\u00ebn e fundit, jo nga nj\u00eb, dy, tre apo kat\u00ebr, apo kat\u00ebrmb\u00ebdhjet\u00eb raste, por nga t\u00ebr\u00ebsia e fatur\u00ebs s\u00eb shp\u00ebrndar\u00eb \u00ebsht\u00eb rritur 75%; ku uji i pijsh\u00ebm si nj\u00ebri nga komponent\u00ebt \u00ebsht\u00eb rritur mbi 60 %, uji i p\u00ebrdorur si nj\u00eb komponent tjet\u00ebr \u00ebsht\u00eb dyfishuar dhe \u00ebsht\u00eb shtuar nj\u00eb shum\u00eb e re fikse prej 12 mij\u00eb lek\u00ebsh n\u00eb vit, ose 1 mij\u00eb lek n\u00eb muaj. T\u00eb gjitha bashk\u00eb e b\u00ebjn\u00eb fatur\u00ebn e rritur t\u00eb ujit n\u00eb kryeqytet n\u00eb 75%.<\/p>\n<p>K\u00ebtu \u00ebsht\u00eb moment p\u00ebr t\u00eb kaluar n\u00eb pjes\u00ebn e dyt\u00eb t\u00eb k\u00ebsaj teme q\u00eb ka t\u00eb b\u00ebj\u00eb jo thjesht me kriz\u00ebn q\u00eb \u00ebsht\u00eb e qart\u00eb, qoft\u00eb n\u00eb analiz\u00ebn e shifrave, qoft\u00eb n\u00eb kryq\u00ebzimin e shifrave zyrtare q\u00eb vet\u00eb manipulator\u00ebt nuk arrijn\u00eb dot t&#8217;i fabrikojn\u00eb n\u00eb koherenc\u00eb me nj\u00ebra &#8211; tjetr\u00ebn.<\/p>\n<p>T\u00eb ngrat\u00ebt ndryshojn\u00eb nj\u00ebr\u00ebn, harrojn\u00eb t\u00eb ndryshojn\u00eb tjetr\u00ebn, t\u00eb tret\u00ebn e ndryshojn\u00eb gabim dhe k\u00ebshtu dalin n\u00eb kund\u00ebrshtim me veten, por ajo q\u00eb na shqet\u00ebson \u00ebsht\u00eb ndikimi i k\u00ebtij degradimi n\u00eb xhepin e familjeve shqiptare, n\u00eb tryez\u00ebn e tyre t\u00eb buk\u00ebs, n\u00eb koston e jet\u00ebs s\u00eb p\u00ebrditshme.<\/p>\n<p>Pra, nj\u00ebri aspekt \u00ebsht\u00eb mbulimi i kriz\u00ebs, dhe aspekti tjet\u00ebr \u00ebsht\u00eb trajtimi i kriz\u00ebs n\u00eb m\u00ebnyr\u00ebn m\u00eb t\u00eb pap\u00ebrshtatshme, duke e mbuluar, duke fabrikuar shifra t\u00eb rreme p\u00ebr t\u00eb th\u00ebn\u00eb se s&#8217;jemi n\u00eb kriz\u00eb dhe duke vazhduar me nj\u00eb politik\u00eb ekonomike shkat\u00ebrruese q\u00eb shton kostot p\u00ebr qytetar\u00ebt, shton kostot p\u00ebr ekonomin\u00eb e vendit, shton kostot e t\u00eb gjithave bashk\u00eb p\u00ebr t\u00eb ardhmen dhe nuk krijon asnj\u00eb mund\u00ebsi h\u00eb p\u00ebr h\u00eb p\u00ebr t\u00eb pasur rrug\u00ebdalje nga kjo kriz\u00eb.<\/p>\n<p>E gjith\u00eb pamja e situat\u00ebs ekonomike t\u00eb vendit, \u00ebsht\u00eb alarmante. \u00cbsht\u00eb nj\u00eb situat\u00eb, e cila \u00ebsht\u00eb e lidhur n\u00eb m\u00ebnyr\u00eb t\u00eb pazgjidhshme me faktin se sot qeverisemi nga nj\u00eb pushtet q\u00eb nuk ka dal\u00eb nga vota e popullit.<\/p>\n<p>Qeverisemi nga nj\u00eb pushtet, i cili buron jo prej vullnetit t\u00eb njer\u00ebzve p\u00ebrmes zgjedhjesh t\u00eb lira dhe t\u00eb ndershme, por prej fuqis\u00eb korruptive n\u00eb tjet\u00ebrsimin e vot\u00ebs dhe nj\u00ebkoh\u00ebsisht n\u00eb shkat\u00ebrrimin e vet\u00eb ekonomis\u00eb.<\/p>\n<p>Pasi kan\u00eb grabitur zgjedhjet, praktikisht e kan\u00eb futur ekonomin\u00eb e vendit n\u00eb nj\u00eb faz\u00eb t\u00eb re rr\u00ebnimi duke b\u00ebr\u00eb q\u00eb t\u00eb mbyllen p\u00ebrdit\u00eb vende pune, duke b\u00ebr\u00eb q\u00eb t\u00eb mbyllen p\u00ebrdit\u00eb perspektiva pun\u00ebsimi dhe duke b\u00ebr\u00eb q\u00eb kostoja e rip\u00ebrt\u00ebritjes p\u00ebr t\u00eb dal\u00eb nga kjo situat\u00eb t\u00eb jet\u00eb p\u00ebrdit\u00eb e m\u00eb e lart\u00eb p\u00ebr t\u00eb nes\u00ebrmen.<\/p>\n<p>Situata e manipuluar e t\u00eb dh\u00ebnave reale t\u00eb ekonomis\u00eb, \u00ebsht\u00eb nj\u00eb situat\u00eb q\u00eb \u00ebsht\u00eb pjell\u00eb e drejtp\u00ebrdrejt\u00eb e nevoj\u00ebs s\u00eb k\u00ebtij pushteti ilegjitim, p\u00ebr t\u00eb provuar se \u00ebsht\u00eb n\u00eb gjendje t\u00eb administroj\u00eb pun\u00ebt e vendit dhe se \u00ebsht\u00eb n\u00eb gjendje t&#8217;u ofroj\u00eb shqiptar\u00ebve at\u00eb \u00e7ka shqiptar\u00ebt k\u00ebrkojn\u00eb dhe meritojn\u00eb nga qeveria e tyre.<\/p>\n<p>P\u00ebr k\u00ebt\u00eb arsye ka nj\u00eb rendje t\u00eb p\u00ebrditshme, qorrazi, drejt humner\u00ebs ekonomike p\u00ebr Shqip\u00ebrin\u00eb, p\u00ebr familjet shqiptare &#8211; n\u00eb p\u00ebrpjekje q\u00eb t\u00eb mbulohen borxhet me borxhe, n\u00eb p\u00ebrpjekje q\u00eb t\u00eb fshihen t\u00eb dh\u00ebnat reale t\u00eb ekonomis\u00eb dhe nj\u00ebkoh\u00ebsisht t&#8217;u mbyllen njer\u00ebzve rrug\u00ebt e informacionit dhe t\u00eb zgjidhjes dhe n\u00eb p\u00ebrpjekje p\u00ebr ta gjetur zgjidhjen jo tek mjetet q\u00eb ofron teoria dhe eksperienca, (jo vet\u00ebm e huaj, por dhe e vendit p\u00ebr trajtimin e krize t\u00eb till\u00eb), por p\u00ebr ta k\u00ebrkuar zgjidhjen nuk e di se tek cili zot.<\/p>\n<p>Por, as n\u00eb zot nuk duket se beson kush n\u00eb k\u00ebt\u00eb pushtet q\u00eb \u00ebsht\u00eb kthyer n\u00eb nj\u00eb fuqi korruptive, q\u00eb fe t\u00eb vetme ka n\u00eb fakt vetveten dhe mjet t\u00eb vet\u00ebm p\u00ebr t\u00eb mbajtur veten n\u00eb k\u00ebmb\u00eb, ka korrupsionin.<\/p>\n","protected":false},"excerpt":{"rendered":"<p>Edi Rama, 17.04.2010 Ekonomia e vendit jo vet\u00ebm nuk po trajtohet me mjetet e domosdoshme p\u00ebr nj\u00eb ekonomi n\u00eb kriz\u00eb, por po vazhdon t\u00eb degradoj\u00eb n\u00eb t\u00eb nj\u00ebjtin drejtim t\u00eb gabuar. S\u00eb pari, dua ta riv\u00eb theksin tek spekulimi i p\u00ebrditsh\u00ebm, i p\u00ebrjavsh\u00ebm, i p\u00ebrmuajsh\u00ebm, i p\u00ebrvitsh\u00ebm me shifrat n\u00eb funksion t\u00eb mbulimit t\u00eb kriz\u00ebs. [&hellip;]<\/p>\n","protected":false},"author":1,"featured_media":0,"comment_status":"open","ping_status":"closed","sticky":false,"template":"","format":"standard","meta":{"footnotes":""},"categories":[2],"tags":[],"class_list":{"0":"post-2281","1":"post","2":"type-post","3":"status-publish","4":"format-standard","6":"category-artikuj"},"yoast_head":"<!-- This site is optimized with the Yoast SEO plugin v27.4 - https:\/\/yoast.com\/product\/yoast-seo-wordpress\/ -->\n<title>Vendi po rend qorrazi drejt humner\u00ebs ekonomike - FjALA e LIR\u00cb - Arkivi<\/title>\n<meta name=\"robots\" content=\"index, follow, max-snippet:-1, max-image-preview:large, max-video-preview:-1\" \/>\n<link rel=\"canonical\" href=\"https:\/\/fjala.info\/2009-2015\/vendi-po-rend-qorrazi-drejt-humneres-ekonomike\/\" \/>\n<meta property=\"og:locale\" content=\"sq_AL\" \/>\n<meta property=\"og:type\" content=\"article\" \/>\n<meta property=\"og:title\" content=\"Vendi po rend qorrazi drejt humner\u00ebs ekonomike - FjALA e LIR\u00cb - Arkivi\" \/>\n<meta property=\"og:description\" content=\"Edi Rama, 17.04.2010 Ekonomia e vendit jo vet\u00ebm nuk po trajtohet me mjetet e domosdoshme p\u00ebr nj\u00eb ekonomi n\u00eb kriz\u00eb, por po vazhdon t\u00eb degradoj\u00eb n\u00eb t\u00eb nj\u00ebjtin drejtim t\u00eb gabuar. S\u00eb pari, dua ta riv\u00eb theksin tek spekulimi i p\u00ebrditsh\u00ebm, i p\u00ebrjavsh\u00ebm, i p\u00ebrmuajsh\u00ebm, i p\u00ebrvitsh\u00ebm me shifrat n\u00eb funksion t\u00eb mbulimit t\u00eb kriz\u00ebs. [&hellip;]\" \/>\n<meta property=\"og:url\" content=\"https:\/\/fjala.info\/2009-2015\/vendi-po-rend-qorrazi-drejt-humneres-ekonomike\/\" \/>\n<meta property=\"og:site_name\" content=\"FjALA e LIR\u00cb - Arkivi\" \/>\n<meta property=\"article:published_time\" content=\"2010-04-17T21:47:40+00:00\" \/>\n<meta property=\"og:image\" content=\"http:\/\/www.shkoder.net\/images\/fjala\/2010\/Edi_Rama.jpg\" \/>\n<meta name=\"author\" content=\"admin\" \/>\n<meta name=\"twitter:card\" content=\"summary_large_image\" \/>\n<meta name=\"twitter:label1\" content=\"Written by\" \/>\n\t<meta name=\"twitter:data1\" content=\"admin\" \/>\n\t<meta name=\"twitter:label2\" content=\"Est. reading time\" \/>\n\t<meta name=\"twitter:data2\" content=\"6 minutes\" \/>\n<script type=\"application\/ld+json\" class=\"yoast-schema-graph\">{\"@context\":\"https:\\\/\\\/schema.org\",\"@graph\":[{\"@type\":\"Article\",\"@id\":\"https:\\\/\\\/fjala.info\\\/2009-2015\\\/vendi-po-rend-qorrazi-drejt-humneres-ekonomike\\\/#article\",\"isPartOf\":{\"@id\":\"https:\\\/\\\/fjala.info\\\/2009-2015\\\/vendi-po-rend-qorrazi-drejt-humneres-ekonomike\\\/\"},\"author\":{\"name\":\"admin\",\"@id\":\"https:\\\/\\\/fjala.info\\\/2009-2015\\\/#\\\/schema\\\/person\\\/3aa1163ef05469c496fc94e77611ada2\"},\"headline\":\"Vendi po rend qorrazi drejt humner\u00ebs ekonomike\",\"datePublished\":\"2010-04-17T21:47:40+00:00\",\"mainEntityOfPage\":{\"@id\":\"https:\\\/\\\/fjala.info\\\/2009-2015\\\/vendi-po-rend-qorrazi-drejt-humneres-ekonomike\\\/\"},\"wordCount\":1186,\"commentCount\":0,\"publisher\":{\"@id\":\"https:\\\/\\\/fjala.info\\\/2009-2015\\\/#organization\"},\"image\":{\"@id\":\"https:\\\/\\\/fjala.info\\\/2009-2015\\\/vendi-po-rend-qorrazi-drejt-humneres-ekonomike\\\/#primaryimage\"},\"thumbnailUrl\":\"http:\\\/\\\/www.shkoder.net\\\/images\\\/fjala\\\/2010\\\/Edi_Rama.jpg\",\"articleSection\":[\"Artikuj\"],\"inLanguage\":\"sq-AL\",\"potentialAction\":[{\"@type\":\"CommentAction\",\"name\":\"Comment\",\"target\":[\"https:\\\/\\\/fjala.info\\\/2009-2015\\\/vendi-po-rend-qorrazi-drejt-humneres-ekonomike\\\/#respond\"]}]},{\"@type\":\"WebPage\",\"@id\":\"https:\\\/\\\/fjala.info\\\/2009-2015\\\/vendi-po-rend-qorrazi-drejt-humneres-ekonomike\\\/\",\"url\":\"https:\\\/\\\/fjala.info\\\/2009-2015\\\/vendi-po-rend-qorrazi-drejt-humneres-ekonomike\\\/\",\"name\":\"Vendi po rend qorrazi drejt humner\u00ebs ekonomike - FjALA e LIR\u00cb - Arkivi\",\"isPartOf\":{\"@id\":\"https:\\\/\\\/fjala.info\\\/2009-2015\\\/#website\"},\"primaryImageOfPage\":{\"@id\":\"https:\\\/\\\/fjala.info\\\/2009-2015\\\/vendi-po-rend-qorrazi-drejt-humneres-ekonomike\\\/#primaryimage\"},\"image\":{\"@id\":\"https:\\\/\\\/fjala.info\\\/2009-2015\\\/vendi-po-rend-qorrazi-drejt-humneres-ekonomike\\\/#primaryimage\"},\"thumbnailUrl\":\"http:\\\/\\\/www.shkoder.net\\\/images\\\/fjala\\\/2010\\\/Edi_Rama.jpg\",\"datePublished\":\"2010-04-17T21:47:40+00:00\",\"breadcrumb\":{\"@id\":\"https:\\\/\\\/fjala.info\\\/2009-2015\\\/vendi-po-rend-qorrazi-drejt-humneres-ekonomike\\\/#breadcrumb\"},\"inLanguage\":\"sq-AL\",\"potentialAction\":[{\"@type\":\"ReadAction\",\"target\":[\"https:\\\/\\\/fjala.info\\\/2009-2015\\\/vendi-po-rend-qorrazi-drejt-humneres-ekonomike\\\/\"]}]},{\"@type\":\"ImageObject\",\"inLanguage\":\"sq-AL\",\"@id\":\"https:\\\/\\\/fjala.info\\\/2009-2015\\\/vendi-po-rend-qorrazi-drejt-humneres-ekonomike\\\/#primaryimage\",\"url\":\"http:\\\/\\\/www.shkoder.net\\\/images\\\/fjala\\\/2010\\\/Edi_Rama.jpg\",\"contentUrl\":\"http:\\\/\\\/www.shkoder.net\\\/images\\\/fjala\\\/2010\\\/Edi_Rama.jpg\"},{\"@type\":\"BreadcrumbList\",\"@id\":\"https:\\\/\\\/fjala.info\\\/2009-2015\\\/vendi-po-rend-qorrazi-drejt-humneres-ekonomike\\\/#breadcrumb\",\"itemListElement\":[{\"@type\":\"ListItem\",\"position\":1,\"name\":\"Home\",\"item\":\"https:\\\/\\\/fjala.info\\\/2009-2015\\\/\"},{\"@type\":\"ListItem\",\"position\":2,\"name\":\"Vendi po rend qorrazi drejt humner\u00ebs ekonomike\"}]},{\"@type\":\"WebSite\",\"@id\":\"https:\\\/\\\/fjala.info\\\/2009-2015\\\/#website\",\"url\":\"https:\\\/\\\/fjala.info\\\/2009-2015\\\/\",\"name\":\"FjALA e LIR\u00cb - Arkivi\",\"description\":\"Arkivi 2009-2015\",\"publisher\":{\"@id\":\"https:\\\/\\\/fjala.info\\\/2009-2015\\\/#organization\"},\"potentialAction\":[{\"@type\":\"SearchAction\",\"target\":{\"@type\":\"EntryPoint\",\"urlTemplate\":\"https:\\\/\\\/fjala.info\\\/2009-2015\\\/?s={search_term_string}\"},\"query-input\":{\"@type\":\"PropertyValueSpecification\",\"valueRequired\":true,\"valueName\":\"search_term_string\"}}],\"inLanguage\":\"sq-AL\"},{\"@type\":\"Organization\",\"@id\":\"https:\\\/\\\/fjala.info\\\/2009-2015\\\/#organization\",\"name\":\"FjALA e LIR\u00cb - Arkivi\",\"url\":\"https:\\\/\\\/fjala.info\\\/2009-2015\\\/\",\"logo\":{\"@type\":\"ImageObject\",\"inLanguage\":\"sq-AL\",\"@id\":\"https:\\\/\\\/fjala.info\\\/2009-2015\\\/#\\\/schema\\\/logo\\\/image\\\/\",\"url\":\"\",\"contentUrl\":\"\",\"caption\":\"FjALA e LIR\u00cb - Arkivi\"},\"image\":{\"@id\":\"https:\\\/\\\/fjala.info\\\/2009-2015\\\/#\\\/schema\\\/logo\\\/image\\\/\"}},{\"@type\":\"Person\",\"@id\":\"https:\\\/\\\/fjala.info\\\/2009-2015\\\/#\\\/schema\\\/person\\\/3aa1163ef05469c496fc94e77611ada2\",\"name\":\"admin\",\"image\":{\"@type\":\"ImageObject\",\"inLanguage\":\"sq-AL\",\"@id\":\"https:\\\/\\\/fjala.info\\\/2009-2015\\\/wp-content\\\/uploads\\\/2012\\\/02\\\/arben_cokaj-120x150.jpg\",\"url\":\"https:\\\/\\\/fjala.info\\\/2009-2015\\\/wp-content\\\/uploads\\\/2012\\\/02\\\/arben_cokaj-120x150.jpg\",\"contentUrl\":\"https:\\\/\\\/fjala.info\\\/2009-2015\\\/wp-content\\\/uploads\\\/2012\\\/02\\\/arben_cokaj-120x150.jpg\",\"caption\":\"admin\"},\"description\":\"Admin, Fjala e Lir\u00eb\",\"sameAs\":[\"https:\\\/\\\/fjala.info\\\/\"],\"url\":\"https:\\\/\\\/fjala.info\\\/2009-2015\\\/author\\\/admin\\\/\"}]}<\/script>\n<!-- \/ Yoast SEO plugin. -->","yoast_head_json":{"title":"Vendi po rend qorrazi drejt humner\u00ebs ekonomike - FjALA e LIR\u00cb - Arkivi","robots":{"index":"index","follow":"follow","max-snippet":"max-snippet:-1","max-image-preview":"max-image-preview:large","max-video-preview":"max-video-preview:-1"},"canonical":"https:\/\/fjala.info\/2009-2015\/vendi-po-rend-qorrazi-drejt-humneres-ekonomike\/","og_locale":"sq_AL","og_type":"article","og_title":"Vendi po rend qorrazi drejt humner\u00ebs ekonomike - FjALA e LIR\u00cb - Arkivi","og_description":"Edi Rama, 17.04.2010 Ekonomia e vendit jo vet\u00ebm nuk po trajtohet me mjetet e domosdoshme p\u00ebr nj\u00eb ekonomi n\u00eb kriz\u00eb, por po vazhdon t\u00eb degradoj\u00eb n\u00eb t\u00eb nj\u00ebjtin drejtim t\u00eb gabuar. S\u00eb pari, dua ta riv\u00eb theksin tek spekulimi i p\u00ebrditsh\u00ebm, i p\u00ebrjavsh\u00ebm, i p\u00ebrmuajsh\u00ebm, i p\u00ebrvitsh\u00ebm me shifrat n\u00eb funksion t\u00eb mbulimit t\u00eb kriz\u00ebs. [&hellip;]","og_url":"https:\/\/fjala.info\/2009-2015\/vendi-po-rend-qorrazi-drejt-humneres-ekonomike\/","og_site_name":"FjALA e LIR\u00cb - Arkivi","article_published_time":"2010-04-17T21:47:40+00:00","og_image":[{"url":"http:\/\/www.shkoder.net\/images\/fjala\/2010\/Edi_Rama.jpg","type":"","width":"","height":""}],"author":"admin","twitter_card":"summary_large_image","twitter_misc":{"Written by":"admin","Est. reading time":"6 minutes"},"schema":{"@context":"https:\/\/schema.org","@graph":[{"@type":"Article","@id":"https:\/\/fjala.info\/2009-2015\/vendi-po-rend-qorrazi-drejt-humneres-ekonomike\/#article","isPartOf":{"@id":"https:\/\/fjala.info\/2009-2015\/vendi-po-rend-qorrazi-drejt-humneres-ekonomike\/"},"author":{"name":"admin","@id":"https:\/\/fjala.info\/2009-2015\/#\/schema\/person\/3aa1163ef05469c496fc94e77611ada2"},"headline":"Vendi po rend qorrazi drejt humner\u00ebs ekonomike","datePublished":"2010-04-17T21:47:40+00:00","mainEntityOfPage":{"@id":"https:\/\/fjala.info\/2009-2015\/vendi-po-rend-qorrazi-drejt-humneres-ekonomike\/"},"wordCount":1186,"commentCount":0,"publisher":{"@id":"https:\/\/fjala.info\/2009-2015\/#organization"},"image":{"@id":"https:\/\/fjala.info\/2009-2015\/vendi-po-rend-qorrazi-drejt-humneres-ekonomike\/#primaryimage"},"thumbnailUrl":"http:\/\/www.shkoder.net\/images\/fjala\/2010\/Edi_Rama.jpg","articleSection":["Artikuj"],"inLanguage":"sq-AL","potentialAction":[{"@type":"CommentAction","name":"Comment","target":["https:\/\/fjala.info\/2009-2015\/vendi-po-rend-qorrazi-drejt-humneres-ekonomike\/#respond"]}]},{"@type":"WebPage","@id":"https:\/\/fjala.info\/2009-2015\/vendi-po-rend-qorrazi-drejt-humneres-ekonomike\/","url":"https:\/\/fjala.info\/2009-2015\/vendi-po-rend-qorrazi-drejt-humneres-ekonomike\/","name":"Vendi po rend qorrazi drejt humner\u00ebs ekonomike - FjALA e LIR\u00cb - Arkivi","isPartOf":{"@id":"https:\/\/fjala.info\/2009-2015\/#website"},"primaryImageOfPage":{"@id":"https:\/\/fjala.info\/2009-2015\/vendi-po-rend-qorrazi-drejt-humneres-ekonomike\/#primaryimage"},"image":{"@id":"https:\/\/fjala.info\/2009-2015\/vendi-po-rend-qorrazi-drejt-humneres-ekonomike\/#primaryimage"},"thumbnailUrl":"http:\/\/www.shkoder.net\/images\/fjala\/2010\/Edi_Rama.jpg","datePublished":"2010-04-17T21:47:40+00:00","breadcrumb":{"@id":"https:\/\/fjala.info\/2009-2015\/vendi-po-rend-qorrazi-drejt-humneres-ekonomike\/#breadcrumb"},"inLanguage":"sq-AL","potentialAction":[{"@type":"ReadAction","target":["https:\/\/fjala.info\/2009-2015\/vendi-po-rend-qorrazi-drejt-humneres-ekonomike\/"]}]},{"@type":"ImageObject","inLanguage":"sq-AL","@id":"https:\/\/fjala.info\/2009-2015\/vendi-po-rend-qorrazi-drejt-humneres-ekonomike\/#primaryimage","url":"http:\/\/www.shkoder.net\/images\/fjala\/2010\/Edi_Rama.jpg","contentUrl":"http:\/\/www.shkoder.net\/images\/fjala\/2010\/Edi_Rama.jpg"},{"@type":"BreadcrumbList","@id":"https:\/\/fjala.info\/2009-2015\/vendi-po-rend-qorrazi-drejt-humneres-ekonomike\/#breadcrumb","itemListElement":[{"@type":"ListItem","position":1,"name":"Home","item":"https:\/\/fjala.info\/2009-2015\/"},{"@type":"ListItem","position":2,"name":"Vendi po rend qorrazi drejt humner\u00ebs ekonomike"}]},{"@type":"WebSite","@id":"https:\/\/fjala.info\/2009-2015\/#website","url":"https:\/\/fjala.info\/2009-2015\/","name":"FjALA e LIR\u00cb - Arkivi","description":"Arkivi 2009-2015","publisher":{"@id":"https:\/\/fjala.info\/2009-2015\/#organization"},"potentialAction":[{"@type":"SearchAction","target":{"@type":"EntryPoint","urlTemplate":"https:\/\/fjala.info\/2009-2015\/?s={search_term_string}"},"query-input":{"@type":"PropertyValueSpecification","valueRequired":true,"valueName":"search_term_string"}}],"inLanguage":"sq-AL"},{"@type":"Organization","@id":"https:\/\/fjala.info\/2009-2015\/#organization","name":"FjALA e LIR\u00cb - Arkivi","url":"https:\/\/fjala.info\/2009-2015\/","logo":{"@type":"ImageObject","inLanguage":"sq-AL","@id":"https:\/\/fjala.info\/2009-2015\/#\/schema\/logo\/image\/","url":"","contentUrl":"","caption":"FjALA e LIR\u00cb - Arkivi"},"image":{"@id":"https:\/\/fjala.info\/2009-2015\/#\/schema\/logo\/image\/"}},{"@type":"Person","@id":"https:\/\/fjala.info\/2009-2015\/#\/schema\/person\/3aa1163ef05469c496fc94e77611ada2","name":"admin","image":{"@type":"ImageObject","inLanguage":"sq-AL","@id":"https:\/\/fjala.info\/2009-2015\/wp-content\/uploads\/2012\/02\/arben_cokaj-120x150.jpg","url":"https:\/\/fjala.info\/2009-2015\/wp-content\/uploads\/2012\/02\/arben_cokaj-120x150.jpg","contentUrl":"https:\/\/fjala.info\/2009-2015\/wp-content\/uploads\/2012\/02\/arben_cokaj-120x150.jpg","caption":"admin"},"description":"Admin, Fjala e Lir\u00eb","sameAs":["https:\/\/fjala.info\/"],"url":"https:\/\/fjala.info\/2009-2015\/author\/admin\/"}]}},"_links":{"self":[{"href":"https:\/\/fjala.info\/2009-2015\/wp-json\/wp\/v2\/posts\/2281","targetHints":{"allow":["GET"]}}],"collection":[{"href":"https:\/\/fjala.info\/2009-2015\/wp-json\/wp\/v2\/posts"}],"about":[{"href":"https:\/\/fjala.info\/2009-2015\/wp-json\/wp\/v2\/types\/post"}],"author":[{"embeddable":true,"href":"https:\/\/fjala.info\/2009-2015\/wp-json\/wp\/v2\/users\/1"}],"replies":[{"embeddable":true,"href":"https:\/\/fjala.info\/2009-2015\/wp-json\/wp\/v2\/comments?post=2281"}],"version-history":[{"count":0,"href":"https:\/\/fjala.info\/2009-2015\/wp-json\/wp\/v2\/posts\/2281\/revisions"}],"wp:attachment":[{"href":"https:\/\/fjala.info\/2009-2015\/wp-json\/wp\/v2\/media?parent=2281"}],"wp:term":[{"taxonomy":"category","embeddable":true,"href":"https:\/\/fjala.info\/2009-2015\/wp-json\/wp\/v2\/categories?post=2281"},{"taxonomy":"post_tag","embeddable":true,"href":"https:\/\/fjala.info\/2009-2015\/wp-json\/wp\/v2\/tags?post=2281"}],"curies":[{"name":"wp","href":"https:\/\/api.w.org\/{rel}","templated":true}]}}