{"id":228,"date":"2011-11-17T22:35:37","date_gmt":"2011-11-17T21:35:37","guid":{"rendered":"http:\/\/fjala.shkoder.net\/?p=228"},"modified":"2011-11-17T22:35:37","modified_gmt":"2011-11-17T21:35:37","slug":"me-mire-tangat-jashte-se-arsimimin-brenda","status":"publish","type":"post","link":"https:\/\/fjala.info\/2009-2015\/me-mire-tangat-jashte-se-arsimimin-brenda\/","title":{"rendered":"M\u00eb mir\u00eb tangat jasht\u00eb, se arsimimin brenda"},"content":{"rendered":"<p><em>Rubrika \u201cMADE IN ALBANIA\u201d<\/em><\/p>\n<p>Nga <strong>Alban Sejdini<\/strong><\/p>\n<p>Prej disa vitesh qarkullon nj\u00eb histori, e v\u00ebrtet\u00eb ose barsalet\u00eb, e nj\u00eb artisti shqiptar, i cili b\u00ebri nj\u00eb udh\u00ebtim jasht\u00eb shtetit gjat\u00eb viteve t\u00eb komunizmit dhe pasi u kthye, i tha shok\u00ebve plot trishtim: \u201cVet\u00ebm tani e kuptova, se paskemi qen\u00eb martuar me burra!\u201d E atill\u00eb ishte koha n\u00eb diktatur\u00eb; gruaja duhej t\u00eb ishte e barabart\u00eb me burrin n\u00eb \u00e7do aktivitet t\u00eb jet\u00ebs nj\u00eblloj si n\u00eb mozaikun e Muzeut Komb\u00ebtar. Ajo duhej t\u00eb p\u00ebrveshte m\u00ebng\u00ebt n\u00eb ara, fabrika e komitete partie pa l\u00ebn\u00eb as familjen pas dore, duke mos pasur thuajse fare koh\u00eb p\u00ebr veten dhe kujdesin fem\u00ebror. <\/p>\n<p>Burrat e kan\u00eb m\u00eb t\u00eb leht\u00eb t\u00eb konstatojn\u00eb ndryshimin, se at\u00ebher\u00eb ishin kock\u00eb e l\u00ebkur\u00eb, e sot jan\u00eb faqevarur e barkm\u00ebdhenj. Krejt ndryshe ndihet \u00e7do grua, q\u00eb qesh, vihet n\u00eb siklet ose p\u00ebrpiqet t\u00eb mos qaj\u00eb sot, kur shikon veten, motrat apo shoqet n\u00eb foto apo video t\u00eb realizuara para nj\u00ebzet apo m\u00eb shum\u00eb vitesh. Fatmir\u00ebsisht, demokracia solli p\u00ebrve\u00e7 korrupsionit e trafiqeve, edhe depilimin, kremrat, vajrat, parfumet, thonjt\u00eb fals, ikstensh\u00ebnin, ng\u00ebrdheshjen ose fryrjen e buz\u00ebve, pushup-set, takat e larta, getat si rrjet\u00eb peshkimi, minifundet dhe tangat, q\u00eb Zoti i bekoft\u00eb.<\/p>\n<p>Pra, t\u00eb pakt\u00ebn n\u00eb k\u00ebto aspekte, Shqip\u00ebria i tejkalon kriteret p\u00ebr an\u00ebtar\u00ebsim n\u00eb BE, sepse n\u00eb \u00e7do rrug\u00eb, shkoll\u00eb, universitet, zyr\u00eb apo korridor institucioni shikon femra t\u00eb reja t\u00eb veshura me ose pa shije, me pak tualet ose t\u00eb stukuara e lyera si pallati me shigjeta. E shumica e tyre kan\u00eb t\u00eb p\u00ebrbashk\u00ebt t\u00eb nj\u00ebjt\u00ebn filozofi t\u00eb ambicies shoq\u00ebrore e profesionale: veshur me super t\u00eb ngushta, ose mbathur me super t\u00eb shkurtra. N\u00eb vend q\u00eb t\u00eb formohen nga brenda, p\u00ebr t\u2019i orientuar drejt mendjes e bot\u00ebs shpirt\u00ebrore shijet e shumic\u00ebs s\u00eb meshkujve, plot shqiptare t\u00eb reja kujdesen vet\u00ebm p\u00ebr t\u00eb jashtmen, duke i orientuar vet\u00ebm drejt epsheve t\u00eb gjitha kategorit\u00eb e meshkujve: f\u00ebmij\u00eb e adoleshent\u00eb, t\u00eb pun\u00ebsuar apo t\u00eb \u201cPartizanit t\u00eb Panjohur\u201d, m\u00ebsues e profesor\u00eb, shofer\u00eb e roje, shefa institucionesh e pronar\u00eb kompanish. Sikur qeveria t\u00eb shpallte tender p\u00ebr t\u00eb ndryshuar mozaikun e muzeut, t\u00eb pakt\u00ebn e dim\u00eb q\u00eb gruas do t\u2019i nxirrnin n\u00eb pah nj\u00eb intimo ngjyr\u00eb blu.<\/p>\n<p>Ndryshe nga vajzat e grat\u00eb n\u00eb vendet e industrializuara, q\u00eb b\u00ebjn\u00eb tualet e vishen deri diku sexy vet\u00ebm n\u00eb disko e klube nate kryesisht fundjavave, femrat shqiptare n\u00eb Tiran\u00eb e n\u00eb ndonj\u00eb qend\u00ebr tjet\u00ebr disi urbane b\u00ebjn\u00eb tualet e veshin minifund edhe kur dalin p\u00ebr t\u00eb hedhur plehrat apo p\u00ebr t\u00eb bler\u00eb kos dit\u00ebn e h\u00ebn\u00eb n\u00eb m\u00ebngjes. Gjimnazet dhe sidomos universitetet jan\u00eb pasarelat m\u00eb t\u00eb p\u00ebrshtatshme p\u00ebr shumic\u00ebn e vajzave, p\u00ebr t\u00eb matur potencialin e tyre sensual n\u00eb baz\u00eb t\u00eb tipit t\u00eb makinave q\u00eb ndalojn\u00eb apo t\u00eb \u201ct\u00eb h\u00ebngsha \u2026\u201d-ve q\u00eb t\u00ebrheqin. Edhe Tarzani dora vet\u00eb do t\u00eb b\u00ebhej me turp nga asi qeniesh t\u00eb gjinis\u00eb s\u00eb tij, t\u00eb cil\u00ebt ndalojn\u00eb makin\u00ebn n\u00eb mes t\u00eb trafikut p\u00ebr shum\u00eb gjoks e pak fundshpin\u00eb, e q\u00eb me kaq eksklamojn\u00eb se \u201cshqiptaret jan\u00eb femrat m\u00eb t\u00eb bukura n\u00eb bot\u00eb\u201d. <\/p>\n<p>E megjithat\u00eb, nj\u00eb fem\u00ebr, e cila kujdeset vet\u00ebm p\u00ebr pamjen e jashtme dhe jo at\u00eb t\u00eb brendshme, mjafton t\u2019i ket\u00eb n\u00eb rritje si ekonomia shqiptare k\u00ebto statistika, n\u00eb m\u00ebnyr\u00eb q\u00eb t\u00eb zileps\u00eb shoqet dhe t\u00eb mos fut\u00eb dor\u00ebn n\u00eb xhep p\u00ebr kafe, cigare dhe pije energjike. P\u00ebr sa koh\u00eb, q\u00eb ka mjete e stile p\u00ebr t\u00eb mbajtur lart ato pjes\u00eb t\u00eb trupit, t\u00eb cilat me mosh\u00ebn marrin teposht\u00eb, \u00ebsht\u00eb e garantuar t\u00ebrheqja e v\u00ebmendjes nga t\u00eb pakt\u00ebn ata mashkullor\u00eb q\u00eb nuk din\u00eb ose nuk duan t\u00eb flasin mbi korrupsionin, deficitin buxhetor, dhun\u00ebn n\u00eb familje, injoranc\u00ebn n\u00eb administrat\u00eb apo varf\u00ebrin\u00eb n\u00eb qytete e fshatra.<\/p>\n<p>T\u00eb bllokuara n\u00eb nj\u00eb mjedis shoq\u00ebror me mbizot\u00ebrim burr\u00ebrist, q\u00eb vler\u00ebson vet\u00ebm pamjen e jashtme dhe jo formimin e brendsh\u00ebm, normalisht q\u00eb shum\u00eb ish-maturante ose studente do ta mbajn\u00eb veten me t\u00eb madhe. Duket q\u00eb tek m\u00ebnyra se si ecin brenda turm\u00ebs n\u00ebp\u00ebr trotuaret e ngushta: ecin me hund\u00ebp\u00ebrpjet\u00ebsi dhe presin, q\u00eb t\u2019u hap\u00ebsh rrug\u00ebn me devijime trupore si tek filmi \u201cMatrix\u201d. Asnj\u00eb prej k\u00ebtyre shqiptareve nuk mendon, se po t\u2019u vij\u00eb p\u00ebrball\u00eb dikush q\u00eb nuk devijon nga rruga e tij, mund t\u00eb p\u00ebrplasen keq e t\u00eb rrokullisen posht\u00eb shkall\u00ebve tek dyqanet e \u201cShallvareve\u201d. <\/p>\n<p>Shpesh b\u00ebhen edhe nj\u00eb tuf\u00eb hund\u00ebp\u00ebrpjetash n\u00eb grup, q\u00eb bllokojn\u00eb gjith\u00eb trotuarin me ngadal\u00ebsin\u00eb e ecjes s\u00eb tyre t\u00eb gjitha n\u00eb rresht t\u00eb par\u00eb, duke qen\u00eb se thjesht po shtyjn\u00eb koh\u00ebn jasht\u00eb pa shkuar diku me sakt\u00ebsi. Ka edhe nga ato shqiptare, t\u00eb cilat parakalojn\u00eb veshur ngusht\u00ebsisht ose shkurt\u00ebsisht me hap gjoja shp\u00ebrfill\u00ebs n\u00eb rrug\u00ebn e automjeteve, p\u00ebr t\u00eb t\u00ebrhequr hung\u00ebrimat xhungleske t\u00eb Tarzan\u00ebve albanez\u00eb e allvanos me ikspesa e rejnxha.<\/p>\n<p>Interesante paraqitet situata edhe n\u00eb administrat\u00ebn publike, ku duket se punonj\u00ebset paguhen vet\u00ebm p\u00ebr t\u00eb b\u00ebr\u00eb parad\u00eb me celular e portofol n\u00eb nj\u00ebr\u00ebn dor\u00eb, teksa dalin p\u00ebr t\u00eb pir\u00eb kafe n\u00eb lokale buzi gjat\u00eb paraditeve me diell, p\u00ebr t\u00eb dor\u00ebzuar ndonj\u00eb shkres\u00eb apo p\u00ebr t\u00eb takuar epror\u00ebt meshkuj. Brenda korridoreve dhe zyrave t\u00eb institucioneve shtet\u00ebrore garohet p\u00ebr modelet e reja t\u00eb dekolteve, si dhe nivelet e reja t\u00eb shkurt\u00ebsis\u00eb s\u00eb fundeve e gjat\u00ebsis\u00eb s\u00eb \u00e7arjeve t\u00eb fundeve. <\/p>\n<p>Simboli i k\u00ebsaj kategorie jan\u00eb nj\u00eb klan z\u00ebdh\u00ebn\u00ebsesh shtypi e sekretaresh t\u00eb drejtor\u00ebve, deputet\u00ebve, zv.ministrave e ministrave. Shpejt\u00ebsia e ngritjes n\u00eb karrier\u00eb apo udh\u00ebtime jasht\u00eb shtetit e k\u00ebtij klani \u00ebsht\u00eb shnd\u00ebrruar tashm\u00eb n\u00eb shembull edhe p\u00ebr nj\u00eb shumic\u00eb punonj\u00ebsesh apo kandidatesh potenciale p\u00ebr punonj\u00ebse. Shyqyr q\u00eb n\u00eb administrat\u00eb nuk \u00ebsht\u00eb e nevojshme p\u00ebr t\u00eb riparuar pamjen e brendshme, se nuk jan\u00eb shpikur ende metoda meremetuese aq t\u00eb shpejta si ato q\u00eb e shnd\u00ebrrojn\u00eb nga punonj\u00ebse pularie para vitit \u201890 n\u00eb juriste administrate n\u00eb vitin 2011.<\/p>\n<p>Shum\u00eb vajza e gra shqiptare kan\u00eb t\u00eb drejt\u00ebn e tyre t\u00eb mendojn\u00eb, q\u00eb sa m\u00eb jasht\u00eb t\u2019i nxjerrin tangat maj\u00eb motorrit, duke ngritur dosje n\u00ebp\u00ebr zyra apo duke u ulur n\u00eb bare e restorante, aq m\u00eb pa djers\u00eb do ta shijojn\u00eb jet\u00ebn. Prandaj, ato ngulen m\u00eb shum\u00eb para pasqyr\u00ebs se p\u00ebrpara librave, sepse parap\u00eblqejn\u00eb t\u00eb durojn\u00eb edhe er\u00ebn e djers\u00ebs s\u00eb Tarzan\u00ebve t\u00eb shtetit apo rrug\u00ebs, n\u00eb vend q\u00eb t\u00eb djersijn\u00eb vet\u00eb mbi libra p\u00ebr t\u00eb marr\u00eb nj\u00eb formim, q\u00eb dikur do t\u2019u garantonte pavar\u00ebsin\u00eb ekonomike e shoq\u00ebrore. Nuk \u00ebsht\u00eb e pamundur t\u00eb mir\u00ebmbahen nj\u00ebkoh\u00ebsisht edhe pamja e brendshme, edhe ajo e jashtme. Nj\u00eb bukuroshe v\u00ebrtet e arsimuar \u00ebsht\u00eb m\u00eb e zonja se qengji i mir\u00eb, q\u00eb pi dy n\u00ebna. Lum si ato gra e vajza, q\u00eb e kan\u00eb kuptuar k\u00ebt\u00eb gj\u00eb, kudo n\u00eb bot\u00eb!<\/p>\n","protected":false},"excerpt":{"rendered":"<p>Rubrika \u201cMADE IN ALBANIA\u201d Nga Alban Sejdini Prej disa vitesh qarkullon nj\u00eb histori, e v\u00ebrtet\u00eb ose barsalet\u00eb, e nj\u00eb artisti shqiptar, i cili b\u00ebri nj\u00eb udh\u00ebtim jasht\u00eb shtetit gjat\u00eb viteve t\u00eb komunizmit dhe pasi u kthye, i tha shok\u00ebve plot trishtim: \u201cVet\u00ebm tani e kuptova, se paskemi qen\u00eb martuar me burra!\u201d E atill\u00eb ishte koha [&hellip;]<\/p>\n","protected":false},"author":1,"featured_media":0,"comment_status":"open","ping_status":"closed","sticky":false,"template":"","format":"standard","meta":{"footnotes":""},"categories":[2],"tags":[],"class_list":{"0":"post-228","1":"post","2":"type-post","3":"status-publish","4":"format-standard","6":"category-artikuj"},"yoast_head":"<!-- This site is optimized with the Yoast SEO plugin v27.4 - https:\/\/yoast.com\/product\/yoast-seo-wordpress\/ -->\n<title>M\u00eb mir\u00eb tangat jasht\u00eb, se arsimimin brenda - FjALA e LIR\u00cb - Arkivi<\/title>\n<meta name=\"robots\" content=\"index, follow, max-snippet:-1, max-image-preview:large, max-video-preview:-1\" \/>\n<link rel=\"canonical\" href=\"https:\/\/fjala.info\/2009-2015\/me-mire-tangat-jashte-se-arsimimin-brenda\/\" \/>\n<meta property=\"og:locale\" content=\"sq_AL\" \/>\n<meta property=\"og:type\" content=\"article\" \/>\n<meta property=\"og:title\" content=\"M\u00eb mir\u00eb tangat jasht\u00eb, se arsimimin brenda - FjALA e LIR\u00cb - Arkivi\" \/>\n<meta property=\"og:description\" content=\"Rubrika \u201cMADE IN ALBANIA\u201d Nga Alban Sejdini Prej disa vitesh qarkullon nj\u00eb histori, e v\u00ebrtet\u00eb ose barsalet\u00eb, e nj\u00eb artisti shqiptar, i cili b\u00ebri nj\u00eb udh\u00ebtim jasht\u00eb shtetit gjat\u00eb viteve t\u00eb komunizmit dhe pasi u kthye, i tha shok\u00ebve plot trishtim: \u201cVet\u00ebm tani e kuptova, se paskemi qen\u00eb martuar me burra!\u201d E atill\u00eb ishte koha [&hellip;]\" \/>\n<meta property=\"og:url\" content=\"https:\/\/fjala.info\/2009-2015\/me-mire-tangat-jashte-se-arsimimin-brenda\/\" \/>\n<meta property=\"og:site_name\" content=\"FjALA e LIR\u00cb - Arkivi\" \/>\n<meta property=\"article:published_time\" content=\"2011-11-17T21:35:37+00:00\" \/>\n<meta name=\"author\" content=\"admin\" \/>\n<meta name=\"twitter:card\" content=\"summary_large_image\" \/>\n<meta name=\"twitter:label1\" content=\"Written by\" \/>\n\t<meta name=\"twitter:data1\" content=\"admin\" \/>\n\t<meta name=\"twitter:label2\" content=\"Est. reading time\" \/>\n\t<meta name=\"twitter:data2\" content=\"6 minutes\" \/>\n<script type=\"application\/ld+json\" class=\"yoast-schema-graph\">{\"@context\":\"https:\\\/\\\/schema.org\",\"@graph\":[{\"@type\":\"Article\",\"@id\":\"https:\\\/\\\/fjala.info\\\/2009-2015\\\/me-mire-tangat-jashte-se-arsimimin-brenda\\\/#article\",\"isPartOf\":{\"@id\":\"https:\\\/\\\/fjala.info\\\/2009-2015\\\/me-mire-tangat-jashte-se-arsimimin-brenda\\\/\"},\"author\":{\"name\":\"admin\",\"@id\":\"https:\\\/\\\/fjala.info\\\/2009-2015\\\/#\\\/schema\\\/person\\\/3aa1163ef05469c496fc94e77611ada2\"},\"headline\":\"M\u00eb mir\u00eb tangat jasht\u00eb, se arsimimin brenda\",\"datePublished\":\"2011-11-17T21:35:37+00:00\",\"mainEntityOfPage\":{\"@id\":\"https:\\\/\\\/fjala.info\\\/2009-2015\\\/me-mire-tangat-jashte-se-arsimimin-brenda\\\/\"},\"wordCount\":1239,\"commentCount\":0,\"publisher\":{\"@id\":\"https:\\\/\\\/fjala.info\\\/2009-2015\\\/#organization\"},\"articleSection\":[\"Artikuj\"],\"inLanguage\":\"sq-AL\",\"potentialAction\":[{\"@type\":\"CommentAction\",\"name\":\"Comment\",\"target\":[\"https:\\\/\\\/fjala.info\\\/2009-2015\\\/me-mire-tangat-jashte-se-arsimimin-brenda\\\/#respond\"]}]},{\"@type\":\"WebPage\",\"@id\":\"https:\\\/\\\/fjala.info\\\/2009-2015\\\/me-mire-tangat-jashte-se-arsimimin-brenda\\\/\",\"url\":\"https:\\\/\\\/fjala.info\\\/2009-2015\\\/me-mire-tangat-jashte-se-arsimimin-brenda\\\/\",\"name\":\"M\u00eb mir\u00eb tangat jasht\u00eb, se arsimimin brenda - FjALA e LIR\u00cb - Arkivi\",\"isPartOf\":{\"@id\":\"https:\\\/\\\/fjala.info\\\/2009-2015\\\/#website\"},\"datePublished\":\"2011-11-17T21:35:37+00:00\",\"breadcrumb\":{\"@id\":\"https:\\\/\\\/fjala.info\\\/2009-2015\\\/me-mire-tangat-jashte-se-arsimimin-brenda\\\/#breadcrumb\"},\"inLanguage\":\"sq-AL\",\"potentialAction\":[{\"@type\":\"ReadAction\",\"target\":[\"https:\\\/\\\/fjala.info\\\/2009-2015\\\/me-mire-tangat-jashte-se-arsimimin-brenda\\\/\"]}]},{\"@type\":\"BreadcrumbList\",\"@id\":\"https:\\\/\\\/fjala.info\\\/2009-2015\\\/me-mire-tangat-jashte-se-arsimimin-brenda\\\/#breadcrumb\",\"itemListElement\":[{\"@type\":\"ListItem\",\"position\":1,\"name\":\"Home\",\"item\":\"https:\\\/\\\/fjala.info\\\/2009-2015\\\/\"},{\"@type\":\"ListItem\",\"position\":2,\"name\":\"M\u00eb mir\u00eb tangat jasht\u00eb, se arsimimin brenda\"}]},{\"@type\":\"WebSite\",\"@id\":\"https:\\\/\\\/fjala.info\\\/2009-2015\\\/#website\",\"url\":\"https:\\\/\\\/fjala.info\\\/2009-2015\\\/\",\"name\":\"FjALA e LIR\u00cb - Arkivi\",\"description\":\"Arkivi 2009-2015\",\"publisher\":{\"@id\":\"https:\\\/\\\/fjala.info\\\/2009-2015\\\/#organization\"},\"potentialAction\":[{\"@type\":\"SearchAction\",\"target\":{\"@type\":\"EntryPoint\",\"urlTemplate\":\"https:\\\/\\\/fjala.info\\\/2009-2015\\\/?s={search_term_string}\"},\"query-input\":{\"@type\":\"PropertyValueSpecification\",\"valueRequired\":true,\"valueName\":\"search_term_string\"}}],\"inLanguage\":\"sq-AL\"},{\"@type\":\"Organization\",\"@id\":\"https:\\\/\\\/fjala.info\\\/2009-2015\\\/#organization\",\"name\":\"FjALA e LIR\u00cb - Arkivi\",\"url\":\"https:\\\/\\\/fjala.info\\\/2009-2015\\\/\",\"logo\":{\"@type\":\"ImageObject\",\"inLanguage\":\"sq-AL\",\"@id\":\"https:\\\/\\\/fjala.info\\\/2009-2015\\\/#\\\/schema\\\/logo\\\/image\\\/\",\"url\":\"\",\"contentUrl\":\"\",\"caption\":\"FjALA e LIR\u00cb - Arkivi\"},\"image\":{\"@id\":\"https:\\\/\\\/fjala.info\\\/2009-2015\\\/#\\\/schema\\\/logo\\\/image\\\/\"}},{\"@type\":\"Person\",\"@id\":\"https:\\\/\\\/fjala.info\\\/2009-2015\\\/#\\\/schema\\\/person\\\/3aa1163ef05469c496fc94e77611ada2\",\"name\":\"admin\",\"image\":{\"@type\":\"ImageObject\",\"inLanguage\":\"sq-AL\",\"@id\":\"https:\\\/\\\/fjala.info\\\/2009-2015\\\/wp-content\\\/uploads\\\/2012\\\/02\\\/arben_cokaj-120x150.jpg\",\"url\":\"https:\\\/\\\/fjala.info\\\/2009-2015\\\/wp-content\\\/uploads\\\/2012\\\/02\\\/arben_cokaj-120x150.jpg\",\"contentUrl\":\"https:\\\/\\\/fjala.info\\\/2009-2015\\\/wp-content\\\/uploads\\\/2012\\\/02\\\/arben_cokaj-120x150.jpg\",\"caption\":\"admin\"},\"description\":\"Admin, Fjala e Lir\u00eb\",\"sameAs\":[\"https:\\\/\\\/fjala.info\\\/\"],\"url\":\"https:\\\/\\\/fjala.info\\\/2009-2015\\\/author\\\/admin\\\/\"}]}<\/script>\n<!-- \/ Yoast SEO plugin. -->","yoast_head_json":{"title":"M\u00eb mir\u00eb tangat jasht\u00eb, se arsimimin brenda - FjALA e LIR\u00cb - Arkivi","robots":{"index":"index","follow":"follow","max-snippet":"max-snippet:-1","max-image-preview":"max-image-preview:large","max-video-preview":"max-video-preview:-1"},"canonical":"https:\/\/fjala.info\/2009-2015\/me-mire-tangat-jashte-se-arsimimin-brenda\/","og_locale":"sq_AL","og_type":"article","og_title":"M\u00eb mir\u00eb tangat jasht\u00eb, se arsimimin brenda - FjALA e LIR\u00cb - Arkivi","og_description":"Rubrika \u201cMADE IN ALBANIA\u201d Nga Alban Sejdini Prej disa vitesh qarkullon nj\u00eb histori, e v\u00ebrtet\u00eb ose barsalet\u00eb, e nj\u00eb artisti shqiptar, i cili b\u00ebri nj\u00eb udh\u00ebtim jasht\u00eb shtetit gjat\u00eb viteve t\u00eb komunizmit dhe pasi u kthye, i tha shok\u00ebve plot trishtim: \u201cVet\u00ebm tani e kuptova, se paskemi qen\u00eb martuar me burra!\u201d E atill\u00eb ishte koha [&hellip;]","og_url":"https:\/\/fjala.info\/2009-2015\/me-mire-tangat-jashte-se-arsimimin-brenda\/","og_site_name":"FjALA e LIR\u00cb - Arkivi","article_published_time":"2011-11-17T21:35:37+00:00","author":"admin","twitter_card":"summary_large_image","twitter_misc":{"Written by":"admin","Est. reading time":"6 minutes"},"schema":{"@context":"https:\/\/schema.org","@graph":[{"@type":"Article","@id":"https:\/\/fjala.info\/2009-2015\/me-mire-tangat-jashte-se-arsimimin-brenda\/#article","isPartOf":{"@id":"https:\/\/fjala.info\/2009-2015\/me-mire-tangat-jashte-se-arsimimin-brenda\/"},"author":{"name":"admin","@id":"https:\/\/fjala.info\/2009-2015\/#\/schema\/person\/3aa1163ef05469c496fc94e77611ada2"},"headline":"M\u00eb mir\u00eb tangat jasht\u00eb, se arsimimin brenda","datePublished":"2011-11-17T21:35:37+00:00","mainEntityOfPage":{"@id":"https:\/\/fjala.info\/2009-2015\/me-mire-tangat-jashte-se-arsimimin-brenda\/"},"wordCount":1239,"commentCount":0,"publisher":{"@id":"https:\/\/fjala.info\/2009-2015\/#organization"},"articleSection":["Artikuj"],"inLanguage":"sq-AL","potentialAction":[{"@type":"CommentAction","name":"Comment","target":["https:\/\/fjala.info\/2009-2015\/me-mire-tangat-jashte-se-arsimimin-brenda\/#respond"]}]},{"@type":"WebPage","@id":"https:\/\/fjala.info\/2009-2015\/me-mire-tangat-jashte-se-arsimimin-brenda\/","url":"https:\/\/fjala.info\/2009-2015\/me-mire-tangat-jashte-se-arsimimin-brenda\/","name":"M\u00eb mir\u00eb tangat jasht\u00eb, se arsimimin brenda - FjALA e LIR\u00cb - Arkivi","isPartOf":{"@id":"https:\/\/fjala.info\/2009-2015\/#website"},"datePublished":"2011-11-17T21:35:37+00:00","breadcrumb":{"@id":"https:\/\/fjala.info\/2009-2015\/me-mire-tangat-jashte-se-arsimimin-brenda\/#breadcrumb"},"inLanguage":"sq-AL","potentialAction":[{"@type":"ReadAction","target":["https:\/\/fjala.info\/2009-2015\/me-mire-tangat-jashte-se-arsimimin-brenda\/"]}]},{"@type":"BreadcrumbList","@id":"https:\/\/fjala.info\/2009-2015\/me-mire-tangat-jashte-se-arsimimin-brenda\/#breadcrumb","itemListElement":[{"@type":"ListItem","position":1,"name":"Home","item":"https:\/\/fjala.info\/2009-2015\/"},{"@type":"ListItem","position":2,"name":"M\u00eb mir\u00eb tangat jasht\u00eb, se arsimimin brenda"}]},{"@type":"WebSite","@id":"https:\/\/fjala.info\/2009-2015\/#website","url":"https:\/\/fjala.info\/2009-2015\/","name":"FjALA e LIR\u00cb - Arkivi","description":"Arkivi 2009-2015","publisher":{"@id":"https:\/\/fjala.info\/2009-2015\/#organization"},"potentialAction":[{"@type":"SearchAction","target":{"@type":"EntryPoint","urlTemplate":"https:\/\/fjala.info\/2009-2015\/?s={search_term_string}"},"query-input":{"@type":"PropertyValueSpecification","valueRequired":true,"valueName":"search_term_string"}}],"inLanguage":"sq-AL"},{"@type":"Organization","@id":"https:\/\/fjala.info\/2009-2015\/#organization","name":"FjALA e LIR\u00cb - Arkivi","url":"https:\/\/fjala.info\/2009-2015\/","logo":{"@type":"ImageObject","inLanguage":"sq-AL","@id":"https:\/\/fjala.info\/2009-2015\/#\/schema\/logo\/image\/","url":"","contentUrl":"","caption":"FjALA e LIR\u00cb - Arkivi"},"image":{"@id":"https:\/\/fjala.info\/2009-2015\/#\/schema\/logo\/image\/"}},{"@type":"Person","@id":"https:\/\/fjala.info\/2009-2015\/#\/schema\/person\/3aa1163ef05469c496fc94e77611ada2","name":"admin","image":{"@type":"ImageObject","inLanguage":"sq-AL","@id":"https:\/\/fjala.info\/2009-2015\/wp-content\/uploads\/2012\/02\/arben_cokaj-120x150.jpg","url":"https:\/\/fjala.info\/2009-2015\/wp-content\/uploads\/2012\/02\/arben_cokaj-120x150.jpg","contentUrl":"https:\/\/fjala.info\/2009-2015\/wp-content\/uploads\/2012\/02\/arben_cokaj-120x150.jpg","caption":"admin"},"description":"Admin, Fjala e Lir\u00eb","sameAs":["https:\/\/fjala.info\/"],"url":"https:\/\/fjala.info\/2009-2015\/author\/admin\/"}]}},"_links":{"self":[{"href":"https:\/\/fjala.info\/2009-2015\/wp-json\/wp\/v2\/posts\/228","targetHints":{"allow":["GET"]}}],"collection":[{"href":"https:\/\/fjala.info\/2009-2015\/wp-json\/wp\/v2\/posts"}],"about":[{"href":"https:\/\/fjala.info\/2009-2015\/wp-json\/wp\/v2\/types\/post"}],"author":[{"embeddable":true,"href":"https:\/\/fjala.info\/2009-2015\/wp-json\/wp\/v2\/users\/1"}],"replies":[{"embeddable":true,"href":"https:\/\/fjala.info\/2009-2015\/wp-json\/wp\/v2\/comments?post=228"}],"version-history":[{"count":0,"href":"https:\/\/fjala.info\/2009-2015\/wp-json\/wp\/v2\/posts\/228\/revisions"}],"wp:attachment":[{"href":"https:\/\/fjala.info\/2009-2015\/wp-json\/wp\/v2\/media?parent=228"}],"wp:term":[{"taxonomy":"category","embeddable":true,"href":"https:\/\/fjala.info\/2009-2015\/wp-json\/wp\/v2\/categories?post=228"},{"taxonomy":"post_tag","embeddable":true,"href":"https:\/\/fjala.info\/2009-2015\/wp-json\/wp\/v2\/tags?post=228"}],"curies":[{"name":"wp","href":"https:\/\/api.w.org\/{rel}","templated":true}]}}