{"id":2275,"date":"2010-04-17T22:34:04","date_gmt":"2010-04-17T21:34:04","guid":{"rendered":"http:\/\/fjala.shkoder.net\/?p=2275"},"modified":"2010-04-17T22:34:04","modified_gmt":"2010-04-17T21:34:04","slug":"kryeministri-fsheh-kerbacin-e-zgjat-kulacin","status":"publish","type":"post","link":"https:\/\/fjala.info\/2009-2015\/kryeministri-fsheh-kerbacin-e-zgjat-kulacin\/","title":{"rendered":"KRYEMINISTRI FSHEH K\u00cbRBA\u00c7IN E ZGJAT KULA\u00c7IN"},"content":{"rendered":"<p><img decoding=\"async\" style=\"margin-left: 10px; margin-right: 10px; border: 0px;\" src=\"http:\/\/www.shkoder.net\/images\/fjala\/andrea_stefani.jpg\" border=\"0\" alt=\"Andrea Stefani\" width=\"100\" align=\"left\" \/><\/p>\n<p><strong>Andrea Stefani<\/strong><\/p>\n<p>Kryeministri Sali Berisha u shfaq p\u00ebrs\u00ebri \u201ci but\u00eb\u201d, \u201ctolerant\u201d dhe i etur p\u00ebr t\u00eb bashk\u00ebpunuar me opozit\u00ebn. Gjat\u00eb nj\u00eb interviste dh\u00ebn\u00eb n\u00eb emisionin \u201cOpinion\u201d, Berisha shkoi deri aty sa kreditoi me merita t\u00eb shquara liderin e opozit\u00ebs (pik\u00ebrisht at\u00eb q\u00eb pak or\u00eb m\u00eb par\u00eb etiketohej si kreu i mafies s\u00eb nd\u00ebrtimit), duke th\u00ebn\u00eb se me Edi Ram\u00ebn kish \u201cb\u00ebr\u00eb reformat m\u00eb t\u00eb thella dhe m\u00eb t\u00eb m\u00ebdha\u201d.<\/p>\n<p>Po ashtu ai deklaroi se do t\u2019i jepte opozit\u00ebs \u201ct\u00eb drejt\u00ebn t\u00eb hartoj\u00eb \u00e7do amendament p\u00ebr zgjedhjet e ardhshme dhe un\u00eb ta votoj\u201d, se ishte i gatsh\u00ebm t\u00eb ulej n\u00eb bisedime kok\u00eb m\u00eb kok\u00eb me Ram\u00ebn edhe p\u00ebr t\u00eb zgjidhur konfliktin p\u00ebr sheshin \u201cSk\u00ebnderbej\u201d. Befas ruspat e policis\u00eb nd\u00ebrtimore apo dar\u00ebt e dh\u00ebmball\u00ebve t\u00eb korrupsionit jan\u00eb zhdukur n\u00eb prapasken\u00eb. \u00c7far\u00eb e ka b\u00ebr\u00eb befas Kryeministrin t\u00eb mbledh\u00eb \u201ckthetrat\u201d dhe t\u00eb shfaqet i but\u00eb si nj\u00eb qengj?<\/p>\n<p style=\"text-align: center;\">* * *<\/p>\n<p>Nuk \u00ebsht\u00eb e para her\u00eb q\u00eb shqiptar\u00ebt e shohin Berish\u00ebn t\u00eb ndryshoj\u00eb \u201cmarshet\u201d, duke u hedhur nga k\u00ebrc\u00ebnimi i opozit\u00ebs, te d\u00ebshira \u201ce zjarrt\u00eb\u201d p\u00ebr t\u00eb bashk\u00ebpunuar me t\u00eb. Si nj\u00eb timonier i sprovuar i politik\u00ebs, ai i b\u00ebn zakonisht t\u00eb tilla kap\u00ebrcime taktike, vet\u00ebm kur ndodhet p\u00ebrpara kthesash t\u00eb forta, ose gropash q\u00eb rrezikojn\u00eb ta g\u00eblltitin me gjith\u00eb makin\u00ebn e tij politike. Nj\u00eb e till\u00eb grop\u00eb ishte edhe ajo e tragjedis\u00eb s\u00eb G\u00ebrdecit. Prandaj dhe n\u00eb at\u00eb koh\u00eb shqiptar\u00ebt e pan\u00eb Berish\u00ebn t\u00eb vinte v\u00ebrdall\u00eb i but\u00eb, deri n\u00eb squllje, dhe mjaft \u201cmir\u00ebkuptues\u201d me opozit\u00ebn.<\/p>\n<p>Por sapo rreziku kaloi, shqiptar\u00ebt pan\u00eb p\u00ebrs\u00ebri Berish\u00ebn e v\u00ebrtet\u00eb, t\u00eb eg\u00ebr, intolerant dhe refuzues, me dar\u00ebt e \u201cantikorrupsionit\u201d n\u00eb nofullat e opozit\u00ebs dhe me etjen e pa vdir\u00eb p\u00ebr kapjen e t\u00eb gjitha pushteteve dhe institucioneve, deri edhe t\u00eb Sh\u00ebrbimit Informativ Shqiptar (SHISH). Po sot \u00e7far\u00eb e b\u00ebn Berish\u00ebn t\u00eb kaloj\u00eb nga k\u00ebrba\u00e7i dhe t\u2019i ofroj\u00eb opozit\u00ebs dhe Edi Ram\u00ebs kula\u00e7in? Dukuria rishfaqet n\u00eb nj\u00eb moment kur Kryeministri sapo ka dor\u00ebzuar p\u00ebrgjigjet voluminoze t\u00eb pyet\u00ebsorit p\u00ebr statusin e kandidatit t\u00eb Shqip\u00ebris\u00eb n\u00eb Bashkimin Europian. Berisha duhej t\u00eb ndihej m\u00eb i fort\u00eb se kurr\u00eb nga ky sukses. At\u00ebher\u00eb, p\u00ebrse shfaqet tolerant, simptom\u00eb kjo vet\u00ebm e situatave kur ai \u00ebsht\u00eb m\u00eb i dob\u00ebt?<\/p>\n<p style=\"text-align: center;\">* * *<\/p>\n<p>Kemi mendimin se gjith\u00e7ka lidhet me zhvillimet m\u00eb t\u00eb fundit dhe me ato q\u00eb Berisha d\u00ebgjoi n\u00eb Bruksel. Si nj\u00eb lojtar i vjet\u00ebr, ai e sheh se loj\u00ebs s\u00eb shahut politik t\u00eb nisur q\u00eb nga 29 qershori po i vjen fundi. Ai arriti t\u00eb gjej\u00eb nj\u00eb alibi kund\u00ebr transparenc\u00ebs s\u00eb votave te nj\u00eb vendim i Kolegjit Zgjedhor. Dhe gati e arriti q\u00ebllimin, por t\u00eb gjith\u00eb pun\u00ebn ia prishi rezistenca bojkotuese e opozit\u00ebs dhe protestat e saj masive. Ato e nd\u00ebrkomb\u00ebtarizuan nj\u00eb kriz\u00eb q\u00eb po fshihej dhe mohohej se ekzistonte.<\/p>\n<p>Berisha shfryt\u00ebzoi shum\u00eb mir\u00eb k\u00ebrkes\u00ebn e disa nd\u00ebrkomb\u00ebtar\u00ebve q\u00eb opozita t\u00eb hyj\u00eb n\u00eb Parlament dhe ta zgjidh\u00eb atje kriz\u00ebn. Por edhe opozita u kund\u00ebrp\u00ebrgjigj me men\u00e7uri, duke hyr\u00eb n\u00eb Parlament pik\u00ebrisht p\u00ebr t\u00eb zgjidhur kriz\u00ebn ve\u00e7, jo p\u00ebr t\u2019u b\u00ebr\u00eb garnitur\u00eb e nj\u00eb pushteti q\u00eb i trembet transparenc\u00ebs. Dhe tani Berisha i trembet asaj q\u00eb fshihet pas k\u00ebmb\u00ebnguljes s\u00eb komisionerit p\u00ebr Zgjerimin, Stefan Fule, p\u00ebr respektimin edhe t\u00eb Kushtetut\u00ebs, t\u00eb pavar\u00ebsis\u00eb s\u00eb gjykatave, por edhe t\u00eb parimit t\u00eb transparenc\u00ebs t\u00eb k\u00ebrkuar me ngulm nga opozita. Kjo e fundit ndodhet n\u00eb pozita m\u00eb t\u00eb favorshme se pozita, sepse \u00ebsht\u00eb n\u00eb gjendje t\u00eb ofroj\u00eb p\u00ebr zgjidhjen e kriz\u00ebs nj\u00eb aliazh q\u00eb respekton t\u00eb gjitha ezigjencat e komisionerit Fule, nj\u00eb formul\u00eb q\u00eb respekton edhe Kushtetut\u00ebn, edhe pavar\u00ebsin\u00eb e gjykatave, por edhe transparenc\u00ebn. Opozita \u00ebsht\u00eb n\u00eb gjendje t\u2019i thot\u00eb sot Berish\u00ebs:<\/p>\n<p>Nuk do q\u00eb t\u00eb hapen kutit\u00eb n\u00eb ato zona p\u00ebr t\u00eb cilat ka dh\u00ebn\u00eb vendim q\u00eb t\u00eb mos hapen Kolegji Zgjedhor? At\u00ebher\u00eb le t\u2019i hapim kutit\u00eb n\u00eb disa zona t\u00eb tjera. Dhe Berisha e t\u00eb tijt\u00eb, mund t\u00eb g\u00ebnjejn\u00eb nj\u00eb pjes\u00eb t\u00eb opinionit, duke pretenduar se vendimi i Kolegjit Zgjedhor p\u00ebr moshapjen e kutive n\u00eb tre zona \u00ebsht\u00eb i vlefsh\u00ebm p\u00ebr t\u00eb gjitha zonat. Por nj\u00eb vulgaritet i till\u00eb v\u00ebshtir\u00eb \u201ct\u00eb pij\u00eb uj\u00eb\u201d n\u00eb ballafaqimin me nj\u00eb d\u00ebrgat\u00eb tjet\u00ebr nga Europa, q\u00eb duket se nuk do t\u00eb vonoj\u00eb t\u00eb mb\u00ebrrij\u00eb p\u00ebr t\u2019i dh\u00ebn\u00eb \u201cdum\u201d kriz\u00ebs s\u00eb st\u00ebrgjat\u00eb politike. Berisha duket e ndjen se po vjen momenti q\u00eb edhe t\u00eb d\u00ebrguarit e Europ\u00ebs do t\u2019i thon\u00eb: Le t\u00eb respektojm\u00eb Kushtetut\u00ebn, vendimin e Kolegjit Zgjedhor, por edhe transparenc\u00ebn, ndaj le t\u00eb hapim kutit\u00eb n\u00eb disa zona t\u00eb tjera.<\/p>\n<p>Dhe Kryeministri do ta kishte t\u00eb v\u00ebshtir\u00eb t\u00eb argumentonte t\u00eb kund\u00ebrt\u00ebn, pa ngjallur dyshime edhe m\u00eb t\u00eb forta p\u00ebr legjitimitetin e pushtetit q\u00eb drejton, si dhe p\u00ebr sinqeritetin e \u201crespektit\u201d q\u00eb shfaq ndaj pavar\u00ebsis\u00eb s\u00eb pushtetit t\u00eb drejt\u00ebsis\u00eb. Sepse ai q\u00eb respekton drejt\u00ebsin\u00eb, \u00ebsht\u00eb edhe me t\u00eb v\u00ebrtet\u00ebn, q\u00eb \u00ebsht\u00eb themel i drejt\u00ebsis\u00eb. Dhe kush \u00ebsht\u00eb me t\u00eb v\u00ebrtet\u00ebn, nuk mund t\u00eb jet\u00eb kurr\u00eb kund\u00ebr transparenc\u00ebs q\u00eb \u00ebsht\u00eb thelb\u00ebsore n\u00eb daljen e s\u00eb v\u00ebrtet\u00ebs. N\u00eb thelb, duke kund\u00ebrshtuar transparenc\u00ebn n\u00eb respekt t\u00eb s\u00eb drejt\u00ebs, Berisha po del kund\u00ebr s\u00eb drejt\u00ebs. Kryeministri e ndjen se po zhytet n\u00eb nj\u00eb rreth vicioz, nga ai cili mund t\u00eb dal\u00eb ose duke lejuar transparenc\u00ebn e votave dhe rrezikuar t\u00eb diskreditohet, ose duke kaluar n\u00eb zgjedhje t\u00eb parakohshme. N\u00eb momentin e tanish\u00ebm ai nuk do as nj\u00ebr\u00ebn dhe as tjetr\u00ebn.<\/p>\n<p>Prandaj shfaqet i but\u00eb me opozit\u00ebn, prandaj i ofron Ram\u00ebs t\u00eb ulen e t\u00eb b\u00ebjn\u00eb \u201cpazar\u201d p\u00ebr sheshin \u201cSk\u00ebnderbej\u201d, prandaj edhe e komplimenton ende pa u shuar jehona e sharjeve p\u00ebr t\u00eb, prandaj i ofron opozit\u00ebs q\u00eb ta b\u00ebj\u00eb \u201csi t\u00eb doj\u00eb\u201d reform\u00ebn zgjedhore. T\u00eb gjitha jan\u00eb l\u00ebshime t\u00eb p\u00ebrkohshme, kosto t\u00eb vogla, q\u00eb Berisha di si t\u2019i ndreq\u00eb m\u00eb von\u00eb. Por puna \u00ebsht\u00eb si t\u00eb joshet opozita dhe t\u00eb largohet nga ajo q\u00eb e rrezikon seriozisht qeverin\u00eb, si t\u00eb mashtrohet q\u00eb t\u00eb braktis\u00eb aksionin e saj t\u00eb vendosur p\u00ebr transparenc\u00ebn e zgjedhjeve. Dhe n\u00eb momentin kur ose t\u00eb ket\u00eb d\u00ebshtuar, ose t\u00eb ket\u00eb arritur q\u00ebllimet e tij, shqiptar\u00ebt do t\u00eb shohin p\u00ebrs\u00ebri, si shum\u00eb her\u00eb t\u00eb tjera n\u00eb k\u00ebto 20 vjet, fytyr\u00ebn e v\u00ebrtet\u00eb t\u00eb Berish\u00ebs.<\/p>\n","protected":false},"excerpt":{"rendered":"<p>Andrea Stefani Kryeministri Sali Berisha u shfaq p\u00ebrs\u00ebri \u201ci but\u00eb\u201d, \u201ctolerant\u201d dhe i etur p\u00ebr t\u00eb bashk\u00ebpunuar me opozit\u00ebn. Gjat\u00eb nj\u00eb interviste dh\u00ebn\u00eb n\u00eb emisionin \u201cOpinion\u201d, Berisha shkoi deri aty sa kreditoi me merita t\u00eb shquara liderin e opozit\u00ebs (pik\u00ebrisht at\u00eb q\u00eb pak or\u00eb m\u00eb par\u00eb etiketohej si kreu i mafies s\u00eb nd\u00ebrtimit), duke th\u00ebn\u00eb [&hellip;]<\/p>\n","protected":false},"author":1,"featured_media":0,"comment_status":"open","ping_status":"closed","sticky":false,"template":"","format":"standard","meta":{"footnotes":""},"categories":[2],"tags":[],"class_list":{"0":"post-2275","1":"post","2":"type-post","3":"status-publish","4":"format-standard","6":"category-artikuj"},"yoast_head":"<!-- This site is optimized with the Yoast SEO plugin v27.4 - https:\/\/yoast.com\/product\/yoast-seo-wordpress\/ -->\n<title>KRYEMINISTRI FSHEH K\u00cbRBA\u00c7IN E ZGJAT KULA\u00c7IN - FjALA e LIR\u00cb - Arkivi<\/title>\n<meta name=\"robots\" content=\"index, follow, max-snippet:-1, max-image-preview:large, max-video-preview:-1\" \/>\n<link rel=\"canonical\" href=\"https:\/\/fjala.info\/2009-2015\/kryeministri-fsheh-kerbacin-e-zgjat-kulacin\/\" \/>\n<meta property=\"og:locale\" content=\"sq_AL\" \/>\n<meta property=\"og:type\" content=\"article\" \/>\n<meta property=\"og:title\" content=\"KRYEMINISTRI FSHEH K\u00cbRBA\u00c7IN E ZGJAT KULA\u00c7IN - FjALA e LIR\u00cb - Arkivi\" \/>\n<meta property=\"og:description\" content=\"Andrea Stefani Kryeministri Sali Berisha u shfaq p\u00ebrs\u00ebri \u201ci but\u00eb\u201d, \u201ctolerant\u201d dhe i etur p\u00ebr t\u00eb bashk\u00ebpunuar me opozit\u00ebn. Gjat\u00eb nj\u00eb interviste dh\u00ebn\u00eb n\u00eb emisionin \u201cOpinion\u201d, Berisha shkoi deri aty sa kreditoi me merita t\u00eb shquara liderin e opozit\u00ebs (pik\u00ebrisht at\u00eb q\u00eb pak or\u00eb m\u00eb par\u00eb etiketohej si kreu i mafies s\u00eb nd\u00ebrtimit), duke th\u00ebn\u00eb [&hellip;]\" \/>\n<meta property=\"og:url\" content=\"https:\/\/fjala.info\/2009-2015\/kryeministri-fsheh-kerbacin-e-zgjat-kulacin\/\" \/>\n<meta property=\"og:site_name\" content=\"FjALA e LIR\u00cb - Arkivi\" \/>\n<meta property=\"article:published_time\" content=\"2010-04-17T21:34:04+00:00\" \/>\n<meta property=\"og:image\" content=\"http:\/\/www.shkoder.net\/images\/fjala\/andrea_stefani.jpg\" \/>\n<meta name=\"author\" content=\"admin\" \/>\n<meta name=\"twitter:card\" content=\"summary_large_image\" \/>\n<meta name=\"twitter:label1\" content=\"Written by\" \/>\n\t<meta name=\"twitter:data1\" content=\"admin\" \/>\n\t<meta name=\"twitter:label2\" content=\"Est. reading time\" \/>\n\t<meta name=\"twitter:data2\" content=\"6 minutes\" \/>\n<script type=\"application\/ld+json\" class=\"yoast-schema-graph\">{\"@context\":\"https:\\\/\\\/schema.org\",\"@graph\":[{\"@type\":\"Article\",\"@id\":\"https:\\\/\\\/fjala.info\\\/2009-2015\\\/kryeministri-fsheh-kerbacin-e-zgjat-kulacin\\\/#article\",\"isPartOf\":{\"@id\":\"https:\\\/\\\/fjala.info\\\/2009-2015\\\/kryeministri-fsheh-kerbacin-e-zgjat-kulacin\\\/\"},\"author\":{\"name\":\"admin\",\"@id\":\"https:\\\/\\\/fjala.info\\\/2009-2015\\\/#\\\/schema\\\/person\\\/3aa1163ef05469c496fc94e77611ada2\"},\"headline\":\"KRYEMINISTRI FSHEH K\u00cbRBA\u00c7IN E ZGJAT KULA\u00c7IN\",\"datePublished\":\"2010-04-17T21:34:04+00:00\",\"mainEntityOfPage\":{\"@id\":\"https:\\\/\\\/fjala.info\\\/2009-2015\\\/kryeministri-fsheh-kerbacin-e-zgjat-kulacin\\\/\"},\"wordCount\":1175,\"commentCount\":0,\"publisher\":{\"@id\":\"https:\\\/\\\/fjala.info\\\/2009-2015\\\/#organization\"},\"image\":{\"@id\":\"https:\\\/\\\/fjala.info\\\/2009-2015\\\/kryeministri-fsheh-kerbacin-e-zgjat-kulacin\\\/#primaryimage\"},\"thumbnailUrl\":\"http:\\\/\\\/www.shkoder.net\\\/images\\\/fjala\\\/andrea_stefani.jpg\",\"articleSection\":[\"Artikuj\"],\"inLanguage\":\"sq-AL\",\"potentialAction\":[{\"@type\":\"CommentAction\",\"name\":\"Comment\",\"target\":[\"https:\\\/\\\/fjala.info\\\/2009-2015\\\/kryeministri-fsheh-kerbacin-e-zgjat-kulacin\\\/#respond\"]}]},{\"@type\":\"WebPage\",\"@id\":\"https:\\\/\\\/fjala.info\\\/2009-2015\\\/kryeministri-fsheh-kerbacin-e-zgjat-kulacin\\\/\",\"url\":\"https:\\\/\\\/fjala.info\\\/2009-2015\\\/kryeministri-fsheh-kerbacin-e-zgjat-kulacin\\\/\",\"name\":\"KRYEMINISTRI FSHEH K\u00cbRBA\u00c7IN E ZGJAT KULA\u00c7IN - FjALA e LIR\u00cb - Arkivi\",\"isPartOf\":{\"@id\":\"https:\\\/\\\/fjala.info\\\/2009-2015\\\/#website\"},\"primaryImageOfPage\":{\"@id\":\"https:\\\/\\\/fjala.info\\\/2009-2015\\\/kryeministri-fsheh-kerbacin-e-zgjat-kulacin\\\/#primaryimage\"},\"image\":{\"@id\":\"https:\\\/\\\/fjala.info\\\/2009-2015\\\/kryeministri-fsheh-kerbacin-e-zgjat-kulacin\\\/#primaryimage\"},\"thumbnailUrl\":\"http:\\\/\\\/www.shkoder.net\\\/images\\\/fjala\\\/andrea_stefani.jpg\",\"datePublished\":\"2010-04-17T21:34:04+00:00\",\"breadcrumb\":{\"@id\":\"https:\\\/\\\/fjala.info\\\/2009-2015\\\/kryeministri-fsheh-kerbacin-e-zgjat-kulacin\\\/#breadcrumb\"},\"inLanguage\":\"sq-AL\",\"potentialAction\":[{\"@type\":\"ReadAction\",\"target\":[\"https:\\\/\\\/fjala.info\\\/2009-2015\\\/kryeministri-fsheh-kerbacin-e-zgjat-kulacin\\\/\"]}]},{\"@type\":\"ImageObject\",\"inLanguage\":\"sq-AL\",\"@id\":\"https:\\\/\\\/fjala.info\\\/2009-2015\\\/kryeministri-fsheh-kerbacin-e-zgjat-kulacin\\\/#primaryimage\",\"url\":\"http:\\\/\\\/www.shkoder.net\\\/images\\\/fjala\\\/andrea_stefani.jpg\",\"contentUrl\":\"http:\\\/\\\/www.shkoder.net\\\/images\\\/fjala\\\/andrea_stefani.jpg\"},{\"@type\":\"BreadcrumbList\",\"@id\":\"https:\\\/\\\/fjala.info\\\/2009-2015\\\/kryeministri-fsheh-kerbacin-e-zgjat-kulacin\\\/#breadcrumb\",\"itemListElement\":[{\"@type\":\"ListItem\",\"position\":1,\"name\":\"Home\",\"item\":\"https:\\\/\\\/fjala.info\\\/2009-2015\\\/\"},{\"@type\":\"ListItem\",\"position\":2,\"name\":\"KRYEMINISTRI FSHEH K\u00cbRBA\u00c7IN E ZGJAT KULA\u00c7IN\"}]},{\"@type\":\"WebSite\",\"@id\":\"https:\\\/\\\/fjala.info\\\/2009-2015\\\/#website\",\"url\":\"https:\\\/\\\/fjala.info\\\/2009-2015\\\/\",\"name\":\"FjALA e LIR\u00cb - Arkivi\",\"description\":\"Arkivi 2009-2015\",\"publisher\":{\"@id\":\"https:\\\/\\\/fjala.info\\\/2009-2015\\\/#organization\"},\"potentialAction\":[{\"@type\":\"SearchAction\",\"target\":{\"@type\":\"EntryPoint\",\"urlTemplate\":\"https:\\\/\\\/fjala.info\\\/2009-2015\\\/?s={search_term_string}\"},\"query-input\":{\"@type\":\"PropertyValueSpecification\",\"valueRequired\":true,\"valueName\":\"search_term_string\"}}],\"inLanguage\":\"sq-AL\"},{\"@type\":\"Organization\",\"@id\":\"https:\\\/\\\/fjala.info\\\/2009-2015\\\/#organization\",\"name\":\"FjALA e LIR\u00cb - Arkivi\",\"url\":\"https:\\\/\\\/fjala.info\\\/2009-2015\\\/\",\"logo\":{\"@type\":\"ImageObject\",\"inLanguage\":\"sq-AL\",\"@id\":\"https:\\\/\\\/fjala.info\\\/2009-2015\\\/#\\\/schema\\\/logo\\\/image\\\/\",\"url\":\"\",\"contentUrl\":\"\",\"caption\":\"FjALA e LIR\u00cb - Arkivi\"},\"image\":{\"@id\":\"https:\\\/\\\/fjala.info\\\/2009-2015\\\/#\\\/schema\\\/logo\\\/image\\\/\"}},{\"@type\":\"Person\",\"@id\":\"https:\\\/\\\/fjala.info\\\/2009-2015\\\/#\\\/schema\\\/person\\\/3aa1163ef05469c496fc94e77611ada2\",\"name\":\"admin\",\"image\":{\"@type\":\"ImageObject\",\"inLanguage\":\"sq-AL\",\"@id\":\"https:\\\/\\\/fjala.info\\\/2009-2015\\\/wp-content\\\/uploads\\\/2012\\\/02\\\/arben_cokaj-120x150.jpg\",\"url\":\"https:\\\/\\\/fjala.info\\\/2009-2015\\\/wp-content\\\/uploads\\\/2012\\\/02\\\/arben_cokaj-120x150.jpg\",\"contentUrl\":\"https:\\\/\\\/fjala.info\\\/2009-2015\\\/wp-content\\\/uploads\\\/2012\\\/02\\\/arben_cokaj-120x150.jpg\",\"caption\":\"admin\"},\"description\":\"Admin, Fjala e Lir\u00eb\",\"sameAs\":[\"https:\\\/\\\/fjala.info\\\/\"],\"url\":\"https:\\\/\\\/fjala.info\\\/2009-2015\\\/author\\\/admin\\\/\"}]}<\/script>\n<!-- \/ Yoast SEO plugin. -->","yoast_head_json":{"title":"KRYEMINISTRI FSHEH K\u00cbRBA\u00c7IN E ZGJAT KULA\u00c7IN - FjALA e LIR\u00cb - Arkivi","robots":{"index":"index","follow":"follow","max-snippet":"max-snippet:-1","max-image-preview":"max-image-preview:large","max-video-preview":"max-video-preview:-1"},"canonical":"https:\/\/fjala.info\/2009-2015\/kryeministri-fsheh-kerbacin-e-zgjat-kulacin\/","og_locale":"sq_AL","og_type":"article","og_title":"KRYEMINISTRI FSHEH K\u00cbRBA\u00c7IN E ZGJAT KULA\u00c7IN - FjALA e LIR\u00cb - Arkivi","og_description":"Andrea Stefani Kryeministri Sali Berisha u shfaq p\u00ebrs\u00ebri \u201ci but\u00eb\u201d, \u201ctolerant\u201d dhe i etur p\u00ebr t\u00eb bashk\u00ebpunuar me opozit\u00ebn. Gjat\u00eb nj\u00eb interviste dh\u00ebn\u00eb n\u00eb emisionin \u201cOpinion\u201d, Berisha shkoi deri aty sa kreditoi me merita t\u00eb shquara liderin e opozit\u00ebs (pik\u00ebrisht at\u00eb q\u00eb pak or\u00eb m\u00eb par\u00eb etiketohej si kreu i mafies s\u00eb nd\u00ebrtimit), duke th\u00ebn\u00eb [&hellip;]","og_url":"https:\/\/fjala.info\/2009-2015\/kryeministri-fsheh-kerbacin-e-zgjat-kulacin\/","og_site_name":"FjALA e LIR\u00cb - Arkivi","article_published_time":"2010-04-17T21:34:04+00:00","og_image":[{"url":"http:\/\/www.shkoder.net\/images\/fjala\/andrea_stefani.jpg","type":"","width":"","height":""}],"author":"admin","twitter_card":"summary_large_image","twitter_misc":{"Written by":"admin","Est. reading time":"6 minutes"},"schema":{"@context":"https:\/\/schema.org","@graph":[{"@type":"Article","@id":"https:\/\/fjala.info\/2009-2015\/kryeministri-fsheh-kerbacin-e-zgjat-kulacin\/#article","isPartOf":{"@id":"https:\/\/fjala.info\/2009-2015\/kryeministri-fsheh-kerbacin-e-zgjat-kulacin\/"},"author":{"name":"admin","@id":"https:\/\/fjala.info\/2009-2015\/#\/schema\/person\/3aa1163ef05469c496fc94e77611ada2"},"headline":"KRYEMINISTRI FSHEH K\u00cbRBA\u00c7IN E ZGJAT KULA\u00c7IN","datePublished":"2010-04-17T21:34:04+00:00","mainEntityOfPage":{"@id":"https:\/\/fjala.info\/2009-2015\/kryeministri-fsheh-kerbacin-e-zgjat-kulacin\/"},"wordCount":1175,"commentCount":0,"publisher":{"@id":"https:\/\/fjala.info\/2009-2015\/#organization"},"image":{"@id":"https:\/\/fjala.info\/2009-2015\/kryeministri-fsheh-kerbacin-e-zgjat-kulacin\/#primaryimage"},"thumbnailUrl":"http:\/\/www.shkoder.net\/images\/fjala\/andrea_stefani.jpg","articleSection":["Artikuj"],"inLanguage":"sq-AL","potentialAction":[{"@type":"CommentAction","name":"Comment","target":["https:\/\/fjala.info\/2009-2015\/kryeministri-fsheh-kerbacin-e-zgjat-kulacin\/#respond"]}]},{"@type":"WebPage","@id":"https:\/\/fjala.info\/2009-2015\/kryeministri-fsheh-kerbacin-e-zgjat-kulacin\/","url":"https:\/\/fjala.info\/2009-2015\/kryeministri-fsheh-kerbacin-e-zgjat-kulacin\/","name":"KRYEMINISTRI FSHEH K\u00cbRBA\u00c7IN E ZGJAT KULA\u00c7IN - FjALA e LIR\u00cb - Arkivi","isPartOf":{"@id":"https:\/\/fjala.info\/2009-2015\/#website"},"primaryImageOfPage":{"@id":"https:\/\/fjala.info\/2009-2015\/kryeministri-fsheh-kerbacin-e-zgjat-kulacin\/#primaryimage"},"image":{"@id":"https:\/\/fjala.info\/2009-2015\/kryeministri-fsheh-kerbacin-e-zgjat-kulacin\/#primaryimage"},"thumbnailUrl":"http:\/\/www.shkoder.net\/images\/fjala\/andrea_stefani.jpg","datePublished":"2010-04-17T21:34:04+00:00","breadcrumb":{"@id":"https:\/\/fjala.info\/2009-2015\/kryeministri-fsheh-kerbacin-e-zgjat-kulacin\/#breadcrumb"},"inLanguage":"sq-AL","potentialAction":[{"@type":"ReadAction","target":["https:\/\/fjala.info\/2009-2015\/kryeministri-fsheh-kerbacin-e-zgjat-kulacin\/"]}]},{"@type":"ImageObject","inLanguage":"sq-AL","@id":"https:\/\/fjala.info\/2009-2015\/kryeministri-fsheh-kerbacin-e-zgjat-kulacin\/#primaryimage","url":"http:\/\/www.shkoder.net\/images\/fjala\/andrea_stefani.jpg","contentUrl":"http:\/\/www.shkoder.net\/images\/fjala\/andrea_stefani.jpg"},{"@type":"BreadcrumbList","@id":"https:\/\/fjala.info\/2009-2015\/kryeministri-fsheh-kerbacin-e-zgjat-kulacin\/#breadcrumb","itemListElement":[{"@type":"ListItem","position":1,"name":"Home","item":"https:\/\/fjala.info\/2009-2015\/"},{"@type":"ListItem","position":2,"name":"KRYEMINISTRI FSHEH K\u00cbRBA\u00c7IN E ZGJAT KULA\u00c7IN"}]},{"@type":"WebSite","@id":"https:\/\/fjala.info\/2009-2015\/#website","url":"https:\/\/fjala.info\/2009-2015\/","name":"FjALA e LIR\u00cb - Arkivi","description":"Arkivi 2009-2015","publisher":{"@id":"https:\/\/fjala.info\/2009-2015\/#organization"},"potentialAction":[{"@type":"SearchAction","target":{"@type":"EntryPoint","urlTemplate":"https:\/\/fjala.info\/2009-2015\/?s={search_term_string}"},"query-input":{"@type":"PropertyValueSpecification","valueRequired":true,"valueName":"search_term_string"}}],"inLanguage":"sq-AL"},{"@type":"Organization","@id":"https:\/\/fjala.info\/2009-2015\/#organization","name":"FjALA e LIR\u00cb - Arkivi","url":"https:\/\/fjala.info\/2009-2015\/","logo":{"@type":"ImageObject","inLanguage":"sq-AL","@id":"https:\/\/fjala.info\/2009-2015\/#\/schema\/logo\/image\/","url":"","contentUrl":"","caption":"FjALA e LIR\u00cb - Arkivi"},"image":{"@id":"https:\/\/fjala.info\/2009-2015\/#\/schema\/logo\/image\/"}},{"@type":"Person","@id":"https:\/\/fjala.info\/2009-2015\/#\/schema\/person\/3aa1163ef05469c496fc94e77611ada2","name":"admin","image":{"@type":"ImageObject","inLanguage":"sq-AL","@id":"https:\/\/fjala.info\/2009-2015\/wp-content\/uploads\/2012\/02\/arben_cokaj-120x150.jpg","url":"https:\/\/fjala.info\/2009-2015\/wp-content\/uploads\/2012\/02\/arben_cokaj-120x150.jpg","contentUrl":"https:\/\/fjala.info\/2009-2015\/wp-content\/uploads\/2012\/02\/arben_cokaj-120x150.jpg","caption":"admin"},"description":"Admin, Fjala e Lir\u00eb","sameAs":["https:\/\/fjala.info\/"],"url":"https:\/\/fjala.info\/2009-2015\/author\/admin\/"}]}},"_links":{"self":[{"href":"https:\/\/fjala.info\/2009-2015\/wp-json\/wp\/v2\/posts\/2275","targetHints":{"allow":["GET"]}}],"collection":[{"href":"https:\/\/fjala.info\/2009-2015\/wp-json\/wp\/v2\/posts"}],"about":[{"href":"https:\/\/fjala.info\/2009-2015\/wp-json\/wp\/v2\/types\/post"}],"author":[{"embeddable":true,"href":"https:\/\/fjala.info\/2009-2015\/wp-json\/wp\/v2\/users\/1"}],"replies":[{"embeddable":true,"href":"https:\/\/fjala.info\/2009-2015\/wp-json\/wp\/v2\/comments?post=2275"}],"version-history":[{"count":0,"href":"https:\/\/fjala.info\/2009-2015\/wp-json\/wp\/v2\/posts\/2275\/revisions"}],"wp:attachment":[{"href":"https:\/\/fjala.info\/2009-2015\/wp-json\/wp\/v2\/media?parent=2275"}],"wp:term":[{"taxonomy":"category","embeddable":true,"href":"https:\/\/fjala.info\/2009-2015\/wp-json\/wp\/v2\/categories?post=2275"},{"taxonomy":"post_tag","embeddable":true,"href":"https:\/\/fjala.info\/2009-2015\/wp-json\/wp\/v2\/tags?post=2275"}],"curies":[{"name":"wp","href":"https:\/\/api.w.org\/{rel}","templated":true}]}}