{"id":2268,"date":"2010-04-17T09:47:57","date_gmt":"2010-04-17T08:47:57","guid":{"rendered":"http:\/\/fjala.shkoder.net\/?p=2268"},"modified":"2010-04-17T09:47:57","modified_gmt":"2010-04-17T08:47:57","slug":"kosova-nuk-eshte-djepi-i-serbise-por-i-shqiperise-dhe-i-shqiptareve","status":"publish","type":"post","link":"https:\/\/fjala.info\/2009-2015\/kosova-nuk-eshte-djepi-i-serbise-por-i-shqiperise-dhe-i-shqiptareve\/","title":{"rendered":"Kosova nuk \u00ebsht\u00eb djepi i Serbis\u00eb, por i Shqip\u00ebris\u00eb dhe i shqiptar\u00ebve!"},"content":{"rendered":"<p><img decoding=\"async\" style=\"margin-left: 10px; margin-right: 10px; border: 0px;\" src=\"http:\/\/www.shkoder.net\/images\/fjala\/2010\/harta_etnike.jpg\" border=\"0\" alt=\"Mero Baze\" width=\"300\" align=\"right\" \/><\/p>\n<p>&#8212; nga <strong>Prof. Dr. Mehdi Hyseni<\/strong>, <em>16 Prill 2010 <\/em><\/p>\n<p>\u00cbsht\u00eb n\u00eb interes t\u00eb Vatikanit, t\u00eb ndjek\u00eb shembullin e Shteteve t\u00eb Bashkuara t\u00eb Amerik\u00ebs dhe t\u00eb Europ\u00ebs Per\u00ebndimore n\u00eb Kosov\u00eb, pa asnj\u00eb keqardhje dhe pa asnj\u00eb dhimbje ndaj Beogradit (Piemontit sllav t\u00eb Ballkanit) dhe ndaj Kish\u00ebs Ortodokse Serbe-destabilizuesit shekullor t\u00eb Ballkanit. Derisa serbom\u00ebdhenjt\u00eb e akuzojn\u00eb Vatikanin se \u201cPapa je krivza sve\u201d!!! \u2013 At\u00ebher\u00eb nuk di pse Kardinali i Kish\u00ebs Katolike Romake, Valter Kasper dhe Vatikani, t\u00eb ken\u00eb aq dhimbje t\u00eb madhe dhe konsiderata t\u00eb jasht\u00ebzakonshme ndaj Kish\u00ebs Ortodokse Serbe, kur \u00ebsht\u00eb fjala p\u00ebr Kosov\u00ebn shqiptare?!<\/p>\n<p>-Nuk di se n\u00eb cil\u00ebn hart\u00eb t\u00eb Serbis\u00eb e ka gjetur Kosov\u00ebn ilire-shqiptare, Kardinali i nderuar Valter Kasper, kur dihet se Kosova nuk \u00ebsht\u00eb \u201cdjep\u201d, as \u201cplag\u00eb\u201d, as dhembje, e as \u201cqend\u00ebr\u201d serbe, por ishte vet\u00ebm nj\u00eb koloni shekullore e Serbis\u00eb s\u00eb Madhe n\u00eb zem\u00ebr t\u00eb Evrop\u00ebs, si n\u00eb historin\u00eb e saj t\u00eb mesjet\u00ebs, ashtu edhe n\u00eb historin\u00eb e saj m\u00eb t\u00eb re (1878-1999).<\/p>\n<p>Serbia dhe serbom\u00ebdhenjt\u00eb kolonialist\u00eb \u201cvajtojn\u00eb\u201d p\u00ebr Kosov\u00ebn, jo p\u00ebr sakralet dhe p\u00ebr reliktet e tyre kishtare, por p\u00ebr minier\u00ebn \u201cTrep\u00e7a\u201d, e cila disponon me rezerva t\u00eb m\u00ebdha dhe t\u00eb pashterura t\u00eb arit, t\u00eb argjendit, t\u00eb zinkut, t\u00eb plumbit etj. Ky ishte \u201cManastiri m\u00eb i madh i ortodoksis\u00eb serbe\u201d ( jo De\u00e7ani, Peja , Gra\u00e7anica dhe Gazimestani) n\u00eb saj\u00eb t\u00eb t\u00eb cilit u nd\u00ebrtua, u pasurua dhe u modernizua Jugosllavia-Serbia e Madhe (1912-1999).<\/p>\n<p style=\"text-align: center;\">***<\/p>\n<p>Sipas s\u00eb drejt\u00ebs nd\u00ebrkomb\u00ebtare, njohja e nj\u00eb shteti nga nj\u00eb shtet tjet\u00ebr \u00ebsht\u00eb akt i vullnetsh\u00ebm, q\u00eb askush nuk ka t\u00eb drejt\u00eb t\u2019ia imponoj\u00eb asnj\u00eb shteti, n\u00eb asnj\u00eb form\u00eb, pavar\u00ebsisht nga prirja dhe dobia reciproke e interesave bilaterale ose multilaterale. Ky parim juridik nd\u00ebrkomb\u00ebtar vlen edhe p\u00ebr Vatikanin si subjekt i s\u00eb drejt\u00ebs nd\u00ebrkomb\u00ebtare.<\/p>\n<p>Nuk \u00ebsht\u00eb \u00e7\u00ebshtje e shqiptar\u00ebve, pse Vatikani deri tani nuk e ka njohur Republik\u00ebn e Kosov\u00ebs. Ne nuk kemi asnj\u00eb t\u00eb drejt\u00eb t\u00eb p\u00ebrzihemi dhe t\u00eb spekulojm\u00eb me teza t\u00eb ndryshme, pavar\u00ebsisht nga d\u00ebshira dhe interesat tona ngase jemi t\u00eb vet\u00ebdijsh\u00ebm se akti i mosnjohjes s\u00eb Kosov\u00ebs nga Vatikani, \u00ebsht\u00eb vet\u00ebm \u00e7\u00ebshtje e qarqeve zyrtare t\u00eb Vatikanit. Ata e din\u00eb m\u00eb s\u00eb miri, kur t\u00eb vler\u00ebsojn\u00eb si oportune ta njohin Kosov\u00ebn, njohja e s\u00eb cil\u00ebs do t\u00eb ishte me r\u00ebnd\u00ebsi dhe me interes t\u00eb shum\u00ebfisht\u00eb dhe t\u00eb posa\u00e7\u00ebm t\u00eb p\u00ebr vet\u00eb Vatikanin dhe Europ\u00ebn Per\u00ebndimore.<\/p>\n<p>Mir\u00ebpo ne e kemi p\u00ebr detyr\u00eb dhe t\u00eb drejt\u00eb q\u00eb t\u00eb reagojm\u00eb ndaj deklarat\u00ebs s\u00eb paq\u00ebndrueshme t\u00eb Valter Kasperit (an\u00ebtar i K\u00ebshillit t\u00eb Pap\u00ebs s\u00eb Kish\u00ebs Katolike Romake), kur thot\u00eb se \u201cKosova \u00ebsht\u00eb plag\u00eb dhe dhimbje e r\u00ebnd\u00eb p\u00ebr Kish\u00ebn Ortodokse Serbe, dhe se \u00ebsht\u00eb djepi dhe qendra e ortodoksis\u00eb serbe\u201d.<\/p>\n<p>Nga ky konstatim i kardinalit Valter Kasper, shihet nga \u201caeroplani\u201d se ai nuk e njeh historin\u00eb e Kosov\u00ebs, (edhe pse me keqardhje ka parasysh \u201cplag\u00ebn dhe dhimbjen e r\u00ebnd\u00eb t\u00eb saj ndaj KOS-it) ndryshe nuk do t\u00eb konkludonte se \u201cKosova \u00ebsht\u00eb djepi dhe qendra e ortodoksis\u00eb serbe\u201d. \u00c7udi, nga e ka nxjerr\u00eb k\u00ebt\u00eb p\u00ebrfundim proserb?!<\/p>\n<p>Pse z. kardinal Valter Kasperit t\u2019i vij\u00eb keq ndaj KOS-it, i cili historikisht n\u00eb shekuj ka qen\u00eb gjeneratori kryesor (ka luajtur rolin e shtetit dhe t\u00eb kish\u00ebs-kakofonis\u00eb dhe simfonis\u00eb serbomadhe) i t\u00eb gjitha krizave, t\u00ebrmeteve, konflikteve dhe t\u00eb luft\u00ebrave t\u00eb p\u00ebrgjakshme t\u00eb shkaktuara n\u00eb Gadishullin Ballkanik. K\u00ebt\u00eb s\u00eb fundi e provuan edhe tri luft\u00ebrat agresive dhe gjenocidale t\u00eb Serbis\u00eb kund\u00ebr Kroacis\u00eb, kund\u00ebr Bosnj\u00ebs dhe kund\u00ebr Kosov\u00ebs (1989-1999).<\/p>\n<p>Fundja, nuk ka pse t\u2019i vij\u00eb keq aspak Vatikanit, as ndaj shtetit e as ndaj kish\u00ebs serbe, se k\u00ebta jan\u00eb fajtor\u00ebt kryesor\u00eb pse Kroacin\u00eb, Bosnj\u00ebn dhe Kosov\u00ebn e shnd\u00ebrruan n\u00eb lumenj gjaku dhe n\u00eb qindra e mij\u00ebra viktima dhe varreza masive!<\/p>\n<p>Nuk duhet t\u00eb skuqemi, as t\u00eb kapitullojm\u00eb para s\u00eb Keqes Univeresale &#8211; fashizmit gjenocid t\u00eb Ballkanit, as t\u00eb Europ\u00ebs, as sot e as n\u00eb nes\u00ebr! Si p\u00ebrpara Zotit t\u00eb gjith\u00ebpushtetsh\u00ebm, ashtu edhe para ligjeve p\u00ebrkat\u00ebse europiane dhe t\u00eb bashk\u00ebsis\u00eb nd\u00ebrkomb\u00ebtare, jemi t\u00eb obliguar q\u00eb t\u00eb v\u00ebrtet\u00ebn universale &#8211; t\u00eb mir\u00ebn e njer\u00ebzimit ta pohojm\u00eb, ta p\u00ebrqafojm\u00eb dhe ta mbrojm\u00eb, kudo t\u00eb ndodhemi, kurse t\u00eb keqen, ta d\u00ebnojm\u00eb sikurse Tribunali Nd\u00ebrkomb\u00ebtar i Nurnbergut (1945-1949) dhe Tribunali Nd\u00ebrkomb\u00ebtar i Hag\u00ebs (1993)!<\/p>\n<p>Ndaj n\u00eb k\u00ebt\u00eb kontekst, nuk thot\u00eb Zoti, as nuk \u00ebsht\u00eb humane, as njer\u00ebzore, as ligjore, as demokratike, q\u00eb t\u00eb ndjeheni keq (jo vet\u00ebm Vatikani, por askush n\u00eb bot\u00eb) ndaj atyre kriminel\u00ebve \u00e7etniko-fashist\u00eb serb\u00eb, q\u00eb kan\u00eb b\u00ebr\u00eb krime gjenocidi, duke shkaktuar me qindra dhe me mij\u00ebra viktima n\u00eb njer\u00ebz t\u00eb pafajsh\u00ebm (foshnja, f\u00ebmij\u00eb gra, n\u00ebna shtatz\u00ebna, pleq, burra, djem e vajza t\u00eb t\u00eb gjitha moshave) n\u00eb Kroaci, n\u00eb Bosnj\u00eb dhe n\u00eb Kroaci, vet\u00ebm p\u00ebr t\u2019i zgjeruar dhe ringjallur kufijt\u00eb e Serbis\u00eb s\u00eb Madhe t\u00eb Ilia Garashaninit (1844) n\u00eb kurriz t\u00eb territoreve t\u00eb huaja t\u00eb vendeve fqinje n\u00eb Ballkan.<\/p>\n<p>Na vjen keq prej z. t\u00eb nderuar Valter Kasperit, se duhet ta p\u00ebrg\u00ebnjeshtrojm\u00eb deklarat\u00ebn e tij konstatuese, sepse Kosova kurr\u00ebnj\u00ebher\u00eb nuk ka qen\u00eb djep, as qend\u00ebr kishtare, e as politike shtet\u00ebrore serbe, por pellazge-ilire-shqiptare.<\/p>\n<p>N\u00eb k\u00ebt\u00eb rast, me q\u00ebllim po sh\u00ebrbehemi vet\u00ebm me nj\u00eb burim t\u00eb mjaftuesh\u00ebm t\u00eb historis\u00eb politike t\u00eb Kosov\u00ebs, t\u00eb shkruar nga shkenc\u00ebtari i spikatur slloven, profesori n\u00eb Universitetin e Lubjan\u00ebs (p\u00ebr t\u00eb mos na quajtur t\u00eb \u201cnj\u00ebansh\u00ebm\u201d kardinali Valter Kasper dhe klerik\u00ebt e KOS-it), por do t\u00eb citojm\u00eb vet\u00ebm disa argumente relevante dhe shum\u00eb t\u00eb vlefshme me karakter shkencor historik dhe politik p\u00ebr Kosov\u00ebn, t\u00eb elaboruara nga prof. dr. Anton Bebler (njoh\u00ebs i shk\u00eblqyer i historis\u00eb, i politik\u00ebs dhe i diplomacis\u00eb s\u00eb Ballkanit, si dhe t\u00eb marr\u00ebdh\u00ebnieve politike dhe diplomatike nd\u00ebrkomb\u00ebtare), sipas t\u00eb cilave del se Kosova n\u00eb tremij\u00ebvje\u00e7aren e saj t\u00eb derisot\u00ebm vet\u00ebm \u201cdy shekuj e gjysm\u00eb\u201d ka qen\u00eb pla\u00e7k\u00eb koloniale e mbret\u00ebrive t\u00eb ndryshme serbe, por jo djep, as qend\u00ebr kishtare, as politike shtet\u00ebrore e Serbis\u00eb.<\/p>\n<p>Kosova nuk ishte as nuk \u00ebsht\u00eb djep serb, por ishte vet\u00ebm koloni ilegale shekullore e Serbis\u00eb! Historikisht, Kosova kurr\u00ebnj\u00ebher\u00eb nuk ka qen\u00eb \u201cdjepi dhe qendra\u201d kishtare, as shtet\u00ebrore serbe. Ja, vet\u00ebm nj\u00eb fragment i cituar nga nj\u00eb studim i gjat\u00eb i prof. dr. Anton Bebler p\u00ebr Kosov\u00ebn: \u201cN\u00eb historin\u00eb shum\u00ebshekullore t\u00eb derisotme, Kosova kurr\u00ebnj\u00ebher\u00eb nuk ka qen\u00eb etnikisht sllave, dhe fare serbe. N\u00ebse kufizohemi vet\u00ebm n\u00eb dymij\u00eb vitet e fundit t\u00eb historis\u00eb politike t\u00eb Kosov\u00ebs, at\u00ebher\u00eb shihet se koh\u00ebn m\u00eb t\u00eb gjat\u00eb e kan\u00eb sunduar romak\u00ebt, bizantin\u00ebt dhe osman\u00ebt turq. Shteti i par\u00eb serb n\u00eb truallin e Kosov\u00ebs nuk ka qen\u00eb serb, por ka qen\u00eb Mbret\u00ebria Bullgare. Asnj\u00ebra nga shtetet m\u00eb t\u00eb vjetra serbe: Dukla, Zahumle, Travunja, Poganja, Bosnja dhe Rashka nuk jan\u00eb krijuar n\u00eb territorin e Kosov\u00ebs dhe k\u00ebshtu, rrjedhimisht, nuk e kan\u00eb p\u00ebrfshir\u00eb Kosov\u00ebn e sotme.<\/p>\n<p>Kuror\u00ebzimi i par\u00eb i mbretit serb \u00ebsht\u00eb b\u00ebr\u00eb m\u00eb 1077 n\u00eb Zet\u00eb, n\u00eb territorin e sot\u00ebm t\u00eb Malit t\u00eb Zi. Mbret\u00ebria e Dyt\u00eb m\u00eb e vjet\u00ebr serbe \u00ebsht\u00eb Rashka, t\u00eb cil\u00ebn sundimtar\u00ebt e saj nga dinastia e nemanjiqve e kan\u00eb riem\u00ebrtuar n\u00eb Serbia. Rashka shtrihej n\u00eb veri t\u00eb Kosov\u00ebs dhe p\u00ebrfshinte pjes\u00ebn m\u00eb t\u00eb madhe t\u00eb Sanxhakut t\u00eb sot\u00ebm. N\u00eb at\u00eb djep t\u00eb v\u00ebrtet\u00eb historik, kronologjikisht, i dyti sipas radh\u00ebs s\u00eb shtetit mesjetar serb jan\u00eb themeluar dhe nd\u00ebrtuar edhe kisha dhe manastiret m\u00eb t\u00eb lashta serbe: Sh\u00ebn Gjergji af\u00ebr Novi Pazarit, Zhi\u00e7a, Studenica, Milesheva dhe Sopoqani.<\/p>\n<p>T\u00eb gjitha k\u00ebto jasht\u00eb territorit t\u00eb djesh\u00ebm dhe t\u00eb sotsh\u00ebm t\u00eb Kosov\u00ebs. Sundimtar\u00ebt serb\u00eb p\u00ebr pushtimet e tyre territoriale n\u00eb jug t\u00eb Rashk\u00ebs (dometh\u00ebn\u00eb n\u00eb kurriz t\u00eb territorit t\u00eb Kosov\u00ebs, kan\u00eb shfryt\u00ebzuar ekspeditat \u201ckryqtare\u201d t\u00eb sundimtar\u00ebve feudal\u00eb europer\u00ebndimor\u00eb n\u00eb pushtimin e Lindjes s\u00eb Af\u00ebrt. Me thirrjen e Pap\u00ebs s\u00eb Rom\u00ebs, feudal\u00ebt francez\u00eb, anglez\u00eb e t\u00eb tjer\u00eb n\u00eb mbarim t\u00eb shekullit XII me ushtrit\u00eb e tyre n\u00eb disa val\u00eb m\u00ebsyn\u00eb n\u00eb disa kahe drejt Lindjes s\u00eb Af\u00ebrt me objektivin e shpallur p\u00ebr \u00e7lirimin e vendit t\u00eb shenjt\u00eb nga mysliman\u00ebt. N\u00eb t\u00eb v\u00ebrtet\u00eb, kryqtar\u00ebt n\u00eb rrug\u00ebn p\u00ebr n\u00eb Palestin\u00eb n\u00eb pabesi e sulmojn\u00eb Bizantin e Krishter\u00eb, me \u00e7\u2019rast krejt\u00ebsisht e pla\u00e7kitin selin\u00eb dhe thesarin e tij t\u00eb shk\u00eblqyer, Stambollin, ku m\u00eb 1204 e p\u00ebrmbysin nga Froni Perandorin e Bizantit.<\/p>\n<p>Si pasoj\u00eb e shthurjes s\u00eb Perandoris\u00eb s\u00eb Bizantit, at\u00ebher\u00eb erdhi n\u00eb shprehje zgjerimi i shtetit serb n\u00eb territoret bizantine n\u00eb Jug t\u00eb Rashk\u00ebs, duke p\u00ebrfshir\u00eb edhe Maqedonin\u00eb dhe Greqin\u00eb Veriore. M\u00eb 1216, zhupan\u00ebt e m\u00ebdhenj serb\u00eb, pushtimeve t\u00eb veta territoriale ia bashkuan edhe vendin, t\u00eb cilin e riem\u00ebrtuan n\u00eb Kosov\u00eb e Metohi. N\u00eb historin\u00eb e derisotme ushtrit\u00eb serbe territorin e Kosov\u00ebs e kan\u00eb pushtuar pes\u00eb her\u00eb, dhe, pes\u00eb her\u00eb e kan\u00eb braktisur n\u00ebn trysnin\u00eb e forc\u00ebs. Her\u00ebn e fundit, me gjas\u00eb p\u00ebrgjithmon\u00eb, ushtria dhe policia serbe e kan\u00eb braktisur Kosov\u00ebn n\u00eb qershor t\u00eb vitit 1999, si rrjedhim i bombardimit t\u00eb NATO-s&#8230;.\u201d (Prof. dr. Anton Bebler).<\/p>\n<p>Gjithashtu, n\u00eb shekujt XIX dhe XX mbret\u00ebrit\u00eb serbo-jugosllave i pushtuan Anamorav\u00ebn, Kosov\u00ebn, si dhe territore t\u00eb tjera autoktone t\u00eb Shqip\u00ebris\u00eb Etnike, duke i kolonizuar dhe i aneksuar me luft\u00ebra agresive, terroriste dhe gjenocidale, sikurse n\u00eb her\u00ebn e fundit m\u00eb 1989-1999.<\/p>\n<p>Shqiptar\u00ebt pellazgo-ilir\u00eb e kan\u00eb t\u00eb drejt\u00ebn mbi Kosov\u00ebn, jo Kisha Ortodokse Serbe, e cila ka meritat kryesore p\u00ebr serbizimin dhe kolonizimin e Kosov\u00ebs dhe t\u00eb Anamorav\u00ebs s\u00eb Shqip\u00ebris\u00eb Etnike<\/p>\n<p>N\u00ebse kardinali Valter Kasperi ende nuk e di se e kujt \u00ebsht\u00eb Kosova, at\u00ebher\u00eb le ta lexoj\u00eb t\u00eb pakt\u00ebn (si kusht minimum p\u00ebr njohjen e historis\u00eb s\u00eb Kosov\u00ebs) librin e prof. dr. Noel Malcolm, \u201cKosovo a Short History\u201d (1999); librin e prof. dr. Frank Muenzel, \u201cWhat Does Public International Law Have to Say About Kosovar Independence?\u201d, sepse pa leximin dhe studimin e k\u00ebtyre dy librave, si dhe librat e prof. dr. Anton Beblerit p\u00ebr Kosov\u00ebn dhe Ballkanin, Zoti i Nderuar Valter Kaspari nuk mund t\u00eb debatoj\u00eb n\u00eb tem\u00ebn \u201cKosova\u201d!<\/p>\n<p>S\u00eb fundi, derisa politika shtet\u00ebrore dhe kishtare serbe e akuzojn\u00eb Vatikanin se \u201c\u00ebsht\u00eb destabilizuesi kryesor\u201d i Ballkanit n\u00eb dekad\u00ebn e fundme t\u00eb shekullit XX, me q\u00ebllim q\u00eb,serb\u00ebt t\u2019i fshehin krimet e tyre, t\u00eb kryera n\u00eb em\u00ebr dhe p\u00ebr llogari t\u00eb Serbis\u00eb s\u00eb Madhe (1844-1999) n\u00eb Ballkan (duke b\u00ebr\u00eb p\u00ebrpjekje, q\u00eb ta \u201camnistojn\u00eb\u201d vetveten p\u00ebr tri gjenocidet e tyre, t\u00eb kryera kund\u00ebr popullit kroat, boshnjak dhe shqiptar), nuk ekziston kurrfar\u00eb arsyeje racionale, humane, morale, ligjore, demokratike dhe kozmopolite, pse kardinali i nderuar, z. Valter Kasperi, ose Vatikani t\u00eb ndjehen keq p\u00ebr falsifikimet historike dhe politike t\u00eb Kish\u00ebs Ortodokse Serbe, se Kosova \u201c\u00ebsht\u00eb djepi serb\u201d!!!???<\/p>\n<p>As shteti e as Kisha Ortodokse Serbe nuk kan\u00eb humbur kurrfar\u00eb territori autokton t\u00eb tyre, por me agresionin, me terrorin, me terrorizmin, me gjenocidin dhe me spastrimin etnik t\u00eb shqiptar\u00ebve (1912-1999) e kan\u00eb humbur p\u00ebrgjithmon\u00eb kolonin\u00eb e tyre-Kosov\u00ebn.<\/p>\n<p>Kjo \u00ebsht\u00eb e v\u00ebrteta me t\u00eb cil\u00ebn nuk po mund t\u00eb pajtohen kurrsesi as Beogradi e as Kisha Ortodokse Serbe, sepse me shekuj jan\u00eb m\u00ebsuar ta \u201ckullosin\u201d Kosov\u00ebn si pla\u00e7k\u00eb koloniale t\u00eb tyre.<\/p>\n<p>\u00cbsht\u00eb \u00e7\u00ebshtje e kardinalit t\u00eb nderuar Valter Kasperit se \u00e7far\u00eb konsiderate dhe respekti ka Vatikani ndaj KOS-it, ajo \u00ebsht\u00eb \u00e7\u00ebshtje sovrane e Vatikanit, e askujt tjet\u00ebr, por her\u00ebve t\u00eb tjera nuk \u00ebsht\u00eb e udh\u00ebs q\u00eb, n\u00eb em\u00ebr t\u00eb Kish\u00ebs Katolike Romake t\u00eb Vatikanit, t\u00eb deklaroj\u00eb se \u201cKosova \u00ebsht\u00eb plag\u00eb dhe dhembje e r\u00ebnd\u00eb p\u00ebr Kish\u00ebn Ortodokse Serbe, djep dhe qend\u00ebr e ortodoksis\u00eb serbe\u201d, sepse ky konkluzion \u00ebsht\u00eb plot\u00ebsisht i gabuesh\u00ebm, i pajustifikuesh\u00ebm dhe i papranuesh\u00ebm si p\u00ebr shkenc\u00ebn historike, ashtu edhe p\u00ebr at\u00eb t\u00eb s\u00eb drejt\u00ebs nd\u00ebrkomb\u00ebtare.<\/p>\n<p>S\u00eb fundi, as kardiali Valter Kasper e as Vatikani nuk duhet t\u00eb ndjejn\u00eb kurrfar\u00eb dhimbjeje p\u00ebr Kish\u00ebn Ortodokse Serbe e as p\u00ebr serb\u00ebt, kur \u00ebsht\u00eb fjala p\u00ebr Kosov\u00ebn, sepse serb\u00ebt qysh n\u00eb koh\u00ebn e Perandoris\u00eb Osmane kan\u00eb qen\u00eb nj\u00eb nga rob\u00ebrit m\u00eb t\u00eb privilegjuar t\u00eb sundimit anadollak n\u00eb Ballkan. Prandaj, kukamat dhe krokatjet e Kish\u00ebs Ortodokse Serbe p\u00ebr \u201cKosov\u00ebn serbe\u201d, duhet kuptuar vet\u00ebm si nj\u00eb vaj\u00eb shekullor t\u00eb mitomanis\u00eb dhe t\u00eb legjendave t\u00eb rreme mbi Kosov\u00ebn dhe Anamorav\u00ebn shqiptare (\u201cJuzhna Srbija\u201d-Serbia Jugore).<\/p>\n","protected":false},"excerpt":{"rendered":"<p>&#8212; nga Prof. Dr. Mehdi Hyseni, 16 Prill 2010 \u00cbsht\u00eb n\u00eb interes t\u00eb Vatikanit, t\u00eb ndjek\u00eb shembullin e Shteteve t\u00eb Bashkuara t\u00eb Amerik\u00ebs dhe t\u00eb Europ\u00ebs Per\u00ebndimore n\u00eb Kosov\u00eb, pa asnj\u00eb keqardhje dhe pa asnj\u00eb dhimbje ndaj Beogradit (Piemontit sllav t\u00eb Ballkanit) dhe ndaj Kish\u00ebs Ortodokse Serbe-destabilizuesit shekullor t\u00eb Ballkanit. Derisa serbom\u00ebdhenjt\u00eb e akuzojn\u00eb Vatikanin [&hellip;]<\/p>\n","protected":false},"author":1,"featured_media":0,"comment_status":"open","ping_status":"closed","sticky":false,"template":"","format":"standard","meta":{"footnotes":""},"categories":[2],"tags":[],"class_list":{"0":"post-2268","1":"post","2":"type-post","3":"status-publish","4":"format-standard","6":"category-artikuj"},"yoast_head":"<!-- This site is optimized with the Yoast SEO plugin v27.4 - https:\/\/yoast.com\/product\/yoast-seo-wordpress\/ -->\n<title>Kosova nuk \u00ebsht\u00eb djepi i Serbis\u00eb, por i Shqip\u00ebris\u00eb dhe i shqiptar\u00ebve! - FjALA e LIR\u00cb - Arkivi<\/title>\n<meta name=\"robots\" content=\"index, follow, max-snippet:-1, max-image-preview:large, max-video-preview:-1\" \/>\n<link rel=\"canonical\" href=\"https:\/\/fjala.info\/2009-2015\/kosova-nuk-eshte-djepi-i-serbise-por-i-shqiperise-dhe-i-shqiptareve\/\" \/>\n<meta property=\"og:locale\" content=\"sq_AL\" \/>\n<meta property=\"og:type\" content=\"article\" \/>\n<meta property=\"og:title\" content=\"Kosova nuk \u00ebsht\u00eb djepi i Serbis\u00eb, por i Shqip\u00ebris\u00eb dhe i shqiptar\u00ebve! - FjALA e LIR\u00cb - Arkivi\" \/>\n<meta property=\"og:description\" content=\"&#8212; nga Prof. Dr. Mehdi Hyseni, 16 Prill 2010 \u00cbsht\u00eb n\u00eb interes t\u00eb Vatikanit, t\u00eb ndjek\u00eb shembullin e Shteteve t\u00eb Bashkuara t\u00eb Amerik\u00ebs dhe t\u00eb Europ\u00ebs Per\u00ebndimore n\u00eb Kosov\u00eb, pa asnj\u00eb keqardhje dhe pa asnj\u00eb dhimbje ndaj Beogradit (Piemontit sllav t\u00eb Ballkanit) dhe ndaj Kish\u00ebs Ortodokse Serbe-destabilizuesit shekullor t\u00eb Ballkanit. Derisa serbom\u00ebdhenjt\u00eb e akuzojn\u00eb Vatikanin [&hellip;]\" \/>\n<meta property=\"og:url\" content=\"https:\/\/fjala.info\/2009-2015\/kosova-nuk-eshte-djepi-i-serbise-por-i-shqiperise-dhe-i-shqiptareve\/\" \/>\n<meta property=\"og:site_name\" content=\"FjALA e LIR\u00cb - Arkivi\" \/>\n<meta property=\"article:published_time\" content=\"2010-04-17T08:47:57+00:00\" \/>\n<meta property=\"og:image\" content=\"http:\/\/www.shkoder.net\/images\/fjala\/2010\/harta_etnike.jpg\" \/>\n<meta name=\"author\" content=\"admin\" \/>\n<meta name=\"twitter:card\" content=\"summary_large_image\" \/>\n<meta name=\"twitter:label1\" content=\"Written by\" \/>\n\t<meta name=\"twitter:data1\" content=\"admin\" \/>\n\t<meta name=\"twitter:label2\" content=\"Est. reading time\" \/>\n\t<meta name=\"twitter:data2\" content=\"11 minutes\" \/>\n<script type=\"application\/ld+json\" class=\"yoast-schema-graph\">{\"@context\":\"https:\\\/\\\/schema.org\",\"@graph\":[{\"@type\":\"Article\",\"@id\":\"https:\\\/\\\/fjala.info\\\/2009-2015\\\/kosova-nuk-eshte-djepi-i-serbise-por-i-shqiperise-dhe-i-shqiptareve\\\/#article\",\"isPartOf\":{\"@id\":\"https:\\\/\\\/fjala.info\\\/2009-2015\\\/kosova-nuk-eshte-djepi-i-serbise-por-i-shqiperise-dhe-i-shqiptareve\\\/\"},\"author\":{\"name\":\"admin\",\"@id\":\"https:\\\/\\\/fjala.info\\\/2009-2015\\\/#\\\/schema\\\/person\\\/3aa1163ef05469c496fc94e77611ada2\"},\"headline\":\"Kosova nuk \u00ebsht\u00eb djepi i Serbis\u00eb, por i Shqip\u00ebris\u00eb dhe i shqiptar\u00ebve!\",\"datePublished\":\"2010-04-17T08:47:57+00:00\",\"mainEntityOfPage\":{\"@id\":\"https:\\\/\\\/fjala.info\\\/2009-2015\\\/kosova-nuk-eshte-djepi-i-serbise-por-i-shqiperise-dhe-i-shqiptareve\\\/\"},\"wordCount\":2233,\"commentCount\":0,\"publisher\":{\"@id\":\"https:\\\/\\\/fjala.info\\\/2009-2015\\\/#organization\"},\"image\":{\"@id\":\"https:\\\/\\\/fjala.info\\\/2009-2015\\\/kosova-nuk-eshte-djepi-i-serbise-por-i-shqiperise-dhe-i-shqiptareve\\\/#primaryimage\"},\"thumbnailUrl\":\"http:\\\/\\\/www.shkoder.net\\\/images\\\/fjala\\\/2010\\\/harta_etnike.jpg\",\"articleSection\":[\"Artikuj\"],\"inLanguage\":\"sq-AL\",\"potentialAction\":[{\"@type\":\"CommentAction\",\"name\":\"Comment\",\"target\":[\"https:\\\/\\\/fjala.info\\\/2009-2015\\\/kosova-nuk-eshte-djepi-i-serbise-por-i-shqiperise-dhe-i-shqiptareve\\\/#respond\"]}]},{\"@type\":\"WebPage\",\"@id\":\"https:\\\/\\\/fjala.info\\\/2009-2015\\\/kosova-nuk-eshte-djepi-i-serbise-por-i-shqiperise-dhe-i-shqiptareve\\\/\",\"url\":\"https:\\\/\\\/fjala.info\\\/2009-2015\\\/kosova-nuk-eshte-djepi-i-serbise-por-i-shqiperise-dhe-i-shqiptareve\\\/\",\"name\":\"Kosova nuk \u00ebsht\u00eb djepi i Serbis\u00eb, por i Shqip\u00ebris\u00eb dhe i shqiptar\u00ebve! - FjALA e LIR\u00cb - Arkivi\",\"isPartOf\":{\"@id\":\"https:\\\/\\\/fjala.info\\\/2009-2015\\\/#website\"},\"primaryImageOfPage\":{\"@id\":\"https:\\\/\\\/fjala.info\\\/2009-2015\\\/kosova-nuk-eshte-djepi-i-serbise-por-i-shqiperise-dhe-i-shqiptareve\\\/#primaryimage\"},\"image\":{\"@id\":\"https:\\\/\\\/fjala.info\\\/2009-2015\\\/kosova-nuk-eshte-djepi-i-serbise-por-i-shqiperise-dhe-i-shqiptareve\\\/#primaryimage\"},\"thumbnailUrl\":\"http:\\\/\\\/www.shkoder.net\\\/images\\\/fjala\\\/2010\\\/harta_etnike.jpg\",\"datePublished\":\"2010-04-17T08:47:57+00:00\",\"breadcrumb\":{\"@id\":\"https:\\\/\\\/fjala.info\\\/2009-2015\\\/kosova-nuk-eshte-djepi-i-serbise-por-i-shqiperise-dhe-i-shqiptareve\\\/#breadcrumb\"},\"inLanguage\":\"sq-AL\",\"potentialAction\":[{\"@type\":\"ReadAction\",\"target\":[\"https:\\\/\\\/fjala.info\\\/2009-2015\\\/kosova-nuk-eshte-djepi-i-serbise-por-i-shqiperise-dhe-i-shqiptareve\\\/\"]}]},{\"@type\":\"ImageObject\",\"inLanguage\":\"sq-AL\",\"@id\":\"https:\\\/\\\/fjala.info\\\/2009-2015\\\/kosova-nuk-eshte-djepi-i-serbise-por-i-shqiperise-dhe-i-shqiptareve\\\/#primaryimage\",\"url\":\"http:\\\/\\\/www.shkoder.net\\\/images\\\/fjala\\\/2010\\\/harta_etnike.jpg\",\"contentUrl\":\"http:\\\/\\\/www.shkoder.net\\\/images\\\/fjala\\\/2010\\\/harta_etnike.jpg\"},{\"@type\":\"BreadcrumbList\",\"@id\":\"https:\\\/\\\/fjala.info\\\/2009-2015\\\/kosova-nuk-eshte-djepi-i-serbise-por-i-shqiperise-dhe-i-shqiptareve\\\/#breadcrumb\",\"itemListElement\":[{\"@type\":\"ListItem\",\"position\":1,\"name\":\"Home\",\"item\":\"https:\\\/\\\/fjala.info\\\/2009-2015\\\/\"},{\"@type\":\"ListItem\",\"position\":2,\"name\":\"Kosova nuk \u00ebsht\u00eb djepi i Serbis\u00eb, por i Shqip\u00ebris\u00eb dhe i shqiptar\u00ebve!\"}]},{\"@type\":\"WebSite\",\"@id\":\"https:\\\/\\\/fjala.info\\\/2009-2015\\\/#website\",\"url\":\"https:\\\/\\\/fjala.info\\\/2009-2015\\\/\",\"name\":\"FjALA e LIR\u00cb - Arkivi\",\"description\":\"Arkivi 2009-2015\",\"publisher\":{\"@id\":\"https:\\\/\\\/fjala.info\\\/2009-2015\\\/#organization\"},\"potentialAction\":[{\"@type\":\"SearchAction\",\"target\":{\"@type\":\"EntryPoint\",\"urlTemplate\":\"https:\\\/\\\/fjala.info\\\/2009-2015\\\/?s={search_term_string}\"},\"query-input\":{\"@type\":\"PropertyValueSpecification\",\"valueRequired\":true,\"valueName\":\"search_term_string\"}}],\"inLanguage\":\"sq-AL\"},{\"@type\":\"Organization\",\"@id\":\"https:\\\/\\\/fjala.info\\\/2009-2015\\\/#organization\",\"name\":\"FjALA e LIR\u00cb - Arkivi\",\"url\":\"https:\\\/\\\/fjala.info\\\/2009-2015\\\/\",\"logo\":{\"@type\":\"ImageObject\",\"inLanguage\":\"sq-AL\",\"@id\":\"https:\\\/\\\/fjala.info\\\/2009-2015\\\/#\\\/schema\\\/logo\\\/image\\\/\",\"url\":\"\",\"contentUrl\":\"\",\"caption\":\"FjALA e LIR\u00cb - Arkivi\"},\"image\":{\"@id\":\"https:\\\/\\\/fjala.info\\\/2009-2015\\\/#\\\/schema\\\/logo\\\/image\\\/\"}},{\"@type\":\"Person\",\"@id\":\"https:\\\/\\\/fjala.info\\\/2009-2015\\\/#\\\/schema\\\/person\\\/3aa1163ef05469c496fc94e77611ada2\",\"name\":\"admin\",\"image\":{\"@type\":\"ImageObject\",\"inLanguage\":\"sq-AL\",\"@id\":\"https:\\\/\\\/fjala.info\\\/2009-2015\\\/wp-content\\\/uploads\\\/2012\\\/02\\\/arben_cokaj-120x150.jpg\",\"url\":\"https:\\\/\\\/fjala.info\\\/2009-2015\\\/wp-content\\\/uploads\\\/2012\\\/02\\\/arben_cokaj-120x150.jpg\",\"contentUrl\":\"https:\\\/\\\/fjala.info\\\/2009-2015\\\/wp-content\\\/uploads\\\/2012\\\/02\\\/arben_cokaj-120x150.jpg\",\"caption\":\"admin\"},\"description\":\"Admin, Fjala e Lir\u00eb\",\"sameAs\":[\"https:\\\/\\\/fjala.info\\\/\"],\"url\":\"https:\\\/\\\/fjala.info\\\/2009-2015\\\/author\\\/admin\\\/\"}]}<\/script>\n<!-- \/ Yoast SEO plugin. -->","yoast_head_json":{"title":"Kosova nuk \u00ebsht\u00eb djepi i Serbis\u00eb, por i Shqip\u00ebris\u00eb dhe i shqiptar\u00ebve! - FjALA e LIR\u00cb - Arkivi","robots":{"index":"index","follow":"follow","max-snippet":"max-snippet:-1","max-image-preview":"max-image-preview:large","max-video-preview":"max-video-preview:-1"},"canonical":"https:\/\/fjala.info\/2009-2015\/kosova-nuk-eshte-djepi-i-serbise-por-i-shqiperise-dhe-i-shqiptareve\/","og_locale":"sq_AL","og_type":"article","og_title":"Kosova nuk \u00ebsht\u00eb djepi i Serbis\u00eb, por i Shqip\u00ebris\u00eb dhe i shqiptar\u00ebve! - FjALA e LIR\u00cb - Arkivi","og_description":"&#8212; nga Prof. Dr. Mehdi Hyseni, 16 Prill 2010 \u00cbsht\u00eb n\u00eb interes t\u00eb Vatikanit, t\u00eb ndjek\u00eb shembullin e Shteteve t\u00eb Bashkuara t\u00eb Amerik\u00ebs dhe t\u00eb Europ\u00ebs Per\u00ebndimore n\u00eb Kosov\u00eb, pa asnj\u00eb keqardhje dhe pa asnj\u00eb dhimbje ndaj Beogradit (Piemontit sllav t\u00eb Ballkanit) dhe ndaj Kish\u00ebs Ortodokse Serbe-destabilizuesit shekullor t\u00eb Ballkanit. Derisa serbom\u00ebdhenjt\u00eb e akuzojn\u00eb Vatikanin [&hellip;]","og_url":"https:\/\/fjala.info\/2009-2015\/kosova-nuk-eshte-djepi-i-serbise-por-i-shqiperise-dhe-i-shqiptareve\/","og_site_name":"FjALA e LIR\u00cb - Arkivi","article_published_time":"2010-04-17T08:47:57+00:00","og_image":[{"url":"http:\/\/www.shkoder.net\/images\/fjala\/2010\/harta_etnike.jpg","type":"","width":"","height":""}],"author":"admin","twitter_card":"summary_large_image","twitter_misc":{"Written by":"admin","Est. reading time":"11 minutes"},"schema":{"@context":"https:\/\/schema.org","@graph":[{"@type":"Article","@id":"https:\/\/fjala.info\/2009-2015\/kosova-nuk-eshte-djepi-i-serbise-por-i-shqiperise-dhe-i-shqiptareve\/#article","isPartOf":{"@id":"https:\/\/fjala.info\/2009-2015\/kosova-nuk-eshte-djepi-i-serbise-por-i-shqiperise-dhe-i-shqiptareve\/"},"author":{"name":"admin","@id":"https:\/\/fjala.info\/2009-2015\/#\/schema\/person\/3aa1163ef05469c496fc94e77611ada2"},"headline":"Kosova nuk \u00ebsht\u00eb djepi i Serbis\u00eb, por i Shqip\u00ebris\u00eb dhe i shqiptar\u00ebve!","datePublished":"2010-04-17T08:47:57+00:00","mainEntityOfPage":{"@id":"https:\/\/fjala.info\/2009-2015\/kosova-nuk-eshte-djepi-i-serbise-por-i-shqiperise-dhe-i-shqiptareve\/"},"wordCount":2233,"commentCount":0,"publisher":{"@id":"https:\/\/fjala.info\/2009-2015\/#organization"},"image":{"@id":"https:\/\/fjala.info\/2009-2015\/kosova-nuk-eshte-djepi-i-serbise-por-i-shqiperise-dhe-i-shqiptareve\/#primaryimage"},"thumbnailUrl":"http:\/\/www.shkoder.net\/images\/fjala\/2010\/harta_etnike.jpg","articleSection":["Artikuj"],"inLanguage":"sq-AL","potentialAction":[{"@type":"CommentAction","name":"Comment","target":["https:\/\/fjala.info\/2009-2015\/kosova-nuk-eshte-djepi-i-serbise-por-i-shqiperise-dhe-i-shqiptareve\/#respond"]}]},{"@type":"WebPage","@id":"https:\/\/fjala.info\/2009-2015\/kosova-nuk-eshte-djepi-i-serbise-por-i-shqiperise-dhe-i-shqiptareve\/","url":"https:\/\/fjala.info\/2009-2015\/kosova-nuk-eshte-djepi-i-serbise-por-i-shqiperise-dhe-i-shqiptareve\/","name":"Kosova nuk \u00ebsht\u00eb djepi i Serbis\u00eb, por i Shqip\u00ebris\u00eb dhe i shqiptar\u00ebve! - FjALA e LIR\u00cb - Arkivi","isPartOf":{"@id":"https:\/\/fjala.info\/2009-2015\/#website"},"primaryImageOfPage":{"@id":"https:\/\/fjala.info\/2009-2015\/kosova-nuk-eshte-djepi-i-serbise-por-i-shqiperise-dhe-i-shqiptareve\/#primaryimage"},"image":{"@id":"https:\/\/fjala.info\/2009-2015\/kosova-nuk-eshte-djepi-i-serbise-por-i-shqiperise-dhe-i-shqiptareve\/#primaryimage"},"thumbnailUrl":"http:\/\/www.shkoder.net\/images\/fjala\/2010\/harta_etnike.jpg","datePublished":"2010-04-17T08:47:57+00:00","breadcrumb":{"@id":"https:\/\/fjala.info\/2009-2015\/kosova-nuk-eshte-djepi-i-serbise-por-i-shqiperise-dhe-i-shqiptareve\/#breadcrumb"},"inLanguage":"sq-AL","potentialAction":[{"@type":"ReadAction","target":["https:\/\/fjala.info\/2009-2015\/kosova-nuk-eshte-djepi-i-serbise-por-i-shqiperise-dhe-i-shqiptareve\/"]}]},{"@type":"ImageObject","inLanguage":"sq-AL","@id":"https:\/\/fjala.info\/2009-2015\/kosova-nuk-eshte-djepi-i-serbise-por-i-shqiperise-dhe-i-shqiptareve\/#primaryimage","url":"http:\/\/www.shkoder.net\/images\/fjala\/2010\/harta_etnike.jpg","contentUrl":"http:\/\/www.shkoder.net\/images\/fjala\/2010\/harta_etnike.jpg"},{"@type":"BreadcrumbList","@id":"https:\/\/fjala.info\/2009-2015\/kosova-nuk-eshte-djepi-i-serbise-por-i-shqiperise-dhe-i-shqiptareve\/#breadcrumb","itemListElement":[{"@type":"ListItem","position":1,"name":"Home","item":"https:\/\/fjala.info\/2009-2015\/"},{"@type":"ListItem","position":2,"name":"Kosova nuk \u00ebsht\u00eb djepi i Serbis\u00eb, por i Shqip\u00ebris\u00eb dhe i shqiptar\u00ebve!"}]},{"@type":"WebSite","@id":"https:\/\/fjala.info\/2009-2015\/#website","url":"https:\/\/fjala.info\/2009-2015\/","name":"FjALA e LIR\u00cb - Arkivi","description":"Arkivi 2009-2015","publisher":{"@id":"https:\/\/fjala.info\/2009-2015\/#organization"},"potentialAction":[{"@type":"SearchAction","target":{"@type":"EntryPoint","urlTemplate":"https:\/\/fjala.info\/2009-2015\/?s={search_term_string}"},"query-input":{"@type":"PropertyValueSpecification","valueRequired":true,"valueName":"search_term_string"}}],"inLanguage":"sq-AL"},{"@type":"Organization","@id":"https:\/\/fjala.info\/2009-2015\/#organization","name":"FjALA e LIR\u00cb - Arkivi","url":"https:\/\/fjala.info\/2009-2015\/","logo":{"@type":"ImageObject","inLanguage":"sq-AL","@id":"https:\/\/fjala.info\/2009-2015\/#\/schema\/logo\/image\/","url":"","contentUrl":"","caption":"FjALA e LIR\u00cb - Arkivi"},"image":{"@id":"https:\/\/fjala.info\/2009-2015\/#\/schema\/logo\/image\/"}},{"@type":"Person","@id":"https:\/\/fjala.info\/2009-2015\/#\/schema\/person\/3aa1163ef05469c496fc94e77611ada2","name":"admin","image":{"@type":"ImageObject","inLanguage":"sq-AL","@id":"https:\/\/fjala.info\/2009-2015\/wp-content\/uploads\/2012\/02\/arben_cokaj-120x150.jpg","url":"https:\/\/fjala.info\/2009-2015\/wp-content\/uploads\/2012\/02\/arben_cokaj-120x150.jpg","contentUrl":"https:\/\/fjala.info\/2009-2015\/wp-content\/uploads\/2012\/02\/arben_cokaj-120x150.jpg","caption":"admin"},"description":"Admin, Fjala e Lir\u00eb","sameAs":["https:\/\/fjala.info\/"],"url":"https:\/\/fjala.info\/2009-2015\/author\/admin\/"}]}},"_links":{"self":[{"href":"https:\/\/fjala.info\/2009-2015\/wp-json\/wp\/v2\/posts\/2268","targetHints":{"allow":["GET"]}}],"collection":[{"href":"https:\/\/fjala.info\/2009-2015\/wp-json\/wp\/v2\/posts"}],"about":[{"href":"https:\/\/fjala.info\/2009-2015\/wp-json\/wp\/v2\/types\/post"}],"author":[{"embeddable":true,"href":"https:\/\/fjala.info\/2009-2015\/wp-json\/wp\/v2\/users\/1"}],"replies":[{"embeddable":true,"href":"https:\/\/fjala.info\/2009-2015\/wp-json\/wp\/v2\/comments?post=2268"}],"version-history":[{"count":0,"href":"https:\/\/fjala.info\/2009-2015\/wp-json\/wp\/v2\/posts\/2268\/revisions"}],"wp:attachment":[{"href":"https:\/\/fjala.info\/2009-2015\/wp-json\/wp\/v2\/media?parent=2268"}],"wp:term":[{"taxonomy":"category","embeddable":true,"href":"https:\/\/fjala.info\/2009-2015\/wp-json\/wp\/v2\/categories?post=2268"},{"taxonomy":"post_tag","embeddable":true,"href":"https:\/\/fjala.info\/2009-2015\/wp-json\/wp\/v2\/tags?post=2268"}],"curies":[{"name":"wp","href":"https:\/\/api.w.org\/{rel}","templated":true}]}}