{"id":2267,"date":"2012-03-22T08:39:55","date_gmt":"2012-03-22T07:39:55","guid":{"rendered":"http:\/\/fjala.shkoder.net\/?p=2267"},"modified":"2012-03-22T08:39:55","modified_gmt":"2012-03-22T07:39:55","slug":"10-vjetori-i-nenshkrimit-te-marreveshjes-vatikan-shqiperi","status":"publish","type":"post","link":"https:\/\/fjala.info\/2009-2015\/10-vjetori-i-nenshkrimit-te-marreveshjes-vatikan-shqiperi\/","title":{"rendered":"10 vjetori i n\u00ebnshkrimit t\u00eb marr\u00ebveshjes Vatikan-Shqip\u00ebri"},"content":{"rendered":"<p><img decoding=\"async\" class=\"alignright size-thumbnail wp-image-7236\" title=\"Vatikani\" src=\"http:\/\/www.shkoder.net\/2012\/vatikani.jpg\" alt=\"\" width=\"300\" \/> P\u00ebrkujtojm\u00eb 10 vjetorin e n\u00ebnshkrimit t\u00eb marr\u00ebveshjes Vatikan-Shqip\u00ebri. Pra, si sot, m\u00eb 23 mars 2002, n\u00eb Tiran\u00eb u n\u00ebnshkrua \u201cMarr\u00ebveshja nd\u00ebrmjet Selis\u00eb s\u00eb Shenjt\u00eb dhe Republik\u00ebs s\u00eb Shqip\u00ebris\u00eb p\u00ebr rregullimin e marr\u00ebdh\u00ebnieve reciproke\u201d. P\u00ebr Selin\u00eb e Shenjt\u00eb n\u00ebnshkroi Shk\u00eblqesia e Tij, Imzot Giovanni Bulaitis, Nunc Apostolik n\u00eb Shqip\u00ebri, nd\u00ebrsa p\u00ebr Republik\u00ebn e Shqip\u00ebris\u00eb, kryeministri, Zoti Pandeli Majko.<\/p>\n<p>P\u00ebrfaq\u00ebsuesi papnor shoq\u00ebrohej nga Shk\u00eblqesia e Tij, Imzot Rrok Mirdita, kryeipeshk\u00ebv i Durr\u00ebs-Tiran\u00ebs dhe z\u00ebvend\u00ebs-kryetar i Konferenc\u00ebs Ipeshkvnore t\u00eb Shqip\u00ebris\u00eb si dhe nga Imzot Ambroz Madtha, K\u00ebshilltar i Nunciatur\u00ebs Apostolike n\u00eb Shqip\u00ebri. Qeverin\u00eb e Shqip\u00ebris\u00eb, p\u00ebrve\u00e7 Kryeministrit Pandeli Majko, e p\u00ebrfaq\u00ebsonin edhe Ministrja e Pun\u00ebve t\u00eb Jashtme, Zonja Arta Dade dhe autoritete t\u00eb tjera qeveritare.<br \/>\nShkelq\u00ebsia e Tij, Imzot Bulaitis, shprehu k\u00ebnaq\u00ebsin\u00eb e Selis\u00eb s\u00eb Shenjt\u00eb dhe t\u00eb Kish\u00ebs vendase p\u00ebr n\u00ebnshkrimin e marr\u00ebveshjes e cila, n\u00eb rrethanat e sotme t\u00eb historis\u00eb s\u00eb Shqip\u00ebris\u00eb, mund t\u00eb konsiderohet pa dyshim si nj\u00eb ngjarje me r\u00ebnd\u00ebsi t\u00eb madhe historike.<\/p>\n<p>Nga ana e tij, Kryeministri Pandeli Majko fal\u00ebnderoi Selin\u00eb e Shenjt\u00eb dhe Kish\u00ebn katolike n\u00eb Shqip\u00ebri p\u00ebr kontributin e madh q\u00eb i jep popullit dhe uroi q\u00eb kjo marr\u00ebveshje t\u00eb fuqizoj\u00eb m\u00eb tutje lidhjet nd\u00ebrmjet Shqip\u00ebris\u00eb e Selis\u00eb s\u00eb Shenjt\u00eb.<\/p>\n<p>Kjo marr\u00ebveshje, pas nj\u00eb polemike t\u00eb ndezur n\u00eb parlamentin shqiptar u ratifikua m\u00eb 23 maj me 91 vota pro, dy abstenime dhe asnj\u00eb kundra, nd\u00ebrsa t\u00eb gjith\u00eb deputet\u00ebt ishin t\u00eb pranish\u00ebm n\u00eb sall\u00eb.<br \/>\nSipas k\u00ebsaj marr\u00ebveshjeje, Republika e Shqip\u00ebris\u00eb garanton lirin\u00eb p\u00ebr t\u00eb shpallur dhe p\u00ebr t\u00eb praktikuar n\u00eb publik fen\u00eb katolike. Kisha Katolike n\u00eb Shqip\u00ebri ka t\u00eb drejt\u00eb t\u00eb organizohet dhe t\u00eb plot\u00ebsoj\u00eb misionin e saj. Republika e Shqip\u00ebris\u00eb njeh zot\u00ebsin\u00eb juridike t\u00eb personave ligjor\u00eb p\u00ebr ente e entitete t\u00eb tilla t\u00eb Kish\u00ebs Katolike, t\u00eb cilat jan\u00eb t\u00eb parashikuara n\u00eb t\u00eb Drejt\u00ebn Kanonike t\u00eb Kish\u00ebs, si\u00e7 jan\u00eb kryedioqezat, dioqezat apo administraturat apostolike, famullit\u00eb kishtare, bashk\u00ebsit\u00eb fetare, misionet, shoqatat, seminaret, shkollat dhe institucionet arsimore t\u00eb t\u00eb gjitha niveleve, institucionet sh\u00ebndet\u00ebsore, pas regjistrimit t\u00eb tyre nga organet e drejt\u00ebsis\u00eb.<\/p>\n<p>Selia e Shenjt\u00eb dhe Kisha Katolike n\u00eb Shqip\u00ebri g\u00ebzojn\u00eb lirin\u00eb e plot\u00eb t\u00eb komunikimit dhe t\u00eb korrespondenc\u00ebs me nj\u00ebra-tjetr\u00ebn. Republika e Shqip\u00ebris\u00eb dhe Selia e Shenjt\u00eb do t\u00eb mbajn\u00eb marr\u00ebdh\u00ebnie diplomatike n\u00eb nivelin e Ambasad\u00ebs dhe Nunciatur\u00ebs Apostolike. Kisha Katolike ka t\u00eb drejt\u00ebn t\u00eb posedoj\u00eb mjete t\u00eb vetat t\u00eb komunikimit masiv dhe ka t\u00eb drejt\u00ebn t\u00eb p\u00ebrdor\u00eb mjetet publike t\u00eb komunikimit masiv, n\u00eb p\u00ebrputhje me legjislacionin e Republik\u00ebs s\u00eb Shqip\u00ebris\u00eb. Autoriteti kompetent kishtar ka t\u00eb drejt\u00eb t\u00eb krijoj\u00eb strukturat p\u00ebrkat\u00ebse t\u00eb Kish\u00ebs, e n\u00eb ve\u00e7anti, t\u00eb krijoj\u00eb dhe t\u00eb modifikoj\u00eb personat juridik\u00eb kishtar\u00eb, n\u00eb p\u00ebrputhje me t\u00eb Drejt\u00ebn Kanonike t\u00eb Kish\u00ebs dhe duke respektuar ligjet shtet\u00ebrore shqiptare. Selia e Shenjt\u00eb \u00ebsht\u00eb e lir\u00eb t\u00eb zgjedh\u00eb nj\u00eb klerik n\u00eb detyr\u00ebn e Ipeshkvit ose t\u00eb Administratorit Apostolik, i cili mund t\u00eb jet\u00eb dhe Ipeshk\u00ebv.<\/p>\n<p>Pas k\u00ebsaj marr\u00ebdh\u00ebveshje t\u00eb 23 majit 2002, m\u00eb 2005 vjen ligji p\u00ebr \u201cProcedurat e Njohjes s\u00eb zot\u00ebsis\u00eb Juridike t\u00eb personit Juridik Kishtar t\u00eb Kish\u00ebs Katolike\u201c.<br \/>\nM\u00eb 2007: Marr\u00ebveshjen nd\u00ebrmjet arkivit t\u00eb Ministris\u00eb s\u00eb Jashtme t\u00eb Shqip\u00ebris\u00eb me Arkivin Sekret t\u00eb Vatikanit.<\/p>\n<p>Gjithnj\u00eb n\u00eb vitin 2007 kemi edhe Ligjin mbi rregullimin e disa aspekteve ekonomike dhe fiskale t\u00eb funksionimit t\u00eb disa enteve t\u00eb Kish\u00ebs Katolike n\u00eb Shqip\u00ebri.<br \/>\nPo k\u00ebt\u00eb vit n\u00ebnshkruhet edhe marr\u00ebveshja midis Ministris\u00eb s\u00eb Sh\u00ebndet\u00ebsis\u00eb s\u00eb Shqip\u00ebris\u00eb dhe Qendr\u00ebs k\u00ebrkimore-spitalore \u201cBambino Ges\u00f9\u201d (entit t\u00eb Selis\u00eb s\u00eb Shenjt\u00eb) t\u00eb Rom\u00ebs.<br \/>\nM\u00eb 2010 kemi marr\u00ebveshjen midis Ministris\u00eb s\u00eb Sh\u00ebndet\u00ebsis\u00eb s\u00eb Shqip\u00ebris\u00eb dhe Universitetit Katolik t\u00eb Rom\u00ebs \u201cSacro Cuore\u201d, Poliklinika Universitare \u201cAgostino Gemelli\u201d.<\/p>\n<p>M\u00eb 2011 n\u00ebnshkruhet protokolli i bashk\u00ebpunimit nd\u00ebrmjet Ministris\u00eb se Turizmit Kultur\u00ebs Rinis\u00eb dhe Sporteve dhe Opera Romana Pellegrinaggi.<\/p>\n<p><a href=\"http:\/\/www.radiovaticana.org\/alb\/Articolo.asp?c=573812\">http:\/\/www.radiovaticana.org\/alb\/Articolo.asp?c=573812<\/a><\/p>\n","protected":false},"excerpt":{"rendered":"<p>P\u00ebrkujtojm\u00eb 10 vjetorin e n\u00ebnshkrimit t\u00eb marr\u00ebveshjes Vatikan-Shqip\u00ebri. Pra, si sot, m\u00eb 23 mars 2002, n\u00eb Tiran\u00eb u n\u00ebnshkrua \u201cMarr\u00ebveshja nd\u00ebrmjet Selis\u00eb s\u00eb Shenjt\u00eb dhe Republik\u00ebs s\u00eb Shqip\u00ebris\u00eb p\u00ebr rregullimin e marr\u00ebdh\u00ebnieve reciproke\u201d. P\u00ebr Selin\u00eb e Shenjt\u00eb n\u00ebnshkroi Shk\u00eblqesia e Tij, Imzot Giovanni Bulaitis, Nunc Apostolik n\u00eb Shqip\u00ebri, nd\u00ebrsa p\u00ebr Republik\u00ebn e Shqip\u00ebris\u00eb, kryeministri, Zoti [&hellip;]<\/p>\n","protected":false},"author":1,"featured_media":0,"comment_status":"open","ping_status":"closed","sticky":false,"template":"","format":"standard","meta":{"footnotes":""},"categories":[2,5],"tags":[],"class_list":{"0":"post-2267","1":"post","2":"type-post","3":"status-publish","4":"format-standard","6":"category-artikuj","7":"category-lajme"},"yoast_head":"<!-- This site is optimized with the Yoast SEO plugin v27.4 - https:\/\/yoast.com\/product\/yoast-seo-wordpress\/ -->\n<title>10 vjetori i n\u00ebnshkrimit t\u00eb marr\u00ebveshjes Vatikan-Shqip\u00ebri - FjALA e LIR\u00cb - Arkivi<\/title>\n<meta name=\"robots\" content=\"index, follow, max-snippet:-1, max-image-preview:large, max-video-preview:-1\" \/>\n<link rel=\"canonical\" href=\"https:\/\/fjala.info\/2009-2015\/10-vjetori-i-nenshkrimit-te-marreveshjes-vatikan-shqiperi\/\" \/>\n<meta property=\"og:locale\" content=\"sq_AL\" \/>\n<meta property=\"og:type\" content=\"article\" \/>\n<meta property=\"og:title\" content=\"10 vjetori i n\u00ebnshkrimit t\u00eb marr\u00ebveshjes Vatikan-Shqip\u00ebri - FjALA e LIR\u00cb - Arkivi\" \/>\n<meta property=\"og:description\" content=\"P\u00ebrkujtojm\u00eb 10 vjetorin e n\u00ebnshkrimit t\u00eb marr\u00ebveshjes Vatikan-Shqip\u00ebri. Pra, si sot, m\u00eb 23 mars 2002, n\u00eb Tiran\u00eb u n\u00ebnshkrua \u201cMarr\u00ebveshja nd\u00ebrmjet Selis\u00eb s\u00eb Shenjt\u00eb dhe Republik\u00ebs s\u00eb Shqip\u00ebris\u00eb p\u00ebr rregullimin e marr\u00ebdh\u00ebnieve reciproke\u201d. P\u00ebr Selin\u00eb e Shenjt\u00eb n\u00ebnshkroi Shk\u00eblqesia e Tij, Imzot Giovanni Bulaitis, Nunc Apostolik n\u00eb Shqip\u00ebri, nd\u00ebrsa p\u00ebr Republik\u00ebn e Shqip\u00ebris\u00eb, kryeministri, Zoti [&hellip;]\" \/>\n<meta property=\"og:url\" content=\"https:\/\/fjala.info\/2009-2015\/10-vjetori-i-nenshkrimit-te-marreveshjes-vatikan-shqiperi\/\" \/>\n<meta property=\"og:site_name\" content=\"FjALA e LIR\u00cb - Arkivi\" \/>\n<meta property=\"article:published_time\" content=\"2012-03-22T07:39:55+00:00\" \/>\n<meta property=\"og:image\" content=\"http:\/\/www.shkoder.net\/2012\/vatikani.jpg\" \/>\n<meta name=\"author\" content=\"admin\" \/>\n<meta name=\"twitter:card\" content=\"summary_large_image\" \/>\n<meta name=\"twitter:label1\" content=\"Written by\" \/>\n\t<meta name=\"twitter:data1\" content=\"admin\" \/>\n\t<meta name=\"twitter:label2\" content=\"Est. reading time\" \/>\n\t<meta name=\"twitter:data2\" content=\"4 minutes\" \/>\n<script type=\"application\/ld+json\" class=\"yoast-schema-graph\">{\"@context\":\"https:\\\/\\\/schema.org\",\"@graph\":[{\"@type\":\"Article\",\"@id\":\"https:\\\/\\\/fjala.info\\\/2009-2015\\\/10-vjetori-i-nenshkrimit-te-marreveshjes-vatikan-shqiperi\\\/#article\",\"isPartOf\":{\"@id\":\"https:\\\/\\\/fjala.info\\\/2009-2015\\\/10-vjetori-i-nenshkrimit-te-marreveshjes-vatikan-shqiperi\\\/\"},\"author\":{\"name\":\"admin\",\"@id\":\"https:\\\/\\\/fjala.info\\\/2009-2015\\\/#\\\/schema\\\/person\\\/3aa1163ef05469c496fc94e77611ada2\"},\"headline\":\"10 vjetori i n\u00ebnshkrimit t\u00eb marr\u00ebveshjes Vatikan-Shqip\u00ebri\",\"datePublished\":\"2012-03-22T07:39:55+00:00\",\"mainEntityOfPage\":{\"@id\":\"https:\\\/\\\/fjala.info\\\/2009-2015\\\/10-vjetori-i-nenshkrimit-te-marreveshjes-vatikan-shqiperi\\\/\"},\"wordCount\":720,\"commentCount\":0,\"publisher\":{\"@id\":\"https:\\\/\\\/fjala.info\\\/2009-2015\\\/#organization\"},\"image\":{\"@id\":\"https:\\\/\\\/fjala.info\\\/2009-2015\\\/10-vjetori-i-nenshkrimit-te-marreveshjes-vatikan-shqiperi\\\/#primaryimage\"},\"thumbnailUrl\":\"http:\\\/\\\/www.shkoder.net\\\/2012\\\/vatikani.jpg\",\"articleSection\":[\"Artikuj\",\"Lajme\"],\"inLanguage\":\"sq-AL\",\"potentialAction\":[{\"@type\":\"CommentAction\",\"name\":\"Comment\",\"target\":[\"https:\\\/\\\/fjala.info\\\/2009-2015\\\/10-vjetori-i-nenshkrimit-te-marreveshjes-vatikan-shqiperi\\\/#respond\"]}]},{\"@type\":\"WebPage\",\"@id\":\"https:\\\/\\\/fjala.info\\\/2009-2015\\\/10-vjetori-i-nenshkrimit-te-marreveshjes-vatikan-shqiperi\\\/\",\"url\":\"https:\\\/\\\/fjala.info\\\/2009-2015\\\/10-vjetori-i-nenshkrimit-te-marreveshjes-vatikan-shqiperi\\\/\",\"name\":\"10 vjetori i n\u00ebnshkrimit t\u00eb marr\u00ebveshjes Vatikan-Shqip\u00ebri - FjALA e LIR\u00cb - Arkivi\",\"isPartOf\":{\"@id\":\"https:\\\/\\\/fjala.info\\\/2009-2015\\\/#website\"},\"primaryImageOfPage\":{\"@id\":\"https:\\\/\\\/fjala.info\\\/2009-2015\\\/10-vjetori-i-nenshkrimit-te-marreveshjes-vatikan-shqiperi\\\/#primaryimage\"},\"image\":{\"@id\":\"https:\\\/\\\/fjala.info\\\/2009-2015\\\/10-vjetori-i-nenshkrimit-te-marreveshjes-vatikan-shqiperi\\\/#primaryimage\"},\"thumbnailUrl\":\"http:\\\/\\\/www.shkoder.net\\\/2012\\\/vatikani.jpg\",\"datePublished\":\"2012-03-22T07:39:55+00:00\",\"breadcrumb\":{\"@id\":\"https:\\\/\\\/fjala.info\\\/2009-2015\\\/10-vjetori-i-nenshkrimit-te-marreveshjes-vatikan-shqiperi\\\/#breadcrumb\"},\"inLanguage\":\"sq-AL\",\"potentialAction\":[{\"@type\":\"ReadAction\",\"target\":[\"https:\\\/\\\/fjala.info\\\/2009-2015\\\/10-vjetori-i-nenshkrimit-te-marreveshjes-vatikan-shqiperi\\\/\"]}]},{\"@type\":\"ImageObject\",\"inLanguage\":\"sq-AL\",\"@id\":\"https:\\\/\\\/fjala.info\\\/2009-2015\\\/10-vjetori-i-nenshkrimit-te-marreveshjes-vatikan-shqiperi\\\/#primaryimage\",\"url\":\"http:\\\/\\\/www.shkoder.net\\\/2012\\\/vatikani.jpg\",\"contentUrl\":\"http:\\\/\\\/www.shkoder.net\\\/2012\\\/vatikani.jpg\"},{\"@type\":\"BreadcrumbList\",\"@id\":\"https:\\\/\\\/fjala.info\\\/2009-2015\\\/10-vjetori-i-nenshkrimit-te-marreveshjes-vatikan-shqiperi\\\/#breadcrumb\",\"itemListElement\":[{\"@type\":\"ListItem\",\"position\":1,\"name\":\"Home\",\"item\":\"https:\\\/\\\/fjala.info\\\/2009-2015\\\/\"},{\"@type\":\"ListItem\",\"position\":2,\"name\":\"10 vjetori i n\u00ebnshkrimit t\u00eb marr\u00ebveshjes Vatikan-Shqip\u00ebri\"}]},{\"@type\":\"WebSite\",\"@id\":\"https:\\\/\\\/fjala.info\\\/2009-2015\\\/#website\",\"url\":\"https:\\\/\\\/fjala.info\\\/2009-2015\\\/\",\"name\":\"FjALA e LIR\u00cb - Arkivi\",\"description\":\"Arkivi 2009-2015\",\"publisher\":{\"@id\":\"https:\\\/\\\/fjala.info\\\/2009-2015\\\/#organization\"},\"potentialAction\":[{\"@type\":\"SearchAction\",\"target\":{\"@type\":\"EntryPoint\",\"urlTemplate\":\"https:\\\/\\\/fjala.info\\\/2009-2015\\\/?s={search_term_string}\"},\"query-input\":{\"@type\":\"PropertyValueSpecification\",\"valueRequired\":true,\"valueName\":\"search_term_string\"}}],\"inLanguage\":\"sq-AL\"},{\"@type\":\"Organization\",\"@id\":\"https:\\\/\\\/fjala.info\\\/2009-2015\\\/#organization\",\"name\":\"FjALA e LIR\u00cb - Arkivi\",\"url\":\"https:\\\/\\\/fjala.info\\\/2009-2015\\\/\",\"logo\":{\"@type\":\"ImageObject\",\"inLanguage\":\"sq-AL\",\"@id\":\"https:\\\/\\\/fjala.info\\\/2009-2015\\\/#\\\/schema\\\/logo\\\/image\\\/\",\"url\":\"\",\"contentUrl\":\"\",\"caption\":\"FjALA e LIR\u00cb - Arkivi\"},\"image\":{\"@id\":\"https:\\\/\\\/fjala.info\\\/2009-2015\\\/#\\\/schema\\\/logo\\\/image\\\/\"}},{\"@type\":\"Person\",\"@id\":\"https:\\\/\\\/fjala.info\\\/2009-2015\\\/#\\\/schema\\\/person\\\/3aa1163ef05469c496fc94e77611ada2\",\"name\":\"admin\",\"image\":{\"@type\":\"ImageObject\",\"inLanguage\":\"sq-AL\",\"@id\":\"https:\\\/\\\/fjala.info\\\/2009-2015\\\/wp-content\\\/uploads\\\/2012\\\/02\\\/arben_cokaj-120x150.jpg\",\"url\":\"https:\\\/\\\/fjala.info\\\/2009-2015\\\/wp-content\\\/uploads\\\/2012\\\/02\\\/arben_cokaj-120x150.jpg\",\"contentUrl\":\"https:\\\/\\\/fjala.info\\\/2009-2015\\\/wp-content\\\/uploads\\\/2012\\\/02\\\/arben_cokaj-120x150.jpg\",\"caption\":\"admin\"},\"description\":\"Admin, Fjala e Lir\u00eb\",\"sameAs\":[\"https:\\\/\\\/fjala.info\\\/\"],\"url\":\"https:\\\/\\\/fjala.info\\\/2009-2015\\\/author\\\/admin\\\/\"}]}<\/script>\n<!-- \/ Yoast SEO plugin. -->","yoast_head_json":{"title":"10 vjetori i n\u00ebnshkrimit t\u00eb marr\u00ebveshjes Vatikan-Shqip\u00ebri - FjALA e LIR\u00cb - Arkivi","robots":{"index":"index","follow":"follow","max-snippet":"max-snippet:-1","max-image-preview":"max-image-preview:large","max-video-preview":"max-video-preview:-1"},"canonical":"https:\/\/fjala.info\/2009-2015\/10-vjetori-i-nenshkrimit-te-marreveshjes-vatikan-shqiperi\/","og_locale":"sq_AL","og_type":"article","og_title":"10 vjetori i n\u00ebnshkrimit t\u00eb marr\u00ebveshjes Vatikan-Shqip\u00ebri - FjALA e LIR\u00cb - Arkivi","og_description":"P\u00ebrkujtojm\u00eb 10 vjetorin e n\u00ebnshkrimit t\u00eb marr\u00ebveshjes Vatikan-Shqip\u00ebri. Pra, si sot, m\u00eb 23 mars 2002, n\u00eb Tiran\u00eb u n\u00ebnshkrua \u201cMarr\u00ebveshja nd\u00ebrmjet Selis\u00eb s\u00eb Shenjt\u00eb dhe Republik\u00ebs s\u00eb Shqip\u00ebris\u00eb p\u00ebr rregullimin e marr\u00ebdh\u00ebnieve reciproke\u201d. P\u00ebr Selin\u00eb e Shenjt\u00eb n\u00ebnshkroi Shk\u00eblqesia e Tij, Imzot Giovanni Bulaitis, Nunc Apostolik n\u00eb Shqip\u00ebri, nd\u00ebrsa p\u00ebr Republik\u00ebn e Shqip\u00ebris\u00eb, kryeministri, Zoti [&hellip;]","og_url":"https:\/\/fjala.info\/2009-2015\/10-vjetori-i-nenshkrimit-te-marreveshjes-vatikan-shqiperi\/","og_site_name":"FjALA e LIR\u00cb - Arkivi","article_published_time":"2012-03-22T07:39:55+00:00","og_image":[{"url":"http:\/\/www.shkoder.net\/2012\/vatikani.jpg","type":"","width":"","height":""}],"author":"admin","twitter_card":"summary_large_image","twitter_misc":{"Written by":"admin","Est. reading time":"4 minutes"},"schema":{"@context":"https:\/\/schema.org","@graph":[{"@type":"Article","@id":"https:\/\/fjala.info\/2009-2015\/10-vjetori-i-nenshkrimit-te-marreveshjes-vatikan-shqiperi\/#article","isPartOf":{"@id":"https:\/\/fjala.info\/2009-2015\/10-vjetori-i-nenshkrimit-te-marreveshjes-vatikan-shqiperi\/"},"author":{"name":"admin","@id":"https:\/\/fjala.info\/2009-2015\/#\/schema\/person\/3aa1163ef05469c496fc94e77611ada2"},"headline":"10 vjetori i n\u00ebnshkrimit t\u00eb marr\u00ebveshjes Vatikan-Shqip\u00ebri","datePublished":"2012-03-22T07:39:55+00:00","mainEntityOfPage":{"@id":"https:\/\/fjala.info\/2009-2015\/10-vjetori-i-nenshkrimit-te-marreveshjes-vatikan-shqiperi\/"},"wordCount":720,"commentCount":0,"publisher":{"@id":"https:\/\/fjala.info\/2009-2015\/#organization"},"image":{"@id":"https:\/\/fjala.info\/2009-2015\/10-vjetori-i-nenshkrimit-te-marreveshjes-vatikan-shqiperi\/#primaryimage"},"thumbnailUrl":"http:\/\/www.shkoder.net\/2012\/vatikani.jpg","articleSection":["Artikuj","Lajme"],"inLanguage":"sq-AL","potentialAction":[{"@type":"CommentAction","name":"Comment","target":["https:\/\/fjala.info\/2009-2015\/10-vjetori-i-nenshkrimit-te-marreveshjes-vatikan-shqiperi\/#respond"]}]},{"@type":"WebPage","@id":"https:\/\/fjala.info\/2009-2015\/10-vjetori-i-nenshkrimit-te-marreveshjes-vatikan-shqiperi\/","url":"https:\/\/fjala.info\/2009-2015\/10-vjetori-i-nenshkrimit-te-marreveshjes-vatikan-shqiperi\/","name":"10 vjetori i n\u00ebnshkrimit t\u00eb marr\u00ebveshjes Vatikan-Shqip\u00ebri - FjALA e LIR\u00cb - Arkivi","isPartOf":{"@id":"https:\/\/fjala.info\/2009-2015\/#website"},"primaryImageOfPage":{"@id":"https:\/\/fjala.info\/2009-2015\/10-vjetori-i-nenshkrimit-te-marreveshjes-vatikan-shqiperi\/#primaryimage"},"image":{"@id":"https:\/\/fjala.info\/2009-2015\/10-vjetori-i-nenshkrimit-te-marreveshjes-vatikan-shqiperi\/#primaryimage"},"thumbnailUrl":"http:\/\/www.shkoder.net\/2012\/vatikani.jpg","datePublished":"2012-03-22T07:39:55+00:00","breadcrumb":{"@id":"https:\/\/fjala.info\/2009-2015\/10-vjetori-i-nenshkrimit-te-marreveshjes-vatikan-shqiperi\/#breadcrumb"},"inLanguage":"sq-AL","potentialAction":[{"@type":"ReadAction","target":["https:\/\/fjala.info\/2009-2015\/10-vjetori-i-nenshkrimit-te-marreveshjes-vatikan-shqiperi\/"]}]},{"@type":"ImageObject","inLanguage":"sq-AL","@id":"https:\/\/fjala.info\/2009-2015\/10-vjetori-i-nenshkrimit-te-marreveshjes-vatikan-shqiperi\/#primaryimage","url":"http:\/\/www.shkoder.net\/2012\/vatikani.jpg","contentUrl":"http:\/\/www.shkoder.net\/2012\/vatikani.jpg"},{"@type":"BreadcrumbList","@id":"https:\/\/fjala.info\/2009-2015\/10-vjetori-i-nenshkrimit-te-marreveshjes-vatikan-shqiperi\/#breadcrumb","itemListElement":[{"@type":"ListItem","position":1,"name":"Home","item":"https:\/\/fjala.info\/2009-2015\/"},{"@type":"ListItem","position":2,"name":"10 vjetori i n\u00ebnshkrimit t\u00eb marr\u00ebveshjes Vatikan-Shqip\u00ebri"}]},{"@type":"WebSite","@id":"https:\/\/fjala.info\/2009-2015\/#website","url":"https:\/\/fjala.info\/2009-2015\/","name":"FjALA e LIR\u00cb - Arkivi","description":"Arkivi 2009-2015","publisher":{"@id":"https:\/\/fjala.info\/2009-2015\/#organization"},"potentialAction":[{"@type":"SearchAction","target":{"@type":"EntryPoint","urlTemplate":"https:\/\/fjala.info\/2009-2015\/?s={search_term_string}"},"query-input":{"@type":"PropertyValueSpecification","valueRequired":true,"valueName":"search_term_string"}}],"inLanguage":"sq-AL"},{"@type":"Organization","@id":"https:\/\/fjala.info\/2009-2015\/#organization","name":"FjALA e LIR\u00cb - Arkivi","url":"https:\/\/fjala.info\/2009-2015\/","logo":{"@type":"ImageObject","inLanguage":"sq-AL","@id":"https:\/\/fjala.info\/2009-2015\/#\/schema\/logo\/image\/","url":"","contentUrl":"","caption":"FjALA e LIR\u00cb - Arkivi"},"image":{"@id":"https:\/\/fjala.info\/2009-2015\/#\/schema\/logo\/image\/"}},{"@type":"Person","@id":"https:\/\/fjala.info\/2009-2015\/#\/schema\/person\/3aa1163ef05469c496fc94e77611ada2","name":"admin","image":{"@type":"ImageObject","inLanguage":"sq-AL","@id":"https:\/\/fjala.info\/2009-2015\/wp-content\/uploads\/2012\/02\/arben_cokaj-120x150.jpg","url":"https:\/\/fjala.info\/2009-2015\/wp-content\/uploads\/2012\/02\/arben_cokaj-120x150.jpg","contentUrl":"https:\/\/fjala.info\/2009-2015\/wp-content\/uploads\/2012\/02\/arben_cokaj-120x150.jpg","caption":"admin"},"description":"Admin, Fjala e Lir\u00eb","sameAs":["https:\/\/fjala.info\/"],"url":"https:\/\/fjala.info\/2009-2015\/author\/admin\/"}]}},"_links":{"self":[{"href":"https:\/\/fjala.info\/2009-2015\/wp-json\/wp\/v2\/posts\/2267","targetHints":{"allow":["GET"]}}],"collection":[{"href":"https:\/\/fjala.info\/2009-2015\/wp-json\/wp\/v2\/posts"}],"about":[{"href":"https:\/\/fjala.info\/2009-2015\/wp-json\/wp\/v2\/types\/post"}],"author":[{"embeddable":true,"href":"https:\/\/fjala.info\/2009-2015\/wp-json\/wp\/v2\/users\/1"}],"replies":[{"embeddable":true,"href":"https:\/\/fjala.info\/2009-2015\/wp-json\/wp\/v2\/comments?post=2267"}],"version-history":[{"count":0,"href":"https:\/\/fjala.info\/2009-2015\/wp-json\/wp\/v2\/posts\/2267\/revisions"}],"wp:attachment":[{"href":"https:\/\/fjala.info\/2009-2015\/wp-json\/wp\/v2\/media?parent=2267"}],"wp:term":[{"taxonomy":"category","embeddable":true,"href":"https:\/\/fjala.info\/2009-2015\/wp-json\/wp\/v2\/categories?post=2267"},{"taxonomy":"post_tag","embeddable":true,"href":"https:\/\/fjala.info\/2009-2015\/wp-json\/wp\/v2\/tags?post=2267"}],"curies":[{"name":"wp","href":"https:\/\/api.w.org\/{rel}","templated":true}]}}