{"id":2265,"date":"2012-03-25T08:34:35","date_gmt":"2012-03-25T07:34:35","guid":{"rendered":"http:\/\/fjala.shkoder.net\/?p=2265"},"modified":"2012-03-25T08:34:35","modified_gmt":"2012-03-25T07:34:35","slug":"tete-parimet-udheheqese-te-te-lumes-nene-tereza-ne-nje-liber-te-ri","status":"publish","type":"post","link":"https:\/\/fjala.info\/2009-2015\/tete-parimet-udheheqese-te-te-lumes-nene-tereza-ne-nje-liber-te-ri\/","title":{"rendered":"Tet\u00eb parimet udh\u00ebheq\u00ebse t\u00eb T\u00eb Lumes N\u00ebn\u00eb Tereza n\u00eb nj\u00eb lib\u00ebr t\u00eb ri"},"content":{"rendered":"<p><img decoding=\"async\" class=\"alignright size-thumbnail wp-image-7236\" title=\"Ruma Bose &amp; Mother Theresa\" src=\"http:\/\/www.shkoder.net\/2012\/ruma_bose_mother_theresa.jpg\" alt=\"\" width=\"300\" \/><em>Ruma Bose &amp; Lou Faust: \u201cN\u00ebn\u00eb Tereza CEO\u201d (2011, Berrett-Kohler Publishers, Inc. San Francisco, California), f.127<\/em><\/p>\n<p><strong>Klajd Kapinova<\/strong><\/p>\n<p>N\u00eb fondin e art\u00eb t\u00eb koleksionit t\u00eb madh t\u00eb librave biografik kushtuar t\u00eb Lumes N\u00ebn\u00eb Tereza, b\u00ebn pjes\u00eb qysh nga viti i kaluar vepra e re \u201cN\u00ebn\u00eb Tereza GEO\u201d me bashk\u00ebautor\u00eb Ruma Bose &amp; Lou Faust.<br \/>\nAutor\u00ebt amerikan\u00eb, vijn\u00eb para publikut vendas me nj\u00eb lib\u00ebr shum\u00eb serioz dhe cil\u00ebsor n\u00eb p\u00ebrmbajtje.<br \/>\nDuhet th\u00ebn\u00eb, se gjat\u00eb shekullit XX dhe deri tani jan\u00eb botuar nj\u00eb num\u00ebr i madh artikujsh, librash, realizuar dokumentare, aktivitete p\u00ebrkujtimore n\u00eb gjuh\u00eb e shtete t\u00eb ndryshme n\u00eb mbar\u00eb bot\u00ebn, qysh nga koha kur nd\u00ebrroi jet\u00eb Gonxhe Bojaxhiu-N\u00ebn\u00eb Tereza e Kalkut\u00ebs (1910-1997).<\/p>\n<p>Esenca e t\u00ebr\u00ebsis\u00eb s\u00eb tyre, \u00ebsht\u00eb se n\u00eb qend\u00ebr t\u00eb v\u00ebmendjes shkrimtar\u00ebt dhe studiuesit bot\u00ebror\u00eb, kan\u00eb pasur si p\u00ebrsonazh figur\u00ebn e madhe t\u00eb udh\u00ebheq\u00ebses s\u00eb humanizmit bot\u00ebror\u00eb, q\u00eb ishte dhe mbeti e mish\u00ebruar tek murgesha trupvog\u00ebl por zem\u00ebrmadhe N\u00ebn\u00eb Tereza, si nj\u00eb shembull i mir\u00ebsis\u00eb dhe p\u00ebrkushtimit nj\u00ebr\u00ebzor, duke jetuar e punuar mes dhe vet\u00ebm p\u00ebr t\u00eb varf\u00ebrit kudo n\u00eb bot\u00eb.<\/p>\n<p><img decoding=\"async\" class=\"alignleft size-thumbnail wp-image-7236\" title=\"Ruma Bose, Mother Theresa\" src=\"http:\/\/www.shkoder.net\/2012\/book.jpg\" alt=\"\" width=\"300\" \/>N\u00eb k\u00ebt\u00eb linj\u00eb vler\u00ebsimi, \u00ebsht\u00eb edhe libri i ri i sapodal\u00eb n\u00eb qarkullim n\u00eb Amerik\u00eb, n\u00eb dhjetor t\u00eb vitit 2011. Ai \u00ebsht\u00eb shkruar m\u00eb pasion dhe dashuri t\u00eb ve\u00e7ant\u00eb nga bashk\u00ebautor\u00ebt Ruma Bose &amp; Lou Faust.<br \/>\nK\u00ebsisoj autor\u00ebt si bleta pun\u00ebtore mblodh\u00ebn e p\u00ebrpunuan nektarin e veprimtaris\u00eb dhe gjith\u00e7ka ata ruanin n\u00eb kujtes\u00ebn e tyre p\u00ebr k\u00ebt\u00eb udh\u00ebheq\u00ebse mir\u00ebsie, q\u00eb u dha drit\u00eb e shpres\u00eb njer\u00ebzve m\u00eb t\u00eb p\u00ebrbuzur t\u00eb planetit ton\u00eb.<\/p>\n<p>Libri \u201cMother Teresa, GEO\u201d, \u00ebsht\u00eb shkruar thjesht\u00eb me ndjenj\u00eb t\u00eb lart\u00eb dhe t\u00eb past\u00ebr dashurie nga Bose &amp; Faust, dy nj\u00ebr\u00ebz t\u00eb njohur n\u00eb komunitetin e madh amerikan.<\/p>\n<p>Ato s\u00ebbashku na e kan\u00eb dh\u00ebn\u00eb T\u00eb Lumen N\u00ebn\u00eb Tereza me t\u00ebr\u00eb origjinalitetin e saj (p\u00ebrmes zb\u00ebrthimit t\u00eb tet\u00eb parimeve udh\u00ebheq\u00ebse n\u00eb jet\u00ebn dhe misionin e Saj), si nj\u00eb lidere shembullore sot, n\u00eb shekullin XXI e mb\u00ebrthyer nga plag\u00eb luftrash, plot male mjerimi n\u00eb shum\u00eb an\u00eb t\u00eb bot\u00ebs, ku dhembshuria e ka humbur kuptimin nga mosp\u00ebrdorimi i saj n\u00eb shum\u00eb situata konfliktesh dhe luftrash t\u00eb pakuptimt\u00eb.<\/p>\n<p>Tashm\u00eb kushdo e di, se Ajo, ka inspiruar miliona njer\u00ebz n\u00eb mbar\u00eb bot\u00ebn, q\u00eb t\u2019i p\u00ebrkushtohen njer\u00ebzve t\u00eb varf\u00ebr, duke themeluar misionet e saj t\u00eb bamir\u00ebsis\u00eb (si motrat dhe v\u00ebllez\u00ebrit e N\u00ebn\u00eb Terez\u00ebs, sikurse njihen ne trojet tona etnike), p\u00ebr t\u00eb varf\u00ebrit mes m\u00eb t\u00eb varf\u00ebrve, duke u munduar me p\u00ebrkushtim e dhembshuri t\u00eb zbus\u00eb sado pak plag\u00ebt n\u00eb shpirtin e tyre, mjerimin e thell\u00eb material dhe shpirt\u00ebror.<br \/>\nDhe p\u00ebr fat t\u00eb mir\u00eb misionet e dashuris\u00eb, ndaj m\u00eb t\u00eb varf\u00ebrve, t\u00eb s\u00ebmur\u00ebve, t\u00eb braktisurve, jetim\u00ebve, lebroz\u00ebve, malarik\u00ebve, njer\u00ebzve me t\u00eb meta mendore e fizike, q\u00eb jan\u00eb braktisur nga shoq\u00ebria dhe familja, u kan\u00eb dh\u00ebn\u00eb e japin prej dekadash dhe sot ngroht\u00ebsi me dashuri t\u00eb v\u00ebrtet\u00eb prind\u00ebrore njer\u00ebzve n\u00eb nevoj\u00eb.<\/p>\n<p><img decoding=\"async\" class=\"alignright size-thumbnail wp-image-7236\" title=\"Ruma Bose at a house of Mother Theresa mission\" src=\"http:\/\/www.shkoder.net\/2012\/book1.jpg\" alt=\"\" width=\"300\" \/>Vepra n\u00eb fjal\u00eb, \u00ebsht\u00eb e ndar\u00eb n\u00eb 8 kapituj, q\u00eb ndryshe mund t\u00eb thuhet se jane titujt e 8 parime, q\u00eb e kan\u00eb udh\u00ebheq n\u00eb jet\u00eb kryemisonaren. Ato ofrohen sot p\u00ebr her\u00eb t\u00eb par\u00eb n\u00eb k\u00ebt\u00eb vep\u00ebr t\u00eb vetme t\u00eb mir\u00ebseardhur p\u00ebr lexuesit kudo n\u00eb bot\u00eb.<\/p>\n<p>Ikona ose Bija e tok\u00ebs s\u00eb Arb\u00ebrit, sikurse dihet nga t\u00eb gjith\u00eb s\u00ebshpejti nga Selia e Shenjt\u00eb n\u00eb Vatikan, pritet t\u00eb b\u00ebhet e Shenjt\u00eb, duke rritur edhe me shum\u00eb n\u00eb k\u00ebt\u00eb m\u00ebnyr\u00eb frym\u00ebzimin p\u00ebr brezat e rinj dhe nj\u00ebr\u00ebzit e ardhsh\u00ebm, p\u00ebr t\u00eb shpalosur gjithnj\u00eb principet udheheq\u00ebse t\u00eb vlerave t\u00eb humanizmit dhe p\u00ebrkushtimit p\u00ebr t\u00eb varf\u00ebrit e planetit ton\u00eb.<\/p>\n<p><strong>E lumja N\u00ebn\u00eb Tereza n\u00eb mendjen dhe zemr\u00ebn e bashk\u00ebautor\u00ebve amerikan\u00eb<\/strong><\/p>\n<p>N\u00eb hyrje bashk\u00ebator\u00ebt Ruma &amp; Lou, kan\u00eb v\u00ebn\u00eb p\u00ebrkushtimin me n\u00ebnshkrim, q\u00eb ata i kan\u00eb b\u00ebr\u00eb nga thellesia e zemr\u00ebs s\u00eb tyre librit t\u00eb sapodal\u00eb n\u00eb qarkullim.<br \/>\nK\u00ebshtu bashk\u00ebpun\u00ebtorja n\u00eb Misionin e Bamir\u00ebsis\u00eb t\u00eb s\u00eb Lumes N\u00ebn\u00eb Tereza, shkruan, se k\u00ebt\u00eb vep\u00ebr ia ka dedikuar dy engj\u00ebjve n\u00eb jet\u00ebn e saj, q\u00eb jan\u00eb: E Lumja N\u00ebn\u00eb Tereza dhe babait t\u00eb saj shum\u00eb t\u00eb mir\u00eb Tapan Kumar Bose Roma, nd\u00ebrsa autori tjet\u00ebr p\u00ebrkushtimin e vet e ka formuluar n\u00eb adres\u00eb t\u00eb n\u00ebn\u00ebs s\u00eb dashur JoAnn Devane Faust Lou.<\/p>\n<p>Me shum\u00eb k\u00ebnaqsi, lexuesi mund t\u00eb kundroi kapitujt: \u201c\u00cbndrr\u00ebn e thjesht\u00eb, thuajse me z\u00eb\u201d, \u201cP\u00ebr t\u00eb fituar nj\u00eb engjell, bisedo me djallin\u201d, \u201cPrisni! Pastaj merrni momentin tuaj\u201d, \u201cP\u00ebrqafoni fuqin\u00eb e dyshimit\u201d, \u201cZbuloni g\u00ebzimin e disiplin\u00ebs\u201d, \u201cKomunikoni n\u00eb nj\u00eb gjuh\u00eb q\u00eb njer\u00ebzit t\u00eb kuptojn\u00eb\u201d, \u201cKushtoni vemendje pastrimit\u201d, \u201cP\u00ebrdorni fuqin\u00eb e heshtjes\u201d.<\/p>\n<p>Libri, mbyllet me konkluzionin q\u00eb kan\u00eb nxjerr\u00eb n\u00eb fund t\u00eb vepr\u00ebs, hartuar me dinjitet dhe p\u00ebrkushtim nga bashk\u00ebautor\u00ebt amerikan\u00eb Bose &amp; Faust.<\/p>\n<p>Ato tregojn\u00eb, se n\u00eb vitin 1948 Misioni i Bamir\u00ebsis\u00eb i themeluar nga N\u00ebn\u00eb Tereza kishte 12 antar\u00eb dhe dekada m\u00eb von\u00eb arrijn\u00eb n\u00eb miliona misionar\u00eb.<br \/>\nSot organizata n\u00eb fjal\u00eb, ka veprimtari n\u00eb mbi 100 vende, duke p\u00ebrfshir\u00eb mbi 1 milion an\u00ebtar\u00ebt e ekipit, duke qen\u00eb nj\u00eb nga m\u00eb t\u00eb mir\u00ebnjohurat n\u00eb histori.<\/p>\n<p>Kryemisionarja me origjin\u00eb shqiptare, ka pasur nj\u00eb vision dhe besim t\u00eb plot\u00eb n\u00eb suksesin e misioneve t\u00eb Saj n\u00eb t\u00ebr\u00eb bot\u00ebn, mbasi po arrin\u00eb sot t\u00eb p\u00ebrmbush mrekullisht nj\u00eb detyr\u00eb shpirt\u00ebrore shum\u00eb t\u00eb lart\u00eb t\u00eb frym\u00ebzuar nga filozofia, jeta dhe pervujt\u00ebria e Jezu Krishtit Zot e Njeri, duke frym\u00ebzuar shum\u00eb pasardh\u00ebs (e) n\u00eb rrug\u00ebn e Saj t\u00eb madhe dhe t\u00eb v\u00ebshtir\u00eb, plot p\u00ebrkushtim p\u00ebr t\u00eb varf\u00ebrit n\u00eb bot\u00eb.<br \/>\nAutorja me origjin\u00eb indiane Ruma Bose, kaloi nj\u00eb koh\u00eb n\u00eb Calcuta t\u00eb Indis\u00eb, duke punuar si vullnetare me N\u00ebn\u00eb Terez\u00ebn dhe misionar\u00ebt e Saj t\u00eb bamir\u00ebsis\u00eb n\u00eb vitet 1992-1993. K\u00ebt\u00eb p\u00ebrvoj\u00eb ajo e ndan sot me lexuesit amerikan\u00eb dhe bot\u00ebror\u00eb. Me kalimin e koh\u00ebs, Bose zbuloi, se suksesi i N\u00ebn\u00eb Terez\u00ebs mb\u00ebshtetej tek p\u00ebrdorimi i kujdessh\u00ebm i tet\u00eb parimeve t\u00eb thjeshta dhe t\u00eb papritura tek paraqiten sot p\u00ebr lexuesit.<\/p>\n<p>Duhet theksuar se shkrimtarja Bose, krahas bisnesit t\u00eb saj, \u00ebsht\u00eb e angazhuar aktivisht n\u00eb bamir\u00ebsi. Aktivistja e palodhur, b\u00ebn pjes\u00eb si drejtuese e r\u00ebnd\u00ebsishme n\u00eb nj\u00eb num\u00ebr organizatash jofitimprur\u00ebse.<br \/>\nP\u00ebrmes faqeve t\u00eb k\u00ebtij libri, lexuesi njihet mbas shum\u00eb vit\u00ebve me k\u00ebto parime, duke m\u00ebsuar n\u00eb \u00e7do faqe p\u00ebrvoj\u00ebn e Bose-s\u00eb me N\u00ebn\u00eb Terez\u00ebn, dhe sikurse shkruajne bashk\u00ebautor\u00ebt: \u201czbuloni se si t\u00eb aplikoni parimet e N\u00ebn\u00eb Terez\u00ebs n\u00ebse gjendeni para nj\u00eb projekti t\u00eb vet\u00ebm, brenda nj\u00eb organizate ose n\u00eb jet\u00ebn tuaj.\u201d<\/p>\n<p>Bashk\u00ebautori tjet\u00ebr Lou Faust \u00ebsht\u00eb biznesmen dhe k\u00ebshilltar me 30 vjet p\u00ebrvoj\u00eb n\u00eb koorporata, duke p\u00ebrfshir\u00eb dhjet\u00eb vjet n\u00eb Wall Street Brothers me Salomon, ku ai ishte drejtor dhe sot punon si drejtor i operacioneve globale.<\/p>\n<p>Gjithashtu Faust, \u00ebsht\u00eb bashk\u00ebdrejtues dhe themelues i Capital Partners Edge, e cila ofron k\u00ebshilla strategjike p\u00ebr kompanit\u00eb e reja q\u00eb jan\u00eb n\u00eb rritje t\u00eb aktivitetit t\u00eb tyre tregtar. P\u00ebr librin e ri n\u00eb qarkullim, kan\u00eb shkruar artikuj vler\u00ebsues gazetat e njohura amerikane Finanacial Times, The New York Post, etj.<\/p>\n<p><a href=\"mailto:klajdkapinova@yahoo.com\">klajdkapinova@yahoo.com<\/a><\/p>\n","protected":false},"excerpt":{"rendered":"<p>Ruma Bose &amp; Lou Faust: \u201cN\u00ebn\u00eb Tereza CEO\u201d (2011, Berrett-Kohler Publishers, Inc. San Francisco, California), f.127 Klajd Kapinova N\u00eb fondin e art\u00eb t\u00eb koleksionit t\u00eb madh t\u00eb librave biografik kushtuar t\u00eb Lumes N\u00ebn\u00eb Tereza, b\u00ebn pjes\u00eb qysh nga viti i kaluar vepra e re \u201cN\u00ebn\u00eb Tereza GEO\u201d me bashk\u00ebautor\u00eb Ruma Bose &amp; Lou Faust. Autor\u00ebt [&hellip;]<\/p>\n","protected":false},"author":1,"featured_media":0,"comment_status":"open","ping_status":"closed","sticky":false,"template":"","format":"standard","meta":{"footnotes":""},"categories":[2],"tags":[],"class_list":{"0":"post-2265","1":"post","2":"type-post","3":"status-publish","4":"format-standard","6":"category-artikuj"},"yoast_head":"<!-- This site is optimized with the Yoast SEO plugin v27.4 - https:\/\/yoast.com\/product\/yoast-seo-wordpress\/ -->\n<title>Tet\u00eb parimet udh\u00ebheq\u00ebse t\u00eb T\u00eb Lumes N\u00ebn\u00eb Tereza n\u00eb nj\u00eb lib\u00ebr t\u00eb ri - FjALA e LIR\u00cb - Arkivi<\/title>\n<meta name=\"robots\" content=\"index, follow, max-snippet:-1, max-image-preview:large, max-video-preview:-1\" \/>\n<link rel=\"canonical\" href=\"https:\/\/fjala.info\/2009-2015\/tete-parimet-udheheqese-te-te-lumes-nene-tereza-ne-nje-liber-te-ri\/\" \/>\n<meta property=\"og:locale\" content=\"sq_AL\" \/>\n<meta property=\"og:type\" content=\"article\" \/>\n<meta property=\"og:title\" content=\"Tet\u00eb parimet udh\u00ebheq\u00ebse t\u00eb T\u00eb Lumes N\u00ebn\u00eb Tereza n\u00eb nj\u00eb lib\u00ebr t\u00eb ri - FjALA e LIR\u00cb - Arkivi\" \/>\n<meta property=\"og:description\" content=\"Ruma Bose &amp; Lou Faust: \u201cN\u00ebn\u00eb Tereza CEO\u201d (2011, Berrett-Kohler Publishers, Inc. San Francisco, California), f.127 Klajd Kapinova N\u00eb fondin e art\u00eb t\u00eb koleksionit t\u00eb madh t\u00eb librave biografik kushtuar t\u00eb Lumes N\u00ebn\u00eb Tereza, b\u00ebn pjes\u00eb qysh nga viti i kaluar vepra e re \u201cN\u00ebn\u00eb Tereza GEO\u201d me bashk\u00ebautor\u00eb Ruma Bose &amp; Lou Faust. Autor\u00ebt [&hellip;]\" \/>\n<meta property=\"og:url\" content=\"https:\/\/fjala.info\/2009-2015\/tete-parimet-udheheqese-te-te-lumes-nene-tereza-ne-nje-liber-te-ri\/\" \/>\n<meta property=\"og:site_name\" content=\"FjALA e LIR\u00cb - Arkivi\" \/>\n<meta property=\"article:published_time\" content=\"2012-03-25T07:34:35+00:00\" \/>\n<meta property=\"og:image\" content=\"http:\/\/www.shkoder.net\/2012\/ruma_bose_mother_theresa.jpg\" \/>\n<meta name=\"author\" content=\"admin\" \/>\n<meta name=\"twitter:card\" content=\"summary_large_image\" \/>\n<meta name=\"twitter:label1\" content=\"Written by\" \/>\n\t<meta name=\"twitter:data1\" content=\"admin\" \/>\n\t<meta name=\"twitter:label2\" content=\"Est. reading time\" \/>\n\t<meta name=\"twitter:data2\" content=\"7 minutes\" \/>\n<script type=\"application\/ld+json\" class=\"yoast-schema-graph\">{\"@context\":\"https:\\\/\\\/schema.org\",\"@graph\":[{\"@type\":\"Article\",\"@id\":\"https:\\\/\\\/fjala.info\\\/2009-2015\\\/tete-parimet-udheheqese-te-te-lumes-nene-tereza-ne-nje-liber-te-ri\\\/#article\",\"isPartOf\":{\"@id\":\"https:\\\/\\\/fjala.info\\\/2009-2015\\\/tete-parimet-udheheqese-te-te-lumes-nene-tereza-ne-nje-liber-te-ri\\\/\"},\"author\":{\"name\":\"admin\",\"@id\":\"https:\\\/\\\/fjala.info\\\/2009-2015\\\/#\\\/schema\\\/person\\\/3aa1163ef05469c496fc94e77611ada2\"},\"headline\":\"Tet\u00eb parimet udh\u00ebheq\u00ebse t\u00eb T\u00eb Lumes N\u00ebn\u00eb Tereza n\u00eb nj\u00eb lib\u00ebr t\u00eb ri\",\"datePublished\":\"2012-03-25T07:34:35+00:00\",\"mainEntityOfPage\":{\"@id\":\"https:\\\/\\\/fjala.info\\\/2009-2015\\\/tete-parimet-udheheqese-te-te-lumes-nene-tereza-ne-nje-liber-te-ri\\\/\"},\"wordCount\":1325,\"commentCount\":0,\"publisher\":{\"@id\":\"https:\\\/\\\/fjala.info\\\/2009-2015\\\/#organization\"},\"image\":{\"@id\":\"https:\\\/\\\/fjala.info\\\/2009-2015\\\/tete-parimet-udheheqese-te-te-lumes-nene-tereza-ne-nje-liber-te-ri\\\/#primaryimage\"},\"thumbnailUrl\":\"http:\\\/\\\/www.shkoder.net\\\/2012\\\/ruma_bose_mother_theresa.jpg\",\"articleSection\":[\"Artikuj\"],\"inLanguage\":\"sq-AL\",\"potentialAction\":[{\"@type\":\"CommentAction\",\"name\":\"Comment\",\"target\":[\"https:\\\/\\\/fjala.info\\\/2009-2015\\\/tete-parimet-udheheqese-te-te-lumes-nene-tereza-ne-nje-liber-te-ri\\\/#respond\"]}]},{\"@type\":\"WebPage\",\"@id\":\"https:\\\/\\\/fjala.info\\\/2009-2015\\\/tete-parimet-udheheqese-te-te-lumes-nene-tereza-ne-nje-liber-te-ri\\\/\",\"url\":\"https:\\\/\\\/fjala.info\\\/2009-2015\\\/tete-parimet-udheheqese-te-te-lumes-nene-tereza-ne-nje-liber-te-ri\\\/\",\"name\":\"Tet\u00eb parimet udh\u00ebheq\u00ebse t\u00eb T\u00eb Lumes N\u00ebn\u00eb Tereza n\u00eb nj\u00eb lib\u00ebr t\u00eb ri - FjALA e LIR\u00cb - Arkivi\",\"isPartOf\":{\"@id\":\"https:\\\/\\\/fjala.info\\\/2009-2015\\\/#website\"},\"primaryImageOfPage\":{\"@id\":\"https:\\\/\\\/fjala.info\\\/2009-2015\\\/tete-parimet-udheheqese-te-te-lumes-nene-tereza-ne-nje-liber-te-ri\\\/#primaryimage\"},\"image\":{\"@id\":\"https:\\\/\\\/fjala.info\\\/2009-2015\\\/tete-parimet-udheheqese-te-te-lumes-nene-tereza-ne-nje-liber-te-ri\\\/#primaryimage\"},\"thumbnailUrl\":\"http:\\\/\\\/www.shkoder.net\\\/2012\\\/ruma_bose_mother_theresa.jpg\",\"datePublished\":\"2012-03-25T07:34:35+00:00\",\"breadcrumb\":{\"@id\":\"https:\\\/\\\/fjala.info\\\/2009-2015\\\/tete-parimet-udheheqese-te-te-lumes-nene-tereza-ne-nje-liber-te-ri\\\/#breadcrumb\"},\"inLanguage\":\"sq-AL\",\"potentialAction\":[{\"@type\":\"ReadAction\",\"target\":[\"https:\\\/\\\/fjala.info\\\/2009-2015\\\/tete-parimet-udheheqese-te-te-lumes-nene-tereza-ne-nje-liber-te-ri\\\/\"]}]},{\"@type\":\"ImageObject\",\"inLanguage\":\"sq-AL\",\"@id\":\"https:\\\/\\\/fjala.info\\\/2009-2015\\\/tete-parimet-udheheqese-te-te-lumes-nene-tereza-ne-nje-liber-te-ri\\\/#primaryimage\",\"url\":\"http:\\\/\\\/www.shkoder.net\\\/2012\\\/ruma_bose_mother_theresa.jpg\",\"contentUrl\":\"http:\\\/\\\/www.shkoder.net\\\/2012\\\/ruma_bose_mother_theresa.jpg\"},{\"@type\":\"BreadcrumbList\",\"@id\":\"https:\\\/\\\/fjala.info\\\/2009-2015\\\/tete-parimet-udheheqese-te-te-lumes-nene-tereza-ne-nje-liber-te-ri\\\/#breadcrumb\",\"itemListElement\":[{\"@type\":\"ListItem\",\"position\":1,\"name\":\"Home\",\"item\":\"https:\\\/\\\/fjala.info\\\/2009-2015\\\/\"},{\"@type\":\"ListItem\",\"position\":2,\"name\":\"Tet\u00eb parimet udh\u00ebheq\u00ebse t\u00eb T\u00eb Lumes N\u00ebn\u00eb Tereza n\u00eb nj\u00eb lib\u00ebr t\u00eb ri\"}]},{\"@type\":\"WebSite\",\"@id\":\"https:\\\/\\\/fjala.info\\\/2009-2015\\\/#website\",\"url\":\"https:\\\/\\\/fjala.info\\\/2009-2015\\\/\",\"name\":\"FjALA e LIR\u00cb - Arkivi\",\"description\":\"Arkivi 2009-2015\",\"publisher\":{\"@id\":\"https:\\\/\\\/fjala.info\\\/2009-2015\\\/#organization\"},\"potentialAction\":[{\"@type\":\"SearchAction\",\"target\":{\"@type\":\"EntryPoint\",\"urlTemplate\":\"https:\\\/\\\/fjala.info\\\/2009-2015\\\/?s={search_term_string}\"},\"query-input\":{\"@type\":\"PropertyValueSpecification\",\"valueRequired\":true,\"valueName\":\"search_term_string\"}}],\"inLanguage\":\"sq-AL\"},{\"@type\":\"Organization\",\"@id\":\"https:\\\/\\\/fjala.info\\\/2009-2015\\\/#organization\",\"name\":\"FjALA e LIR\u00cb - Arkivi\",\"url\":\"https:\\\/\\\/fjala.info\\\/2009-2015\\\/\",\"logo\":{\"@type\":\"ImageObject\",\"inLanguage\":\"sq-AL\",\"@id\":\"https:\\\/\\\/fjala.info\\\/2009-2015\\\/#\\\/schema\\\/logo\\\/image\\\/\",\"url\":\"\",\"contentUrl\":\"\",\"caption\":\"FjALA e LIR\u00cb - Arkivi\"},\"image\":{\"@id\":\"https:\\\/\\\/fjala.info\\\/2009-2015\\\/#\\\/schema\\\/logo\\\/image\\\/\"}},{\"@type\":\"Person\",\"@id\":\"https:\\\/\\\/fjala.info\\\/2009-2015\\\/#\\\/schema\\\/person\\\/3aa1163ef05469c496fc94e77611ada2\",\"name\":\"admin\",\"image\":{\"@type\":\"ImageObject\",\"inLanguage\":\"sq-AL\",\"@id\":\"https:\\\/\\\/fjala.info\\\/2009-2015\\\/wp-content\\\/uploads\\\/2012\\\/02\\\/arben_cokaj-120x150.jpg\",\"url\":\"https:\\\/\\\/fjala.info\\\/2009-2015\\\/wp-content\\\/uploads\\\/2012\\\/02\\\/arben_cokaj-120x150.jpg\",\"contentUrl\":\"https:\\\/\\\/fjala.info\\\/2009-2015\\\/wp-content\\\/uploads\\\/2012\\\/02\\\/arben_cokaj-120x150.jpg\",\"caption\":\"admin\"},\"description\":\"Admin, Fjala e Lir\u00eb\",\"sameAs\":[\"https:\\\/\\\/fjala.info\\\/\"],\"url\":\"https:\\\/\\\/fjala.info\\\/2009-2015\\\/author\\\/admin\\\/\"}]}<\/script>\n<!-- \/ Yoast SEO plugin. -->","yoast_head_json":{"title":"Tet\u00eb parimet udh\u00ebheq\u00ebse t\u00eb T\u00eb Lumes N\u00ebn\u00eb Tereza n\u00eb nj\u00eb lib\u00ebr t\u00eb ri - FjALA e LIR\u00cb - Arkivi","robots":{"index":"index","follow":"follow","max-snippet":"max-snippet:-1","max-image-preview":"max-image-preview:large","max-video-preview":"max-video-preview:-1"},"canonical":"https:\/\/fjala.info\/2009-2015\/tete-parimet-udheheqese-te-te-lumes-nene-tereza-ne-nje-liber-te-ri\/","og_locale":"sq_AL","og_type":"article","og_title":"Tet\u00eb parimet udh\u00ebheq\u00ebse t\u00eb T\u00eb Lumes N\u00ebn\u00eb Tereza n\u00eb nj\u00eb lib\u00ebr t\u00eb ri - FjALA e LIR\u00cb - Arkivi","og_description":"Ruma Bose &amp; Lou Faust: \u201cN\u00ebn\u00eb Tereza CEO\u201d (2011, Berrett-Kohler Publishers, Inc. San Francisco, California), f.127 Klajd Kapinova N\u00eb fondin e art\u00eb t\u00eb koleksionit t\u00eb madh t\u00eb librave biografik kushtuar t\u00eb Lumes N\u00ebn\u00eb Tereza, b\u00ebn pjes\u00eb qysh nga viti i kaluar vepra e re \u201cN\u00ebn\u00eb Tereza GEO\u201d me bashk\u00ebautor\u00eb Ruma Bose &amp; Lou Faust. Autor\u00ebt [&hellip;]","og_url":"https:\/\/fjala.info\/2009-2015\/tete-parimet-udheheqese-te-te-lumes-nene-tereza-ne-nje-liber-te-ri\/","og_site_name":"FjALA e LIR\u00cb - Arkivi","article_published_time":"2012-03-25T07:34:35+00:00","og_image":[{"url":"http:\/\/www.shkoder.net\/2012\/ruma_bose_mother_theresa.jpg","type":"","width":"","height":""}],"author":"admin","twitter_card":"summary_large_image","twitter_misc":{"Written by":"admin","Est. reading time":"7 minutes"},"schema":{"@context":"https:\/\/schema.org","@graph":[{"@type":"Article","@id":"https:\/\/fjala.info\/2009-2015\/tete-parimet-udheheqese-te-te-lumes-nene-tereza-ne-nje-liber-te-ri\/#article","isPartOf":{"@id":"https:\/\/fjala.info\/2009-2015\/tete-parimet-udheheqese-te-te-lumes-nene-tereza-ne-nje-liber-te-ri\/"},"author":{"name":"admin","@id":"https:\/\/fjala.info\/2009-2015\/#\/schema\/person\/3aa1163ef05469c496fc94e77611ada2"},"headline":"Tet\u00eb parimet udh\u00ebheq\u00ebse t\u00eb T\u00eb Lumes N\u00ebn\u00eb Tereza n\u00eb nj\u00eb lib\u00ebr t\u00eb ri","datePublished":"2012-03-25T07:34:35+00:00","mainEntityOfPage":{"@id":"https:\/\/fjala.info\/2009-2015\/tete-parimet-udheheqese-te-te-lumes-nene-tereza-ne-nje-liber-te-ri\/"},"wordCount":1325,"commentCount":0,"publisher":{"@id":"https:\/\/fjala.info\/2009-2015\/#organization"},"image":{"@id":"https:\/\/fjala.info\/2009-2015\/tete-parimet-udheheqese-te-te-lumes-nene-tereza-ne-nje-liber-te-ri\/#primaryimage"},"thumbnailUrl":"http:\/\/www.shkoder.net\/2012\/ruma_bose_mother_theresa.jpg","articleSection":["Artikuj"],"inLanguage":"sq-AL","potentialAction":[{"@type":"CommentAction","name":"Comment","target":["https:\/\/fjala.info\/2009-2015\/tete-parimet-udheheqese-te-te-lumes-nene-tereza-ne-nje-liber-te-ri\/#respond"]}]},{"@type":"WebPage","@id":"https:\/\/fjala.info\/2009-2015\/tete-parimet-udheheqese-te-te-lumes-nene-tereza-ne-nje-liber-te-ri\/","url":"https:\/\/fjala.info\/2009-2015\/tete-parimet-udheheqese-te-te-lumes-nene-tereza-ne-nje-liber-te-ri\/","name":"Tet\u00eb parimet udh\u00ebheq\u00ebse t\u00eb T\u00eb Lumes N\u00ebn\u00eb Tereza n\u00eb nj\u00eb lib\u00ebr t\u00eb ri - FjALA e LIR\u00cb - Arkivi","isPartOf":{"@id":"https:\/\/fjala.info\/2009-2015\/#website"},"primaryImageOfPage":{"@id":"https:\/\/fjala.info\/2009-2015\/tete-parimet-udheheqese-te-te-lumes-nene-tereza-ne-nje-liber-te-ri\/#primaryimage"},"image":{"@id":"https:\/\/fjala.info\/2009-2015\/tete-parimet-udheheqese-te-te-lumes-nene-tereza-ne-nje-liber-te-ri\/#primaryimage"},"thumbnailUrl":"http:\/\/www.shkoder.net\/2012\/ruma_bose_mother_theresa.jpg","datePublished":"2012-03-25T07:34:35+00:00","breadcrumb":{"@id":"https:\/\/fjala.info\/2009-2015\/tete-parimet-udheheqese-te-te-lumes-nene-tereza-ne-nje-liber-te-ri\/#breadcrumb"},"inLanguage":"sq-AL","potentialAction":[{"@type":"ReadAction","target":["https:\/\/fjala.info\/2009-2015\/tete-parimet-udheheqese-te-te-lumes-nene-tereza-ne-nje-liber-te-ri\/"]}]},{"@type":"ImageObject","inLanguage":"sq-AL","@id":"https:\/\/fjala.info\/2009-2015\/tete-parimet-udheheqese-te-te-lumes-nene-tereza-ne-nje-liber-te-ri\/#primaryimage","url":"http:\/\/www.shkoder.net\/2012\/ruma_bose_mother_theresa.jpg","contentUrl":"http:\/\/www.shkoder.net\/2012\/ruma_bose_mother_theresa.jpg"},{"@type":"BreadcrumbList","@id":"https:\/\/fjala.info\/2009-2015\/tete-parimet-udheheqese-te-te-lumes-nene-tereza-ne-nje-liber-te-ri\/#breadcrumb","itemListElement":[{"@type":"ListItem","position":1,"name":"Home","item":"https:\/\/fjala.info\/2009-2015\/"},{"@type":"ListItem","position":2,"name":"Tet\u00eb parimet udh\u00ebheq\u00ebse t\u00eb T\u00eb Lumes N\u00ebn\u00eb Tereza n\u00eb nj\u00eb lib\u00ebr t\u00eb ri"}]},{"@type":"WebSite","@id":"https:\/\/fjala.info\/2009-2015\/#website","url":"https:\/\/fjala.info\/2009-2015\/","name":"FjALA e LIR\u00cb - Arkivi","description":"Arkivi 2009-2015","publisher":{"@id":"https:\/\/fjala.info\/2009-2015\/#organization"},"potentialAction":[{"@type":"SearchAction","target":{"@type":"EntryPoint","urlTemplate":"https:\/\/fjala.info\/2009-2015\/?s={search_term_string}"},"query-input":{"@type":"PropertyValueSpecification","valueRequired":true,"valueName":"search_term_string"}}],"inLanguage":"sq-AL"},{"@type":"Organization","@id":"https:\/\/fjala.info\/2009-2015\/#organization","name":"FjALA e LIR\u00cb - Arkivi","url":"https:\/\/fjala.info\/2009-2015\/","logo":{"@type":"ImageObject","inLanguage":"sq-AL","@id":"https:\/\/fjala.info\/2009-2015\/#\/schema\/logo\/image\/","url":"","contentUrl":"","caption":"FjALA e LIR\u00cb - Arkivi"},"image":{"@id":"https:\/\/fjala.info\/2009-2015\/#\/schema\/logo\/image\/"}},{"@type":"Person","@id":"https:\/\/fjala.info\/2009-2015\/#\/schema\/person\/3aa1163ef05469c496fc94e77611ada2","name":"admin","image":{"@type":"ImageObject","inLanguage":"sq-AL","@id":"https:\/\/fjala.info\/2009-2015\/wp-content\/uploads\/2012\/02\/arben_cokaj-120x150.jpg","url":"https:\/\/fjala.info\/2009-2015\/wp-content\/uploads\/2012\/02\/arben_cokaj-120x150.jpg","contentUrl":"https:\/\/fjala.info\/2009-2015\/wp-content\/uploads\/2012\/02\/arben_cokaj-120x150.jpg","caption":"admin"},"description":"Admin, Fjala e Lir\u00eb","sameAs":["https:\/\/fjala.info\/"],"url":"https:\/\/fjala.info\/2009-2015\/author\/admin\/"}]}},"_links":{"self":[{"href":"https:\/\/fjala.info\/2009-2015\/wp-json\/wp\/v2\/posts\/2265","targetHints":{"allow":["GET"]}}],"collection":[{"href":"https:\/\/fjala.info\/2009-2015\/wp-json\/wp\/v2\/posts"}],"about":[{"href":"https:\/\/fjala.info\/2009-2015\/wp-json\/wp\/v2\/types\/post"}],"author":[{"embeddable":true,"href":"https:\/\/fjala.info\/2009-2015\/wp-json\/wp\/v2\/users\/1"}],"replies":[{"embeddable":true,"href":"https:\/\/fjala.info\/2009-2015\/wp-json\/wp\/v2\/comments?post=2265"}],"version-history":[{"count":0,"href":"https:\/\/fjala.info\/2009-2015\/wp-json\/wp\/v2\/posts\/2265\/revisions"}],"wp:attachment":[{"href":"https:\/\/fjala.info\/2009-2015\/wp-json\/wp\/v2\/media?parent=2265"}],"wp:term":[{"taxonomy":"category","embeddable":true,"href":"https:\/\/fjala.info\/2009-2015\/wp-json\/wp\/v2\/categories?post=2265"},{"taxonomy":"post_tag","embeddable":true,"href":"https:\/\/fjala.info\/2009-2015\/wp-json\/wp\/v2\/tags?post=2265"}],"curies":[{"name":"wp","href":"https:\/\/api.w.org\/{rel}","templated":true}]}}