{"id":2264,"date":"2010-04-17T08:43:58","date_gmt":"2010-04-17T07:43:58","guid":{"rendered":"http:\/\/fjala.shkoder.net\/?p=2264"},"modified":"2010-04-17T08:43:58","modified_gmt":"2010-04-17T07:43:58","slug":"pa-dinjitet-por-me-koke-perpjete","status":"publish","type":"post","link":"https:\/\/fjala.info\/2009-2015\/pa-dinjitet-por-me-koke-perpjete\/","title":{"rendered":"Pa dinjitet, por me kok\u00eb p\u00ebrpjet\u00eb"},"content":{"rendered":"<p><img decoding=\"async\" style=\"margin-left: 10px; margin-right: 10px; border: 0px;\" src=\"http:\/\/www.shkoder.net\/images\/fjala\/2010\/gerti_berisha.jpg\" border=\"0\" alt=\"Mero Baze\" width=\"200\" align=\"left\" \/><\/p>\n<p>Nga: <strong>ILIR DHIMA<\/strong><\/p>\n<p>Q\u00eb aty nga fi llimet e mandatit t\u00eb par\u00eb t\u00eb k\u00ebsaj maxhorance qeveris\u00ebse, gabimet dhe d\u00ebshtimet n\u00eb Shqip\u00ebri nis\u00ebn t\u00eb ndjeheshin shqet\u00ebsuesh\u00ebm. Megjithat\u00eb, ai q\u00eb drejtonte k\u00ebt\u00eb serial shpres\u00ebpak p\u00ebr suksese n\u00eb nj\u00eb t\u00eb ardhme t\u00eb shpejt\u00eb, gjithnj\u00eb e m\u00eb shum\u00eb nginte kok\u00ebn lart dhe me buz\u00ebqeshje ( p\u00ebr t&#8217;ua ngrir\u00eb t\u00eb tjer\u00ebve at\u00eb) k\u00ebrkonte q\u00eb t&#8217;u mbushte mendjen t\u00eb t\u00ebr\u00ebve, se n\u00ebn qeverisjen e tij shqiptar\u00ebt m\u00eb s\u00eb fundmi pask\u00ebshin zbuluar e gjetur &#8216;El Doradon&#8217;.<\/p>\n<p>Me k\u00ebt\u00eb pamje dhe me t\u00eb nj\u00ebjtat llomotitje rreth gjendjes optimiste n\u00eb vendin ton\u00eb, e shoq\u00ebroi at\u00eb koh\u00eb kryeministri yn\u00eb edhe takimin me ministrin e Jasht\u00ebm t\u00eb Hungaris\u00eb, si i pari minist\u00ebr i nj\u00eb t\u00eb pari vend an\u00ebtar i Bashkimit Europian q\u00eb shkelte Tiran\u00ebn n\u00ebn qeverisjen e Sali Berish\u00ebs. Aq shum\u00eb u habit ministri nga referencat e \u00e7uditshme t\u00eb mikprit\u00ebsit, saq\u00eb kur jasht\u00eb \u00e7do protokolli shtet\u00ebror Berisha e p\u00ebrcolli deri posht\u00eb shkall\u00ebve t\u00eb Kryeministris\u00eb, buz\u00eb bulevardit, atij iu kujtua (si\u00e7 u p\u00ebshp\u00ebrit at\u00ebher\u00eb me plot humor e ironi n\u00ebp\u00ebr mjediset diplomatike), ajo maksima e hershme e popullit magjar: &#8220;T\u00eb dhje.., por krenar\u00eb&#8221;.<br \/>\nKjo th\u00ebnie nuk e humbi te ne vler\u00ebn e saj groteske, por reale, edhe n\u00eb vitet e m\u00ebvonshme, kur vendi duhej t\u00eb p\u00ebrgatitej p\u00ebr zbatimin dhe konkretizimin e Marr\u00ebveshjes s\u00eb Stabilizim &#8211; Asociimit me Bashkimin Europian. P\u00ebrs\u00ebri, kryeministri yn\u00eb deklaronte publikisht n\u00eb Tiran\u00eb se, reformat e kryera nga Qeveria e tij i paskej certifikuar t\u00ebr\u00eb planeti, pa shpjeguar p\u00ebr \u00e7far\u00eb planeti e kishte fjal\u00ebn dhe se sa shum\u00eb i madh apo se sa pak i vog\u00ebl qenkej ky.<br \/>\nMir\u00ebpo, koha tregoi q\u00eb Europa ruante rezerva t\u00eb m\u00ebdha p\u00ebr Shqip\u00ebrin\u00eb, e cila nuk klasifikohej p\u00ebr p\u00ebrparime t\u00eb dukshme n\u00eb kryerjen e reformave, t\u00eb cilat n\u00eb ato vite identifikoheshin kryesisht n\u00eb pes\u00eb drejtime t\u00eb r\u00ebnd\u00ebsishme. Pasojat e k\u00ebtyre rezervave b\u00ebn\u00eb q\u00eb vendi yn\u00eb t\u00eb grupohej me Bosnj\u00eb &#8211; Hercegovin\u00ebn, n\u00eb nj\u00eb koh\u00eb q\u00eb shteteve t\u00eb tjera t\u00eb Ballkanit Per\u00ebndimor po u jepej statusi i kandidatit zyrtar p\u00ebr n\u00eb Bashkimin Europian, dhe jo shum\u00eb m\u00eb von\u00eb, liberalizimi i vizave p\u00ebr n\u00eb &#8216;Zon\u00ebn Shengen&#8217;.<br \/>\n* * *<br \/>\nPa u zgjatur me premtimet e vazhdueshme q\u00eb u ka b\u00ebr\u00eb dhe vazhdon t&#8217;u b\u00ebj\u00eb shqiptar\u00ebve qeveria aktuale e tyre, se vizat do t&#8217;u hiqeshin n\u00eb janar t\u00eb 2009-s, m\u00eb tutje &#8211; n\u00eb qershor t\u00eb k\u00ebtij viti, akoma m\u00eb pas q\u00eb t\u00eb ruanin durimin p\u00ebr t\u00eb bredhur n\u00ebp\u00ebr Europ\u00eb nga dhjetori e tutje etj, etj, le t\u00eb shohim tani ku kemi vajtur. Asnj\u00eb hap p\u00ebrpara, megjith\u00ebse pasaporta biometrike mbajn\u00eb xhepat e shum\u00eb shtetasve tan\u00eb. Por, mbase ato do t\u00eb na hynin n\u00eb pun\u00eb s\u00eb shpejti pas ndonj\u00eb vendimi t\u00eb Brukselit &#8211; thon\u00eb disa, pasi v\u00ebshtrojn\u00eb q\u00eb sa lart vazhdojn\u00eb ta mbajn\u00eb kok\u00ebn pushtetar\u00ebt tan\u00eb, edhe kur ende i mbajn\u00eb syt\u00eb nga Brukseli; edhe tek Asambleja e K\u00ebshillit t\u00eb Europ\u00ebs miraton nj\u00eb Rezolut\u00eb p\u00ebr Shqip\u00ebrin\u00eb, brenda tekstit t\u00eb s\u00eb cil\u00ebs flitet p\u00ebr kriz\u00ebn politike q\u00eb e ka mb\u00ebrthyer k\u00ebt\u00eb; madje edhe pasi qeveritar\u00ebt shqiptar\u00eb mbeten t\u00eb vetmit q\u00eb nuk thirren n\u00eb takimin e Presidentit amerikan, Obama me p\u00ebrfaq\u00ebsuesit e vendeve ish- komuniste &#8211; an\u00ebtare t\u00eb NATO-s; edhe kur ministri i Jasht\u00ebm i Spanj\u00ebs, q\u00eb drejton deri n\u00eb fund t\u00eb k\u00ebtij gjasht\u00ebmujori K\u00ebshillin e Ministrave t\u00eb vendeve t\u00eb BE-s\u00eb, n\u00eb Sarajev\u00eb uron shtetasit boshnjak\u00eb p\u00ebr heqjen e vizave k\u00ebt\u00eb ver\u00eb, pa e z\u00ebn\u00eb fare n\u00eb goj\u00eb Shqip\u00ebrin\u00eb; edhe kur&#8230;<br \/>\nN\u00eb k\u00ebto e sip\u00ebr, nuk mund t\u00eb mos justifikohej rritja e interesimit t\u00eb qytetar\u00ebve tan\u00eb p\u00ebr vizit\u00ebn e dit\u00ebve t\u00eb fundit n\u00eb Tiran\u00eb t\u00eb ministrit t\u00eb Jasht\u00ebm t\u00eb Italis\u00eb, Franco Frattini, i cili edhe kur m\u00eb par\u00eb mbante detyr\u00ebn e z\u00ebvend\u00ebspresidentit t\u00eb Komisionit Europian, kishte shfaqur n\u00eb nj\u00eb far\u00eb m\u00ebnyre e mase p\u00ebr Shqip\u00ebrin\u00eb rolin e protektorit n\u00eb zgjidhjen e shpejt\u00eb t\u00eb k\u00ebsaj \u00e7\u00ebshtjeje dhe disa t\u00eb tjerave n\u00eb rrug\u00ebn e integrimit europian.<br \/>\nPor, askush nuk f\u00ebrkoi duart nga intervistat e k\u00ebtij personaliteti q\u00eb, pasi p\u00ebrfundoi bisedimet me lider\u00ebt tan\u00eb qeveris\u00ebs, ve\u00e7an\u00ebrisht rreth mund\u00ebsive p\u00ebr ngritjen k\u00ebtu n\u00eb interes t\u00eb vendit t\u00eb tij t\u00eb nj\u00eb centrali b\u00ebrthamor mjaft t\u00eb kontestuesh\u00ebm, nuk iu shmang pyetjeve t\u00eb gazetar\u00ebve edhe mbi p\u00ebrfitimin prej nesh t\u00eb heqjes s\u00eb vizave dhe t\u00eb marrjes s\u00eb statusit t\u00eb kandidatit zyrtar p\u00ebr n\u00eb Bashkimin Europian.<br \/>\nNdon\u00ebse nuk harroi t\u00eb formuloj\u00eb, her\u00eb-her\u00eb edhe me terma diplomatike, premtimet e zakonshme p\u00ebr vler\u00ebsimet pozitive mbi p\u00ebrfundimin me sukses t\u00eb k\u00ebtyre proceseve brenda vitit, sidoqoft\u00eb ai s&#8217;e pa t\u00eb udh\u00ebs q\u00eb t\u00eb l\u00ebr\u00eb pa p\u00ebrmendur kushtin e domosdosh\u00ebm, sipas t\u00eb cilit klasa politike shqiptare duhet t\u00eb tejkaloj\u00eb ndasit\u00eb dhe t\u00eb punoj\u00eb n\u00eb Parlament p\u00ebr t\u00eb ardhmen europiane t\u00eb Shqip\u00ebris\u00eb. Dhe, sigurisht, nga kjo klas\u00eb dhe p\u00ebr ndasit\u00eb e saj s&#8217;kishte se si t\u00eb ve\u00e7onte maxhoranc\u00ebn qeveris\u00ebse, te p\u00ebrgjegj\u00ebsit\u00eb e s\u00eb cil\u00ebs p\u00ebrher\u00eb e m\u00eb tep\u00ebr po p\u00ebrqendrojn\u00eb v\u00ebmendjen homolog\u00ebt e tij per\u00ebndimor\u00eb.<br \/>\nMegjithat\u00eb, ministri yn\u00eb i Jasht\u00ebm, n\u00eb konferenc\u00ebn e shtypit, p\u00ebrkrah Frattinit, kok\u00ebn e mbante p\u00ebrpjet\u00eb dhe u shpreh se, \u00e7\u00ebshtja e vizave nuk qenka ndonj\u00eb problem i ngutsh\u00ebm p\u00ebr shqiptar\u00ebt, nj\u00eb e treta e t\u00eb cil\u00ebve jetojn\u00eb jasht\u00eb dhe nj\u00eb pjes\u00eb tjet\u00ebr e madhe e tyre paskan n\u00eb pasaportat e veta viza nj\u00ebvje\u00e7are, por m\u00eb s\u00eb shumti ka t\u00eb b\u00ebj\u00eb me dinjitetin ton\u00eb. Pra, fraza e k\u00ebtij pushtetarit ton\u00eb mund t\u00eb interpretohet pa st\u00ebrhollime, fare qart\u00eb, se qenkan t\u00eb huajt dhe jo politikan\u00ebt tan\u00eb ata q\u00eb ua mbak\u00ebrkan peng shqiptar\u00ebve dinjitetin e tyre.<br \/>\nNgado q\u00eb ta z\u00ebsh dhe kudo q\u00eb ta l\u00ebsh k\u00ebt\u00eb deklarat\u00eb zyrtare, nj\u00eb pyetje s&#8217;i ndahet asaj: Mir\u00eb, por a nuk \u00ebsht\u00eb n\u00ebp\u00ebrk\u00ebmbur vazhdimisht dinjiteti yn\u00eb mu k\u00ebtu brenda vendit dhe nga qeveria aktuale e tij? Ja ku jemi p\u00ebrfshir\u00eb, q\u00eb prej fillimit t\u00eb k\u00ebsaj Legjislature, n\u00eb nj\u00eb kriz\u00eb politike t\u00eb ashp\u00ebr me p\u00ebrmasa kritike t\u00eb shtrira tashm\u00eb n\u00eb t\u00ebr\u00eb perimetrin ton\u00eb jet\u00ebsor. Tashm\u00eb \u00ebsht\u00eb b\u00ebr\u00eb e qart\u00eb edhe n\u00ebp\u00ebr Europ\u00eb e gjetk\u00eb se, baza e lindjes dhe e ashp\u00ebrsimit t\u00eb m\u00ebtejsh\u00ebm t\u00eb k\u00ebsaj krize q\u00ebndron jo te roli protestativ i opozit\u00ebs, por sidomos te q\u00ebndrimet e maxhoranc\u00ebs dhe t\u00eb qeveris\u00eb s\u00eb dal\u00eb prej saj, q\u00eb nuk pranojn\u00eb t\u00eb b\u00ebhet transparenc\u00eb e procesit zgjedhor t\u00eb zhvilluar vitin e kaluar, sepse &#8211; n\u00ebp\u00ebrmjet arsyetimeve t\u00eb liderit t\u00eb saj &#8211; procesi i vjetsh\u00ebm konsiderohet, ve\u00e7 t\u00eb tjerash, si m\u00eb i miri deri tani.<br \/>\nPo, k\u00ebshtu thon\u00eb, m\u00eb i miri, pavar\u00ebsisht q\u00eb (si\u00e7 po v\u00ebrtetohet \u00e7do dit\u00eb e m\u00eb shum\u00eb), nj\u00eb nga t\u00eb drejtat e njeriut q\u00eb q\u00ebndron n\u00eb themel t\u00eb t\u00eb gjith\u00eb rendit juridik, at\u00eb p\u00ebr vot\u00ebn, t\u00eb karakterizuar dhe sanksionuar n\u00eb Kushtetut\u00ebn ton\u00eb si: vetjake, e barabart\u00eb, e lir\u00eb dhe e fsheht\u00eb, klika drejtuese nuk mund ta respektoj\u00eb ve\u00e7se si nj\u00eb formul\u00eb t\u00eb thjesht\u00eb solemne. Si nj\u00eb formul\u00eb t\u00eb till\u00eb, p\u00ebrderisa ka synuar, vepruar dhe realizuar dhunimin e k\u00ebsaj t\u00eb drejte me mjete antidemokratike, p\u00ebr t\u00eb uzurpuar pushtetin, ku spikat paaft\u00ebsia dhe korrupsioni trondit\u00ebs.<br \/>\nN\u00eb t\u00eb gjitha konturet e k\u00ebtij dhunimi shfaqet haptazi shkat\u00ebrrimi i shtetit t\u00eb s\u00eb drejt\u00ebs, m\u00eb s\u00eb pari n\u00ebp\u00ebrmjet shkeljes s\u00eb dinjitetit t\u00eb Njeriut nga ata q\u00eb nuk kan\u00eb dinjitet njer\u00ebzor e as profesionale dhe, prandaj, ua p\u00ebrbuzin dhe mohojn\u00eb at\u00eb t\u00eb tjer\u00ebve, ndon\u00ebse mbrojtja e dinjitetit dhe e personalitetit p\u00ebrmendet shprehimisht q\u00eb n\u00eb Preambul\u00ebn dhe n\u00eb nj\u00eb nga dispozitat e para (neni 3) t\u00eb Ligjit ton\u00eb Themelor, ashtu sikurse n\u00eb t\u00eb gjitha kushtetutat moderne t\u00eb vendeve q\u00eb udh\u00ebhiqen nga regjime liberalo-demokratike. Madje, n\u00eb dallim me k\u00ebto, respektimi i dinjitetit t\u00eb Njeriut i \u00ebsht\u00eb dh\u00ebn\u00eb n\u00eb Kushtetut\u00ebn e Republik\u00ebs s\u00eb Shqip\u00ebris\u00eb kuptimi dhe vendi i nj\u00eb parimi ky\u00e7, p\u00ebr t\u00eb interpretuar t\u00eb gjitha t\u00eb drejtat themelore dhe pjes\u00ebt e tjera t\u00eb saj.<br \/>\n* * *<br \/>\nN\u00eb k\u00ebt\u00eb v\u00ebshtrim, vler\u00ebsohet ky parim edhe n\u00eb t\u00eb gjitha dokumentet kryesore t\u00eb Bashkimit Europian, sepse ky vet \u00ebsht\u00eb p\u00ebrcaktuar n\u00eb vijim\u00ebsi si komunitet t\u00eb drejtash dhe vlerash, funksionimi i t\u00eb cilave garantohet nga institucionet e tij. Rregullat jan\u00eb t\u00eb p\u00ebrkufizuara prej koh\u00ebsh edhe n\u00eb Marr\u00ebveshjen e Stabilizim &#8211; Asociimit t\u00eb Shqip\u00ebris\u00eb me Bashkimin Europian, edhe n\u00eb at\u00eb katalog legjislativ q\u00eb thirret &#8216;aquis communautaire&#8217;, pa plot\u00ebsimin rigoroz t\u00eb t\u00eb cilit rrug\u00ebt p\u00ebr n\u00eb Bot\u00ebn e Vjet\u00ebr zgjasin, pavar\u00ebsisht pozicionit gjeografik.<br \/>\nZgjasin, sepse Bashkimi Europian pret nga shtetet q\u00eb duan t\u00eb jen\u00eb pjes\u00eb e komunitetit t\u00eb t\u00eb drejtave dhe vlerave t\u00eb tij, q\u00eb vullneti p\u00ebr t\u00eb hyr\u00eb n\u00eb &#8216;t\u00eb t\u00eb konkretizohet n\u00eb nd\u00ebrmarrjen e t\u00eb ashtuquajturave &#8216;kritere t\u00eb Kopenhagenit&#8217;, t\u00eb cilat k\u00ebrkojn\u00eb, nd\u00ebr t\u00eb tjera, &#8220;&#8230;si kusht paraprak p\u00ebr an\u00ebtar\u00ebsimin, q\u00eb vendi kandidat t\u00eb ket\u00eb realizuar nj\u00eb stabilitet institucional, si garanci p\u00ebr rendin demokratik dhe ligjor, p\u00ebr ruajtjen e t\u00eb drejtave t\u00eb njeriut&#8230;&#8221; Ishin k\u00ebto kushte t\u00eb formuluara qysh n\u00eb fillim t\u00eb viteve &#8217;90, q\u00eb sh\u00ebrbyen si baz\u00eb p\u00ebr zgjerimin dhe transformimin e Tregut t\u00eb P\u00ebrbashk\u00ebt Europian (TPE) n\u00eb organizmin multifunksional, i cili m\u00eb 1995 mori em\u00ebrtimin &#8216;Bashkimi Europian&#8217;.<br \/>\nKrahas kritereve t\u00eb qarta dhe teknike q\u00eb e kualifikojn\u00eb nj\u00eb vend kandidat, prej koh\u00ebsh \u00ebsht\u00eb b\u00ebr\u00eb e qart\u00eb q\u00eb n\u00eb form\u00ebn e vlerave luajn\u00eb rol sidomos faktor\u00ebt, t\u00eb cil\u00ebt duhet t\u00eb ndikojn\u00eb n\u00eb organizimin institucional t\u00eb q\u00ebndruesh\u00ebm t\u00eb shtetit dhe n\u00eb aft\u00ebsit\u00eb funksionuese t\u00eb tij. Pik\u00ebrisht p\u00ebr zbatimin e k\u00ebtyre kritereve kujdesen vendet an\u00ebtare t\u00eb Bashkimit Europian, q\u00eb shteti dhe sistemi politik i brendsh\u00ebm t\u00eb d\u00ebshmojn\u00eb mas\u00eb t\u00eb lart\u00eb legjitimiteti dhe, me k\u00ebt\u00eb, besim te qytetar\u00ebt. Por, si\u00e7 ka v\u00ebrejtur politologu i shquar i koh\u00ebs son\u00eb, Andras Bozoki: &#8220;Horizonti i p\u00ebrvojave t\u00eb qytetar\u00ebve n\u00eb shtetet e transformuara postsocialiste, me institucionet e shteteve t\u00eb tyre, shpesh her\u00eb \u00ebsht\u00eb di\u00e7ka tjet\u00ebr&#8230;Praktikat informale zot\u00ebrojn\u00eb n\u00eb t\u00eb shumt\u00ebn e rasteve ngjarjet politike n\u00eb vendin e tyre&#8221;, \u00e7ka i ka detyruar politikan\u00eb dhe v\u00ebzhgues t\u00eb ndrysh\u00ebm q\u00eb t\u00eb shprehen s\u00eb fundmi me tone gjithnj\u00eb e m\u00eb t\u00eb larta kund\u00ebr ides\u00eb s\u00eb &#8216;mb\u00ebshtetjes s\u00eb stimuluar t\u00eb hyrjes&#8217; n\u00eb BE, ose asaj q\u00eb quhet ndryshe &#8216;an\u00ebtar\u00ebsim pa p\u00ebrkat\u00ebsi&#8217;.<br \/>\nN\u00eb k\u00ebt\u00eb kuad\u00ebr ndoshta duhen kuptuar edhe konstatimet e fundit t\u00eb Raportuesit p\u00ebr Shqip\u00ebrin\u00eb n\u00eb Parlamentin Europian, Nikolaos Chountis, i cili n\u00eb tekstin e Projekt &#8211; Rezolut\u00ebs q\u00eb do t\u00eb paraqitet s\u00eb shpejti p\u00ebr miratim ka shtjelluar haptazi dhe me gjuh\u00eb t\u00eb ashp\u00ebr problemet q\u00eb vihen re te ne p\u00ebr zhvillimin e zgjedhjeve, p\u00ebr keqartikulimin e politik\u00ebs, p\u00ebr mos kryerjen e reformave me r\u00ebnd\u00ebsi madhore p\u00ebr shtetin e s\u00eb drejt\u00ebs dhe p\u00ebr ekonomin\u00eb, si pasoj\u00eb e munges\u00ebs s\u00eb konsensusit nd\u00ebrparlamentar etj. Nd\u00ebrkaq, mbi k\u00ebt\u00eb baz\u00eb mund t\u00eb vler\u00ebsohet edhe pesimizmi i Komisionerit p\u00ebr Zgjerimin i Bashkimit Europian, Shtefan Fyle, shprehur k\u00ebto dit\u00eb n\u00eb nj\u00eb intervist\u00eb t\u00eb tij, pik\u00ebrisht tani, kur sh\u00ebrbimet e Komisionit Europian jan\u00eb duke punuar p\u00ebr nj\u00eb opinion t\u00eb fundit mbi Shqip\u00ebrin\u00eb. Pik\u00ebrisht tani kur KE pret k\u00ebt\u00eb opinion p\u00ebr t\u00eb vendosur mbi radh\u00ebn dhe natyr\u00ebn e sakt\u00eb t\u00eb hapave q\u00eb do t\u00eb hidhen, t\u00eb cil\u00ebt do t\u00eb p\u00ebrfshijn\u00eb edhe \u00e7\u00ebshtjen e liberalizimit t\u00eb vizave p\u00ebr Shqip\u00ebrin\u00eb.<br \/>\n* * *<br \/>\nE gjith\u00eb kjo situat\u00eb aspak optimiste do t\u00eb duhej q\u00eb t&#8217;i b\u00ebnte m\u00eb s\u00eb pari qeveritar\u00ebt tan\u00eb t\u00eb mos ngren\u00eb kok\u00ebn shum\u00eb p\u00ebrpjet\u00eb, por t&#8217;i th\u00ebrrasin mendjes p\u00ebr m\u00ebnyrat e pranueshme t\u00eb zgjidhjes s\u00eb kriz\u00ebs politike n\u00eb Parlament dhe plot\u00ebsimin e shpejt\u00eb t\u00eb t\u00eb gjitha kushteve q\u00eb dikton heqja e vizave p\u00ebr n\u00eb &#8216;Zon\u00ebn Shengen&#8217;. As t\u00eb mos mashtrojn\u00eb me dozat e ujkut dhe me kok\u00eb p\u00ebrpjet\u00eb, se eksportet e larta t\u00eb Shqip\u00ebris\u00eb n\u00eb muajt e fundit z\u00ebn\u00eb vendin e par\u00eb n\u00eb t\u00eb gjitha vendet europiane, madje t\u00eb t\u00eb gjith\u00eb rruzullit (p\u00ebrs\u00ebri \u00ebsht\u00eb v\u00ebshtir\u00eb t\u00eb kuptohet p\u00ebr cilin rruzull ose planet \u00ebsht\u00eb fjala)!<\/p>\n<p>N\u00eb t\u00eb kund\u00ebrt\u00ebn, \u00ebsht\u00eb e domosdoshme t\u00eb mbahet parasysh q\u00eb, p\u00ebr shembull, p\u00ebrmbytja e tokave t\u00eb N\u00ebn-Shkodr\u00ebs dhe Maliqit, apo rr\u00ebshqitja e dherave pothuajse n\u00eb t\u00eb gjith\u00eb gjeografin\u00eb vendase, ende nuk kan\u00eb z\u00ebn\u00eb syt\u00eb dhe vesh\u00ebt, as nuk kan\u00eb mpir\u00eb gjymtyr\u00ebt e qytetar\u00ebve tan\u00eb t\u00eb uritur, p\u00ebr t\u00eb protestuar fuqish\u00ebm vazhdimisht ndaj keqqeverisjes dhe drejtimit korruptiv n\u00eb shum\u00eb drejtime, \u00e7ka edhe mund t\u00eb rrezikonte shembjen e t\u00ebr\u00eb k\u00ebsaj piramide shtet\u00ebrore.<br \/>\n(GazetaShqiptare\/BalkanWeb)<\/p>\n","protected":false},"excerpt":{"rendered":"<p>Nga: ILIR DHIMA Q\u00eb aty nga fi llimet e mandatit t\u00eb par\u00eb t\u00eb k\u00ebsaj maxhorance qeveris\u00ebse, gabimet dhe d\u00ebshtimet n\u00eb Shqip\u00ebri nis\u00ebn t\u00eb ndjeheshin shqet\u00ebsuesh\u00ebm. Megjithat\u00eb, ai q\u00eb drejtonte k\u00ebt\u00eb serial shpres\u00ebpak p\u00ebr suksese n\u00eb nj\u00eb t\u00eb ardhme t\u00eb shpejt\u00eb, gjithnj\u00eb e m\u00eb shum\u00eb nginte kok\u00ebn lart dhe me buz\u00ebqeshje ( p\u00ebr t&#8217;ua ngrir\u00eb t\u00eb [&hellip;]<\/p>\n","protected":false},"author":1,"featured_media":0,"comment_status":"open","ping_status":"closed","sticky":false,"template":"","format":"standard","meta":{"footnotes":""},"categories":[2],"tags":[],"class_list":{"0":"post-2264","1":"post","2":"type-post","3":"status-publish","4":"format-standard","6":"category-artikuj"},"yoast_head":"<!-- This site is optimized with the Yoast SEO plugin v27.4 - https:\/\/yoast.com\/product\/yoast-seo-wordpress\/ -->\n<title>Pa dinjitet, por me kok\u00eb p\u00ebrpjet\u00eb - FjALA e LIR\u00cb - Arkivi<\/title>\n<meta name=\"robots\" content=\"index, follow, max-snippet:-1, max-image-preview:large, max-video-preview:-1\" \/>\n<link rel=\"canonical\" href=\"https:\/\/fjala.info\/2009-2015\/pa-dinjitet-por-me-koke-perpjete\/\" \/>\n<meta property=\"og:locale\" content=\"sq_AL\" \/>\n<meta property=\"og:type\" content=\"article\" \/>\n<meta property=\"og:title\" content=\"Pa dinjitet, por me kok\u00eb p\u00ebrpjet\u00eb - FjALA e LIR\u00cb - Arkivi\" \/>\n<meta property=\"og:description\" content=\"Nga: ILIR DHIMA Q\u00eb aty nga fi llimet e mandatit t\u00eb par\u00eb t\u00eb k\u00ebsaj maxhorance qeveris\u00ebse, gabimet dhe d\u00ebshtimet n\u00eb Shqip\u00ebri nis\u00ebn t\u00eb ndjeheshin shqet\u00ebsuesh\u00ebm. Megjithat\u00eb, ai q\u00eb drejtonte k\u00ebt\u00eb serial shpres\u00ebpak p\u00ebr suksese n\u00eb nj\u00eb t\u00eb ardhme t\u00eb shpejt\u00eb, gjithnj\u00eb e m\u00eb shum\u00eb nginte kok\u00ebn lart dhe me buz\u00ebqeshje ( p\u00ebr t&#8217;ua ngrir\u00eb t\u00eb [&hellip;]\" \/>\n<meta property=\"og:url\" content=\"https:\/\/fjala.info\/2009-2015\/pa-dinjitet-por-me-koke-perpjete\/\" \/>\n<meta property=\"og:site_name\" content=\"FjALA e LIR\u00cb - Arkivi\" \/>\n<meta property=\"article:published_time\" content=\"2010-04-17T07:43:58+00:00\" \/>\n<meta property=\"og:image\" content=\"http:\/\/www.shkoder.net\/images\/fjala\/2010\/gerti_berisha.jpg\" \/>\n<meta name=\"author\" content=\"admin\" \/>\n<meta name=\"twitter:card\" content=\"summary_large_image\" \/>\n<meta name=\"twitter:label1\" content=\"Written by\" \/>\n\t<meta name=\"twitter:data1\" content=\"admin\" \/>\n\t<meta name=\"twitter:label2\" content=\"Est. reading time\" \/>\n\t<meta name=\"twitter:data2\" content=\"11 minutes\" \/>\n<script type=\"application\/ld+json\" class=\"yoast-schema-graph\">{\"@context\":\"https:\\\/\\\/schema.org\",\"@graph\":[{\"@type\":\"Article\",\"@id\":\"https:\\\/\\\/fjala.info\\\/2009-2015\\\/pa-dinjitet-por-me-koke-perpjete\\\/#article\",\"isPartOf\":{\"@id\":\"https:\\\/\\\/fjala.info\\\/2009-2015\\\/pa-dinjitet-por-me-koke-perpjete\\\/\"},\"author\":{\"name\":\"admin\",\"@id\":\"https:\\\/\\\/fjala.info\\\/2009-2015\\\/#\\\/schema\\\/person\\\/3aa1163ef05469c496fc94e77611ada2\"},\"headline\":\"Pa dinjitet, por me kok\u00eb p\u00ebrpjet\u00eb\",\"datePublished\":\"2010-04-17T07:43:58+00:00\",\"mainEntityOfPage\":{\"@id\":\"https:\\\/\\\/fjala.info\\\/2009-2015\\\/pa-dinjitet-por-me-koke-perpjete\\\/\"},\"wordCount\":2286,\"commentCount\":0,\"publisher\":{\"@id\":\"https:\\\/\\\/fjala.info\\\/2009-2015\\\/#organization\"},\"image\":{\"@id\":\"https:\\\/\\\/fjala.info\\\/2009-2015\\\/pa-dinjitet-por-me-koke-perpjete\\\/#primaryimage\"},\"thumbnailUrl\":\"http:\\\/\\\/www.shkoder.net\\\/images\\\/fjala\\\/2010\\\/gerti_berisha.jpg\",\"articleSection\":[\"Artikuj\"],\"inLanguage\":\"sq-AL\",\"potentialAction\":[{\"@type\":\"CommentAction\",\"name\":\"Comment\",\"target\":[\"https:\\\/\\\/fjala.info\\\/2009-2015\\\/pa-dinjitet-por-me-koke-perpjete\\\/#respond\"]}]},{\"@type\":\"WebPage\",\"@id\":\"https:\\\/\\\/fjala.info\\\/2009-2015\\\/pa-dinjitet-por-me-koke-perpjete\\\/\",\"url\":\"https:\\\/\\\/fjala.info\\\/2009-2015\\\/pa-dinjitet-por-me-koke-perpjete\\\/\",\"name\":\"Pa dinjitet, por me kok\u00eb p\u00ebrpjet\u00eb - FjALA e LIR\u00cb - Arkivi\",\"isPartOf\":{\"@id\":\"https:\\\/\\\/fjala.info\\\/2009-2015\\\/#website\"},\"primaryImageOfPage\":{\"@id\":\"https:\\\/\\\/fjala.info\\\/2009-2015\\\/pa-dinjitet-por-me-koke-perpjete\\\/#primaryimage\"},\"image\":{\"@id\":\"https:\\\/\\\/fjala.info\\\/2009-2015\\\/pa-dinjitet-por-me-koke-perpjete\\\/#primaryimage\"},\"thumbnailUrl\":\"http:\\\/\\\/www.shkoder.net\\\/images\\\/fjala\\\/2010\\\/gerti_berisha.jpg\",\"datePublished\":\"2010-04-17T07:43:58+00:00\",\"breadcrumb\":{\"@id\":\"https:\\\/\\\/fjala.info\\\/2009-2015\\\/pa-dinjitet-por-me-koke-perpjete\\\/#breadcrumb\"},\"inLanguage\":\"sq-AL\",\"potentialAction\":[{\"@type\":\"ReadAction\",\"target\":[\"https:\\\/\\\/fjala.info\\\/2009-2015\\\/pa-dinjitet-por-me-koke-perpjete\\\/\"]}]},{\"@type\":\"ImageObject\",\"inLanguage\":\"sq-AL\",\"@id\":\"https:\\\/\\\/fjala.info\\\/2009-2015\\\/pa-dinjitet-por-me-koke-perpjete\\\/#primaryimage\",\"url\":\"http:\\\/\\\/www.shkoder.net\\\/images\\\/fjala\\\/2010\\\/gerti_berisha.jpg\",\"contentUrl\":\"http:\\\/\\\/www.shkoder.net\\\/images\\\/fjala\\\/2010\\\/gerti_berisha.jpg\"},{\"@type\":\"BreadcrumbList\",\"@id\":\"https:\\\/\\\/fjala.info\\\/2009-2015\\\/pa-dinjitet-por-me-koke-perpjete\\\/#breadcrumb\",\"itemListElement\":[{\"@type\":\"ListItem\",\"position\":1,\"name\":\"Home\",\"item\":\"https:\\\/\\\/fjala.info\\\/2009-2015\\\/\"},{\"@type\":\"ListItem\",\"position\":2,\"name\":\"Pa dinjitet, por me kok\u00eb p\u00ebrpjet\u00eb\"}]},{\"@type\":\"WebSite\",\"@id\":\"https:\\\/\\\/fjala.info\\\/2009-2015\\\/#website\",\"url\":\"https:\\\/\\\/fjala.info\\\/2009-2015\\\/\",\"name\":\"FjALA e LIR\u00cb - Arkivi\",\"description\":\"Arkivi 2009-2015\",\"publisher\":{\"@id\":\"https:\\\/\\\/fjala.info\\\/2009-2015\\\/#organization\"},\"potentialAction\":[{\"@type\":\"SearchAction\",\"target\":{\"@type\":\"EntryPoint\",\"urlTemplate\":\"https:\\\/\\\/fjala.info\\\/2009-2015\\\/?s={search_term_string}\"},\"query-input\":{\"@type\":\"PropertyValueSpecification\",\"valueRequired\":true,\"valueName\":\"search_term_string\"}}],\"inLanguage\":\"sq-AL\"},{\"@type\":\"Organization\",\"@id\":\"https:\\\/\\\/fjala.info\\\/2009-2015\\\/#organization\",\"name\":\"FjALA e LIR\u00cb - Arkivi\",\"url\":\"https:\\\/\\\/fjala.info\\\/2009-2015\\\/\",\"logo\":{\"@type\":\"ImageObject\",\"inLanguage\":\"sq-AL\",\"@id\":\"https:\\\/\\\/fjala.info\\\/2009-2015\\\/#\\\/schema\\\/logo\\\/image\\\/\",\"url\":\"\",\"contentUrl\":\"\",\"caption\":\"FjALA e LIR\u00cb - Arkivi\"},\"image\":{\"@id\":\"https:\\\/\\\/fjala.info\\\/2009-2015\\\/#\\\/schema\\\/logo\\\/image\\\/\"}},{\"@type\":\"Person\",\"@id\":\"https:\\\/\\\/fjala.info\\\/2009-2015\\\/#\\\/schema\\\/person\\\/3aa1163ef05469c496fc94e77611ada2\",\"name\":\"admin\",\"image\":{\"@type\":\"ImageObject\",\"inLanguage\":\"sq-AL\",\"@id\":\"https:\\\/\\\/fjala.info\\\/2009-2015\\\/wp-content\\\/uploads\\\/2012\\\/02\\\/arben_cokaj-120x150.jpg\",\"url\":\"https:\\\/\\\/fjala.info\\\/2009-2015\\\/wp-content\\\/uploads\\\/2012\\\/02\\\/arben_cokaj-120x150.jpg\",\"contentUrl\":\"https:\\\/\\\/fjala.info\\\/2009-2015\\\/wp-content\\\/uploads\\\/2012\\\/02\\\/arben_cokaj-120x150.jpg\",\"caption\":\"admin\"},\"description\":\"Admin, Fjala e Lir\u00eb\",\"sameAs\":[\"https:\\\/\\\/fjala.info\\\/\"],\"url\":\"https:\\\/\\\/fjala.info\\\/2009-2015\\\/author\\\/admin\\\/\"}]}<\/script>\n<!-- \/ Yoast SEO plugin. -->","yoast_head_json":{"title":"Pa dinjitet, por me kok\u00eb p\u00ebrpjet\u00eb - FjALA e LIR\u00cb - Arkivi","robots":{"index":"index","follow":"follow","max-snippet":"max-snippet:-1","max-image-preview":"max-image-preview:large","max-video-preview":"max-video-preview:-1"},"canonical":"https:\/\/fjala.info\/2009-2015\/pa-dinjitet-por-me-koke-perpjete\/","og_locale":"sq_AL","og_type":"article","og_title":"Pa dinjitet, por me kok\u00eb p\u00ebrpjet\u00eb - FjALA e LIR\u00cb - Arkivi","og_description":"Nga: ILIR DHIMA Q\u00eb aty nga fi llimet e mandatit t\u00eb par\u00eb t\u00eb k\u00ebsaj maxhorance qeveris\u00ebse, gabimet dhe d\u00ebshtimet n\u00eb Shqip\u00ebri nis\u00ebn t\u00eb ndjeheshin shqet\u00ebsuesh\u00ebm. Megjithat\u00eb, ai q\u00eb drejtonte k\u00ebt\u00eb serial shpres\u00ebpak p\u00ebr suksese n\u00eb nj\u00eb t\u00eb ardhme t\u00eb shpejt\u00eb, gjithnj\u00eb e m\u00eb shum\u00eb nginte kok\u00ebn lart dhe me buz\u00ebqeshje ( p\u00ebr t&#8217;ua ngrir\u00eb t\u00eb [&hellip;]","og_url":"https:\/\/fjala.info\/2009-2015\/pa-dinjitet-por-me-koke-perpjete\/","og_site_name":"FjALA e LIR\u00cb - Arkivi","article_published_time":"2010-04-17T07:43:58+00:00","og_image":[{"url":"http:\/\/www.shkoder.net\/images\/fjala\/2010\/gerti_berisha.jpg","type":"","width":"","height":""}],"author":"admin","twitter_card":"summary_large_image","twitter_misc":{"Written by":"admin","Est. reading time":"11 minutes"},"schema":{"@context":"https:\/\/schema.org","@graph":[{"@type":"Article","@id":"https:\/\/fjala.info\/2009-2015\/pa-dinjitet-por-me-koke-perpjete\/#article","isPartOf":{"@id":"https:\/\/fjala.info\/2009-2015\/pa-dinjitet-por-me-koke-perpjete\/"},"author":{"name":"admin","@id":"https:\/\/fjala.info\/2009-2015\/#\/schema\/person\/3aa1163ef05469c496fc94e77611ada2"},"headline":"Pa dinjitet, por me kok\u00eb p\u00ebrpjet\u00eb","datePublished":"2010-04-17T07:43:58+00:00","mainEntityOfPage":{"@id":"https:\/\/fjala.info\/2009-2015\/pa-dinjitet-por-me-koke-perpjete\/"},"wordCount":2286,"commentCount":0,"publisher":{"@id":"https:\/\/fjala.info\/2009-2015\/#organization"},"image":{"@id":"https:\/\/fjala.info\/2009-2015\/pa-dinjitet-por-me-koke-perpjete\/#primaryimage"},"thumbnailUrl":"http:\/\/www.shkoder.net\/images\/fjala\/2010\/gerti_berisha.jpg","articleSection":["Artikuj"],"inLanguage":"sq-AL","potentialAction":[{"@type":"CommentAction","name":"Comment","target":["https:\/\/fjala.info\/2009-2015\/pa-dinjitet-por-me-koke-perpjete\/#respond"]}]},{"@type":"WebPage","@id":"https:\/\/fjala.info\/2009-2015\/pa-dinjitet-por-me-koke-perpjete\/","url":"https:\/\/fjala.info\/2009-2015\/pa-dinjitet-por-me-koke-perpjete\/","name":"Pa dinjitet, por me kok\u00eb p\u00ebrpjet\u00eb - FjALA e LIR\u00cb - Arkivi","isPartOf":{"@id":"https:\/\/fjala.info\/2009-2015\/#website"},"primaryImageOfPage":{"@id":"https:\/\/fjala.info\/2009-2015\/pa-dinjitet-por-me-koke-perpjete\/#primaryimage"},"image":{"@id":"https:\/\/fjala.info\/2009-2015\/pa-dinjitet-por-me-koke-perpjete\/#primaryimage"},"thumbnailUrl":"http:\/\/www.shkoder.net\/images\/fjala\/2010\/gerti_berisha.jpg","datePublished":"2010-04-17T07:43:58+00:00","breadcrumb":{"@id":"https:\/\/fjala.info\/2009-2015\/pa-dinjitet-por-me-koke-perpjete\/#breadcrumb"},"inLanguage":"sq-AL","potentialAction":[{"@type":"ReadAction","target":["https:\/\/fjala.info\/2009-2015\/pa-dinjitet-por-me-koke-perpjete\/"]}]},{"@type":"ImageObject","inLanguage":"sq-AL","@id":"https:\/\/fjala.info\/2009-2015\/pa-dinjitet-por-me-koke-perpjete\/#primaryimage","url":"http:\/\/www.shkoder.net\/images\/fjala\/2010\/gerti_berisha.jpg","contentUrl":"http:\/\/www.shkoder.net\/images\/fjala\/2010\/gerti_berisha.jpg"},{"@type":"BreadcrumbList","@id":"https:\/\/fjala.info\/2009-2015\/pa-dinjitet-por-me-koke-perpjete\/#breadcrumb","itemListElement":[{"@type":"ListItem","position":1,"name":"Home","item":"https:\/\/fjala.info\/2009-2015\/"},{"@type":"ListItem","position":2,"name":"Pa dinjitet, por me kok\u00eb p\u00ebrpjet\u00eb"}]},{"@type":"WebSite","@id":"https:\/\/fjala.info\/2009-2015\/#website","url":"https:\/\/fjala.info\/2009-2015\/","name":"FjALA e LIR\u00cb - Arkivi","description":"Arkivi 2009-2015","publisher":{"@id":"https:\/\/fjala.info\/2009-2015\/#organization"},"potentialAction":[{"@type":"SearchAction","target":{"@type":"EntryPoint","urlTemplate":"https:\/\/fjala.info\/2009-2015\/?s={search_term_string}"},"query-input":{"@type":"PropertyValueSpecification","valueRequired":true,"valueName":"search_term_string"}}],"inLanguage":"sq-AL"},{"@type":"Organization","@id":"https:\/\/fjala.info\/2009-2015\/#organization","name":"FjALA e LIR\u00cb - Arkivi","url":"https:\/\/fjala.info\/2009-2015\/","logo":{"@type":"ImageObject","inLanguage":"sq-AL","@id":"https:\/\/fjala.info\/2009-2015\/#\/schema\/logo\/image\/","url":"","contentUrl":"","caption":"FjALA e LIR\u00cb - Arkivi"},"image":{"@id":"https:\/\/fjala.info\/2009-2015\/#\/schema\/logo\/image\/"}},{"@type":"Person","@id":"https:\/\/fjala.info\/2009-2015\/#\/schema\/person\/3aa1163ef05469c496fc94e77611ada2","name":"admin","image":{"@type":"ImageObject","inLanguage":"sq-AL","@id":"https:\/\/fjala.info\/2009-2015\/wp-content\/uploads\/2012\/02\/arben_cokaj-120x150.jpg","url":"https:\/\/fjala.info\/2009-2015\/wp-content\/uploads\/2012\/02\/arben_cokaj-120x150.jpg","contentUrl":"https:\/\/fjala.info\/2009-2015\/wp-content\/uploads\/2012\/02\/arben_cokaj-120x150.jpg","caption":"admin"},"description":"Admin, Fjala e Lir\u00eb","sameAs":["https:\/\/fjala.info\/"],"url":"https:\/\/fjala.info\/2009-2015\/author\/admin\/"}]}},"_links":{"self":[{"href":"https:\/\/fjala.info\/2009-2015\/wp-json\/wp\/v2\/posts\/2264","targetHints":{"allow":["GET"]}}],"collection":[{"href":"https:\/\/fjala.info\/2009-2015\/wp-json\/wp\/v2\/posts"}],"about":[{"href":"https:\/\/fjala.info\/2009-2015\/wp-json\/wp\/v2\/types\/post"}],"author":[{"embeddable":true,"href":"https:\/\/fjala.info\/2009-2015\/wp-json\/wp\/v2\/users\/1"}],"replies":[{"embeddable":true,"href":"https:\/\/fjala.info\/2009-2015\/wp-json\/wp\/v2\/comments?post=2264"}],"version-history":[{"count":0,"href":"https:\/\/fjala.info\/2009-2015\/wp-json\/wp\/v2\/posts\/2264\/revisions"}],"wp:attachment":[{"href":"https:\/\/fjala.info\/2009-2015\/wp-json\/wp\/v2\/media?parent=2264"}],"wp:term":[{"taxonomy":"category","embeddable":true,"href":"https:\/\/fjala.info\/2009-2015\/wp-json\/wp\/v2\/categories?post=2264"},{"taxonomy":"post_tag","embeddable":true,"href":"https:\/\/fjala.info\/2009-2015\/wp-json\/wp\/v2\/tags?post=2264"}],"curies":[{"name":"wp","href":"https:\/\/api.w.org\/{rel}","templated":true}]}}