{"id":2263,"date":"2012-03-25T08:23:33","date_gmt":"2012-03-25T07:23:33","guid":{"rendered":"http:\/\/fjala.shkoder.net\/?p=2263"},"modified":"2012-03-25T08:23:33","modified_gmt":"2012-03-25T07:23:33","slug":"gershetim-dimensional-qeveri-mergate-per-ruajtjen-e-identitetit-shqiptar","status":"publish","type":"post","link":"https:\/\/fjala.info\/2009-2015\/gershetim-dimensional-qeveri-mergate-per-ruajtjen-e-identitetit-shqiptar\/","title":{"rendered":"G\u00ebrshetim dimensional Qeveri-M\u00ebrgat\u00eb p\u00ebr ruajtjen e identitetit shqiptar!"},"content":{"rendered":"<p><img decoding=\"async\" class=\"alignright size-thumbnail wp-image-7236\" title=\"Luan (Asllan ) Dibrani\" src=\"http:\/\/www.shkoder.net\/images\/fjala\/asllan_dibrani.jpg\" alt=\"\" width=\"150\" \/> Nga <strong>Luan (Asllan ) Dibrani<\/strong><\/p>\n<p>Ora po afrohet 18-h i dat\u00ebs 12.03.2012, ne Qytetin e Shtutgardit pik\u00ebrisht n\u00eb Bad Cnnstad ishte nj\u00eb zhurm\u00eb, nj\u00eb nxitim nga grupe, grupe t\u00eb nx\u00ebn\u00ebsve shqiptar n\u00eb ndjekjen e m\u00ebsimit plot\u00ebsues n\u00eb gjuhen shqipe. Grupet e tyre ishin t\u00eb shoq\u00ebruara edhe me prind\u00ebrit e tyre, shumica, nga n\u00ebnat qe i shoq\u00ebronin f\u00ebmij\u00ebt e tyre me nj\u00eb eleganc\u00eb ne k\u00ebt\u00eb takim. Lenin p\u00ebrshtypjen se, po at\u00eb kultur\u00eb qe posedojn\u00eb k\u00ebto zonja d\u00ebshirojn\u00eb tu dhurojn\u00eb edhe f\u00ebmij\u00ebve t\u00eb vet n\u00eb shoq\u00ebrin\u00eb shqiptare drejt nj\u00eb emancipimi dhe zhvillimi n\u00eb emigrim me synim qe f\u00ebmij\u00ebt tan\u00eb ta ruajn\u00eb identitetin e vet nacional.<\/p>\n<p>T\u00eb shoq\u00ebruar nga nj\u00eb grup f\u00ebmij\u00ebsh iu afruam klas\u00ebs se adresuar t\u00eb mbajtjes se m\u00ebsimit plot\u00ebsues n\u00eb gjuhen shqipe me m\u00ebsuesen dhe pedagogen Miradije Gashin, qe shum\u00eb vite la kultur\u00ebn dhe dijen e vet n\u00eb edukat\u00ebn e gjeneratave t\u00eb nx\u00ebn\u00ebsve n\u00eb Kosov\u00eb. Nj\u00eb grua me kulture dhe p\u00ebrgatitje si pedagoge qe nga padrejt\u00ebsia e regjimit jugosllav u gjet e ballafaquar me prangosje pran grilave ne burgjet e ish regjimit jugosllav n\u00eb t\u00eb cil\u00ebn, me nj\u00eb fanatiz\u00ebm dhe k\u00ebmb\u00ebngul\u00ebsi po e ndjek te nj\u00ebjtin profesion edhe k\u00ebtu ne mesin e m\u00ebrgimtareve, e buz\u00ebqeshur, modeste, e af\u00ebrme me t\u00eb gjith\u00eb si me nx\u00ebn\u00ebs po edhe me prind\u00ebrit .Nga disa prind mor\u00ebm edhe prononcime dhe komplimente p\u00ebr zonj\u00ebn Miradije Gashi.<\/p>\n<p>Zonja Gashi ishte edhe nikoqirja e organizimit t\u00eb nj\u00eb ore m\u00ebsimi n\u00eb prezenc\u00ebn e Ministrave qe ishte planifikuar qe ta kalojn\u00eb nj\u00eb or\u00eb se bashku. Miradije Gashi, ishte ajo e para qe na p\u00ebrsh\u00ebndeti dhe na uroj mir\u00ebseardhje, nga e cila u shoq\u00ebruam deri n\u00eb klas\u00ebn qe ishin tubuar mbi 70 qytetar se bashku e mase 40 nx\u00ebn\u00ebs nga te gjitha moshat.<\/p>\n<p style=\"text-align: center;\"><img decoding=\"async\" class=\"aligncenter size-thumbnail wp-image-7236\" title=\"Nx\u00ebn\u00ebs shqiptar\u00eb n\u00eb Gjermani\" src=\"http:\/\/www.shkoder.net\/2012\/nxenes_shqiptare_de.jpg\" alt=\"\" width=\"450\" \/><em>Madh\u00ebshtia e nx\u00ebn\u00ebsve shqiptar n\u00eb ruajtjen e vlerave nacionale t\u00eb identitetin shqiptar p\u00ebr mes ndjekjes s\u00eb m\u00ebsimit plot\u00ebsues n\u00eb gjuhen shqipe me pedagogen dhe m\u00ebsuesen Miradije Gashin! Foto: Luan A. Dibrani<\/em><\/p>\n<p>Ishte nj\u00eb organizim qe pas pak u priste qe t\u00eb filloj ora m\u00ebsimore, por si\u00e7 m\u00ebsuam ne aty ishte p\u00ebrcaktuar nj\u00eb dite vizite edhe nga Ministri i arsimit, Shkenc\u00ebs dhe Kultur\u00ebs se Kosov\u00ebs , zoti Ram\u00eb Buja i shoq\u00ebruar me zotin Ibrahim Makollin etj. N\u00eb ball\u00eb ishin shkronja e m\u00ebdha, qe mbulonte murin, me mbishkrimin;<\/p>\n<p style=\"text-align: center;\"><strong>Mir\u00eb se vini ne shkoll\u00ebn shqipe<\/strong><\/p>\n<p style=\"text-align: center;\"><strong>\u201cBashkimi Komb\u00ebtar\u201c<\/strong><\/p>\n<p style=\"text-align: center;\"><strong>Stuttgart-Bad Cannstatt<\/strong><\/p>\n<p>Aty shkuan disa minuta nga e cila Miradije Gashi filloj m\u00ebsimin me nx\u00ebn\u00ebs qe ishin disa pyetje nga nj\u00eb horizont i p\u00ebrgjithsh\u00ebm t\u00eb ngritjes se vet\u00ebdijes se nx\u00ebn\u00ebsve, nga historia shqiptare, gjeografia arti etj, por ishin edhe disa pyetje qe kishin te b\u00ebjn\u00eb me qytetin dhe kultur\u00ebn gjermane nga e cila ishte nj\u00eb k\u00ebnaq\u00ebsi qe t\u00eb gjith\u00eb e ngrehnin gishtin p\u00ebr ta marr fjal\u00ebn nga pedagogia dhe m\u00ebsuesja, gruaja dhe edukatorja e rrall\u00eb qe v\u00ebrtet do t\u00eb mburret brezi i k\u00ebsaj gjenerate p\u00ebr pun\u00ebn, sakrific\u00ebn dhe devotshm\u00ebrin\u00eb qe dhuron, jep dhe inkurajon ndaj nx\u00ebn\u00ebsve t\u00eb vet.<\/p>\n<p>N\u00eb atmosfer\u00ebn e zhvillimit t\u00eb m\u00ebsimit arriti edhe delegacioni i qeveris\u00eb z. Ibrahim Makollit me Burim Krasniqi k\u00ebshilltar i ministrit, Ardita Kika, shefe e kabinetit n\u00eb Ministrin\u00eb e Diaspor\u00ebs, Mustaf\u00eb Xhemajli, drejtor p\u00ebr politik\u00ebn e m\u00ebrgat\u00ebs, si dhe z\u00ebvend\u00ebs konsulli i Konsullat\u00ebs se Kosov\u00ebs n\u00eb Shtutgard, zoti Ymer Lladrovci. Ishte nj\u00eb privilegj i ve\u00e7ant\u00eb p\u00ebr k\u00ebt\u00eb delegacion, qe po nderojn\u00eb sot Qytetin e Shtutgardit, nj\u00eb qytet q\u00eb la gjurm\u00ebt e historis\u00eb p\u00ebr l\u00ebvizjen komb\u00ebtar\u00eb t\u00eb \u00e7lirimit nga armiku qe si viktime e politikes sllave ran\u00eb v\u00ebllez\u00ebrit G\u00ebrvalla, dhe mund t\u00eb quhet nj\u00eb qytet i heronjve tan\u00eb, ajo periudh\u00eb do t\u00eb jet\u00eb e shkruar me shkronja t\u00eb arta, qe i dhan\u00eb nj\u00eb petk t\u00eb nj\u00eb vatre si qytet, qe me qindra her\u00eb u skuq me demonstrata antijugosllave.<\/p>\n<p style=\"text-align: center;\"><img decoding=\"async\" class=\"aligncenter size-thumbnail wp-image-7236\" title=\"Nx\u00ebn\u00ebs shqiptar\u00eb n\u00eb Gjermani\" src=\"http:\/\/www.shkoder.net\/2012\/nxenes_shqiptare_de1.jpg\" alt=\"\" width=\"450\" \/><em>Pamje e nx\u00ebn\u00ebsve shqiptar\u00eb, qe do t\u00eb jet\u00eb nj\u00eb armat\u00eb e fort\u00eb p\u00ebr te nes\u00ebrmen e kombit! Foto: Luan A. Dibrani<\/em><\/p>\n<p>Nga at\u00ebher\u00eb Shtutgardi mbeti nj\u00eb qend\u00ebr e organizimit e veprimtaris\u00eb komb\u00ebtare, qe edhe ndjekja e m\u00ebsimit n\u00eb gjuhen shqipe konsiderohet si vazhdim\u00ebsi e porosis\u00eb dhe amanetit t\u00eb k\u00ebtyre heronjve t\u00eb kombit t\u00eb &#8220;V\u00ebllez\u00ebrve Gervalla&#8221; , Kadri Zek\u00ebs dhe Salih \u00c7ekut. Nuk \u00ebsht\u00eb pak p\u00ebr k\u00ebt\u00eb qytet qe nga gjiri i vet i dha kat\u00ebr heronjt\u00eb, kat\u00ebr luft\u00ebtar qe do t\u00eb mbesin t\u00eb pa vdeksh\u00ebm, brez pas brezi. Ishte nj\u00eb privilegj p\u00ebr ne qe ishim aty, nga se ishim pik\u00ebrisht n\u00eb qytetin e Shtutgardit n\u00eb Bad-Canstad n\u00eb qytetin e varreve t\u00eb martir\u00ebve tan\u00eb qe ishin udh\u00ebrr\u00ebfyes t\u00eb frym\u00ebzimit komb\u00ebtar.<\/p>\n<p>K\u00ebto rrug\u00eb pran k\u00ebsaj lagje dhe k\u00ebsaj shkolle ishin p\u00ebrmbushur \u00e7do vit me qindra e mij\u00ebra qytetar emigrant shqiptar, qe ju b\u00ebnin nderimet p\u00ebrkujtuese nga e gjith\u00eb Evropa p\u00ebr \u00e7do vit k\u00ebtyre martir\u00ebve!. Liria e popullit, gjithnj\u00eb \u00ebsht\u00eb identifikuar e do t\u00eb identifikohet me emrin e d\u00ebshmor\u00ebve t\u00eb r\u00ebn\u00eb n\u00eb mbrojtje t\u00eb jet\u00ebve e t\u00eb idealeve komb\u00ebtare dhe Shqip\u00ebrin\u00eb&#8230;Ky qytet sot konsiderohet nder qytetet ma me influenc\u00eb n\u00eb ekonomi qe mund t\u00eb konsiderohet dhe t\u00eb garoj me disa shtete n\u00eb Ballkan. Mu n\u00eb k\u00ebt\u00eb lagje p\u00ebr her\u00ebn e par\u00eb e pa drit\u00ebn Mercedesi nj\u00eb gjigant i prodhimit bot\u00ebror etj.<\/p>\n<p>Zonja Miradije Gashi i p\u00ebrsh\u00ebndeti te pranishmit dhe i nderoj me nj\u00eb mir\u00ebseardhje dhe foli p\u00ebr r\u00ebnd\u00ebsin\u00eb e shkoll\u00ebs shqipe, por edhe p\u00ebr p\u00ebrkujtimin e demonstratave t\u00eb vitit 1981 ku theksoj se;&#8221;Lufta p\u00ebr gjuh\u00ebn dhe shkoll\u00ebn shqipe, p\u00ebrfaq\u00ebson faqet m\u00eb t\u00eb ndritura, por edhe m\u00eb p\u00ebrgjakura t\u00eb historis\u00eb son\u00eb komb\u00ebtare&#8221;. Pastaj vazhdoj duke theksuar, se demonstratat dhe revoltat e vitit 1981 ishin vazhdim\u00ebsi e Rilindjes Komb\u00ebtare, ku q\u00ebllimi i tyre ishte \u00e7lirimi dhe pavar\u00ebsia e popullit shqiptar si t\u00ebr\u00ebsi, dhe ruajtja e pasuris\u00eb n\u00ebntok\u00ebsore, resurset minerale e energjetike etj.<\/p>\n<p>Politika fam\u00ebkeqe e koh\u00ebs, me shpejt\u00ebsi filloi hartimin e projekteve p\u00ebr t\u2019iu kund\u00ebrv\u00ebn\u00eb rezistenc\u00ebs shqiptare, dhe sipas nj\u00eb skenari t\u00eb p\u00ebrgatitur, protestat studentore dhe mbar\u00ebpopullore, duke filluar nga politikan\u00ebt serbe dhe ata shqiptar\u00eb t\u00eb Lidhjes Komuniste i gjykuan i nd\u00ebshkuan dhe i d\u00ebnuan si kund\u00ebrrevolucionare, nacionaliste, irredentiste dhe antijugosllave u shpreh nder t\u00eb tjera zonja Miradije Gashi&#8230;<\/p>\n<p>Ministri Ibrahim Makolli po ashtu \u00ebsht\u00eb pritur edhe nga nj\u00eb num\u00ebr i madh i m\u00ebsimdh\u00ebn\u00ebsve shqiptar\u00eb t\u00eb m\u00ebsimit plot\u00ebsues n\u00eb vendin e Baden Wutternbergut, ku \u00ebsht\u00eb biseduar p\u00ebr pun\u00ebn q\u00eb b\u00ebhet k\u00ebtu, si dhe p\u00ebr sfidat me t\u00eb cilat po ballafaqohen qytetar\u00ebt n\u00eb emigracion. Andaj edhe ne k\u00ebt\u00eb tubim fal\u00ebnderoj zonj\u00ebn Gashi, po edhe t\u00eb pranishmit duke e arsyetuar Ram\u00eb Buj\u00ebn se ka qene i obliguar t\u00eb udh\u00ebtoj n\u00eb Kosov\u00eb, p\u00ebr k\u00ebt\u00eb shkak edhe mungon n\u00eb mesin ton\u00eb, sot nga e cila u v\u00ebrejt nj\u00eb pak\u00ebnaq\u00ebsi t\u00eb zonja Miradije Gashi p\u00ebr shkak te munges\u00ebs se Ram\u00eb Buj\u00ebs.<\/p>\n<p>Ministri Ibrahim Makolli ka fal\u00ebnderuar t\u00eb gjith\u00eb m\u00ebrgat\u00ebn p\u00ebr kontributin e tyre q\u00eb kan\u00eb dh\u00ebn\u00eb p\u00ebr lirin\u00eb e Kosov\u00ebs, por edhe n\u00eb pun\u00ebn e tyre vullnetare, p\u00ebr mbajtjen gjall\u00eb t\u00eb m\u00ebsimit shqip n\u00eb Gjermani nga artdash\u00ebsit shqiptar e sidomos m\u00ebsuesit. P\u00ebr m\u00eb tep\u00ebr, ministri ka apeluar t\u00eb gjith\u00eb prind\u00ebrit shqiptar\u00eb q\u00eb t\u00eb inkurajojn\u00eb f\u00ebmij\u00ebt e tyre p\u00ebr t\u00eb vijuar m\u00ebsimin plot\u00ebsues ku ju solli nj\u00eb num\u00ebr simbolik librash p\u00ebr bibliotek\u00ebn e shkoll\u00ebs enkas p\u00ebr f\u00ebmij\u00ebt shqiptar.<\/p>\n<p style=\"text-align: center;\"><img decoding=\"async\" class=\"aligncenter size-thumbnail wp-image-7236\" title=\"Nx\u00ebn\u00ebs shqiptar\u00eb n\u00eb Gjermani\" src=\"http:\/\/www.shkoder.net\/2012\/nxenes_shqiptare_de2.jpg\" alt=\"\" width=\"450\" \/><em>Zoti Ibrahim Makolli duke i dhuruar disa libra qe i solli nga Kosova p\u00ebr nx\u00ebn\u00ebsit shqiptar zonjes Miradie Gashit n\u00eb prezencen e zotit Burim Krasniqi k\u00ebshilltar i ministrit, Ardita Kika, shefe e kabinetit n\u00eb Ministrin\u00eb e Diaspor\u00ebs, Mustaf\u00eb Xhemajli, drejtor p\u00ebr politik\u00ebn e m\u00ebrgat\u00ebs, si dhe z\u00ebvend\u00ebs konsulli i Konsullat\u00ebs se Kosov\u00ebs n\u00eb Shtutgard, zoti Ymer Lladrovci. Foto: Luan A .Dibrani<\/em><\/p>\n<p>Ai ma tutje theksoi se kemi hapur nj\u00eb portofol elektronike p\u00ebr faqen e internetit. Ai fal\u00ebnderoj popullin mik gjerman , qe strehoj nj\u00eb num\u00ebr te madh shqiptar\u00ebsh me \u00e7ka ishte edhe n\u00eb krahun ton\u00eb t\u00eb luft\u00ebs se drejt\u00eb. Ai tha se historia e jone lidhet ngusht\u00eb me popullin mik gjerman. Fjal\u00ebn e pati edhe Ymer Lladrovci qe ju shprehi mir\u00ebseardhje t\u00eb pranishmeve po edhe u prononcua ne mbar\u00ebvajtjen e shkoll\u00ebs shqipe.Pastaj drejtori i shkoll\u00eb &#8220;Jahn Real Schule &#8220;gjermane F\u00fchringer Carter i nderoj t\u00eb gjith\u00eb t\u00eb pranishmit ,n\u00eb shenj\u00eb nderimi shp\u00ebrndau disa dhurata pedagoges Miradije Gashit p\u00ebr pun\u00ebn e b\u00ebr\u00eb, po edhe delegacionit t\u00eb Kosov\u00ebs dhe p\u00ebrfaq\u00ebsuesve te mediave, Pastaj si recitues te disa vjershave ishin nx\u00ebn\u00ebsit, Sara Vu\u00e7iterna, Shk\u00eblqesa Gashi, Edon dhe Fationa Mustafa ,kjo e fundit k\u00ebndoj nj\u00eb k\u00ebng\u00eb n\u00eb gjuhen angleze.<\/p>\n<p style=\"text-align: center;\"><img decoding=\"async\" class=\"aligncenter size-thumbnail wp-image-7236\" title=\"Nx\u00ebn\u00ebs shqiptar\u00eb n\u00eb Gjermani\" src=\"http:\/\/www.shkoder.net\/2012\/makolli_interviste.jpg\" alt=\"\" width=\"450\" \/><em>Zoti Makolli pas p\u00ebrfundimit te takimit n\u00eb intervist\u00eb me Muhamet Hoxh\u00ebn dhe Luan (Asllan) Dibranin Foto: Luan A. Dibrani<\/em><\/p>\n<p style=\"text-align: center;\"><img decoding=\"async\" class=\"aligncenter size-thumbnail wp-image-7236\" title=\"Nx\u00ebn\u00ebs shqiptar\u00eb n\u00eb Gjermani\" src=\"http:\/\/www.shkoder.net\/2012\/nxenes_shqiptare_de3.jpg\" alt=\"\" width=\"450\" \/><em>Pamje e nx\u00ebn\u00ebsve shqiptarn\u00eb shkoll\u00ebn \u201cBashkimi Komb\u00ebtar n\u00eb Stuttgart-Bad Cannstatt Foto: Luan A. Dibrani<\/em><\/p>\n<p style=\"text-align: center;\"><img decoding=\"async\" class=\"aligncenter size-thumbnail wp-image-7236\" title=\"Nx\u00ebn\u00ebs shqiptar\u00eb n\u00eb Gjermani\" src=\"http:\/\/www.shkoder.net\/2012\/makolli_gashi_lladrovci.jpg\" alt=\"\" width=\"450\" \/><em>Pamje e drejtori t\u00eb shkoll\u00eb &#8220;Jahn Real Schule &#8220;gjermane F\u00fchringer Carter Miradije Gashi, Ibrahim Makollit dhe Ymer Lladrovci. Foto: Luan A. Dibrani<\/em><\/p>\n<p style=\"text-align: center;\"><img decoding=\"async\" class=\"aligncenter size-thumbnail wp-image-7236\" title=\"Nx\u00ebn\u00ebs shqiptar\u00eb n\u00eb Gjermani\" src=\"http:\/\/www.shkoder.net\/2012\/nxenes_shqiptare_de4.jpg\" alt=\"\" width=\"450\" \/><em>Pamje e nj\u00eb pjese te sall\u00ebs nga prind\u00ebrit qe po e ndjekin me v\u00ebmendje procesin e m\u00ebsimit me z.Miradije Gashin! Foto: Luan A. Dibrani<\/em><\/p>\n<p style=\"text-align: center;\"><img decoding=\"async\" class=\"aligncenter size-thumbnail wp-image-7236\" title=\"Nx\u00ebn\u00ebs shqiptar\u00eb n\u00eb Gjermani\" src=\"http:\/\/www.shkoder.net\/2012\/nxenes_shqiptare_de5.jpg\" alt=\"\" width=\"450\" \/><em>Nx\u00ebn\u00ebsit e p\u00ebrcjellin me v\u00ebmendje procesin e m\u00ebsimit t\u00eb g\u00ebzuar qe dikush po interesohet p\u00ebr ta , p\u00ebr kultur\u00ebn e tyre qe gjuh\u00ebn shqipe ta m\u00ebsojn\u00eb ta flasin dhe ta shkruajn\u00eb. Foto: Luan A. Dibrani<\/em><\/p>\n<p>U ndam\u00eb nga kjo or\u00eb e m\u00ebsimit qe la mbresa shum\u00eb te m\u00ebdha tek mysafiret, tek prind\u00ebrit, dhe nx\u00ebn\u00ebsitpor edhe te zyrtar\u00ebt e Kosov\u00ebs qe n\u00eb t\u00eb ardhmen t\u00eb jen\u00eb si shembull i bashkimit te t\u00eb gjitha forcave organizative n\u00eb BW, po edhe ma gjer\u00eb, qe m\u00ebsuesit t\u00eb nderohen dhe inkurajohen p\u00ebr sakrific\u00ebn dhe pun\u00ebn e shenjt\u00eb qe jan\u00eb duke e b\u00ebr\u00eb n\u00eb Shtutgard, me rrethin\u00eb me qellim qe te nxitet edhe ma p\u00ebrfshirja e nx\u00ebn\u00ebsve n\u00eb m\u00ebsimin plot\u00ebsues n\u00eb gjuh\u00ebn shqipe, t\u00eb krijohet uniteti n\u00eb mes t\u00eb m\u00ebsuesve p\u00ebrkund\u00ebr v\u00ebshtir\u00ebsive qe p\u00ebrballen ,me qellim qe n\u00eb t\u00eb ardhmen t\u00eb jen\u00eb shembull p\u00ebr rajonin.<\/p>\n<p>M\u00ebsuesit ta p\u00ebrforcojn\u00eb bashk\u00ebpunimin dhe organizimin e artit kulture dhe gjuh\u00ebs shqipe. Vlerat qe kan\u00eb m\u00ebsuesit n\u00eb Shtutgard , Gjermani ,Evrop\u00eb dhe ma gjer\u00eb tu shp\u00ebrblehet mundi dhe . djersa qe po e japin k\u00ebta m\u00ebsues p\u00ebr interesin e f\u00ebmij\u00ebve tan\u00eb me synim t\u00eb vet\u00ebdijesimit p\u00ebr nj\u00eb t\u00eb ardhme ma t\u00eb mire, ma progresive p\u00ebr ruajtjen e identitetit shqiptar!<\/p>\n<p><em>Fotoreportazh nga Luan (Asllan ) Dibrani, Mars 2012 Shtutgard<\/em><\/p>\n","protected":false},"excerpt":{"rendered":"<p>Nga Luan (Asllan ) Dibrani Ora po afrohet 18-h i dat\u00ebs 12.03.2012, ne Qytetin e Shtutgardit pik\u00ebrisht n\u00eb Bad Cnnstad ishte nj\u00eb zhurm\u00eb, nj\u00eb nxitim nga grupe, grupe t\u00eb nx\u00ebn\u00ebsve shqiptar n\u00eb ndjekjen e m\u00ebsimit plot\u00ebsues n\u00eb gjuhen shqipe. Grupet e tyre ishin t\u00eb shoq\u00ebruara edhe me prind\u00ebrit e tyre, shumica, nga n\u00ebnat qe i [&hellip;]<\/p>\n","protected":false},"author":1,"featured_media":0,"comment_status":"open","ping_status":"closed","sticky":false,"template":"","format":"standard","meta":{"footnotes":""},"categories":[2],"tags":[],"class_list":{"0":"post-2263","1":"post","2":"type-post","3":"status-publish","4":"format-standard","6":"category-artikuj"},"yoast_head":"<!-- This site is optimized with the Yoast SEO plugin v27.4 - https:\/\/yoast.com\/product\/yoast-seo-wordpress\/ -->\n<title>G\u00ebrshetim dimensional Qeveri-M\u00ebrgat\u00eb p\u00ebr ruajtjen e identitetit shqiptar! - FjALA e LIR\u00cb - Arkivi<\/title>\n<meta name=\"robots\" content=\"index, follow, max-snippet:-1, max-image-preview:large, max-video-preview:-1\" \/>\n<link rel=\"canonical\" href=\"https:\/\/fjala.info\/2009-2015\/gershetim-dimensional-qeveri-mergate-per-ruajtjen-e-identitetit-shqiptar\/\" \/>\n<meta property=\"og:locale\" content=\"sq_AL\" \/>\n<meta property=\"og:type\" content=\"article\" \/>\n<meta property=\"og:title\" content=\"G\u00ebrshetim dimensional Qeveri-M\u00ebrgat\u00eb p\u00ebr ruajtjen e identitetit shqiptar! - FjALA e LIR\u00cb - Arkivi\" \/>\n<meta property=\"og:description\" content=\"Nga Luan (Asllan ) Dibrani Ora po afrohet 18-h i dat\u00ebs 12.03.2012, ne Qytetin e Shtutgardit pik\u00ebrisht n\u00eb Bad Cnnstad ishte nj\u00eb zhurm\u00eb, nj\u00eb nxitim nga grupe, grupe t\u00eb nx\u00ebn\u00ebsve shqiptar n\u00eb ndjekjen e m\u00ebsimit plot\u00ebsues n\u00eb gjuhen shqipe. Grupet e tyre ishin t\u00eb shoq\u00ebruara edhe me prind\u00ebrit e tyre, shumica, nga n\u00ebnat qe i [&hellip;]\" \/>\n<meta property=\"og:url\" content=\"https:\/\/fjala.info\/2009-2015\/gershetim-dimensional-qeveri-mergate-per-ruajtjen-e-identitetit-shqiptar\/\" \/>\n<meta property=\"og:site_name\" content=\"FjALA e LIR\u00cb - Arkivi\" \/>\n<meta property=\"article:published_time\" content=\"2012-03-25T07:23:33+00:00\" \/>\n<meta property=\"og:image\" content=\"http:\/\/www.shkoder.net\/images\/fjala\/asllan_dibrani.jpg\" \/>\n<meta name=\"author\" content=\"admin\" \/>\n<meta name=\"twitter:card\" content=\"summary_large_image\" \/>\n<meta name=\"twitter:label1\" content=\"Written by\" \/>\n\t<meta name=\"twitter:data1\" content=\"admin\" \/>\n\t<meta name=\"twitter:label2\" content=\"Est. reading time\" \/>\n\t<meta name=\"twitter:data2\" content=\"10 minutes\" \/>\n<script type=\"application\/ld+json\" class=\"yoast-schema-graph\">{\"@context\":\"https:\\\/\\\/schema.org\",\"@graph\":[{\"@type\":\"Article\",\"@id\":\"https:\\\/\\\/fjala.info\\\/2009-2015\\\/gershetim-dimensional-qeveri-mergate-per-ruajtjen-e-identitetit-shqiptar\\\/#article\",\"isPartOf\":{\"@id\":\"https:\\\/\\\/fjala.info\\\/2009-2015\\\/gershetim-dimensional-qeveri-mergate-per-ruajtjen-e-identitetit-shqiptar\\\/\"},\"author\":{\"name\":\"admin\",\"@id\":\"https:\\\/\\\/fjala.info\\\/2009-2015\\\/#\\\/schema\\\/person\\\/3aa1163ef05469c496fc94e77611ada2\"},\"headline\":\"G\u00ebrshetim dimensional Qeveri-M\u00ebrgat\u00eb p\u00ebr ruajtjen e identitetit shqiptar!\",\"datePublished\":\"2012-03-25T07:23:33+00:00\",\"mainEntityOfPage\":{\"@id\":\"https:\\\/\\\/fjala.info\\\/2009-2015\\\/gershetim-dimensional-qeveri-mergate-per-ruajtjen-e-identitetit-shqiptar\\\/\"},\"wordCount\":1973,\"commentCount\":0,\"publisher\":{\"@id\":\"https:\\\/\\\/fjala.info\\\/2009-2015\\\/#organization\"},\"image\":{\"@id\":\"https:\\\/\\\/fjala.info\\\/2009-2015\\\/gershetim-dimensional-qeveri-mergate-per-ruajtjen-e-identitetit-shqiptar\\\/#primaryimage\"},\"thumbnailUrl\":\"http:\\\/\\\/www.shkoder.net\\\/images\\\/fjala\\\/asllan_dibrani.jpg\",\"articleSection\":[\"Artikuj\"],\"inLanguage\":\"sq-AL\",\"potentialAction\":[{\"@type\":\"CommentAction\",\"name\":\"Comment\",\"target\":[\"https:\\\/\\\/fjala.info\\\/2009-2015\\\/gershetim-dimensional-qeveri-mergate-per-ruajtjen-e-identitetit-shqiptar\\\/#respond\"]}]},{\"@type\":\"WebPage\",\"@id\":\"https:\\\/\\\/fjala.info\\\/2009-2015\\\/gershetim-dimensional-qeveri-mergate-per-ruajtjen-e-identitetit-shqiptar\\\/\",\"url\":\"https:\\\/\\\/fjala.info\\\/2009-2015\\\/gershetim-dimensional-qeveri-mergate-per-ruajtjen-e-identitetit-shqiptar\\\/\",\"name\":\"G\u00ebrshetim dimensional Qeveri-M\u00ebrgat\u00eb p\u00ebr ruajtjen e identitetit shqiptar! - FjALA e LIR\u00cb - Arkivi\",\"isPartOf\":{\"@id\":\"https:\\\/\\\/fjala.info\\\/2009-2015\\\/#website\"},\"primaryImageOfPage\":{\"@id\":\"https:\\\/\\\/fjala.info\\\/2009-2015\\\/gershetim-dimensional-qeveri-mergate-per-ruajtjen-e-identitetit-shqiptar\\\/#primaryimage\"},\"image\":{\"@id\":\"https:\\\/\\\/fjala.info\\\/2009-2015\\\/gershetim-dimensional-qeveri-mergate-per-ruajtjen-e-identitetit-shqiptar\\\/#primaryimage\"},\"thumbnailUrl\":\"http:\\\/\\\/www.shkoder.net\\\/images\\\/fjala\\\/asllan_dibrani.jpg\",\"datePublished\":\"2012-03-25T07:23:33+00:00\",\"breadcrumb\":{\"@id\":\"https:\\\/\\\/fjala.info\\\/2009-2015\\\/gershetim-dimensional-qeveri-mergate-per-ruajtjen-e-identitetit-shqiptar\\\/#breadcrumb\"},\"inLanguage\":\"sq-AL\",\"potentialAction\":[{\"@type\":\"ReadAction\",\"target\":[\"https:\\\/\\\/fjala.info\\\/2009-2015\\\/gershetim-dimensional-qeveri-mergate-per-ruajtjen-e-identitetit-shqiptar\\\/\"]}]},{\"@type\":\"ImageObject\",\"inLanguage\":\"sq-AL\",\"@id\":\"https:\\\/\\\/fjala.info\\\/2009-2015\\\/gershetim-dimensional-qeveri-mergate-per-ruajtjen-e-identitetit-shqiptar\\\/#primaryimage\",\"url\":\"http:\\\/\\\/www.shkoder.net\\\/images\\\/fjala\\\/asllan_dibrani.jpg\",\"contentUrl\":\"http:\\\/\\\/www.shkoder.net\\\/images\\\/fjala\\\/asllan_dibrani.jpg\"},{\"@type\":\"BreadcrumbList\",\"@id\":\"https:\\\/\\\/fjala.info\\\/2009-2015\\\/gershetim-dimensional-qeveri-mergate-per-ruajtjen-e-identitetit-shqiptar\\\/#breadcrumb\",\"itemListElement\":[{\"@type\":\"ListItem\",\"position\":1,\"name\":\"Home\",\"item\":\"https:\\\/\\\/fjala.info\\\/2009-2015\\\/\"},{\"@type\":\"ListItem\",\"position\":2,\"name\":\"G\u00ebrshetim dimensional Qeveri-M\u00ebrgat\u00eb p\u00ebr ruajtjen e identitetit shqiptar!\"}]},{\"@type\":\"WebSite\",\"@id\":\"https:\\\/\\\/fjala.info\\\/2009-2015\\\/#website\",\"url\":\"https:\\\/\\\/fjala.info\\\/2009-2015\\\/\",\"name\":\"FjALA e LIR\u00cb - Arkivi\",\"description\":\"Arkivi 2009-2015\",\"publisher\":{\"@id\":\"https:\\\/\\\/fjala.info\\\/2009-2015\\\/#organization\"},\"potentialAction\":[{\"@type\":\"SearchAction\",\"target\":{\"@type\":\"EntryPoint\",\"urlTemplate\":\"https:\\\/\\\/fjala.info\\\/2009-2015\\\/?s={search_term_string}\"},\"query-input\":{\"@type\":\"PropertyValueSpecification\",\"valueRequired\":true,\"valueName\":\"search_term_string\"}}],\"inLanguage\":\"sq-AL\"},{\"@type\":\"Organization\",\"@id\":\"https:\\\/\\\/fjala.info\\\/2009-2015\\\/#organization\",\"name\":\"FjALA e LIR\u00cb - Arkivi\",\"url\":\"https:\\\/\\\/fjala.info\\\/2009-2015\\\/\",\"logo\":{\"@type\":\"ImageObject\",\"inLanguage\":\"sq-AL\",\"@id\":\"https:\\\/\\\/fjala.info\\\/2009-2015\\\/#\\\/schema\\\/logo\\\/image\\\/\",\"url\":\"\",\"contentUrl\":\"\",\"caption\":\"FjALA e LIR\u00cb - Arkivi\"},\"image\":{\"@id\":\"https:\\\/\\\/fjala.info\\\/2009-2015\\\/#\\\/schema\\\/logo\\\/image\\\/\"}},{\"@type\":\"Person\",\"@id\":\"https:\\\/\\\/fjala.info\\\/2009-2015\\\/#\\\/schema\\\/person\\\/3aa1163ef05469c496fc94e77611ada2\",\"name\":\"admin\",\"image\":{\"@type\":\"ImageObject\",\"inLanguage\":\"sq-AL\",\"@id\":\"https:\\\/\\\/fjala.info\\\/2009-2015\\\/wp-content\\\/uploads\\\/2012\\\/02\\\/arben_cokaj-120x150.jpg\",\"url\":\"https:\\\/\\\/fjala.info\\\/2009-2015\\\/wp-content\\\/uploads\\\/2012\\\/02\\\/arben_cokaj-120x150.jpg\",\"contentUrl\":\"https:\\\/\\\/fjala.info\\\/2009-2015\\\/wp-content\\\/uploads\\\/2012\\\/02\\\/arben_cokaj-120x150.jpg\",\"caption\":\"admin\"},\"description\":\"Admin, Fjala e Lir\u00eb\",\"sameAs\":[\"https:\\\/\\\/fjala.info\\\/\"],\"url\":\"https:\\\/\\\/fjala.info\\\/2009-2015\\\/author\\\/admin\\\/\"}]}<\/script>\n<!-- \/ Yoast SEO plugin. -->","yoast_head_json":{"title":"G\u00ebrshetim dimensional Qeveri-M\u00ebrgat\u00eb p\u00ebr ruajtjen e identitetit shqiptar! - FjALA e LIR\u00cb - Arkivi","robots":{"index":"index","follow":"follow","max-snippet":"max-snippet:-1","max-image-preview":"max-image-preview:large","max-video-preview":"max-video-preview:-1"},"canonical":"https:\/\/fjala.info\/2009-2015\/gershetim-dimensional-qeveri-mergate-per-ruajtjen-e-identitetit-shqiptar\/","og_locale":"sq_AL","og_type":"article","og_title":"G\u00ebrshetim dimensional Qeveri-M\u00ebrgat\u00eb p\u00ebr ruajtjen e identitetit shqiptar! - FjALA e LIR\u00cb - Arkivi","og_description":"Nga Luan (Asllan ) Dibrani Ora po afrohet 18-h i dat\u00ebs 12.03.2012, ne Qytetin e Shtutgardit pik\u00ebrisht n\u00eb Bad Cnnstad ishte nj\u00eb zhurm\u00eb, nj\u00eb nxitim nga grupe, grupe t\u00eb nx\u00ebn\u00ebsve shqiptar n\u00eb ndjekjen e m\u00ebsimit plot\u00ebsues n\u00eb gjuhen shqipe. Grupet e tyre ishin t\u00eb shoq\u00ebruara edhe me prind\u00ebrit e tyre, shumica, nga n\u00ebnat qe i [&hellip;]","og_url":"https:\/\/fjala.info\/2009-2015\/gershetim-dimensional-qeveri-mergate-per-ruajtjen-e-identitetit-shqiptar\/","og_site_name":"FjALA e LIR\u00cb - Arkivi","article_published_time":"2012-03-25T07:23:33+00:00","og_image":[{"url":"http:\/\/www.shkoder.net\/images\/fjala\/asllan_dibrani.jpg","type":"","width":"","height":""}],"author":"admin","twitter_card":"summary_large_image","twitter_misc":{"Written by":"admin","Est. reading time":"10 minutes"},"schema":{"@context":"https:\/\/schema.org","@graph":[{"@type":"Article","@id":"https:\/\/fjala.info\/2009-2015\/gershetim-dimensional-qeveri-mergate-per-ruajtjen-e-identitetit-shqiptar\/#article","isPartOf":{"@id":"https:\/\/fjala.info\/2009-2015\/gershetim-dimensional-qeveri-mergate-per-ruajtjen-e-identitetit-shqiptar\/"},"author":{"name":"admin","@id":"https:\/\/fjala.info\/2009-2015\/#\/schema\/person\/3aa1163ef05469c496fc94e77611ada2"},"headline":"G\u00ebrshetim dimensional Qeveri-M\u00ebrgat\u00eb p\u00ebr ruajtjen e identitetit shqiptar!","datePublished":"2012-03-25T07:23:33+00:00","mainEntityOfPage":{"@id":"https:\/\/fjala.info\/2009-2015\/gershetim-dimensional-qeveri-mergate-per-ruajtjen-e-identitetit-shqiptar\/"},"wordCount":1973,"commentCount":0,"publisher":{"@id":"https:\/\/fjala.info\/2009-2015\/#organization"},"image":{"@id":"https:\/\/fjala.info\/2009-2015\/gershetim-dimensional-qeveri-mergate-per-ruajtjen-e-identitetit-shqiptar\/#primaryimage"},"thumbnailUrl":"http:\/\/www.shkoder.net\/images\/fjala\/asllan_dibrani.jpg","articleSection":["Artikuj"],"inLanguage":"sq-AL","potentialAction":[{"@type":"CommentAction","name":"Comment","target":["https:\/\/fjala.info\/2009-2015\/gershetim-dimensional-qeveri-mergate-per-ruajtjen-e-identitetit-shqiptar\/#respond"]}]},{"@type":"WebPage","@id":"https:\/\/fjala.info\/2009-2015\/gershetim-dimensional-qeveri-mergate-per-ruajtjen-e-identitetit-shqiptar\/","url":"https:\/\/fjala.info\/2009-2015\/gershetim-dimensional-qeveri-mergate-per-ruajtjen-e-identitetit-shqiptar\/","name":"G\u00ebrshetim dimensional Qeveri-M\u00ebrgat\u00eb p\u00ebr ruajtjen e identitetit shqiptar! - FjALA e LIR\u00cb - Arkivi","isPartOf":{"@id":"https:\/\/fjala.info\/2009-2015\/#website"},"primaryImageOfPage":{"@id":"https:\/\/fjala.info\/2009-2015\/gershetim-dimensional-qeveri-mergate-per-ruajtjen-e-identitetit-shqiptar\/#primaryimage"},"image":{"@id":"https:\/\/fjala.info\/2009-2015\/gershetim-dimensional-qeveri-mergate-per-ruajtjen-e-identitetit-shqiptar\/#primaryimage"},"thumbnailUrl":"http:\/\/www.shkoder.net\/images\/fjala\/asllan_dibrani.jpg","datePublished":"2012-03-25T07:23:33+00:00","breadcrumb":{"@id":"https:\/\/fjala.info\/2009-2015\/gershetim-dimensional-qeveri-mergate-per-ruajtjen-e-identitetit-shqiptar\/#breadcrumb"},"inLanguage":"sq-AL","potentialAction":[{"@type":"ReadAction","target":["https:\/\/fjala.info\/2009-2015\/gershetim-dimensional-qeveri-mergate-per-ruajtjen-e-identitetit-shqiptar\/"]}]},{"@type":"ImageObject","inLanguage":"sq-AL","@id":"https:\/\/fjala.info\/2009-2015\/gershetim-dimensional-qeveri-mergate-per-ruajtjen-e-identitetit-shqiptar\/#primaryimage","url":"http:\/\/www.shkoder.net\/images\/fjala\/asllan_dibrani.jpg","contentUrl":"http:\/\/www.shkoder.net\/images\/fjala\/asllan_dibrani.jpg"},{"@type":"BreadcrumbList","@id":"https:\/\/fjala.info\/2009-2015\/gershetim-dimensional-qeveri-mergate-per-ruajtjen-e-identitetit-shqiptar\/#breadcrumb","itemListElement":[{"@type":"ListItem","position":1,"name":"Home","item":"https:\/\/fjala.info\/2009-2015\/"},{"@type":"ListItem","position":2,"name":"G\u00ebrshetim dimensional Qeveri-M\u00ebrgat\u00eb p\u00ebr ruajtjen e identitetit shqiptar!"}]},{"@type":"WebSite","@id":"https:\/\/fjala.info\/2009-2015\/#website","url":"https:\/\/fjala.info\/2009-2015\/","name":"FjALA e LIR\u00cb - Arkivi","description":"Arkivi 2009-2015","publisher":{"@id":"https:\/\/fjala.info\/2009-2015\/#organization"},"potentialAction":[{"@type":"SearchAction","target":{"@type":"EntryPoint","urlTemplate":"https:\/\/fjala.info\/2009-2015\/?s={search_term_string}"},"query-input":{"@type":"PropertyValueSpecification","valueRequired":true,"valueName":"search_term_string"}}],"inLanguage":"sq-AL"},{"@type":"Organization","@id":"https:\/\/fjala.info\/2009-2015\/#organization","name":"FjALA e LIR\u00cb - Arkivi","url":"https:\/\/fjala.info\/2009-2015\/","logo":{"@type":"ImageObject","inLanguage":"sq-AL","@id":"https:\/\/fjala.info\/2009-2015\/#\/schema\/logo\/image\/","url":"","contentUrl":"","caption":"FjALA e LIR\u00cb - Arkivi"},"image":{"@id":"https:\/\/fjala.info\/2009-2015\/#\/schema\/logo\/image\/"}},{"@type":"Person","@id":"https:\/\/fjala.info\/2009-2015\/#\/schema\/person\/3aa1163ef05469c496fc94e77611ada2","name":"admin","image":{"@type":"ImageObject","inLanguage":"sq-AL","@id":"https:\/\/fjala.info\/2009-2015\/wp-content\/uploads\/2012\/02\/arben_cokaj-120x150.jpg","url":"https:\/\/fjala.info\/2009-2015\/wp-content\/uploads\/2012\/02\/arben_cokaj-120x150.jpg","contentUrl":"https:\/\/fjala.info\/2009-2015\/wp-content\/uploads\/2012\/02\/arben_cokaj-120x150.jpg","caption":"admin"},"description":"Admin, Fjala e Lir\u00eb","sameAs":["https:\/\/fjala.info\/"],"url":"https:\/\/fjala.info\/2009-2015\/author\/admin\/"}]}},"_links":{"self":[{"href":"https:\/\/fjala.info\/2009-2015\/wp-json\/wp\/v2\/posts\/2263","targetHints":{"allow":["GET"]}}],"collection":[{"href":"https:\/\/fjala.info\/2009-2015\/wp-json\/wp\/v2\/posts"}],"about":[{"href":"https:\/\/fjala.info\/2009-2015\/wp-json\/wp\/v2\/types\/post"}],"author":[{"embeddable":true,"href":"https:\/\/fjala.info\/2009-2015\/wp-json\/wp\/v2\/users\/1"}],"replies":[{"embeddable":true,"href":"https:\/\/fjala.info\/2009-2015\/wp-json\/wp\/v2\/comments?post=2263"}],"version-history":[{"count":0,"href":"https:\/\/fjala.info\/2009-2015\/wp-json\/wp\/v2\/posts\/2263\/revisions"}],"wp:attachment":[{"href":"https:\/\/fjala.info\/2009-2015\/wp-json\/wp\/v2\/media?parent=2263"}],"wp:term":[{"taxonomy":"category","embeddable":true,"href":"https:\/\/fjala.info\/2009-2015\/wp-json\/wp\/v2\/categories?post=2263"},{"taxonomy":"post_tag","embeddable":true,"href":"https:\/\/fjala.info\/2009-2015\/wp-json\/wp\/v2\/tags?post=2263"}],"curies":[{"name":"wp","href":"https:\/\/api.w.org\/{rel}","templated":true}]}}