{"id":2261,"date":"2012-03-25T07:54:30","date_gmt":"2012-03-25T06:54:30","guid":{"rendered":"http:\/\/fjala.shkoder.net\/?p=2261"},"modified":"2012-03-25T07:54:30","modified_gmt":"2012-03-25T06:54:30","slug":"dreke-miqesore-ne-nju-jork-me-profesorin-japonez-kazuhiko-yamomoto","status":"publish","type":"post","link":"https:\/\/fjala.info\/2009-2015\/dreke-miqesore-ne-nju-jork-me-profesorin-japonez-kazuhiko-yamomoto\/","title":{"rendered":"Drek\u00eb miq\u00ebsore n\u00eb Nju Jork me Profesorin japonez Kazuhiko Yamomoto"},"content":{"rendered":"<p><img decoding=\"async\" class=\"alignright size-thumbnail wp-image-7236\" title=\"Pierre-Pandeli Simsia\" src=\"http:\/\/www.shkoder.net\/2012\/pp_simsia.jpg\" alt=\"\" width=\"150\" \/> Nga <strong>Pierre-Pandeli Simsia<\/strong><\/p>\n<p>Burri i mir\u00eb dhe i urt\u00eb, intelektuali i mir\u00ebnjohur n\u00eb mbar\u00eb Diaspor\u00ebn Shqiptare Dr. Selahedin Velaj, na mblodhi p\u00ebrs\u00ebri n\u00eb Manhattan, Nju Jork, dit\u00ebn e m\u00ebrkur\u00eb, m\u00eb 21 mars, 2012.<br \/>\nPatrioti vatran Dr. Velaj njihet n\u00eb Komunitet edhe si nism\u00ebtari dhe organizatori i takimeve me karakter komb\u00ebtar n\u00eb mbrojtje t\u00eb \u00e7\u00ebshtjes shqiptare.<\/p>\n<p>K\u00ebsaj radhe, ftesa nga Dr. Selahedin Velaj kishte nj\u00eb tjet\u00ebr qellim: T&#8217;i uronim mir\u00ebseardhjen n\u00eb Nju Jork, mikut t\u00eb shqiptar\u00ebve, autorit t\u00eb librit: &#8220;Struktura Etike e Kanunit dhe N\u00ebnkuptimet e saj Kulturore&#8221; Profesorit nga Japonia, Kazuhiko Yamomoto dhe bashk\u00ebshortes s\u00eb tij, zonja Sa\u00e7iko Yamomoto.<br \/>\nTakimi i mirseardhjes u mbajt n\u00eb hollin e Hotelit Murray Hill East, 149 East 39 Street, New York City, NY<br \/>\nBashkatdhetar\u00ebt e nderuar kishin nderin t\u00eb mernin pjes\u00eb n\u00eb at\u00eb takim: aktivistja e mir\u00ebnjohur n\u00eb komunitet, Elmira Muja, Prof. Sali Bollati, Prof. Agron Fico, publi\u00e7isti dhe gazetari i talentuar, Beqir Sina.<\/p>\n<p>Nuk ishte hera e par\u00eb q\u00eb njiheshim me Prof japonez Yamomoto. Takoheshim pas gjasht\u00eb vitesh dhe, pothuajse, t\u00eb gjith\u00ebve na mbante mend.<br \/>\nT\u00eb \u00e7ilt\u00ebr, t\u00eb thjesht\u00eb, buzagaz, me plot humor, Prof Yamomoto dhe bashk\u00ebshortja e tij, zonja Sa\u00e7iko; kjo ishte pamja e par\u00eb q\u00eb lexoje n\u00eb fytyrat e tyre.<\/p>\n<p>Takohemi e p\u00ebrqafohemi si miq. &#8220;J&#8217;u mbaj mend, zoti Simsia&#8230; Ndjehem i g\u00ebzuar q\u00eb po takohemi p\u00ebrs\u00ebri&#8230; Edhe n\u00ebse dua t&#8217;ju harroj un\u00eb, \u00ebsht\u00eb shtatlart\u00ebsia jote ajo q\u00eb nuk mund t&#8217;ju harroj&#8230;&#8221; &#8211; m\u00eb thot\u00eb me humorin e tij profesori japonez.<\/p>\n<p>&#8221; O, zoti Bollati&#8230; sa mir\u00eb q\u00eb u takuam p\u00ebrs\u00ebri pas gjasht\u00eb vitesh&#8230; Edhe pse para pak koh\u00ebsh j&#8217;u d\u00ebrgova e-mail urim-p\u00ebrsh\u00ebndet\u00ebs, \u00ebsht\u00eb k\u00ebnaq\u00ebsi q\u00eb takohemi prap&#8230;&#8221; &#8211; i drejtohet zotit Sali Bollati.<br \/>\nTakimin dhe p\u00ebrqafimin v\u00ebllaz\u00ebror e b\u00ebn gjithashtu edhe me gazetarin e mir\u00ebnjohur n\u00eb komunitet, zotin Beqir Sina. &#8220;I kam ndjekur shkrimet e tua, sidomos at\u00eb ku pasqyronit aktivitetin e promovimit t\u00eb librit &#8220;Struktura Etike e Kanunit dhe N\u00ebnkuptimet e saj Kulturore&#8221; p\u00ebrkthyer nga Dr. Selahedin Velaj&#8221; i thot\u00eb profesori, gazetarit Beqir Sina.<\/p>\n<p>&#8220;Elmira, Elmiraa. E kam t\u00eb fiksuar k\u00ebt\u00eb emrin tuaj t\u00eb bukur shqiptar dhe nuk mundem ta harroj. Jeni e mrekullueshme&#8230;&#8221; i drejtohet zonjush\u00ebs Elmira Muja, Prof. Yamomoto.<\/p>\n<p>&#8220;Profesor Fico, ju kujtoj, sepse e kam edhe librin tuaj q\u00eb m\u00eb dhuruat her\u00ebn e fundit kur u takuam k\u00ebtu n\u00eb Nju Jork&#8230; i drejtohet Prof. Agron Ficos.<\/p>\n<p>E nd\u00ebrsa biseda zhvillohej e ngroht\u00eb n\u00eb hollin e hotelit me Prof. Yamomoton, bashk\u00ebshortja e tij, zonja Sa\u00e7iko, regjistronte n\u00eb video kamera takimin ton\u00eb.<\/p>\n<p>&#8220;I zoti i sht\u00ebpis\u00eb&#8221; q\u00eb na kishte ftuar, i nderuari Dr. Selahedin Velaj, kishte merakun e tij p\u00ebr vones\u00ebn e disa bashkatdhetar\u00ebve t\u00eb tjer\u00eb (&#8220;tradit\u00eb&#8221; shqiptare kjo, mosrespektimi orarit t\u00eb takimit) P\u00ebr arsye t\u00eb ndryshme personale familjare, disa bashkatdhetar\u00eb t\u00eb ftuar nuk mund\u00ebn t\u00eb vinin n\u00eb at\u00eb takim.<\/p>\n<p style=\"text-align: center;\"><img decoding=\"async\" class=\"aligncenter size-thumbnail wp-image-7236\" title=\"Dr. Selahedin Velaj\" src=\"http:\/\/www.shkoder.net\/2012\/selahedin_velaj.jpg\" alt=\"\" width=\"300\" \/><em>Dr. Selahedin Velaj<\/em><\/p>\n<p>Pas bised\u00ebs s\u00eb k\u00ebndshme n\u00eb hollin e hotelit, Dr. Selahedin Velaj, na ftoi t\u00eb shkonim p\u00ebr t\u00eb drekuar n\u00eb restorantin Sam&#8217;s Place 132 E 39TH St, New York City, NY, pronar i restorantit \u00ebsht\u00eb bashkatdhetari yn\u00eb, zoti Maxhun Biberaj.<\/p>\n<p>Zoti Biberaj na kishte rezervuar tavolin\u00ebn n\u00eb nj\u00eb nga sallat e katit t\u00eb dyt\u00eb t\u00eb restorantit.<br \/>\nSi pjes\u00ebtar\u00ebt e nj\u00eb familjeje zum\u00eb vend n\u00eb tavolin\u00eb.<\/p>\n<p>Dr. Selahedin Velaj, me got\u00ebn me ver\u00eb n\u00eb dor\u00eb i uron mirseardhjen Prof. Yamomotos dhe bashk\u00ebshortes s\u00eb tij Znj. Sa\u00e7iko, gjithashtu na falenderon edhe ne pjes\u00ebmarr\u00ebsve q\u00eb iu p\u00ebrgjigj\u00ebm ftes\u00ebs s\u00eb tij.<br \/>\nDr. Velaj njihet n\u00eb komunitet edhe p\u00ebr humorin e tij, q\u00eb i shoq\u00ebron bisedat e ndryshme.<br \/>\nEdhe n\u00eb at\u00eb takim nuk kishte si t\u00eb ndodhte ndryshe, madje, urimin e mir\u00ebseardhjes s\u00eb miqve japonez\u00eb Dr. Selahedin Velaj, p\u00ebrve\u00e7se n\u00eb gjuh\u00ebn angleze, e b\u00ebri edhe n\u00eb gjuh\u00ebn japoneze.<\/p>\n<p style=\"text-align: center;\"><img decoding=\"async\" class=\"aligncenter size-thumbnail wp-image-7236\" title=\"Prof. Kazuhiko Yamomoto\" src=\"http:\/\/www.shkoder.net\/2012\/kazuhiko_yamomoto.jpg\" alt=\"\" width=\"300\" \/><em>Prof. Kazuhiko Yamomoto<\/em><\/p>\n<p style=\"text-align: center;\"><img decoding=\"async\" class=\"aligncenter size-thumbnail wp-image-7236\" title=\"Znj. Sa\u00e7iko Yamomoto\" src=\"http:\/\/www.shkoder.net\/2012\/saciko_yamomoto.jpg\" alt=\"\" width=\"300\" \/><em>Znj. Sa\u00e7iko Yamomoto<\/em><\/p>\n<p>Prof. Kazuhiko Yamomoto, na p\u00ebrsh\u00ebndeti t\u00eb gjith\u00ebve, duke falenderuar Dr. Selahedin Velaj p\u00ebr ftes\u00ebn q\u00eb i kishte b\u00ebr\u00eb, si edhe neve pjes\u00ebmarr\u00ebsve q\u00eb ndodheshim n\u00eb at\u00eb drek\u00eb.<\/p>\n<p>Prof. Yamomoto foli p\u00ebr kultur\u00ebn dhe tradit\u00ebn shqiptare si njoh\u00ebs i mir\u00eb q\u00eb \u00ebsht\u00eb, p\u00ebr Folklorin Shqiptar, veshjet komb\u00ebtare shqiptare&#8230; Gjithashtu ai foli edhe me mbresat e paharuara q\u00eb kishte patur me Dr. Selahedin Velaj gjat\u00eb dit\u00ebve t\u00eb qendrimit t\u00eb tij n\u00eb Japoni dhe p\u00ebr mbresat e shk\u00eblqyera dhe t\u00eb paharuara sa her\u00eb takohet me shqiptar\u00eb, si\u00e7 ishte edhe rasti i asaj dreke&#8230;<\/p>\n<p>Un\u00eb, Pierre-Pandeli Simsia, autori i k\u00ebtij shkrimi, n\u00eb p\u00ebrsh\u00ebndetjen time drejtuar Prof. Yamomotos, midis t\u00eb tjerash, i kujtova se, n\u00eb mbar\u00eb shqiptar\u00ebt, ju jeni nj\u00eb personalitet i nderuar; jo vet\u00ebm se keni shkruar librin &#8220;Struktura Etike e Kanunit dhe N\u00ebnkuptimet e saj Kulturore&#8221;, dhe keni qen\u00eb pjes\u00ebmarr\u00ebs n\u00eb konferena dhe simpoziume t\u00eb ndryshme n\u00eb Kosov\u00eb, por, se me ardhjen e Dr. Selahedin Velaj-t n\u00eb Japoni, u mund\u00ebsua ngritja dhe val\u00ebvitja e Flamurit Komb\u00ebtar Shqiptar n\u00eb Japoni dhe ajo \u00e7&#8217;far\u00eb \u00ebsht\u00eb m\u00eb e r\u00ebnd\u00ebsishmja, me ndihm\u00ebn tuaj, u mund\u00ebsua n\u00ebnshkrimi i nj\u00eb peticioni prej 135 firmash p\u00ebr Pavar\u00ebsin\u00eb e Kosov\u00ebs n\u00eb at\u00eb koh\u00eb&#8230; Nj\u00eb akt i r\u00ebnd\u00ebsish\u00ebm i vler\u00ebsuar dhe i pa harruar nga \u00e7do shqiptar. Gjithashtu, p\u00ebrkraha edhe propozimin e Dr. Selahedin Velaj-t q\u00eb, Prof. Yamomoto t\u00eb shpallet Qytetar Nderi i Shqip\u00ebris\u00eb&#8230;<\/p>\n<p>Prof. Sali Bollati n\u00eb p\u00ebrsh\u00ebndetjen e tij tha:<\/p>\n<p style=\"text-align: center;\"><img decoding=\"async\" class=\"aligncenter size-thumbnail wp-image-7236\" title=\"Prof. Sali Bollati\" src=\"http:\/\/www.shkoder.net\/2012\/sali_bollati.jpg\" alt=\"\" width=\"300\" \/><em>Prof. Sali Bollati<\/em><\/p>\n<p>&#8220;\u00cbsht\u00eb nj\u00eb eveniment shum\u00eb i r\u00ebnd\u00ebsish\u00ebm, sepse nj\u00eb nd\u00ebr veteran\u00ebt, nj\u00eb nd\u00ebr legjendar\u00ebt e emigracionit shqiptar n\u00eb Sh.B.A. Dr. Selahedin Velaj, ka ftuar nj\u00eb profesor nga Japonia, por q\u00eb \u00ebsht\u00eb shum\u00eb af\u00ebr me Shqip\u00ebrin\u00eb. E kam takuar Prof. Yamomoton her\u00ebn e fundit kur ishte k\u00ebtu n\u00eb Nju Jork, madje edhe me veprat e tij jam njohur, por dua t\u00eb theksoj se, para nj\u00eb viti, m\u00eb ka b\u00ebr\u00eb p\u00ebrshtypje shum\u00eb t\u00eb madhe, kur Prof. Yamomoto m\u00eb d\u00ebrgon p\u00ebrsh\u00ebndetje p\u00ebr \u00c7am\u00ebrin\u00eb nga Austria. Ishte n\u00eb nj\u00eb udh\u00ebtim profesional n\u00eb Austri n\u00eb universitet. Atje takon nj\u00eb \u00e7am dhe m\u00eb d\u00ebrgon t\u00eb fala p\u00ebr \u00c7am\u00ebrin\u00eb. Kjo tregon se, Prof. Yamomoto \u00ebsht\u00eb nj\u00eb mik i madh i shqiptar\u00ebve dhe propozimi q\u00eb ka b\u00ebr\u00eb Dr. Velaj, q\u00eb Prof. Yamomoto t\u00eb shpallet Qytetar Nderi i Shqip\u00ebris\u00eb \u00ebsht\u00eb me shum\u00eb vend dhe ne duhet ta propozojm\u00eb dhe ta p\u00ebrkrahim at\u00eb. \u00cbsht\u00eb me t\u00eb v\u00ebrtet\u00eb nj\u00eb nder i madh p\u00ebr ne shqiptar\u00ebt&#8230;<\/p>\n<p>Gazetarja Elmira Muja, n\u00eb p\u00ebrsh\u00ebndetjen e saj, midis t\u00eb tjerash tha:<\/p>\n<p style=\"text-align: center;\"><img decoding=\"async\" class=\"aligncenter size-thumbnail wp-image-7236\" title=\"Elmira Muja\" src=\"http:\/\/www.shkoder.net\/2012\/elmira_muja.jpg\" alt=\"\" width=\"300\" \/><em>Gazetarja Elmira Muja<\/em><\/p>\n<p>&#8220;Bujaria e Dr. Selahedin Velaj-t \u00ebsht\u00eb treguar gjithmon\u00eb; kjo \u00ebsht\u00eb nj\u00eb shenj\u00eb e mikpritjes s\u00eb shqiptar\u00ebve p\u00ebr k\u00ebt\u00eb nder q\u00eb i b\u00ebjm\u00eb mikut ton\u00eb, Prof. Yamomoto, i cili n\u00eb fush\u00ebn e shkenc\u00ebs si studiues ka b\u00ebr\u00eb shum\u00eb p\u00ebr Shqip\u00ebrin\u00eb&#8230; Prof. Yamomoto \u00ebsht\u00eb nj\u00eb mik i shqiptar\u00ebve dhe mbetet p\u00ebrher\u00eb i vler\u00ebsuar. Edhe un\u00eb e mb\u00ebshtes propozimin e Dr. Selahedin Velaj q\u00eb Prof. Yamomoto t\u00eb nderohet me titullin &#8220;Qytetar Nderi i Shqip\u00ebris\u00eb&#8221;&#8230;<\/p>\n<p>Gazetari Beqir Sina, n\u00eb p\u00ebrsh\u00ebndetjen e tij tha:<\/p>\n<p style=\"text-align: center;\"><img decoding=\"async\" class=\"aligncenter size-thumbnail wp-image-7236\" title=\"Beqir Sina\" src=\"http:\/\/www.shkoder.net\/2012\/beqir_sina.jpg\" alt=\"\" width=\"300\" \/><em>Gazetari Beqir Sina<\/em><\/p>\n<p>&#8220;E vler\u00ebsoj shum\u00eb k\u00ebt\u00eb takimin e sot\u00ebm, lidhjen e ngusht\u00eb miq\u00ebsore q\u00eb ka Dr. Velaj me prof. japonez, e cila \u00ebsht\u00eb pasqyr\u00eb e pun\u00ebs q\u00eb ka b\u00ebr\u00eb vet\u00eb Prof. Yamomoto p\u00ebr pasqyrimin e vlerave dhe traditave shqiptare. Nj\u00eb pun\u00eb kolosale, q\u00eb pa ndihm\u00ebn e Dr. Velaj-t nuk do ishte pasqyruar dhe nuk do ishte v\u00ebn\u00eb n\u00eb pah. Dhe p\u00ebr k\u00ebt\u00eb un\u00eb ndjej k\u00ebnaq\u00ebsi dhe e vler\u00ebsoj pun\u00ebn e Prof Yamomotos q\u00eb n\u00eb nj\u00eb t\u00eb ardhme t\u00eb jet\u00eb an\u00ebtar i Akademis\u00eb s\u00eb Shkencave dhe Arteve t\u00eb Shqip\u00ebris\u00eb, p\u00ebr ar\u00ebsye, se punimet e tij kan\u00eb nj\u00eb vler\u00eb t\u00eb madhe dhe do t\u00eb jen\u00eb nj\u00eb kontribut p\u00ebr vlerat e historis\u00eb dhe traditave tona komb\u00ebtare&#8230;<\/p>\n<p>Prof. Agron Fico, n\u00eb p\u00ebrsh\u00ebndetjen e tij tha:<\/p>\n<p style=\"text-align: center;\"><img decoding=\"async\" class=\"aligncenter size-thumbnail wp-image-7236\" title=\"Prof. Agron Fico\" src=\"http:\/\/www.shkoder.net\/2012\/agron_fico.jpg\" alt=\"\" width=\"300\" \/><em>Prof. Agron Fico<\/em><\/p>\n<p>&#8220;\u00cbsht\u00eb hera e dyt\u00eb q\u00eb e takoj profesorin japonez Yamomoto. \u00cbsht\u00eb nj\u00eb nder dhe k\u00ebnaq\u00ebsi t\u00eb takosh nj\u00eb njeri q\u00eb ka dh\u00ebn\u00eb kontribute t\u00eb ve\u00e7anta n\u00eb fush\u00ebn e studimeve etnografike, q\u00eb fillon me studimin p\u00ebr Kanunin Shqiptar. N\u00eb k\u00ebt\u00eb kuptim ai ka dh\u00ebn\u00eb nj\u00eb kontribut n\u00eb kultur\u00ebn shqiptare. Prof. Yamomoto \u00ebsht\u00eb nj\u00eb ambasador lidh\u00ebs midis dy vendeve tona dhe merita e madhe p\u00ebr k\u00ebt\u00eb, i takon sigurisht, Dr. Selahedin Velaj-t p\u00ebr k\u00ebmb\u00ebnguljen e tij p\u00ebr ta mbajtur af\u00ebr dhe me sponsporizimet dhe me ftesat e tij, ne kemi pasur raste ta shohim, n\u00eb kuptimin t\u00eb na frym\u00ebzoj\u00eb p\u00ebr bashk\u00ebpunim t\u00eb m\u00ebtejsh\u00ebm shkencor.<\/p>\n<p>Bashkohem me propozimin zotit Beqir Sina, se Prof. Yamomoto, duhet t\u00eb jet\u00eb an\u00ebtar i Akademis\u00eb s\u00eb Shkencave dhe Arteve t\u00eb Shqip\u00ebris\u00eb, p\u00ebr vlerat dhe kontributin e tij q\u00eb ai ka dh\u00ebn\u00eb&#8230;<\/p>\n<p>Gjat\u00eb drek\u00ebs, si ne shqiptar\u00ebt edhe \u00e7ifti bashk\u00ebshortor japonez Sa\u00e7iko dhe Kazuhiko Yamomoto, iu p\u00ebrshtat\u00ebn traditave tona t\u00eb bukura shqiptare n\u00eb ngritjen e dollive t\u00eb sh\u00ebndetit dhe t\u00eb urimit me gotat e ver\u00ebs n\u00eb duar.<\/p>\n<p style=\"text-align: center;\"><img decoding=\"async\" class=\"aligncenter size-thumbnail wp-image-7236\" title=\"Fico - Bollati - Simsia - Velaj - Yamomoto\" src=\"http:\/\/www.shkoder.net\/2012\/fico_bollati_simsia_velaj_yamomoto.jpg\" alt=\"\" width=\"450\" \/><em>Agron Fico, Sali Bollati, Pierre-P. Simsia, Selahedin Velaj, Kazuhiko &amp; Sa\u00e7iko<\/em><\/p>\n<p style=\"text-align: center;\"><img decoding=\"async\" class=\"aligncenter size-thumbnail wp-image-7236\" title=\"Bollati - \u00e7ifti Yamomoto - Simsia - Velaj - Muja - Sina\" src=\"http:\/\/www.shkoder.net\/2012\/bollati_yamomoto_simsia_velaj_muja_sina.jpg\" alt=\"\" width=\"450\" \/><em>Sali Bollati, Pierre-P. Simsia, Selahedin Velaj, Elmira Mulaj, Beqir Sina, Kazuhiko &amp; Sa\u00e7iko<\/em><\/p>\n<p style=\"text-align: center;\"><img decoding=\"async\" class=\"aligncenter size-thumbnail wp-image-7236\" title=\"Prof. Yamomoto dhe Dr. Velaj\" src=\"http:\/\/www.shkoder.net\/2012\/velaj_yamomoto.jpg\" alt=\"\" width=\"450\" \/><em>Prof. Yamomoto dhe Dr. Velaj<\/em><\/p>\n<p>A ka gj\u00eb m\u00eb t\u00eb bukur?!<br \/>\nDhe bukuria e atij takimi, e asaj dreke t\u00eb k\u00ebndshme dhe t\u00eb paharuar, do mbyllej me daljen n\u00eb fotografi, kujtim p\u00ebr t\u00eb gjith\u00eb ne pjes\u00ebmarr\u00ebsit.<\/p>\n<p>Faleminderit Dr. Selahedin Velaj p\u00ebr organizimin dhe ftes\u00ebn q\u00eb na b\u00ebt\u00eb t\u00eb ishim pjes\u00ebmarr\u00ebs n\u00eb at\u00eb takim.<br \/>\nFaleminderit Prof. i nderuar, miku i gjith\u00eb shqiptar\u00ebve Kazuhiko Yamomoto dhe bashk\u00ebshortja e tij zonja Sa\u00e7iko, q\u00eb ishit pran\u00eb nesh n\u00eb mes t\u00eb Manhattanit, n\u00eb zem\u00ebr t\u00eb Nju Jorkut.<\/p>\n","protected":false},"excerpt":{"rendered":"<p>Nga Pierre-Pandeli Simsia Burri i mir\u00eb dhe i urt\u00eb, intelektuali i mir\u00ebnjohur n\u00eb mbar\u00eb Diaspor\u00ebn Shqiptare Dr. Selahedin Velaj, na mblodhi p\u00ebrs\u00ebri n\u00eb Manhattan, Nju Jork, dit\u00ebn e m\u00ebrkur\u00eb, m\u00eb 21 mars, 2012. Patrioti vatran Dr. Velaj njihet n\u00eb Komunitet edhe si nism\u00ebtari dhe organizatori i takimeve me karakter komb\u00ebtar n\u00eb mbrojtje t\u00eb \u00e7\u00ebshtjes shqiptare. [&hellip;]<\/p>\n","protected":false},"author":1,"featured_media":0,"comment_status":"open","ping_status":"closed","sticky":false,"template":"","format":"standard","meta":{"footnotes":""},"categories":[2],"tags":[],"class_list":{"0":"post-2261","1":"post","2":"type-post","3":"status-publish","4":"format-standard","6":"category-artikuj"},"yoast_head":"<!-- This site is optimized with the Yoast SEO plugin v27.4 - https:\/\/yoast.com\/product\/yoast-seo-wordpress\/ -->\n<title>Drek\u00eb miq\u00ebsore n\u00eb Nju Jork me Profesorin japonez Kazuhiko Yamomoto - FjALA e LIR\u00cb - Arkivi<\/title>\n<meta name=\"robots\" content=\"index, follow, max-snippet:-1, max-image-preview:large, max-video-preview:-1\" \/>\n<link rel=\"canonical\" href=\"https:\/\/fjala.info\/2009-2015\/dreke-miqesore-ne-nju-jork-me-profesorin-japonez-kazuhiko-yamomoto\/\" \/>\n<meta property=\"og:locale\" content=\"sq_AL\" \/>\n<meta property=\"og:type\" content=\"article\" \/>\n<meta property=\"og:title\" content=\"Drek\u00eb miq\u00ebsore n\u00eb Nju Jork me Profesorin japonez Kazuhiko Yamomoto - FjALA e LIR\u00cb - Arkivi\" \/>\n<meta property=\"og:description\" content=\"Nga Pierre-Pandeli Simsia Burri i mir\u00eb dhe i urt\u00eb, intelektuali i mir\u00ebnjohur n\u00eb mbar\u00eb Diaspor\u00ebn Shqiptare Dr. Selahedin Velaj, na mblodhi p\u00ebrs\u00ebri n\u00eb Manhattan, Nju Jork, dit\u00ebn e m\u00ebrkur\u00eb, m\u00eb 21 mars, 2012. Patrioti vatran Dr. Velaj njihet n\u00eb Komunitet edhe si nism\u00ebtari dhe organizatori i takimeve me karakter komb\u00ebtar n\u00eb mbrojtje t\u00eb \u00e7\u00ebshtjes shqiptare. [&hellip;]\" \/>\n<meta property=\"og:url\" content=\"https:\/\/fjala.info\/2009-2015\/dreke-miqesore-ne-nju-jork-me-profesorin-japonez-kazuhiko-yamomoto\/\" \/>\n<meta property=\"og:site_name\" content=\"FjALA e LIR\u00cb - Arkivi\" \/>\n<meta property=\"article:published_time\" content=\"2012-03-25T06:54:30+00:00\" \/>\n<meta property=\"og:image\" content=\"http:\/\/www.shkoder.net\/2012\/pp_simsia.jpg\" \/>\n<meta name=\"author\" content=\"admin\" \/>\n<meta name=\"twitter:card\" content=\"summary_large_image\" \/>\n<meta name=\"twitter:label1\" content=\"Written by\" \/>\n\t<meta name=\"twitter:data1\" content=\"admin\" \/>\n\t<meta name=\"twitter:label2\" content=\"Est. reading time\" \/>\n\t<meta name=\"twitter:data2\" content=\"9 minutes\" \/>\n<script type=\"application\/ld+json\" class=\"yoast-schema-graph\">{\"@context\":\"https:\\\/\\\/schema.org\",\"@graph\":[{\"@type\":\"Article\",\"@id\":\"https:\\\/\\\/fjala.info\\\/2009-2015\\\/dreke-miqesore-ne-nju-jork-me-profesorin-japonez-kazuhiko-yamomoto\\\/#article\",\"isPartOf\":{\"@id\":\"https:\\\/\\\/fjala.info\\\/2009-2015\\\/dreke-miqesore-ne-nju-jork-me-profesorin-japonez-kazuhiko-yamomoto\\\/\"},\"author\":{\"name\":\"admin\",\"@id\":\"https:\\\/\\\/fjala.info\\\/2009-2015\\\/#\\\/schema\\\/person\\\/3aa1163ef05469c496fc94e77611ada2\"},\"headline\":\"Drek\u00eb miq\u00ebsore n\u00eb Nju Jork me Profesorin japonez Kazuhiko Yamomoto\",\"datePublished\":\"2012-03-25T06:54:30+00:00\",\"mainEntityOfPage\":{\"@id\":\"https:\\\/\\\/fjala.info\\\/2009-2015\\\/dreke-miqesore-ne-nju-jork-me-profesorin-japonez-kazuhiko-yamomoto\\\/\"},\"wordCount\":1736,\"commentCount\":0,\"publisher\":{\"@id\":\"https:\\\/\\\/fjala.info\\\/2009-2015\\\/#organization\"},\"image\":{\"@id\":\"https:\\\/\\\/fjala.info\\\/2009-2015\\\/dreke-miqesore-ne-nju-jork-me-profesorin-japonez-kazuhiko-yamomoto\\\/#primaryimage\"},\"thumbnailUrl\":\"http:\\\/\\\/www.shkoder.net\\\/2012\\\/pp_simsia.jpg\",\"articleSection\":[\"Artikuj\"],\"inLanguage\":\"sq-AL\",\"potentialAction\":[{\"@type\":\"CommentAction\",\"name\":\"Comment\",\"target\":[\"https:\\\/\\\/fjala.info\\\/2009-2015\\\/dreke-miqesore-ne-nju-jork-me-profesorin-japonez-kazuhiko-yamomoto\\\/#respond\"]}]},{\"@type\":\"WebPage\",\"@id\":\"https:\\\/\\\/fjala.info\\\/2009-2015\\\/dreke-miqesore-ne-nju-jork-me-profesorin-japonez-kazuhiko-yamomoto\\\/\",\"url\":\"https:\\\/\\\/fjala.info\\\/2009-2015\\\/dreke-miqesore-ne-nju-jork-me-profesorin-japonez-kazuhiko-yamomoto\\\/\",\"name\":\"Drek\u00eb miq\u00ebsore n\u00eb Nju Jork me Profesorin japonez Kazuhiko Yamomoto - FjALA e LIR\u00cb - Arkivi\",\"isPartOf\":{\"@id\":\"https:\\\/\\\/fjala.info\\\/2009-2015\\\/#website\"},\"primaryImageOfPage\":{\"@id\":\"https:\\\/\\\/fjala.info\\\/2009-2015\\\/dreke-miqesore-ne-nju-jork-me-profesorin-japonez-kazuhiko-yamomoto\\\/#primaryimage\"},\"image\":{\"@id\":\"https:\\\/\\\/fjala.info\\\/2009-2015\\\/dreke-miqesore-ne-nju-jork-me-profesorin-japonez-kazuhiko-yamomoto\\\/#primaryimage\"},\"thumbnailUrl\":\"http:\\\/\\\/www.shkoder.net\\\/2012\\\/pp_simsia.jpg\",\"datePublished\":\"2012-03-25T06:54:30+00:00\",\"breadcrumb\":{\"@id\":\"https:\\\/\\\/fjala.info\\\/2009-2015\\\/dreke-miqesore-ne-nju-jork-me-profesorin-japonez-kazuhiko-yamomoto\\\/#breadcrumb\"},\"inLanguage\":\"sq-AL\",\"potentialAction\":[{\"@type\":\"ReadAction\",\"target\":[\"https:\\\/\\\/fjala.info\\\/2009-2015\\\/dreke-miqesore-ne-nju-jork-me-profesorin-japonez-kazuhiko-yamomoto\\\/\"]}]},{\"@type\":\"ImageObject\",\"inLanguage\":\"sq-AL\",\"@id\":\"https:\\\/\\\/fjala.info\\\/2009-2015\\\/dreke-miqesore-ne-nju-jork-me-profesorin-japonez-kazuhiko-yamomoto\\\/#primaryimage\",\"url\":\"http:\\\/\\\/www.shkoder.net\\\/2012\\\/pp_simsia.jpg\",\"contentUrl\":\"http:\\\/\\\/www.shkoder.net\\\/2012\\\/pp_simsia.jpg\"},{\"@type\":\"BreadcrumbList\",\"@id\":\"https:\\\/\\\/fjala.info\\\/2009-2015\\\/dreke-miqesore-ne-nju-jork-me-profesorin-japonez-kazuhiko-yamomoto\\\/#breadcrumb\",\"itemListElement\":[{\"@type\":\"ListItem\",\"position\":1,\"name\":\"Home\",\"item\":\"https:\\\/\\\/fjala.info\\\/2009-2015\\\/\"},{\"@type\":\"ListItem\",\"position\":2,\"name\":\"Drek\u00eb miq\u00ebsore n\u00eb Nju Jork me Profesorin japonez Kazuhiko Yamomoto\"}]},{\"@type\":\"WebSite\",\"@id\":\"https:\\\/\\\/fjala.info\\\/2009-2015\\\/#website\",\"url\":\"https:\\\/\\\/fjala.info\\\/2009-2015\\\/\",\"name\":\"FjALA e LIR\u00cb - Arkivi\",\"description\":\"Arkivi 2009-2015\",\"publisher\":{\"@id\":\"https:\\\/\\\/fjala.info\\\/2009-2015\\\/#organization\"},\"potentialAction\":[{\"@type\":\"SearchAction\",\"target\":{\"@type\":\"EntryPoint\",\"urlTemplate\":\"https:\\\/\\\/fjala.info\\\/2009-2015\\\/?s={search_term_string}\"},\"query-input\":{\"@type\":\"PropertyValueSpecification\",\"valueRequired\":true,\"valueName\":\"search_term_string\"}}],\"inLanguage\":\"sq-AL\"},{\"@type\":\"Organization\",\"@id\":\"https:\\\/\\\/fjala.info\\\/2009-2015\\\/#organization\",\"name\":\"FjALA e LIR\u00cb - Arkivi\",\"url\":\"https:\\\/\\\/fjala.info\\\/2009-2015\\\/\",\"logo\":{\"@type\":\"ImageObject\",\"inLanguage\":\"sq-AL\",\"@id\":\"https:\\\/\\\/fjala.info\\\/2009-2015\\\/#\\\/schema\\\/logo\\\/image\\\/\",\"url\":\"\",\"contentUrl\":\"\",\"caption\":\"FjALA e LIR\u00cb - Arkivi\"},\"image\":{\"@id\":\"https:\\\/\\\/fjala.info\\\/2009-2015\\\/#\\\/schema\\\/logo\\\/image\\\/\"}},{\"@type\":\"Person\",\"@id\":\"https:\\\/\\\/fjala.info\\\/2009-2015\\\/#\\\/schema\\\/person\\\/3aa1163ef05469c496fc94e77611ada2\",\"name\":\"admin\",\"image\":{\"@type\":\"ImageObject\",\"inLanguage\":\"sq-AL\",\"@id\":\"https:\\\/\\\/fjala.info\\\/2009-2015\\\/wp-content\\\/uploads\\\/2012\\\/02\\\/arben_cokaj-120x150.jpg\",\"url\":\"https:\\\/\\\/fjala.info\\\/2009-2015\\\/wp-content\\\/uploads\\\/2012\\\/02\\\/arben_cokaj-120x150.jpg\",\"contentUrl\":\"https:\\\/\\\/fjala.info\\\/2009-2015\\\/wp-content\\\/uploads\\\/2012\\\/02\\\/arben_cokaj-120x150.jpg\",\"caption\":\"admin\"},\"description\":\"Admin, Fjala e Lir\u00eb\",\"sameAs\":[\"https:\\\/\\\/fjala.info\\\/\"],\"url\":\"https:\\\/\\\/fjala.info\\\/2009-2015\\\/author\\\/admin\\\/\"}]}<\/script>\n<!-- \/ Yoast SEO plugin. -->","yoast_head_json":{"title":"Drek\u00eb miq\u00ebsore n\u00eb Nju Jork me Profesorin japonez Kazuhiko Yamomoto - FjALA e LIR\u00cb - Arkivi","robots":{"index":"index","follow":"follow","max-snippet":"max-snippet:-1","max-image-preview":"max-image-preview:large","max-video-preview":"max-video-preview:-1"},"canonical":"https:\/\/fjala.info\/2009-2015\/dreke-miqesore-ne-nju-jork-me-profesorin-japonez-kazuhiko-yamomoto\/","og_locale":"sq_AL","og_type":"article","og_title":"Drek\u00eb miq\u00ebsore n\u00eb Nju Jork me Profesorin japonez Kazuhiko Yamomoto - FjALA e LIR\u00cb - Arkivi","og_description":"Nga Pierre-Pandeli Simsia Burri i mir\u00eb dhe i urt\u00eb, intelektuali i mir\u00ebnjohur n\u00eb mbar\u00eb Diaspor\u00ebn Shqiptare Dr. Selahedin Velaj, na mblodhi p\u00ebrs\u00ebri n\u00eb Manhattan, Nju Jork, dit\u00ebn e m\u00ebrkur\u00eb, m\u00eb 21 mars, 2012. Patrioti vatran Dr. Velaj njihet n\u00eb Komunitet edhe si nism\u00ebtari dhe organizatori i takimeve me karakter komb\u00ebtar n\u00eb mbrojtje t\u00eb \u00e7\u00ebshtjes shqiptare. [&hellip;]","og_url":"https:\/\/fjala.info\/2009-2015\/dreke-miqesore-ne-nju-jork-me-profesorin-japonez-kazuhiko-yamomoto\/","og_site_name":"FjALA e LIR\u00cb - Arkivi","article_published_time":"2012-03-25T06:54:30+00:00","og_image":[{"url":"http:\/\/www.shkoder.net\/2012\/pp_simsia.jpg","type":"","width":"","height":""}],"author":"admin","twitter_card":"summary_large_image","twitter_misc":{"Written by":"admin","Est. reading time":"9 minutes"},"schema":{"@context":"https:\/\/schema.org","@graph":[{"@type":"Article","@id":"https:\/\/fjala.info\/2009-2015\/dreke-miqesore-ne-nju-jork-me-profesorin-japonez-kazuhiko-yamomoto\/#article","isPartOf":{"@id":"https:\/\/fjala.info\/2009-2015\/dreke-miqesore-ne-nju-jork-me-profesorin-japonez-kazuhiko-yamomoto\/"},"author":{"name":"admin","@id":"https:\/\/fjala.info\/2009-2015\/#\/schema\/person\/3aa1163ef05469c496fc94e77611ada2"},"headline":"Drek\u00eb miq\u00ebsore n\u00eb Nju Jork me Profesorin japonez Kazuhiko Yamomoto","datePublished":"2012-03-25T06:54:30+00:00","mainEntityOfPage":{"@id":"https:\/\/fjala.info\/2009-2015\/dreke-miqesore-ne-nju-jork-me-profesorin-japonez-kazuhiko-yamomoto\/"},"wordCount":1736,"commentCount":0,"publisher":{"@id":"https:\/\/fjala.info\/2009-2015\/#organization"},"image":{"@id":"https:\/\/fjala.info\/2009-2015\/dreke-miqesore-ne-nju-jork-me-profesorin-japonez-kazuhiko-yamomoto\/#primaryimage"},"thumbnailUrl":"http:\/\/www.shkoder.net\/2012\/pp_simsia.jpg","articleSection":["Artikuj"],"inLanguage":"sq-AL","potentialAction":[{"@type":"CommentAction","name":"Comment","target":["https:\/\/fjala.info\/2009-2015\/dreke-miqesore-ne-nju-jork-me-profesorin-japonez-kazuhiko-yamomoto\/#respond"]}]},{"@type":"WebPage","@id":"https:\/\/fjala.info\/2009-2015\/dreke-miqesore-ne-nju-jork-me-profesorin-japonez-kazuhiko-yamomoto\/","url":"https:\/\/fjala.info\/2009-2015\/dreke-miqesore-ne-nju-jork-me-profesorin-japonez-kazuhiko-yamomoto\/","name":"Drek\u00eb miq\u00ebsore n\u00eb Nju Jork me Profesorin japonez Kazuhiko Yamomoto - FjALA e LIR\u00cb - Arkivi","isPartOf":{"@id":"https:\/\/fjala.info\/2009-2015\/#website"},"primaryImageOfPage":{"@id":"https:\/\/fjala.info\/2009-2015\/dreke-miqesore-ne-nju-jork-me-profesorin-japonez-kazuhiko-yamomoto\/#primaryimage"},"image":{"@id":"https:\/\/fjala.info\/2009-2015\/dreke-miqesore-ne-nju-jork-me-profesorin-japonez-kazuhiko-yamomoto\/#primaryimage"},"thumbnailUrl":"http:\/\/www.shkoder.net\/2012\/pp_simsia.jpg","datePublished":"2012-03-25T06:54:30+00:00","breadcrumb":{"@id":"https:\/\/fjala.info\/2009-2015\/dreke-miqesore-ne-nju-jork-me-profesorin-japonez-kazuhiko-yamomoto\/#breadcrumb"},"inLanguage":"sq-AL","potentialAction":[{"@type":"ReadAction","target":["https:\/\/fjala.info\/2009-2015\/dreke-miqesore-ne-nju-jork-me-profesorin-japonez-kazuhiko-yamomoto\/"]}]},{"@type":"ImageObject","inLanguage":"sq-AL","@id":"https:\/\/fjala.info\/2009-2015\/dreke-miqesore-ne-nju-jork-me-profesorin-japonez-kazuhiko-yamomoto\/#primaryimage","url":"http:\/\/www.shkoder.net\/2012\/pp_simsia.jpg","contentUrl":"http:\/\/www.shkoder.net\/2012\/pp_simsia.jpg"},{"@type":"BreadcrumbList","@id":"https:\/\/fjala.info\/2009-2015\/dreke-miqesore-ne-nju-jork-me-profesorin-japonez-kazuhiko-yamomoto\/#breadcrumb","itemListElement":[{"@type":"ListItem","position":1,"name":"Home","item":"https:\/\/fjala.info\/2009-2015\/"},{"@type":"ListItem","position":2,"name":"Drek\u00eb miq\u00ebsore n\u00eb Nju Jork me Profesorin japonez Kazuhiko Yamomoto"}]},{"@type":"WebSite","@id":"https:\/\/fjala.info\/2009-2015\/#website","url":"https:\/\/fjala.info\/2009-2015\/","name":"FjALA e LIR\u00cb - Arkivi","description":"Arkivi 2009-2015","publisher":{"@id":"https:\/\/fjala.info\/2009-2015\/#organization"},"potentialAction":[{"@type":"SearchAction","target":{"@type":"EntryPoint","urlTemplate":"https:\/\/fjala.info\/2009-2015\/?s={search_term_string}"},"query-input":{"@type":"PropertyValueSpecification","valueRequired":true,"valueName":"search_term_string"}}],"inLanguage":"sq-AL"},{"@type":"Organization","@id":"https:\/\/fjala.info\/2009-2015\/#organization","name":"FjALA e LIR\u00cb - Arkivi","url":"https:\/\/fjala.info\/2009-2015\/","logo":{"@type":"ImageObject","inLanguage":"sq-AL","@id":"https:\/\/fjala.info\/2009-2015\/#\/schema\/logo\/image\/","url":"","contentUrl":"","caption":"FjALA e LIR\u00cb - Arkivi"},"image":{"@id":"https:\/\/fjala.info\/2009-2015\/#\/schema\/logo\/image\/"}},{"@type":"Person","@id":"https:\/\/fjala.info\/2009-2015\/#\/schema\/person\/3aa1163ef05469c496fc94e77611ada2","name":"admin","image":{"@type":"ImageObject","inLanguage":"sq-AL","@id":"https:\/\/fjala.info\/2009-2015\/wp-content\/uploads\/2012\/02\/arben_cokaj-120x150.jpg","url":"https:\/\/fjala.info\/2009-2015\/wp-content\/uploads\/2012\/02\/arben_cokaj-120x150.jpg","contentUrl":"https:\/\/fjala.info\/2009-2015\/wp-content\/uploads\/2012\/02\/arben_cokaj-120x150.jpg","caption":"admin"},"description":"Admin, Fjala e Lir\u00eb","sameAs":["https:\/\/fjala.info\/"],"url":"https:\/\/fjala.info\/2009-2015\/author\/admin\/"}]}},"_links":{"self":[{"href":"https:\/\/fjala.info\/2009-2015\/wp-json\/wp\/v2\/posts\/2261","targetHints":{"allow":["GET"]}}],"collection":[{"href":"https:\/\/fjala.info\/2009-2015\/wp-json\/wp\/v2\/posts"}],"about":[{"href":"https:\/\/fjala.info\/2009-2015\/wp-json\/wp\/v2\/types\/post"}],"author":[{"embeddable":true,"href":"https:\/\/fjala.info\/2009-2015\/wp-json\/wp\/v2\/users\/1"}],"replies":[{"embeddable":true,"href":"https:\/\/fjala.info\/2009-2015\/wp-json\/wp\/v2\/comments?post=2261"}],"version-history":[{"count":0,"href":"https:\/\/fjala.info\/2009-2015\/wp-json\/wp\/v2\/posts\/2261\/revisions"}],"wp:attachment":[{"href":"https:\/\/fjala.info\/2009-2015\/wp-json\/wp\/v2\/media?parent=2261"}],"wp:term":[{"taxonomy":"category","embeddable":true,"href":"https:\/\/fjala.info\/2009-2015\/wp-json\/wp\/v2\/categories?post=2261"},{"taxonomy":"post_tag","embeddable":true,"href":"https:\/\/fjala.info\/2009-2015\/wp-json\/wp\/v2\/tags?post=2261"}],"curies":[{"name":"wp","href":"https:\/\/api.w.org\/{rel}","templated":true}]}}