{"id":2259,"date":"2012-03-25T07:23:49","date_gmt":"2012-03-25T06:23:49","guid":{"rendered":"http:\/\/fjala.shkoder.net\/?p=2259"},"modified":"2012-03-25T07:23:49","modified_gmt":"2012-03-25T06:23:49","slug":"lartesia-e-korrupsionit","status":"publish","type":"post","link":"https:\/\/fjala.info\/2009-2015\/lartesia-e-korrupsionit\/","title":{"rendered":"Lart\u00ebsia e korrupsionit"},"content":{"rendered":"<p><img decoding=\"async\" class=\"alignright size-thumbnail wp-image-7236\" title=\"Albin Kurti\" src=\"http:\/\/www.shkoder.net\/2012\/albin_kurti.jpg\" alt=\"\" width=\"300\" \/> <strong>Albin Kurti<\/strong><\/p>\n<p>N\u00eb shtetet e zhvilluara demokratike, ekziston praktika q\u00eb hajnat e kriminel\u00ebt e vegj\u00ebl lirohen prej akuzave dhe burgjeve n\u00eb shk\u00ebmbim t\u00eb informacioneve dhe d\u00ebshmive p\u00ebr hajnat e kriminel\u00ebt e m\u00ebdhenj. N\u00eb fund, pas kapjes s\u00eb atyre t\u00eb m\u00ebdhenjve, pik\u00ebrisht ata hajnat e kriminel\u00ebt e vegj\u00ebl b\u00ebhen d\u00ebshmitar\u00eb t\u00eb prokuroris\u00eb n\u00eb proceset q\u00eb i d\u00ebnojn\u00eb edhe me shum\u00eb dekada prapa grilave baron\u00ebt e korrupsionit dhe t\u00eb krimit t\u00eb organizuar. Gjith\u00eb k\u00ebt\u00eb m\u00ebnyr\u00eb e kemi par\u00eb pafund her\u00eb edhe n\u00ebp\u00ebr filma t\u00eb ndrysh\u00ebm artistik\u00eb ku rr\u00ebfehen ngjarjet dhe personazhet e krimit n\u00eb nj\u00ebr\u00ebn an\u00eb dhe ato t\u00eb policis\u00eb e t\u00eb prokuroris\u00eb n\u00eb an\u00ebn tjet\u00ebr.<\/p>\n<p>P\u00ebrve\u00e7 filmave historik\u00eb, me siguri q\u00eb ky lloj i filmave \u00ebsht\u00eb m\u00eb s\u00eb shumti i inspiruar nga ndodhit\u00eb e v\u00ebrteta dhe shpeshher\u00eb kjo edhe thuhet n\u00eb fillim t\u00eb filmave t\u00eb till\u00eb ose n\u00eb mbarim t\u00eb tyre kur tregohet se \u00e7far\u00eb ka ngjar\u00eb m\u00eb tutje n\u00eb jet\u00ebn reale t\u00eb secilit prej atyre protagonist\u00ebve. Kapja e m\u00eb t\u00eb vegj\u00eblve sigurisht q\u00eb \u00ebsht\u00eb m\u00eb e leht\u00eb, porse ajo mund\u00ebson edhe kapjen e m\u00eb t\u00eb m\u00ebdhenjve. Hajnat e kriminel\u00ebt e vegj\u00ebl vendoset para zgjedhjes: t\u00eb tregojn\u00eb se kush q\u00ebndron prapa tyre, apo t\u00eb mbrojn\u00eb padron\u00ebt e tyre dhe ta mbajn\u00eb burgun shum\u00ebvje\u00e7ar. Meqen\u00ebse policis\u00eb hetuese nuk i lejohet q\u00eb t\u2019i torturoj\u00eb t\u00eb dyshimtit p\u00ebr t\u00eb nxjerr\u00eb informacione t\u00eb reja prej tyre p\u00ebr lidhjet e krimit dhe t\u00eb v\u00ebrtet\u00ebn, at\u00ebher\u00eb e vetmja m\u00ebnyr\u00eb q\u00eb mbetet \u00ebsht\u00eb ajo e lirimit t\u00eb peshqve t\u00eb vegj\u00ebl drejt kapjes s\u00eb peshkaqen\u00ebve t\u00eb m\u00ebdhenj.<\/p>\n<p>K\u00ebsisoj, rrug\u00ebtimi drejt kapos s\u00eb krimit fiton form\u00ebn e nj\u00eb piramide, pra ashtu si\u00e7 edhe \u00ebsht\u00eb struktura e kriminel\u00ebve t\u00eb organizuar. N\u00eb Kosov\u00eb nuk ndodh k\u00ebshtu. Jo vet\u00ebm pse n\u00eb Kosov\u00eb luftohet fare pak krimi dhe jo vet\u00ebm pse ai luftohet m\u00eb ndryshe. N\u00eb Kosov\u00eb \u2018luftohet\u2019 krimi sakt\u00ebsisht me kahje t\u00eb kund\u00ebrt prej k\u00ebsaj q\u00eb p\u00ebrshkruam m\u00eb lart\u00eb: kujdesen q\u00eb ta kapin e shpeshher\u00eb edhe k\u00ebnaqin \u00e7do kriminel t\u00eb vog\u00ebl apo m\u00eb t\u00eb vog\u00ebl, vet\u00ebm dhe vet\u00ebm q\u00eb t\u00eb mos kapet krimineli kryesor (n\u00eb nj\u00eb situat\u00eb t\u00eb caktuar apo n\u00eb nj\u00eb institucion t\u00eb ve\u00e7ant\u00eb).<\/p>\n<p>B\u00ebhen arrestime, gjykime e d\u00ebnime t\u00eb gjithfar\u00eb kriminel\u00ebsh, hajnash dhe t\u00eb korruptuarish, porse kurrsesi t\u00eb atyre m\u00eb t\u00eb m\u00ebdhenjve. Rregullohen, p\u00ebrmir\u00ebsohen e prezantohen statistikat p\u00ebr luftimin e krimit dhe t\u00eb korrupsionit duke u theksuar sasia e kriminel\u00ebve nd\u00ebrkoh\u00eb q\u00eb sasia e d\u00ebmeve n\u00eb shoq\u00ebrin\u00eb ton\u00eb ka p\u00ebr shkak pik\u00ebrisht kriminel\u00ebt cil\u00ebsor\u00eb.<\/p>\n<p>S\u2019ka dyshim q\u00eb n\u00eb Kosov\u00eb jan\u00eb shtuar hajnit\u00eb, krimi dhe korrupsioni. K\u00ebt\u00eb e pohojn\u00eb si raportet policore po ashtu edhe ato t\u00eb organizatave nd\u00ebrkomb\u00ebtare. Mir\u00ebpo, edhe po t\u00eb mblidhet i gjith\u00eb d\u00ebmi i k\u00ebtyre hajnive, krimeve dhe korrupsionit ai gjithsesi mbetet i pakrahasuesh\u00ebm me ato q\u00eb kryhen nga vet\u00eb sektor\u00ebt e ndrysh\u00ebm qeveritar\u00eb ose nga njer\u00ebzit e ndrysh\u00ebm t\u00eb lidhur me pushtetin. Thjesht, i gjith\u00eb korrupsioni n\u00ebp\u00ebr t\u00eb gjitha komunat e Kosov\u00ebs, sado q\u00eb \u00ebsht\u00eb i madh, i d\u00ebmsh\u00ebm e i d\u00ebnuesh\u00ebm, edhe po t\u00eb paraqitet si shum\u00eb e p\u00ebrgjithshme, nuk i afrohet as p\u00ebr s\u00eb af\u00ebrmi korrupsionit t\u00eb nj\u00eb kontrate t\u00eb vetme si\u00e7 \u00ebsht\u00eb ajo e Qeveris\u00eb s\u00eb Kosov\u00ebs me kompanin\u00eb Bechtel &amp; Enka.<\/p>\n<p>\u00c7do njeri q\u00eb ka mbaruar shkoll\u00ebn fillore, po i lexoi ato nj\u00ebqind e ca faqe t\u00eb k\u00ebsaj kontrate do ta kuptoj\u00eb q\u00eb aty \u00ebsht\u00eb d\u00ebmtuar interesi i p\u00ebrgjithsh\u00ebm dhe buxheti i shtetit n\u00eb nj\u00eb vler\u00eb n\u00ebnt\u00ebshifrore p\u00ebrmes trefishimit t\u00eb \u00e7mimeve. Korrupsion patjet\u00ebr q\u00eb ka edhe n\u00eb per\u00ebndim. Madje, korrupsion ka edhe n\u00eb shtetet e zhvilluara demokratike. Mir\u00ebpo, sado i madh q\u00eb t\u00eb jet\u00eb korrupsioni atje, ai mbetet shum\u00eb m\u00eb i ult\u00eb sesa n\u00eb Kosov\u00eb krahasuar me buxhetin e varf\u00ebr t\u00eb vendit ton\u00eb. T\u00eb gjith\u00eb e din\u00eb se edhe ish kryeministri italian Silvio Berlusconi ishte nj\u00eb politikan i korruptuar.<\/p>\n<p>Ama edhe n\u00ebse ia llogarisim komplet pasurin\u00eb e tij me sht\u00ebpit\u00eb luksoze, jahtat, gj\u00ebsendet e \u00e7mueshme e deri te stacionet televizive q\u00eb posedon, pra edhe n\u00ebse konsiderojm\u00eb q\u00eb e gjith\u00eb pasuria e tij na qenka e paligjshme, s\u00ebrish e gjith\u00eb kjo vler\u00eb nuk p\u00ebrb\u00ebn as 1% t\u00eb buxhetit t\u00eb Italis\u00eb. Nd\u00ebrkaq, n\u00eb Kosov\u00eb qeveritar\u00ebt e korruptuar p\u00ebrgjat\u00eb k\u00ebtyre viteve t\u00eb pasluft\u00ebs e deri n\u00eb dit\u00ebt e sotme, me pasurin\u00eb e tyre shtyhet edhe me vet\u00eb buxhetin ton\u00eb. P\u00ebr t\u00eb qen\u00eb edhe m\u00eb keq se kaq, dallimi konsiston edhe te fakti q\u00eb buxheti i Italis\u00eb dhe i shteteve t\u00eb tjera t\u00eb BE-s\u00eb mbushet kryesisht nga klasa e mesme si dhe nga ajo e pasur por edhe e varf\u00ebr.<\/p>\n<p>Kurse, n\u00eb Kosov\u00eb, buxheti mbushet m\u00eb s\u00eb shumti prej t\u00eb varf\u00ebrve duke e pasur TVSh-n\u00eb e shesht\u00eb dhe n\u00eb p\u00ebrgjith\u00ebsi duke mos pasur tatim progresiv si\u00e7 kemi n\u00eb t\u00eb gjitha vendet e zhvilluara demokratike. Pra, qeveritar\u00ebt kosovar\u00eb jo vet\u00ebm q\u00eb kan\u00eb vjedhur, por ata kan\u00eb vjedhur nga kafshata e goj\u00ebs s\u00eb t\u00eb varfrit, s\u00eb paku \u00e7ereku i \u00e7mimit t\u00eb s\u00eb cil\u00ebs shkon n\u00eb buxhetin e shtetit e i cili mandej po keqp\u00ebrdoret prej pushtetar\u00ebve.<\/p>\n<p>Mbase nuk \u00ebsht\u00eb e rast\u00ebsishme q\u00eb n\u00eb Kosov\u00eb konsiderohet shum\u00eb m\u00eb e r\u00ebnd\u00ebsishme Ministria e Financave sesa ajo e Zhvillimit Ekonomik, dhe shum\u00eb m\u00eb i r\u00ebnd\u00ebsish\u00ebm Komisioni Parlamentar p\u00ebr Buxhet dhe Financa, e t\u00eb cilin partia kryesore n\u00eb pushtet e zgjodhi t\u00eb par\u00ebn, sesa Komisioni Parlamentar p\u00ebr Zhvillim Ekonomik. Thjesht, ky regjim dhe k\u00ebta njer\u00ebz t\u00eb tij nuk e konsiderojn\u00eb Kosov\u00ebn si nj\u00eb shtet q\u00eb duhet zhvilluar, por si nj\u00eb buxhet q\u00eb mund ta han\u00eb!<\/p>\n","protected":false},"excerpt":{"rendered":"<p>Albin Kurti N\u00eb shtetet e zhvilluara demokratike, ekziston praktika q\u00eb hajnat e kriminel\u00ebt e vegj\u00ebl lirohen prej akuzave dhe burgjeve n\u00eb shk\u00ebmbim t\u00eb informacioneve dhe d\u00ebshmive p\u00ebr hajnat e kriminel\u00ebt e m\u00ebdhenj. N\u00eb fund, pas kapjes s\u00eb atyre t\u00eb m\u00ebdhenjve, pik\u00ebrisht ata hajnat e kriminel\u00ebt e vegj\u00ebl b\u00ebhen d\u00ebshmitar\u00eb t\u00eb prokuroris\u00eb n\u00eb proceset q\u00eb i [&hellip;]<\/p>\n","protected":false},"author":1,"featured_media":0,"comment_status":"open","ping_status":"closed","sticky":false,"template":"","format":"standard","meta":{"footnotes":""},"categories":[2],"tags":[],"class_list":{"0":"post-2259","1":"post","2":"type-post","3":"status-publish","4":"format-standard","6":"category-artikuj"},"yoast_head":"<!-- This site is optimized with the Yoast SEO plugin v27.4 - https:\/\/yoast.com\/product\/yoast-seo-wordpress\/ -->\n<title>Lart\u00ebsia e korrupsionit - FjALA e LIR\u00cb - Arkivi<\/title>\n<meta name=\"robots\" content=\"index, follow, max-snippet:-1, max-image-preview:large, max-video-preview:-1\" \/>\n<link rel=\"canonical\" href=\"https:\/\/fjala.info\/2009-2015\/lartesia-e-korrupsionit\/\" \/>\n<meta property=\"og:locale\" content=\"sq_AL\" \/>\n<meta property=\"og:type\" content=\"article\" \/>\n<meta property=\"og:title\" content=\"Lart\u00ebsia e korrupsionit - FjALA e LIR\u00cb - Arkivi\" \/>\n<meta property=\"og:description\" content=\"Albin Kurti N\u00eb shtetet e zhvilluara demokratike, ekziston praktika q\u00eb hajnat e kriminel\u00ebt e vegj\u00ebl lirohen prej akuzave dhe burgjeve n\u00eb shk\u00ebmbim t\u00eb informacioneve dhe d\u00ebshmive p\u00ebr hajnat e kriminel\u00ebt e m\u00ebdhenj. N\u00eb fund, pas kapjes s\u00eb atyre t\u00eb m\u00ebdhenjve, pik\u00ebrisht ata hajnat e kriminel\u00ebt e vegj\u00ebl b\u00ebhen d\u00ebshmitar\u00eb t\u00eb prokuroris\u00eb n\u00eb proceset q\u00eb i [&hellip;]\" \/>\n<meta property=\"og:url\" content=\"https:\/\/fjala.info\/2009-2015\/lartesia-e-korrupsionit\/\" \/>\n<meta property=\"og:site_name\" content=\"FjALA e LIR\u00cb - Arkivi\" \/>\n<meta property=\"article:published_time\" content=\"2012-03-25T06:23:49+00:00\" \/>\n<meta property=\"og:image\" content=\"http:\/\/www.shkoder.net\/2012\/albin_kurti.jpg\" \/>\n<meta name=\"author\" content=\"admin\" \/>\n<meta name=\"twitter:card\" content=\"summary_large_image\" \/>\n<meta name=\"twitter:label1\" content=\"Written by\" \/>\n\t<meta name=\"twitter:data1\" content=\"admin\" \/>\n\t<meta name=\"twitter:label2\" content=\"Est. reading time\" \/>\n\t<meta name=\"twitter:data2\" content=\"5 minutes\" \/>\n<script type=\"application\/ld+json\" class=\"yoast-schema-graph\">{\"@context\":\"https:\\\/\\\/schema.org\",\"@graph\":[{\"@type\":\"Article\",\"@id\":\"https:\\\/\\\/fjala.info\\\/2009-2015\\\/lartesia-e-korrupsionit\\\/#article\",\"isPartOf\":{\"@id\":\"https:\\\/\\\/fjala.info\\\/2009-2015\\\/lartesia-e-korrupsionit\\\/\"},\"author\":{\"name\":\"admin\",\"@id\":\"https:\\\/\\\/fjala.info\\\/2009-2015\\\/#\\\/schema\\\/person\\\/3aa1163ef05469c496fc94e77611ada2\"},\"headline\":\"Lart\u00ebsia e korrupsionit\",\"datePublished\":\"2012-03-25T06:23:49+00:00\",\"mainEntityOfPage\":{\"@id\":\"https:\\\/\\\/fjala.info\\\/2009-2015\\\/lartesia-e-korrupsionit\\\/\"},\"wordCount\":1028,\"commentCount\":0,\"publisher\":{\"@id\":\"https:\\\/\\\/fjala.info\\\/2009-2015\\\/#organization\"},\"image\":{\"@id\":\"https:\\\/\\\/fjala.info\\\/2009-2015\\\/lartesia-e-korrupsionit\\\/#primaryimage\"},\"thumbnailUrl\":\"http:\\\/\\\/www.shkoder.net\\\/2012\\\/albin_kurti.jpg\",\"articleSection\":[\"Artikuj\"],\"inLanguage\":\"sq-AL\",\"potentialAction\":[{\"@type\":\"CommentAction\",\"name\":\"Comment\",\"target\":[\"https:\\\/\\\/fjala.info\\\/2009-2015\\\/lartesia-e-korrupsionit\\\/#respond\"]}]},{\"@type\":\"WebPage\",\"@id\":\"https:\\\/\\\/fjala.info\\\/2009-2015\\\/lartesia-e-korrupsionit\\\/\",\"url\":\"https:\\\/\\\/fjala.info\\\/2009-2015\\\/lartesia-e-korrupsionit\\\/\",\"name\":\"Lart\u00ebsia e korrupsionit - FjALA e LIR\u00cb - Arkivi\",\"isPartOf\":{\"@id\":\"https:\\\/\\\/fjala.info\\\/2009-2015\\\/#website\"},\"primaryImageOfPage\":{\"@id\":\"https:\\\/\\\/fjala.info\\\/2009-2015\\\/lartesia-e-korrupsionit\\\/#primaryimage\"},\"image\":{\"@id\":\"https:\\\/\\\/fjala.info\\\/2009-2015\\\/lartesia-e-korrupsionit\\\/#primaryimage\"},\"thumbnailUrl\":\"http:\\\/\\\/www.shkoder.net\\\/2012\\\/albin_kurti.jpg\",\"datePublished\":\"2012-03-25T06:23:49+00:00\",\"breadcrumb\":{\"@id\":\"https:\\\/\\\/fjala.info\\\/2009-2015\\\/lartesia-e-korrupsionit\\\/#breadcrumb\"},\"inLanguage\":\"sq-AL\",\"potentialAction\":[{\"@type\":\"ReadAction\",\"target\":[\"https:\\\/\\\/fjala.info\\\/2009-2015\\\/lartesia-e-korrupsionit\\\/\"]}]},{\"@type\":\"ImageObject\",\"inLanguage\":\"sq-AL\",\"@id\":\"https:\\\/\\\/fjala.info\\\/2009-2015\\\/lartesia-e-korrupsionit\\\/#primaryimage\",\"url\":\"http:\\\/\\\/www.shkoder.net\\\/2012\\\/albin_kurti.jpg\",\"contentUrl\":\"http:\\\/\\\/www.shkoder.net\\\/2012\\\/albin_kurti.jpg\"},{\"@type\":\"BreadcrumbList\",\"@id\":\"https:\\\/\\\/fjala.info\\\/2009-2015\\\/lartesia-e-korrupsionit\\\/#breadcrumb\",\"itemListElement\":[{\"@type\":\"ListItem\",\"position\":1,\"name\":\"Home\",\"item\":\"https:\\\/\\\/fjala.info\\\/2009-2015\\\/\"},{\"@type\":\"ListItem\",\"position\":2,\"name\":\"Lart\u00ebsia e korrupsionit\"}]},{\"@type\":\"WebSite\",\"@id\":\"https:\\\/\\\/fjala.info\\\/2009-2015\\\/#website\",\"url\":\"https:\\\/\\\/fjala.info\\\/2009-2015\\\/\",\"name\":\"FjALA e LIR\u00cb - Arkivi\",\"description\":\"Arkivi 2009-2015\",\"publisher\":{\"@id\":\"https:\\\/\\\/fjala.info\\\/2009-2015\\\/#organization\"},\"potentialAction\":[{\"@type\":\"SearchAction\",\"target\":{\"@type\":\"EntryPoint\",\"urlTemplate\":\"https:\\\/\\\/fjala.info\\\/2009-2015\\\/?s={search_term_string}\"},\"query-input\":{\"@type\":\"PropertyValueSpecification\",\"valueRequired\":true,\"valueName\":\"search_term_string\"}}],\"inLanguage\":\"sq-AL\"},{\"@type\":\"Organization\",\"@id\":\"https:\\\/\\\/fjala.info\\\/2009-2015\\\/#organization\",\"name\":\"FjALA e LIR\u00cb - Arkivi\",\"url\":\"https:\\\/\\\/fjala.info\\\/2009-2015\\\/\",\"logo\":{\"@type\":\"ImageObject\",\"inLanguage\":\"sq-AL\",\"@id\":\"https:\\\/\\\/fjala.info\\\/2009-2015\\\/#\\\/schema\\\/logo\\\/image\\\/\",\"url\":\"\",\"contentUrl\":\"\",\"caption\":\"FjALA e LIR\u00cb - Arkivi\"},\"image\":{\"@id\":\"https:\\\/\\\/fjala.info\\\/2009-2015\\\/#\\\/schema\\\/logo\\\/image\\\/\"}},{\"@type\":\"Person\",\"@id\":\"https:\\\/\\\/fjala.info\\\/2009-2015\\\/#\\\/schema\\\/person\\\/3aa1163ef05469c496fc94e77611ada2\",\"name\":\"admin\",\"image\":{\"@type\":\"ImageObject\",\"inLanguage\":\"sq-AL\",\"@id\":\"https:\\\/\\\/fjala.info\\\/2009-2015\\\/wp-content\\\/uploads\\\/2012\\\/02\\\/arben_cokaj-120x150.jpg\",\"url\":\"https:\\\/\\\/fjala.info\\\/2009-2015\\\/wp-content\\\/uploads\\\/2012\\\/02\\\/arben_cokaj-120x150.jpg\",\"contentUrl\":\"https:\\\/\\\/fjala.info\\\/2009-2015\\\/wp-content\\\/uploads\\\/2012\\\/02\\\/arben_cokaj-120x150.jpg\",\"caption\":\"admin\"},\"description\":\"Admin, Fjala e Lir\u00eb\",\"sameAs\":[\"https:\\\/\\\/fjala.info\\\/\"],\"url\":\"https:\\\/\\\/fjala.info\\\/2009-2015\\\/author\\\/admin\\\/\"}]}<\/script>\n<!-- \/ Yoast SEO plugin. -->","yoast_head_json":{"title":"Lart\u00ebsia e korrupsionit - FjALA e LIR\u00cb - Arkivi","robots":{"index":"index","follow":"follow","max-snippet":"max-snippet:-1","max-image-preview":"max-image-preview:large","max-video-preview":"max-video-preview:-1"},"canonical":"https:\/\/fjala.info\/2009-2015\/lartesia-e-korrupsionit\/","og_locale":"sq_AL","og_type":"article","og_title":"Lart\u00ebsia e korrupsionit - FjALA e LIR\u00cb - Arkivi","og_description":"Albin Kurti N\u00eb shtetet e zhvilluara demokratike, ekziston praktika q\u00eb hajnat e kriminel\u00ebt e vegj\u00ebl lirohen prej akuzave dhe burgjeve n\u00eb shk\u00ebmbim t\u00eb informacioneve dhe d\u00ebshmive p\u00ebr hajnat e kriminel\u00ebt e m\u00ebdhenj. N\u00eb fund, pas kapjes s\u00eb atyre t\u00eb m\u00ebdhenjve, pik\u00ebrisht ata hajnat e kriminel\u00ebt e vegj\u00ebl b\u00ebhen d\u00ebshmitar\u00eb t\u00eb prokuroris\u00eb n\u00eb proceset q\u00eb i [&hellip;]","og_url":"https:\/\/fjala.info\/2009-2015\/lartesia-e-korrupsionit\/","og_site_name":"FjALA e LIR\u00cb - Arkivi","article_published_time":"2012-03-25T06:23:49+00:00","og_image":[{"url":"http:\/\/www.shkoder.net\/2012\/albin_kurti.jpg","type":"","width":"","height":""}],"author":"admin","twitter_card":"summary_large_image","twitter_misc":{"Written by":"admin","Est. reading time":"5 minutes"},"schema":{"@context":"https:\/\/schema.org","@graph":[{"@type":"Article","@id":"https:\/\/fjala.info\/2009-2015\/lartesia-e-korrupsionit\/#article","isPartOf":{"@id":"https:\/\/fjala.info\/2009-2015\/lartesia-e-korrupsionit\/"},"author":{"name":"admin","@id":"https:\/\/fjala.info\/2009-2015\/#\/schema\/person\/3aa1163ef05469c496fc94e77611ada2"},"headline":"Lart\u00ebsia e korrupsionit","datePublished":"2012-03-25T06:23:49+00:00","mainEntityOfPage":{"@id":"https:\/\/fjala.info\/2009-2015\/lartesia-e-korrupsionit\/"},"wordCount":1028,"commentCount":0,"publisher":{"@id":"https:\/\/fjala.info\/2009-2015\/#organization"},"image":{"@id":"https:\/\/fjala.info\/2009-2015\/lartesia-e-korrupsionit\/#primaryimage"},"thumbnailUrl":"http:\/\/www.shkoder.net\/2012\/albin_kurti.jpg","articleSection":["Artikuj"],"inLanguage":"sq-AL","potentialAction":[{"@type":"CommentAction","name":"Comment","target":["https:\/\/fjala.info\/2009-2015\/lartesia-e-korrupsionit\/#respond"]}]},{"@type":"WebPage","@id":"https:\/\/fjala.info\/2009-2015\/lartesia-e-korrupsionit\/","url":"https:\/\/fjala.info\/2009-2015\/lartesia-e-korrupsionit\/","name":"Lart\u00ebsia e korrupsionit - FjALA e LIR\u00cb - Arkivi","isPartOf":{"@id":"https:\/\/fjala.info\/2009-2015\/#website"},"primaryImageOfPage":{"@id":"https:\/\/fjala.info\/2009-2015\/lartesia-e-korrupsionit\/#primaryimage"},"image":{"@id":"https:\/\/fjala.info\/2009-2015\/lartesia-e-korrupsionit\/#primaryimage"},"thumbnailUrl":"http:\/\/www.shkoder.net\/2012\/albin_kurti.jpg","datePublished":"2012-03-25T06:23:49+00:00","breadcrumb":{"@id":"https:\/\/fjala.info\/2009-2015\/lartesia-e-korrupsionit\/#breadcrumb"},"inLanguage":"sq-AL","potentialAction":[{"@type":"ReadAction","target":["https:\/\/fjala.info\/2009-2015\/lartesia-e-korrupsionit\/"]}]},{"@type":"ImageObject","inLanguage":"sq-AL","@id":"https:\/\/fjala.info\/2009-2015\/lartesia-e-korrupsionit\/#primaryimage","url":"http:\/\/www.shkoder.net\/2012\/albin_kurti.jpg","contentUrl":"http:\/\/www.shkoder.net\/2012\/albin_kurti.jpg"},{"@type":"BreadcrumbList","@id":"https:\/\/fjala.info\/2009-2015\/lartesia-e-korrupsionit\/#breadcrumb","itemListElement":[{"@type":"ListItem","position":1,"name":"Home","item":"https:\/\/fjala.info\/2009-2015\/"},{"@type":"ListItem","position":2,"name":"Lart\u00ebsia e korrupsionit"}]},{"@type":"WebSite","@id":"https:\/\/fjala.info\/2009-2015\/#website","url":"https:\/\/fjala.info\/2009-2015\/","name":"FjALA e LIR\u00cb - Arkivi","description":"Arkivi 2009-2015","publisher":{"@id":"https:\/\/fjala.info\/2009-2015\/#organization"},"potentialAction":[{"@type":"SearchAction","target":{"@type":"EntryPoint","urlTemplate":"https:\/\/fjala.info\/2009-2015\/?s={search_term_string}"},"query-input":{"@type":"PropertyValueSpecification","valueRequired":true,"valueName":"search_term_string"}}],"inLanguage":"sq-AL"},{"@type":"Organization","@id":"https:\/\/fjala.info\/2009-2015\/#organization","name":"FjALA e LIR\u00cb - Arkivi","url":"https:\/\/fjala.info\/2009-2015\/","logo":{"@type":"ImageObject","inLanguage":"sq-AL","@id":"https:\/\/fjala.info\/2009-2015\/#\/schema\/logo\/image\/","url":"","contentUrl":"","caption":"FjALA e LIR\u00cb - Arkivi"},"image":{"@id":"https:\/\/fjala.info\/2009-2015\/#\/schema\/logo\/image\/"}},{"@type":"Person","@id":"https:\/\/fjala.info\/2009-2015\/#\/schema\/person\/3aa1163ef05469c496fc94e77611ada2","name":"admin","image":{"@type":"ImageObject","inLanguage":"sq-AL","@id":"https:\/\/fjala.info\/2009-2015\/wp-content\/uploads\/2012\/02\/arben_cokaj-120x150.jpg","url":"https:\/\/fjala.info\/2009-2015\/wp-content\/uploads\/2012\/02\/arben_cokaj-120x150.jpg","contentUrl":"https:\/\/fjala.info\/2009-2015\/wp-content\/uploads\/2012\/02\/arben_cokaj-120x150.jpg","caption":"admin"},"description":"Admin, Fjala e Lir\u00eb","sameAs":["https:\/\/fjala.info\/"],"url":"https:\/\/fjala.info\/2009-2015\/author\/admin\/"}]}},"_links":{"self":[{"href":"https:\/\/fjala.info\/2009-2015\/wp-json\/wp\/v2\/posts\/2259","targetHints":{"allow":["GET"]}}],"collection":[{"href":"https:\/\/fjala.info\/2009-2015\/wp-json\/wp\/v2\/posts"}],"about":[{"href":"https:\/\/fjala.info\/2009-2015\/wp-json\/wp\/v2\/types\/post"}],"author":[{"embeddable":true,"href":"https:\/\/fjala.info\/2009-2015\/wp-json\/wp\/v2\/users\/1"}],"replies":[{"embeddable":true,"href":"https:\/\/fjala.info\/2009-2015\/wp-json\/wp\/v2\/comments?post=2259"}],"version-history":[{"count":0,"href":"https:\/\/fjala.info\/2009-2015\/wp-json\/wp\/v2\/posts\/2259\/revisions"}],"wp:attachment":[{"href":"https:\/\/fjala.info\/2009-2015\/wp-json\/wp\/v2\/media?parent=2259"}],"wp:term":[{"taxonomy":"category","embeddable":true,"href":"https:\/\/fjala.info\/2009-2015\/wp-json\/wp\/v2\/categories?post=2259"},{"taxonomy":"post_tag","embeddable":true,"href":"https:\/\/fjala.info\/2009-2015\/wp-json\/wp\/v2\/tags?post=2259"}],"curies":[{"name":"wp","href":"https:\/\/api.w.org\/{rel}","templated":true}]}}