{"id":2251,"date":"2012-03-25T00:53:47","date_gmt":"2012-03-24T23:53:47","guid":{"rendered":"http:\/\/fjala.shkoder.net\/?p=2251"},"modified":"2012-03-25T00:53:47","modified_gmt":"2012-03-24T23:53:47","slug":"televizioni-i-sali-berishes-dhe-nje-thirrje-opozites","status":"publish","type":"post","link":"https:\/\/fjala.info\/2009-2015\/televizioni-i-sali-berishes-dhe-nje-thirrje-opozites\/","title":{"rendered":"Televizioni i Sali Berish\u00ebs dhe nj\u00eb thirrje opozit\u00ebs"},"content":{"rendered":"<p><strong>Alban Dega<\/strong> \/ <em>Nju Jork<\/em><\/p>\n<p>Ndoqa dje tre kronikat kryesore t\u00eb lajmeve t\u00eb Radiotelevizionit Shqiptar, q\u00eb vet\u00ebm emrin e ka t\u00eb till\u00eb. Them vet\u00ebm emrin sepse thelbi i politik\u00ebs s\u00eb tij redaksionale \u00ebsht\u00eb vet\u00ebm axhenda e qeveris\u00eb me vota t\u00eb vjedhura, por jo axhenda e v\u00ebrtet\u00eb e shqiptar\u00ebve. N\u00eb t\u00eb gjitha kronikat e lajmeve kryesore t\u00eb RTSH pash\u00eb e d\u00ebgjova gjith\u00e7ka lidhet me axhend\u00ebn e qeveris\u00eb por jo t\u00eb shqiptar\u00ebve. Pash\u00eb e d\u00ebgjova vizitat e p\u00ebrqafimet e Sali Berish\u00ebs n\u00eb Budapestin antievropian e deri edhe nj\u00eb marr\u00ebveshje nd\u00ebrqeveritare midis dy ministrave t\u00eb s\u00eb nj\u00ebjt\u00ebs qeveri, Petrit Vasilit t\u00eb Sh\u00ebndet\u00ebsis\u00eb e Eduart Halimit t\u00eb Drejt\u00ebsis\u00eb. Pash\u00eb e d\u00ebgjova \u00e7far\u00eb nuk pash\u00eb e \u00e7far\u00eb nuk d\u00ebgjova\u2026..<\/p>\n<p>Madje edhe nj\u00eb kronik\u00eb p\u00ebr \u00e7mimin e posa\u00e7\u00ebm t\u00eb nj\u00eb instituti slloven p\u00ebr ish- ministrin e jasht\u00ebm dhe ish-z\u00ebvend\u00ebsin e Berish\u00ebs, Ilir Meta, p\u00ebr politik\u00ebn e tij t\u00eb jashtme n\u00eb 2010-\u00ebn, kur u kap n\u00eb flagranc\u00eb nga z\u00ebvend\u00ebsi i tij n\u00eb LSI dhe ministri i tij i ekonomis\u00eb n\u00eb pazare e allishverishe 700 mij\u00eb euroshe me nj\u00eb dor\u00eb. Pash\u00eb \u00e7far\u00eb nuk pash\u00eb e d\u00ebgjova \u00e7far\u00eb nuk d\u00ebgjova, por as nuk pash\u00eb e as nuk d\u00ebgjova asnj\u00eb fjal\u00eb p\u00ebr vizit\u00ebn e suksesshme e mjaft interesante t\u00eb liderit t\u00eb opozit\u00ebs Edvin Rama n\u00eb kryeqytetin e politik\u00ebs bot\u00ebrore Uashington, ku vendosen fatet e Bot\u00ebs. As pash\u00eb e as d\u00ebgjova asnj\u00eb fjal\u00eb p\u00ebr intervist\u00ebn e \u201carmikut t\u00eb kllas\u00ebs Edi Rama\u201d me Radion Z\u00ebri i Amerik\u00ebs, as p\u00ebr takimin me ndihm\u00ebs-z\u00ebvend\u00ebsekretarin amerikan t\u00eb Shtetit, Riker.<\/p>\n<p>As pash\u00eb e as nuk d\u00ebgjova asnj\u00eb fjal\u00eb, l\u00ebre me kronik\u00eb p\u00ebr takimet intensive t\u00eb Ram\u00ebs n\u00eb Bank\u00ebn Bot\u00ebrore e sidomos me pes\u00eb kongresmen\u00eb amerikan\u00eb, p\u00ebrfshi edhe kryetarin e Komitetit t\u00eb Helsinkit t\u00eb Kongresit. Nj\u00eb rast i rrall\u00eb ky p\u00ebr politik\u00ebn shqiptare. Total black-out\u2026 Heshtje totale\u2026. Err\u00ebsir\u00eb totale. Bojkot total p\u00ebrball\u00eb nj\u00eb ngjarjeje q\u00eb ka t\u00ebrhequr v\u00ebmendjen e ndiqet me nj\u00eb interes t\u00eb jasht\u00ebzakonsh\u00ebm nga mbar\u00eb shqiptaret e nd\u00ebrkomb\u00ebtar\u00ebt q\u00eb mendojn\u00eb ose ndjekin politik\u00ebn shqiptare. Pse!? Jo sot, por qysh prej \u2018Vitit Zero\u2019 t\u00eb Sali Berish\u00ebs, 22 marsit 1992 kur ai mori karrigen e Presidentit t\u00eb Shqip\u00ebris\u00eb e sa koh\u00eb ai qeveris n\u00eb Shqip\u00ebri, RTSH \u00ebsht\u00eb vet\u00ebm tellalli i tij dhe i klanit t\u00eb tij. Jo i shqiptar\u00ebve. Jo i popullit shqiptar, q\u00eb ndan mundin e djers\u00ebn e vet, q\u00eb ndan urin\u00eb dhe parat\u00eb e ila\u00e7eve, q\u00eb ndan papun\u00ebsin\u00eb e listat e veresijes, buk\u00ebn e f\u00ebmij\u00ebve dhe qindarkat e mortit n\u00eb t\u00eb cilin e ka zhytur pik\u00ebrisht kjo qeverisje kusare e vrastare me vota t\u00eb vjedhura, p\u00ebr t\u00eb mbajtur gjall\u00eb k\u00ebt\u00eb televizion t\u00eb d\u00ebshtuar e t\u00eb falimentuar n\u00eb \u00e7do shtet me ekonomi tregu.<\/p>\n<p>B\u00ebhet fjal\u00eb p\u00ebr Radiotelevizionin e m\u00eb pak se nj\u00eb t\u00eb dhjet\u00ebs s\u00eb shqiptar\u00ebve q\u00eb kan\u00eb p\u00ebrkrahur ose votuar p\u00ebr Sali Berish\u00ebn e qeverisjen e tij k\u00ebto tet\u00eb vjet\u00ebt e fundit.<\/p>\n<p>Si pranojn\u00eb shqiptar\u00ebt t\u00eb paguajn\u00eb taksa p\u00ebr t\u00eb mbajtur n\u00eb k\u00ebmb\u00eb k\u00ebt\u00eb \u00e7iban q\u00eb nuk ka asgj\u00eb t\u00eb p\u00ebrbashk\u00ebt me 90 p\u00ebr qind t\u00eb tyre!? Si pranon opozita dhe lidershipi i saj q\u00eb t\u00eb b\u00ebhen bashk\u00ebfinancues dhe sponsor\u00eb t\u00eb nj\u00eb televizioni q\u00eb nuk ka asgj\u00eb t\u00eb p\u00ebrbashk\u00ebt me interesat e publikut dhe t\u00eb shqiptar\u00ebve, q\u00eb vjell helm e vrer dhe nuk pasqyron as ngjarje madhore, si\u00e7 \u00ebsht\u00eb vizita dhe takimet e liderit t\u00eb saj n\u00eb Uashington apo Nju Jork !? \u00c7far\u00eb pret opozita dhe Edi Rama q\u00eb nuk i b\u00ebjn\u00eb thirrje p\u00ebrkrah\u00ebsve dhe votuesve t\u00eb tyre dhe nuk marrin vendim t\u00eb prer\u00eb e t\u00eb menj\u00ebhersh\u00ebm t\u00eb nd\u00ebrpresin \u00e7do pages\u00eb t\u00eb tyre p\u00ebr nj\u00eb televizion q\u00eb jo vet\u00ebm nuk \u00ebsht\u00eb, por shkon kund\u00ebr interesave t\u00eb tyre!? Nj\u00eb hap minimal i mosbindjes qytetare ndaj nj\u00eb tellalli t\u00eb shpallur ashiqare t\u00eb nj\u00eb qeverisje aspak qytetare. P\u00ebr nj\u00eb Radiotelevizion q\u00eb shkon kund\u00ebr rregullave m\u00eb t\u00eb thjeshta demokratike p\u00ebr nj\u00eb informim objektiv, t\u00eb sakt\u00eb dhe t\u00eb paansh\u00ebm?<\/p>\n<p>Kujt p\u00ebrve\u00e7 Sali Berish\u00ebs dhe qeveris\u00eb s\u00eb tij i duhet nj\u00eb televizion si RTSH apo nj\u00eb agjenci lajmesh si ATSH q\u00eb nuk jan\u00eb n\u00eb gjendje t\u00eb mbajn\u00eb vetveten e t\u00eb sigurojn\u00eb edhe fitim n\u00eb kushtet e nj\u00eb ekonomie tregu?<\/p>\n<p>Pse nuk veprohet tamam si\u00e7 do t\u00eb vepronte \u00e7do opozite serioze kudo n\u00eb Bot\u00eb p\u00ebrball\u00eb nj\u00eb televizioni q\u00eb vet\u00ebm emrin e ka RTSH. N\u00eb fakt ai nuk \u00ebsht\u00eb RTSH. Ai \u00ebsht\u00eb fund e krye RTS, Radiotelevizioni i Sal\u00ebs.<\/p>\n","protected":false},"excerpt":{"rendered":"<p>Alban Dega \/ Nju Jork Ndoqa dje tre kronikat kryesore t\u00eb lajmeve t\u00eb Radiotelevizionit Shqiptar, q\u00eb vet\u00ebm emrin e ka t\u00eb till\u00eb. Them vet\u00ebm emrin sepse thelbi i politik\u00ebs s\u00eb tij redaksionale \u00ebsht\u00eb vet\u00ebm axhenda e qeveris\u00eb me vota t\u00eb vjedhura, por jo axhenda e v\u00ebrtet\u00eb e shqiptar\u00ebve. N\u00eb t\u00eb gjitha kronikat e lajmeve kryesore [&hellip;]<\/p>\n","protected":false},"author":1,"featured_media":0,"comment_status":"open","ping_status":"closed","sticky":false,"template":"","format":"standard","meta":{"footnotes":""},"categories":[2],"tags":[],"class_list":{"0":"post-2251","1":"post","2":"type-post","3":"status-publish","4":"format-standard","6":"category-artikuj"},"yoast_head":"<!-- This site is optimized with the Yoast SEO plugin v27.4 - https:\/\/yoast.com\/product\/yoast-seo-wordpress\/ -->\n<title>Televizioni i Sali Berish\u00ebs dhe nj\u00eb thirrje opozit\u00ebs - FjALA e LIR\u00cb - Arkivi<\/title>\n<meta name=\"robots\" content=\"index, follow, max-snippet:-1, max-image-preview:large, max-video-preview:-1\" \/>\n<link rel=\"canonical\" href=\"https:\/\/fjala.info\/2009-2015\/televizioni-i-sali-berishes-dhe-nje-thirrje-opozites\/\" \/>\n<meta property=\"og:locale\" content=\"sq_AL\" \/>\n<meta property=\"og:type\" content=\"article\" \/>\n<meta property=\"og:title\" content=\"Televizioni i Sali Berish\u00ebs dhe nj\u00eb thirrje opozit\u00ebs - FjALA e LIR\u00cb - Arkivi\" \/>\n<meta property=\"og:description\" content=\"Alban Dega \/ Nju Jork Ndoqa dje tre kronikat kryesore t\u00eb lajmeve t\u00eb Radiotelevizionit Shqiptar, q\u00eb vet\u00ebm emrin e ka t\u00eb till\u00eb. Them vet\u00ebm emrin sepse thelbi i politik\u00ebs s\u00eb tij redaksionale \u00ebsht\u00eb vet\u00ebm axhenda e qeveris\u00eb me vota t\u00eb vjedhura, por jo axhenda e v\u00ebrtet\u00eb e shqiptar\u00ebve. N\u00eb t\u00eb gjitha kronikat e lajmeve kryesore [&hellip;]\" \/>\n<meta property=\"og:url\" content=\"https:\/\/fjala.info\/2009-2015\/televizioni-i-sali-berishes-dhe-nje-thirrje-opozites\/\" \/>\n<meta property=\"og:site_name\" content=\"FjALA e LIR\u00cb - Arkivi\" \/>\n<meta property=\"article:published_time\" content=\"2012-03-24T23:53:47+00:00\" \/>\n<meta name=\"author\" content=\"admin\" \/>\n<meta name=\"twitter:card\" content=\"summary_large_image\" \/>\n<meta name=\"twitter:label1\" content=\"Written by\" \/>\n\t<meta name=\"twitter:data1\" content=\"admin\" \/>\n\t<meta name=\"twitter:label2\" content=\"Est. reading time\" \/>\n\t<meta name=\"twitter:data2\" content=\"4 minutes\" \/>\n<script type=\"application\/ld+json\" class=\"yoast-schema-graph\">{\"@context\":\"https:\\\/\\\/schema.org\",\"@graph\":[{\"@type\":\"Article\",\"@id\":\"https:\\\/\\\/fjala.info\\\/2009-2015\\\/televizioni-i-sali-berishes-dhe-nje-thirrje-opozites\\\/#article\",\"isPartOf\":{\"@id\":\"https:\\\/\\\/fjala.info\\\/2009-2015\\\/televizioni-i-sali-berishes-dhe-nje-thirrje-opozites\\\/\"},\"author\":{\"name\":\"admin\",\"@id\":\"https:\\\/\\\/fjala.info\\\/2009-2015\\\/#\\\/schema\\\/person\\\/3aa1163ef05469c496fc94e77611ada2\"},\"headline\":\"Televizioni i Sali Berish\u00ebs dhe nj\u00eb thirrje opozit\u00ebs\",\"datePublished\":\"2012-03-24T23:53:47+00:00\",\"mainEntityOfPage\":{\"@id\":\"https:\\\/\\\/fjala.info\\\/2009-2015\\\/televizioni-i-sali-berishes-dhe-nje-thirrje-opozites\\\/\"},\"wordCount\":826,\"commentCount\":0,\"publisher\":{\"@id\":\"https:\\\/\\\/fjala.info\\\/2009-2015\\\/#organization\"},\"articleSection\":[\"Artikuj\"],\"inLanguage\":\"sq-AL\",\"potentialAction\":[{\"@type\":\"CommentAction\",\"name\":\"Comment\",\"target\":[\"https:\\\/\\\/fjala.info\\\/2009-2015\\\/televizioni-i-sali-berishes-dhe-nje-thirrje-opozites\\\/#respond\"]}]},{\"@type\":\"WebPage\",\"@id\":\"https:\\\/\\\/fjala.info\\\/2009-2015\\\/televizioni-i-sali-berishes-dhe-nje-thirrje-opozites\\\/\",\"url\":\"https:\\\/\\\/fjala.info\\\/2009-2015\\\/televizioni-i-sali-berishes-dhe-nje-thirrje-opozites\\\/\",\"name\":\"Televizioni i Sali Berish\u00ebs dhe nj\u00eb thirrje opozit\u00ebs - FjALA e LIR\u00cb - Arkivi\",\"isPartOf\":{\"@id\":\"https:\\\/\\\/fjala.info\\\/2009-2015\\\/#website\"},\"datePublished\":\"2012-03-24T23:53:47+00:00\",\"breadcrumb\":{\"@id\":\"https:\\\/\\\/fjala.info\\\/2009-2015\\\/televizioni-i-sali-berishes-dhe-nje-thirrje-opozites\\\/#breadcrumb\"},\"inLanguage\":\"sq-AL\",\"potentialAction\":[{\"@type\":\"ReadAction\",\"target\":[\"https:\\\/\\\/fjala.info\\\/2009-2015\\\/televizioni-i-sali-berishes-dhe-nje-thirrje-opozites\\\/\"]}]},{\"@type\":\"BreadcrumbList\",\"@id\":\"https:\\\/\\\/fjala.info\\\/2009-2015\\\/televizioni-i-sali-berishes-dhe-nje-thirrje-opozites\\\/#breadcrumb\",\"itemListElement\":[{\"@type\":\"ListItem\",\"position\":1,\"name\":\"Home\",\"item\":\"https:\\\/\\\/fjala.info\\\/2009-2015\\\/\"},{\"@type\":\"ListItem\",\"position\":2,\"name\":\"Televizioni i Sali Berish\u00ebs dhe nj\u00eb thirrje opozit\u00ebs\"}]},{\"@type\":\"WebSite\",\"@id\":\"https:\\\/\\\/fjala.info\\\/2009-2015\\\/#website\",\"url\":\"https:\\\/\\\/fjala.info\\\/2009-2015\\\/\",\"name\":\"FjALA e LIR\u00cb - Arkivi\",\"description\":\"Arkivi 2009-2015\",\"publisher\":{\"@id\":\"https:\\\/\\\/fjala.info\\\/2009-2015\\\/#organization\"},\"potentialAction\":[{\"@type\":\"SearchAction\",\"target\":{\"@type\":\"EntryPoint\",\"urlTemplate\":\"https:\\\/\\\/fjala.info\\\/2009-2015\\\/?s={search_term_string}\"},\"query-input\":{\"@type\":\"PropertyValueSpecification\",\"valueRequired\":true,\"valueName\":\"search_term_string\"}}],\"inLanguage\":\"sq-AL\"},{\"@type\":\"Organization\",\"@id\":\"https:\\\/\\\/fjala.info\\\/2009-2015\\\/#organization\",\"name\":\"FjALA e LIR\u00cb - Arkivi\",\"url\":\"https:\\\/\\\/fjala.info\\\/2009-2015\\\/\",\"logo\":{\"@type\":\"ImageObject\",\"inLanguage\":\"sq-AL\",\"@id\":\"https:\\\/\\\/fjala.info\\\/2009-2015\\\/#\\\/schema\\\/logo\\\/image\\\/\",\"url\":\"\",\"contentUrl\":\"\",\"caption\":\"FjALA e LIR\u00cb - Arkivi\"},\"image\":{\"@id\":\"https:\\\/\\\/fjala.info\\\/2009-2015\\\/#\\\/schema\\\/logo\\\/image\\\/\"}},{\"@type\":\"Person\",\"@id\":\"https:\\\/\\\/fjala.info\\\/2009-2015\\\/#\\\/schema\\\/person\\\/3aa1163ef05469c496fc94e77611ada2\",\"name\":\"admin\",\"image\":{\"@type\":\"ImageObject\",\"inLanguage\":\"sq-AL\",\"@id\":\"https:\\\/\\\/fjala.info\\\/2009-2015\\\/wp-content\\\/uploads\\\/2012\\\/02\\\/arben_cokaj-120x150.jpg\",\"url\":\"https:\\\/\\\/fjala.info\\\/2009-2015\\\/wp-content\\\/uploads\\\/2012\\\/02\\\/arben_cokaj-120x150.jpg\",\"contentUrl\":\"https:\\\/\\\/fjala.info\\\/2009-2015\\\/wp-content\\\/uploads\\\/2012\\\/02\\\/arben_cokaj-120x150.jpg\",\"caption\":\"admin\"},\"description\":\"Admin, Fjala e Lir\u00eb\",\"sameAs\":[\"https:\\\/\\\/fjala.info\\\/\"],\"url\":\"https:\\\/\\\/fjala.info\\\/2009-2015\\\/author\\\/admin\\\/\"}]}<\/script>\n<!-- \/ Yoast SEO plugin. -->","yoast_head_json":{"title":"Televizioni i Sali Berish\u00ebs dhe nj\u00eb thirrje opozit\u00ebs - FjALA e LIR\u00cb - Arkivi","robots":{"index":"index","follow":"follow","max-snippet":"max-snippet:-1","max-image-preview":"max-image-preview:large","max-video-preview":"max-video-preview:-1"},"canonical":"https:\/\/fjala.info\/2009-2015\/televizioni-i-sali-berishes-dhe-nje-thirrje-opozites\/","og_locale":"sq_AL","og_type":"article","og_title":"Televizioni i Sali Berish\u00ebs dhe nj\u00eb thirrje opozit\u00ebs - FjALA e LIR\u00cb - Arkivi","og_description":"Alban Dega \/ Nju Jork Ndoqa dje tre kronikat kryesore t\u00eb lajmeve t\u00eb Radiotelevizionit Shqiptar, q\u00eb vet\u00ebm emrin e ka t\u00eb till\u00eb. Them vet\u00ebm emrin sepse thelbi i politik\u00ebs s\u00eb tij redaksionale \u00ebsht\u00eb vet\u00ebm axhenda e qeveris\u00eb me vota t\u00eb vjedhura, por jo axhenda e v\u00ebrtet\u00eb e shqiptar\u00ebve. N\u00eb t\u00eb gjitha kronikat e lajmeve kryesore [&hellip;]","og_url":"https:\/\/fjala.info\/2009-2015\/televizioni-i-sali-berishes-dhe-nje-thirrje-opozites\/","og_site_name":"FjALA e LIR\u00cb - Arkivi","article_published_time":"2012-03-24T23:53:47+00:00","author":"admin","twitter_card":"summary_large_image","twitter_misc":{"Written by":"admin","Est. reading time":"4 minutes"},"schema":{"@context":"https:\/\/schema.org","@graph":[{"@type":"Article","@id":"https:\/\/fjala.info\/2009-2015\/televizioni-i-sali-berishes-dhe-nje-thirrje-opozites\/#article","isPartOf":{"@id":"https:\/\/fjala.info\/2009-2015\/televizioni-i-sali-berishes-dhe-nje-thirrje-opozites\/"},"author":{"name":"admin","@id":"https:\/\/fjala.info\/2009-2015\/#\/schema\/person\/3aa1163ef05469c496fc94e77611ada2"},"headline":"Televizioni i Sali Berish\u00ebs dhe nj\u00eb thirrje opozit\u00ebs","datePublished":"2012-03-24T23:53:47+00:00","mainEntityOfPage":{"@id":"https:\/\/fjala.info\/2009-2015\/televizioni-i-sali-berishes-dhe-nje-thirrje-opozites\/"},"wordCount":826,"commentCount":0,"publisher":{"@id":"https:\/\/fjala.info\/2009-2015\/#organization"},"articleSection":["Artikuj"],"inLanguage":"sq-AL","potentialAction":[{"@type":"CommentAction","name":"Comment","target":["https:\/\/fjala.info\/2009-2015\/televizioni-i-sali-berishes-dhe-nje-thirrje-opozites\/#respond"]}]},{"@type":"WebPage","@id":"https:\/\/fjala.info\/2009-2015\/televizioni-i-sali-berishes-dhe-nje-thirrje-opozites\/","url":"https:\/\/fjala.info\/2009-2015\/televizioni-i-sali-berishes-dhe-nje-thirrje-opozites\/","name":"Televizioni i Sali Berish\u00ebs dhe nj\u00eb thirrje opozit\u00ebs - FjALA e LIR\u00cb - Arkivi","isPartOf":{"@id":"https:\/\/fjala.info\/2009-2015\/#website"},"datePublished":"2012-03-24T23:53:47+00:00","breadcrumb":{"@id":"https:\/\/fjala.info\/2009-2015\/televizioni-i-sali-berishes-dhe-nje-thirrje-opozites\/#breadcrumb"},"inLanguage":"sq-AL","potentialAction":[{"@type":"ReadAction","target":["https:\/\/fjala.info\/2009-2015\/televizioni-i-sali-berishes-dhe-nje-thirrje-opozites\/"]}]},{"@type":"BreadcrumbList","@id":"https:\/\/fjala.info\/2009-2015\/televizioni-i-sali-berishes-dhe-nje-thirrje-opozites\/#breadcrumb","itemListElement":[{"@type":"ListItem","position":1,"name":"Home","item":"https:\/\/fjala.info\/2009-2015\/"},{"@type":"ListItem","position":2,"name":"Televizioni i Sali Berish\u00ebs dhe nj\u00eb thirrje opozit\u00ebs"}]},{"@type":"WebSite","@id":"https:\/\/fjala.info\/2009-2015\/#website","url":"https:\/\/fjala.info\/2009-2015\/","name":"FjALA e LIR\u00cb - Arkivi","description":"Arkivi 2009-2015","publisher":{"@id":"https:\/\/fjala.info\/2009-2015\/#organization"},"potentialAction":[{"@type":"SearchAction","target":{"@type":"EntryPoint","urlTemplate":"https:\/\/fjala.info\/2009-2015\/?s={search_term_string}"},"query-input":{"@type":"PropertyValueSpecification","valueRequired":true,"valueName":"search_term_string"}}],"inLanguage":"sq-AL"},{"@type":"Organization","@id":"https:\/\/fjala.info\/2009-2015\/#organization","name":"FjALA e LIR\u00cb - Arkivi","url":"https:\/\/fjala.info\/2009-2015\/","logo":{"@type":"ImageObject","inLanguage":"sq-AL","@id":"https:\/\/fjala.info\/2009-2015\/#\/schema\/logo\/image\/","url":"","contentUrl":"","caption":"FjALA e LIR\u00cb - Arkivi"},"image":{"@id":"https:\/\/fjala.info\/2009-2015\/#\/schema\/logo\/image\/"}},{"@type":"Person","@id":"https:\/\/fjala.info\/2009-2015\/#\/schema\/person\/3aa1163ef05469c496fc94e77611ada2","name":"admin","image":{"@type":"ImageObject","inLanguage":"sq-AL","@id":"https:\/\/fjala.info\/2009-2015\/wp-content\/uploads\/2012\/02\/arben_cokaj-120x150.jpg","url":"https:\/\/fjala.info\/2009-2015\/wp-content\/uploads\/2012\/02\/arben_cokaj-120x150.jpg","contentUrl":"https:\/\/fjala.info\/2009-2015\/wp-content\/uploads\/2012\/02\/arben_cokaj-120x150.jpg","caption":"admin"},"description":"Admin, Fjala e Lir\u00eb","sameAs":["https:\/\/fjala.info\/"],"url":"https:\/\/fjala.info\/2009-2015\/author\/admin\/"}]}},"_links":{"self":[{"href":"https:\/\/fjala.info\/2009-2015\/wp-json\/wp\/v2\/posts\/2251","targetHints":{"allow":["GET"]}}],"collection":[{"href":"https:\/\/fjala.info\/2009-2015\/wp-json\/wp\/v2\/posts"}],"about":[{"href":"https:\/\/fjala.info\/2009-2015\/wp-json\/wp\/v2\/types\/post"}],"author":[{"embeddable":true,"href":"https:\/\/fjala.info\/2009-2015\/wp-json\/wp\/v2\/users\/1"}],"replies":[{"embeddable":true,"href":"https:\/\/fjala.info\/2009-2015\/wp-json\/wp\/v2\/comments?post=2251"}],"version-history":[{"count":0,"href":"https:\/\/fjala.info\/2009-2015\/wp-json\/wp\/v2\/posts\/2251\/revisions"}],"wp:attachment":[{"href":"https:\/\/fjala.info\/2009-2015\/wp-json\/wp\/v2\/media?parent=2251"}],"wp:term":[{"taxonomy":"category","embeddable":true,"href":"https:\/\/fjala.info\/2009-2015\/wp-json\/wp\/v2\/categories?post=2251"},{"taxonomy":"post_tag","embeddable":true,"href":"https:\/\/fjala.info\/2009-2015\/wp-json\/wp\/v2\/tags?post=2251"}],"curies":[{"name":"wp","href":"https:\/\/api.w.org\/{rel}","templated":true}]}}