{"id":2250,"date":"2013-04-29T23:28:06","date_gmt":"2013-04-29T22:28:06","guid":{"rendered":"http:\/\/fjala.info\/?p=2250"},"modified":"2013-04-29T23:28:06","modified_gmt":"2013-04-29T22:28:06","slug":"berisha-flet-per-racen-negro-por-eshte-nje-lapsus-linguae","status":"publish","type":"post","link":"https:\/\/fjala.info\/2009-2015\/berisha-flet-per-racen-negro-por-eshte-nje-lapsus-linguae\/","title":{"rendered":"Berisha flet p\u00ebr \u201crac\u00ebn negro\u201d; por \u00ebsht\u00eb nj\u00eb lapsus linguae"},"content":{"rendered":"<p><img decoding=\"async\" class=\"alignright size-thumbnail wp-image-7236\" title=\"Berish me antiplumb\" alt=\"\" src=\"http:\/\/www.fjala.info\/2013\/berisha_antiplumb.jpg\" width=\"300\" \/> <strong>ResPublica.al<\/strong>, <em>29 prill 2013<\/em><\/p>\n<p>N\u00eb fillim ishte <em>shqiptarja.com<\/em> q\u00eb b\u00ebnte me dije se kryeministri, n\u00eb nj\u00eb takim n\u00eb Elbasan me disa gra demokrate, kish p\u00ebrdorur termin \u201c<em>raca negro<\/em>\u201d. Por <em>shqiptarja.com<\/em> nuk e jepte t\u00eb sakt\u00eb as tekstin, as kontekstin, as n\u00ebntekstin. M\u00eb pas, lajmi u kap dhe nga agjenci t\u00eb tjera informative online, dhe ngjarja u b\u00eb e qart\u00eb. Berisha po fliste p\u00ebr nj\u00eb an\u00ebtare me ngjyr\u00eb t\u00eb Kongresit amerikan, e cila, sipas tij, n\u00eb nj\u00eb moment t\u00eb caktuar t\u00eb gar\u00ebs presidenciale brendapartiake ka th\u00ebn\u00eb se \u201c<em>Hillary do e ket\u00eb m\u00eb t\u00eb v\u00ebshtir\u00eb, m\u00eb t\u00eb pakap\u00ebrcyeshme seksizmin sesa e pata un\u00eb racizmin<\/em>\u201d. Por e identifikoi k\u00ebt\u00eb an\u00ebtare t\u00eb Kongresit si nj\u00eb \u201c<em>p\u00ebrfaq\u00ebsuese t\u00eb rac\u00ebs negro<\/em>\u201d.<\/p>\n<p>\u00cbsht\u00eb e qart\u00eb se termi nuk ka dal\u00eb nga goja e kryeministrit me ndonj\u00eb n\u00ebntekst t\u00eb lig, por puna \u00ebsht\u00eb se ky term e bart n\u00eb vetvete k\u00ebt\u00eb n\u00ebntekst. N\u00eb SHBA nuk p\u00ebrdoret prej dekadash, sakt\u00ebsisht qysh nga fundi i viteve \u2018960. E prandaj, Endri Fuga ka t\u00eb drejt\u00eb kur thot\u00eb me ironi, i cituar nga Rama, se \u201c<em>shyqyr q\u00eb s\u2019e d\u00ebgjon njeri n\u00eb SHBA<\/em>\u201d.<\/p>\n<p>Megjithat\u00eb, nuk ka vend p\u00ebr t\u2019ia marr\u00eb p\u00ebr t\u00eb madhe. \u00cbsht\u00eb thjesht nj\u00eb lapsus linguae. Berish\u00ebs i duhen futur n\u00eb lup\u00eb, jo lapsuse t\u00eb tilla, por fraza t\u00eb tjera t\u00eb tmerrshme, q\u00eb vijn\u00eb drejt e nga qendra e nd\u00ebrgjegjes s\u00eb vet.<\/p>\n<p><strong>M.N<\/strong>.<\/p>\n","protected":false},"excerpt":{"rendered":"<p>ResPublica.al, 29 prill 2013 N\u00eb fillim ishte shqiptarja.com q\u00eb b\u00ebnte me dije se kryeministri, n\u00eb nj\u00eb takim n\u00eb Elbasan me disa gra demokrate, kish p\u00ebrdorur termin \u201craca negro\u201d. Por shqiptarja.com nuk e jepte t\u00eb sakt\u00eb as tekstin, as kontekstin, as n\u00ebntekstin. M\u00eb pas, lajmi u kap dhe nga agjenci t\u00eb tjera informative online, dhe ngjarja [&hellip;]<\/p>\n","protected":false},"author":1,"featured_media":0,"comment_status":"open","ping_status":"closed","sticky":false,"template":"","format":"standard","meta":{"footnotes":""},"categories":[2,5],"tags":[],"class_list":{"0":"post-2250","1":"post","2":"type-post","3":"status-publish","4":"format-standard","6":"category-artikuj","7":"category-lajme"},"yoast_head":"<!-- This site is optimized with the Yoast SEO plugin v27.4 - https:\/\/yoast.com\/product\/yoast-seo-wordpress\/ -->\n<title>Berisha flet p\u00ebr \u201crac\u00ebn negro\u201d; por \u00ebsht\u00eb nj\u00eb lapsus linguae - FjALA e LIR\u00cb - Arkivi<\/title>\n<meta name=\"robots\" content=\"index, follow, max-snippet:-1, max-image-preview:large, max-video-preview:-1\" \/>\n<link rel=\"canonical\" href=\"https:\/\/fjala.info\/2009-2015\/berisha-flet-per-racen-negro-por-eshte-nje-lapsus-linguae\/\" \/>\n<meta property=\"og:locale\" content=\"sq_AL\" \/>\n<meta property=\"og:type\" content=\"article\" \/>\n<meta property=\"og:title\" content=\"Berisha flet p\u00ebr \u201crac\u00ebn negro\u201d; por \u00ebsht\u00eb nj\u00eb lapsus linguae - FjALA e LIR\u00cb - Arkivi\" \/>\n<meta property=\"og:description\" content=\"ResPublica.al, 29 prill 2013 N\u00eb fillim ishte shqiptarja.com q\u00eb b\u00ebnte me dije se kryeministri, n\u00eb nj\u00eb takim n\u00eb Elbasan me disa gra demokrate, kish p\u00ebrdorur termin \u201craca negro\u201d. Por shqiptarja.com nuk e jepte t\u00eb sakt\u00eb as tekstin, as kontekstin, as n\u00ebntekstin. M\u00eb pas, lajmi u kap dhe nga agjenci t\u00eb tjera informative online, dhe ngjarja [&hellip;]\" \/>\n<meta property=\"og:url\" content=\"https:\/\/fjala.info\/2009-2015\/berisha-flet-per-racen-negro-por-eshte-nje-lapsus-linguae\/\" \/>\n<meta property=\"og:site_name\" content=\"FjALA e LIR\u00cb - Arkivi\" \/>\n<meta property=\"article:published_time\" content=\"2013-04-29T22:28:06+00:00\" \/>\n<meta property=\"og:image\" content=\"http:\/\/www.fjala.info\/2013\/berisha_antiplumb.jpg\" \/>\n<meta name=\"author\" content=\"admin\" \/>\n<meta name=\"twitter:card\" content=\"summary_large_image\" \/>\n<meta name=\"twitter:label1\" content=\"Written by\" \/>\n\t<meta name=\"twitter:data1\" content=\"admin\" \/>\n\t<meta name=\"twitter:label2\" content=\"Est. reading time\" \/>\n\t<meta name=\"twitter:data2\" content=\"1 minute\" \/>\n<script type=\"application\/ld+json\" class=\"yoast-schema-graph\">{\"@context\":\"https:\\\/\\\/schema.org\",\"@graph\":[{\"@type\":\"Article\",\"@id\":\"https:\\\/\\\/fjala.info\\\/2009-2015\\\/berisha-flet-per-racen-negro-por-eshte-nje-lapsus-linguae\\\/#article\",\"isPartOf\":{\"@id\":\"https:\\\/\\\/fjala.info\\\/2009-2015\\\/berisha-flet-per-racen-negro-por-eshte-nje-lapsus-linguae\\\/\"},\"author\":{\"name\":\"admin\",\"@id\":\"https:\\\/\\\/fjala.info\\\/2009-2015\\\/#\\\/schema\\\/person\\\/3aa1163ef05469c496fc94e77611ada2\"},\"headline\":\"Berisha flet p\u00ebr \u201crac\u00ebn negro\u201d; por \u00ebsht\u00eb nj\u00eb lapsus linguae\",\"datePublished\":\"2013-04-29T22:28:06+00:00\",\"mainEntityOfPage\":{\"@id\":\"https:\\\/\\\/fjala.info\\\/2009-2015\\\/berisha-flet-per-racen-negro-por-eshte-nje-lapsus-linguae\\\/\"},\"wordCount\":261,\"commentCount\":0,\"publisher\":{\"@id\":\"https:\\\/\\\/fjala.info\\\/2009-2015\\\/#organization\"},\"image\":{\"@id\":\"https:\\\/\\\/fjala.info\\\/2009-2015\\\/berisha-flet-per-racen-negro-por-eshte-nje-lapsus-linguae\\\/#primaryimage\"},\"thumbnailUrl\":\"http:\\\/\\\/www.fjala.info\\\/2013\\\/berisha_antiplumb.jpg\",\"articleSection\":[\"Artikuj\",\"Lajme\"],\"inLanguage\":\"sq-AL\",\"potentialAction\":[{\"@type\":\"CommentAction\",\"name\":\"Comment\",\"target\":[\"https:\\\/\\\/fjala.info\\\/2009-2015\\\/berisha-flet-per-racen-negro-por-eshte-nje-lapsus-linguae\\\/#respond\"]}]},{\"@type\":\"WebPage\",\"@id\":\"https:\\\/\\\/fjala.info\\\/2009-2015\\\/berisha-flet-per-racen-negro-por-eshte-nje-lapsus-linguae\\\/\",\"url\":\"https:\\\/\\\/fjala.info\\\/2009-2015\\\/berisha-flet-per-racen-negro-por-eshte-nje-lapsus-linguae\\\/\",\"name\":\"Berisha flet p\u00ebr \u201crac\u00ebn negro\u201d; por \u00ebsht\u00eb nj\u00eb lapsus linguae - FjALA e LIR\u00cb - Arkivi\",\"isPartOf\":{\"@id\":\"https:\\\/\\\/fjala.info\\\/2009-2015\\\/#website\"},\"primaryImageOfPage\":{\"@id\":\"https:\\\/\\\/fjala.info\\\/2009-2015\\\/berisha-flet-per-racen-negro-por-eshte-nje-lapsus-linguae\\\/#primaryimage\"},\"image\":{\"@id\":\"https:\\\/\\\/fjala.info\\\/2009-2015\\\/berisha-flet-per-racen-negro-por-eshte-nje-lapsus-linguae\\\/#primaryimage\"},\"thumbnailUrl\":\"http:\\\/\\\/www.fjala.info\\\/2013\\\/berisha_antiplumb.jpg\",\"datePublished\":\"2013-04-29T22:28:06+00:00\",\"breadcrumb\":{\"@id\":\"https:\\\/\\\/fjala.info\\\/2009-2015\\\/berisha-flet-per-racen-negro-por-eshte-nje-lapsus-linguae\\\/#breadcrumb\"},\"inLanguage\":\"sq-AL\",\"potentialAction\":[{\"@type\":\"ReadAction\",\"target\":[\"https:\\\/\\\/fjala.info\\\/2009-2015\\\/berisha-flet-per-racen-negro-por-eshte-nje-lapsus-linguae\\\/\"]}]},{\"@type\":\"ImageObject\",\"inLanguage\":\"sq-AL\",\"@id\":\"https:\\\/\\\/fjala.info\\\/2009-2015\\\/berisha-flet-per-racen-negro-por-eshte-nje-lapsus-linguae\\\/#primaryimage\",\"url\":\"http:\\\/\\\/www.fjala.info\\\/2013\\\/berisha_antiplumb.jpg\",\"contentUrl\":\"http:\\\/\\\/www.fjala.info\\\/2013\\\/berisha_antiplumb.jpg\"},{\"@type\":\"BreadcrumbList\",\"@id\":\"https:\\\/\\\/fjala.info\\\/2009-2015\\\/berisha-flet-per-racen-negro-por-eshte-nje-lapsus-linguae\\\/#breadcrumb\",\"itemListElement\":[{\"@type\":\"ListItem\",\"position\":1,\"name\":\"Home\",\"item\":\"https:\\\/\\\/fjala.info\\\/2009-2015\\\/\"},{\"@type\":\"ListItem\",\"position\":2,\"name\":\"Berisha flet p\u00ebr \u201crac\u00ebn negro\u201d; por \u00ebsht\u00eb nj\u00eb lapsus linguae\"}]},{\"@type\":\"WebSite\",\"@id\":\"https:\\\/\\\/fjala.info\\\/2009-2015\\\/#website\",\"url\":\"https:\\\/\\\/fjala.info\\\/2009-2015\\\/\",\"name\":\"FjALA e LIR\u00cb - Arkivi\",\"description\":\"Arkivi 2009-2015\",\"publisher\":{\"@id\":\"https:\\\/\\\/fjala.info\\\/2009-2015\\\/#organization\"},\"potentialAction\":[{\"@type\":\"SearchAction\",\"target\":{\"@type\":\"EntryPoint\",\"urlTemplate\":\"https:\\\/\\\/fjala.info\\\/2009-2015\\\/?s={search_term_string}\"},\"query-input\":{\"@type\":\"PropertyValueSpecification\",\"valueRequired\":true,\"valueName\":\"search_term_string\"}}],\"inLanguage\":\"sq-AL\"},{\"@type\":\"Organization\",\"@id\":\"https:\\\/\\\/fjala.info\\\/2009-2015\\\/#organization\",\"name\":\"FjALA e LIR\u00cb - Arkivi\",\"url\":\"https:\\\/\\\/fjala.info\\\/2009-2015\\\/\",\"logo\":{\"@type\":\"ImageObject\",\"inLanguage\":\"sq-AL\",\"@id\":\"https:\\\/\\\/fjala.info\\\/2009-2015\\\/#\\\/schema\\\/logo\\\/image\\\/\",\"url\":\"\",\"contentUrl\":\"\",\"caption\":\"FjALA e LIR\u00cb - Arkivi\"},\"image\":{\"@id\":\"https:\\\/\\\/fjala.info\\\/2009-2015\\\/#\\\/schema\\\/logo\\\/image\\\/\"}},{\"@type\":\"Person\",\"@id\":\"https:\\\/\\\/fjala.info\\\/2009-2015\\\/#\\\/schema\\\/person\\\/3aa1163ef05469c496fc94e77611ada2\",\"name\":\"admin\",\"image\":{\"@type\":\"ImageObject\",\"inLanguage\":\"sq-AL\",\"@id\":\"https:\\\/\\\/fjala.info\\\/2009-2015\\\/wp-content\\\/uploads\\\/2012\\\/02\\\/arben_cokaj-120x150.jpg\",\"url\":\"https:\\\/\\\/fjala.info\\\/2009-2015\\\/wp-content\\\/uploads\\\/2012\\\/02\\\/arben_cokaj-120x150.jpg\",\"contentUrl\":\"https:\\\/\\\/fjala.info\\\/2009-2015\\\/wp-content\\\/uploads\\\/2012\\\/02\\\/arben_cokaj-120x150.jpg\",\"caption\":\"admin\"},\"description\":\"Admin, Fjala e Lir\u00eb\",\"sameAs\":[\"https:\\\/\\\/fjala.info\\\/\"],\"url\":\"https:\\\/\\\/fjala.info\\\/2009-2015\\\/author\\\/admin\\\/\"}]}<\/script>\n<!-- \/ Yoast SEO plugin. -->","yoast_head_json":{"title":"Berisha flet p\u00ebr \u201crac\u00ebn negro\u201d; por \u00ebsht\u00eb nj\u00eb lapsus linguae - FjALA e LIR\u00cb - Arkivi","robots":{"index":"index","follow":"follow","max-snippet":"max-snippet:-1","max-image-preview":"max-image-preview:large","max-video-preview":"max-video-preview:-1"},"canonical":"https:\/\/fjala.info\/2009-2015\/berisha-flet-per-racen-negro-por-eshte-nje-lapsus-linguae\/","og_locale":"sq_AL","og_type":"article","og_title":"Berisha flet p\u00ebr \u201crac\u00ebn negro\u201d; por \u00ebsht\u00eb nj\u00eb lapsus linguae - FjALA e LIR\u00cb - Arkivi","og_description":"ResPublica.al, 29 prill 2013 N\u00eb fillim ishte shqiptarja.com q\u00eb b\u00ebnte me dije se kryeministri, n\u00eb nj\u00eb takim n\u00eb Elbasan me disa gra demokrate, kish p\u00ebrdorur termin \u201craca negro\u201d. Por shqiptarja.com nuk e jepte t\u00eb sakt\u00eb as tekstin, as kontekstin, as n\u00ebntekstin. M\u00eb pas, lajmi u kap dhe nga agjenci t\u00eb tjera informative online, dhe ngjarja [&hellip;]","og_url":"https:\/\/fjala.info\/2009-2015\/berisha-flet-per-racen-negro-por-eshte-nje-lapsus-linguae\/","og_site_name":"FjALA e LIR\u00cb - Arkivi","article_published_time":"2013-04-29T22:28:06+00:00","og_image":[{"url":"http:\/\/www.fjala.info\/2013\/berisha_antiplumb.jpg","type":"","width":"","height":""}],"author":"admin","twitter_card":"summary_large_image","twitter_misc":{"Written by":"admin","Est. reading time":"1 minute"},"schema":{"@context":"https:\/\/schema.org","@graph":[{"@type":"Article","@id":"https:\/\/fjala.info\/2009-2015\/berisha-flet-per-racen-negro-por-eshte-nje-lapsus-linguae\/#article","isPartOf":{"@id":"https:\/\/fjala.info\/2009-2015\/berisha-flet-per-racen-negro-por-eshte-nje-lapsus-linguae\/"},"author":{"name":"admin","@id":"https:\/\/fjala.info\/2009-2015\/#\/schema\/person\/3aa1163ef05469c496fc94e77611ada2"},"headline":"Berisha flet p\u00ebr \u201crac\u00ebn negro\u201d; por \u00ebsht\u00eb nj\u00eb lapsus linguae","datePublished":"2013-04-29T22:28:06+00:00","mainEntityOfPage":{"@id":"https:\/\/fjala.info\/2009-2015\/berisha-flet-per-racen-negro-por-eshte-nje-lapsus-linguae\/"},"wordCount":261,"commentCount":0,"publisher":{"@id":"https:\/\/fjala.info\/2009-2015\/#organization"},"image":{"@id":"https:\/\/fjala.info\/2009-2015\/berisha-flet-per-racen-negro-por-eshte-nje-lapsus-linguae\/#primaryimage"},"thumbnailUrl":"http:\/\/www.fjala.info\/2013\/berisha_antiplumb.jpg","articleSection":["Artikuj","Lajme"],"inLanguage":"sq-AL","potentialAction":[{"@type":"CommentAction","name":"Comment","target":["https:\/\/fjala.info\/2009-2015\/berisha-flet-per-racen-negro-por-eshte-nje-lapsus-linguae\/#respond"]}]},{"@type":"WebPage","@id":"https:\/\/fjala.info\/2009-2015\/berisha-flet-per-racen-negro-por-eshte-nje-lapsus-linguae\/","url":"https:\/\/fjala.info\/2009-2015\/berisha-flet-per-racen-negro-por-eshte-nje-lapsus-linguae\/","name":"Berisha flet p\u00ebr \u201crac\u00ebn negro\u201d; por \u00ebsht\u00eb nj\u00eb lapsus linguae - FjALA e LIR\u00cb - Arkivi","isPartOf":{"@id":"https:\/\/fjala.info\/2009-2015\/#website"},"primaryImageOfPage":{"@id":"https:\/\/fjala.info\/2009-2015\/berisha-flet-per-racen-negro-por-eshte-nje-lapsus-linguae\/#primaryimage"},"image":{"@id":"https:\/\/fjala.info\/2009-2015\/berisha-flet-per-racen-negro-por-eshte-nje-lapsus-linguae\/#primaryimage"},"thumbnailUrl":"http:\/\/www.fjala.info\/2013\/berisha_antiplumb.jpg","datePublished":"2013-04-29T22:28:06+00:00","breadcrumb":{"@id":"https:\/\/fjala.info\/2009-2015\/berisha-flet-per-racen-negro-por-eshte-nje-lapsus-linguae\/#breadcrumb"},"inLanguage":"sq-AL","potentialAction":[{"@type":"ReadAction","target":["https:\/\/fjala.info\/2009-2015\/berisha-flet-per-racen-negro-por-eshte-nje-lapsus-linguae\/"]}]},{"@type":"ImageObject","inLanguage":"sq-AL","@id":"https:\/\/fjala.info\/2009-2015\/berisha-flet-per-racen-negro-por-eshte-nje-lapsus-linguae\/#primaryimage","url":"http:\/\/www.fjala.info\/2013\/berisha_antiplumb.jpg","contentUrl":"http:\/\/www.fjala.info\/2013\/berisha_antiplumb.jpg"},{"@type":"BreadcrumbList","@id":"https:\/\/fjala.info\/2009-2015\/berisha-flet-per-racen-negro-por-eshte-nje-lapsus-linguae\/#breadcrumb","itemListElement":[{"@type":"ListItem","position":1,"name":"Home","item":"https:\/\/fjala.info\/2009-2015\/"},{"@type":"ListItem","position":2,"name":"Berisha flet p\u00ebr \u201crac\u00ebn negro\u201d; por \u00ebsht\u00eb nj\u00eb lapsus linguae"}]},{"@type":"WebSite","@id":"https:\/\/fjala.info\/2009-2015\/#website","url":"https:\/\/fjala.info\/2009-2015\/","name":"FjALA e LIR\u00cb - Arkivi","description":"Arkivi 2009-2015","publisher":{"@id":"https:\/\/fjala.info\/2009-2015\/#organization"},"potentialAction":[{"@type":"SearchAction","target":{"@type":"EntryPoint","urlTemplate":"https:\/\/fjala.info\/2009-2015\/?s={search_term_string}"},"query-input":{"@type":"PropertyValueSpecification","valueRequired":true,"valueName":"search_term_string"}}],"inLanguage":"sq-AL"},{"@type":"Organization","@id":"https:\/\/fjala.info\/2009-2015\/#organization","name":"FjALA e LIR\u00cb - Arkivi","url":"https:\/\/fjala.info\/2009-2015\/","logo":{"@type":"ImageObject","inLanguage":"sq-AL","@id":"https:\/\/fjala.info\/2009-2015\/#\/schema\/logo\/image\/","url":"","contentUrl":"","caption":"FjALA e LIR\u00cb - Arkivi"},"image":{"@id":"https:\/\/fjala.info\/2009-2015\/#\/schema\/logo\/image\/"}},{"@type":"Person","@id":"https:\/\/fjala.info\/2009-2015\/#\/schema\/person\/3aa1163ef05469c496fc94e77611ada2","name":"admin","image":{"@type":"ImageObject","inLanguage":"sq-AL","@id":"https:\/\/fjala.info\/2009-2015\/wp-content\/uploads\/2012\/02\/arben_cokaj-120x150.jpg","url":"https:\/\/fjala.info\/2009-2015\/wp-content\/uploads\/2012\/02\/arben_cokaj-120x150.jpg","contentUrl":"https:\/\/fjala.info\/2009-2015\/wp-content\/uploads\/2012\/02\/arben_cokaj-120x150.jpg","caption":"admin"},"description":"Admin, Fjala e Lir\u00eb","sameAs":["https:\/\/fjala.info\/"],"url":"https:\/\/fjala.info\/2009-2015\/author\/admin\/"}]}},"_links":{"self":[{"href":"https:\/\/fjala.info\/2009-2015\/wp-json\/wp\/v2\/posts\/2250","targetHints":{"allow":["GET"]}}],"collection":[{"href":"https:\/\/fjala.info\/2009-2015\/wp-json\/wp\/v2\/posts"}],"about":[{"href":"https:\/\/fjala.info\/2009-2015\/wp-json\/wp\/v2\/types\/post"}],"author":[{"embeddable":true,"href":"https:\/\/fjala.info\/2009-2015\/wp-json\/wp\/v2\/users\/1"}],"replies":[{"embeddable":true,"href":"https:\/\/fjala.info\/2009-2015\/wp-json\/wp\/v2\/comments?post=2250"}],"version-history":[{"count":0,"href":"https:\/\/fjala.info\/2009-2015\/wp-json\/wp\/v2\/posts\/2250\/revisions"}],"wp:attachment":[{"href":"https:\/\/fjala.info\/2009-2015\/wp-json\/wp\/v2\/media?parent=2250"}],"wp:term":[{"taxonomy":"category","embeddable":true,"href":"https:\/\/fjala.info\/2009-2015\/wp-json\/wp\/v2\/categories?post=2250"},{"taxonomy":"post_tag","embeddable":true,"href":"https:\/\/fjala.info\/2009-2015\/wp-json\/wp\/v2\/tags?post=2250"}],"curies":[{"name":"wp","href":"https:\/\/api.w.org\/{rel}","templated":true}]}}