{"id":2249,"date":"2012-03-24T23:42:19","date_gmt":"2012-03-24T22:42:19","guid":{"rendered":"http:\/\/fjala.shkoder.net\/?p=2249"},"modified":"2012-03-24T23:42:19","modified_gmt":"2012-03-24T22:42:19","slug":"ne-evrope-nuk-hyhet-me-gymysh-dhe-ezel","status":"publish","type":"post","link":"https:\/\/fjala.info\/2009-2015\/ne-evrope-nuk-hyhet-me-gymysh-dhe-ezel\/","title":{"rendered":"N\u00eb Evrop\u00eb nuk hyhet me Gymysh dhe Ezel"},"content":{"rendered":"<p><strong>Elvin Luku<\/strong><\/p>\n<p>Nj\u00eb k\u00ebpuce e grisur, e hedhur pran\u00eb nj\u00eb kazani plehrash aty n\u00eb cepin e lagjes, kut\u00ebrbon er\u00eb. Instiktivisht, i largohen t\u00eb gjith\u00eb kalimtar\u00ebt. Madje, disa prej tyre, teksa kalojn\u00eb atje, devijojn\u00eb disi nga trotuari, dhe, nxitimthi, l\u00ebvizin matan\u00eb rrug\u00ebs\u2026 T\u00eb nj\u00ebjt\u00ebn k\u00ebpuc\u00eb rreckamane, ashtu, pa lar\u00eb (p\u00ebr t\u00eb ngjar\u00eb sa m\u00eb origjinale), e vendosim brenda nj\u00eb kutie xhami n\u00eb nj\u00eb muze, me mbishkrimin: \u201cK\u00ebpuca e Van Gogh\u201d. Kur, \u00e7\u2019t\u00eb shohim?! Radh\u00eb t\u00eb gjata njer\u00ebzish, me syt\u00eb kat\u00ebr, shohin me admirim k\u00ebt\u00eb objekt t\u00eb \u00e7muar. T\u00eb gjith\u00eb, pa p\u00ebrjashtim, edhe ata q\u00eb e \u201cnjohin\u201d artin, rrin\u00eb t\u00eb p\u00ebrhumbur nga \u201cmadh\u00ebshtia\u201d, ose, ndoshta, nga era e saj origjinale; mahniten, e nuk u besojn\u00eb syve.\u201d \u2013 Snobizmi nuk ka brir\u00eb. S\u00eb fundmi, n\u00eb vendin ton\u00eb, sikund\u00ebr ndodh r\u00ebndom edhe jasht\u00eb, d\u00ebgjojm\u00eb shpesh t\u00eb flitet p\u00ebr libra \u201cbestseller\u201d, telenovela \u201cbestseller\u201d, spektakle e reality sho\u00eb \u201cbestseller\u201d etj., dhe, suksesi i korrur nga shitja e k\u00ebtyre librave, apo, edhe nga shikueshm\u00ebria e lart\u00eb, trumbetohet me t\u00eb madhe nga autor\u00ebt, botuesit e drejtuesit e k\u00ebtyre emisioneve.<\/p>\n<p>\u201c\u00cbsht\u00eb bestseller\u201d, \u2013 thot\u00eb me vet\u00ebk\u00ebnaq\u00ebsi botuesja, q\u00eb e p\u00ebrdor k\u00ebt\u00eb etiketim, si argument, p\u00ebr t\u00eb p\u00ebrshkruar cil\u00ebsin\u00eb e librit. Ajo vazhdon vler\u00ebsimin me komplimente e lavde, e bindur verb\u00ebrisht n\u00eb reklamimin e saj, m\u00eb shum\u00eb sesa n\u00eb vlerat e botimit, q\u00eb ajo dhe biznesi promovon dhe tregton. N\u00eb \u00e7astin kur bashk\u00ebbiseduesi argumenton t\u00eb kund\u00ebrt\u00ebn, n\u00eb analiz\u00ebn q\u00eb i b\u00ebn librit, botuesja thot\u00eb: \u201cKy \u00ebsht\u00eb nj\u00eb \u201cbestseller\u201d, dhe, lexuesi e di m\u00eb mir\u00eb se \u00e7far\u00eb \u00ebsht\u00eb let\u00ebrsia e v\u00ebrtet\u00eb.\u201d Ajo vazhdon m\u00eb tej kur thot\u00eb se, ky botim lexohet me nj\u00eb frym\u00eb. Madje, i ndan bestsellerat sipas stin\u00ebs, i kategorizon ata n\u00eb libra p\u00ebr konsum masiv dhe rekomandon edhe vendin ku ky lib\u00ebr duhet lexuar: n\u00eb plazh, n\u00eb stolat e parkut, n\u00eb krevat, n\u00eb kuzhin\u00eb, n\u00eb banj\u00eb.<\/p>\n<p>N\u00eb fakt, a tregon, domosdoshm\u00ebrisht cil\u00ebsi, shitja, dometh\u00ebn\u00eb sasia? A \u00ebsht\u00eb, dhe, a duhet t\u00eb jet\u00eb numri i bler\u00ebsve q\u00eb p\u00ebrcakton vlerat artistike? \u00c7\u2019\u00ebsht\u00eb nj\u00eb lib\u00ebr p\u00ebr konsum masiv? \u00c7far\u00eb po konsumon? E para q\u00eb t\u00eb vjen n\u00eb m\u00ebnd \u00ebsht\u00eb domatja. Po ka edhe sallat\u00eb, kastraveca, qep\u00eb, buk\u00eb, djath\u00eb, gjalp, vaj, gjiz\u00eb, fasule\u2026, Ndoshta, moll\u00eb, portokall, mandarin\u00eb, nganj\u00ebher\u00eb, banane\u2026, Mund t\u00eb konsumojm\u00eb edhe mezerira apo \u201cfast food\u201d.<\/p>\n<p>Sot, nuk \u00ebsht\u00eb n\u00eb \u201cmod\u00eb\u201d cil\u00ebsia e librit, por promovimi. Tek \u201cbos\u00ebt\u201d ven\u00eb p\u00ebr promovim dhjet\u00ebra e qindra personalitete dhe shtrohen darka e bankete; ven\u00eb shok\u00eb e miq. Kurse tek \u201cfukarenjt\u00eb\u201d, sido q\u00eb emra t\u00eb m\u00ebdhenj, e t\u00eb nderuar, \u201cnuk na vin\u00eb as miqt\u00eb!\u201d, \u2013 na tha nj\u00eb nga botuesit tan\u00eb serioz\u00eb, q\u00eb i injoron bestsellerat.<\/p>\n<p>Shitjen e orienton publiciteti, media, e, ndoshta, edhe kritika e pavarur, d.m.th, miq\u00ebsore\u2026 Kaq. Lexuesi shkon drejt atij botimi, p\u00ebr t\u00eb cilin b\u00ebhet m\u00eb shum\u00eb zhurm\u00eb. Dhe, shpeshher\u00eb, zhurma b\u00ebhet p\u00ebr ata libra ku fitohen m\u00eb shum\u00eb para. Po k\u00ebshtu ndodh edhe me televizionet bestseller, si \u201cBBF\u201d, e \u201cTirana TV\u201d etj; ku promovohen e marrin \u201cfame\u201d k\u00ebng\u00eb t\u00eb tilla, si \u201cAlo, alo, ambulanca\/ Zemra ime \u00ebsht\u00eb s\u00ebmur\u00eb\/ Po ta dija, po ta dija\/ S\u2019do ta dashuroja kurr\u00eb\u2026\u201d; programi bestseller \u201cBig Brother\u201d, ku, k\u00ebto dit\u00eb, nj\u00eb prej prind\u00ebrve deklaronte n\u00eb shtyp se ishte \u201ctip evropian dhe se nuk e kishte problem q\u00eb vajza t\u00eb b\u00ebnte seks n\u00eb ekran\u201d. Ai thoshte se mjaftonte q\u00eb vajza e tij t\u00eb ishte e lumtur\u2026 T\u00eb jet\u00eb kjo, vall\u00eb, lumturia e prind\u00ebrore?! E nj\u00ebjta \u201chistori\u201d ndodh me telenovelat bestseller, si \u201cGymysh\u201d, \u201cMenekshe dhe Halili\u201d, \u201cSulejmani i Madh\u00ebrish\u00ebm\u201d, \u201cTereza\u201d, apo dhe i famshmi \u201cEzel\u201d.<\/p>\n<p>T\u00ebr\u00eb graria p\u00ebrpiqet t\u00eb gjej\u00eb ngush\u00ebllim p\u00ebr fatin e tyre. Aq t\u00eb p\u00ebrqendruara jan\u00eb n\u00eb ndjekjen e serive, saq\u00eb, n\u00eb at\u00eb orar, nuk d\u00ebgjohet asgj\u00eb n\u00eb sht\u00ebpi. Porositen t\u00eb gjith\u00eb familjar\u00ebt t\u00eb heshtin, dhe shpesh, nga p\u00ebrqendrimi i madh, si\u00e7 thuhet i zgjon, p\u00ebrkoh\u00ebsisht, era e djegur e gjell\u00ebs\u2026Madje, p\u00ebr tu siguruar, ndonj\u00eb TV, gazet\u00eb apo revist\u00eb bestseller, t\u00eb nes\u00ebrmen, vazhdon publicitetin n\u00ebn okielon \u201cMania Ezel\u201d. E kuptojm\u00eb merakun e botuesve dhe drejtuesve t\u00eb televizioneve p\u00ebr para, por, a duhet luajtur kaq eg\u00ebr n\u00eb kurriz t\u00eb cil\u00ebsis\u00eb dhe edukat\u00ebs qytetare?<\/p>\n<p>Tifozeria p\u00ebr k\u00ebto produkte bestseller, ul dhe degradon shijet e lexuesve dhe shikuesve, ose, th\u00ebn\u00eb shkoqur, shkat\u00ebrron at\u00eb nd\u00ebrtes\u00eb edukuese q\u00eb, me aq mundim, e nd\u00ebrton shkolla e familja. Tashm\u00eb, prind\u00ebrit, p\u00ebrve\u00e7 luft\u00ebs me Facebook-un, me t\u00eb cil\u00ebn f\u00ebmij\u00ebt e tyre merren me or\u00eb t\u00eb t\u00ebra, duhet t\u00eb shkulin ata edhe nga \u201cBig Brotheri\u201d e \u201cEzeli\u201d (Gjithmon\u00eb, b\u00ebhet fjal\u00eb p\u00ebr prind\u00ebr q\u00eb nuk jan\u00eb vet\u00eb fansa t\u00eb tyre). Sigurisht, tregu \u00ebsht\u00eb treg dhe shet \u00e7do mall. Si\u00e7 \u00ebsht\u00eb v\u00ebn\u00eb n\u00eb dukje nga studiues e shkrimtar\u00eb t\u00eb njohur, \u00ebsht\u00eb detyr\u00eb e shtetit, e Ministris\u00eb s\u00eb Kultur\u00ebs, po edhe e botuesve apo drejtuesve t\u00eb emisioneve q\u00eb t\u00eb ndihen pak m\u00eb shum\u00eb \u201cpatriot\u00eb\u201d, qytetar\u00eb dhe evropian\u00eb. Tek e fundit, m\u00eb shum\u00eb prind\u00ebr\u2026 N\u00eb Evrop\u00eb, nuk hyhet as me Daniel Steele, as me \u201cEzelin\u201d, as me BBF, as me \u201cBig Brother\u201d e as me t\u00eb vet\u00ebshpallurit shkrimtar\u00eb e historian\u00eb.<\/p>\n","protected":false},"excerpt":{"rendered":"<p>Elvin Luku Nj\u00eb k\u00ebpuce e grisur, e hedhur pran\u00eb nj\u00eb kazani plehrash aty n\u00eb cepin e lagjes, kut\u00ebrbon er\u00eb. Instiktivisht, i largohen t\u00eb gjith\u00eb kalimtar\u00ebt. Madje, disa prej tyre, teksa kalojn\u00eb atje, devijojn\u00eb disi nga trotuari, dhe, nxitimthi, l\u00ebvizin matan\u00eb rrug\u00ebs\u2026 T\u00eb nj\u00ebjt\u00ebn k\u00ebpuc\u00eb rreckamane, ashtu, pa lar\u00eb (p\u00ebr t\u00eb ngjar\u00eb sa m\u00eb origjinale), e [&hellip;]<\/p>\n","protected":false},"author":1,"featured_media":0,"comment_status":"open","ping_status":"closed","sticky":false,"template":"","format":"standard","meta":{"footnotes":""},"categories":[2],"tags":[],"class_list":{"0":"post-2249","1":"post","2":"type-post","3":"status-publish","4":"format-standard","6":"category-artikuj"},"yoast_head":"<!-- This site is optimized with the Yoast SEO plugin v27.4 - https:\/\/yoast.com\/product\/yoast-seo-wordpress\/ -->\n<title>N\u00eb Evrop\u00eb nuk hyhet me Gymysh dhe Ezel - FjALA e LIR\u00cb - Arkivi<\/title>\n<meta name=\"robots\" content=\"index, follow, max-snippet:-1, max-image-preview:large, max-video-preview:-1\" \/>\n<link rel=\"canonical\" href=\"https:\/\/fjala.info\/2009-2015\/ne-evrope-nuk-hyhet-me-gymysh-dhe-ezel\/\" \/>\n<meta property=\"og:locale\" content=\"sq_AL\" \/>\n<meta property=\"og:type\" content=\"article\" \/>\n<meta property=\"og:title\" content=\"N\u00eb Evrop\u00eb nuk hyhet me Gymysh dhe Ezel - FjALA e LIR\u00cb - Arkivi\" \/>\n<meta property=\"og:description\" content=\"Elvin Luku Nj\u00eb k\u00ebpuce e grisur, e hedhur pran\u00eb nj\u00eb kazani plehrash aty n\u00eb cepin e lagjes, kut\u00ebrbon er\u00eb. Instiktivisht, i largohen t\u00eb gjith\u00eb kalimtar\u00ebt. Madje, disa prej tyre, teksa kalojn\u00eb atje, devijojn\u00eb disi nga trotuari, dhe, nxitimthi, l\u00ebvizin matan\u00eb rrug\u00ebs\u2026 T\u00eb nj\u00ebjt\u00ebn k\u00ebpuc\u00eb rreckamane, ashtu, pa lar\u00eb (p\u00ebr t\u00eb ngjar\u00eb sa m\u00eb origjinale), e [&hellip;]\" \/>\n<meta property=\"og:url\" content=\"https:\/\/fjala.info\/2009-2015\/ne-evrope-nuk-hyhet-me-gymysh-dhe-ezel\/\" \/>\n<meta property=\"og:site_name\" content=\"FjALA e LIR\u00cb - Arkivi\" \/>\n<meta property=\"article:published_time\" content=\"2012-03-24T22:42:19+00:00\" \/>\n<meta name=\"author\" content=\"admin\" \/>\n<meta name=\"twitter:card\" content=\"summary_large_image\" \/>\n<meta name=\"twitter:label1\" content=\"Written by\" \/>\n\t<meta name=\"twitter:data1\" content=\"admin\" \/>\n\t<meta name=\"twitter:label2\" content=\"Est. reading time\" \/>\n\t<meta name=\"twitter:data2\" content=\"5 minutes\" \/>\n<script type=\"application\/ld+json\" class=\"yoast-schema-graph\">{\"@context\":\"https:\\\/\\\/schema.org\",\"@graph\":[{\"@type\":\"Article\",\"@id\":\"https:\\\/\\\/fjala.info\\\/2009-2015\\\/ne-evrope-nuk-hyhet-me-gymysh-dhe-ezel\\\/#article\",\"isPartOf\":{\"@id\":\"https:\\\/\\\/fjala.info\\\/2009-2015\\\/ne-evrope-nuk-hyhet-me-gymysh-dhe-ezel\\\/\"},\"author\":{\"name\":\"admin\",\"@id\":\"https:\\\/\\\/fjala.info\\\/2009-2015\\\/#\\\/schema\\\/person\\\/3aa1163ef05469c496fc94e77611ada2\"},\"headline\":\"N\u00eb Evrop\u00eb nuk hyhet me Gymysh dhe Ezel\",\"datePublished\":\"2012-03-24T22:42:19+00:00\",\"mainEntityOfPage\":{\"@id\":\"https:\\\/\\\/fjala.info\\\/2009-2015\\\/ne-evrope-nuk-hyhet-me-gymysh-dhe-ezel\\\/\"},\"wordCount\":924,\"commentCount\":0,\"publisher\":{\"@id\":\"https:\\\/\\\/fjala.info\\\/2009-2015\\\/#organization\"},\"articleSection\":[\"Artikuj\"],\"inLanguage\":\"sq-AL\",\"potentialAction\":[{\"@type\":\"CommentAction\",\"name\":\"Comment\",\"target\":[\"https:\\\/\\\/fjala.info\\\/2009-2015\\\/ne-evrope-nuk-hyhet-me-gymysh-dhe-ezel\\\/#respond\"]}]},{\"@type\":\"WebPage\",\"@id\":\"https:\\\/\\\/fjala.info\\\/2009-2015\\\/ne-evrope-nuk-hyhet-me-gymysh-dhe-ezel\\\/\",\"url\":\"https:\\\/\\\/fjala.info\\\/2009-2015\\\/ne-evrope-nuk-hyhet-me-gymysh-dhe-ezel\\\/\",\"name\":\"N\u00eb Evrop\u00eb nuk hyhet me Gymysh dhe Ezel - FjALA e LIR\u00cb - Arkivi\",\"isPartOf\":{\"@id\":\"https:\\\/\\\/fjala.info\\\/2009-2015\\\/#website\"},\"datePublished\":\"2012-03-24T22:42:19+00:00\",\"breadcrumb\":{\"@id\":\"https:\\\/\\\/fjala.info\\\/2009-2015\\\/ne-evrope-nuk-hyhet-me-gymysh-dhe-ezel\\\/#breadcrumb\"},\"inLanguage\":\"sq-AL\",\"potentialAction\":[{\"@type\":\"ReadAction\",\"target\":[\"https:\\\/\\\/fjala.info\\\/2009-2015\\\/ne-evrope-nuk-hyhet-me-gymysh-dhe-ezel\\\/\"]}]},{\"@type\":\"BreadcrumbList\",\"@id\":\"https:\\\/\\\/fjala.info\\\/2009-2015\\\/ne-evrope-nuk-hyhet-me-gymysh-dhe-ezel\\\/#breadcrumb\",\"itemListElement\":[{\"@type\":\"ListItem\",\"position\":1,\"name\":\"Home\",\"item\":\"https:\\\/\\\/fjala.info\\\/2009-2015\\\/\"},{\"@type\":\"ListItem\",\"position\":2,\"name\":\"N\u00eb Evrop\u00eb nuk hyhet me Gymysh dhe Ezel\"}]},{\"@type\":\"WebSite\",\"@id\":\"https:\\\/\\\/fjala.info\\\/2009-2015\\\/#website\",\"url\":\"https:\\\/\\\/fjala.info\\\/2009-2015\\\/\",\"name\":\"FjALA e LIR\u00cb - Arkivi\",\"description\":\"Arkivi 2009-2015\",\"publisher\":{\"@id\":\"https:\\\/\\\/fjala.info\\\/2009-2015\\\/#organization\"},\"potentialAction\":[{\"@type\":\"SearchAction\",\"target\":{\"@type\":\"EntryPoint\",\"urlTemplate\":\"https:\\\/\\\/fjala.info\\\/2009-2015\\\/?s={search_term_string}\"},\"query-input\":{\"@type\":\"PropertyValueSpecification\",\"valueRequired\":true,\"valueName\":\"search_term_string\"}}],\"inLanguage\":\"sq-AL\"},{\"@type\":\"Organization\",\"@id\":\"https:\\\/\\\/fjala.info\\\/2009-2015\\\/#organization\",\"name\":\"FjALA e LIR\u00cb - Arkivi\",\"url\":\"https:\\\/\\\/fjala.info\\\/2009-2015\\\/\",\"logo\":{\"@type\":\"ImageObject\",\"inLanguage\":\"sq-AL\",\"@id\":\"https:\\\/\\\/fjala.info\\\/2009-2015\\\/#\\\/schema\\\/logo\\\/image\\\/\",\"url\":\"\",\"contentUrl\":\"\",\"caption\":\"FjALA e LIR\u00cb - Arkivi\"},\"image\":{\"@id\":\"https:\\\/\\\/fjala.info\\\/2009-2015\\\/#\\\/schema\\\/logo\\\/image\\\/\"}},{\"@type\":\"Person\",\"@id\":\"https:\\\/\\\/fjala.info\\\/2009-2015\\\/#\\\/schema\\\/person\\\/3aa1163ef05469c496fc94e77611ada2\",\"name\":\"admin\",\"image\":{\"@type\":\"ImageObject\",\"inLanguage\":\"sq-AL\",\"@id\":\"https:\\\/\\\/fjala.info\\\/2009-2015\\\/wp-content\\\/uploads\\\/2012\\\/02\\\/arben_cokaj-120x150.jpg\",\"url\":\"https:\\\/\\\/fjala.info\\\/2009-2015\\\/wp-content\\\/uploads\\\/2012\\\/02\\\/arben_cokaj-120x150.jpg\",\"contentUrl\":\"https:\\\/\\\/fjala.info\\\/2009-2015\\\/wp-content\\\/uploads\\\/2012\\\/02\\\/arben_cokaj-120x150.jpg\",\"caption\":\"admin\"},\"description\":\"Admin, Fjala e Lir\u00eb\",\"sameAs\":[\"https:\\\/\\\/fjala.info\\\/\"],\"url\":\"https:\\\/\\\/fjala.info\\\/2009-2015\\\/author\\\/admin\\\/\"}]}<\/script>\n<!-- \/ Yoast SEO plugin. -->","yoast_head_json":{"title":"N\u00eb Evrop\u00eb nuk hyhet me Gymysh dhe Ezel - FjALA e LIR\u00cb - Arkivi","robots":{"index":"index","follow":"follow","max-snippet":"max-snippet:-1","max-image-preview":"max-image-preview:large","max-video-preview":"max-video-preview:-1"},"canonical":"https:\/\/fjala.info\/2009-2015\/ne-evrope-nuk-hyhet-me-gymysh-dhe-ezel\/","og_locale":"sq_AL","og_type":"article","og_title":"N\u00eb Evrop\u00eb nuk hyhet me Gymysh dhe Ezel - FjALA e LIR\u00cb - Arkivi","og_description":"Elvin Luku Nj\u00eb k\u00ebpuce e grisur, e hedhur pran\u00eb nj\u00eb kazani plehrash aty n\u00eb cepin e lagjes, kut\u00ebrbon er\u00eb. Instiktivisht, i largohen t\u00eb gjith\u00eb kalimtar\u00ebt. Madje, disa prej tyre, teksa kalojn\u00eb atje, devijojn\u00eb disi nga trotuari, dhe, nxitimthi, l\u00ebvizin matan\u00eb rrug\u00ebs\u2026 T\u00eb nj\u00ebjt\u00ebn k\u00ebpuc\u00eb rreckamane, ashtu, pa lar\u00eb (p\u00ebr t\u00eb ngjar\u00eb sa m\u00eb origjinale), e [&hellip;]","og_url":"https:\/\/fjala.info\/2009-2015\/ne-evrope-nuk-hyhet-me-gymysh-dhe-ezel\/","og_site_name":"FjALA e LIR\u00cb - Arkivi","article_published_time":"2012-03-24T22:42:19+00:00","author":"admin","twitter_card":"summary_large_image","twitter_misc":{"Written by":"admin","Est. reading time":"5 minutes"},"schema":{"@context":"https:\/\/schema.org","@graph":[{"@type":"Article","@id":"https:\/\/fjala.info\/2009-2015\/ne-evrope-nuk-hyhet-me-gymysh-dhe-ezel\/#article","isPartOf":{"@id":"https:\/\/fjala.info\/2009-2015\/ne-evrope-nuk-hyhet-me-gymysh-dhe-ezel\/"},"author":{"name":"admin","@id":"https:\/\/fjala.info\/2009-2015\/#\/schema\/person\/3aa1163ef05469c496fc94e77611ada2"},"headline":"N\u00eb Evrop\u00eb nuk hyhet me Gymysh dhe Ezel","datePublished":"2012-03-24T22:42:19+00:00","mainEntityOfPage":{"@id":"https:\/\/fjala.info\/2009-2015\/ne-evrope-nuk-hyhet-me-gymysh-dhe-ezel\/"},"wordCount":924,"commentCount":0,"publisher":{"@id":"https:\/\/fjala.info\/2009-2015\/#organization"},"articleSection":["Artikuj"],"inLanguage":"sq-AL","potentialAction":[{"@type":"CommentAction","name":"Comment","target":["https:\/\/fjala.info\/2009-2015\/ne-evrope-nuk-hyhet-me-gymysh-dhe-ezel\/#respond"]}]},{"@type":"WebPage","@id":"https:\/\/fjala.info\/2009-2015\/ne-evrope-nuk-hyhet-me-gymysh-dhe-ezel\/","url":"https:\/\/fjala.info\/2009-2015\/ne-evrope-nuk-hyhet-me-gymysh-dhe-ezel\/","name":"N\u00eb Evrop\u00eb nuk hyhet me Gymysh dhe Ezel - FjALA e LIR\u00cb - Arkivi","isPartOf":{"@id":"https:\/\/fjala.info\/2009-2015\/#website"},"datePublished":"2012-03-24T22:42:19+00:00","breadcrumb":{"@id":"https:\/\/fjala.info\/2009-2015\/ne-evrope-nuk-hyhet-me-gymysh-dhe-ezel\/#breadcrumb"},"inLanguage":"sq-AL","potentialAction":[{"@type":"ReadAction","target":["https:\/\/fjala.info\/2009-2015\/ne-evrope-nuk-hyhet-me-gymysh-dhe-ezel\/"]}]},{"@type":"BreadcrumbList","@id":"https:\/\/fjala.info\/2009-2015\/ne-evrope-nuk-hyhet-me-gymysh-dhe-ezel\/#breadcrumb","itemListElement":[{"@type":"ListItem","position":1,"name":"Home","item":"https:\/\/fjala.info\/2009-2015\/"},{"@type":"ListItem","position":2,"name":"N\u00eb Evrop\u00eb nuk hyhet me Gymysh dhe Ezel"}]},{"@type":"WebSite","@id":"https:\/\/fjala.info\/2009-2015\/#website","url":"https:\/\/fjala.info\/2009-2015\/","name":"FjALA e LIR\u00cb - Arkivi","description":"Arkivi 2009-2015","publisher":{"@id":"https:\/\/fjala.info\/2009-2015\/#organization"},"potentialAction":[{"@type":"SearchAction","target":{"@type":"EntryPoint","urlTemplate":"https:\/\/fjala.info\/2009-2015\/?s={search_term_string}"},"query-input":{"@type":"PropertyValueSpecification","valueRequired":true,"valueName":"search_term_string"}}],"inLanguage":"sq-AL"},{"@type":"Organization","@id":"https:\/\/fjala.info\/2009-2015\/#organization","name":"FjALA e LIR\u00cb - Arkivi","url":"https:\/\/fjala.info\/2009-2015\/","logo":{"@type":"ImageObject","inLanguage":"sq-AL","@id":"https:\/\/fjala.info\/2009-2015\/#\/schema\/logo\/image\/","url":"","contentUrl":"","caption":"FjALA e LIR\u00cb - Arkivi"},"image":{"@id":"https:\/\/fjala.info\/2009-2015\/#\/schema\/logo\/image\/"}},{"@type":"Person","@id":"https:\/\/fjala.info\/2009-2015\/#\/schema\/person\/3aa1163ef05469c496fc94e77611ada2","name":"admin","image":{"@type":"ImageObject","inLanguage":"sq-AL","@id":"https:\/\/fjala.info\/2009-2015\/wp-content\/uploads\/2012\/02\/arben_cokaj-120x150.jpg","url":"https:\/\/fjala.info\/2009-2015\/wp-content\/uploads\/2012\/02\/arben_cokaj-120x150.jpg","contentUrl":"https:\/\/fjala.info\/2009-2015\/wp-content\/uploads\/2012\/02\/arben_cokaj-120x150.jpg","caption":"admin"},"description":"Admin, Fjala e Lir\u00eb","sameAs":["https:\/\/fjala.info\/"],"url":"https:\/\/fjala.info\/2009-2015\/author\/admin\/"}]}},"_links":{"self":[{"href":"https:\/\/fjala.info\/2009-2015\/wp-json\/wp\/v2\/posts\/2249","targetHints":{"allow":["GET"]}}],"collection":[{"href":"https:\/\/fjala.info\/2009-2015\/wp-json\/wp\/v2\/posts"}],"about":[{"href":"https:\/\/fjala.info\/2009-2015\/wp-json\/wp\/v2\/types\/post"}],"author":[{"embeddable":true,"href":"https:\/\/fjala.info\/2009-2015\/wp-json\/wp\/v2\/users\/1"}],"replies":[{"embeddable":true,"href":"https:\/\/fjala.info\/2009-2015\/wp-json\/wp\/v2\/comments?post=2249"}],"version-history":[{"count":0,"href":"https:\/\/fjala.info\/2009-2015\/wp-json\/wp\/v2\/posts\/2249\/revisions"}],"wp:attachment":[{"href":"https:\/\/fjala.info\/2009-2015\/wp-json\/wp\/v2\/media?parent=2249"}],"wp:term":[{"taxonomy":"category","embeddable":true,"href":"https:\/\/fjala.info\/2009-2015\/wp-json\/wp\/v2\/categories?post=2249"},{"taxonomy":"post_tag","embeddable":true,"href":"https:\/\/fjala.info\/2009-2015\/wp-json\/wp\/v2\/tags?post=2249"}],"curies":[{"name":"wp","href":"https:\/\/api.w.org\/{rel}","templated":true}]}}