{"id":2242,"date":"2012-03-25T07:21:50","date_gmt":"2012-03-25T06:21:50","guid":{"rendered":"http:\/\/fjala.shkoder.net\/?p=2242"},"modified":"2012-03-25T07:21:50","modified_gmt":"2012-03-25T06:21:50","slug":"kush-dhe-kujt-ia-beri-gropen","status":"publish","type":"post","link":"https:\/\/fjala.info\/2009-2015\/kush-dhe-kujt-ia-beri-gropen\/","title":{"rendered":"Kush dhe kujt ia b\u00ebri grop\u00ebn?"},"content":{"rendered":"<p><img decoding=\"async\" class=\"alignright size-thumbnail wp-image-7236\" title=\"Fjolla Spanca\" src=\"http:\/\/www.shkoder.net\/2012\/fjolla_spanca.jpg\" alt=\"\" width=\"150\" \/><strong>Fjolla Spanca<\/strong><\/p>\n<p><strong>Nj\u00eb qytet q\u00eb e mbyt\u00ebm vet\u00eb<\/strong><\/p>\n<p>Q\u00eb kur mbaj mend veten, mbaj mend dhe zhurm\u00ebn e helikopter\u00ebve. S\u2019\u00ebsht\u00eb \u00e7udi, as e pad\u00ebgjuar. T\u00eb jetosh n\u00eb Mitrovic\u00eb \u00ebsht\u00eb pak a shum\u00eb si t\u00eb jetosh n\u00eb pyll, ku veli i misterit t\u00eb ndjek nga pas. N\u00eb qytet ka m\u00eb shum\u00eb rreth-rrotullime sesa trotuare p\u00ebr k\u00ebmb\u00ebsor\u00eb. Aty njer\u00ebzit shesin fara luledielli, mis\u00ebr e duhan. Nga af\u00ebr ndjen mllefin e barkthat\u00ebve. Sheh pleq q\u00eb i afrohen ur\u00ebs dhe mallkojn\u00eb t\u00eb gjall\u00ebt e t\u00eb vdekurit. Burrat me kollare q\u00eb jan\u00eb drejtor\u00eb drejtorish\/biznesmen\u00eb t\u00eb fuqish\u00ebm parat\u00eb i fitojn\u00eb duke i detyruar t\u00eb tjer\u00ebt t\u00eb b\u00ebjn\u00eb vet\u00ebvrasje. Pra, k\u00ebta jan\u00eb gjith\u00e7ka p\u00ebr mjerimin, dhe asgj\u00eb p\u00ebr njer\u00ebzimin.<\/p>\n<p>N\u00eb Mitrovic\u00eb kur t\u00eb sh\u00ebtis\u00ebsh, do gjesh trupa njer\u00ebzish q\u00eb hidhen nga nd\u00ebrtesat shum\u00ebkat\u00ebshe. Sheh djem t\u00eb rinj q\u00eb luajn\u00eb me thika. Muzgu i mbledh drog\u2019 shit\u00ebsit. Kryhen pazaret. Nat\u00ebn, me episode e b\u00ebn gjumin. Ndodh q\u00eb n\u00eb mes t\u00eb territ futen fqinj\u00ebt e t\u00eb pla\u00e7kitin. Jo q\u00eb nuk e sheh grabit\u00ebsin, por s\u2019arrin ta shoh\u00ebsh as hund\u00ebn t\u00ebnde, meq\u00eb dritat ikin n\u00eb ag\u2019 dhe terri p\u00ebrve\u00e7se i mbyt neuronet e t\u00eb papun\u00ebve, i privilegjon kriminel\u00ebt p\u00ebr t\u00eb maksimizuar fitimin. Pa harruar kapak\u00ebt prej hekuri t\u00eb kanaleve, q\u00eb ikin sa hap e mbyll syt\u00eb. N\u00eb p\u00ebrgjith\u00ebsi, n\u00eb Mitrovic\u00eb (n\u00eb gjith\u00eb Kosov\u00ebn) nuk k\u00ebshillohet t\u00eb ngresh krye, edhe sikur vdes n\u00eb spital se s\u2019ka ila\u00e7e, apo kur mjek\u00ebt t\u00eb thon\u00eb se ke kancer nd\u00ebrkoh\u00eb q\u00eb ti je ftohur pak. Mjek\u00ebt po s\u2019g\u00ebrryen xhepin t\u00ebnd, ta harrosh se ke p\u00ebr t\u2019u sh\u00ebruar.<\/p>\n<p><strong>Si jasht\u00eb shteti<\/strong><\/p>\n<p>N\u00eb Mitrovic\u00eb, m\u00ebrzia m\u00eb e madhe shkaktohet nga pamund\u00ebsia p\u00ebr t\u00eb dalluar nj\u00ebmend\u00ebsisht kufirin n\u00eb mes t\u00eb mundshmes dhe t\u00eb pamundshmes. Se\u00e7 ka nj\u00eb vij\u00eb t\u00eb gjat\u00eb e t\u00eb pasigurt, ku ndahet realja nga irealja. E vetmja ndarje q\u00eb mund t\u00eb shihet qart\u00eb \u00ebsht\u00eb ura. N\u00eb qytet, aty \u2013 k\u00ebtu, ke edhe ca kafe \u2013 bare ku t\u00eb rinjt\u00eb kalojn\u00eb gjith\u00eb dit\u00ebn duke rrotulluar lug\u00ebn kineze prej plastike (kancerogjene) p\u00ebr nja tre o kat\u00ebr or\u00eb. Jan\u00eb kthyer n\u00eb skeptik\u00eb sepse vet\u00ebm k\u00ebshtu mposhtin iden\u00eb ironike, q\u00eb u fal ndjesin\u00eb e vet\u00ebdijes p\u00ebr realitetin e shpifur q\u00eb po e jetojn\u00eb. Mllefi i padrejt\u00ebsive s\u2019ka kandar. Tjetri, si do q\u00eb t\u00eb jet\u00eb, kthehet n\u00eb armik. Sepse \u00ebsht\u00eb ai q\u00eb mund t\u00eb ta z\u00ebr\u00eb karrigen n\u00eb kafe-bar, mund t\u00eb t\u00eb fitoj\u00eb loj\u00ebn kur luani n\u00eb \u00e7ajtore ose ta ndalon t\u00eb futesh n\u00eb shkoll\u00eb, ngase ti mban shami n\u00eb kok\u00eb. Jemi shtet demokratik de. Nd\u00ebrkomb\u00ebtar\u00ebt pa asnj\u00eb lidhje me bot\u00ebn e realitetin (por ama mbesin nd\u00ebrkomb\u00ebtar\u00eb) vijn\u00eb, e shesin mend. Na m\u00ebsojn\u00eb se si duhet t\u00eb krijojm\u00eb \u201cura bashk\u00ebpunimi\u201d me fqinj\u00ebt.<\/p>\n<p>G\u00eblojn\u00eb lloj \u2013 lloj diskutimesh, e gajasin p\u00ebr do projekte. Iu tregojn\u00eb f\u00ebmij\u00ebve se \u00e7ka \u00ebsht\u00eb HIV-i, sa lloj drogash kemi dhe si konsumohen, pse duhet t\u2019i urrejm\u00eb burrat, dhe sa t\u00eb pacivilizuar kemi qen\u00eb deri sa nuk erdh\u00ebn k\u00ebta \u201cshp\u00ebtimtar\u00ebt\u201d p\u00ebr t\u00eb na modernizuar. Pra, ne b\u00ebhemi per\u00ebndimor\u00eb duke krijuar organizata joqeveritare \u2013 NGO-r\u00ebra. Gjith\u00eb k\u00ebto organizata p\u00ebrve\u00e7 fondeve t\u00eb majme q\u00eb marrin kinse p\u00ebr t\u00eb emancipuar rinin\u00eb, n\u00eb drit\u00eb zor se qesin di\u00e7ka. Sot rinia s\u2019flet m\u00eb p\u00ebr shpres\u00ebn apo shkoll\u00ebn. Shpresa \u00ebsht\u00eb ndrydhur prej kolltuk\u00ebve t\u00eb dala mode e boje, q\u00eb burokrat\u00ebt i kan\u00eb privatizuar. E shkolla ka ve\u00e7 mure t\u00eb akullta, ku \u00e7ohet dashuri mes dashnor\u00ebve (nx\u00ebn\u00ebsve) t\u00eb rinj, dhe larg t\u00eb qoft\u00eb zhvillimi i m\u00ebsimit aty, sa t\u00eb jen\u00eb gjall\u00eb partit\u00eb politike q\u00eb fusin hund\u00ebt edhe n\u00ebp\u00ebr m\u00ebsonj\u00ebtore.<\/p>\n<p><strong>Barrikadat<\/strong><\/p>\n<p>Shum\u00ebkush, q\u00eb nuk e ka par\u00eb Mitrovic\u00ebn n\u00eb ver\u00eb kur viheshin barrikadat dhe t\u00eb shurdhonin t\u00eb sht\u00ebnat e arm\u00ebve, m\u00eb ka th\u00ebn\u00eb se problemi i veriut \u00ebsht\u00eb i thjesht\u00eb, dhe mund t\u00eb zgjidhet brenda dy or\u00ebsh. (N\u00eb fakt, as n\u00eb Google Maps nuk e gjen Kosov\u00ebn brenda dy or\u00ebsh, e l\u00ebre m\u00eb ta bashkosh Mitrovic\u00ebn, po nejse). K\u00ebta pseudopatriot\u00eb fishk\u00ebllejn\u00eb pa u ndal\u00eb, se s\u2019ia kan\u00eb iden\u00eb ndryshimit revolucionar, as vuajtjes s\u00eb heshtur t\u00eb qytetar\u00ebve. P\u00ebr Mitrovic\u00ebn p\u00ebrher\u00eb ka qen\u00eb e pamundur t\u00eb shkruash e t\u00eb mos e p\u00ebrmend\u00ebsh pavar\u00ebsin\u00eb gjysmake t\u00eb Kosov\u00ebs. P\u00ebrdit\u00eb turp\u00ebrohem kur n\u00eb mend m\u00eb kalojn\u00eb kujtimet e luft\u00ebs, amaneti i t\u00eb r\u00ebn\u00ebve e gjaku i d\u00ebshmor\u00ebve.<\/p>\n<p>Pavar\u00ebsia e shkurtit s\u2019ishte ajo p\u00ebr t\u00eb cil\u00ebn vdiq\u00ebn mij\u00ebra shpirtra! (P\u00ebr sa koh\u00eb i kthejm\u00eb n\u00eb num\u00ebr t\u00eb vdekurit, ata barazohen me zero, me hi\u00e7). E sot, ata q\u00eb hiqen si p\u00ebrfaq\u00ebsues populli s\u2019jan\u00eb asgj\u00eb m\u00eb shum\u00eb se servil\u00eb t\u00eb pushtetit. M\u00eb zihet fryma kur kujtoj ver\u00ebn dhe politikan\u00ebt, politikolog\u00ebt, filozof\u00ebt e psikopat\u00ebt q\u00eb ofronin gjithfar\u00eb lloj \u201calternativash, mendimesh, opinionesh\u201d p\u00ebr problemin e veriut, nd\u00ebrkoh\u00eb q\u00eb qytetar\u00ebt matan\u00eb ur\u00ebs, s\u2019kishin buk\u00eb p\u00ebr t\u00eb ngr\u00ebn\u00eb. Ky \u00ebsht\u00eb nj\u00eb nga ato momentet kur ti kupton se p\u00ebrve\u00e7 tender\u00ebve, korrupsionit dhe kriminalitetit, ne s\u2019dim\u00eb t\u00eb b\u00ebjm\u00eb asnj\u00eb gj\u00eb tjet\u00ebr. Aso kohe cic\u00ebronin t\u00eb gjitha partit\u00eb n\u00eb Kuvend. N\u00eb krahasim me kryene\u00e7\u00ebsin\u00eb ultra-nacionaliste serbe, vallja pseudo-patriotike e qeveris\u00eb ishte e destinuar p\u00ebr t\u00eb d\u00ebshtuar.<\/p>\n<p>Reciprociteti sa p\u00ebr sy e faqe e nxori popullin n\u00eb rrug\u00eb. Filluan protestat. Nd\u00ebrkoh\u00eb q\u00eb policia rrihte protestuesit n\u00eb Merdare e te Dheu i Bardh\u00eb, n\u00eb veri t\u00eb Kosov\u00ebs serb\u00ebt b\u00ebnin p\u00ebrgatitjet p\u00ebr referendum. Dhuna e policis\u00eb pasqyroi karakterin e shtetit t\u00eb Kosov\u00ebs \u2013 atij shteti q\u00eb shpejt u shnd\u00ebrrua n\u00eb nj\u00eb gj\u00eb t\u00eb pavlefshme.<\/p>\n<p><strong>NE si popull i fjetur dhe JU si diktator\u00eb p\u00ebrball\u00eb Fusnot\u00ebs<\/strong> *<\/p>\n<p>Nj\u00eb dit\u00eb t\u00eb bukur, kur qeveria e dor\u00ebzoi Republik\u00ebn n\u00eb k\u00ebmbim t\u00eb fusnot\u00ebs * (t\u00eb kurrgj\u00ebs\u00eb), u \u00e7udita se si na mbajti toka. Uvertura e zhb\u00ebrjes ose \u201cprogresit\u201d shtet\u00ebror ishte qershia mbi tort\u00eb, p\u00ebr t\u00eb cil\u00ebn dinim di\u00e7ka t\u00eb gjith\u00eb, dhe s\u2019kishte ide t\u00eb qart\u00eb askush. Shija e hidhur e dokrrave t\u00eb pavar\u00ebsis\u00eb na la t\u00eb kuptojm\u00eb se akoma jetojm\u00eb n\u00eb t\u00eb kaluar\u00ebn. Jemi krejt t\u00eb par\u00ebnd\u00ebsish\u00ebm. Padituria dhe paaft\u00ebsia historikisht na kan\u00eb pamund\u00ebsuar parashikimin e t\u00eb ardhmes ton\u00eb. K\u00ebto dit\u00eb t\u00eb err\u00ebta, m\u00eb shum\u00eb se kurr\u00eb i kemi tregu bot\u00ebs sa t\u00eb vegj\u00ebl jemi. Jetojm\u00eb n\u00eb koh\u00ebrat moderne ku komandant\u00ebt e luft\u00ebs jan\u00eb shit\u00ebsit e atdheut dhe ne mjaftohemi me bro\u00e7kullat duke e mashtruar veten se ka edhe m\u00eb keq se kaq.<\/p>\n<p>Sa pak vler\u00eb paska shteti! Ne, jo q\u00eb s\u2019mb\u00ebrrijm\u00eb m\u00eb i pat\u00eb n\u00ebn kontroll kufijt\u00eb, po s\u2019i njohim as rrug\u00ebt n\u00ebp\u00ebr t\u00eb cilat futemi. Ndaj dhe k\u00ebshillat e \u201cmiqve tan\u00eb nd\u00ebrkomb\u00ebtar\u00eb\u201d i marrim shabllon, si t\u00eb mir\u00ebqena. Fusnota, si fjoll\u00eb e bor\u00ebs q\u00eb shkrihet n\u00eb pranver\u00eb, ka shum\u00eb mund\u00ebsi t\u00eb ngrihet p\u00ebrjet\u00ebsisht, o t\u00eb dashur lider\u00eb cinik\u00eb. Ju, \u201canti-evropian\u00eb\u201d q\u00eb l\u00ebshoni pe p\u00ebr \u00e7do teke t\u00eb Serbis\u00eb, \u201cmikut\u201d t\u00eb Evrop\u00ebs. Ju q\u00eb p\u00ebr \u00e7do l\u00ebvizje k\u00ebrkoni viz\u00eb. Ju q\u00eb i keni frik\u00ebn edhe hijes tuaj. Ju, q\u00eb me dy duart e kthyet, e zhb\u00ebt\u00eb \u00ebndrr\u00ebn e vonuar t\u00eb atyre q\u00eb s\u2019jan\u00eb dhe atyre q\u00eb po vijn\u00eb, e s\u2019kan\u00eb ku t\u00eb shkojn\u00eb.<\/p>\n<p>Zhizheku, n\u00eb esen\u00eb e tij p\u00ebr \u201cRefuzimin e shantazheve t\u00eb dyfishta t\u00eb nd\u00ebrhyrjes s\u00eb NATO-s n\u00eb Kosov\u00eb\u201d, v\u00eb n\u00eb pah fundamentalizmin etnik t\u00eb regjimit profashist serb. Slavoj Zhizheku shkruan p\u00ebr paradoksin e thell\u00eb t\u00eb p\u00ebrfshir\u00eb mbi ideologjin\u00eb e viktimizimit ku aspekti kryesor ishte privilegji q\u00eb NATO-ja i b\u00ebri fraksionit t\u00eb \u201cmoderuar\u201d kosovar t\u00eb Ibrahim Rugov\u00ebs kund\u00ebr \u201cradikal\u00ebve\u201d t\u00eb Ushtris\u00eb \u00c7lirimtare t\u00eb Kosov\u00ebs. K\u00ebshtu q\u00eb, kur NATO-ja nd\u00ebrhyri p\u00ebr t\u2019i mbrojtur viktimat kosovare, morri gjith\u00eb sigurin\u00eb e nevojshme q\u00eb ATA DO MBETESHIN VIKTIMA t\u00eb paafta p\u00ebr ta mbrojtur vetveten, dhe jo nj\u00eb forc\u00eb aktive politiko-ushtarake. Madje Zhizheku shkruante se edhe n\u00ebse NATO okupon Kosov\u00ebn, ajo do t\u00eb mbetet nj\u00eb vend i shkat\u00ebrruar, me popullin e vet t\u00eb viktimizuar, dhe aspak subjekt i fuqish\u00ebm politik.<\/p>\n<p>Tashm\u00eb ka kaluar m\u00eb shum\u00eb se nj\u00eb dekad\u00eb nga mbarimi i luft\u00ebs, dhe pothuajse kat\u00ebr vite q\u00eb nga shpallja e pavar\u00ebsis\u00eb s\u00eb Kosov\u00ebs e cila vazhdon t\u00eb jet\u00eb e pakonsoliduar jo vet\u00ebm p\u00ebr problemet e veriut, por edhe p\u00ebr aspektin nd\u00ebrkomb\u00ebtar t\u00eb mosnjohjes nga OKB-ja. Sado q\u00eb vendimi i Gjykat\u00ebs Nd\u00ebrkomb\u00ebtare t\u00eb Drejt\u00ebsis\u00eb abrogoi n\u00eb nj\u00eb m\u00ebnyr\u00eb rezolut\u00ebn 1244, zbutja e q\u00ebndrimit t\u00eb lidershipit kosovar p\u00ebrve\u00e7 q\u00eb hodhi posht\u00eb \u201cfitoren\u201d n\u00eb GJND-s\u00eb, i dha mund\u00ebsi avancimi kandidatur\u00ebs s\u00eb Serbis\u00eb n\u00eb Bashkimin Evropian dhe vazhdim\u00ebsi \u201ck\u00ebrc\u00ebnimit\u201d t\u00eb saj q\u00eb me futjen n\u00eb p\u00ebrdorimit t\u00eb fusnot\u00ebs*. Klasa politike kosovare karakterizohet nga paq\u00ebndrueshm\u00ebri e theksuar n\u00eb vendimmarrje dhe var\u00ebsi e skajshme karshi faktorit nd\u00ebrkomb\u00ebtar. Nga pozita e \u201ct\u00eb viktimizuarve\u201d, udh\u00ebheq\u00ebsit e sotsh\u00ebm (por edhe ata paraprak\u00eb) vuajn\u00eb prej \u201cmodernizimit\u201d t\u00eb tepruar dhe tendencave t\u00eb marra p\u00ebr t\u2019u pozicionuar si demokrat\u00eb t\u00eb rinj, n\u00eb krahasim me super\u2019 nacionalist\u00ebt serb q\u00eb vazhdimisht ndjekin politika radikale. Futja n\u00eb p\u00ebrdorim e fusnot\u00ebs \u00ebsht\u00eb shoq\u00ebruar m\u00eb mjegull t\u00eb paqart\u00eb n\u00eb lidhje me avantazhet dhe humbjet q\u00eb ka p\u00ebsuar Kosova*.<\/p>\n<p>Paaft\u00ebsia p\u00ebr t\u00eb par\u00eb projektet nd\u00ebrkomb\u00ebtare p\u00ebrmbajt\u00ebsisht, leximi simbolik e sip\u00ebrfaq\u00ebsor i marr\u00ebveshjeve (detyrimeve) ka diskredituar kredibilitetin e lidershipit aktual. Madje, ky akt politik v\u00eb n\u00eb dyshim p\u00ebrkrahjen nd\u00ebrkomb\u00ebtare, procesin e normalizimit t\u00eb marr\u00ebdh\u00ebnieve me shtetet q\u00eb akoma nuk e njohin pavar\u00ebsin\u00eb, stabilitetin rajonal dhe vet\u00eb \u201csovranitetin\u201d territorial t\u00eb Kosov\u00ebs. Mbetet pik\u00ebpyetje n\u00ebse fusnota \u00ebsht\u00eb kthim mbrapsht n\u00eb 1244 apo nj\u00eb shteg i ri n\u00ebp\u00ebrmjet t\u00eb cilit Kosova p\u00ebrfiton n\u00eb aren\u00ebn nd\u00ebrkomb\u00ebtare! Zhvillimet e fundit politiko-ekonomike nuk jan\u00eb shpres\u00ebdh\u00ebn\u00ebse. Realpolitika amerikane e destinuar furish\u00ebm mbi Lindjen, Bashkimi Evropian i tronditur nga kriza ekonomike dhe ndryshimet n\u00eb gjith\u00eb globin, japin nj\u00eb mozaik ngjarjesh shum\u00eb m\u00eb t\u00eb r\u00ebnd\u00ebsishme sesa fusnota.<\/p>\n<p>Paradoksalisht, Kosova si rast SUI GENERIS, me qeveri t\u00eb korruptuar, opozit\u00eb t\u00eb heshtur (lexo: \u201cjoevropiane\u201d) krim t\u00eb organizuar, imazh jo t\u00eb mir\u00eb nd\u00ebrkomb\u00ebtar, si vend i varf\u00ebr dhe pa perspektiv\u00eb shihet larg proceseve progresive. \u201cRehatia\u201d e rrejshme pas marr\u00ebdh\u00ebnieve t\u00eb mira m\u00eb Amerik\u00ebn apo vendet evropiane radikalizon nevoj\u00ebn p\u00ebr v\u00ebnien e marr\u00ebdh\u00ebnieve bilaterale me vendet e tjera mb\u00ebshtet\u00ebse dhe progresin e brendsh\u00ebm politiko-ekonomik. Sot, Kosova* mbetet nj\u00eb vend i shkat\u00ebrruar, me popullin dhe lider\u00ebt e viktimizuar dhe aspak subjekt i fuqish\u00ebm politik. N\u00eb pritje t\u00eb \u201cmrekullis\u00eb amerikane\u201d kan\u00eb hequr dor\u00eb nga k\u00ebmb\u00ebngul\u00ebsia p\u00ebr ruajtjen e kredibilitetit t\u00eb pavar\u00ebsis\u00eb s\u00eb gjymtuar! K\u00ebsisoj, qeveria p\u00ebrve\u00e7 q\u00eb ia futi vetes fusnot\u00ebn, shkeli vullnetin e qytetar\u00ebve dhe e fali apo mbyti me duart e veta nj\u00eb qytet.<\/p>\n<p><em>Fjollsh\u00ebm, fusnotsh\u00ebm, me zem\u00ebr t\u2019plast\u00eb prej Kosove<\/em>.*<\/p>\n","protected":false},"excerpt":{"rendered":"<p>Fjolla Spanca Nj\u00eb qytet q\u00eb e mbyt\u00ebm vet\u00eb Q\u00eb kur mbaj mend veten, mbaj mend dhe zhurm\u00ebn e helikopter\u00ebve. S\u2019\u00ebsht\u00eb \u00e7udi, as e pad\u00ebgjuar. T\u00eb jetosh n\u00eb Mitrovic\u00eb \u00ebsht\u00eb pak a shum\u00eb si t\u00eb jetosh n\u00eb pyll, ku veli i misterit t\u00eb ndjek nga pas. N\u00eb qytet ka m\u00eb shum\u00eb rreth-rrotullime sesa trotuare p\u00ebr k\u00ebmb\u00ebsor\u00eb. [&hellip;]<\/p>\n","protected":false},"author":1,"featured_media":0,"comment_status":"open","ping_status":"closed","sticky":false,"template":"","format":"standard","meta":{"footnotes":""},"categories":[2],"tags":[],"class_list":{"0":"post-2242","1":"post","2":"type-post","3":"status-publish","4":"format-standard","6":"category-artikuj"},"yoast_head":"<!-- This site is optimized with the Yoast SEO plugin v27.4 - https:\/\/yoast.com\/product\/yoast-seo-wordpress\/ -->\n<title>Kush dhe kujt ia b\u00ebri grop\u00ebn? - FjALA e LIR\u00cb - Arkivi<\/title>\n<meta name=\"robots\" content=\"index, follow, max-snippet:-1, max-image-preview:large, max-video-preview:-1\" \/>\n<link rel=\"canonical\" href=\"https:\/\/fjala.info\/2009-2015\/kush-dhe-kujt-ia-beri-gropen\/\" \/>\n<meta property=\"og:locale\" content=\"sq_AL\" \/>\n<meta property=\"og:type\" content=\"article\" \/>\n<meta property=\"og:title\" content=\"Kush dhe kujt ia b\u00ebri grop\u00ebn? - FjALA e LIR\u00cb - Arkivi\" \/>\n<meta property=\"og:description\" content=\"Fjolla Spanca Nj\u00eb qytet q\u00eb e mbyt\u00ebm vet\u00eb Q\u00eb kur mbaj mend veten, mbaj mend dhe zhurm\u00ebn e helikopter\u00ebve. S\u2019\u00ebsht\u00eb \u00e7udi, as e pad\u00ebgjuar. T\u00eb jetosh n\u00eb Mitrovic\u00eb \u00ebsht\u00eb pak a shum\u00eb si t\u00eb jetosh n\u00eb pyll, ku veli i misterit t\u00eb ndjek nga pas. N\u00eb qytet ka m\u00eb shum\u00eb rreth-rrotullime sesa trotuare p\u00ebr k\u00ebmb\u00ebsor\u00eb. [&hellip;]\" \/>\n<meta property=\"og:url\" content=\"https:\/\/fjala.info\/2009-2015\/kush-dhe-kujt-ia-beri-gropen\/\" \/>\n<meta property=\"og:site_name\" content=\"FjALA e LIR\u00cb - Arkivi\" \/>\n<meta property=\"article:published_time\" content=\"2012-03-25T06:21:50+00:00\" \/>\n<meta property=\"og:image\" content=\"http:\/\/www.shkoder.net\/2012\/fjolla_spanca.jpg\" \/>\n<meta name=\"author\" content=\"admin\" \/>\n<meta name=\"twitter:card\" content=\"summary_large_image\" \/>\n<meta name=\"twitter:label1\" content=\"Written by\" \/>\n\t<meta name=\"twitter:data1\" content=\"admin\" \/>\n\t<meta name=\"twitter:label2\" content=\"Est. reading time\" \/>\n\t<meta name=\"twitter:data2\" content=\"10 minutes\" \/>\n<script type=\"application\/ld+json\" class=\"yoast-schema-graph\">{\"@context\":\"https:\\\/\\\/schema.org\",\"@graph\":[{\"@type\":\"Article\",\"@id\":\"https:\\\/\\\/fjala.info\\\/2009-2015\\\/kush-dhe-kujt-ia-beri-gropen\\\/#article\",\"isPartOf\":{\"@id\":\"https:\\\/\\\/fjala.info\\\/2009-2015\\\/kush-dhe-kujt-ia-beri-gropen\\\/\"},\"author\":{\"name\":\"admin\",\"@id\":\"https:\\\/\\\/fjala.info\\\/2009-2015\\\/#\\\/schema\\\/person\\\/3aa1163ef05469c496fc94e77611ada2\"},\"headline\":\"Kush dhe kujt ia b\u00ebri grop\u00ebn?\",\"datePublished\":\"2012-03-25T06:21:50+00:00\",\"mainEntityOfPage\":{\"@id\":\"https:\\\/\\\/fjala.info\\\/2009-2015\\\/kush-dhe-kujt-ia-beri-gropen\\\/\"},\"wordCount\":1991,\"commentCount\":0,\"publisher\":{\"@id\":\"https:\\\/\\\/fjala.info\\\/2009-2015\\\/#organization\"},\"image\":{\"@id\":\"https:\\\/\\\/fjala.info\\\/2009-2015\\\/kush-dhe-kujt-ia-beri-gropen\\\/#primaryimage\"},\"thumbnailUrl\":\"http:\\\/\\\/www.shkoder.net\\\/2012\\\/fjolla_spanca.jpg\",\"articleSection\":[\"Artikuj\"],\"inLanguage\":\"sq-AL\",\"potentialAction\":[{\"@type\":\"CommentAction\",\"name\":\"Comment\",\"target\":[\"https:\\\/\\\/fjala.info\\\/2009-2015\\\/kush-dhe-kujt-ia-beri-gropen\\\/#respond\"]}]},{\"@type\":\"WebPage\",\"@id\":\"https:\\\/\\\/fjala.info\\\/2009-2015\\\/kush-dhe-kujt-ia-beri-gropen\\\/\",\"url\":\"https:\\\/\\\/fjala.info\\\/2009-2015\\\/kush-dhe-kujt-ia-beri-gropen\\\/\",\"name\":\"Kush dhe kujt ia b\u00ebri grop\u00ebn? - FjALA e LIR\u00cb - Arkivi\",\"isPartOf\":{\"@id\":\"https:\\\/\\\/fjala.info\\\/2009-2015\\\/#website\"},\"primaryImageOfPage\":{\"@id\":\"https:\\\/\\\/fjala.info\\\/2009-2015\\\/kush-dhe-kujt-ia-beri-gropen\\\/#primaryimage\"},\"image\":{\"@id\":\"https:\\\/\\\/fjala.info\\\/2009-2015\\\/kush-dhe-kujt-ia-beri-gropen\\\/#primaryimage\"},\"thumbnailUrl\":\"http:\\\/\\\/www.shkoder.net\\\/2012\\\/fjolla_spanca.jpg\",\"datePublished\":\"2012-03-25T06:21:50+00:00\",\"breadcrumb\":{\"@id\":\"https:\\\/\\\/fjala.info\\\/2009-2015\\\/kush-dhe-kujt-ia-beri-gropen\\\/#breadcrumb\"},\"inLanguage\":\"sq-AL\",\"potentialAction\":[{\"@type\":\"ReadAction\",\"target\":[\"https:\\\/\\\/fjala.info\\\/2009-2015\\\/kush-dhe-kujt-ia-beri-gropen\\\/\"]}]},{\"@type\":\"ImageObject\",\"inLanguage\":\"sq-AL\",\"@id\":\"https:\\\/\\\/fjala.info\\\/2009-2015\\\/kush-dhe-kujt-ia-beri-gropen\\\/#primaryimage\",\"url\":\"http:\\\/\\\/www.shkoder.net\\\/2012\\\/fjolla_spanca.jpg\",\"contentUrl\":\"http:\\\/\\\/www.shkoder.net\\\/2012\\\/fjolla_spanca.jpg\"},{\"@type\":\"BreadcrumbList\",\"@id\":\"https:\\\/\\\/fjala.info\\\/2009-2015\\\/kush-dhe-kujt-ia-beri-gropen\\\/#breadcrumb\",\"itemListElement\":[{\"@type\":\"ListItem\",\"position\":1,\"name\":\"Home\",\"item\":\"https:\\\/\\\/fjala.info\\\/2009-2015\\\/\"},{\"@type\":\"ListItem\",\"position\":2,\"name\":\"Kush dhe kujt ia b\u00ebri grop\u00ebn?\"}]},{\"@type\":\"WebSite\",\"@id\":\"https:\\\/\\\/fjala.info\\\/2009-2015\\\/#website\",\"url\":\"https:\\\/\\\/fjala.info\\\/2009-2015\\\/\",\"name\":\"FjALA e LIR\u00cb - Arkivi\",\"description\":\"Arkivi 2009-2015\",\"publisher\":{\"@id\":\"https:\\\/\\\/fjala.info\\\/2009-2015\\\/#organization\"},\"potentialAction\":[{\"@type\":\"SearchAction\",\"target\":{\"@type\":\"EntryPoint\",\"urlTemplate\":\"https:\\\/\\\/fjala.info\\\/2009-2015\\\/?s={search_term_string}\"},\"query-input\":{\"@type\":\"PropertyValueSpecification\",\"valueRequired\":true,\"valueName\":\"search_term_string\"}}],\"inLanguage\":\"sq-AL\"},{\"@type\":\"Organization\",\"@id\":\"https:\\\/\\\/fjala.info\\\/2009-2015\\\/#organization\",\"name\":\"FjALA e LIR\u00cb - Arkivi\",\"url\":\"https:\\\/\\\/fjala.info\\\/2009-2015\\\/\",\"logo\":{\"@type\":\"ImageObject\",\"inLanguage\":\"sq-AL\",\"@id\":\"https:\\\/\\\/fjala.info\\\/2009-2015\\\/#\\\/schema\\\/logo\\\/image\\\/\",\"url\":\"\",\"contentUrl\":\"\",\"caption\":\"FjALA e LIR\u00cb - Arkivi\"},\"image\":{\"@id\":\"https:\\\/\\\/fjala.info\\\/2009-2015\\\/#\\\/schema\\\/logo\\\/image\\\/\"}},{\"@type\":\"Person\",\"@id\":\"https:\\\/\\\/fjala.info\\\/2009-2015\\\/#\\\/schema\\\/person\\\/3aa1163ef05469c496fc94e77611ada2\",\"name\":\"admin\",\"image\":{\"@type\":\"ImageObject\",\"inLanguage\":\"sq-AL\",\"@id\":\"https:\\\/\\\/fjala.info\\\/2009-2015\\\/wp-content\\\/uploads\\\/2012\\\/02\\\/arben_cokaj-120x150.jpg\",\"url\":\"https:\\\/\\\/fjala.info\\\/2009-2015\\\/wp-content\\\/uploads\\\/2012\\\/02\\\/arben_cokaj-120x150.jpg\",\"contentUrl\":\"https:\\\/\\\/fjala.info\\\/2009-2015\\\/wp-content\\\/uploads\\\/2012\\\/02\\\/arben_cokaj-120x150.jpg\",\"caption\":\"admin\"},\"description\":\"Admin, Fjala e Lir\u00eb\",\"sameAs\":[\"https:\\\/\\\/fjala.info\\\/\"],\"url\":\"https:\\\/\\\/fjala.info\\\/2009-2015\\\/author\\\/admin\\\/\"}]}<\/script>\n<!-- \/ Yoast SEO plugin. -->","yoast_head_json":{"title":"Kush dhe kujt ia b\u00ebri grop\u00ebn? - FjALA e LIR\u00cb - Arkivi","robots":{"index":"index","follow":"follow","max-snippet":"max-snippet:-1","max-image-preview":"max-image-preview:large","max-video-preview":"max-video-preview:-1"},"canonical":"https:\/\/fjala.info\/2009-2015\/kush-dhe-kujt-ia-beri-gropen\/","og_locale":"sq_AL","og_type":"article","og_title":"Kush dhe kujt ia b\u00ebri grop\u00ebn? - FjALA e LIR\u00cb - Arkivi","og_description":"Fjolla Spanca Nj\u00eb qytet q\u00eb e mbyt\u00ebm vet\u00eb Q\u00eb kur mbaj mend veten, mbaj mend dhe zhurm\u00ebn e helikopter\u00ebve. S\u2019\u00ebsht\u00eb \u00e7udi, as e pad\u00ebgjuar. T\u00eb jetosh n\u00eb Mitrovic\u00eb \u00ebsht\u00eb pak a shum\u00eb si t\u00eb jetosh n\u00eb pyll, ku veli i misterit t\u00eb ndjek nga pas. N\u00eb qytet ka m\u00eb shum\u00eb rreth-rrotullime sesa trotuare p\u00ebr k\u00ebmb\u00ebsor\u00eb. [&hellip;]","og_url":"https:\/\/fjala.info\/2009-2015\/kush-dhe-kujt-ia-beri-gropen\/","og_site_name":"FjALA e LIR\u00cb - Arkivi","article_published_time":"2012-03-25T06:21:50+00:00","og_image":[{"url":"http:\/\/www.shkoder.net\/2012\/fjolla_spanca.jpg","type":"","width":"","height":""}],"author":"admin","twitter_card":"summary_large_image","twitter_misc":{"Written by":"admin","Est. reading time":"10 minutes"},"schema":{"@context":"https:\/\/schema.org","@graph":[{"@type":"Article","@id":"https:\/\/fjala.info\/2009-2015\/kush-dhe-kujt-ia-beri-gropen\/#article","isPartOf":{"@id":"https:\/\/fjala.info\/2009-2015\/kush-dhe-kujt-ia-beri-gropen\/"},"author":{"name":"admin","@id":"https:\/\/fjala.info\/2009-2015\/#\/schema\/person\/3aa1163ef05469c496fc94e77611ada2"},"headline":"Kush dhe kujt ia b\u00ebri grop\u00ebn?","datePublished":"2012-03-25T06:21:50+00:00","mainEntityOfPage":{"@id":"https:\/\/fjala.info\/2009-2015\/kush-dhe-kujt-ia-beri-gropen\/"},"wordCount":1991,"commentCount":0,"publisher":{"@id":"https:\/\/fjala.info\/2009-2015\/#organization"},"image":{"@id":"https:\/\/fjala.info\/2009-2015\/kush-dhe-kujt-ia-beri-gropen\/#primaryimage"},"thumbnailUrl":"http:\/\/www.shkoder.net\/2012\/fjolla_spanca.jpg","articleSection":["Artikuj"],"inLanguage":"sq-AL","potentialAction":[{"@type":"CommentAction","name":"Comment","target":["https:\/\/fjala.info\/2009-2015\/kush-dhe-kujt-ia-beri-gropen\/#respond"]}]},{"@type":"WebPage","@id":"https:\/\/fjala.info\/2009-2015\/kush-dhe-kujt-ia-beri-gropen\/","url":"https:\/\/fjala.info\/2009-2015\/kush-dhe-kujt-ia-beri-gropen\/","name":"Kush dhe kujt ia b\u00ebri grop\u00ebn? - FjALA e LIR\u00cb - Arkivi","isPartOf":{"@id":"https:\/\/fjala.info\/2009-2015\/#website"},"primaryImageOfPage":{"@id":"https:\/\/fjala.info\/2009-2015\/kush-dhe-kujt-ia-beri-gropen\/#primaryimage"},"image":{"@id":"https:\/\/fjala.info\/2009-2015\/kush-dhe-kujt-ia-beri-gropen\/#primaryimage"},"thumbnailUrl":"http:\/\/www.shkoder.net\/2012\/fjolla_spanca.jpg","datePublished":"2012-03-25T06:21:50+00:00","breadcrumb":{"@id":"https:\/\/fjala.info\/2009-2015\/kush-dhe-kujt-ia-beri-gropen\/#breadcrumb"},"inLanguage":"sq-AL","potentialAction":[{"@type":"ReadAction","target":["https:\/\/fjala.info\/2009-2015\/kush-dhe-kujt-ia-beri-gropen\/"]}]},{"@type":"ImageObject","inLanguage":"sq-AL","@id":"https:\/\/fjala.info\/2009-2015\/kush-dhe-kujt-ia-beri-gropen\/#primaryimage","url":"http:\/\/www.shkoder.net\/2012\/fjolla_spanca.jpg","contentUrl":"http:\/\/www.shkoder.net\/2012\/fjolla_spanca.jpg"},{"@type":"BreadcrumbList","@id":"https:\/\/fjala.info\/2009-2015\/kush-dhe-kujt-ia-beri-gropen\/#breadcrumb","itemListElement":[{"@type":"ListItem","position":1,"name":"Home","item":"https:\/\/fjala.info\/2009-2015\/"},{"@type":"ListItem","position":2,"name":"Kush dhe kujt ia b\u00ebri grop\u00ebn?"}]},{"@type":"WebSite","@id":"https:\/\/fjala.info\/2009-2015\/#website","url":"https:\/\/fjala.info\/2009-2015\/","name":"FjALA e LIR\u00cb - Arkivi","description":"Arkivi 2009-2015","publisher":{"@id":"https:\/\/fjala.info\/2009-2015\/#organization"},"potentialAction":[{"@type":"SearchAction","target":{"@type":"EntryPoint","urlTemplate":"https:\/\/fjala.info\/2009-2015\/?s={search_term_string}"},"query-input":{"@type":"PropertyValueSpecification","valueRequired":true,"valueName":"search_term_string"}}],"inLanguage":"sq-AL"},{"@type":"Organization","@id":"https:\/\/fjala.info\/2009-2015\/#organization","name":"FjALA e LIR\u00cb - Arkivi","url":"https:\/\/fjala.info\/2009-2015\/","logo":{"@type":"ImageObject","inLanguage":"sq-AL","@id":"https:\/\/fjala.info\/2009-2015\/#\/schema\/logo\/image\/","url":"","contentUrl":"","caption":"FjALA e LIR\u00cb - Arkivi"},"image":{"@id":"https:\/\/fjala.info\/2009-2015\/#\/schema\/logo\/image\/"}},{"@type":"Person","@id":"https:\/\/fjala.info\/2009-2015\/#\/schema\/person\/3aa1163ef05469c496fc94e77611ada2","name":"admin","image":{"@type":"ImageObject","inLanguage":"sq-AL","@id":"https:\/\/fjala.info\/2009-2015\/wp-content\/uploads\/2012\/02\/arben_cokaj-120x150.jpg","url":"https:\/\/fjala.info\/2009-2015\/wp-content\/uploads\/2012\/02\/arben_cokaj-120x150.jpg","contentUrl":"https:\/\/fjala.info\/2009-2015\/wp-content\/uploads\/2012\/02\/arben_cokaj-120x150.jpg","caption":"admin"},"description":"Admin, Fjala e Lir\u00eb","sameAs":["https:\/\/fjala.info\/"],"url":"https:\/\/fjala.info\/2009-2015\/author\/admin\/"}]}},"_links":{"self":[{"href":"https:\/\/fjala.info\/2009-2015\/wp-json\/wp\/v2\/posts\/2242","targetHints":{"allow":["GET"]}}],"collection":[{"href":"https:\/\/fjala.info\/2009-2015\/wp-json\/wp\/v2\/posts"}],"about":[{"href":"https:\/\/fjala.info\/2009-2015\/wp-json\/wp\/v2\/types\/post"}],"author":[{"embeddable":true,"href":"https:\/\/fjala.info\/2009-2015\/wp-json\/wp\/v2\/users\/1"}],"replies":[{"embeddable":true,"href":"https:\/\/fjala.info\/2009-2015\/wp-json\/wp\/v2\/comments?post=2242"}],"version-history":[{"count":0,"href":"https:\/\/fjala.info\/2009-2015\/wp-json\/wp\/v2\/posts\/2242\/revisions"}],"wp:attachment":[{"href":"https:\/\/fjala.info\/2009-2015\/wp-json\/wp\/v2\/media?parent=2242"}],"wp:term":[{"taxonomy":"category","embeddable":true,"href":"https:\/\/fjala.info\/2009-2015\/wp-json\/wp\/v2\/categories?post=2242"},{"taxonomy":"post_tag","embeddable":true,"href":"https:\/\/fjala.info\/2009-2015\/wp-json\/wp\/v2\/tags?post=2242"}],"curies":[{"name":"wp","href":"https:\/\/api.w.org\/{rel}","templated":true}]}}