{"id":2241,"date":"2010-04-15T23:12:36","date_gmt":"2010-04-15T22:12:36","guid":{"rendered":"http:\/\/fjala.shkoder.net\/?p=2241"},"modified":"2010-04-15T23:12:36","modified_gmt":"2010-04-15T22:12:36","slug":"si-demokrat-per-kutine-e-ruzhdies","status":"publish","type":"post","link":"https:\/\/fjala.info\/2009-2015\/si-demokrat-per-kutine-e-ruzhdies\/","title":{"rendered":"Si demokrat p\u00ebr kutin\u00eb e Ruzhdies"},"content":{"rendered":"<p><strong>Besnik Mustafaj<\/strong>, <em>15.04.2010<\/em><\/p>\n<p>T\u00eb shumt\u00eb jan\u00eb n\u00eb Shqip\u00ebri sot, ata q\u00eb do t\u00eb d\u00ebshironin me mendje dhe  me shpirt ta shihnin t\u00eb zhb\u00ebr\u00eb \u201cfam\u00ebn\u201d e Ruzhdies, k\u00ebsaj komune t\u00eb zakonshme n\u00eb qarkun e Fierit, deri dje krejt\u00ebsisht e panjohur p\u00ebr opinionin publik komb\u00ebtar. Por nuk zhb\u00ebhet e nuk zhb\u00ebhet dot historia, si\u00e7 dihet. N\u00eb detyr\u00ebn e njer\u00ebzve t\u00eb kthjell\u00ebt mbetet vet\u00ebm t\u00eb b\u00ebjn\u00eb t\u00eb mundshmen: t\u00eb ndajn\u00eb veten nga e keqja, me q\u00ebllim q\u00eb kjo e keqe t\u00eb ky\u00e7et nj\u00ebher\u00eb e mir\u00eb n\u00eb t\u00eb shkuar\u00ebn, p\u00ebr t\u00eb mos e molepsur t\u00eb sotmen. Zakonisht ky quhet lexim i v\u00ebmendsh\u00ebm i p\u00ebrvoj\u00ebs. <\/p>\n<p>Th\u00ebn\u00eb shqip, kutia e votimit n\u00eb Ruzhdie u ndy. T\u00eb pakt\u00ebn un\u00eb p\u00ebr veten time si demokrat ndjej ta kem marr\u00eb gjithsesi nj\u00eb st\u00ebrpik\u00eb t\u00eb molepsur nga ajo kuti k\u00ebllir\u00eb. Mendja m\u00eb thot\u00eb se ashtu si un\u00eb e kan\u00eb pak siklet edhe demokrat\u00ebt e tjer\u00eb anemban\u00eb vendit. Nj\u00eb st\u00ebrpik\u00eb e till\u00eb m\u00eb njollos n\u00eb krenarin\u00eb time si demokrat. Pa synuar aspak t\u00eb k\u00ebshilloj nj\u00ebrin apo tjetrin si t\u00eb veproj\u00eb n\u00eb k\u00ebt\u00eb rast, pra, me modestin\u00eb m\u00eb t\u00eb sinqert\u00eb, un\u00eb po ndjek urdhrin e nd\u00ebrgjegjes time dhe po shpall me z\u00eb t\u00eb lart\u00eb se nuk kam m\u00eb asnj\u00eb lloj lidhje politike me ata komisioner\u00eb q\u00eb kan\u00eb p\u00ebrfaq\u00ebsuar flamurin demokrat n\u00eb at\u00eb qend\u00ebr votimi. Dhe jo vet\u00ebm kaq. <\/p>\n<p>Un\u00eb i akuzoj ata publikisht si njer\u00ebz t\u00eb cil\u00ebt, me q\u00ebllim, m\u00eb 28 qershor 2009, kan\u00eb vepruar n\u00eb kund\u00ebrshtim t\u00eb plot\u00eb me idealin, me moralin dhe me interesat e v\u00ebrteta politike t\u00eb dit\u00ebs dhe perspektiv\u00ebs t\u00eb Partis\u00eb Demokratike, duke i shkaktuar nj\u00eb d\u00ebm me pasoja t\u00eb ndjeshme misionit t\u00eb lart\u00eb, q\u00eb kjo parti ka marr\u00eb p\u00ebrsip\u00ebr afro nj\u00ebzet vjet m\u00eb par\u00eb para kombit, p\u00ebr t\u00eb nd\u00ebrtuar n\u00eb Shqip\u00ebri nj\u00eb demokraci t\u00eb v\u00ebrtet\u00eb, nj\u00eb demokraci funksionale, themeli i t\u00eb cil\u00ebs jan\u00eb medoemos zgjedhjet e lira e t\u00eb ndershme. Jam matur shum\u00eb para se ta ngre z\u00ebrin. <\/p>\n<p>Kam folur gjer\u00eb e gjat\u00eb edhe me shum\u00eb miq demokrat\u00eb, t\u00eb cil\u00ebt, ashtu si un\u00eb, e p\u00ebrjetojn\u00eb me trishtim k\u00ebt\u00eb episod. Ngurrimi im dhe i miqve t\u00eb mi demokrat\u00eb kishte arsyet e veta, nd\u00ebr t\u00eb cilat m\u00eb kryesorja lidhej me kontekstin e p\u00ebrgjithsh\u00ebm t\u00eb jet\u00ebs politike t\u00eb vendit, ku vihet re qart\u00eb rreshtimi i opozit\u00ebs dhe maxhoranc\u00ebs parlamentare, secila pal\u00eb n\u00eb llogoren e vet. N\u00eb nj\u00eb klim\u00eb t\u00eb till\u00eb tensioni, p\u00ebrpjekja e natyrshme p\u00ebr t\u00eb analizuar veten si qytetar politik rrezikon t\u00eb ngjaj\u00eb si mb\u00ebshtetje p\u00ebr kund\u00ebrshtarin. <\/p>\n<p>T\u00eb pakt\u00ebn kjo \u00ebsht\u00eb skema m\u00eb e p\u00ebrhapur e t\u00eb gjykuarit nd\u00ebr ne. Nj\u00ebri nd\u00ebr miqt\u00eb, p\u00ebr t\u00eb ma konkretizuar merakun e vet dashamir\u00ebs, m\u00eb solli shembullin e Ben Blushit, t\u00eb cilin Edi Rama e akuzoi se po b\u00ebnte pun\u00ebn e Saliut. Por Edi Rama nuk \u00ebsht\u00eb modeli im politik, mik i dashur!<\/p>\n<p>Megjithat\u00eb, n\u00eb fjal\u00eb t\u00eb fundit, un\u00eb vendosa t\u2019i shkoj urdhrit t\u00eb nd\u00ebrgjegjes time deri n\u00eb fund, i bindur se zvet\u00ebnimi i nj\u00eb pushteti fillon gjithmon\u00eb kur njer\u00ebzit e mandatuar p\u00ebr ta ushtruar k\u00ebt\u00eb pushtet n\u00eb em\u00ebr t\u00eb aspiratave t\u00eb shoq\u00ebris\u00eb, humbin aft\u00ebsin\u00eb p\u00ebr ta par\u00eb nj\u00eb cop\u00eb her\u00eb n\u00eb dit\u00eb veten me v\u00ebshtrim qortues. Ky \u00ebsht\u00eb nj\u00eb ligj i hekurt n\u00eb sistemet demokratike. Identifikimi i s\u00eb keqes vet\u00ebm te kund\u00ebrshtari \u00ebsht\u00eb r\u00ebndom nj\u00eb p\u00ebrpjekje e politikan\u00ebve pa guxim t\u00eb madh, t\u00eb cil\u00ebt kan\u00eb nevoj\u00eb ta shohim n\u00eb m\u00ebnyr\u00eb t\u00eb thjesht\u00ebzuar problematik\u00ebn e koh\u00ebs. <\/p>\n<p>Nj\u00eb motivim i till\u00eb ushqen pashmangsh\u00ebm euforin\u00eb. Ama, n\u00eb nj\u00eb shoq\u00ebri t\u00eb lir\u00eb, si\u00e7 \u00ebsht\u00eb e lir\u00eb edhe shoq\u00ebria jon\u00eb pa asnj\u00eb dyshim, euforia mund t\u2019ua z\u00ebr\u00eb syt\u00eb pushtetar\u00ebve e t\u2019i ndihmoj\u00eb ata t\u00eb b\u00ebjn\u00eb p\u00ebr pak koh\u00eb gjum\u00eb t\u00eb qet\u00eb, por nuk ia z\u00eb dot syt\u00eb opinionit publik, i cili i ka tashm\u00eb n\u00eb zot\u00ebrim mjetet e nd\u00ebshkimit.<br \/>\nP\u00ebr t\u00eb mos u larguar nga \u201crasti Ruzhdie\u201d, do pranuar se ai \u00ebsht\u00eb nj\u00eb episod, i cili gjithsesi n\u00eb vetvete nuk jep shkas t\u00eb mjaftuesh\u00ebm p\u00ebr t\u00eb b\u00ebr\u00eb p\u00ebrgjith\u00ebsime mbi cil\u00ebsin\u00eb e votimeve t\u00eb fundit n\u00eb Shqip\u00ebri. <\/p>\n<p>Por aty \u00ebsht\u00eb nj\u00eb simptom\u00eb, q\u00eb nuk lejon t\u00eb shp\u00ebrfillet. M\u00eb s\u00eb pari ne demokrat\u00ebve nuk na lejohet t\u00eb qet\u00ebsohemi pse ajo qend\u00ebr votimi, n\u00eb hart\u00ebn elektorale t\u00eb vendit, \u00ebsht\u00eb e futur tashm\u00eb n\u00eb nj\u00eb rreth t\u00eb kuq p\u00ebr t\u2019u ve\u00e7uar mir\u00eb nga t\u00eb gjitha qendrat t\u00eb tjerat. Fatmir\u00ebsisht, fal\u00eb vendimit t\u00eb gjykat\u00ebs, flet\u00ebt e asaj kutie nuk jan\u00eb marr\u00eb parasysh n\u00eb numrin e p\u00ebrgjithsh\u00ebm t\u00eb votave p\u00ebr qarkun e Fierit, q\u00eb do t\u00eb thot\u00eb se mbrapshtia e atyre palo komisionar\u00ebve, nuk ka pasur kurrfar\u00eb ndikimi mbi rezultatin p\u00ebrfundimtar t\u00eb zgjedhjeve. Miqt\u00eb e mi, deputet\u00eb demokrat\u00eb t\u00eb k\u00ebtij qarku, e kan\u00eb krejt t\u00eb past\u00ebr mandatin dhe ta g\u00ebzojn\u00eb! <\/p>\n<p>Por ky fakt nuk e b\u00ebn hi\u00e7 m\u00eb t\u00eb leht\u00eb fajin e faqezinjve n\u00eb Ruzhdie. \u00cbsht\u00eb po ashtu krejt e v\u00ebrtet\u00eb se komisioner\u00ebt socialist\u00eb atje braktis\u00ebn detyr\u00ebn dit\u00ebn p\u00ebr diell, duke thyer nga ana e vet n\u00eb m\u00ebnyr\u00eb flagrante ligjin dhe un\u00eb shpresoj se drejt\u00ebsia do t\u2019u jap\u00eb nj\u00eb d\u00ebnim shembullor. Por as ky fakt nuk e b\u00ebn aspak m\u00eb t\u00eb leht\u00eb fajin e \u201ckomisioner\u00ebve t\u00eb mi\u201d. Ai q\u00eb vjedh nj\u00eb sht\u00ebpi t\u00eb mbetur pa \u00e7el\u00ebs, nuk \u00ebsht\u00eb m\u00eb pak keqb\u00ebr\u00ebs as p\u00ebrpara ligjit e as p\u00ebrpara Zotit se nj\u00eb tjet\u00ebr q\u00eb shqyen brav\u00ebn e der\u00ebs p\u00ebr t\u00eb vjedhur. K\u00ebshtu ka qen\u00eb gjithmon\u00eb e k\u00ebshtu do t\u00eb jet\u00eb edhe k\u00ebsaj here.<\/p>\n<p>Jam i zem\u00ebruar, e pranoj, por jam edhe shum\u00eb i d\u00ebshp\u00ebruar. Sepse dikush tjet\u00ebr duhej ta kishte b\u00ebr\u00eb tashm\u00eb edhe n\u00eb emrin tim k\u00ebt\u00eb q\u00eb po b\u00ebj un\u00eb sot. Dhe ky \u00ebsht\u00eb kryetari i Partis\u00eb Demokratike, nj\u00ebher\u00ebsh edhe kryetar i Qeveris\u00eb. Kam pritur gjith\u00eb k\u00ebto jav\u00eb pas publikimit t\u00eb dosjes s\u00eb prokuroris\u00eb p\u00ebr \u00e7\u00ebshtjen, q\u00eb zoti Berisha t\u2019i degdiste n\u00eb kuptimin e plot\u00eb t\u00eb k\u00ebsaj fjale faqezinjt\u00eb e treguar me gisht, t\u00eb em\u00ebruar si komisioner\u00eb me firm\u00ebn e tij, p\u00ebr t\u00eb siguruar nj\u00ebsoj mbar\u00ebvajtjen e votimit p\u00ebr t\u00eb gjith\u00eb banor\u00ebt e Ruzhdies mbi mosh\u00ebn 18 vje\u00e7. Berish\u00ebs, dhe para s\u00eb gjithash Berish\u00ebs, i takonte t\u2019i prishej gjaku. <\/p>\n<p>Dhe t\u00eb luante vendit e t\u00eb p\u00ebrplaste grushtin sapo e mori vesh meselen\u00eb, madje pa pritur q\u00eb puna t\u00eb shkonte n\u00eb prokurori. I takonte atij t\u00eb shkundej p\u00ebr t\u00eb ruajtur nderin e vet si i pari i demokrat\u00ebve, sepse, do s\u2019do ai, st\u00ebrpika m\u00eb e madhe e asaj k\u00ebllire i ka r\u00ebn\u00eb atij mbi k\u00ebmish\u00ebn e bardh\u00eb. Por i takonte t\u00eb vepronte edhe n\u00eb em\u00ebr t\u00eb afro 90 mij\u00eb shqiptar\u00ebve, zonja dhe zot\u00ebrinj fisnik\u00eb e me sed\u00ebr t\u00eb madhe, t\u00eb cil\u00ebt kan\u00eb zgjedhur me vullnet t\u00eb lir\u00eb e plot krenari t\u2019ia p\u00ebrkushtojn\u00eb energjit\u00eb e tyre politike Shqip\u00ebris\u00eb, n\u00ebp\u00ebrmjet Partis\u00eb Demokratike. <\/p>\n<p>Berisha \u00ebsht\u00eb kryetari yn\u00eb, i zgjedhur nga ne p\u00ebr t\u00eb mbik\u00ebqyrur n\u00eb krye t\u00eb her\u00ebs zbatimin e kodit, mbi themelin e t\u00eb cilit ngrihet ajo q\u00eb, edhe n\u00eb fjalorin zakonisht t\u00eb ftoht\u00eb t\u00eb shkencave politike, si\u00e7 edhe n\u00eb t\u00eb folur\u00ebn e p\u00ebrditshme midis miqsh, quhet familje politike, \u00e7ka n\u00ebnkupton se t\u00eb gjith\u00eb ne, q\u00eb e p\u00ebrb\u00ebjm\u00eb n\u00eb k\u00ebt\u00eb rast familjen politike demokrate, besojm\u00eb se kemi t\u00eb p\u00ebrbashk\u00ebt jo vet\u00ebm programin, por edhe nj\u00eb qasje t\u00eb caktuar morale ndaj parimeve. Apo jo Doktor? <\/p>\n<p>Un\u00eb do t\u00eb isha ndjer\u00eb i leht\u00ebsuar n\u00eb nd\u00ebrgjegje dhe besoj se shum\u00eb e shum\u00eb demokrat\u00eb si un\u00eb do t\u00eb ishin ndjer\u00eb po kaq t\u00eb leht\u00ebsuar sikur t\u00eb kishim par\u00eb q\u00eb edhe zyrtarisht partia jon\u00eb, jo vet\u00ebm nuk i nxit e nuk i mbron maskarall\u00ebqe t\u00eb tilla, por edhe kur ndodhin pa d\u00ebshir\u00ebn e saj, i flak jasht\u00eb der\u00ebs s\u00eb vet autor\u00ebt e tyre si bart\u00ebs t\u00eb nj\u00eb s\u00ebmundjeje t\u00eb rrezikshme p\u00ebr krejt familjen ton\u00eb politike. <\/p>\n<p>Ky do t\u00eb duhej t\u00eb ishte operacioni, p\u00ebr t\u00eb cilin t\u00eb na njoftonte gjith\u00eb g\u00ebzim para kamerave televizive Doktori yn\u00eb dhe jo operacioni i suksessh\u00ebm i k\u00ebmb\u00ebs s\u00eb tij apo operacionet e d\u00ebshtuara plastike t\u00eb Edi Ram\u00ebs. P\u00ebr sa na p\u00ebrket ne demokrat\u00ebve t\u00eb pakt\u00ebn, ne jemi fare t\u00eb sigurt p\u00ebr sh\u00ebndetin e mir\u00eb t\u00eb kryetarit ton\u00eb, dhe i urojm\u00eb q\u00eb ky sh\u00ebndet ta mbaj\u00eb, si\u00e7 jemi fare t\u00eb qart\u00eb edhe p\u00ebr tekat a\u00e7ik t\u00eb kryetarit t\u00eb socialist\u00ebve. Sado arg\u00ebtuese mund t\u00eb ngjajn\u00eb p\u00ebr nj\u00eb \u00e7ast njoftime t\u00eb tilla, un\u00eb prap\u00eb i lutem me zem\u00ebr n\u00eb dor\u00eb Doktorit t\u00eb mos na e lodh\u00eb kok\u00ebn me to.<\/p>\n<p>P\u00ebr sa m\u00eb p\u00ebrket mua, un\u00eb e kam t\u00eb v\u00ebshtir\u00eb ta besoj se ky aspekt i problemit i ka shp\u00ebtuar v\u00ebmendjes s\u00eb Doktorit. Un\u00eb mbajta sh\u00ebnim me kujdes kur ai tha n\u00eb Kuvend, m\u00eb 18 mars: \u201cNuk ka gj\u00eb m\u00eb t\u00eb r\u00ebnd\u00eb se sa t\u00eb shnd\u00ebrrojm\u00eb k\u00ebt\u00eb seanc\u00eb n\u00eb nj\u00eb gjyq publik, p\u00ebr ata 20 mij\u00eb burra e gra socialist\u00eb dhe t\u00eb tjer\u00eb, t\u00eb cil\u00ebt p\u00ebrmbush\u00ebn me nd\u00ebrgjegje t\u00eb lart\u00eb shoq\u00ebrore, me p\u00ebrgjegj\u00ebsi t\u00eb lart\u00eb ligjore detyr\u00ebn e tyre&#8230;\u201d. Ishte nj\u00eb v\u00ebrejtje me vend. <\/p>\n<p>Por ata tre-kat\u00ebr burracak\u00eb t\u00eb qendr\u00ebs s\u00eb votimit n\u00eb Ruzhdie, pik\u00ebrisht duke mos u gjykuar politikisht nga ai vet\u00eb, l\u00ebn\u00eb shteg p\u00ebr nj\u00eb hije dyshimi posht\u00ebrues mbi mij\u00ebra komisioner\u00ebt demokrat\u00eb, t\u00eb cil\u00ebt gjithashtu p\u00ebrmbush\u00ebn me nd\u00ebrgjegje t\u00eb lart\u00eb shoq\u00ebrore, me p\u00ebrgjegj\u00ebsi t\u00eb lart\u00eb ligjore, detyr\u00ebn e tyre m\u00eb 28 qershor 2009. Ata nuk kan\u00eb mund\u00ebsi secili ve\u00e7 e ve\u00e7 t\u00eb tregojn\u00eb para t\u00eb gjith\u00eb shqiptar\u00ebve sa t\u00eb pastra i kan\u00eb duart. Ata kan\u00eb shkuar n\u00ebp\u00ebr qendrat e votimit sepse i kan\u00eb besuar Sali Berish\u00ebs, kan\u00eb dh\u00ebn\u00eb koh\u00ebn dhe nervat e tyre, me vet\u00ebdije t\u00eb plot\u00eb se po i sh\u00ebrbenin vendit. Dinjiteti i tyre meriton t\u00eb mbrohet.<br \/>\nbesnik@afalc.org<\/p>\n","protected":false},"excerpt":{"rendered":"<p>Besnik Mustafaj, 15.04.2010 T\u00eb shumt\u00eb jan\u00eb n\u00eb Shqip\u00ebri sot, ata q\u00eb do t\u00eb d\u00ebshironin me mendje dhe me shpirt ta shihnin t\u00eb zhb\u00ebr\u00eb \u201cfam\u00ebn\u201d e Ruzhdies, k\u00ebsaj komune t\u00eb zakonshme n\u00eb qarkun e Fierit, deri dje krejt\u00ebsisht e panjohur p\u00ebr opinionin publik komb\u00ebtar. Por nuk zhb\u00ebhet e nuk zhb\u00ebhet dot historia, si\u00e7 dihet. N\u00eb detyr\u00ebn [&hellip;]<\/p>\n","protected":false},"author":1,"featured_media":0,"comment_status":"open","ping_status":"closed","sticky":false,"template":"","format":"standard","meta":{"footnotes":""},"categories":[2],"tags":[],"class_list":{"0":"post-2241","1":"post","2":"type-post","3":"status-publish","4":"format-standard","6":"category-artikuj"},"yoast_head":"<!-- This site is optimized with the Yoast SEO plugin v27.4 - https:\/\/yoast.com\/product\/yoast-seo-wordpress\/ -->\n<title>Si demokrat p\u00ebr kutin\u00eb e Ruzhdies - FjALA e LIR\u00cb - Arkivi<\/title>\n<meta name=\"robots\" content=\"index, follow, max-snippet:-1, max-image-preview:large, max-video-preview:-1\" \/>\n<link rel=\"canonical\" href=\"https:\/\/fjala.info\/2009-2015\/si-demokrat-per-kutine-e-ruzhdies\/\" \/>\n<meta property=\"og:locale\" content=\"sq_AL\" \/>\n<meta property=\"og:type\" content=\"article\" \/>\n<meta property=\"og:title\" content=\"Si demokrat p\u00ebr kutin\u00eb e Ruzhdies - FjALA e LIR\u00cb - Arkivi\" \/>\n<meta property=\"og:description\" content=\"Besnik Mustafaj, 15.04.2010 T\u00eb shumt\u00eb jan\u00eb n\u00eb Shqip\u00ebri sot, ata q\u00eb do t\u00eb d\u00ebshironin me mendje dhe me shpirt ta shihnin t\u00eb zhb\u00ebr\u00eb \u201cfam\u00ebn\u201d e Ruzhdies, k\u00ebsaj komune t\u00eb zakonshme n\u00eb qarkun e Fierit, deri dje krejt\u00ebsisht e panjohur p\u00ebr opinionin publik komb\u00ebtar. Por nuk zhb\u00ebhet e nuk zhb\u00ebhet dot historia, si\u00e7 dihet. N\u00eb detyr\u00ebn [&hellip;]\" \/>\n<meta property=\"og:url\" content=\"https:\/\/fjala.info\/2009-2015\/si-demokrat-per-kutine-e-ruzhdies\/\" \/>\n<meta property=\"og:site_name\" content=\"FjALA e LIR\u00cb - Arkivi\" \/>\n<meta property=\"article:published_time\" content=\"2010-04-15T22:12:36+00:00\" \/>\n<meta name=\"author\" content=\"admin\" \/>\n<meta name=\"twitter:card\" content=\"summary_large_image\" \/>\n<meta name=\"twitter:label1\" content=\"Written by\" \/>\n\t<meta name=\"twitter:data1\" content=\"admin\" \/>\n\t<meta name=\"twitter:label2\" content=\"Est. reading time\" \/>\n\t<meta name=\"twitter:data2\" content=\"9 minutes\" \/>\n<script type=\"application\/ld+json\" class=\"yoast-schema-graph\">{\"@context\":\"https:\\\/\\\/schema.org\",\"@graph\":[{\"@type\":\"Article\",\"@id\":\"https:\\\/\\\/fjala.info\\\/2009-2015\\\/si-demokrat-per-kutine-e-ruzhdies\\\/#article\",\"isPartOf\":{\"@id\":\"https:\\\/\\\/fjala.info\\\/2009-2015\\\/si-demokrat-per-kutine-e-ruzhdies\\\/\"},\"author\":{\"name\":\"admin\",\"@id\":\"https:\\\/\\\/fjala.info\\\/2009-2015\\\/#\\\/schema\\\/person\\\/3aa1163ef05469c496fc94e77611ada2\"},\"headline\":\"Si demokrat p\u00ebr kutin\u00eb e Ruzhdies\",\"datePublished\":\"2010-04-15T22:12:36+00:00\",\"mainEntityOfPage\":{\"@id\":\"https:\\\/\\\/fjala.info\\\/2009-2015\\\/si-demokrat-per-kutine-e-ruzhdies\\\/\"},\"wordCount\":1817,\"commentCount\":1,\"publisher\":{\"@id\":\"https:\\\/\\\/fjala.info\\\/2009-2015\\\/#organization\"},\"articleSection\":[\"Artikuj\"],\"inLanguage\":\"sq-AL\",\"potentialAction\":[{\"@type\":\"CommentAction\",\"name\":\"Comment\",\"target\":[\"https:\\\/\\\/fjala.info\\\/2009-2015\\\/si-demokrat-per-kutine-e-ruzhdies\\\/#respond\"]}]},{\"@type\":\"WebPage\",\"@id\":\"https:\\\/\\\/fjala.info\\\/2009-2015\\\/si-demokrat-per-kutine-e-ruzhdies\\\/\",\"url\":\"https:\\\/\\\/fjala.info\\\/2009-2015\\\/si-demokrat-per-kutine-e-ruzhdies\\\/\",\"name\":\"Si demokrat p\u00ebr kutin\u00eb e Ruzhdies - FjALA e LIR\u00cb - Arkivi\",\"isPartOf\":{\"@id\":\"https:\\\/\\\/fjala.info\\\/2009-2015\\\/#website\"},\"datePublished\":\"2010-04-15T22:12:36+00:00\",\"breadcrumb\":{\"@id\":\"https:\\\/\\\/fjala.info\\\/2009-2015\\\/si-demokrat-per-kutine-e-ruzhdies\\\/#breadcrumb\"},\"inLanguage\":\"sq-AL\",\"potentialAction\":[{\"@type\":\"ReadAction\",\"target\":[\"https:\\\/\\\/fjala.info\\\/2009-2015\\\/si-demokrat-per-kutine-e-ruzhdies\\\/\"]}]},{\"@type\":\"BreadcrumbList\",\"@id\":\"https:\\\/\\\/fjala.info\\\/2009-2015\\\/si-demokrat-per-kutine-e-ruzhdies\\\/#breadcrumb\",\"itemListElement\":[{\"@type\":\"ListItem\",\"position\":1,\"name\":\"Home\",\"item\":\"https:\\\/\\\/fjala.info\\\/2009-2015\\\/\"},{\"@type\":\"ListItem\",\"position\":2,\"name\":\"Si demokrat p\u00ebr kutin\u00eb e Ruzhdies\"}]},{\"@type\":\"WebSite\",\"@id\":\"https:\\\/\\\/fjala.info\\\/2009-2015\\\/#website\",\"url\":\"https:\\\/\\\/fjala.info\\\/2009-2015\\\/\",\"name\":\"FjALA e LIR\u00cb - Arkivi\",\"description\":\"Arkivi 2009-2015\",\"publisher\":{\"@id\":\"https:\\\/\\\/fjala.info\\\/2009-2015\\\/#organization\"},\"potentialAction\":[{\"@type\":\"SearchAction\",\"target\":{\"@type\":\"EntryPoint\",\"urlTemplate\":\"https:\\\/\\\/fjala.info\\\/2009-2015\\\/?s={search_term_string}\"},\"query-input\":{\"@type\":\"PropertyValueSpecification\",\"valueRequired\":true,\"valueName\":\"search_term_string\"}}],\"inLanguage\":\"sq-AL\"},{\"@type\":\"Organization\",\"@id\":\"https:\\\/\\\/fjala.info\\\/2009-2015\\\/#organization\",\"name\":\"FjALA e LIR\u00cb - Arkivi\",\"url\":\"https:\\\/\\\/fjala.info\\\/2009-2015\\\/\",\"logo\":{\"@type\":\"ImageObject\",\"inLanguage\":\"sq-AL\",\"@id\":\"https:\\\/\\\/fjala.info\\\/2009-2015\\\/#\\\/schema\\\/logo\\\/image\\\/\",\"url\":\"\",\"contentUrl\":\"\",\"caption\":\"FjALA e LIR\u00cb - Arkivi\"},\"image\":{\"@id\":\"https:\\\/\\\/fjala.info\\\/2009-2015\\\/#\\\/schema\\\/logo\\\/image\\\/\"}},{\"@type\":\"Person\",\"@id\":\"https:\\\/\\\/fjala.info\\\/2009-2015\\\/#\\\/schema\\\/person\\\/3aa1163ef05469c496fc94e77611ada2\",\"name\":\"admin\",\"image\":{\"@type\":\"ImageObject\",\"inLanguage\":\"sq-AL\",\"@id\":\"https:\\\/\\\/fjala.info\\\/2009-2015\\\/wp-content\\\/uploads\\\/2012\\\/02\\\/arben_cokaj-120x150.jpg\",\"url\":\"https:\\\/\\\/fjala.info\\\/2009-2015\\\/wp-content\\\/uploads\\\/2012\\\/02\\\/arben_cokaj-120x150.jpg\",\"contentUrl\":\"https:\\\/\\\/fjala.info\\\/2009-2015\\\/wp-content\\\/uploads\\\/2012\\\/02\\\/arben_cokaj-120x150.jpg\",\"caption\":\"admin\"},\"description\":\"Admin, Fjala e Lir\u00eb\",\"sameAs\":[\"https:\\\/\\\/fjala.info\\\/\"],\"url\":\"https:\\\/\\\/fjala.info\\\/2009-2015\\\/author\\\/admin\\\/\"}]}<\/script>\n<!-- \/ Yoast SEO plugin. -->","yoast_head_json":{"title":"Si demokrat p\u00ebr kutin\u00eb e Ruzhdies - FjALA e LIR\u00cb - Arkivi","robots":{"index":"index","follow":"follow","max-snippet":"max-snippet:-1","max-image-preview":"max-image-preview:large","max-video-preview":"max-video-preview:-1"},"canonical":"https:\/\/fjala.info\/2009-2015\/si-demokrat-per-kutine-e-ruzhdies\/","og_locale":"sq_AL","og_type":"article","og_title":"Si demokrat p\u00ebr kutin\u00eb e Ruzhdies - FjALA e LIR\u00cb - Arkivi","og_description":"Besnik Mustafaj, 15.04.2010 T\u00eb shumt\u00eb jan\u00eb n\u00eb Shqip\u00ebri sot, ata q\u00eb do t\u00eb d\u00ebshironin me mendje dhe me shpirt ta shihnin t\u00eb zhb\u00ebr\u00eb \u201cfam\u00ebn\u201d e Ruzhdies, k\u00ebsaj komune t\u00eb zakonshme n\u00eb qarkun e Fierit, deri dje krejt\u00ebsisht e panjohur p\u00ebr opinionin publik komb\u00ebtar. Por nuk zhb\u00ebhet e nuk zhb\u00ebhet dot historia, si\u00e7 dihet. N\u00eb detyr\u00ebn [&hellip;]","og_url":"https:\/\/fjala.info\/2009-2015\/si-demokrat-per-kutine-e-ruzhdies\/","og_site_name":"FjALA e LIR\u00cb - Arkivi","article_published_time":"2010-04-15T22:12:36+00:00","author":"admin","twitter_card":"summary_large_image","twitter_misc":{"Written by":"admin","Est. reading time":"9 minutes"},"schema":{"@context":"https:\/\/schema.org","@graph":[{"@type":"Article","@id":"https:\/\/fjala.info\/2009-2015\/si-demokrat-per-kutine-e-ruzhdies\/#article","isPartOf":{"@id":"https:\/\/fjala.info\/2009-2015\/si-demokrat-per-kutine-e-ruzhdies\/"},"author":{"name":"admin","@id":"https:\/\/fjala.info\/2009-2015\/#\/schema\/person\/3aa1163ef05469c496fc94e77611ada2"},"headline":"Si demokrat p\u00ebr kutin\u00eb e Ruzhdies","datePublished":"2010-04-15T22:12:36+00:00","mainEntityOfPage":{"@id":"https:\/\/fjala.info\/2009-2015\/si-demokrat-per-kutine-e-ruzhdies\/"},"wordCount":1817,"commentCount":1,"publisher":{"@id":"https:\/\/fjala.info\/2009-2015\/#organization"},"articleSection":["Artikuj"],"inLanguage":"sq-AL","potentialAction":[{"@type":"CommentAction","name":"Comment","target":["https:\/\/fjala.info\/2009-2015\/si-demokrat-per-kutine-e-ruzhdies\/#respond"]}]},{"@type":"WebPage","@id":"https:\/\/fjala.info\/2009-2015\/si-demokrat-per-kutine-e-ruzhdies\/","url":"https:\/\/fjala.info\/2009-2015\/si-demokrat-per-kutine-e-ruzhdies\/","name":"Si demokrat p\u00ebr kutin\u00eb e Ruzhdies - FjALA e LIR\u00cb - Arkivi","isPartOf":{"@id":"https:\/\/fjala.info\/2009-2015\/#website"},"datePublished":"2010-04-15T22:12:36+00:00","breadcrumb":{"@id":"https:\/\/fjala.info\/2009-2015\/si-demokrat-per-kutine-e-ruzhdies\/#breadcrumb"},"inLanguage":"sq-AL","potentialAction":[{"@type":"ReadAction","target":["https:\/\/fjala.info\/2009-2015\/si-demokrat-per-kutine-e-ruzhdies\/"]}]},{"@type":"BreadcrumbList","@id":"https:\/\/fjala.info\/2009-2015\/si-demokrat-per-kutine-e-ruzhdies\/#breadcrumb","itemListElement":[{"@type":"ListItem","position":1,"name":"Home","item":"https:\/\/fjala.info\/2009-2015\/"},{"@type":"ListItem","position":2,"name":"Si demokrat p\u00ebr kutin\u00eb e Ruzhdies"}]},{"@type":"WebSite","@id":"https:\/\/fjala.info\/2009-2015\/#website","url":"https:\/\/fjala.info\/2009-2015\/","name":"FjALA e LIR\u00cb - Arkivi","description":"Arkivi 2009-2015","publisher":{"@id":"https:\/\/fjala.info\/2009-2015\/#organization"},"potentialAction":[{"@type":"SearchAction","target":{"@type":"EntryPoint","urlTemplate":"https:\/\/fjala.info\/2009-2015\/?s={search_term_string}"},"query-input":{"@type":"PropertyValueSpecification","valueRequired":true,"valueName":"search_term_string"}}],"inLanguage":"sq-AL"},{"@type":"Organization","@id":"https:\/\/fjala.info\/2009-2015\/#organization","name":"FjALA e LIR\u00cb - Arkivi","url":"https:\/\/fjala.info\/2009-2015\/","logo":{"@type":"ImageObject","inLanguage":"sq-AL","@id":"https:\/\/fjala.info\/2009-2015\/#\/schema\/logo\/image\/","url":"","contentUrl":"","caption":"FjALA e LIR\u00cb - Arkivi"},"image":{"@id":"https:\/\/fjala.info\/2009-2015\/#\/schema\/logo\/image\/"}},{"@type":"Person","@id":"https:\/\/fjala.info\/2009-2015\/#\/schema\/person\/3aa1163ef05469c496fc94e77611ada2","name":"admin","image":{"@type":"ImageObject","inLanguage":"sq-AL","@id":"https:\/\/fjala.info\/2009-2015\/wp-content\/uploads\/2012\/02\/arben_cokaj-120x150.jpg","url":"https:\/\/fjala.info\/2009-2015\/wp-content\/uploads\/2012\/02\/arben_cokaj-120x150.jpg","contentUrl":"https:\/\/fjala.info\/2009-2015\/wp-content\/uploads\/2012\/02\/arben_cokaj-120x150.jpg","caption":"admin"},"description":"Admin, Fjala e Lir\u00eb","sameAs":["https:\/\/fjala.info\/"],"url":"https:\/\/fjala.info\/2009-2015\/author\/admin\/"}]}},"_links":{"self":[{"href":"https:\/\/fjala.info\/2009-2015\/wp-json\/wp\/v2\/posts\/2241","targetHints":{"allow":["GET"]}}],"collection":[{"href":"https:\/\/fjala.info\/2009-2015\/wp-json\/wp\/v2\/posts"}],"about":[{"href":"https:\/\/fjala.info\/2009-2015\/wp-json\/wp\/v2\/types\/post"}],"author":[{"embeddable":true,"href":"https:\/\/fjala.info\/2009-2015\/wp-json\/wp\/v2\/users\/1"}],"replies":[{"embeddable":true,"href":"https:\/\/fjala.info\/2009-2015\/wp-json\/wp\/v2\/comments?post=2241"}],"version-history":[{"count":0,"href":"https:\/\/fjala.info\/2009-2015\/wp-json\/wp\/v2\/posts\/2241\/revisions"}],"wp:attachment":[{"href":"https:\/\/fjala.info\/2009-2015\/wp-json\/wp\/v2\/media?parent=2241"}],"wp:term":[{"taxonomy":"category","embeddable":true,"href":"https:\/\/fjala.info\/2009-2015\/wp-json\/wp\/v2\/categories?post=2241"},{"taxonomy":"post_tag","embeddable":true,"href":"https:\/\/fjala.info\/2009-2015\/wp-json\/wp\/v2\/tags?post=2241"}],"curies":[{"name":"wp","href":"https:\/\/api.w.org\/{rel}","templated":true}]}}