{"id":2230,"date":"2012-03-20T22:08:15","date_gmt":"2012-03-20T21:08:15","guid":{"rendered":"http:\/\/fjala.shkoder.net\/?p=2230"},"modified":"2012-03-20T22:08:15","modified_gmt":"2012-03-20T21:08:15","slug":"21-marsi-dita-nderkombetare-e-poezise","status":"publish","type":"post","link":"https:\/\/fjala.info\/2009-2015\/21-marsi-dita-nderkombetare-e-poezise\/","title":{"rendered":"21 Marsi \u2013 Dita Nd\u00ebrkomb\u00ebtare e Poezis\u00eb"},"content":{"rendered":"<p><img decoding=\"async\" class=\"alignright size-thumbnail wp-image-7236\" title=\"Arjan Th. Kall\u00e7o\" src=\"http:\/\/www.shkoder.net\/images\/fjala\/2011\/arjan_kallco.jpg\" alt=\"\" width=\"150\" \/> <strong>Arjan Th. Kall\u00e7o<\/strong><\/p>\n<p>Nes\u00ebr poet\u00ebt n\u00eb mbar\u00eb bot\u00ebn festojn\u00eb dit\u00ebn e tyre m\u00eb t\u00eb r\u00ebnd\u00ebsishme q\u00eb lidhet drejp\u00ebrdrejt me krijimtarin\u00eb e tyre letrare, shpirt\u00ebrore dhe vitale. Kan\u00eb kaluar shekujt dhe vargjet m\u00eb t\u00eb bukura t\u00eb poezive i lexojm\u00eb edhe sot; emrat m\u00eb t\u00eb dashur t\u00eb poet\u00ebve universal\u00eb i shikojm\u00eb edhe sot n\u00eb libra dhe ekrane, n\u00eb internet dhe n\u00eb jet\u00ebn reale, skalitur me madh\u00ebshti n\u00eb p\u00ebrmendoret e shumta q\u00eb \u00e7do komb u ka ngritur.<\/p>\n<p>Poet\u00ebt jan\u00eb far\u00ebmbjell\u00ebsit e nj\u00eb ndjenje t\u00eb fuqishme sa vet\u00eb d\u00ebshira p\u00ebr jet\u00ebn, por edhe t\u00eb nj\u00eb gjuhe q\u00eb i kap\u00ebrcen nivelet e standarteve gjuh\u00ebsore, pasi jan\u00eb vet\u00eb letrar\u00ebt ata q\u00eb u paraprijn\u00eb atyre. Cila gjuh\u00eb deri m\u00eb sot e ka anashkaluar krijimtarin\u00eb e n\u00ebj kombi, t\u00eb nj\u00eb trash\u00ebgimie t\u00eb pasur dhe t\u00eb larmishme kulturore? Sikur t\u00eb hapen analet e historis\u00eb s\u00eb letr\u00ebsis\u00eb do t\u00eb shk\u00eblqejn\u00eb me madh\u00ebshti Aligier\u00ebt, Shekspir\u00ebt, G\u00ebtet, Poet\u00eb, Kavafisit e \u00e7do vendi. Nuk ka d\u00ebshmi m\u00eb t\u00eb v\u00ebrtet\u00eb sesa kur \u00ebsht\u00eb vet\u00eb historia q\u00eb flet.<\/p>\n<p>Poet\u00ebt jan\u00eb kopshtar\u00ebt apo lulerit\u00ebsit e nj\u00eb dashurie p\u00ebr poezin\u00eb sa vet\u00eb dashuria edhe sikur kjo dashuri t\u00eb k\u00ebrkoj\u00eb sakrifica apo t\u00eb kaloj\u00eb p\u00ebrmes v\u00ebshtir\u00ebsive dhe kalvareve. Nj\u00eb dashuri, nj\u00eb lule, nj\u00eb poezi ngjajn\u00eb mes tyre, pasi n\u00eb themel kan\u00eb at\u00eb p\u00ebrkujdesje gati maniake q\u00eb gj\u00ebrat t\u00eb rriten t\u00eb sh\u00ebndetshme dhe t\u00eb ecin fjoll\u00eb. Hiqini dashuris\u00eb arom\u00ebn dhe poezin\u00eb, do t\u00eb mbetej nj\u00eb ndjenj\u00eb e cunguar dhe e pashije. Hiqni nj\u00eb luleje dashurin\u00eb e kopshtarit dhe arom\u00ebn, askush nuk do ta p\u00eblqente e jo m\u00eb ta blinte si dhurat\u00eb p\u00ebr dashurin\u00eb. Hiqini poezis\u00eb delikates\u00ebn e ndjenj\u00ebs s\u00eb dashuris\u00eb dhe arom\u00ebn e jet\u00ebs si nj\u00eb lule dhe kurr\u00eb, kurr\u00eb m\u00eb poezia nuk do ta shp\u00ebtonte bot\u00ebn.<\/p>\n<p>Poet\u00ebt jan\u00eb ikonat e pap\u00ebrs\u00ebritsh\u00ebm t\u00eb ndjenjave m\u00eb sublime n\u00eb jet\u00eb q\u00eb nga atdhedashuria e shekujve e deri n\u00eb mbart\u00ebs t\u00eb idealeve m\u00eb t\u00eb larta t\u00eb njer\u00ebzimit, kritik\u00ebt e pandreqsh\u00ebm ndaj nj\u00eb bote, ndaj nj\u00eb jete q\u00eb edhe pse t\u00eb mahnit p\u00ebr nga mrekullia, ka ende shum\u00eb rrug\u00eb p\u00ebr t\u00eb b\u00ebr\u00eb p\u00ebr nj\u00eb jet\u00eb m\u00eb dinjitoze p\u00ebr t\u00eb gjith\u00eb. Ja pr apse poet\u00ebt jan\u00eb k\u00ebng\u00ebtar\u00ebt e t\u00eb mundshmes dhe t\u00eb pamundshmes, t\u00eb lot\u00ebve dhe t\u00eb buz\u00ebqeshjes, t\u00eb afris\u00eb dhe larg\u00ebsis\u00eb, t\u00eb mallit dhe t\u00eb lamtumir\u00ebs, t\u00eb jet\u00ebs dhe t\u00eb pavdek\u00ebsis\u00eb.<\/p>\n<p>Sot n\u00eb nj\u00eb nga gazetat shqiptare lexova nj\u00eb titull absurd q\u00eb asnj\u00eb logjik\u00eb sado e paditur nuk mund ta pranoj\u00eb: a jan\u00eb artist\u00ebt diktator\u00eb? Nuk e di n\u00ebse artist\u00ebt mund t\u00eb nxjerrin ligje q\u00eb t\u2019i diktojn\u00eb pushtetit, ka mes tyre q\u00eb i l\u00ebpihen pushtetit apo i sh\u00ebrbejn\u00eb atij, forc\u00ebn dhe imponimin e mendimit t\u00eb vet\u00eb poetit. Po ta b\u00ebnin dhe pushteti ta d\u00ebgjonte do t\u00eb ishte nj\u00eb fitore e madhe jo vet\u00ebm p\u00ebr let\u00ebrsin\u00eb, artin dhe kultur\u00ebn, por edhe p\u00ebr vet\u00eb njer\u00ebzimin, p\u00ebr t\u00eb cilin thuhet se pushtetet merakosen shum\u00eb.<\/p>\n<p>Artist\u00ebt nuk prodhojn\u00eb bomba dhe arm\u00eb, nuk thurrin fije komplotesh si pushtetet, por krijojn\u00eb vargje, shkurajn\u00eb libra, nxjerrin nga mendja dhe duart e tyre kryevepra q\u00eb sigurisht ngjallin xhelozi tek pushtetet, pasi nuk jan\u00eb t\u00eb zot\u00ebt ta b\u00ebjn\u00eb at\u00eb. Mund t\u00eb vazhdoj edhe m\u00eb gjat\u00eb t\u00eb sjell fakte t\u00eb \u201cdiktatur\u00ebs\u201d s\u00eb artist\u00ebve, por po e ndal reflektimin tim k\u00ebtu, p\u00ebr t\u2019ua l\u00ebn\u00eb t\u00eb tjer\u00ebve q\u00eb t\u00eb shprehin \u201cdiktatur\u00ebn\u201d e tyre nes\u00ebr me vargjet delikate p\u00ebr pranver\u00ebn, jet\u00ebn, natyr\u00ebn, p\u00ebr dhimbjet dhe g\u00ebzimet e \u00e7do dite q\u00eb kalon dhe q\u00eb tregon qart\u00eb dallimin nga diktaturat reale t\u00eb pushteteve. Kur nes\u00ebr faqet e gazetave t\u00eb mbushen me poezi t\u00eb v\u00ebrtet\u00eb, do t\u00eb ishte mir\u00eb q\u00eb edhe nj\u00eb t\u00eb vetme ta lexonit, t\u00eb ndaleni gjat\u00eb dhe t\u00eb reflektoni p\u00ebr intuit\u00ebn dhe shijen e poet\u00ebve, p\u00ebr m\u00ebnyr\u00ebn sesi ata e sjellin jet\u00ebn, p\u00ebr forc\u00ebn e madhe t\u00eb vargjeve q\u00eb nuk i mbulon dot as pluhuri i koh\u00ebs dhe historis\u00eb. Nuk e di n\u00ebse diktator\u00ebt marrin ndonj\u00ebher\u00eb \u00c7mimin Nobel q\u00eb u akordohet mjesht\u00ebrave t\u00eb fjal\u00ebs artistike.<\/p>\n<p>Po t\u00eb ishte diktatur\u00eb kultura, UNESKO-ja nuk do t\u00eb kishte guxuar kurr\u00eb q\u00eb ta shpallte 21 marsin Dit\u00ebn Nd\u00ebrkomb\u00ebtare t\u00eb Poezis\u00eb, por do ta kishte njollosur at\u00eb me damk\u00ebn e turpit, edhe vet\u00eb shoq\u00ebria do ta kishte harruar, por jo, jemi d\u00ebshmimtar\u00eb t\u00eb gjall\u00eb, jan\u00eb d\u00ebshmimtar\u00eb breza e breza t\u00eb t\u00ebr\u00eb q\u00eb e mbajt\u00ebn gjall\u00eb dhe po e mbajn\u00eb ende sot, sepse shohin tek poezia mikun, shokun, t\u00eb dashurin\/t\u00eb dashur\u00ebn t\u00eb cil\u00ebve ua ndjejm\u00eb munges\u00ebn n\u00eb jet\u00ebn ton\u00eb t\u00eb p\u00ebrditshme. Vet\u00eb manifesti i shpallur na e b\u00ebn t\u00eb qart\u00eb rolin e k\u00ebsaj Dite.<\/p>\n<p>Dita Bot\u00ebrore e poezis\u00eb u themelua nga Sesioni i 30-t\u00eb i Konferenc\u00ebs s\u00eb P\u00ebrgjithshme t\u00eb UNESKO-s n\u00eb vitin 1999 dhe u festua p\u00ebr her\u00eb t\u00eb par\u00eb m\u00eb 21 mars t\u00eb vitit 2000 dhe jo pa q\u00ebllim u zgjodh kjo dat\u00eb, pasi jan\u00eb n\u00eb nj\u00eb koin\u00e7idenc\u00eb t\u00eb p\u00ebrsosur me ekuinoksin e Pranver\u00ebs. Kjo dat\u00eb njeh tek shprehja poetike nj\u00eb rol t\u00eb privilegjuar n\u00eb promovimin e dialogut dhe t\u00eb mir\u00ebkuptimit nd\u00ebrkulturor, t\u00eb diversitetit gjuh\u00ebsor dhe kulturor, t\u00eb komunikimit dhe paqes. Me k\u00ebt\u00eb dat\u00eb deshi q\u00eb t\u2019ia dedikoj\u00eb takimit t\u00eb formave t\u00eb ndryshme t\u00eb krijimtaris\u00eb, duke u p\u00ebrballur me sfidat q\u00eb komunikimi dhe kultura po kap\u00ebrcejn\u00eb n\u00eb k\u00ebto vite. Midis formave t\u00eb ndryshme t\u00eb shprehjes, \u00e7do shoq\u00ebri njer\u00ebzore e shikon statutin shum\u00eb t\u00eb vjet\u00ebr t\u00eb artit poetic si nj\u00eb vend baze t\u00eb memories, baz\u00eb t\u00eb t\u00eb gjitha formave t\u00eb tjera t\u00eb krijimtaris\u00eb letrare dhe artistike.<\/p>\n<p>Do t\u00eb ishte m\u00eb mir\u00eb q\u00eb edhe idhtar\u00ebt e artikujve t\u00eb sip\u00ebrp\u00ebrmendur t\u00eb merreshin m\u00eb shum\u00eb me let\u00ebrsi dhe t\u00eb lexonin edhe poezi, pse jo edhe t\u00eb p\u00ebrpiqeshin t\u00eb krijonin, sesa t\u00eb shohin \u00ebndrra syhapur. G\u00ebzuar Dit\u00ebn e par\u00eb t\u00eb Pranver\u00ebs dhe Fest\u00ebn e Poezis\u00eb.<\/p>\n<blockquote><p><strong>Poezia e jet\u00ebs<\/strong><\/p>\n<p>Takova dikur nj\u00eb bujk tek mbillte<br \/>\nFar\u00ebn n\u00eb arr\u00eb dhe m\u00eb tha :<br \/>\nFara \u00ebsht\u00eb jet\u00eb q\u00eb p\u00ebrs\u00ebrit<br \/>\nCiklin e vet.<br \/>\nTakova edhe nj\u00eb pun\u00ebtor tek kaliste<br \/>\nHekurin n\u00eb punishte dhe m\u00eb tha :<br \/>\nSendi \u00ebsht\u00eb mjeti q\u00eb far\u00ebs<br \/>\nI jep jet\u00eb.<br \/>\nTakova pastaj nj\u00eb filozof tek v\u00ebshtronte<br \/>\nPem\u00ebn e \u00e7elur m\u00eb tha :<br \/>\nPema \u00ebsht\u00eb jeta e far\u00ebs<br \/>\nQ\u00eb prej saj kurr\u00eb s\u2019u nda.<br \/>\nTakova nj\u00eb poet tek shkruante<br \/>\nVargje mbi nj\u00eb flet\u00eb m\u00eb tha :<br \/>\nPoezia \u00ebsht\u00eb pasqyra e far\u00ebs<br \/>\nQ\u00eb p\u00ebrjet\u00ebsisht veten aty e pa.<\/p>\n<p><strong>Arjan Th. Kall\u00e7o <\/strong><br \/>\n<em>20 mars 2012<\/em><\/p><\/blockquote>\n","protected":false},"excerpt":{"rendered":"<p>Arjan Th. Kall\u00e7o Nes\u00ebr poet\u00ebt n\u00eb mbar\u00eb bot\u00ebn festojn\u00eb dit\u00ebn e tyre m\u00eb t\u00eb r\u00ebnd\u00ebsishme q\u00eb lidhet drejp\u00ebrdrejt me krijimtarin\u00eb e tyre letrare, shpirt\u00ebrore dhe vitale. Kan\u00eb kaluar shekujt dhe vargjet m\u00eb t\u00eb bukura t\u00eb poezive i lexojm\u00eb edhe sot; emrat m\u00eb t\u00eb dashur t\u00eb poet\u00ebve universal\u00eb i shikojm\u00eb edhe sot n\u00eb libra dhe ekrane, [&hellip;]<\/p>\n","protected":false},"author":1,"featured_media":0,"comment_status":"open","ping_status":"closed","sticky":false,"template":"","format":"standard","meta":{"footnotes":""},"categories":[2],"tags":[],"class_list":{"0":"post-2230","1":"post","2":"type-post","3":"status-publish","4":"format-standard","6":"category-artikuj"},"yoast_head":"<!-- This site is optimized with the Yoast SEO plugin v27.4 - https:\/\/yoast.com\/product\/yoast-seo-wordpress\/ -->\n<title>21 Marsi \u2013 Dita Nd\u00ebrkomb\u00ebtare e Poezis\u00eb - FjALA e LIR\u00cb - Arkivi<\/title>\n<meta name=\"robots\" content=\"index, follow, max-snippet:-1, max-image-preview:large, max-video-preview:-1\" \/>\n<link rel=\"canonical\" href=\"https:\/\/fjala.info\/2009-2015\/21-marsi-dita-nderkombetare-e-poezise\/\" \/>\n<meta property=\"og:locale\" content=\"sq_AL\" \/>\n<meta property=\"og:type\" content=\"article\" \/>\n<meta property=\"og:title\" content=\"21 Marsi \u2013 Dita Nd\u00ebrkomb\u00ebtare e Poezis\u00eb - FjALA e LIR\u00cb - Arkivi\" \/>\n<meta property=\"og:description\" content=\"Arjan Th. Kall\u00e7o Nes\u00ebr poet\u00ebt n\u00eb mbar\u00eb bot\u00ebn festojn\u00eb dit\u00ebn e tyre m\u00eb t\u00eb r\u00ebnd\u00ebsishme q\u00eb lidhet drejp\u00ebrdrejt me krijimtarin\u00eb e tyre letrare, shpirt\u00ebrore dhe vitale. Kan\u00eb kaluar shekujt dhe vargjet m\u00eb t\u00eb bukura t\u00eb poezive i lexojm\u00eb edhe sot; emrat m\u00eb t\u00eb dashur t\u00eb poet\u00ebve universal\u00eb i shikojm\u00eb edhe sot n\u00eb libra dhe ekrane, [&hellip;]\" \/>\n<meta property=\"og:url\" content=\"https:\/\/fjala.info\/2009-2015\/21-marsi-dita-nderkombetare-e-poezise\/\" \/>\n<meta property=\"og:site_name\" content=\"FjALA e LIR\u00cb - Arkivi\" \/>\n<meta property=\"article:published_time\" content=\"2012-03-20T21:08:15+00:00\" \/>\n<meta property=\"og:image\" content=\"http:\/\/www.shkoder.net\/images\/fjala\/2011\/arjan_kallco.jpg\" \/>\n<meta name=\"author\" content=\"admin\" \/>\n<meta name=\"twitter:card\" content=\"summary_large_image\" \/>\n<meta name=\"twitter:label1\" content=\"Written by\" \/>\n\t<meta name=\"twitter:data1\" content=\"admin\" \/>\n\t<meta name=\"twitter:label2\" content=\"Est. reading time\" \/>\n\t<meta name=\"twitter:data2\" content=\"6 minutes\" \/>\n<script type=\"application\/ld+json\" class=\"yoast-schema-graph\">{\"@context\":\"https:\\\/\\\/schema.org\",\"@graph\":[{\"@type\":\"Article\",\"@id\":\"https:\\\/\\\/fjala.info\\\/2009-2015\\\/21-marsi-dita-nderkombetare-e-poezise\\\/#article\",\"isPartOf\":{\"@id\":\"https:\\\/\\\/fjala.info\\\/2009-2015\\\/21-marsi-dita-nderkombetare-e-poezise\\\/\"},\"author\":{\"name\":\"admin\",\"@id\":\"https:\\\/\\\/fjala.info\\\/2009-2015\\\/#\\\/schema\\\/person\\\/3aa1163ef05469c496fc94e77611ada2\"},\"headline\":\"21 Marsi \u2013 Dita Nd\u00ebrkomb\u00ebtare e Poezis\u00eb\",\"datePublished\":\"2012-03-20T21:08:15+00:00\",\"mainEntityOfPage\":{\"@id\":\"https:\\\/\\\/fjala.info\\\/2009-2015\\\/21-marsi-dita-nderkombetare-e-poezise\\\/\"},\"wordCount\":1189,\"commentCount\":1,\"publisher\":{\"@id\":\"https:\\\/\\\/fjala.info\\\/2009-2015\\\/#organization\"},\"image\":{\"@id\":\"https:\\\/\\\/fjala.info\\\/2009-2015\\\/21-marsi-dita-nderkombetare-e-poezise\\\/#primaryimage\"},\"thumbnailUrl\":\"http:\\\/\\\/www.shkoder.net\\\/images\\\/fjala\\\/2011\\\/arjan_kallco.jpg\",\"articleSection\":[\"Artikuj\"],\"inLanguage\":\"sq-AL\",\"potentialAction\":[{\"@type\":\"CommentAction\",\"name\":\"Comment\",\"target\":[\"https:\\\/\\\/fjala.info\\\/2009-2015\\\/21-marsi-dita-nderkombetare-e-poezise\\\/#respond\"]}]},{\"@type\":\"WebPage\",\"@id\":\"https:\\\/\\\/fjala.info\\\/2009-2015\\\/21-marsi-dita-nderkombetare-e-poezise\\\/\",\"url\":\"https:\\\/\\\/fjala.info\\\/2009-2015\\\/21-marsi-dita-nderkombetare-e-poezise\\\/\",\"name\":\"21 Marsi \u2013 Dita Nd\u00ebrkomb\u00ebtare e Poezis\u00eb - FjALA e LIR\u00cb - Arkivi\",\"isPartOf\":{\"@id\":\"https:\\\/\\\/fjala.info\\\/2009-2015\\\/#website\"},\"primaryImageOfPage\":{\"@id\":\"https:\\\/\\\/fjala.info\\\/2009-2015\\\/21-marsi-dita-nderkombetare-e-poezise\\\/#primaryimage\"},\"image\":{\"@id\":\"https:\\\/\\\/fjala.info\\\/2009-2015\\\/21-marsi-dita-nderkombetare-e-poezise\\\/#primaryimage\"},\"thumbnailUrl\":\"http:\\\/\\\/www.shkoder.net\\\/images\\\/fjala\\\/2011\\\/arjan_kallco.jpg\",\"datePublished\":\"2012-03-20T21:08:15+00:00\",\"breadcrumb\":{\"@id\":\"https:\\\/\\\/fjala.info\\\/2009-2015\\\/21-marsi-dita-nderkombetare-e-poezise\\\/#breadcrumb\"},\"inLanguage\":\"sq-AL\",\"potentialAction\":[{\"@type\":\"ReadAction\",\"target\":[\"https:\\\/\\\/fjala.info\\\/2009-2015\\\/21-marsi-dita-nderkombetare-e-poezise\\\/\"]}]},{\"@type\":\"ImageObject\",\"inLanguage\":\"sq-AL\",\"@id\":\"https:\\\/\\\/fjala.info\\\/2009-2015\\\/21-marsi-dita-nderkombetare-e-poezise\\\/#primaryimage\",\"url\":\"http:\\\/\\\/www.shkoder.net\\\/images\\\/fjala\\\/2011\\\/arjan_kallco.jpg\",\"contentUrl\":\"http:\\\/\\\/www.shkoder.net\\\/images\\\/fjala\\\/2011\\\/arjan_kallco.jpg\"},{\"@type\":\"BreadcrumbList\",\"@id\":\"https:\\\/\\\/fjala.info\\\/2009-2015\\\/21-marsi-dita-nderkombetare-e-poezise\\\/#breadcrumb\",\"itemListElement\":[{\"@type\":\"ListItem\",\"position\":1,\"name\":\"Home\",\"item\":\"https:\\\/\\\/fjala.info\\\/2009-2015\\\/\"},{\"@type\":\"ListItem\",\"position\":2,\"name\":\"21 Marsi \u2013 Dita Nd\u00ebrkomb\u00ebtare e Poezis\u00eb\"}]},{\"@type\":\"WebSite\",\"@id\":\"https:\\\/\\\/fjala.info\\\/2009-2015\\\/#website\",\"url\":\"https:\\\/\\\/fjala.info\\\/2009-2015\\\/\",\"name\":\"FjALA e LIR\u00cb - Arkivi\",\"description\":\"Arkivi 2009-2015\",\"publisher\":{\"@id\":\"https:\\\/\\\/fjala.info\\\/2009-2015\\\/#organization\"},\"potentialAction\":[{\"@type\":\"SearchAction\",\"target\":{\"@type\":\"EntryPoint\",\"urlTemplate\":\"https:\\\/\\\/fjala.info\\\/2009-2015\\\/?s={search_term_string}\"},\"query-input\":{\"@type\":\"PropertyValueSpecification\",\"valueRequired\":true,\"valueName\":\"search_term_string\"}}],\"inLanguage\":\"sq-AL\"},{\"@type\":\"Organization\",\"@id\":\"https:\\\/\\\/fjala.info\\\/2009-2015\\\/#organization\",\"name\":\"FjALA e LIR\u00cb - Arkivi\",\"url\":\"https:\\\/\\\/fjala.info\\\/2009-2015\\\/\",\"logo\":{\"@type\":\"ImageObject\",\"inLanguage\":\"sq-AL\",\"@id\":\"https:\\\/\\\/fjala.info\\\/2009-2015\\\/#\\\/schema\\\/logo\\\/image\\\/\",\"url\":\"\",\"contentUrl\":\"\",\"caption\":\"FjALA e LIR\u00cb - Arkivi\"},\"image\":{\"@id\":\"https:\\\/\\\/fjala.info\\\/2009-2015\\\/#\\\/schema\\\/logo\\\/image\\\/\"}},{\"@type\":\"Person\",\"@id\":\"https:\\\/\\\/fjala.info\\\/2009-2015\\\/#\\\/schema\\\/person\\\/3aa1163ef05469c496fc94e77611ada2\",\"name\":\"admin\",\"image\":{\"@type\":\"ImageObject\",\"inLanguage\":\"sq-AL\",\"@id\":\"https:\\\/\\\/fjala.info\\\/2009-2015\\\/wp-content\\\/uploads\\\/2012\\\/02\\\/arben_cokaj-120x150.jpg\",\"url\":\"https:\\\/\\\/fjala.info\\\/2009-2015\\\/wp-content\\\/uploads\\\/2012\\\/02\\\/arben_cokaj-120x150.jpg\",\"contentUrl\":\"https:\\\/\\\/fjala.info\\\/2009-2015\\\/wp-content\\\/uploads\\\/2012\\\/02\\\/arben_cokaj-120x150.jpg\",\"caption\":\"admin\"},\"description\":\"Admin, Fjala e Lir\u00eb\",\"sameAs\":[\"https:\\\/\\\/fjala.info\\\/\"],\"url\":\"https:\\\/\\\/fjala.info\\\/2009-2015\\\/author\\\/admin\\\/\"}]}<\/script>\n<!-- \/ Yoast SEO plugin. -->","yoast_head_json":{"title":"21 Marsi \u2013 Dita Nd\u00ebrkomb\u00ebtare e Poezis\u00eb - FjALA e LIR\u00cb - Arkivi","robots":{"index":"index","follow":"follow","max-snippet":"max-snippet:-1","max-image-preview":"max-image-preview:large","max-video-preview":"max-video-preview:-1"},"canonical":"https:\/\/fjala.info\/2009-2015\/21-marsi-dita-nderkombetare-e-poezise\/","og_locale":"sq_AL","og_type":"article","og_title":"21 Marsi \u2013 Dita Nd\u00ebrkomb\u00ebtare e Poezis\u00eb - FjALA e LIR\u00cb - Arkivi","og_description":"Arjan Th. Kall\u00e7o Nes\u00ebr poet\u00ebt n\u00eb mbar\u00eb bot\u00ebn festojn\u00eb dit\u00ebn e tyre m\u00eb t\u00eb r\u00ebnd\u00ebsishme q\u00eb lidhet drejp\u00ebrdrejt me krijimtarin\u00eb e tyre letrare, shpirt\u00ebrore dhe vitale. Kan\u00eb kaluar shekujt dhe vargjet m\u00eb t\u00eb bukura t\u00eb poezive i lexojm\u00eb edhe sot; emrat m\u00eb t\u00eb dashur t\u00eb poet\u00ebve universal\u00eb i shikojm\u00eb edhe sot n\u00eb libra dhe ekrane, [&hellip;]","og_url":"https:\/\/fjala.info\/2009-2015\/21-marsi-dita-nderkombetare-e-poezise\/","og_site_name":"FjALA e LIR\u00cb - Arkivi","article_published_time":"2012-03-20T21:08:15+00:00","og_image":[{"url":"http:\/\/www.shkoder.net\/images\/fjala\/2011\/arjan_kallco.jpg","type":"","width":"","height":""}],"author":"admin","twitter_card":"summary_large_image","twitter_misc":{"Written by":"admin","Est. reading time":"6 minutes"},"schema":{"@context":"https:\/\/schema.org","@graph":[{"@type":"Article","@id":"https:\/\/fjala.info\/2009-2015\/21-marsi-dita-nderkombetare-e-poezise\/#article","isPartOf":{"@id":"https:\/\/fjala.info\/2009-2015\/21-marsi-dita-nderkombetare-e-poezise\/"},"author":{"name":"admin","@id":"https:\/\/fjala.info\/2009-2015\/#\/schema\/person\/3aa1163ef05469c496fc94e77611ada2"},"headline":"21 Marsi \u2013 Dita Nd\u00ebrkomb\u00ebtare e Poezis\u00eb","datePublished":"2012-03-20T21:08:15+00:00","mainEntityOfPage":{"@id":"https:\/\/fjala.info\/2009-2015\/21-marsi-dita-nderkombetare-e-poezise\/"},"wordCount":1189,"commentCount":1,"publisher":{"@id":"https:\/\/fjala.info\/2009-2015\/#organization"},"image":{"@id":"https:\/\/fjala.info\/2009-2015\/21-marsi-dita-nderkombetare-e-poezise\/#primaryimage"},"thumbnailUrl":"http:\/\/www.shkoder.net\/images\/fjala\/2011\/arjan_kallco.jpg","articleSection":["Artikuj"],"inLanguage":"sq-AL","potentialAction":[{"@type":"CommentAction","name":"Comment","target":["https:\/\/fjala.info\/2009-2015\/21-marsi-dita-nderkombetare-e-poezise\/#respond"]}]},{"@type":"WebPage","@id":"https:\/\/fjala.info\/2009-2015\/21-marsi-dita-nderkombetare-e-poezise\/","url":"https:\/\/fjala.info\/2009-2015\/21-marsi-dita-nderkombetare-e-poezise\/","name":"21 Marsi \u2013 Dita Nd\u00ebrkomb\u00ebtare e Poezis\u00eb - FjALA e LIR\u00cb - Arkivi","isPartOf":{"@id":"https:\/\/fjala.info\/2009-2015\/#website"},"primaryImageOfPage":{"@id":"https:\/\/fjala.info\/2009-2015\/21-marsi-dita-nderkombetare-e-poezise\/#primaryimage"},"image":{"@id":"https:\/\/fjala.info\/2009-2015\/21-marsi-dita-nderkombetare-e-poezise\/#primaryimage"},"thumbnailUrl":"http:\/\/www.shkoder.net\/images\/fjala\/2011\/arjan_kallco.jpg","datePublished":"2012-03-20T21:08:15+00:00","breadcrumb":{"@id":"https:\/\/fjala.info\/2009-2015\/21-marsi-dita-nderkombetare-e-poezise\/#breadcrumb"},"inLanguage":"sq-AL","potentialAction":[{"@type":"ReadAction","target":["https:\/\/fjala.info\/2009-2015\/21-marsi-dita-nderkombetare-e-poezise\/"]}]},{"@type":"ImageObject","inLanguage":"sq-AL","@id":"https:\/\/fjala.info\/2009-2015\/21-marsi-dita-nderkombetare-e-poezise\/#primaryimage","url":"http:\/\/www.shkoder.net\/images\/fjala\/2011\/arjan_kallco.jpg","contentUrl":"http:\/\/www.shkoder.net\/images\/fjala\/2011\/arjan_kallco.jpg"},{"@type":"BreadcrumbList","@id":"https:\/\/fjala.info\/2009-2015\/21-marsi-dita-nderkombetare-e-poezise\/#breadcrumb","itemListElement":[{"@type":"ListItem","position":1,"name":"Home","item":"https:\/\/fjala.info\/2009-2015\/"},{"@type":"ListItem","position":2,"name":"21 Marsi \u2013 Dita Nd\u00ebrkomb\u00ebtare e Poezis\u00eb"}]},{"@type":"WebSite","@id":"https:\/\/fjala.info\/2009-2015\/#website","url":"https:\/\/fjala.info\/2009-2015\/","name":"FjALA e LIR\u00cb - Arkivi","description":"Arkivi 2009-2015","publisher":{"@id":"https:\/\/fjala.info\/2009-2015\/#organization"},"potentialAction":[{"@type":"SearchAction","target":{"@type":"EntryPoint","urlTemplate":"https:\/\/fjala.info\/2009-2015\/?s={search_term_string}"},"query-input":{"@type":"PropertyValueSpecification","valueRequired":true,"valueName":"search_term_string"}}],"inLanguage":"sq-AL"},{"@type":"Organization","@id":"https:\/\/fjala.info\/2009-2015\/#organization","name":"FjALA e LIR\u00cb - Arkivi","url":"https:\/\/fjala.info\/2009-2015\/","logo":{"@type":"ImageObject","inLanguage":"sq-AL","@id":"https:\/\/fjala.info\/2009-2015\/#\/schema\/logo\/image\/","url":"","contentUrl":"","caption":"FjALA e LIR\u00cb - Arkivi"},"image":{"@id":"https:\/\/fjala.info\/2009-2015\/#\/schema\/logo\/image\/"}},{"@type":"Person","@id":"https:\/\/fjala.info\/2009-2015\/#\/schema\/person\/3aa1163ef05469c496fc94e77611ada2","name":"admin","image":{"@type":"ImageObject","inLanguage":"sq-AL","@id":"https:\/\/fjala.info\/2009-2015\/wp-content\/uploads\/2012\/02\/arben_cokaj-120x150.jpg","url":"https:\/\/fjala.info\/2009-2015\/wp-content\/uploads\/2012\/02\/arben_cokaj-120x150.jpg","contentUrl":"https:\/\/fjala.info\/2009-2015\/wp-content\/uploads\/2012\/02\/arben_cokaj-120x150.jpg","caption":"admin"},"description":"Admin, Fjala e Lir\u00eb","sameAs":["https:\/\/fjala.info\/"],"url":"https:\/\/fjala.info\/2009-2015\/author\/admin\/"}]}},"_links":{"self":[{"href":"https:\/\/fjala.info\/2009-2015\/wp-json\/wp\/v2\/posts\/2230","targetHints":{"allow":["GET"]}}],"collection":[{"href":"https:\/\/fjala.info\/2009-2015\/wp-json\/wp\/v2\/posts"}],"about":[{"href":"https:\/\/fjala.info\/2009-2015\/wp-json\/wp\/v2\/types\/post"}],"author":[{"embeddable":true,"href":"https:\/\/fjala.info\/2009-2015\/wp-json\/wp\/v2\/users\/1"}],"replies":[{"embeddable":true,"href":"https:\/\/fjala.info\/2009-2015\/wp-json\/wp\/v2\/comments?post=2230"}],"version-history":[{"count":0,"href":"https:\/\/fjala.info\/2009-2015\/wp-json\/wp\/v2\/posts\/2230\/revisions"}],"wp:attachment":[{"href":"https:\/\/fjala.info\/2009-2015\/wp-json\/wp\/v2\/media?parent=2230"}],"wp:term":[{"taxonomy":"category","embeddable":true,"href":"https:\/\/fjala.info\/2009-2015\/wp-json\/wp\/v2\/categories?post=2230"},{"taxonomy":"post_tag","embeddable":true,"href":"https:\/\/fjala.info\/2009-2015\/wp-json\/wp\/v2\/tags?post=2230"}],"curies":[{"name":"wp","href":"https:\/\/api.w.org\/{rel}","templated":true}]}}