{"id":2225,"date":"2010-04-13T21:55:22","date_gmt":"2010-04-13T20:55:22","guid":{"rendered":"http:\/\/fjala.shkoder.net\/?p=2225"},"modified":"2010-04-13T21:55:22","modified_gmt":"2010-04-13T20:55:22","slug":"kryeministri-ne-lufte-me-te-verteten","status":"publish","type":"post","link":"https:\/\/fjala.info\/2009-2015\/kryeministri-ne-lufte-me-te-verteten\/","title":{"rendered":"Kryeministri, n\u00eb luft\u00eb me t\u00eb v\u00ebrtet\u00ebn"},"content":{"rendered":"<p><img decoding=\"async\" style=\"margin-left: 10px; margin-right: 10px; border: 0px;\" src=\"http:\/\/www.shkoder.net\/images\/fjala\/mero_baze1.jpg\" border=\"0\" alt=\"Mero Baze\" width=\"100\" align=\"right\" \/><\/p>\n<p>Nga <strong>Mero Baze<\/strong>, &#8220;<em>Faktori Plus<\/em>&#8221;<\/p>\n<p>P\u00ebr t\u00eb disat\u00ebn her\u00eb rresht kryeministri Berisha po v\u00eb n\u00eb qend\u00ebr t\u00eb sulmeve t\u00eb tij ekspert\u00eb t\u00eb pavarur apo z\u00ebra autoritar\u00eb t\u00eb shoq\u00ebris\u00eb q\u00eb kan\u00eb b\u00ebr\u00eb paralajm\u00ebrime serioze dhe t\u00eb verifikueshme p\u00ebr situat\u00ebn n\u00eb Shqip\u00ebri, duke zhvler\u00ebsuar propagand\u00ebn e qeveris\u00eb dhe duke qen\u00eb n\u00eb an\u00ebn e qytetar\u00ebve shqiptar\u00eb.<\/p>\n<p>T\u00eb gjith\u00eb e mbajn\u00eb mend se n\u00eb fillim t\u00eb k\u00ebtij viti, kryeministri Berisha sulmoi me eg\u00ebrsi dhe munges\u00eb t\u00eb thell\u00eb etike, dy inxhinier\u00eb t\u00eb shquar shqiptar\u00eb q\u00eb kan\u00eb nd\u00ebrtuar digat mbi Drin dhe tunelet e shkarkimit, Inxhinierin e njohur Farudin Hoxha dhe Inxhinier Dhimit\u00ebr Cico, vet\u00ebm pse k\u00ebta t\u00eb dy fol\u00ebn n\u00eb koh\u00eb p\u00ebr rrezikun q\u00eb i kanosej Shkodr\u00ebs nga mos menaxhimi i duhur i kaskad\u00ebs s\u00eb Drinit. Madje zoti Hoxha ishte shum\u00eb neutral n\u00eb paraqitjen e tij publike. Ai vet\u00ebm i k\u00ebrkoi politik\u00ebs t\u2019i q\u00ebndroj\u00eb larg menaxhimit t\u00eb kaskad\u00ebs.<\/p>\n<p>Kaq mjaftoi q\u00eb Berisha t\u2019i quante ata delirant\u00eb dhe sharlatan\u00eb. E nj\u00ebjta situat\u00eb ndodhi dhe me kolonelin n\u00eb lirim Myslym Pashaj, i cili paralajm\u00ebroi p\u00ebr gafat e qeveris\u00eb shqiptare n\u00eb faljen e nj\u00eb territori t\u00eb konsideruesh\u00ebm ujor shtetit grek. Berisha, i cili e firmosi at\u00eb marr\u00ebveshje n\u00eb dit\u00ebt e para t\u00eb fushat\u00ebs elektorale kur i duhej mb\u00ebshtetja e qeveris\u00eb greke, reagoi si nj\u00eb njeri jasht\u00eb kontrollit ndaj Kolonelit, me epitete t\u00eb pad\u00ebgjuara, sikur t\u00eb kishte b\u00ebr\u00eb nj\u00eb krim kund\u00ebr shtetit shqiptar.<\/p>\n<p>Gjykata Kushtetuese i dha t\u00eb drejt\u00eb Kolonelit, por Berisha nuk k\u00ebrkoi ndjes\u00eb. Nj\u00eb befasi tjet\u00ebr n\u00eb gjuh\u00ebn e Berish\u00ebs ka qen\u00eb sulmi ndaj producentes dhe shkrimtares s\u00eb njohur shqiptare Elivra Dones, e cila n\u00eb nj\u00eb artikull n\u00eb gazet\u00ebn \u201cLa Republica\u201d polemizoi me kryeministrin italian Silvio Berluskoni p\u00ebr fyerjet q\u00eb ai u b\u00ebri vajzave shqiptare t\u00eb trafikuara n\u00eb Itali gjat\u00eb nj\u00eb konference shtypi posht\u00ebruese me kryeministrin e Shqip\u00ebris\u00eb n\u00eb krah.<\/p>\n<p>Zoti Berisha, jo vet\u00ebm nuk k\u00ebrkoi falje p\u00ebr pafuqin\u00eb e tij p\u00ebr t\u00eb mbrojtur dinjitetin e qytetar\u00ebve shqiptare, por sapo u kthye n\u00eb Tiran\u00eb sulmoi me nj\u00eb eg\u00ebrsi primitive zonj\u00ebn Dones, duke trilluar dhe histori t\u00eb jet\u00ebs s\u00eb saj private. Dje kryeministri Berisha p\u00ebrs\u00ebriti ritualin e tij. I gjendur n\u00eb kriz\u00eb besimi p\u00ebr shkak t\u00eb parametrave t\u00eb k\u00ebqij ekonomik t\u00eb vendit t\u00eb vet, ai sulmoi ish-Guvernatorin e Bank\u00ebs Qendrore, Shk\u00eblqim Cani, i cili ka parashikuar nj\u00eb vit m\u00eb par\u00eb pik\u00ebrisht k\u00ebt\u00eb fenomen q\u00eb po ndodh sot me ekonomin\u00eb shqiptare.<\/p>\n<p>Duke thelluar deficitin e brendsh\u00ebm dhe duke qen\u00eb ne kriz\u00eb p\u00ebr valut\u00eb, kryeministri Berisha po p\u00ebrpiqet t\u00eb ngrej\u00eb besimin e investitor\u00ebve t\u00eb huaj, duke dh\u00ebn\u00eb shifra t\u00eb g\u00ebnjesht\u00ebrta p\u00ebr ekonomin\u00eb shqiptare. Me shpres\u00eb se dikush do t\u00eb blej\u00eb nj\u00eb borxh prej 400 milion\u00eb eurosh, q\u00eb ai ka nxjerr\u00eb n\u00eb tregun nd\u00ebrkomb\u00ebtar, Berisha po p\u00ebrpiqet t\u00eb sulmoj\u00eb dhe ti mbyll\u00eb goj\u00ebn \u00e7do eksperti t\u00eb besuesh\u00ebm q\u00eb flet p\u00ebr gjendjen realiste t\u00eb ekonomis\u00eb shqiptare. I vendosur q\u00eb ta ndaj\u00eb shoq\u00ebrin\u00eb n\u00eb njer\u00ebz pro tij ose kund\u00ebr tij, ai \u00ebsht\u00eb kthyer n\u00eb nj\u00eb luft\u00ebtar t\u00eb pamoralsh\u00ebm t\u00eb z\u00ebrave t\u00eb pavarur, dhe kritik, t\u00eb cil\u00ebt n\u00ebse nuk jan\u00eb n\u00eb nj\u00eb gjat\u00ebsi vale me t\u00eb, p\u00ebrpiqet t\u2019i diskreditoj\u00eb publikisht apo t\u2019i pozicionoj\u00eb si kund\u00ebrshtar t\u00eb vet.<\/p>\n<p>Sikund\u00ebr e tham\u00eb muajt e fundit t\u00eb tij jan\u00eb t\u00eb mbushur m\u00eb shum\u00eb me sulme ndaj eksperteve t\u00eb pavarur dhe medies kritike, se sa me sulme kund\u00ebr opozit\u00ebs s\u00eb tij politike. At\u00eb e shqet\u00ebson \u00e7do e v\u00ebrtet\u00eb q\u00eb besohet dhe pik\u00ebrisht p\u00ebr k\u00ebt\u00eb shkak gjith\u00eb energjit\u00eb e tij po shkojn\u00eb p\u00ebr t\u00eb luftuar t\u00eb v\u00ebrtet\u00ebn dhe jo p\u00ebr ta ndryshuar vendin drejt zhvillimit t\u00eb v\u00ebrtet.<\/p>\n","protected":false},"excerpt":{"rendered":"<p>Nga Mero Baze, &#8220;Faktori Plus&#8221; P\u00ebr t\u00eb disat\u00ebn her\u00eb rresht kryeministri Berisha po v\u00eb n\u00eb qend\u00ebr t\u00eb sulmeve t\u00eb tij ekspert\u00eb t\u00eb pavarur apo z\u00ebra autoritar\u00eb t\u00eb shoq\u00ebris\u00eb q\u00eb kan\u00eb b\u00ebr\u00eb paralajm\u00ebrime serioze dhe t\u00eb verifikueshme p\u00ebr situat\u00ebn n\u00eb Shqip\u00ebri, duke zhvler\u00ebsuar propagand\u00ebn e qeveris\u00eb dhe duke qen\u00eb n\u00eb an\u00ebn e qytetar\u00ebve shqiptar\u00eb. T\u00eb gjith\u00eb [&hellip;]<\/p>\n","protected":false},"author":1,"featured_media":0,"comment_status":"open","ping_status":"closed","sticky":false,"template":"","format":"standard","meta":{"footnotes":""},"categories":[2],"tags":[],"class_list":{"0":"post-2225","1":"post","2":"type-post","3":"status-publish","4":"format-standard","6":"category-artikuj"},"yoast_head":"<!-- This site is optimized with the Yoast SEO plugin v27.4 - https:\/\/yoast.com\/product\/yoast-seo-wordpress\/ -->\n<title>Kryeministri, n\u00eb luft\u00eb me t\u00eb v\u00ebrtet\u00ebn - FjALA e LIR\u00cb - Arkivi<\/title>\n<meta name=\"robots\" content=\"index, follow, max-snippet:-1, max-image-preview:large, max-video-preview:-1\" \/>\n<link rel=\"canonical\" href=\"https:\/\/fjala.info\/2009-2015\/kryeministri-ne-lufte-me-te-verteten\/\" \/>\n<meta property=\"og:locale\" content=\"sq_AL\" \/>\n<meta property=\"og:type\" content=\"article\" \/>\n<meta property=\"og:title\" content=\"Kryeministri, n\u00eb luft\u00eb me t\u00eb v\u00ebrtet\u00ebn - FjALA e LIR\u00cb - Arkivi\" \/>\n<meta property=\"og:description\" content=\"Nga Mero Baze, &#8220;Faktori Plus&#8221; P\u00ebr t\u00eb disat\u00ebn her\u00eb rresht kryeministri Berisha po v\u00eb n\u00eb qend\u00ebr t\u00eb sulmeve t\u00eb tij ekspert\u00eb t\u00eb pavarur apo z\u00ebra autoritar\u00eb t\u00eb shoq\u00ebris\u00eb q\u00eb kan\u00eb b\u00ebr\u00eb paralajm\u00ebrime serioze dhe t\u00eb verifikueshme p\u00ebr situat\u00ebn n\u00eb Shqip\u00ebri, duke zhvler\u00ebsuar propagand\u00ebn e qeveris\u00eb dhe duke qen\u00eb n\u00eb an\u00ebn e qytetar\u00ebve shqiptar\u00eb. T\u00eb gjith\u00eb [&hellip;]\" \/>\n<meta property=\"og:url\" content=\"https:\/\/fjala.info\/2009-2015\/kryeministri-ne-lufte-me-te-verteten\/\" \/>\n<meta property=\"og:site_name\" content=\"FjALA e LIR\u00cb - Arkivi\" \/>\n<meta property=\"article:published_time\" content=\"2010-04-13T20:55:22+00:00\" \/>\n<meta property=\"og:image\" content=\"http:\/\/www.shkoder.net\/images\/fjala\/mero_baze1.jpg\" \/>\n<meta name=\"author\" content=\"admin\" \/>\n<meta name=\"twitter:card\" content=\"summary_large_image\" \/>\n<meta name=\"twitter:label1\" content=\"Written by\" \/>\n\t<meta name=\"twitter:data1\" content=\"admin\" \/>\n\t<meta name=\"twitter:label2\" content=\"Est. reading time\" \/>\n\t<meta name=\"twitter:data2\" content=\"3 minutes\" \/>\n<script type=\"application\/ld+json\" class=\"yoast-schema-graph\">{\"@context\":\"https:\\\/\\\/schema.org\",\"@graph\":[{\"@type\":\"Article\",\"@id\":\"https:\\\/\\\/fjala.info\\\/2009-2015\\\/kryeministri-ne-lufte-me-te-verteten\\\/#article\",\"isPartOf\":{\"@id\":\"https:\\\/\\\/fjala.info\\\/2009-2015\\\/kryeministri-ne-lufte-me-te-verteten\\\/\"},\"author\":{\"name\":\"admin\",\"@id\":\"https:\\\/\\\/fjala.info\\\/2009-2015\\\/#\\\/schema\\\/person\\\/3aa1163ef05469c496fc94e77611ada2\"},\"headline\":\"Kryeministri, n\u00eb luft\u00eb me t\u00eb v\u00ebrtet\u00ebn\",\"datePublished\":\"2010-04-13T20:55:22+00:00\",\"mainEntityOfPage\":{\"@id\":\"https:\\\/\\\/fjala.info\\\/2009-2015\\\/kryeministri-ne-lufte-me-te-verteten\\\/\"},\"wordCount\":682,\"commentCount\":0,\"publisher\":{\"@id\":\"https:\\\/\\\/fjala.info\\\/2009-2015\\\/#organization\"},\"image\":{\"@id\":\"https:\\\/\\\/fjala.info\\\/2009-2015\\\/kryeministri-ne-lufte-me-te-verteten\\\/#primaryimage\"},\"thumbnailUrl\":\"http:\\\/\\\/www.shkoder.net\\\/images\\\/fjala\\\/mero_baze1.jpg\",\"articleSection\":[\"Artikuj\"],\"inLanguage\":\"sq-AL\",\"potentialAction\":[{\"@type\":\"CommentAction\",\"name\":\"Comment\",\"target\":[\"https:\\\/\\\/fjala.info\\\/2009-2015\\\/kryeministri-ne-lufte-me-te-verteten\\\/#respond\"]}]},{\"@type\":\"WebPage\",\"@id\":\"https:\\\/\\\/fjala.info\\\/2009-2015\\\/kryeministri-ne-lufte-me-te-verteten\\\/\",\"url\":\"https:\\\/\\\/fjala.info\\\/2009-2015\\\/kryeministri-ne-lufte-me-te-verteten\\\/\",\"name\":\"Kryeministri, n\u00eb luft\u00eb me t\u00eb v\u00ebrtet\u00ebn - FjALA e LIR\u00cb - Arkivi\",\"isPartOf\":{\"@id\":\"https:\\\/\\\/fjala.info\\\/2009-2015\\\/#website\"},\"primaryImageOfPage\":{\"@id\":\"https:\\\/\\\/fjala.info\\\/2009-2015\\\/kryeministri-ne-lufte-me-te-verteten\\\/#primaryimage\"},\"image\":{\"@id\":\"https:\\\/\\\/fjala.info\\\/2009-2015\\\/kryeministri-ne-lufte-me-te-verteten\\\/#primaryimage\"},\"thumbnailUrl\":\"http:\\\/\\\/www.shkoder.net\\\/images\\\/fjala\\\/mero_baze1.jpg\",\"datePublished\":\"2010-04-13T20:55:22+00:00\",\"breadcrumb\":{\"@id\":\"https:\\\/\\\/fjala.info\\\/2009-2015\\\/kryeministri-ne-lufte-me-te-verteten\\\/#breadcrumb\"},\"inLanguage\":\"sq-AL\",\"potentialAction\":[{\"@type\":\"ReadAction\",\"target\":[\"https:\\\/\\\/fjala.info\\\/2009-2015\\\/kryeministri-ne-lufte-me-te-verteten\\\/\"]}]},{\"@type\":\"ImageObject\",\"inLanguage\":\"sq-AL\",\"@id\":\"https:\\\/\\\/fjala.info\\\/2009-2015\\\/kryeministri-ne-lufte-me-te-verteten\\\/#primaryimage\",\"url\":\"http:\\\/\\\/www.shkoder.net\\\/images\\\/fjala\\\/mero_baze1.jpg\",\"contentUrl\":\"http:\\\/\\\/www.shkoder.net\\\/images\\\/fjala\\\/mero_baze1.jpg\"},{\"@type\":\"BreadcrumbList\",\"@id\":\"https:\\\/\\\/fjala.info\\\/2009-2015\\\/kryeministri-ne-lufte-me-te-verteten\\\/#breadcrumb\",\"itemListElement\":[{\"@type\":\"ListItem\",\"position\":1,\"name\":\"Home\",\"item\":\"https:\\\/\\\/fjala.info\\\/2009-2015\\\/\"},{\"@type\":\"ListItem\",\"position\":2,\"name\":\"Kryeministri, n\u00eb luft\u00eb me t\u00eb v\u00ebrtet\u00ebn\"}]},{\"@type\":\"WebSite\",\"@id\":\"https:\\\/\\\/fjala.info\\\/2009-2015\\\/#website\",\"url\":\"https:\\\/\\\/fjala.info\\\/2009-2015\\\/\",\"name\":\"FjALA e LIR\u00cb - Arkivi\",\"description\":\"Arkivi 2009-2015\",\"publisher\":{\"@id\":\"https:\\\/\\\/fjala.info\\\/2009-2015\\\/#organization\"},\"potentialAction\":[{\"@type\":\"SearchAction\",\"target\":{\"@type\":\"EntryPoint\",\"urlTemplate\":\"https:\\\/\\\/fjala.info\\\/2009-2015\\\/?s={search_term_string}\"},\"query-input\":{\"@type\":\"PropertyValueSpecification\",\"valueRequired\":true,\"valueName\":\"search_term_string\"}}],\"inLanguage\":\"sq-AL\"},{\"@type\":\"Organization\",\"@id\":\"https:\\\/\\\/fjala.info\\\/2009-2015\\\/#organization\",\"name\":\"FjALA e LIR\u00cb - Arkivi\",\"url\":\"https:\\\/\\\/fjala.info\\\/2009-2015\\\/\",\"logo\":{\"@type\":\"ImageObject\",\"inLanguage\":\"sq-AL\",\"@id\":\"https:\\\/\\\/fjala.info\\\/2009-2015\\\/#\\\/schema\\\/logo\\\/image\\\/\",\"url\":\"\",\"contentUrl\":\"\",\"caption\":\"FjALA e LIR\u00cb - Arkivi\"},\"image\":{\"@id\":\"https:\\\/\\\/fjala.info\\\/2009-2015\\\/#\\\/schema\\\/logo\\\/image\\\/\"}},{\"@type\":\"Person\",\"@id\":\"https:\\\/\\\/fjala.info\\\/2009-2015\\\/#\\\/schema\\\/person\\\/3aa1163ef05469c496fc94e77611ada2\",\"name\":\"admin\",\"image\":{\"@type\":\"ImageObject\",\"inLanguage\":\"sq-AL\",\"@id\":\"https:\\\/\\\/fjala.info\\\/2009-2015\\\/wp-content\\\/uploads\\\/2012\\\/02\\\/arben_cokaj-120x150.jpg\",\"url\":\"https:\\\/\\\/fjala.info\\\/2009-2015\\\/wp-content\\\/uploads\\\/2012\\\/02\\\/arben_cokaj-120x150.jpg\",\"contentUrl\":\"https:\\\/\\\/fjala.info\\\/2009-2015\\\/wp-content\\\/uploads\\\/2012\\\/02\\\/arben_cokaj-120x150.jpg\",\"caption\":\"admin\"},\"description\":\"Admin, Fjala e Lir\u00eb\",\"sameAs\":[\"https:\\\/\\\/fjala.info\\\/\"],\"url\":\"https:\\\/\\\/fjala.info\\\/2009-2015\\\/author\\\/admin\\\/\"}]}<\/script>\n<!-- \/ Yoast SEO plugin. -->","yoast_head_json":{"title":"Kryeministri, n\u00eb luft\u00eb me t\u00eb v\u00ebrtet\u00ebn - FjALA e LIR\u00cb - Arkivi","robots":{"index":"index","follow":"follow","max-snippet":"max-snippet:-1","max-image-preview":"max-image-preview:large","max-video-preview":"max-video-preview:-1"},"canonical":"https:\/\/fjala.info\/2009-2015\/kryeministri-ne-lufte-me-te-verteten\/","og_locale":"sq_AL","og_type":"article","og_title":"Kryeministri, n\u00eb luft\u00eb me t\u00eb v\u00ebrtet\u00ebn - FjALA e LIR\u00cb - Arkivi","og_description":"Nga Mero Baze, &#8220;Faktori Plus&#8221; P\u00ebr t\u00eb disat\u00ebn her\u00eb rresht kryeministri Berisha po v\u00eb n\u00eb qend\u00ebr t\u00eb sulmeve t\u00eb tij ekspert\u00eb t\u00eb pavarur apo z\u00ebra autoritar\u00eb t\u00eb shoq\u00ebris\u00eb q\u00eb kan\u00eb b\u00ebr\u00eb paralajm\u00ebrime serioze dhe t\u00eb verifikueshme p\u00ebr situat\u00ebn n\u00eb Shqip\u00ebri, duke zhvler\u00ebsuar propagand\u00ebn e qeveris\u00eb dhe duke qen\u00eb n\u00eb an\u00ebn e qytetar\u00ebve shqiptar\u00eb. T\u00eb gjith\u00eb [&hellip;]","og_url":"https:\/\/fjala.info\/2009-2015\/kryeministri-ne-lufte-me-te-verteten\/","og_site_name":"FjALA e LIR\u00cb - Arkivi","article_published_time":"2010-04-13T20:55:22+00:00","og_image":[{"url":"http:\/\/www.shkoder.net\/images\/fjala\/mero_baze1.jpg","type":"","width":"","height":""}],"author":"admin","twitter_card":"summary_large_image","twitter_misc":{"Written by":"admin","Est. reading time":"3 minutes"},"schema":{"@context":"https:\/\/schema.org","@graph":[{"@type":"Article","@id":"https:\/\/fjala.info\/2009-2015\/kryeministri-ne-lufte-me-te-verteten\/#article","isPartOf":{"@id":"https:\/\/fjala.info\/2009-2015\/kryeministri-ne-lufte-me-te-verteten\/"},"author":{"name":"admin","@id":"https:\/\/fjala.info\/2009-2015\/#\/schema\/person\/3aa1163ef05469c496fc94e77611ada2"},"headline":"Kryeministri, n\u00eb luft\u00eb me t\u00eb v\u00ebrtet\u00ebn","datePublished":"2010-04-13T20:55:22+00:00","mainEntityOfPage":{"@id":"https:\/\/fjala.info\/2009-2015\/kryeministri-ne-lufte-me-te-verteten\/"},"wordCount":682,"commentCount":0,"publisher":{"@id":"https:\/\/fjala.info\/2009-2015\/#organization"},"image":{"@id":"https:\/\/fjala.info\/2009-2015\/kryeministri-ne-lufte-me-te-verteten\/#primaryimage"},"thumbnailUrl":"http:\/\/www.shkoder.net\/images\/fjala\/mero_baze1.jpg","articleSection":["Artikuj"],"inLanguage":"sq-AL","potentialAction":[{"@type":"CommentAction","name":"Comment","target":["https:\/\/fjala.info\/2009-2015\/kryeministri-ne-lufte-me-te-verteten\/#respond"]}]},{"@type":"WebPage","@id":"https:\/\/fjala.info\/2009-2015\/kryeministri-ne-lufte-me-te-verteten\/","url":"https:\/\/fjala.info\/2009-2015\/kryeministri-ne-lufte-me-te-verteten\/","name":"Kryeministri, n\u00eb luft\u00eb me t\u00eb v\u00ebrtet\u00ebn - FjALA e LIR\u00cb - Arkivi","isPartOf":{"@id":"https:\/\/fjala.info\/2009-2015\/#website"},"primaryImageOfPage":{"@id":"https:\/\/fjala.info\/2009-2015\/kryeministri-ne-lufte-me-te-verteten\/#primaryimage"},"image":{"@id":"https:\/\/fjala.info\/2009-2015\/kryeministri-ne-lufte-me-te-verteten\/#primaryimage"},"thumbnailUrl":"http:\/\/www.shkoder.net\/images\/fjala\/mero_baze1.jpg","datePublished":"2010-04-13T20:55:22+00:00","breadcrumb":{"@id":"https:\/\/fjala.info\/2009-2015\/kryeministri-ne-lufte-me-te-verteten\/#breadcrumb"},"inLanguage":"sq-AL","potentialAction":[{"@type":"ReadAction","target":["https:\/\/fjala.info\/2009-2015\/kryeministri-ne-lufte-me-te-verteten\/"]}]},{"@type":"ImageObject","inLanguage":"sq-AL","@id":"https:\/\/fjala.info\/2009-2015\/kryeministri-ne-lufte-me-te-verteten\/#primaryimage","url":"http:\/\/www.shkoder.net\/images\/fjala\/mero_baze1.jpg","contentUrl":"http:\/\/www.shkoder.net\/images\/fjala\/mero_baze1.jpg"},{"@type":"BreadcrumbList","@id":"https:\/\/fjala.info\/2009-2015\/kryeministri-ne-lufte-me-te-verteten\/#breadcrumb","itemListElement":[{"@type":"ListItem","position":1,"name":"Home","item":"https:\/\/fjala.info\/2009-2015\/"},{"@type":"ListItem","position":2,"name":"Kryeministri, n\u00eb luft\u00eb me t\u00eb v\u00ebrtet\u00ebn"}]},{"@type":"WebSite","@id":"https:\/\/fjala.info\/2009-2015\/#website","url":"https:\/\/fjala.info\/2009-2015\/","name":"FjALA e LIR\u00cb - Arkivi","description":"Arkivi 2009-2015","publisher":{"@id":"https:\/\/fjala.info\/2009-2015\/#organization"},"potentialAction":[{"@type":"SearchAction","target":{"@type":"EntryPoint","urlTemplate":"https:\/\/fjala.info\/2009-2015\/?s={search_term_string}"},"query-input":{"@type":"PropertyValueSpecification","valueRequired":true,"valueName":"search_term_string"}}],"inLanguage":"sq-AL"},{"@type":"Organization","@id":"https:\/\/fjala.info\/2009-2015\/#organization","name":"FjALA e LIR\u00cb - Arkivi","url":"https:\/\/fjala.info\/2009-2015\/","logo":{"@type":"ImageObject","inLanguage":"sq-AL","@id":"https:\/\/fjala.info\/2009-2015\/#\/schema\/logo\/image\/","url":"","contentUrl":"","caption":"FjALA e LIR\u00cb - Arkivi"},"image":{"@id":"https:\/\/fjala.info\/2009-2015\/#\/schema\/logo\/image\/"}},{"@type":"Person","@id":"https:\/\/fjala.info\/2009-2015\/#\/schema\/person\/3aa1163ef05469c496fc94e77611ada2","name":"admin","image":{"@type":"ImageObject","inLanguage":"sq-AL","@id":"https:\/\/fjala.info\/2009-2015\/wp-content\/uploads\/2012\/02\/arben_cokaj-120x150.jpg","url":"https:\/\/fjala.info\/2009-2015\/wp-content\/uploads\/2012\/02\/arben_cokaj-120x150.jpg","contentUrl":"https:\/\/fjala.info\/2009-2015\/wp-content\/uploads\/2012\/02\/arben_cokaj-120x150.jpg","caption":"admin"},"description":"Admin, Fjala e Lir\u00eb","sameAs":["https:\/\/fjala.info\/"],"url":"https:\/\/fjala.info\/2009-2015\/author\/admin\/"}]}},"_links":{"self":[{"href":"https:\/\/fjala.info\/2009-2015\/wp-json\/wp\/v2\/posts\/2225","targetHints":{"allow":["GET"]}}],"collection":[{"href":"https:\/\/fjala.info\/2009-2015\/wp-json\/wp\/v2\/posts"}],"about":[{"href":"https:\/\/fjala.info\/2009-2015\/wp-json\/wp\/v2\/types\/post"}],"author":[{"embeddable":true,"href":"https:\/\/fjala.info\/2009-2015\/wp-json\/wp\/v2\/users\/1"}],"replies":[{"embeddable":true,"href":"https:\/\/fjala.info\/2009-2015\/wp-json\/wp\/v2\/comments?post=2225"}],"version-history":[{"count":0,"href":"https:\/\/fjala.info\/2009-2015\/wp-json\/wp\/v2\/posts\/2225\/revisions"}],"wp:attachment":[{"href":"https:\/\/fjala.info\/2009-2015\/wp-json\/wp\/v2\/media?parent=2225"}],"wp:term":[{"taxonomy":"category","embeddable":true,"href":"https:\/\/fjala.info\/2009-2015\/wp-json\/wp\/v2\/categories?post=2225"},{"taxonomy":"post_tag","embeddable":true,"href":"https:\/\/fjala.info\/2009-2015\/wp-json\/wp\/v2\/tags?post=2225"}],"curies":[{"name":"wp","href":"https:\/\/api.w.org\/{rel}","templated":true}]}}