{"id":2223,"date":"2010-04-13T21:52:16","date_gmt":"2010-04-13T20:52:16","guid":{"rendered":"http:\/\/fjala.shkoder.net\/?p=2223"},"modified":"2010-04-13T21:52:16","modified_gmt":"2010-04-13T20:52:16","slug":"ekonomia-zyrtarisht-ne-krize-qeveria-detyrohet-te-marre-kredi-te-tjera","status":"publish","type":"post","link":"https:\/\/fjala.info\/2009-2015\/ekonomia-zyrtarisht-ne-krize-qeveria-detyrohet-te-marre-kredi-te-tjera\/","title":{"rendered":"Ekonomia zyrtarisht n\u00eb kriz\u00eb, qeveria detyrohet t\u00eb marr\u00eb kredi t\u00eb tjera"},"content":{"rendered":"<p><img decoding=\"async\" style=\"margin-left: 10px; margin-right: 10px; border: 0px;\" src=\"http:\/\/www.shkoder.net\/images\/fjala\/2009\/faktori_plus.jpg\" border=\"0\" alt=\"Faktori Plus\" width=\"150\" align=\"right\" \/><\/p>\n<p>Nga &#8220;<strong>Faktori Plus<\/strong>&#8221;<\/p>\n<p>Shqiperia edhe zyrtarisht mund te konsiderohet ne krize.<\/p>\n<p>Rritja ekonomike ne vendin tone, per vitin 2009, zyrtarisht eshte vetem 3.3%, edhe pse kryeministri berisha ishte shprehur entuziast per nje rritje dyshifrore,ndersa ne buxhet ishte llogaritur 6%.<\/p>\n<p>Instituti I statistikave ka publikuar nje dite me pare shifrat e ekonomise sone per vitin e shkuar duke konstatuar nje renie te dukshme ne tre-mujorin e katert te 2009-es\u2026.<\/p>\n<p>Kjo eshte hera e pare qe shqiperia ka renie ekonomike tre-mujore. Nga rritja 4.1 % ne periudhen korrik-shtator, ekonomia jone ra me 0.8% ne fundvitin 2009.<\/p>\n<p>Me 22 janar te 2010-es, ne nisje te vitit, kreu i financave, Bode deklaroi se dy banka intersoheshin te blinin borxhin e shqiperise, per interesa me te uleta, gje qe ishte nje prove se ekonima ishte lekundur\u2026<\/p>\n<p>Ne fakt ne muajin shkurt, ministri i financave Ritvan Bode, pati deklaruar se qeveria ishte e detyruar te shkurtonte shpenzimet me 25 miliarde leke, apo 5%,dhe ky ishte nje pohim qe provonte krizen\u2026<\/p>\n<p>Plot nje vit me pare ne prill 2009, ish guvernatori Shkelqim Cani, ne studion e emisionit Faktori PLUS, pati paralajmeruar problemet ne buxhet, si pasoje e prekjes nga kriza ekonomike\u2026<\/p>\n<p>Por per parashikimet e tij te deklaruara, zoti Cani mori nje lume akuzash nga kryeministri i vendit, Sali Berisha, i cili ne nje mbledhje partie, e etiketoi Canin si sharlatan, qe mendonte se kriza e bankave greke, do te ndikonte te bijat ne shqiperi, nje konstatim ky, edhe i ministrit te Berishes, Ritvan Bode\u2026.<\/p>\n<p>Edhe guvernatori i Bankes se Shqiperise Ardian Fullani, ka deklaruar disa here efektet e krizes, duke kerkuar te behet kujdes me shpenzimet buxhetore\u2026<\/p>\n<p>Kryeministri i vendit deklaroi dje se niveli i eksporteve ne vend, eshte me i larti ne rruzull\u2026<\/p>\n<p>Por shefi i qeverise, edhe pse e quan entuziaste ekonomine shqiptare, nuk po di sesi te sillet me te. Ne muajin shkurt berisha deklaroi, se megjithese na duhen para, nuk duhet te lakmojme borxhe te tjera\u2026<\/p>\n<p>Por ne mbledhjen e kabinetit nje jave me pare, Berisha kish ndryshuar mendim, ndersa deklaronte se qeveria do te dale ne tregun nderkombetar, per te marre deri ne 400 milione Euro, kredi nepermjet eurobondit. Kjo do te thote qe te ardhurat, shpenzimet dhe boxhet publike, duhet te kene tregues sa me optimiste, per ta bere ekonomine e vendit te besueshme ne sy te nderkombetareve.<\/p>\n<p>Per te marre kredi nepermjet eurobondit, ekonomia e cdo vendi, vleresohet nga kompani nderkombatre. Pak kohe me pare nje kompani japoneze e njohur ne kete drejtim, e vleresoi vendin tone, si nje ekonomi, e cila nuk ka aftesi te mira borxhpaguese.<\/p>\n","protected":false},"excerpt":{"rendered":"<p>Nga &#8220;Faktori Plus&#8221; Shqiperia edhe zyrtarisht mund te konsiderohet ne krize. Rritja ekonomike ne vendin tone, per vitin 2009, zyrtarisht eshte vetem 3.3%, edhe pse kryeministri berisha ishte shprehur entuziast per nje rritje dyshifrore,ndersa ne buxhet ishte llogaritur 6%. Instituti I statistikave ka publikuar nje dite me pare shifrat e ekonomise sone per vitin e [&hellip;]<\/p>\n","protected":false},"author":1,"featured_media":0,"comment_status":"open","ping_status":"closed","sticky":false,"template":"","format":"standard","meta":{"footnotes":""},"categories":[2],"tags":[],"class_list":{"0":"post-2223","1":"post","2":"type-post","3":"status-publish","4":"format-standard","6":"category-artikuj"},"yoast_head":"<!-- This site is optimized with the Yoast SEO plugin v27.4 - https:\/\/yoast.com\/product\/yoast-seo-wordpress\/ -->\n<title>Ekonomia zyrtarisht n\u00eb kriz\u00eb, qeveria detyrohet t\u00eb marr\u00eb kredi t\u00eb tjera - FjALA e LIR\u00cb - Arkivi<\/title>\n<meta name=\"robots\" content=\"index, follow, max-snippet:-1, max-image-preview:large, max-video-preview:-1\" \/>\n<link rel=\"canonical\" href=\"https:\/\/fjala.info\/2009-2015\/ekonomia-zyrtarisht-ne-krize-qeveria-detyrohet-te-marre-kredi-te-tjera\/\" \/>\n<meta property=\"og:locale\" content=\"sq_AL\" \/>\n<meta property=\"og:type\" content=\"article\" \/>\n<meta property=\"og:title\" content=\"Ekonomia zyrtarisht n\u00eb kriz\u00eb, qeveria detyrohet t\u00eb marr\u00eb kredi t\u00eb tjera - FjALA e LIR\u00cb - Arkivi\" \/>\n<meta property=\"og:description\" content=\"Nga &#8220;Faktori Plus&#8221; Shqiperia edhe zyrtarisht mund te konsiderohet ne krize. Rritja ekonomike ne vendin tone, per vitin 2009, zyrtarisht eshte vetem 3.3%, edhe pse kryeministri berisha ishte shprehur entuziast per nje rritje dyshifrore,ndersa ne buxhet ishte llogaritur 6%. Instituti I statistikave ka publikuar nje dite me pare shifrat e ekonomise sone per vitin e [&hellip;]\" \/>\n<meta property=\"og:url\" content=\"https:\/\/fjala.info\/2009-2015\/ekonomia-zyrtarisht-ne-krize-qeveria-detyrohet-te-marre-kredi-te-tjera\/\" \/>\n<meta property=\"og:site_name\" content=\"FjALA e LIR\u00cb - Arkivi\" \/>\n<meta property=\"article:published_time\" content=\"2010-04-13T20:52:16+00:00\" \/>\n<meta property=\"og:image\" content=\"http:\/\/www.shkoder.net\/images\/fjala\/2009\/faktori_plus.jpg\" \/>\n<meta name=\"author\" content=\"admin\" \/>\n<meta name=\"twitter:card\" content=\"summary_large_image\" \/>\n<meta name=\"twitter:label1\" content=\"Written by\" \/>\n\t<meta name=\"twitter:data1\" content=\"admin\" \/>\n\t<meta name=\"twitter:label2\" content=\"Est. reading time\" \/>\n\t<meta name=\"twitter:data2\" content=\"2 minutes\" \/>\n<script type=\"application\/ld+json\" class=\"yoast-schema-graph\">{\"@context\":\"https:\\\/\\\/schema.org\",\"@graph\":[{\"@type\":\"Article\",\"@id\":\"https:\\\/\\\/fjala.info\\\/2009-2015\\\/ekonomia-zyrtarisht-ne-krize-qeveria-detyrohet-te-marre-kredi-te-tjera\\\/#article\",\"isPartOf\":{\"@id\":\"https:\\\/\\\/fjala.info\\\/2009-2015\\\/ekonomia-zyrtarisht-ne-krize-qeveria-detyrohet-te-marre-kredi-te-tjera\\\/\"},\"author\":{\"name\":\"admin\",\"@id\":\"https:\\\/\\\/fjala.info\\\/2009-2015\\\/#\\\/schema\\\/person\\\/3aa1163ef05469c496fc94e77611ada2\"},\"headline\":\"Ekonomia zyrtarisht n\u00eb kriz\u00eb, qeveria detyrohet t\u00eb marr\u00eb kredi t\u00eb tjera\",\"datePublished\":\"2010-04-13T20:52:16+00:00\",\"mainEntityOfPage\":{\"@id\":\"https:\\\/\\\/fjala.info\\\/2009-2015\\\/ekonomia-zyrtarisht-ne-krize-qeveria-detyrohet-te-marre-kredi-te-tjera\\\/\"},\"wordCount\":430,\"commentCount\":1,\"publisher\":{\"@id\":\"https:\\\/\\\/fjala.info\\\/2009-2015\\\/#organization\"},\"image\":{\"@id\":\"https:\\\/\\\/fjala.info\\\/2009-2015\\\/ekonomia-zyrtarisht-ne-krize-qeveria-detyrohet-te-marre-kredi-te-tjera\\\/#primaryimage\"},\"thumbnailUrl\":\"http:\\\/\\\/www.shkoder.net\\\/images\\\/fjala\\\/2009\\\/faktori_plus.jpg\",\"articleSection\":[\"Artikuj\"],\"inLanguage\":\"sq-AL\",\"potentialAction\":[{\"@type\":\"CommentAction\",\"name\":\"Comment\",\"target\":[\"https:\\\/\\\/fjala.info\\\/2009-2015\\\/ekonomia-zyrtarisht-ne-krize-qeveria-detyrohet-te-marre-kredi-te-tjera\\\/#respond\"]}]},{\"@type\":\"WebPage\",\"@id\":\"https:\\\/\\\/fjala.info\\\/2009-2015\\\/ekonomia-zyrtarisht-ne-krize-qeveria-detyrohet-te-marre-kredi-te-tjera\\\/\",\"url\":\"https:\\\/\\\/fjala.info\\\/2009-2015\\\/ekonomia-zyrtarisht-ne-krize-qeveria-detyrohet-te-marre-kredi-te-tjera\\\/\",\"name\":\"Ekonomia zyrtarisht n\u00eb kriz\u00eb, qeveria detyrohet t\u00eb marr\u00eb kredi t\u00eb tjera - FjALA e LIR\u00cb - Arkivi\",\"isPartOf\":{\"@id\":\"https:\\\/\\\/fjala.info\\\/2009-2015\\\/#website\"},\"primaryImageOfPage\":{\"@id\":\"https:\\\/\\\/fjala.info\\\/2009-2015\\\/ekonomia-zyrtarisht-ne-krize-qeveria-detyrohet-te-marre-kredi-te-tjera\\\/#primaryimage\"},\"image\":{\"@id\":\"https:\\\/\\\/fjala.info\\\/2009-2015\\\/ekonomia-zyrtarisht-ne-krize-qeveria-detyrohet-te-marre-kredi-te-tjera\\\/#primaryimage\"},\"thumbnailUrl\":\"http:\\\/\\\/www.shkoder.net\\\/images\\\/fjala\\\/2009\\\/faktori_plus.jpg\",\"datePublished\":\"2010-04-13T20:52:16+00:00\",\"breadcrumb\":{\"@id\":\"https:\\\/\\\/fjala.info\\\/2009-2015\\\/ekonomia-zyrtarisht-ne-krize-qeveria-detyrohet-te-marre-kredi-te-tjera\\\/#breadcrumb\"},\"inLanguage\":\"sq-AL\",\"potentialAction\":[{\"@type\":\"ReadAction\",\"target\":[\"https:\\\/\\\/fjala.info\\\/2009-2015\\\/ekonomia-zyrtarisht-ne-krize-qeveria-detyrohet-te-marre-kredi-te-tjera\\\/\"]}]},{\"@type\":\"ImageObject\",\"inLanguage\":\"sq-AL\",\"@id\":\"https:\\\/\\\/fjala.info\\\/2009-2015\\\/ekonomia-zyrtarisht-ne-krize-qeveria-detyrohet-te-marre-kredi-te-tjera\\\/#primaryimage\",\"url\":\"http:\\\/\\\/www.shkoder.net\\\/images\\\/fjala\\\/2009\\\/faktori_plus.jpg\",\"contentUrl\":\"http:\\\/\\\/www.shkoder.net\\\/images\\\/fjala\\\/2009\\\/faktori_plus.jpg\"},{\"@type\":\"BreadcrumbList\",\"@id\":\"https:\\\/\\\/fjala.info\\\/2009-2015\\\/ekonomia-zyrtarisht-ne-krize-qeveria-detyrohet-te-marre-kredi-te-tjera\\\/#breadcrumb\",\"itemListElement\":[{\"@type\":\"ListItem\",\"position\":1,\"name\":\"Home\",\"item\":\"https:\\\/\\\/fjala.info\\\/2009-2015\\\/\"},{\"@type\":\"ListItem\",\"position\":2,\"name\":\"Ekonomia zyrtarisht n\u00eb kriz\u00eb, qeveria detyrohet t\u00eb marr\u00eb kredi t\u00eb tjera\"}]},{\"@type\":\"WebSite\",\"@id\":\"https:\\\/\\\/fjala.info\\\/2009-2015\\\/#website\",\"url\":\"https:\\\/\\\/fjala.info\\\/2009-2015\\\/\",\"name\":\"FjALA e LIR\u00cb - Arkivi\",\"description\":\"Arkivi 2009-2015\",\"publisher\":{\"@id\":\"https:\\\/\\\/fjala.info\\\/2009-2015\\\/#organization\"},\"potentialAction\":[{\"@type\":\"SearchAction\",\"target\":{\"@type\":\"EntryPoint\",\"urlTemplate\":\"https:\\\/\\\/fjala.info\\\/2009-2015\\\/?s={search_term_string}\"},\"query-input\":{\"@type\":\"PropertyValueSpecification\",\"valueRequired\":true,\"valueName\":\"search_term_string\"}}],\"inLanguage\":\"sq-AL\"},{\"@type\":\"Organization\",\"@id\":\"https:\\\/\\\/fjala.info\\\/2009-2015\\\/#organization\",\"name\":\"FjALA e LIR\u00cb - Arkivi\",\"url\":\"https:\\\/\\\/fjala.info\\\/2009-2015\\\/\",\"logo\":{\"@type\":\"ImageObject\",\"inLanguage\":\"sq-AL\",\"@id\":\"https:\\\/\\\/fjala.info\\\/2009-2015\\\/#\\\/schema\\\/logo\\\/image\\\/\",\"url\":\"\",\"contentUrl\":\"\",\"caption\":\"FjALA e LIR\u00cb - Arkivi\"},\"image\":{\"@id\":\"https:\\\/\\\/fjala.info\\\/2009-2015\\\/#\\\/schema\\\/logo\\\/image\\\/\"}},{\"@type\":\"Person\",\"@id\":\"https:\\\/\\\/fjala.info\\\/2009-2015\\\/#\\\/schema\\\/person\\\/3aa1163ef05469c496fc94e77611ada2\",\"name\":\"admin\",\"image\":{\"@type\":\"ImageObject\",\"inLanguage\":\"sq-AL\",\"@id\":\"https:\\\/\\\/fjala.info\\\/2009-2015\\\/wp-content\\\/uploads\\\/2012\\\/02\\\/arben_cokaj-120x150.jpg\",\"url\":\"https:\\\/\\\/fjala.info\\\/2009-2015\\\/wp-content\\\/uploads\\\/2012\\\/02\\\/arben_cokaj-120x150.jpg\",\"contentUrl\":\"https:\\\/\\\/fjala.info\\\/2009-2015\\\/wp-content\\\/uploads\\\/2012\\\/02\\\/arben_cokaj-120x150.jpg\",\"caption\":\"admin\"},\"description\":\"Admin, Fjala e Lir\u00eb\",\"sameAs\":[\"https:\\\/\\\/fjala.info\\\/\"],\"url\":\"https:\\\/\\\/fjala.info\\\/2009-2015\\\/author\\\/admin\\\/\"}]}<\/script>\n<!-- \/ Yoast SEO plugin. -->","yoast_head_json":{"title":"Ekonomia zyrtarisht n\u00eb kriz\u00eb, qeveria detyrohet t\u00eb marr\u00eb kredi t\u00eb tjera - FjALA e LIR\u00cb - Arkivi","robots":{"index":"index","follow":"follow","max-snippet":"max-snippet:-1","max-image-preview":"max-image-preview:large","max-video-preview":"max-video-preview:-1"},"canonical":"https:\/\/fjala.info\/2009-2015\/ekonomia-zyrtarisht-ne-krize-qeveria-detyrohet-te-marre-kredi-te-tjera\/","og_locale":"sq_AL","og_type":"article","og_title":"Ekonomia zyrtarisht n\u00eb kriz\u00eb, qeveria detyrohet t\u00eb marr\u00eb kredi t\u00eb tjera - FjALA e LIR\u00cb - Arkivi","og_description":"Nga &#8220;Faktori Plus&#8221; Shqiperia edhe zyrtarisht mund te konsiderohet ne krize. Rritja ekonomike ne vendin tone, per vitin 2009, zyrtarisht eshte vetem 3.3%, edhe pse kryeministri berisha ishte shprehur entuziast per nje rritje dyshifrore,ndersa ne buxhet ishte llogaritur 6%. Instituti I statistikave ka publikuar nje dite me pare shifrat e ekonomise sone per vitin e [&hellip;]","og_url":"https:\/\/fjala.info\/2009-2015\/ekonomia-zyrtarisht-ne-krize-qeveria-detyrohet-te-marre-kredi-te-tjera\/","og_site_name":"FjALA e LIR\u00cb - Arkivi","article_published_time":"2010-04-13T20:52:16+00:00","og_image":[{"url":"http:\/\/www.shkoder.net\/images\/fjala\/2009\/faktori_plus.jpg","type":"","width":"","height":""}],"author":"admin","twitter_card":"summary_large_image","twitter_misc":{"Written by":"admin","Est. reading time":"2 minutes"},"schema":{"@context":"https:\/\/schema.org","@graph":[{"@type":"Article","@id":"https:\/\/fjala.info\/2009-2015\/ekonomia-zyrtarisht-ne-krize-qeveria-detyrohet-te-marre-kredi-te-tjera\/#article","isPartOf":{"@id":"https:\/\/fjala.info\/2009-2015\/ekonomia-zyrtarisht-ne-krize-qeveria-detyrohet-te-marre-kredi-te-tjera\/"},"author":{"name":"admin","@id":"https:\/\/fjala.info\/2009-2015\/#\/schema\/person\/3aa1163ef05469c496fc94e77611ada2"},"headline":"Ekonomia zyrtarisht n\u00eb kriz\u00eb, qeveria detyrohet t\u00eb marr\u00eb kredi t\u00eb tjera","datePublished":"2010-04-13T20:52:16+00:00","mainEntityOfPage":{"@id":"https:\/\/fjala.info\/2009-2015\/ekonomia-zyrtarisht-ne-krize-qeveria-detyrohet-te-marre-kredi-te-tjera\/"},"wordCount":430,"commentCount":1,"publisher":{"@id":"https:\/\/fjala.info\/2009-2015\/#organization"},"image":{"@id":"https:\/\/fjala.info\/2009-2015\/ekonomia-zyrtarisht-ne-krize-qeveria-detyrohet-te-marre-kredi-te-tjera\/#primaryimage"},"thumbnailUrl":"http:\/\/www.shkoder.net\/images\/fjala\/2009\/faktori_plus.jpg","articleSection":["Artikuj"],"inLanguage":"sq-AL","potentialAction":[{"@type":"CommentAction","name":"Comment","target":["https:\/\/fjala.info\/2009-2015\/ekonomia-zyrtarisht-ne-krize-qeveria-detyrohet-te-marre-kredi-te-tjera\/#respond"]}]},{"@type":"WebPage","@id":"https:\/\/fjala.info\/2009-2015\/ekonomia-zyrtarisht-ne-krize-qeveria-detyrohet-te-marre-kredi-te-tjera\/","url":"https:\/\/fjala.info\/2009-2015\/ekonomia-zyrtarisht-ne-krize-qeveria-detyrohet-te-marre-kredi-te-tjera\/","name":"Ekonomia zyrtarisht n\u00eb kriz\u00eb, qeveria detyrohet t\u00eb marr\u00eb kredi t\u00eb tjera - FjALA e LIR\u00cb - Arkivi","isPartOf":{"@id":"https:\/\/fjala.info\/2009-2015\/#website"},"primaryImageOfPage":{"@id":"https:\/\/fjala.info\/2009-2015\/ekonomia-zyrtarisht-ne-krize-qeveria-detyrohet-te-marre-kredi-te-tjera\/#primaryimage"},"image":{"@id":"https:\/\/fjala.info\/2009-2015\/ekonomia-zyrtarisht-ne-krize-qeveria-detyrohet-te-marre-kredi-te-tjera\/#primaryimage"},"thumbnailUrl":"http:\/\/www.shkoder.net\/images\/fjala\/2009\/faktori_plus.jpg","datePublished":"2010-04-13T20:52:16+00:00","breadcrumb":{"@id":"https:\/\/fjala.info\/2009-2015\/ekonomia-zyrtarisht-ne-krize-qeveria-detyrohet-te-marre-kredi-te-tjera\/#breadcrumb"},"inLanguage":"sq-AL","potentialAction":[{"@type":"ReadAction","target":["https:\/\/fjala.info\/2009-2015\/ekonomia-zyrtarisht-ne-krize-qeveria-detyrohet-te-marre-kredi-te-tjera\/"]}]},{"@type":"ImageObject","inLanguage":"sq-AL","@id":"https:\/\/fjala.info\/2009-2015\/ekonomia-zyrtarisht-ne-krize-qeveria-detyrohet-te-marre-kredi-te-tjera\/#primaryimage","url":"http:\/\/www.shkoder.net\/images\/fjala\/2009\/faktori_plus.jpg","contentUrl":"http:\/\/www.shkoder.net\/images\/fjala\/2009\/faktori_plus.jpg"},{"@type":"BreadcrumbList","@id":"https:\/\/fjala.info\/2009-2015\/ekonomia-zyrtarisht-ne-krize-qeveria-detyrohet-te-marre-kredi-te-tjera\/#breadcrumb","itemListElement":[{"@type":"ListItem","position":1,"name":"Home","item":"https:\/\/fjala.info\/2009-2015\/"},{"@type":"ListItem","position":2,"name":"Ekonomia zyrtarisht n\u00eb kriz\u00eb, qeveria detyrohet t\u00eb marr\u00eb kredi t\u00eb tjera"}]},{"@type":"WebSite","@id":"https:\/\/fjala.info\/2009-2015\/#website","url":"https:\/\/fjala.info\/2009-2015\/","name":"FjALA e LIR\u00cb - Arkivi","description":"Arkivi 2009-2015","publisher":{"@id":"https:\/\/fjala.info\/2009-2015\/#organization"},"potentialAction":[{"@type":"SearchAction","target":{"@type":"EntryPoint","urlTemplate":"https:\/\/fjala.info\/2009-2015\/?s={search_term_string}"},"query-input":{"@type":"PropertyValueSpecification","valueRequired":true,"valueName":"search_term_string"}}],"inLanguage":"sq-AL"},{"@type":"Organization","@id":"https:\/\/fjala.info\/2009-2015\/#organization","name":"FjALA e LIR\u00cb - Arkivi","url":"https:\/\/fjala.info\/2009-2015\/","logo":{"@type":"ImageObject","inLanguage":"sq-AL","@id":"https:\/\/fjala.info\/2009-2015\/#\/schema\/logo\/image\/","url":"","contentUrl":"","caption":"FjALA e LIR\u00cb - Arkivi"},"image":{"@id":"https:\/\/fjala.info\/2009-2015\/#\/schema\/logo\/image\/"}},{"@type":"Person","@id":"https:\/\/fjala.info\/2009-2015\/#\/schema\/person\/3aa1163ef05469c496fc94e77611ada2","name":"admin","image":{"@type":"ImageObject","inLanguage":"sq-AL","@id":"https:\/\/fjala.info\/2009-2015\/wp-content\/uploads\/2012\/02\/arben_cokaj-120x150.jpg","url":"https:\/\/fjala.info\/2009-2015\/wp-content\/uploads\/2012\/02\/arben_cokaj-120x150.jpg","contentUrl":"https:\/\/fjala.info\/2009-2015\/wp-content\/uploads\/2012\/02\/arben_cokaj-120x150.jpg","caption":"admin"},"description":"Admin, Fjala e Lir\u00eb","sameAs":["https:\/\/fjala.info\/"],"url":"https:\/\/fjala.info\/2009-2015\/author\/admin\/"}]}},"_links":{"self":[{"href":"https:\/\/fjala.info\/2009-2015\/wp-json\/wp\/v2\/posts\/2223","targetHints":{"allow":["GET"]}}],"collection":[{"href":"https:\/\/fjala.info\/2009-2015\/wp-json\/wp\/v2\/posts"}],"about":[{"href":"https:\/\/fjala.info\/2009-2015\/wp-json\/wp\/v2\/types\/post"}],"author":[{"embeddable":true,"href":"https:\/\/fjala.info\/2009-2015\/wp-json\/wp\/v2\/users\/1"}],"replies":[{"embeddable":true,"href":"https:\/\/fjala.info\/2009-2015\/wp-json\/wp\/v2\/comments?post=2223"}],"version-history":[{"count":0,"href":"https:\/\/fjala.info\/2009-2015\/wp-json\/wp\/v2\/posts\/2223\/revisions"}],"wp:attachment":[{"href":"https:\/\/fjala.info\/2009-2015\/wp-json\/wp\/v2\/media?parent=2223"}],"wp:term":[{"taxonomy":"category","embeddable":true,"href":"https:\/\/fjala.info\/2009-2015\/wp-json\/wp\/v2\/categories?post=2223"},{"taxonomy":"post_tag","embeddable":true,"href":"https:\/\/fjala.info\/2009-2015\/wp-json\/wp\/v2\/tags?post=2223"}],"curies":[{"name":"wp","href":"https:\/\/api.w.org\/{rel}","templated":true}]}}