{"id":2221,"date":"2010-04-13T21:47:28","date_gmt":"2010-04-13T20:47:28","guid":{"rendered":"http:\/\/fjala.shkoder.net\/?p=2221"},"modified":"2010-04-13T21:47:28","modified_gmt":"2010-04-13T20:47:28","slug":"kokedhima-berisha-botuesi-refuzon-pajtimin","status":"publish","type":"post","link":"https:\/\/fjala.info\/2009-2015\/kokedhima-berisha-botuesi-refuzon-pajtimin\/","title":{"rendered":"Kok\u00ebdhima-Berisha, botuesi refuzon pajtimin"},"content":{"rendered":"<p><em>Shekulli Online<\/em>, <em>13.04.2010<\/em><\/p>\n<p>TIRAN\u00cb &#8211; Gjat\u00eb paradites s\u00eb djeshme, \u00ebsht\u00eb shqyrtuar n\u00eb ambientet e Gjykat\u00ebs s\u00eb Lart\u00eb edhe seanca gjyq\u00ebsore e pajtimit mes t\u00eb d\u00ebmtuarit akuzues biznesmenit Ko\u00e7o Kok\u00ebdhima dhe t\u00eb akuzuarit kryeministrit Sali Berisha p\u00ebr akuz\u00ebn e Shpifjes.<br \/>\nT\u00eb pranish\u00ebm n\u00eb sall\u00ebn e gjyqit ishin pes\u00ebshja gjykuese e kryesuar nga gjyqtari Guxim Zenelaj, mbrojt\u00ebsi ligjor i kryeministrit Berisha, dhe p\u00ebrfaq\u00ebsuesit ligjor\u00eb t\u00eb biznesmenit Kok\u00ebdhima.<\/p>\n<p style=\"text-align: center;\"><img decoding=\"async\" style=\"margin-left: 10px; margin-right: 10px; border: 0px;\" src=\"http:\/\/www.shkoder.net\/images\/fjala\/2009\/koco_brixhida_besa_kokedhima.jpg\" border=\"0\" alt=\"Ko\u00e7o Kok\u00ebdhima me familjen\" width=\"450\" \/><\/p>\n<p>K\u00ebta t\u00eb fundit, pas fjal\u00ebs s\u00eb kryesuesit t\u00eb trup\u00ebs gjyq\u00ebsore, gjyqtarit Zenelaj, n\u00ebse jan\u00eb dakord q\u00eb \u00e7\u00ebshtja e tyre t\u00eb zgjidhet me pajtim, u shprehen se pala akuzuese nuk pranon pajtimin. &#8220;Pala akuzuese, nuk pranon zgjidhjen e \u00e7\u00ebshtjes me pajtim&#8221; &#8211; tha p\u00ebrfaq\u00ebsuesi ligjor i biznesmenit Kok\u00ebdhima para trup\u00ebs gjyq\u00ebsore.<br \/>\nN\u00eb fjal\u00ebn e tij, edhe p\u00ebrfaq\u00ebsuesi ligjor i shefit t\u00eb ekzekutivit, deklaroi se klienti i tij, kryeministri Berisha, i p\u00ebrmbahet t\u00eb gjitha deklaratave t\u00eb tija kudo q\u00eb i ka b\u00ebr\u00eb.<\/p>\n<p>M\u00eb pas trupi gjykues i Gjykat\u00ebs s\u00eb Lart\u00eb duke par\u00eb mospajtimin e pal\u00ebve mes tyre, kaloi n\u00eb seanc\u00eb gjyq\u00ebsore duke ftuar avokat\u00ebt e pal\u00ebs akuzuese t\u00eb paraqesin provat.<\/p>\n<p>P\u00ebrfaq\u00ebsuesit e k\u00ebtij t\u00eb fundit, paraqiten nj\u00eb s\u00ebr\u00eb provash materiale si dhe nj\u00eb CD-i me fjal\u00ebn e kryeministrit Berisha. Pas dor\u00ebzimit t\u00eb k\u00ebtyre provave, avokati i kryeministrit Berisha, k\u00ebrkoi koh\u00eb nga Gjykata q\u00eb t\u00eb p\u00ebrgatis\u00eb pretendimet mbrojt\u00ebse.<\/p>\n<p>Togat e zeza t\u00eb k\u00ebshilluar n\u00eb vend, vendosen nd\u00ebrprerjen e seanc\u00ebs gjyq\u00ebsore dhe vazhdimin e saj me dat\u00ebn 3 maj ora 10:00, p\u00ebr t\u00eb d\u00ebgjuar pretendimet e mbrojtjes.<\/p>\n<p>Aktualisht S. Berisha eshte paditur per shifje nga nena e liderit te opozites Aneta Rama, si dhe nga biznesmenet Koco Kokedhima dhe Artan Dulaku, qe te dy botues dhe investitore mediash perkatesisht Shekulli dhe TV Vizion Plus.<\/p>\n","protected":false},"excerpt":{"rendered":"<p>Shekulli Online, 13.04.2010 TIRAN\u00cb &#8211; Gjat\u00eb paradites s\u00eb djeshme, \u00ebsht\u00eb shqyrtuar n\u00eb ambientet e Gjykat\u00ebs s\u00eb Lart\u00eb edhe seanca gjyq\u00ebsore e pajtimit mes t\u00eb d\u00ebmtuarit akuzues biznesmenit Ko\u00e7o Kok\u00ebdhima dhe t\u00eb akuzuarit kryeministrit Sali Berisha p\u00ebr akuz\u00ebn e Shpifjes. T\u00eb pranish\u00ebm n\u00eb sall\u00ebn e gjyqit ishin pes\u00ebshja gjykuese e kryesuar nga gjyqtari Guxim Zenelaj, mbrojt\u00ebsi [&hellip;]<\/p>\n","protected":false},"author":1,"featured_media":0,"comment_status":"open","ping_status":"closed","sticky":false,"template":"","format":"standard","meta":{"footnotes":""},"categories":[2],"tags":[],"class_list":{"0":"post-2221","1":"post","2":"type-post","3":"status-publish","4":"format-standard","6":"category-artikuj"},"yoast_head":"<!-- This site is optimized with the Yoast SEO plugin v27.4 - https:\/\/yoast.com\/product\/yoast-seo-wordpress\/ -->\n<title>Kok\u00ebdhima-Berisha, botuesi refuzon pajtimin - FjALA e LIR\u00cb - Arkivi<\/title>\n<meta name=\"robots\" content=\"index, follow, max-snippet:-1, max-image-preview:large, max-video-preview:-1\" \/>\n<link rel=\"canonical\" href=\"https:\/\/fjala.info\/2009-2015\/kokedhima-berisha-botuesi-refuzon-pajtimin\/\" \/>\n<meta property=\"og:locale\" content=\"sq_AL\" \/>\n<meta property=\"og:type\" content=\"article\" \/>\n<meta property=\"og:title\" content=\"Kok\u00ebdhima-Berisha, botuesi refuzon pajtimin - FjALA e LIR\u00cb - Arkivi\" \/>\n<meta property=\"og:description\" content=\"Shekulli Online, 13.04.2010 TIRAN\u00cb &#8211; Gjat\u00eb paradites s\u00eb djeshme, \u00ebsht\u00eb shqyrtuar n\u00eb ambientet e Gjykat\u00ebs s\u00eb Lart\u00eb edhe seanca gjyq\u00ebsore e pajtimit mes t\u00eb d\u00ebmtuarit akuzues biznesmenit Ko\u00e7o Kok\u00ebdhima dhe t\u00eb akuzuarit kryeministrit Sali Berisha p\u00ebr akuz\u00ebn e Shpifjes. T\u00eb pranish\u00ebm n\u00eb sall\u00ebn e gjyqit ishin pes\u00ebshja gjykuese e kryesuar nga gjyqtari Guxim Zenelaj, mbrojt\u00ebsi [&hellip;]\" \/>\n<meta property=\"og:url\" content=\"https:\/\/fjala.info\/2009-2015\/kokedhima-berisha-botuesi-refuzon-pajtimin\/\" \/>\n<meta property=\"og:site_name\" content=\"FjALA e LIR\u00cb - Arkivi\" \/>\n<meta property=\"article:published_time\" content=\"2010-04-13T20:47:28+00:00\" \/>\n<meta property=\"og:image\" content=\"http:\/\/www.shkoder.net\/images\/fjala\/2009\/koco_brixhida_besa_kokedhima.jpg\" \/>\n<meta name=\"author\" content=\"admin\" \/>\n<meta name=\"twitter:card\" content=\"summary_large_image\" \/>\n<meta name=\"twitter:label1\" content=\"Written by\" \/>\n\t<meta name=\"twitter:data1\" content=\"admin\" \/>\n\t<meta name=\"twitter:label2\" content=\"Est. reading time\" \/>\n\t<meta name=\"twitter:data2\" content=\"2 minutes\" \/>\n<script type=\"application\/ld+json\" class=\"yoast-schema-graph\">{\"@context\":\"https:\\\/\\\/schema.org\",\"@graph\":[{\"@type\":\"Article\",\"@id\":\"https:\\\/\\\/fjala.info\\\/2009-2015\\\/kokedhima-berisha-botuesi-refuzon-pajtimin\\\/#article\",\"isPartOf\":{\"@id\":\"https:\\\/\\\/fjala.info\\\/2009-2015\\\/kokedhima-berisha-botuesi-refuzon-pajtimin\\\/\"},\"author\":{\"name\":\"admin\",\"@id\":\"https:\\\/\\\/fjala.info\\\/2009-2015\\\/#\\\/schema\\\/person\\\/3aa1163ef05469c496fc94e77611ada2\"},\"headline\":\"Kok\u00ebdhima-Berisha, botuesi refuzon pajtimin\",\"datePublished\":\"2010-04-13T20:47:28+00:00\",\"mainEntityOfPage\":{\"@id\":\"https:\\\/\\\/fjala.info\\\/2009-2015\\\/kokedhima-berisha-botuesi-refuzon-pajtimin\\\/\"},\"wordCount\":328,\"commentCount\":0,\"publisher\":{\"@id\":\"https:\\\/\\\/fjala.info\\\/2009-2015\\\/#organization\"},\"image\":{\"@id\":\"https:\\\/\\\/fjala.info\\\/2009-2015\\\/kokedhima-berisha-botuesi-refuzon-pajtimin\\\/#primaryimage\"},\"thumbnailUrl\":\"http:\\\/\\\/www.shkoder.net\\\/images\\\/fjala\\\/2009\\\/koco_brixhida_besa_kokedhima.jpg\",\"articleSection\":[\"Artikuj\"],\"inLanguage\":\"sq-AL\",\"potentialAction\":[{\"@type\":\"CommentAction\",\"name\":\"Comment\",\"target\":[\"https:\\\/\\\/fjala.info\\\/2009-2015\\\/kokedhima-berisha-botuesi-refuzon-pajtimin\\\/#respond\"]}]},{\"@type\":\"WebPage\",\"@id\":\"https:\\\/\\\/fjala.info\\\/2009-2015\\\/kokedhima-berisha-botuesi-refuzon-pajtimin\\\/\",\"url\":\"https:\\\/\\\/fjala.info\\\/2009-2015\\\/kokedhima-berisha-botuesi-refuzon-pajtimin\\\/\",\"name\":\"Kok\u00ebdhima-Berisha, botuesi refuzon pajtimin - FjALA e LIR\u00cb - Arkivi\",\"isPartOf\":{\"@id\":\"https:\\\/\\\/fjala.info\\\/2009-2015\\\/#website\"},\"primaryImageOfPage\":{\"@id\":\"https:\\\/\\\/fjala.info\\\/2009-2015\\\/kokedhima-berisha-botuesi-refuzon-pajtimin\\\/#primaryimage\"},\"image\":{\"@id\":\"https:\\\/\\\/fjala.info\\\/2009-2015\\\/kokedhima-berisha-botuesi-refuzon-pajtimin\\\/#primaryimage\"},\"thumbnailUrl\":\"http:\\\/\\\/www.shkoder.net\\\/images\\\/fjala\\\/2009\\\/koco_brixhida_besa_kokedhima.jpg\",\"datePublished\":\"2010-04-13T20:47:28+00:00\",\"breadcrumb\":{\"@id\":\"https:\\\/\\\/fjala.info\\\/2009-2015\\\/kokedhima-berisha-botuesi-refuzon-pajtimin\\\/#breadcrumb\"},\"inLanguage\":\"sq-AL\",\"potentialAction\":[{\"@type\":\"ReadAction\",\"target\":[\"https:\\\/\\\/fjala.info\\\/2009-2015\\\/kokedhima-berisha-botuesi-refuzon-pajtimin\\\/\"]}]},{\"@type\":\"ImageObject\",\"inLanguage\":\"sq-AL\",\"@id\":\"https:\\\/\\\/fjala.info\\\/2009-2015\\\/kokedhima-berisha-botuesi-refuzon-pajtimin\\\/#primaryimage\",\"url\":\"http:\\\/\\\/www.shkoder.net\\\/images\\\/fjala\\\/2009\\\/koco_brixhida_besa_kokedhima.jpg\",\"contentUrl\":\"http:\\\/\\\/www.shkoder.net\\\/images\\\/fjala\\\/2009\\\/koco_brixhida_besa_kokedhima.jpg\"},{\"@type\":\"BreadcrumbList\",\"@id\":\"https:\\\/\\\/fjala.info\\\/2009-2015\\\/kokedhima-berisha-botuesi-refuzon-pajtimin\\\/#breadcrumb\",\"itemListElement\":[{\"@type\":\"ListItem\",\"position\":1,\"name\":\"Home\",\"item\":\"https:\\\/\\\/fjala.info\\\/2009-2015\\\/\"},{\"@type\":\"ListItem\",\"position\":2,\"name\":\"Kok\u00ebdhima-Berisha, botuesi refuzon pajtimin\"}]},{\"@type\":\"WebSite\",\"@id\":\"https:\\\/\\\/fjala.info\\\/2009-2015\\\/#website\",\"url\":\"https:\\\/\\\/fjala.info\\\/2009-2015\\\/\",\"name\":\"FjALA e LIR\u00cb - Arkivi\",\"description\":\"Arkivi 2009-2015\",\"publisher\":{\"@id\":\"https:\\\/\\\/fjala.info\\\/2009-2015\\\/#organization\"},\"potentialAction\":[{\"@type\":\"SearchAction\",\"target\":{\"@type\":\"EntryPoint\",\"urlTemplate\":\"https:\\\/\\\/fjala.info\\\/2009-2015\\\/?s={search_term_string}\"},\"query-input\":{\"@type\":\"PropertyValueSpecification\",\"valueRequired\":true,\"valueName\":\"search_term_string\"}}],\"inLanguage\":\"sq-AL\"},{\"@type\":\"Organization\",\"@id\":\"https:\\\/\\\/fjala.info\\\/2009-2015\\\/#organization\",\"name\":\"FjALA e LIR\u00cb - Arkivi\",\"url\":\"https:\\\/\\\/fjala.info\\\/2009-2015\\\/\",\"logo\":{\"@type\":\"ImageObject\",\"inLanguage\":\"sq-AL\",\"@id\":\"https:\\\/\\\/fjala.info\\\/2009-2015\\\/#\\\/schema\\\/logo\\\/image\\\/\",\"url\":\"\",\"contentUrl\":\"\",\"caption\":\"FjALA e LIR\u00cb - Arkivi\"},\"image\":{\"@id\":\"https:\\\/\\\/fjala.info\\\/2009-2015\\\/#\\\/schema\\\/logo\\\/image\\\/\"}},{\"@type\":\"Person\",\"@id\":\"https:\\\/\\\/fjala.info\\\/2009-2015\\\/#\\\/schema\\\/person\\\/3aa1163ef05469c496fc94e77611ada2\",\"name\":\"admin\",\"image\":{\"@type\":\"ImageObject\",\"inLanguage\":\"sq-AL\",\"@id\":\"https:\\\/\\\/fjala.info\\\/2009-2015\\\/wp-content\\\/uploads\\\/2012\\\/02\\\/arben_cokaj-120x150.jpg\",\"url\":\"https:\\\/\\\/fjala.info\\\/2009-2015\\\/wp-content\\\/uploads\\\/2012\\\/02\\\/arben_cokaj-120x150.jpg\",\"contentUrl\":\"https:\\\/\\\/fjala.info\\\/2009-2015\\\/wp-content\\\/uploads\\\/2012\\\/02\\\/arben_cokaj-120x150.jpg\",\"caption\":\"admin\"},\"description\":\"Admin, Fjala e Lir\u00eb\",\"sameAs\":[\"https:\\\/\\\/fjala.info\\\/\"],\"url\":\"https:\\\/\\\/fjala.info\\\/2009-2015\\\/author\\\/admin\\\/\"}]}<\/script>\n<!-- \/ Yoast SEO plugin. -->","yoast_head_json":{"title":"Kok\u00ebdhima-Berisha, botuesi refuzon pajtimin - FjALA e LIR\u00cb - Arkivi","robots":{"index":"index","follow":"follow","max-snippet":"max-snippet:-1","max-image-preview":"max-image-preview:large","max-video-preview":"max-video-preview:-1"},"canonical":"https:\/\/fjala.info\/2009-2015\/kokedhima-berisha-botuesi-refuzon-pajtimin\/","og_locale":"sq_AL","og_type":"article","og_title":"Kok\u00ebdhima-Berisha, botuesi refuzon pajtimin - FjALA e LIR\u00cb - Arkivi","og_description":"Shekulli Online, 13.04.2010 TIRAN\u00cb &#8211; Gjat\u00eb paradites s\u00eb djeshme, \u00ebsht\u00eb shqyrtuar n\u00eb ambientet e Gjykat\u00ebs s\u00eb Lart\u00eb edhe seanca gjyq\u00ebsore e pajtimit mes t\u00eb d\u00ebmtuarit akuzues biznesmenit Ko\u00e7o Kok\u00ebdhima dhe t\u00eb akuzuarit kryeministrit Sali Berisha p\u00ebr akuz\u00ebn e Shpifjes. T\u00eb pranish\u00ebm n\u00eb sall\u00ebn e gjyqit ishin pes\u00ebshja gjykuese e kryesuar nga gjyqtari Guxim Zenelaj, mbrojt\u00ebsi [&hellip;]","og_url":"https:\/\/fjala.info\/2009-2015\/kokedhima-berisha-botuesi-refuzon-pajtimin\/","og_site_name":"FjALA e LIR\u00cb - Arkivi","article_published_time":"2010-04-13T20:47:28+00:00","og_image":[{"url":"http:\/\/www.shkoder.net\/images\/fjala\/2009\/koco_brixhida_besa_kokedhima.jpg","type":"","width":"","height":""}],"author":"admin","twitter_card":"summary_large_image","twitter_misc":{"Written by":"admin","Est. reading time":"2 minutes"},"schema":{"@context":"https:\/\/schema.org","@graph":[{"@type":"Article","@id":"https:\/\/fjala.info\/2009-2015\/kokedhima-berisha-botuesi-refuzon-pajtimin\/#article","isPartOf":{"@id":"https:\/\/fjala.info\/2009-2015\/kokedhima-berisha-botuesi-refuzon-pajtimin\/"},"author":{"name":"admin","@id":"https:\/\/fjala.info\/2009-2015\/#\/schema\/person\/3aa1163ef05469c496fc94e77611ada2"},"headline":"Kok\u00ebdhima-Berisha, botuesi refuzon pajtimin","datePublished":"2010-04-13T20:47:28+00:00","mainEntityOfPage":{"@id":"https:\/\/fjala.info\/2009-2015\/kokedhima-berisha-botuesi-refuzon-pajtimin\/"},"wordCount":328,"commentCount":0,"publisher":{"@id":"https:\/\/fjala.info\/2009-2015\/#organization"},"image":{"@id":"https:\/\/fjala.info\/2009-2015\/kokedhima-berisha-botuesi-refuzon-pajtimin\/#primaryimage"},"thumbnailUrl":"http:\/\/www.shkoder.net\/images\/fjala\/2009\/koco_brixhida_besa_kokedhima.jpg","articleSection":["Artikuj"],"inLanguage":"sq-AL","potentialAction":[{"@type":"CommentAction","name":"Comment","target":["https:\/\/fjala.info\/2009-2015\/kokedhima-berisha-botuesi-refuzon-pajtimin\/#respond"]}]},{"@type":"WebPage","@id":"https:\/\/fjala.info\/2009-2015\/kokedhima-berisha-botuesi-refuzon-pajtimin\/","url":"https:\/\/fjala.info\/2009-2015\/kokedhima-berisha-botuesi-refuzon-pajtimin\/","name":"Kok\u00ebdhima-Berisha, botuesi refuzon pajtimin - FjALA e LIR\u00cb - Arkivi","isPartOf":{"@id":"https:\/\/fjala.info\/2009-2015\/#website"},"primaryImageOfPage":{"@id":"https:\/\/fjala.info\/2009-2015\/kokedhima-berisha-botuesi-refuzon-pajtimin\/#primaryimage"},"image":{"@id":"https:\/\/fjala.info\/2009-2015\/kokedhima-berisha-botuesi-refuzon-pajtimin\/#primaryimage"},"thumbnailUrl":"http:\/\/www.shkoder.net\/images\/fjala\/2009\/koco_brixhida_besa_kokedhima.jpg","datePublished":"2010-04-13T20:47:28+00:00","breadcrumb":{"@id":"https:\/\/fjala.info\/2009-2015\/kokedhima-berisha-botuesi-refuzon-pajtimin\/#breadcrumb"},"inLanguage":"sq-AL","potentialAction":[{"@type":"ReadAction","target":["https:\/\/fjala.info\/2009-2015\/kokedhima-berisha-botuesi-refuzon-pajtimin\/"]}]},{"@type":"ImageObject","inLanguage":"sq-AL","@id":"https:\/\/fjala.info\/2009-2015\/kokedhima-berisha-botuesi-refuzon-pajtimin\/#primaryimage","url":"http:\/\/www.shkoder.net\/images\/fjala\/2009\/koco_brixhida_besa_kokedhima.jpg","contentUrl":"http:\/\/www.shkoder.net\/images\/fjala\/2009\/koco_brixhida_besa_kokedhima.jpg"},{"@type":"BreadcrumbList","@id":"https:\/\/fjala.info\/2009-2015\/kokedhima-berisha-botuesi-refuzon-pajtimin\/#breadcrumb","itemListElement":[{"@type":"ListItem","position":1,"name":"Home","item":"https:\/\/fjala.info\/2009-2015\/"},{"@type":"ListItem","position":2,"name":"Kok\u00ebdhima-Berisha, botuesi refuzon pajtimin"}]},{"@type":"WebSite","@id":"https:\/\/fjala.info\/2009-2015\/#website","url":"https:\/\/fjala.info\/2009-2015\/","name":"FjALA e LIR\u00cb - Arkivi","description":"Arkivi 2009-2015","publisher":{"@id":"https:\/\/fjala.info\/2009-2015\/#organization"},"potentialAction":[{"@type":"SearchAction","target":{"@type":"EntryPoint","urlTemplate":"https:\/\/fjala.info\/2009-2015\/?s={search_term_string}"},"query-input":{"@type":"PropertyValueSpecification","valueRequired":true,"valueName":"search_term_string"}}],"inLanguage":"sq-AL"},{"@type":"Organization","@id":"https:\/\/fjala.info\/2009-2015\/#organization","name":"FjALA e LIR\u00cb - Arkivi","url":"https:\/\/fjala.info\/2009-2015\/","logo":{"@type":"ImageObject","inLanguage":"sq-AL","@id":"https:\/\/fjala.info\/2009-2015\/#\/schema\/logo\/image\/","url":"","contentUrl":"","caption":"FjALA e LIR\u00cb - Arkivi"},"image":{"@id":"https:\/\/fjala.info\/2009-2015\/#\/schema\/logo\/image\/"}},{"@type":"Person","@id":"https:\/\/fjala.info\/2009-2015\/#\/schema\/person\/3aa1163ef05469c496fc94e77611ada2","name":"admin","image":{"@type":"ImageObject","inLanguage":"sq-AL","@id":"https:\/\/fjala.info\/2009-2015\/wp-content\/uploads\/2012\/02\/arben_cokaj-120x150.jpg","url":"https:\/\/fjala.info\/2009-2015\/wp-content\/uploads\/2012\/02\/arben_cokaj-120x150.jpg","contentUrl":"https:\/\/fjala.info\/2009-2015\/wp-content\/uploads\/2012\/02\/arben_cokaj-120x150.jpg","caption":"admin"},"description":"Admin, Fjala e Lir\u00eb","sameAs":["https:\/\/fjala.info\/"],"url":"https:\/\/fjala.info\/2009-2015\/author\/admin\/"}]}},"_links":{"self":[{"href":"https:\/\/fjala.info\/2009-2015\/wp-json\/wp\/v2\/posts\/2221","targetHints":{"allow":["GET"]}}],"collection":[{"href":"https:\/\/fjala.info\/2009-2015\/wp-json\/wp\/v2\/posts"}],"about":[{"href":"https:\/\/fjala.info\/2009-2015\/wp-json\/wp\/v2\/types\/post"}],"author":[{"embeddable":true,"href":"https:\/\/fjala.info\/2009-2015\/wp-json\/wp\/v2\/users\/1"}],"replies":[{"embeddable":true,"href":"https:\/\/fjala.info\/2009-2015\/wp-json\/wp\/v2\/comments?post=2221"}],"version-history":[{"count":0,"href":"https:\/\/fjala.info\/2009-2015\/wp-json\/wp\/v2\/posts\/2221\/revisions"}],"wp:attachment":[{"href":"https:\/\/fjala.info\/2009-2015\/wp-json\/wp\/v2\/media?parent=2221"}],"wp:term":[{"taxonomy":"category","embeddable":true,"href":"https:\/\/fjala.info\/2009-2015\/wp-json\/wp\/v2\/categories?post=2221"},{"taxonomy":"post_tag","embeddable":true,"href":"https:\/\/fjala.info\/2009-2015\/wp-json\/wp\/v2\/tags?post=2221"}],"curies":[{"name":"wp","href":"https:\/\/api.w.org\/{rel}","templated":true}]}}