{"id":2214,"date":"2010-04-13T21:25:29","date_gmt":"2010-04-13T20:25:29","guid":{"rendered":"http:\/\/fjala.shkoder.net\/?p=2214"},"modified":"2010-04-13T21:25:29","modified_gmt":"2010-04-13T20:25:29","slug":"sa-shume-miopi","status":"publish","type":"post","link":"https:\/\/fjala.info\/2009-2015\/sa-shume-miopi\/","title":{"rendered":"Sa shum\u00eb miopi"},"content":{"rendered":"<p><img decoding=\"async\" style=\"margin-left: 10px; margin-right: 10px; border: 0px;\" src=\"http:\/\/www.shkoder.net\/images\/fjala\/skender_minxhozi.jpg\" border=\"0\" alt=\"Sk\u00ebnder Minxhozi\" width=\"100\" align=\"right\" \/><\/p>\n<p><strong>Sk\u00ebnder Minxhozi<\/strong><\/p>\n<p>List\u00ebs s\u00eb gjat\u00eb t\u00eb zyrtar\u00ebve europian\u00eb q\u00eb kan\u00eb apeluar p\u00ebr nj\u00eb zgjidhje t\u00eb shpejt\u00eb e t\u00eb q\u00ebndrueshme t\u00eb kriz\u00ebs politike n\u00eb Shqip\u00ebri, iu shtua dje edhe ministri i Jasht\u00ebm italian, Fratini. Shefi i diplomacis\u00eb s\u00eb vendit fqinj, ndoshta avokati m\u00eb i fort\u00eb q\u00eb ka n\u00eb Bruksel vendi yn\u00eb n\u00eb gar\u00ebn e v\u00ebshtir\u00eb t\u00eb liberalizimit t\u00eb vizave, nuk mungoi t\u00eb kujtoj\u00eb se pa zgjidhjen e l\u00ebmshit politik n\u00eb Tiran\u00eb, disa prej vendeve \u201cskeptike\u201d ndaj Shqip\u00ebris\u00eb mund t\u00eb gjejn\u00eb shkak p\u00ebr ta shtyr\u00eb procesin.<\/p>\n<p>Kjo q\u00eb tha Fratini nuk p\u00ebrb\u00ebn ndonj\u00eb lajm, p\u00ebrve\u00e7se n\u00eb aspektin e insistimit dhe t\u00eb p\u00ebrs\u00ebritjes s\u00eb t\u00eb nj\u00ebjtit mesazh nga shum\u00eb an\u00eb. Prej ver\u00ebs s\u00eb vitit t\u00eb shkuar, kur zgjedhjet kan\u00eb l\u00ebn\u00eb pas bishtin e gjat\u00eb t\u00eb sherrit politik mes pozit\u00ebs dhe opozit\u00ebs, \u00ebsht\u00eb e v\u00ebshtir\u00eb t\u00eb num\u00ebrohen thirrjet p\u00ebr kompromis, demarshet konkrete dhe takimet me t\u00eb gjitha pal\u00ebt, q\u00eb amerikan\u00ebt, europian\u00ebt dhe institucionet m\u00eb t\u00eb m\u00ebdha nd\u00ebrkomb\u00ebtare kan\u00eb zhvilluar.<\/p>\n<p>Kjo e integrimit europian \u00ebsht\u00eb ve\u00e7se nj\u00ebra nga pistat mbi t\u00eb cilat l\u00ebviz absurdi shqiptar. Sepse ne nuk po afrohemi me Europ\u00ebn p\u00ebr shkak t\u00eb ndonj\u00eb k\u00ebnaq\u00ebsie komb\u00ebtare p\u00ebr t\u00eb zgjidhur \u201cushtrime t\u00eb v\u00ebshtira\u201d, por p\u00ebr t\u00eb p\u00ebrmir\u00ebsuar jet\u00ebn ton\u00eb dhe p\u00ebr t\u2019i dh\u00ebn\u00eb form\u00eb nj\u00eb shtetit t\u00eb denj\u00eb p\u00ebr ta mbajtur k\u00ebt\u00eb em\u00ebr. Jemi miop\u00eb, duhet ta themi, jo vet\u00ebm p\u00ebrball\u00eb t\u00eb huajve, por mbi t\u00eb gjitha p\u00ebrball\u00eb vetes son\u00eb. I shtyjm\u00eb krizat, i evitojm\u00eb zgjidhjet dhe i urrejm\u00eb kompromiset, megjith\u00ebse thell\u00eb-thell\u00eb e dim\u00eb se kjo n\u00eb vetvete nuk t\u00eb \u00e7on askund. N\u00ebse e shohim n\u00eb m\u00ebnyr\u00eb pragmatike \u00e7ka po ndodh me zgjedhjet dhe me pasojat q\u00eb ato kan\u00eb sjell\u00eb pas 28 qershorit, do t\u00eb arrijm\u00eb n\u00eb konkluzionin e thjesht\u00eb se asnj\u00ebr\u00ebs pal\u00eb nuk do t\u2019i interesonte q\u00eb t\u00eb b\u00ebnte sikur nuk sheh, sikur nuk d\u00ebgjon, sikur nuk kupton, shkurt, sikur nuk \u00ebsht\u00eb.<\/p>\n<p>Berisha e di fare mir\u00eb se pa konsensusin e opozit\u00ebs as reformat kryesore nuk do t\u00eb avancojn\u00eb dhe as qeverisja s\u2019do ta ket\u00eb rrug\u00ebn t\u00eb gjat\u00eb. Topalli, nga ana e saj, e di se Kuvendi, t\u00eb cilin e mbush me gjithfar\u00eb njer\u00ebzish, nuk mund t\u00eb quhet normal, n\u00ebse opozita nuk ftohet seriozisht dhe nuk respektohet si e till\u00eb. T\u00eb nj\u00ebjt\u00ebn gj\u00eb di edhe Ilir Meta, nj\u00eb politikan me stazh t\u00eb mjaftuesh\u00ebm p\u00ebr t\u00eb kuptuar se ekuilibrat politik\u00eb jan\u00eb kaq t\u00eb brisht\u00eb, saq\u00eb asnj\u00ebrit prej krah\u00ebve nuk i shkon t\u00eb k\u00ebndoj\u00eb gjith\u00eb dit\u00ebn me arroganc\u00eb k\u00ebng\u00ebn e fitimtarit. Nga ana tjet\u00ebr, edhe opozita e di shum\u00eb mir\u00eb se n\u00eb k\u00ebt\u00eb situat\u00eb t\u00eb v\u00ebshtir\u00eb ku ndodhet pas 28 qershorit, k\u00ebrkohet shum\u00eb fleksibilitet, shkatht\u00ebsi dhe kapacitet manovrimi brenda sken\u00ebs politike dhe n\u00eb raport me votuesit q\u00eb presin t\u00eb shohin t\u00eb realizuara ato \u00e7ka Edi Rama i k\u00ebrkon prej muajsh.<\/p>\n<p>Kan\u00eb pra t\u00eb gjith\u00eb p\u00ebr t\u00eb humbur dhe p\u00ebr t\u00eb fituar. E megjithat\u00eb preferojn\u00eb t\u00eb v\u00ebn\u00eb bast gjith\u00e7ka kan\u00eb n\u00eb xhep mbi kuti\u00e7k\u00ebn e fitores, pa marr\u00eb parasysh se k\u00ebshtu si\u00e7 \u00ebsht\u00eb pleksur kjo situat\u00eb, fare mir\u00eb dalin t\u00eb humbur t\u00eb gjith\u00eb. Preferojn\u00eb me kaq d\u00ebshir\u00eb t\u00eb jen\u00eb miop\u00eb, kur i kan\u00eb t\u00eb gjitha mund\u00ebsit\u00eb t\u00eb tregohen vizionar\u00eb. Duke zbuluar p\u00ebrdit\u00eb e m\u00eb tep\u00ebr at\u00eb q\u00eb \u00ebsht\u00eb defekti gjenetik i politikanit shqiptar \u2013 paaft\u00ebsia p\u00ebr t\u00eb parashikuar.<\/p>\n<p>Shihni at\u00eb q\u00eb po ndodh aktualisht rreth nesh. Grinden p\u00ebr zgjedhjet, ia kan\u00eb z\u00ebn\u00eb totalisht rrug\u00ebn nj\u00ebri-tjetrit dhe b\u00ebjn\u00eb sikur nuk e shohin k\u00ebt\u00eb. Prej muajsh kriza elektorale ndodhet thjesht n\u00eb pik\u00eb t\u00eb vdekur. K\u00ebrkesat e opozit\u00ebs dhe stoicizmi proverbial i Berish\u00ebs kan\u00eb prodhuar nj\u00eb nyje q\u00eb nuk e zgjidhi dot as tryeza e ndrojtur e Topit, as anglishtja e p\u00ebrzier me turqisht e Davutoglus\u00eb dhe as presioni n\u00eb rritje i ambasador\u00ebve t\u00eb huaj n\u00eb Tiran\u00eb. N\u00eb muajin prill t\u00eb vitit 2010 situata politike, ose m\u00eb mir\u00eb axhenda e kriz\u00ebs politike, ndodhet ekzakt\u00ebsisht n\u00eb t\u00eb nj\u00ebjt\u00ebn pik\u00eb me tre, kat\u00ebr apo gjasht\u00eb muaj m\u00eb par\u00eb. Asnj\u00eb l\u00ebvizje, asnj\u00eb cedim nga llogorja p\u00ebrkat\u00ebse, asnj\u00eb shenj\u00eb zbutjeje apo kart\u00eb kompromisi e hedhur n\u00eb tryez\u00eb. Propozimeve t\u00eb p\u00ebrs\u00ebritura t\u00eb opozit\u00ebs p\u00ebr t\u00eb gjetur nj\u00eb form\u00eb verifikimi t\u00eb votave apo materialit q\u00eb i pasqyron ato, shumica i \u00ebsht\u00eb p\u00ebrgjigjur duke ngritur nj\u00eb mur gome. Presidenti u t\u00ebrhoq, nd\u00ebrkomb\u00ebtar\u00ebt duken t\u00eb dor\u00ebzuar para kok\u00ebfort\u00ebsis\u00eb shqiptare dhe pal\u00ebt po mprehin heshtat dhe shigjetat. Nj\u00eb luft\u00eb n\u00eb stil klasik shqiptar, ku kalor\u00ebsit nuk l\u00ebn\u00eb asnj\u00eb shteg hapur dhe ku litari vazhdon t\u00eb t\u00ebrhiqet me gjith\u00eb forc\u00ebn, megjith\u00ebse \u00ebsht\u00eb gati p\u00ebr t\u2019u k\u00ebputur n\u00eb m\u00eb shum\u00eb se nj\u00eb pik\u00eb.<\/p>\n<p>Se ku t\u00eb \u00e7on nj\u00eb rrug\u00eb e till\u00eb pa krye, jemi n\u00eb gjendje ta imagjinojm\u00eb t\u00eb gjith\u00eb, secili sipas m\u00ebnyr\u00ebs s\u00eb tij t\u00eb thjesht\u00eb apo t\u00eb sofistikuar. Ajo q\u00eb nuk dim\u00eb \u00ebsht\u00eb se kur do t\u00eb mbaroj\u00eb ky tunel. I cili p\u00ebr nga natyra e kriz\u00ebs i ngjan shum\u00eb atij t\u00eb Kalimashit. Pra, pa dalje nga ana tjet\u00ebr. Bashk\u00eb me ne, mbi t\u00eb nj\u00ebjt\u00ebn vark\u00eb pa vela dhe timon, duket se jan\u00eb edhe vet\u00eb ata q\u00eb e kan\u00eb prodhuar k\u00ebt\u00eb gjendje. Duke luajtur fort, pa ndershm\u00ebri dhe pa sens p\u00ebrgjegj\u00ebsie me nj\u00ebri-tjetrin, krer\u00ebt politik\u00eb t\u00eb k\u00ebtij vendi po g\u00ebrryejn\u00eb bashk\u00eb me t\u00eb ardhmen e p\u00ebrbashk\u00ebt t\u00eb t\u00eb gjith\u00ebve, edhe imazhin, karrierat dhe t\u00eb ardhmen e tyre. Megjith\u00ebse \u00ebsht\u00eb ndofta detaji m\u00eb i par\u00ebnd\u00ebsish\u00ebm n\u00eb kontekstin e p\u00ebrgjithsh\u00ebm.<\/p>\n<p>Llogaria e politikanit tipik shqiptar \u00ebsht\u00eb ve\u00e7se meskine dhe maksimaliste. Logjikohet mbi modelin \u201cun\u00eb nuk dor\u00ebzohem, at\u00ebher\u00eb do t\u00eb dor\u00ebzohet ai para meje\u201d, duke shkelur me shp\u00ebrfillje dhe pap\u00ebrgjegjshm\u00ebri mbi gjith\u00e7ka del jasht\u00eb k\u00ebsaj skeme. Krizat n\u00eb Shqip\u00ebri jan\u00eb shkaktuar nga pak duar, por jan\u00eb paguar nga shum\u00eb m\u00eb tep\u00ebr duar t\u00eb tjera t\u00eb pafajshme, q\u00eb jan\u00eb rropatur p\u00ebr vite me radh\u00eb p\u00ebr t\u00eb riparuar pasojat e p\u00ebrplasjeve t\u00eb kumarit politik q\u00eb \u00ebsht\u00eb luajtur me fatin e shqiptar\u00ebve t\u00eb thjesht\u00eb. Vitet kalojn\u00eb dhe koncept miop dhe madje i pashpirt i t\u00eb b\u00ebrit politik\u00eb, po mbijeton n\u00eb k\u00ebt\u00eb vend, tamam si ajo fara e barit t\u00eb keq q\u00eb nuk shkulet dhe nuk zhduket.<\/p>\n","protected":false},"excerpt":{"rendered":"<p>Sk\u00ebnder Minxhozi List\u00ebs s\u00eb gjat\u00eb t\u00eb zyrtar\u00ebve europian\u00eb q\u00eb kan\u00eb apeluar p\u00ebr nj\u00eb zgjidhje t\u00eb shpejt\u00eb e t\u00eb q\u00ebndrueshme t\u00eb kriz\u00ebs politike n\u00eb Shqip\u00ebri, iu shtua dje edhe ministri i Jasht\u00ebm italian, Fratini. Shefi i diplomacis\u00eb s\u00eb vendit fqinj, ndoshta avokati m\u00eb i fort\u00eb q\u00eb ka n\u00eb Bruksel vendi yn\u00eb n\u00eb gar\u00ebn e v\u00ebshtir\u00eb t\u00eb [&hellip;]<\/p>\n","protected":false},"author":1,"featured_media":0,"comment_status":"open","ping_status":"closed","sticky":false,"template":"","format":"standard","meta":{"footnotes":""},"categories":[2],"tags":[],"class_list":{"0":"post-2214","1":"post","2":"type-post","3":"status-publish","4":"format-standard","6":"category-artikuj"},"yoast_head":"<!-- This site is optimized with the Yoast SEO plugin v27.4 - https:\/\/yoast.com\/product\/yoast-seo-wordpress\/ -->\n<title>Sa shum\u00eb miopi - FjALA e LIR\u00cb - Arkivi<\/title>\n<meta name=\"robots\" content=\"index, follow, max-snippet:-1, max-image-preview:large, max-video-preview:-1\" \/>\n<link rel=\"canonical\" href=\"https:\/\/fjala.info\/2009-2015\/sa-shume-miopi\/\" \/>\n<meta property=\"og:locale\" content=\"sq_AL\" \/>\n<meta property=\"og:type\" content=\"article\" \/>\n<meta property=\"og:title\" content=\"Sa shum\u00eb miopi - FjALA e LIR\u00cb - Arkivi\" \/>\n<meta property=\"og:description\" content=\"Sk\u00ebnder Minxhozi List\u00ebs s\u00eb gjat\u00eb t\u00eb zyrtar\u00ebve europian\u00eb q\u00eb kan\u00eb apeluar p\u00ebr nj\u00eb zgjidhje t\u00eb shpejt\u00eb e t\u00eb q\u00ebndrueshme t\u00eb kriz\u00ebs politike n\u00eb Shqip\u00ebri, iu shtua dje edhe ministri i Jasht\u00ebm italian, Fratini. Shefi i diplomacis\u00eb s\u00eb vendit fqinj, ndoshta avokati m\u00eb i fort\u00eb q\u00eb ka n\u00eb Bruksel vendi yn\u00eb n\u00eb gar\u00ebn e v\u00ebshtir\u00eb t\u00eb [&hellip;]\" \/>\n<meta property=\"og:url\" content=\"https:\/\/fjala.info\/2009-2015\/sa-shume-miopi\/\" \/>\n<meta property=\"og:site_name\" content=\"FjALA e LIR\u00cb - Arkivi\" \/>\n<meta property=\"article:published_time\" content=\"2010-04-13T20:25:29+00:00\" \/>\n<meta property=\"og:image\" content=\"http:\/\/www.shkoder.net\/images\/fjala\/skender_minxhozi.jpg\" \/>\n<meta name=\"author\" content=\"admin\" \/>\n<meta name=\"twitter:card\" content=\"summary_large_image\" \/>\n<meta name=\"twitter:label1\" content=\"Written by\" \/>\n\t<meta name=\"twitter:data1\" content=\"admin\" \/>\n\t<meta name=\"twitter:label2\" content=\"Est. reading time\" \/>\n\t<meta name=\"twitter:data2\" content=\"6 minutes\" \/>\n<script type=\"application\/ld+json\" class=\"yoast-schema-graph\">{\"@context\":\"https:\\\/\\\/schema.org\",\"@graph\":[{\"@type\":\"Article\",\"@id\":\"https:\\\/\\\/fjala.info\\\/2009-2015\\\/sa-shume-miopi\\\/#article\",\"isPartOf\":{\"@id\":\"https:\\\/\\\/fjala.info\\\/2009-2015\\\/sa-shume-miopi\\\/\"},\"author\":{\"name\":\"admin\",\"@id\":\"https:\\\/\\\/fjala.info\\\/2009-2015\\\/#\\\/schema\\\/person\\\/3aa1163ef05469c496fc94e77611ada2\"},\"headline\":\"Sa shum\u00eb miopi\",\"datePublished\":\"2010-04-13T20:25:29+00:00\",\"mainEntityOfPage\":{\"@id\":\"https:\\\/\\\/fjala.info\\\/2009-2015\\\/sa-shume-miopi\\\/\"},\"wordCount\":1142,\"commentCount\":0,\"publisher\":{\"@id\":\"https:\\\/\\\/fjala.info\\\/2009-2015\\\/#organization\"},\"image\":{\"@id\":\"https:\\\/\\\/fjala.info\\\/2009-2015\\\/sa-shume-miopi\\\/#primaryimage\"},\"thumbnailUrl\":\"http:\\\/\\\/www.shkoder.net\\\/images\\\/fjala\\\/skender_minxhozi.jpg\",\"articleSection\":[\"Artikuj\"],\"inLanguage\":\"sq-AL\",\"potentialAction\":[{\"@type\":\"CommentAction\",\"name\":\"Comment\",\"target\":[\"https:\\\/\\\/fjala.info\\\/2009-2015\\\/sa-shume-miopi\\\/#respond\"]}]},{\"@type\":\"WebPage\",\"@id\":\"https:\\\/\\\/fjala.info\\\/2009-2015\\\/sa-shume-miopi\\\/\",\"url\":\"https:\\\/\\\/fjala.info\\\/2009-2015\\\/sa-shume-miopi\\\/\",\"name\":\"Sa shum\u00eb miopi - FjALA e LIR\u00cb - Arkivi\",\"isPartOf\":{\"@id\":\"https:\\\/\\\/fjala.info\\\/2009-2015\\\/#website\"},\"primaryImageOfPage\":{\"@id\":\"https:\\\/\\\/fjala.info\\\/2009-2015\\\/sa-shume-miopi\\\/#primaryimage\"},\"image\":{\"@id\":\"https:\\\/\\\/fjala.info\\\/2009-2015\\\/sa-shume-miopi\\\/#primaryimage\"},\"thumbnailUrl\":\"http:\\\/\\\/www.shkoder.net\\\/images\\\/fjala\\\/skender_minxhozi.jpg\",\"datePublished\":\"2010-04-13T20:25:29+00:00\",\"breadcrumb\":{\"@id\":\"https:\\\/\\\/fjala.info\\\/2009-2015\\\/sa-shume-miopi\\\/#breadcrumb\"},\"inLanguage\":\"sq-AL\",\"potentialAction\":[{\"@type\":\"ReadAction\",\"target\":[\"https:\\\/\\\/fjala.info\\\/2009-2015\\\/sa-shume-miopi\\\/\"]}]},{\"@type\":\"ImageObject\",\"inLanguage\":\"sq-AL\",\"@id\":\"https:\\\/\\\/fjala.info\\\/2009-2015\\\/sa-shume-miopi\\\/#primaryimage\",\"url\":\"http:\\\/\\\/www.shkoder.net\\\/images\\\/fjala\\\/skender_minxhozi.jpg\",\"contentUrl\":\"http:\\\/\\\/www.shkoder.net\\\/images\\\/fjala\\\/skender_minxhozi.jpg\"},{\"@type\":\"BreadcrumbList\",\"@id\":\"https:\\\/\\\/fjala.info\\\/2009-2015\\\/sa-shume-miopi\\\/#breadcrumb\",\"itemListElement\":[{\"@type\":\"ListItem\",\"position\":1,\"name\":\"Home\",\"item\":\"https:\\\/\\\/fjala.info\\\/2009-2015\\\/\"},{\"@type\":\"ListItem\",\"position\":2,\"name\":\"Sa shum\u00eb miopi\"}]},{\"@type\":\"WebSite\",\"@id\":\"https:\\\/\\\/fjala.info\\\/2009-2015\\\/#website\",\"url\":\"https:\\\/\\\/fjala.info\\\/2009-2015\\\/\",\"name\":\"FjALA e LIR\u00cb - Arkivi\",\"description\":\"Arkivi 2009-2015\",\"publisher\":{\"@id\":\"https:\\\/\\\/fjala.info\\\/2009-2015\\\/#organization\"},\"potentialAction\":[{\"@type\":\"SearchAction\",\"target\":{\"@type\":\"EntryPoint\",\"urlTemplate\":\"https:\\\/\\\/fjala.info\\\/2009-2015\\\/?s={search_term_string}\"},\"query-input\":{\"@type\":\"PropertyValueSpecification\",\"valueRequired\":true,\"valueName\":\"search_term_string\"}}],\"inLanguage\":\"sq-AL\"},{\"@type\":\"Organization\",\"@id\":\"https:\\\/\\\/fjala.info\\\/2009-2015\\\/#organization\",\"name\":\"FjALA e LIR\u00cb - Arkivi\",\"url\":\"https:\\\/\\\/fjala.info\\\/2009-2015\\\/\",\"logo\":{\"@type\":\"ImageObject\",\"inLanguage\":\"sq-AL\",\"@id\":\"https:\\\/\\\/fjala.info\\\/2009-2015\\\/#\\\/schema\\\/logo\\\/image\\\/\",\"url\":\"\",\"contentUrl\":\"\",\"caption\":\"FjALA e LIR\u00cb - Arkivi\"},\"image\":{\"@id\":\"https:\\\/\\\/fjala.info\\\/2009-2015\\\/#\\\/schema\\\/logo\\\/image\\\/\"}},{\"@type\":\"Person\",\"@id\":\"https:\\\/\\\/fjala.info\\\/2009-2015\\\/#\\\/schema\\\/person\\\/3aa1163ef05469c496fc94e77611ada2\",\"name\":\"admin\",\"image\":{\"@type\":\"ImageObject\",\"inLanguage\":\"sq-AL\",\"@id\":\"https:\\\/\\\/fjala.info\\\/2009-2015\\\/wp-content\\\/uploads\\\/2012\\\/02\\\/arben_cokaj-120x150.jpg\",\"url\":\"https:\\\/\\\/fjala.info\\\/2009-2015\\\/wp-content\\\/uploads\\\/2012\\\/02\\\/arben_cokaj-120x150.jpg\",\"contentUrl\":\"https:\\\/\\\/fjala.info\\\/2009-2015\\\/wp-content\\\/uploads\\\/2012\\\/02\\\/arben_cokaj-120x150.jpg\",\"caption\":\"admin\"},\"description\":\"Admin, Fjala e Lir\u00eb\",\"sameAs\":[\"https:\\\/\\\/fjala.info\\\/\"],\"url\":\"https:\\\/\\\/fjala.info\\\/2009-2015\\\/author\\\/admin\\\/\"}]}<\/script>\n<!-- \/ Yoast SEO plugin. -->","yoast_head_json":{"title":"Sa shum\u00eb miopi - FjALA e LIR\u00cb - Arkivi","robots":{"index":"index","follow":"follow","max-snippet":"max-snippet:-1","max-image-preview":"max-image-preview:large","max-video-preview":"max-video-preview:-1"},"canonical":"https:\/\/fjala.info\/2009-2015\/sa-shume-miopi\/","og_locale":"sq_AL","og_type":"article","og_title":"Sa shum\u00eb miopi - FjALA e LIR\u00cb - Arkivi","og_description":"Sk\u00ebnder Minxhozi List\u00ebs s\u00eb gjat\u00eb t\u00eb zyrtar\u00ebve europian\u00eb q\u00eb kan\u00eb apeluar p\u00ebr nj\u00eb zgjidhje t\u00eb shpejt\u00eb e t\u00eb q\u00ebndrueshme t\u00eb kriz\u00ebs politike n\u00eb Shqip\u00ebri, iu shtua dje edhe ministri i Jasht\u00ebm italian, Fratini. Shefi i diplomacis\u00eb s\u00eb vendit fqinj, ndoshta avokati m\u00eb i fort\u00eb q\u00eb ka n\u00eb Bruksel vendi yn\u00eb n\u00eb gar\u00ebn e v\u00ebshtir\u00eb t\u00eb [&hellip;]","og_url":"https:\/\/fjala.info\/2009-2015\/sa-shume-miopi\/","og_site_name":"FjALA e LIR\u00cb - Arkivi","article_published_time":"2010-04-13T20:25:29+00:00","og_image":[{"url":"http:\/\/www.shkoder.net\/images\/fjala\/skender_minxhozi.jpg","type":"","width":"","height":""}],"author":"admin","twitter_card":"summary_large_image","twitter_misc":{"Written by":"admin","Est. reading time":"6 minutes"},"schema":{"@context":"https:\/\/schema.org","@graph":[{"@type":"Article","@id":"https:\/\/fjala.info\/2009-2015\/sa-shume-miopi\/#article","isPartOf":{"@id":"https:\/\/fjala.info\/2009-2015\/sa-shume-miopi\/"},"author":{"name":"admin","@id":"https:\/\/fjala.info\/2009-2015\/#\/schema\/person\/3aa1163ef05469c496fc94e77611ada2"},"headline":"Sa shum\u00eb miopi","datePublished":"2010-04-13T20:25:29+00:00","mainEntityOfPage":{"@id":"https:\/\/fjala.info\/2009-2015\/sa-shume-miopi\/"},"wordCount":1142,"commentCount":0,"publisher":{"@id":"https:\/\/fjala.info\/2009-2015\/#organization"},"image":{"@id":"https:\/\/fjala.info\/2009-2015\/sa-shume-miopi\/#primaryimage"},"thumbnailUrl":"http:\/\/www.shkoder.net\/images\/fjala\/skender_minxhozi.jpg","articleSection":["Artikuj"],"inLanguage":"sq-AL","potentialAction":[{"@type":"CommentAction","name":"Comment","target":["https:\/\/fjala.info\/2009-2015\/sa-shume-miopi\/#respond"]}]},{"@type":"WebPage","@id":"https:\/\/fjala.info\/2009-2015\/sa-shume-miopi\/","url":"https:\/\/fjala.info\/2009-2015\/sa-shume-miopi\/","name":"Sa shum\u00eb miopi - FjALA e LIR\u00cb - Arkivi","isPartOf":{"@id":"https:\/\/fjala.info\/2009-2015\/#website"},"primaryImageOfPage":{"@id":"https:\/\/fjala.info\/2009-2015\/sa-shume-miopi\/#primaryimage"},"image":{"@id":"https:\/\/fjala.info\/2009-2015\/sa-shume-miopi\/#primaryimage"},"thumbnailUrl":"http:\/\/www.shkoder.net\/images\/fjala\/skender_minxhozi.jpg","datePublished":"2010-04-13T20:25:29+00:00","breadcrumb":{"@id":"https:\/\/fjala.info\/2009-2015\/sa-shume-miopi\/#breadcrumb"},"inLanguage":"sq-AL","potentialAction":[{"@type":"ReadAction","target":["https:\/\/fjala.info\/2009-2015\/sa-shume-miopi\/"]}]},{"@type":"ImageObject","inLanguage":"sq-AL","@id":"https:\/\/fjala.info\/2009-2015\/sa-shume-miopi\/#primaryimage","url":"http:\/\/www.shkoder.net\/images\/fjala\/skender_minxhozi.jpg","contentUrl":"http:\/\/www.shkoder.net\/images\/fjala\/skender_minxhozi.jpg"},{"@type":"BreadcrumbList","@id":"https:\/\/fjala.info\/2009-2015\/sa-shume-miopi\/#breadcrumb","itemListElement":[{"@type":"ListItem","position":1,"name":"Home","item":"https:\/\/fjala.info\/2009-2015\/"},{"@type":"ListItem","position":2,"name":"Sa shum\u00eb miopi"}]},{"@type":"WebSite","@id":"https:\/\/fjala.info\/2009-2015\/#website","url":"https:\/\/fjala.info\/2009-2015\/","name":"FjALA e LIR\u00cb - Arkivi","description":"Arkivi 2009-2015","publisher":{"@id":"https:\/\/fjala.info\/2009-2015\/#organization"},"potentialAction":[{"@type":"SearchAction","target":{"@type":"EntryPoint","urlTemplate":"https:\/\/fjala.info\/2009-2015\/?s={search_term_string}"},"query-input":{"@type":"PropertyValueSpecification","valueRequired":true,"valueName":"search_term_string"}}],"inLanguage":"sq-AL"},{"@type":"Organization","@id":"https:\/\/fjala.info\/2009-2015\/#organization","name":"FjALA e LIR\u00cb - Arkivi","url":"https:\/\/fjala.info\/2009-2015\/","logo":{"@type":"ImageObject","inLanguage":"sq-AL","@id":"https:\/\/fjala.info\/2009-2015\/#\/schema\/logo\/image\/","url":"","contentUrl":"","caption":"FjALA e LIR\u00cb - Arkivi"},"image":{"@id":"https:\/\/fjala.info\/2009-2015\/#\/schema\/logo\/image\/"}},{"@type":"Person","@id":"https:\/\/fjala.info\/2009-2015\/#\/schema\/person\/3aa1163ef05469c496fc94e77611ada2","name":"admin","image":{"@type":"ImageObject","inLanguage":"sq-AL","@id":"https:\/\/fjala.info\/2009-2015\/wp-content\/uploads\/2012\/02\/arben_cokaj-120x150.jpg","url":"https:\/\/fjala.info\/2009-2015\/wp-content\/uploads\/2012\/02\/arben_cokaj-120x150.jpg","contentUrl":"https:\/\/fjala.info\/2009-2015\/wp-content\/uploads\/2012\/02\/arben_cokaj-120x150.jpg","caption":"admin"},"description":"Admin, Fjala e Lir\u00eb","sameAs":["https:\/\/fjala.info\/"],"url":"https:\/\/fjala.info\/2009-2015\/author\/admin\/"}]}},"_links":{"self":[{"href":"https:\/\/fjala.info\/2009-2015\/wp-json\/wp\/v2\/posts\/2214","targetHints":{"allow":["GET"]}}],"collection":[{"href":"https:\/\/fjala.info\/2009-2015\/wp-json\/wp\/v2\/posts"}],"about":[{"href":"https:\/\/fjala.info\/2009-2015\/wp-json\/wp\/v2\/types\/post"}],"author":[{"embeddable":true,"href":"https:\/\/fjala.info\/2009-2015\/wp-json\/wp\/v2\/users\/1"}],"replies":[{"embeddable":true,"href":"https:\/\/fjala.info\/2009-2015\/wp-json\/wp\/v2\/comments?post=2214"}],"version-history":[{"count":0,"href":"https:\/\/fjala.info\/2009-2015\/wp-json\/wp\/v2\/posts\/2214\/revisions"}],"wp:attachment":[{"href":"https:\/\/fjala.info\/2009-2015\/wp-json\/wp\/v2\/media?parent=2214"}],"wp:term":[{"taxonomy":"category","embeddable":true,"href":"https:\/\/fjala.info\/2009-2015\/wp-json\/wp\/v2\/categories?post=2214"},{"taxonomy":"post_tag","embeddable":true,"href":"https:\/\/fjala.info\/2009-2015\/wp-json\/wp\/v2\/tags?post=2214"}],"curies":[{"name":"wp","href":"https:\/\/api.w.org\/{rel}","templated":true}]}}