{"id":2212,"date":"2010-04-13T21:23:19","date_gmt":"2010-04-13T20:23:19","guid":{"rendered":"http:\/\/fjala.shkoder.net\/?p=2212"},"modified":"2010-04-13T21:23:19","modified_gmt":"2010-04-13T20:23:19","slug":"kapitalizmi-komunist","status":"publish","type":"post","link":"https:\/\/fjala.info\/2009-2015\/kapitalizmi-komunist\/","title":{"rendered":"KAPITALIZMI KOMUNIST"},"content":{"rendered":"<p><strong>Artan Lame<\/strong><\/p>\n<p>M\u00eb n\u00eb fund u ula dhe shkrova edhe un\u00eb nj\u00eb lib\u00ebr. Me th\u00ebn\u00eb t\u00eb drejt\u00ebn kisha vite q\u00eb punoja p\u00ebr t\u00eb dhe, m\u00eb shum\u00eb sesa p\u00ebr ta filluar u p\u00ebrpoqa p\u00ebr ta mbaruar. \u00cbsht\u00eb nj\u00eb lib\u00ebr n\u00eb dy volume p\u00ebr historin\u00eb e medaljeve shqiptare, duke filluar q\u00eb prej vitit t\u00eb larg\u00ebt 1914, kur Princ Vidi emetoi t\u00eb par\u00ebn medalje shqiptare dhe deri n\u00eb vitin 2002, kur nd\u00ebn presidenc\u00ebn Moisiu, u emetua e fundmja.<\/p>\n<p>Si e mbarova, dola t\u00eb lyp ndonj\u00eb lek p\u00ebr botimin pasi, meqen\u00ebse t\u00eb dy volumet jan\u00eb plot me ilustrime me ngjyra, botimi dilte shum\u00eb i shtrenjt\u00eb dhe vet\u00eb nuk ia dilja dot ta financoja as n\u00eb \u00ebnd\u00ebrr e jo m\u00eb n\u00eb zhgj\u00ebnd\u00ebrr. Lyp k\u00ebtu e lyp atje, pi nj\u00eb kafe me k\u00ebt\u00eb e rrufit nj\u00eb \u00e7aj me at\u00eb, sikur fillova ta v\u00eb pun\u00ebn n\u00eb vij\u00eb disi. T\u00eb parit prej donator\u00ebve q\u00eb m\u00eb premtoi ca para, p\u00ebr t\u2019i lar\u00eb nderin i thash\u00eb se do t\u2019ia shkruaja emrin n\u00eb faqe t\u00eb par\u00eb, q\u00eb k\u00ebshtu t\u2019i b\u00ebja edhe reklam\u00eb. <\/p>\n<p>Aman &#8211; m\u00eb tha &#8211; vet\u00ebm k\u00ebt\u00eb mos ma b\u00ebj. M\u2019u duk thjesht nj\u00eb frikacak i ekzagjeruar\u2019, por pasi t\u00eb nj\u00ebjt\u00ebn gj\u00eb ma k\u00ebrkoi dhe i dyti dhe pastaj t\u00eb gjith\u00eb ata q\u00eb m\u00eb dhan\u00eb ndihm\u00eb p\u00ebr librin, e pash\u00eb q\u00eb nuk q\u00ebnk\u00ebsh frik\u00eb e nj\u00eb njeriu, por metod\u00eb pune e nj\u00eb administrate. Frika e tyre ishte e dyfisht\u00eb. M\u00eb nj\u2019an\u00eb frika nga hakmarrja politike, pra q\u00eb po financonin nj\u00eb botim t\u00eb dikujt q\u00eb \u00ebsht\u00eb i s\u00eb majt\u00ebs. <\/p>\n<p>Nga ana tjet\u00ebr, si\u00e7 ma tha nj\u00ebri syresh, Zyra e Tatimeve rri me telekomand\u00eb n\u00eb dor\u00eb dhe, posaq\u00eb shohin m\u00eb ndonj\u00eb kanal televizori dik\u00eb q\u00eb b\u00ebn reklam\u00eb, t\u00eb nes\u00ebrmen i z\u00ebn\u00eb der\u00ebn me logjik\u00ebn q\u00eb \u201cm\u00eb mir\u00eb t\u2019i paguash taksa, gjoba apo bakshishe ato para, sesa t\u2019i harxhosh p\u00ebr reklam\u00eb\u201d. Drejt e kan\u00eb, kur paske par\u00e1 p\u00ebr reklam\u00eb m\u00eb mir\u00eb na i jep neve. K\u00ebshtu edhe p\u00ebr pun\u00eb t\u00eb k\u00ebtij botimit tim. T\u00eb gjith\u00eb ishin gati t\u00eb m\u00eb ndihmonin, por pa u dal\u00eb emri.<\/p>\n<p>Si edhe p\u00ebr \u00e7do gj\u00eb tjet\u00ebr, Shqip\u00ebria ime nuk m\u00eb zhg\u00ebnjeu, duke ndenjur besnike e parimit p\u00ebr t\u00eb qen\u00eb ndryshe gjith\u00eb dynjas\u00eb, pasi ngado anek\u00ebnd bot\u00ebs bizneset paguajn\u00eb q\u00eb t\u2019u dal\u00eb emri n\u00ebp\u00ebr libra e botime, nd\u00ebrsa k\u00ebtu paguajn\u00eb q\u00eb t\u00eb mos u dal\u00eb emri. K\u00ebsaj i thon\u00eb po ngrem\u00eb kapitalizmin duke p\u00ebrdorur mendjen e komunist\u00ebve.<\/p>\n<p><strong>SI TA BEJ?<\/strong><br \/>\nMe vijn\u00eb lloj lloj e-mail-esh p\u00ebr shkrimet. S\u00eb fundmi m\u00eb shkruante nj\u00ebri q\u00eb s\u2019m\u00eb linte n\u00ebn\u00eb e bab\u00eb pa shar\u00eb. Si mbaronte me n\u00ebn\u00ebn e baban\u00eb, m\u00eb shante p\u00ebr politik\u00eb, p\u00ebr korrupsion, p\u00ebr rrog\u00ebn e deputetll\u00ebkut q\u00eb i b\u00ebkam hyzmetin, e \u00e7\u2019t\u2019u them. T\u00eb ulesha t\u2019i kthenja p\u00ebrgjigje e t\u2019i thonja se ja fuste kot pasi nuk jam deputet, s\u2019kish vler\u00eb, pasi pa nj\u00eb pa dy do m\u00eb kthehej e t\u00eb m\u00eb thosh se prandaj b\u00ebj k\u00ebshtu pasi s\u2019u b\u00ebra dot deputet. <\/p>\n<p>Hip se t\u00eb vrava, zbrit se t\u00eb vrava. Po kotesha nervangritur nd\u00ebr k\u00ebto mejtime n\u00eb gjysmerr\u00ebsir\u00ebn e pasdites, kur m\u2019u b\u00eb sikur m\u2019u faneps hija e Faik Konic\u00ebs q\u00eb m\u00eb thosh: \u201cArtaaan, p\u00ebr k\u00ebt\u00eb pun\u00eb, l\u00eb\u00e7it veprat e mia n\u00eb flet\u00eb\u00eb\u00ebn 637-\u00eb\u00eb\u00eb!\u201d.<\/p>\n<p>U ngrita vrik, nxitova n\u00eb bibliotek\u00eb, hapa ku m\u00eb kish th\u00ebn\u00eb z\u00ebri i sip\u00ebrm\u00eb dhe lexova: \u201cN\u00eb e b\u00ebfsh gazet\u00ebn me flet\u00eb t\u00eb mb\u00ebdha, shqip\u00ebtar\u00ebt do t\u00eb thon\u00eb se s\u2019mpshtillet dot leht\u00eb, n\u00eb e b\u00ebfsh me flet\u00eb t\u00eb vog\u00ebla, do thon\u00eb se s\u2019\u00ebsht\u00eb gazet\u00eb po lib\u00ebr. N\u00eb e shtyp\u00e7 n\u00eb let\u00ebr t\u00eb holl\u00eb, do thon\u00eb se s\u2019k\u00ebndohet e t\u00eb prish syt\u00eb, n\u00eb e shtypsh me letra t\u00eb trasha, do thon\u00eb se je hamall. N\u00eb mos shkrofsh p\u00ebr politik\u00eb, do thon\u00eb se s\u2019\u00ebsht\u00eb koha p\u00ebr literatur\u00eb, n\u00eb shkrofsh p\u00ebr politik\u00eb, do thon\u00eb se po prish pun\u00eb. <\/p>\n<p>N\u00eb shkrofsh tosk\u00ebrisht, do t\u00eb thon\u00eb se s\u2019\u00ebsht\u00eb gazet\u00eb p\u00ebr t\u00eb gjith\u00eb shqiptar\u00ebt, n\u00eb shkrofsh geg\u00ebnisht, prap\u00eb po ashtu, n\u00eb shkrofsh n\u00eb nj\u00eb gjuh\u00eb t\u00eb p\u00ebrzjer\u00eb t\u00eb t\u00eb dyjave, do thon\u00eb se s\u2019di shqip, n\u00eb shkrofsh gjysm\u00eb tosk\u00ebrisht e gjysm\u00eb geg\u00ebnisht, do thon\u00eb se \u00ebsht\u00eb \u00e7orb\u00eb. N\u00eb fol\u00e7 but\u00eb p\u00ebr Turqin\u00eb, je i paguar prej Sulltanit, n\u00eb shkrofsh rrept\u00eb kund\u00ebr Turqis\u00eb, k\u00ebrkon t\u00eb t\u00eb jap\u00eb Sulltani t\u00eb holla q\u00eb t\u00eb zbutesh. N\u00eb mos gje\u00e7 t\u00eb holla p\u00ebr gazet\u00ebn, do thon\u00eb se s\u2019je i zoti, n\u00eb gje\u00e7 t\u00eb holla p\u00ebr gazet\u00ebn, je i shitur. N\u00eb fol\u00e7 mir\u00eb p\u00ebr shqip\u00ebtar\u00ebt e krishter\u00eb, do hidh\u00ebrohen shqip\u00ebtar\u00ebt muhamedan\u00eb, n\u00eb fol\u00e7 mir\u00eb p\u00ebr muhamedan\u00ebt, do hidh\u00ebrohen t\u00eb krishter\u00ebt, n\u00eb fol\u00e7 mir\u00eb p\u00ebr t\u00eb dy pal\u00ebt do hidh\u00ebrohen t\u00eb gjith\u00eb\u201d. <\/p>\n<p>Shkrimi i Faikut vazhdonte edhe m\u00eb, por e lash\u00eb me kaq, se m\u00eb dilte e tepronte p\u00ebr t\u00eb m\u00eb treguar udh\u00ebn e t\u00eb shkrojturit nd\u00ebr shqip\u00ebtar\u00eb. T\u00eb falem nder\u00ebs Faik bej, q\u00eb vazhdon t\u2019u ndrit\u00ebsh udh\u00ebn shqip\u00ebtar\u00ebve edhe gati 70 vjet pasi mbarove udh\u00ebn t\u00ebnde tok\u00ebsore.<\/p>\n","protected":false},"excerpt":{"rendered":"<p>Artan Lame M\u00eb n\u00eb fund u ula dhe shkrova edhe un\u00eb nj\u00eb lib\u00ebr. Me th\u00ebn\u00eb t\u00eb drejt\u00ebn kisha vite q\u00eb punoja p\u00ebr t\u00eb dhe, m\u00eb shum\u00eb sesa p\u00ebr ta filluar u p\u00ebrpoqa p\u00ebr ta mbaruar. \u00cbsht\u00eb nj\u00eb lib\u00ebr n\u00eb dy volume p\u00ebr historin\u00eb e medaljeve shqiptare, duke filluar q\u00eb prej vitit t\u00eb larg\u00ebt 1914, kur [&hellip;]<\/p>\n","protected":false},"author":1,"featured_media":0,"comment_status":"open","ping_status":"closed","sticky":false,"template":"","format":"standard","meta":{"footnotes":""},"categories":[2],"tags":[],"class_list":{"0":"post-2212","1":"post","2":"type-post","3":"status-publish","4":"format-standard","6":"category-artikuj"},"yoast_head":"<!-- This site is optimized with the Yoast SEO plugin v27.4 - https:\/\/yoast.com\/product\/yoast-seo-wordpress\/ -->\n<title>KAPITALIZMI KOMUNIST - FjALA e LIR\u00cb - Arkivi<\/title>\n<meta name=\"robots\" content=\"index, follow, max-snippet:-1, max-image-preview:large, max-video-preview:-1\" \/>\n<link rel=\"canonical\" href=\"https:\/\/fjala.info\/2009-2015\/kapitalizmi-komunist\/\" \/>\n<meta property=\"og:locale\" content=\"sq_AL\" \/>\n<meta property=\"og:type\" content=\"article\" \/>\n<meta property=\"og:title\" content=\"KAPITALIZMI KOMUNIST - FjALA e LIR\u00cb - Arkivi\" \/>\n<meta property=\"og:description\" content=\"Artan Lame M\u00eb n\u00eb fund u ula dhe shkrova edhe un\u00eb nj\u00eb lib\u00ebr. Me th\u00ebn\u00eb t\u00eb drejt\u00ebn kisha vite q\u00eb punoja p\u00ebr t\u00eb dhe, m\u00eb shum\u00eb sesa p\u00ebr ta filluar u p\u00ebrpoqa p\u00ebr ta mbaruar. \u00cbsht\u00eb nj\u00eb lib\u00ebr n\u00eb dy volume p\u00ebr historin\u00eb e medaljeve shqiptare, duke filluar q\u00eb prej vitit t\u00eb larg\u00ebt 1914, kur [&hellip;]\" \/>\n<meta property=\"og:url\" content=\"https:\/\/fjala.info\/2009-2015\/kapitalizmi-komunist\/\" \/>\n<meta property=\"og:site_name\" content=\"FjALA e LIR\u00cb - Arkivi\" \/>\n<meta property=\"article:published_time\" content=\"2010-04-13T20:23:19+00:00\" \/>\n<meta name=\"author\" content=\"admin\" \/>\n<meta name=\"twitter:card\" content=\"summary_large_image\" \/>\n<meta name=\"twitter:label1\" content=\"Written by\" \/>\n\t<meta name=\"twitter:data1\" content=\"admin\" \/>\n\t<meta name=\"twitter:label2\" content=\"Est. reading time\" \/>\n\t<meta name=\"twitter:data2\" content=\"5 minutes\" \/>\n<script type=\"application\/ld+json\" class=\"yoast-schema-graph\">{\"@context\":\"https:\\\/\\\/schema.org\",\"@graph\":[{\"@type\":\"Article\",\"@id\":\"https:\\\/\\\/fjala.info\\\/2009-2015\\\/kapitalizmi-komunist\\\/#article\",\"isPartOf\":{\"@id\":\"https:\\\/\\\/fjala.info\\\/2009-2015\\\/kapitalizmi-komunist\\\/\"},\"author\":{\"name\":\"admin\",\"@id\":\"https:\\\/\\\/fjala.info\\\/2009-2015\\\/#\\\/schema\\\/person\\\/3aa1163ef05469c496fc94e77611ada2\"},\"headline\":\"KAPITALIZMI KOMUNIST\",\"datePublished\":\"2010-04-13T20:23:19+00:00\",\"mainEntityOfPage\":{\"@id\":\"https:\\\/\\\/fjala.info\\\/2009-2015\\\/kapitalizmi-komunist\\\/\"},\"wordCount\":944,\"commentCount\":0,\"publisher\":{\"@id\":\"https:\\\/\\\/fjala.info\\\/2009-2015\\\/#organization\"},\"articleSection\":[\"Artikuj\"],\"inLanguage\":\"sq-AL\",\"potentialAction\":[{\"@type\":\"CommentAction\",\"name\":\"Comment\",\"target\":[\"https:\\\/\\\/fjala.info\\\/2009-2015\\\/kapitalizmi-komunist\\\/#respond\"]}]},{\"@type\":\"WebPage\",\"@id\":\"https:\\\/\\\/fjala.info\\\/2009-2015\\\/kapitalizmi-komunist\\\/\",\"url\":\"https:\\\/\\\/fjala.info\\\/2009-2015\\\/kapitalizmi-komunist\\\/\",\"name\":\"KAPITALIZMI KOMUNIST - FjALA e LIR\u00cb - Arkivi\",\"isPartOf\":{\"@id\":\"https:\\\/\\\/fjala.info\\\/2009-2015\\\/#website\"},\"datePublished\":\"2010-04-13T20:23:19+00:00\",\"breadcrumb\":{\"@id\":\"https:\\\/\\\/fjala.info\\\/2009-2015\\\/kapitalizmi-komunist\\\/#breadcrumb\"},\"inLanguage\":\"sq-AL\",\"potentialAction\":[{\"@type\":\"ReadAction\",\"target\":[\"https:\\\/\\\/fjala.info\\\/2009-2015\\\/kapitalizmi-komunist\\\/\"]}]},{\"@type\":\"BreadcrumbList\",\"@id\":\"https:\\\/\\\/fjala.info\\\/2009-2015\\\/kapitalizmi-komunist\\\/#breadcrumb\",\"itemListElement\":[{\"@type\":\"ListItem\",\"position\":1,\"name\":\"Home\",\"item\":\"https:\\\/\\\/fjala.info\\\/2009-2015\\\/\"},{\"@type\":\"ListItem\",\"position\":2,\"name\":\"KAPITALIZMI KOMUNIST\"}]},{\"@type\":\"WebSite\",\"@id\":\"https:\\\/\\\/fjala.info\\\/2009-2015\\\/#website\",\"url\":\"https:\\\/\\\/fjala.info\\\/2009-2015\\\/\",\"name\":\"FjALA e LIR\u00cb - Arkivi\",\"description\":\"Arkivi 2009-2015\",\"publisher\":{\"@id\":\"https:\\\/\\\/fjala.info\\\/2009-2015\\\/#organization\"},\"potentialAction\":[{\"@type\":\"SearchAction\",\"target\":{\"@type\":\"EntryPoint\",\"urlTemplate\":\"https:\\\/\\\/fjala.info\\\/2009-2015\\\/?s={search_term_string}\"},\"query-input\":{\"@type\":\"PropertyValueSpecification\",\"valueRequired\":true,\"valueName\":\"search_term_string\"}}],\"inLanguage\":\"sq-AL\"},{\"@type\":\"Organization\",\"@id\":\"https:\\\/\\\/fjala.info\\\/2009-2015\\\/#organization\",\"name\":\"FjALA e LIR\u00cb - Arkivi\",\"url\":\"https:\\\/\\\/fjala.info\\\/2009-2015\\\/\",\"logo\":{\"@type\":\"ImageObject\",\"inLanguage\":\"sq-AL\",\"@id\":\"https:\\\/\\\/fjala.info\\\/2009-2015\\\/#\\\/schema\\\/logo\\\/image\\\/\",\"url\":\"\",\"contentUrl\":\"\",\"caption\":\"FjALA e LIR\u00cb - Arkivi\"},\"image\":{\"@id\":\"https:\\\/\\\/fjala.info\\\/2009-2015\\\/#\\\/schema\\\/logo\\\/image\\\/\"}},{\"@type\":\"Person\",\"@id\":\"https:\\\/\\\/fjala.info\\\/2009-2015\\\/#\\\/schema\\\/person\\\/3aa1163ef05469c496fc94e77611ada2\",\"name\":\"admin\",\"image\":{\"@type\":\"ImageObject\",\"inLanguage\":\"sq-AL\",\"@id\":\"https:\\\/\\\/fjala.info\\\/2009-2015\\\/wp-content\\\/uploads\\\/2012\\\/02\\\/arben_cokaj-120x150.jpg\",\"url\":\"https:\\\/\\\/fjala.info\\\/2009-2015\\\/wp-content\\\/uploads\\\/2012\\\/02\\\/arben_cokaj-120x150.jpg\",\"contentUrl\":\"https:\\\/\\\/fjala.info\\\/2009-2015\\\/wp-content\\\/uploads\\\/2012\\\/02\\\/arben_cokaj-120x150.jpg\",\"caption\":\"admin\"},\"description\":\"Admin, Fjala e Lir\u00eb\",\"sameAs\":[\"https:\\\/\\\/fjala.info\\\/\"],\"url\":\"https:\\\/\\\/fjala.info\\\/2009-2015\\\/author\\\/admin\\\/\"}]}<\/script>\n<!-- \/ Yoast SEO plugin. -->","yoast_head_json":{"title":"KAPITALIZMI KOMUNIST - FjALA e LIR\u00cb - Arkivi","robots":{"index":"index","follow":"follow","max-snippet":"max-snippet:-1","max-image-preview":"max-image-preview:large","max-video-preview":"max-video-preview:-1"},"canonical":"https:\/\/fjala.info\/2009-2015\/kapitalizmi-komunist\/","og_locale":"sq_AL","og_type":"article","og_title":"KAPITALIZMI KOMUNIST - FjALA e LIR\u00cb - Arkivi","og_description":"Artan Lame M\u00eb n\u00eb fund u ula dhe shkrova edhe un\u00eb nj\u00eb lib\u00ebr. Me th\u00ebn\u00eb t\u00eb drejt\u00ebn kisha vite q\u00eb punoja p\u00ebr t\u00eb dhe, m\u00eb shum\u00eb sesa p\u00ebr ta filluar u p\u00ebrpoqa p\u00ebr ta mbaruar. \u00cbsht\u00eb nj\u00eb lib\u00ebr n\u00eb dy volume p\u00ebr historin\u00eb e medaljeve shqiptare, duke filluar q\u00eb prej vitit t\u00eb larg\u00ebt 1914, kur [&hellip;]","og_url":"https:\/\/fjala.info\/2009-2015\/kapitalizmi-komunist\/","og_site_name":"FjALA e LIR\u00cb - Arkivi","article_published_time":"2010-04-13T20:23:19+00:00","author":"admin","twitter_card":"summary_large_image","twitter_misc":{"Written by":"admin","Est. reading time":"5 minutes"},"schema":{"@context":"https:\/\/schema.org","@graph":[{"@type":"Article","@id":"https:\/\/fjala.info\/2009-2015\/kapitalizmi-komunist\/#article","isPartOf":{"@id":"https:\/\/fjala.info\/2009-2015\/kapitalizmi-komunist\/"},"author":{"name":"admin","@id":"https:\/\/fjala.info\/2009-2015\/#\/schema\/person\/3aa1163ef05469c496fc94e77611ada2"},"headline":"KAPITALIZMI KOMUNIST","datePublished":"2010-04-13T20:23:19+00:00","mainEntityOfPage":{"@id":"https:\/\/fjala.info\/2009-2015\/kapitalizmi-komunist\/"},"wordCount":944,"commentCount":0,"publisher":{"@id":"https:\/\/fjala.info\/2009-2015\/#organization"},"articleSection":["Artikuj"],"inLanguage":"sq-AL","potentialAction":[{"@type":"CommentAction","name":"Comment","target":["https:\/\/fjala.info\/2009-2015\/kapitalizmi-komunist\/#respond"]}]},{"@type":"WebPage","@id":"https:\/\/fjala.info\/2009-2015\/kapitalizmi-komunist\/","url":"https:\/\/fjala.info\/2009-2015\/kapitalizmi-komunist\/","name":"KAPITALIZMI KOMUNIST - FjALA e LIR\u00cb - Arkivi","isPartOf":{"@id":"https:\/\/fjala.info\/2009-2015\/#website"},"datePublished":"2010-04-13T20:23:19+00:00","breadcrumb":{"@id":"https:\/\/fjala.info\/2009-2015\/kapitalizmi-komunist\/#breadcrumb"},"inLanguage":"sq-AL","potentialAction":[{"@type":"ReadAction","target":["https:\/\/fjala.info\/2009-2015\/kapitalizmi-komunist\/"]}]},{"@type":"BreadcrumbList","@id":"https:\/\/fjala.info\/2009-2015\/kapitalizmi-komunist\/#breadcrumb","itemListElement":[{"@type":"ListItem","position":1,"name":"Home","item":"https:\/\/fjala.info\/2009-2015\/"},{"@type":"ListItem","position":2,"name":"KAPITALIZMI KOMUNIST"}]},{"@type":"WebSite","@id":"https:\/\/fjala.info\/2009-2015\/#website","url":"https:\/\/fjala.info\/2009-2015\/","name":"FjALA e LIR\u00cb - Arkivi","description":"Arkivi 2009-2015","publisher":{"@id":"https:\/\/fjala.info\/2009-2015\/#organization"},"potentialAction":[{"@type":"SearchAction","target":{"@type":"EntryPoint","urlTemplate":"https:\/\/fjala.info\/2009-2015\/?s={search_term_string}"},"query-input":{"@type":"PropertyValueSpecification","valueRequired":true,"valueName":"search_term_string"}}],"inLanguage":"sq-AL"},{"@type":"Organization","@id":"https:\/\/fjala.info\/2009-2015\/#organization","name":"FjALA e LIR\u00cb - Arkivi","url":"https:\/\/fjala.info\/2009-2015\/","logo":{"@type":"ImageObject","inLanguage":"sq-AL","@id":"https:\/\/fjala.info\/2009-2015\/#\/schema\/logo\/image\/","url":"","contentUrl":"","caption":"FjALA e LIR\u00cb - Arkivi"},"image":{"@id":"https:\/\/fjala.info\/2009-2015\/#\/schema\/logo\/image\/"}},{"@type":"Person","@id":"https:\/\/fjala.info\/2009-2015\/#\/schema\/person\/3aa1163ef05469c496fc94e77611ada2","name":"admin","image":{"@type":"ImageObject","inLanguage":"sq-AL","@id":"https:\/\/fjala.info\/2009-2015\/wp-content\/uploads\/2012\/02\/arben_cokaj-120x150.jpg","url":"https:\/\/fjala.info\/2009-2015\/wp-content\/uploads\/2012\/02\/arben_cokaj-120x150.jpg","contentUrl":"https:\/\/fjala.info\/2009-2015\/wp-content\/uploads\/2012\/02\/arben_cokaj-120x150.jpg","caption":"admin"},"description":"Admin, Fjala e Lir\u00eb","sameAs":["https:\/\/fjala.info\/"],"url":"https:\/\/fjala.info\/2009-2015\/author\/admin\/"}]}},"_links":{"self":[{"href":"https:\/\/fjala.info\/2009-2015\/wp-json\/wp\/v2\/posts\/2212","targetHints":{"allow":["GET"]}}],"collection":[{"href":"https:\/\/fjala.info\/2009-2015\/wp-json\/wp\/v2\/posts"}],"about":[{"href":"https:\/\/fjala.info\/2009-2015\/wp-json\/wp\/v2\/types\/post"}],"author":[{"embeddable":true,"href":"https:\/\/fjala.info\/2009-2015\/wp-json\/wp\/v2\/users\/1"}],"replies":[{"embeddable":true,"href":"https:\/\/fjala.info\/2009-2015\/wp-json\/wp\/v2\/comments?post=2212"}],"version-history":[{"count":0,"href":"https:\/\/fjala.info\/2009-2015\/wp-json\/wp\/v2\/posts\/2212\/revisions"}],"wp:attachment":[{"href":"https:\/\/fjala.info\/2009-2015\/wp-json\/wp\/v2\/media?parent=2212"}],"wp:term":[{"taxonomy":"category","embeddable":true,"href":"https:\/\/fjala.info\/2009-2015\/wp-json\/wp\/v2\/categories?post=2212"},{"taxonomy":"post_tag","embeddable":true,"href":"https:\/\/fjala.info\/2009-2015\/wp-json\/wp\/v2\/tags?post=2212"}],"curies":[{"name":"wp","href":"https:\/\/api.w.org\/{rel}","templated":true}]}}