{"id":2210,"date":"2010-04-13T21:19:01","date_gmt":"2010-04-13T20:19:01","guid":{"rendered":"http:\/\/fjala.shkoder.net\/?p=2210"},"modified":"2010-04-13T21:19:01","modified_gmt":"2010-04-13T20:19:01","slug":"rezoluta-probleme-me-politiken-zgjedhjet-reformat-korrupsionin-dhe-median","status":"publish","type":"post","link":"https:\/\/fjala.info\/2009-2015\/rezoluta-probleme-me-politiken-zgjedhjet-reformat-korrupsionin-dhe-median\/","title":{"rendered":"Rezoluta: Probleme me politik\u00ebn, zgjedhjet, reformat, korrupsionin dhe median"},"content":{"rendered":"<p><img decoding=\"async\" style=\"margin-left: 10px; margin-right: 10px; border: 0px;\" src=\"http:\/\/www.shkoder.net\/images\/fjala\/2010\/parlamenti_evropian.jpg\" border=\"0\" alt=\"Pamje nga Parlamenti Evropian\" width=\"300\" align=\"right\" \/><\/p>\n<p><strong>Arta Tozaj<\/strong>, <em>Bruksel<\/em><\/p>\n<p>Raportuesi p\u00ebr Shqip\u00ebrin\u00eb n\u00eb Parlamentin Europian, Nikolaos Chuntis, ka p\u00ebrpiluar nj\u00eb projektrezolut\u00eb mbi ecurin\u00eb e vendit drejt Bashkimit Europian. Q\u00eb n\u00eb fillim t\u00eb dokumentit shprehet keqardhja p\u00ebr kriz\u00ebn politike dhe institucionale q\u00eb pas zgjedhjeve t\u00eb fundit. Duke u bazuar n\u00eb vler\u00ebsimin e OSBE\/ODIHR se zgjedhjet p\u00ebrmbush\u00ebn pjes\u00ebn m\u00eb t\u00eb madhe t\u00eb standardeve, drafti t\u00ebrheq v\u00ebmendjen p\u00ebr parregullsit\u00eb e v\u00ebrejtura, \u201c<em>n\u00eb ve\u00e7anti p\u00ebr transparenc\u00ebn e procesit, presionin dhe trembjen e votuesve, regjistrimin e zgjedh\u00ebsve dhe mbi monitorimin e num\u00ebrimit t\u00eb votave<\/em>\u201d, duke i b\u00ebr\u00eb thirrje t\u00eb gjitha partive politike q\u00eb p\u00ebrmes nj\u00eb dialogu konstruktiv t\u00eb eliminojn\u00eb t\u00eb gjitha k\u00ebto probleme p\u00ebrpara zgjedhjeve lokale t\u00eb vitit 2011.<\/p>\n<p>P\u00ebr autor\u00ebt e parregullsive n\u00ebnvizohet nevoja urgjente e nd\u00ebshkimit efikas. Projektrezoluta e Parlamentit Europian thekson se reformat politike, ekonomike dhe sociale kan\u00eb nevoj\u00eb p\u00ebr konsensus nd\u00ebrparlamentar. E n\u00eb lidhje me reformat, vler\u00ebsimet nuk duken optimiste. P\u00ebr ekonomin\u00eb, Shqip\u00ebria sipas dokumentit, \u201ckarakterizohet nga rritje e ul\u00ebt ekonomike, me informalitet t\u00eb st\u00ebrmadh, \u00e7far\u00eb \u00e7on n\u00eb t\u00eb ardhura t\u00eb ul\u00ebta nga taksat dhe n\u00eb nj\u00eb treg t\u00eb parregullt pune. Kjo, p\u00ebr pasoj\u00eb, nxit pasiguri n\u00eb pun\u00ebsim dhe d\u00ebmton n\u00eb m\u00ebnyr\u00eb thelb\u00ebsore t\u00eb drejtat e pun\u00ebtor\u00ebve\u201d.<\/p>\n<p>N\u00eb gjyq\u00ebsor, i cili \u00e7mohet si kusht paraprak p\u00ebr integrimin, p\u00ebrpjekjet cil\u00ebsohen fillestare. Dokumenti n\u00ebnvizon se \u201cme r\u00ebnd\u00ebsi madhore p\u00ebr shtetin ligjor \u00ebsht\u00eb garantimi i sistemit gjyq\u00ebsor t\u00eb paansh\u00ebm, transparent, efikas, t\u00eb pavarur nga kontrolli dhe presionet e qeveris\u00eb\u201d. Nd\u00ebrkoh\u00eb q\u00eb p\u00ebrs\u00ebritet thirrja p\u00ebr pavar\u00ebsin\u00eb e institucioneve kushtetuese. P\u00ebr administrat\u00ebn, p\u00ebrforcimi i s\u00eb cil\u00ebs p\u00ebrb\u00ebn nj\u00eb tjet\u00ebr kusht thelb\u00ebsor, drafti vler\u00ebson se autoritetet shqiptare duhet t\u2019i japin fund praktikave t\u00eb pun\u00ebsimit t\u00eb stafeve t\u00eb p\u00ebrkohshme n\u00eb kund\u00ebrshtim me ligjin dhe t\u2019i kushtoj\u00eb v\u00ebmendje rrezikut t\u00eb em\u00ebrimeve politike me procedura jotransparente. Qeveris\u00eb shqiptare i k\u00ebrkohet po ashtu t\u00eb respektoj\u00eb plot\u00ebsisht t\u00eb drejtat e sindikatave, t\u00eb mos bllokohen aktivitetet e tyre dhe t\u00eb mos kufizohen grevat e sh\u00ebrbimit civil.<\/p>\n<p>Nga autoritetet vendase k\u00ebrkohet dhe garantimi i liris\u00eb s\u00eb medias nga \u201cpolitika, p\u00ebrfshi k\u00ebtu dhe at\u00eb nga ekzekutivi, apo \u00e7far\u00ebdolloj nd\u00ebrhyrjeje tjet\u00ebr\u201d, si\u00e7 thuhet n\u00eb dokument. B\u00ebhet thirrje p\u00ebr transparenc\u00eb ndaj financimit dhe pron\u00ebsis\u00eb s\u00eb medias, vendosjen e t\u00eb drejtave t\u00eb pun\u00ebs p\u00ebr gazetar\u00ebt, p\u00ebr t\u2019u mund\u00ebsuar atyre q\u00eb t\u00eb punojn\u00eb me objektivitet e t\u00eb pavarur. Sipas raportuesit p\u00ebr Shqip\u00ebrin\u00eb n\u00eb PE, Chuntis, korrupsioni mbetet problem mbizot\u00ebrues n\u00eb vend me t\u00eb gjitha hapat e nd\u00ebrmarr\u00eb nga qeveria. B\u00ebhet thirrje p\u00ebr m\u00eb shum\u00eb p\u00ebrpjekje n\u00eb luft\u00ebn kund\u00ebr krimit t\u00eb organizuar, pastrimin e parave, trafikun e drog\u00ebs e qenieve njer\u00ebzore.<\/p>\n<p>Shqet\u00ebsim serioz p\u00ebrb\u00ebn dhuna n\u00eb familje dhe trafiku i grave dhe f\u00ebmij\u00ebve p\u00ebr shfryt\u00ebzim seksual e pun\u00eb t\u00eb detyruar. Dy pikat m\u00eb pozitive t\u00eb projektrezolut\u00ebs jan\u00eb thirrja e Parlamentit Europian p\u00ebr liberalizimin e shpejt\u00eb t\u00eb vizave, si dhe vler\u00ebsimi i raporteve t\u00eb Shqip\u00ebris\u00eb me fqinj\u00ebt n\u00eb rajon. Projektrezoluta me 25 paragraf\u00eb do t\u00eb diskutohet fillimisht n\u00eb Komitetin e Jasht\u00ebm, ku pas ndryshimeve q\u00eb do t\u00eb mund t\u00eb k\u00ebrkojn\u00eb grupimet e ndryshme politike, do t\u00eb kaloj\u00eb p\u00ebr votim n\u00eb seanc\u00eb plenare t\u00eb Parlamentit Europian.<\/p>\n","protected":false},"excerpt":{"rendered":"<p>Arta Tozaj, Bruksel Raportuesi p\u00ebr Shqip\u00ebrin\u00eb n\u00eb Parlamentin Europian, Nikolaos Chuntis, ka p\u00ebrpiluar nj\u00eb projektrezolut\u00eb mbi ecurin\u00eb e vendit drejt Bashkimit Europian. Q\u00eb n\u00eb fillim t\u00eb dokumentit shprehet keqardhja p\u00ebr kriz\u00ebn politike dhe institucionale q\u00eb pas zgjedhjeve t\u00eb fundit. Duke u bazuar n\u00eb vler\u00ebsimin e OSBE\/ODIHR se zgjedhjet p\u00ebrmbush\u00ebn pjes\u00ebn m\u00eb t\u00eb madhe t\u00eb standardeve, [&hellip;]<\/p>\n","protected":false},"author":1,"featured_media":0,"comment_status":"open","ping_status":"closed","sticky":false,"template":"","format":"standard","meta":{"footnotes":""},"categories":[2],"tags":[],"class_list":{"0":"post-2210","1":"post","2":"type-post","3":"status-publish","4":"format-standard","6":"category-artikuj"},"yoast_head":"<!-- This site is optimized with the Yoast SEO plugin v27.4 - https:\/\/yoast.com\/product\/yoast-seo-wordpress\/ -->\n<title>Rezoluta: Probleme me politik\u00ebn, zgjedhjet, reformat, korrupsionin dhe median - FjALA e LIR\u00cb - Arkivi<\/title>\n<meta name=\"robots\" content=\"index, follow, max-snippet:-1, max-image-preview:large, max-video-preview:-1\" \/>\n<link rel=\"canonical\" href=\"https:\/\/fjala.info\/2009-2015\/rezoluta-probleme-me-politiken-zgjedhjet-reformat-korrupsionin-dhe-median\/\" \/>\n<meta property=\"og:locale\" content=\"sq_AL\" \/>\n<meta property=\"og:type\" content=\"article\" \/>\n<meta property=\"og:title\" content=\"Rezoluta: Probleme me politik\u00ebn, zgjedhjet, reformat, korrupsionin dhe median - FjALA e LIR\u00cb - Arkivi\" \/>\n<meta property=\"og:description\" content=\"Arta Tozaj, Bruksel Raportuesi p\u00ebr Shqip\u00ebrin\u00eb n\u00eb Parlamentin Europian, Nikolaos Chuntis, ka p\u00ebrpiluar nj\u00eb projektrezolut\u00eb mbi ecurin\u00eb e vendit drejt Bashkimit Europian. Q\u00eb n\u00eb fillim t\u00eb dokumentit shprehet keqardhja p\u00ebr kriz\u00ebn politike dhe institucionale q\u00eb pas zgjedhjeve t\u00eb fundit. Duke u bazuar n\u00eb vler\u00ebsimin e OSBE\/ODIHR se zgjedhjet p\u00ebrmbush\u00ebn pjes\u00ebn m\u00eb t\u00eb madhe t\u00eb standardeve, [&hellip;]\" \/>\n<meta property=\"og:url\" content=\"https:\/\/fjala.info\/2009-2015\/rezoluta-probleme-me-politiken-zgjedhjet-reformat-korrupsionin-dhe-median\/\" \/>\n<meta property=\"og:site_name\" content=\"FjALA e LIR\u00cb - Arkivi\" \/>\n<meta property=\"article:published_time\" content=\"2010-04-13T20:19:01+00:00\" \/>\n<meta property=\"og:image\" content=\"http:\/\/www.shkoder.net\/images\/fjala\/2010\/parlamenti_evropian.jpg\" \/>\n<meta name=\"author\" content=\"admin\" \/>\n<meta name=\"twitter:card\" content=\"summary_large_image\" \/>\n<meta name=\"twitter:label1\" content=\"Written by\" \/>\n\t<meta name=\"twitter:data1\" content=\"admin\" \/>\n\t<meta name=\"twitter:label2\" content=\"Est. reading time\" \/>\n\t<meta name=\"twitter:data2\" content=\"3 minutes\" \/>\n<script type=\"application\/ld+json\" class=\"yoast-schema-graph\">{\"@context\":\"https:\\\/\\\/schema.org\",\"@graph\":[{\"@type\":\"Article\",\"@id\":\"https:\\\/\\\/fjala.info\\\/2009-2015\\\/rezoluta-probleme-me-politiken-zgjedhjet-reformat-korrupsionin-dhe-median\\\/#article\",\"isPartOf\":{\"@id\":\"https:\\\/\\\/fjala.info\\\/2009-2015\\\/rezoluta-probleme-me-politiken-zgjedhjet-reformat-korrupsionin-dhe-median\\\/\"},\"author\":{\"name\":\"admin\",\"@id\":\"https:\\\/\\\/fjala.info\\\/2009-2015\\\/#\\\/schema\\\/person\\\/3aa1163ef05469c496fc94e77611ada2\"},\"headline\":\"Rezoluta: Probleme me politik\u00ebn, zgjedhjet, reformat, korrupsionin dhe median\",\"datePublished\":\"2010-04-13T20:19:01+00:00\",\"mainEntityOfPage\":{\"@id\":\"https:\\\/\\\/fjala.info\\\/2009-2015\\\/rezoluta-probleme-me-politiken-zgjedhjet-reformat-korrupsionin-dhe-median\\\/\"},\"wordCount\":613,\"commentCount\":0,\"publisher\":{\"@id\":\"https:\\\/\\\/fjala.info\\\/2009-2015\\\/#organization\"},\"image\":{\"@id\":\"https:\\\/\\\/fjala.info\\\/2009-2015\\\/rezoluta-probleme-me-politiken-zgjedhjet-reformat-korrupsionin-dhe-median\\\/#primaryimage\"},\"thumbnailUrl\":\"http:\\\/\\\/www.shkoder.net\\\/images\\\/fjala\\\/2010\\\/parlamenti_evropian.jpg\",\"articleSection\":[\"Artikuj\"],\"inLanguage\":\"sq-AL\",\"potentialAction\":[{\"@type\":\"CommentAction\",\"name\":\"Comment\",\"target\":[\"https:\\\/\\\/fjala.info\\\/2009-2015\\\/rezoluta-probleme-me-politiken-zgjedhjet-reformat-korrupsionin-dhe-median\\\/#respond\"]}]},{\"@type\":\"WebPage\",\"@id\":\"https:\\\/\\\/fjala.info\\\/2009-2015\\\/rezoluta-probleme-me-politiken-zgjedhjet-reformat-korrupsionin-dhe-median\\\/\",\"url\":\"https:\\\/\\\/fjala.info\\\/2009-2015\\\/rezoluta-probleme-me-politiken-zgjedhjet-reformat-korrupsionin-dhe-median\\\/\",\"name\":\"Rezoluta: Probleme me politik\u00ebn, zgjedhjet, reformat, korrupsionin dhe median - FjALA e LIR\u00cb - Arkivi\",\"isPartOf\":{\"@id\":\"https:\\\/\\\/fjala.info\\\/2009-2015\\\/#website\"},\"primaryImageOfPage\":{\"@id\":\"https:\\\/\\\/fjala.info\\\/2009-2015\\\/rezoluta-probleme-me-politiken-zgjedhjet-reformat-korrupsionin-dhe-median\\\/#primaryimage\"},\"image\":{\"@id\":\"https:\\\/\\\/fjala.info\\\/2009-2015\\\/rezoluta-probleme-me-politiken-zgjedhjet-reformat-korrupsionin-dhe-median\\\/#primaryimage\"},\"thumbnailUrl\":\"http:\\\/\\\/www.shkoder.net\\\/images\\\/fjala\\\/2010\\\/parlamenti_evropian.jpg\",\"datePublished\":\"2010-04-13T20:19:01+00:00\",\"breadcrumb\":{\"@id\":\"https:\\\/\\\/fjala.info\\\/2009-2015\\\/rezoluta-probleme-me-politiken-zgjedhjet-reformat-korrupsionin-dhe-median\\\/#breadcrumb\"},\"inLanguage\":\"sq-AL\",\"potentialAction\":[{\"@type\":\"ReadAction\",\"target\":[\"https:\\\/\\\/fjala.info\\\/2009-2015\\\/rezoluta-probleme-me-politiken-zgjedhjet-reformat-korrupsionin-dhe-median\\\/\"]}]},{\"@type\":\"ImageObject\",\"inLanguage\":\"sq-AL\",\"@id\":\"https:\\\/\\\/fjala.info\\\/2009-2015\\\/rezoluta-probleme-me-politiken-zgjedhjet-reformat-korrupsionin-dhe-median\\\/#primaryimage\",\"url\":\"http:\\\/\\\/www.shkoder.net\\\/images\\\/fjala\\\/2010\\\/parlamenti_evropian.jpg\",\"contentUrl\":\"http:\\\/\\\/www.shkoder.net\\\/images\\\/fjala\\\/2010\\\/parlamenti_evropian.jpg\"},{\"@type\":\"BreadcrumbList\",\"@id\":\"https:\\\/\\\/fjala.info\\\/2009-2015\\\/rezoluta-probleme-me-politiken-zgjedhjet-reformat-korrupsionin-dhe-median\\\/#breadcrumb\",\"itemListElement\":[{\"@type\":\"ListItem\",\"position\":1,\"name\":\"Home\",\"item\":\"https:\\\/\\\/fjala.info\\\/2009-2015\\\/\"},{\"@type\":\"ListItem\",\"position\":2,\"name\":\"Rezoluta: Probleme me politik\u00ebn, zgjedhjet, reformat, korrupsionin dhe median\"}]},{\"@type\":\"WebSite\",\"@id\":\"https:\\\/\\\/fjala.info\\\/2009-2015\\\/#website\",\"url\":\"https:\\\/\\\/fjala.info\\\/2009-2015\\\/\",\"name\":\"FjALA e LIR\u00cb - Arkivi\",\"description\":\"Arkivi 2009-2015\",\"publisher\":{\"@id\":\"https:\\\/\\\/fjala.info\\\/2009-2015\\\/#organization\"},\"potentialAction\":[{\"@type\":\"SearchAction\",\"target\":{\"@type\":\"EntryPoint\",\"urlTemplate\":\"https:\\\/\\\/fjala.info\\\/2009-2015\\\/?s={search_term_string}\"},\"query-input\":{\"@type\":\"PropertyValueSpecification\",\"valueRequired\":true,\"valueName\":\"search_term_string\"}}],\"inLanguage\":\"sq-AL\"},{\"@type\":\"Organization\",\"@id\":\"https:\\\/\\\/fjala.info\\\/2009-2015\\\/#organization\",\"name\":\"FjALA e LIR\u00cb - Arkivi\",\"url\":\"https:\\\/\\\/fjala.info\\\/2009-2015\\\/\",\"logo\":{\"@type\":\"ImageObject\",\"inLanguage\":\"sq-AL\",\"@id\":\"https:\\\/\\\/fjala.info\\\/2009-2015\\\/#\\\/schema\\\/logo\\\/image\\\/\",\"url\":\"\",\"contentUrl\":\"\",\"caption\":\"FjALA e LIR\u00cb - Arkivi\"},\"image\":{\"@id\":\"https:\\\/\\\/fjala.info\\\/2009-2015\\\/#\\\/schema\\\/logo\\\/image\\\/\"}},{\"@type\":\"Person\",\"@id\":\"https:\\\/\\\/fjala.info\\\/2009-2015\\\/#\\\/schema\\\/person\\\/3aa1163ef05469c496fc94e77611ada2\",\"name\":\"admin\",\"image\":{\"@type\":\"ImageObject\",\"inLanguage\":\"sq-AL\",\"@id\":\"https:\\\/\\\/fjala.info\\\/2009-2015\\\/wp-content\\\/uploads\\\/2012\\\/02\\\/arben_cokaj-120x150.jpg\",\"url\":\"https:\\\/\\\/fjala.info\\\/2009-2015\\\/wp-content\\\/uploads\\\/2012\\\/02\\\/arben_cokaj-120x150.jpg\",\"contentUrl\":\"https:\\\/\\\/fjala.info\\\/2009-2015\\\/wp-content\\\/uploads\\\/2012\\\/02\\\/arben_cokaj-120x150.jpg\",\"caption\":\"admin\"},\"description\":\"Admin, Fjala e Lir\u00eb\",\"sameAs\":[\"https:\\\/\\\/fjala.info\\\/\"],\"url\":\"https:\\\/\\\/fjala.info\\\/2009-2015\\\/author\\\/admin\\\/\"}]}<\/script>\n<!-- \/ Yoast SEO plugin. -->","yoast_head_json":{"title":"Rezoluta: Probleme me politik\u00ebn, zgjedhjet, reformat, korrupsionin dhe median - FjALA e LIR\u00cb - Arkivi","robots":{"index":"index","follow":"follow","max-snippet":"max-snippet:-1","max-image-preview":"max-image-preview:large","max-video-preview":"max-video-preview:-1"},"canonical":"https:\/\/fjala.info\/2009-2015\/rezoluta-probleme-me-politiken-zgjedhjet-reformat-korrupsionin-dhe-median\/","og_locale":"sq_AL","og_type":"article","og_title":"Rezoluta: Probleme me politik\u00ebn, zgjedhjet, reformat, korrupsionin dhe median - FjALA e LIR\u00cb - Arkivi","og_description":"Arta Tozaj, Bruksel Raportuesi p\u00ebr Shqip\u00ebrin\u00eb n\u00eb Parlamentin Europian, Nikolaos Chuntis, ka p\u00ebrpiluar nj\u00eb projektrezolut\u00eb mbi ecurin\u00eb e vendit drejt Bashkimit Europian. Q\u00eb n\u00eb fillim t\u00eb dokumentit shprehet keqardhja p\u00ebr kriz\u00ebn politike dhe institucionale q\u00eb pas zgjedhjeve t\u00eb fundit. Duke u bazuar n\u00eb vler\u00ebsimin e OSBE\/ODIHR se zgjedhjet p\u00ebrmbush\u00ebn pjes\u00ebn m\u00eb t\u00eb madhe t\u00eb standardeve, [&hellip;]","og_url":"https:\/\/fjala.info\/2009-2015\/rezoluta-probleme-me-politiken-zgjedhjet-reformat-korrupsionin-dhe-median\/","og_site_name":"FjALA e LIR\u00cb - Arkivi","article_published_time":"2010-04-13T20:19:01+00:00","og_image":[{"url":"http:\/\/www.shkoder.net\/images\/fjala\/2010\/parlamenti_evropian.jpg","type":"","width":"","height":""}],"author":"admin","twitter_card":"summary_large_image","twitter_misc":{"Written by":"admin","Est. reading time":"3 minutes"},"schema":{"@context":"https:\/\/schema.org","@graph":[{"@type":"Article","@id":"https:\/\/fjala.info\/2009-2015\/rezoluta-probleme-me-politiken-zgjedhjet-reformat-korrupsionin-dhe-median\/#article","isPartOf":{"@id":"https:\/\/fjala.info\/2009-2015\/rezoluta-probleme-me-politiken-zgjedhjet-reformat-korrupsionin-dhe-median\/"},"author":{"name":"admin","@id":"https:\/\/fjala.info\/2009-2015\/#\/schema\/person\/3aa1163ef05469c496fc94e77611ada2"},"headline":"Rezoluta: Probleme me politik\u00ebn, zgjedhjet, reformat, korrupsionin dhe median","datePublished":"2010-04-13T20:19:01+00:00","mainEntityOfPage":{"@id":"https:\/\/fjala.info\/2009-2015\/rezoluta-probleme-me-politiken-zgjedhjet-reformat-korrupsionin-dhe-median\/"},"wordCount":613,"commentCount":0,"publisher":{"@id":"https:\/\/fjala.info\/2009-2015\/#organization"},"image":{"@id":"https:\/\/fjala.info\/2009-2015\/rezoluta-probleme-me-politiken-zgjedhjet-reformat-korrupsionin-dhe-median\/#primaryimage"},"thumbnailUrl":"http:\/\/www.shkoder.net\/images\/fjala\/2010\/parlamenti_evropian.jpg","articleSection":["Artikuj"],"inLanguage":"sq-AL","potentialAction":[{"@type":"CommentAction","name":"Comment","target":["https:\/\/fjala.info\/2009-2015\/rezoluta-probleme-me-politiken-zgjedhjet-reformat-korrupsionin-dhe-median\/#respond"]}]},{"@type":"WebPage","@id":"https:\/\/fjala.info\/2009-2015\/rezoluta-probleme-me-politiken-zgjedhjet-reformat-korrupsionin-dhe-median\/","url":"https:\/\/fjala.info\/2009-2015\/rezoluta-probleme-me-politiken-zgjedhjet-reformat-korrupsionin-dhe-median\/","name":"Rezoluta: Probleme me politik\u00ebn, zgjedhjet, reformat, korrupsionin dhe median - FjALA e LIR\u00cb - Arkivi","isPartOf":{"@id":"https:\/\/fjala.info\/2009-2015\/#website"},"primaryImageOfPage":{"@id":"https:\/\/fjala.info\/2009-2015\/rezoluta-probleme-me-politiken-zgjedhjet-reformat-korrupsionin-dhe-median\/#primaryimage"},"image":{"@id":"https:\/\/fjala.info\/2009-2015\/rezoluta-probleme-me-politiken-zgjedhjet-reformat-korrupsionin-dhe-median\/#primaryimage"},"thumbnailUrl":"http:\/\/www.shkoder.net\/images\/fjala\/2010\/parlamenti_evropian.jpg","datePublished":"2010-04-13T20:19:01+00:00","breadcrumb":{"@id":"https:\/\/fjala.info\/2009-2015\/rezoluta-probleme-me-politiken-zgjedhjet-reformat-korrupsionin-dhe-median\/#breadcrumb"},"inLanguage":"sq-AL","potentialAction":[{"@type":"ReadAction","target":["https:\/\/fjala.info\/2009-2015\/rezoluta-probleme-me-politiken-zgjedhjet-reformat-korrupsionin-dhe-median\/"]}]},{"@type":"ImageObject","inLanguage":"sq-AL","@id":"https:\/\/fjala.info\/2009-2015\/rezoluta-probleme-me-politiken-zgjedhjet-reformat-korrupsionin-dhe-median\/#primaryimage","url":"http:\/\/www.shkoder.net\/images\/fjala\/2010\/parlamenti_evropian.jpg","contentUrl":"http:\/\/www.shkoder.net\/images\/fjala\/2010\/parlamenti_evropian.jpg"},{"@type":"BreadcrumbList","@id":"https:\/\/fjala.info\/2009-2015\/rezoluta-probleme-me-politiken-zgjedhjet-reformat-korrupsionin-dhe-median\/#breadcrumb","itemListElement":[{"@type":"ListItem","position":1,"name":"Home","item":"https:\/\/fjala.info\/2009-2015\/"},{"@type":"ListItem","position":2,"name":"Rezoluta: Probleme me politik\u00ebn, zgjedhjet, reformat, korrupsionin dhe median"}]},{"@type":"WebSite","@id":"https:\/\/fjala.info\/2009-2015\/#website","url":"https:\/\/fjala.info\/2009-2015\/","name":"FjALA e LIR\u00cb - Arkivi","description":"Arkivi 2009-2015","publisher":{"@id":"https:\/\/fjala.info\/2009-2015\/#organization"},"potentialAction":[{"@type":"SearchAction","target":{"@type":"EntryPoint","urlTemplate":"https:\/\/fjala.info\/2009-2015\/?s={search_term_string}"},"query-input":{"@type":"PropertyValueSpecification","valueRequired":true,"valueName":"search_term_string"}}],"inLanguage":"sq-AL"},{"@type":"Organization","@id":"https:\/\/fjala.info\/2009-2015\/#organization","name":"FjALA e LIR\u00cb - Arkivi","url":"https:\/\/fjala.info\/2009-2015\/","logo":{"@type":"ImageObject","inLanguage":"sq-AL","@id":"https:\/\/fjala.info\/2009-2015\/#\/schema\/logo\/image\/","url":"","contentUrl":"","caption":"FjALA e LIR\u00cb - Arkivi"},"image":{"@id":"https:\/\/fjala.info\/2009-2015\/#\/schema\/logo\/image\/"}},{"@type":"Person","@id":"https:\/\/fjala.info\/2009-2015\/#\/schema\/person\/3aa1163ef05469c496fc94e77611ada2","name":"admin","image":{"@type":"ImageObject","inLanguage":"sq-AL","@id":"https:\/\/fjala.info\/2009-2015\/wp-content\/uploads\/2012\/02\/arben_cokaj-120x150.jpg","url":"https:\/\/fjala.info\/2009-2015\/wp-content\/uploads\/2012\/02\/arben_cokaj-120x150.jpg","contentUrl":"https:\/\/fjala.info\/2009-2015\/wp-content\/uploads\/2012\/02\/arben_cokaj-120x150.jpg","caption":"admin"},"description":"Admin, Fjala e Lir\u00eb","sameAs":["https:\/\/fjala.info\/"],"url":"https:\/\/fjala.info\/2009-2015\/author\/admin\/"}]}},"_links":{"self":[{"href":"https:\/\/fjala.info\/2009-2015\/wp-json\/wp\/v2\/posts\/2210","targetHints":{"allow":["GET"]}}],"collection":[{"href":"https:\/\/fjala.info\/2009-2015\/wp-json\/wp\/v2\/posts"}],"about":[{"href":"https:\/\/fjala.info\/2009-2015\/wp-json\/wp\/v2\/types\/post"}],"author":[{"embeddable":true,"href":"https:\/\/fjala.info\/2009-2015\/wp-json\/wp\/v2\/users\/1"}],"replies":[{"embeddable":true,"href":"https:\/\/fjala.info\/2009-2015\/wp-json\/wp\/v2\/comments?post=2210"}],"version-history":[{"count":0,"href":"https:\/\/fjala.info\/2009-2015\/wp-json\/wp\/v2\/posts\/2210\/revisions"}],"wp:attachment":[{"href":"https:\/\/fjala.info\/2009-2015\/wp-json\/wp\/v2\/media?parent=2210"}],"wp:term":[{"taxonomy":"category","embeddable":true,"href":"https:\/\/fjala.info\/2009-2015\/wp-json\/wp\/v2\/categories?post=2210"},{"taxonomy":"post_tag","embeddable":true,"href":"https:\/\/fjala.info\/2009-2015\/wp-json\/wp\/v2\/tags?post=2210"}],"curies":[{"name":"wp","href":"https:\/\/api.w.org\/{rel}","templated":true}]}}