{"id":2202,"date":"2010-04-12T23:55:40","date_gmt":"2010-04-12T22:55:40","guid":{"rendered":"http:\/\/fjala.shkoder.net\/?p=2202"},"modified":"2010-04-12T23:55:40","modified_gmt":"2010-04-12T22:55:40","slug":"darka-e-prages-si-mesazh-dhe-si-qendrim","status":"publish","type":"post","link":"https:\/\/fjala.info\/2009-2015\/darka-e-prages-si-mesazh-dhe-si-qendrim\/","title":{"rendered":"Darka e Prag\u00ebs, si mesazh dhe si q\u00ebndrim"},"content":{"rendered":"<p><img decoding=\"async\" style=\"margin-left: 10px; margin-right: 10px; border: 0px;\" src=\"http:\/\/www.shkoder.net\/images\/fjala\/prec_zogaj.jpg\" border=\"0\" alt=\"Pre\u00e7 Zogaj\" width=\"150\" align=\"left\" \/><\/p>\n<p><strong>Pre\u00e7 Zogaj<\/strong>, <em>12.04.2010<\/em><\/p>\n<p>Mungesa e kreut t\u00eb shtetit apo e kreut t\u00eb qeveris\u00eb shqiptare n\u00eb dark\u00ebn e shtruar n\u00eb Prag\u00eb nga Presidenti i SHBA-s\u00eb, Barak Obama, me lider\u00ebt e vendeve ish-komuniste, an\u00ebtare t\u00eb NATO-s, u p\u00ebrngjan atyre goditjeve q\u00eb fillojn\u00eb e ndihen me shum\u00eb t\u00eb nes\u00ebrmen dhe t\u00eb pasnes\u00ebrmen.<\/p>\n<p>Pse nuk u ftua Shqip\u00ebria? Kjo pyetje, q\u00eb mij\u00ebra e mij\u00ebra qytetar\u00eb shqiptar\u00eb e b\u00ebjn\u00eb me veten e tyre, ka kumbimin e nj\u00eb shqet\u00ebsimi t\u00eb madh e t\u00eb ligjsh\u00ebm p\u00ebr marr\u00ebdh\u00ebniet aktuale t\u00eb Shqip\u00ebris\u00eb me SHBA-n\u00eb dhe NATO-n.<\/p>\n<p>A jan\u00eb t\u00eb shk\u00eblqyera k\u00ebto marr\u00ebdh\u00ebnie? Apo di\u00e7ka nuk shkon, p\u00ebr t\u00eb mos th\u00ebn\u00eb se di\u00e7ka \u00ebsht\u00eb prishur koh\u00ebt e fundit n\u00eb ecurin\u00eb e tyre!<\/p>\n<p>Shenja t\u00eb nj\u00eb ftohjeje, distance apo edhe f\u00ebrkimi p\u00ebr \u00e7\u00ebshtje t\u00eb ndryshme ka pasur her\u00eb pas here pas zgjedhjeve t\u00eb 28 qershorit 2009. N\u00eb rastin me t\u00eb mir\u00eb ato jan\u00eb konsideruar si shprehje e nj\u00eb dialektike pozitive q\u00eb shoq\u00ebron dhe mbush me jet\u00eb lidhjet mes vendeve dhe organizatave mike.<\/p>\n<p>N\u00eb rastin e kund\u00ebrt jan\u00eb konsideruar si nj\u00eb sfid\u00eb e qeveris\u00eb &#8220;Berisha&#8221; ndaj parimeve dhe detyrimeve t\u00eb an\u00ebtar\u00ebsimit n\u00eb NAT0 dhe si luhatje nga partneriteti strategjik me SHBA. &#8220;Darka e Prag\u00ebs&#8221; me munges\u00ebn e Shqip\u00ebris\u00eb n\u00eb tryez\u00ebn e Obam\u00ebs e rikthen k\u00ebt\u00eb debat. M\u00eb sakt\u00eb k\u00ebt\u00eb shqet\u00ebsim.<\/p>\n<p>Ekzistojn\u00eb arsye p\u00ebr t\u00eb justifikuar munges\u00ebs e nj\u00eb ftes\u00eb p\u00ebr krer\u00ebt e shtetit shqiptar n\u00eb at\u00eb dark\u00eb. Ambasada amerikane u shpreh p\u00ebrmes nj\u00eb zyrtari t\u00eb saj se darka ishte fokusuar te vendet e Europ\u00ebs Qendrore dhe Lindore.<\/p>\n<p>Ambasada u kujdes t\u00eb n\u00ebnvizonte me k\u00ebt\u00eb rast ndjenjat e thella t\u00eb miq\u00ebsis\u00eb q\u00eb ushqejn\u00eb SHBA p\u00ebr popullin shqiptar, gj\u00eb q\u00eb sigurisht na mbush me g\u00ebzim dhe nj\u00ebher\u00ebsh na kujton se k\u00ebto ndjenja nuk jan\u00eb v\u00ebn\u00eb ndonj\u00ebher\u00eb n\u00eb dyshim, por tjet\u00ebr \u00ebsht\u00eb dashuria p\u00ebr popullin dhe tjet\u00ebr jan\u00eb marr\u00ebdh\u00ebniet mes dy qeverive.<\/p>\n<p>N\u00eb nj\u00eb form\u00eb t\u00eb rrumbullakosur, Ministri i Jasht\u00ebm, Ilir Meta, u kap pas kriterit gjeopolitik, duke theksuar se &#8220;Shqip\u00ebria nuk ka lidhje me kontekstin e asaj q\u00eb do t\u00eb realizohet atje&#8221;.<\/p>\n<p>Me fjal\u00eb t\u00eb tjera, ajo ishte nj\u00eb dark\u00eb e ish-vendeve t\u00eb Traktatit t\u00eb Varshav\u00ebs, q\u00eb tani jan\u00eb an\u00ebtar\u00ebsuar n\u00eb NAT0 dhe q\u00eb dikush i konsideron si kordoni i ri sanitar i hap\u00ebsir\u00ebs euroatlantike me Rusin\u00eb. Shqip\u00ebria e vog\u00ebl nuk e gjen veten n\u00eb k\u00ebto koordinata dhe prandaj nuk kishte p\u00ebrse thirrej.<\/p>\n<p>Ky justifikim e ka nj\u00eb baz\u00eb, por nuk mjafton p\u00ebr t\u00eb na mbuluar kok\u00eb e k\u00ebmb\u00eb, si\u00e7 thuhet. N\u00eb fund t\u00eb fundit, n\u00ebse mungesa e ftes\u00ebs nuk do t\u00eb kishte asnj\u00eb justifikim, sot do t\u00eb duhej t\u00eb sh\u00ebnonin me d\u00ebshp\u00ebrim pezullimin, p\u00ebr t\u00eb mos th\u00ebn\u00eb p\u00ebrjashtimin de fakto nga klubi euromarikan i NATO-s.<\/p>\n<p>Nuk jemi n\u00eb k\u00ebt\u00eb pik\u00eb, por as p\u00ebr tu hequr sikur nuk ka ndodhur asgj\u00eb nuk jemi. Politika komunikon shpeshher\u00eb m\u00eb shum\u00eb me gjeste se me fjal\u00eb. Dhe darka e Prag\u00ebs di\u00e7ka k\u00ebrkon t\u00eb komunikoj\u00eb.<\/p>\n<p>Sepse si\u00e7 ekzistojn\u00eb arsyet q\u00eb p\u00ebrligjin munges\u00ebn e ftes\u00ebs, ekzistojn\u00eb edhe arsyet e kund\u00ebrta q\u00eb nuk e p\u00ebrligjin munges\u00ebn e ftes\u00ebs. Prania e Kroacis\u00eb, me t\u00eb cil\u00ebn kemi qen\u00eb deri n\u00eb fund n\u00eb vark\u00ebn e p\u00ebrbashk\u00ebt t\u00eb &#8220;Adriatik Treshit&#8221;, rr\u00ebzon t\u00eb ashtuquajturin kriter gjeohistorik t\u00eb pjes\u00ebmarrjes.<\/p>\n<p>N\u00ebse do t\u00eb p\u00ebrdoreshin si kritere strikte, &#8220;historia&#8221; dhe &#8220;gjeografia&#8221; do na ndante nga vende si Estonia apo \u00c7ekia, por jo nga Kroacia. N\u00eb fakt vet\u00eb kriter gjeohistorik duket i k\u00ebrkuar, p\u00ebr t\u00eb mos th\u00ebn\u00eb edhe pak komik n\u00eb organizimin e nj\u00eb darke.<\/p>\n<p>Sepse nuk kemi t\u00eb b\u00ebjm\u00eb me nj\u00eb mbledhje apo samit q\u00eb vendos n\u00eb qend\u00ebr t\u00eb diskutimeve probleme me karakter t\u00eb ve\u00e7ant\u00eb rajonal ku reflektohet edhe nj\u00eb histori e caktuar, si\u00e7 \u00ebsht\u00eb ajo luft\u00ebs s\u00eb ftoht\u00eb mes Lindjes dhe Per\u00ebndimit para r\u00ebnies se perdes s\u00eb hekurt.<\/p>\n<p>Aq m\u00eb pak kemi t\u00eb b\u00ebjm\u00eb, si\u00e7 u komentua nga ndonj\u00eb gazet\u00eb, me nj\u00eb demonstrim t\u00eb Uashingtonit ndaj Mosk\u00ebs me ish satelit\u00ebt e k\u00ebsaj t\u00eb fundit, q\u00eb, p\u00ebr m\u00eb tep\u00ebr, nuk ishin t\u00eb gjith\u00eb ish-satelit\u00eb. Politika e re amerikane, n\u00eb ve\u00e7anti politika e Obam\u00ebs, shkon drejt konvergimit p\u00ebr \u00e7\u00ebshtje madhore ne Rusin\u00eb dhe jo e kund\u00ebrta.<\/p>\n<p>Vet\u00eb darka e Prag\u00ebs u organizua n\u00eb kontekstin e nj\u00eb marr\u00ebveshjeje shum\u00eb t\u00eb r\u00ebnd\u00ebsishme mes presidentit amerikan Obama dhe presidentit rus Medvedev p\u00ebr reduktimin e arm\u00ebve b\u00ebrthamore.<\/p>\n<p>Duket krejt e arsyeshme q\u00eb presidenti Obama i thirri vendet ish komuniste, q\u00eb jan\u00eb b\u00ebr\u00eb pjes\u00eb e NATO-s, pik\u00ebrisht p\u00ebr t\u00eb ndare me ta synimin dhe suksesin e nj\u00eb marr\u00ebveshjeje me Rusin\u00eb, q\u00eb prodhon me shum\u00eb paqe dhe siguri n\u00eb bot\u00eb.<\/p>\n<p>Obama i thirri mysafir\u00ebt e tij jo n\u00eb em\u00ebr t\u00eb NATO-s, por si President i Shteteve t\u00eb Bashkuara. Kriteri i vet\u00ebm p\u00ebrbashkues i asaj darke ishte t\u00eb qen\u00ebt vend i ish-hemisfer\u00ebs komuniste, q\u00eb tani b\u00ebn pjes\u00eb n\u00eb aleanc\u00ebn euroatlantike t\u00eb udh\u00ebhequr nga SHBA. N\u00eb k\u00ebt\u00eb kontekst, Shqip\u00ebria mund t\u00eb thirrej pa provokuar asnj\u00eb vend tjet\u00ebr absent t\u00eb rajonit. Por kriteri p\u00ebrbashkues i Prag\u00ebs tregoi se Shqip\u00ebria ishte i vetmi vend q\u00eb nuk u thirr.<\/p>\n<p>Qeveria e Shqip\u00ebris\u00eb mund t\u00eb gjej\u00eb, po t\u00eb doj\u00eb, m\u00eb shum\u00eb se nj\u00eb streh\u00eb p\u00ebr t\u00eb strehuar k\u00ebt\u00eb munges\u00eb. Por, e gjith\u00eb kjo besoj se do t\u00eb merrej n\u00eb mos si shprehje naiviteti, si nj\u00eb shmangie dhe mosdashje p\u00ebr t\u00eb kapur e &#8220;hapur&#8221; mesazhin.<\/p>\n<p>\u00cbsht\u00eb e njohur se n\u00eb vart\u00ebsi t\u00eb pesh\u00ebs dhe momentit, diplomacia i &#8220;ambalazhon&#8221; mesazhet q\u00eb d\u00ebshiron t\u00eb p\u00ebrcjell\u00eb. Drejtuesit politik\u00eb kan\u00eb p\u00ebr detyr\u00eb t&#8217;i lexojn\u00eb ashtu si\u00e7 jan\u00eb dhe t\u00eb reflektojn\u00eb n\u00eb interes t\u00eb vendit dhe t\u00eb angazhimeve q\u00eb kan\u00eb marr\u00eb n\u00eb em\u00ebr t\u00eb popullit.<\/p>\n<p>Si mesazh, mosthirrja e Shqip\u00ebris\u00eb n\u00eb dark\u00ebn e Prag\u00ebs spikat n\u00eb kontekstin e ngjarjeve pararend\u00ebse t\u00eb njohura dhe t\u00eb panjohura, q\u00eb kan\u00eb l\u00ebshuar xixa n\u00eb komunikimin dhe marr\u00ebdh\u00ebniet e koh\u00ebve t\u00eb fundit t\u00eb Shqip\u00ebris\u00eb me SHBA dhe NAT0-n.<\/p>\n<p>Nuk mund te harrohet q\u00ebndrimi i rrept\u00eb kritik i p\u00ebrfaq\u00ebsuesit t\u00eb NATO-s n\u00eb prononcimin e par\u00eb t\u00eb nes\u00ebrmen e zgjedhjeve t\u00eb 28 qershorit! NAT0 i \u00ebsht\u00eb afruar Shqip\u00ebris\u00eb n\u00eb radh\u00eb t\u00eb par\u00eb si aleanc\u00eb vlerash dhe jo si nj\u00eb flamur elektoral i qeveris\u00eb. Ky lloj shp\u00ebrdorimi konsiderohet nj\u00eb fyerje provinciale, q\u00eb nuk do t\u00eb tolerohet gjat\u00eb nga Aleanca.<\/p>\n<p>SHBA kan\u00eb mb\u00ebshtetur nevoj\u00ebn e hetimit t\u00eb zgjedhjeve t\u00eb 28 qershorit dhe e kan\u00eb konsideruar t\u00eb padobish\u00ebm komisionin e nj\u00ebansh\u00ebm t\u00eb shumic\u00ebs qeveris\u00ebse.<\/p>\n<p>Nd\u00ebrkaq projektligji p\u00ebr ndryshimin e ligjit p\u00ebr Sh\u00ebrbimin Informativ Shtet\u00ebror ka ng\u00ebrthyer nj\u00eb spekt\u00ebr t\u00eb gjer\u00eb papajtueshm\u00ebrish p\u00ebr \u00e7\u00ebshtje t\u00eb siguris\u00eb globale midis qeveris\u00eb shqiptare n\u00eb nj\u00eb an\u00eb dhe SHBA-s\u00eb e NATO-s n\u00eb an\u00ebn tjet\u00ebr.<\/p>\n<p>Pas vizit\u00ebs s\u00eb Met\u00ebs n\u00eb SHBA, ky projektligj \u00ebsht\u00eb dor\u00ebzuar n\u00eb NAT0 apo \u00ebsht\u00eb ngrir\u00eb, por problematika q\u00eb ka motivuar ndryshimin e ligjit nuk \u00ebsht\u00eb tejkaluar.<\/p>\n<p>Nga ana tjet\u00ebr nj\u00eb varg \u00e7\u00ebshtjes q\u00eb kan\u00eb t\u00eb b\u00ebjn\u00eb me tregtin\u00eb e arm\u00ebve dhe municioneve nga Ministria e Mbrojtjes p\u00ebrpara an\u00ebtar\u00ebsimit n\u00eb NAT0, ku spikat tragjedia e G\u00ebrdecit, por edhe afera e raketave, jan\u00eb e do t\u00eb mbeten pengu i marr\u00ebdh\u00ebnieve tona me Aleanc\u00ebn dhe SHBA-n\u00eb deri n\u00eb momentin kur t\u00eb zbardhen plot\u00ebsisht n\u00eb rrug\u00eb institucionale.<\/p>\n<p>An\u00ebtar\u00ebsia n\u00eb NATO ka privilegje dhe detyrime. Kush ka llogaritur vet\u00ebm privilegjet nuk ka kuptuar asgj\u00eb.<\/p>\n<p>Nuk mund t\u00eb jesh n\u00eb NAT0 dhe t\u00eb sillet sikur nuk je n\u00eb NAT0. Kjo do t\u00eb kishte kuptimin t&#8217;ia punosh NATO-s. Sjellja e dyfisht\u00eb nuk pranohet. Mungesa e Shqip\u00ebris\u00eb n\u00eb dark\u00ebn e Prag\u00ebs duhet t\u00eb sh\u00ebrbej\u00eb si nj\u00eb ftes\u00eb p\u00ebr reflektim nga ana e autoriteteve t\u00eb Tiran\u00ebs.<\/p>\n<p>Ajo q\u00eb ndodhi, mendoj se duhet lexuar si gjesti i mbajtjes jasht\u00eb me dashje, si nj\u00eb q\u00ebndrim, madje edhe si nj\u00eb paralajm\u00ebrim amerikan. Historia n\u00eb k\u00ebt\u00eb pik\u00eb kthehet si p\u00ebrs\u00ebritje p\u00ebr kryeministrin Berisha.<\/p>\n<p>Por, ai e ka ende n\u00eb dor\u00eb q\u00eb historia t\u00eb mos p\u00ebrs\u00ebritet deri n\u00eb fund, duke qart\u00ebsuar e zhbllokuar me nijetin me t\u00eb mir\u00eb t\u00eb mundsh\u00ebm gjith\u00e7ka q\u00eb nuk shkon n\u00eb marr\u00ebdh\u00ebniet me partner\u00ebt tan\u00eb strategjik\u00eb.<\/p>\n<p>Miq\u00ebsia me SHBA-n\u00eb dhe an\u00ebtar\u00ebsia n\u00eb NAT0 jan\u00eb dy nga pasurit\u00eb m\u00eb t\u00eb m\u00ebdha t\u00eb popullit dhe kombit shqiptar. Askush, asnj\u00eb autoritet, nuk ka t\u00eb drejt\u00eb t&#8217;i d\u00ebmtoj\u00eb k\u00ebto pasuri.<\/p>\n","protected":false},"excerpt":{"rendered":"<p>Pre\u00e7 Zogaj, 12.04.2010 Mungesa e kreut t\u00eb shtetit apo e kreut t\u00eb qeveris\u00eb shqiptare n\u00eb dark\u00ebn e shtruar n\u00eb Prag\u00eb nga Presidenti i SHBA-s\u00eb, Barak Obama, me lider\u00ebt e vendeve ish-komuniste, an\u00ebtare t\u00eb NATO-s, u p\u00ebrngjan atyre goditjeve q\u00eb fillojn\u00eb e ndihen me shum\u00eb t\u00eb nes\u00ebrmen dhe t\u00eb pasnes\u00ebrmen. Pse nuk u ftua Shqip\u00ebria? Kjo [&hellip;]<\/p>\n","protected":false},"author":1,"featured_media":0,"comment_status":"open","ping_status":"closed","sticky":false,"template":"","format":"standard","meta":{"footnotes":""},"categories":[2],"tags":[],"class_list":{"0":"post-2202","1":"post","2":"type-post","3":"status-publish","4":"format-standard","6":"category-artikuj"},"yoast_head":"<!-- This site is optimized with the Yoast SEO plugin v27.4 - https:\/\/yoast.com\/product\/yoast-seo-wordpress\/ -->\n<title>Darka e Prag\u00ebs, si mesazh dhe si q\u00ebndrim - FjALA e LIR\u00cb - Arkivi<\/title>\n<meta name=\"robots\" content=\"index, follow, max-snippet:-1, max-image-preview:large, max-video-preview:-1\" \/>\n<link rel=\"canonical\" href=\"https:\/\/fjala.info\/2009-2015\/darka-e-prages-si-mesazh-dhe-si-qendrim\/\" \/>\n<meta property=\"og:locale\" content=\"sq_AL\" \/>\n<meta property=\"og:type\" content=\"article\" \/>\n<meta property=\"og:title\" content=\"Darka e Prag\u00ebs, si mesazh dhe si q\u00ebndrim - FjALA e LIR\u00cb - Arkivi\" \/>\n<meta property=\"og:description\" content=\"Pre\u00e7 Zogaj, 12.04.2010 Mungesa e kreut t\u00eb shtetit apo e kreut t\u00eb qeveris\u00eb shqiptare n\u00eb dark\u00ebn e shtruar n\u00eb Prag\u00eb nga Presidenti i SHBA-s\u00eb, Barak Obama, me lider\u00ebt e vendeve ish-komuniste, an\u00ebtare t\u00eb NATO-s, u p\u00ebrngjan atyre goditjeve q\u00eb fillojn\u00eb e ndihen me shum\u00eb t\u00eb nes\u00ebrmen dhe t\u00eb pasnes\u00ebrmen. Pse nuk u ftua Shqip\u00ebria? Kjo [&hellip;]\" \/>\n<meta property=\"og:url\" content=\"https:\/\/fjala.info\/2009-2015\/darka-e-prages-si-mesazh-dhe-si-qendrim\/\" \/>\n<meta property=\"og:site_name\" content=\"FjALA e LIR\u00cb - Arkivi\" \/>\n<meta property=\"article:published_time\" content=\"2010-04-12T22:55:40+00:00\" \/>\n<meta property=\"og:image\" content=\"http:\/\/www.shkoder.net\/images\/fjala\/prec_zogaj.jpg\" \/>\n<meta name=\"author\" content=\"admin\" \/>\n<meta name=\"twitter:card\" content=\"summary_large_image\" \/>\n<meta name=\"twitter:label1\" content=\"Written by\" \/>\n\t<meta name=\"twitter:data1\" content=\"admin\" \/>\n\t<meta name=\"twitter:label2\" content=\"Est. reading time\" \/>\n\t<meta name=\"twitter:data2\" content=\"8 minutes\" \/>\n<script type=\"application\/ld+json\" class=\"yoast-schema-graph\">{\"@context\":\"https:\\\/\\\/schema.org\",\"@graph\":[{\"@type\":\"Article\",\"@id\":\"https:\\\/\\\/fjala.info\\\/2009-2015\\\/darka-e-prages-si-mesazh-dhe-si-qendrim\\\/#article\",\"isPartOf\":{\"@id\":\"https:\\\/\\\/fjala.info\\\/2009-2015\\\/darka-e-prages-si-mesazh-dhe-si-qendrim\\\/\"},\"author\":{\"name\":\"admin\",\"@id\":\"https:\\\/\\\/fjala.info\\\/2009-2015\\\/#\\\/schema\\\/person\\\/3aa1163ef05469c496fc94e77611ada2\"},\"headline\":\"Darka e Prag\u00ebs, si mesazh dhe si q\u00ebndrim\",\"datePublished\":\"2010-04-12T22:55:40+00:00\",\"mainEntityOfPage\":{\"@id\":\"https:\\\/\\\/fjala.info\\\/2009-2015\\\/darka-e-prages-si-mesazh-dhe-si-qendrim\\\/\"},\"wordCount\":1529,\"commentCount\":0,\"publisher\":{\"@id\":\"https:\\\/\\\/fjala.info\\\/2009-2015\\\/#organization\"},\"image\":{\"@id\":\"https:\\\/\\\/fjala.info\\\/2009-2015\\\/darka-e-prages-si-mesazh-dhe-si-qendrim\\\/#primaryimage\"},\"thumbnailUrl\":\"http:\\\/\\\/www.shkoder.net\\\/images\\\/fjala\\\/prec_zogaj.jpg\",\"articleSection\":[\"Artikuj\"],\"inLanguage\":\"sq-AL\",\"potentialAction\":[{\"@type\":\"CommentAction\",\"name\":\"Comment\",\"target\":[\"https:\\\/\\\/fjala.info\\\/2009-2015\\\/darka-e-prages-si-mesazh-dhe-si-qendrim\\\/#respond\"]}]},{\"@type\":\"WebPage\",\"@id\":\"https:\\\/\\\/fjala.info\\\/2009-2015\\\/darka-e-prages-si-mesazh-dhe-si-qendrim\\\/\",\"url\":\"https:\\\/\\\/fjala.info\\\/2009-2015\\\/darka-e-prages-si-mesazh-dhe-si-qendrim\\\/\",\"name\":\"Darka e Prag\u00ebs, si mesazh dhe si q\u00ebndrim - FjALA e LIR\u00cb - Arkivi\",\"isPartOf\":{\"@id\":\"https:\\\/\\\/fjala.info\\\/2009-2015\\\/#website\"},\"primaryImageOfPage\":{\"@id\":\"https:\\\/\\\/fjala.info\\\/2009-2015\\\/darka-e-prages-si-mesazh-dhe-si-qendrim\\\/#primaryimage\"},\"image\":{\"@id\":\"https:\\\/\\\/fjala.info\\\/2009-2015\\\/darka-e-prages-si-mesazh-dhe-si-qendrim\\\/#primaryimage\"},\"thumbnailUrl\":\"http:\\\/\\\/www.shkoder.net\\\/images\\\/fjala\\\/prec_zogaj.jpg\",\"datePublished\":\"2010-04-12T22:55:40+00:00\",\"breadcrumb\":{\"@id\":\"https:\\\/\\\/fjala.info\\\/2009-2015\\\/darka-e-prages-si-mesazh-dhe-si-qendrim\\\/#breadcrumb\"},\"inLanguage\":\"sq-AL\",\"potentialAction\":[{\"@type\":\"ReadAction\",\"target\":[\"https:\\\/\\\/fjala.info\\\/2009-2015\\\/darka-e-prages-si-mesazh-dhe-si-qendrim\\\/\"]}]},{\"@type\":\"ImageObject\",\"inLanguage\":\"sq-AL\",\"@id\":\"https:\\\/\\\/fjala.info\\\/2009-2015\\\/darka-e-prages-si-mesazh-dhe-si-qendrim\\\/#primaryimage\",\"url\":\"http:\\\/\\\/www.shkoder.net\\\/images\\\/fjala\\\/prec_zogaj.jpg\",\"contentUrl\":\"http:\\\/\\\/www.shkoder.net\\\/images\\\/fjala\\\/prec_zogaj.jpg\"},{\"@type\":\"BreadcrumbList\",\"@id\":\"https:\\\/\\\/fjala.info\\\/2009-2015\\\/darka-e-prages-si-mesazh-dhe-si-qendrim\\\/#breadcrumb\",\"itemListElement\":[{\"@type\":\"ListItem\",\"position\":1,\"name\":\"Home\",\"item\":\"https:\\\/\\\/fjala.info\\\/2009-2015\\\/\"},{\"@type\":\"ListItem\",\"position\":2,\"name\":\"Darka e Prag\u00ebs, si mesazh dhe si q\u00ebndrim\"}]},{\"@type\":\"WebSite\",\"@id\":\"https:\\\/\\\/fjala.info\\\/2009-2015\\\/#website\",\"url\":\"https:\\\/\\\/fjala.info\\\/2009-2015\\\/\",\"name\":\"FjALA e LIR\u00cb - Arkivi\",\"description\":\"Arkivi 2009-2015\",\"publisher\":{\"@id\":\"https:\\\/\\\/fjala.info\\\/2009-2015\\\/#organization\"},\"potentialAction\":[{\"@type\":\"SearchAction\",\"target\":{\"@type\":\"EntryPoint\",\"urlTemplate\":\"https:\\\/\\\/fjala.info\\\/2009-2015\\\/?s={search_term_string}\"},\"query-input\":{\"@type\":\"PropertyValueSpecification\",\"valueRequired\":true,\"valueName\":\"search_term_string\"}}],\"inLanguage\":\"sq-AL\"},{\"@type\":\"Organization\",\"@id\":\"https:\\\/\\\/fjala.info\\\/2009-2015\\\/#organization\",\"name\":\"FjALA e LIR\u00cb - Arkivi\",\"url\":\"https:\\\/\\\/fjala.info\\\/2009-2015\\\/\",\"logo\":{\"@type\":\"ImageObject\",\"inLanguage\":\"sq-AL\",\"@id\":\"https:\\\/\\\/fjala.info\\\/2009-2015\\\/#\\\/schema\\\/logo\\\/image\\\/\",\"url\":\"\",\"contentUrl\":\"\",\"caption\":\"FjALA e LIR\u00cb - Arkivi\"},\"image\":{\"@id\":\"https:\\\/\\\/fjala.info\\\/2009-2015\\\/#\\\/schema\\\/logo\\\/image\\\/\"}},{\"@type\":\"Person\",\"@id\":\"https:\\\/\\\/fjala.info\\\/2009-2015\\\/#\\\/schema\\\/person\\\/3aa1163ef05469c496fc94e77611ada2\",\"name\":\"admin\",\"image\":{\"@type\":\"ImageObject\",\"inLanguage\":\"sq-AL\",\"@id\":\"https:\\\/\\\/fjala.info\\\/2009-2015\\\/wp-content\\\/uploads\\\/2012\\\/02\\\/arben_cokaj-120x150.jpg\",\"url\":\"https:\\\/\\\/fjala.info\\\/2009-2015\\\/wp-content\\\/uploads\\\/2012\\\/02\\\/arben_cokaj-120x150.jpg\",\"contentUrl\":\"https:\\\/\\\/fjala.info\\\/2009-2015\\\/wp-content\\\/uploads\\\/2012\\\/02\\\/arben_cokaj-120x150.jpg\",\"caption\":\"admin\"},\"description\":\"Admin, Fjala e Lir\u00eb\",\"sameAs\":[\"https:\\\/\\\/fjala.info\\\/\"],\"url\":\"https:\\\/\\\/fjala.info\\\/2009-2015\\\/author\\\/admin\\\/\"}]}<\/script>\n<!-- \/ Yoast SEO plugin. -->","yoast_head_json":{"title":"Darka e Prag\u00ebs, si mesazh dhe si q\u00ebndrim - FjALA e LIR\u00cb - Arkivi","robots":{"index":"index","follow":"follow","max-snippet":"max-snippet:-1","max-image-preview":"max-image-preview:large","max-video-preview":"max-video-preview:-1"},"canonical":"https:\/\/fjala.info\/2009-2015\/darka-e-prages-si-mesazh-dhe-si-qendrim\/","og_locale":"sq_AL","og_type":"article","og_title":"Darka e Prag\u00ebs, si mesazh dhe si q\u00ebndrim - FjALA e LIR\u00cb - Arkivi","og_description":"Pre\u00e7 Zogaj, 12.04.2010 Mungesa e kreut t\u00eb shtetit apo e kreut t\u00eb qeveris\u00eb shqiptare n\u00eb dark\u00ebn e shtruar n\u00eb Prag\u00eb nga Presidenti i SHBA-s\u00eb, Barak Obama, me lider\u00ebt e vendeve ish-komuniste, an\u00ebtare t\u00eb NATO-s, u p\u00ebrngjan atyre goditjeve q\u00eb fillojn\u00eb e ndihen me shum\u00eb t\u00eb nes\u00ebrmen dhe t\u00eb pasnes\u00ebrmen. Pse nuk u ftua Shqip\u00ebria? Kjo [&hellip;]","og_url":"https:\/\/fjala.info\/2009-2015\/darka-e-prages-si-mesazh-dhe-si-qendrim\/","og_site_name":"FjALA e LIR\u00cb - Arkivi","article_published_time":"2010-04-12T22:55:40+00:00","og_image":[{"url":"http:\/\/www.shkoder.net\/images\/fjala\/prec_zogaj.jpg","type":"","width":"","height":""}],"author":"admin","twitter_card":"summary_large_image","twitter_misc":{"Written by":"admin","Est. reading time":"8 minutes"},"schema":{"@context":"https:\/\/schema.org","@graph":[{"@type":"Article","@id":"https:\/\/fjala.info\/2009-2015\/darka-e-prages-si-mesazh-dhe-si-qendrim\/#article","isPartOf":{"@id":"https:\/\/fjala.info\/2009-2015\/darka-e-prages-si-mesazh-dhe-si-qendrim\/"},"author":{"name":"admin","@id":"https:\/\/fjala.info\/2009-2015\/#\/schema\/person\/3aa1163ef05469c496fc94e77611ada2"},"headline":"Darka e Prag\u00ebs, si mesazh dhe si q\u00ebndrim","datePublished":"2010-04-12T22:55:40+00:00","mainEntityOfPage":{"@id":"https:\/\/fjala.info\/2009-2015\/darka-e-prages-si-mesazh-dhe-si-qendrim\/"},"wordCount":1529,"commentCount":0,"publisher":{"@id":"https:\/\/fjala.info\/2009-2015\/#organization"},"image":{"@id":"https:\/\/fjala.info\/2009-2015\/darka-e-prages-si-mesazh-dhe-si-qendrim\/#primaryimage"},"thumbnailUrl":"http:\/\/www.shkoder.net\/images\/fjala\/prec_zogaj.jpg","articleSection":["Artikuj"],"inLanguage":"sq-AL","potentialAction":[{"@type":"CommentAction","name":"Comment","target":["https:\/\/fjala.info\/2009-2015\/darka-e-prages-si-mesazh-dhe-si-qendrim\/#respond"]}]},{"@type":"WebPage","@id":"https:\/\/fjala.info\/2009-2015\/darka-e-prages-si-mesazh-dhe-si-qendrim\/","url":"https:\/\/fjala.info\/2009-2015\/darka-e-prages-si-mesazh-dhe-si-qendrim\/","name":"Darka e Prag\u00ebs, si mesazh dhe si q\u00ebndrim - FjALA e LIR\u00cb - Arkivi","isPartOf":{"@id":"https:\/\/fjala.info\/2009-2015\/#website"},"primaryImageOfPage":{"@id":"https:\/\/fjala.info\/2009-2015\/darka-e-prages-si-mesazh-dhe-si-qendrim\/#primaryimage"},"image":{"@id":"https:\/\/fjala.info\/2009-2015\/darka-e-prages-si-mesazh-dhe-si-qendrim\/#primaryimage"},"thumbnailUrl":"http:\/\/www.shkoder.net\/images\/fjala\/prec_zogaj.jpg","datePublished":"2010-04-12T22:55:40+00:00","breadcrumb":{"@id":"https:\/\/fjala.info\/2009-2015\/darka-e-prages-si-mesazh-dhe-si-qendrim\/#breadcrumb"},"inLanguage":"sq-AL","potentialAction":[{"@type":"ReadAction","target":["https:\/\/fjala.info\/2009-2015\/darka-e-prages-si-mesazh-dhe-si-qendrim\/"]}]},{"@type":"ImageObject","inLanguage":"sq-AL","@id":"https:\/\/fjala.info\/2009-2015\/darka-e-prages-si-mesazh-dhe-si-qendrim\/#primaryimage","url":"http:\/\/www.shkoder.net\/images\/fjala\/prec_zogaj.jpg","contentUrl":"http:\/\/www.shkoder.net\/images\/fjala\/prec_zogaj.jpg"},{"@type":"BreadcrumbList","@id":"https:\/\/fjala.info\/2009-2015\/darka-e-prages-si-mesazh-dhe-si-qendrim\/#breadcrumb","itemListElement":[{"@type":"ListItem","position":1,"name":"Home","item":"https:\/\/fjala.info\/2009-2015\/"},{"@type":"ListItem","position":2,"name":"Darka e Prag\u00ebs, si mesazh dhe si q\u00ebndrim"}]},{"@type":"WebSite","@id":"https:\/\/fjala.info\/2009-2015\/#website","url":"https:\/\/fjala.info\/2009-2015\/","name":"FjALA e LIR\u00cb - Arkivi","description":"Arkivi 2009-2015","publisher":{"@id":"https:\/\/fjala.info\/2009-2015\/#organization"},"potentialAction":[{"@type":"SearchAction","target":{"@type":"EntryPoint","urlTemplate":"https:\/\/fjala.info\/2009-2015\/?s={search_term_string}"},"query-input":{"@type":"PropertyValueSpecification","valueRequired":true,"valueName":"search_term_string"}}],"inLanguage":"sq-AL"},{"@type":"Organization","@id":"https:\/\/fjala.info\/2009-2015\/#organization","name":"FjALA e LIR\u00cb - Arkivi","url":"https:\/\/fjala.info\/2009-2015\/","logo":{"@type":"ImageObject","inLanguage":"sq-AL","@id":"https:\/\/fjala.info\/2009-2015\/#\/schema\/logo\/image\/","url":"","contentUrl":"","caption":"FjALA e LIR\u00cb - Arkivi"},"image":{"@id":"https:\/\/fjala.info\/2009-2015\/#\/schema\/logo\/image\/"}},{"@type":"Person","@id":"https:\/\/fjala.info\/2009-2015\/#\/schema\/person\/3aa1163ef05469c496fc94e77611ada2","name":"admin","image":{"@type":"ImageObject","inLanguage":"sq-AL","@id":"https:\/\/fjala.info\/2009-2015\/wp-content\/uploads\/2012\/02\/arben_cokaj-120x150.jpg","url":"https:\/\/fjala.info\/2009-2015\/wp-content\/uploads\/2012\/02\/arben_cokaj-120x150.jpg","contentUrl":"https:\/\/fjala.info\/2009-2015\/wp-content\/uploads\/2012\/02\/arben_cokaj-120x150.jpg","caption":"admin"},"description":"Admin, Fjala e Lir\u00eb","sameAs":["https:\/\/fjala.info\/"],"url":"https:\/\/fjala.info\/2009-2015\/author\/admin\/"}]}},"_links":{"self":[{"href":"https:\/\/fjala.info\/2009-2015\/wp-json\/wp\/v2\/posts\/2202","targetHints":{"allow":["GET"]}}],"collection":[{"href":"https:\/\/fjala.info\/2009-2015\/wp-json\/wp\/v2\/posts"}],"about":[{"href":"https:\/\/fjala.info\/2009-2015\/wp-json\/wp\/v2\/types\/post"}],"author":[{"embeddable":true,"href":"https:\/\/fjala.info\/2009-2015\/wp-json\/wp\/v2\/users\/1"}],"replies":[{"embeddable":true,"href":"https:\/\/fjala.info\/2009-2015\/wp-json\/wp\/v2\/comments?post=2202"}],"version-history":[{"count":0,"href":"https:\/\/fjala.info\/2009-2015\/wp-json\/wp\/v2\/posts\/2202\/revisions"}],"wp:attachment":[{"href":"https:\/\/fjala.info\/2009-2015\/wp-json\/wp\/v2\/media?parent=2202"}],"wp:term":[{"taxonomy":"category","embeddable":true,"href":"https:\/\/fjala.info\/2009-2015\/wp-json\/wp\/v2\/categories?post=2202"},{"taxonomy":"post_tag","embeddable":true,"href":"https:\/\/fjala.info\/2009-2015\/wp-json\/wp\/v2\/tags?post=2202"}],"curies":[{"name":"wp","href":"https:\/\/api.w.org\/{rel}","templated":true}]}}