{"id":2201,"date":"2012-03-16T23:18:50","date_gmt":"2012-03-16T22:18:50","guid":{"rendered":"http:\/\/fjala.shkoder.net\/?p=2201"},"modified":"2012-03-16T23:18:50","modified_gmt":"2012-03-16T22:18:50","slug":"daulle-dasmash-kunder-sirenave-te-luftes-me-perendimin","status":"publish","type":"post","link":"https:\/\/fjala.info\/2009-2015\/daulle-dasmash-kunder-sirenave-te-luftes-me-perendimin\/","title":{"rendered":"Daulle dasmash kund\u00ebr sirenave t\u00eb luft\u00ebs me Per\u00ebndimin"},"content":{"rendered":"<p><img decoding=\"async\" class=\"alignright size-thumbnail wp-image-7236\" title=\"Mero Baze\" src=\"http:\/\/www.shkoder.net\/images\/fjala\/mero_baze1.jpg\" alt=\"\" width=\"150\" \/> Nga <strong>Mero Baze<\/strong>, <em>16 Mars 2012<\/em><\/p>\n<p>Kryeministri Berisha po p\u00ebrpiqet t\u00eb zhurmoj\u00eb kriz\u00ebn n\u00eb t\u00eb cil\u00ebn kan\u00eb hyr\u00eb marr\u00ebdh\u00ebniet e tij me Shtetet e Bashkuara t\u00eb Amerik\u00ebs dhe Bashkimin Evropian, p\u00ebrmes nj\u00eb axhende festive dhe retorike fitoresh t\u00eb pritshme, me shpres\u00eb q\u00eb ndikimi i Per\u00ebndimit t\u00eb mos prek\u00eb elektoratin e tij. N\u00eb dit\u00ebn q\u00eb lideri i opozit\u00ebs po pritet n\u00eb nj\u00eb praktik\u00eb t\u00eb pazakont\u00eb diplomatike n\u00eb SHBA, dhe ish-ambasadori amerikan Withers, i \u00e7liruar nga kornizat zyrtare, por tep\u00ebr i respektuar n\u00eb Uashington, po flet pa doreza p\u00ebr nj\u00eb regjim sundues, p\u00ebr nj\u00eb vend pa zgjedhje t\u00eb lira, pa liri shtypi dhe nj\u00eb udh\u00ebheqje e obsesuar pas pushtetit, Sali Berisha sajoi nj\u00eb komitet feste p\u00ebr t\u00eb d\u00ebshmuar se askush nuk i prek dot atij objektivat q\u00eb ka p\u00ebr t\u00eb q\u00ebndruar n\u00eb pushtet. I gjendur mes dy zjarresh, mes spekticizmit me t\u00eb cilin Bashkimi Evropian e shikon qeverin\u00eb e tij dhe er\u00ebrat e ftohta q\u00eb vijn\u00eb nga Uashingtoni kund\u00ebr tij, ai po tregohet paksa m\u00eb i kujdessh\u00ebm duke mos sulmuar hapur SHBA dhe Evrop\u00ebn, por duke u p\u00ebrpjekur q\u00eb z\u00ebrat e tyre t\u00eb mos arrijn\u00eb n\u00eb vesh\u00ebt e mb\u00ebshtet\u00ebsve t\u00eb tij.<\/p>\n<p>Partia Demokratike dhe elektorati i saj \u00ebsht\u00eb nj\u00eb elektorat n\u00eb thelb proper\u00ebndimor p\u00ebr shkak t\u00eb historis\u00eb s\u00eb shumic\u00ebs s\u00eb atij elektorati, t\u00eb cil\u00ebt nuk kan\u00eb qen\u00eb luajal\u00eb me izolimin e Shqip\u00ebris\u00eb. P\u00ebr k\u00ebt\u00eb arsye ndikimi i raporteve t\u00eb qeveris\u00eb s\u00eb tyre me SHBA dhe Bashkimin Evropian \u00ebsht\u00eb shum\u00eb i r\u00ebnd\u00ebsish\u00ebm n\u00eb mobilizimin e tyre p\u00ebr pushtet. \u00cbsht\u00eb kjo arsyeja q\u00eb Berisha \u201cnuk po i kthen pushk\u00eb\u201d as SHBA, as BE, por po p\u00ebrpiqet t\u2019i zhurmoj\u00eb z\u00ebrat e qart\u00eb kund\u00ebr tij nga Brukseli dhe Uashingtoni dhe t\u2019i relativizoj\u00eb ato duke i b\u00ebr\u00eb t\u00eb pap\u00ebrdorsh\u00ebm vet\u00ebm kund\u00ebr tij.<\/p>\n<p>K\u00ebshtu n\u00ebse v\u00ebreje intervist\u00ebn e fundit t\u00eb ambasadorit Arvizu me Bugajskin, t\u00eb gjitha mesazhet ishin kund\u00ebr qeveris\u00eb dhe k\u00ebshtu u lexua nga gjith\u00eb media shqiptare, por n\u00eb dy mediat e kontrolluara nga Berisha, intervista n\u00eb nj\u00ebr\u00ebn nuk doli fare, n\u00eb tjetr\u00ebn doli vet\u00ebm nj\u00eb rresht ku ambasadori Arvizu vizatonte axhend\u00ebn e dhunshme t\u00eb demonstruesve t\u00eb 21 janarit, \u00e7ka \u00ebsht\u00eb nj\u00eb gj\u00eb e v\u00ebrtet\u00eb, por jo shkaktare e asaj q\u00eb ka ndodhur. M\u00eb tej akoma ai po u reziston z\u00ebrave t\u00eb Per\u00ebndimit p\u00ebr kriz\u00ebn presidenciale, dhe po vazhdon t\u00eb hedh\u00eb posht\u00eb si let\u00ebr higjienike ekspertiz\u00ebn e FBI p\u00ebr 21 janarin. Kjo ka b\u00ebr\u00eb q\u00eb Per\u00ebndimi t\u00eb forcoj\u00eb z\u00ebrin kund\u00ebr tij dhe n\u00eb k\u00ebto kushte Berish\u00ebs duket se i vetmi mjet p\u00ebr t\u00eb b\u00ebr\u00eb zhurm\u00eb dhe p\u00ebr t\u00eb mos u d\u00ebgjuar z\u00ebrat kund\u00ebr tij jan\u00eb daullet e dasmave arkaike, q\u00eb ai po p\u00ebrpiqet t\u00eb organizoj\u00eb p\u00ebr t\u00eb treguar se ende nuk \u00ebsht\u00eb i frik\u00ebsuar.<\/p>\n<p>I p\u00ebrfshir\u00eb nga frika se ofensiva per\u00ebndimore kund\u00ebr tij do t\u00eb dekurajoj\u00eb jo vet\u00ebm elektoratin e tij, por dhe strukturat e manipulimit t\u00eb votave apo forcat paramilitare t\u00eb tij, Berisha po p\u00ebrpiqet t\u2019i nxjerr frik\u00ebn vetes duke b\u00ebr\u00eb sikur nuk \u00ebsht\u00eb i frik\u00ebsuar nga ajo q\u00eb po ndodh. I kalbur dita- dit\u00ebs n\u00eb fytyr\u00eb, her\u00eb-her\u00eb me lajthitje t\u00eb frikshme psikike, dhe nj\u00eb sjellje q\u00eb t\u00eb kujton anekdotat p\u00ebr diktator\u00ebt n\u00eb dit\u00ebt e fundit t\u00eb pushtetit, ai tani m\u00eb shum\u00eb se kujtdo i ngjan nj\u00eb skene n\u00eb filmin \u201cBeni ec\u00ebn vet\u00eb\u201d, kur personazhi kryesor i mbetur vet\u00ebm n\u00eb pyll k\u00ebndonte me z\u00eb t\u00eb lart\u00eb q\u00eb t\u00eb hiqte frik\u00ebn vetes.<\/p>\n<p>Koncertet e tij dhe retorika e fitoreve t\u00eb pritshme n\u00eb dit\u00ebt m\u00eb t\u00eb zeza t\u00eb pushtetit t\u00eb tij n\u00eb raport me Per\u00ebndimin dhe elektoratin shqiptar, jan\u00eb nj\u00eb p\u00ebrpjekje e mundimshme q\u00eb njer\u00ebzit e tij t\u00eb mbahen ende n\u00eb k\u00ebmb\u00eb. Motivimi kryesor i strukturave t\u00eb tij vazhdon t\u00eb mbetet korrupsioni, vjedhja e votave apo ushtrimi arbitrar i pushtetit, por siguria e tyre deri tani ka qen\u00eb fakti se Berisha ishte lideri q\u00eb u mbyllte problemet me Per\u00ebndimin dhe kur vidhnin vota, dhe kur vrisnin, dhe kur shkelin me k\u00ebmb\u00eb t\u00eb drejtat e qytetar\u00ebve. Pik\u00ebrisht tronditja e k\u00ebtij besimi nga nj\u00eb rreshtim i qart\u00eb i Per\u00ebndimit kund\u00ebr Berish\u00ebs ka b\u00ebr\u00eb q\u00eb ai ta humbas\u00eb toruan dhe t\u00eb flas\u00eb p\u00ebrdit\u00eb p\u00ebr festa dhe fitore q\u00eb e presin at\u00eb dhe partin\u00eb e tij.<\/p>\n<p>Dhe e thot\u00eb k\u00ebt\u00eb kur n\u00eb parlament ka r\u00ebn\u00eb n\u00eb 66 vota, kur n\u00eb elektorat shumic\u00ebs s\u00eb njer\u00ebzve u vjen zor t\u00eb thon\u00eb se jan\u00eb me PD dhe kur n\u00eb Per\u00ebndim po vizatohet me terma t\u00eb nj\u00ebjta me t\u00eb cilat vizatohen lider\u00eb t\u00eb tipit putinist q\u00eb gjen me boll\u00ebk n\u00eb Lindjen ish- komuniste, ku Berisha ka qejf t\u00eb shkoj\u00eb s\u00eb fundmi. Berisha e ndjen thell\u00eb k\u00ebt\u00eb ftoht\u00ebsi, e ndjen thell\u00eb k\u00ebt\u00eb sulm, dhe po b\u00ebn \u00e7\u2019\u00ebsht\u00eb e mundur q\u00eb ai t\u00eb mos arrij\u00eb deri tek vesh\u00ebt e qytetar\u00ebve ashtu si\u00e7 \u00ebsht\u00eb. Po p\u00ebrpiqet t\u00eb relativizoj\u00eb deklaratat e Per\u00ebndimit, t\u2019i manipuloj\u00eb, t\u2019i keqp\u00ebrdor\u00eb pa pik\u00eb turpi vet\u00ebm q\u00eb t\u00eb gjith\u00eb t\u00eb besojn\u00eb se ai \u00ebsht\u00eb ende i besuar i tyre. N\u00eb fakt asgj\u00eb nuk b\u00ebn dot. Thjesht do t\u2019i detyroj\u00eb ata t\u00eb presin sa t\u00eb mbarojn\u00eb daullet e dasm\u00ebs dhe t\u2019u bien sirenave t\u00eb luft\u00ebs ndaj tij.<\/p>\n","protected":false},"excerpt":{"rendered":"<p>Nga Mero Baze, 16 Mars 2012 Kryeministri Berisha po p\u00ebrpiqet t\u00eb zhurmoj\u00eb kriz\u00ebn n\u00eb t\u00eb cil\u00ebn kan\u00eb hyr\u00eb marr\u00ebdh\u00ebniet e tij me Shtetet e Bashkuara t\u00eb Amerik\u00ebs dhe Bashkimin Evropian, p\u00ebrmes nj\u00eb axhende festive dhe retorike fitoresh t\u00eb pritshme, me shpres\u00eb q\u00eb ndikimi i Per\u00ebndimit t\u00eb mos prek\u00eb elektoratin e tij. N\u00eb dit\u00ebn q\u00eb lideri [&hellip;]<\/p>\n","protected":false},"author":1,"featured_media":0,"comment_status":"open","ping_status":"closed","sticky":false,"template":"","format":"standard","meta":{"footnotes":""},"categories":[2],"tags":[],"class_list":{"0":"post-2201","1":"post","2":"type-post","3":"status-publish","4":"format-standard","6":"category-artikuj"},"yoast_head":"<!-- This site is optimized with the Yoast SEO plugin v27.4 - https:\/\/yoast.com\/product\/yoast-seo-wordpress\/ -->\n<title>Daulle dasmash kund\u00ebr sirenave t\u00eb luft\u00ebs me Per\u00ebndimin - FjALA e LIR\u00cb - Arkivi<\/title>\n<meta name=\"robots\" content=\"index, follow, max-snippet:-1, max-image-preview:large, max-video-preview:-1\" \/>\n<link rel=\"canonical\" href=\"https:\/\/fjala.info\/2009-2015\/daulle-dasmash-kunder-sirenave-te-luftes-me-perendimin\/\" \/>\n<meta property=\"og:locale\" content=\"sq_AL\" \/>\n<meta property=\"og:type\" content=\"article\" \/>\n<meta property=\"og:title\" content=\"Daulle dasmash kund\u00ebr sirenave t\u00eb luft\u00ebs me Per\u00ebndimin - FjALA e LIR\u00cb - Arkivi\" \/>\n<meta property=\"og:description\" content=\"Nga Mero Baze, 16 Mars 2012 Kryeministri Berisha po p\u00ebrpiqet t\u00eb zhurmoj\u00eb kriz\u00ebn n\u00eb t\u00eb cil\u00ebn kan\u00eb hyr\u00eb marr\u00ebdh\u00ebniet e tij me Shtetet e Bashkuara t\u00eb Amerik\u00ebs dhe Bashkimin Evropian, p\u00ebrmes nj\u00eb axhende festive dhe retorike fitoresh t\u00eb pritshme, me shpres\u00eb q\u00eb ndikimi i Per\u00ebndimit t\u00eb mos prek\u00eb elektoratin e tij. N\u00eb dit\u00ebn q\u00eb lideri [&hellip;]\" \/>\n<meta property=\"og:url\" content=\"https:\/\/fjala.info\/2009-2015\/daulle-dasmash-kunder-sirenave-te-luftes-me-perendimin\/\" \/>\n<meta property=\"og:site_name\" content=\"FjALA e LIR\u00cb - Arkivi\" \/>\n<meta property=\"article:published_time\" content=\"2012-03-16T22:18:50+00:00\" \/>\n<meta property=\"og:image\" content=\"http:\/\/www.shkoder.net\/images\/fjala\/mero_baze1.jpg\" \/>\n<meta name=\"author\" content=\"admin\" \/>\n<meta name=\"twitter:card\" content=\"summary_large_image\" \/>\n<meta name=\"twitter:label1\" content=\"Written by\" \/>\n\t<meta name=\"twitter:data1\" content=\"admin\" \/>\n\t<meta name=\"twitter:label2\" content=\"Est. reading time\" \/>\n\t<meta name=\"twitter:data2\" content=\"5 minutes\" \/>\n<script type=\"application\/ld+json\" class=\"yoast-schema-graph\">{\"@context\":\"https:\\\/\\\/schema.org\",\"@graph\":[{\"@type\":\"Article\",\"@id\":\"https:\\\/\\\/fjala.info\\\/2009-2015\\\/daulle-dasmash-kunder-sirenave-te-luftes-me-perendimin\\\/#article\",\"isPartOf\":{\"@id\":\"https:\\\/\\\/fjala.info\\\/2009-2015\\\/daulle-dasmash-kunder-sirenave-te-luftes-me-perendimin\\\/\"},\"author\":{\"name\":\"admin\",\"@id\":\"https:\\\/\\\/fjala.info\\\/2009-2015\\\/#\\\/schema\\\/person\\\/3aa1163ef05469c496fc94e77611ada2\"},\"headline\":\"Daulle dasmash kund\u00ebr sirenave t\u00eb luft\u00ebs me Per\u00ebndimin\",\"datePublished\":\"2012-03-16T22:18:50+00:00\",\"mainEntityOfPage\":{\"@id\":\"https:\\\/\\\/fjala.info\\\/2009-2015\\\/daulle-dasmash-kunder-sirenave-te-luftes-me-perendimin\\\/\"},\"wordCount\":966,\"commentCount\":0,\"publisher\":{\"@id\":\"https:\\\/\\\/fjala.info\\\/2009-2015\\\/#organization\"},\"image\":{\"@id\":\"https:\\\/\\\/fjala.info\\\/2009-2015\\\/daulle-dasmash-kunder-sirenave-te-luftes-me-perendimin\\\/#primaryimage\"},\"thumbnailUrl\":\"http:\\\/\\\/www.shkoder.net\\\/images\\\/fjala\\\/mero_baze1.jpg\",\"articleSection\":[\"Artikuj\"],\"inLanguage\":\"sq-AL\",\"potentialAction\":[{\"@type\":\"CommentAction\",\"name\":\"Comment\",\"target\":[\"https:\\\/\\\/fjala.info\\\/2009-2015\\\/daulle-dasmash-kunder-sirenave-te-luftes-me-perendimin\\\/#respond\"]}]},{\"@type\":\"WebPage\",\"@id\":\"https:\\\/\\\/fjala.info\\\/2009-2015\\\/daulle-dasmash-kunder-sirenave-te-luftes-me-perendimin\\\/\",\"url\":\"https:\\\/\\\/fjala.info\\\/2009-2015\\\/daulle-dasmash-kunder-sirenave-te-luftes-me-perendimin\\\/\",\"name\":\"Daulle dasmash kund\u00ebr sirenave t\u00eb luft\u00ebs me Per\u00ebndimin - FjALA e LIR\u00cb - Arkivi\",\"isPartOf\":{\"@id\":\"https:\\\/\\\/fjala.info\\\/2009-2015\\\/#website\"},\"primaryImageOfPage\":{\"@id\":\"https:\\\/\\\/fjala.info\\\/2009-2015\\\/daulle-dasmash-kunder-sirenave-te-luftes-me-perendimin\\\/#primaryimage\"},\"image\":{\"@id\":\"https:\\\/\\\/fjala.info\\\/2009-2015\\\/daulle-dasmash-kunder-sirenave-te-luftes-me-perendimin\\\/#primaryimage\"},\"thumbnailUrl\":\"http:\\\/\\\/www.shkoder.net\\\/images\\\/fjala\\\/mero_baze1.jpg\",\"datePublished\":\"2012-03-16T22:18:50+00:00\",\"breadcrumb\":{\"@id\":\"https:\\\/\\\/fjala.info\\\/2009-2015\\\/daulle-dasmash-kunder-sirenave-te-luftes-me-perendimin\\\/#breadcrumb\"},\"inLanguage\":\"sq-AL\",\"potentialAction\":[{\"@type\":\"ReadAction\",\"target\":[\"https:\\\/\\\/fjala.info\\\/2009-2015\\\/daulle-dasmash-kunder-sirenave-te-luftes-me-perendimin\\\/\"]}]},{\"@type\":\"ImageObject\",\"inLanguage\":\"sq-AL\",\"@id\":\"https:\\\/\\\/fjala.info\\\/2009-2015\\\/daulle-dasmash-kunder-sirenave-te-luftes-me-perendimin\\\/#primaryimage\",\"url\":\"http:\\\/\\\/www.shkoder.net\\\/images\\\/fjala\\\/mero_baze1.jpg\",\"contentUrl\":\"http:\\\/\\\/www.shkoder.net\\\/images\\\/fjala\\\/mero_baze1.jpg\"},{\"@type\":\"BreadcrumbList\",\"@id\":\"https:\\\/\\\/fjala.info\\\/2009-2015\\\/daulle-dasmash-kunder-sirenave-te-luftes-me-perendimin\\\/#breadcrumb\",\"itemListElement\":[{\"@type\":\"ListItem\",\"position\":1,\"name\":\"Home\",\"item\":\"https:\\\/\\\/fjala.info\\\/2009-2015\\\/\"},{\"@type\":\"ListItem\",\"position\":2,\"name\":\"Daulle dasmash kund\u00ebr sirenave t\u00eb luft\u00ebs me Per\u00ebndimin\"}]},{\"@type\":\"WebSite\",\"@id\":\"https:\\\/\\\/fjala.info\\\/2009-2015\\\/#website\",\"url\":\"https:\\\/\\\/fjala.info\\\/2009-2015\\\/\",\"name\":\"FjALA e LIR\u00cb - Arkivi\",\"description\":\"Arkivi 2009-2015\",\"publisher\":{\"@id\":\"https:\\\/\\\/fjala.info\\\/2009-2015\\\/#organization\"},\"potentialAction\":[{\"@type\":\"SearchAction\",\"target\":{\"@type\":\"EntryPoint\",\"urlTemplate\":\"https:\\\/\\\/fjala.info\\\/2009-2015\\\/?s={search_term_string}\"},\"query-input\":{\"@type\":\"PropertyValueSpecification\",\"valueRequired\":true,\"valueName\":\"search_term_string\"}}],\"inLanguage\":\"sq-AL\"},{\"@type\":\"Organization\",\"@id\":\"https:\\\/\\\/fjala.info\\\/2009-2015\\\/#organization\",\"name\":\"FjALA e LIR\u00cb - Arkivi\",\"url\":\"https:\\\/\\\/fjala.info\\\/2009-2015\\\/\",\"logo\":{\"@type\":\"ImageObject\",\"inLanguage\":\"sq-AL\",\"@id\":\"https:\\\/\\\/fjala.info\\\/2009-2015\\\/#\\\/schema\\\/logo\\\/image\\\/\",\"url\":\"\",\"contentUrl\":\"\",\"caption\":\"FjALA e LIR\u00cb - Arkivi\"},\"image\":{\"@id\":\"https:\\\/\\\/fjala.info\\\/2009-2015\\\/#\\\/schema\\\/logo\\\/image\\\/\"}},{\"@type\":\"Person\",\"@id\":\"https:\\\/\\\/fjala.info\\\/2009-2015\\\/#\\\/schema\\\/person\\\/3aa1163ef05469c496fc94e77611ada2\",\"name\":\"admin\",\"image\":{\"@type\":\"ImageObject\",\"inLanguage\":\"sq-AL\",\"@id\":\"https:\\\/\\\/fjala.info\\\/2009-2015\\\/wp-content\\\/uploads\\\/2012\\\/02\\\/arben_cokaj-120x150.jpg\",\"url\":\"https:\\\/\\\/fjala.info\\\/2009-2015\\\/wp-content\\\/uploads\\\/2012\\\/02\\\/arben_cokaj-120x150.jpg\",\"contentUrl\":\"https:\\\/\\\/fjala.info\\\/2009-2015\\\/wp-content\\\/uploads\\\/2012\\\/02\\\/arben_cokaj-120x150.jpg\",\"caption\":\"admin\"},\"description\":\"Admin, Fjala e Lir\u00eb\",\"sameAs\":[\"https:\\\/\\\/fjala.info\\\/\"],\"url\":\"https:\\\/\\\/fjala.info\\\/2009-2015\\\/author\\\/admin\\\/\"}]}<\/script>\n<!-- \/ Yoast SEO plugin. -->","yoast_head_json":{"title":"Daulle dasmash kund\u00ebr sirenave t\u00eb luft\u00ebs me Per\u00ebndimin - FjALA e LIR\u00cb - Arkivi","robots":{"index":"index","follow":"follow","max-snippet":"max-snippet:-1","max-image-preview":"max-image-preview:large","max-video-preview":"max-video-preview:-1"},"canonical":"https:\/\/fjala.info\/2009-2015\/daulle-dasmash-kunder-sirenave-te-luftes-me-perendimin\/","og_locale":"sq_AL","og_type":"article","og_title":"Daulle dasmash kund\u00ebr sirenave t\u00eb luft\u00ebs me Per\u00ebndimin - FjALA e LIR\u00cb - Arkivi","og_description":"Nga Mero Baze, 16 Mars 2012 Kryeministri Berisha po p\u00ebrpiqet t\u00eb zhurmoj\u00eb kriz\u00ebn n\u00eb t\u00eb cil\u00ebn kan\u00eb hyr\u00eb marr\u00ebdh\u00ebniet e tij me Shtetet e Bashkuara t\u00eb Amerik\u00ebs dhe Bashkimin Evropian, p\u00ebrmes nj\u00eb axhende festive dhe retorike fitoresh t\u00eb pritshme, me shpres\u00eb q\u00eb ndikimi i Per\u00ebndimit t\u00eb mos prek\u00eb elektoratin e tij. N\u00eb dit\u00ebn q\u00eb lideri [&hellip;]","og_url":"https:\/\/fjala.info\/2009-2015\/daulle-dasmash-kunder-sirenave-te-luftes-me-perendimin\/","og_site_name":"FjALA e LIR\u00cb - Arkivi","article_published_time":"2012-03-16T22:18:50+00:00","og_image":[{"url":"http:\/\/www.shkoder.net\/images\/fjala\/mero_baze1.jpg","type":"","width":"","height":""}],"author":"admin","twitter_card":"summary_large_image","twitter_misc":{"Written by":"admin","Est. reading time":"5 minutes"},"schema":{"@context":"https:\/\/schema.org","@graph":[{"@type":"Article","@id":"https:\/\/fjala.info\/2009-2015\/daulle-dasmash-kunder-sirenave-te-luftes-me-perendimin\/#article","isPartOf":{"@id":"https:\/\/fjala.info\/2009-2015\/daulle-dasmash-kunder-sirenave-te-luftes-me-perendimin\/"},"author":{"name":"admin","@id":"https:\/\/fjala.info\/2009-2015\/#\/schema\/person\/3aa1163ef05469c496fc94e77611ada2"},"headline":"Daulle dasmash kund\u00ebr sirenave t\u00eb luft\u00ebs me Per\u00ebndimin","datePublished":"2012-03-16T22:18:50+00:00","mainEntityOfPage":{"@id":"https:\/\/fjala.info\/2009-2015\/daulle-dasmash-kunder-sirenave-te-luftes-me-perendimin\/"},"wordCount":966,"commentCount":0,"publisher":{"@id":"https:\/\/fjala.info\/2009-2015\/#organization"},"image":{"@id":"https:\/\/fjala.info\/2009-2015\/daulle-dasmash-kunder-sirenave-te-luftes-me-perendimin\/#primaryimage"},"thumbnailUrl":"http:\/\/www.shkoder.net\/images\/fjala\/mero_baze1.jpg","articleSection":["Artikuj"],"inLanguage":"sq-AL","potentialAction":[{"@type":"CommentAction","name":"Comment","target":["https:\/\/fjala.info\/2009-2015\/daulle-dasmash-kunder-sirenave-te-luftes-me-perendimin\/#respond"]}]},{"@type":"WebPage","@id":"https:\/\/fjala.info\/2009-2015\/daulle-dasmash-kunder-sirenave-te-luftes-me-perendimin\/","url":"https:\/\/fjala.info\/2009-2015\/daulle-dasmash-kunder-sirenave-te-luftes-me-perendimin\/","name":"Daulle dasmash kund\u00ebr sirenave t\u00eb luft\u00ebs me Per\u00ebndimin - FjALA e LIR\u00cb - Arkivi","isPartOf":{"@id":"https:\/\/fjala.info\/2009-2015\/#website"},"primaryImageOfPage":{"@id":"https:\/\/fjala.info\/2009-2015\/daulle-dasmash-kunder-sirenave-te-luftes-me-perendimin\/#primaryimage"},"image":{"@id":"https:\/\/fjala.info\/2009-2015\/daulle-dasmash-kunder-sirenave-te-luftes-me-perendimin\/#primaryimage"},"thumbnailUrl":"http:\/\/www.shkoder.net\/images\/fjala\/mero_baze1.jpg","datePublished":"2012-03-16T22:18:50+00:00","breadcrumb":{"@id":"https:\/\/fjala.info\/2009-2015\/daulle-dasmash-kunder-sirenave-te-luftes-me-perendimin\/#breadcrumb"},"inLanguage":"sq-AL","potentialAction":[{"@type":"ReadAction","target":["https:\/\/fjala.info\/2009-2015\/daulle-dasmash-kunder-sirenave-te-luftes-me-perendimin\/"]}]},{"@type":"ImageObject","inLanguage":"sq-AL","@id":"https:\/\/fjala.info\/2009-2015\/daulle-dasmash-kunder-sirenave-te-luftes-me-perendimin\/#primaryimage","url":"http:\/\/www.shkoder.net\/images\/fjala\/mero_baze1.jpg","contentUrl":"http:\/\/www.shkoder.net\/images\/fjala\/mero_baze1.jpg"},{"@type":"BreadcrumbList","@id":"https:\/\/fjala.info\/2009-2015\/daulle-dasmash-kunder-sirenave-te-luftes-me-perendimin\/#breadcrumb","itemListElement":[{"@type":"ListItem","position":1,"name":"Home","item":"https:\/\/fjala.info\/2009-2015\/"},{"@type":"ListItem","position":2,"name":"Daulle dasmash kund\u00ebr sirenave t\u00eb luft\u00ebs me Per\u00ebndimin"}]},{"@type":"WebSite","@id":"https:\/\/fjala.info\/2009-2015\/#website","url":"https:\/\/fjala.info\/2009-2015\/","name":"FjALA e LIR\u00cb - Arkivi","description":"Arkivi 2009-2015","publisher":{"@id":"https:\/\/fjala.info\/2009-2015\/#organization"},"potentialAction":[{"@type":"SearchAction","target":{"@type":"EntryPoint","urlTemplate":"https:\/\/fjala.info\/2009-2015\/?s={search_term_string}"},"query-input":{"@type":"PropertyValueSpecification","valueRequired":true,"valueName":"search_term_string"}}],"inLanguage":"sq-AL"},{"@type":"Organization","@id":"https:\/\/fjala.info\/2009-2015\/#organization","name":"FjALA e LIR\u00cb - Arkivi","url":"https:\/\/fjala.info\/2009-2015\/","logo":{"@type":"ImageObject","inLanguage":"sq-AL","@id":"https:\/\/fjala.info\/2009-2015\/#\/schema\/logo\/image\/","url":"","contentUrl":"","caption":"FjALA e LIR\u00cb - Arkivi"},"image":{"@id":"https:\/\/fjala.info\/2009-2015\/#\/schema\/logo\/image\/"}},{"@type":"Person","@id":"https:\/\/fjala.info\/2009-2015\/#\/schema\/person\/3aa1163ef05469c496fc94e77611ada2","name":"admin","image":{"@type":"ImageObject","inLanguage":"sq-AL","@id":"https:\/\/fjala.info\/2009-2015\/wp-content\/uploads\/2012\/02\/arben_cokaj-120x150.jpg","url":"https:\/\/fjala.info\/2009-2015\/wp-content\/uploads\/2012\/02\/arben_cokaj-120x150.jpg","contentUrl":"https:\/\/fjala.info\/2009-2015\/wp-content\/uploads\/2012\/02\/arben_cokaj-120x150.jpg","caption":"admin"},"description":"Admin, Fjala e Lir\u00eb","sameAs":["https:\/\/fjala.info\/"],"url":"https:\/\/fjala.info\/2009-2015\/author\/admin\/"}]}},"_links":{"self":[{"href":"https:\/\/fjala.info\/2009-2015\/wp-json\/wp\/v2\/posts\/2201","targetHints":{"allow":["GET"]}}],"collection":[{"href":"https:\/\/fjala.info\/2009-2015\/wp-json\/wp\/v2\/posts"}],"about":[{"href":"https:\/\/fjala.info\/2009-2015\/wp-json\/wp\/v2\/types\/post"}],"author":[{"embeddable":true,"href":"https:\/\/fjala.info\/2009-2015\/wp-json\/wp\/v2\/users\/1"}],"replies":[{"embeddable":true,"href":"https:\/\/fjala.info\/2009-2015\/wp-json\/wp\/v2\/comments?post=2201"}],"version-history":[{"count":0,"href":"https:\/\/fjala.info\/2009-2015\/wp-json\/wp\/v2\/posts\/2201\/revisions"}],"wp:attachment":[{"href":"https:\/\/fjala.info\/2009-2015\/wp-json\/wp\/v2\/media?parent=2201"}],"wp:term":[{"taxonomy":"category","embeddable":true,"href":"https:\/\/fjala.info\/2009-2015\/wp-json\/wp\/v2\/categories?post=2201"},{"taxonomy":"post_tag","embeddable":true,"href":"https:\/\/fjala.info\/2009-2015\/wp-json\/wp\/v2\/tags?post=2201"}],"curies":[{"name":"wp","href":"https:\/\/api.w.org\/{rel}","templated":true}]}}