{"id":2200,"date":"2010-04-12T23:53:16","date_gmt":"2010-04-12T22:53:16","guid":{"rendered":"http:\/\/fjala.shkoder.net\/?p=2200"},"modified":"2010-04-12T23:53:16","modified_gmt":"2010-04-12T22:53:16","slug":"ministria-e-brendshme-problem-i-vetem-per-liberalizimin-e-vizave","status":"publish","type":"post","link":"https:\/\/fjala.info\/2009-2015\/ministria-e-brendshme-problem-i-vetem-per-liberalizimin-e-vizave\/","title":{"rendered":"Ministria e Brendshme, problem i vet\u00ebm p\u00ebr liberalizimin e vizave"},"content":{"rendered":"<p><img decoding=\"async\" style=\"margin-left: 10px; margin-right: 10px; border: 0px;\" src=\"http:\/\/www.shkoder.net\/images\/fjala\/mero_baze1.jpg\" border=\"0\" alt=\"Mero Baze\" width=\"100\" align=\"right\" \/><\/p>\n<p>Nga <strong>Mero Baze<\/strong>, &#8220;<em>Faktori Plus<\/em>&#8221;<\/p>\n<p>Qeveria shqiptare ka ende probleme me plot\u00ebsimin e kushteve teknike p\u00ebr liberalizimin e vizave, dhe konkretisht me bllokun e kushteve q\u00eb ka t\u00eb b\u00ebj\u00eb me sigurin\u00eb e kufijve dhe luft\u00ebn kund\u00ebr trafikut t\u00eb drog\u00ebs dhe qenieve njer\u00ebzore.<\/p>\n<p>Sipas ekspert\u00ebve t\u00eb Komisionit Evropian, Shqip\u00ebria vazhdon t\u00eb p\u00ebrfaq\u00ebsoj\u00eb nj\u00eb vend origjine dhe nj\u00eb pik\u00eb transiti p\u00ebr produktet e kanabisit, emigracionin ilegal, trafikimin e heroin\u00ebs, kokain\u00ebs dhe arm\u00ebve drejt Bashkimit Evropian. Faktor Plus sjell sot dhe nj\u00eb raport t\u00eb plot\u00eb t\u00eb Misioni Evropian t\u00eb Policis\u00eb, PAMECA, n\u00eb Shqip\u00ebri, i cili pasi analizon gjendjen n\u00eb Portin e Vlor\u00ebs, arrin n\u00eb p\u00ebrfundimin se t\u00eb gjitha standardet n\u00eb at\u00eb port jan\u00eb shum\u00eb larg, ose larg standardeve t\u00eb hap\u00ebsir\u00ebs Shengen.<\/p>\n<p>Po ashtu problem p\u00ebrb\u00ebn sip\u00ebrfaqja e mbjell\u00eb me l\u00ebnd\u00eb narkotike, e cila gjat\u00eb vitit t\u00eb kaluar vler\u00ebsohet si pes\u00ebfish m\u00eb e madhe si dhe sasia e qytetar\u00ebve t\u00eb deportuar n\u00eb Shqip\u00ebri nga vendet fqinj\u00eb q\u00eb n\u00eb vitin 2009 ishte 38 mij\u00eb vet\u00eb, nga 14 mij\u00eb q\u00eb ka qen\u00eb n\u00eb vitin 2005. Ajo \u00e7far\u00eb \u00ebsht\u00eb e r\u00ebnd\u00eb n\u00eb k\u00ebt\u00eb shif\u00ebr alarmante t\u00eb arratisjes nga Shqip\u00ebria \u00ebsht\u00eb fakti se 85 p\u00ebr qind e tyre jan\u00eb kthyer 72 or\u00eb pasi kan\u00eb kaluar kufirin. Pra, si\u00e7 shihet kemi nj\u00eb situat\u00eb t\u00eb pamenaxhueshme n\u00eb kufij dhe nj\u00eb situat\u00eb skandaloze n\u00eb mbjelljen e l\u00ebnd\u00ebve narkotike dhe sigurin\u00eb e porteve tona.<\/p>\n<p>Ky bilanc i hidhur nuk ka t\u00eb b\u00ebj\u00eb, as me kriz\u00ebn politike, as me k\u00ebrkes\u00ebn p\u00ebr hapjen e kutive, as me kredencialet antidemokratike t\u00eb kryeministrit Berisha dhe as m\u00eb protestat e opozit\u00ebs n\u00eb rrug\u00eb. Ky bilanc i hidhur ka t\u00eb b\u00ebj\u00eb vet\u00ebm me nj\u00eb dikaster, me Ministrin\u00eb e Brendshme t\u00eb Shqip\u00ebris\u00eb dhe ministrin e saj Lulzim Basha. Ministria e Brendshme q\u00eb kur Basha \u00ebsht\u00eb vendosur n\u00eb krye t\u00eb saj, ka p\u00ebsuar nj\u00eb regres thelb\u00ebsor, duke l\u00ebn\u00eb situat\u00ebn jasht\u00eb kontrollit sa i p\u00ebrket bim\u00ebve narkotike dhe duke shthurur praktikisht kufijt\u00eb e vendit ton\u00eb. Sipas raporteve nd\u00ebrkomb\u00ebtare, \u00e7do shtetas shqiptar q\u00eb kalon kufirin paguan rreth 3 mij\u00eb euro dhe se sasia e drog\u00ebs, e kultivuar n\u00eb zona t\u00eb nxehta t\u00eb vendit, po merr p\u00ebrmasa shqet\u00ebsuese dhe p\u00ebr rajonin.<\/p>\n<p>E gjith\u00eb kjo ka b\u00ebr\u00eb q\u00eb raporti i ekspert\u00ebve t\u00eb Bashkimit Evropian t\u00eb jet\u00eb problematik p\u00ebr bllokun e tret\u00eb t\u00eb kushteve q\u00eb ka t\u00eb b\u00ebj\u00eb me rendin dhe sigurin\u00eb publike, korrupsionin, krimin e organizuar dhe trafiqet.<\/p>\n<p>Efekti i par\u00eb i k\u00ebsaj situate t\u00eb r\u00ebnduar, \u00ebsht\u00eb shtyrja e premtimit p\u00ebr liberalizimin e vizave p\u00ebr muajin tetor n\u00eb nj\u00eb situat\u00eb optimiste t\u00eb mundshme. Por edhe pse kjo shtyrje \u00ebsht\u00eb p\u00ebrgjegj\u00ebsi direkte e qeveris\u00eb shqiptare dhe Ministris\u00eb s\u00eb Brendshme, Ministri i pandehur Lulzim Basha, q\u00eb drejton k\u00ebt\u00eb dikaster, duket se ka mbrojtjen e kryeministrit edhe n\u00eb k\u00ebt\u00eb rast. Nj\u00ebsoj si n\u00eb rastin e rrug\u00ebs Durr\u00ebs-Kuk\u00ebs, kryeministri po i del zot nj\u00eb ministri, i cili ka fundosur dikasterin e tij n\u00eb spiralen e korrupsionit, trafikut t\u00eb qenieve njer\u00ebzore dhe trafikut t\u00eb l\u00ebnd\u00ebve narkotike. Ky \u00ebsht\u00eb nj\u00eb sinjal i friksh\u00ebm p\u00ebr qytetar\u00ebt shqiptar\u00eb, pasi n\u00eb rastin m\u00eb shfaj\u00ebsues p\u00ebr Lulzim Bash\u00ebn, ai \u00ebsht\u00eb aty nj\u00eb minist\u00ebr kukull dhe linja vertikale e k\u00ebsaj ministrie q\u00eb lidhet me Berish\u00ebn, kontrollon gjith\u00e7ka.<\/p>\n<p>N\u00eb rastin m\u00eb t\u00eb keq, n\u00ebse Ministri Basha \u00ebsht\u00eb vet\u00eb n\u00eb krye t\u00eb pun\u00ebve t\u00eb pista, at\u00ebher\u00eb jemi para nj\u00eb situate, kur ai ka arritur t\u00eb implikoj\u00eb kryeministrin n\u00eb at\u00eb shkall\u00eb sa ky i fundit nj\u00ebsoj si n\u00eb rastin Mediu \u00ebsht\u00eb i pafuqish\u00ebm ta b\u00ebj\u00eb at\u00eb p\u00ebrgjegj\u00ebs edhe pse ai n\u00eb t\u00eb v\u00ebrtet\u00eb \u00ebsht\u00eb rikthyer n\u00eb problem p\u00ebr imazhin e Shqip\u00ebris\u00eb, si nj\u00eb vend i pasigurt, me trafik t\u00eb l\u00ebnd\u00ebve narkotike dhe qenieve njer\u00ebzore.<\/p>\n","protected":false},"excerpt":{"rendered":"<p>Nga Mero Baze, &#8220;Faktori Plus&#8221; Qeveria shqiptare ka ende probleme me plot\u00ebsimin e kushteve teknike p\u00ebr liberalizimin e vizave, dhe konkretisht me bllokun e kushteve q\u00eb ka t\u00eb b\u00ebj\u00eb me sigurin\u00eb e kufijve dhe luft\u00ebn kund\u00ebr trafikut t\u00eb drog\u00ebs dhe qenieve njer\u00ebzore. Sipas ekspert\u00ebve t\u00eb Komisionit Evropian, Shqip\u00ebria vazhdon t\u00eb p\u00ebrfaq\u00ebsoj\u00eb nj\u00eb vend origjine dhe [&hellip;]<\/p>\n","protected":false},"author":1,"featured_media":0,"comment_status":"open","ping_status":"closed","sticky":false,"template":"","format":"standard","meta":{"footnotes":""},"categories":[2],"tags":[],"class_list":{"0":"post-2200","1":"post","2":"type-post","3":"status-publish","4":"format-standard","6":"category-artikuj"},"yoast_head":"<!-- This site is optimized with the Yoast SEO plugin v27.4 - https:\/\/yoast.com\/product\/yoast-seo-wordpress\/ -->\n<title>Ministria e Brendshme, problem i vet\u00ebm p\u00ebr liberalizimin e vizave - FjALA e LIR\u00cb - Arkivi<\/title>\n<meta name=\"robots\" content=\"index, follow, max-snippet:-1, max-image-preview:large, max-video-preview:-1\" \/>\n<link rel=\"canonical\" href=\"https:\/\/fjala.info\/2009-2015\/ministria-e-brendshme-problem-i-vetem-per-liberalizimin-e-vizave\/\" \/>\n<meta property=\"og:locale\" content=\"sq_AL\" \/>\n<meta property=\"og:type\" content=\"article\" \/>\n<meta property=\"og:title\" content=\"Ministria e Brendshme, problem i vet\u00ebm p\u00ebr liberalizimin e vizave - FjALA e LIR\u00cb - Arkivi\" \/>\n<meta property=\"og:description\" content=\"Nga Mero Baze, &#8220;Faktori Plus&#8221; Qeveria shqiptare ka ende probleme me plot\u00ebsimin e kushteve teknike p\u00ebr liberalizimin e vizave, dhe konkretisht me bllokun e kushteve q\u00eb ka t\u00eb b\u00ebj\u00eb me sigurin\u00eb e kufijve dhe luft\u00ebn kund\u00ebr trafikut t\u00eb drog\u00ebs dhe qenieve njer\u00ebzore. Sipas ekspert\u00ebve t\u00eb Komisionit Evropian, Shqip\u00ebria vazhdon t\u00eb p\u00ebrfaq\u00ebsoj\u00eb nj\u00eb vend origjine dhe [&hellip;]\" \/>\n<meta property=\"og:url\" content=\"https:\/\/fjala.info\/2009-2015\/ministria-e-brendshme-problem-i-vetem-per-liberalizimin-e-vizave\/\" \/>\n<meta property=\"og:site_name\" content=\"FjALA e LIR\u00cb - Arkivi\" \/>\n<meta property=\"article:published_time\" content=\"2010-04-12T22:53:16+00:00\" \/>\n<meta property=\"og:image\" content=\"http:\/\/www.shkoder.net\/images\/fjala\/mero_baze1.jpg\" \/>\n<meta name=\"author\" content=\"admin\" \/>\n<meta name=\"twitter:card\" content=\"summary_large_image\" \/>\n<meta name=\"twitter:label1\" content=\"Written by\" \/>\n\t<meta name=\"twitter:data1\" content=\"admin\" \/>\n\t<meta name=\"twitter:label2\" content=\"Est. reading time\" \/>\n\t<meta name=\"twitter:data2\" content=\"3 minutes\" \/>\n<script type=\"application\/ld+json\" class=\"yoast-schema-graph\">{\"@context\":\"https:\\\/\\\/schema.org\",\"@graph\":[{\"@type\":\"Article\",\"@id\":\"https:\\\/\\\/fjala.info\\\/2009-2015\\\/ministria-e-brendshme-problem-i-vetem-per-liberalizimin-e-vizave\\\/#article\",\"isPartOf\":{\"@id\":\"https:\\\/\\\/fjala.info\\\/2009-2015\\\/ministria-e-brendshme-problem-i-vetem-per-liberalizimin-e-vizave\\\/\"},\"author\":{\"name\":\"admin\",\"@id\":\"https:\\\/\\\/fjala.info\\\/2009-2015\\\/#\\\/schema\\\/person\\\/3aa1163ef05469c496fc94e77611ada2\"},\"headline\":\"Ministria e Brendshme, problem i vet\u00ebm p\u00ebr liberalizimin e vizave\",\"datePublished\":\"2010-04-12T22:53:16+00:00\",\"mainEntityOfPage\":{\"@id\":\"https:\\\/\\\/fjala.info\\\/2009-2015\\\/ministria-e-brendshme-problem-i-vetem-per-liberalizimin-e-vizave\\\/\"},\"wordCount\":690,\"commentCount\":0,\"publisher\":{\"@id\":\"https:\\\/\\\/fjala.info\\\/2009-2015\\\/#organization\"},\"image\":{\"@id\":\"https:\\\/\\\/fjala.info\\\/2009-2015\\\/ministria-e-brendshme-problem-i-vetem-per-liberalizimin-e-vizave\\\/#primaryimage\"},\"thumbnailUrl\":\"http:\\\/\\\/www.shkoder.net\\\/images\\\/fjala\\\/mero_baze1.jpg\",\"articleSection\":[\"Artikuj\"],\"inLanguage\":\"sq-AL\",\"potentialAction\":[{\"@type\":\"CommentAction\",\"name\":\"Comment\",\"target\":[\"https:\\\/\\\/fjala.info\\\/2009-2015\\\/ministria-e-brendshme-problem-i-vetem-per-liberalizimin-e-vizave\\\/#respond\"]}]},{\"@type\":\"WebPage\",\"@id\":\"https:\\\/\\\/fjala.info\\\/2009-2015\\\/ministria-e-brendshme-problem-i-vetem-per-liberalizimin-e-vizave\\\/\",\"url\":\"https:\\\/\\\/fjala.info\\\/2009-2015\\\/ministria-e-brendshme-problem-i-vetem-per-liberalizimin-e-vizave\\\/\",\"name\":\"Ministria e Brendshme, problem i vet\u00ebm p\u00ebr liberalizimin e vizave - FjALA e LIR\u00cb - Arkivi\",\"isPartOf\":{\"@id\":\"https:\\\/\\\/fjala.info\\\/2009-2015\\\/#website\"},\"primaryImageOfPage\":{\"@id\":\"https:\\\/\\\/fjala.info\\\/2009-2015\\\/ministria-e-brendshme-problem-i-vetem-per-liberalizimin-e-vizave\\\/#primaryimage\"},\"image\":{\"@id\":\"https:\\\/\\\/fjala.info\\\/2009-2015\\\/ministria-e-brendshme-problem-i-vetem-per-liberalizimin-e-vizave\\\/#primaryimage\"},\"thumbnailUrl\":\"http:\\\/\\\/www.shkoder.net\\\/images\\\/fjala\\\/mero_baze1.jpg\",\"datePublished\":\"2010-04-12T22:53:16+00:00\",\"breadcrumb\":{\"@id\":\"https:\\\/\\\/fjala.info\\\/2009-2015\\\/ministria-e-brendshme-problem-i-vetem-per-liberalizimin-e-vizave\\\/#breadcrumb\"},\"inLanguage\":\"sq-AL\",\"potentialAction\":[{\"@type\":\"ReadAction\",\"target\":[\"https:\\\/\\\/fjala.info\\\/2009-2015\\\/ministria-e-brendshme-problem-i-vetem-per-liberalizimin-e-vizave\\\/\"]}]},{\"@type\":\"ImageObject\",\"inLanguage\":\"sq-AL\",\"@id\":\"https:\\\/\\\/fjala.info\\\/2009-2015\\\/ministria-e-brendshme-problem-i-vetem-per-liberalizimin-e-vizave\\\/#primaryimage\",\"url\":\"http:\\\/\\\/www.shkoder.net\\\/images\\\/fjala\\\/mero_baze1.jpg\",\"contentUrl\":\"http:\\\/\\\/www.shkoder.net\\\/images\\\/fjala\\\/mero_baze1.jpg\"},{\"@type\":\"BreadcrumbList\",\"@id\":\"https:\\\/\\\/fjala.info\\\/2009-2015\\\/ministria-e-brendshme-problem-i-vetem-per-liberalizimin-e-vizave\\\/#breadcrumb\",\"itemListElement\":[{\"@type\":\"ListItem\",\"position\":1,\"name\":\"Home\",\"item\":\"https:\\\/\\\/fjala.info\\\/2009-2015\\\/\"},{\"@type\":\"ListItem\",\"position\":2,\"name\":\"Ministria e Brendshme, problem i vet\u00ebm p\u00ebr liberalizimin e vizave\"}]},{\"@type\":\"WebSite\",\"@id\":\"https:\\\/\\\/fjala.info\\\/2009-2015\\\/#website\",\"url\":\"https:\\\/\\\/fjala.info\\\/2009-2015\\\/\",\"name\":\"FjALA e LIR\u00cb - Arkivi\",\"description\":\"Arkivi 2009-2015\",\"publisher\":{\"@id\":\"https:\\\/\\\/fjala.info\\\/2009-2015\\\/#organization\"},\"potentialAction\":[{\"@type\":\"SearchAction\",\"target\":{\"@type\":\"EntryPoint\",\"urlTemplate\":\"https:\\\/\\\/fjala.info\\\/2009-2015\\\/?s={search_term_string}\"},\"query-input\":{\"@type\":\"PropertyValueSpecification\",\"valueRequired\":true,\"valueName\":\"search_term_string\"}}],\"inLanguage\":\"sq-AL\"},{\"@type\":\"Organization\",\"@id\":\"https:\\\/\\\/fjala.info\\\/2009-2015\\\/#organization\",\"name\":\"FjALA e LIR\u00cb - Arkivi\",\"url\":\"https:\\\/\\\/fjala.info\\\/2009-2015\\\/\",\"logo\":{\"@type\":\"ImageObject\",\"inLanguage\":\"sq-AL\",\"@id\":\"https:\\\/\\\/fjala.info\\\/2009-2015\\\/#\\\/schema\\\/logo\\\/image\\\/\",\"url\":\"\",\"contentUrl\":\"\",\"caption\":\"FjALA e LIR\u00cb - Arkivi\"},\"image\":{\"@id\":\"https:\\\/\\\/fjala.info\\\/2009-2015\\\/#\\\/schema\\\/logo\\\/image\\\/\"}},{\"@type\":\"Person\",\"@id\":\"https:\\\/\\\/fjala.info\\\/2009-2015\\\/#\\\/schema\\\/person\\\/3aa1163ef05469c496fc94e77611ada2\",\"name\":\"admin\",\"image\":{\"@type\":\"ImageObject\",\"inLanguage\":\"sq-AL\",\"@id\":\"https:\\\/\\\/fjala.info\\\/2009-2015\\\/wp-content\\\/uploads\\\/2012\\\/02\\\/arben_cokaj-120x150.jpg\",\"url\":\"https:\\\/\\\/fjala.info\\\/2009-2015\\\/wp-content\\\/uploads\\\/2012\\\/02\\\/arben_cokaj-120x150.jpg\",\"contentUrl\":\"https:\\\/\\\/fjala.info\\\/2009-2015\\\/wp-content\\\/uploads\\\/2012\\\/02\\\/arben_cokaj-120x150.jpg\",\"caption\":\"admin\"},\"description\":\"Admin, Fjala e Lir\u00eb\",\"sameAs\":[\"https:\\\/\\\/fjala.info\\\/\"],\"url\":\"https:\\\/\\\/fjala.info\\\/2009-2015\\\/author\\\/admin\\\/\"}]}<\/script>\n<!-- \/ Yoast SEO plugin. -->","yoast_head_json":{"title":"Ministria e Brendshme, problem i vet\u00ebm p\u00ebr liberalizimin e vizave - FjALA e LIR\u00cb - Arkivi","robots":{"index":"index","follow":"follow","max-snippet":"max-snippet:-1","max-image-preview":"max-image-preview:large","max-video-preview":"max-video-preview:-1"},"canonical":"https:\/\/fjala.info\/2009-2015\/ministria-e-brendshme-problem-i-vetem-per-liberalizimin-e-vizave\/","og_locale":"sq_AL","og_type":"article","og_title":"Ministria e Brendshme, problem i vet\u00ebm p\u00ebr liberalizimin e vizave - FjALA e LIR\u00cb - Arkivi","og_description":"Nga Mero Baze, &#8220;Faktori Plus&#8221; Qeveria shqiptare ka ende probleme me plot\u00ebsimin e kushteve teknike p\u00ebr liberalizimin e vizave, dhe konkretisht me bllokun e kushteve q\u00eb ka t\u00eb b\u00ebj\u00eb me sigurin\u00eb e kufijve dhe luft\u00ebn kund\u00ebr trafikut t\u00eb drog\u00ebs dhe qenieve njer\u00ebzore. Sipas ekspert\u00ebve t\u00eb Komisionit Evropian, Shqip\u00ebria vazhdon t\u00eb p\u00ebrfaq\u00ebsoj\u00eb nj\u00eb vend origjine dhe [&hellip;]","og_url":"https:\/\/fjala.info\/2009-2015\/ministria-e-brendshme-problem-i-vetem-per-liberalizimin-e-vizave\/","og_site_name":"FjALA e LIR\u00cb - Arkivi","article_published_time":"2010-04-12T22:53:16+00:00","og_image":[{"url":"http:\/\/www.shkoder.net\/images\/fjala\/mero_baze1.jpg","type":"","width":"","height":""}],"author":"admin","twitter_card":"summary_large_image","twitter_misc":{"Written by":"admin","Est. reading time":"3 minutes"},"schema":{"@context":"https:\/\/schema.org","@graph":[{"@type":"Article","@id":"https:\/\/fjala.info\/2009-2015\/ministria-e-brendshme-problem-i-vetem-per-liberalizimin-e-vizave\/#article","isPartOf":{"@id":"https:\/\/fjala.info\/2009-2015\/ministria-e-brendshme-problem-i-vetem-per-liberalizimin-e-vizave\/"},"author":{"name":"admin","@id":"https:\/\/fjala.info\/2009-2015\/#\/schema\/person\/3aa1163ef05469c496fc94e77611ada2"},"headline":"Ministria e Brendshme, problem i vet\u00ebm p\u00ebr liberalizimin e vizave","datePublished":"2010-04-12T22:53:16+00:00","mainEntityOfPage":{"@id":"https:\/\/fjala.info\/2009-2015\/ministria-e-brendshme-problem-i-vetem-per-liberalizimin-e-vizave\/"},"wordCount":690,"commentCount":0,"publisher":{"@id":"https:\/\/fjala.info\/2009-2015\/#organization"},"image":{"@id":"https:\/\/fjala.info\/2009-2015\/ministria-e-brendshme-problem-i-vetem-per-liberalizimin-e-vizave\/#primaryimage"},"thumbnailUrl":"http:\/\/www.shkoder.net\/images\/fjala\/mero_baze1.jpg","articleSection":["Artikuj"],"inLanguage":"sq-AL","potentialAction":[{"@type":"CommentAction","name":"Comment","target":["https:\/\/fjala.info\/2009-2015\/ministria-e-brendshme-problem-i-vetem-per-liberalizimin-e-vizave\/#respond"]}]},{"@type":"WebPage","@id":"https:\/\/fjala.info\/2009-2015\/ministria-e-brendshme-problem-i-vetem-per-liberalizimin-e-vizave\/","url":"https:\/\/fjala.info\/2009-2015\/ministria-e-brendshme-problem-i-vetem-per-liberalizimin-e-vizave\/","name":"Ministria e Brendshme, problem i vet\u00ebm p\u00ebr liberalizimin e vizave - FjALA e LIR\u00cb - Arkivi","isPartOf":{"@id":"https:\/\/fjala.info\/2009-2015\/#website"},"primaryImageOfPage":{"@id":"https:\/\/fjala.info\/2009-2015\/ministria-e-brendshme-problem-i-vetem-per-liberalizimin-e-vizave\/#primaryimage"},"image":{"@id":"https:\/\/fjala.info\/2009-2015\/ministria-e-brendshme-problem-i-vetem-per-liberalizimin-e-vizave\/#primaryimage"},"thumbnailUrl":"http:\/\/www.shkoder.net\/images\/fjala\/mero_baze1.jpg","datePublished":"2010-04-12T22:53:16+00:00","breadcrumb":{"@id":"https:\/\/fjala.info\/2009-2015\/ministria-e-brendshme-problem-i-vetem-per-liberalizimin-e-vizave\/#breadcrumb"},"inLanguage":"sq-AL","potentialAction":[{"@type":"ReadAction","target":["https:\/\/fjala.info\/2009-2015\/ministria-e-brendshme-problem-i-vetem-per-liberalizimin-e-vizave\/"]}]},{"@type":"ImageObject","inLanguage":"sq-AL","@id":"https:\/\/fjala.info\/2009-2015\/ministria-e-brendshme-problem-i-vetem-per-liberalizimin-e-vizave\/#primaryimage","url":"http:\/\/www.shkoder.net\/images\/fjala\/mero_baze1.jpg","contentUrl":"http:\/\/www.shkoder.net\/images\/fjala\/mero_baze1.jpg"},{"@type":"BreadcrumbList","@id":"https:\/\/fjala.info\/2009-2015\/ministria-e-brendshme-problem-i-vetem-per-liberalizimin-e-vizave\/#breadcrumb","itemListElement":[{"@type":"ListItem","position":1,"name":"Home","item":"https:\/\/fjala.info\/2009-2015\/"},{"@type":"ListItem","position":2,"name":"Ministria e Brendshme, problem i vet\u00ebm p\u00ebr liberalizimin e vizave"}]},{"@type":"WebSite","@id":"https:\/\/fjala.info\/2009-2015\/#website","url":"https:\/\/fjala.info\/2009-2015\/","name":"FjALA e LIR\u00cb - Arkivi","description":"Arkivi 2009-2015","publisher":{"@id":"https:\/\/fjala.info\/2009-2015\/#organization"},"potentialAction":[{"@type":"SearchAction","target":{"@type":"EntryPoint","urlTemplate":"https:\/\/fjala.info\/2009-2015\/?s={search_term_string}"},"query-input":{"@type":"PropertyValueSpecification","valueRequired":true,"valueName":"search_term_string"}}],"inLanguage":"sq-AL"},{"@type":"Organization","@id":"https:\/\/fjala.info\/2009-2015\/#organization","name":"FjALA e LIR\u00cb - Arkivi","url":"https:\/\/fjala.info\/2009-2015\/","logo":{"@type":"ImageObject","inLanguage":"sq-AL","@id":"https:\/\/fjala.info\/2009-2015\/#\/schema\/logo\/image\/","url":"","contentUrl":"","caption":"FjALA e LIR\u00cb - Arkivi"},"image":{"@id":"https:\/\/fjala.info\/2009-2015\/#\/schema\/logo\/image\/"}},{"@type":"Person","@id":"https:\/\/fjala.info\/2009-2015\/#\/schema\/person\/3aa1163ef05469c496fc94e77611ada2","name":"admin","image":{"@type":"ImageObject","inLanguage":"sq-AL","@id":"https:\/\/fjala.info\/2009-2015\/wp-content\/uploads\/2012\/02\/arben_cokaj-120x150.jpg","url":"https:\/\/fjala.info\/2009-2015\/wp-content\/uploads\/2012\/02\/arben_cokaj-120x150.jpg","contentUrl":"https:\/\/fjala.info\/2009-2015\/wp-content\/uploads\/2012\/02\/arben_cokaj-120x150.jpg","caption":"admin"},"description":"Admin, Fjala e Lir\u00eb","sameAs":["https:\/\/fjala.info\/"],"url":"https:\/\/fjala.info\/2009-2015\/author\/admin\/"}]}},"_links":{"self":[{"href":"https:\/\/fjala.info\/2009-2015\/wp-json\/wp\/v2\/posts\/2200","targetHints":{"allow":["GET"]}}],"collection":[{"href":"https:\/\/fjala.info\/2009-2015\/wp-json\/wp\/v2\/posts"}],"about":[{"href":"https:\/\/fjala.info\/2009-2015\/wp-json\/wp\/v2\/types\/post"}],"author":[{"embeddable":true,"href":"https:\/\/fjala.info\/2009-2015\/wp-json\/wp\/v2\/users\/1"}],"replies":[{"embeddable":true,"href":"https:\/\/fjala.info\/2009-2015\/wp-json\/wp\/v2\/comments?post=2200"}],"version-history":[{"count":0,"href":"https:\/\/fjala.info\/2009-2015\/wp-json\/wp\/v2\/posts\/2200\/revisions"}],"wp:attachment":[{"href":"https:\/\/fjala.info\/2009-2015\/wp-json\/wp\/v2\/media?parent=2200"}],"wp:term":[{"taxonomy":"category","embeddable":true,"href":"https:\/\/fjala.info\/2009-2015\/wp-json\/wp\/v2\/categories?post=2200"},{"taxonomy":"post_tag","embeddable":true,"href":"https:\/\/fjala.info\/2009-2015\/wp-json\/wp\/v2\/tags?post=2200"}],"curies":[{"name":"wp","href":"https:\/\/api.w.org\/{rel}","templated":true}]}}