{"id":2197,"date":"2010-04-12T23:50:36","date_gmt":"2010-04-12T22:50:36","guid":{"rendered":"http:\/\/fjala.shkoder.net\/?p=2197"},"modified":"2010-04-12T23:50:36","modified_gmt":"2010-04-12T22:50:36","slug":"guximi-qytetar-dhe-liria-politike","status":"publish","type":"post","link":"https:\/\/fjala.info\/2009-2015\/guximi-qytetar-dhe-liria-politike\/","title":{"rendered":"Guximi qytetar dhe liria politike"},"content":{"rendered":"<p>nga <strong>Bardhyl Mahmuti<\/strong>, <em>12 Prill 2010 <\/em><\/p>\n<p>Duke e konsideruar veten si trash\u00ebgimtare e vlerave t\u00eb Greqis\u00eb antike dhe duke u identifikuar me k\u00ebto vlera, historian\u00ebt e mendimit politik t\u00eb per\u00ebndimit nj\u00eb v\u00ebmendje t\u00eb ve\u00e7ant\u00eb i kushtojn\u00eb reformave politik\u00eb q\u00eb mund\u00ebsuan kalimin nga qeverisja tiranike n\u00eb at\u00eb demokratike. P\u00ebrshkrimi i funksionimit t\u00eb institucioneve t\u00eb shtetit t\u00eb Athin\u00ebs zen nj\u00eb vend t\u00eb r\u00ebnd\u00ebsish\u00ebm n\u00eb k\u00ebt\u00eb qasje. P\u00ebrkund\u00ebr v\u00ebrejtjeve q\u00eb i b\u00ebhen t\u00eb drejtave t\u00eb kufizuara demokratike n\u00eb at\u00eb koh\u00eb, q\u00eb nuk p\u00ebrfshinin femrat dhe skllev\u00ebrit, theks i ve\u00e7ant\u00eb n\u00eb k\u00ebt\u00eb p\u00ebrshkrim lidhet me numrin e pjes\u00ebmarr\u00ebsve n\u00eb k\u00ebto institucione.<\/p>\n<p style=\"text-align: center;\"><img decoding=\"async\" style=\"margin-left: 10px; margin-right: 10px; border: 0px;\" src=\"http:\/\/www.shkoder.net\/images\/fjala\/2010\/bardhyl_mahmuti.jpg\" border=\"0\" alt=\"Bardhyl Mahmuti\" width=\"450\" \/><\/p>\n<p>Q\u00ebllimi i k\u00ebtij shkrimi nuk \u00ebsht\u00eb t\u00eb sjell p\u00ebr lexuesin funksionimin e k\u00ebtyre institucioneve. Do t\u00eb kufizohem q\u00ebllimisht vet\u00ebm n\u00eb nj\u00eb shembull: n\u00eb Kuvendin Popullor (Eklesia). N\u00eb k\u00ebt\u00eb organ ku nxirreshin ligjet, zgjidheshin p\u00ebrfaq\u00ebsuesit e institucioneve tjera etj. Ligjet votoheshin n\u00eb prezenc\u00eb t\u00eb rreth 5000-6000 qytetar\u00ebsh. \u00c7do qytetar kishte t\u00eb drejt\u00eb t\u00eb propozoj\u00eb ligje dhe t\u00eb p\u00ebrpiqet t\u00eb bind shumic\u00ebn e t\u00eb pranishm\u00ebve q\u00eb ta mb\u00ebshtesin.<\/p>\n<p>T\u00eb gjitha ata q\u00eb nuk pajtoheshin me propozim ligjin kund\u00ebrshtonin hapur dhe sillnin argumentet e tyre. Askush nuk kishte frik\u00eb q\u00eb t\u00eb shprehte mendimet e veta. Nuk kishte frike nga p\u00ebrshtypja se tjetrit mund t\u2019i mbetej hatri n\u00ebse nuk e mb\u00ebshteste. Votohej haptas pa pasur asnj\u00eb frik\u00eb! Zgjedhja e p\u00ebrfaq\u00ebsuesve p\u00ebr institucionet tjera b\u00ebhej publikisht, me vot\u00eb t\u00eb hapur. Madje, n\u00eb disa raste p\u00ebrdorej edhe t\u00ebrheqja e shortit p\u00ebr t\u00eb em\u00ebruar ndonj\u00ebrin n\u00eb postet ku\u00e7e! Fakti se \u00e7do qytetar mund t\u00eb k\u00ebrkonte publikisht dhe n\u00eb \u00e7do koh\u00eb shkarkimin e p\u00ebrfaq\u00ebsuesit t\u00eb caktuar t\u00eb institucioneve q\u00eb nuk p\u00ebrmbushte zotimet e dh\u00ebna krijoi nj\u00eb p\u00ebrgjegj\u00ebsi t\u00eb madhe qytetare.<\/p>\n<p>Veprimi praktik ishte nj\u00ebsi mat\u00ebse p\u00ebr \u00e7do p\u00ebrfaq\u00ebsues t\u00eb institucioneve. Mos p\u00ebrmbushja e angazhimeve q\u00eb lidhen me funksionin e caktuar kishte reagimin e menj\u00ebhersh\u00ebm: k\u00ebrkes\u00ebn publike p\u00ebr largimin e tij. Askujt nuk i vinte \u201cturp\u201d t\u2019i marr\u00eb publikisht mandatin p\u00ebrfaq\u00ebsuesit q\u00eb e kishte mb\u00ebshtetur m\u00eb par\u00eb dhe q\u00eb nuk kishte respektuar angazhimet e veta n\u00eb interes t\u00eb qytetar\u00ebve!<\/p>\n<p>Ky guxim i qytetar\u00ebve krijoi nj\u00eb form\u00eb t\u00eb komunikimit ku konfrontimi i ideve zhvilloi mendimin filozofik dhe format tjera t\u00eb mendimit q\u00eb shum\u00eb shekuj m\u00eb von\u00eb, n\u00eb periudh\u00ebn e Rilindjes komb\u00ebtare, per\u00ebndimi do t\u00eb identifikohet me k\u00ebto vlera dhe do t\u2019i vendos\u00eb n\u00eb themelet e nd\u00ebrtimit t\u00eb epok\u00ebs s\u00eb re. Fatkeq\u00ebsisht, rob\u00ebrimi shpirt\u00ebror gjat\u00eb nj\u00eb periudhe t\u00eb gjat\u00eb historike, q\u00eb tejkalon periudh\u00ebn e mesjet\u00ebs, b\u00ebri q\u00eb ku guxim qytetar t\u00eb humbet pesh\u00ebn q\u00eb e kishte. Vendin e debateve dhe konfrontimeve t\u00eb ideve zuri n\u00ebnshtrimi total ndaj bart\u00ebsve t\u00eb institucioneve t\u00eb asaj kohe.<\/p>\n<p>Raportet shoq\u00ebrore u p\u00ebrmbys\u00ebn deri n\u00eb at\u00eb shkall\u00eb sa edhe n\u00ebn gijotin\u00eb t\u00eb d\u00ebgjohen britmat e viktimave t\u00eb tiranis\u00eb: Rroft\u00eb Mbreti! Mund t\u00eb ilustrohet me shembuj t\u00eb shumt\u00eb ku njer\u00ebzit lidhen verb\u00ebrisht pas \u201cliderit\u201d, edhe n\u00eb rastet kur lideri vepron n\u00eb kund\u00ebrshtim t\u00eb plot\u00eb me interesat e adhuruesve t\u00eb vet! I l\u00eb t\u00eb lir\u00eb lexuesit ta ilustroj\u00eb me shembujt q\u00eb atij i duken m\u00eb dometh\u00ebn\u00ebs.<\/p>\n<p>Konkluzioni do t\u00eb jet\u00eb i nj\u00ebjt\u00eb: Rob\u00ebrimi shpirt\u00ebror ndaj liderit \u00ebsht\u00eb aq i madh sa qytetari i lir\u00eb i demokracis\u00eb antike, 2500 vjet m\u00eb par\u00eb, nuk do t\u00eb kishte mundur ta imagjinoj\u00eb! P\u00ebr derisa te popujt tjer\u00eb rob\u00ebrimi shpirt\u00ebror \u00ebsht\u00eb instaluar p\u00ebrmes formave t\u00eb ndryshme, te shqiptar\u00ebt \u201cdh\u00ebnia e bes\u00ebs\u201d ka sh\u00ebrbyer, n\u00eb k\u00ebt\u00eb dukuri, si mekaniz\u00ebm rob\u00ebrimi. Shprehja e njohur popullore \u201cLopa lidhet p\u00ebr brir\u00ebsh e burri p\u00ebr fjale!\u201d \u00ebsht\u00eb dometh\u00ebn\u00ebse n\u00eb k\u00ebt\u00eb kuptim. P\u00ebr shqiptarin, dh\u00ebnia e fjal\u00ebs nj\u00eb lideri, nj\u00eb partie etj. \u00ebsht\u00eb b\u00ebr\u00eb penges\u00eb p\u00ebr lirin\u00eb e tij shpirt\u00ebrore.<\/p>\n<p>Edhe n\u00eb rastet e kur sheh se partia apo lideri pas t\u00eb cilit \u201c\u00ebsht\u00eb lidhur\u201d vepron n\u00eb kund\u00ebrshtim t\u00eb plot\u00eb me interesat e tij dhe n\u00eb kund\u00ebrshtim me premtimet elektorale ai shtr\u00ebngohet, me vuajtje t\u00eb m\u00ebdha shpirt\u00ebrore, t\u00eb arsyetoj\u00eb t\u00eb pa arsyeshmen! Dalja nga kjo situat\u00eb paradoksale k\u00ebrkon nj\u00eb guxim t\u00eb madh qytetar. K\u00ebrkon vet\u00ebdijesim se nuk \u00ebsht\u00eb turp t\u2019i kthehet shpina atij q\u00eb nuk ka turp t\u00eb na g\u00ebnjej p\u00ebr interesa t\u00eb ngushta personale apo grupore. Problemet tona jan\u00eb politike dhe duhet t\u00eb zgjidhen me mjete politike. Lirin\u00eb politike mund ta realizojn\u00eb vet\u00ebm njer\u00ebzit q\u00eb shpirt\u00ebrisht jan\u00eb t\u00eb lir\u00eb!<\/p>\n<p>Pa ringjalljen e guximit qytetar t\u00eb gjitha ushtrit\u00eb \u00e7lirimtare s\u00eb bashku nuk mund ta \u00e7lirojn\u00eb shpirtin e rob\u00ebruar. Megjithat\u00eb, \u00e7lirimi shpirt\u00ebror \u00ebsht\u00eb i mundsh\u00ebm. Nuk k\u00ebrkon t\u00eb b\u00ebjm\u00eb asgj\u00eb kund\u00ebr atyre q\u00eb keqp\u00ebrdor\u00ebn besimin e popullit. Mjafton t\u00eb mos b\u00ebjm\u00eb asgj\u00eb p\u00ebr ta! Mjafton t\u00eb mos ua japim besimin m\u00eb!<\/p>\n<p><strong>Metamorfoza e Presidentit Obama<\/strong><\/p>\n<p><strong>Sergio Romano<\/strong><\/p>\n<p><em><strong>Kund\u00ebrshtar\u00ebt e reform\u00ebs t\u00eb vendosur p\u00ebr hakmarrje n\u00eb n\u00ebntor<\/strong><\/em><\/p>\n<p>Shtetet e Bashkuara ka disa jav\u00eb q\u00eb kan\u00eb nj\u00eb President t\u00eb ri, ose t\u00eb pakt\u00ebn nj\u00eb mish\u00ebrim disi ndryshe t\u00eb personit t\u00eb zgjedhur n\u00eb Sht\u00ebpin\u00eb e Bardh\u00eb n\u00eb n\u00ebntor t\u00eb vitit 2008. Obama sot paraqitet m\u00eb pak intelektual, m\u00eb pak pajtues dhe m\u00eb pak i gatsh\u00ebm t\u00eb ofrojn\u00eb dor\u00ebn e tij p\u00ebr kund\u00ebrshtarin. Ai \u00ebsht\u00eb b\u00ebr\u00eb i vrazhd\u00eb dhe agresiv. Ka anuluar samitin tradicional midis SHBA-ve dhe Bashkimit Europian. Ka nd\u00ebrprer\u00eb nj\u00eb bised\u00eb me kryeministrin Izraelit, vet\u00ebm p\u00ebr t\u00eb shkuar n\u00eb nj\u00eb drek\u00eb. Ai ka pasur biseda telefonike me lider\u00ebt e tjer\u00eb politik\u00eb, t\u00eb cil\u00ebt thirr\u00ebn \u201ct\u00eb qar\u00ebt\u201d (termi i preferuar nga diplomacia kur ka p\u00ebr t\u00eb p\u00ebrshkruar nj\u00eb p\u00ebrplasje politike n\u00eb mes njer\u00ebzve t\u00eb cil\u00ebt kan\u00eb mendime t\u00eb ndryshme).<\/p>\n<p>Mbi t\u00eb gjitha ka zhg\u00ebnjyer votuesit e tij ambientalist\u00eb, duke dh\u00ebn\u00eb leje p\u00ebr fillim-shpimin e puseve t\u00eb reja t\u00eb naft\u00ebs n\u00eb zonat e mbrojtura, \u00e7ka edhe paraardh\u00ebsi i tij presidenti Bush nuk kishte guxuar ta b\u00ebnte. A \u00ebsht\u00eb Obama i v\u00ebrtet\u00eb, ky q\u00eb ka hequr deviz\u00ebn liberale me t\u00eb cil\u00ebn \u00ebsht\u00eb paraqitur shoq\u00ebris\u00eb n\u00eb vend? Apo kemi t\u00eb b\u00ebjm\u00eb me nj\u00eb faz\u00eb kalimtare t\u00eb diktuar nga rrethanat?<\/p>\n<p>\u00cbsht\u00eb e mundur q\u00eb origjina e k\u00ebsaj metamorfoze t\u00eb jet\u00eb pasoja e udh\u00ebtimit t\u00eb gjat\u00eb t\u00eb reform\u00ebs s\u00eb \u201ckujdesit sh\u00ebndet\u00ebsor\u201d n\u00ebp\u00ebrmjet Kongresit. Ka qen\u00eb nj\u00eb koh\u00eb kur dukej se beteja dukej e humbur. Por presidenti Obama arriti t\u00eb kthej\u00eb rrjedh\u00ebn e ngjarjeve, duke fshir\u00eb \u00e7do p\u00ebrpjekje tjet\u00ebr p\u00ebr \u00e7\u00ebshtje t\u00eb tjera, dhe i \u00ebsht\u00eb p\u00ebrkushtuar t\u00ebr\u00ebsisht \u00e7\u00ebshtjes q\u00eb kishte m\u00eb shum\u00eb p\u00ebrzem\u00ebr.<\/p>\n<p>N\u00eb fund Ai fitoi, n\u00eb saje edhe t\u00eb mb\u00ebshtetjes p\u00ebrcaktuese t\u00eb spikeres Nancy Pelosi, Kryetare e Dhom\u00ebs s\u00eb P\u00ebrfaq\u00ebsuesve, dhe fal\u00eb nj\u00eb serie negociatash q\u00eb e kan\u00eb dob\u00ebsuar r\u00ebnd\u00eb q\u00ebllimin e projektit origjinal t\u00eb tij. Gjithsesi nuk \u00ebsht\u00eb arritur t\u00eb goditet fronti solid republikan, dhe tashm\u00eb kund\u00ebrshtar\u00ebt e shumt\u00eb t\u00eb reform\u00ebs (t\u00eb miratuar) jan\u00eb t\u00eb vendosur p\u00ebr hakmarrje n\u00eb zgjedhjet e n\u00ebntorit, kur amerikan\u00ebt votojn\u00eb p\u00ebr z\u00ebvend\u00ebsimin e pjessh\u00ebm t\u00eb Kongresit.<\/p>\n<p>Nuk \u00ebsht\u00eb e mjaftueshme. Obama e di se neo-konservator\u00ebt kan\u00eb dal\u00eb tashm\u00eb nga hija dhe jan\u00eb duke organizuar nj\u00eb sulm vdekjeprur\u00ebs mbi politik\u00ebn e tij t\u00eb jashtme. Do t\u2019i kujtojn\u00eb, me nj\u00eb k\u00ebnaq\u00ebsi t\u00eb qart\u00eb, se nisma e tij nd\u00ebrkomb\u00ebtare nuk kan\u00eb pasur ndonj\u00eb efekt t\u00eb madh. Operacionet ushtarake n\u00eb Afganistan kan\u00eb prodhuar disa suksese, por nuk kan\u00eb goditur kurr\u00eb n\u00eb zem\u00ebr t\u00eb krer\u00ebve taleban\u00eb. N\u00eb Pakistan dhe Irak terrorizmi vazhdon t\u00eb mbjell\u00eb terror dhe viktima. N\u00eb Iran regjimit nuk \u00ebsht\u00eb m\u00eb i k\u00ebrc\u00ebnuar nga opozita dhe tani vazhdon t\u00eb ndjek\u00eb nj\u00eb politik\u00eb b\u00ebrthamore q\u00eb Amerika e konsideron t\u00eb patolerueshme.<\/p>\n<p>Por, kapitulli m\u00eb i dhimbsh\u00ebm i politik\u00ebs s\u00eb jashtme t\u00eb p\u00ebruruar nga Presidenti mbetet Izraeli. Po k\u00ebshtu Neo-konservator\u00ebt republikan\u00eb akuzojn\u00eb presidentin Obama se ka tradhtuar mikun e tij m\u00eb t\u00eb mir\u00eb n\u00eb Lindjen e Mesme. Kurse liberal\u00ebt e akuzojn\u00eb at\u00eb se nuk ka qen\u00eb aq sa duhet energjik me nj\u00eb qeveri izraelite, q\u00eb ka refuzuar sistematikisht n\u00eb fush\u00ebn e vendbanimeve, k\u00ebrkesat e Uashingtonit.<\/p>\n<p>N\u00eb vend q\u00eb t\u00eb luftonte p\u00ebr t\u2019u mbrojtur, Obama ka vendosur t\u00eb kund\u00ebrsulmoj\u00eb me shpres\u00ebn e nj\u00eb ark\u00ebtimi t\u00eb sukseseve, \u00e7ka do t\u2019i mund\u00ebsonte atij t\u00eb p\u00ebrballej n\u00eb pozicionet m\u00eb t\u00eb mira n\u00eb testin zgjedhor t\u00eb n\u00ebntorit. Ai ka n\u00ebnshkruar n\u00eb Prag\u00eb me presidentit rus Dmitri Medvedev nj\u00eb traktat p\u00ebr kufizimin e arm\u00ebve b\u00ebrthamore. Do t\u00eb p\u00ebrpiqet t\u00eb bind\u00eb Kin\u00ebn dhe Rusin\u00eb p\u00ebr t\u00eb pranuar nj\u00eb paket\u00eb t\u00eb sanksioneve kund\u00ebr Iranit. Do t\u00eb vazhdoj\u00eb t\u00eb ushtroj\u00eb nj\u00eb presion mbi Izraelin q\u00eb t\u00eb b\u00ebj\u00eb nj\u00eb marr\u00ebveshje me Sirin\u00eb. Por ka shum\u00eb probabilitete q\u00eb faktori vendimtar, nga ku varet rezultati i zgjedhjeve t\u00eb n\u00ebntorit, t\u00eb jet\u00eb gjendja e ekonomis\u00eb.<\/p>\n<p>N\u00ebse sinjalet e mira do t\u00eb konfirmohen, Presidenti do t\u00eb ket\u00eb nj\u00eb shans t\u00eb mir\u00eb p\u00ebr t\u00eb dal\u00eb nga zgjedhjet me kok\u00ebn lart. N\u00ebse sh\u00ebrimi do t\u00eb jet\u00eb i brisht\u00eb dhe ekonomia nuk do t\u00eb b\u00ebj\u00eb hapa para, at\u00ebher\u00eb asnj\u00eb sukses nd\u00ebrkomb\u00ebtar s\u2019mund t\u00eb mbuloj\u00eb faktin se republikan\u00ebt do t\u00eb ken\u00eb shumic\u00ebn n\u00eb kongres.<\/p>\n<p><em>Revista italiane \u201cPanorama\u201d<\/em><\/p>\n","protected":false},"excerpt":{"rendered":"<p>nga Bardhyl Mahmuti, 12 Prill 2010 Duke e konsideruar veten si trash\u00ebgimtare e vlerave t\u00eb Greqis\u00eb antike dhe duke u identifikuar me k\u00ebto vlera, historian\u00ebt e mendimit politik t\u00eb per\u00ebndimit nj\u00eb v\u00ebmendje t\u00eb ve\u00e7ant\u00eb i kushtojn\u00eb reformave politik\u00eb q\u00eb mund\u00ebsuan kalimin nga qeverisja tiranike n\u00eb at\u00eb demokratike. P\u00ebrshkrimi i funksionimit t\u00eb institucioneve t\u00eb shtetit t\u00eb [&hellip;]<\/p>\n","protected":false},"author":1,"featured_media":0,"comment_status":"open","ping_status":"closed","sticky":false,"template":"","format":"standard","meta":{"footnotes":""},"categories":[2],"tags":[],"class_list":{"0":"post-2197","1":"post","2":"type-post","3":"status-publish","4":"format-standard","6":"category-artikuj"},"yoast_head":"<!-- This site is optimized with the Yoast SEO plugin v27.4 - https:\/\/yoast.com\/product\/yoast-seo-wordpress\/ -->\n<title>Guximi qytetar dhe liria politike - FjALA e LIR\u00cb - Arkivi<\/title>\n<meta name=\"robots\" content=\"index, follow, max-snippet:-1, max-image-preview:large, max-video-preview:-1\" \/>\n<link rel=\"canonical\" href=\"https:\/\/fjala.info\/2009-2015\/guximi-qytetar-dhe-liria-politike\/\" \/>\n<meta property=\"og:locale\" content=\"sq_AL\" \/>\n<meta property=\"og:type\" content=\"article\" \/>\n<meta property=\"og:title\" content=\"Guximi qytetar dhe liria politike - FjALA e LIR\u00cb - Arkivi\" \/>\n<meta property=\"og:description\" content=\"nga Bardhyl Mahmuti, 12 Prill 2010 Duke e konsideruar veten si trash\u00ebgimtare e vlerave t\u00eb Greqis\u00eb antike dhe duke u identifikuar me k\u00ebto vlera, historian\u00ebt e mendimit politik t\u00eb per\u00ebndimit nj\u00eb v\u00ebmendje t\u00eb ve\u00e7ant\u00eb i kushtojn\u00eb reformave politik\u00eb q\u00eb mund\u00ebsuan kalimin nga qeverisja tiranike n\u00eb at\u00eb demokratike. P\u00ebrshkrimi i funksionimit t\u00eb institucioneve t\u00eb shtetit t\u00eb [&hellip;]\" \/>\n<meta property=\"og:url\" content=\"https:\/\/fjala.info\/2009-2015\/guximi-qytetar-dhe-liria-politike\/\" \/>\n<meta property=\"og:site_name\" content=\"FjALA e LIR\u00cb - Arkivi\" \/>\n<meta property=\"article:published_time\" content=\"2010-04-12T22:50:36+00:00\" \/>\n<meta property=\"og:image\" content=\"http:\/\/www.shkoder.net\/images\/fjala\/2010\/bardhyl_mahmuti.jpg\" \/>\n<meta name=\"author\" content=\"admin\" \/>\n<meta name=\"twitter:card\" content=\"summary_large_image\" \/>\n<meta name=\"twitter:label1\" content=\"Written by\" \/>\n\t<meta name=\"twitter:data1\" content=\"admin\" \/>\n\t<meta name=\"twitter:label2\" content=\"Est. reading time\" \/>\n\t<meta name=\"twitter:data2\" content=\"8 minutes\" \/>\n<script type=\"application\/ld+json\" class=\"yoast-schema-graph\">{\"@context\":\"https:\\\/\\\/schema.org\",\"@graph\":[{\"@type\":\"Article\",\"@id\":\"https:\\\/\\\/fjala.info\\\/2009-2015\\\/guximi-qytetar-dhe-liria-politike\\\/#article\",\"isPartOf\":{\"@id\":\"https:\\\/\\\/fjala.info\\\/2009-2015\\\/guximi-qytetar-dhe-liria-politike\\\/\"},\"author\":{\"name\":\"admin\",\"@id\":\"https:\\\/\\\/fjala.info\\\/2009-2015\\\/#\\\/schema\\\/person\\\/3aa1163ef05469c496fc94e77611ada2\"},\"headline\":\"Guximi qytetar dhe liria politike\",\"datePublished\":\"2010-04-12T22:50:36+00:00\",\"mainEntityOfPage\":{\"@id\":\"https:\\\/\\\/fjala.info\\\/2009-2015\\\/guximi-qytetar-dhe-liria-politike\\\/\"},\"wordCount\":1668,\"commentCount\":0,\"publisher\":{\"@id\":\"https:\\\/\\\/fjala.info\\\/2009-2015\\\/#organization\"},\"image\":{\"@id\":\"https:\\\/\\\/fjala.info\\\/2009-2015\\\/guximi-qytetar-dhe-liria-politike\\\/#primaryimage\"},\"thumbnailUrl\":\"http:\\\/\\\/www.shkoder.net\\\/images\\\/fjala\\\/2010\\\/bardhyl_mahmuti.jpg\",\"articleSection\":[\"Artikuj\"],\"inLanguage\":\"sq-AL\",\"potentialAction\":[{\"@type\":\"CommentAction\",\"name\":\"Comment\",\"target\":[\"https:\\\/\\\/fjala.info\\\/2009-2015\\\/guximi-qytetar-dhe-liria-politike\\\/#respond\"]}]},{\"@type\":\"WebPage\",\"@id\":\"https:\\\/\\\/fjala.info\\\/2009-2015\\\/guximi-qytetar-dhe-liria-politike\\\/\",\"url\":\"https:\\\/\\\/fjala.info\\\/2009-2015\\\/guximi-qytetar-dhe-liria-politike\\\/\",\"name\":\"Guximi qytetar dhe liria politike - FjALA e LIR\u00cb - Arkivi\",\"isPartOf\":{\"@id\":\"https:\\\/\\\/fjala.info\\\/2009-2015\\\/#website\"},\"primaryImageOfPage\":{\"@id\":\"https:\\\/\\\/fjala.info\\\/2009-2015\\\/guximi-qytetar-dhe-liria-politike\\\/#primaryimage\"},\"image\":{\"@id\":\"https:\\\/\\\/fjala.info\\\/2009-2015\\\/guximi-qytetar-dhe-liria-politike\\\/#primaryimage\"},\"thumbnailUrl\":\"http:\\\/\\\/www.shkoder.net\\\/images\\\/fjala\\\/2010\\\/bardhyl_mahmuti.jpg\",\"datePublished\":\"2010-04-12T22:50:36+00:00\",\"breadcrumb\":{\"@id\":\"https:\\\/\\\/fjala.info\\\/2009-2015\\\/guximi-qytetar-dhe-liria-politike\\\/#breadcrumb\"},\"inLanguage\":\"sq-AL\",\"potentialAction\":[{\"@type\":\"ReadAction\",\"target\":[\"https:\\\/\\\/fjala.info\\\/2009-2015\\\/guximi-qytetar-dhe-liria-politike\\\/\"]}]},{\"@type\":\"ImageObject\",\"inLanguage\":\"sq-AL\",\"@id\":\"https:\\\/\\\/fjala.info\\\/2009-2015\\\/guximi-qytetar-dhe-liria-politike\\\/#primaryimage\",\"url\":\"http:\\\/\\\/www.shkoder.net\\\/images\\\/fjala\\\/2010\\\/bardhyl_mahmuti.jpg\",\"contentUrl\":\"http:\\\/\\\/www.shkoder.net\\\/images\\\/fjala\\\/2010\\\/bardhyl_mahmuti.jpg\"},{\"@type\":\"BreadcrumbList\",\"@id\":\"https:\\\/\\\/fjala.info\\\/2009-2015\\\/guximi-qytetar-dhe-liria-politike\\\/#breadcrumb\",\"itemListElement\":[{\"@type\":\"ListItem\",\"position\":1,\"name\":\"Home\",\"item\":\"https:\\\/\\\/fjala.info\\\/2009-2015\\\/\"},{\"@type\":\"ListItem\",\"position\":2,\"name\":\"Guximi qytetar dhe liria politike\"}]},{\"@type\":\"WebSite\",\"@id\":\"https:\\\/\\\/fjala.info\\\/2009-2015\\\/#website\",\"url\":\"https:\\\/\\\/fjala.info\\\/2009-2015\\\/\",\"name\":\"FjALA e LIR\u00cb - Arkivi\",\"description\":\"Arkivi 2009-2015\",\"publisher\":{\"@id\":\"https:\\\/\\\/fjala.info\\\/2009-2015\\\/#organization\"},\"potentialAction\":[{\"@type\":\"SearchAction\",\"target\":{\"@type\":\"EntryPoint\",\"urlTemplate\":\"https:\\\/\\\/fjala.info\\\/2009-2015\\\/?s={search_term_string}\"},\"query-input\":{\"@type\":\"PropertyValueSpecification\",\"valueRequired\":true,\"valueName\":\"search_term_string\"}}],\"inLanguage\":\"sq-AL\"},{\"@type\":\"Organization\",\"@id\":\"https:\\\/\\\/fjala.info\\\/2009-2015\\\/#organization\",\"name\":\"FjALA e LIR\u00cb - Arkivi\",\"url\":\"https:\\\/\\\/fjala.info\\\/2009-2015\\\/\",\"logo\":{\"@type\":\"ImageObject\",\"inLanguage\":\"sq-AL\",\"@id\":\"https:\\\/\\\/fjala.info\\\/2009-2015\\\/#\\\/schema\\\/logo\\\/image\\\/\",\"url\":\"\",\"contentUrl\":\"\",\"caption\":\"FjALA e LIR\u00cb - Arkivi\"},\"image\":{\"@id\":\"https:\\\/\\\/fjala.info\\\/2009-2015\\\/#\\\/schema\\\/logo\\\/image\\\/\"}},{\"@type\":\"Person\",\"@id\":\"https:\\\/\\\/fjala.info\\\/2009-2015\\\/#\\\/schema\\\/person\\\/3aa1163ef05469c496fc94e77611ada2\",\"name\":\"admin\",\"image\":{\"@type\":\"ImageObject\",\"inLanguage\":\"sq-AL\",\"@id\":\"https:\\\/\\\/fjala.info\\\/2009-2015\\\/wp-content\\\/uploads\\\/2012\\\/02\\\/arben_cokaj-120x150.jpg\",\"url\":\"https:\\\/\\\/fjala.info\\\/2009-2015\\\/wp-content\\\/uploads\\\/2012\\\/02\\\/arben_cokaj-120x150.jpg\",\"contentUrl\":\"https:\\\/\\\/fjala.info\\\/2009-2015\\\/wp-content\\\/uploads\\\/2012\\\/02\\\/arben_cokaj-120x150.jpg\",\"caption\":\"admin\"},\"description\":\"Admin, Fjala e Lir\u00eb\",\"sameAs\":[\"https:\\\/\\\/fjala.info\\\/\"],\"url\":\"https:\\\/\\\/fjala.info\\\/2009-2015\\\/author\\\/admin\\\/\"}]}<\/script>\n<!-- \/ Yoast SEO plugin. -->","yoast_head_json":{"title":"Guximi qytetar dhe liria politike - FjALA e LIR\u00cb - Arkivi","robots":{"index":"index","follow":"follow","max-snippet":"max-snippet:-1","max-image-preview":"max-image-preview:large","max-video-preview":"max-video-preview:-1"},"canonical":"https:\/\/fjala.info\/2009-2015\/guximi-qytetar-dhe-liria-politike\/","og_locale":"sq_AL","og_type":"article","og_title":"Guximi qytetar dhe liria politike - FjALA e LIR\u00cb - Arkivi","og_description":"nga Bardhyl Mahmuti, 12 Prill 2010 Duke e konsideruar veten si trash\u00ebgimtare e vlerave t\u00eb Greqis\u00eb antike dhe duke u identifikuar me k\u00ebto vlera, historian\u00ebt e mendimit politik t\u00eb per\u00ebndimit nj\u00eb v\u00ebmendje t\u00eb ve\u00e7ant\u00eb i kushtojn\u00eb reformave politik\u00eb q\u00eb mund\u00ebsuan kalimin nga qeverisja tiranike n\u00eb at\u00eb demokratike. P\u00ebrshkrimi i funksionimit t\u00eb institucioneve t\u00eb shtetit t\u00eb [&hellip;]","og_url":"https:\/\/fjala.info\/2009-2015\/guximi-qytetar-dhe-liria-politike\/","og_site_name":"FjALA e LIR\u00cb - Arkivi","article_published_time":"2010-04-12T22:50:36+00:00","og_image":[{"url":"http:\/\/www.shkoder.net\/images\/fjala\/2010\/bardhyl_mahmuti.jpg","type":"","width":"","height":""}],"author":"admin","twitter_card":"summary_large_image","twitter_misc":{"Written by":"admin","Est. reading time":"8 minutes"},"schema":{"@context":"https:\/\/schema.org","@graph":[{"@type":"Article","@id":"https:\/\/fjala.info\/2009-2015\/guximi-qytetar-dhe-liria-politike\/#article","isPartOf":{"@id":"https:\/\/fjala.info\/2009-2015\/guximi-qytetar-dhe-liria-politike\/"},"author":{"name":"admin","@id":"https:\/\/fjala.info\/2009-2015\/#\/schema\/person\/3aa1163ef05469c496fc94e77611ada2"},"headline":"Guximi qytetar dhe liria politike","datePublished":"2010-04-12T22:50:36+00:00","mainEntityOfPage":{"@id":"https:\/\/fjala.info\/2009-2015\/guximi-qytetar-dhe-liria-politike\/"},"wordCount":1668,"commentCount":0,"publisher":{"@id":"https:\/\/fjala.info\/2009-2015\/#organization"},"image":{"@id":"https:\/\/fjala.info\/2009-2015\/guximi-qytetar-dhe-liria-politike\/#primaryimage"},"thumbnailUrl":"http:\/\/www.shkoder.net\/images\/fjala\/2010\/bardhyl_mahmuti.jpg","articleSection":["Artikuj"],"inLanguage":"sq-AL","potentialAction":[{"@type":"CommentAction","name":"Comment","target":["https:\/\/fjala.info\/2009-2015\/guximi-qytetar-dhe-liria-politike\/#respond"]}]},{"@type":"WebPage","@id":"https:\/\/fjala.info\/2009-2015\/guximi-qytetar-dhe-liria-politike\/","url":"https:\/\/fjala.info\/2009-2015\/guximi-qytetar-dhe-liria-politike\/","name":"Guximi qytetar dhe liria politike - FjALA e LIR\u00cb - Arkivi","isPartOf":{"@id":"https:\/\/fjala.info\/2009-2015\/#website"},"primaryImageOfPage":{"@id":"https:\/\/fjala.info\/2009-2015\/guximi-qytetar-dhe-liria-politike\/#primaryimage"},"image":{"@id":"https:\/\/fjala.info\/2009-2015\/guximi-qytetar-dhe-liria-politike\/#primaryimage"},"thumbnailUrl":"http:\/\/www.shkoder.net\/images\/fjala\/2010\/bardhyl_mahmuti.jpg","datePublished":"2010-04-12T22:50:36+00:00","breadcrumb":{"@id":"https:\/\/fjala.info\/2009-2015\/guximi-qytetar-dhe-liria-politike\/#breadcrumb"},"inLanguage":"sq-AL","potentialAction":[{"@type":"ReadAction","target":["https:\/\/fjala.info\/2009-2015\/guximi-qytetar-dhe-liria-politike\/"]}]},{"@type":"ImageObject","inLanguage":"sq-AL","@id":"https:\/\/fjala.info\/2009-2015\/guximi-qytetar-dhe-liria-politike\/#primaryimage","url":"http:\/\/www.shkoder.net\/images\/fjala\/2010\/bardhyl_mahmuti.jpg","contentUrl":"http:\/\/www.shkoder.net\/images\/fjala\/2010\/bardhyl_mahmuti.jpg"},{"@type":"BreadcrumbList","@id":"https:\/\/fjala.info\/2009-2015\/guximi-qytetar-dhe-liria-politike\/#breadcrumb","itemListElement":[{"@type":"ListItem","position":1,"name":"Home","item":"https:\/\/fjala.info\/2009-2015\/"},{"@type":"ListItem","position":2,"name":"Guximi qytetar dhe liria politike"}]},{"@type":"WebSite","@id":"https:\/\/fjala.info\/2009-2015\/#website","url":"https:\/\/fjala.info\/2009-2015\/","name":"FjALA e LIR\u00cb - Arkivi","description":"Arkivi 2009-2015","publisher":{"@id":"https:\/\/fjala.info\/2009-2015\/#organization"},"potentialAction":[{"@type":"SearchAction","target":{"@type":"EntryPoint","urlTemplate":"https:\/\/fjala.info\/2009-2015\/?s={search_term_string}"},"query-input":{"@type":"PropertyValueSpecification","valueRequired":true,"valueName":"search_term_string"}}],"inLanguage":"sq-AL"},{"@type":"Organization","@id":"https:\/\/fjala.info\/2009-2015\/#organization","name":"FjALA e LIR\u00cb - Arkivi","url":"https:\/\/fjala.info\/2009-2015\/","logo":{"@type":"ImageObject","inLanguage":"sq-AL","@id":"https:\/\/fjala.info\/2009-2015\/#\/schema\/logo\/image\/","url":"","contentUrl":"","caption":"FjALA e LIR\u00cb - Arkivi"},"image":{"@id":"https:\/\/fjala.info\/2009-2015\/#\/schema\/logo\/image\/"}},{"@type":"Person","@id":"https:\/\/fjala.info\/2009-2015\/#\/schema\/person\/3aa1163ef05469c496fc94e77611ada2","name":"admin","image":{"@type":"ImageObject","inLanguage":"sq-AL","@id":"https:\/\/fjala.info\/2009-2015\/wp-content\/uploads\/2012\/02\/arben_cokaj-120x150.jpg","url":"https:\/\/fjala.info\/2009-2015\/wp-content\/uploads\/2012\/02\/arben_cokaj-120x150.jpg","contentUrl":"https:\/\/fjala.info\/2009-2015\/wp-content\/uploads\/2012\/02\/arben_cokaj-120x150.jpg","caption":"admin"},"description":"Admin, Fjala e Lir\u00eb","sameAs":["https:\/\/fjala.info\/"],"url":"https:\/\/fjala.info\/2009-2015\/author\/admin\/"}]}},"_links":{"self":[{"href":"https:\/\/fjala.info\/2009-2015\/wp-json\/wp\/v2\/posts\/2197","targetHints":{"allow":["GET"]}}],"collection":[{"href":"https:\/\/fjala.info\/2009-2015\/wp-json\/wp\/v2\/posts"}],"about":[{"href":"https:\/\/fjala.info\/2009-2015\/wp-json\/wp\/v2\/types\/post"}],"author":[{"embeddable":true,"href":"https:\/\/fjala.info\/2009-2015\/wp-json\/wp\/v2\/users\/1"}],"replies":[{"embeddable":true,"href":"https:\/\/fjala.info\/2009-2015\/wp-json\/wp\/v2\/comments?post=2197"}],"version-history":[{"count":0,"href":"https:\/\/fjala.info\/2009-2015\/wp-json\/wp\/v2\/posts\/2197\/revisions"}],"wp:attachment":[{"href":"https:\/\/fjala.info\/2009-2015\/wp-json\/wp\/v2\/media?parent=2197"}],"wp:term":[{"taxonomy":"category","embeddable":true,"href":"https:\/\/fjala.info\/2009-2015\/wp-json\/wp\/v2\/categories?post=2197"},{"taxonomy":"post_tag","embeddable":true,"href":"https:\/\/fjala.info\/2009-2015\/wp-json\/wp\/v2\/tags?post=2197"}],"curies":[{"name":"wp","href":"https:\/\/api.w.org\/{rel}","templated":true}]}}