{"id":2196,"date":"2012-03-16T08:45:54","date_gmt":"2012-03-16T07:45:54","guid":{"rendered":"http:\/\/fjala.shkoder.net\/?p=2196"},"modified":"2012-03-16T08:45:54","modified_gmt":"2012-03-16T07:45:54","slug":"ne-diasporen-shqiptare-synime-te-reja-per-ndryshime","status":"publish","type":"post","link":"https:\/\/fjala.info\/2009-2015\/ne-diasporen-shqiptare-synime-te-reja-per-ndryshime\/","title":{"rendered":"N\u00eb &#8220;Diaspor\u00ebn Shqiptare&#8221; synime t\u00eb reja p\u00ebr ndryshime!"},"content":{"rendered":"<p><img decoding=\"async\" class=\"alignright size-thumbnail wp-image-7236\" title=\"Luan (Asllan) Dibrani\" src=\"http:\/\/www.shkoder.net\/images\/fjala\/asllan_dibrani.jpg\" alt=\"\" width=\"150\" \/> Nga <strong>Luan (Asllan) Dibrani<\/strong><\/p>\n<p>Duke u nisur nga fakti se na nevojitet nj\u00eb koordinim dhe nj\u00eb bashk\u00ebpunim m\u00eb i mir\u00eb e m\u00eb i af\u00ebrt i klubeve, shoqatave dhe shoq\u00ebrive shqiptare n\u00eb Baden-W\u00fcrtenbergut (BW) disa klube dhe shoqata n\u00eb bashk\u00ebpunim e nj\u00ebra tjetr\u00ebn, ka pa t\u00eb nevojshme dhe kan\u00eb propozuar iniciativ\u00ebn e nj\u00eb tubimi pune p\u00ebr t\u00eb gjith\u00eb organizmat e lartsh\u00ebnuar, n\u00eb m\u00ebnyr\u00eb q\u00eb t\u00eb fillojn\u00eb p\u00ebrgatitjet p\u00ebr formimin apo m\u00eb mir\u00eb t\u00eb riaktivizimit t\u00eb Bashk\u00ebsis\u00eb s\u00eb Klubeve, shoq\u00ebrive dhe shoqatave n\u00eb nj\u00eb adres\u00eb t\u00eb veten kudo t\u00eb jen\u00eb n\u00eb mbar\u00ebvajtjen e m\u00ebtutjeshme t\u00eb &#8220;Diaspor\u00ebs Shqiptare&#8221;.<\/p>\n<p>Ministri i Diaspor\u00ebs agjend\u00ebn e vet e ka shpeshtuar n\u00eb ket\u00eb vit, si synim i avancimit t\u00eb ndryshimeve aktuale e zhvillimore t\u00eb ruajtjes se identiteti dhe kultur\u00ebs shqiptare. Dit\u00eb ma par\u00eb Ministri i Diaspor\u00ebs shqiptare morri nj\u00eb turne t\u00eb ngjeshur n\u00eb Gjermani. Nj\u00eb tubim i ngjash\u00ebm u mbajt edhe n\u00eb rrethin e Shtutgard t\u00eb Gjermanis\u00eb n\u00eb ambientet e nj\u00eb lokali n\u00eb Sindefingen, qe ishte si rezultat i nj\u00eb organizimit t\u00eb dy ansh\u00ebm. N\u00eb k\u00ebt\u00eb takim nga Ministria e Diaspor\u00ebs me p\u00ebrfaq\u00ebsuesit e vet dhe ne an\u00ebn tjet\u00ebr e klubeve dhe shoqatave nga Baden-Wurtembergu. T\u00eb pranishmit pos z. Ibrahim Makollit ishin edhe Burim Krasniqi k\u00ebshilltar i ministrit, Ardita Kika, shefe e kabinetit n\u00eb Ministrin\u00eb e Diaspor\u00ebs, Mustaf\u00eb Xhemajli drejtor p\u00ebr politik\u00ebn e m\u00ebrgat\u00ebs, si dhe p\u00ebrfaq\u00ebsuesi e konsullat\u00ebs s\u00eb Kosov\u00ebs Konsulli z. Faket Kajtazi n\u00eb Shtutgard dhe Astrit Zemaj, konsul, n\u00eb Frankfurt etj.<\/p>\n<p style=\"text-align: center;\"><img decoding=\"async\" class=\"aligncenter size-thumbnail wp-image-7236\" title=\"Takim n\u00eb Sindelfingen\" src=\"http:\/\/www.shkoder.net\/2012\/takim_sindelfingen.jpg\" alt=\"\" width=\"450\" \/><em>Pamje nga tubimi n\u00eb Sindelfingen nga ministria e m\u00ebrgat\u00ebs dhe p\u00ebrfaq\u00ebsuesit e klubeve dhe shoqatave<\/em>.<\/p>\n<p>Fjal\u00ebn e rastit e hapi Konsulli Zoti Faket Kajtazi, qe i p\u00ebrsh\u00ebndeti t\u00eb pranishmit dhe theksoj se kam nderin e takimit me zotin minist\u00ebr Ibrahim Makollin, dhe me qytetar\u00ebt tjer\u00eb p\u00ebrfaq\u00ebsues t\u00eb shoqatave dhe klubeve n\u00eb republik\u00ebn e BW, duke i pasqyruar disa rezultate t\u00eb konsult\u00ebs qe i kan\u00eb pasur nga hapja e saj\u00eb deri me tani. U p\u00ebrqendrua edhe n\u00eb organizimin e Diaspor\u00ebs Shqiptare n\u00eb fush\u00ebn e kultur\u00ebs, t\u00eb ballafaqimit t\u00eb m\u00ebrgimtar\u00ebve me dokumentet personale, n\u00eb fush\u00ebn ekonomike dhe nj\u00eb ser\u00eb obligimesh qe i kemi para vet\u00ebs.<\/p>\n<p style=\"text-align: center;\"><img decoding=\"async\" class=\"aligncenter size-thumbnail wp-image-7236\" title=\"Takim n\u00eb Sindelfingen\" src=\"http:\/\/www.shkoder.net\/2012\/takim_sindelfingen_makolli.jpg\" alt=\"\" width=\"450\" \/>\u00a0<em>Ministri p\u00ebr Diaspor\u00eb n\u00eb Republik\u00ebn e Kosov\u00ebs Ibrahim Makolli n\u00eb diskutim i shoq\u00ebruar nga, Mustaf\u00eb Xhemajli, Konsulli z. Faket Kajtazi, n\u00eb Shtutgard, konsull Astrit Zemaj n\u00eb Frankfurt, Burim Krasniqi k\u00ebshilltar dhe Ardita Kika shefe e Kabinetit.<\/em><\/p>\n<p>Pastaj ju dha fjala zotit Makolli me \u00e7&#8217;rast u p\u00ebrqendrua n\u00eb agjend\u00ebn e vet, por edhe tha \u00ebsht\u00eb i treti takim , brenda nj\u00eb kohe qe b\u00ebjm\u00eb n\u00eb Gjermani. Zot\u00ebri Makolli diskutoj shum\u00eb gj\u00ebra me nj\u00eb synim t\u00eb nj\u00eb progresi ndryshimesh. U fokusuar fillimisht n\u00eb kultur\u00eb, arsim dhe ne mbar\u00ebvajtjen e emigracionit n\u00eb biznes dhe bashk\u00ebpunim me Kosov\u00ebn. N\u00eb k\u00ebto lami, por edhe n\u00eb marr\u00ebdh\u00ebniet e mira me shtetin gjerman, ku theksoj se sipas statistik\u00ebs nuk jemi t\u00eb sakt\u00eb, por thuhet se ka shqiptar mbi 400,000, t\u00eb cil\u00ebt i vler\u00ebsoj si shum\u00eb t\u00eb dobish\u00ebm n\u00eb interesin reciprok p\u00ebr t\u00eb dy shtetet.<\/p>\n<p>Zoti Makolli nuk harroj ta p\u00ebrmend edhe rolin e Gjermanis\u00eb n\u00eb periudh\u00ebn e luft\u00ebs, qe mund t\u00eb jet\u00eb si nj\u00eb mir\u00ebnjohje, qe g\u00ebzon ky popull nga populli shqiptar! Ai tha se rend\u00ebsi n\u00eb vete ka ndjekja e m\u00ebsimit plot\u00ebsues dhe e p\u00ebrsh\u00ebndeti k\u00ebt\u00eb takim qe theksoj se diaspora duhet ta k\u00ebt\u00eb nj\u00eb adres\u00eb te caktuar dhe ta kemi, nj\u00eb adrese, ku ne do te kemi si pike organizimi p\u00ebr Gjermanin\u00eb, por nj\u00eb gj\u00eb e ngjashme duhet te b\u00ebhet edhe ne shtetet tjera.<\/p>\n<p>Pas p\u00ebrfundimit t\u00eb diskutimit t\u00eb zotit Ibrahim Makolli fjal\u00ebn e mor\u00ebn p\u00ebrfaq\u00ebsuesit e klubeve dhe shoqatave Skenderbeg Klaiqi, kryetar dhe p\u00ebrfaq\u00ebsuese i &#8220;Bashk\u00ebsis\u00eb Shqiptare&#8221; i cili tha se kemi edhe shoqat\u00ebn &#8220;Skanderbeg&#8221; si shoqate kulturore qe ka mbi 40 an\u00ebtare, por edhe p\u00ebr &#8220;Bashk\u00ebsin\u00eb shqiptare&#8221; kemi nj\u00eb program te sinqert\u00eb. U themelua me 02 korrik 2011 si bashk\u00ebsi n\u00eb vete qe n\u00eb kuadrin e saj jan\u00eb bashkuar me se 25 shoqata dhe klube qe veprojn\u00eb dhe jan\u00eb t\u00eb regjistruara. Ai theksoj se kemi b\u00ebr\u00eb disa projekte qe pretendojm\u00eb t&#8217;i futim n\u00eb veprim n\u00eb t\u00eb ardhmen.<\/p>\n<p>Kemi nj\u00eb projekt t\u00eb nj\u00eb festivali qe shpresojm\u00eb qe do te na ndihmon edhe konsullata dhe nj\u00eb projekt tjet\u00ebr paraqesim, si ide p\u00ebr ti bashkuar shqiptaret si vikendeve \u00e7ka do t\u00eb thot\u00eb me i bashkua familjet shqiptare, por p\u00ebr k\u00ebt\u00eb vit kemi edhe nj\u00eb obligim, p\u00ebr manifestimin e 100 vjetorit t\u00eb shpalljes se pavar\u00ebsis\u00eb s\u00eb Shqip\u00ebris\u00eb. Pastaj Hazir Beqa morri fjal\u00ebn qe foli rreth organizimit t\u00eb shoqat\u00ebs &#8220;Mal\u00ebsia&#8221; foli p\u00ebr rezultatet, qe pat\u00ebn n\u00eb shoqat\u00ebn e vet, por edhe k\u00ebrkoj qe te jen\u00eb projektet n\u00eb fjale si te ve\u00e7anta dhe te mir\u00ebfillta.<\/p>\n<p>Ne radh\u00eb u lajm\u00ebrua Brahim Halimi i cili foli n\u00eb emrin e shoqat\u00ebs &#8220;Isa Boletini&#8221; nga Sindelfingeni me \u00e7&#8217;rast ishte edhe nikoqire e k\u00ebtij takimi. Ai, foli p\u00ebr rezultatet e k\u00ebsaj shoqate, qe pa reshtur ka korr nj\u00eb ser\u00eb aktivitetesh nd\u00ebr shqiptar\u00eb, por edhe me organizmat gjermane. Ai theksoj se shoqata e tyre vepron edhe para lufte qe ka dh\u00ebn\u00eb kontribute t\u00eb ve\u00e7anta ne interesin e luft\u00ebs po edhe t\u00eb kultur\u00ebs qe ka luajtur nj\u00eb rol t\u00eb zyrtar\u00ebve t\u00eb tanish\u00ebm n\u00eb Shtutgard. Kemi punuar edhe me organizata humanitare si\u00e7 ishte &#8220;Diakonishe Werk&#8221; etj.<\/p>\n<p>Zotoi Brahim Halimi vazhdoi me nj\u00eb modesti, qe ti shpalos disa aktivitete qe ne at\u00eb kohe ishin p\u00ebrqendruar n\u00eb dy fusha, ne at\u00eb informative dhe te humanitetit. Ai tha matutje t\u00eb mb\u00ebshtetemi ne kualitet e jo n\u00eb pseudo patriotiz\u00ebm dhe megollamamni qe luajn\u00eb rolin e fryerjes bosh n\u00eb em\u00ebra t\u00eb m\u00ebdhenj pa rezultate vet\u00ebm sa p\u00ebr sy e faqe me dal pran mediave dhe me emra t\u00eb m\u00ebdhenj. Nexhat Gashi nga shoq\u00ebria e akademik\u00ebve shqiptar me emrin &#8220;Dija&#8221; u prononcua gjithashtu ne preokupimet e organizimit ne Munih nga i cili u p\u00ebrpoq t\u00eb shkoqit pengesat, dhe negligjenc\u00ebn e shqiptareve k\u00ebtu n\u00eb Gjermani, foli p\u00ebr shum\u00eb gj\u00ebra qe ka nevoje te kemi nj\u00eb prosperitet ma te shpejt.<\/p>\n<p>Pastaj n\u00eb bised\u00eb u inkuadruar edhe zoti Astrit Zema qe ai tha se nuk do te rrim\u00eb duarkryq, por do t\u00eb veprojm\u00eb ti institucionalizojn\u00eb organizmat tona n\u00eb Bot\u00eb qe edhe jemi te obliguar t\u00eb jemi ne sh\u00ebrbimin e atdheut. T\u00eb jemi n\u00eb bashk\u00ebpunim reciprok. Vazhdoi zoti Zema, ju e dini mir\u00eb se s\u00eb cili nga ne kemi dal\u00eb me nga nj\u00eb \u00e7ant\u00eb n\u00eb dor\u00eb dhe sot ka mbi 5800 student\u00eb n\u00eb Universitetet e Gjermanis\u00eb qe studiojn\u00eb. Ne kemi pas edhe takime te nd\u00ebrher\u00ebshme me afaristet shqiptar, por edhe me t\u00eb huajt qe t\u00eb p\u00ebrjet\u00ebsojm\u00eb pavar\u00ebsin\u00eb e Kosov\u00ebs ne aren\u00ebn nd\u00ebrkomb\u00ebtare qe edhe ato, shtete qe nuk e kane njohur ta njohin sa ma shpejt.<\/p>\n<p>Asllan Dibrani u paraqit nga Lidhja e shkrimtareve dhe artisteve shqiptar\u00eb n\u00eb Gjermani, ku tha se brengat e parafol\u00ebsve i kam edhe un\u00eb, problemet qe i potencuan k\u00ebta i kam edhe un\u00eb, prandaj, por mos me humb koh\u00ebn, po e ceku shkurtazi se ne n\u00eb Lidhjen e shkrimtareve kemi shpesh manifestime, promovim librash, takime kulturore etj. Ai e p\u00ebrg\u00ebzoj zotin Makollin p\u00ebr pun\u00ebn qe \u00ebsht\u00eb duke e kryer, nga momenti i marrjes se mandatit t\u00eb ministrit t\u00eb diaspor\u00ebs. Ai u p\u00ebrqendrua ma tep\u00ebr ne kritiken ndaj qeveris\u00eb qe ne nj\u00ebfar\u00eb m\u00ebnyr\u00eb e kane anashkaluar m\u00ebrgat\u00ebn. Ne kemi probleme n\u00eb shoq\u00ebrin\u00eb shqiptare si problem n\u00eb vete n\u00eb p\u00ebr\u00e7arjen aktuale n\u00eb baza partiake qe k\u00ebtu p\u00ebr fat t\u00eb mir\u00eb nuk paska sot.<\/p>\n<p>Zoti Dibrani u p\u00ebrqendruar se n\u00ebse duam t\u00eb kemi nj\u00eb shoq\u00ebri t\u00eb sh\u00ebndosh\u00eb at\u00ebher\u00eb, partit\u00eb politike t\u00eb shuhen n\u00eb diaspor\u00eb. Fakt n\u00eb vete \u00ebsht\u00eb se parit\u00eb politike n\u00eb Kosov\u00eb dhe nga Qeveria e Kosov\u00ebs e nxisin p\u00ebr\u00e7arjen e diaspor\u00ebs sa qe nuk i mbetet vend as kultur\u00ebs as ekonomis\u00eb. Ato p\u00ebrpiqen tu nx\u00ebn\u00eb frym\u00ebn klubeve dhe shoqatave qe kane synime t\u00eb bashkimit dhe veprimit. Dibrani tha se \u00ebsht\u00eb mire q\u00eb t\u00eb diskutohet edhe p\u00ebr dyshtet\u00ebsin\u00eb m\u00ebrgimtar\u00ebve shqiptar qe po ju mohohet nga organet e Gjermanis\u00eb. Pritja e pun\u00ebtoreve tan\u00eb apo f\u00ebmij\u00ebve tan\u00eb n\u00eb atdhe ne forme3 te organizuar ne pushimet verore apo dim\u00ebrore, mendoj se do ti privilegjojn\u00eb ne dashurin\u00eb ndaj atdheut.<\/p>\n<p>Nga Munihu morri fjal\u00ebn edhe Azem Xhema nga &#8220;Rilindja&#8221; nga Qend\u00ebr kulturore shqiptare, elaboroj p\u00ebr aktivitetet k\u00ebsaj shoqate n\u00eb Munih .Pastaj me nj\u00eb diskutim frytdh\u00ebn\u00ebs fol\u00ebn edhe Qendra Kulturore Shqiptare e Shtutgrdit p\u00ebrfaq\u00ebsues Vitor Spaqi, Tahir Shabani kryetar i shoqate &#8220;Yjet e Kosov\u00ebs nga Emmedingi, Bekim Elshani udh\u00ebheq\u00ebs i &#8220;Beka-Baut&#8221;, Nue Leka nga Gopingeni veprimtar shum\u00eb vje\u00e7ar etj<\/p>\n<p style=\"text-align: center;\"><img decoding=\"async\" class=\"aligncenter size-thumbnail wp-image-7236\" title=\"Takim n\u00eb Sindelfingen\" src=\"http:\/\/www.shkoder.net\/2012\/takim_sindelfingen_dibrani.jpg\" alt=\"\" width=\"450\" \/><em>Paje e Rrahman Ymerit, Asllan Dibranit, dhe Skenderbeg Klaiqi dhe Brahim Halimi i cili foli n\u00eb emrin e shoqat\u00ebs &#8220;Isa Boletini&#8221; nga Sindelfingeni<\/em><\/p>\n<p style=\"text-align: center;\"><img decoding=\"async\" class=\"aligncenter size-thumbnail wp-image-7236\" title=\"Takim n\u00eb Sindelfingen\" src=\"http:\/\/www.shkoder.net\/2012\/takim_sindelfingen_shabani.jpg\" alt=\"\" width=\"450\" \/><em>Pamje e Tahir Shabani kryetar i shoqate &#8220;Yjet e Kosov\u00ebs nga Emmedingi dhe e Nue Leka gjat\u00eb diskutimeve dhe Hasan Hajdari nga klubi &#8220;Kosova&#8221; n\u00eb Singen<\/em><\/p>\n<p style=\"text-align: center;\"><img decoding=\"async\" class=\"aligncenter size-thumbnail wp-image-7236\" title=\"Takim n\u00eb Sindelfingen\" src=\"http:\/\/www.shkoder.net\/2012\/takim_sindelfingen_xhema.jpg\" alt=\"\" width=\"450\" \/><em>Azem Xhema nga &#8220;Rilindja&#8221; nga Qend\u00ebr kulturore shqiptare dhe Nexhat Gashi nga shoq\u00ebria e akademik\u00ebve shqiptar me emrin &#8220;Dija&#8221;<\/em><\/p>\n<p>Ky tubim dha nj\u00eb sinjal shk\u00ebndije qe diaspora shqiptare po nd\u00ebrron veprimtarin\u00eb dhe kursin e vet nga nj\u00eb &#8220;Diaspor\u00eb e p\u00ebr\u00e7ar\u00eb&#8221; n\u00eb baza partiake, rajonale, grupore me rryma ideologjike larg nj\u00ebra tjetr\u00ebs, tani me nj\u00eb program progresiv qe ky lloj organizim i iniciuar nga &#8220;Ministria e Diaspor\u00ebs&#8221; t\u00eb jet\u00eb nj\u00eb shpres\u00eb p\u00ebr emigracionin shqiptar, qe mos t\u00eb mbesin pa p\u00ebrkrahje, t\u00eb p\u00ebrbuzur dhe te harruar qe edhe sot \u00ebsht\u00eb nj\u00eb faktor shum\u00eb me r\u00ebnd\u00ebsi p\u00ebr Kosov\u00ebn, p\u00ebrkund\u00ebr qe ishte qitur n\u00eb pluhurin e harres\u00ebs nga institucionet e Kosove qe 12 vite. Pra prite t\u00eb ket\u00eb ndryshime n\u00eb &#8220;Diasporen Shqiptare&#8221; synime t\u00eb reja!<\/p>\n<p><em>Fotoreportazh nga takimi n\u00eb Sindelfingen 2012<\/em>.<\/p>\n","protected":false},"excerpt":{"rendered":"<p>Nga Luan (Asllan) Dibrani Duke u nisur nga fakti se na nevojitet nj\u00eb koordinim dhe nj\u00eb bashk\u00ebpunim m\u00eb i mir\u00eb e m\u00eb i af\u00ebrt i klubeve, shoqatave dhe shoq\u00ebrive shqiptare n\u00eb Baden-W\u00fcrtenbergut (BW) disa klube dhe shoqata n\u00eb bashk\u00ebpunim e nj\u00ebra tjetr\u00ebn, ka pa t\u00eb nevojshme dhe kan\u00eb propozuar iniciativ\u00ebn e nj\u00eb tubimi pune p\u00ebr [&hellip;]<\/p>\n","protected":false},"author":1,"featured_media":0,"comment_status":"open","ping_status":"closed","sticky":false,"template":"","format":"standard","meta":{"footnotes":""},"categories":[2],"tags":[],"class_list":{"0":"post-2196","1":"post","2":"type-post","3":"status-publish","4":"format-standard","6":"category-artikuj"},"yoast_head":"<!-- This site is optimized with the Yoast SEO plugin v27.4 - https:\/\/yoast.com\/product\/yoast-seo-wordpress\/ -->\n<title>N\u00eb &quot;Diaspor\u00ebn Shqiptare&quot; synime t\u00eb reja p\u00ebr ndryshime! - FjALA e LIR\u00cb - Arkivi<\/title>\n<meta name=\"robots\" content=\"index, follow, max-snippet:-1, max-image-preview:large, max-video-preview:-1\" \/>\n<link rel=\"canonical\" href=\"https:\/\/fjala.info\/2009-2015\/ne-diasporen-shqiptare-synime-te-reja-per-ndryshime\/\" \/>\n<meta property=\"og:locale\" content=\"sq_AL\" \/>\n<meta property=\"og:type\" content=\"article\" \/>\n<meta property=\"og:title\" content=\"N\u00eb &quot;Diaspor\u00ebn Shqiptare&quot; synime t\u00eb reja p\u00ebr ndryshime! - FjALA e LIR\u00cb - Arkivi\" \/>\n<meta property=\"og:description\" content=\"Nga Luan (Asllan) Dibrani Duke u nisur nga fakti se na nevojitet nj\u00eb koordinim dhe nj\u00eb bashk\u00ebpunim m\u00eb i mir\u00eb e m\u00eb i af\u00ebrt i klubeve, shoqatave dhe shoq\u00ebrive shqiptare n\u00eb Baden-W\u00fcrtenbergut (BW) disa klube dhe shoqata n\u00eb bashk\u00ebpunim e nj\u00ebra tjetr\u00ebn, ka pa t\u00eb nevojshme dhe kan\u00eb propozuar iniciativ\u00ebn e nj\u00eb tubimi pune p\u00ebr [&hellip;]\" \/>\n<meta property=\"og:url\" content=\"https:\/\/fjala.info\/2009-2015\/ne-diasporen-shqiptare-synime-te-reja-per-ndryshime\/\" \/>\n<meta property=\"og:site_name\" content=\"FjALA e LIR\u00cb - Arkivi\" \/>\n<meta property=\"article:published_time\" content=\"2012-03-16T07:45:54+00:00\" \/>\n<meta property=\"og:image\" content=\"http:\/\/www.shkoder.net\/images\/fjala\/asllan_dibrani.jpg\" \/>\n<meta name=\"author\" content=\"admin\" \/>\n<meta name=\"twitter:card\" content=\"summary_large_image\" \/>\n<meta name=\"twitter:label1\" content=\"Written by\" \/>\n\t<meta name=\"twitter:data1\" content=\"admin\" \/>\n\t<meta name=\"twitter:label2\" content=\"Est. reading time\" \/>\n\t<meta name=\"twitter:data2\" content=\"9 minutes\" \/>\n<script type=\"application\/ld+json\" class=\"yoast-schema-graph\">{\"@context\":\"https:\\\/\\\/schema.org\",\"@graph\":[{\"@type\":\"Article\",\"@id\":\"https:\\\/\\\/fjala.info\\\/2009-2015\\\/ne-diasporen-shqiptare-synime-te-reja-per-ndryshime\\\/#article\",\"isPartOf\":{\"@id\":\"https:\\\/\\\/fjala.info\\\/2009-2015\\\/ne-diasporen-shqiptare-synime-te-reja-per-ndryshime\\\/\"},\"author\":{\"name\":\"admin\",\"@id\":\"https:\\\/\\\/fjala.info\\\/2009-2015\\\/#\\\/schema\\\/person\\\/3aa1163ef05469c496fc94e77611ada2\"},\"headline\":\"N\u00eb &#8220;Diaspor\u00ebn Shqiptare&#8221; synime t\u00eb reja p\u00ebr ndryshime!\",\"datePublished\":\"2012-03-16T07:45:54+00:00\",\"mainEntityOfPage\":{\"@id\":\"https:\\\/\\\/fjala.info\\\/2009-2015\\\/ne-diasporen-shqiptare-synime-te-reja-per-ndryshime\\\/\"},\"wordCount\":1775,\"commentCount\":0,\"publisher\":{\"@id\":\"https:\\\/\\\/fjala.info\\\/2009-2015\\\/#organization\"},\"image\":{\"@id\":\"https:\\\/\\\/fjala.info\\\/2009-2015\\\/ne-diasporen-shqiptare-synime-te-reja-per-ndryshime\\\/#primaryimage\"},\"thumbnailUrl\":\"http:\\\/\\\/www.shkoder.net\\\/images\\\/fjala\\\/asllan_dibrani.jpg\",\"articleSection\":[\"Artikuj\"],\"inLanguage\":\"sq-AL\",\"potentialAction\":[{\"@type\":\"CommentAction\",\"name\":\"Comment\",\"target\":[\"https:\\\/\\\/fjala.info\\\/2009-2015\\\/ne-diasporen-shqiptare-synime-te-reja-per-ndryshime\\\/#respond\"]}]},{\"@type\":\"WebPage\",\"@id\":\"https:\\\/\\\/fjala.info\\\/2009-2015\\\/ne-diasporen-shqiptare-synime-te-reja-per-ndryshime\\\/\",\"url\":\"https:\\\/\\\/fjala.info\\\/2009-2015\\\/ne-diasporen-shqiptare-synime-te-reja-per-ndryshime\\\/\",\"name\":\"N\u00eb \\\"Diaspor\u00ebn Shqiptare\\\" synime t\u00eb reja p\u00ebr ndryshime! - FjALA e LIR\u00cb - Arkivi\",\"isPartOf\":{\"@id\":\"https:\\\/\\\/fjala.info\\\/2009-2015\\\/#website\"},\"primaryImageOfPage\":{\"@id\":\"https:\\\/\\\/fjala.info\\\/2009-2015\\\/ne-diasporen-shqiptare-synime-te-reja-per-ndryshime\\\/#primaryimage\"},\"image\":{\"@id\":\"https:\\\/\\\/fjala.info\\\/2009-2015\\\/ne-diasporen-shqiptare-synime-te-reja-per-ndryshime\\\/#primaryimage\"},\"thumbnailUrl\":\"http:\\\/\\\/www.shkoder.net\\\/images\\\/fjala\\\/asllan_dibrani.jpg\",\"datePublished\":\"2012-03-16T07:45:54+00:00\",\"breadcrumb\":{\"@id\":\"https:\\\/\\\/fjala.info\\\/2009-2015\\\/ne-diasporen-shqiptare-synime-te-reja-per-ndryshime\\\/#breadcrumb\"},\"inLanguage\":\"sq-AL\",\"potentialAction\":[{\"@type\":\"ReadAction\",\"target\":[\"https:\\\/\\\/fjala.info\\\/2009-2015\\\/ne-diasporen-shqiptare-synime-te-reja-per-ndryshime\\\/\"]}]},{\"@type\":\"ImageObject\",\"inLanguage\":\"sq-AL\",\"@id\":\"https:\\\/\\\/fjala.info\\\/2009-2015\\\/ne-diasporen-shqiptare-synime-te-reja-per-ndryshime\\\/#primaryimage\",\"url\":\"http:\\\/\\\/www.shkoder.net\\\/images\\\/fjala\\\/asllan_dibrani.jpg\",\"contentUrl\":\"http:\\\/\\\/www.shkoder.net\\\/images\\\/fjala\\\/asllan_dibrani.jpg\"},{\"@type\":\"BreadcrumbList\",\"@id\":\"https:\\\/\\\/fjala.info\\\/2009-2015\\\/ne-diasporen-shqiptare-synime-te-reja-per-ndryshime\\\/#breadcrumb\",\"itemListElement\":[{\"@type\":\"ListItem\",\"position\":1,\"name\":\"Home\",\"item\":\"https:\\\/\\\/fjala.info\\\/2009-2015\\\/\"},{\"@type\":\"ListItem\",\"position\":2,\"name\":\"N\u00eb &#8220;Diaspor\u00ebn Shqiptare&#8221; synime t\u00eb reja p\u00ebr ndryshime!\"}]},{\"@type\":\"WebSite\",\"@id\":\"https:\\\/\\\/fjala.info\\\/2009-2015\\\/#website\",\"url\":\"https:\\\/\\\/fjala.info\\\/2009-2015\\\/\",\"name\":\"FjALA e LIR\u00cb - Arkivi\",\"description\":\"Arkivi 2009-2015\",\"publisher\":{\"@id\":\"https:\\\/\\\/fjala.info\\\/2009-2015\\\/#organization\"},\"potentialAction\":[{\"@type\":\"SearchAction\",\"target\":{\"@type\":\"EntryPoint\",\"urlTemplate\":\"https:\\\/\\\/fjala.info\\\/2009-2015\\\/?s={search_term_string}\"},\"query-input\":{\"@type\":\"PropertyValueSpecification\",\"valueRequired\":true,\"valueName\":\"search_term_string\"}}],\"inLanguage\":\"sq-AL\"},{\"@type\":\"Organization\",\"@id\":\"https:\\\/\\\/fjala.info\\\/2009-2015\\\/#organization\",\"name\":\"FjALA e LIR\u00cb - Arkivi\",\"url\":\"https:\\\/\\\/fjala.info\\\/2009-2015\\\/\",\"logo\":{\"@type\":\"ImageObject\",\"inLanguage\":\"sq-AL\",\"@id\":\"https:\\\/\\\/fjala.info\\\/2009-2015\\\/#\\\/schema\\\/logo\\\/image\\\/\",\"url\":\"\",\"contentUrl\":\"\",\"caption\":\"FjALA e LIR\u00cb - Arkivi\"},\"image\":{\"@id\":\"https:\\\/\\\/fjala.info\\\/2009-2015\\\/#\\\/schema\\\/logo\\\/image\\\/\"}},{\"@type\":\"Person\",\"@id\":\"https:\\\/\\\/fjala.info\\\/2009-2015\\\/#\\\/schema\\\/person\\\/3aa1163ef05469c496fc94e77611ada2\",\"name\":\"admin\",\"image\":{\"@type\":\"ImageObject\",\"inLanguage\":\"sq-AL\",\"@id\":\"https:\\\/\\\/fjala.info\\\/2009-2015\\\/wp-content\\\/uploads\\\/2012\\\/02\\\/arben_cokaj-120x150.jpg\",\"url\":\"https:\\\/\\\/fjala.info\\\/2009-2015\\\/wp-content\\\/uploads\\\/2012\\\/02\\\/arben_cokaj-120x150.jpg\",\"contentUrl\":\"https:\\\/\\\/fjala.info\\\/2009-2015\\\/wp-content\\\/uploads\\\/2012\\\/02\\\/arben_cokaj-120x150.jpg\",\"caption\":\"admin\"},\"description\":\"Admin, Fjala e Lir\u00eb\",\"sameAs\":[\"https:\\\/\\\/fjala.info\\\/\"],\"url\":\"https:\\\/\\\/fjala.info\\\/2009-2015\\\/author\\\/admin\\\/\"}]}<\/script>\n<!-- \/ Yoast SEO plugin. -->","yoast_head_json":{"title":"N\u00eb \"Diaspor\u00ebn Shqiptare\" synime t\u00eb reja p\u00ebr ndryshime! - FjALA e LIR\u00cb - Arkivi","robots":{"index":"index","follow":"follow","max-snippet":"max-snippet:-1","max-image-preview":"max-image-preview:large","max-video-preview":"max-video-preview:-1"},"canonical":"https:\/\/fjala.info\/2009-2015\/ne-diasporen-shqiptare-synime-te-reja-per-ndryshime\/","og_locale":"sq_AL","og_type":"article","og_title":"N\u00eb \"Diaspor\u00ebn Shqiptare\" synime t\u00eb reja p\u00ebr ndryshime! - FjALA e LIR\u00cb - Arkivi","og_description":"Nga Luan (Asllan) Dibrani Duke u nisur nga fakti se na nevojitet nj\u00eb koordinim dhe nj\u00eb bashk\u00ebpunim m\u00eb i mir\u00eb e m\u00eb i af\u00ebrt i klubeve, shoqatave dhe shoq\u00ebrive shqiptare n\u00eb Baden-W\u00fcrtenbergut (BW) disa klube dhe shoqata n\u00eb bashk\u00ebpunim e nj\u00ebra tjetr\u00ebn, ka pa t\u00eb nevojshme dhe kan\u00eb propozuar iniciativ\u00ebn e nj\u00eb tubimi pune p\u00ebr [&hellip;]","og_url":"https:\/\/fjala.info\/2009-2015\/ne-diasporen-shqiptare-synime-te-reja-per-ndryshime\/","og_site_name":"FjALA e LIR\u00cb - Arkivi","article_published_time":"2012-03-16T07:45:54+00:00","og_image":[{"url":"http:\/\/www.shkoder.net\/images\/fjala\/asllan_dibrani.jpg","type":"","width":"","height":""}],"author":"admin","twitter_card":"summary_large_image","twitter_misc":{"Written by":"admin","Est. reading time":"9 minutes"},"schema":{"@context":"https:\/\/schema.org","@graph":[{"@type":"Article","@id":"https:\/\/fjala.info\/2009-2015\/ne-diasporen-shqiptare-synime-te-reja-per-ndryshime\/#article","isPartOf":{"@id":"https:\/\/fjala.info\/2009-2015\/ne-diasporen-shqiptare-synime-te-reja-per-ndryshime\/"},"author":{"name":"admin","@id":"https:\/\/fjala.info\/2009-2015\/#\/schema\/person\/3aa1163ef05469c496fc94e77611ada2"},"headline":"N\u00eb &#8220;Diaspor\u00ebn Shqiptare&#8221; synime t\u00eb reja p\u00ebr ndryshime!","datePublished":"2012-03-16T07:45:54+00:00","mainEntityOfPage":{"@id":"https:\/\/fjala.info\/2009-2015\/ne-diasporen-shqiptare-synime-te-reja-per-ndryshime\/"},"wordCount":1775,"commentCount":0,"publisher":{"@id":"https:\/\/fjala.info\/2009-2015\/#organization"},"image":{"@id":"https:\/\/fjala.info\/2009-2015\/ne-diasporen-shqiptare-synime-te-reja-per-ndryshime\/#primaryimage"},"thumbnailUrl":"http:\/\/www.shkoder.net\/images\/fjala\/asllan_dibrani.jpg","articleSection":["Artikuj"],"inLanguage":"sq-AL","potentialAction":[{"@type":"CommentAction","name":"Comment","target":["https:\/\/fjala.info\/2009-2015\/ne-diasporen-shqiptare-synime-te-reja-per-ndryshime\/#respond"]}]},{"@type":"WebPage","@id":"https:\/\/fjala.info\/2009-2015\/ne-diasporen-shqiptare-synime-te-reja-per-ndryshime\/","url":"https:\/\/fjala.info\/2009-2015\/ne-diasporen-shqiptare-synime-te-reja-per-ndryshime\/","name":"N\u00eb \"Diaspor\u00ebn Shqiptare\" synime t\u00eb reja p\u00ebr ndryshime! - FjALA e LIR\u00cb - Arkivi","isPartOf":{"@id":"https:\/\/fjala.info\/2009-2015\/#website"},"primaryImageOfPage":{"@id":"https:\/\/fjala.info\/2009-2015\/ne-diasporen-shqiptare-synime-te-reja-per-ndryshime\/#primaryimage"},"image":{"@id":"https:\/\/fjala.info\/2009-2015\/ne-diasporen-shqiptare-synime-te-reja-per-ndryshime\/#primaryimage"},"thumbnailUrl":"http:\/\/www.shkoder.net\/images\/fjala\/asllan_dibrani.jpg","datePublished":"2012-03-16T07:45:54+00:00","breadcrumb":{"@id":"https:\/\/fjala.info\/2009-2015\/ne-diasporen-shqiptare-synime-te-reja-per-ndryshime\/#breadcrumb"},"inLanguage":"sq-AL","potentialAction":[{"@type":"ReadAction","target":["https:\/\/fjala.info\/2009-2015\/ne-diasporen-shqiptare-synime-te-reja-per-ndryshime\/"]}]},{"@type":"ImageObject","inLanguage":"sq-AL","@id":"https:\/\/fjala.info\/2009-2015\/ne-diasporen-shqiptare-synime-te-reja-per-ndryshime\/#primaryimage","url":"http:\/\/www.shkoder.net\/images\/fjala\/asllan_dibrani.jpg","contentUrl":"http:\/\/www.shkoder.net\/images\/fjala\/asllan_dibrani.jpg"},{"@type":"BreadcrumbList","@id":"https:\/\/fjala.info\/2009-2015\/ne-diasporen-shqiptare-synime-te-reja-per-ndryshime\/#breadcrumb","itemListElement":[{"@type":"ListItem","position":1,"name":"Home","item":"https:\/\/fjala.info\/2009-2015\/"},{"@type":"ListItem","position":2,"name":"N\u00eb &#8220;Diaspor\u00ebn Shqiptare&#8221; synime t\u00eb reja p\u00ebr ndryshime!"}]},{"@type":"WebSite","@id":"https:\/\/fjala.info\/2009-2015\/#website","url":"https:\/\/fjala.info\/2009-2015\/","name":"FjALA e LIR\u00cb - Arkivi","description":"Arkivi 2009-2015","publisher":{"@id":"https:\/\/fjala.info\/2009-2015\/#organization"},"potentialAction":[{"@type":"SearchAction","target":{"@type":"EntryPoint","urlTemplate":"https:\/\/fjala.info\/2009-2015\/?s={search_term_string}"},"query-input":{"@type":"PropertyValueSpecification","valueRequired":true,"valueName":"search_term_string"}}],"inLanguage":"sq-AL"},{"@type":"Organization","@id":"https:\/\/fjala.info\/2009-2015\/#organization","name":"FjALA e LIR\u00cb - Arkivi","url":"https:\/\/fjala.info\/2009-2015\/","logo":{"@type":"ImageObject","inLanguage":"sq-AL","@id":"https:\/\/fjala.info\/2009-2015\/#\/schema\/logo\/image\/","url":"","contentUrl":"","caption":"FjALA e LIR\u00cb - Arkivi"},"image":{"@id":"https:\/\/fjala.info\/2009-2015\/#\/schema\/logo\/image\/"}},{"@type":"Person","@id":"https:\/\/fjala.info\/2009-2015\/#\/schema\/person\/3aa1163ef05469c496fc94e77611ada2","name":"admin","image":{"@type":"ImageObject","inLanguage":"sq-AL","@id":"https:\/\/fjala.info\/2009-2015\/wp-content\/uploads\/2012\/02\/arben_cokaj-120x150.jpg","url":"https:\/\/fjala.info\/2009-2015\/wp-content\/uploads\/2012\/02\/arben_cokaj-120x150.jpg","contentUrl":"https:\/\/fjala.info\/2009-2015\/wp-content\/uploads\/2012\/02\/arben_cokaj-120x150.jpg","caption":"admin"},"description":"Admin, Fjala e Lir\u00eb","sameAs":["https:\/\/fjala.info\/"],"url":"https:\/\/fjala.info\/2009-2015\/author\/admin\/"}]}},"_links":{"self":[{"href":"https:\/\/fjala.info\/2009-2015\/wp-json\/wp\/v2\/posts\/2196","targetHints":{"allow":["GET"]}}],"collection":[{"href":"https:\/\/fjala.info\/2009-2015\/wp-json\/wp\/v2\/posts"}],"about":[{"href":"https:\/\/fjala.info\/2009-2015\/wp-json\/wp\/v2\/types\/post"}],"author":[{"embeddable":true,"href":"https:\/\/fjala.info\/2009-2015\/wp-json\/wp\/v2\/users\/1"}],"replies":[{"embeddable":true,"href":"https:\/\/fjala.info\/2009-2015\/wp-json\/wp\/v2\/comments?post=2196"}],"version-history":[{"count":0,"href":"https:\/\/fjala.info\/2009-2015\/wp-json\/wp\/v2\/posts\/2196\/revisions"}],"wp:attachment":[{"href":"https:\/\/fjala.info\/2009-2015\/wp-json\/wp\/v2\/media?parent=2196"}],"wp:term":[{"taxonomy":"category","embeddable":true,"href":"https:\/\/fjala.info\/2009-2015\/wp-json\/wp\/v2\/categories?post=2196"},{"taxonomy":"post_tag","embeddable":true,"href":"https:\/\/fjala.info\/2009-2015\/wp-json\/wp\/v2\/tags?post=2196"}],"curies":[{"name":"wp","href":"https:\/\/api.w.org\/{rel}","templated":true}]}}